{"id":4945,"date":"2016-04-20T13:55:41","date_gmt":"2016-04-20T12:55:41","guid":{"rendered":"http:\/\/www.proantic.com\/magazine\/?p=4945"},"modified":"2016-05-28T13:14:37","modified_gmt":"2016-05-28T12:14:37","slug":"louis-xv-a-fontainebleau-la-demeure-des-rois-au-temps-des-lumieres","status":"publish","type":"post","link":"https:\/\/www.proantic.com\/magazine\/louis-xv-a-fontainebleau-la-demeure-des-rois-au-temps-des-lumieres\/","title":{"rendered":"Louis xv \u00e0 fontainebleau, \u201cla demeure des rois\u201d au temps des lumi\u00e8res"},"content":{"rendered":"<p><strong>L\u2019exposition se propose jusqu&rsquo;au 4 juillet 2016 de faire revivre ce temps fort et paradoxalement m\u00e9connu de l\u2019histoire du ch\u00e2teau.<\/strong> Un ensemble d\u2019environ 140 \u0153uvres, tableaux, dessins, meubles, objets d\u2019art, porcelaines, costumes et manuscrits, sortis des collections du ch\u00e2teau ou emprunt\u00e9s dans des collections fran\u00e7aises et \u00e9trang\u00e8res, publiques et priv\u00e9es, permettra d\u2019illustrer ce que fut le Fontainebleau de Louis XV.<\/p>\n<figure id=\"attachment_4963\" aria-describedby=\"caption-attachment-4963\" style=\"width: 458px\" class=\"wp-caption aligncenter\"><a href=\"https:\/\/i0.wp.com\/www.proantic.com\/magazine\/wp-content\/uploads\/2016\/04\/jko.png\" rel=\"attachment wp-att-4963\"><img data-recalc-dims=\"1\" loading=\"lazy\" decoding=\"async\" data-attachment-id=\"4963\" data-permalink=\"https:\/\/www.proantic.com\/magazine\/louis-xv-a-fontainebleau-la-demeure-des-rois-au-temps-des-lumieres\/jko-2\/\" data-orig-file=\"https:\/\/i0.wp.com\/www.proantic.com\/magazine\/wp-content\/uploads\/2016\/04\/jko.png?fit=458%2C352&amp;ssl=1\" data-orig-size=\"458,352\" data-comments-opened=\"1\" data-image-meta=\"{&quot;aperture&quot;:&quot;0&quot;,&quot;credit&quot;:&quot;&quot;,&quot;camera&quot;:&quot;&quot;,&quot;caption&quot;:&quot;&quot;,&quot;created_timestamp&quot;:&quot;0&quot;,&quot;copyright&quot;:&quot;&quot;,&quot;focal_length&quot;:&quot;0&quot;,&quot;iso&quot;:&quot;0&quot;,&quot;shutter_speed&quot;:&quot;0&quot;,&quot;title&quot;:&quot;&quot;,&quot;orientation&quot;:&quot;0&quot;}\" data-image-title=\"Jean-Baptiste Oudry (1686-1755), Les Chasses de Louis XV\" data-image-description=\"\" data-image-caption=\"&lt;p&gt;Jean-Baptiste Oudry (1686-1755), Les Chasses de Louis XV \u00a9 RMN (ch\u00e2teau de Fontainebleau) \/ G\u00e9rard Blot&lt;\/p&gt;\n\" data-medium-file=\"https:\/\/i0.wp.com\/www.proantic.com\/magazine\/wp-content\/uploads\/2016\/04\/jko.png?fit=300%2C231&amp;ssl=1\" data-large-file=\"https:\/\/i0.wp.com\/www.proantic.com\/magazine\/wp-content\/uploads\/2016\/04\/jko.png?fit=458%2C352&amp;ssl=1\" class=\"size-full wp-image-4963\" src=\"https:\/\/i0.wp.com\/www.proantic.com\/magazine\/wp-content\/uploads\/2016\/04\/jko.png?resize=458%2C352\" alt=\"Jean-Baptiste Oudry (1686-1755), Les Chasses de Louis XV \u00a9 RMN (ch\u00e2teau de Fontainebleau) \/ G\u00e9rard Blot\" width=\"458\" height=\"352\" srcset=\"https:\/\/i0.wp.com\/www.proantic.com\/magazine\/wp-content\/uploads\/2016\/04\/jko.png?w=458&amp;ssl=1 458w, https:\/\/i0.wp.com\/www.proantic.com\/magazine\/wp-content\/uploads\/2016\/04\/jko.png?resize=300%2C231&amp;ssl=1 300w\" sizes=\"auto, (max-width: 458px) 100vw, 458px\" \/><\/a><figcaption id=\"caption-attachment-4963\" class=\"wp-caption-text\">Jean-Baptiste Oudry (1686-1755), Les Chasses de Louis XV \u00a9 RMN (ch\u00e2teau de Fontainebleau) \/ G\u00e9rard Blot<\/figcaption><\/figure>\n<p>L\u2019exposition prendra place dans la salle de la Belle chemin\u00e9e, espace de 400 m\u00e8tres carr\u00e9s situ\u00e9 au premier \u00e9tage du ch\u00e2teau, et se poursuivra dans l\u2019appartement des Chasses, o\u00f9 sont conserv\u00e9s les cartons peints par Jean-Baptiste Oudry pour la fameuse tenture des Chasses de Louis XV. Deux salles de cet appartement, exceptionnellement ouvertes au public, abriteront pendant le temps de l\u2019exposition des \u0153uvres illustrant la v\u00e9nerie au temps de Louis XV. L\u2019exposition sera compl\u00e9t\u00e9e par unparcours au sein du ch\u00e2teau signalant les grands ensembles d\u00e9coratifs cr\u00e9\u00e9s \u00e0 l\u2019initiative du roi. Ainsi, c\u2019est toute la vie du ch\u00e2teau au si\u00e8cle des Lumi\u00e8res qui pourra \u00eatre \u00e9voqu\u00e9e et appara\u00eetre comme un moment privil\u00e9gi\u00e9 de l\u2019histoire de cette r\u00e9sidence royale. Exposition pr\u00e9sent\u00e9e dans la salle de la Belle Chemin\u00e9e et dans l\u2019appartement des Chasses. Catalogue aux \u00e9ditions de la RMN-GP disponible \u00e0 la librairie du ch\u00e2teau<\/p>\n<figure id=\"attachment_4961\" aria-describedby=\"caption-attachment-4961\" style=\"width: 536px\" class=\"wp-caption aligncenter\"><a href=\"https:\/\/i0.wp.com\/www.proantic.com\/magazine\/wp-content\/uploads\/2016\/04\/Tabatiere_gallery_carroussel.jpg\" rel=\"attachment wp-att-4961\"><img data-recalc-dims=\"1\" loading=\"lazy\" decoding=\"async\" data-attachment-id=\"4961\" data-permalink=\"https:\/\/www.proantic.com\/magazine\/louis-xv-a-fontainebleau-la-demeure-des-rois-au-temps-des-lumieres\/tabatiere_gallery_carroussel\/\" data-orig-file=\"https:\/\/i0.wp.com\/www.proantic.com\/magazine\/wp-content\/uploads\/2016\/04\/Tabatiere_gallery_carroussel.jpg?fit=536%2C430&amp;ssl=1\" data-orig-size=\"536,430\" data-comments-opened=\"1\" data-image-meta=\"{&quot;aperture&quot;:&quot;0&quot;,&quot;credit&quot;:&quot;&quot;,&quot;camera&quot;:&quot;&quot;,&quot;caption&quot;:&quot;&quot;,&quot;created_timestamp&quot;:&quot;0&quot;,&quot;copyright&quot;:&quot;\\u00a9 RMN - Grand Palais (Mus\\u00e9e du Louvre) - Droits r\\u00e9serv\\u00e9s&quot;,&quot;focal_length&quot;:&quot;0&quot;,&quot;iso&quot;:&quot;0&quot;,&quot;shutter_speed&quot;:&quot;0&quot;,&quot;title&quot;:&quot;&quot;,&quot;orientation&quot;:&quot;1&quot;}\" data-image-title=\"Daniel Govaers, Tabati\u00e8re\" data-image-description=\"\" data-image-caption=\"&lt;p&gt;Daniel Govaers, Tabati\u00e8re avec&lt;br \/&gt;\nles portraits de Marie Leszcynska et&lt;br \/&gt;\nde Louis XV \u00a9 RMN-Grand Palais&lt;\/p&gt;\n\" data-medium-file=\"https:\/\/i0.wp.com\/www.proantic.com\/magazine\/wp-content\/uploads\/2016\/04\/Tabatiere_gallery_carroussel.jpg?fit=300%2C241&amp;ssl=1\" data-large-file=\"https:\/\/i0.wp.com\/www.proantic.com\/magazine\/wp-content\/uploads\/2016\/04\/Tabatiere_gallery_carroussel.jpg?fit=536%2C430&amp;ssl=1\" class=\"size-full wp-image-4961\" src=\"https:\/\/i0.wp.com\/www.proantic.com\/magazine\/wp-content\/uploads\/2016\/04\/Tabatiere_gallery_carroussel.jpg?resize=536%2C430\" alt=\"Daniel Govaers, Tabati\u00e8re avec les portraits de Marie Leszcynska et de Louis XV \u00a9 RMN-Grand Palais\" width=\"536\" height=\"430\" srcset=\"https:\/\/i0.wp.com\/www.proantic.com\/magazine\/wp-content\/uploads\/2016\/04\/Tabatiere_gallery_carroussel.jpg?w=536&amp;ssl=1 536w, https:\/\/i0.wp.com\/www.proantic.com\/magazine\/wp-content\/uploads\/2016\/04\/Tabatiere_gallery_carroussel.jpg?resize=300%2C241&amp;ssl=1 300w\" sizes=\"auto, (max-width: 536px) 100vw, 536px\" \/><\/a><figcaption id=\"caption-attachment-4961\" class=\"wp-caption-text\">Daniel Govaers, Tabati\u00e8re avec<br \/>les portraits de Marie Leszcynska et<br \/>de Louis XV \u00a9 RMN-Grand Palais<\/figcaption><\/figure>\n<p><strong>Parcours de l\u2019exposition <\/strong><\/p>\n<p>La pr\u00e9dilection des rois Bourbons pour Fontainebleau ne devait jamais se d\u00e9mentir jusqu\u2019\u00e0 la R\u00e9volution. Louis XV, durant son long r\u00e8gne (1715-1774), fr\u00e9quenta assid\u00fbment le ch\u00e2teau chaque automne, pour s\u2019adonner au plaisir de la chasse qui prit chez lui la forme d\u2019une passion d\u00e9vorante. Il y \u00e9tait venu adolescent pour la premi\u00e8re fois en 1724, s\u2019y \u00e9tait mari\u00e9 avec Marie Leszczinska l\u2019ann\u00e9e suivante et devait y s\u00e9journer pour la derni\u00e8re fois en octobre-novembre 1773, soit six mois avant sa mort. un ch\u00e2teau de chasse et de d\u00e9tente Louis XV fait perdurer la tradition de v\u00e9nerie, tr\u00e8s appr\u00e9ci\u00e9e par son arri\u00e8re-grandp\u00e8re Louis XIV, et Fontainebleau demeure, \u00e0 l\u2019automne, la r\u00e9sidence des s\u00e9jours de chasse.<\/p>\n<figure id=\"attachment_4964\" aria-describedby=\"caption-attachment-4964\" style=\"width: 600px\" class=\"wp-caption aligncenter\"><a href=\"https:\/\/i0.wp.com\/www.proantic.com\/magazine\/wp-content\/uploads\/2016\/04\/Table-console-dite-table-des-chasses-de-Louis-XV_gallery_carroussel.jpg\" rel=\"attachment wp-att-4964\"><img data-recalc-dims=\"1\" loading=\"lazy\" decoding=\"async\" data-attachment-id=\"4964\" data-permalink=\"https:\/\/www.proantic.com\/magazine\/louis-xv-a-fontainebleau-la-demeure-des-rois-au-temps-des-lumieres\/table-console-dite-table-des-chasses-de-louis-xv_gallery_carroussel\/\" data-orig-file=\"https:\/\/i0.wp.com\/www.proantic.com\/magazine\/wp-content\/uploads\/2016\/04\/Table-console-dite-table-des-chasses-de-Louis-XV_gallery_carroussel.jpg?fit=600%2C393&amp;ssl=1\" data-orig-size=\"600,393\" data-comments-opened=\"1\" data-image-meta=\"{&quot;aperture&quot;:&quot;0&quot;,&quot;credit&quot;:&quot;&quot;,&quot;camera&quot;:&quot;&quot;,&quot;caption&quot;:&quot;&quot;,&quot;created_timestamp&quot;:&quot;0&quot;,&quot;copyright&quot;:&quot;\\u00a9 Photo RMN - G\\u00e9rard Blot&quot;,&quot;focal_length&quot;:&quot;0&quot;,&quot;iso&quot;:&quot;0&quot;,&quot;shutter_speed&quot;:&quot;0&quot;,&quot;title&quot;:&quot;&quot;,&quot;orientation&quot;:&quot;1&quot;}\" data-image-title=\"Table-console, dite \u00ab\u00a0table des chasses \u00a0\u00bb de Louis XV\" data-image-description=\"\" data-image-caption=\"&lt;p&gt;Table-console, dite \u00ab\u00a0table des chasses \u00a0\u00bb de Louis XV&lt;br \/&gt;\n\u00a9 RMN-Grand Palais (Ch\u00e2teau de Versailles) \/ G\u00e9rard Blot&lt;\/p&gt;\n\" data-medium-file=\"https:\/\/i0.wp.com\/www.proantic.com\/magazine\/wp-content\/uploads\/2016\/04\/Table-console-dite-table-des-chasses-de-Louis-XV_gallery_carroussel.jpg?fit=300%2C197&amp;ssl=1\" data-large-file=\"https:\/\/i0.wp.com\/www.proantic.com\/magazine\/wp-content\/uploads\/2016\/04\/Table-console-dite-table-des-chasses-de-Louis-XV_gallery_carroussel.jpg?fit=600%2C393&amp;ssl=1\" class=\"size-full wp-image-4964\" src=\"https:\/\/i0.wp.com\/www.proantic.com\/magazine\/wp-content\/uploads\/2016\/04\/Table-console-dite-table-des-chasses-de-Louis-XV_gallery_carroussel.jpg?resize=600%2C393\" alt=\"Table-console, dite &quot;table des chasses &quot; de Louis XV \u00a9 RMN-Grand Palais (Ch\u00e2teau de Versailles) \/ G\u00e9rard Blot\" width=\"600\" height=\"393\" srcset=\"https:\/\/i0.wp.com\/www.proantic.com\/magazine\/wp-content\/uploads\/2016\/04\/Table-console-dite-table-des-chasses-de-Louis-XV_gallery_carroussel.jpg?w=600&amp;ssl=1 600w, https:\/\/i0.wp.com\/www.proantic.com\/magazine\/wp-content\/uploads\/2016\/04\/Table-console-dite-table-des-chasses-de-Louis-XV_gallery_carroussel.jpg?resize=300%2C197&amp;ssl=1 300w, https:\/\/i0.wp.com\/www.proantic.com\/magazine\/wp-content\/uploads\/2016\/04\/Table-console-dite-table-des-chasses-de-Louis-XV_gallery_carroussel.jpg?resize=230%2C150&amp;ssl=1 230w\" sizes=\"auto, (max-width: 600px) 100vw, 600px\" \/><\/a><figcaption id=\"caption-attachment-4964\" class=\"wp-caption-text\">Table-console, dite \u00ab\u00a0table des chasses \u00a0\u00bb de Louis XV<br \/>\u00a9 RMN-Grand Palais (Ch\u00e2teau de Versailles) \/ G\u00e9rard Blot<\/figcaption><\/figure>\n<p>Passionn\u00e9 depuis l\u2019adolescence par la v\u00e9nerie, c\u2019est en for\u00eat bellifontaine que le roi court son premier cerf \u00e0 l\u2019\u00e2ge de 14 ans lors de son premier s\u00e9jour au ch\u00e2teau. La chasse est un loisir qui permet d\u2019\u00e9chapper \u00e0 la monotonie de la vie de cour et qui est r\u00e9put\u00e9 b\u00e9n\u00e9fique, tant pour la sant\u00e9 que pour la r\u00e9gulation des populations de gibiers. Le jeune Louis XV chasse au minimum trois fois par semaine dans la lande de bruy\u00e8res et de \u201crochers d\u00e9nud\u00e9s\u201d que d\u00e9crit l\u2019architecte Simon-Louis du Ry en 1750. Bien qu\u2019on estime \u00e0 6 400 le nombre de cerfs forc\u00e9s par le roi de 1743 \u00e0 1774, le surpeuplement animal, entretenu par la monarchie, d\u00e9foreste le paysage bellifontain. Louis XV participe \u00e0 de grandes op\u00e9rations de replantage de feuillus, soit 5 000 hectares entre 1720 et 1795.<\/p>\n<figure id=\"attachment_4965\" aria-describedby=\"caption-attachment-4965\" style=\"width: 600px\" class=\"wp-caption aligncenter\"><a href=\"https:\/\/i0.wp.com\/www.proantic.com\/magazine\/wp-content\/uploads\/2016\/04\/Paravent-representant-les-chateaux-de-Fontainebleau-et-de-Versailles-sous-le-regne-de-Louis-XV_gallery_carroussel.jpg\" rel=\"attachment wp-att-4965\"><img data-recalc-dims=\"1\" loading=\"lazy\" decoding=\"async\" data-attachment-id=\"4965\" data-permalink=\"https:\/\/www.proantic.com\/magazine\/louis-xv-a-fontainebleau-la-demeure-des-rois-au-temps-des-lumieres\/paravent-representant-les-chateaux-de-fontainebleau-et-de-versailles-sous-le-regne-de-louis-xv_gallery_carroussel\/\" data-orig-file=\"https:\/\/i0.wp.com\/www.proantic.com\/magazine\/wp-content\/uploads\/2016\/04\/Paravent-representant-les-chateaux-de-Fontainebleau-et-de-Versailles-sous-le-regne-de-Louis-XV_gallery_carroussel.jpg?fit=600%2C350&amp;ssl=1\" data-orig-size=\"600,350\" data-comments-opened=\"1\" data-image-meta=\"{&quot;aperture&quot;:&quot;0&quot;,&quot;credit&quot;:&quot;&quot;,&quot;camera&quot;:&quot;&quot;,&quot;caption&quot;:&quot;&quot;,&quot;created_timestamp&quot;:&quot;1448474947&quot;,&quot;copyright&quot;:&quot;&quot;,&quot;focal_length&quot;:&quot;0&quot;,&quot;iso&quot;:&quot;0&quot;,&quot;shutter_speed&quot;:&quot;0&quot;,&quot;title&quot;:&quot;&quot;,&quot;orientation&quot;:&quot;1&quot;}\" data-image-title=\"Paravent repr\u00e9sentant les ch\u00e2teaux de Fontainebleau\" data-image-description=\"\" data-image-caption=\"&lt;p&gt;Paravent repr\u00e9sentant les ch\u00e2teaux de Fontainebleau et de Versailles sous le r\u00e8gne de Louis XV&lt;br \/&gt;\n\u00c9cole fran\u00e7aise du XVIIIe si\u00e8cle&lt;br \/&gt;\n\u00a9 Fran\u00e7ois Doury&lt;\/p&gt;\n\" data-medium-file=\"https:\/\/i0.wp.com\/www.proantic.com\/magazine\/wp-content\/uploads\/2016\/04\/Paravent-representant-les-chateaux-de-Fontainebleau-et-de-Versailles-sous-le-regne-de-Louis-XV_gallery_carroussel.jpg?fit=300%2C175&amp;ssl=1\" data-large-file=\"https:\/\/i0.wp.com\/www.proantic.com\/magazine\/wp-content\/uploads\/2016\/04\/Paravent-representant-les-chateaux-de-Fontainebleau-et-de-Versailles-sous-le-regne-de-Louis-XV_gallery_carroussel.jpg?fit=600%2C350&amp;ssl=1\" class=\"size-full wp-image-4965\" src=\"https:\/\/i0.wp.com\/www.proantic.com\/magazine\/wp-content\/uploads\/2016\/04\/Paravent-representant-les-chateaux-de-Fontainebleau-et-de-Versailles-sous-le-regne-de-Louis-XV_gallery_carroussel.jpg?resize=600%2C350\" alt=\"Paravent repr\u00e9sentant les ch\u00e2teaux de Fontainebleau et de Versailles sous le r\u00e8gne de Louis XV \u00c9cole fran\u00e7aise du XVIIIe si\u00e8cle \u00a9 Fran\u00e7ois Doury\" width=\"600\" height=\"350\" srcset=\"https:\/\/i0.wp.com\/www.proantic.com\/magazine\/wp-content\/uploads\/2016\/04\/Paravent-representant-les-chateaux-de-Fontainebleau-et-de-Versailles-sous-le-regne-de-Louis-XV_gallery_carroussel.jpg?w=600&amp;ssl=1 600w, https:\/\/i0.wp.com\/www.proantic.com\/magazine\/wp-content\/uploads\/2016\/04\/Paravent-representant-les-chateaux-de-Fontainebleau-et-de-Versailles-sous-le-regne-de-Louis-XV_gallery_carroussel.jpg?resize=300%2C175&amp;ssl=1 300w\" sizes=\"auto, (max-width: 600px) 100vw, 600px\" \/><\/a><figcaption id=\"caption-attachment-4965\" class=\"wp-caption-text\">Paravent repr\u00e9sentant les ch\u00e2teaux de Fontainebleau et de Versailles sous le r\u00e8gne de Louis XV<br \/>\u00c9cole fran\u00e7aise du XVIIIe si\u00e8cle<br \/>\u00a9 Fran\u00e7ois Doury<\/figcaption><\/figure>\n<p>Chasses, promenades, jeux et spectacles rythment les s\u00e9jours de la cour. Le ch\u00e2teau offre une intense activit\u00e9 th\u00e9\u00e2trale. D\u00e8s les ann\u00e9es 1750, com\u00e9diens fran\u00e7ais et italiens s\u2019y retrouvent. Ainsi, la premi\u00e8re repr\u00e9sentation du Devin de village de Jean-Jacques Rousseau a lieu en pr\u00e9sence de l\u2019auteur, le 18 octobre 1752. En 1754, la salle de th\u00e9\u00e2tre est r\u00e9nov\u00e9e et accueille par exemple Dardanus, Castor et Pollux de Jean-Philippe Rameau en 1763. Cr\u00e9\u00e9e \u00e0 Fontainebleau en 1771, la com\u00e9die de Gr\u00e9try, Z\u00e9mire et Azor, remporte un franc succ\u00e8s.<\/p>\n<p><iframe loading=\"lazy\" src=\"https:\/\/www.youtube.com\/embed\/esy3tWflqys\" width=\"560\" height=\"315\" frameborder=\"0\" allowfullscreen=\"allowfullscreen\"><\/iframe><\/p>\n<p><strong>Joies et peines de louis xv<\/strong><\/p>\n<p>Les rois de France profitent d\u2019un l\u00e9ger rel\u00e2chement de l\u2019\u00e9tiquette \u00e0 Fontainebleau pour y recevoir certaines visites diplomatiques de souverains \u00e9trangers ou encore profiter du voyage pour aller au-devant de nouvelles princesses \u00e0 accueillir, juste avant les mariages. Pendant la minorit\u00e9 du roi Louis XV, le tsar Pierre le Grand est aussi re\u00e7u \u00e0 Fontainebleau par le R\u00e9gent, les 30 et 31 mai 1717. Le 27 octobre 1743, un trait\u00e9 d\u2019alliance secret est sign\u00e9 entre la France et l\u2019Espagne. \u00c0 l\u2019automne 1768, le roi Christian VII de Danemark y s\u00e9journe.<\/p>\n<p>S\u00e9jour de chasse pour le roi, Fontainebleau est pour la reine Marie Leszcinska l\u2019occasion de s\u2019adonner \u00e0 la pratique de ses activit\u00e9s favorites : dessin, peinture, musique, lecture, exercices de pi\u00e9t\u00e9. Le ch\u00e2teau, \u201cmaison de famille\u201d des souverains, conserve la m\u00e9moire d\u2019un tr\u00e8s grand nombre d\u2019\u00e9v\u00e9nements, heureux ou malheureux, qui se d\u00e9roul\u00e8rent dans ses murs plusieurs fois centenaires. C\u2019est dans la chapelle du ch\u00e2teau que Louis XV se maria en 1725, c\u2019est l\u00e0 \u00e9galement que furent n\u00e9goci\u00e9s, en 1762, les pr\u00e9liminaires de paix qui mirent fin \u00e0 la guerre de Sept ans. C\u2019est l\u00e0 encore que mourut, \u00e0 l\u2019\u00e2ge de trentesix ans, son fils unique, le dauphin Louis-Ferdinand, le 20 d\u00e9cembre 1765.<\/p>\n<p><strong>Louis xv et marie leszcynska \u00e0 fontainebleau <\/strong><\/p>\n<p>Rien ne pr\u00e9disposait la jeune princesse polonaise de 22 ans \u00e0 \u00e9pouser l\u2019h\u00e9ritier du tr\u00f4ne de France &#8211; de sept ann\u00e9es son cadet &#8211; promis \u00e0 l\u2019infante d\u2019Espagne. La n\u00e9cessit\u00e9 de donner rapidement une descendance au jeune Louis XV conduit le duc de Bourbon, \u00e0 renoncer \u00e0 l\u2019alliance avec les Espagnols. Louis XV et Marie Leszcinska se rencontrent pour la premi\u00e8re fois pr\u00e8s de Moret-sur-Loing. Le lendemain, le 5 septembre 1725, le mariage est c\u00e9l\u00e9br\u00e9 dans la chapelle de la Trinit\u00e9 du ch\u00e2teau de Fontainebleau. Les m\u00e9morialistes rapportent que la reine, par\u00e9e comme une ch\u00e2sse, manque s\u2019\u00e9vanouir sous le poids de ses ornements sertis des joyaux de la couronne. Un festin est donn\u00e9 dans son antichambre, des com\u00e9dies de Moli\u00e8re &#8211; il \u00e9tait venu au ch\u00e2teau de Fontainebleau en 1661 &#8211; dans la salle de la Belle-Chemin\u00e9e, un souper dans la salle de Bal. Les trois jours de festivit\u00e9s ordonn\u00e9es, auxquelles assiste le jeune Voltaire, s\u2019ach\u00e8vent par un feu d\u2019artifice, imagin\u00e9 par Berain. Huit filles et deux gar\u00e7ons naissent de l\u2019union de Louis et de Marie, dont un seul fils survit \u00e0 l\u2019\u00e2ge adulte.<\/p>\n<p><strong>La mort du dauphin de France<\/strong><\/p>\n<p>Le 20 d\u00e9cembre 1765 survient, \u00e0 Fontainebleau, la mort de Louis-Ferdinand, dauphin de France. Il est le fils du roi Louis XV et p\u00e8re des futurs Louis XVI, Louis XVIII et Charles X. Son agonie dure 37 jours, durant lesquels il regrette de retenir la famille royale loin de Versailles. Il s\u2019\u00e9teint \u00e0 36 ans de la tuberculose, dans ses appartements de la cour Ovale du ch\u00e2teau.<\/p>\n<p><strong>Remodeler le ch\u00e2teau <\/strong><\/p>\n<p>Ce demi-si\u00e8cle de pr\u00e9sence r\u00e9guli\u00e8re du roi et de la cour fut marqu\u00e9 par d\u2019ambitieux projets architecturaux, port\u00e9s successivement par Robert de Cotte, Jacques V Gabriel et son fils Ange-Jacques Gabriel et dont la r\u00e9alisation partielle modifia sensiblement la physionomie du ch\u00e2teau.<\/p>\n<p><strong>Architecture <\/strong><\/p>\n<p>Louis XV a cherch\u00e9 \u00e0 donner davantage d\u2019espace et d\u2019aise \u00e0 une cour de plus en plus imposante. \u00c0 l\u2019est de la galerie des Cerfs, le cabinet Gabriel p\u00e8re et fils fait \u00e9difier une nouvelle aile fermant la cour des Princes (1737 &#8211; 1738). L\u2019aile de la galerie d\u2019Ulysse, dans la cour du Cheval blanc &#8211; aujourd\u2019hui cour d\u2019Honneur &#8211; est progressivement d\u00e9truite et remplac\u00e9e par une architecture de briques et de pierres (1739 &#8211; 1740 ; 1773 &#8211; 1774). Ce nouveau b\u00e2timent a pour unique fonction d\u2019offrir de nouveaux logements \u00e0 la cour du roi. Sur la Cour de la Fontaine et l\u2019\u00e9tang des Carpes, Ange-Jacques Gabriel fait raser le pavillon des Po\u00eales pour y construire le Gros Pavillon, dont la simplicit\u00e9 des lignes architecturales est inspir\u00e9e par Versailles.<\/p>\n<p>Une salle de com\u00e9die est cr\u00e9\u00e9e en 1754 au premier \u00e9tage de l\u2019aile de la Belle chemin\u00e9e. Ces travaux d\u2019embellissement remettent au go\u00fbt du jour des d\u00e9cors du ch\u00e2teau.<\/p>\n<p><strong>D\u00e9cor int\u00e9rieur <\/strong><\/p>\n<p>Dans le domaine du d\u00e9cor int\u00e9rieur, les cr\u00e9ations furent extr\u00eamement nombreuses depuis le th\u00e9\u00e2tre \u201crocaille\u201d de la Belle chemin\u00e9e, cr\u00e9\u00e9 en 1725, jusqu\u2019au salon de Mme du Barry, am\u00e9nag\u00e9 en 1772 et d\u2019esprit d\u00e9j\u00e0 compl\u00e9tement n\u00e9oclassique. Les appartements de repr\u00e9sentation des souverains, et notamment la salle du Conseil, virent leur d\u00e9cor largement modernis\u00e9, ce qui fut plus vrai encore pour les espaces intimes. Toute une jeune g\u00e9n\u00e9ration d\u2019artistes travailla dans les ann\u00e9es 1730-1740 \u00e0 r\u00e9nover le cadre de vie du roi et de la reine : Fran\u00e7ois Boucher, Carle van Loo, Jean-Baptiste-Marie Pierre. De nombreux percements am\u00e9liorent la circulation dans les appartements. La cr\u00e9ation de l\u2019escalier du Roi dans l\u2019ancienne chambre de la duchesse d\u2019\u00c9tampes, de l\u2019escalier de la Reine \u00e0 l\u2019autre extr\u00e9mit\u00e9 s\u2019accompagnent d\u2019un red\u00e9ploiement des appartements des souverains.<\/p>\n<p>L\u2019ameublement fut \u00e9galement largement renouvel\u00e9, donnant lieu \u00e0 des cr\u00e9ations remarquables comme la commode de laque de Marie Leszczinska, livr\u00e9e en 1737 pour son cabinet de retraite (conserv\u00e9e au Louvre), le bureau du dauphin (conserv\u00e9 \u00e0 Versailles) ou les superbes feux en bronze dor\u00e9 du salon de Mme du Barry (conserv\u00e9s \u00e0 Versailles, d\u00e9p\u00f4t du Louvre). Dans ce cadre modernis\u00e9 avec doigt\u00e9 et raffinement, la vie du roi, de ses favorites, de la famille royale et de la cour en g\u00e9n\u00e9ral se d\u00e9roule brillamment, six semaines par an, au rythme des parties de chasse, du jeu, des spectacles et des repas dans les petits appartements.<\/p>\n<p><strong>la chasse <\/strong><\/p>\n<p>Le ch\u00e2teau subit directement la fr\u00e9n\u00e9sie de Louis XV pour la chasse \u00e0 courre. La grande \u00e9curie est transform\u00e9e par l\u2019architecte Gabriel en b\u00e2timent pour la v\u00e9nerie. Le roi fait aussi d\u00e9corer les logements princiers de l\u2019aile Louis XV. L\u2019appartement des Chasses fait surtout r\u00e9f\u00e9rence aux peintures et aux fameux grands cartons de tapisseries d\u2019Oudry repr\u00e9sentant les chasses de Louis XV sont ench\u00e2ss\u00e9s dans les boiseries.<\/p>\n<p><span style=\"color: #ff0000;\">En savoir Plus:<\/span><\/p>\n<blockquote class=\"wp-embedded-content\" data-secret=\"DxdsmwkihE\"><p><a href=\"https:\/\/www.chateaudefontainebleau.fr\/\">Accueil<\/a><\/p><\/blockquote>\n<p><iframe loading=\"lazy\" class=\"wp-embedded-content\" sandbox=\"allow-scripts\" security=\"restricted\" style=\"position: absolute; visibility: hidden;\" title=\"\u00ab\u00a0Accueil\u00a0\u00bb &#8212; Ch\u00e2teau de Fontainebleau\" src=\"https:\/\/www.chateaudefontainebleau.fr\/embed\/#?secret=3K68V8AB7o#?secret=DxdsmwkihE\" data-secret=\"DxdsmwkihE\" width=\"600\" height=\"338\" frameborder=\"0\" marginwidth=\"0\" marginheight=\"0\" scrolling=\"no\"><\/iframe><\/p>\n","protected":false},"excerpt":{"rendered":"<p>L\u2019exposition se propose jusqu&rsquo;au 4 juillet 2016 de faire revivre ce temps fort et paradoxalement m\u00e9connu de l\u2019histoire du ch\u00e2teau. Un ensemble d\u2019environ 140 \u0153uvres, tableaux, dessins, meubles, objets d\u2019art, porcelaines, costumes et manuscrits, sortis des collections du ch\u00e2teau ou emprunt\u00e9s dans des collections fran\u00e7aises et \u00e9trang\u00e8res, publiques et priv\u00e9es, permettra d\u2019illustrer ce que fut [&hellip;]<\/p>\n","protected":false},"author":6,"featured_media":4967,"comment_status":"closed","ping_status":"open","sticky":false,"template":"","format":"standard","meta":{"jetpack_post_was_ever_published":false,"_jetpack_newsletter_access":"","_jetpack_dont_email_post_to_subs":false,"_jetpack_newsletter_tier_id":0,"_jetpack_memberships_contains_paywalled_content":false,"_jetpack_memberships_contains_paid_content":false,"footnotes":"","jetpack_publicize_message":"","jetpack_publicize_feature_enabled":true,"jetpack_social_post_already_shared":true,"jetpack_social_options":{"image_generator_settings":{"template":"highway","default_image_id":0,"font":"","enabled":false},"version":2}},"categories":[12],"tags":[],"class_list":["post-4945","post","type-post","status-publish","format-standard","has-post-thumbnail","hentry","category-expositions"],"yoast_head":"<!-- This site is optimized with the Yoast SEO plugin v26.9 - https:\/\/yoast.com\/product\/yoast-seo-wordpress\/ -->\n<title>Louis xv \u00e0 fontainebleau, \u201cla demeure des rois\u201d au temps des lumi\u00e8res Le Magazine de Proantic<\/title>\n<meta name=\"description\" content=\"L\u2019exposition se propose jusqu&#039;au 4 juillet 2016 de faire revivre ce temps fort et paradoxalement m\u00e9connu de l\u2019histoire du ch\u00e2teau. Un ensemble d\u2019environ\" \/>\n<meta name=\"robots\" content=\"index, follow, max-snippet:-1, max-image-preview:large, max-video-preview:-1\" \/>\n<link rel=\"canonical\" href=\"https:\/\/www.proantic.com\/magazine\/louis-xv-a-fontainebleau-la-demeure-des-rois-au-temps-des-lumieres\/\" \/>\n<meta property=\"og:locale\" content=\"fr_FR\" \/>\n<meta property=\"og:type\" content=\"article\" \/>\n<meta property=\"og:title\" content=\"Louis xv \u00e0 fontainebleau, \u201cla demeure des rois\u201d au temps des lumi\u00e8res Le Magazine de Proantic\" \/>\n<meta property=\"og:description\" content=\"L\u2019exposition se propose jusqu&#039;au 4 juillet 2016 de faire revivre ce temps fort et paradoxalement m\u00e9connu de l\u2019histoire du ch\u00e2teau. Un ensemble d\u2019environ\" \/>\n<meta property=\"og:url\" content=\"https:\/\/www.proantic.com\/magazine\/louis-xv-a-fontainebleau-la-demeure-des-rois-au-temps-des-lumieres\/\" \/>\n<meta property=\"og:site_name\" content=\"Le Magazine de Proantic\" \/>\n<meta property=\"article:publisher\" content=\"https:\/\/www.facebook.com\/pages\/Proantic\/\/259180871793\" \/>\n<meta property=\"article:published_time\" content=\"2016-04-20T12:55:41+00:00\" \/>\n<meta property=\"article:modified_time\" content=\"2016-05-28T12:14:37+00:00\" \/>\n<meta property=\"og:image\" content=\"https:\/\/i0.wp.com\/www.proantic.com\/magazine\/wp-content\/uploads\/2016\/04\/Portrait-de-Marie-Leczinska-devant-le-chateau-de-Fontainebleau_gallery_carroussel.jpg?fit=345%2C430&ssl=1\" \/>\n\t<meta property=\"og:image:width\" content=\"345\" \/>\n\t<meta property=\"og:image:height\" content=\"430\" \/>\n\t<meta property=\"og:image:type\" content=\"image\/jpeg\" \/>\n<meta name=\"author\" content=\"C\u00e9line Autant\" \/>\n<meta name=\"twitter:label1\" content=\"\u00c9crit par\" \/>\n\t<meta name=\"twitter:data1\" content=\"C\u00e9line Autant\" \/>\n\t<meta name=\"twitter:label2\" content=\"Dur\u00e9e de lecture estim\u00e9e\" \/>\n\t<meta name=\"twitter:data2\" content=\"9 minutes\" \/>\n<script type=\"application\/ld+json\" class=\"yoast-schema-graph\">{\"@context\":\"https:\/\/schema.org\",\"@graph\":[{\"@type\":\"Article\",\"@id\":\"https:\/\/www.proantic.com\/magazine\/louis-xv-a-fontainebleau-la-demeure-des-rois-au-temps-des-lumieres\/#article\",\"isPartOf\":{\"@id\":\"https:\/\/www.proantic.com\/magazine\/louis-xv-a-fontainebleau-la-demeure-des-rois-au-temps-des-lumieres\/\"},\"author\":{\"name\":\"C\u00e9line Autant\",\"@id\":\"https:\/\/www.proantic.com\/magazine\/#\/schema\/person\/63707e8f4e7d0172de7ddde897688be0\"},\"headline\":\"Louis xv \u00e0 fontainebleau, \u201cla demeure des rois\u201d au temps des lumi\u00e8res\",\"datePublished\":\"2016-04-20T12:55:41+00:00\",\"dateModified\":\"2016-05-28T12:14:37+00:00\",\"mainEntityOfPage\":{\"@id\":\"https:\/\/www.proantic.com\/magazine\/louis-xv-a-fontainebleau-la-demeure-des-rois-au-temps-des-lumieres\/\"},\"wordCount\":1828,\"image\":{\"@id\":\"https:\/\/www.proantic.com\/magazine\/louis-xv-a-fontainebleau-la-demeure-des-rois-au-temps-des-lumieres\/#primaryimage\"},\"thumbnailUrl\":\"https:\/\/i0.wp.com\/www.proantic.com\/magazine\/wp-content\/uploads\/2016\/04\/Portrait-de-Marie-Leczinska-devant-le-chateau-de-Fontainebleau_gallery_carroussel.jpg?fit=345%2C430&ssl=1\",\"articleSection\":[\"Expositions\"],\"inLanguage\":\"fr-FR\"},{\"@type\":\"WebPage\",\"@id\":\"https:\/\/www.proantic.com\/magazine\/louis-xv-a-fontainebleau-la-demeure-des-rois-au-temps-des-lumieres\/\",\"url\":\"https:\/\/www.proantic.com\/magazine\/louis-xv-a-fontainebleau-la-demeure-des-rois-au-temps-des-lumieres\/\",\"name\":\"Louis xv \u00e0 fontainebleau, \u201cla demeure des rois\u201d au temps des lumi\u00e8res Le Magazine de Proantic\",\"isPartOf\":{\"@id\":\"https:\/\/www.proantic.com\/magazine\/#website\"},\"primaryImageOfPage\":{\"@id\":\"https:\/\/www.proantic.com\/magazine\/louis-xv-a-fontainebleau-la-demeure-des-rois-au-temps-des-lumieres\/#primaryimage\"},\"image\":{\"@id\":\"https:\/\/www.proantic.com\/magazine\/louis-xv-a-fontainebleau-la-demeure-des-rois-au-temps-des-lumieres\/#primaryimage\"},\"thumbnailUrl\":\"https:\/\/i0.wp.com\/www.proantic.com\/magazine\/wp-content\/uploads\/2016\/04\/Portrait-de-Marie-Leczinska-devant-le-chateau-de-Fontainebleau_gallery_carroussel.jpg?fit=345%2C430&ssl=1\",\"datePublished\":\"2016-04-20T12:55:41+00:00\",\"dateModified\":\"2016-05-28T12:14:37+00:00\",\"author\":{\"@id\":\"https:\/\/www.proantic.com\/magazine\/#\/schema\/person\/63707e8f4e7d0172de7ddde897688be0\"},\"description\":\"L\u2019exposition se propose jusqu'au 4 juillet 2016 de faire revivre ce temps fort et paradoxalement m\u00e9connu de l\u2019histoire du ch\u00e2teau. Un ensemble d\u2019environ\",\"breadcrumb\":{\"@id\":\"https:\/\/www.proantic.com\/magazine\/louis-xv-a-fontainebleau-la-demeure-des-rois-au-temps-des-lumieres\/#breadcrumb\"},\"inLanguage\":\"fr-FR\",\"potentialAction\":[{\"@type\":\"ReadAction\",\"target\":[\"https:\/\/www.proantic.com\/magazine\/louis-xv-a-fontainebleau-la-demeure-des-rois-au-temps-des-lumieres\/\"]}]},{\"@type\":\"ImageObject\",\"inLanguage\":\"fr-FR\",\"@id\":\"https:\/\/www.proantic.com\/magazine\/louis-xv-a-fontainebleau-la-demeure-des-rois-au-temps-des-lumieres\/#primaryimage\",\"url\":\"https:\/\/i0.wp.com\/www.proantic.com\/magazine\/wp-content\/uploads\/2016\/04\/Portrait-de-Marie-Leczinska-devant-le-chateau-de-Fontainebleau_gallery_carroussel.jpg?fit=345%2C430&ssl=1\",\"contentUrl\":\"https:\/\/i0.wp.com\/www.proantic.com\/magazine\/wp-content\/uploads\/2016\/04\/Portrait-de-Marie-Leczinska-devant-le-chateau-de-Fontainebleau_gallery_carroussel.jpg?fit=345%2C430&ssl=1\",\"width\":345,\"height\":430,\"caption\":\"Portrait de Marie Leczinska devant le ch\u00e2teau de Fontainebleau Vers 1725 Martin Jean-Baptiste, l'Ancien (1659-1735) (attribu\u00e9 \u00e0) \u00a9 RMN-Grand Palais \/ Agence Bulloz\"},{\"@type\":\"BreadcrumbList\",\"@id\":\"https:\/\/www.proantic.com\/magazine\/louis-xv-a-fontainebleau-la-demeure-des-rois-au-temps-des-lumieres\/#breadcrumb\",\"itemListElement\":[{\"@type\":\"ListItem\",\"position\":1,\"name\":\"Accueil\",\"item\":\"https:\/\/www.proantic.com\/magazine\/\"},{\"@type\":\"ListItem\",\"position\":2,\"name\":\"Louis xv \u00e0 fontainebleau, \u201cla demeure des rois\u201d au temps des lumi\u00e8res\"}]},{\"@type\":\"WebSite\",\"@id\":\"https:\/\/www.proantic.com\/magazine\/#website\",\"url\":\"https:\/\/www.proantic.com\/magazine\/\",\"name\":\"Le Magazine de Proantic\",\"description\":\"Magazine d&#039;art et expositions\",\"potentialAction\":[{\"@type\":\"SearchAction\",\"target\":{\"@type\":\"EntryPoint\",\"urlTemplate\":\"https:\/\/www.proantic.com\/magazine\/?s={search_term_string}\"},\"query-input\":{\"@type\":\"PropertyValueSpecification\",\"valueRequired\":true,\"valueName\":\"search_term_string\"}}],\"inLanguage\":\"fr-FR\"},{\"@type\":\"Person\",\"@id\":\"https:\/\/www.proantic.com\/magazine\/#\/schema\/person\/63707e8f4e7d0172de7ddde897688be0\",\"name\":\"C\u00e9line Autant\"}]}<\/script>\n<!-- \/ Yoast SEO plugin. -->","yoast_head_json":{"title":"Louis xv \u00e0 fontainebleau, \u201cla demeure des rois\u201d au temps des lumi\u00e8res Le Magazine de Proantic","description":"L\u2019exposition se propose jusqu'au 4 juillet 2016 de faire revivre ce temps fort et paradoxalement m\u00e9connu de l\u2019histoire du ch\u00e2teau. Un ensemble d\u2019environ","robots":{"index":"index","follow":"follow","max-snippet":"max-snippet:-1","max-image-preview":"max-image-preview:large","max-video-preview":"max-video-preview:-1"},"canonical":"https:\/\/www.proantic.com\/magazine\/louis-xv-a-fontainebleau-la-demeure-des-rois-au-temps-des-lumieres\/","og_locale":"fr_FR","og_type":"article","og_title":"Louis xv \u00e0 fontainebleau, \u201cla demeure des rois\u201d au temps des lumi\u00e8res Le Magazine de Proantic","og_description":"L\u2019exposition se propose jusqu'au 4 juillet 2016 de faire revivre ce temps fort et paradoxalement m\u00e9connu de l\u2019histoire du ch\u00e2teau. Un ensemble d\u2019environ","og_url":"https:\/\/www.proantic.com\/magazine\/louis-xv-a-fontainebleau-la-demeure-des-rois-au-temps-des-lumieres\/","og_site_name":"Le Magazine de Proantic","article_publisher":"https:\/\/www.facebook.com\/pages\/Proantic\/\/259180871793","article_published_time":"2016-04-20T12:55:41+00:00","article_modified_time":"2016-05-28T12:14:37+00:00","og_image":[{"width":345,"height":430,"url":"https:\/\/i0.wp.com\/www.proantic.com\/magazine\/wp-content\/uploads\/2016\/04\/Portrait-de-Marie-Leczinska-devant-le-chateau-de-Fontainebleau_gallery_carroussel.jpg?fit=345%2C430&ssl=1","type":"image\/jpeg"}],"author":"C\u00e9line Autant","twitter_misc":{"\u00c9crit par":"C\u00e9line Autant","Dur\u00e9e de lecture estim\u00e9e":"9 minutes"},"schema":{"@context":"https:\/\/schema.org","@graph":[{"@type":"Article","@id":"https:\/\/www.proantic.com\/magazine\/louis-xv-a-fontainebleau-la-demeure-des-rois-au-temps-des-lumieres\/#article","isPartOf":{"@id":"https:\/\/www.proantic.com\/magazine\/louis-xv-a-fontainebleau-la-demeure-des-rois-au-temps-des-lumieres\/"},"author":{"name":"C\u00e9line Autant","@id":"https:\/\/www.proantic.com\/magazine\/#\/schema\/person\/63707e8f4e7d0172de7ddde897688be0"},"headline":"Louis xv \u00e0 fontainebleau, \u201cla demeure des rois\u201d au temps des lumi\u00e8res","datePublished":"2016-04-20T12:55:41+00:00","dateModified":"2016-05-28T12:14:37+00:00","mainEntityOfPage":{"@id":"https:\/\/www.proantic.com\/magazine\/louis-xv-a-fontainebleau-la-demeure-des-rois-au-temps-des-lumieres\/"},"wordCount":1828,"image":{"@id":"https:\/\/www.proantic.com\/magazine\/louis-xv-a-fontainebleau-la-demeure-des-rois-au-temps-des-lumieres\/#primaryimage"},"thumbnailUrl":"https:\/\/i0.wp.com\/www.proantic.com\/magazine\/wp-content\/uploads\/2016\/04\/Portrait-de-Marie-Leczinska-devant-le-chateau-de-Fontainebleau_gallery_carroussel.jpg?fit=345%2C430&ssl=1","articleSection":["Expositions"],"inLanguage":"fr-FR"},{"@type":"WebPage","@id":"https:\/\/www.proantic.com\/magazine\/louis-xv-a-fontainebleau-la-demeure-des-rois-au-temps-des-lumieres\/","url":"https:\/\/www.proantic.com\/magazine\/louis-xv-a-fontainebleau-la-demeure-des-rois-au-temps-des-lumieres\/","name":"Louis xv \u00e0 fontainebleau, \u201cla demeure des rois\u201d au temps des lumi\u00e8res Le Magazine de Proantic","isPartOf":{"@id":"https:\/\/www.proantic.com\/magazine\/#website"},"primaryImageOfPage":{"@id":"https:\/\/www.proantic.com\/magazine\/louis-xv-a-fontainebleau-la-demeure-des-rois-au-temps-des-lumieres\/#primaryimage"},"image":{"@id":"https:\/\/www.proantic.com\/magazine\/louis-xv-a-fontainebleau-la-demeure-des-rois-au-temps-des-lumieres\/#primaryimage"},"thumbnailUrl":"https:\/\/i0.wp.com\/www.proantic.com\/magazine\/wp-content\/uploads\/2016\/04\/Portrait-de-Marie-Leczinska-devant-le-chateau-de-Fontainebleau_gallery_carroussel.jpg?fit=345%2C430&ssl=1","datePublished":"2016-04-20T12:55:41+00:00","dateModified":"2016-05-28T12:14:37+00:00","author":{"@id":"https:\/\/www.proantic.com\/magazine\/#\/schema\/person\/63707e8f4e7d0172de7ddde897688be0"},"description":"L\u2019exposition se propose jusqu'au 4 juillet 2016 de faire revivre ce temps fort et paradoxalement m\u00e9connu de l\u2019histoire du ch\u00e2teau. Un ensemble d\u2019environ","breadcrumb":{"@id":"https:\/\/www.proantic.com\/magazine\/louis-xv-a-fontainebleau-la-demeure-des-rois-au-temps-des-lumieres\/#breadcrumb"},"inLanguage":"fr-FR","potentialAction":[{"@type":"ReadAction","target":["https:\/\/www.proantic.com\/magazine\/louis-xv-a-fontainebleau-la-demeure-des-rois-au-temps-des-lumieres\/"]}]},{"@type":"ImageObject","inLanguage":"fr-FR","@id":"https:\/\/www.proantic.com\/magazine\/louis-xv-a-fontainebleau-la-demeure-des-rois-au-temps-des-lumieres\/#primaryimage","url":"https:\/\/i0.wp.com\/www.proantic.com\/magazine\/wp-content\/uploads\/2016\/04\/Portrait-de-Marie-Leczinska-devant-le-chateau-de-Fontainebleau_gallery_carroussel.jpg?fit=345%2C430&ssl=1","contentUrl":"https:\/\/i0.wp.com\/www.proantic.com\/magazine\/wp-content\/uploads\/2016\/04\/Portrait-de-Marie-Leczinska-devant-le-chateau-de-Fontainebleau_gallery_carroussel.jpg?fit=345%2C430&ssl=1","width":345,"height":430,"caption":"Portrait de Marie Leczinska devant le ch\u00e2teau de Fontainebleau Vers 1725 Martin Jean-Baptiste, l'Ancien (1659-1735) (attribu\u00e9 \u00e0) \u00a9 RMN-Grand Palais \/ Agence Bulloz"},{"@type":"BreadcrumbList","@id":"https:\/\/www.proantic.com\/magazine\/louis-xv-a-fontainebleau-la-demeure-des-rois-au-temps-des-lumieres\/#breadcrumb","itemListElement":[{"@type":"ListItem","position":1,"name":"Accueil","item":"https:\/\/www.proantic.com\/magazine\/"},{"@type":"ListItem","position":2,"name":"Louis xv \u00e0 fontainebleau, \u201cla demeure des rois\u201d au temps des lumi\u00e8res"}]},{"@type":"WebSite","@id":"https:\/\/www.proantic.com\/magazine\/#website","url":"https:\/\/www.proantic.com\/magazine\/","name":"Le Magazine de Proantic","description":"Magazine d&#039;art et expositions","potentialAction":[{"@type":"SearchAction","target":{"@type":"EntryPoint","urlTemplate":"https:\/\/www.proantic.com\/magazine\/?s={search_term_string}"},"query-input":{"@type":"PropertyValueSpecification","valueRequired":true,"valueName":"search_term_string"}}],"inLanguage":"fr-FR"},{"@type":"Person","@id":"https:\/\/www.proantic.com\/magazine\/#\/schema\/person\/63707e8f4e7d0172de7ddde897688be0","name":"C\u00e9line Autant"}]}},"jetpack_publicize_connections":[],"jetpack_featured_media_url":"https:\/\/i0.wp.com\/www.proantic.com\/magazine\/wp-content\/uploads\/2016\/04\/Portrait-de-Marie-Leczinska-devant-le-chateau-de-Fontainebleau_gallery_carroussel.jpg?fit=345%2C430&ssl=1","jetpack_shortlink":"https:\/\/wp.me\/p7EkP3-1hL","jetpack_sharing_enabled":true,"_links":{"self":[{"href":"https:\/\/www.proantic.com\/magazine\/wp-json\/wp\/v2\/posts\/4945","targetHints":{"allow":["GET"]}}],"collection":[{"href":"https:\/\/www.proantic.com\/magazine\/wp-json\/wp\/v2\/posts"}],"about":[{"href":"https:\/\/www.proantic.com\/magazine\/wp-json\/wp\/v2\/types\/post"}],"author":[{"embeddable":true,"href":"https:\/\/www.proantic.com\/magazine\/wp-json\/wp\/v2\/users\/6"}],"replies":[{"embeddable":true,"href":"https:\/\/www.proantic.com\/magazine\/wp-json\/wp\/v2\/comments?post=4945"}],"version-history":[{"count":0,"href":"https:\/\/www.proantic.com\/magazine\/wp-json\/wp\/v2\/posts\/4945\/revisions"}],"wp:featuredmedia":[{"embeddable":true,"href":"https:\/\/www.proantic.com\/magazine\/wp-json\/wp\/v2\/media\/4967"}],"wp:attachment":[{"href":"https:\/\/www.proantic.com\/magazine\/wp-json\/wp\/v2\/media?parent=4945"}],"wp:term":[{"taxonomy":"category","embeddable":true,"href":"https:\/\/www.proantic.com\/magazine\/wp-json\/wp\/v2\/categories?post=4945"},{"taxonomy":"post_tag","embeddable":true,"href":"https:\/\/www.proantic.com\/magazine\/wp-json\/wp\/v2\/tags?post=4945"}],"curies":[{"name":"wp","href":"https:\/\/api.w.org\/{rel}","templated":true}]}}