{"id":9804,"date":"2018-11-23T14:14:05","date_gmt":"2018-11-23T13:14:05","guid":{"rendered":"http:\/\/www.proantic.com\/magazine\/?p=9804"},"modified":"2018-11-25T15:40:15","modified_gmt":"2018-11-25T14:40:15","slug":"salles-de-bains-chateau-de-rambouillet","status":"publish","type":"post","link":"https:\/\/www.proantic.com\/magazine\/salles-de-bains-chateau-de-rambouillet\/","title":{"rendered":"Les salles de bains du ch\u00e2teau de Rambouillet"},"content":{"rendered":"<p><strong>L\u2019appartement d\u2019Assembl\u00e9e est am\u00e9nag\u00e9 entre 1730 et 1736 pour le comte de Toulouse.<\/strong><\/p>\n<p>La petite taille des pi\u00e8ces et leur d\u00e9cor raffin\u00e9 font entrer le go\u00fbt du XVIIIe si\u00e8cle dans le ch\u00e2teau. Les lambris sculpt\u00e9s sont d\u2019une grande d\u00e9licatesse et virtuosit\u00e9.<\/p>\n<figure id=\"attachment_9831\" aria-describedby=\"caption-attachment-9831\" style=\"width: 425px\" class=\"wp-caption aligncenter\"><a href=\"https:\/\/i0.wp.com\/www.proantic.com\/magazine\/wp-content\/uploads\/2018\/11\/aqz.jpg\"><img data-recalc-dims=\"1\" loading=\"lazy\" decoding=\"async\" data-attachment-id=\"9831\" data-permalink=\"https:\/\/www.proantic.com\/magazine\/salles-de-bains-chateau-de-rambouillet\/page-patrimoine-visite-du-chateau-de-rambouillet\/\" data-orig-file=\"https:\/\/i0.wp.com\/www.proantic.com\/magazine\/wp-content\/uploads\/2018\/11\/aqz.jpg?fit=425%2C270&amp;ssl=1\" data-orig-size=\"425,270\" data-comments-opened=\"1\" data-image-meta=\"{&quot;aperture&quot;:&quot;3.2&quot;,&quot;credit&quot;:&quot;LP\/Aur\\u00e9lie Ladet&quot;,&quot;camera&quot;:&quot;Canon EOS 5D Mark IV&quot;,&quot;caption&quot;:&quot;page Patrimoine, visite du ch\\u00e2teau de Rambouillet&quot;,&quot;created_timestamp&quot;:&quot;1505143264&quot;,&quot;copyright&quot;:&quot;&quot;,&quot;focal_length&quot;:&quot;24&quot;,&quot;iso&quot;:&quot;1600&quot;,&quot;shutter_speed&quot;:&quot;0.0125&quot;,&quot;title&quot;:&quot;page Patrimoine, visite du ch\\u00e2teau de Rambouillet&quot;,&quot;orientation&quot;:&quot;1&quot;}\" data-image-title=\"Salle de bain du comte de Toulouse, ch\u00e2teau de Rambouillet\" data-image-description=\"\" data-image-caption=\"&lt;p&gt;Salle de bain du comte de Toulouse, ch\u00e2teau de Rambouillet&lt;\/p&gt;\n\" data-medium-file=\"https:\/\/i0.wp.com\/www.proantic.com\/magazine\/wp-content\/uploads\/2018\/11\/aqz.jpg?fit=300%2C191&amp;ssl=1\" data-large-file=\"https:\/\/i0.wp.com\/www.proantic.com\/magazine\/wp-content\/uploads\/2018\/11\/aqz.jpg?fit=425%2C270&amp;ssl=1\" class=\"size-full wp-image-9831\" src=\"https:\/\/i0.wp.com\/www.proantic.com\/magazine\/wp-content\/uploads\/2018\/11\/aqz.jpg?resize=425%2C270\" alt=\"\" width=\"425\" height=\"270\" srcset=\"https:\/\/i0.wp.com\/www.proantic.com\/magazine\/wp-content\/uploads\/2018\/11\/aqz.jpg?w=425&amp;ssl=1 425w, https:\/\/i0.wp.com\/www.proantic.com\/magazine\/wp-content\/uploads\/2018\/11\/aqz.jpg?resize=300%2C191&amp;ssl=1 300w, https:\/\/i0.wp.com\/www.proantic.com\/magazine\/wp-content\/uploads\/2018\/11\/aqz.jpg?resize=180%2C114&amp;ssl=1 180w\" sizes=\"auto, (max-width: 425px) 100vw, 425px\" \/><\/a><figcaption id=\"caption-attachment-9831\" class=\"wp-caption-text\">Salle de bain du comte de Toulouse, ch\u00e2teau de Rambouillet<\/figcaption><\/figure>\n<p>Entre 1730 et 1736, lors de l\u2019agrandissement du ch\u00e2teau, le comte de Toulouse se fait am\u00e9nager au rez-de-chauss\u00e9e une salle de bain, tout en bleu, dite aussi cabinet des fa\u00efences. En effet, les parois sont enti\u00e8rement recouvertes de carreaux bleu et blanc en fa\u00efences de Delft. Des sc\u00e8nes maritimes occupent \u00e0 la fois les petits carreaux et les grandes compositions, \u0153uvre du hollandais Corn\u00e9lis Bou maester. Aux angles, des panneaux repr\u00e9sentant des vases de fleurs d\u2019origine espagnole, apportent une touche color\u00e9e.<\/p>\n<figure id=\"attachment_9832\" aria-describedby=\"caption-attachment-9832\" style=\"width: 375px\" class=\"wp-caption aligncenter\"><a href=\"https:\/\/i0.wp.com\/www.proantic.com\/magazine\/wp-content\/uploads\/2018\/11\/sedr.jpg\"><img data-recalc-dims=\"1\" loading=\"lazy\" decoding=\"async\" data-attachment-id=\"9832\" data-permalink=\"https:\/\/www.proantic.com\/magazine\/salles-de-bains-chateau-de-rambouillet\/sedr\/\" data-orig-file=\"https:\/\/i0.wp.com\/www.proantic.com\/magazine\/wp-content\/uploads\/2018\/11\/sedr.jpg?fit=375%2C255&amp;ssl=1\" data-orig-size=\"375,255\" data-comments-opened=\"1\" data-image-meta=\"{&quot;aperture&quot;:&quot;0&quot;,&quot;credit&quot;:&quot;&quot;,&quot;camera&quot;:&quot;&quot;,&quot;caption&quot;:&quot;&quot;,&quot;created_timestamp&quot;:&quot;0&quot;,&quot;copyright&quot;:&quot;&quot;,&quot;focal_length&quot;:&quot;0&quot;,&quot;iso&quot;:&quot;0&quot;,&quot;shutter_speed&quot;:&quot;0&quot;,&quot;title&quot;:&quot;&quot;,&quot;orientation&quot;:&quot;0&quot;}\" data-image-title=\"Salle de bain du comte de Toulouse, ch\u00e2teau de Rambouillet\" data-image-description=\"\" data-image-caption=\"&lt;p&gt;Salle de bain du comte de Toulouse, ch\u00e2teau de Rambouillet&lt;\/p&gt;\n\" data-medium-file=\"https:\/\/i0.wp.com\/www.proantic.com\/magazine\/wp-content\/uploads\/2018\/11\/sedr.jpg?fit=300%2C204&amp;ssl=1\" data-large-file=\"https:\/\/i0.wp.com\/www.proantic.com\/magazine\/wp-content\/uploads\/2018\/11\/sedr.jpg?fit=375%2C255&amp;ssl=1\" class=\"size-full wp-image-9832\" src=\"https:\/\/i0.wp.com\/www.proantic.com\/magazine\/wp-content\/uploads\/2018\/11\/sedr.jpg?resize=375%2C255\" alt=\"\" width=\"375\" height=\"255\" srcset=\"https:\/\/i0.wp.com\/www.proantic.com\/magazine\/wp-content\/uploads\/2018\/11\/sedr.jpg?w=375&amp;ssl=1 375w, https:\/\/i0.wp.com\/www.proantic.com\/magazine\/wp-content\/uploads\/2018\/11\/sedr.jpg?resize=300%2C204&amp;ssl=1 300w, https:\/\/i0.wp.com\/www.proantic.com\/magazine\/wp-content\/uploads\/2018\/11\/sedr.jpg?resize=180%2C122&amp;ssl=1 180w\" sizes=\"auto, (max-width: 375px) 100vw, 375px\" \/><\/a><figcaption id=\"caption-attachment-9832\" class=\"wp-caption-text\">Salle de bain du comte de Toulouse, ch\u00e2teau de Rambouillet<\/figcaption><\/figure>\n<p>Du sol au plafond, pas moins de 6 000 carreaux de fa\u00efence tous diff\u00e9rents sont assembl\u00e9s et la rendent unique.\u00a0\u00ab Nous savons qu\u2019\u00e0 l\u2019\u00e9poque, 12 000 carreaux ont \u00e9t\u00e9 command\u00e9s. Y en a-t-il eu une autre, \u00e0 Versailles peut-\u00eatre, qui aurait \u00e9t\u00e9 cass\u00e9e ensuite ?\u00bb.<\/p>\n<figure id=\"attachment_9833\" aria-describedby=\"caption-attachment-9833\" style=\"width: 257px\" class=\"wp-caption aligncenter\"><a href=\"https:\/\/i0.wp.com\/www.proantic.com\/magazine\/wp-content\/uploads\/2018\/11\/rt.jpg\"><img data-recalc-dims=\"1\" loading=\"lazy\" decoding=\"async\" data-attachment-id=\"9833\" data-permalink=\"https:\/\/www.proantic.com\/magazine\/salles-de-bains-chateau-de-rambouillet\/rt\/\" data-orig-file=\"https:\/\/i0.wp.com\/www.proantic.com\/magazine\/wp-content\/uploads\/2018\/11\/rt.jpg?fit=257%2C371&amp;ssl=1\" data-orig-size=\"257,371\" data-comments-opened=\"1\" data-image-meta=\"{&quot;aperture&quot;:&quot;0&quot;,&quot;credit&quot;:&quot;&quot;,&quot;camera&quot;:&quot;&quot;,&quot;caption&quot;:&quot;&quot;,&quot;created_timestamp&quot;:&quot;0&quot;,&quot;copyright&quot;:&quot;&quot;,&quot;focal_length&quot;:&quot;0&quot;,&quot;iso&quot;:&quot;0&quot;,&quot;shutter_speed&quot;:&quot;0&quot;,&quot;title&quot;:&quot;&quot;,&quot;orientation&quot;:&quot;0&quot;}\" data-image-title=\"Salle de bain du comte de Toulouse, ch\u00e2teau de Rambouillet\" data-image-description=\"\" data-image-caption=\"&lt;p&gt;Salle de bain du comte de Toulouse, ch\u00e2teau de Rambouillet&lt;\/p&gt;\n\" data-medium-file=\"https:\/\/i0.wp.com\/www.proantic.com\/magazine\/wp-content\/uploads\/2018\/11\/rt.jpg?fit=208%2C300&amp;ssl=1\" data-large-file=\"https:\/\/i0.wp.com\/www.proantic.com\/magazine\/wp-content\/uploads\/2018\/11\/rt.jpg?fit=257%2C371&amp;ssl=1\" class=\"size-full wp-image-9833\" src=\"https:\/\/i0.wp.com\/www.proantic.com\/magazine\/wp-content\/uploads\/2018\/11\/rt.jpg?resize=257%2C371\" alt=\"\" width=\"257\" height=\"371\" srcset=\"https:\/\/i0.wp.com\/www.proantic.com\/magazine\/wp-content\/uploads\/2018\/11\/rt.jpg?w=257&amp;ssl=1 257w, https:\/\/i0.wp.com\/www.proantic.com\/magazine\/wp-content\/uploads\/2018\/11\/rt.jpg?resize=208%2C300&amp;ssl=1 208w, https:\/\/i0.wp.com\/www.proantic.com\/magazine\/wp-content\/uploads\/2018\/11\/rt.jpg?resize=125%2C180&amp;ssl=1 125w\" sizes=\"auto, (max-width: 257px) 100vw, 257px\" \/><\/a><figcaption id=\"caption-attachment-9833\" class=\"wp-caption-text\">Salle de bain du comte de Toulouse, ch\u00e2teau de Rambouillet<\/figcaption><\/figure>\n<p><strong>Dans les appartements de l\u2019Empereur<\/strong><\/p>\n<p>A l\u2019\u00e9tage sup\u00e9rieur, Napol\u00e9on 1<sup>er<\/sup>\u00a0fait installer en 1806 une salle de bain d\u00e9cor\u00e9e dans le style pomp\u00e9ien par l\u2019artiste Godard qui\u00a0a conserv\u00e9 son d\u00e9cor d\u2019origine. Les murs et le plafond sont recouverts d\u2019un d\u00e9cor peint.<\/p>\n<p>Le r\u00e9pertoire d\u00e9coratif, inspir\u00e9 du style pomp\u00e9ien, \u00e9voque l\u2019Empire avec des repr\u00e9sentations de troph\u00e9es et de batailles navales. L\u2019iconographie du d\u00e9cor de cette salle de bains s\u2019inspire du r\u00e9pertoire antique : Gloires antiques dans les \u00e9coin\u00e7ons de l\u2019arc, lyre d\u2019Apollon sur la derni\u00e8re frise du<br \/>\nmur, frise de triglyphes et m\u00e9topes au-dessus de la corniche, cornes d\u2019abondance, animaux mythologiques (griffons, trident sur le plafond).\u00a0 Napol\u00e9on, tout comme Louis XIV le faisait avant lui, utilise l\u2019art pour servir son discours sur le pouvoir.<\/p>\n<figure id=\"attachment_9835\" aria-describedby=\"caption-attachment-9835\" style=\"width: 500px\" class=\"wp-caption aligncenter\"><a href=\"https:\/\/i0.wp.com\/www.proantic.com\/magazine\/wp-content\/uploads\/2018\/11\/fer.jpg\"><img data-recalc-dims=\"1\" loading=\"lazy\" decoding=\"async\" data-attachment-id=\"9835\" data-permalink=\"https:\/\/www.proantic.com\/magazine\/salles-de-bains-chateau-de-rambouillet\/fer\/\" data-orig-file=\"https:\/\/i0.wp.com\/www.proantic.com\/magazine\/wp-content\/uploads\/2018\/11\/fer.jpg?fit=500%2C302&amp;ssl=1\" data-orig-size=\"500,302\" data-comments-opened=\"1\" data-image-meta=\"{&quot;aperture&quot;:&quot;0&quot;,&quot;credit&quot;:&quot;&quot;,&quot;camera&quot;:&quot;&quot;,&quot;caption&quot;:&quot;&quot;,&quot;created_timestamp&quot;:&quot;0&quot;,&quot;copyright&quot;:&quot;&quot;,&quot;focal_length&quot;:&quot;0&quot;,&quot;iso&quot;:&quot;0&quot;,&quot;shutter_speed&quot;:&quot;0&quot;,&quot;title&quot;:&quot;&quot;,&quot;orientation&quot;:&quot;0&quot;}\" data-image-title=\"Salle de bain de Napol\u00e9on 1er, ch\u00e2teau de Rambouillet.\" data-image-description=\"\" data-image-caption=\"&lt;p&gt;Salle de bain de Napol\u00e9on 1er, ch\u00e2teau de Rambouillet.&lt;\/p&gt;\n\" data-medium-file=\"https:\/\/i0.wp.com\/www.proantic.com\/magazine\/wp-content\/uploads\/2018\/11\/fer.jpg?fit=300%2C181&amp;ssl=1\" data-large-file=\"https:\/\/i0.wp.com\/www.proantic.com\/magazine\/wp-content\/uploads\/2018\/11\/fer.jpg?fit=500%2C302&amp;ssl=1\" class=\"size-full wp-image-9835\" src=\"https:\/\/i0.wp.com\/www.proantic.com\/magazine\/wp-content\/uploads\/2018\/11\/fer.jpg?resize=500%2C302\" alt=\"\" width=\"500\" height=\"302\" srcset=\"https:\/\/i0.wp.com\/www.proantic.com\/magazine\/wp-content\/uploads\/2018\/11\/fer.jpg?w=500&amp;ssl=1 500w, https:\/\/i0.wp.com\/www.proantic.com\/magazine\/wp-content\/uploads\/2018\/11\/fer.jpg?resize=300%2C181&amp;ssl=1 300w, https:\/\/i0.wp.com\/www.proantic.com\/magazine\/wp-content\/uploads\/2018\/11\/fer.jpg?resize=180%2C109&amp;ssl=1 180w\" sizes=\"auto, (max-width: 500px) 100vw, 500px\" \/><\/a><figcaption id=\"caption-attachment-9835\" class=\"wp-caption-text\">Salle de bain de Napol\u00e9on 1er, ch\u00e2teau de Rambouillet.<\/figcaption><\/figure>\n<p>Sous une frise de griffons et de cygnes blancs, les parois sont rythm\u00e9es par des pilastres aux chapiteaux doriques d\u00e9coupant une s\u00e9rie de panneaux.\u00a0 L\u2019ensemble r\u00e9pond bien aux crit\u00e8res du n\u00e9oclassicisme en vogue \u00e0 cette \u00e9poque.\u00a0 L\u2019ensemble\u00a0 est domin\u00e9 par les r\u00e9galiens\u00a0: couronne de Charlemagne, main de justice, sceptre de Charles V.<\/p>\n<figure id=\"attachment_9836\" aria-describedby=\"caption-attachment-9836\" style=\"width: 500px\" class=\"wp-caption aligncenter\"><a href=\"https:\/\/i0.wp.com\/www.proantic.com\/magazine\/wp-content\/uploads\/2018\/11\/sder-1.jpg\"><img data-recalc-dims=\"1\" loading=\"lazy\" decoding=\"async\" data-attachment-id=\"9836\" data-permalink=\"https:\/\/www.proantic.com\/magazine\/salles-de-bains-chateau-de-rambouillet\/sder-2\/\" data-orig-file=\"https:\/\/i0.wp.com\/www.proantic.com\/magazine\/wp-content\/uploads\/2018\/11\/sder-1.jpg?fit=500%2C719&amp;ssl=1\" data-orig-size=\"500,719\" data-comments-opened=\"1\" data-image-meta=\"{&quot;aperture&quot;:&quot;0&quot;,&quot;credit&quot;:&quot;&quot;,&quot;camera&quot;:&quot;&quot;,&quot;caption&quot;:&quot;&quot;,&quot;created_timestamp&quot;:&quot;0&quot;,&quot;copyright&quot;:&quot;&quot;,&quot;focal_length&quot;:&quot;0&quot;,&quot;iso&quot;:&quot;0&quot;,&quot;shutter_speed&quot;:&quot;0&quot;,&quot;title&quot;:&quot;&quot;,&quot;orientation&quot;:&quot;0&quot;}\" data-image-title=\"Salle de bain de Napol\u00e9on 1er, ch\u00e2teau de Rambouillet.\" data-image-description=\"\" data-image-caption=\"&lt;p&gt;Salle de bain de Napol\u00e9on 1er, ch\u00e2teau de Rambouillet.&lt;\/p&gt;\n\" data-medium-file=\"https:\/\/i0.wp.com\/www.proantic.com\/magazine\/wp-content\/uploads\/2018\/11\/sder-1.jpg?fit=209%2C300&amp;ssl=1\" data-large-file=\"https:\/\/i0.wp.com\/www.proantic.com\/magazine\/wp-content\/uploads\/2018\/11\/sder-1.jpg?fit=500%2C719&amp;ssl=1\" class=\"size-full wp-image-9836\" src=\"https:\/\/i0.wp.com\/www.proantic.com\/magazine\/wp-content\/uploads\/2018\/11\/sder-1.jpg?resize=500%2C719\" alt=\"\" width=\"500\" height=\"719\" srcset=\"https:\/\/i0.wp.com\/www.proantic.com\/magazine\/wp-content\/uploads\/2018\/11\/sder-1.jpg?w=500&amp;ssl=1 500w, https:\/\/i0.wp.com\/www.proantic.com\/magazine\/wp-content\/uploads\/2018\/11\/sder-1.jpg?resize=209%2C300&amp;ssl=1 209w, https:\/\/i0.wp.com\/www.proantic.com\/magazine\/wp-content\/uploads\/2018\/11\/sder-1.jpg?resize=125%2C180&amp;ssl=1 125w\" sizes=\"auto, (max-width: 500px) 100vw, 500px\" \/><\/a><figcaption id=\"caption-attachment-9836\" class=\"wp-caption-text\">Salle de bain de Napol\u00e9on 1er, ch\u00e2teau de Rambouillet.<\/figcaption><\/figure>\n<p>La baignoire en cuivre \u00e9tam\u00e9 est plac\u00e9e dans une alc\u00f4ve dont le tympan est orn\u00e9 d\u2019une paire de griffons encadrant une ruche autour de laquelle vibrionnent une nu\u00e9e d\u2019abeilles symbole de l\u2019Empire.<\/p>\n<p>Les quatorze m\u00e9daillons peints au centre des panneaux montrent des vues d\u2019Italie et des r\u00e9sidences imp\u00e9riales, comme l\u2019arc de triomphe du Carrousel, la Malmaison pr\u00e8s de Paris ou la villa Borgh\u00e8se \u00e0 Rome.<\/p>\n<p><span style=\"color: #ff0000\">En savoir plus:<\/span><\/p>\n<p>http:\/\/www.chateau-rambouillet.fr\/<\/p>\n","protected":false},"excerpt":{"rendered":"<p>L\u2019appartement d\u2019Assembl\u00e9e est am\u00e9nag\u00e9 entre 1730 et 1736 pour le comte de Toulouse. La petite taille des pi\u00e8ces et leur d\u00e9cor raffin\u00e9 font entrer le go\u00fbt du XVIIIe si\u00e8cle dans le ch\u00e2teau. Les lambris sculpt\u00e9s sont d\u2019une grande d\u00e9licatesse et virtuosit\u00e9. Entre 1730 et 1736, lors de l\u2019agrandissement du ch\u00e2teau, le comte de Toulouse se [&hellip;]<\/p>\n","protected":false},"author":6,"featured_media":9834,"comment_status":"closed","ping_status":"open","sticky":false,"template":"","format":"standard","meta":{"jetpack_post_was_ever_published":false,"_jetpack_newsletter_access":"","_jetpack_dont_email_post_to_subs":false,"_jetpack_newsletter_tier_id":0,"_jetpack_memberships_contains_paywalled_content":false,"_jetpack_memberships_contains_paid_content":false,"footnotes":"","jetpack_publicize_message":"","jetpack_publicize_feature_enabled":true,"jetpack_social_post_already_shared":true,"jetpack_social_options":{"image_generator_settings":{"template":"highway","default_image_id":0,"font":"","enabled":false},"version":2}},"categories":[18],"tags":[],"class_list":["post-9804","post","type-post","status-publish","format-standard","has-post-thumbnail","hentry","category-patrimoine-musee"],"yoast_head":"<!-- This site is optimized with the Yoast SEO plugin v26.9 - https:\/\/yoast.com\/product\/yoast-seo-wordpress\/ -->\n<title>Les salles de bains du ch\u00e2teau de Rambouillet Le Magazine de Proantic<\/title>\n<meta name=\"description\" content=\"L\u2019appartement d\u2019Assembl\u00e9e est am\u00e9nag\u00e9 entre 1730 et 1736 pour le comte de Toulouse. La petite taille des pi\u00e8ces et leur d\u00e9cor raffin\u00e9 font entrer le go\u00fbt\" \/>\n<meta name=\"robots\" content=\"index, follow, max-snippet:-1, max-image-preview:large, max-video-preview:-1\" \/>\n<link rel=\"canonical\" href=\"https:\/\/www.proantic.com\/magazine\/salles-de-bains-chateau-de-rambouillet\/\" \/>\n<meta property=\"og:locale\" content=\"fr_FR\" \/>\n<meta property=\"og:type\" content=\"article\" \/>\n<meta property=\"og:title\" content=\"Les salles de bains du ch\u00e2teau de Rambouillet Le Magazine de Proantic\" \/>\n<meta property=\"og:description\" content=\"L\u2019appartement d\u2019Assembl\u00e9e est am\u00e9nag\u00e9 entre 1730 et 1736 pour le comte de Toulouse. La petite taille des pi\u00e8ces et leur d\u00e9cor raffin\u00e9 font entrer le go\u00fbt\" \/>\n<meta property=\"og:url\" content=\"https:\/\/www.proantic.com\/magazine\/salles-de-bains-chateau-de-rambouillet\/\" \/>\n<meta property=\"og:site_name\" content=\"Le Magazine de Proantic\" \/>\n<meta property=\"article:publisher\" content=\"https:\/\/www.facebook.com\/pages\/Proantic\/\/259180871793\" \/>\n<meta property=\"article:published_time\" content=\"2018-11-23T13:14:05+00:00\" \/>\n<meta property=\"article:modified_time\" content=\"2018-11-25T14:40:15+00:00\" \/>\n<meta property=\"og:image\" content=\"https:\/\/www.proantic.com\/magazine\/wp-content\/uploads\/2018\/11\/sz-921x1024.jpg\" \/>\n\t<meta property=\"og:image:width\" content=\"921\" \/>\n\t<meta property=\"og:image:height\" content=\"1024\" \/>\n\t<meta property=\"og:image:type\" content=\"image\/jpeg\" \/>\n<meta name=\"author\" content=\"C\u00e9line Autant\" \/>\n<meta name=\"twitter:label1\" content=\"\u00c9crit par\" \/>\n\t<meta name=\"twitter:data1\" content=\"C\u00e9line Autant\" \/>\n\t<meta name=\"twitter:label2\" content=\"Dur\u00e9e de lecture estim\u00e9e\" \/>\n\t<meta name=\"twitter:data2\" content=\"3 minutes\" \/>\n<script type=\"application\/ld+json\" class=\"yoast-schema-graph\">{\"@context\":\"https:\/\/schema.org\",\"@graph\":[{\"@type\":\"Article\",\"@id\":\"https:\/\/www.proantic.com\/magazine\/salles-de-bains-chateau-de-rambouillet\/#article\",\"isPartOf\":{\"@id\":\"https:\/\/www.proantic.com\/magazine\/salles-de-bains-chateau-de-rambouillet\/\"},\"author\":{\"name\":\"C\u00e9line Autant\",\"@id\":\"https:\/\/www.proantic.com\/magazine\/#\/schema\/person\/932db14f53d245f4acce86a3fe906582\"},\"headline\":\"Les salles de bains du ch\u00e2teau de Rambouillet\",\"datePublished\":\"2018-11-23T13:14:05+00:00\",\"dateModified\":\"2018-11-25T14:40:15+00:00\",\"mainEntityOfPage\":{\"@id\":\"https:\/\/www.proantic.com\/magazine\/salles-de-bains-chateau-de-rambouillet\/\"},\"wordCount\":582,\"image\":{\"@id\":\"https:\/\/www.proantic.com\/magazine\/salles-de-bains-chateau-de-rambouillet\/#primaryimage\"},\"thumbnailUrl\":\"https:\/\/i0.wp.com\/www.proantic.com\/magazine\/wp-content\/uploads\/2018\/11\/sz.jpg?fit=2239%2C2490&ssl=1\",\"articleSection\":[\"Patrimoine, Mus\u00e9es\"],\"inLanguage\":\"fr-FR\"},{\"@type\":\"WebPage\",\"@id\":\"https:\/\/www.proantic.com\/magazine\/salles-de-bains-chateau-de-rambouillet\/\",\"url\":\"https:\/\/www.proantic.com\/magazine\/salles-de-bains-chateau-de-rambouillet\/\",\"name\":\"Les salles de bains du ch\u00e2teau de Rambouillet Le Magazine de Proantic\",\"isPartOf\":{\"@id\":\"https:\/\/www.proantic.com\/magazine\/#website\"},\"primaryImageOfPage\":{\"@id\":\"https:\/\/www.proantic.com\/magazine\/salles-de-bains-chateau-de-rambouillet\/#primaryimage\"},\"image\":{\"@id\":\"https:\/\/www.proantic.com\/magazine\/salles-de-bains-chateau-de-rambouillet\/#primaryimage\"},\"thumbnailUrl\":\"https:\/\/i0.wp.com\/www.proantic.com\/magazine\/wp-content\/uploads\/2018\/11\/sz.jpg?fit=2239%2C2490&ssl=1\",\"datePublished\":\"2018-11-23T13:14:05+00:00\",\"dateModified\":\"2018-11-25T14:40:15+00:00\",\"author\":{\"@id\":\"https:\/\/www.proantic.com\/magazine\/#\/schema\/person\/932db14f53d245f4acce86a3fe906582\"},\"description\":\"L\u2019appartement d\u2019Assembl\u00e9e est am\u00e9nag\u00e9 entre 1730 et 1736 pour le comte de Toulouse. La petite taille des pi\u00e8ces et leur d\u00e9cor raffin\u00e9 font entrer le go\u00fbt\",\"breadcrumb\":{\"@id\":\"https:\/\/www.proantic.com\/magazine\/salles-de-bains-chateau-de-rambouillet\/#breadcrumb\"},\"inLanguage\":\"fr-FR\",\"potentialAction\":[{\"@type\":\"ReadAction\",\"target\":[\"https:\/\/www.proantic.com\/magazine\/salles-de-bains-chateau-de-rambouillet\/\"]}]},{\"@type\":\"ImageObject\",\"inLanguage\":\"fr-FR\",\"@id\":\"https:\/\/www.proantic.com\/magazine\/salles-de-bains-chateau-de-rambouillet\/#primaryimage\",\"url\":\"https:\/\/i0.wp.com\/www.proantic.com\/magazine\/wp-content\/uploads\/2018\/11\/sz.jpg?fit=2239%2C2490&ssl=1\",\"contentUrl\":\"https:\/\/i0.wp.com\/www.proantic.com\/magazine\/wp-content\/uploads\/2018\/11\/sz.jpg?fit=2239%2C2490&ssl=1\",\"width\":2239,\"height\":2490},{\"@type\":\"BreadcrumbList\",\"@id\":\"https:\/\/www.proantic.com\/magazine\/salles-de-bains-chateau-de-rambouillet\/#breadcrumb\",\"itemListElement\":[{\"@type\":\"ListItem\",\"position\":1,\"name\":\"Accueil\",\"item\":\"https:\/\/www.proantic.com\/magazine\/\"},{\"@type\":\"ListItem\",\"position\":2,\"name\":\"Les salles de bains du ch\u00e2teau de Rambouillet\"}]},{\"@type\":\"WebSite\",\"@id\":\"https:\/\/www.proantic.com\/magazine\/#website\",\"url\":\"https:\/\/www.proantic.com\/magazine\/\",\"name\":\"Le Magazine de Proantic\",\"description\":\"Magazine d&#039;art et expositions\",\"potentialAction\":[{\"@type\":\"SearchAction\",\"target\":{\"@type\":\"EntryPoint\",\"urlTemplate\":\"https:\/\/www.proantic.com\/magazine\/?s={search_term_string}\"},\"query-input\":{\"@type\":\"PropertyValueSpecification\",\"valueRequired\":true,\"valueName\":\"search_term_string\"}}],\"inLanguage\":\"fr-FR\"},{\"@type\":\"Person\",\"@id\":\"https:\/\/www.proantic.com\/magazine\/#\/schema\/person\/932db14f53d245f4acce86a3fe906582\",\"name\":\"C\u00e9line Autant\"}]}<\/script>\n<!-- \/ Yoast SEO plugin. -->","yoast_head_json":{"title":"Les salles de bains du ch\u00e2teau de Rambouillet Le Magazine de Proantic","description":"L\u2019appartement d\u2019Assembl\u00e9e est am\u00e9nag\u00e9 entre 1730 et 1736 pour le comte de Toulouse. La petite taille des pi\u00e8ces et leur d\u00e9cor raffin\u00e9 font entrer le go\u00fbt","robots":{"index":"index","follow":"follow","max-snippet":"max-snippet:-1","max-image-preview":"max-image-preview:large","max-video-preview":"max-video-preview:-1"},"canonical":"https:\/\/www.proantic.com\/magazine\/salles-de-bains-chateau-de-rambouillet\/","og_locale":"fr_FR","og_type":"article","og_title":"Les salles de bains du ch\u00e2teau de Rambouillet Le Magazine de Proantic","og_description":"L\u2019appartement d\u2019Assembl\u00e9e est am\u00e9nag\u00e9 entre 1730 et 1736 pour le comte de Toulouse. La petite taille des pi\u00e8ces et leur d\u00e9cor raffin\u00e9 font entrer le go\u00fbt","og_url":"https:\/\/www.proantic.com\/magazine\/salles-de-bains-chateau-de-rambouillet\/","og_site_name":"Le Magazine de Proantic","article_publisher":"https:\/\/www.facebook.com\/pages\/Proantic\/\/259180871793","article_published_time":"2018-11-23T13:14:05+00:00","article_modified_time":"2018-11-25T14:40:15+00:00","og_image":[{"width":921,"height":1024,"url":"https:\/\/www.proantic.com\/magazine\/wp-content\/uploads\/2018\/11\/sz-921x1024.jpg","type":"image\/jpeg"}],"author":"C\u00e9line Autant","twitter_misc":{"\u00c9crit par":"C\u00e9line Autant","Dur\u00e9e de lecture estim\u00e9e":"3 minutes"},"schema":{"@context":"https:\/\/schema.org","@graph":[{"@type":"Article","@id":"https:\/\/www.proantic.com\/magazine\/salles-de-bains-chateau-de-rambouillet\/#article","isPartOf":{"@id":"https:\/\/www.proantic.com\/magazine\/salles-de-bains-chateau-de-rambouillet\/"},"author":{"name":"C\u00e9line Autant","@id":"https:\/\/www.proantic.com\/magazine\/#\/schema\/person\/932db14f53d245f4acce86a3fe906582"},"headline":"Les salles de bains du ch\u00e2teau de Rambouillet","datePublished":"2018-11-23T13:14:05+00:00","dateModified":"2018-11-25T14:40:15+00:00","mainEntityOfPage":{"@id":"https:\/\/www.proantic.com\/magazine\/salles-de-bains-chateau-de-rambouillet\/"},"wordCount":582,"image":{"@id":"https:\/\/www.proantic.com\/magazine\/salles-de-bains-chateau-de-rambouillet\/#primaryimage"},"thumbnailUrl":"https:\/\/i0.wp.com\/www.proantic.com\/magazine\/wp-content\/uploads\/2018\/11\/sz.jpg?fit=2239%2C2490&ssl=1","articleSection":["Patrimoine, Mus\u00e9es"],"inLanguage":"fr-FR"},{"@type":"WebPage","@id":"https:\/\/www.proantic.com\/magazine\/salles-de-bains-chateau-de-rambouillet\/","url":"https:\/\/www.proantic.com\/magazine\/salles-de-bains-chateau-de-rambouillet\/","name":"Les salles de bains du ch\u00e2teau de Rambouillet Le Magazine de Proantic","isPartOf":{"@id":"https:\/\/www.proantic.com\/magazine\/#website"},"primaryImageOfPage":{"@id":"https:\/\/www.proantic.com\/magazine\/salles-de-bains-chateau-de-rambouillet\/#primaryimage"},"image":{"@id":"https:\/\/www.proantic.com\/magazine\/salles-de-bains-chateau-de-rambouillet\/#primaryimage"},"thumbnailUrl":"https:\/\/i0.wp.com\/www.proantic.com\/magazine\/wp-content\/uploads\/2018\/11\/sz.jpg?fit=2239%2C2490&ssl=1","datePublished":"2018-11-23T13:14:05+00:00","dateModified":"2018-11-25T14:40:15+00:00","author":{"@id":"https:\/\/www.proantic.com\/magazine\/#\/schema\/person\/932db14f53d245f4acce86a3fe906582"},"description":"L\u2019appartement d\u2019Assembl\u00e9e est am\u00e9nag\u00e9 entre 1730 et 1736 pour le comte de Toulouse. La petite taille des pi\u00e8ces et leur d\u00e9cor raffin\u00e9 font entrer le go\u00fbt","breadcrumb":{"@id":"https:\/\/www.proantic.com\/magazine\/salles-de-bains-chateau-de-rambouillet\/#breadcrumb"},"inLanguage":"fr-FR","potentialAction":[{"@type":"ReadAction","target":["https:\/\/www.proantic.com\/magazine\/salles-de-bains-chateau-de-rambouillet\/"]}]},{"@type":"ImageObject","inLanguage":"fr-FR","@id":"https:\/\/www.proantic.com\/magazine\/salles-de-bains-chateau-de-rambouillet\/#primaryimage","url":"https:\/\/i0.wp.com\/www.proantic.com\/magazine\/wp-content\/uploads\/2018\/11\/sz.jpg?fit=2239%2C2490&ssl=1","contentUrl":"https:\/\/i0.wp.com\/www.proantic.com\/magazine\/wp-content\/uploads\/2018\/11\/sz.jpg?fit=2239%2C2490&ssl=1","width":2239,"height":2490},{"@type":"BreadcrumbList","@id":"https:\/\/www.proantic.com\/magazine\/salles-de-bains-chateau-de-rambouillet\/#breadcrumb","itemListElement":[{"@type":"ListItem","position":1,"name":"Accueil","item":"https:\/\/www.proantic.com\/magazine\/"},{"@type":"ListItem","position":2,"name":"Les salles de bains du ch\u00e2teau de Rambouillet"}]},{"@type":"WebSite","@id":"https:\/\/www.proantic.com\/magazine\/#website","url":"https:\/\/www.proantic.com\/magazine\/","name":"Le Magazine de Proantic","description":"Magazine d&#039;art et expositions","potentialAction":[{"@type":"SearchAction","target":{"@type":"EntryPoint","urlTemplate":"https:\/\/www.proantic.com\/magazine\/?s={search_term_string}"},"query-input":{"@type":"PropertyValueSpecification","valueRequired":true,"valueName":"search_term_string"}}],"inLanguage":"fr-FR"},{"@type":"Person","@id":"https:\/\/www.proantic.com\/magazine\/#\/schema\/person\/932db14f53d245f4acce86a3fe906582","name":"C\u00e9line Autant"}]}},"jetpack_publicize_connections":[],"jetpack_featured_media_url":"https:\/\/i0.wp.com\/www.proantic.com\/magazine\/wp-content\/uploads\/2018\/11\/sz.jpg?fit=2239%2C2490&ssl=1","jetpack_shortlink":"https:\/\/wp.me\/p7EkP3-2y8","jetpack_sharing_enabled":true,"_links":{"self":[{"href":"https:\/\/www.proantic.com\/magazine\/wp-json\/wp\/v2\/posts\/9804","targetHints":{"allow":["GET"]}}],"collection":[{"href":"https:\/\/www.proantic.com\/magazine\/wp-json\/wp\/v2\/posts"}],"about":[{"href":"https:\/\/www.proantic.com\/magazine\/wp-json\/wp\/v2\/types\/post"}],"author":[{"embeddable":true,"href":"https:\/\/www.proantic.com\/magazine\/wp-json\/wp\/v2\/users\/6"}],"replies":[{"embeddable":true,"href":"https:\/\/www.proantic.com\/magazine\/wp-json\/wp\/v2\/comments?post=9804"}],"version-history":[{"count":0,"href":"https:\/\/www.proantic.com\/magazine\/wp-json\/wp\/v2\/posts\/9804\/revisions"}],"wp:featuredmedia":[{"embeddable":true,"href":"https:\/\/www.proantic.com\/magazine\/wp-json\/wp\/v2\/media\/9834"}],"wp:attachment":[{"href":"https:\/\/www.proantic.com\/magazine\/wp-json\/wp\/v2\/media?parent=9804"}],"wp:term":[{"taxonomy":"category","embeddable":true,"href":"https:\/\/www.proantic.com\/magazine\/wp-json\/wp\/v2\/categories?post=9804"},{"taxonomy":"post_tag","embeddable":true,"href":"https:\/\/www.proantic.com\/magazine\/wp-json\/wp\/v2\/tags?post=9804"}],"curies":[{"name":"wp","href":"https:\/\/api.w.org\/{rel}","templated":true}]}}