{"id":9627,"date":"2018-10-26T10:52:10","date_gmt":"2018-10-26T09:52:10","guid":{"rendered":"http:\/\/www.proantic.com\/magazine\/?p=9627"},"modified":"2018-10-28T13:31:40","modified_gmt":"2018-10-28T12:31:40","slug":"lecran-a-main-accessoire-domestique","status":"publish","type":"post","link":"https:\/\/www.proantic.com\/magazine\/lecran-a-main-accessoire-domestique\/","title":{"rendered":"L&rsquo;\u00e9cran \u00e0 main &#8211; un accessoire domestique"},"content":{"rendered":"<p>Accessoire souvent confondu avec l\u2019\u00e9ventail, l&rsquo;\u00e9cran \u00e0 main n\u2019avait pourtant pas la m\u00eame fonction. Il servait non pas \u00e0 se ventiler pour se rafra\u00eechir mais \u00e0 se prot\u00e9ger le visage, souvent fard\u00e9, de la chaleur du feu de la chemin\u00e9e.<\/p>\n<p>Son usage se d\u00e9veloppe en Europe en parall\u00e8le de l\u2019\u00e9ventail dont il est une variante. Cependant, l&rsquo;\u00e9cran \u00e0 main n&rsquo;est pas un accessoire relevant de la parure. Il appartient au monde clos des boudoirs et des petits appartements. Constitu\u00e9 de mat\u00e9riaux naturels, sa fabrication devient particuli\u00e8rement importante en France d\u00e8s le XVIIe si\u00e8cle. Sa forme est ronde, la plupart du temps, et l&rsquo;\u00e9cran, o\u00f9 plusieurs cartouches lui sont associ\u00e9s, tourne sur un axe pour faire d\u00e9filer texte et images. Des dessinateurs, des graveurs, aussi c\u00e9l\u00e8bre que Abraham Bosse, Jean Le Pautre ou Fran\u00e7ois Chauveau, des \u00e9diteurs et des marchands d\u2019estampes contribuent \u00e0 son succ\u00e8s par la qualit\u00e9 des ornements qu&rsquo;ils proposent.<\/p>\n<figure id=\"attachment_9646\" aria-describedby=\"caption-attachment-9646\" style=\"width: 500px\" class=\"wp-caption aligncenter\"><a href=\"https:\/\/i0.wp.com\/www.proantic.com\/magazine\/wp-content\/uploads\/2018\/10\/354674-2.jpg\"><img data-recalc-dims=\"1\" loading=\"lazy\" decoding=\"async\" data-attachment-id=\"9646\" data-permalink=\"https:\/\/www.proantic.com\/magazine\/lecran-a-main-accessoire-domestique\/354674-2\/\" data-orig-file=\"https:\/\/i0.wp.com\/www.proantic.com\/magazine\/wp-content\/uploads\/2018\/10\/354674-2.jpg?fit=746%2C1200&amp;ssl=1\" data-orig-size=\"746,1200\" data-comments-opened=\"1\" data-image-meta=\"{&quot;aperture&quot;:&quot;0&quot;,&quot;credit&quot;:&quot;&quot;,&quot;camera&quot;:&quot;&quot;,&quot;caption&quot;:&quot;&quot;,&quot;created_timestamp&quot;:&quot;0&quot;,&quot;copyright&quot;:&quot;&quot;,&quot;focal_length&quot;:&quot;0&quot;,&quot;iso&quot;:&quot;0&quot;,&quot;shutter_speed&quot;:&quot;0&quot;,&quot;title&quot;:&quot;&quot;,&quot;orientation&quot;:&quot;0&quot;}\" data-image-title=\"Ecran \u00e0 main duXVIII\u00e8me en carton. (c) L&amp;rsquo;orangerie, Proantic\" data-image-description=\"\" data-image-caption=\"&lt;p&gt;Ecran \u00e0 main duXVIII\u00e8me en carton.&lt;br \/&gt;\n(c) L&amp;rsquo;orangerie, Proantic&lt;\/p&gt;\n\" data-medium-file=\"https:\/\/i0.wp.com\/www.proantic.com\/magazine\/wp-content\/uploads\/2018\/10\/354674-2.jpg?fit=187%2C300&amp;ssl=1\" data-large-file=\"https:\/\/i0.wp.com\/www.proantic.com\/magazine\/wp-content\/uploads\/2018\/10\/354674-2.jpg?fit=637%2C1024&amp;ssl=1\" class=\"wp-image-9646\" src=\"https:\/\/i0.wp.com\/www.proantic.com\/magazine\/wp-content\/uploads\/2018\/10\/354674-2-637x1024.jpg?resize=500%2C804\" alt=\"\" width=\"500\" height=\"804\" srcset=\"https:\/\/i0.wp.com\/www.proantic.com\/magazine\/wp-content\/uploads\/2018\/10\/354674-2.jpg?resize=637%2C1024&amp;ssl=1 637w, https:\/\/i0.wp.com\/www.proantic.com\/magazine\/wp-content\/uploads\/2018\/10\/354674-2.jpg?resize=187%2C300&amp;ssl=1 187w, https:\/\/i0.wp.com\/www.proantic.com\/magazine\/wp-content\/uploads\/2018\/10\/354674-2.jpg?resize=112%2C180&amp;ssl=1 112w, https:\/\/i0.wp.com\/www.proantic.com\/magazine\/wp-content\/uploads\/2018\/10\/354674-2.jpg?w=746&amp;ssl=1 746w\" sizes=\"auto, (max-width: 500px) 100vw, 500px\" \/><\/a><figcaption id=\"caption-attachment-9646\" class=\"wp-caption-text\">Ecran \u00e0 main du XVIII\u00e8me en carton.<br \/> (c) L&rsquo;orangerie, Proantic<\/figcaption><\/figure>\n<p>Au XVIIIe si\u00e8cle, il perd son principe de rotation sur un axe. Il est compos\u00e9 d&rsquo;un petit manche en bois, en os ou en ivoire, dans la fente duquel est gliss\u00e9e une feuille de carton fix\u00e9e \u00e0 celui-ci par deux petits clous. Il\u00a0n&rsquo;est donc ni r\u00e9tractable, ni pliable : sa rigidit\u00e9 exclut son usage \u00e0 l&rsquo;ext\u00e9rieur, o\u00f9 il s\u2019av\u00e9rerait fragile et encombrant.<\/p>\n<p>Il se pare de sujets gouach\u00e9s ou de gravures. Certains \u00e9diteurs se distinguent comme Petit, rue du Petit-Pont \u00e0 Paris, dans la seconde moiti\u00e9 du XVIIIe si\u00e8cle, et la Maison Huquier au XIXe si\u00e8cle.<\/p>\n<figure id=\"attachment_9647\" aria-describedby=\"caption-attachment-9647\" style=\"width: 600px\" class=\"wp-caption aligncenter\"><a href=\"https:\/\/i0.wp.com\/www.proantic.com\/magazine\/wp-content\/uploads\/2018\/10\/395635-1.jpg\"><img data-recalc-dims=\"1\" loading=\"lazy\" decoding=\"async\" data-attachment-id=\"9647\" data-permalink=\"https:\/\/www.proantic.com\/magazine\/lecran-a-main-accessoire-domestique\/395635-1\/\" data-orig-file=\"https:\/\/i0.wp.com\/www.proantic.com\/magazine\/wp-content\/uploads\/2018\/10\/395635-1.jpg?fit=1000%2C757&amp;ssl=1\" data-orig-size=\"1000,757\" data-comments-opened=\"1\" data-image-meta=\"{&quot;aperture&quot;:&quot;3.2&quot;,&quot;credit&quot;:&quot;&quot;,&quot;camera&quot;:&quot;DSC-HX200V&quot;,&quot;caption&quot;:&quot;&quot;,&quot;created_timestamp&quot;:&quot;1526980261&quot;,&quot;copyright&quot;:&quot;&quot;,&quot;focal_length&quot;:&quot;6.2&quot;,&quot;iso&quot;:&quot;100&quot;,&quot;shutter_speed&quot;:&quot;0.0125&quot;,&quot;title&quot;:&quot;&quot;,&quot;orientation&quot;:&quot;1&quot;}\" data-image-title=\"Ecrans orn\u00e9s d&amp;rsquo;aquarelles sur papier, fin XIX\u00e8me si\u00e8cle.  (c) Luc de Laval, Proantic\" data-image-description=\"\" data-image-caption=\"&lt;p&gt;Ecrans orn\u00e9s d&amp;rsquo;aquarelles sur papier, fin XIX\u00e8me si\u00e8cle.&lt;br \/&gt;\n(c) Luc de Laval, Proantic&lt;\/p&gt;\n\" data-medium-file=\"https:\/\/i0.wp.com\/www.proantic.com\/magazine\/wp-content\/uploads\/2018\/10\/395635-1.jpg?fit=300%2C227&amp;ssl=1\" data-large-file=\"https:\/\/i0.wp.com\/www.proantic.com\/magazine\/wp-content\/uploads\/2018\/10\/395635-1.jpg?fit=665%2C503&amp;ssl=1\" class=\"wp-image-9647\" src=\"https:\/\/i0.wp.com\/www.proantic.com\/magazine\/wp-content\/uploads\/2018\/10\/395635-1.jpg?resize=600%2C454\" alt=\"\" width=\"600\" height=\"454\" srcset=\"https:\/\/i0.wp.com\/www.proantic.com\/magazine\/wp-content\/uploads\/2018\/10\/395635-1.jpg?w=1000&amp;ssl=1 1000w, https:\/\/i0.wp.com\/www.proantic.com\/magazine\/wp-content\/uploads\/2018\/10\/395635-1.jpg?resize=300%2C227&amp;ssl=1 300w, https:\/\/i0.wp.com\/www.proantic.com\/magazine\/wp-content\/uploads\/2018\/10\/395635-1.jpg?resize=768%2C581&amp;ssl=1 768w, https:\/\/i0.wp.com\/www.proantic.com\/magazine\/wp-content\/uploads\/2018\/10\/395635-1.jpg?resize=180%2C136&amp;ssl=1 180w\" sizes=\"auto, (max-width: 600px) 100vw, 600px\" \/><\/a><figcaption id=\"caption-attachment-9647\" class=\"wp-caption-text\">Ecrans orn\u00e9s d&rsquo;aquarelles sur papier, fin XIX\u00e8me si\u00e8cle.<br \/> (c) Luc de Laval, Proantic<\/figcaption><\/figure>\n<p>L&rsquo;iconographie des \u00e9crans \u00e0 main est vaste,\u00a0S&rsquo;il est impossible de rendre compte ici de l&rsquo;infinie vari\u00e9t\u00e9 des sujets trait\u00e9s lorsque les \u00e9crans sont d\u00e9cor\u00e9s de gravures, coll\u00e9es sur leur\u00a0<i>recto\u00a0<\/i>et\/ou sur leur\u00a0<i>verso<\/i>, ils avaient pour point commun d&rsquo;int\u00e9resser les esprits du temps, soit en les instruisant, soit en les divertissant.<\/p>\n<figure id=\"attachment_9650\" aria-describedby=\"caption-attachment-9650\" style=\"width: 500px\" class=\"wp-caption aligncenter\"><a href=\"https:\/\/i0.wp.com\/www.proantic.com\/magazine\/wp-content\/uploads\/2018\/10\/372387-4.jpg\"><img data-recalc-dims=\"1\" loading=\"lazy\" decoding=\"async\" data-attachment-id=\"9650\" data-permalink=\"https:\/\/www.proantic.com\/magazine\/lecran-a-main-accessoire-domestique\/372387-4\/\" data-orig-file=\"https:\/\/i0.wp.com\/www.proantic.com\/magazine\/wp-content\/uploads\/2018\/10\/372387-4.jpg?fit=799%2C1200&amp;ssl=1\" data-orig-size=\"799,1200\" data-comments-opened=\"1\" data-image-meta=\"{&quot;aperture&quot;:&quot;0&quot;,&quot;credit&quot;:&quot;&quot;,&quot;camera&quot;:&quot;&quot;,&quot;caption&quot;:&quot;&quot;,&quot;created_timestamp&quot;:&quot;0&quot;,&quot;copyright&quot;:&quot;&quot;,&quot;focal_length&quot;:&quot;0&quot;,&quot;iso&quot;:&quot;0&quot;,&quot;shutter_speed&quot;:&quot;0&quot;,&quot;title&quot;:&quot;&quot;,&quot;orientation&quot;:&quot;0&quot;}\" data-image-title=\"Ecrans pare-\u00e9tincelles. XIX\u00e8me. (c) Galerie Atena\" data-image-description=\"\" data-image-caption=\"&lt;p&gt;Ecrans pare-\u00e9tincelles. XIX\u00e8me.&lt;br \/&gt;\n(c) Galerie Atena&lt;\/p&gt;\n\" data-medium-file=\"https:\/\/i0.wp.com\/www.proantic.com\/magazine\/wp-content\/uploads\/2018\/10\/372387-4.jpg?fit=200%2C300&amp;ssl=1\" data-large-file=\"https:\/\/i0.wp.com\/www.proantic.com\/magazine\/wp-content\/uploads\/2018\/10\/372387-4.jpg?fit=665%2C998&amp;ssl=1\" class=\"wp-image-9650\" src=\"https:\/\/i0.wp.com\/www.proantic.com\/magazine\/wp-content\/uploads\/2018\/10\/372387-4-682x1024.jpg?resize=500%2C751\" alt=\"\" width=\"500\" height=\"751\" srcset=\"https:\/\/i0.wp.com\/www.proantic.com\/magazine\/wp-content\/uploads\/2018\/10\/372387-4.jpg?resize=682%2C1024&amp;ssl=1 682w, https:\/\/i0.wp.com\/www.proantic.com\/magazine\/wp-content\/uploads\/2018\/10\/372387-4.jpg?resize=200%2C300&amp;ssl=1 200w, https:\/\/i0.wp.com\/www.proantic.com\/magazine\/wp-content\/uploads\/2018\/10\/372387-4.jpg?resize=768%2C1153&amp;ssl=1 768w, https:\/\/i0.wp.com\/www.proantic.com\/magazine\/wp-content\/uploads\/2018\/10\/372387-4.jpg?resize=120%2C180&amp;ssl=1 120w, https:\/\/i0.wp.com\/www.proantic.com\/magazine\/wp-content\/uploads\/2018\/10\/372387-4.jpg?w=799&amp;ssl=1 799w\" sizes=\"auto, (max-width: 500px) 100vw, 500px\" \/><\/a><figcaption id=\"caption-attachment-9650\" class=\"wp-caption-text\">Ecrans pare-\u00e9tincelles. XIX\u00e8me.<br \/> (c) Galerie Atena<\/figcaption><\/figure>\n<p>La feuille \u00e9tait d\u00e9cor\u00e9e avec des illustrations de Watteau ou Fran\u00e7ois Boucher. Les deux c\u00f4t\u00e9s portaient sur des faits d&rsquo;histoire, de soci\u00e9t\u00e9, de th\u00e9\u00e2tre ou encore des fables. Sur une face, le dessin \u00e9tait grav\u00e9 ou peint \u00e0 la gouache, agr\u00e9ment\u00e9 de fleurs et guirlandes, repr\u00e9sentant des ch\u00e2teaux ou des personnages royaux, des sc\u00e8nes de th\u00e9\u00e2tre, des cartons de g\u00e9ographie. Au XVIII\u00e8me si\u00e8cle, la bonne soci\u00e9t\u00e9 \u00e9taient int\u00e9ress\u00e9e par les r\u00e9cits des\u00a0grands voyageurs et de leurs d\u00e9couvertes du monde.<\/p>\n<figure id=\"attachment_9649\" aria-describedby=\"caption-attachment-9649\" style=\"width: 500px\" class=\"wp-caption aligncenter\"><a href=\"https:\/\/i0.wp.com\/www.proantic.com\/magazine\/wp-content\/uploads\/2018\/10\/244067-1.jpg\"><img data-recalc-dims=\"1\" loading=\"lazy\" decoding=\"async\" data-attachment-id=\"9649\" data-permalink=\"https:\/\/www.proantic.com\/magazine\/lecran-a-main-accessoire-domestique\/244067-1\/\" data-orig-file=\"https:\/\/i0.wp.com\/www.proantic.com\/magazine\/wp-content\/uploads\/2018\/10\/244067-1.jpg?fit=1000%2C757&amp;ssl=1\" data-orig-size=\"1000,757\" data-comments-opened=\"1\" data-image-meta=\"{&quot;aperture&quot;:&quot;0&quot;,&quot;credit&quot;:&quot;&quot;,&quot;camera&quot;:&quot;&quot;,&quot;caption&quot;:&quot;&quot;,&quot;created_timestamp&quot;:&quot;0&quot;,&quot;copyright&quot;:&quot;&quot;,&quot;focal_length&quot;:&quot;0&quot;,&quot;iso&quot;:&quot;0&quot;,&quot;shutter_speed&quot;:&quot;0&quot;,&quot;title&quot;:&quot;&quot;,&quot;orientation&quot;:&quot;1&quot;}\" data-image-title=\"Paire d&amp;rsquo;\u00e9cran XIX\u00e8me en carton et manche en bois. (c) L&amp;rsquo;orangerie, Proantic\" data-image-description=\"\" data-image-caption=\"&lt;p&gt;Paire d&amp;rsquo;\u00e9cran XIX\u00e8me en carton et manche en bois.&lt;br \/&gt;\n(c) L&amp;rsquo;orangerie, Proantic&lt;\/p&gt;\n\" data-medium-file=\"https:\/\/i0.wp.com\/www.proantic.com\/magazine\/wp-content\/uploads\/2018\/10\/244067-1.jpg?fit=300%2C227&amp;ssl=1\" data-large-file=\"https:\/\/i0.wp.com\/www.proantic.com\/magazine\/wp-content\/uploads\/2018\/10\/244067-1.jpg?fit=665%2C503&amp;ssl=1\" class=\"wp-image-9649\" src=\"https:\/\/i0.wp.com\/www.proantic.com\/magazine\/wp-content\/uploads\/2018\/10\/244067-1.jpg?resize=500%2C379\" alt=\"\" width=\"500\" height=\"379\" srcset=\"https:\/\/i0.wp.com\/www.proantic.com\/magazine\/wp-content\/uploads\/2018\/10\/244067-1.jpg?w=1000&amp;ssl=1 1000w, https:\/\/i0.wp.com\/www.proantic.com\/magazine\/wp-content\/uploads\/2018\/10\/244067-1.jpg?resize=300%2C227&amp;ssl=1 300w, https:\/\/i0.wp.com\/www.proantic.com\/magazine\/wp-content\/uploads\/2018\/10\/244067-1.jpg?resize=768%2C581&amp;ssl=1 768w, https:\/\/i0.wp.com\/www.proantic.com\/magazine\/wp-content\/uploads\/2018\/10\/244067-1.jpg?resize=180%2C136&amp;ssl=1 180w\" sizes=\"auto, (max-width: 500px) 100vw, 500px\" \/><\/a><figcaption id=\"caption-attachment-9649\" class=\"wp-caption-text\">Paire d&rsquo;\u00e9cran XIX\u00e8me en carton et manche en bois.<br \/> (c) L&rsquo;orangerie, Proantic<\/figcaption><\/figure>\n<p>Ces objets sont rares et il n&rsquo;existe que tr\u00e8s peu d&rsquo;exemplaires conserv\u00e9s. Plusieurs raisons expliquent cette p\u00e9nurie : de fabrication modeste, diffus\u00e9 en grande quantit\u00e9, le plus souvent r\u00e9alis\u00e9 par des artistes anonymes, donc de peu de valeur marchande, l&rsquo;\u00e9cran \u00e0 main avait pour vocation d&rsquo;\u00eatre jet\u00e9 au feu d\u00e8s qu&rsquo;il pr\u00e9sentait des signes d&rsquo;usure. La fragilit\u00e9 du carton en a fait une proie id\u00e9ale pour l&rsquo;humidit\u00e9 et les rongeurs, lorsqu&rsquo;il a \u00e9t\u00e9 abandonn\u00e9 dans une cave ou dans un grenier.<\/p>\n","protected":false},"excerpt":{"rendered":"<p>Accessoire souvent confondu avec l\u2019\u00e9ventail, l&rsquo;\u00e9cran \u00e0 main n\u2019avait pourtant pas la m\u00eame fonction. Il servait non pas \u00e0 se ventiler pour se rafra\u00eechir mais \u00e0 se prot\u00e9ger le visage, souvent fard\u00e9, de la chaleur du feu de la chemin\u00e9e. Son usage se d\u00e9veloppe en Europe en parall\u00e8le de l\u2019\u00e9ventail dont il est une variante. [&hellip;]<\/p>\n","protected":false},"author":6,"featured_media":9651,"comment_status":"closed","ping_status":"open","sticky":false,"template":"","format":"standard","meta":{"jetpack_post_was_ever_published":false,"_jetpack_newsletter_access":"","_jetpack_dont_email_post_to_subs":false,"_jetpack_newsletter_tier_id":0,"_jetpack_memberships_contains_paywalled_content":false,"_jetpack_memberships_contains_paid_content":false,"footnotes":"","jetpack_publicize_message":"","jetpack_publicize_feature_enabled":true,"jetpack_social_post_already_shared":true,"jetpack_social_options":{"image_generator_settings":{"template":"highway","default_image_id":0,"font":"","enabled":false},"version":2}},"categories":[180],"tags":[],"class_list":["post-9627","post","type-post","status-publish","format-standard","has-post-thumbnail","hentry","category-arts-decoratifs-proantic"],"yoast_head":"<!-- This site is optimized with the Yoast SEO plugin v26.9 - https:\/\/yoast.com\/product\/yoast-seo-wordpress\/ -->\n<title>L&#039;\u00e9cran \u00e0 main - un accessoire domestique Le Magazine de Proantic<\/title>\n<meta name=\"description\" content=\"Accessoire souvent confondu avec l\u2019\u00e9ventail, l&#039;\u00e9cran \u00e0 main n\u2019avait pourtant pas la m\u00eame fonction. Il servait non pas \u00e0 se ventiler pour se rafra\u00eechir\" \/>\n<meta name=\"robots\" content=\"index, follow, max-snippet:-1, max-image-preview:large, max-video-preview:-1\" \/>\n<link rel=\"canonical\" href=\"https:\/\/www.proantic.com\/magazine\/lecran-a-main-accessoire-domestique\/\" \/>\n<meta property=\"og:locale\" content=\"fr_FR\" \/>\n<meta property=\"og:type\" content=\"article\" \/>\n<meta property=\"og:title\" content=\"L&#039;\u00e9cran \u00e0 main - un accessoire domestique Le Magazine de Proantic\" \/>\n<meta property=\"og:description\" content=\"Accessoire souvent confondu avec l\u2019\u00e9ventail, l&#039;\u00e9cran \u00e0 main n\u2019avait pourtant pas la m\u00eame fonction. Il servait non pas \u00e0 se ventiler pour se rafra\u00eechir\" \/>\n<meta property=\"og:url\" content=\"https:\/\/www.proantic.com\/magazine\/lecran-a-main-accessoire-domestique\/\" \/>\n<meta property=\"og:site_name\" content=\"Le Magazine de Proantic\" \/>\n<meta property=\"article:publisher\" content=\"https:\/\/www.facebook.com\/pages\/Proantic\/\/259180871793\" \/>\n<meta property=\"article:published_time\" content=\"2018-10-26T09:52:10+00:00\" \/>\n<meta property=\"article:modified_time\" content=\"2018-10-28T12:31:40+00:00\" \/>\n<meta property=\"og:image\" content=\"https:\/\/i0.wp.com\/www.proantic.com\/magazine\/wp-content\/uploads\/2018\/10\/asdert.jpg?fit=808%2C592&ssl=1\" \/>\n\t<meta property=\"og:image:width\" content=\"808\" \/>\n\t<meta property=\"og:image:height\" content=\"592\" \/>\n\t<meta property=\"og:image:type\" content=\"image\/jpeg\" \/>\n<meta name=\"author\" content=\"C\u00e9line Autant\" \/>\n<meta name=\"twitter:label1\" content=\"\u00c9crit par\" \/>\n\t<meta name=\"twitter:data1\" content=\"C\u00e9line Autant\" \/>\n\t<meta name=\"twitter:label2\" content=\"Dur\u00e9e de lecture estim\u00e9e\" \/>\n\t<meta name=\"twitter:data2\" content=\"3 minutes\" \/>\n<script type=\"application\/ld+json\" class=\"yoast-schema-graph\">{\"@context\":\"https:\/\/schema.org\",\"@graph\":[{\"@type\":\"Article\",\"@id\":\"https:\/\/www.proantic.com\/magazine\/lecran-a-main-accessoire-domestique\/#article\",\"isPartOf\":{\"@id\":\"https:\/\/www.proantic.com\/magazine\/lecran-a-main-accessoire-domestique\/\"},\"author\":{\"name\":\"C\u00e9line Autant\",\"@id\":\"https:\/\/www.proantic.com\/magazine\/#\/schema\/person\/932db14f53d245f4acce86a3fe906582\"},\"headline\":\"L&rsquo;\u00e9cran \u00e0 main &#8211; un accessoire domestique\",\"datePublished\":\"2018-10-26T09:52:10+00:00\",\"dateModified\":\"2018-10-28T12:31:40+00:00\",\"mainEntityOfPage\":{\"@id\":\"https:\/\/www.proantic.com\/magazine\/lecran-a-main-accessoire-domestique\/\"},\"wordCount\":620,\"image\":{\"@id\":\"https:\/\/www.proantic.com\/magazine\/lecran-a-main-accessoire-domestique\/#primaryimage\"},\"thumbnailUrl\":\"https:\/\/i0.wp.com\/www.proantic.com\/magazine\/wp-content\/uploads\/2018\/10\/asdert.jpg?fit=808%2C592&ssl=1\",\"articleSection\":[\"Arts d\u00e9coratifs sur Proantic\"],\"inLanguage\":\"fr-FR\"},{\"@type\":\"WebPage\",\"@id\":\"https:\/\/www.proantic.com\/magazine\/lecran-a-main-accessoire-domestique\/\",\"url\":\"https:\/\/www.proantic.com\/magazine\/lecran-a-main-accessoire-domestique\/\",\"name\":\"L'\u00e9cran \u00e0 main - un accessoire domestique Le Magazine de Proantic\",\"isPartOf\":{\"@id\":\"https:\/\/www.proantic.com\/magazine\/#website\"},\"primaryImageOfPage\":{\"@id\":\"https:\/\/www.proantic.com\/magazine\/lecran-a-main-accessoire-domestique\/#primaryimage\"},\"image\":{\"@id\":\"https:\/\/www.proantic.com\/magazine\/lecran-a-main-accessoire-domestique\/#primaryimage\"},\"thumbnailUrl\":\"https:\/\/i0.wp.com\/www.proantic.com\/magazine\/wp-content\/uploads\/2018\/10\/asdert.jpg?fit=808%2C592&ssl=1\",\"datePublished\":\"2018-10-26T09:52:10+00:00\",\"dateModified\":\"2018-10-28T12:31:40+00:00\",\"author\":{\"@id\":\"https:\/\/www.proantic.com\/magazine\/#\/schema\/person\/932db14f53d245f4acce86a3fe906582\"},\"description\":\"Accessoire souvent confondu avec l\u2019\u00e9ventail, l'\u00e9cran \u00e0 main n\u2019avait pourtant pas la m\u00eame fonction. Il servait non pas \u00e0 se ventiler pour se rafra\u00eechir\",\"breadcrumb\":{\"@id\":\"https:\/\/www.proantic.com\/magazine\/lecran-a-main-accessoire-domestique\/#breadcrumb\"},\"inLanguage\":\"fr-FR\",\"potentialAction\":[{\"@type\":\"ReadAction\",\"target\":[\"https:\/\/www.proantic.com\/magazine\/lecran-a-main-accessoire-domestique\/\"]}]},{\"@type\":\"ImageObject\",\"inLanguage\":\"fr-FR\",\"@id\":\"https:\/\/www.proantic.com\/magazine\/lecran-a-main-accessoire-domestique\/#primaryimage\",\"url\":\"https:\/\/i0.wp.com\/www.proantic.com\/magazine\/wp-content\/uploads\/2018\/10\/asdert.jpg?fit=808%2C592&ssl=1\",\"contentUrl\":\"https:\/\/i0.wp.com\/www.proantic.com\/magazine\/wp-content\/uploads\/2018\/10\/asdert.jpg?fit=808%2C592&ssl=1\",\"width\":808,\"height\":592},{\"@type\":\"BreadcrumbList\",\"@id\":\"https:\/\/www.proantic.com\/magazine\/lecran-a-main-accessoire-domestique\/#breadcrumb\",\"itemListElement\":[{\"@type\":\"ListItem\",\"position\":1,\"name\":\"Accueil\",\"item\":\"https:\/\/www.proantic.com\/magazine\/\"},{\"@type\":\"ListItem\",\"position\":2,\"name\":\"L&rsquo;\u00e9cran \u00e0 main &#8211; un accessoire domestique\"}]},{\"@type\":\"WebSite\",\"@id\":\"https:\/\/www.proantic.com\/magazine\/#website\",\"url\":\"https:\/\/www.proantic.com\/magazine\/\",\"name\":\"Le Magazine de Proantic\",\"description\":\"Magazine d&#039;art et expositions\",\"potentialAction\":[{\"@type\":\"SearchAction\",\"target\":{\"@type\":\"EntryPoint\",\"urlTemplate\":\"https:\/\/www.proantic.com\/magazine\/?s={search_term_string}\"},\"query-input\":{\"@type\":\"PropertyValueSpecification\",\"valueRequired\":true,\"valueName\":\"search_term_string\"}}],\"inLanguage\":\"fr-FR\"},{\"@type\":\"Person\",\"@id\":\"https:\/\/www.proantic.com\/magazine\/#\/schema\/person\/932db14f53d245f4acce86a3fe906582\",\"name\":\"C\u00e9line Autant\"}]}<\/script>\n<!-- \/ Yoast SEO plugin. -->","yoast_head_json":{"title":"L'\u00e9cran \u00e0 main - un accessoire domestique Le Magazine de Proantic","description":"Accessoire souvent confondu avec l\u2019\u00e9ventail, l'\u00e9cran \u00e0 main n\u2019avait pourtant pas la m\u00eame fonction. Il servait non pas \u00e0 se ventiler pour se rafra\u00eechir","robots":{"index":"index","follow":"follow","max-snippet":"max-snippet:-1","max-image-preview":"max-image-preview:large","max-video-preview":"max-video-preview:-1"},"canonical":"https:\/\/www.proantic.com\/magazine\/lecran-a-main-accessoire-domestique\/","og_locale":"fr_FR","og_type":"article","og_title":"L'\u00e9cran \u00e0 main - un accessoire domestique Le Magazine de Proantic","og_description":"Accessoire souvent confondu avec l\u2019\u00e9ventail, l'\u00e9cran \u00e0 main n\u2019avait pourtant pas la m\u00eame fonction. Il servait non pas \u00e0 se ventiler pour se rafra\u00eechir","og_url":"https:\/\/www.proantic.com\/magazine\/lecran-a-main-accessoire-domestique\/","og_site_name":"Le Magazine de Proantic","article_publisher":"https:\/\/www.facebook.com\/pages\/Proantic\/\/259180871793","article_published_time":"2018-10-26T09:52:10+00:00","article_modified_time":"2018-10-28T12:31:40+00:00","og_image":[{"width":808,"height":592,"url":"https:\/\/i0.wp.com\/www.proantic.com\/magazine\/wp-content\/uploads\/2018\/10\/asdert.jpg?fit=808%2C592&ssl=1","type":"image\/jpeg"}],"author":"C\u00e9line Autant","twitter_misc":{"\u00c9crit par":"C\u00e9line Autant","Dur\u00e9e de lecture estim\u00e9e":"3 minutes"},"schema":{"@context":"https:\/\/schema.org","@graph":[{"@type":"Article","@id":"https:\/\/www.proantic.com\/magazine\/lecran-a-main-accessoire-domestique\/#article","isPartOf":{"@id":"https:\/\/www.proantic.com\/magazine\/lecran-a-main-accessoire-domestique\/"},"author":{"name":"C\u00e9line Autant","@id":"https:\/\/www.proantic.com\/magazine\/#\/schema\/person\/932db14f53d245f4acce86a3fe906582"},"headline":"L&rsquo;\u00e9cran \u00e0 main &#8211; un accessoire domestique","datePublished":"2018-10-26T09:52:10+00:00","dateModified":"2018-10-28T12:31:40+00:00","mainEntityOfPage":{"@id":"https:\/\/www.proantic.com\/magazine\/lecran-a-main-accessoire-domestique\/"},"wordCount":620,"image":{"@id":"https:\/\/www.proantic.com\/magazine\/lecran-a-main-accessoire-domestique\/#primaryimage"},"thumbnailUrl":"https:\/\/i0.wp.com\/www.proantic.com\/magazine\/wp-content\/uploads\/2018\/10\/asdert.jpg?fit=808%2C592&ssl=1","articleSection":["Arts d\u00e9coratifs sur Proantic"],"inLanguage":"fr-FR"},{"@type":"WebPage","@id":"https:\/\/www.proantic.com\/magazine\/lecran-a-main-accessoire-domestique\/","url":"https:\/\/www.proantic.com\/magazine\/lecran-a-main-accessoire-domestique\/","name":"L'\u00e9cran \u00e0 main - un accessoire domestique Le Magazine de Proantic","isPartOf":{"@id":"https:\/\/www.proantic.com\/magazine\/#website"},"primaryImageOfPage":{"@id":"https:\/\/www.proantic.com\/magazine\/lecran-a-main-accessoire-domestique\/#primaryimage"},"image":{"@id":"https:\/\/www.proantic.com\/magazine\/lecran-a-main-accessoire-domestique\/#primaryimage"},"thumbnailUrl":"https:\/\/i0.wp.com\/www.proantic.com\/magazine\/wp-content\/uploads\/2018\/10\/asdert.jpg?fit=808%2C592&ssl=1","datePublished":"2018-10-26T09:52:10+00:00","dateModified":"2018-10-28T12:31:40+00:00","author":{"@id":"https:\/\/www.proantic.com\/magazine\/#\/schema\/person\/932db14f53d245f4acce86a3fe906582"},"description":"Accessoire souvent confondu avec l\u2019\u00e9ventail, l'\u00e9cran \u00e0 main n\u2019avait pourtant pas la m\u00eame fonction. Il servait non pas \u00e0 se ventiler pour se rafra\u00eechir","breadcrumb":{"@id":"https:\/\/www.proantic.com\/magazine\/lecran-a-main-accessoire-domestique\/#breadcrumb"},"inLanguage":"fr-FR","potentialAction":[{"@type":"ReadAction","target":["https:\/\/www.proantic.com\/magazine\/lecran-a-main-accessoire-domestique\/"]}]},{"@type":"ImageObject","inLanguage":"fr-FR","@id":"https:\/\/www.proantic.com\/magazine\/lecran-a-main-accessoire-domestique\/#primaryimage","url":"https:\/\/i0.wp.com\/www.proantic.com\/magazine\/wp-content\/uploads\/2018\/10\/asdert.jpg?fit=808%2C592&ssl=1","contentUrl":"https:\/\/i0.wp.com\/www.proantic.com\/magazine\/wp-content\/uploads\/2018\/10\/asdert.jpg?fit=808%2C592&ssl=1","width":808,"height":592},{"@type":"BreadcrumbList","@id":"https:\/\/www.proantic.com\/magazine\/lecran-a-main-accessoire-domestique\/#breadcrumb","itemListElement":[{"@type":"ListItem","position":1,"name":"Accueil","item":"https:\/\/www.proantic.com\/magazine\/"},{"@type":"ListItem","position":2,"name":"L&rsquo;\u00e9cran \u00e0 main &#8211; un accessoire domestique"}]},{"@type":"WebSite","@id":"https:\/\/www.proantic.com\/magazine\/#website","url":"https:\/\/www.proantic.com\/magazine\/","name":"Le Magazine de Proantic","description":"Magazine d&#039;art et expositions","potentialAction":[{"@type":"SearchAction","target":{"@type":"EntryPoint","urlTemplate":"https:\/\/www.proantic.com\/magazine\/?s={search_term_string}"},"query-input":{"@type":"PropertyValueSpecification","valueRequired":true,"valueName":"search_term_string"}}],"inLanguage":"fr-FR"},{"@type":"Person","@id":"https:\/\/www.proantic.com\/magazine\/#\/schema\/person\/932db14f53d245f4acce86a3fe906582","name":"C\u00e9line Autant"}]}},"jetpack_publicize_connections":[],"jetpack_featured_media_url":"https:\/\/i0.wp.com\/www.proantic.com\/magazine\/wp-content\/uploads\/2018\/10\/asdert.jpg?fit=808%2C592&ssl=1","jetpack_shortlink":"https:\/\/wp.me\/p7EkP3-2vh","jetpack_sharing_enabled":true,"_links":{"self":[{"href":"https:\/\/www.proantic.com\/magazine\/wp-json\/wp\/v2\/posts\/9627","targetHints":{"allow":["GET"]}}],"collection":[{"href":"https:\/\/www.proantic.com\/magazine\/wp-json\/wp\/v2\/posts"}],"about":[{"href":"https:\/\/www.proantic.com\/magazine\/wp-json\/wp\/v2\/types\/post"}],"author":[{"embeddable":true,"href":"https:\/\/www.proantic.com\/magazine\/wp-json\/wp\/v2\/users\/6"}],"replies":[{"embeddable":true,"href":"https:\/\/www.proantic.com\/magazine\/wp-json\/wp\/v2\/comments?post=9627"}],"version-history":[{"count":0,"href":"https:\/\/www.proantic.com\/magazine\/wp-json\/wp\/v2\/posts\/9627\/revisions"}],"wp:featuredmedia":[{"embeddable":true,"href":"https:\/\/www.proantic.com\/magazine\/wp-json\/wp\/v2\/media\/9651"}],"wp:attachment":[{"href":"https:\/\/www.proantic.com\/magazine\/wp-json\/wp\/v2\/media?parent=9627"}],"wp:term":[{"taxonomy":"category","embeddable":true,"href":"https:\/\/www.proantic.com\/magazine\/wp-json\/wp\/v2\/categories?post=9627"},{"taxonomy":"post_tag","embeddable":true,"href":"https:\/\/www.proantic.com\/magazine\/wp-json\/wp\/v2\/tags?post=9627"}],"curies":[{"name":"wp","href":"https:\/\/api.w.org\/{rel}","templated":true}]}}