{"id":9583,"date":"2018-10-19T10:17:59","date_gmt":"2018-10-19T09:17:59","guid":{"rendered":"http:\/\/www.proantic.com\/magazine\/?p=9583"},"modified":"2018-10-21T19:46:55","modified_gmt":"2018-10-21T18:46:55","slug":"alphonse-mucha","status":"publish","type":"post","link":"https:\/\/www.proantic.com\/magazine\/alphonse-mucha\/","title":{"rendered":"Alphonse Mucha"},"content":{"rendered":"<p><strong>Alphonse Mucha (1860-1939) est un artiste \u00e0 la fois c\u00e9l\u00e8bre et m\u00e9connu. C\u00e9l\u00e8bre pour avoir parfois\u00a0donn\u00e9 son nom \u00e0 l\u2019Art nouveau, dont il fut sans doute le repr\u00e9sentant le plus populaire.<\/strong> M\u00e9connu pour son immense ambition de peintre vou\u00e9 \u00e0 la cause nationale de son pays d\u2019origine, qui ne s\u2019appelait pas encore la Tch\u00e9quie, et des peuples slaves. L\u2019exposition du Mus\u00e9e du Luxembourg, la premi\u00e8re consacr\u00e9e \u00e0 l\u2019artiste dans la capitale depuis la r\u00e9trospective du Grand Palais en 1980, se propose donc de red\u00e9couvrir le premier Mucha et de d\u00e9couvrir le second, de redonner \u00e0 cet artiste prolifique toute sa complexit\u00e9 artistique, politique et spirituelle.<\/p>\n<figure id=\"attachment_9587\" aria-describedby=\"caption-attachment-9587\" style=\"width: 600px\" class=\"wp-caption aligncenter\"><a href=\"https:\/\/i0.wp.com\/www.proantic.com\/magazine\/wp-content\/uploads\/2018\/10\/azz.jpg\"><img data-recalc-dims=\"1\" loading=\"lazy\" decoding=\"async\" data-attachment-id=\"9587\" data-permalink=\"https:\/\/www.proantic.com\/magazine\/alphonse-mucha\/azz\/\" data-orig-file=\"https:\/\/i0.wp.com\/www.proantic.com\/magazine\/wp-content\/uploads\/2018\/10\/azz.jpg?fit=1205%2C1600&amp;ssl=1\" data-orig-size=\"1205,1600\" data-comments-opened=\"1\" data-image-meta=\"{&quot;aperture&quot;:&quot;0&quot;,&quot;credit&quot;:&quot;&quot;,&quot;camera&quot;:&quot;&quot;,&quot;caption&quot;:&quot;&quot;,&quot;created_timestamp&quot;:&quot;0&quot;,&quot;copyright&quot;:&quot;&quot;,&quot;focal_length&quot;:&quot;0&quot;,&quot;iso&quot;:&quot;0&quot;,&quot;shutter_speed&quot;:&quot;0&quot;,&quot;title&quot;:&quot;&quot;,&quot;orientation&quot;:&quot;0&quot;}\" data-image-title=\"Exposition Alphonse Mucha\" data-image-description=\"\" data-image-caption=\"&lt;p&gt;\u00ab\u00a0Le zodiaque\u00a0\u00bb, 1896 de Alphonse MUCHA. Prague, (c) Fondation Mucha. &lt;\/p&gt;\n\" data-medium-file=\"https:\/\/i0.wp.com\/www.proantic.com\/magazine\/wp-content\/uploads\/2018\/10\/azz.jpg?fit=226%2C300&amp;ssl=1\" data-large-file=\"https:\/\/i0.wp.com\/www.proantic.com\/magazine\/wp-content\/uploads\/2018\/10\/azz.jpg?fit=665%2C883&amp;ssl=1\" class=\"wp-image-9587\" src=\"https:\/\/i0.wp.com\/www.proantic.com\/magazine\/wp-content\/uploads\/2018\/10\/azz-771x1024.jpg?resize=600%2C797\" alt=\"\" width=\"600\" height=\"797\" srcset=\"https:\/\/i0.wp.com\/www.proantic.com\/magazine\/wp-content\/uploads\/2018\/10\/azz.jpg?resize=771%2C1024&amp;ssl=1 771w, https:\/\/i0.wp.com\/www.proantic.com\/magazine\/wp-content\/uploads\/2018\/10\/azz.jpg?resize=226%2C300&amp;ssl=1 226w, https:\/\/i0.wp.com\/www.proantic.com\/magazine\/wp-content\/uploads\/2018\/10\/azz.jpg?resize=768%2C1020&amp;ssl=1 768w, https:\/\/i0.wp.com\/www.proantic.com\/magazine\/wp-content\/uploads\/2018\/10\/azz.jpg?resize=136%2C180&amp;ssl=1 136w, https:\/\/i0.wp.com\/www.proantic.com\/magazine\/wp-content\/uploads\/2018\/10\/azz.jpg?w=1205&amp;ssl=1 1205w\" sizes=\"auto, (max-width: 600px) 100vw, 600px\" \/><\/a><figcaption id=\"caption-attachment-9587\" class=\"wp-caption-text\">\u00ab\u00a0Le zodiaque\u00a0\u00bb, 1896 de Alphonse Mucha. Prague, (c) Fondation Mucha.<\/figcaption><\/figure>\n<p>N\u00e9 en 1860 en Moravie, Mucha arrive \u00e0 Paris en 1887 et commence une carri\u00e8re d\u2019illustrateur. En d\u00e9cembre 1894, c\u2019est sa rencontre avec la grande trag\u00e9dienne, Sarah Bernhardt, qui lance sa carri\u00e8re d\u2019affichiste. Il r\u00e9alise pour elle l\u2019affiche de Gismonda, une pi\u00e8ce de Victorien Sardou, premi\u00e8re d\u2019une longue s\u00e9rie d\u2019affiches publicitaires, ou simplement d\u00e9coratives, variant \u00e0 l\u2019infini un r\u00e9pertoire de figures f\u00e9minines entrem\u00eal\u00e9es de fleurs et de volutes graphiques, qui lui apporteront une immense notori\u00e9t\u00e9 et l\u2019amiti\u00e9 d\u2019artistes comme Gauguin ou Rodin. Il est parall\u00e8lement sollicit\u00e9 pour des travaux de d\u00e9coration, par le joaillier Georges Fouquet, ou d\u2019illustration pour des livres.<\/p>\n<figure id=\"attachment_9588\" aria-describedby=\"caption-attachment-9588\" style=\"width: 665px\" class=\"wp-caption aligncenter\"><a href=\"https:\/\/i0.wp.com\/www.proantic.com\/magazine\/wp-content\/uploads\/2018\/10\/aszee.jpg\"><img data-recalc-dims=\"1\" loading=\"lazy\" decoding=\"async\" data-attachment-id=\"9588\" data-permalink=\"https:\/\/www.proantic.com\/magazine\/alphonse-mucha\/aszee\/\" data-orig-file=\"https:\/\/i0.wp.com\/www.proantic.com\/magazine\/wp-content\/uploads\/2018\/10\/aszee.jpg?fit=1600%2C1200&amp;ssl=1\" data-orig-size=\"1600,1200\" data-comments-opened=\"1\" data-image-meta=\"{&quot;aperture&quot;:&quot;0&quot;,&quot;credit&quot;:&quot;&quot;,&quot;camera&quot;:&quot;&quot;,&quot;caption&quot;:&quot;&quot;,&quot;created_timestamp&quot;:&quot;0&quot;,&quot;copyright&quot;:&quot;&quot;,&quot;focal_length&quot;:&quot;0&quot;,&quot;iso&quot;:&quot;0&quot;,&quot;shutter_speed&quot;:&quot;0&quot;,&quot;title&quot;:&quot;&quot;,&quot;orientation&quot;:&quot;0&quot;}\" data-image-title=\"Exposition Alphonse Mucha\" data-image-description=\"\" data-image-caption=\"&lt;p&gt;\u00ab\u00a0Ldame aux camelias\u00a0\u00bb \u00ab\u00a0Cismonda\u00a0\u00bb et Me\u0301de\u0301e, 1898 de Alphonse MUCHA. (c) Prague, Fondation Mucha. &lt;\/p&gt;\n\" data-medium-file=\"https:\/\/i0.wp.com\/www.proantic.com\/magazine\/wp-content\/uploads\/2018\/10\/aszee.jpg?fit=300%2C225&amp;ssl=1\" data-large-file=\"https:\/\/i0.wp.com\/www.proantic.com\/magazine\/wp-content\/uploads\/2018\/10\/aszee.jpg?fit=665%2C499&amp;ssl=1\" class=\"size-large wp-image-9588\" src=\"https:\/\/i0.wp.com\/www.proantic.com\/magazine\/wp-content\/uploads\/2018\/10\/aszee-1024x768.jpg?resize=665%2C499\" alt=\"\" width=\"665\" height=\"499\" srcset=\"https:\/\/i0.wp.com\/www.proantic.com\/magazine\/wp-content\/uploads\/2018\/10\/aszee.jpg?resize=1024%2C768&amp;ssl=1 1024w, https:\/\/i0.wp.com\/www.proantic.com\/magazine\/wp-content\/uploads\/2018\/10\/aszee.jpg?resize=300%2C225&amp;ssl=1 300w, https:\/\/i0.wp.com\/www.proantic.com\/magazine\/wp-content\/uploads\/2018\/10\/aszee.jpg?resize=768%2C576&amp;ssl=1 768w, https:\/\/i0.wp.com\/www.proantic.com\/magazine\/wp-content\/uploads\/2018\/10\/aszee.jpg?resize=180%2C135&amp;ssl=1 180w, https:\/\/i0.wp.com\/www.proantic.com\/magazine\/wp-content\/uploads\/2018\/10\/aszee.jpg?w=1600&amp;ssl=1 1600w, https:\/\/i0.wp.com\/www.proantic.com\/magazine\/wp-content\/uploads\/2018\/10\/aszee.jpg?w=1330&amp;ssl=1 1330w\" sizes=\"auto, (max-width: 665px) 100vw, 665px\" \/><\/a><figcaption id=\"caption-attachment-9588\" class=\"wp-caption-text\">\u00ab\u00a0La dame aux cam\u00e9lias\u00a0\u00bb \u00ab\u00a0Cismonda\u00a0\u00bb et Me\u0301de\u0301e, 1898 d&rsquo; Alphonse Mucha. (c) Prague, Fondation Mucha.<\/figcaption><\/figure>\n<p>Mais d\u00e8s 1900 et \u00e0 l\u2019occasion de l\u2019Exposition universelle, il entreprend de concevoir un projet qui d\u00e9peint l\u2019histoire et la civilisation du peuple tch\u00e8que et des peuples slaves. Cette entreprise, teint\u00e9e d\u2019une philosophie humaniste, franc-ma\u00e7onne, va l\u2019occuper les trente derni\u00e8res ann\u00e9es de sa carri\u00e8re et le conduire \u00e0 peindre des toiles gigantesques, pour lesquelles il produit une abondante quantit\u00e9 d\u2019\u00e9tudes pr\u00e9paratoires au dessin virtuose.<\/p>\n<p>Cette r\u00e9trospective montre donc non seulement les affiches qui ont fait sa gloire, mais aussi ses merveilleuses planches d\u2019illustrateur, ses peintures, ses photographies, bijoux, sculptures, pastels qui permettent aux visiteurs de d\u00e9couvrir toute la diversit\u00e9 de son art.<\/p>\n<span class=\"embed-youtube\" style=\"text-align:center; display: block;\"><iframe loading=\"lazy\" class=\"youtube-player\" width=\"665\" height=\"375\" src=\"https:\/\/www.youtube.com\/embed\/vd8mxgPYx7g?version=3&#038;rel=1&#038;showsearch=0&#038;showinfo=1&#038;iv_load_policy=1&#038;fs=1&#038;hl=fr-FR&#038;autohide=2&#038;wmode=transparent\" allowfullscreen=\"true\" style=\"border:0;\" sandbox=\"allow-scripts allow-same-origin allow-popups allow-presentation allow-popups-to-escape-sandbox\"><\/iframe><\/span>\n<p><strong>Parcours de l\u2019exposition<\/strong><\/p>\n<p>INTRODUCTION<\/p>\n<p>Alphonse Mucha est aujourd\u2019hui l\u2019un des artistes tch\u00e8ques les plus connus au monde. N\u00e9 en 1860 dans la petite ville d\u2019Ivan\u010dice, il acc\u00e8de \u00e0 la c\u00e9l\u00e9brit\u00e9 en 1895, \u00e0 Paris, en cr\u00e9ant des affiches pour Sarah Bernhardt, la plus grande actrice fran\u00e7aise de l\u2019\u00e9poque. En tant qu\u2019affichiste, Mucha d\u00e9veloppe un style tr\u00e8s personnel, le style Mucha, caract\u00e9ris\u00e9 par des formes sinueuses, des lignes organiques et une gamme subtile de tons pastel. Ce style incarnera bient\u00f4t le mouvement \u00e9mergeant \u00e0 l\u2019\u00e9poque dans les Arts d\u00e9coratifs, l\u2019Art nouveau. Quand l\u2019Exposition universelle de Paris ouvre ses portes en 1900, Mucha est d\u00e9j\u00e0 une figure de proue du mouvement et, quand il se rend pour la premi\u00e8re fois aux \u00c9tats-Unis en 1904, il est qualifi\u00e9 de \u00ab plus grand artiste d\u00e9coratif du monde \u00bb.<\/p>\n<figure id=\"attachment_9589\" aria-describedby=\"caption-attachment-9589\" style=\"width: 600px\" class=\"wp-caption aligncenter\"><a href=\"https:\/\/i0.wp.com\/www.proantic.com\/magazine\/wp-content\/uploads\/2018\/10\/nhy.jpg\"><img data-recalc-dims=\"1\" loading=\"lazy\" decoding=\"async\" data-attachment-id=\"9589\" data-permalink=\"https:\/\/www.proantic.com\/magazine\/alphonse-mucha\/nhy\/\" data-orig-file=\"https:\/\/i0.wp.com\/www.proantic.com\/magazine\/wp-content\/uploads\/2018\/10\/nhy.jpg?fit=1191%2C1600&amp;ssl=1\" data-orig-size=\"1191,1600\" data-comments-opened=\"1\" data-image-meta=\"{&quot;aperture&quot;:&quot;0&quot;,&quot;credit&quot;:&quot;&quot;,&quot;camera&quot;:&quot;&quot;,&quot;caption&quot;:&quot;&quot;,&quot;created_timestamp&quot;:&quot;0&quot;,&quot;copyright&quot;:&quot;&quot;,&quot;focal_length&quot;:&quot;0&quot;,&quot;iso&quot;:&quot;0&quot;,&quot;shutter_speed&quot;:&quot;0&quot;,&quot;title&quot;:&quot;&quot;,&quot;orientation&quot;:&quot;0&quot;}\" data-image-title=\"Exposition Alphonse Mucha\" data-image-description=\"\" data-image-caption=\"&lt;p&gt;\u00ab\u00a0Re\u0302verie\u00a0\u00bb, 1897 de Alphonse MUCHA. Prague, (c) Fondation Mucha&lt;\/p&gt;\n\" data-medium-file=\"https:\/\/i0.wp.com\/www.proantic.com\/magazine\/wp-content\/uploads\/2018\/10\/nhy.jpg?fit=223%2C300&amp;ssl=1\" data-large-file=\"https:\/\/i0.wp.com\/www.proantic.com\/magazine\/wp-content\/uploads\/2018\/10\/nhy.jpg?fit=665%2C894&amp;ssl=1\" class=\"wp-image-9589\" src=\"https:\/\/i0.wp.com\/www.proantic.com\/magazine\/wp-content\/uploads\/2018\/10\/nhy-762x1024.jpg?resize=600%2C806\" alt=\"\" width=\"600\" height=\"806\" srcset=\"https:\/\/i0.wp.com\/www.proantic.com\/magazine\/wp-content\/uploads\/2018\/10\/nhy.jpg?resize=762%2C1024&amp;ssl=1 762w, https:\/\/i0.wp.com\/www.proantic.com\/magazine\/wp-content\/uploads\/2018\/10\/nhy.jpg?resize=223%2C300&amp;ssl=1 223w, https:\/\/i0.wp.com\/www.proantic.com\/magazine\/wp-content\/uploads\/2018\/10\/nhy.jpg?resize=768%2C1032&amp;ssl=1 768w, https:\/\/i0.wp.com\/www.proantic.com\/magazine\/wp-content\/uploads\/2018\/10\/nhy.jpg?resize=134%2C180&amp;ssl=1 134w, https:\/\/i0.wp.com\/www.proantic.com\/magazine\/wp-content\/uploads\/2018\/10\/nhy.jpg?w=1191&amp;ssl=1 1191w\" sizes=\"auto, (max-width: 600px) 100vw, 600px\" \/><\/a><figcaption id=\"caption-attachment-9589\" class=\"wp-caption-text\">\u00ab\u00a0Re\u0302verie\u00a0\u00bb, 1897 d&rsquo; Alphonse Mucha. Prague, (c) Fondation Mucha<\/figcaption><\/figure>\n<p>Si les affiches de sa p\u00e9riode parisienne font sa renomm\u00e9e, Mucha est un artiste polyvalent : peintre, sculpteur, photographe, d\u00e9corateur, mais aussi professeur appr\u00e9ci\u00e9. Mais ses convictions politiques et humanistes l\u2019am\u00e8nent \u00e0 renoncer progressivement \u00e0 cette veine purement d\u00e9corative, et \u00e0 entreprendre des cycles de peinture d\u2019histoire, parfois sur tr\u00e8s grand format, dans un esprit militant et id\u00e9aliste. Autour de 1900-1910, au moment o\u00f9 \u00e9clatent les avant-gardes europ\u00e9ennes, il \u00e9volue et d\u00e9fend un art r\u00e9solument figuratif et \u00e9pique. Ses \u0153uvres tardives notamment L\u2019\u00c9pop\u00e9e slave (1912-1926), un cycle compos\u00e9 de vingt peintures d\u2019histoire monumentales, t\u00e9moignent ainsi de son r\u00eave d\u2019unit\u00e9 de tous les peuples slaves.<\/p>\n<p>En retra\u00e7ant la carri\u00e8re de Mucha, cette exposition voudrait restituer ainsi le portrait d\u2019un artiste visionnaire aux multiples facettes.<\/p>\n<figure id=\"attachment_9590\" aria-describedby=\"caption-attachment-9590\" style=\"width: 600px\" class=\"wp-caption aligncenter\"><a href=\"https:\/\/i0.wp.com\/www.proantic.com\/magazine\/wp-content\/uploads\/2018\/10\/aser-1.jpg\"><img data-recalc-dims=\"1\" loading=\"lazy\" decoding=\"async\" data-attachment-id=\"9590\" data-permalink=\"https:\/\/www.proantic.com\/magazine\/alphonse-mucha\/aser-6\/\" data-orig-file=\"https:\/\/i0.wp.com\/www.proantic.com\/magazine\/wp-content\/uploads\/2018\/10\/aser-1.jpg?fit=800%2C1152&amp;ssl=1\" data-orig-size=\"800,1152\" data-comments-opened=\"1\" data-image-meta=\"{&quot;aperture&quot;:&quot;0&quot;,&quot;credit&quot;:&quot;&quot;,&quot;camera&quot;:&quot;&quot;,&quot;caption&quot;:&quot;&quot;,&quot;created_timestamp&quot;:&quot;0&quot;,&quot;copyright&quot;:&quot;&quot;,&quot;focal_length&quot;:&quot;0&quot;,&quot;iso&quot;:&quot;0&quot;,&quot;shutter_speed&quot;:&quot;0&quot;,&quot;title&quot;:&quot;&quot;,&quot;orientation&quot;:&quot;0&quot;}\" data-image-title=\"Exposition Alphonse Mucha\" data-image-description=\"\" data-image-caption=\"&lt;p&gt;\u00a9 Mucha Trust&lt;\/p&gt;\n\" data-medium-file=\"https:\/\/i0.wp.com\/www.proantic.com\/magazine\/wp-content\/uploads\/2018\/10\/aser-1.jpg?fit=208%2C300&amp;ssl=1\" data-large-file=\"https:\/\/i0.wp.com\/www.proantic.com\/magazine\/wp-content\/uploads\/2018\/10\/aser-1.jpg?fit=665%2C958&amp;ssl=1\" class=\"wp-image-9590\" src=\"https:\/\/i0.wp.com\/www.proantic.com\/magazine\/wp-content\/uploads\/2018\/10\/aser-1-711x1024.jpg?resize=600%2C864\" alt=\"\" width=\"600\" height=\"864\" srcset=\"https:\/\/i0.wp.com\/www.proantic.com\/magazine\/wp-content\/uploads\/2018\/10\/aser-1.jpg?resize=711%2C1024&amp;ssl=1 711w, https:\/\/i0.wp.com\/www.proantic.com\/magazine\/wp-content\/uploads\/2018\/10\/aser-1.jpg?resize=208%2C300&amp;ssl=1 208w, https:\/\/i0.wp.com\/www.proantic.com\/magazine\/wp-content\/uploads\/2018\/10\/aser-1.jpg?resize=768%2C1106&amp;ssl=1 768w, https:\/\/i0.wp.com\/www.proantic.com\/magazine\/wp-content\/uploads\/2018\/10\/aser-1.jpg?resize=125%2C180&amp;ssl=1 125w, https:\/\/i0.wp.com\/www.proantic.com\/magazine\/wp-content\/uploads\/2018\/10\/aser-1.jpg?w=800&amp;ssl=1 800w\" sizes=\"auto, (max-width: 600px) 100vw, 600px\" \/><\/a><figcaption id=\"caption-attachment-9590\" class=\"wp-caption-text\">\u00a9 Mucha Trust<\/figcaption><\/figure>\n<p><strong>Un Boh\u00e9mien \u00e0 Paris<\/strong><\/p>\n<p>\u00ab L\u2019artiste doit rester fid\u00e8le \u00e0 lui-m\u00eame et \u00e0 ses racines nationales \u00bb<br \/>\n&#8211; Alphonse Mucha<\/p>\n<p>N\u00e9 en pleine renaissance nationale tch\u00e8que, Mucha grandit en croyant passionn\u00e9ment en une nation tch\u00e8que ind\u00e9pendante de l\u2019empire austro hongrois auquel elle \u00e9tait rattach\u00e9e. Dans sa ville natale d\u2019Ivan\u010dice, l\u2019adolescent talentueux d\u00e9fend tr\u00e8s t\u00f4t cette cause politique, en illustrant des magazines satiriques locaux et en d\u00e9corant des auditoriums. Sa vie et ses activit\u00e9s artistiques seront par la suite guid\u00e9es par son patriotisme qu\u2019il ressent comme une force spirituelle. A Munich et \u00e0 Paris o\u00f9 il se forme \u00e0 la fin des ann\u00e9es 1880, Mucha devient une figure de proue des communaut\u00e9s tch\u00e8ques et slaves. Sa conscience nationaliste est manifeste dans son \u0153uvre au travers de th\u00e8mes r\u00e9currents: l\u2019identit\u00e9 tch\u00e8que, la philosophie panslave et l\u2019amour pour sa famille et sa patrie.<\/p>\n<figure id=\"attachment_9591\" aria-describedby=\"caption-attachment-9591\" style=\"width: 600px\" class=\"wp-caption aligncenter\"><a href=\"https:\/\/i0.wp.com\/www.proantic.com\/magazine\/wp-content\/uploads\/2018\/10\/sklop.jpg\"><img data-recalc-dims=\"1\" loading=\"lazy\" decoding=\"async\" data-attachment-id=\"9591\" data-permalink=\"https:\/\/www.proantic.com\/magazine\/alphonse-mucha\/sklop\/\" data-orig-file=\"https:\/\/i0.wp.com\/www.proantic.com\/magazine\/wp-content\/uploads\/2018\/10\/sklop.jpg?fit=1200%2C1600&amp;ssl=1\" data-orig-size=\"1200,1600\" data-comments-opened=\"1\" data-image-meta=\"{&quot;aperture&quot;:&quot;0&quot;,&quot;credit&quot;:&quot;&quot;,&quot;camera&quot;:&quot;&quot;,&quot;caption&quot;:&quot;&quot;,&quot;created_timestamp&quot;:&quot;0&quot;,&quot;copyright&quot;:&quot;&quot;,&quot;focal_length&quot;:&quot;0&quot;,&quot;iso&quot;:&quot;0&quot;,&quot;shutter_speed&quot;:&quot;0&quot;,&quot;title&quot;:&quot;&quot;,&quot;orientation&quot;:&quot;0&quot;}\" data-image-title=\"Exposition Alphonse Mucha\" data-image-description=\"\" data-image-caption=\"&lt;p&gt;\u00ab\u00a0Les Saisons : l&amp;rsquo;\u00e9t\u00e9\u00a0\u00bb, 1896. S\u00e9rie de 4 panneaux d\u00e9coratifs de Alphonse MUCHA. Prague, Fondation Much.&lt;br \/&gt;\n(c) Mucha Trust &lt;\/p&gt;\n\" data-medium-file=\"https:\/\/i0.wp.com\/www.proantic.com\/magazine\/wp-content\/uploads\/2018\/10\/sklop.jpg?fit=225%2C300&amp;ssl=1\" data-large-file=\"https:\/\/i0.wp.com\/www.proantic.com\/magazine\/wp-content\/uploads\/2018\/10\/sklop.jpg?fit=665%2C887&amp;ssl=1\" class=\"wp-image-9591\" src=\"https:\/\/i0.wp.com\/www.proantic.com\/magazine\/wp-content\/uploads\/2018\/10\/sklop-768x1024.jpg?resize=600%2C800\" alt=\"\" width=\"600\" height=\"800\" srcset=\"https:\/\/i0.wp.com\/www.proantic.com\/magazine\/wp-content\/uploads\/2018\/10\/sklop.jpg?resize=768%2C1024&amp;ssl=1 768w, https:\/\/i0.wp.com\/www.proantic.com\/magazine\/wp-content\/uploads\/2018\/10\/sklop.jpg?resize=225%2C300&amp;ssl=1 225w, https:\/\/i0.wp.com\/www.proantic.com\/magazine\/wp-content\/uploads\/2018\/10\/sklop.jpg?resize=135%2C180&amp;ssl=1 135w, https:\/\/i0.wp.com\/www.proantic.com\/magazine\/wp-content\/uploads\/2018\/10\/sklop.jpg?w=1200&amp;ssl=1 1200w\" sizes=\"auto, (max-width: 600px) 100vw, 600px\" \/><\/a><figcaption id=\"caption-attachment-9591\" class=\"wp-caption-text\">\u00ab\u00a0Les Saisons : l&rsquo;\u00e9t\u00e9\u00a0\u00bb, 1896. S\u00e9rie de 4 panneaux d\u00e9coratifs de Alphonse MUCHA. Prague, Fondation Mucha.<br \/> (c) Mucha Trust<\/figcaption><\/figure>\n<p>Lorsque Mucha arrive \u00e0 Paris \u00e0 l\u2019automne 1887, la ville est la capitale europ\u00e9enne des arts. Venus de tous pays, les artistes et les \u00e9tudiants affluent et se regroupent par communaut\u00e9s. Mucha ne fait pas exception \u00e0 la r\u00e8gle ; il cr\u00e9e rapidement un club d\u2019\u00e9tudiants slaves, Lada, et rejoint plus tard la communaut\u00e9 tch\u00e8que, Beseda, dont il sera le pr\u00e9sident.<\/p>\n<figure id=\"attachment_9592\" aria-describedby=\"caption-attachment-9592\" style=\"width: 665px\" class=\"wp-caption aligncenter\"><a href=\"https:\/\/i0.wp.com\/www.proantic.com\/magazine\/wp-content\/uploads\/2018\/10\/boite-pour-les-gaufrettes-1600x0.jpg\"><img data-recalc-dims=\"1\" loading=\"lazy\" decoding=\"async\" data-attachment-id=\"9592\" data-permalink=\"https:\/\/www.proantic.com\/magazine\/alphonse-mucha\/boite-pour-les-gaufrettes-1600x0\/\" data-orig-file=\"https:\/\/i0.wp.com\/www.proantic.com\/magazine\/wp-content\/uploads\/2018\/10\/boite-pour-les-gaufrettes-1600x0.jpg?fit=1600%2C1263&amp;ssl=1\" data-orig-size=\"1600,1263\" data-comments-opened=\"1\" data-image-meta=\"{&quot;aperture&quot;:&quot;0&quot;,&quot;credit&quot;:&quot;&quot;,&quot;camera&quot;:&quot;&quot;,&quot;caption&quot;:&quot;&quot;,&quot;created_timestamp&quot;:&quot;0&quot;,&quot;copyright&quot;:&quot;&quot;,&quot;focal_length&quot;:&quot;0&quot;,&quot;iso&quot;:&quot;0&quot;,&quot;shutter_speed&quot;:&quot;0&quot;,&quot;title&quot;:&quot;&quot;,&quot;orientation&quot;:&quot;0&quot;}\" data-image-title=\"Exposition Alphonse Mucha\" data-image-description=\"\" data-image-caption=\"&lt;p&gt;Alphon Mucha- Boite pour des gaufrettes Lef\u00e8vre &amp;#8211; utile&lt;\/p&gt;\n\" data-medium-file=\"https:\/\/i0.wp.com\/www.proantic.com\/magazine\/wp-content\/uploads\/2018\/10\/boite-pour-les-gaufrettes-1600x0.jpg?fit=300%2C237&amp;ssl=1\" data-large-file=\"https:\/\/i0.wp.com\/www.proantic.com\/magazine\/wp-content\/uploads\/2018\/10\/boite-pour-les-gaufrettes-1600x0.jpg?fit=665%2C525&amp;ssl=1\" class=\"size-large wp-image-9592\" src=\"https:\/\/i0.wp.com\/www.proantic.com\/magazine\/wp-content\/uploads\/2018\/10\/boite-pour-les-gaufrettes-1600x0-1024x808.jpg?resize=665%2C525\" alt=\"\" width=\"665\" height=\"525\" srcset=\"https:\/\/i0.wp.com\/www.proantic.com\/magazine\/wp-content\/uploads\/2018\/10\/boite-pour-les-gaufrettes-1600x0.jpg?resize=1024%2C808&amp;ssl=1 1024w, https:\/\/i0.wp.com\/www.proantic.com\/magazine\/wp-content\/uploads\/2018\/10\/boite-pour-les-gaufrettes-1600x0.jpg?resize=300%2C237&amp;ssl=1 300w, https:\/\/i0.wp.com\/www.proantic.com\/magazine\/wp-content\/uploads\/2018\/10\/boite-pour-les-gaufrettes-1600x0.jpg?resize=768%2C606&amp;ssl=1 768w, https:\/\/i0.wp.com\/www.proantic.com\/magazine\/wp-content\/uploads\/2018\/10\/boite-pour-les-gaufrettes-1600x0.jpg?resize=180%2C142&amp;ssl=1 180w, https:\/\/i0.wp.com\/www.proantic.com\/magazine\/wp-content\/uploads\/2018\/10\/boite-pour-les-gaufrettes-1600x0.jpg?w=1600&amp;ssl=1 1600w, https:\/\/i0.wp.com\/www.proantic.com\/magazine\/wp-content\/uploads\/2018\/10\/boite-pour-les-gaufrettes-1600x0.jpg?w=1330&amp;ssl=1 1330w\" sizes=\"auto, (max-width: 665px) 100vw, 665px\" \/><\/a><figcaption id=\"caption-attachment-9592\" class=\"wp-caption-text\">Alphonse Mucha- Boite pour des gaufrettes Lef\u00e8vre &#8211; Utile. 1900<\/figcaption><\/figure>\n<p>\u00c0 Paris, financi\u00e8rement soutenu par le comte Eduard Khuen-Belasi (1847-1896), Mucha suit une formation artistique durant deux ans, d\u2019abord \u00e0 l\u2019Acad\u00e9mie Julian puis \u00e0 l\u2019Acad\u00e9mie Colarossi. Mais au d\u00e9but de 1889, le comte cesse de payer son allocation et Mucha, contraint de travailler pour subvenir \u00e0 ses besoins, livre des illustrations pour des livres et des revues \u00e0 des maisons d\u2019\u00e9dition \u00e0 Paris et \u00e0 Prague. Durant ces ann\u00e9es difficiles, il habite rue de la Grande-Chaumi\u00e8re, o\u00f9 il devient un habitu\u00e9 de la Cr\u00e9merie de madame Charlotte au n\u00b0 13, et loge m\u00eame au d\u00e9but dans une petite<br \/>\npi\u00e8ce au-dessus du restaurant. La Cr\u00e9merie est un lieu de rassemblement connu des artistes en difficult\u00e9. Mucha y rencontre des confr\u00e8res qui traversent des p\u00e9riodes critiques de leur carri\u00e8re, comme Paul Gauguin (1848-1903) ou l\u2019\u00e9crivain su\u00e9dois August Strindberg (1849-1912). Mais le jour<br \/>\nde l\u2019An 1895, l\u2019apparition sur les murs de la ville de sa toute premi\u00e8re affiche, Gismonda con\u00e7ue pour Sarah Bernhardt (1844-1923), va radicalement changer sa vie.<\/p>\n<figure id=\"attachment_9594\" aria-describedby=\"caption-attachment-9594\" style=\"width: 665px\" class=\"wp-caption aligncenter\"><a href=\"https:\/\/i0.wp.com\/www.proantic.com\/magazine\/wp-content\/uploads\/2018\/10\/azio.jpg\"><img data-recalc-dims=\"1\" loading=\"lazy\" decoding=\"async\" data-attachment-id=\"9594\" data-permalink=\"https:\/\/www.proantic.com\/magazine\/alphonse-mucha\/9356-mo-179\/\" data-orig-file=\"https:\/\/i0.wp.com\/www.proantic.com\/magazine\/wp-content\/uploads\/2018\/10\/azio.jpg?fit=1562%2C1251&amp;ssl=1\" data-orig-size=\"1562,1251\" data-comments-opened=\"1\" data-image-meta=\"{&quot;aperture&quot;:&quot;0&quot;,&quot;credit&quot;:&quot;Krause, Johansen&quot;,&quot;camera&quot;:&quot;Scanner DC3000&quot;,&quot;caption&quot;:&quot;9356-MO-179&quot;,&quot;created_timestamp&quot;:&quot;0&quot;,&quot;copyright&quot;:&quot;&quot;,&quot;focal_length&quot;:&quot;0&quot;,&quot;iso&quot;:&quot;0&quot;,&quot;shutter_speed&quot;:&quot;0&quot;,&quot;title&quot;:&quot;9356-MO-179&quot;,&quot;orientation&quot;:&quot;1&quot;}\" data-image-title=\"Exposition Alphonse Mucha\" data-image-description=\"\" data-image-caption=\"&lt;p&gt;Alfons Mucha, dessin pour \u00e9ventail avec motif de pavot et de lierre, vers 1889 ; crayon, aquarelle, papier or ; Prague, fondation Mucha \u00a9Mucha Trust 2018&lt;\/p&gt;\n\" data-medium-file=\"https:\/\/i0.wp.com\/www.proantic.com\/magazine\/wp-content\/uploads\/2018\/10\/azio.jpg?fit=300%2C240&amp;ssl=1\" data-large-file=\"https:\/\/i0.wp.com\/www.proantic.com\/magazine\/wp-content\/uploads\/2018\/10\/azio.jpg?fit=665%2C533&amp;ssl=1\" class=\"size-large wp-image-9594\" src=\"https:\/\/i0.wp.com\/www.proantic.com\/magazine\/wp-content\/uploads\/2018\/10\/azio-1024x820.jpg?resize=665%2C533\" alt=\"\" width=\"665\" height=\"533\" srcset=\"https:\/\/i0.wp.com\/www.proantic.com\/magazine\/wp-content\/uploads\/2018\/10\/azio.jpg?resize=1024%2C820&amp;ssl=1 1024w, https:\/\/i0.wp.com\/www.proantic.com\/magazine\/wp-content\/uploads\/2018\/10\/azio.jpg?resize=300%2C240&amp;ssl=1 300w, https:\/\/i0.wp.com\/www.proantic.com\/magazine\/wp-content\/uploads\/2018\/10\/azio.jpg?resize=768%2C615&amp;ssl=1 768w, https:\/\/i0.wp.com\/www.proantic.com\/magazine\/wp-content\/uploads\/2018\/10\/azio.jpg?resize=180%2C144&amp;ssl=1 180w, https:\/\/i0.wp.com\/www.proantic.com\/magazine\/wp-content\/uploads\/2018\/10\/azio.jpg?w=1562&amp;ssl=1 1562w, https:\/\/i0.wp.com\/www.proantic.com\/magazine\/wp-content\/uploads\/2018\/10\/azio.jpg?w=1330&amp;ssl=1 1330w\" sizes=\"auto, (max-width: 665px) 100vw, 665px\" \/><\/a><figcaption id=\"caption-attachment-9594\" class=\"wp-caption-text\">Alphonse Mucha, dessin pour \u00e9ventail avec motif de pavot et de lierre, vers 1889 ; crayon, aquarelle, papier or ; Prague, fondation Mucha \u00a9Mucha Trust 2018<\/figcaption><\/figure>\n<p>Cette section s\u2019int\u00e9resse aux d\u00e9buts de Mucha en tant que \u00ab boh\u00e9mien \u00bb (parce qu\u2019originaire des r\u00e9gions tch\u00e8ques, voisinant l\u2019ancienne Boh\u00eame) et artiste de la boh\u00e8me parisienne. Sont pr\u00e9sent\u00e9s ici des illustrations et des dessins anciens qui t\u00e9moignent de sa solide formation acad\u00e9mique, ainsi qu\u2019une s\u00e9rie d\u2019affiches pour Sarah Bernhardt et d\u2019autres \u0153uvres associ\u00e9es \u00e0 cette actrice.<\/p>\n<figure id=\"attachment_9595\" aria-describedby=\"caption-attachment-9595\" style=\"width: 600px\" class=\"wp-caption aligncenter\"><a href=\"https:\/\/i0.wp.com\/www.proantic.com\/magazine\/wp-content\/uploads\/2018\/10\/fgr.jpg\"><img data-recalc-dims=\"1\" loading=\"lazy\" decoding=\"async\" data-attachment-id=\"9595\" data-permalink=\"https:\/\/www.proantic.com\/magazine\/alphonse-mucha\/9356-d-391\/\" data-orig-file=\"https:\/\/i0.wp.com\/www.proantic.com\/magazine\/wp-content\/uploads\/2018\/10\/fgr.jpg?fit=790%2C1087&amp;ssl=1\" data-orig-size=\"790,1087\" data-comments-opened=\"1\" data-image-meta=\"{&quot;aperture&quot;:&quot;0&quot;,&quot;credit&quot;:&quot;Krause, Johansen&quot;,&quot;camera&quot;:&quot;Scanner DC3000&quot;,&quot;caption&quot;:&quot;9356-D-391&quot;,&quot;created_timestamp&quot;:&quot;0&quot;,&quot;copyright&quot;:&quot;&quot;,&quot;focal_length&quot;:&quot;0&quot;,&quot;iso&quot;:&quot;0&quot;,&quot;shutter_speed&quot;:&quot;0&quot;,&quot;title&quot;:&quot;9356-D-391&quot;,&quot;orientation&quot;:&quot;1&quot;}\" data-image-title=\"Exposition Alphonse Mucha\" data-image-description=\"\" data-image-caption=\"&lt;p&gt;Alfons Mucha, \u00ab int\u00e9rieur de la boutique de Georges Fouquet : dessin pour la chemin\u00e9e avec statuette, miroir et d\u00e9tails ornementaux \u00bb, vers 1900, crayon, encore, aquarelle sur papier ; Prague, fondation Mucha \u00a9Mucha Trust 2018&lt;\/p&gt;\n\" data-medium-file=\"https:\/\/i0.wp.com\/www.proantic.com\/magazine\/wp-content\/uploads\/2018\/10\/fgr.jpg?fit=218%2C300&amp;ssl=1\" data-large-file=\"https:\/\/i0.wp.com\/www.proantic.com\/magazine\/wp-content\/uploads\/2018\/10\/fgr.jpg?fit=665%2C915&amp;ssl=1\" class=\"wp-image-9595\" src=\"https:\/\/i0.wp.com\/www.proantic.com\/magazine\/wp-content\/uploads\/2018\/10\/fgr-744x1024.jpg?resize=600%2C826\" alt=\"\" width=\"600\" height=\"826\" srcset=\"https:\/\/i0.wp.com\/www.proantic.com\/magazine\/wp-content\/uploads\/2018\/10\/fgr.jpg?resize=744%2C1024&amp;ssl=1 744w, https:\/\/i0.wp.com\/www.proantic.com\/magazine\/wp-content\/uploads\/2018\/10\/fgr.jpg?resize=218%2C300&amp;ssl=1 218w, https:\/\/i0.wp.com\/www.proantic.com\/magazine\/wp-content\/uploads\/2018\/10\/fgr.jpg?resize=768%2C1057&amp;ssl=1 768w, https:\/\/i0.wp.com\/www.proantic.com\/magazine\/wp-content\/uploads\/2018\/10\/fgr.jpg?resize=131%2C180&amp;ssl=1 131w, https:\/\/i0.wp.com\/www.proantic.com\/magazine\/wp-content\/uploads\/2018\/10\/fgr.jpg?w=790&amp;ssl=1 790w\" sizes=\"auto, (max-width: 600px) 100vw, 600px\" \/><\/a><figcaption id=\"caption-attachment-9595\" class=\"wp-caption-text\">Alphonse Mucha, \u00ab int\u00e9rieur de la boutique de Georges Fouquet : dessin pour la chemin\u00e9e avec statuette, miroir et d\u00e9tails ornementaux \u00bb, vers 1900, crayon, encore, aquarelle sur papier ; Prague, fondation Mucha \u00a9Mucha Trust 2018<\/figcaption><\/figure>\n<p><strong>Un inventeur d\u2019images populaires<\/strong><\/p>\n<p>\u00ab Je pr\u00e9f\u00e8re \u00eatre un illustrateur populaire qu\u2019un d\u00e9fenseur de l\u2019art pour l\u2019art. \u00bb<br \/>\n&#8211; Alphonse Mucha<\/p>\n<p>Dans les ann\u00e9es 1890, l\u2019affiche occupe \u00e0 Paris une place centrale dans la culture visuelle. Gr\u00e2ce au d\u00e9veloppement de la lithographie en couleur et aux demandes croissantes de publicit\u00e9s commerciales dans le contexte florissant de la Belle \u00c9poque, les artistes ont amplement l\u2019occasion d\u2019explorer cette nouvelle forme d\u2019expression artistique. Les panneaux de la ville deviennent des \u00ab galeries en plein air \u00bb et la premi\u00e8re affiche de Mucha pour Sarah Bernhardt, r\u00e9volutionnaire dans son format, sa composition, ses couleurs pastel, apporte \u00ab une bouff\u00e9e d\u2019air frais \u00bb sur la sc\u00e8ne artistique parisienne. Fort de ce succ\u00e8s, Mucha se lance dans la cr\u00e9ation d\u2019affiches publicitaires command\u00e9es par des imprimeurs. En 1896, il signe avec l\u2019imprimeur parisien F. Champenois un contrat d\u2019exclusivit\u00e9 qui lui assure une r\u00e9mun\u00e9ration mensuelle. Cette s\u00e9curit\u00e9 financi\u00e8re lui permet au cours de l\u2019\u00e9t\u00e9 1896, d\u2019emm\u00e9nager dans un grand appartement-atelier, 6 rue du Val-de-Gr\u00e2ce.<\/p>\n<figure id=\"attachment_9596\" aria-describedby=\"caption-attachment-9596\" style=\"width: 600px\" class=\"wp-caption aligncenter\"><a href=\"https:\/\/i0.wp.com\/www.proantic.com\/magazine\/wp-content\/uploads\/2018\/10\/jkiu.jpg\"><img data-recalc-dims=\"1\" loading=\"lazy\" decoding=\"async\" data-attachment-id=\"9596\" data-permalink=\"https:\/\/www.proantic.com\/magazine\/alphonse-mucha\/jkiu-10\/\" data-orig-file=\"https:\/\/i0.wp.com\/www.proantic.com\/magazine\/wp-content\/uploads\/2018\/10\/jkiu.jpg?fit=1142%2C1473&amp;ssl=1\" data-orig-size=\"1142,1473\" data-comments-opened=\"1\" data-image-meta=\"{&quot;aperture&quot;:&quot;0&quot;,&quot;credit&quot;:&quot;&quot;,&quot;camera&quot;:&quot;&quot;,&quot;caption&quot;:&quot;&quot;,&quot;created_timestamp&quot;:&quot;0&quot;,&quot;copyright&quot;:&quot;&quot;,&quot;focal_length&quot;:&quot;0&quot;,&quot;iso&quot;:&quot;0&quot;,&quot;shutter_speed&quot;:&quot;0&quot;,&quot;title&quot;:&quot;&quot;,&quot;orientation&quot;:&quot;1&quot;}\" data-image-title=\"Exposition Alphonse Mucha\" data-image-description=\"\" data-image-caption=\"&lt;p&gt;Alfons Mucha, publicit\u00e9 pour le papier \u00e0 cigarette \u00ab Job \u00bb, 1896, lithographie en couleur ; Prague, fondation Mucha \u00a9Mucha Trust 2018&lt;\/p&gt;\n\" data-medium-file=\"https:\/\/i0.wp.com\/www.proantic.com\/magazine\/wp-content\/uploads\/2018\/10\/jkiu.jpg?fit=233%2C300&amp;ssl=1\" data-large-file=\"https:\/\/i0.wp.com\/www.proantic.com\/magazine\/wp-content\/uploads\/2018\/10\/jkiu.jpg?fit=665%2C858&amp;ssl=1\" class=\"wp-image-9596\" src=\"https:\/\/i0.wp.com\/www.proantic.com\/magazine\/wp-content\/uploads\/2018\/10\/jkiu-794x1024.jpg?resize=600%2C774\" alt=\"\" width=\"600\" height=\"774\" srcset=\"https:\/\/i0.wp.com\/www.proantic.com\/magazine\/wp-content\/uploads\/2018\/10\/jkiu.jpg?resize=794%2C1024&amp;ssl=1 794w, https:\/\/i0.wp.com\/www.proantic.com\/magazine\/wp-content\/uploads\/2018\/10\/jkiu.jpg?resize=233%2C300&amp;ssl=1 233w, https:\/\/i0.wp.com\/www.proantic.com\/magazine\/wp-content\/uploads\/2018\/10\/jkiu.jpg?resize=768%2C991&amp;ssl=1 768w, https:\/\/i0.wp.com\/www.proantic.com\/magazine\/wp-content\/uploads\/2018\/10\/jkiu.jpg?resize=140%2C180&amp;ssl=1 140w, https:\/\/i0.wp.com\/www.proantic.com\/magazine\/wp-content\/uploads\/2018\/10\/jkiu.jpg?w=1142&amp;ssl=1 1142w\" sizes=\"auto, (max-width: 600px) 100vw, 600px\" \/><\/a><figcaption id=\"caption-attachment-9596\" class=\"wp-caption-text\">Alphonse Mucha, publicit\u00e9 pour le papier \u00e0 cigarette \u00ab Job \u00bb, 1896, lithographie en couleur ; Prague, fondation Mucha \u00a9Mucha Trust 2018<\/figcaption><\/figure>\n<p>Cette collaboration avec Champenois ne se limite pas aux affiches publicitaires. Mucha produit aussi pour lui des panneaux d\u00e9coratifs originaux, c\u2019est-\u00e0-dire des affiches sans texte con\u00e7ues \u00e0 des fins esth\u00e9tiques pour la d\u00e9coration int\u00e9rieure. Contrairement aux \u0153uvres d\u2019art traditionnelles, cette nouvelle forme d\u2019art est abordable et accessible au grand public. Au cours des ann\u00e9es qui suivent, ses affiches circulent dans toute l\u2019Europe, et \u00ab le style Mucha \u00bb devient synonyme de l\u2019Art nouveau qui fait alors son apparition.<\/p>\n<figure id=\"attachment_9597\" aria-describedby=\"caption-attachment-9597\" style=\"width: 665px\" class=\"wp-caption aligncenter\"><a href=\"https:\/\/i0.wp.com\/www.proantic.com\/magazine\/wp-content\/uploads\/2018\/10\/aze.jpg\"><img data-recalc-dims=\"1\" loading=\"lazy\" decoding=\"async\" data-attachment-id=\"9597\" data-permalink=\"https:\/\/www.proantic.com\/magazine\/alphonse-mucha\/aze-2\/\" data-orig-file=\"https:\/\/i0.wp.com\/www.proantic.com\/magazine\/wp-content\/uploads\/2018\/10\/aze.jpg?fit=1100%2C700&amp;ssl=1\" data-orig-size=\"1100,700\" data-comments-opened=\"1\" data-image-meta=\"{&quot;aperture&quot;:&quot;0&quot;,&quot;credit&quot;:&quot;&quot;,&quot;camera&quot;:&quot;&quot;,&quot;caption&quot;:&quot;&quot;,&quot;created_timestamp&quot;:&quot;0&quot;,&quot;copyright&quot;:&quot;&quot;,&quot;focal_length&quot;:&quot;0&quot;,&quot;iso&quot;:&quot;0&quot;,&quot;shutter_speed&quot;:&quot;0&quot;,&quot;title&quot;:&quot;&quot;,&quot;orientation&quot;:&quot;0&quot;}\" data-image-title=\"Exposition Alphonse Mucha\" data-image-description=\"\" data-image-caption=\"&lt;p&gt;Alphonse Mucha &amp;#8211; cha\u00eene et pendantifs r\u00e9alis\u00e9s par Georges Fouquet.&lt;br \/&gt;\nFondation Mucha.&lt;br \/&gt;\n(c) Mucha Trust &lt;\/p&gt;\n\" data-medium-file=\"https:\/\/i0.wp.com\/www.proantic.com\/magazine\/wp-content\/uploads\/2018\/10\/aze.jpg?fit=300%2C191&amp;ssl=1\" data-large-file=\"https:\/\/i0.wp.com\/www.proantic.com\/magazine\/wp-content\/uploads\/2018\/10\/aze.jpg?fit=665%2C423&amp;ssl=1\" class=\"size-large wp-image-9597\" src=\"https:\/\/i0.wp.com\/www.proantic.com\/magazine\/wp-content\/uploads\/2018\/10\/aze-1024x652.jpg?resize=665%2C423\" alt=\"\" width=\"665\" height=\"423\" srcset=\"https:\/\/i0.wp.com\/www.proantic.com\/magazine\/wp-content\/uploads\/2018\/10\/aze.jpg?resize=1024%2C652&amp;ssl=1 1024w, https:\/\/i0.wp.com\/www.proantic.com\/magazine\/wp-content\/uploads\/2018\/10\/aze.jpg?resize=300%2C191&amp;ssl=1 300w, https:\/\/i0.wp.com\/www.proantic.com\/magazine\/wp-content\/uploads\/2018\/10\/aze.jpg?resize=768%2C489&amp;ssl=1 768w, https:\/\/i0.wp.com\/www.proantic.com\/magazine\/wp-content\/uploads\/2018\/10\/aze.jpg?resize=180%2C115&amp;ssl=1 180w, https:\/\/i0.wp.com\/www.proantic.com\/magazine\/wp-content\/uploads\/2018\/10\/aze.jpg?w=1100&amp;ssl=1 1100w\" sizes=\"auto, (max-width: 665px) 100vw, 665px\" \/><\/a><figcaption id=\"caption-attachment-9597\" class=\"wp-caption-text\">Alphonse Mucha &#8211; cha\u00eene et pendentifs r\u00e9alis\u00e9s par Georges Fouquet.<br \/>Fondation Mucha.<br \/>(c) Mucha Trust<\/figcaption><\/figure>\n<p><strong>Mucha, le cosmopolite<\/strong><\/p>\n<p>\u00ab Mon art, si je peux l\u2019appeler ainsi, s\u2019est cristallis\u00e9. Il \u00e9tait en vogue. Il s\u2019est r\u00e9pandu dans les<br \/>\nusines et les ateliers sous le nom de \u201cstyle Mucha\u201d. \u00bb<br \/>\n&#8211; Alphonse Mucha<\/p>\n<p>Entre 1885 et 1890 environ, la renomm\u00e9e de Mucha se d\u00e9veloppe parall\u00e8lement au mouvement Art nouveau qui d\u00e9ferle alors sur toutes les grandes villes d\u2019Europe. En 1900, il est devenu un ma\u00eetre de l\u2019affiche et le d\u00e9corateur le plus recherch\u00e9 et le plus copi\u00e9 de Paris. Compte tenu de la position \u00e9minente qu\u2019il occupe sur la sc\u00e8ne artistique internationale, Mucha est associ\u00e9 \u00e0 bon nombre de projets en lien avec l\u2019Exposition universelle de Paris en 1900, le \u00ab plus grand \u00e9v\u00e9nement du si\u00e8cle \u00bb. Il d\u00e9core notamment le pavillon de Bosnie-Herz\u00e9govine, r\u00e9gion slave annex\u00e9e \u00e0 l\u2019Autriche-Hongrie depuis 1878. Pour l\u2019Empire austro-hongrois qui en fait la commande, ce pavillon repr\u00e9sente un v\u00e9ritable enjeu politique.<\/p>\n<p>Apr\u00e8s l\u2019Exposition, Mucha est nomm\u00e9 membre de l\u2019Ordre de Fran\u00e7ois-Joseph Ier pour services rendus \u00e0 l\u2019Empire. Cet \u00e9pisode le met n\u00e9anmoins dans une situation paradoxale et inconfortable par rapport \u00e0 ses propres convictions, puisqu\u2019il se retrouve \u00e0 travailler pour l\u2019Empire, oppresseur des slaves. Cette exp\u00e9rience lui inspire l\u2019id\u00e9e d\u2019une \u00e9pop\u00e9e qui d\u00e9peindrait les joies et les peines de tous les peuples slaves, en soulignant les liens qui les unissent et leur lutte commune contre l\u2019oppression. De 1904 \u00e0 1909, Mucha se rend \u00e0 cinq reprises aux \u00c9tats-Unis dans l\u2019espoir de recueillir les fonds n\u00e9cessaires pour ce projet qui deviendra L\u2019\u00c9pop\u00e9e slave. Il r\u00e9alise son objectif en 1909 quand l\u2019industriel de Chicago Charles Richard Crane (1858-1939) accepte de financer son projet.<\/p>\n<p>Cette section r\u00e9unit des \u0153uvres associ\u00e9es \u00e0 l\u2019Exposition universelle de Paris et revient sur sa collaboration avec le c\u00e9l\u00e8bre joaillier parisien Georges Fouquet (1862-1957). Sont \u00e9galement pr\u00e9sent\u00e9es ici ses cr\u00e9ations am\u00e9ricaines, et notamment celles qui t\u00e9moignent de l\u2019\u00e9troite association de Mucha avec le monde du th\u00e9\u00e2tre, comme la d\u00e9coration du Th\u00e9\u00e2tre allemand de New York ou les affiches r\u00e9alis\u00e9es pour les actrices Leslie Carter (1857-1937) et Maude Adams (1872-1953).<\/p>\n<p><strong>Mucha, le mystique<\/strong><\/p>\n<p>\u00ab L\u2019art est l\u2019expression de sentiments int\u00e9rieurs [\u2026] d\u2019un besoin spirituel. \u00bb<br \/>\n&#8211; Alphonse Mucha<\/p>\n<p>\u00c0 la fin de l\u2019automne 1894, Mucha fait la connaissance d\u2019August Strindberg, auteur su\u00e9dois, ami de Gauguin et nouveau venu dans la colonie boh\u00e8me de Madame Charlotte. Mystique, Strindberg est profond\u00e9ment int\u00e9ress\u00e9 par l\u2019occultisme et la th\u00e9osophie. Bient\u00f4t, Mucha entretient avec lui des discussions philosophiques r\u00e9guli\u00e8res, et cette amiti\u00e9 instille en lui l\u2019id\u00e9e que des \u00ab forces myst\u00e9rieuses \u00bb guident la vie de chacun. Dans son \u0153uvre, les figures \u00e9nigmatiques apparaissant derri\u00e8re le sujet d\u00e9coulent clairement de la croyance en des \u00ab pouvoirs invisibles \u00bb qu\u2019il d\u00e9veloppera par la suite.<\/p>\n<p>Le 25 janvier 1898, Mucha entre dans une loge parisienne du Grand Orient de France, l\u2019ob\u00e9dience ma\u00e7onnique la plus ancienne et la plus importante d\u2019Europe continentale, qui pr\u00f4ne \u00ab l\u2019am\u00e9lioration de l\u2019humanit\u00e9 \u00bb et la \u00ab conscience de la libert\u00e9 \u00bb. Mucha voit la franc-ma\u00e7onnerie un comme le prolongement de son spiritualisme. Son cheminement spirituel l\u2019am\u00e8ne \u00e0 faire de trois vertus \u2013 la Beaut\u00e9, la V\u00e9rit\u00e9 et l\u2019Amour \u2013 les \u00ab pierres angulaires \u00bb de la condition humaine. Il pense qu\u2019en diffusant ce message par son art, il contribue au progr\u00e8s de l\u2019humanit\u00e9. Mucha poursuit la pratique de la ma\u00e7onnerie tout au long de sa vie. Apr\u00e8s la cr\u00e9ation de la Tch\u00e9coslovaquie en 1918, il joue un grand r\u00f4le dans le r\u00e9tablissement de la ma\u00e7onnerie tch\u00e8que, interdite sous le r\u00e9gime des Habsbourg depuis 1794. En 1923, il devient le deuxi\u00e8me Souverain Grand Commandeur des francs-ma\u00e7ons tch\u00e8ques. Mucha cr\u00e9e de nombreux dessins pour leurs loges , notamment sous forme de bijoux, d\u2019illustrations de chartes et de gobelets de c\u00e9r\u00e9monie.<\/p>\n<p>Cette section s\u2019int\u00e9resse aux influences du spiritualisme et de la philosophie ma\u00e7onnique sur l\u2019\u0153uvre<br \/>\nde Mucha, particuli\u00e8rement manifestes dans Le Pater<\/p>\n<p><strong>Mucha, le patriote<\/strong><\/p>\n<p>\u00ab La mission de l\u2019art est d\u2019exprimer les valeurs esth\u00e9tiques de chaque nation conform\u00e9ment \u00e0 la<br \/>\nbeaut\u00e9 de son \u00e2me. La mission de l\u2019artiste est d\u2019enseigner au peuple \u00e0 aimer cette beaut\u00e9. \u00bb<br \/>\n&#8211; Alphonse Mucha<\/p>\n<p>En 1910, Mucha retourne enfin dans sa terre natale pour r\u00e9aliser son ambition de longue date : mettre son art au service de son pays et de ses compatriotes, notamment en cr\u00e9ant L\u2019\u00c9pop\u00e9e slave. S\u2019\u00e9tant assur\u00e9 le m\u00e9c\u00e9nat de Charles Richard Crane, il va poursuivre cet objectif avec \u00e9nergie et d\u00e9termination. En 1911, apr\u00e8s avoir achev\u00e9 la d\u00e9coration du salon du Maire de Prague, il s\u2019installe au ch\u00e2teau de Zbiroh, en Boh\u00eame occidentale, pour se concentrer sur son projet.<\/p>\n<p>L\u2019Epop\u00e9e slave, dont l\u2019id\u00e9e avait germ\u00e9 \u00e0 Paris, va \u00e9voluer pour devenir un appel \u00e9clatant \u00e0 l\u2019unit\u00e9, destin\u00e9 \u00e0 inspirer tous les Slaves et \u00e0 guider leur avenir, en les incitant \u00e0 tirer les enseignements de leur histoire. Pour cela, Mucha choisit vingt grands \u00e9pisodes qui, selon lui, ont marqu\u00e9 ces peuples aussi bien d\u2019un point de vue politique et religieux que philosophique et culturel. Dix sc\u00e8nes sont tir\u00e9es de l\u2019histoire tch\u00e8que et dix autres du pass\u00e9 d\u2019autres nations slaves. Pour ce projet ambitieux, Mucha accomplit un \u00e9norme travail pr\u00e9paratoire. Il lit et consulte des experts de l\u2019histoire slave. Il effectue aussi des voyages de recherche pour dessiner, photographier et \u00e9tudier les coutumes et traditions locales en Croatie, en Serbie, en Bulgarie, au Mont\u00e9n\u00e9gro, en Pologne, en Russie et en Gr\u00e8ce.<\/p>\n<p>Cette section pr\u00e9sente Mucha en patriote \u00e0 travers diverses \u0153uvres ex\u00e9cut\u00e9es avant et apr\u00e8s l\u2019ind\u00e9pendance de son pays. Elle met l\u2019accent sur L\u2019\u00c9pop\u00e9e slave et la gestation de cette \u0153uvre monumentale et complexe, \u00e0 travers des \u0153uvres pr\u00e9paratoires, \u00e9tudes \u00e0 grande \u00e9chelle, petites esquisses, photographies de studio, images documentaires.<\/p>\n<p><strong>Artiste et philosophe<\/strong><\/p>\n<p>\u00ab L\u2019objectif de mon travail n\u2019a jamais \u00e9t\u00e9 de d\u00e9truire mais de construire, de relier, car nous devons<br \/>\ntous garder espoir que les Hommes se rapprocheront, et cela sera d\u2019autant plus facile qu\u2019ils se<br \/>\ncomprendront mieux. \u00bb<br \/>\n&#8211; Alphonse Mucha<\/p>\n<p>Mucha est convaincu que l\u2019art, par son pouvoir d\u2019inspiration, peut aider les Slaves et d\u2019autres nations \u00e0 s\u2019unir dans le sens du progr\u00e8s de l\u2019humanit\u00e9. Pour lui, l\u2019art en diffusant ses id\u00e9es philosophiques, peut rapprocher les peuples et maintenir la paix. Cependant, la paix en Europesera de courte dur\u00e9e. Le trait\u00e9 de Versailles ne r\u00e8gle pas de mani\u00e8re satisfaisante les questions territoriales entre les nations slaves nouvellement ind\u00e9pendantes. En 1933, Adolf Hitler devient chancelier de l\u2019Allemagne. En 1938, dix ans apr\u00e8s le don de L\u2019\u00c9pop\u00e9e slave \u00e0 la ville de Prague, la Tch\u00e9coslovaquie perd d\u2019importantes r\u00e9gions frontali\u00e8res au profit de l\u2019Allemagne, de la Pologne et de la Hongrie. Le 15 mars 1939, les troupes allemandes font leur entr\u00e9e dans Prague. La patrie de Mucha perd son ind\u00e9pendance, vingt ans seulement apr\u00e8s l\u2019avoir acquise. Signal\u00e9 sur les registres de la Gestapo, comme un \u00ab dangereux patriote peintre \u00bb et un franc-ma\u00e7on, Mucha est l\u2019une des premi\u00e8res personnes \u00e0 \u00eatre arr\u00eat\u00e9es par la Gestapo. D\u00e9courag\u00e9 et souffrant d\u2019une pneumonie, il d\u00e9c\u00e8de \u00e0 Prague le 14 juillet 1939, 10 jours avant son 79e anniversaire.<\/p>\n<p>Cette section d\u00e9di\u00e9e au Mucha philosophe pr\u00e9sente les \u0153uvres dans lesquelles l\u2019artiste exprime ses pr\u00e9occupations humanitaires et r\u00e9agit aux menaces d\u2019une guerre imminente dans un monde en mutation rapide. L\u2019exposition s\u2019ach\u00e8ve sur son ultime projet, commenc\u00e9 en 1936 : un triptyque repr\u00e9sentant L\u2019\u00c2ge de la Raison, L\u2019\u00c2ge de la Sagesse et L\u2019\u00c2ge de l\u2019Amour, v\u00e9ritable monument d\u00e9di\u00e9 \u00e0 l\u2019humanit\u00e9 tout enti\u00e8re.<\/p>\n<p><strong>Mucha et Gauguin<\/strong><\/p>\n<p>\u00c0 la fin du mois d\u2019ao\u00fbt 1893, un Gauguin sans le sou, r\u00e9cemment rentr\u00e9 de Tahiti, entre dans la cr\u00e8merie de madame Charlotte, o\u00f9 se r\u00e9unit le cercle des artistes de la rue de la Grande Chaumi\u00e8re. Mucha, qui commence \u00e0 percer dans l\u2019illustration, vit \u00e0 l\u2019\u00e9poque au n\u00b0 8, en face de la cr\u00e8merie. Il dispose d\u2019un atelier qu\u2019il va partager avec Gauguin, qui pr\u00e9pare alors une exposition de son \u0153uvre tahitienne.<\/p>\n<p>Leur amiti\u00e9 est illustr\u00e9e par plusieurs photographies de Mucha. Deux des instantan\u00e9s pr\u00e9sent\u00e9s ici r\u00e9v\u00e8lent un Gauguin fac\u00e9tieux, tandis que deux autres montrent l\u2019artiste en train de poser pour Mucha. \u00c0 l\u2019\u00e9poque, Mucha travaille sur les illustrations du roman de Judith Gautier, M\u00e9moires d\u2019un \u00e9l\u00e9phant blanc, qui para\u00eet en feuilleton de septembre 1893 \u00e0 janvier 1894, avant d\u2019\u00eatre publi\u00e9 sous forme de livre en 1894. L\u2019une des illustrations repr\u00e9sente deux hommes en pleine conversation, l\u2019un assis, l\u2019autre debout dont l\u2019attitude correspond chacune \u00e0 des poses prises par Gauguin. Ces photographies constituent ainsi de pr\u00e9cieux t\u00e9moignages sur les m\u00e9thodes de travail de Mucha d\u00e8s cette \u00e9poque.<\/p>\n<p><strong>Mucha et Sarah Bernhardt<\/strong><\/p>\n<p>L\u2019actrice parisienne Sarah Bernhardt a jou\u00e9 un r\u00f4le particuli\u00e8rement important dans le parcours artistique de Mucha. La premi\u00e8re affiche qu\u2019il r\u00e9alise pour elle, Gismonda, le rend c\u00e9l\u00e8bre du jour au lendemain, et il \u00e9voluera, comme homme et comme artiste, gr\u00e2ce \u00e0 sa collaboration professionnelle et \u00e0 son amiti\u00e9 avec \u00ab La Divine Sarah \u00bb, acclam\u00e9e comme la plus grande com\u00e9dienne de son temps.<\/p>\n<p>Pour avoir collabor\u00e9 \u00e0 des revues de th\u00e9\u00e2tre, Mucha a connaissance des productions et des performances de l\u2019actrice, mais c\u2019est vers la fin de 1894 qu\u2019il la rencontre pour la premi\u00e8re fois. Un peu plus tard, au moment de No\u00ebl, il ex\u00e9cute presque par hasard une affiche pour la pi\u00e8ce Gismonda. Quand l\u2019actrice voit le dessin, la vie de Mucha bascule. Selon ses m\u00e9moires, elle aurait dit : \u00ab Ah ! Que c\u2019est beau! Dor\u00e9navant, vous travaillerez pour moi, pr\u00e8s de moi. Je vous aime d\u00e9j\u00e0. \u00bb Sortie dans tout Paris le matin du 1er janvier 1895, l\u2019affiche conna\u00eet un succ\u00e8s imm\u00e9diat. Fid\u00e8le \u00e0 sa parole, Sarah Bernhardt signe avec Mucha un contrat de six ans et le charge de r\u00e9aliser des d\u00e9cors de sc\u00e8ne, des costumes et des affiches. Il va ainsi ex\u00e9cuter six autres affiches pour ses spectacles, dont La Dame aux Cam\u00e9lias et Lorenzaccio. Dans toutes ces compositions, l\u2019artiste applique les m\u00eames principes que pour Gismonda : un format long et \u00e9troit avec une seule figure, l\u2019actrice en pied plac\u00e9e en hauteur dans une niche peu profonde, \u00e0 la fa\u00e7on d\u2019une statue de sainte dans une \u00e9glise.<\/p>\n<p><strong>Les \u00e9l\u00e9ments slaves dans le style Mucha<\/strong><\/p>\n<p>Mucha \u00e9labore son style d\u00e9coratif en s\u2019inspirant d\u2019une vari\u00e9t\u00e9 de motifs ornementaux \u2013 japonais, celtiques, islamiques, grecs, gothiques et rococos \u2013 reproduits dans les ouvrages de r\u00e9f\u00e9rence dont il disposait. Ses racines slaves en restent toutefois indissociables et accompagnent toute son \u00e9volution. \u00c0 partir de 1896, il int\u00e8gre des \u00e9l\u00e9ments traditionnels de son pays d\u2019origine sous forme de robes, de fleurs et autres motifs botaniques inspir\u00e9s de l\u2019art et de l\u2019artisanat populaire morave. Les halos, tr\u00e8s pr\u00e9sents, rappellent les ic\u00f4nes byzantines (selon Mucha, l\u2019art byzantin est au fondement de la civilisation slave) tandis que les courbes et les dessins g\u00e9om\u00e9triques \u00e9voquent le d\u00e9cor des \u00e9glises baroques tch\u00e8ques.<\/p>\n<p>Alors que Paris conna\u00eet alors une vague de slavophilie, aliment\u00e9e par la visite officielle en 1896 du tsar Nicolas II de Russie (1868-1918), les affiches de l\u2019artiste rencontrent l\u2019enthousiasme des Parisiens.<\/p>\n<p><strong>Documents d\u00e9coratifs<\/strong><\/p>\n<p>Documents d\u00e9coratifs est publi\u00e9 en 1902 par la Librairie centrale des beaux-arts, \u00e0 Paris, sous forme d\u2019un portfolio de soixante-douze planches, ce manuel pour artisans, d\u00e9corateurs et \u00e9tudiants en beaux-arts explique comment s\u2019inspirer des formes de la nature et les utiliser de mani\u00e8re pratique. Mucha y pr\u00e9sente les divers aspects de son travail d\u00e9coratif, y int\u00e9grant des \u00e9chantillons pr\u00eats \u00e0 l\u2019emploi pour les fabricants, mais aussi des dessins destin\u00e9s \u00e0 accompagner les dessinateurs dans leur processus de stylisation, par exemple en transformant des \u00e9tudes r\u00e9alistes d\u2019apr\u00e8s nature en motifs d\u00e9coratifs applicables ensuite \u00e0 des produits manufactur\u00e9s. Dans la cr\u00e9ation de nouvelles formes inspir\u00e9es de la nature et du corps humain, Mucha fait preuve d\u2019une imagination sans limite. Cette publication utilis\u00e9e dans les \u00e9coles d\u2019art en France et ailleurs en Europe ainsi qu\u2019en Russie. r\u00e9pondait \u00e0 un id\u00e9al de Mucha, soucieux de mettre la cr\u00e9ation artistique au service de la soci\u00e9t\u00e9.<\/p>\n<p><strong>Mucha et Fouquet<\/strong><\/p>\n<p>Lorsque l\u2019orf\u00e8vre et joaillier parisien Georges Fouquet (1862-1957) reprend la boutique de son p\u00e8re en 1895, il est d\u00e9termin\u00e9 \u00e0 renouveler le style de la maison en engageant de nouveaux talents. Attir\u00e9 par les magnifiques bijoux figurant sur des affiches de Mucha comme M\u00e9d\u00e9e et Zodiac, il invite l\u2019artiste \u00e0 se joindre \u00e0 une \u00e9quipe de d\u00e9corateurs. En 1899, il lui confie la conception de toute une collection de bijoux \u2013 boucles d\u2019oreilles, colliers, bagues et broches \u2013 pour son stand \u00e0 l\u2019Exposition internationale de Paris en 1900.<\/p>\n<p>Cette collaboration fructueuse va aboutir \u00e0 la cr\u00e9ation d\u2019un des plus spectaculaires exemples de d\u00e9coration Art nouveau, la boutique Fouquet, inaugur\u00e9e en 1901 au n\u00b0 6 de la rue Royale. Pour ce nouveau magasin, Mucha con\u00e7oit non seulement l\u2019int\u00e9rieur et la fa\u00e7ade, mais aussi des meubles, des luminaires et toute une s\u00e9rie d\u2019objets d\u00e9coratifs. Son travail est accueilli avec enthousiasme par la Revue de la Bijouterie, pour laquelle cette \u00ab boutique d\u2019un nouveau genre \u00bb renouvelle le concept de bijouterie en l\u2019\u00e9levant au niveau de l\u2019art. L\u2019int\u00e9rieur de la Boutique Fouquet est aujourd\u2019hui conserv\u00e9 et reconstitu\u00e9 au mus\u00e9e Carnavalet \u00e0 Paris.<\/p>\n<p><strong>L\u2019\u00c9pop\u00e9e slave<\/strong><\/p>\n<p>L\u2019Epop\u00e9e slave, ex\u00e9cut\u00e9e par Mucha entre 1911 et 1926, est une s\u00e9rie de vingt toiles retra\u00e7ant divers \u00e9pisodes de l\u2019histoire des peuples slaves. Monumentales dans leur format, les plus grandes de ces toiles mesurent plus de 6 m\u00e8tres sur 8.<\/p>\n<p>Le projet a \u00e9t\u00e9 financ\u00e9 par Charles Richard Crane (1858-1939), un riche homme d\u2019affaires et philanthrope de Chicago. Tr\u00e8s int\u00e9ress\u00e9 par la situation politique en Europe de l\u2019Est et par la culture slave, Crane apporte un soutien financier et moral \u00e0 Mucha durant pr\u00e8s de deux d\u00e9cennies.<\/p>\n<p>Mucha d\u00e9peint des \u00e9v\u00e9nements historiques couvrant une vaste p\u00e9riode, des temps les plus anciens jusqu\u2019\u00e0 la fin de la Premi\u00e8re Guerre mondiale. La moiti\u00e9 d\u2019entre eux sont tir\u00e9s de l\u2019histoire tch\u00e8que, l\u2019autre moiti\u00e9 concernent d\u2019autres r\u00e9gions du monde slave. En 1928, Mucha offre la s\u00e9rie compl\u00e8te de l\u2019Epop\u00e9e slave \u00e0 la ville de Prague, en cadeau \u00e0 la nation, \u00e0 l\u2019occasion du dixi\u00e8me anniversaire de l\u2019ind\u00e9pendance du pays.<\/p>\n<p><span style=\"color: #800000\">En savoir plus:<\/span><\/p>\n<p><strong>Lieu:<\/strong> Mus\u00e9e du Luxembourg<br \/>\n19, rue Vaugirard, 75006 Paris<\/p>\n<p><strong>Date:<\/strong> 27 janvier 2019<\/p>\n<p><strong>Site:<\/strong>\u00a0https:\/\/museeduluxembourg.fr<\/p>\n","protected":false},"excerpt":{"rendered":"<p>Alphonse Mucha (1860-1939) est un artiste \u00e0 la fois c\u00e9l\u00e8bre et m\u00e9connu. C\u00e9l\u00e8bre pour avoir parfois\u00a0donn\u00e9 son nom \u00e0 l\u2019Art nouveau, dont il fut sans doute le repr\u00e9sentant le plus populaire. M\u00e9connu pour son immense ambition de peintre vou\u00e9 \u00e0 la cause nationale de son pays d\u2019origine, qui ne s\u2019appelait pas encore la Tch\u00e9quie, et [&hellip;]<\/p>\n","protected":false},"author":6,"featured_media":9600,"comment_status":"closed","ping_status":"open","sticky":false,"template":"","format":"standard","meta":{"jetpack_post_was_ever_published":false,"_jetpack_newsletter_access":"","_jetpack_dont_email_post_to_subs":false,"_jetpack_newsletter_tier_id":0,"_jetpack_memberships_contains_paywalled_content":false,"_jetpack_memberships_contains_paid_content":false,"footnotes":"","jetpack_publicize_message":"","jetpack_publicize_feature_enabled":true,"jetpack_social_post_already_shared":true,"jetpack_social_options":{"image_generator_settings":{"template":"highway","default_image_id":0,"font":"","enabled":false},"version":2}},"categories":[12],"tags":[],"class_list":["post-9583","post","type-post","status-publish","format-standard","has-post-thumbnail","hentry","category-expositions"],"yoast_head":"<!-- This site is optimized with the Yoast SEO plugin v26.9 - https:\/\/yoast.com\/product\/yoast-seo-wordpress\/ -->\n<title>Alphonse Mucha Le Magazine de Proantic<\/title>\n<meta name=\"description\" content=\"Alphonse Mucha (1860-1939) est un artiste \u00e0 la fois c\u00e9l\u00e8bre et m\u00e9connu. C\u00e9l\u00e8bre pour avoir parfois\u00a0donn\u00e9 son nom \u00e0 l\u2019Art nouveau, dont il fut sans doute\" \/>\n<meta name=\"robots\" content=\"index, follow, max-snippet:-1, max-image-preview:large, max-video-preview:-1\" \/>\n<link rel=\"canonical\" href=\"https:\/\/www.proantic.com\/magazine\/alphonse-mucha\/\" \/>\n<meta property=\"og:locale\" content=\"fr_FR\" \/>\n<meta property=\"og:type\" content=\"article\" \/>\n<meta property=\"og:title\" content=\"Alphonse Mucha Le Magazine de Proantic\" \/>\n<meta property=\"og:description\" content=\"Alphonse Mucha (1860-1939) est un artiste \u00e0 la fois c\u00e9l\u00e8bre et m\u00e9connu. C\u00e9l\u00e8bre pour avoir parfois\u00a0donn\u00e9 son nom \u00e0 l\u2019Art nouveau, dont il fut sans doute\" \/>\n<meta property=\"og:url\" content=\"https:\/\/www.proantic.com\/magazine\/alphonse-mucha\/\" \/>\n<meta property=\"og:site_name\" content=\"Le Magazine de Proantic\" \/>\n<meta property=\"article:publisher\" content=\"https:\/\/www.facebook.com\/pages\/Proantic\/\/259180871793\" \/>\n<meta property=\"article:published_time\" content=\"2018-10-19T09:17:59+00:00\" \/>\n<meta property=\"article:modified_time\" content=\"2018-10-21T18:46:55+00:00\" \/>\n<meta property=\"og:image\" content=\"https:\/\/i0.wp.com\/www.proantic.com\/magazine\/wp-content\/uploads\/2018\/10\/ase-1.jpg?fit=1024%2C512&ssl=1\" \/>\n\t<meta property=\"og:image:width\" content=\"1024\" \/>\n\t<meta property=\"og:image:height\" content=\"512\" \/>\n\t<meta property=\"og:image:type\" content=\"image\/jpeg\" \/>\n<meta name=\"author\" content=\"C\u00e9line Autant\" \/>\n<meta name=\"twitter:label1\" content=\"\u00c9crit par\" \/>\n\t<meta name=\"twitter:data1\" content=\"C\u00e9line Autant\" \/>\n\t<meta name=\"twitter:label2\" content=\"Dur\u00e9e de lecture estim\u00e9e\" \/>\n\t<meta name=\"twitter:data2\" content=\"21 minutes\" \/>\n<script type=\"application\/ld+json\" class=\"yoast-schema-graph\">{\"@context\":\"https:\/\/schema.org\",\"@graph\":[{\"@type\":\"Article\",\"@id\":\"https:\/\/www.proantic.com\/magazine\/alphonse-mucha\/#article\",\"isPartOf\":{\"@id\":\"https:\/\/www.proantic.com\/magazine\/alphonse-mucha\/\"},\"author\":{\"name\":\"C\u00e9line Autant\",\"@id\":\"https:\/\/www.proantic.com\/magazine\/#\/schema\/person\/932db14f53d245f4acce86a3fe906582\"},\"headline\":\"Alphonse Mucha\",\"datePublished\":\"2018-10-19T09:17:59+00:00\",\"dateModified\":\"2018-10-21T18:46:55+00:00\",\"mainEntityOfPage\":{\"@id\":\"https:\/\/www.proantic.com\/magazine\/alphonse-mucha\/\"},\"wordCount\":4235,\"image\":{\"@id\":\"https:\/\/www.proantic.com\/magazine\/alphonse-mucha\/#primaryimage\"},\"thumbnailUrl\":\"https:\/\/i0.wp.com\/www.proantic.com\/magazine\/wp-content\/uploads\/2018\/10\/ase-1.jpg?fit=1024%2C512&ssl=1\",\"articleSection\":[\"Expositions\"],\"inLanguage\":\"fr-FR\"},{\"@type\":\"WebPage\",\"@id\":\"https:\/\/www.proantic.com\/magazine\/alphonse-mucha\/\",\"url\":\"https:\/\/www.proantic.com\/magazine\/alphonse-mucha\/\",\"name\":\"Alphonse Mucha Le Magazine de Proantic\",\"isPartOf\":{\"@id\":\"https:\/\/www.proantic.com\/magazine\/#website\"},\"primaryImageOfPage\":{\"@id\":\"https:\/\/www.proantic.com\/magazine\/alphonse-mucha\/#primaryimage\"},\"image\":{\"@id\":\"https:\/\/www.proantic.com\/magazine\/alphonse-mucha\/#primaryimage\"},\"thumbnailUrl\":\"https:\/\/i0.wp.com\/www.proantic.com\/magazine\/wp-content\/uploads\/2018\/10\/ase-1.jpg?fit=1024%2C512&ssl=1\",\"datePublished\":\"2018-10-19T09:17:59+00:00\",\"dateModified\":\"2018-10-21T18:46:55+00:00\",\"author\":{\"@id\":\"https:\/\/www.proantic.com\/magazine\/#\/schema\/person\/932db14f53d245f4acce86a3fe906582\"},\"description\":\"Alphonse Mucha (1860-1939) est un artiste \u00e0 la fois c\u00e9l\u00e8bre et m\u00e9connu. C\u00e9l\u00e8bre pour avoir parfois\u00a0donn\u00e9 son nom \u00e0 l\u2019Art nouveau, dont il fut sans doute\",\"breadcrumb\":{\"@id\":\"https:\/\/www.proantic.com\/magazine\/alphonse-mucha\/#breadcrumb\"},\"inLanguage\":\"fr-FR\",\"potentialAction\":[{\"@type\":\"ReadAction\",\"target\":[\"https:\/\/www.proantic.com\/magazine\/alphonse-mucha\/\"]}]},{\"@type\":\"ImageObject\",\"inLanguage\":\"fr-FR\",\"@id\":\"https:\/\/www.proantic.com\/magazine\/alphonse-mucha\/#primaryimage\",\"url\":\"https:\/\/i0.wp.com\/www.proantic.com\/magazine\/wp-content\/uploads\/2018\/10\/ase-1.jpg?fit=1024%2C512&ssl=1\",\"contentUrl\":\"https:\/\/i0.wp.com\/www.proantic.com\/magazine\/wp-content\/uploads\/2018\/10\/ase-1.jpg?fit=1024%2C512&ssl=1\",\"width\":1024,\"height\":512},{\"@type\":\"BreadcrumbList\",\"@id\":\"https:\/\/www.proantic.com\/magazine\/alphonse-mucha\/#breadcrumb\",\"itemListElement\":[{\"@type\":\"ListItem\",\"position\":1,\"name\":\"Accueil\",\"item\":\"https:\/\/www.proantic.com\/magazine\/\"},{\"@type\":\"ListItem\",\"position\":2,\"name\":\"Alphonse Mucha\"}]},{\"@type\":\"WebSite\",\"@id\":\"https:\/\/www.proantic.com\/magazine\/#website\",\"url\":\"https:\/\/www.proantic.com\/magazine\/\",\"name\":\"Le Magazine de Proantic\",\"description\":\"Magazine d&#039;art et expositions\",\"potentialAction\":[{\"@type\":\"SearchAction\",\"target\":{\"@type\":\"EntryPoint\",\"urlTemplate\":\"https:\/\/www.proantic.com\/magazine\/?s={search_term_string}\"},\"query-input\":{\"@type\":\"PropertyValueSpecification\",\"valueRequired\":true,\"valueName\":\"search_term_string\"}}],\"inLanguage\":\"fr-FR\"},{\"@type\":\"Person\",\"@id\":\"https:\/\/www.proantic.com\/magazine\/#\/schema\/person\/932db14f53d245f4acce86a3fe906582\",\"name\":\"C\u00e9line Autant\"}]}<\/script>\n<!-- \/ Yoast SEO plugin. -->","yoast_head_json":{"title":"Alphonse Mucha Le Magazine de Proantic","description":"Alphonse Mucha (1860-1939) est un artiste \u00e0 la fois c\u00e9l\u00e8bre et m\u00e9connu. C\u00e9l\u00e8bre pour avoir parfois\u00a0donn\u00e9 son nom \u00e0 l\u2019Art nouveau, dont il fut sans doute","robots":{"index":"index","follow":"follow","max-snippet":"max-snippet:-1","max-image-preview":"max-image-preview:large","max-video-preview":"max-video-preview:-1"},"canonical":"https:\/\/www.proantic.com\/magazine\/alphonse-mucha\/","og_locale":"fr_FR","og_type":"article","og_title":"Alphonse Mucha Le Magazine de Proantic","og_description":"Alphonse Mucha (1860-1939) est un artiste \u00e0 la fois c\u00e9l\u00e8bre et m\u00e9connu. C\u00e9l\u00e8bre pour avoir parfois\u00a0donn\u00e9 son nom \u00e0 l\u2019Art nouveau, dont il fut sans doute","og_url":"https:\/\/www.proantic.com\/magazine\/alphonse-mucha\/","og_site_name":"Le Magazine de Proantic","article_publisher":"https:\/\/www.facebook.com\/pages\/Proantic\/\/259180871793","article_published_time":"2018-10-19T09:17:59+00:00","article_modified_time":"2018-10-21T18:46:55+00:00","og_image":[{"width":1024,"height":512,"url":"https:\/\/i0.wp.com\/www.proantic.com\/magazine\/wp-content\/uploads\/2018\/10\/ase-1.jpg?fit=1024%2C512&ssl=1","type":"image\/jpeg"}],"author":"C\u00e9line Autant","twitter_misc":{"\u00c9crit par":"C\u00e9line Autant","Dur\u00e9e de lecture estim\u00e9e":"21 minutes"},"schema":{"@context":"https:\/\/schema.org","@graph":[{"@type":"Article","@id":"https:\/\/www.proantic.com\/magazine\/alphonse-mucha\/#article","isPartOf":{"@id":"https:\/\/www.proantic.com\/magazine\/alphonse-mucha\/"},"author":{"name":"C\u00e9line Autant","@id":"https:\/\/www.proantic.com\/magazine\/#\/schema\/person\/932db14f53d245f4acce86a3fe906582"},"headline":"Alphonse Mucha","datePublished":"2018-10-19T09:17:59+00:00","dateModified":"2018-10-21T18:46:55+00:00","mainEntityOfPage":{"@id":"https:\/\/www.proantic.com\/magazine\/alphonse-mucha\/"},"wordCount":4235,"image":{"@id":"https:\/\/www.proantic.com\/magazine\/alphonse-mucha\/#primaryimage"},"thumbnailUrl":"https:\/\/i0.wp.com\/www.proantic.com\/magazine\/wp-content\/uploads\/2018\/10\/ase-1.jpg?fit=1024%2C512&ssl=1","articleSection":["Expositions"],"inLanguage":"fr-FR"},{"@type":"WebPage","@id":"https:\/\/www.proantic.com\/magazine\/alphonse-mucha\/","url":"https:\/\/www.proantic.com\/magazine\/alphonse-mucha\/","name":"Alphonse Mucha Le Magazine de Proantic","isPartOf":{"@id":"https:\/\/www.proantic.com\/magazine\/#website"},"primaryImageOfPage":{"@id":"https:\/\/www.proantic.com\/magazine\/alphonse-mucha\/#primaryimage"},"image":{"@id":"https:\/\/www.proantic.com\/magazine\/alphonse-mucha\/#primaryimage"},"thumbnailUrl":"https:\/\/i0.wp.com\/www.proantic.com\/magazine\/wp-content\/uploads\/2018\/10\/ase-1.jpg?fit=1024%2C512&ssl=1","datePublished":"2018-10-19T09:17:59+00:00","dateModified":"2018-10-21T18:46:55+00:00","author":{"@id":"https:\/\/www.proantic.com\/magazine\/#\/schema\/person\/932db14f53d245f4acce86a3fe906582"},"description":"Alphonse Mucha (1860-1939) est un artiste \u00e0 la fois c\u00e9l\u00e8bre et m\u00e9connu. C\u00e9l\u00e8bre pour avoir parfois\u00a0donn\u00e9 son nom \u00e0 l\u2019Art nouveau, dont il fut sans doute","breadcrumb":{"@id":"https:\/\/www.proantic.com\/magazine\/alphonse-mucha\/#breadcrumb"},"inLanguage":"fr-FR","potentialAction":[{"@type":"ReadAction","target":["https:\/\/www.proantic.com\/magazine\/alphonse-mucha\/"]}]},{"@type":"ImageObject","inLanguage":"fr-FR","@id":"https:\/\/www.proantic.com\/magazine\/alphonse-mucha\/#primaryimage","url":"https:\/\/i0.wp.com\/www.proantic.com\/magazine\/wp-content\/uploads\/2018\/10\/ase-1.jpg?fit=1024%2C512&ssl=1","contentUrl":"https:\/\/i0.wp.com\/www.proantic.com\/magazine\/wp-content\/uploads\/2018\/10\/ase-1.jpg?fit=1024%2C512&ssl=1","width":1024,"height":512},{"@type":"BreadcrumbList","@id":"https:\/\/www.proantic.com\/magazine\/alphonse-mucha\/#breadcrumb","itemListElement":[{"@type":"ListItem","position":1,"name":"Accueil","item":"https:\/\/www.proantic.com\/magazine\/"},{"@type":"ListItem","position":2,"name":"Alphonse Mucha"}]},{"@type":"WebSite","@id":"https:\/\/www.proantic.com\/magazine\/#website","url":"https:\/\/www.proantic.com\/magazine\/","name":"Le Magazine de Proantic","description":"Magazine d&#039;art et expositions","potentialAction":[{"@type":"SearchAction","target":{"@type":"EntryPoint","urlTemplate":"https:\/\/www.proantic.com\/magazine\/?s={search_term_string}"},"query-input":{"@type":"PropertyValueSpecification","valueRequired":true,"valueName":"search_term_string"}}],"inLanguage":"fr-FR"},{"@type":"Person","@id":"https:\/\/www.proantic.com\/magazine\/#\/schema\/person\/932db14f53d245f4acce86a3fe906582","name":"C\u00e9line Autant"}]}},"jetpack_publicize_connections":[],"jetpack_featured_media_url":"https:\/\/i0.wp.com\/www.proantic.com\/magazine\/wp-content\/uploads\/2018\/10\/ase-1.jpg?fit=1024%2C512&ssl=1","jetpack_shortlink":"https:\/\/wp.me\/p7EkP3-2uz","jetpack_sharing_enabled":true,"_links":{"self":[{"href":"https:\/\/www.proantic.com\/magazine\/wp-json\/wp\/v2\/posts\/9583","targetHints":{"allow":["GET"]}}],"collection":[{"href":"https:\/\/www.proantic.com\/magazine\/wp-json\/wp\/v2\/posts"}],"about":[{"href":"https:\/\/www.proantic.com\/magazine\/wp-json\/wp\/v2\/types\/post"}],"author":[{"embeddable":true,"href":"https:\/\/www.proantic.com\/magazine\/wp-json\/wp\/v2\/users\/6"}],"replies":[{"embeddable":true,"href":"https:\/\/www.proantic.com\/magazine\/wp-json\/wp\/v2\/comments?post=9583"}],"version-history":[{"count":0,"href":"https:\/\/www.proantic.com\/magazine\/wp-json\/wp\/v2\/posts\/9583\/revisions"}],"wp:featuredmedia":[{"embeddable":true,"href":"https:\/\/www.proantic.com\/magazine\/wp-json\/wp\/v2\/media\/9600"}],"wp:attachment":[{"href":"https:\/\/www.proantic.com\/magazine\/wp-json\/wp\/v2\/media?parent=9583"}],"wp:term":[{"taxonomy":"category","embeddable":true,"href":"https:\/\/www.proantic.com\/magazine\/wp-json\/wp\/v2\/categories?post=9583"},{"taxonomy":"post_tag","embeddable":true,"href":"https:\/\/www.proantic.com\/magazine\/wp-json\/wp\/v2\/tags?post=9583"}],"curies":[{"name":"wp","href":"https:\/\/api.w.org\/{rel}","templated":true}]}}