{"id":945,"date":"2011-10-26T08:12:37","date_gmt":"2011-10-26T07:12:37","guid":{"rendered":"http:\/\/www.proantic.com\/magazine\/?p=945"},"modified":"2017-12-22T11:35:42","modified_gmt":"2017-12-22T10:35:42","slug":"lhotel-particulier-ambition-parisienne","status":"publish","type":"post","link":"https:\/\/www.proantic.com\/magazine\/lhotel-particulier-ambition-parisienne\/","title":{"rendered":"L&rsquo;h\u00f4tel particulier. Une ambition parisienne"},"content":{"rendered":"<p><span style=\"color: #ff0000\">\u00a0Exposition \u00e0 la cit\u00e9 de l&rsquo;architecture &amp; du patrimoine<\/span> du 5 octobre 2011 au 19 f\u00e9vrier 2012<\/p>\n<p><span style=\"font-size: 12pt;color: #000000\">E<\/span><strong>l\u00e9ment constitutif de la personnalit\u00e9 architecturale de Paris, l\u2019h\u00f4tel particulier raconte une histoire de la capitale, \u00e0 travers son \u00e9volution topographique dans les diff\u00e9rents quartiers de la capitale.<\/strong><\/p>\n<p><a href=\"https:\/\/i0.wp.com\/www.proantic.com\/magazine\/wp-content\/uploads\/2014\/04\/69358763_p.jpg\" data-lightbox=\"gal[945]\"><img data-recalc-dims=\"1\" loading=\"lazy\" decoding=\"async\" data-attachment-id=\"946\" data-permalink=\"https:\/\/www.proantic.com\/magazine\/lhotel-particulier-ambition-parisienne\/69358763_p\/\" data-orig-file=\"https:\/\/i0.wp.com\/www.proantic.com\/magazine\/wp-content\/uploads\/2014\/04\/69358763_p.jpg?fit=314%2C450&amp;ssl=1\" data-orig-size=\"314,450\" data-comments-opened=\"1\" data-image-meta=\"{&quot;aperture&quot;:&quot;0&quot;,&quot;credit&quot;:&quot;&quot;,&quot;camera&quot;:&quot;&quot;,&quot;caption&quot;:&quot;&quot;,&quot;created_timestamp&quot;:&quot;0&quot;,&quot;copyright&quot;:&quot;&quot;,&quot;focal_length&quot;:&quot;0&quot;,&quot;iso&quot;:&quot;0&quot;,&quot;shutter_speed&quot;:&quot;0&quot;,&quot;title&quot;:&quot;&quot;}\" data-image-title=\"69358763_p\" data-image-description=\"\" data-image-caption=\"\" data-medium-file=\"https:\/\/i0.wp.com\/www.proantic.com\/magazine\/wp-content\/uploads\/2014\/04\/69358763_p.jpg?fit=209%2C300&amp;ssl=1\" data-large-file=\"https:\/\/i0.wp.com\/www.proantic.com\/magazine\/wp-content\/uploads\/2014\/04\/69358763_p.jpg?fit=314%2C450&amp;ssl=1\" class=\"aligncenter size-full wp-image-946\" src=\"https:\/\/i0.wp.com\/www.proantic.com\/magazine\/wp-content\/uploads\/2014\/04\/69358763_p.jpg?resize=314%2C450\" alt=\"69358763_p\" width=\"314\" height=\"450\" srcset=\"https:\/\/i0.wp.com\/www.proantic.com\/magazine\/wp-content\/uploads\/2014\/04\/69358763_p.jpg?w=314&amp;ssl=1 314w, https:\/\/i0.wp.com\/www.proantic.com\/magazine\/wp-content\/uploads\/2014\/04\/69358763_p.jpg?resize=209%2C300&amp;ssl=1 209w\" sizes=\"auto, (max-width: 314px) 100vw, 314px\" \/><\/a><span style=\"font-size: 14pt;color: #ff0000\">l<\/span>\u2019exposition pr\u00e9sente la reconstitution d\u2019un petit h\u00f4tel entre cour et jardin, que le visiteur d\u00e9couvrira en visitant ses diff\u00e9rentes pi\u00e8ces, d\u00e9cor\u00e9es comme une v\u00e9ritable maison habit\u00e9e. Ainsi sera offerte \u00e0 chacun une impression d\u2019intimit\u00e9 avec l\u2019h\u00f4tel, une appropriation de l\u2019objet. Cette r\u00e9alisation ne se fondera pas sur un \u00e9difice existant, mais sur une \u00e9vocation g\u00e9n\u00e9rale, cr\u00e9ant un type synth\u00e9tique, chaque espace, \u00ab ext\u00e9rieur \u00bb et int\u00e9rieur, \u00e9tant pr\u00e9texte \u00e0 un discours p\u00e9dagogique.<\/p>\n<p><a href=\"https:\/\/i0.wp.com\/www.proantic.com\/magazine\/wp-content\/uploads\/2014\/04\/hp1.jpg\" data-lightbox=\"gal[945]\"><img data-recalc-dims=\"1\" loading=\"lazy\" decoding=\"async\" data-attachment-id=\"947\" data-permalink=\"https:\/\/www.proantic.com\/magazine\/lhotel-particulier-ambition-parisienne\/hp1\/\" data-orig-file=\"https:\/\/i0.wp.com\/www.proantic.com\/magazine\/wp-content\/uploads\/2014\/04\/hp1.jpg?fit=1000%2C581&amp;ssl=1\" data-orig-size=\"1000,581\" data-comments-opened=\"1\" data-image-meta=\"{&quot;aperture&quot;:&quot;0&quot;,&quot;credit&quot;:&quot;&quot;,&quot;camera&quot;:&quot;&quot;,&quot;caption&quot;:&quot;&quot;,&quot;created_timestamp&quot;:&quot;0&quot;,&quot;copyright&quot;:&quot;&quot;,&quot;focal_length&quot;:&quot;0&quot;,&quot;iso&quot;:&quot;0&quot;,&quot;shutter_speed&quot;:&quot;0&quot;,&quot;title&quot;:&quot;&quot;}\" data-image-title=\"hp1\" data-image-description=\"\" data-image-caption=\"\" data-medium-file=\"https:\/\/i0.wp.com\/www.proantic.com\/magazine\/wp-content\/uploads\/2014\/04\/hp1.jpg?fit=300%2C174&amp;ssl=1\" data-large-file=\"https:\/\/i0.wp.com\/www.proantic.com\/magazine\/wp-content\/uploads\/2014\/04\/hp1.jpg?fit=665%2C386&amp;ssl=1\" class=\"aligncenter size-full wp-image-947\" src=\"https:\/\/i0.wp.com\/www.proantic.com\/magazine\/wp-content\/uploads\/2014\/04\/hp1.jpg?resize=665%2C386\" alt=\"hp1\" width=\"665\" height=\"386\" srcset=\"https:\/\/i0.wp.com\/www.proantic.com\/magazine\/wp-content\/uploads\/2014\/04\/hp1.jpg?w=1000&amp;ssl=1 1000w, https:\/\/i0.wp.com\/www.proantic.com\/magazine\/wp-content\/uploads\/2014\/04\/hp1.jpg?resize=300%2C174&amp;ssl=1 300w, https:\/\/i0.wp.com\/www.proantic.com\/magazine\/wp-content\/uploads\/2014\/04\/hp1.jpg?resize=620%2C360&amp;ssl=1 620w, https:\/\/i0.wp.com\/www.proantic.com\/magazine\/wp-content\/uploads\/2014\/04\/hp1.jpg?resize=940%2C546&amp;ssl=1 940w\" sizes=\"auto, (max-width: 665px) 100vw, 665px\" \/><\/a><br \/>\n<span style=\"font-size: 14pt;color: #ff0000\">U<\/span>n parcours\u00a0 chronologique de l&rsquo; hotel particulier, du Moyen-Age \u00e0 la Belle Epoque sera mise en sc\u00e8ne dans un vaste espace ouvert, autour d\u2019une suite de grandes maquettes d\u2019h\u00f4tels choisis pour leur caract\u00e8re embl\u00e9matique &#8211; h\u00f4tels de Cluny, Lambert, de Th\u00e9lusson et enfin le Palais-Rose\u00a0 \u00ad compl\u00e9t\u00e9e d\u2019une borne interactive contenant 300 fiches d\u2019h\u00f4tels richement illustr\u00e9es.<\/p>\n","protected":false},"excerpt":{"rendered":"<p>\u00a0Exposition \u00e0 la cit\u00e9 de l&rsquo;architecture &amp; du patrimoine du 5 octobre 2011 au 19 f\u00e9vrier 2012 El\u00e9ment constitutif de la personnalit\u00e9 architecturale de Paris, l\u2019h\u00f4tel particulier raconte une histoire de la capitale, \u00e0 travers son \u00e9volution topographique dans les diff\u00e9rents quartiers de la capitale. l\u2019exposition pr\u00e9sente la reconstitution d\u2019un petit h\u00f4tel entre cour et [&hellip;]<\/p>\n","protected":false},"author":6,"featured_media":947,"comment_status":"closed","ping_status":"open","sticky":false,"template":"","format":"standard","meta":{"jetpack_post_was_ever_published":false,"_jetpack_newsletter_access":"","_jetpack_dont_email_post_to_subs":false,"_jetpack_newsletter_tier_id":0,"_jetpack_memberships_contains_paywalled_content":false,"_jetpack_memberships_contains_paid_content":false,"footnotes":"","jetpack_publicize_message":"","jetpack_publicize_feature_enabled":true,"jetpack_social_post_already_shared":true,"jetpack_social_options":{"image_generator_settings":{"template":"highway","default_image_id":0,"font":"","enabled":false},"version":2}},"categories":[12],"tags":[],"class_list":["post-945","post","type-post","status-publish","format-standard","has-post-thumbnail","hentry","category-expositions"],"yoast_head":"<!-- This site is optimized with the Yoast SEO plugin v26.9 - https:\/\/yoast.com\/product\/yoast-seo-wordpress\/ -->\n<title>L&#039;h\u00f4tel particulier. Une ambition parisienne Le Magazine de Proantic<\/title>\n<meta name=\"description\" content=\"\u00a0Exposition \u00e0 la cit\u00e9 de l&#039;architecture &amp; du patrimoine du 5 octobre 2011 au 19 f\u00e9vrier 2012 El\u00e9ment constitutif de la personnalit\u00e9 architecturale de\" \/>\n<meta name=\"robots\" content=\"index, follow, max-snippet:-1, max-image-preview:large, max-video-preview:-1\" \/>\n<link rel=\"canonical\" href=\"https:\/\/www.proantic.com\/magazine\/lhotel-particulier-ambition-parisienne\/\" \/>\n<meta property=\"og:locale\" content=\"fr_FR\" \/>\n<meta property=\"og:type\" content=\"article\" \/>\n<meta property=\"og:title\" content=\"L&#039;h\u00f4tel particulier. Une ambition parisienne Le Magazine de Proantic\" \/>\n<meta property=\"og:description\" content=\"\u00a0Exposition \u00e0 la cit\u00e9 de l&#039;architecture &amp; du patrimoine du 5 octobre 2011 au 19 f\u00e9vrier 2012 El\u00e9ment constitutif de la personnalit\u00e9 architecturale de\" \/>\n<meta property=\"og:url\" content=\"https:\/\/www.proantic.com\/magazine\/lhotel-particulier-ambition-parisienne\/\" \/>\n<meta property=\"og:site_name\" content=\"Le Magazine de Proantic\" \/>\n<meta property=\"article:publisher\" content=\"https:\/\/www.facebook.com\/pages\/Proantic\/\/259180871793\" \/>\n<meta property=\"article:published_time\" content=\"2011-10-26T07:12:37+00:00\" \/>\n<meta property=\"article:modified_time\" content=\"2017-12-22T10:35:42+00:00\" \/>\n<meta property=\"og:image\" content=\"https:\/\/i0.wp.com\/www.proantic.com\/magazine\/wp-content\/uploads\/2014\/04\/hp1.jpg?fit=1000%2C581&ssl=1\" \/>\n\t<meta property=\"og:image:width\" content=\"1000\" \/>\n\t<meta property=\"og:image:height\" content=\"581\" \/>\n\t<meta property=\"og:image:type\" content=\"image\/jpeg\" \/>\n<meta name=\"author\" content=\"C\u00e9line Autant\" \/>\n<meta name=\"twitter:label1\" content=\"\u00c9crit par\" \/>\n\t<meta name=\"twitter:data1\" content=\"C\u00e9line Autant\" \/>\n\t<meta name=\"twitter:label2\" content=\"Dur\u00e9e de lecture estim\u00e9e\" \/>\n\t<meta name=\"twitter:data2\" content=\"1 minute\" \/>\n<script type=\"application\/ld+json\" class=\"yoast-schema-graph\">{\"@context\":\"https:\/\/schema.org\",\"@graph\":[{\"@type\":\"Article\",\"@id\":\"https:\/\/www.proantic.com\/magazine\/lhotel-particulier-ambition-parisienne\/#article\",\"isPartOf\":{\"@id\":\"https:\/\/www.proantic.com\/magazine\/lhotel-particulier-ambition-parisienne\/\"},\"author\":{\"name\":\"C\u00e9line Autant\",\"@id\":\"https:\/\/www.proantic.com\/magazine\/#\/schema\/person\/63707e8f4e7d0172de7ddde897688be0\"},\"headline\":\"L&rsquo;h\u00f4tel particulier. Une ambition parisienne\",\"datePublished\":\"2011-10-26T07:12:37+00:00\",\"dateModified\":\"2017-12-22T10:35:42+00:00\",\"mainEntityOfPage\":{\"@id\":\"https:\/\/www.proantic.com\/magazine\/lhotel-particulier-ambition-parisienne\/\"},\"wordCount\":212,\"image\":{\"@id\":\"https:\/\/www.proantic.com\/magazine\/lhotel-particulier-ambition-parisienne\/#primaryimage\"},\"thumbnailUrl\":\"https:\/\/i0.wp.com\/www.proantic.com\/magazine\/wp-content\/uploads\/2014\/04\/hp1.jpg?fit=1000%2C581&ssl=1\",\"articleSection\":[\"Expositions\"],\"inLanguage\":\"fr-FR\"},{\"@type\":\"WebPage\",\"@id\":\"https:\/\/www.proantic.com\/magazine\/lhotel-particulier-ambition-parisienne\/\",\"url\":\"https:\/\/www.proantic.com\/magazine\/lhotel-particulier-ambition-parisienne\/\",\"name\":\"L'h\u00f4tel particulier. Une ambition parisienne Le Magazine de Proantic\",\"isPartOf\":{\"@id\":\"https:\/\/www.proantic.com\/magazine\/#website\"},\"primaryImageOfPage\":{\"@id\":\"https:\/\/www.proantic.com\/magazine\/lhotel-particulier-ambition-parisienne\/#primaryimage\"},\"image\":{\"@id\":\"https:\/\/www.proantic.com\/magazine\/lhotel-particulier-ambition-parisienne\/#primaryimage\"},\"thumbnailUrl\":\"https:\/\/i0.wp.com\/www.proantic.com\/magazine\/wp-content\/uploads\/2014\/04\/hp1.jpg?fit=1000%2C581&ssl=1\",\"datePublished\":\"2011-10-26T07:12:37+00:00\",\"dateModified\":\"2017-12-22T10:35:42+00:00\",\"author\":{\"@id\":\"https:\/\/www.proantic.com\/magazine\/#\/schema\/person\/63707e8f4e7d0172de7ddde897688be0\"},\"description\":\"\u00a0Exposition \u00e0 la cit\u00e9 de l'architecture &amp; du patrimoine du 5 octobre 2011 au 19 f\u00e9vrier 2012 El\u00e9ment constitutif de la personnalit\u00e9 architecturale de\",\"breadcrumb\":{\"@id\":\"https:\/\/www.proantic.com\/magazine\/lhotel-particulier-ambition-parisienne\/#breadcrumb\"},\"inLanguage\":\"fr-FR\",\"potentialAction\":[{\"@type\":\"ReadAction\",\"target\":[\"https:\/\/www.proantic.com\/magazine\/lhotel-particulier-ambition-parisienne\/\"]}]},{\"@type\":\"ImageObject\",\"inLanguage\":\"fr-FR\",\"@id\":\"https:\/\/www.proantic.com\/magazine\/lhotel-particulier-ambition-parisienne\/#primaryimage\",\"url\":\"https:\/\/i0.wp.com\/www.proantic.com\/magazine\/wp-content\/uploads\/2014\/04\/hp1.jpg?fit=1000%2C581&ssl=1\",\"contentUrl\":\"https:\/\/i0.wp.com\/www.proantic.com\/magazine\/wp-content\/uploads\/2014\/04\/hp1.jpg?fit=1000%2C581&ssl=1\",\"width\":1000,\"height\":581},{\"@type\":\"BreadcrumbList\",\"@id\":\"https:\/\/www.proantic.com\/magazine\/lhotel-particulier-ambition-parisienne\/#breadcrumb\",\"itemListElement\":[{\"@type\":\"ListItem\",\"position\":1,\"name\":\"Accueil\",\"item\":\"https:\/\/www.proantic.com\/magazine\/\"},{\"@type\":\"ListItem\",\"position\":2,\"name\":\"L&rsquo;h\u00f4tel particulier. Une ambition parisienne\"}]},{\"@type\":\"WebSite\",\"@id\":\"https:\/\/www.proantic.com\/magazine\/#website\",\"url\":\"https:\/\/www.proantic.com\/magazine\/\",\"name\":\"Le Magazine de Proantic\",\"description\":\"Magazine d&#039;art et expositions\",\"potentialAction\":[{\"@type\":\"SearchAction\",\"target\":{\"@type\":\"EntryPoint\",\"urlTemplate\":\"https:\/\/www.proantic.com\/magazine\/?s={search_term_string}\"},\"query-input\":{\"@type\":\"PropertyValueSpecification\",\"valueRequired\":true,\"valueName\":\"search_term_string\"}}],\"inLanguage\":\"fr-FR\"},{\"@type\":\"Person\",\"@id\":\"https:\/\/www.proantic.com\/magazine\/#\/schema\/person\/63707e8f4e7d0172de7ddde897688be0\",\"name\":\"C\u00e9line Autant\"}]}<\/script>\n<!-- \/ Yoast SEO plugin. -->","yoast_head_json":{"title":"L'h\u00f4tel particulier. Une ambition parisienne Le Magazine de Proantic","description":"\u00a0Exposition \u00e0 la cit\u00e9 de l'architecture &amp; du patrimoine du 5 octobre 2011 au 19 f\u00e9vrier 2012 El\u00e9ment constitutif de la personnalit\u00e9 architecturale de","robots":{"index":"index","follow":"follow","max-snippet":"max-snippet:-1","max-image-preview":"max-image-preview:large","max-video-preview":"max-video-preview:-1"},"canonical":"https:\/\/www.proantic.com\/magazine\/lhotel-particulier-ambition-parisienne\/","og_locale":"fr_FR","og_type":"article","og_title":"L'h\u00f4tel particulier. Une ambition parisienne Le Magazine de Proantic","og_description":"\u00a0Exposition \u00e0 la cit\u00e9 de l'architecture &amp; du patrimoine du 5 octobre 2011 au 19 f\u00e9vrier 2012 El\u00e9ment constitutif de la personnalit\u00e9 architecturale de","og_url":"https:\/\/www.proantic.com\/magazine\/lhotel-particulier-ambition-parisienne\/","og_site_name":"Le Magazine de Proantic","article_publisher":"https:\/\/www.facebook.com\/pages\/Proantic\/\/259180871793","article_published_time":"2011-10-26T07:12:37+00:00","article_modified_time":"2017-12-22T10:35:42+00:00","og_image":[{"width":1000,"height":581,"url":"https:\/\/i0.wp.com\/www.proantic.com\/magazine\/wp-content\/uploads\/2014\/04\/hp1.jpg?fit=1000%2C581&ssl=1","type":"image\/jpeg"}],"author":"C\u00e9line Autant","twitter_misc":{"\u00c9crit par":"C\u00e9line Autant","Dur\u00e9e de lecture estim\u00e9e":"1 minute"},"schema":{"@context":"https:\/\/schema.org","@graph":[{"@type":"Article","@id":"https:\/\/www.proantic.com\/magazine\/lhotel-particulier-ambition-parisienne\/#article","isPartOf":{"@id":"https:\/\/www.proantic.com\/magazine\/lhotel-particulier-ambition-parisienne\/"},"author":{"name":"C\u00e9line Autant","@id":"https:\/\/www.proantic.com\/magazine\/#\/schema\/person\/63707e8f4e7d0172de7ddde897688be0"},"headline":"L&rsquo;h\u00f4tel particulier. Une ambition parisienne","datePublished":"2011-10-26T07:12:37+00:00","dateModified":"2017-12-22T10:35:42+00:00","mainEntityOfPage":{"@id":"https:\/\/www.proantic.com\/magazine\/lhotel-particulier-ambition-parisienne\/"},"wordCount":212,"image":{"@id":"https:\/\/www.proantic.com\/magazine\/lhotel-particulier-ambition-parisienne\/#primaryimage"},"thumbnailUrl":"https:\/\/i0.wp.com\/www.proantic.com\/magazine\/wp-content\/uploads\/2014\/04\/hp1.jpg?fit=1000%2C581&ssl=1","articleSection":["Expositions"],"inLanguage":"fr-FR"},{"@type":"WebPage","@id":"https:\/\/www.proantic.com\/magazine\/lhotel-particulier-ambition-parisienne\/","url":"https:\/\/www.proantic.com\/magazine\/lhotel-particulier-ambition-parisienne\/","name":"L'h\u00f4tel particulier. Une ambition parisienne Le Magazine de Proantic","isPartOf":{"@id":"https:\/\/www.proantic.com\/magazine\/#website"},"primaryImageOfPage":{"@id":"https:\/\/www.proantic.com\/magazine\/lhotel-particulier-ambition-parisienne\/#primaryimage"},"image":{"@id":"https:\/\/www.proantic.com\/magazine\/lhotel-particulier-ambition-parisienne\/#primaryimage"},"thumbnailUrl":"https:\/\/i0.wp.com\/www.proantic.com\/magazine\/wp-content\/uploads\/2014\/04\/hp1.jpg?fit=1000%2C581&ssl=1","datePublished":"2011-10-26T07:12:37+00:00","dateModified":"2017-12-22T10:35:42+00:00","author":{"@id":"https:\/\/www.proantic.com\/magazine\/#\/schema\/person\/63707e8f4e7d0172de7ddde897688be0"},"description":"\u00a0Exposition \u00e0 la cit\u00e9 de l'architecture &amp; du patrimoine du 5 octobre 2011 au 19 f\u00e9vrier 2012 El\u00e9ment constitutif de la personnalit\u00e9 architecturale de","breadcrumb":{"@id":"https:\/\/www.proantic.com\/magazine\/lhotel-particulier-ambition-parisienne\/#breadcrumb"},"inLanguage":"fr-FR","potentialAction":[{"@type":"ReadAction","target":["https:\/\/www.proantic.com\/magazine\/lhotel-particulier-ambition-parisienne\/"]}]},{"@type":"ImageObject","inLanguage":"fr-FR","@id":"https:\/\/www.proantic.com\/magazine\/lhotel-particulier-ambition-parisienne\/#primaryimage","url":"https:\/\/i0.wp.com\/www.proantic.com\/magazine\/wp-content\/uploads\/2014\/04\/hp1.jpg?fit=1000%2C581&ssl=1","contentUrl":"https:\/\/i0.wp.com\/www.proantic.com\/magazine\/wp-content\/uploads\/2014\/04\/hp1.jpg?fit=1000%2C581&ssl=1","width":1000,"height":581},{"@type":"BreadcrumbList","@id":"https:\/\/www.proantic.com\/magazine\/lhotel-particulier-ambition-parisienne\/#breadcrumb","itemListElement":[{"@type":"ListItem","position":1,"name":"Accueil","item":"https:\/\/www.proantic.com\/magazine\/"},{"@type":"ListItem","position":2,"name":"L&rsquo;h\u00f4tel particulier. Une ambition parisienne"}]},{"@type":"WebSite","@id":"https:\/\/www.proantic.com\/magazine\/#website","url":"https:\/\/www.proantic.com\/magazine\/","name":"Le Magazine de Proantic","description":"Magazine d&#039;art et expositions","potentialAction":[{"@type":"SearchAction","target":{"@type":"EntryPoint","urlTemplate":"https:\/\/www.proantic.com\/magazine\/?s={search_term_string}"},"query-input":{"@type":"PropertyValueSpecification","valueRequired":true,"valueName":"search_term_string"}}],"inLanguage":"fr-FR"},{"@type":"Person","@id":"https:\/\/www.proantic.com\/magazine\/#\/schema\/person\/63707e8f4e7d0172de7ddde897688be0","name":"C\u00e9line Autant"}]}},"jetpack_publicize_connections":[],"jetpack_featured_media_url":"https:\/\/i0.wp.com\/www.proantic.com\/magazine\/wp-content\/uploads\/2014\/04\/hp1.jpg?fit=1000%2C581&ssl=1","jetpack_shortlink":"https:\/\/wp.me\/p7EkP3-ff","jetpack_sharing_enabled":true,"_links":{"self":[{"href":"https:\/\/www.proantic.com\/magazine\/wp-json\/wp\/v2\/posts\/945","targetHints":{"allow":["GET"]}}],"collection":[{"href":"https:\/\/www.proantic.com\/magazine\/wp-json\/wp\/v2\/posts"}],"about":[{"href":"https:\/\/www.proantic.com\/magazine\/wp-json\/wp\/v2\/types\/post"}],"author":[{"embeddable":true,"href":"https:\/\/www.proantic.com\/magazine\/wp-json\/wp\/v2\/users\/6"}],"replies":[{"embeddable":true,"href":"https:\/\/www.proantic.com\/magazine\/wp-json\/wp\/v2\/comments?post=945"}],"version-history":[{"count":0,"href":"https:\/\/www.proantic.com\/magazine\/wp-json\/wp\/v2\/posts\/945\/revisions"}],"wp:featuredmedia":[{"embeddable":true,"href":"https:\/\/www.proantic.com\/magazine\/wp-json\/wp\/v2\/media\/947"}],"wp:attachment":[{"href":"https:\/\/www.proantic.com\/magazine\/wp-json\/wp\/v2\/media?parent=945"}],"wp:term":[{"taxonomy":"category","embeddable":true,"href":"https:\/\/www.proantic.com\/magazine\/wp-json\/wp\/v2\/categories?post=945"},{"taxonomy":"post_tag","embeddable":true,"href":"https:\/\/www.proantic.com\/magazine\/wp-json\/wp\/v2\/tags?post=945"}],"curies":[{"name":"wp","href":"https:\/\/api.w.org\/{rel}","templated":true}]}}