{"id":8699,"date":"2018-04-06T09:27:52","date_gmt":"2018-04-06T08:27:52","guid":{"rendered":"http:\/\/www.proantic.com\/magazine\/?p=8699"},"modified":"2018-04-08T09:13:36","modified_gmt":"2018-04-08T08:13:36","slug":"cabinet-camaieu-chateau-de-champs-marne","status":"publish","type":"post","link":"https:\/\/www.proantic.com\/magazine\/cabinet-camaieu-chateau-de-champs-marne\/","title":{"rendered":"Le cabinet en cama\u00efeu du ch\u00e2teau de Champs-sur-Marne"},"content":{"rendered":"<p><strong>Le ch\u00e2teau de Champs-sur-Marne est caract\u00e9ristique des maisons de plaisance du XVIII\u00e8me si\u00e8cle b\u00e2ties \u00e0 la campagne, permettant un nouvel art de vivre.\u00a0<\/strong> Construit de 1703 \u00e0 1708 par les architectes Pierre Bullet et Jean-Baptiste Bullet de Chamblain, \u00e0 la demande du financier de Louis XIV, Paul Poisson de Bourvallais. Le ch\u00e2teau pr\u00e9sente \u00a0de somptueux d\u00e9cors rocaille, ainsi que des d\u00e9cors de chinoiseries peintes au milieu du XVIII\u00e8me si\u00e8cle par Christophe Huet.<\/p>\n<p><a href=\"https:\/\/i0.wp.com\/www.proantic.com\/magazine\/wp-content\/uploads\/2018\/04\/hjk.jpg\" data-lightbox=\"gal[8699]\"><img data-recalc-dims=\"1\" loading=\"lazy\" decoding=\"async\" data-attachment-id=\"8703\" data-permalink=\"https:\/\/www.proantic.com\/magazine\/cabinet-camaieu-chateau-de-champs-marne\/hjk\/\" data-orig-file=\"https:\/\/i0.wp.com\/www.proantic.com\/magazine\/wp-content\/uploads\/2018\/04\/hjk.jpg?fit=500%2C199&amp;ssl=1\" data-orig-size=\"500,199\" data-comments-opened=\"1\" data-image-meta=\"{&quot;aperture&quot;:&quot;0&quot;,&quot;credit&quot;:&quot;&quot;,&quot;camera&quot;:&quot;&quot;,&quot;caption&quot;:&quot;&quot;,&quot;created_timestamp&quot;:&quot;0&quot;,&quot;copyright&quot;:&quot;&quot;,&quot;focal_length&quot;:&quot;0&quot;,&quot;iso&quot;:&quot;0&quot;,&quot;shutter_speed&quot;:&quot;0&quot;,&quot;title&quot;:&quot;&quot;,&quot;orientation&quot;:&quot;0&quot;}\" data-image-title=\"Le ch\u00e2teau de Champs-sur-Marne\" data-image-description=\"\" data-image-caption=\"\" data-medium-file=\"https:\/\/i0.wp.com\/www.proantic.com\/magazine\/wp-content\/uploads\/2018\/04\/hjk.jpg?fit=300%2C119&amp;ssl=1\" data-large-file=\"https:\/\/i0.wp.com\/www.proantic.com\/magazine\/wp-content\/uploads\/2018\/04\/hjk.jpg?fit=500%2C199&amp;ssl=1\" class=\"aligncenter wp-image-8703\" src=\"https:\/\/i0.wp.com\/www.proantic.com\/magazine\/wp-content\/uploads\/2018\/04\/hjk.jpg?resize=650%2C259\" alt=\"\" width=\"650\" height=\"259\" srcset=\"https:\/\/i0.wp.com\/www.proantic.com\/magazine\/wp-content\/uploads\/2018\/04\/hjk.jpg?w=500&amp;ssl=1 500w, https:\/\/i0.wp.com\/www.proantic.com\/magazine\/wp-content\/uploads\/2018\/04\/hjk.jpg?resize=300%2C119&amp;ssl=1 300w, https:\/\/i0.wp.com\/www.proantic.com\/magazine\/wp-content\/uploads\/2018\/04\/hjk.jpg?resize=180%2C72&amp;ssl=1 180w\" sizes=\"auto, (max-width: 650px) 100vw, 650px\" \/><\/a><\/p>\n<p>Achet\u00e9 en 1895, par un riche banquier, le comte Louis Cahen d\u2019Anvers, le ch\u00e2teau est restaur\u00e9 par l\u2019architecte Walter Destailleur (1867-1940) dont le p\u00e8re Hippolyte (1822-1893) fit construire un h\u00f4tel particulier pour les Cahen d\u2019Anvers dans un style Louis xiv au 2, rue de Bassano \u00e0 Paris. Le parc est recr\u00e9\u00e9 par Henri Duch\u00eane (1841-1902) et son fils Achille (1866-1947), tenants d\u2019un retour \u00e0 la tradition du jardin \u00e0 la fran\u00e7aise.<br \/>\nRestaur\u00e9 entre 2006 et 2013, le ch\u00e2teau pr\u00e9sente l\u2019\u00e9tat d\u2019une demeure du XVIIIe si\u00e8cle telle que la concevait un riche bourgeois de la Belle \u00e9poque.<\/p>\n<p><a href=\"https:\/\/i0.wp.com\/www.proantic.com\/magazine\/wp-content\/uploads\/2018\/04\/aqlmp.jpg\" data-lightbox=\"gal[8699]\"><img data-recalc-dims=\"1\" loading=\"lazy\" decoding=\"async\" data-attachment-id=\"8705\" data-permalink=\"https:\/\/www.proantic.com\/magazine\/cabinet-camaieu-chateau-de-champs-marne\/aqlmp-4\/\" data-orig-file=\"https:\/\/i0.wp.com\/www.proantic.com\/magazine\/wp-content\/uploads\/2018\/04\/aqlmp.jpg?fit=543%2C393&amp;ssl=1\" data-orig-size=\"543,393\" data-comments-opened=\"1\" data-image-meta=\"{&quot;aperture&quot;:&quot;0&quot;,&quot;credit&quot;:&quot;Picasa&quot;,&quot;camera&quot;:&quot;&quot;,&quot;caption&quot;:&quot;&quot;,&quot;created_timestamp&quot;:&quot;1522938679&quot;,&quot;copyright&quot;:&quot;ART\\u0026amp;DECORATION CH\\u00c2TEAU DE CHAMPS SUR MARNE PHOTO PHILIPPE LOUZON 2012&quot;,&quot;focal_length&quot;:&quot;0&quot;,&quot;iso&quot;:&quot;0&quot;,&quot;shutter_speed&quot;:&quot;0&quot;,&quot;title&quot;:&quot;&quot;,&quot;orientation&quot;:&quot;0&quot;}\" data-image-title=\"aqlmp\" data-image-description=\"\" data-image-caption=\"\" data-medium-file=\"https:\/\/i0.wp.com\/www.proantic.com\/magazine\/wp-content\/uploads\/2018\/04\/aqlmp.jpg?fit=300%2C217&amp;ssl=1\" data-large-file=\"https:\/\/i0.wp.com\/www.proantic.com\/magazine\/wp-content\/uploads\/2018\/04\/aqlmp.jpg?fit=543%2C393&amp;ssl=1\" class=\"aligncenter size-full wp-image-8705\" src=\"https:\/\/i0.wp.com\/www.proantic.com\/magazine\/wp-content\/uploads\/2018\/04\/aqlmp.jpg?resize=543%2C393\" alt=\"\" width=\"543\" height=\"393\" srcset=\"https:\/\/i0.wp.com\/www.proantic.com\/magazine\/wp-content\/uploads\/2018\/04\/aqlmp.jpg?w=543&amp;ssl=1 543w, https:\/\/i0.wp.com\/www.proantic.com\/magazine\/wp-content\/uploads\/2018\/04\/aqlmp.jpg?resize=300%2C217&amp;ssl=1 300w, https:\/\/i0.wp.com\/www.proantic.com\/magazine\/wp-content\/uploads\/2018\/04\/aqlmp.jpg?resize=180%2C130&amp;ssl=1 180w\" sizes=\"auto, (max-width: 543px) 100vw, 543px\" \/><\/a><\/p>\n<p><strong>Le cabinet en cama\u00efeu du ch\u00e2teau de Champs-sur-Marne<\/strong><\/p>\n<p>Jusqu\u2019en 1928, la pi\u00e8ce servit de cabinet de toilette \u00e0 la ma\u00eetresse de maison. Charles Cahen d\u2019Anvers en fit ensuite son cabinet d\u2019\u00e9tude.<br \/>\nLe d\u00e9cor de bleu rappelle les couleurs blanche et bleue des vases chinois. On le doit \u00e0 Christophe Huet qui r\u00e9alisa les d\u00e9cors du salon chinois en 1748. Le duc de la Valli\u00e8re poss\u00e9dait deux ch\u00e2teaux : celui de Choisy et celui de Champs-sur-Marne. Il vend celui de Choisy \u00e0 Louis xv qui fait am\u00e9nager les appartements dans les tons de bleu et blanc avec le mobilier assorti. Le duc imite le roi en commandant cette d\u00e9coration \u00e0 C. Huet.<\/p>\n<p><a href=\"https:\/\/i0.wp.com\/www.proantic.com\/magazine\/wp-content\/uploads\/2018\/04\/aslmpo.jpg\" data-lightbox=\"gal[8699]\"><img data-recalc-dims=\"1\" loading=\"lazy\" decoding=\"async\" data-attachment-id=\"8708\" data-permalink=\"https:\/\/www.proantic.com\/magazine\/cabinet-camaieu-chateau-de-champs-marne\/aslmpo-4\/\" data-orig-file=\"https:\/\/i0.wp.com\/www.proantic.com\/magazine\/wp-content\/uploads\/2018\/04\/aslmpo.jpg?fit=554%2C700&amp;ssl=1\" data-orig-size=\"554,700\" data-comments-opened=\"1\" data-image-meta=\"{&quot;aperture&quot;:&quot;0&quot;,&quot;credit&quot;:&quot;celine&quot;,&quot;camera&quot;:&quot;&quot;,&quot;caption&quot;:&quot;&quot;,&quot;created_timestamp&quot;:&quot;1523009614&quot;,&quot;copyright&quot;:&quot;&quot;,&quot;focal_length&quot;:&quot;0&quot;,&quot;iso&quot;:&quot;0&quot;,&quot;shutter_speed&quot;:&quot;0&quot;,&quot;title&quot;:&quot;&quot;,&quot;orientation&quot;:&quot;0&quot;}\" data-image-title=\"aslmpo\" data-image-description=\"\" data-image-caption=\"\" data-medium-file=\"https:\/\/i0.wp.com\/www.proantic.com\/magazine\/wp-content\/uploads\/2018\/04\/aslmpo.jpg?fit=237%2C300&amp;ssl=1\" data-large-file=\"https:\/\/i0.wp.com\/www.proantic.com\/magazine\/wp-content\/uploads\/2018\/04\/aslmpo.jpg?fit=554%2C700&amp;ssl=1\" class=\"aligncenter size-full wp-image-8708\" src=\"https:\/\/i0.wp.com\/www.proantic.com\/magazine\/wp-content\/uploads\/2018\/04\/aslmpo.jpg?resize=554%2C700\" alt=\"\" width=\"554\" height=\"700\" srcset=\"https:\/\/i0.wp.com\/www.proantic.com\/magazine\/wp-content\/uploads\/2018\/04\/aslmpo.jpg?w=554&amp;ssl=1 554w, https:\/\/i0.wp.com\/www.proantic.com\/magazine\/wp-content\/uploads\/2018\/04\/aslmpo.jpg?resize=237%2C300&amp;ssl=1 237w, https:\/\/i0.wp.com\/www.proantic.com\/magazine\/wp-content\/uploads\/2018\/04\/aslmpo.jpg?resize=142%2C180&amp;ssl=1 142w\" sizes=\"auto, (max-width: 554px) 100vw, 554px\" \/><\/a><\/p>\n<p>&nbsp;<\/p>\n<p>On peut y voir des Chinois et des Chinoises s\u2019adonner aux plaisirs champ\u00eatres (art de fumer, art d\u2019agencer les bouquets, art de p\u00eacher\u2026) ; les bas lambris sont orn\u00e9s d\u2019oiseaux, de fleurs exotiques et d\u2019arabesques.<\/p>\n<p>Au xixe si\u00e8cle, ce d\u00e9cor d\u00e9mod\u00e9 est recouvert de blanc par Jacques-Maurice Grosjean et sert de chambre \u00e0 coucher pour Ernest Santerre. Son fils S\u00e9bastien d\u00e9cide de la red\u00e9corer et se serait aper\u00e7u des d\u00e9cors de Christophe Huet.<\/p>\n<p><a href=\"https:\/\/i0.wp.com\/www.proantic.com\/magazine\/wp-content\/uploads\/2018\/04\/ght.jpg\" data-lightbox=\"gal[8699]\"><img data-recalc-dims=\"1\" loading=\"lazy\" decoding=\"async\" data-attachment-id=\"8709\" data-permalink=\"https:\/\/www.proantic.com\/magazine\/cabinet-camaieu-chateau-de-champs-marne\/ght\/\" data-orig-file=\"https:\/\/i0.wp.com\/www.proantic.com\/magazine\/wp-content\/uploads\/2018\/04\/ght.jpg?fit=940%2C1398&amp;ssl=1\" data-orig-size=\"940,1398\" data-comments-opened=\"1\" data-image-meta=\"{&quot;aperture&quot;:&quot;0&quot;,&quot;credit&quot;:&quot;&quot;,&quot;camera&quot;:&quot;&quot;,&quot;caption&quot;:&quot;&quot;,&quot;created_timestamp&quot;:&quot;0&quot;,&quot;copyright&quot;:&quot;&quot;,&quot;focal_length&quot;:&quot;0&quot;,&quot;iso&quot;:&quot;0&quot;,&quot;shutter_speed&quot;:&quot;0&quot;,&quot;title&quot;:&quot;&quot;,&quot;orientation&quot;:&quot;1&quot;}\" data-image-title=\"ght\" data-image-description=\"\" data-image-caption=\"\" data-medium-file=\"https:\/\/i0.wp.com\/www.proantic.com\/magazine\/wp-content\/uploads\/2018\/04\/ght.jpg?fit=202%2C300&amp;ssl=1\" data-large-file=\"https:\/\/i0.wp.com\/www.proantic.com\/magazine\/wp-content\/uploads\/2018\/04\/ght.jpg?fit=665%2C988&amp;ssl=1\" class=\"aligncenter wp-image-8709\" src=\"https:\/\/i0.wp.com\/www.proantic.com\/magazine\/wp-content\/uploads\/2018\/04\/ght-689x1024.jpg?resize=500%2C744\" alt=\"\" width=\"500\" height=\"744\" srcset=\"https:\/\/i0.wp.com\/www.proantic.com\/magazine\/wp-content\/uploads\/2018\/04\/ght.jpg?resize=689%2C1024&amp;ssl=1 689w, https:\/\/i0.wp.com\/www.proantic.com\/magazine\/wp-content\/uploads\/2018\/04\/ght.jpg?resize=202%2C300&amp;ssl=1 202w, https:\/\/i0.wp.com\/www.proantic.com\/magazine\/wp-content\/uploads\/2018\/04\/ght.jpg?resize=768%2C1142&amp;ssl=1 768w, https:\/\/i0.wp.com\/www.proantic.com\/magazine\/wp-content\/uploads\/2018\/04\/ght.jpg?resize=121%2C180&amp;ssl=1 121w, https:\/\/i0.wp.com\/www.proantic.com\/magazine\/wp-content\/uploads\/2018\/04\/ght.jpg?w=940&amp;ssl=1 940w\" sizes=\"auto, (max-width: 500px) 100vw, 500px\" \/><\/a><\/p>\n<p>&nbsp;<\/p>\n<p><strong>Christophe Huet<\/strong><\/p>\n<p>Fils d&rsquo;un orf\u00e8vre et peintre \u00e0 ses heures, Christophe I Huet (1663\u00a0&#8211; av.\u00a01739), Christophe II fut surtout connu pour ses sujets animaliers bien qu&rsquo;il r\u00e9alisa \u00e9galement des sc\u00e8nes de genre et des portraits.<\/p>\n<p>D\u00e8s\u00a01733\u00a0il collabore avec\u00a0Claude III Audran\u00a0aux d\u00e9cors du\u00a0ch\u00e2teau d&rsquo;Anet\u00a0sur ordre de la\u00a0duchesse du Maine\u00a0(le fameux\u00a0<i>Salon dor\u00e9<\/i>\u00a0aujourd&rsquo;hui d\u00e9truit). L&rsquo;ann\u00e9e suivante, il est re\u00e7u \u00e0 l&rsquo;Acad\u00e9mie de Saint-Luc\u00a0et exposera plusieurs figures d&rsquo;animaux aux \u00ab\u00a0salons\u00a0\u00bb que cette institution organisera en\u00a01751,\u00a01752\u00a0et\u00a01756. Ses \u0153uvres de jeunesse ne sont pas tr\u00e8s connues car elles se confondent bien souvent avec celles de son neveu,\u00a0Jean-Baptiste. On a longuement pr\u00eat\u00e9 \u00e0 Christophe II un enseignement aupr\u00e8s d&rsquo;Oudry, qui avait pris plut\u00f4t sous son aile son fr\u00e8re\u00a0Nicolas, sp\u00e9cialis\u00e9 dans les repr\u00e9sentations de fleurs et de fruits. Certains sp\u00e9cialistes pensent que Christophe II a davantage tir\u00e9 le\u00e7on des arch\u00e9types de\u00a0Desportes.<\/p>\n<p><a href=\"https:\/\/i0.wp.com\/www.proantic.com\/magazine\/wp-content\/uploads\/2018\/04\/aspl.jpg\" data-lightbox=\"gal[8699]\"><img data-recalc-dims=\"1\" loading=\"lazy\" decoding=\"async\" data-attachment-id=\"8710\" data-permalink=\"https:\/\/www.proantic.com\/magazine\/cabinet-camaieu-chateau-de-champs-marne\/aspl\/\" data-orig-file=\"https:\/\/i0.wp.com\/www.proantic.com\/magazine\/wp-content\/uploads\/2018\/04\/aspl.jpg?fit=1024%2C682&amp;ssl=1\" data-orig-size=\"1024,682\" data-comments-opened=\"1\" data-image-meta=\"{&quot;aperture&quot;:&quot;4&quot;,&quot;credit&quot;:&quot;Johanna Daniel - Peccadille&quot;,&quot;camera&quot;:&quot;Canon PowerShot S120&quot;,&quot;caption&quot;:&quot;&quot;,&quot;created_timestamp&quot;:&quot;1463325958&quot;,&quot;copyright&quot;:&quot;&quot;,&quot;focal_length&quot;:&quot;13.982&quot;,&quot;iso&quot;:&quot;800&quot;,&quot;shutter_speed&quot;:&quot;0.04&quot;,&quot;title&quot;:&quot;&quot;,&quot;orientation&quot;:&quot;1&quot;}\" data-image-title=\"aspl\" data-image-description=\"\" data-image-caption=\"\" data-medium-file=\"https:\/\/i0.wp.com\/www.proantic.com\/magazine\/wp-content\/uploads\/2018\/04\/aspl.jpg?fit=300%2C200&amp;ssl=1\" data-large-file=\"https:\/\/i0.wp.com\/www.proantic.com\/magazine\/wp-content\/uploads\/2018\/04\/aspl.jpg?fit=665%2C443&amp;ssl=1\" class=\"aligncenter size-large wp-image-8710\" src=\"https:\/\/i0.wp.com\/www.proantic.com\/magazine\/wp-content\/uploads\/2018\/04\/aspl-1024x682.jpg?resize=665%2C443\" alt=\"\" width=\"665\" height=\"443\" srcset=\"https:\/\/i0.wp.com\/www.proantic.com\/magazine\/wp-content\/uploads\/2018\/04\/aspl.jpg?w=1024&amp;ssl=1 1024w, https:\/\/i0.wp.com\/www.proantic.com\/magazine\/wp-content\/uploads\/2018\/04\/aspl.jpg?resize=300%2C200&amp;ssl=1 300w, https:\/\/i0.wp.com\/www.proantic.com\/magazine\/wp-content\/uploads\/2018\/04\/aspl.jpg?resize=768%2C512&amp;ssl=1 768w, https:\/\/i0.wp.com\/www.proantic.com\/magazine\/wp-content\/uploads\/2018\/04\/aspl.jpg?resize=180%2C120&amp;ssl=1 180w\" sizes=\"auto, (max-width: 665px) 100vw, 665px\" \/><\/a><\/p>\n<p>On red\u00e9couvre \u00e0 peine l&rsquo;\u00e9ventail de talents dont il fit preuve, sp\u00e9cialement dans les d\u00e9cors de salons tels\u00a0Chantilly\u00a0ou\u00a0Champs-sur-Marne. C&rsquo;est \u00e0 lui qu&rsquo;on attribue notamment le splendide et d\u00e9licat bestiaire d\u00e9corant le\u00a0clavecin\u00a0\u00e9labor\u00e9 en 1733 par\u00a0Fran\u00e7ois-\u00c9tienne Blanchet\u00a0pour le\u00a0ch\u00e2teau de Thoiry.<\/p>\n<p><span style=\"color: #ff0000\">En savoir plus:<\/span><\/p>\n<p>http:\/\/www.chateau-champs-sur-marne.fr\/<\/p>\n","protected":false},"excerpt":{"rendered":"<p>Le ch\u00e2teau de Champs-sur-Marne est caract\u00e9ristique des maisons de plaisance du XVIII\u00e8me si\u00e8cle b\u00e2ties \u00e0 la campagne, permettant un nouvel art de vivre.\u00a0 Construit de 1703 \u00e0 1708 par les architectes Pierre Bullet et Jean-Baptiste Bullet de Chamblain, \u00e0 la demande du financier de Louis XIV, Paul Poisson de Bourvallais. Le ch\u00e2teau pr\u00e9sente \u00a0de somptueux [&hellip;]<\/p>\n","protected":false},"author":6,"featured_media":8704,"comment_status":"closed","ping_status":"open","sticky":false,"template":"","format":"standard","meta":{"jetpack_post_was_ever_published":false,"_jetpack_newsletter_access":"","_jetpack_dont_email_post_to_subs":false,"_jetpack_newsletter_tier_id":0,"_jetpack_memberships_contains_paywalled_content":false,"_jetpack_memberships_contains_paid_content":false,"footnotes":"","jetpack_publicize_message":"","jetpack_publicize_feature_enabled":true,"jetpack_social_post_already_shared":true,"jetpack_social_options":{"image_generator_settings":{"template":"highway","default_image_id":0,"font":"","enabled":false},"version":2}},"categories":[18],"tags":[],"class_list":["post-8699","post","type-post","status-publish","format-standard","has-post-thumbnail","hentry","category-patrimoine-musee"],"yoast_head":"<!-- This site is optimized with the Yoast SEO plugin v26.9 - https:\/\/yoast.com\/product\/yoast-seo-wordpress\/ -->\n<title>Le cabinet en cama\u00efeu du ch\u00e2teau de Champs-sur-Marne Le Magazine de Proantic<\/title>\n<meta name=\"description\" content=\"Le ch\u00e2teau de Champs-sur-Marne est caract\u00e9ristique des maisons de plaisance du XVIII\u00e8me si\u00e8cle b\u00e2ties \u00e0 la campagne, permettant un nouvel art de vivre.\u00a0\" \/>\n<meta name=\"robots\" content=\"index, follow, max-snippet:-1, max-image-preview:large, max-video-preview:-1\" \/>\n<link rel=\"canonical\" href=\"https:\/\/www.proantic.com\/magazine\/cabinet-camaieu-chateau-de-champs-marne\/\" \/>\n<meta property=\"og:locale\" content=\"fr_FR\" \/>\n<meta property=\"og:type\" content=\"article\" \/>\n<meta property=\"og:title\" content=\"Le cabinet en cama\u00efeu du ch\u00e2teau de Champs-sur-Marne Le Magazine de Proantic\" \/>\n<meta property=\"og:description\" content=\"Le ch\u00e2teau de Champs-sur-Marne est caract\u00e9ristique des maisons de plaisance du XVIII\u00e8me si\u00e8cle b\u00e2ties \u00e0 la campagne, permettant un nouvel art de vivre.\u00a0\" \/>\n<meta property=\"og:url\" content=\"https:\/\/www.proantic.com\/magazine\/cabinet-camaieu-chateau-de-champs-marne\/\" \/>\n<meta property=\"og:site_name\" content=\"Le Magazine de Proantic\" \/>\n<meta property=\"article:publisher\" content=\"https:\/\/www.facebook.com\/pages\/Proantic\/\/259180871793\" \/>\n<meta property=\"article:published_time\" content=\"2018-04-06T08:27:52+00:00\" \/>\n<meta property=\"article:modified_time\" content=\"2018-04-08T08:13:36+00:00\" \/>\n<meta property=\"og:image\" content=\"https:\/\/i0.wp.com\/www.proantic.com\/magazine\/wp-content\/uploads\/2018\/04\/hjjj.jpg?fit=800%2C512&ssl=1\" \/>\n\t<meta property=\"og:image:width\" content=\"800\" \/>\n\t<meta property=\"og:image:height\" content=\"512\" \/>\n\t<meta property=\"og:image:type\" content=\"image\/jpeg\" \/>\n<meta name=\"author\" content=\"C\u00e9line Autant\" \/>\n<meta name=\"twitter:label1\" content=\"\u00c9crit par\" \/>\n\t<meta name=\"twitter:data1\" content=\"C\u00e9line Autant\" \/>\n\t<meta name=\"twitter:label2\" content=\"Dur\u00e9e de lecture estim\u00e9e\" \/>\n\t<meta name=\"twitter:data2\" content=\"3 minutes\" \/>\n<script type=\"application\/ld+json\" class=\"yoast-schema-graph\">{\"@context\":\"https:\/\/schema.org\",\"@graph\":[{\"@type\":\"Article\",\"@id\":\"https:\/\/www.proantic.com\/magazine\/cabinet-camaieu-chateau-de-champs-marne\/#article\",\"isPartOf\":{\"@id\":\"https:\/\/www.proantic.com\/magazine\/cabinet-camaieu-chateau-de-champs-marne\/\"},\"author\":{\"name\":\"C\u00e9line Autant\",\"@id\":\"https:\/\/www.proantic.com\/magazine\/#\/schema\/person\/63707e8f4e7d0172de7ddde897688be0\"},\"headline\":\"Le cabinet en cama\u00efeu du ch\u00e2teau de Champs-sur-Marne\",\"datePublished\":\"2018-04-06T08:27:52+00:00\",\"dateModified\":\"2018-04-08T08:13:36+00:00\",\"mainEntityOfPage\":{\"@id\":\"https:\/\/www.proantic.com\/magazine\/cabinet-camaieu-chateau-de-champs-marne\/\"},\"wordCount\":631,\"image\":{\"@id\":\"https:\/\/www.proantic.com\/magazine\/cabinet-camaieu-chateau-de-champs-marne\/#primaryimage\"},\"thumbnailUrl\":\"https:\/\/i0.wp.com\/www.proantic.com\/magazine\/wp-content\/uploads\/2018\/04\/hjjj.jpg?fit=800%2C512&ssl=1\",\"articleSection\":[\"Patrimoine, Mus\u00e9es\"],\"inLanguage\":\"fr-FR\"},{\"@type\":\"WebPage\",\"@id\":\"https:\/\/www.proantic.com\/magazine\/cabinet-camaieu-chateau-de-champs-marne\/\",\"url\":\"https:\/\/www.proantic.com\/magazine\/cabinet-camaieu-chateau-de-champs-marne\/\",\"name\":\"Le cabinet en cama\u00efeu du ch\u00e2teau de Champs-sur-Marne Le Magazine de Proantic\",\"isPartOf\":{\"@id\":\"https:\/\/www.proantic.com\/magazine\/#website\"},\"primaryImageOfPage\":{\"@id\":\"https:\/\/www.proantic.com\/magazine\/cabinet-camaieu-chateau-de-champs-marne\/#primaryimage\"},\"image\":{\"@id\":\"https:\/\/www.proantic.com\/magazine\/cabinet-camaieu-chateau-de-champs-marne\/#primaryimage\"},\"thumbnailUrl\":\"https:\/\/i0.wp.com\/www.proantic.com\/magazine\/wp-content\/uploads\/2018\/04\/hjjj.jpg?fit=800%2C512&ssl=1\",\"datePublished\":\"2018-04-06T08:27:52+00:00\",\"dateModified\":\"2018-04-08T08:13:36+00:00\",\"author\":{\"@id\":\"https:\/\/www.proantic.com\/magazine\/#\/schema\/person\/63707e8f4e7d0172de7ddde897688be0\"},\"description\":\"Le ch\u00e2teau de Champs-sur-Marne est caract\u00e9ristique des maisons de plaisance du XVIII\u00e8me si\u00e8cle b\u00e2ties \u00e0 la campagne, permettant un nouvel art de vivre.\u00a0\",\"breadcrumb\":{\"@id\":\"https:\/\/www.proantic.com\/magazine\/cabinet-camaieu-chateau-de-champs-marne\/#breadcrumb\"},\"inLanguage\":\"fr-FR\",\"potentialAction\":[{\"@type\":\"ReadAction\",\"target\":[\"https:\/\/www.proantic.com\/magazine\/cabinet-camaieu-chateau-de-champs-marne\/\"]}]},{\"@type\":\"ImageObject\",\"inLanguage\":\"fr-FR\",\"@id\":\"https:\/\/www.proantic.com\/magazine\/cabinet-camaieu-chateau-de-champs-marne\/#primaryimage\",\"url\":\"https:\/\/i0.wp.com\/www.proantic.com\/magazine\/wp-content\/uploads\/2018\/04\/hjjj.jpg?fit=800%2C512&ssl=1\",\"contentUrl\":\"https:\/\/i0.wp.com\/www.proantic.com\/magazine\/wp-content\/uploads\/2018\/04\/hjjj.jpg?fit=800%2C512&ssl=1\",\"width\":800,\"height\":512},{\"@type\":\"BreadcrumbList\",\"@id\":\"https:\/\/www.proantic.com\/magazine\/cabinet-camaieu-chateau-de-champs-marne\/#breadcrumb\",\"itemListElement\":[{\"@type\":\"ListItem\",\"position\":1,\"name\":\"Accueil\",\"item\":\"https:\/\/www.proantic.com\/magazine\/\"},{\"@type\":\"ListItem\",\"position\":2,\"name\":\"Le cabinet en cama\u00efeu du ch\u00e2teau de Champs-sur-Marne\"}]},{\"@type\":\"WebSite\",\"@id\":\"https:\/\/www.proantic.com\/magazine\/#website\",\"url\":\"https:\/\/www.proantic.com\/magazine\/\",\"name\":\"Le Magazine de Proantic\",\"description\":\"Magazine d&#039;art et expositions\",\"potentialAction\":[{\"@type\":\"SearchAction\",\"target\":{\"@type\":\"EntryPoint\",\"urlTemplate\":\"https:\/\/www.proantic.com\/magazine\/?s={search_term_string}\"},\"query-input\":{\"@type\":\"PropertyValueSpecification\",\"valueRequired\":true,\"valueName\":\"search_term_string\"}}],\"inLanguage\":\"fr-FR\"},{\"@type\":\"Person\",\"@id\":\"https:\/\/www.proantic.com\/magazine\/#\/schema\/person\/63707e8f4e7d0172de7ddde897688be0\",\"name\":\"C\u00e9line Autant\"}]}<\/script>\n<!-- \/ Yoast SEO plugin. -->","yoast_head_json":{"title":"Le cabinet en cama\u00efeu du ch\u00e2teau de Champs-sur-Marne Le Magazine de Proantic","description":"Le ch\u00e2teau de Champs-sur-Marne est caract\u00e9ristique des maisons de plaisance du XVIII\u00e8me si\u00e8cle b\u00e2ties \u00e0 la campagne, permettant un nouvel art de vivre.\u00a0","robots":{"index":"index","follow":"follow","max-snippet":"max-snippet:-1","max-image-preview":"max-image-preview:large","max-video-preview":"max-video-preview:-1"},"canonical":"https:\/\/www.proantic.com\/magazine\/cabinet-camaieu-chateau-de-champs-marne\/","og_locale":"fr_FR","og_type":"article","og_title":"Le cabinet en cama\u00efeu du ch\u00e2teau de Champs-sur-Marne Le Magazine de Proantic","og_description":"Le ch\u00e2teau de Champs-sur-Marne est caract\u00e9ristique des maisons de plaisance du XVIII\u00e8me si\u00e8cle b\u00e2ties \u00e0 la campagne, permettant un nouvel art de vivre.\u00a0","og_url":"https:\/\/www.proantic.com\/magazine\/cabinet-camaieu-chateau-de-champs-marne\/","og_site_name":"Le Magazine de Proantic","article_publisher":"https:\/\/www.facebook.com\/pages\/Proantic\/\/259180871793","article_published_time":"2018-04-06T08:27:52+00:00","article_modified_time":"2018-04-08T08:13:36+00:00","og_image":[{"width":800,"height":512,"url":"https:\/\/i0.wp.com\/www.proantic.com\/magazine\/wp-content\/uploads\/2018\/04\/hjjj.jpg?fit=800%2C512&ssl=1","type":"image\/jpeg"}],"author":"C\u00e9line Autant","twitter_misc":{"\u00c9crit par":"C\u00e9line Autant","Dur\u00e9e de lecture estim\u00e9e":"3 minutes"},"schema":{"@context":"https:\/\/schema.org","@graph":[{"@type":"Article","@id":"https:\/\/www.proantic.com\/magazine\/cabinet-camaieu-chateau-de-champs-marne\/#article","isPartOf":{"@id":"https:\/\/www.proantic.com\/magazine\/cabinet-camaieu-chateau-de-champs-marne\/"},"author":{"name":"C\u00e9line Autant","@id":"https:\/\/www.proantic.com\/magazine\/#\/schema\/person\/63707e8f4e7d0172de7ddde897688be0"},"headline":"Le cabinet en cama\u00efeu du ch\u00e2teau de Champs-sur-Marne","datePublished":"2018-04-06T08:27:52+00:00","dateModified":"2018-04-08T08:13:36+00:00","mainEntityOfPage":{"@id":"https:\/\/www.proantic.com\/magazine\/cabinet-camaieu-chateau-de-champs-marne\/"},"wordCount":631,"image":{"@id":"https:\/\/www.proantic.com\/magazine\/cabinet-camaieu-chateau-de-champs-marne\/#primaryimage"},"thumbnailUrl":"https:\/\/i0.wp.com\/www.proantic.com\/magazine\/wp-content\/uploads\/2018\/04\/hjjj.jpg?fit=800%2C512&ssl=1","articleSection":["Patrimoine, Mus\u00e9es"],"inLanguage":"fr-FR"},{"@type":"WebPage","@id":"https:\/\/www.proantic.com\/magazine\/cabinet-camaieu-chateau-de-champs-marne\/","url":"https:\/\/www.proantic.com\/magazine\/cabinet-camaieu-chateau-de-champs-marne\/","name":"Le cabinet en cama\u00efeu du ch\u00e2teau de Champs-sur-Marne Le Magazine de Proantic","isPartOf":{"@id":"https:\/\/www.proantic.com\/magazine\/#website"},"primaryImageOfPage":{"@id":"https:\/\/www.proantic.com\/magazine\/cabinet-camaieu-chateau-de-champs-marne\/#primaryimage"},"image":{"@id":"https:\/\/www.proantic.com\/magazine\/cabinet-camaieu-chateau-de-champs-marne\/#primaryimage"},"thumbnailUrl":"https:\/\/i0.wp.com\/www.proantic.com\/magazine\/wp-content\/uploads\/2018\/04\/hjjj.jpg?fit=800%2C512&ssl=1","datePublished":"2018-04-06T08:27:52+00:00","dateModified":"2018-04-08T08:13:36+00:00","author":{"@id":"https:\/\/www.proantic.com\/magazine\/#\/schema\/person\/63707e8f4e7d0172de7ddde897688be0"},"description":"Le ch\u00e2teau de Champs-sur-Marne est caract\u00e9ristique des maisons de plaisance du XVIII\u00e8me si\u00e8cle b\u00e2ties \u00e0 la campagne, permettant un nouvel art de vivre.\u00a0","breadcrumb":{"@id":"https:\/\/www.proantic.com\/magazine\/cabinet-camaieu-chateau-de-champs-marne\/#breadcrumb"},"inLanguage":"fr-FR","potentialAction":[{"@type":"ReadAction","target":["https:\/\/www.proantic.com\/magazine\/cabinet-camaieu-chateau-de-champs-marne\/"]}]},{"@type":"ImageObject","inLanguage":"fr-FR","@id":"https:\/\/www.proantic.com\/magazine\/cabinet-camaieu-chateau-de-champs-marne\/#primaryimage","url":"https:\/\/i0.wp.com\/www.proantic.com\/magazine\/wp-content\/uploads\/2018\/04\/hjjj.jpg?fit=800%2C512&ssl=1","contentUrl":"https:\/\/i0.wp.com\/www.proantic.com\/magazine\/wp-content\/uploads\/2018\/04\/hjjj.jpg?fit=800%2C512&ssl=1","width":800,"height":512},{"@type":"BreadcrumbList","@id":"https:\/\/www.proantic.com\/magazine\/cabinet-camaieu-chateau-de-champs-marne\/#breadcrumb","itemListElement":[{"@type":"ListItem","position":1,"name":"Accueil","item":"https:\/\/www.proantic.com\/magazine\/"},{"@type":"ListItem","position":2,"name":"Le cabinet en cama\u00efeu du ch\u00e2teau de Champs-sur-Marne"}]},{"@type":"WebSite","@id":"https:\/\/www.proantic.com\/magazine\/#website","url":"https:\/\/www.proantic.com\/magazine\/","name":"Le Magazine de Proantic","description":"Magazine d&#039;art et expositions","potentialAction":[{"@type":"SearchAction","target":{"@type":"EntryPoint","urlTemplate":"https:\/\/www.proantic.com\/magazine\/?s={search_term_string}"},"query-input":{"@type":"PropertyValueSpecification","valueRequired":true,"valueName":"search_term_string"}}],"inLanguage":"fr-FR"},{"@type":"Person","@id":"https:\/\/www.proantic.com\/magazine\/#\/schema\/person\/63707e8f4e7d0172de7ddde897688be0","name":"C\u00e9line Autant"}]}},"jetpack_publicize_connections":[],"jetpack_featured_media_url":"https:\/\/i0.wp.com\/www.proantic.com\/magazine\/wp-content\/uploads\/2018\/04\/hjjj.jpg?fit=800%2C512&ssl=1","jetpack_shortlink":"https:\/\/wp.me\/p7EkP3-2gj","jetpack_sharing_enabled":true,"_links":{"self":[{"href":"https:\/\/www.proantic.com\/magazine\/wp-json\/wp\/v2\/posts\/8699","targetHints":{"allow":["GET"]}}],"collection":[{"href":"https:\/\/www.proantic.com\/magazine\/wp-json\/wp\/v2\/posts"}],"about":[{"href":"https:\/\/www.proantic.com\/magazine\/wp-json\/wp\/v2\/types\/post"}],"author":[{"embeddable":true,"href":"https:\/\/www.proantic.com\/magazine\/wp-json\/wp\/v2\/users\/6"}],"replies":[{"embeddable":true,"href":"https:\/\/www.proantic.com\/magazine\/wp-json\/wp\/v2\/comments?post=8699"}],"version-history":[{"count":0,"href":"https:\/\/www.proantic.com\/magazine\/wp-json\/wp\/v2\/posts\/8699\/revisions"}],"wp:featuredmedia":[{"embeddable":true,"href":"https:\/\/www.proantic.com\/magazine\/wp-json\/wp\/v2\/media\/8704"}],"wp:attachment":[{"href":"https:\/\/www.proantic.com\/magazine\/wp-json\/wp\/v2\/media?parent=8699"}],"wp:term":[{"taxonomy":"category","embeddable":true,"href":"https:\/\/www.proantic.com\/magazine\/wp-json\/wp\/v2\/categories?post=8699"},{"taxonomy":"post_tag","embeddable":true,"href":"https:\/\/www.proantic.com\/magazine\/wp-json\/wp\/v2\/tags?post=8699"}],"curies":[{"name":"wp","href":"https:\/\/api.w.org\/{rel}","templated":true}]}}