{"id":8693,"date":"2018-04-06T12:27:14","date_gmt":"2018-04-06T11:27:14","guid":{"rendered":"http:\/\/www.proantic.com\/magazine\/?p=8693"},"modified":"2018-04-08T09:13:58","modified_gmt":"2018-04-08T08:13:58","slug":"matrices-de-matiere-a-limage","status":"publish","type":"post","link":"https:\/\/www.proantic.com\/magazine\/matrices-de-matiere-a-limage\/","title":{"rendered":"Matrices: de la mati\u00e8re \u00e0 l&rsquo;image"},"content":{"rendered":"<p><strong>L\u2019exposition Matrices est n\u00e9e de la volont\u00e9 de la Biblioth\u00e8que du\u00a0<span class=\"caps\">MAD<\/span>\u00a0de faire d\u00e9couvrir au public des fonds atypiques de matrices et d\u2019estampes.<\/strong> Elle est aussi l\u2019occasion de montrer un panorama de la vari\u00e9t\u00e9 des proc\u00e9d\u00e9s d\u2019impression en relief, \u00e9vid\u00e9s, \u00e0 plat ou en creux, et de mettre en \u00e9vidence la diversit\u00e9 de leurs expressions. Les collections de la biblioth\u00e8que sont compl\u00e9t\u00e9es dans ce projet par des \u0153uvres provenant du d\u00e9partement des papiers peints et de collections priv\u00e9es.<\/p>\n<p><strong>LES PROC\u00c9D\u00c9S EN RELIEF<\/strong><\/p>\n<p><em>LA GRAVURE SUR BOIS DE FIL<\/em><\/p>\n<p>Le premier type de gravure \u00e0 avoir \u00e9t\u00e9 invent\u00e9 est la gravure sur bois de fil\u00a0: la planche est taill\u00e9e \u00e0 la gouge (ciseau \u00e0 bois au fer concave) et au canif en respectant le sens de la fibre du bois. Elle appara\u00eet en Europe dans les ann\u00e9es 1370 et conna\u00eet bient\u00f4t le succ\u00e8s, utilis\u00e9e autant par les religieux pour imprimer des images pieuses, que par des artistes pour diffuser leurs cr\u00e9ations.<\/p>\n<figure id=\"attachment_8714\" aria-describedby=\"caption-attachment-8714\" style=\"width: 500px\" class=\"wp-caption aligncenter\"><a href=\"https:\/\/i0.wp.com\/www.proantic.com\/magazine\/wp-content\/uploads\/2018\/04\/9-2.jpg\"><img data-recalc-dims=\"1\" loading=\"lazy\" decoding=\"async\" data-attachment-id=\"8714\" data-permalink=\"https:\/\/www.proantic.com\/magazine\/matrices-de-matiere-a-limage\/9-2\/\" data-orig-file=\"https:\/\/i0.wp.com\/www.proantic.com\/magazine\/wp-content\/uploads\/2018\/04\/9-2.jpg?fit=2000%2C3109&amp;ssl=1\" data-orig-size=\"2000,3109\" data-comments-opened=\"1\" data-image-meta=\"{&quot;aperture&quot;:&quot;0&quot;,&quot;credit&quot;:&quot;&quot;,&quot;camera&quot;:&quot;&quot;,&quot;caption&quot;:&quot;&quot;,&quot;created_timestamp&quot;:&quot;0&quot;,&quot;copyright&quot;:&quot;&quot;,&quot;focal_length&quot;:&quot;0&quot;,&quot;iso&quot;:&quot;0&quot;,&quot;shutter_speed&quot;:&quot;0&quot;,&quot;title&quot;:&quot;&quot;,&quot;orientation&quot;:&quot;0&quot;}\" data-image-title=\"Matrices: de la mati\u00e8re \u00e0 l&amp;rsquo;image\" data-image-description=\"\" data-image-caption=\"&lt;p&gt;Charles Estienne, \u00ab De Dissectione partium corporis humani libri tres. Parisiis, apud Simonem Colinaeum \u00bb, illustrations d\u2019Etienne de La Rivi\u00e8re et de Geoffroy Tory, 1545&lt;br \/&gt;\nR\u00e9serve K 164&lt;br \/&gt;\n\u00a9 MAD&lt;\/p&gt;\n\" data-medium-file=\"https:\/\/i0.wp.com\/www.proantic.com\/magazine\/wp-content\/uploads\/2018\/04\/9-2.jpg?fit=193%2C300&amp;ssl=1\" data-large-file=\"https:\/\/i0.wp.com\/www.proantic.com\/magazine\/wp-content\/uploads\/2018\/04\/9-2.jpg?fit=659%2C1024&amp;ssl=1\" class=\"wp-image-8714\" src=\"https:\/\/i0.wp.com\/www.proantic.com\/magazine\/wp-content\/uploads\/2018\/04\/9-2-659x1024.jpg?resize=500%2C777\" alt=\"\" width=\"500\" height=\"777\" srcset=\"https:\/\/i0.wp.com\/www.proantic.com\/magazine\/wp-content\/uploads\/2018\/04\/9-2.jpg?resize=659%2C1024&amp;ssl=1 659w, https:\/\/i0.wp.com\/www.proantic.com\/magazine\/wp-content\/uploads\/2018\/04\/9-2.jpg?resize=193%2C300&amp;ssl=1 193w, https:\/\/i0.wp.com\/www.proantic.com\/magazine\/wp-content\/uploads\/2018\/04\/9-2.jpg?resize=768%2C1194&amp;ssl=1 768w, https:\/\/i0.wp.com\/www.proantic.com\/magazine\/wp-content\/uploads\/2018\/04\/9-2.jpg?resize=116%2C180&amp;ssl=1 116w, https:\/\/i0.wp.com\/www.proantic.com\/magazine\/wp-content\/uploads\/2018\/04\/9-2.jpg?w=2000&amp;ssl=1 2000w, https:\/\/i0.wp.com\/www.proantic.com\/magazine\/wp-content\/uploads\/2018\/04\/9-2.jpg?w=1330&amp;ssl=1 1330w\" sizes=\"auto, (max-width: 500px) 100vw, 500px\" \/><\/a><figcaption id=\"caption-attachment-8714\" class=\"wp-caption-text\">Charles Estienne, \u00ab De Dissectione partium corporis humani libri tres. Parisiis, apud Simonem Colinaeum \u00bb, illustrations d\u2019Etienne de La Rivi\u00e8re et de Geoffroy Tory, 1545<br \/> R\u00e9serve K 164<br \/> \u00a9 MAD<\/figcaption><\/figure>\n<p>En relief, elle s\u2019int\u00e8gre parfaitement aux caract\u00e8res typographiques et illustre tr\u00e8s rapidement les livres. Alors que Gutenberg imprime la premi\u00e8re bible en 1451, un ouvrage illustr\u00e9 de bois grav\u00e9s est \u00e9dit\u00e9 \u00e0 Venise d\u00e8s 1472. Certaines des \u0153uvres illustr\u00e9es avec des xylographies devinrent des r\u00e9f\u00e9rences pour la qualit\u00e9 de leurs repr\u00e9sentations, que ce soit dans les domaines de l\u2019architecture, de la botanique ou bien de l\u2019anatomie. Le livre\u00a0<i>De Dissectione partium corporis humani libri tres<\/i>\u00a0est ainsi orn\u00e9 de gravures dont certaines sign\u00e9es du grand imprimeur Geoffroy Tory.<\/p>\n<p>Cependant, d\u00e8s la fin du\u00a0<span class=\"caps\">XVI<\/span><sup class=\"typo_exposants\">e<\/sup>\u00a0si\u00e8cle, la gravure en taille douce sur matrice de cuivre, au rendu plus fin et d\u00e9taill\u00e9, concurrence et supplante la gravure sur bois de fil, qui se retrouve cantonn\u00e9e aux sujets populaires et \u00e0 l\u2019ornement du livre.<\/p>\n<p>Au\u00a0<span class=\"caps\">XIX<\/span><sup class=\"typo_exposants\">e<\/sup>\u00a0si\u00e8cle, l\u2019estampe populaire grav\u00e9e sur bois dispara\u00eet progressivement, remplac\u00e9e par de nouvelles techniques comme la lithographie. Elle se maintient plus longtemps dans l\u2019Est de la France o\u00f9 l\u2019imagerie d\u2019Epinal est imprim\u00e9e sur bois jusqu\u2019aux ann\u00e9es 1850. Au m\u00eame moment, les artistes red\u00e9couvrent la xylographie, appr\u00e9ciant la force graphique de ses contrastes. Au d\u00e9but du\u00a0<span class=\"caps\">XX<\/span><sup class=\"typo_exposants\">e<\/sup>\u00a0si\u00e8cle Raoul Dufy illustre\u00a0<i>Le Bestiaire ou Cort\u00e8ge d\u2019Orph\u00e9e<\/i>\u00a0de Guillaume Apollinaire de magnifiques bois grav\u00e9s.<\/p>\n<p><em>LES PAPIERS DOMINOT\u00c9S<\/em><\/p>\n<p>Dans la seconde moiti\u00e9 du\u00a0<span class=\"caps\">XVIII<\/span><sup class=\"typo_exposants\">e<\/sup>\u00a0si\u00e8cle, les papiers dominot\u00e9s connaissent une vogue importante en Europe. Imprim\u00e9s essentiellement dans des villes de province, ces papiers imprim\u00e9s \u00e0 la planche de bois et rehauss\u00e9s au pochoir sont de deux sortes\u00a0:<br \/>\n\u2022\u00a0Les papiers dominot\u00e9s au sens propre du terme, orn\u00e9s de petits motifs g\u00e9om\u00e9triques r\u00e9p\u00e9titifs, sont surtout utilis\u00e9s pour couvrir livres et brochures en attendant qu\u2019ils soient reli\u00e9s. Ils doublent aussi les bo\u00eetes en carton.<\/p>\n<figure id=\"attachment_8719\" aria-describedby=\"caption-attachment-8719\" style=\"width: 665px\" class=\"wp-caption aligncenter\"><a href=\"https:\/\/i0.wp.com\/www.proantic.com\/magazine\/wp-content\/uploads\/2018\/04\/arton7030.jpg\"><img data-recalc-dims=\"1\" loading=\"lazy\" decoding=\"async\" data-attachment-id=\"8719\" data-permalink=\"https:\/\/www.proantic.com\/magazine\/matrices-de-matiere-a-limage\/arton7030\/\" data-orig-file=\"https:\/\/i0.wp.com\/www.proantic.com\/magazine\/wp-content\/uploads\/2018\/04\/arton7030.jpg?fit=2000%2C1323&amp;ssl=1\" data-orig-size=\"2000,1323\" data-comments-opened=\"1\" data-image-meta=\"{&quot;aperture&quot;:&quot;0&quot;,&quot;credit&quot;:&quot;&quot;,&quot;camera&quot;:&quot;&quot;,&quot;caption&quot;:&quot;&quot;,&quot;created_timestamp&quot;:&quot;0&quot;,&quot;copyright&quot;:&quot;&quot;,&quot;focal_length&quot;:&quot;0&quot;,&quot;iso&quot;:&quot;0&quot;,&quot;shutter_speed&quot;:&quot;0&quot;,&quot;title&quot;:&quot;&quot;,&quot;orientation&quot;:&quot;0&quot;}\" data-image-title=\"Matrices: de la mati\u00e8re \u00e0 l&amp;rsquo;image\" data-image-description=\"\" data-image-caption=\"&lt;p&gt; papier dominot\u00e9&lt;br \/&gt;\n\u201cde tenture\u201d,&lt;br \/&gt;\nParis, Les Associ\u00e9s, vers&lt;br \/&gt;\n1760&lt;br \/&gt;\nR\u00e9serve HH 38\/11\/29&lt;\/p&gt;\n\" data-medium-file=\"https:\/\/i0.wp.com\/www.proantic.com\/magazine\/wp-content\/uploads\/2018\/04\/arton7030.jpg?fit=300%2C198&amp;ssl=1\" data-large-file=\"https:\/\/i0.wp.com\/www.proantic.com\/magazine\/wp-content\/uploads\/2018\/04\/arton7030.jpg?fit=665%2C440&amp;ssl=1\" class=\"size-large wp-image-8719\" src=\"https:\/\/i0.wp.com\/www.proantic.com\/magazine\/wp-content\/uploads\/2018\/04\/arton7030-1024x677.jpg?resize=665%2C440\" alt=\"\" width=\"665\" height=\"440\" srcset=\"https:\/\/i0.wp.com\/www.proantic.com\/magazine\/wp-content\/uploads\/2018\/04\/arton7030.jpg?resize=1024%2C677&amp;ssl=1 1024w, https:\/\/i0.wp.com\/www.proantic.com\/magazine\/wp-content\/uploads\/2018\/04\/arton7030.jpg?resize=300%2C198&amp;ssl=1 300w, https:\/\/i0.wp.com\/www.proantic.com\/magazine\/wp-content\/uploads\/2018\/04\/arton7030.jpg?resize=768%2C508&amp;ssl=1 768w, https:\/\/i0.wp.com\/www.proantic.com\/magazine\/wp-content\/uploads\/2018\/04\/arton7030.jpg?resize=180%2C119&amp;ssl=1 180w, https:\/\/i0.wp.com\/www.proantic.com\/magazine\/wp-content\/uploads\/2018\/04\/arton7030.jpg?w=2000&amp;ssl=1 2000w, https:\/\/i0.wp.com\/www.proantic.com\/magazine\/wp-content\/uploads\/2018\/04\/arton7030.jpg?w=1330&amp;ssl=1 1330w\" sizes=\"auto, (max-width: 665px) 100vw, 665px\" \/><\/a><figcaption id=\"caption-attachment-8719\" class=\"wp-caption-text\">papier dominot\u00e9<br \/>\u201cde tenture\u201d,<br \/>Paris, Les Associ\u00e9s, vers<br \/>1760<br \/>R\u00e9serve HH 38\/11\/29<\/figcaption><\/figure>\n<p>\u2022\u00a0Les papiers \u00e0 fleurs, inspir\u00e9s des tissus en indienne, nomm\u00e9s aussi papiers de tentures, sont les anc\u00eatres du papier peint. Appartenant \u00e0 la fois \u00e0 l\u2019imagerie populaire et \u00e0 l\u2019ornement \u00e9ph\u00e9m\u00e8re, ils ont \u00e9t\u00e9 peu gard\u00e9s au cours de l\u2019histoire et les quelques sp\u00e9cimens conserv\u00e9s sont sans aucune mesure avec la production qui en fut faite, qui se comptait en milliers d\u2019exemplaires du m\u00eame mod\u00e8le.<\/p>\n<p><em>LA GRAVURE EN CAMA\u00cfEU ET LA XYLOGRAPHIE POLYCHROME<\/em><\/p>\n<p>La gravure en cama\u00efeu est obtenue en imprimant successivement plusieurs planches, l\u2019une donnant le trait et les autres les couleurs. Elle est mise au point d\u00e8s le\u00a0<span class=\"caps\">XVI<\/span><sup class=\"typo_exposants\">e<\/sup>\u00a0si\u00e8cle par des graveurs allemands et italiens.<\/p>\n<figure id=\"attachment_8715\" aria-describedby=\"caption-attachment-8715\" style=\"width: 665px\" class=\"wp-caption aligncenter\"><a href=\"https:\/\/i0.wp.com\/www.proantic.com\/magazine\/wp-content\/uploads\/2018\/04\/3-11-resp1200.jpg\"><img data-recalc-dims=\"1\" loading=\"lazy\" decoding=\"async\" data-attachment-id=\"8715\" data-permalink=\"https:\/\/www.proantic.com\/magazine\/matrices-de-matiere-a-limage\/3-11-resp1200\/\" data-orig-file=\"https:\/\/i0.wp.com\/www.proantic.com\/magazine\/wp-content\/uploads\/2018\/04\/3-11-resp1200.jpg?fit=1200%2C575&amp;ssl=1\" data-orig-size=\"1200,575\" data-comments-opened=\"1\" data-image-meta=\"{&quot;aperture&quot;:&quot;0&quot;,&quot;credit&quot;:&quot;&quot;,&quot;camera&quot;:&quot;&quot;,&quot;caption&quot;:&quot;&quot;,&quot;created_timestamp&quot;:&quot;0&quot;,&quot;copyright&quot;:&quot;&quot;,&quot;focal_length&quot;:&quot;0&quot;,&quot;iso&quot;:&quot;0&quot;,&quot;shutter_speed&quot;:&quot;0&quot;,&quot;title&quot;:&quot;&quot;,&quot;orientation&quot;:&quot;0&quot;}\" data-image-title=\"Matrices: de la mati\u00e8re \u00e0 l&amp;rsquo;image\" data-image-description=\"\" data-image-caption=\"&lt;p&gt;Kitagawa Utamaro. Yama Uba et Kintaro. \u00c9tats 1, 8 et 12&lt;br \/&gt;\nMaciet 401\/2&lt;br \/&gt;\n\u00a9 MAD&lt;\/p&gt;\n\" data-medium-file=\"https:\/\/i0.wp.com\/www.proantic.com\/magazine\/wp-content\/uploads\/2018\/04\/3-11-resp1200.jpg?fit=300%2C144&amp;ssl=1\" data-large-file=\"https:\/\/i0.wp.com\/www.proantic.com\/magazine\/wp-content\/uploads\/2018\/04\/3-11-resp1200.jpg?fit=665%2C319&amp;ssl=1\" class=\"size-large wp-image-8715\" src=\"https:\/\/i0.wp.com\/www.proantic.com\/magazine\/wp-content\/uploads\/2018\/04\/3-11-resp1200-1024x491.jpg?resize=665%2C319\" alt=\"\" width=\"665\" height=\"319\" srcset=\"https:\/\/i0.wp.com\/www.proantic.com\/magazine\/wp-content\/uploads\/2018\/04\/3-11-resp1200.jpg?resize=1024%2C491&amp;ssl=1 1024w, https:\/\/i0.wp.com\/www.proantic.com\/magazine\/wp-content\/uploads\/2018\/04\/3-11-resp1200.jpg?resize=300%2C144&amp;ssl=1 300w, https:\/\/i0.wp.com\/www.proantic.com\/magazine\/wp-content\/uploads\/2018\/04\/3-11-resp1200.jpg?resize=768%2C368&amp;ssl=1 768w, https:\/\/i0.wp.com\/www.proantic.com\/magazine\/wp-content\/uploads\/2018\/04\/3-11-resp1200.jpg?resize=180%2C86&amp;ssl=1 180w, https:\/\/i0.wp.com\/www.proantic.com\/magazine\/wp-content\/uploads\/2018\/04\/3-11-resp1200.jpg?w=1200&amp;ssl=1 1200w\" sizes=\"auto, (max-width: 665px) 100vw, 665px\" \/><\/a><figcaption id=\"caption-attachment-8715\" class=\"wp-caption-text\">Kitagawa Utamaro. Yama Uba et Kintaro. \u00c9tats 1, 8 et 12<br \/>Maciet 401\/2<br \/>\u00a9 MAD<\/figcaption><\/figure>\n<p>L\u2019Allemand Ludolf B\u00fcsinck, qui grava l\u2019estampe repr\u00e9sentant Saint Mathieu et Saint Luc, s\u00e9journe \u00e0 Paris entre 1620 et 1630. Il est un des derniers graveurs sur bois d\u2019importance \u00e0 avoir travaill\u00e9 en cama\u00efeu au d\u00e9but du\u00a0<span class=\"caps\">XVII<\/span><sup class=\"typo_exposants\">e<\/sup>\u00a0si\u00e8cle. En effet, ce type d\u2019impression requ\u00e9rant un rep\u00e9rage pr\u00e9cis pour parfaitement superposer les bois ne connut pas de succ\u00e8s en Europe.<\/p>\n<p>Par contre, \u00e0 l\u2019autre bout du monde, au Japon, la m\u00eame technique de xylographie polychrome sur bois de fil est employ\u00e9e d\u00e8s le d\u00e9but du\u00a0<span class=\"caps\">XVIII<\/span><sup class=\"typo_exposants\">e<\/sup>\u00a0si\u00e8cle et amen\u00e9e \u00e0 son apog\u00e9e d\u00e8s la fin de celui-ci. La gravure\u00a0<i>Yama Uba et Kintaro<\/i>\u00a0d\u2019Utamaro est imprim\u00e9e \u00e0 partir de 12 matrices diff\u00e9rentes, mais certains chefs d\u2019\u0153uvres en n\u00e9cessitaient plus de 20.<\/p>\n<p><em>LA GRAVURE SUR BOIS DE BOUT<\/em><\/p>\n<p>La gravure sur bois de bout, dont la technique, connue d\u00e8s le\u00a0<span class=\"caps\">XVI<\/span><sup class=\"typo_exposants\">e<\/sup>si\u00e8cle, est am\u00e9lior\u00e9e en Angleterre au\u00a0<span class=\"caps\">XVIII<\/span><sup class=\"typo_exposants\">e<\/sup>\u00a0si\u00e8cle, r\u00e9volutionne l\u2019illustration au si\u00e8cle suivant. La matrice est compos\u00e9e d\u2019un assemblage de blocs de bois de buis de petite dimension, coup\u00e9s perpendiculairement au fil.<\/p>\n<p>Le bois de bout se grave au burin, dans tous les sens, sans \u00eatre g\u00ean\u00e9 par la fibre, et la finesse de ses d\u00e9tails rivalise avec celle de la taille douce. De plus, le bois de bout r\u00e9siste mieux que le bois de fil \u00e0 la pression lors du tirage et le travail au burin est beaucoup plus rapide que celui ex\u00e9cut\u00e9 au canif.<\/p>\n<figure id=\"attachment_8717\" aria-describedby=\"caption-attachment-8717\" style=\"width: 665px\" class=\"wp-caption aligncenter\"><a href=\"https:\/\/i0.wp.com\/www.proantic.com\/magazine\/wp-content\/uploads\/2018\/04\/4-9.jpg\"><img data-recalc-dims=\"1\" loading=\"lazy\" decoding=\"async\" data-attachment-id=\"8717\" data-permalink=\"https:\/\/www.proantic.com\/magazine\/matrices-de-matiere-a-limage\/4-9\/\" data-orig-file=\"https:\/\/i0.wp.com\/www.proantic.com\/magazine\/wp-content\/uploads\/2018\/04\/4-9.jpg?fit=2000%2C1298&amp;ssl=1\" data-orig-size=\"2000,1298\" data-comments-opened=\"1\" data-image-meta=\"{&quot;aperture&quot;:&quot;0&quot;,&quot;credit&quot;:&quot;&quot;,&quot;camera&quot;:&quot;&quot;,&quot;caption&quot;:&quot;&quot;,&quot;created_timestamp&quot;:&quot;0&quot;,&quot;copyright&quot;:&quot;&quot;,&quot;focal_length&quot;:&quot;0&quot;,&quot;iso&quot;:&quot;0&quot;,&quot;shutter_speed&quot;:&quot;0&quot;,&quot;title&quot;:&quot;&quot;,&quot;orientation&quot;:&quot;0&quot;}\" data-image-title=\"Matrices: de la mati\u00e8re \u00e0 l&amp;rsquo;image\" data-image-description=\"\" data-image-caption=\"&lt;p&gt;Matrice compos\u00e9e de plusieurs blocs de bois de bout grav\u00e9e par Jules Huyot&lt;br \/&gt;\nCollection particuli\u00e8re&lt;br \/&gt;\n\u00a9 DR&lt;\/p&gt;\n\" data-medium-file=\"https:\/\/i0.wp.com\/www.proantic.com\/magazine\/wp-content\/uploads\/2018\/04\/4-9.jpg?fit=300%2C195&amp;ssl=1\" data-large-file=\"https:\/\/i0.wp.com\/www.proantic.com\/magazine\/wp-content\/uploads\/2018\/04\/4-9.jpg?fit=665%2C432&amp;ssl=1\" class=\"size-large wp-image-8717\" src=\"https:\/\/i0.wp.com\/www.proantic.com\/magazine\/wp-content\/uploads\/2018\/04\/4-9-1024x665.jpg?resize=665%2C432\" alt=\"\" width=\"665\" height=\"432\" srcset=\"https:\/\/i0.wp.com\/www.proantic.com\/magazine\/wp-content\/uploads\/2018\/04\/4-9.jpg?resize=1024%2C665&amp;ssl=1 1024w, https:\/\/i0.wp.com\/www.proantic.com\/magazine\/wp-content\/uploads\/2018\/04\/4-9.jpg?resize=300%2C195&amp;ssl=1 300w, https:\/\/i0.wp.com\/www.proantic.com\/magazine\/wp-content\/uploads\/2018\/04\/4-9.jpg?resize=768%2C498&amp;ssl=1 768w, https:\/\/i0.wp.com\/www.proantic.com\/magazine\/wp-content\/uploads\/2018\/04\/4-9.jpg?resize=180%2C117&amp;ssl=1 180w, https:\/\/i0.wp.com\/www.proantic.com\/magazine\/wp-content\/uploads\/2018\/04\/4-9.jpg?w=2000&amp;ssl=1 2000w, https:\/\/i0.wp.com\/www.proantic.com\/magazine\/wp-content\/uploads\/2018\/04\/4-9.jpg?w=1330&amp;ssl=1 1330w\" sizes=\"auto, (max-width: 665px) 100vw, 665px\" \/><\/a><figcaption id=\"caption-attachment-8717\" class=\"wp-caption-text\">Matrice compos\u00e9e de plusieurs blocs de bois de bout grav\u00e9e par Jules Huyot<br \/>Collection particuli\u00e8re<br \/>\u00a9 DR<\/figcaption><\/figure>\n<p>Au milieu du\u00a0<span class=\"caps\">XIX<\/span><sup class=\"typo_exposants\">e<\/sup>\u00a0si\u00e8cle, L\u00e9on de Laborde utilise cette technique pour graver et faire graver d\u2019apr\u00e8s des miniatures m\u00e9di\u00e9vales les vignettes qui devaient illustrer son\u00a0<i>Glossaire du Moyen \u00c2ge<\/i>. Ce diplomate, qui fut aussi conservateur au mus\u00e9e du Louvre et directeur des archives, \u00e9tait \u00e0 la fois un pionnier de la photographie et un passionn\u00e9 de l\u2019histoire de la gravure et de l\u2019imprimerie.<\/p>\n<p>Toutefois, ce proc\u00e9d\u00e9 de gravure en relief est avant tout utilis\u00e9 pour l\u2019illustration des livres romantiques et des p\u00e9riodiques illustr\u00e9s qui prennent leur essor au m\u00eame moment. La matrice en bois de bout \u00e9tant compos\u00e9e de cubes r\u00e9unis entre eux par un tire-fond, la gravure peut \u00eatre divis\u00e9e entre plusieurs ex\u00e9cutants travaillant dans des ateliers quasi industriels. Lors de l\u2019impression, les blocs mal joints font parfois apparaitre des traits blancs sur l\u2019image.<\/p>\n<p>La publication en grand nombre des p\u00e9riodiques a aussi \u00e9t\u00e9 permise par le d\u00e9veloppement d\u2019une autre technique, la st\u00e9r\u00e9otypie qui utilise des clich\u00e9s en plomb moul\u00e9s \u00e0 partir des matrices en bois de bout.<\/p>\n<p><em>LES PROC\u00c9D\u00c9S DE DORURE SUR CUIR<\/em><\/p>\n<p>D\u00e8s le Moyen \u00c2ge, les reliures en cuir sont d\u00e9cor\u00e9es par estampage, avec des matrices en bois grav\u00e9. \u00c0 la Renaissance apparaissent la technique de la dorure \u00e0 la feuille d\u2019or et les outils en bronze. Les d\u00e9cors sont orn\u00e9s de motifs r\u00e9alis\u00e9s avec plusieurs types d\u2019outils\u00a0: des palettes pour les dos, des roulettes pour les frises sur les plats, des fleurons qui peuvent se juxtaposer pour former des compositions plus ou moins complexes, des caract\u00e8res pour les titres. Les polices de caract\u00e8re et leurs composteurs apparaissent au\u00a0<span class=\"caps\">XIX<\/span><sup class=\"typo_exposants\">e<\/sup>\u00a0si\u00e8cle. Le liant qui permet \u00e0 la feuille d\u2019or d\u2019adh\u00e9rer au cuir est le blanc d\u2019\u0153uf.<\/p>\n<figure id=\"attachment_8718\" aria-describedby=\"caption-attachment-8718\" style=\"width: 665px\" class=\"wp-caption aligncenter\"><a href=\"https:\/\/i0.wp.com\/www.proantic.com\/magazine\/wp-content\/uploads\/2018\/04\/5-10.jpg\"><img data-recalc-dims=\"1\" loading=\"lazy\" decoding=\"async\" data-attachment-id=\"8718\" data-permalink=\"https:\/\/www.proantic.com\/magazine\/matrices-de-matiere-a-limage\/5-10\/\" data-orig-file=\"https:\/\/i0.wp.com\/www.proantic.com\/magazine\/wp-content\/uploads\/2018\/04\/5-10.jpg?fit=1306%2C952&amp;ssl=1\" data-orig-size=\"1306,952\" data-comments-opened=\"1\" data-image-meta=\"{&quot;aperture&quot;:&quot;0&quot;,&quot;credit&quot;:&quot;&quot;,&quot;camera&quot;:&quot;&quot;,&quot;caption&quot;:&quot;&quot;,&quot;created_timestamp&quot;:&quot;0&quot;,&quot;copyright&quot;:&quot;&quot;,&quot;focal_length&quot;:&quot;0&quot;,&quot;iso&quot;:&quot;0&quot;,&quot;shutter_speed&quot;:&quot;0&quot;,&quot;title&quot;:&quot;&quot;,&quot;orientation&quot;:&quot;0&quot;}\" data-image-title=\"Matrices: de la mati\u00e8re \u00e0 l&amp;rsquo;image\" data-image-description=\"\" data-image-caption=\"&lt;p&gt;Fers, fleurons de dorure sur cuir et mises au point&lt;br \/&gt;\n\u00a9 MAD, Atelier de restauration livre\/papier&lt;\/p&gt;\n\" data-medium-file=\"https:\/\/i0.wp.com\/www.proantic.com\/magazine\/wp-content\/uploads\/2018\/04\/5-10.jpg?fit=300%2C219&amp;ssl=1\" data-large-file=\"https:\/\/i0.wp.com\/www.proantic.com\/magazine\/wp-content\/uploads\/2018\/04\/5-10.jpg?fit=665%2C484&amp;ssl=1\" class=\"size-large wp-image-8718\" src=\"https:\/\/i0.wp.com\/www.proantic.com\/magazine\/wp-content\/uploads\/2018\/04\/5-10-1024x746.jpg?resize=665%2C484\" alt=\"\" width=\"665\" height=\"484\" srcset=\"https:\/\/i0.wp.com\/www.proantic.com\/magazine\/wp-content\/uploads\/2018\/04\/5-10.jpg?resize=1024%2C746&amp;ssl=1 1024w, https:\/\/i0.wp.com\/www.proantic.com\/magazine\/wp-content\/uploads\/2018\/04\/5-10.jpg?resize=300%2C219&amp;ssl=1 300w, https:\/\/i0.wp.com\/www.proantic.com\/magazine\/wp-content\/uploads\/2018\/04\/5-10.jpg?resize=768%2C560&amp;ssl=1 768w, https:\/\/i0.wp.com\/www.proantic.com\/magazine\/wp-content\/uploads\/2018\/04\/5-10.jpg?resize=180%2C131&amp;ssl=1 180w, https:\/\/i0.wp.com\/www.proantic.com\/magazine\/wp-content\/uploads\/2018\/04\/5-10.jpg?w=1306&amp;ssl=1 1306w\" sizes=\"auto, (max-width: 665px) 100vw, 665px\" \/><\/a><figcaption id=\"caption-attachment-8718\" class=\"wp-caption-text\">Fers, fleurons de dorure sur cuir et mises au point<br \/>\u00a9 MAD, Atelier de restauration livre\/papier<\/figcaption><\/figure>\n<p>D\u00e8s la seconde moiti\u00e9 du\u00a0<span class=\"caps\">XIX<\/span><sup class=\"typo_exposants\">e<\/sup>si\u00e8cle, les artisans rivalisent de dext\u00e9rit\u00e9, de pr\u00e9cision et de finesse dans la qualit\u00e9 des reliures et des dorures. L\u00e9on Gruel est l\u2019un d\u2019eux. Ses \u0153uvres s\u2019inspirent largement des si\u00e8cles pr\u00e9c\u00e9dents. Les \u00ab<small class=\"fine\">\u00a0<\/small>croquis-calques<small class=\"fine\">\u00a0<\/small>\u00bb appel\u00e9s aujourd\u2019hui \u00ab<small class=\"fine\">\u00a0<\/small>mises au point<small class=\"fine\">\u00a0<\/small>\u00bb sont \u00e0 la fois des maquettes et des matrices. Le d\u00e9cor est compos\u00e9 et trac\u00e9, les fleurons sont tamponn\u00e9s \u00e0 l\u2019encre sur une feuille de papier au format du plat. La feuille est pos\u00e9e sur le plat et les fers chauff\u00e9s sont report\u00e9s \u00e0 travers le papier sur le cuir.<\/p>\n<p>Les collections de fers et de mises au point de l\u2019atelier Gruel ont longtemps \u00e9t\u00e9 utilis\u00e9es par les \u00e9l\u00e8ves du\u00a0<span class=\"caps\">CALE<\/span>, Centre des Arts du livre de l\u2019<span class=\"caps\">UCAD<\/span>, dans le cadre de leurs cours de dorure sur cuir. Ces outils sont entr\u00e9s dans les collections de la Biblioth\u00e8que \u00e0 la fermeture de l\u2019\u00e9cole en 2003.<\/p>\n<p><strong>LES PROC\u00c9D\u00c9S \u00c9VID\u00c9S<\/strong><\/p>\n<p><em>LES CANIVETS<\/em><\/p>\n<p>Les canivets sont des d\u00e9cors d\u00e9coup\u00e9s en papier ou v\u00e9lin. Le terme vient du mot canif, outil utilis\u00e9 pour les fabriquer. D\u00e8s le milieu du\u00a0<span class=\"caps\">XIX<\/span><sup class=\"typo_exposants\">e<\/sup>\u00a0si\u00e8cle, les dentelles formant l\u2019encadrement sont obtenues avec un moule en fonte, sorte d\u2019emporte-pi\u00e8ce, qui permet \u00e0 la fois de d\u00e9couper le papier et de le gaufrer. La feuille de papier est pos\u00e9e sur le moule, puis martel\u00e9e \u00e0 l\u2019aide d\u2019un maillet de plomb.<\/p>\n<p>Les canivets ont \u00e9t\u00e9 tr\u00e8s pris\u00e9s d\u00e8s le d\u00e9but du\u00a0<span class=\"caps\">XIX<\/span><sup class=\"typo_exposants\">e<\/sup>\u00a0si\u00e8cle pour l\u2019ornementation des images pieuses. En leur centre \u00e9tait coll\u00e9e une image imprim\u00e9e, le plus fr\u00e9quemment en\u00a0chromolithographie.<\/p>\n<figure id=\"attachment_8720\" aria-describedby=\"caption-attachment-8720\" style=\"width: 665px\" class=\"wp-caption aligncenter\"><a href=\"https:\/\/i0.wp.com\/www.proantic.com\/magazine\/wp-content\/uploads\/2018\/04\/sans-titre-4-9.jpg\"><img data-recalc-dims=\"1\" loading=\"lazy\" decoding=\"async\" data-attachment-id=\"8720\" data-permalink=\"https:\/\/www.proantic.com\/magazine\/matrices-de-matiere-a-limage\/sans-titre-4-9\/\" data-orig-file=\"https:\/\/i0.wp.com\/www.proantic.com\/magazine\/wp-content\/uploads\/2018\/04\/sans-titre-4-9.jpg?fit=1641%2C2382&amp;ssl=1\" data-orig-size=\"1641,2382\" data-comments-opened=\"1\" data-image-meta=\"{&quot;aperture&quot;:&quot;0&quot;,&quot;credit&quot;:&quot;&quot;,&quot;camera&quot;:&quot;&quot;,&quot;caption&quot;:&quot;&quot;,&quot;created_timestamp&quot;:&quot;0&quot;,&quot;copyright&quot;:&quot;&quot;,&quot;focal_length&quot;:&quot;0&quot;,&quot;iso&quot;:&quot;0&quot;,&quot;shutter_speed&quot;:&quot;0&quot;,&quot;title&quot;:&quot;&quot;,&quot;orientation&quot;:&quot;0&quot;}\" data-image-title=\"Matrices: de la mati\u00e8re \u00e0 l&amp;rsquo;image\" data-image-description=\"\" data-image-caption=\"&lt;p&gt;Image de communion. Chromolithographie coll\u00e9e sur un canivet, fin XIXe si\u00e8cle&lt;br \/&gt;\nR\u00e9serve biblioth\u00e8que&lt;br \/&gt;\n\u00a9 MAD&lt;\/p&gt;\n\" data-medium-file=\"https:\/\/i0.wp.com\/www.proantic.com\/magazine\/wp-content\/uploads\/2018\/04\/sans-titre-4-9.jpg?fit=207%2C300&amp;ssl=1\" data-large-file=\"https:\/\/i0.wp.com\/www.proantic.com\/magazine\/wp-content\/uploads\/2018\/04\/sans-titre-4-9.jpg?fit=665%2C966&amp;ssl=1\" class=\"size-large wp-image-8720\" src=\"https:\/\/i0.wp.com\/www.proantic.com\/magazine\/wp-content\/uploads\/2018\/04\/sans-titre-4-9-705x1024.jpg?resize=665%2C966\" alt=\"\" width=\"665\" height=\"966\" srcset=\"https:\/\/i0.wp.com\/www.proantic.com\/magazine\/wp-content\/uploads\/2018\/04\/sans-titre-4-9.jpg?resize=705%2C1024&amp;ssl=1 705w, https:\/\/i0.wp.com\/www.proantic.com\/magazine\/wp-content\/uploads\/2018\/04\/sans-titre-4-9.jpg?resize=207%2C300&amp;ssl=1 207w, https:\/\/i0.wp.com\/www.proantic.com\/magazine\/wp-content\/uploads\/2018\/04\/sans-titre-4-9.jpg?resize=768%2C1115&amp;ssl=1 768w, https:\/\/i0.wp.com\/www.proantic.com\/magazine\/wp-content\/uploads\/2018\/04\/sans-titre-4-9.jpg?resize=124%2C180&amp;ssl=1 124w, https:\/\/i0.wp.com\/www.proantic.com\/magazine\/wp-content\/uploads\/2018\/04\/sans-titre-4-9.jpg?w=1641&amp;ssl=1 1641w, https:\/\/i0.wp.com\/www.proantic.com\/magazine\/wp-content\/uploads\/2018\/04\/sans-titre-4-9.jpg?w=1330&amp;ssl=1 1330w\" sizes=\"auto, (max-width: 665px) 100vw, 665px\" \/><\/a><figcaption id=\"caption-attachment-8720\" class=\"wp-caption-text\">Image de communion. Chromolithographie coll\u00e9e sur un canivet, fin XIXe si\u00e8cle<br \/>R\u00e9serve biblioth\u00e8que<br \/>\u00a9 MAD<\/figcaption><\/figure>\n<p><em>LES PONCIFS<\/em><\/p>\n<p>Malgr\u00e9 les apparences, canivets et poncifs sont de natures tr\u00e8s diff\u00e9rentes. En effet, les perforations du premier ne sont que d\u00e9coratives alors que celles du second servent \u00e0 reproduire des dessins ou des estampes. Apr\u00e8s avoir perc\u00e9 des trous sur les lignes avec une \u00e9pingle, l\u2019utilisateur passe une poudre de charbon de saule qui reporte le motif sur un autre support. Cette technique est bien visible sur la troisi\u00e8me image de la gravure du\u00a0<i>Libro primo De rechami<\/i>d\u2019Alessandro Paganino.<\/p>\n<p><em>LE POCHOIR<\/em><\/p>\n<p>Le pochoir, patron de carton ou de m\u00e9tal aux motifs \u00e9vid\u00e9s, est utilis\u00e9 d\u00e8s le Moyen-\u00c2ge pour colorier les estampes\u00a0: images populaires, cartes \u00e0 jouer puis papiers dominot\u00e9s. Au d\u00e9but du\u00a0<span class=\"caps\">XX<\/span><sup class=\"typo_exposants\">e<\/sup>\u00a0si\u00e8cle, il conna\u00eet un renouveau sous l\u2019impulsion de l\u2019\u00e9dition de luxe de revues de mode ou de motifs d\u00e9coratifs r\u00e9unis en portefeuilles. Le ma\u00eetre de cette technique est alors Jean Saud\u00e9 qui publie en 1925 un\u00a0<i>Trait\u00e9 d\u2019enluminure d\u2019art au pochoir<\/i>dont chaque exemplaire contient un pochoir et son impression.<\/p>\n<figure id=\"attachment_8721\" aria-describedby=\"caption-attachment-8721\" style=\"width: 665px\" class=\"wp-caption aligncenter\"><a href=\"https:\/\/i0.wp.com\/www.proantic.com\/magazine\/wp-content\/uploads\/2018\/04\/8.jpg\"><img data-recalc-dims=\"1\" loading=\"lazy\" decoding=\"async\" data-attachment-id=\"8721\" data-permalink=\"https:\/\/www.proantic.com\/magazine\/matrices-de-matiere-a-limage\/8-2\/\" data-orig-file=\"https:\/\/i0.wp.com\/www.proantic.com\/magazine\/wp-content\/uploads\/2018\/04\/8.jpg?fit=2000%2C2773&amp;ssl=1\" data-orig-size=\"2000,2773\" data-comments-opened=\"1\" data-image-meta=\"{&quot;aperture&quot;:&quot;0&quot;,&quot;credit&quot;:&quot;&quot;,&quot;camera&quot;:&quot;&quot;,&quot;caption&quot;:&quot;&quot;,&quot;created_timestamp&quot;:&quot;0&quot;,&quot;copyright&quot;:&quot;&quot;,&quot;focal_length&quot;:&quot;0&quot;,&quot;iso&quot;:&quot;0&quot;,&quot;shutter_speed&quot;:&quot;0&quot;,&quot;title&quot;:&quot;&quot;,&quot;orientation&quot;:&quot;0&quot;}\" data-image-title=\"Matrices: de la mati\u00e8re \u00e0 l&amp;rsquo;image\" data-image-description=\"\" data-image-caption=\"&lt;p&gt;La gazette du Bon Ton, n\u00b0 6, avril 1913, pl. X&lt;br \/&gt;\nR\u00e9serve JP 24&lt;br \/&gt;\n\u00a9 MAD&lt;\/p&gt;\n\" data-medium-file=\"https:\/\/i0.wp.com\/www.proantic.com\/magazine\/wp-content\/uploads\/2018\/04\/8.jpg?fit=216%2C300&amp;ssl=1\" data-large-file=\"https:\/\/i0.wp.com\/www.proantic.com\/magazine\/wp-content\/uploads\/2018\/04\/8.jpg?fit=665%2C921&amp;ssl=1\" class=\"size-large wp-image-8721\" src=\"https:\/\/i0.wp.com\/www.proantic.com\/magazine\/wp-content\/uploads\/2018\/04\/8-739x1024.jpg?resize=665%2C921\" alt=\"\" width=\"665\" height=\"921\" srcset=\"https:\/\/i0.wp.com\/www.proantic.com\/magazine\/wp-content\/uploads\/2018\/04\/8.jpg?resize=739%2C1024&amp;ssl=1 739w, https:\/\/i0.wp.com\/www.proantic.com\/magazine\/wp-content\/uploads\/2018\/04\/8.jpg?resize=216%2C300&amp;ssl=1 216w, https:\/\/i0.wp.com\/www.proantic.com\/magazine\/wp-content\/uploads\/2018\/04\/8.jpg?resize=768%2C1065&amp;ssl=1 768w, https:\/\/i0.wp.com\/www.proantic.com\/magazine\/wp-content\/uploads\/2018\/04\/8.jpg?resize=130%2C180&amp;ssl=1 130w, https:\/\/i0.wp.com\/www.proantic.com\/magazine\/wp-content\/uploads\/2018\/04\/8.jpg?w=2000&amp;ssl=1 2000w, https:\/\/i0.wp.com\/www.proantic.com\/magazine\/wp-content\/uploads\/2018\/04\/8.jpg?w=1330&amp;ssl=1 1330w\" sizes=\"auto, (max-width: 665px) 100vw, 665px\" \/><\/a><figcaption id=\"caption-attachment-8721\" class=\"wp-caption-text\">La gazette du Bon Ton, n\u00b0 6, avril 1913, pl. X<br \/>R\u00e9serve JP 24<br \/>\u00a9 MAD<\/figcaption><\/figure>\n<p><em>LES KATAGAMI<\/em><\/p>\n<p>Les katagamis sont des pochoirs destin\u00e9s \u00e0 l\u2019impression des tissus. Ils apparaissent au\u00a0<span class=\"caps\">XII<\/span><sup class=\"typo_exposants\">e<\/sup>\u00a0si\u00e8cle au Japon. D\u00e8s la fin du\u00a0<span class=\"caps\">XIX<\/span><sup class=\"typo_exposants\">e<\/sup>\u00a0si\u00e8cle, des katagami entrent dans les collections de la biblioth\u00e8que et du mus\u00e9e. Ils sont fabriqu\u00e9s avec plusieurs \u00e9paisseurs de feuilles de papier de Kozo (\u00e9corce de m\u00fbrier) coll\u00e9es ensemble puis trait\u00e9es au jus de kaki, ce qui leur apporte une tr\u00e8s grande r\u00e9sistance. Le papier est ensuite d\u00e9coup\u00e9, \u00e0 raison de plusieurs feuilles superpos\u00e9es (g\u00e9n\u00e9ralement 6) en une seule fois. L\u2019artisan emploie pour la d\u00e9coupe des canifs, des emporte-pi\u00e8ces et des poin\u00e7ons. Un katagami permet de d\u00e9corer entre 20 et 30 kimonos. Un ou deux katagami suffisent \u00e0 r\u00e9aliser les motifs.<\/p>\n<figure id=\"attachment_8722\" aria-describedby=\"caption-attachment-8722\" style=\"width: 665px\" class=\"wp-caption aligncenter\"><a href=\"https:\/\/i0.wp.com\/www.proantic.com\/magazine\/wp-content\/uploads\/2018\/04\/arton7038.jpg\"><img data-recalc-dims=\"1\" loading=\"lazy\" decoding=\"async\" data-attachment-id=\"8722\" data-permalink=\"https:\/\/www.proantic.com\/magazine\/matrices-de-matiere-a-limage\/arton7038\/\" data-orig-file=\"https:\/\/i0.wp.com\/www.proantic.com\/magazine\/wp-content\/uploads\/2018\/04\/arton7038.jpg?fit=2000%2C1482&amp;ssl=1\" data-orig-size=\"2000,1482\" data-comments-opened=\"1\" data-image-meta=\"{&quot;aperture&quot;:&quot;0&quot;,&quot;credit&quot;:&quot;&quot;,&quot;camera&quot;:&quot;&quot;,&quot;caption&quot;:&quot;&quot;,&quot;created_timestamp&quot;:&quot;0&quot;,&quot;copyright&quot;:&quot;&quot;,&quot;focal_length&quot;:&quot;0&quot;,&quot;iso&quot;:&quot;0&quot;,&quot;shutter_speed&quot;:&quot;0&quot;,&quot;title&quot;:&quot;&quot;,&quot;orientation&quot;:&quot;0&quot;}\" data-image-title=\"Matrices: de la mati\u00e8re \u00e0 l&amp;rsquo;image\" data-image-description=\"\" data-image-caption=\"&lt;p&gt; Katagami. Japon, fin&lt;br \/&gt;\ndu 19e si\u00e8cle. R\u00e9serve&lt;br \/&gt;\njaponaise Katagami 6&lt;\/p&gt;\n\" data-medium-file=\"https:\/\/i0.wp.com\/www.proantic.com\/magazine\/wp-content\/uploads\/2018\/04\/arton7038.jpg?fit=300%2C222&amp;ssl=1\" data-large-file=\"https:\/\/i0.wp.com\/www.proantic.com\/magazine\/wp-content\/uploads\/2018\/04\/arton7038.jpg?fit=665%2C493&amp;ssl=1\" class=\"size-large wp-image-8722\" src=\"https:\/\/i0.wp.com\/www.proantic.com\/magazine\/wp-content\/uploads\/2018\/04\/arton7038-1024x759.jpg?resize=665%2C493\" alt=\"\" width=\"665\" height=\"493\" srcset=\"https:\/\/i0.wp.com\/www.proantic.com\/magazine\/wp-content\/uploads\/2018\/04\/arton7038.jpg?resize=1024%2C759&amp;ssl=1 1024w, https:\/\/i0.wp.com\/www.proantic.com\/magazine\/wp-content\/uploads\/2018\/04\/arton7038.jpg?resize=300%2C222&amp;ssl=1 300w, https:\/\/i0.wp.com\/www.proantic.com\/magazine\/wp-content\/uploads\/2018\/04\/arton7038.jpg?resize=768%2C569&amp;ssl=1 768w, https:\/\/i0.wp.com\/www.proantic.com\/magazine\/wp-content\/uploads\/2018\/04\/arton7038.jpg?resize=180%2C133&amp;ssl=1 180w, https:\/\/i0.wp.com\/www.proantic.com\/magazine\/wp-content\/uploads\/2018\/04\/arton7038.jpg?w=2000&amp;ssl=1 2000w, https:\/\/i0.wp.com\/www.proantic.com\/magazine\/wp-content\/uploads\/2018\/04\/arton7038.jpg?w=1330&amp;ssl=1 1330w\" sizes=\"auto, (max-width: 665px) 100vw, 665px\" \/><\/a><figcaption id=\"caption-attachment-8722\" class=\"wp-caption-text\">Katagami. Japon, fin<br \/>du 19e si\u00e8cle. R\u00e9serve<br \/>japonaise Katagami 6<\/figcaption><\/figure>\n<p><strong>LA TAILLE-DOUCE OU LES PROC\u00c9D\u00c9S EN CREUX SUR CUIVRE<\/strong><\/p>\n<p>La gravure sur cuivre, ou taille douce, est remarquable par sa plasticit\u00e9. Elle permet une tr\u00e8s grande vari\u00e9t\u00e9 de techniques et la matrice peut \u00eatre modifi\u00e9e autant de fois que n\u00e9cessaire, par plusieurs graveurs s\u2019il le faut. Ainsi, lorsque Charles Gillot meurt en 1722, il laisse les gravures du\u00a0<i>Livre de porti\u00e8res<\/i>\u00a0inachev\u00e9es. Quinze ans plus tard, l\u2019\u00e9diteur Gabriel Huquier les fait terminer par Charles-Nicolas Cochin le jeune, et les publie.<\/p>\n<figure id=\"attachment_8723\" aria-describedby=\"caption-attachment-8723\" style=\"width: 665px\" class=\"wp-caption aligncenter\"><a href=\"https:\/\/i0.wp.com\/www.proantic.com\/magazine\/wp-content\/uploads\/2018\/04\/arton7039.jpg\"><img data-recalc-dims=\"1\" loading=\"lazy\" decoding=\"async\" data-attachment-id=\"8723\" data-permalink=\"https:\/\/www.proantic.com\/magazine\/matrices-de-matiere-a-limage\/arton7039\/\" data-orig-file=\"https:\/\/i0.wp.com\/www.proantic.com\/magazine\/wp-content\/uploads\/2018\/04\/arton7039.jpg?fit=2000%2C1523&amp;ssl=1\" data-orig-size=\"2000,1523\" data-comments-opened=\"1\" data-image-meta=\"{&quot;aperture&quot;:&quot;0&quot;,&quot;credit&quot;:&quot;&quot;,&quot;camera&quot;:&quot;&quot;,&quot;caption&quot;:&quot;&quot;,&quot;created_timestamp&quot;:&quot;0&quot;,&quot;copyright&quot;:&quot;&quot;,&quot;focal_length&quot;:&quot;0&quot;,&quot;iso&quot;:&quot;0&quot;,&quot;shutter_speed&quot;:&quot;0&quot;,&quot;title&quot;:&quot;&quot;,&quot;orientation&quot;:&quot;0&quot;}\" data-image-title=\"Matrices: de la mati\u00e8re \u00e0 l&amp;rsquo;image\" data-image-description=\"\" data-image-caption=\"&lt;p&gt;Jacques Callot (1593-&lt;br \/&gt;\n1635). La tentation de&lt;br \/&gt;\nSaint Antoine (deuxi\u00e8me&lt;br \/&gt;\nversion). Nancy,&lt;br \/&gt;\nIsra\u00ebl Henriet, 1635.&lt;br \/&gt;\nR\u00e9serve gravures&lt;br \/&gt;\nPF Callot&lt;\/p&gt;\n\" data-medium-file=\"https:\/\/i0.wp.com\/www.proantic.com\/magazine\/wp-content\/uploads\/2018\/04\/arton7039.jpg?fit=300%2C228&amp;ssl=1\" data-large-file=\"https:\/\/i0.wp.com\/www.proantic.com\/magazine\/wp-content\/uploads\/2018\/04\/arton7039.jpg?fit=665%2C507&amp;ssl=1\" class=\"size-large wp-image-8723\" src=\"https:\/\/i0.wp.com\/www.proantic.com\/magazine\/wp-content\/uploads\/2018\/04\/arton7039-1024x780.jpg?resize=665%2C507\" alt=\"\" width=\"665\" height=\"507\" srcset=\"https:\/\/i0.wp.com\/www.proantic.com\/magazine\/wp-content\/uploads\/2018\/04\/arton7039.jpg?resize=1024%2C780&amp;ssl=1 1024w, https:\/\/i0.wp.com\/www.proantic.com\/magazine\/wp-content\/uploads\/2018\/04\/arton7039.jpg?resize=300%2C228&amp;ssl=1 300w, https:\/\/i0.wp.com\/www.proantic.com\/magazine\/wp-content\/uploads\/2018\/04\/arton7039.jpg?resize=768%2C585&amp;ssl=1 768w, https:\/\/i0.wp.com\/www.proantic.com\/magazine\/wp-content\/uploads\/2018\/04\/arton7039.jpg?resize=180%2C137&amp;ssl=1 180w, https:\/\/i0.wp.com\/www.proantic.com\/magazine\/wp-content\/uploads\/2018\/04\/arton7039.jpg?w=2000&amp;ssl=1 2000w, https:\/\/i0.wp.com\/www.proantic.com\/magazine\/wp-content\/uploads\/2018\/04\/arton7039.jpg?w=1330&amp;ssl=1 1330w\" sizes=\"auto, (max-width: 665px) 100vw, 665px\" \/><\/a><figcaption id=\"caption-attachment-8723\" class=\"wp-caption-text\">Jacques Callot (1593-<br \/>1635). La tentation de<br \/>Saint Antoine (deuxi\u00e8me<br \/>version). Nancy,<br \/>Isra\u00ebl Henriet, 1635.<br \/>R\u00e9serve gravures<br \/>PF Callot<\/figcaption><\/figure>\n<p><em>LE BURIN<\/em><\/p>\n<p>La technique du burin a \u00e9t\u00e9 mise au point vers 1430 dans le sud-ouest de l\u2019Allemagne, dans le milieu des orf\u00e8vres. C\u2019est une technique directe car la planche de cuivre est grav\u00e9e avec un instrument pointu\u00a0: le burin. Le dessin obtenu est plus fin et plus pr\u00e9cis que celui de la gravure sur bois de fil.<\/p>\n<p>Au\u00a0<span class=\"caps\">XVI<\/span><sup class=\"typo_exposants\">e<\/sup>\u00a0si\u00e8cle, la gravure au burin pratiqu\u00e9e en Allemagne par des orf\u00e8vres graveurs est caract\u00e9ris\u00e9e par son extr\u00eame finesse. Cependant, ce sont la ma\u00eetrise et la force du trait qui sont bient\u00f4t consid\u00e9r\u00e9es comme les sp\u00e9cificit\u00e9s de cette technique.<\/p>\n<p>Au\u00a0<span class=\"caps\">XVII<\/span><sup class=\"typo_exposants\">e<\/sup>\u00a0si\u00e8cle, les gravures au burin sont l\u2019objet d\u2019exercices de virtuosit\u00e9 de deux sortes, qui s\u2019opposent entre elles\u00a0:<br \/>\n\u2022\u00a0La taille simple n\u2019utilise que des lignes parall\u00e8les, ombres et lumi\u00e8res naissant des variations de largeurs et de profondeur. Cette technique, qui met en valeur les contrastes et le blanc du papier, est particuli\u00e8rement bien adapt\u00e9e \u00e0 la repr\u00e9sentation des sculptures. Elle est utilis\u00e9e \u00e0 partir de 1677 par Claude Mellan et \u00c9tienne Baudet pour reproduire les statues et bustes antiques des maisons royales. Dans la gravure du Sil\u00e8ne, Etienne Baudet s\u2019amuse \u00e0 centrer les traits de gravure autour du nombril du personnage.<br \/>\n\u2022\u00a0La taille crois\u00e9e joue sur la vari\u00e9t\u00e9 des noirs en multipliant les fa\u00e7ons de combiner les traits et en variant profondeur et densit\u00e9. Le graveur d\u00e9montre alors la parfaite ma\u00eetrise de toutes les ressources de son art. Cette technique est par excellence celle des portraits de prestige et des morceaux de r\u00e9ception \u00e0 l\u2019Acad\u00e9mie, tel le portrait de Charles Le Brun grav\u00e9 en 1684 par G\u00e9rard Edelinck d\u2019apr\u00e8s Nicolas de Larguilli\u00e8re.<\/p>\n<figure id=\"attachment_8724\" aria-describedby=\"caption-attachment-8724\" style=\"width: 300px\" class=\"wp-caption aligncenter\"><a href=\"https:\/\/i0.wp.com\/www.proantic.com\/magazine\/wp-content\/uploads\/2018\/04\/11-7-resp300.jpg\"><img data-recalc-dims=\"1\" loading=\"lazy\" decoding=\"async\" data-attachment-id=\"8724\" data-permalink=\"https:\/\/www.proantic.com\/magazine\/matrices-de-matiere-a-limage\/11-7-resp300\/\" data-orig-file=\"https:\/\/i0.wp.com\/www.proantic.com\/magazine\/wp-content\/uploads\/2018\/04\/11-7-resp300.jpg?fit=300%2C415&amp;ssl=1\" data-orig-size=\"300,415\" data-comments-opened=\"1\" data-image-meta=\"{&quot;aperture&quot;:&quot;0&quot;,&quot;credit&quot;:&quot;&quot;,&quot;camera&quot;:&quot;&quot;,&quot;caption&quot;:&quot;&quot;,&quot;created_timestamp&quot;:&quot;0&quot;,&quot;copyright&quot;:&quot;&quot;,&quot;focal_length&quot;:&quot;0&quot;,&quot;iso&quot;:&quot;0&quot;,&quot;shutter_speed&quot;:&quot;0&quot;,&quot;title&quot;:&quot;&quot;,&quot;orientation&quot;:&quot;0&quot;}\" data-image-title=\"Matrices: de la mati\u00e8re \u00e0 l&amp;rsquo;image\" data-image-description=\"\" data-image-caption=\"&lt;p&gt; Grav\u00e9 par Etienne&lt;br \/&gt;\nBaudet (1638-1711).&lt;br \/&gt;\nStatue antique de marbre&lt;br \/&gt;\nde Sil\u00e8ne haute de deux&lt;br \/&gt;\npieds deux pouces, au&lt;br \/&gt;\nPalais des Thuilleries.&lt;br \/&gt;\nR\u00e9impression de la&lt;br \/&gt;\nchalcographie du Louvre&lt;br \/&gt;\n(entre 1850 et 1870)&lt;br \/&gt;\nd\u2019une estampe grav\u00e9e&lt;br \/&gt;\nen 1678.&lt;br \/&gt;\nBoite Maciet 435&lt;\/p&gt;\n\" data-medium-file=\"https:\/\/i0.wp.com\/www.proantic.com\/magazine\/wp-content\/uploads\/2018\/04\/11-7-resp300.jpg?fit=217%2C300&amp;ssl=1\" data-large-file=\"https:\/\/i0.wp.com\/www.proantic.com\/magazine\/wp-content\/uploads\/2018\/04\/11-7-resp300.jpg?fit=300%2C415&amp;ssl=1\" class=\"size-full wp-image-8724\" src=\"https:\/\/i0.wp.com\/www.proantic.com\/magazine\/wp-content\/uploads\/2018\/04\/11-7-resp300.jpg?resize=300%2C415\" alt=\"\" width=\"300\" height=\"415\" srcset=\"https:\/\/i0.wp.com\/www.proantic.com\/magazine\/wp-content\/uploads\/2018\/04\/11-7-resp300.jpg?w=300&amp;ssl=1 300w, https:\/\/i0.wp.com\/www.proantic.com\/magazine\/wp-content\/uploads\/2018\/04\/11-7-resp300.jpg?resize=217%2C300&amp;ssl=1 217w, https:\/\/i0.wp.com\/www.proantic.com\/magazine\/wp-content\/uploads\/2018\/04\/11-7-resp300.jpg?resize=130%2C180&amp;ssl=1 130w\" sizes=\"auto, (max-width: 300px) 100vw, 300px\" \/><\/a><figcaption id=\"caption-attachment-8724\" class=\"wp-caption-text\">Grav\u00e9 par Etienne Baudet (1638-1711).<br \/>Statue antique de marbre de Sil\u00e8ne haute de deux pieds deux pouces, au Palais des Thuilleries.<br \/>R\u00e9impression de la chalcographie du Louvre<br \/>(entre 1850 et 1870) d\u2019une estampe grav\u00e9e<br \/>en 1678.<br \/>Boite Maciet 435<\/figcaption><\/figure>\n<p><em>LA POINTE S\u00c8CHE<\/em><\/p>\n<p>La pointe s\u00e8che est un autre proc\u00e9d\u00e9 direct, mais plus simple d\u2019ex\u00e9cution que le burin.<\/p>\n<p>Le metteur en cuivre Babin utilise cette technique pour graver ses mod\u00e8les. Sa pointe, pas suffisamment affut\u00e9e pour d\u00e9couper proprement le cuivre, a produit des barbes qui retiennent l\u2019encre et floutent le trait peu profond. Celui-ci s\u2019est effac\u00e9 au fur et \u00e0 mesure des tirages.<\/p>\n<p>Cette imperfection particuli\u00e8re \u00e0 la pointe s\u00e8che a \u00e9t\u00e9 exploit\u00e9e par les peintres graveurs. A la fin du\u00a0<span class=\"caps\">XIX<\/span><sup class=\"typo_exposants\">e<\/sup>si\u00e8cle, James Tissot restitue ainsi le duveteux de la fourrure port\u00e9e par la jeune femme qu\u2019il repr\u00e9sente.<\/p>\n<figure id=\"attachment_8725\" aria-describedby=\"caption-attachment-8725\" style=\"width: 300px\" class=\"wp-caption aligncenter\"><a href=\"https:\/\/i0.wp.com\/www.proantic.com\/magazine\/wp-content\/uploads\/2018\/04\/12-2-resp300.jpg\"><img data-recalc-dims=\"1\" loading=\"lazy\" decoding=\"async\" data-attachment-id=\"8725\" data-permalink=\"https:\/\/www.proantic.com\/magazine\/matrices-de-matiere-a-limage\/12-2-resp300\/\" data-orig-file=\"https:\/\/i0.wp.com\/www.proantic.com\/magazine\/wp-content\/uploads\/2018\/04\/12-2-resp300.jpg?fit=300%2C635&amp;ssl=1\" data-orig-size=\"300,635\" data-comments-opened=\"1\" data-image-meta=\"{&quot;aperture&quot;:&quot;0&quot;,&quot;credit&quot;:&quot;&quot;,&quot;camera&quot;:&quot;&quot;,&quot;caption&quot;:&quot;&quot;,&quot;created_timestamp&quot;:&quot;0&quot;,&quot;copyright&quot;:&quot;&quot;,&quot;focal_length&quot;:&quot;0&quot;,&quot;iso&quot;:&quot;0&quot;,&quot;shutter_speed&quot;:&quot;0&quot;,&quot;title&quot;:&quot;&quot;,&quot;orientation&quot;:&quot;0&quot;}\" data-image-title=\"Matrices: de la mati\u00e8re \u00e0 l&amp;rsquo;image\" data-image-description=\"\" data-image-caption=\"&lt;p&gt;James Jacques&lt;br \/&gt;\nJoseph Tissot. Le&lt;br \/&gt;\ndimanche matin. 1883.&lt;br \/&gt;\nR\u00e9serve gravures 19e&lt;br \/&gt;\nTissot&lt;\/p&gt;\n\" data-medium-file=\"https:\/\/i0.wp.com\/www.proantic.com\/magazine\/wp-content\/uploads\/2018\/04\/12-2-resp300.jpg?fit=142%2C300&amp;ssl=1\" data-large-file=\"https:\/\/i0.wp.com\/www.proantic.com\/magazine\/wp-content\/uploads\/2018\/04\/12-2-resp300.jpg?fit=300%2C635&amp;ssl=1\" class=\"size-full wp-image-8725\" src=\"https:\/\/i0.wp.com\/www.proantic.com\/magazine\/wp-content\/uploads\/2018\/04\/12-2-resp300.jpg?resize=300%2C635\" alt=\"\" width=\"300\" height=\"635\" srcset=\"https:\/\/i0.wp.com\/www.proantic.com\/magazine\/wp-content\/uploads\/2018\/04\/12-2-resp300.jpg?w=300&amp;ssl=1 300w, https:\/\/i0.wp.com\/www.proantic.com\/magazine\/wp-content\/uploads\/2018\/04\/12-2-resp300.jpg?resize=142%2C300&amp;ssl=1 142w, https:\/\/i0.wp.com\/www.proantic.com\/magazine\/wp-content\/uploads\/2018\/04\/12-2-resp300.jpg?resize=85%2C180&amp;ssl=1 85w\" sizes=\"auto, (max-width: 300px) 100vw, 300px\" \/><\/a><figcaption id=\"caption-attachment-8725\" class=\"wp-caption-text\">James Jacques &#8211; Joseph Tissot. Le<br \/>dimanche matin. 1883.<br \/>R\u00e9serve gravures 19e<br \/>Tissot<\/figcaption><\/figure>\n<p><em>L\u2019EAU-FORTE<\/em><\/p>\n<p>L\u2019eau-forte est une technique de gravure indirecte\u00a0: la planche de cuivre est vernie, le dessin griff\u00e9 avec une pointe puis mordu par des bains d\u2019acide. Elabor\u00e9e par des orf\u00e8vres arabes au Moyen-\u00c2ge, elle appara\u00eet en Allemagne au d\u00e9but du\u00a0<span class=\"caps\">XV<\/span><sup class=\"typo_exposants\">e<\/sup>si\u00e8cle puis se r\u00e9pand en Europe \u00e0 partir des ann\u00e9es 1530 par l\u2019Italie. L\u2019Ecole de Fontainebleau la diffuse peu apr\u00e8s en France.<\/p>\n<p>Au d\u00e9but du\u00a0<span class=\"caps\">XVII<\/span><sup class=\"typo_exposants\">e<\/sup>\u00a0si\u00e8cle, l\u2019eau-forte est r\u00e9volutionn\u00e9e par Jacques Callot, qui rapporte d\u2019Italie le vernis dur, emprunt\u00e9 aux luthiers. Il initie aussi l\u2019utilisation de l\u2019\u00e9choppe, pointe \u00e0 section triangulaire proche du burin permettant les pleins et d\u00e9li\u00e9s, et met au point le proc\u00e9d\u00e9 de morsure \u00e0 bains multiples, qui rend possible plusieurs teintes de trait et les nuances de gris dans l\u2019image. Toute la virtuosit\u00e9 de Jacques Callot s\u2019exprime dans la\u00a0<i>Tentation de Saint Antoine<\/i>, une des derni\u00e8res estampes qu\u2019il grave.<\/p>\n<p>L\u2019eau forte demande moins de comp\u00e9tence que le burin et met en valeur le geste du dessinateur. C\u2019est la technique par excellence des peintres graveurs.<\/p>\n<p>Herman Van Swanewelt est un peintre hollandais, \u00e9l\u00e8ve du Lorrain, dont le style se rapproche de celui de Poussin. Ses gravures mettent en \u00e9vidence la facult\u00e9 de l\u2019eau forte \u00e0 traduire le fr\u00e9missement du trait de l\u2019artiste et le vent dans les feuillages des arbres.<\/p>\n<p><em>L\u2019AQUATINTE ET LA MANI\u00c8RE NOIRE<\/em><\/p>\n<p>Entre les\u00a0<span class=\"caps\">XVII<\/span><sup class=\"typo_exposants\">e<\/sup>\u00a0et\u00a0<span class=\"caps\">XVIII<\/span><sup class=\"typo_exposants\">e<\/sup>\u00a0si\u00e8cles, les techniques de gravure se multiplient pour reproduire la couleur et toutes ses nuances. L\u2019aquatinte appara\u00eet vers 1768. Elle est utilis\u00e9e pour colorier des surfaces\u00a0: le graveur pulv\u00e9rise de la poudre de colophane sur la plaque de cuivre pour cr\u00e9er, apr\u00e8s une fixation par chauffage et un bain d\u2019acide, un r\u00e9seau retenant l\u2019encre. Francisco de Goya utilise avec virtuosit\u00e9 les masses color\u00e9es qui la caract\u00e9risent dans ses gravures de la s\u00e9rie des\u00a0<i>Caprices<\/i>.<\/p>\n<p>La mani\u00e8re noire, invent\u00e9e vers 1642, est surtout r\u00e9pandue en Angleterre. A l\u2019inverse des autres techniques, le dessinateur part du noir pour arriver \u00e0 la lumi\u00e8re\u00a0: la matrice est gren\u00e9e r\u00e9guli\u00e8rement au berceau puis les blancs sont r\u00e9v\u00e9l\u00e9s \u00e0 l\u2019aide de racloirs ou de brunissoirs.<\/p>\n<figure id=\"attachment_8726\" aria-describedby=\"caption-attachment-8726\" style=\"width: 300px\" class=\"wp-caption aligncenter\"><a href=\"https:\/\/i0.wp.com\/www.proantic.com\/magazine\/wp-content\/uploads\/2018\/04\/14-4-resp300.jpg\"><img data-recalc-dims=\"1\" loading=\"lazy\" decoding=\"async\" data-attachment-id=\"8726\" data-permalink=\"https:\/\/www.proantic.com\/magazine\/matrices-de-matiere-a-limage\/14-4-resp300\/\" data-orig-file=\"https:\/\/i0.wp.com\/www.proantic.com\/magazine\/wp-content\/uploads\/2018\/04\/14-4-resp300.jpg?fit=300%2C408&amp;ssl=1\" data-orig-size=\"300,408\" data-comments-opened=\"1\" data-image-meta=\"{&quot;aperture&quot;:&quot;0&quot;,&quot;credit&quot;:&quot;&quot;,&quot;camera&quot;:&quot;&quot;,&quot;caption&quot;:&quot;&quot;,&quot;created_timestamp&quot;:&quot;0&quot;,&quot;copyright&quot;:&quot;&quot;,&quot;focal_length&quot;:&quot;0&quot;,&quot;iso&quot;:&quot;0&quot;,&quot;shutter_speed&quot;:&quot;0&quot;,&quot;title&quot;:&quot;&quot;,&quot;orientation&quot;:&quot;0&quot;}\" data-image-title=\"Matrices: de la mati\u00e8re \u00e0 l&amp;rsquo;image\" data-image-description=\"\" data-image-caption=\"&lt;p&gt; Grav\u00e9 aux deux&lt;br \/&gt;\ncrayons par LouisMarin&lt;br \/&gt;\nBonnet d\u2019apr\u00e8s&lt;br \/&gt;\nJean-Baptiste Leprince.&lt;br \/&gt;\nPaysanne de Moravie&lt;br \/&gt;\nvenant du march\u00e9.&lt;br \/&gt;\n\u00c0 Paris, chez Bonnet,&lt;br \/&gt;\nentre 1773 et 1789.&lt;br \/&gt;\nR\u00e9serve gravures&lt;br \/&gt;\nPF Bonnet&lt;\/p&gt;\n\" data-medium-file=\"https:\/\/i0.wp.com\/www.proantic.com\/magazine\/wp-content\/uploads\/2018\/04\/14-4-resp300.jpg?fit=221%2C300&amp;ssl=1\" data-large-file=\"https:\/\/i0.wp.com\/www.proantic.com\/magazine\/wp-content\/uploads\/2018\/04\/14-4-resp300.jpg?fit=300%2C408&amp;ssl=1\" class=\"size-full wp-image-8726\" src=\"https:\/\/i0.wp.com\/www.proantic.com\/magazine\/wp-content\/uploads\/2018\/04\/14-4-resp300.jpg?resize=300%2C408\" alt=\"\" width=\"300\" height=\"408\" srcset=\"https:\/\/i0.wp.com\/www.proantic.com\/magazine\/wp-content\/uploads\/2018\/04\/14-4-resp300.jpg?w=300&amp;ssl=1 300w, https:\/\/i0.wp.com\/www.proantic.com\/magazine\/wp-content\/uploads\/2018\/04\/14-4-resp300.jpg?resize=221%2C300&amp;ssl=1 221w, https:\/\/i0.wp.com\/www.proantic.com\/magazine\/wp-content\/uploads\/2018\/04\/14-4-resp300.jpg?resize=132%2C180&amp;ssl=1 132w\" sizes=\"auto, (max-width: 300px) 100vw, 300px\" \/><\/a><figcaption id=\"caption-attachment-8726\" class=\"wp-caption-text\">Grav\u00e9 aux deux crayons par LouisMarin<br \/>Bonnet d\u2019apr\u00e8s Jean-Baptiste Leprince.<br \/>Paysanne de Moravie venant du march\u00e9.<br \/>\u00c0 Paris, chez Bonnet, entre 1773 et 1789.<br \/>R\u00e9serve gravures<br \/>PF Bonnet<\/figcaption><\/figure>\n<p><em>LA MANI\u00c8RE DE CRAYON<\/em><\/p>\n<p>La gravure en mani\u00e8re de crayon est mise au point en 1756 par Jean-Charles Fran\u00e7ois pour reproduire les dessins \u00e0 la craie ou \u00e0 la sanguine. Elle est am\u00e9lior\u00e9e par Louis-Marin Bonnet qui multiplie les couleurs et utilise plusieurs matrices pour proc\u00e9der \u00e0 une impression au rep\u00e9rage, semblable \u00e0 celle des xylographies polychromes. Il grave de cette fa\u00e7on la\u00a0<i>Paysanne de Moravie revenant du march\u00e9<\/i>\u00a0d\u2019apr\u00e8s Jean-Baptiste Leprince. La mani\u00e8re de crayon dispara\u00eet au 19<sup class=\"typo_exposants\">e<\/sup>\u00a0si\u00e8cle avec l\u2019apparition de la lithographie.<\/p>\n<p><strong>LA LITHOGRAPHIE, L\u2019H\u00c9LIOGRAPHIE ET LES \u00ab<small class=\"fine\">\u00a0<\/small>ESTAMPAGES BEURDELEY<small class=\"fine\">\u00a0<\/small>\u00bb<\/strong><\/p>\n<p><em>LA PIERRE, MATI\u00c8RE DU PROC\u00c9D\u00c9 \u00c0 PLAT\u00a0: LA LITHOGRAPHIE<\/em><\/p>\n<p>Le\u00a0<span class=\"caps\">XIX<\/span><sup class=\"typo_exposants\">e<\/sup>\u00a0si\u00e8cle s\u2019ouvre avec l\u2019invention de la lithographie par Aloys Senefelder. Cette technique ni en relief, ni en creux, repose sur un principe chimique\u00a0: l\u2019antagonisme entre le gras de l\u2019encre d\u2019imprimerie et l\u2019eau qui humidifie la pierre lithographique. La lithographie a tout de suite du succ\u00e8s car elle ne demande pas d\u2019apprentissage et que les artistes peuvent dessiner directement sur la matrice, sans l\u2019interm\u00e9diaire du graveur. Ainsi c\u2019est vraiment la main d\u2019Achille Dev\u00e9ria qui trace le portrait d\u2019Hagman, o\u00f9 seul le visage est d\u00e9taill\u00e9 finement, le reste \u00e9tant rendu \u00e0 grands traits \u00e9nergiques disparaissant progressivement dans le blanc du papier.<\/p>\n<p>De par sa souplesse d\u2019utilisation, la lithographie s\u2018applique \u00e0 la fois \u00e0 la gravure d\u2019artiste et \u00e0 la gravure populaire et commerciale. La lithographie en couleur ou chromolithographie permet l\u2019impression d\u2019images commerciales particuli\u00e8rement attractives. Elle est la technique des chromos, ces images distribu\u00e9es par les grands magasins comme Le Bon March\u00e9 et collectionn\u00e9es par les enfants des ann\u00e9es folles.<\/p>\n<figure id=\"attachment_8727\" aria-describedby=\"caption-attachment-8727\" style=\"width: 665px\" class=\"wp-caption aligncenter\"><a href=\"https:\/\/i0.wp.com\/www.proantic.com\/magazine\/wp-content\/uploads\/2018\/04\/arton7040.jpg\"><img data-recalc-dims=\"1\" loading=\"lazy\" decoding=\"async\" data-attachment-id=\"8727\" data-permalink=\"https:\/\/www.proantic.com\/magazine\/matrices-de-matiere-a-limage\/arton7040\/\" data-orig-file=\"https:\/\/i0.wp.com\/www.proantic.com\/magazine\/wp-content\/uploads\/2018\/04\/arton7040.jpg?fit=2000%2C1723&amp;ssl=1\" data-orig-size=\"2000,1723\" data-comments-opened=\"1\" data-image-meta=\"{&quot;aperture&quot;:&quot;0&quot;,&quot;credit&quot;:&quot;&quot;,&quot;camera&quot;:&quot;&quot;,&quot;caption&quot;:&quot;&quot;,&quot;created_timestamp&quot;:&quot;0&quot;,&quot;copyright&quot;:&quot;&quot;,&quot;focal_length&quot;:&quot;0&quot;,&quot;iso&quot;:&quot;0&quot;,&quot;shutter_speed&quot;:&quot;0&quot;,&quot;title&quot;:&quot;&quot;,&quot;orientation&quot;:&quot;0&quot;}\" data-image-title=\"Matrices: de la mati\u00e8re \u00e0 l&amp;rsquo;image\" data-image-description=\"\" data-image-caption=\"&lt;p&gt;\u0152ufs de P\u00e2ques.&lt;br \/&gt;\nParis, Au Bon March\u00e9,&lt;br \/&gt;\n1906. EPH-CHRO 1&lt;\/p&gt;\n\" data-medium-file=\"https:\/\/i0.wp.com\/www.proantic.com\/magazine\/wp-content\/uploads\/2018\/04\/arton7040.jpg?fit=300%2C258&amp;ssl=1\" data-large-file=\"https:\/\/i0.wp.com\/www.proantic.com\/magazine\/wp-content\/uploads\/2018\/04\/arton7040.jpg?fit=665%2C573&amp;ssl=1\" class=\"size-large wp-image-8727\" src=\"https:\/\/i0.wp.com\/www.proantic.com\/magazine\/wp-content\/uploads\/2018\/04\/arton7040-1024x882.jpg?resize=665%2C573\" alt=\"\" width=\"665\" height=\"573\" srcset=\"https:\/\/i0.wp.com\/www.proantic.com\/magazine\/wp-content\/uploads\/2018\/04\/arton7040.jpg?resize=1024%2C882&amp;ssl=1 1024w, https:\/\/i0.wp.com\/www.proantic.com\/magazine\/wp-content\/uploads\/2018\/04\/arton7040.jpg?resize=300%2C258&amp;ssl=1 300w, https:\/\/i0.wp.com\/www.proantic.com\/magazine\/wp-content\/uploads\/2018\/04\/arton7040.jpg?resize=768%2C662&amp;ssl=1 768w, https:\/\/i0.wp.com\/www.proantic.com\/magazine\/wp-content\/uploads\/2018\/04\/arton7040.jpg?resize=180%2C155&amp;ssl=1 180w, https:\/\/i0.wp.com\/www.proantic.com\/magazine\/wp-content\/uploads\/2018\/04\/arton7040.jpg?w=2000&amp;ssl=1 2000w, https:\/\/i0.wp.com\/www.proantic.com\/magazine\/wp-content\/uploads\/2018\/04\/arton7040.jpg?w=1330&amp;ssl=1 1330w\" sizes=\"auto, (max-width: 665px) 100vw, 665px\" \/><\/a><figcaption id=\"caption-attachment-8727\" class=\"wp-caption-text\">\u0152ufs de P\u00e2ques.<br \/>Paris, Au Bon March\u00e9,<br \/>1906. EPH-CHRO 1<\/figcaption><\/figure>\n<p><em>L\u2019H\u00c9LIOGRAPHIE<\/em><\/p>\n<p>\u00c0 la fin du\u00a0<span class=\"caps\">XIX<\/span><sup class=\"typo_exposants\">e<\/sup>\u00a0si\u00e8cle, plaque de cuivre et photographie sont combin\u00e9es pour donner naissance aux proc\u00e9d\u00e9s photom\u00e9caniques, tels l\u2019h\u00e9liographie. Ils r\u00e9volutionnent \u00e0 leur tour la reproduction des images car ils permettent d\u2019imprimer des copies exactes. Les repr\u00e9sentations des tableaux de Debucourt publi\u00e9es en 1920 dans le catalogue de l\u2019exposition qui lui est consacr\u00e9e au Mus\u00e9e des Arts D\u00e9coratifs sont ainsi parfaitement conformes \u00e0 la r\u00e9alit\u00e9.<\/p>\n<p>Nous ne savons pas pour quel projet ont \u00e9t\u00e9 fabriqu\u00e9es les matrices h\u00e9liographiques d\u00e9sormais conserv\u00e9es dans le fonds Ren\u00e9 Herbst.<\/p>\n<figure id=\"attachment_8728\" aria-describedby=\"caption-attachment-8728\" style=\"width: 665px\" class=\"wp-caption aligncenter\"><a href=\"https:\/\/i0.wp.com\/www.proantic.com\/magazine\/wp-content\/uploads\/2018\/04\/17-3.jpg\"><img data-recalc-dims=\"1\" loading=\"lazy\" decoding=\"async\" data-attachment-id=\"8728\" data-permalink=\"https:\/\/www.proantic.com\/magazine\/matrices-de-matiere-a-limage\/17-3\/\" data-orig-file=\"https:\/\/i0.wp.com\/www.proantic.com\/magazine\/wp-content\/uploads\/2018\/04\/17-3.jpg?fit=2000%2C1490&amp;ssl=1\" data-orig-size=\"2000,1490\" data-comments-opened=\"1\" data-image-meta=\"{&quot;aperture&quot;:&quot;0&quot;,&quot;credit&quot;:&quot;&quot;,&quot;camera&quot;:&quot;&quot;,&quot;caption&quot;:&quot;&quot;,&quot;created_timestamp&quot;:&quot;0&quot;,&quot;copyright&quot;:&quot;&quot;,&quot;focal_length&quot;:&quot;0&quot;,&quot;iso&quot;:&quot;0&quot;,&quot;shutter_speed&quot;:&quot;0&quot;,&quot;title&quot;:&quot;&quot;,&quot;orientation&quot;:&quot;0&quot;}\" data-image-title=\"Matrices: de la mati\u00e8re \u00e0 l&amp;rsquo;image\" data-image-description=\"\" data-image-caption=\"&lt;p&gt; Matrices en&lt;br \/&gt;\nh\u00e9liogravure d\u2019apr\u00e8s&lt;br \/&gt;\ndes photographies de&lt;br \/&gt;\nmeubles de Ren\u00e9 Herbst.&lt;br \/&gt;\nFonds Ren\u00e9 Herbst&lt;\/p&gt;\n\" data-medium-file=\"https:\/\/i0.wp.com\/www.proantic.com\/magazine\/wp-content\/uploads\/2018\/04\/17-3.jpg?fit=300%2C224&amp;ssl=1\" data-large-file=\"https:\/\/i0.wp.com\/www.proantic.com\/magazine\/wp-content\/uploads\/2018\/04\/17-3.jpg?fit=665%2C496&amp;ssl=1\" class=\"size-large wp-image-8728\" src=\"https:\/\/i0.wp.com\/www.proantic.com\/magazine\/wp-content\/uploads\/2018\/04\/17-3-1024x763.jpg?resize=665%2C496\" alt=\"\" width=\"665\" height=\"496\" srcset=\"https:\/\/i0.wp.com\/www.proantic.com\/magazine\/wp-content\/uploads\/2018\/04\/17-3.jpg?resize=1024%2C763&amp;ssl=1 1024w, https:\/\/i0.wp.com\/www.proantic.com\/magazine\/wp-content\/uploads\/2018\/04\/17-3.jpg?resize=300%2C224&amp;ssl=1 300w, https:\/\/i0.wp.com\/www.proantic.com\/magazine\/wp-content\/uploads\/2018\/04\/17-3.jpg?resize=768%2C572&amp;ssl=1 768w, https:\/\/i0.wp.com\/www.proantic.com\/magazine\/wp-content\/uploads\/2018\/04\/17-3.jpg?resize=180%2C134&amp;ssl=1 180w, https:\/\/i0.wp.com\/www.proantic.com\/magazine\/wp-content\/uploads\/2018\/04\/17-3.jpg?w=2000&amp;ssl=1 2000w, https:\/\/i0.wp.com\/www.proantic.com\/magazine\/wp-content\/uploads\/2018\/04\/17-3.jpg?w=1330&amp;ssl=1 1330w\" sizes=\"auto, (max-width: 665px) 100vw, 665px\" \/><\/a><figcaption id=\"caption-attachment-8728\" class=\"wp-caption-text\">Matrices en h\u00e9liogravure d\u2019apr\u00e8s,des photographies de meubles de Ren\u00e9 Herbst.<br \/>Fonds Ren\u00e9 Herbst<\/figcaption><\/figure>\n<p><em>LES \u00ab<small class=\"fine\">\u00a0<\/small>ESTAMPAGES BEURDELEY<small class=\"fine\">\u00a0<\/small>\u00bb<\/em><\/p>\n<p>Les estampages Beurdeley sont des impressions de marqueterie Boulle, r\u00e9alis\u00e9s au d\u00e9but du\u00a0<span class=\"caps\">XIX<\/span><sup class=\"typo_exposants\">e<\/sup>\u00a0si\u00e8cle, probablement \u00e0 l\u2019occasion de restaurations. Des \u00e9l\u00e9ments de meubles, d\u00e9mont\u00e9s et d\u00e9barrass\u00e9s de leurs bronzes, ont \u00e9t\u00e9 encr\u00e9s au bitume de Jud\u00e9e, puis l\u2019impression a \u00e9t\u00e9 faite \u00e0 l\u2019aide d\u2019un frotton sur une feuille humidifi\u00e9e.<\/p>\n<p>Comme les mises au point de Gruel, ce sont des productions d\u2019atelier, des outils de travail et non des \u0153uvres, donc peu conserv\u00e9es dans des institutions mus\u00e9ales.<\/p>\n<figure id=\"attachment_8729\" aria-describedby=\"caption-attachment-8729\" style=\"width: 300px\" class=\"wp-caption aligncenter\"><a href=\"https:\/\/i0.wp.com\/www.proantic.com\/magazine\/wp-content\/uploads\/2018\/04\/18-3-resp300.jpg\"><img data-recalc-dims=\"1\" loading=\"lazy\" decoding=\"async\" data-attachment-id=\"8729\" data-permalink=\"https:\/\/www.proantic.com\/magazine\/matrices-de-matiere-a-limage\/18-3-resp300\/\" data-orig-file=\"https:\/\/i0.wp.com\/www.proantic.com\/magazine\/wp-content\/uploads\/2018\/04\/18-3-resp300.jpg?fit=300%2C529&amp;ssl=1\" data-orig-size=\"300,529\" data-comments-opened=\"1\" data-image-meta=\"{&quot;aperture&quot;:&quot;0&quot;,&quot;credit&quot;:&quot;&quot;,&quot;camera&quot;:&quot;&quot;,&quot;caption&quot;:&quot;&quot;,&quot;created_timestamp&quot;:&quot;0&quot;,&quot;copyright&quot;:&quot;&quot;,&quot;focal_length&quot;:&quot;0&quot;,&quot;iso&quot;:&quot;0&quot;,&quot;shutter_speed&quot;:&quot;0&quot;,&quot;title&quot;:&quot;&quot;,&quot;orientation&quot;:&quot;0&quot;}\" data-image-title=\"Matrices: de la mati\u00e8re \u00e0 l&amp;rsquo;image\" data-image-description=\"\" data-image-caption=\"&lt;p&gt;Estampages du panneau&lt;br \/&gt;\ncentral de la grande&lt;br \/&gt;\narmoire au monogramme&lt;br \/&gt;\nde Louis XIV, Victoria&lt;br \/&gt;\nand Albert Museum,&lt;br \/&gt;\nJones collection.&lt;br \/&gt;\nR\u00e9serve gravures&lt;br \/&gt;\nBeurdeley&lt;\/p&gt;\n\" data-medium-file=\"https:\/\/i0.wp.com\/www.proantic.com\/magazine\/wp-content\/uploads\/2018\/04\/18-3-resp300.jpg?fit=170%2C300&amp;ssl=1\" data-large-file=\"https:\/\/i0.wp.com\/www.proantic.com\/magazine\/wp-content\/uploads\/2018\/04\/18-3-resp300.jpg?fit=300%2C529&amp;ssl=1\" class=\"size-full wp-image-8729\" src=\"https:\/\/i0.wp.com\/www.proantic.com\/magazine\/wp-content\/uploads\/2018\/04\/18-3-resp300.jpg?resize=300%2C529\" alt=\"\" width=\"300\" height=\"529\" srcset=\"https:\/\/i0.wp.com\/www.proantic.com\/magazine\/wp-content\/uploads\/2018\/04\/18-3-resp300.jpg?w=300&amp;ssl=1 300w, https:\/\/i0.wp.com\/www.proantic.com\/magazine\/wp-content\/uploads\/2018\/04\/18-3-resp300.jpg?resize=170%2C300&amp;ssl=1 170w, https:\/\/i0.wp.com\/www.proantic.com\/magazine\/wp-content\/uploads\/2018\/04\/18-3-resp300.jpg?resize=102%2C180&amp;ssl=1 102w\" sizes=\"auto, (max-width: 300px) 100vw, 300px\" \/><\/a><figcaption id=\"caption-attachment-8729\" class=\"wp-caption-text\">Estampages du panneau central de la grande<br \/>armoire au monogramme de Louis XIV, Victoria<br \/>and Albert Museum, Jones collection.<br \/>R\u00e9serve gravures Beurdeley<\/figcaption><\/figure>\n<p>&nbsp;<\/p>\n<p>Ces documents exceptionnels gardent la trace de l\u2019objet qu\u2019ils reproduisent, sa m\u00e9moire. En enregistrant le grain de la pierre, les fibres du bois, les craquelures de l\u2019\u00e9caille de tortue, ils permettent de le r\u00e9v\u00e9ler, le transporter, le copier, le transmettre. Tous les r\u00f4les d\u00e9volus \u00e0 l\u2019estampe depuis son invention.<\/p>\n<p>Sur les 246 feuilles conserv\u00e9es \u00e0 la biblioth\u00e8que, 46 reproduisent quasi int\u00e9gralement les d\u00e9cors de l\u2019armoire de type Boulle conserv\u00e9e au Victoria and Albert Museum de Londres.<\/p>\n<p><span style=\"color: #ff0000\">En savoir plus:<\/span><\/p>\n<p>MATRICES\u00a0: DE LA MATI\u00c8RE \u00c0 L\u2019IMAGE<\/p>\n<p>jusqu&rsquo;au 14 mai 2018 \u00e0 la biblioth\u00e8que des Arts D\u00e9coratifs.<\/p>\n<p>www.madparis.fr<\/p>\n","protected":false},"excerpt":{"rendered":"<p>L\u2019exposition Matrices est n\u00e9e de la volont\u00e9 de la Biblioth\u00e8que du\u00a0MAD\u00a0de faire d\u00e9couvrir au public des fonds atypiques de matrices et d\u2019estampes. Elle est aussi l\u2019occasion de montrer un panorama de la vari\u00e9t\u00e9 des proc\u00e9d\u00e9s d\u2019impression en relief, \u00e9vid\u00e9s, \u00e0 plat ou en creux, et de mettre en \u00e9vidence la diversit\u00e9 de leurs expressions. Les [&hellip;]<\/p>\n","protected":false},"author":6,"featured_media":8730,"comment_status":"closed","ping_status":"open","sticky":false,"template":"","format":"standard","meta":{"jetpack_post_was_ever_published":false,"_jetpack_newsletter_access":"","_jetpack_dont_email_post_to_subs":false,"_jetpack_newsletter_tier_id":0,"_jetpack_memberships_contains_paywalled_content":false,"_jetpack_memberships_contains_paid_content":false,"footnotes":"","jetpack_publicize_message":"","jetpack_publicize_feature_enabled":true,"jetpack_social_post_already_shared":true,"jetpack_social_options":{"image_generator_settings":{"template":"highway","default_image_id":0,"font":"","enabled":false},"version":2}},"categories":[12],"tags":[],"class_list":["post-8693","post","type-post","status-publish","format-standard","has-post-thumbnail","hentry","category-expositions"],"yoast_head":"<!-- This site is optimized with the Yoast SEO plugin v26.9 - https:\/\/yoast.com\/product\/yoast-seo-wordpress\/ -->\n<title>Matrices: de la mati\u00e8re \u00e0 l&#039;image Le Magazine de Proantic<\/title>\n<meta name=\"description\" content=\"L\u2019exposition Matrices est n\u00e9e de la volont\u00e9 de la Biblioth\u00e8que du\u00a0MAD\u00a0de faire d\u00e9couvrir au public des fonds atypiques de matrices et d\u2019estampes. Elle est\" \/>\n<meta name=\"robots\" content=\"index, follow, max-snippet:-1, max-image-preview:large, max-video-preview:-1\" \/>\n<link rel=\"canonical\" href=\"https:\/\/www.proantic.com\/magazine\/matrices-de-matiere-a-limage\/\" \/>\n<meta property=\"og:locale\" content=\"fr_FR\" \/>\n<meta property=\"og:type\" content=\"article\" \/>\n<meta property=\"og:title\" content=\"Matrices: de la mati\u00e8re \u00e0 l&#039;image Le Magazine de Proantic\" \/>\n<meta property=\"og:description\" content=\"L\u2019exposition Matrices est n\u00e9e de la volont\u00e9 de la Biblioth\u00e8que du\u00a0MAD\u00a0de faire d\u00e9couvrir au public des fonds atypiques de matrices et d\u2019estampes. Elle est\" \/>\n<meta property=\"og:url\" content=\"https:\/\/www.proantic.com\/magazine\/matrices-de-matiere-a-limage\/\" \/>\n<meta property=\"og:site_name\" content=\"Le Magazine de Proantic\" \/>\n<meta property=\"article:publisher\" content=\"https:\/\/www.facebook.com\/pages\/Proantic\/\/259180871793\" \/>\n<meta property=\"article:published_time\" content=\"2018-04-06T11:27:14+00:00\" \/>\n<meta property=\"article:modified_time\" content=\"2018-04-08T08:13:58+00:00\" \/>\n<meta property=\"og:image\" content=\"https:\/\/i0.wp.com\/www.proantic.com\/magazine\/wp-content\/uploads\/2018\/04\/rubon1749.jpg?fit=2000%2C1000&ssl=1\" \/>\n\t<meta property=\"og:image:width\" content=\"2000\" \/>\n\t<meta property=\"og:image:height\" content=\"1000\" \/>\n\t<meta property=\"og:image:type\" content=\"image\/jpeg\" \/>\n<meta name=\"author\" content=\"C\u00e9line Autant\" \/>\n<meta name=\"twitter:label1\" content=\"\u00c9crit par\" \/>\n\t<meta name=\"twitter:data1\" content=\"C\u00e9line Autant\" \/>\n\t<meta name=\"twitter:label2\" content=\"Dur\u00e9e de lecture estim\u00e9e\" \/>\n\t<meta name=\"twitter:data2\" content=\"19 minutes\" \/>\n<script type=\"application\/ld+json\" class=\"yoast-schema-graph\">{\"@context\":\"https:\/\/schema.org\",\"@graph\":[{\"@type\":\"Article\",\"@id\":\"https:\/\/www.proantic.com\/magazine\/matrices-de-matiere-a-limage\/#article\",\"isPartOf\":{\"@id\":\"https:\/\/www.proantic.com\/magazine\/matrices-de-matiere-a-limage\/\"},\"author\":{\"name\":\"C\u00e9line Autant\",\"@id\":\"https:\/\/www.proantic.com\/magazine\/#\/schema\/person\/63707e8f4e7d0172de7ddde897688be0\"},\"headline\":\"Matrices: de la mati\u00e8re \u00e0 l&rsquo;image\",\"datePublished\":\"2018-04-06T11:27:14+00:00\",\"dateModified\":\"2018-04-08T08:13:58+00:00\",\"mainEntityOfPage\":{\"@id\":\"https:\/\/www.proantic.com\/magazine\/matrices-de-matiere-a-limage\/\"},\"wordCount\":3749,\"image\":{\"@id\":\"https:\/\/www.proantic.com\/magazine\/matrices-de-matiere-a-limage\/#primaryimage\"},\"thumbnailUrl\":\"https:\/\/i0.wp.com\/www.proantic.com\/magazine\/wp-content\/uploads\/2018\/04\/rubon1749.jpg?fit=2000%2C1000&ssl=1\",\"articleSection\":[\"Expositions\"],\"inLanguage\":\"fr-FR\"},{\"@type\":\"WebPage\",\"@id\":\"https:\/\/www.proantic.com\/magazine\/matrices-de-matiere-a-limage\/\",\"url\":\"https:\/\/www.proantic.com\/magazine\/matrices-de-matiere-a-limage\/\",\"name\":\"Matrices: de la mati\u00e8re \u00e0 l'image Le Magazine de Proantic\",\"isPartOf\":{\"@id\":\"https:\/\/www.proantic.com\/magazine\/#website\"},\"primaryImageOfPage\":{\"@id\":\"https:\/\/www.proantic.com\/magazine\/matrices-de-matiere-a-limage\/#primaryimage\"},\"image\":{\"@id\":\"https:\/\/www.proantic.com\/magazine\/matrices-de-matiere-a-limage\/#primaryimage\"},\"thumbnailUrl\":\"https:\/\/i0.wp.com\/www.proantic.com\/magazine\/wp-content\/uploads\/2018\/04\/rubon1749.jpg?fit=2000%2C1000&ssl=1\",\"datePublished\":\"2018-04-06T11:27:14+00:00\",\"dateModified\":\"2018-04-08T08:13:58+00:00\",\"author\":{\"@id\":\"https:\/\/www.proantic.com\/magazine\/#\/schema\/person\/63707e8f4e7d0172de7ddde897688be0\"},\"description\":\"L\u2019exposition Matrices est n\u00e9e de la volont\u00e9 de la Biblioth\u00e8que du\u00a0MAD\u00a0de faire d\u00e9couvrir au public des fonds atypiques de matrices et d\u2019estampes. Elle est\",\"breadcrumb\":{\"@id\":\"https:\/\/www.proantic.com\/magazine\/matrices-de-matiere-a-limage\/#breadcrumb\"},\"inLanguage\":\"fr-FR\",\"potentialAction\":[{\"@type\":\"ReadAction\",\"target\":[\"https:\/\/www.proantic.com\/magazine\/matrices-de-matiere-a-limage\/\"]}]},{\"@type\":\"ImageObject\",\"inLanguage\":\"fr-FR\",\"@id\":\"https:\/\/www.proantic.com\/magazine\/matrices-de-matiere-a-limage\/#primaryimage\",\"url\":\"https:\/\/i0.wp.com\/www.proantic.com\/magazine\/wp-content\/uploads\/2018\/04\/rubon1749.jpg?fit=2000%2C1000&ssl=1\",\"contentUrl\":\"https:\/\/i0.wp.com\/www.proantic.com\/magazine\/wp-content\/uploads\/2018\/04\/rubon1749.jpg?fit=2000%2C1000&ssl=1\",\"width\":2000,\"height\":1000},{\"@type\":\"BreadcrumbList\",\"@id\":\"https:\/\/www.proantic.com\/magazine\/matrices-de-matiere-a-limage\/#breadcrumb\",\"itemListElement\":[{\"@type\":\"ListItem\",\"position\":1,\"name\":\"Accueil\",\"item\":\"https:\/\/www.proantic.com\/magazine\/\"},{\"@type\":\"ListItem\",\"position\":2,\"name\":\"Matrices: de la mati\u00e8re \u00e0 l&rsquo;image\"}]},{\"@type\":\"WebSite\",\"@id\":\"https:\/\/www.proantic.com\/magazine\/#website\",\"url\":\"https:\/\/www.proantic.com\/magazine\/\",\"name\":\"Le Magazine de Proantic\",\"description\":\"Magazine d&#039;art et expositions\",\"potentialAction\":[{\"@type\":\"SearchAction\",\"target\":{\"@type\":\"EntryPoint\",\"urlTemplate\":\"https:\/\/www.proantic.com\/magazine\/?s={search_term_string}\"},\"query-input\":{\"@type\":\"PropertyValueSpecification\",\"valueRequired\":true,\"valueName\":\"search_term_string\"}}],\"inLanguage\":\"fr-FR\"},{\"@type\":\"Person\",\"@id\":\"https:\/\/www.proantic.com\/magazine\/#\/schema\/person\/63707e8f4e7d0172de7ddde897688be0\",\"name\":\"C\u00e9line Autant\"}]}<\/script>\n<!-- \/ Yoast SEO plugin. -->","yoast_head_json":{"title":"Matrices: de la mati\u00e8re \u00e0 l'image Le Magazine de Proantic","description":"L\u2019exposition Matrices est n\u00e9e de la volont\u00e9 de la Biblioth\u00e8que du\u00a0MAD\u00a0de faire d\u00e9couvrir au public des fonds atypiques de matrices et d\u2019estampes. Elle est","robots":{"index":"index","follow":"follow","max-snippet":"max-snippet:-1","max-image-preview":"max-image-preview:large","max-video-preview":"max-video-preview:-1"},"canonical":"https:\/\/www.proantic.com\/magazine\/matrices-de-matiere-a-limage\/","og_locale":"fr_FR","og_type":"article","og_title":"Matrices: de la mati\u00e8re \u00e0 l'image Le Magazine de Proantic","og_description":"L\u2019exposition Matrices est n\u00e9e de la volont\u00e9 de la Biblioth\u00e8que du\u00a0MAD\u00a0de faire d\u00e9couvrir au public des fonds atypiques de matrices et d\u2019estampes. Elle est","og_url":"https:\/\/www.proantic.com\/magazine\/matrices-de-matiere-a-limage\/","og_site_name":"Le Magazine de Proantic","article_publisher":"https:\/\/www.facebook.com\/pages\/Proantic\/\/259180871793","article_published_time":"2018-04-06T11:27:14+00:00","article_modified_time":"2018-04-08T08:13:58+00:00","og_image":[{"width":2000,"height":1000,"url":"https:\/\/i0.wp.com\/www.proantic.com\/magazine\/wp-content\/uploads\/2018\/04\/rubon1749.jpg?fit=2000%2C1000&ssl=1","type":"image\/jpeg"}],"author":"C\u00e9line Autant","twitter_misc":{"\u00c9crit par":"C\u00e9line Autant","Dur\u00e9e de lecture estim\u00e9e":"19 minutes"},"schema":{"@context":"https:\/\/schema.org","@graph":[{"@type":"Article","@id":"https:\/\/www.proantic.com\/magazine\/matrices-de-matiere-a-limage\/#article","isPartOf":{"@id":"https:\/\/www.proantic.com\/magazine\/matrices-de-matiere-a-limage\/"},"author":{"name":"C\u00e9line Autant","@id":"https:\/\/www.proantic.com\/magazine\/#\/schema\/person\/63707e8f4e7d0172de7ddde897688be0"},"headline":"Matrices: de la mati\u00e8re \u00e0 l&rsquo;image","datePublished":"2018-04-06T11:27:14+00:00","dateModified":"2018-04-08T08:13:58+00:00","mainEntityOfPage":{"@id":"https:\/\/www.proantic.com\/magazine\/matrices-de-matiere-a-limage\/"},"wordCount":3749,"image":{"@id":"https:\/\/www.proantic.com\/magazine\/matrices-de-matiere-a-limage\/#primaryimage"},"thumbnailUrl":"https:\/\/i0.wp.com\/www.proantic.com\/magazine\/wp-content\/uploads\/2018\/04\/rubon1749.jpg?fit=2000%2C1000&ssl=1","articleSection":["Expositions"],"inLanguage":"fr-FR"},{"@type":"WebPage","@id":"https:\/\/www.proantic.com\/magazine\/matrices-de-matiere-a-limage\/","url":"https:\/\/www.proantic.com\/magazine\/matrices-de-matiere-a-limage\/","name":"Matrices: de la mati\u00e8re \u00e0 l'image Le Magazine de Proantic","isPartOf":{"@id":"https:\/\/www.proantic.com\/magazine\/#website"},"primaryImageOfPage":{"@id":"https:\/\/www.proantic.com\/magazine\/matrices-de-matiere-a-limage\/#primaryimage"},"image":{"@id":"https:\/\/www.proantic.com\/magazine\/matrices-de-matiere-a-limage\/#primaryimage"},"thumbnailUrl":"https:\/\/i0.wp.com\/www.proantic.com\/magazine\/wp-content\/uploads\/2018\/04\/rubon1749.jpg?fit=2000%2C1000&ssl=1","datePublished":"2018-04-06T11:27:14+00:00","dateModified":"2018-04-08T08:13:58+00:00","author":{"@id":"https:\/\/www.proantic.com\/magazine\/#\/schema\/person\/63707e8f4e7d0172de7ddde897688be0"},"description":"L\u2019exposition Matrices est n\u00e9e de la volont\u00e9 de la Biblioth\u00e8que du\u00a0MAD\u00a0de faire d\u00e9couvrir au public des fonds atypiques de matrices et d\u2019estampes. Elle est","breadcrumb":{"@id":"https:\/\/www.proantic.com\/magazine\/matrices-de-matiere-a-limage\/#breadcrumb"},"inLanguage":"fr-FR","potentialAction":[{"@type":"ReadAction","target":["https:\/\/www.proantic.com\/magazine\/matrices-de-matiere-a-limage\/"]}]},{"@type":"ImageObject","inLanguage":"fr-FR","@id":"https:\/\/www.proantic.com\/magazine\/matrices-de-matiere-a-limage\/#primaryimage","url":"https:\/\/i0.wp.com\/www.proantic.com\/magazine\/wp-content\/uploads\/2018\/04\/rubon1749.jpg?fit=2000%2C1000&ssl=1","contentUrl":"https:\/\/i0.wp.com\/www.proantic.com\/magazine\/wp-content\/uploads\/2018\/04\/rubon1749.jpg?fit=2000%2C1000&ssl=1","width":2000,"height":1000},{"@type":"BreadcrumbList","@id":"https:\/\/www.proantic.com\/magazine\/matrices-de-matiere-a-limage\/#breadcrumb","itemListElement":[{"@type":"ListItem","position":1,"name":"Accueil","item":"https:\/\/www.proantic.com\/magazine\/"},{"@type":"ListItem","position":2,"name":"Matrices: de la mati\u00e8re \u00e0 l&rsquo;image"}]},{"@type":"WebSite","@id":"https:\/\/www.proantic.com\/magazine\/#website","url":"https:\/\/www.proantic.com\/magazine\/","name":"Le Magazine de Proantic","description":"Magazine d&#039;art et expositions","potentialAction":[{"@type":"SearchAction","target":{"@type":"EntryPoint","urlTemplate":"https:\/\/www.proantic.com\/magazine\/?s={search_term_string}"},"query-input":{"@type":"PropertyValueSpecification","valueRequired":true,"valueName":"search_term_string"}}],"inLanguage":"fr-FR"},{"@type":"Person","@id":"https:\/\/www.proantic.com\/magazine\/#\/schema\/person\/63707e8f4e7d0172de7ddde897688be0","name":"C\u00e9line Autant"}]}},"jetpack_publicize_connections":[],"jetpack_featured_media_url":"https:\/\/i0.wp.com\/www.proantic.com\/magazine\/wp-content\/uploads\/2018\/04\/rubon1749.jpg?fit=2000%2C1000&ssl=1","jetpack_shortlink":"https:\/\/wp.me\/p7EkP3-2gd","jetpack_sharing_enabled":true,"_links":{"self":[{"href":"https:\/\/www.proantic.com\/magazine\/wp-json\/wp\/v2\/posts\/8693","targetHints":{"allow":["GET"]}}],"collection":[{"href":"https:\/\/www.proantic.com\/magazine\/wp-json\/wp\/v2\/posts"}],"about":[{"href":"https:\/\/www.proantic.com\/magazine\/wp-json\/wp\/v2\/types\/post"}],"author":[{"embeddable":true,"href":"https:\/\/www.proantic.com\/magazine\/wp-json\/wp\/v2\/users\/6"}],"replies":[{"embeddable":true,"href":"https:\/\/www.proantic.com\/magazine\/wp-json\/wp\/v2\/comments?post=8693"}],"version-history":[{"count":0,"href":"https:\/\/www.proantic.com\/magazine\/wp-json\/wp\/v2\/posts\/8693\/revisions"}],"wp:featuredmedia":[{"embeddable":true,"href":"https:\/\/www.proantic.com\/magazine\/wp-json\/wp\/v2\/media\/8730"}],"wp:attachment":[{"href":"https:\/\/www.proantic.com\/magazine\/wp-json\/wp\/v2\/media?parent=8693"}],"wp:term":[{"taxonomy":"category","embeddable":true,"href":"https:\/\/www.proantic.com\/magazine\/wp-json\/wp\/v2\/categories?post=8693"},{"taxonomy":"post_tag","embeddable":true,"href":"https:\/\/www.proantic.com\/magazine\/wp-json\/wp\/v2\/tags?post=8693"}],"curies":[{"name":"wp","href":"https:\/\/api.w.org\/{rel}","templated":true}]}}