{"id":844,"date":"2012-04-04T15:45:55","date_gmt":"2012-04-04T14:45:55","guid":{"rendered":"http:\/\/www.proantic.com\/magazine\/?p=844"},"modified":"2014-04-19T09:50:54","modified_gmt":"2014-04-19T08:50:54","slug":"andre-charles-boulle-ebeniste-ciseleur-marqueteur-ordinaire-du-roy","status":"publish","type":"post","link":"https:\/\/www.proantic.com\/magazine\/andre-charles-boulle-ebeniste-ciseleur-marqueteur-ordinaire-du-roy\/","title":{"rendered":"Andr\u00e9-Charles Boulle Eb\u00e9niste, ciseleur et marqueteur ordinaire du Roy"},"content":{"rendered":"<p>Les Editions Vial\u00a0 vient d&rsquo;\u00e9diter un livre sur l&rsquo;\u00e9beniste le plus connu du XVII\u00e8me si\u00e8cle, sp\u00e9cialiste des meubles marquet\u00e9s<\/p>\n<p><span style=\"font-size: 14pt;\"><strong>Andr\u00e9-Charles Boulle<\/strong><\/span><\/p>\n<p><strong>Eb\u00e9niste, ciseleur et marqueteur ordinaire du Roy<\/strong><\/p>\n<p>Auteur : Pierre Ramond, Editeur : Editions Vial<\/p>\n<p><span style=\"font-size: 14pt; color: #ff0000;\">L<\/span>\u2019auteur, sp\u00e9cialiste de l\u2019histoire de la marqueterie apporte un \u00e9clairage in\u00e9dit sur la vie d\u2019Andr\u00e9-Charles Boulle. Il d\u00e9crit l\u2019univers dans lequel il v\u00e9cut et nous montre un personnage aux nombreuses zones d\u2019ombre. La description minutieuse des hommes de cour et d\u2019atelier, de la vie \u00e0 Versailles et au Louvre, ainsi que des \u00e9v\u00e9nements majeurs qui ponctu\u00e8rent le XVII<sup>e<\/sup> si\u00e8cle, nous plonge dans un r\u00e9cit ou s\u2019entrecroisent la petite et la grande histoire.<\/p>\n<p><a href=\"https:\/\/i0.wp.com\/www.proantic.com\/magazine\/wp-content\/uploads\/2014\/04\/73404673_p.jpg\" data-lightbox=\"gal[844]\"><img data-recalc-dims=\"1\" loading=\"lazy\" decoding=\"async\" data-attachment-id=\"845\" data-permalink=\"https:\/\/www.proantic.com\/magazine\/andre-charles-boulle-ebeniste-ciseleur-marqueteur-ordinaire-du-roy\/73404673_p\/\" data-orig-file=\"https:\/\/i0.wp.com\/www.proantic.com\/magazine\/wp-content\/uploads\/2014\/04\/73404673_p.jpg?fit=216%2C300&amp;ssl=1\" data-orig-size=\"216,300\" data-comments-opened=\"1\" data-image-meta=\"{&quot;aperture&quot;:&quot;0&quot;,&quot;credit&quot;:&quot;&quot;,&quot;camera&quot;:&quot;&quot;,&quot;caption&quot;:&quot;&quot;,&quot;created_timestamp&quot;:&quot;0&quot;,&quot;copyright&quot;:&quot;&quot;,&quot;focal_length&quot;:&quot;0&quot;,&quot;iso&quot;:&quot;0&quot;,&quot;shutter_speed&quot;:&quot;0&quot;,&quot;title&quot;:&quot;&quot;}\" data-image-title=\"Andr\u00e9 Charles Boulle\" data-image-description=\"\" data-image-caption=\"\" data-medium-file=\"https:\/\/i0.wp.com\/www.proantic.com\/magazine\/wp-content\/uploads\/2014\/04\/73404673_p.jpg?fit=216%2C300&amp;ssl=1\" data-large-file=\"https:\/\/i0.wp.com\/www.proantic.com\/magazine\/wp-content\/uploads\/2014\/04\/73404673_p.jpg?fit=216%2C300&amp;ssl=1\" class=\"aligncenter size-full wp-image-845\" alt=\"Andr\u00e9 Charles Boulle\" src=\"https:\/\/i0.wp.com\/www.proantic.com\/magazine\/wp-content\/uploads\/2014\/04\/73404673_p.jpg?resize=216%2C300\" width=\"216\" height=\"300\" \/><\/a><strong>Sommaire du livre :<\/strong><br \/>\n<em>Chronologie. Les proc\u00e9d\u00e9s de marqueterie. Les menuisiers en \u00e9b\u00e8ne ou \u00e9b\u00e9nistes. Andr\u00e9-Charles Boulle et sa famille. Les travaux pour les demeures royales. Le d\u00e9clin de l\u2019atelier.<\/em><\/p>\n","protected":false},"excerpt":{"rendered":"<p>Les Editions Vial\u00a0 vient d&rsquo;\u00e9diter un livre sur l&rsquo;\u00e9beniste le plus connu du XVII\u00e8me si\u00e8cle, sp\u00e9cialiste des meubles marquet\u00e9s Andr\u00e9-Charles Boulle Eb\u00e9niste, ciseleur et marqueteur ordinaire du Roy Auteur : Pierre Ramond, Editeur : Editions Vial L\u2019auteur, sp\u00e9cialiste de l\u2019histoire de la marqueterie apporte un \u00e9clairage in\u00e9dit sur la vie d\u2019Andr\u00e9-Charles Boulle. Il d\u00e9crit l\u2019univers [&hellip;]<\/p>\n","protected":false},"author":6,"featured_media":845,"comment_status":"open","ping_status":"open","sticky":false,"template":"","format":"standard","meta":{"jetpack_post_was_ever_published":false,"_jetpack_newsletter_access":"","_jetpack_dont_email_post_to_subs":false,"_jetpack_newsletter_tier_id":0,"_jetpack_memberships_contains_paywalled_content":false,"_jetpack_memberships_contains_paid_content":false,"footnotes":"","jetpack_publicize_message":"","jetpack_publicize_feature_enabled":true,"jetpack_social_post_already_shared":true,"jetpack_social_options":{"image_generator_settings":{"template":"highway","default_image_id":0,"font":"","enabled":false},"version":2}},"categories":[16],"tags":[162,60],"class_list":["post-844","post","type-post","status-publish","format-standard","has-post-thumbnail","hentry","category-livres-dart","tag-andre-charles-boulle","tag-livre-dart"],"yoast_head":"<!-- This site is optimized with the Yoast SEO plugin v26.9 - https:\/\/yoast.com\/product\/yoast-seo-wordpress\/ -->\n<title>Andr\u00e9-Charles Boulle Eb\u00e9niste, ciseleur et marqueteur ordinaire du Roy Le Magazine de Proantic<\/title>\n<meta name=\"description\" content=\"Les Editions Vial\u00a0 vient d&#039;\u00e9diter un livre sur l&#039;\u00e9beniste le plus connu du XVII\u00e8me si\u00e8cle, sp\u00e9cialiste des meubles marquet\u00e9s Andr\u00e9-Charles Boulle\" \/>\n<meta name=\"robots\" content=\"index, follow, max-snippet:-1, max-image-preview:large, max-video-preview:-1\" \/>\n<link rel=\"canonical\" href=\"https:\/\/www.proantic.com\/magazine\/andre-charles-boulle-ebeniste-ciseleur-marqueteur-ordinaire-du-roy\/\" \/>\n<meta property=\"og:locale\" content=\"fr_FR\" \/>\n<meta property=\"og:type\" content=\"article\" \/>\n<meta property=\"og:title\" content=\"Andr\u00e9-Charles Boulle Eb\u00e9niste, ciseleur et marqueteur ordinaire du Roy Le Magazine de Proantic\" \/>\n<meta property=\"og:description\" content=\"Les Editions Vial\u00a0 vient d&#039;\u00e9diter un livre sur l&#039;\u00e9beniste le plus connu du XVII\u00e8me si\u00e8cle, sp\u00e9cialiste des meubles marquet\u00e9s Andr\u00e9-Charles Boulle\" \/>\n<meta property=\"og:url\" content=\"https:\/\/www.proantic.com\/magazine\/andre-charles-boulle-ebeniste-ciseleur-marqueteur-ordinaire-du-roy\/\" \/>\n<meta property=\"og:site_name\" content=\"Le Magazine de Proantic\" \/>\n<meta property=\"article:publisher\" content=\"https:\/\/www.facebook.com\/pages\/Proantic\/\/259180871793\" \/>\n<meta property=\"article:published_time\" content=\"2012-04-04T14:45:55+00:00\" \/>\n<meta property=\"article:modified_time\" content=\"2014-04-19T08:50:54+00:00\" \/>\n<meta property=\"og:image\" content=\"https:\/\/i0.wp.com\/www.proantic.com\/magazine\/wp-content\/uploads\/2014\/04\/73404673_p.jpg?fit=216%2C300&ssl=1\" \/>\n\t<meta property=\"og:image:width\" content=\"216\" \/>\n\t<meta property=\"og:image:height\" content=\"300\" \/>\n\t<meta property=\"og:image:type\" content=\"image\/jpeg\" \/>\n<meta name=\"author\" content=\"C\u00e9line Autant\" \/>\n<meta name=\"twitter:label1\" content=\"\u00c9crit par\" \/>\n\t<meta name=\"twitter:data1\" content=\"C\u00e9line Autant\" \/>\n\t<meta name=\"twitter:label2\" content=\"Dur\u00e9e de lecture estim\u00e9e\" \/>\n\t<meta name=\"twitter:data2\" content=\"1 minute\" \/>\n<script type=\"application\/ld+json\" class=\"yoast-schema-graph\">{\"@context\":\"https:\/\/schema.org\",\"@graph\":[{\"@type\":\"Article\",\"@id\":\"https:\/\/www.proantic.com\/magazine\/andre-charles-boulle-ebeniste-ciseleur-marqueteur-ordinaire-du-roy\/#article\",\"isPartOf\":{\"@id\":\"https:\/\/www.proantic.com\/magazine\/andre-charles-boulle-ebeniste-ciseleur-marqueteur-ordinaire-du-roy\/\"},\"author\":{\"name\":\"C\u00e9line Autant\",\"@id\":\"https:\/\/www.proantic.com\/magazine\/#\/schema\/person\/63707e8f4e7d0172de7ddde897688be0\"},\"headline\":\"Andr\u00e9-Charles Boulle Eb\u00e9niste, ciseleur et marqueteur ordinaire du Roy\",\"datePublished\":\"2012-04-04T14:45:55+00:00\",\"dateModified\":\"2014-04-19T08:50:54+00:00\",\"mainEntityOfPage\":{\"@id\":\"https:\/\/www.proantic.com\/magazine\/andre-charles-boulle-ebeniste-ciseleur-marqueteur-ordinaire-du-roy\/\"},\"wordCount\":176,\"commentCount\":0,\"image\":{\"@id\":\"https:\/\/www.proantic.com\/magazine\/andre-charles-boulle-ebeniste-ciseleur-marqueteur-ordinaire-du-roy\/#primaryimage\"},\"thumbnailUrl\":\"https:\/\/i0.wp.com\/www.proantic.com\/magazine\/wp-content\/uploads\/2014\/04\/73404673_p.jpg?fit=216%2C300&ssl=1\",\"keywords\":[\"andr\u00e9 charles boulle\",\"livre d'art\"],\"articleSection\":[\"Livres d'art\"],\"inLanguage\":\"fr-FR\",\"potentialAction\":[{\"@type\":\"CommentAction\",\"name\":\"Comment\",\"target\":[\"https:\/\/www.proantic.com\/magazine\/andre-charles-boulle-ebeniste-ciseleur-marqueteur-ordinaire-du-roy\/#respond\"]}]},{\"@type\":\"WebPage\",\"@id\":\"https:\/\/www.proantic.com\/magazine\/andre-charles-boulle-ebeniste-ciseleur-marqueteur-ordinaire-du-roy\/\",\"url\":\"https:\/\/www.proantic.com\/magazine\/andre-charles-boulle-ebeniste-ciseleur-marqueteur-ordinaire-du-roy\/\",\"name\":\"Andr\u00e9-Charles Boulle Eb\u00e9niste, ciseleur et marqueteur ordinaire du Roy Le Magazine de Proantic\",\"isPartOf\":{\"@id\":\"https:\/\/www.proantic.com\/magazine\/#website\"},\"primaryImageOfPage\":{\"@id\":\"https:\/\/www.proantic.com\/magazine\/andre-charles-boulle-ebeniste-ciseleur-marqueteur-ordinaire-du-roy\/#primaryimage\"},\"image\":{\"@id\":\"https:\/\/www.proantic.com\/magazine\/andre-charles-boulle-ebeniste-ciseleur-marqueteur-ordinaire-du-roy\/#primaryimage\"},\"thumbnailUrl\":\"https:\/\/i0.wp.com\/www.proantic.com\/magazine\/wp-content\/uploads\/2014\/04\/73404673_p.jpg?fit=216%2C300&ssl=1\",\"datePublished\":\"2012-04-04T14:45:55+00:00\",\"dateModified\":\"2014-04-19T08:50:54+00:00\",\"author\":{\"@id\":\"https:\/\/www.proantic.com\/magazine\/#\/schema\/person\/63707e8f4e7d0172de7ddde897688be0\"},\"description\":\"Les Editions Vial\u00a0 vient d'\u00e9diter un livre sur l'\u00e9beniste le plus connu du XVII\u00e8me si\u00e8cle, sp\u00e9cialiste des meubles marquet\u00e9s Andr\u00e9-Charles Boulle\",\"breadcrumb\":{\"@id\":\"https:\/\/www.proantic.com\/magazine\/andre-charles-boulle-ebeniste-ciseleur-marqueteur-ordinaire-du-roy\/#breadcrumb\"},\"inLanguage\":\"fr-FR\",\"potentialAction\":[{\"@type\":\"ReadAction\",\"target\":[\"https:\/\/www.proantic.com\/magazine\/andre-charles-boulle-ebeniste-ciseleur-marqueteur-ordinaire-du-roy\/\"]}]},{\"@type\":\"ImageObject\",\"inLanguage\":\"fr-FR\",\"@id\":\"https:\/\/www.proantic.com\/magazine\/andre-charles-boulle-ebeniste-ciseleur-marqueteur-ordinaire-du-roy\/#primaryimage\",\"url\":\"https:\/\/i0.wp.com\/www.proantic.com\/magazine\/wp-content\/uploads\/2014\/04\/73404673_p.jpg?fit=216%2C300&ssl=1\",\"contentUrl\":\"https:\/\/i0.wp.com\/www.proantic.com\/magazine\/wp-content\/uploads\/2014\/04\/73404673_p.jpg?fit=216%2C300&ssl=1\",\"width\":216,\"height\":300},{\"@type\":\"BreadcrumbList\",\"@id\":\"https:\/\/www.proantic.com\/magazine\/andre-charles-boulle-ebeniste-ciseleur-marqueteur-ordinaire-du-roy\/#breadcrumb\",\"itemListElement\":[{\"@type\":\"ListItem\",\"position\":1,\"name\":\"Accueil\",\"item\":\"https:\/\/www.proantic.com\/magazine\/\"},{\"@type\":\"ListItem\",\"position\":2,\"name\":\"Andr\u00e9-Charles Boulle Eb\u00e9niste, ciseleur et marqueteur ordinaire du Roy\"}]},{\"@type\":\"WebSite\",\"@id\":\"https:\/\/www.proantic.com\/magazine\/#website\",\"url\":\"https:\/\/www.proantic.com\/magazine\/\",\"name\":\"Le Magazine de Proantic\",\"description\":\"Magazine d&#039;art et expositions\",\"potentialAction\":[{\"@type\":\"SearchAction\",\"target\":{\"@type\":\"EntryPoint\",\"urlTemplate\":\"https:\/\/www.proantic.com\/magazine\/?s={search_term_string}\"},\"query-input\":{\"@type\":\"PropertyValueSpecification\",\"valueRequired\":true,\"valueName\":\"search_term_string\"}}],\"inLanguage\":\"fr-FR\"},{\"@type\":\"Person\",\"@id\":\"https:\/\/www.proantic.com\/magazine\/#\/schema\/person\/63707e8f4e7d0172de7ddde897688be0\",\"name\":\"C\u00e9line Autant\"}]}<\/script>\n<!-- \/ Yoast SEO plugin. -->","yoast_head_json":{"title":"Andr\u00e9-Charles Boulle Eb\u00e9niste, ciseleur et marqueteur ordinaire du Roy Le Magazine de Proantic","description":"Les Editions Vial\u00a0 vient d'\u00e9diter un livre sur l'\u00e9beniste le plus connu du XVII\u00e8me si\u00e8cle, sp\u00e9cialiste des meubles marquet\u00e9s Andr\u00e9-Charles Boulle","robots":{"index":"index","follow":"follow","max-snippet":"max-snippet:-1","max-image-preview":"max-image-preview:large","max-video-preview":"max-video-preview:-1"},"canonical":"https:\/\/www.proantic.com\/magazine\/andre-charles-boulle-ebeniste-ciseleur-marqueteur-ordinaire-du-roy\/","og_locale":"fr_FR","og_type":"article","og_title":"Andr\u00e9-Charles Boulle Eb\u00e9niste, ciseleur et marqueteur ordinaire du Roy Le Magazine de Proantic","og_description":"Les Editions Vial\u00a0 vient d'\u00e9diter un livre sur l'\u00e9beniste le plus connu du XVII\u00e8me si\u00e8cle, sp\u00e9cialiste des meubles marquet\u00e9s Andr\u00e9-Charles Boulle","og_url":"https:\/\/www.proantic.com\/magazine\/andre-charles-boulle-ebeniste-ciseleur-marqueteur-ordinaire-du-roy\/","og_site_name":"Le Magazine de Proantic","article_publisher":"https:\/\/www.facebook.com\/pages\/Proantic\/\/259180871793","article_published_time":"2012-04-04T14:45:55+00:00","article_modified_time":"2014-04-19T08:50:54+00:00","og_image":[{"width":216,"height":300,"url":"https:\/\/i0.wp.com\/www.proantic.com\/magazine\/wp-content\/uploads\/2014\/04\/73404673_p.jpg?fit=216%2C300&ssl=1","type":"image\/jpeg"}],"author":"C\u00e9line Autant","twitter_misc":{"\u00c9crit par":"C\u00e9line Autant","Dur\u00e9e de lecture estim\u00e9e":"1 minute"},"schema":{"@context":"https:\/\/schema.org","@graph":[{"@type":"Article","@id":"https:\/\/www.proantic.com\/magazine\/andre-charles-boulle-ebeniste-ciseleur-marqueteur-ordinaire-du-roy\/#article","isPartOf":{"@id":"https:\/\/www.proantic.com\/magazine\/andre-charles-boulle-ebeniste-ciseleur-marqueteur-ordinaire-du-roy\/"},"author":{"name":"C\u00e9line Autant","@id":"https:\/\/www.proantic.com\/magazine\/#\/schema\/person\/63707e8f4e7d0172de7ddde897688be0"},"headline":"Andr\u00e9-Charles Boulle Eb\u00e9niste, ciseleur et marqueteur ordinaire du Roy","datePublished":"2012-04-04T14:45:55+00:00","dateModified":"2014-04-19T08:50:54+00:00","mainEntityOfPage":{"@id":"https:\/\/www.proantic.com\/magazine\/andre-charles-boulle-ebeniste-ciseleur-marqueteur-ordinaire-du-roy\/"},"wordCount":176,"commentCount":0,"image":{"@id":"https:\/\/www.proantic.com\/magazine\/andre-charles-boulle-ebeniste-ciseleur-marqueteur-ordinaire-du-roy\/#primaryimage"},"thumbnailUrl":"https:\/\/i0.wp.com\/www.proantic.com\/magazine\/wp-content\/uploads\/2014\/04\/73404673_p.jpg?fit=216%2C300&ssl=1","keywords":["andr\u00e9 charles boulle","livre d'art"],"articleSection":["Livres d'art"],"inLanguage":"fr-FR","potentialAction":[{"@type":"CommentAction","name":"Comment","target":["https:\/\/www.proantic.com\/magazine\/andre-charles-boulle-ebeniste-ciseleur-marqueteur-ordinaire-du-roy\/#respond"]}]},{"@type":"WebPage","@id":"https:\/\/www.proantic.com\/magazine\/andre-charles-boulle-ebeniste-ciseleur-marqueteur-ordinaire-du-roy\/","url":"https:\/\/www.proantic.com\/magazine\/andre-charles-boulle-ebeniste-ciseleur-marqueteur-ordinaire-du-roy\/","name":"Andr\u00e9-Charles Boulle Eb\u00e9niste, ciseleur et marqueteur ordinaire du Roy Le Magazine de Proantic","isPartOf":{"@id":"https:\/\/www.proantic.com\/magazine\/#website"},"primaryImageOfPage":{"@id":"https:\/\/www.proantic.com\/magazine\/andre-charles-boulle-ebeniste-ciseleur-marqueteur-ordinaire-du-roy\/#primaryimage"},"image":{"@id":"https:\/\/www.proantic.com\/magazine\/andre-charles-boulle-ebeniste-ciseleur-marqueteur-ordinaire-du-roy\/#primaryimage"},"thumbnailUrl":"https:\/\/i0.wp.com\/www.proantic.com\/magazine\/wp-content\/uploads\/2014\/04\/73404673_p.jpg?fit=216%2C300&ssl=1","datePublished":"2012-04-04T14:45:55+00:00","dateModified":"2014-04-19T08:50:54+00:00","author":{"@id":"https:\/\/www.proantic.com\/magazine\/#\/schema\/person\/63707e8f4e7d0172de7ddde897688be0"},"description":"Les Editions Vial\u00a0 vient d'\u00e9diter un livre sur l'\u00e9beniste le plus connu du XVII\u00e8me si\u00e8cle, sp\u00e9cialiste des meubles marquet\u00e9s Andr\u00e9-Charles Boulle","breadcrumb":{"@id":"https:\/\/www.proantic.com\/magazine\/andre-charles-boulle-ebeniste-ciseleur-marqueteur-ordinaire-du-roy\/#breadcrumb"},"inLanguage":"fr-FR","potentialAction":[{"@type":"ReadAction","target":["https:\/\/www.proantic.com\/magazine\/andre-charles-boulle-ebeniste-ciseleur-marqueteur-ordinaire-du-roy\/"]}]},{"@type":"ImageObject","inLanguage":"fr-FR","@id":"https:\/\/www.proantic.com\/magazine\/andre-charles-boulle-ebeniste-ciseleur-marqueteur-ordinaire-du-roy\/#primaryimage","url":"https:\/\/i0.wp.com\/www.proantic.com\/magazine\/wp-content\/uploads\/2014\/04\/73404673_p.jpg?fit=216%2C300&ssl=1","contentUrl":"https:\/\/i0.wp.com\/www.proantic.com\/magazine\/wp-content\/uploads\/2014\/04\/73404673_p.jpg?fit=216%2C300&ssl=1","width":216,"height":300},{"@type":"BreadcrumbList","@id":"https:\/\/www.proantic.com\/magazine\/andre-charles-boulle-ebeniste-ciseleur-marqueteur-ordinaire-du-roy\/#breadcrumb","itemListElement":[{"@type":"ListItem","position":1,"name":"Accueil","item":"https:\/\/www.proantic.com\/magazine\/"},{"@type":"ListItem","position":2,"name":"Andr\u00e9-Charles Boulle Eb\u00e9niste, ciseleur et marqueteur ordinaire du Roy"}]},{"@type":"WebSite","@id":"https:\/\/www.proantic.com\/magazine\/#website","url":"https:\/\/www.proantic.com\/magazine\/","name":"Le Magazine de Proantic","description":"Magazine d&#039;art et expositions","potentialAction":[{"@type":"SearchAction","target":{"@type":"EntryPoint","urlTemplate":"https:\/\/www.proantic.com\/magazine\/?s={search_term_string}"},"query-input":{"@type":"PropertyValueSpecification","valueRequired":true,"valueName":"search_term_string"}}],"inLanguage":"fr-FR"},{"@type":"Person","@id":"https:\/\/www.proantic.com\/magazine\/#\/schema\/person\/63707e8f4e7d0172de7ddde897688be0","name":"C\u00e9line Autant"}]}},"jetpack_publicize_connections":[],"jetpack_featured_media_url":"https:\/\/i0.wp.com\/www.proantic.com\/magazine\/wp-content\/uploads\/2014\/04\/73404673_p.jpg?fit=216%2C300&ssl=1","jetpack_shortlink":"https:\/\/wp.me\/p7EkP3-dC","jetpack_sharing_enabled":true,"_links":{"self":[{"href":"https:\/\/www.proantic.com\/magazine\/wp-json\/wp\/v2\/posts\/844","targetHints":{"allow":["GET"]}}],"collection":[{"href":"https:\/\/www.proantic.com\/magazine\/wp-json\/wp\/v2\/posts"}],"about":[{"href":"https:\/\/www.proantic.com\/magazine\/wp-json\/wp\/v2\/types\/post"}],"author":[{"embeddable":true,"href":"https:\/\/www.proantic.com\/magazine\/wp-json\/wp\/v2\/users\/6"}],"replies":[{"embeddable":true,"href":"https:\/\/www.proantic.com\/magazine\/wp-json\/wp\/v2\/comments?post=844"}],"version-history":[{"count":0,"href":"https:\/\/www.proantic.com\/magazine\/wp-json\/wp\/v2\/posts\/844\/revisions"}],"wp:featuredmedia":[{"embeddable":true,"href":"https:\/\/www.proantic.com\/magazine\/wp-json\/wp\/v2\/media\/845"}],"wp:attachment":[{"href":"https:\/\/www.proantic.com\/magazine\/wp-json\/wp\/v2\/media?parent=844"}],"wp:term":[{"taxonomy":"category","embeddable":true,"href":"https:\/\/www.proantic.com\/magazine\/wp-json\/wp\/v2\/categories?post=844"},{"taxonomy":"post_tag","embeddable":true,"href":"https:\/\/www.proantic.com\/magazine\/wp-json\/wp\/v2\/tags?post=844"}],"curies":[{"name":"wp","href":"https:\/\/api.w.org\/{rel}","templated":true}]}}