{"id":7943,"date":"2017-12-10T09:57:19","date_gmt":"2017-12-10T08:57:19","guid":{"rendered":"http:\/\/www.proantic.com\/magazine\/?p=7943"},"modified":"2024-03-19T16:24:53","modified_gmt":"2024-03-19T15:24:53","slug":"gueridon-gustav-siegel-freres-kohn","status":"publish","type":"post","link":"https:\/\/www.proantic.com\/magazine\/gueridon-gustav-siegel-freres-kohn\/","title":{"rendered":"Gueridon par Gustav Siegel pour les Fr\u00e8res Kohn"},"content":{"rendered":"<div>\n<div>\n<p>Chaque mois, un objet de Proantic nous livre ses secrets !\u00a0\u00a0Un\u00a0<em>objet<\/em>\u00a0ou un\u00a0<em>meuble<\/em>\u00a0qui pr\u00e9sente un int\u00e9r\u00eat par sa raret\u00e9, son usage, son mode de fabrication, son auteur, son contexte historique\u2026.<\/p>\n<\/div>\n<p style=\"text-align: center\"><span style=\"color: #800000\"><em>Gueridon par Gustav Siegel\u00a0<\/em><\/span><\/p>\n<\/div>\n<div style=\"text-align: center\"><span style=\"color: #800000\">\u00a0<em>Epoque: vers 1900<\/em><\/span><\/div>\n<div style=\"text-align: center\"><span style=\"color: #800000\">\u00a0<\/span><\/div>\n<div style=\"text-align: center\"><span style=\"color: #800000\"><em>Galerie:\u00a0<strong>Pascale Drieux Antiquit\u00e9s<\/strong> sur Proantic<\/em><\/span><\/div>\n<p>&nbsp;<\/p>\n<p>Gu\u00e9ridon de style s\u00e9cession en h\u00eatre courb\u00e9 teint\u00e9. Etiquette et estampille des fr\u00e8res Kohn sous le plateau. Autriche, design de Gustav Siegel, \u00e9dit\u00e9 par Kohn,vers 1900.<\/p>\n<p><a href=\"https:\/\/i0.wp.com\/www.proantic.com\/magazine\/wp-content\/uploads\/2017\/12\/305143-1.jpg\" data-lightbox=\"gal[7943]\"><img data-recalc-dims=\"1\" loading=\"lazy\" decoding=\"async\" data-attachment-id=\"7960\" data-permalink=\"https:\/\/www.proantic.com\/magazine\/gueridon-gustav-siegel-freres-kohn\/305143-1\/\" data-orig-file=\"https:\/\/i0.wp.com\/www.proantic.com\/magazine\/wp-content\/uploads\/2017\/12\/305143-1.jpg?fit=928%2C1024&amp;ssl=1\" data-orig-size=\"928,1024\" data-comments-opened=\"1\" data-image-meta=\"{&quot;aperture&quot;:&quot;0&quot;,&quot;credit&quot;:&quot;&quot;,&quot;camera&quot;:&quot;&quot;,&quot;caption&quot;:&quot;&quot;,&quot;created_timestamp&quot;:&quot;0&quot;,&quot;copyright&quot;:&quot;&quot;,&quot;focal_length&quot;:&quot;0&quot;,&quot;iso&quot;:&quot;0&quot;,&quot;shutter_speed&quot;:&quot;0&quot;,&quot;title&quot;:&quot;&quot;,&quot;orientation&quot;:&quot;0&quot;}\" data-image-title=\"305143-1\" data-image-description=\"\" data-image-caption=\"\" data-medium-file=\"https:\/\/i0.wp.com\/www.proantic.com\/magazine\/wp-content\/uploads\/2017\/12\/305143-1.jpg?fit=272%2C300&amp;ssl=1\" data-large-file=\"https:\/\/i0.wp.com\/www.proantic.com\/magazine\/wp-content\/uploads\/2017\/12\/305143-1.jpg?fit=665%2C734&amp;ssl=1\" class=\"aligncenter wp-image-7960\" src=\"https:\/\/i0.wp.com\/www.proantic.com\/magazine\/wp-content\/uploads\/2017\/12\/305143-1-928x1024.jpg?resize=500%2C552\" alt=\"\" width=\"500\" height=\"552\" srcset=\"https:\/\/i0.wp.com\/www.proantic.com\/magazine\/wp-content\/uploads\/2017\/12\/305143-1.jpg?w=928&amp;ssl=1 928w, https:\/\/i0.wp.com\/www.proantic.com\/magazine\/wp-content\/uploads\/2017\/12\/305143-1.jpg?resize=272%2C300&amp;ssl=1 272w, https:\/\/i0.wp.com\/www.proantic.com\/magazine\/wp-content\/uploads\/2017\/12\/305143-1.jpg?resize=768%2C847&amp;ssl=1 768w, https:\/\/i0.wp.com\/www.proantic.com\/magazine\/wp-content\/uploads\/2017\/12\/305143-1.jpg?resize=163%2C180&amp;ssl=1 163w\" sizes=\"auto, (max-width: 500px) 100vw, 500px\" \/><\/a><\/p>\n<p><span style=\"color: #800000\">&#8211; 1) La firme Jacob &amp; Josef Kohn<\/span><\/p>\n<p>Jacob Kohn fonde en 1849 l&rsquo;entreprise, sp\u00e9cialis\u00e9e au d\u00e9part dans le bois de construction. En 1867, il s&rsquo;associe avec son fils Josef Kohn et oriente l&rsquo;entreprise vers le mobilier. L&rsquo;expiration du brevet des Fr\u00e8res\u00a0Thonet\u00a0sur la technique du bois courb\u00e9 leur permet d&rsquo;offrir bient\u00f4t leur propre gamme de produits. Avec des succursales \u00e0 Berlin, Paris, Londres et Hambourg, Kohn devient \u00e0 partir de 1882 l&rsquo;un des principaux fabricants de meubles en\u00a0Autriche-Hongrie\u00a0et s&rsquo;inscrit comme l&rsquo;un des principaux concurrents de l&rsquo;entreprise Thonet.<\/p>\n<p>En 1904, la firme poss\u00e8de un catalogue de 407 mod\u00e8les de meubles et plus de 6\u00a0000 employ\u00e9s. le directeur artistique <strong>Gustave Siegel<\/strong>\u00a0fit appel \u00e0 de c\u00e9l\u00e8bres \u00ab\u00a0designers\u00a0\u00bb, comme\u00a0Josef Hoffmann,\u00a0Koloman Moser\u00a0et\u00a0Adolf Loos\u00a0qui ont \u00e9labor\u00e9 pour eux de nombreuses pi\u00e8ces.<\/p>\n<p>L&rsquo;entreprise re\u00e7ut de nombreux prix pour son travail. Fournisseur de la maison imp\u00e9riale d&rsquo;Autriche, elle obtient un\u00a0mandat royal\u00a0espagnol en tant que fournisseurs de la maison royale..<\/p>\n<p><a href=\"https:\/\/i0.wp.com\/www.proantic.com\/magazine\/wp-content\/uploads\/2017\/12\/305143-4.jpg\"><img data-recalc-dims=\"1\" loading=\"lazy\" decoding=\"async\" data-attachment-id=\"7961\" data-permalink=\"https:\/\/www.proantic.com\/magazine\/gueridon-gustav-siegel-freres-kohn\/olympus-digital-camera-7\/\" data-orig-file=\"https:\/\/i0.wp.com\/www.proantic.com\/magazine\/wp-content\/uploads\/2017\/12\/305143-4.jpg?fit=1200%2C1096&amp;ssl=1\" data-orig-size=\"1200,1096\" data-comments-opened=\"1\" data-image-meta=\"{&quot;aperture&quot;:&quot;2.6&quot;,&quot;credit&quot;:&quot;&quot;,&quot;camera&quot;:&quot;XZ-10&quot;,&quot;caption&quot;:&quot;OLYMPUS DIGITAL CAMERA&quot;,&quot;created_timestamp&quot;:&quot;1512065126&quot;,&quot;copyright&quot;:&quot;&quot;,&quot;focal_length&quot;:&quot;19&quot;,&quot;iso&quot;:&quot;200&quot;,&quot;shutter_speed&quot;:&quot;0.0125&quot;,&quot;title&quot;:&quot;OLYMPUS DIGITAL CAMERA&quot;,&quot;orientation&quot;:&quot;1&quot;}\" data-image-title=\"OLYMPUS DIGITAL CAMERA\" data-image-description=\"\" data-image-caption=\"&lt;p&gt;OLYMPUS DIGITAL CAMERA&lt;\/p&gt;\n\" data-medium-file=\"https:\/\/i0.wp.com\/www.proantic.com\/magazine\/wp-content\/uploads\/2017\/12\/305143-4.jpg?fit=300%2C274&amp;ssl=1\" data-large-file=\"https:\/\/i0.wp.com\/www.proantic.com\/magazine\/wp-content\/uploads\/2017\/12\/305143-4.jpg?fit=665%2C607&amp;ssl=1\" class=\"aligncenter wp-image-7961\" src=\"https:\/\/i0.wp.com\/www.proantic.com\/magazine\/wp-content\/uploads\/2017\/12\/305143-4-1024x935.jpg?resize=600%2C548\" alt=\"\" width=\"600\" height=\"548\" srcset=\"https:\/\/i0.wp.com\/www.proantic.com\/magazine\/wp-content\/uploads\/2017\/12\/305143-4.jpg?resize=1024%2C935&amp;ssl=1 1024w, https:\/\/i0.wp.com\/www.proantic.com\/magazine\/wp-content\/uploads\/2017\/12\/305143-4.jpg?resize=300%2C274&amp;ssl=1 300w, https:\/\/i0.wp.com\/www.proantic.com\/magazine\/wp-content\/uploads\/2017\/12\/305143-4.jpg?resize=768%2C701&amp;ssl=1 768w, https:\/\/i0.wp.com\/www.proantic.com\/magazine\/wp-content\/uploads\/2017\/12\/305143-4.jpg?resize=180%2C164&amp;ssl=1 180w, https:\/\/i0.wp.com\/www.proantic.com\/magazine\/wp-content\/uploads\/2017\/12\/305143-4.jpg?w=1200&amp;ssl=1 1200w\" sizes=\"auto, (max-width: 600px) 100vw, 600px\" \/><\/a><\/p>\n<p>En 1914, sous l&rsquo;impulsion du banquier Leopold Pilzer et la\u00a0Credit Anstalt, elle fusionne avec Mundus AG, devenant Kohn-Mundus, puis en 1922, Pilzer, actionnaire majoritaire, fusionne la structure avec Thonet, pour cr\u00e9er Kohn-Mundus-Thonet. En 1931, la Credit Anstalt fait faillite, Pilzer rach\u00e8te alors toutes les parts que la banque poss\u00e9dait dans le Konzern. En 1936, avec l&rsquo;arriv\u00e9e des nazis au pouvoir, Pilzer d\u00e9m\u00e9nage le si\u00e8ge en Suisse et consolide ses filiales aux \u00c9tats-Unis. En 1937, du fait de l&rsquo;aryanisation, Pilzer doit vendre ses parts restantes \u00e0 Thonet et s&rsquo;exiler en Am\u00e9rique et la marque Kohn dispara\u00eet.<\/p>\n<p>Les \u0153uvres de la maison Kohn peuvent \u00eatre vues dans un certain nombre de mus\u00e9es aujourd&rsquo;hui, notamment le\u00a0Museum of Modern Art\u00a0de\u00a0New York, le\u00a0Mus\u00e9e du design de Barcelone\u00a0et le\u00a0Mus\u00e9e des beaux-arts de Montr\u00e9al.<\/p>\n<p><a href=\"https:\/\/i0.wp.com\/www.proantic.com\/magazine\/wp-content\/uploads\/2017\/12\/305143-alb-1.jpg\"><img data-recalc-dims=\"1\" loading=\"lazy\" decoding=\"async\" data-attachment-id=\"7957\" data-permalink=\"https:\/\/www.proantic.com\/magazine\/gueridon-gustav-siegel-freres-kohn\/olympus-digital-camera-6\/\" data-orig-file=\"https:\/\/i0.wp.com\/www.proantic.com\/magazine\/wp-content\/uploads\/2017\/12\/305143-alb-1.jpg?fit=1200%2C900&amp;ssl=1\" data-orig-size=\"1200,900\" data-comments-opened=\"1\" data-image-meta=\"{&quot;aperture&quot;:&quot;2.5&quot;,&quot;credit&quot;:&quot;&quot;,&quot;camera&quot;:&quot;XZ-10&quot;,&quot;caption&quot;:&quot;OLYMPUS DIGITAL CAMERA&quot;,&quot;created_timestamp&quot;:&quot;1512064916&quot;,&quot;copyright&quot;:&quot;&quot;,&quot;focal_length&quot;:&quot;15.9&quot;,&quot;iso&quot;:&quot;160&quot;,&quot;shutter_speed&quot;:&quot;0.00625&quot;,&quot;title&quot;:&quot;OLYMPUS DIGITAL CAMERA&quot;,&quot;orientation&quot;:&quot;1&quot;}\" data-image-title=\"OLYMPUS DIGITAL CAMERA\" data-image-description=\"\" data-image-caption=\"&lt;p&gt;OLYMPUS DIGITAL CAMERA&lt;\/p&gt;\n\" data-medium-file=\"https:\/\/i0.wp.com\/www.proantic.com\/magazine\/wp-content\/uploads\/2017\/12\/305143-alb-1.jpg?fit=300%2C225&amp;ssl=1\" data-large-file=\"https:\/\/i0.wp.com\/www.proantic.com\/magazine\/wp-content\/uploads\/2017\/12\/305143-alb-1.jpg?fit=665%2C499&amp;ssl=1\" class=\"aligncenter wp-image-7957\" src=\"https:\/\/i0.wp.com\/www.proantic.com\/magazine\/wp-content\/uploads\/2017\/12\/305143-alb-1-1024x768.jpg?resize=600%2C450\" alt=\"\" width=\"600\" height=\"450\" srcset=\"https:\/\/i0.wp.com\/www.proantic.com\/magazine\/wp-content\/uploads\/2017\/12\/305143-alb-1.jpg?resize=1024%2C768&amp;ssl=1 1024w, https:\/\/i0.wp.com\/www.proantic.com\/magazine\/wp-content\/uploads\/2017\/12\/305143-alb-1.jpg?resize=300%2C225&amp;ssl=1 300w, https:\/\/i0.wp.com\/www.proantic.com\/magazine\/wp-content\/uploads\/2017\/12\/305143-alb-1.jpg?resize=768%2C576&amp;ssl=1 768w, https:\/\/i0.wp.com\/www.proantic.com\/magazine\/wp-content\/uploads\/2017\/12\/305143-alb-1.jpg?resize=180%2C135&amp;ssl=1 180w, https:\/\/i0.wp.com\/www.proantic.com\/magazine\/wp-content\/uploads\/2017\/12\/305143-alb-1.jpg?w=1200&amp;ssl=1 1200w\" sizes=\"auto, (max-width: 600px) 100vw, 600px\" \/><\/a><\/p>\n<p><span style=\"color: #800000\">&#8211; 2) Le style s\u00e9cession<\/span><\/p>\n<p>La\u00a0<b>S\u00e9cession viennoise<\/b>\u00a0\u00a0est un courant qui s&rsquo;est \u00e9panoui en\u00a0Autriche, particuli\u00e8rement \u00e0\u00a0Vienne, de\u00a01892\u00a0\u00e0\u00a01906.\u00a0Ce courant de l&rsquo;Art nouveau \u00e0 l&rsquo;origine de l&rsquo;art moderne, est moins v\u00e9g\u00e9tal, plus \u00e9pur\u00e9 et g\u00e9om\u00e9trique qu&rsquo;en France\u00a0ou de\u00a0Belgique.<\/p>\n<p>La capitale autrichienne fut secou\u00e9e par un formidable vent de modernit\u00e9 et de contestation. Une poign\u00e9e de peintres, de designers et d&rsquo;architectes dissidents, attentifs aux avant-gardes de l&rsquo;art \u00e0 l&rsquo;\u00e9tranger, s&rsquo;associ\u00e8rent pour conjuguer leurs talents et livrer batailles contre le conservatisme ambiant. Ils r\u00e9ussirent \u00e0 faire de vienne un laboratoire de forme nouvelle.<\/p>\n<p><a href=\"https:\/\/i0.wp.com\/www.proantic.com\/magazine\/wp-content\/uploads\/2017\/12\/305143-alb-5.jpg\" data-lightbox=\"gal[7943]\"><img data-recalc-dims=\"1\" loading=\"lazy\" decoding=\"async\" data-attachment-id=\"7962\" data-permalink=\"https:\/\/www.proantic.com\/magazine\/gueridon-gustav-siegel-freres-kohn\/olympus-digital-camera-8\/\" data-orig-file=\"https:\/\/i0.wp.com\/www.proantic.com\/magazine\/wp-content\/uploads\/2017\/12\/305143-alb-5.jpg?fit=1200%2C925&amp;ssl=1\" data-orig-size=\"1200,925\" data-comments-opened=\"1\" data-image-meta=\"{&quot;aperture&quot;:&quot;2.6&quot;,&quot;credit&quot;:&quot;&quot;,&quot;camera&quot;:&quot;XZ-10&quot;,&quot;caption&quot;:&quot;OLYMPUS DIGITAL CAMERA&quot;,&quot;created_timestamp&quot;:&quot;1512065089&quot;,&quot;copyright&quot;:&quot;&quot;,&quot;focal_length&quot;:&quot;21&quot;,&quot;iso&quot;:&quot;200&quot;,&quot;shutter_speed&quot;:&quot;0.0125&quot;,&quot;title&quot;:&quot;OLYMPUS DIGITAL CAMERA&quot;,&quot;orientation&quot;:&quot;1&quot;}\" data-image-title=\"\" data-image-description=\"\" data-image-caption=\"\" data-medium-file=\"https:\/\/i0.wp.com\/www.proantic.com\/magazine\/wp-content\/uploads\/2017\/12\/305143-alb-5.jpg?fit=300%2C231&amp;ssl=1\" data-large-file=\"https:\/\/i0.wp.com\/www.proantic.com\/magazine\/wp-content\/uploads\/2017\/12\/305143-alb-5.jpg?fit=665%2C512&amp;ssl=1\" class=\"aligncenter wp-image-7962\" src=\"https:\/\/i0.wp.com\/www.proantic.com\/magazine\/wp-content\/uploads\/2017\/12\/305143-alb-5-1024x789.jpg?resize=600%2C462\" alt=\"\" width=\"600\" height=\"462\" srcset=\"https:\/\/i0.wp.com\/www.proantic.com\/magazine\/wp-content\/uploads\/2017\/12\/305143-alb-5.jpg?resize=1024%2C789&amp;ssl=1 1024w, https:\/\/i0.wp.com\/www.proantic.com\/magazine\/wp-content\/uploads\/2017\/12\/305143-alb-5.jpg?resize=300%2C231&amp;ssl=1 300w, https:\/\/i0.wp.com\/www.proantic.com\/magazine\/wp-content\/uploads\/2017\/12\/305143-alb-5.jpg?resize=768%2C592&amp;ssl=1 768w, https:\/\/i0.wp.com\/www.proantic.com\/magazine\/wp-content\/uploads\/2017\/12\/305143-alb-5.jpg?resize=180%2C139&amp;ssl=1 180w, https:\/\/i0.wp.com\/www.proantic.com\/magazine\/wp-content\/uploads\/2017\/12\/305143-alb-5.jpg?w=1200&amp;ssl=1 1200w\" sizes=\"auto, (max-width: 600px) 100vw, 600px\" \/><\/a><\/p>\n<p>A la veille du XX<sup>e<\/sup>\u00a0s. appara\u00eet partout en Europe le d\u00e9sir de cr\u00e9er un art de synth\u00e8se des diff\u00e9rentes disciplines artistiques. L&rsquo;\u00e9rosion des fronti\u00e8res entre arts majeurs et arts mineurs et la notion d&rsquo;art total, ou \u00abGesamtkunstwerk\u00bb, furent initi\u00e9es en Autriche par Joseph Hoffmann (1870-1956), architecte et directeur des ateliers viennois. Son style sobre et tr\u00e8s \u00e9pur\u00e9 dans le mobilier et les arts du m\u00e9tal eut une influence consid\u00e9rable sur les jeunes g\u00e9n\u00e9rations de designers. Oskar Kokoschka (1886-1980), Egon Schiele(1890-1918), et Le Corbusier se sont form\u00e9s dans ces fameux ateliers d&rsquo;art et d&rsquo;artisanat, inspir\u00e9s par le mouvement \u00abArts and Crafts\u00bb.<\/p>\n<p><strong>Les caract\u00e9ristiques de la S\u00e9cession Viennoise sont\u00a0:<\/strong><\/p>\n<ul>\n<li>des formes organiques et la repr\u00e9sentation de la v\u00e9g\u00e9tation\u00a0: les artistes voulaient repr\u00e9senter la Nature, la Vie.<\/p>\n<\/li>\n<li>\n<p>des compositions florales stylis\u00e9es.<\/p>\n<\/li>\n<li>\n<p>une abondance de courbes.<\/p>\n<\/li>\n<li>\n<p>une forte relation entre les textes (dans le domaine de la litt\u00e9rature) et l\u2019image.<\/p>\n<\/li>\n<li>\n<p>une absence de perspective et, avec elle, une absence de temps, due \u00e0 la volont\u00e9 de repr\u00e9senter le cycle perp\u00e9tuel de la Vie.<\/p>\n<\/li>\n<\/ul>\n<p>&nbsp;<\/p>\n","protected":false},"excerpt":{"rendered":"<p>Chaque mois, un objet de Proantic nous livre ses secrets !\u00a0\u00a0Un\u00a0objet\u00a0ou un\u00a0meuble\u00a0qui pr\u00e9sente un int\u00e9r\u00eat par sa raret\u00e9, son usage, son mode de fabrication, son auteur, son contexte historique\u2026. Gueridon par Gustav Siegel\u00a0 \u00a0Epoque: vers 1900 \u00a0 Galerie:\u00a0Pascale Drieux Antiquit\u00e9s sur Proantic &nbsp; Gu\u00e9ridon de style s\u00e9cession en h\u00eatre courb\u00e9 teint\u00e9. Etiquette et estampille des [&hellip;]<\/p>\n","protected":false},"author":6,"featured_media":7959,"comment_status":"closed","ping_status":"open","sticky":false,"template":"","format":"standard","meta":{"jetpack_post_was_ever_published":false,"_jetpack_newsletter_access":"","_jetpack_dont_email_post_to_subs":false,"_jetpack_newsletter_tier_id":0,"_jetpack_memberships_contains_paywalled_content":false,"_jetpack_memberships_contains_paid_content":false,"footnotes":"","jetpack_publicize_message":"","jetpack_publicize_feature_enabled":true,"jetpack_social_post_already_shared":true,"jetpack_social_options":{"image_generator_settings":{"template":"highway","default_image_id":0,"font":"","enabled":false},"version":2}},"categories":[180],"tags":[],"class_list":["post-7943","post","type-post","status-publish","format-standard","has-post-thumbnail","hentry","category-arts-decoratifs-proantic"],"yoast_head":"<!-- This site is optimized with the Yoast SEO plugin v26.9 - https:\/\/yoast.com\/product\/yoast-seo-wordpress\/ -->\n<title>Gueridon par Gustav Siegel pour les Fr\u00e8res Kohn Le Magazine de Proantic<\/title>\n<meta name=\"description\" content=\"Chaque mois, un objet de Proantic nous livre ses secrets !\u00a0\u00a0Un\u00a0objet\u00a0ou un\u00a0meuble\u00a0qui pr\u00e9sente un int\u00e9r\u00eat par sa raret\u00e9, son usage, son mode de\" \/>\n<meta name=\"robots\" content=\"index, follow, max-snippet:-1, max-image-preview:large, max-video-preview:-1\" \/>\n<link rel=\"canonical\" href=\"https:\/\/www.proantic.com\/magazine\/gueridon-gustav-siegel-freres-kohn\/\" \/>\n<meta property=\"og:locale\" content=\"fr_FR\" \/>\n<meta property=\"og:type\" content=\"article\" \/>\n<meta property=\"og:title\" content=\"Gueridon par Gustav Siegel pour les Fr\u00e8res Kohn Le Magazine de Proantic\" \/>\n<meta property=\"og:description\" content=\"Chaque mois, un objet de Proantic nous livre ses secrets !\u00a0\u00a0Un\u00a0objet\u00a0ou un\u00a0meuble\u00a0qui pr\u00e9sente un int\u00e9r\u00eat par sa raret\u00e9, son usage, son mode de\" \/>\n<meta property=\"og:url\" content=\"https:\/\/www.proantic.com\/magazine\/gueridon-gustav-siegel-freres-kohn\/\" \/>\n<meta property=\"og:site_name\" content=\"Le Magazine de Proantic\" \/>\n<meta property=\"article:publisher\" content=\"https:\/\/www.facebook.com\/pages\/Proantic\/\/259180871793\" \/>\n<meta property=\"article:published_time\" content=\"2017-12-10T08:57:19+00:00\" \/>\n<meta property=\"article:modified_time\" content=\"2024-03-19T15:24:53+00:00\" \/>\n<meta property=\"og:image\" content=\"https:\/\/www.proantic.com\/magazine\/wp-content\/uploads\/2017\/12\/askkki.jpg\" \/>\n\t<meta property=\"og:image:width\" content=\"3023\" \/>\n\t<meta property=\"og:image:height\" content=\"2139\" \/>\n\t<meta property=\"og:image:type\" content=\"image\/jpeg\" \/>\n<meta name=\"author\" content=\"C\u00e9line Autant\" \/>\n<meta name=\"twitter:label1\" content=\"\u00c9crit par\" \/>\n\t<meta name=\"twitter:data1\" content=\"C\u00e9line Autant\" \/>\n\t<meta name=\"twitter:label2\" content=\"Dur\u00e9e de lecture estim\u00e9e\" \/>\n\t<meta name=\"twitter:data2\" content=\"3 minutes\" \/>\n<script type=\"application\/ld+json\" class=\"yoast-schema-graph\">{\"@context\":\"https:\/\/schema.org\",\"@graph\":[{\"@type\":\"Article\",\"@id\":\"https:\/\/www.proantic.com\/magazine\/gueridon-gustav-siegel-freres-kohn\/#article\",\"isPartOf\":{\"@id\":\"https:\/\/www.proantic.com\/magazine\/gueridon-gustav-siegel-freres-kohn\/\"},\"author\":{\"name\":\"C\u00e9line Autant\",\"@id\":\"https:\/\/www.proantic.com\/magazine\/#\/schema\/person\/932db14f53d245f4acce86a3fe906582\"},\"headline\":\"Gueridon par Gustav Siegel pour les Fr\u00e8res Kohn\",\"datePublished\":\"2017-12-10T08:57:19+00:00\",\"dateModified\":\"2024-03-19T15:24:53+00:00\",\"mainEntityOfPage\":{\"@id\":\"https:\/\/www.proantic.com\/magazine\/gueridon-gustav-siegel-freres-kohn\/\"},\"wordCount\":722,\"image\":{\"@id\":\"https:\/\/www.proantic.com\/magazine\/gueridon-gustav-siegel-freres-kohn\/#primaryimage\"},\"thumbnailUrl\":\"https:\/\/i0.wp.com\/www.proantic.com\/magazine\/wp-content\/uploads\/2017\/12\/askkki.jpg?fit=3023%2C2139&ssl=1\",\"articleSection\":[\"Arts d\u00e9coratifs sur Proantic\"],\"inLanguage\":\"fr-FR\"},{\"@type\":\"WebPage\",\"@id\":\"https:\/\/www.proantic.com\/magazine\/gueridon-gustav-siegel-freres-kohn\/\",\"url\":\"https:\/\/www.proantic.com\/magazine\/gueridon-gustav-siegel-freres-kohn\/\",\"name\":\"Gueridon par Gustav Siegel pour les Fr\u00e8res Kohn Le Magazine de Proantic\",\"isPartOf\":{\"@id\":\"https:\/\/www.proantic.com\/magazine\/#website\"},\"primaryImageOfPage\":{\"@id\":\"https:\/\/www.proantic.com\/magazine\/gueridon-gustav-siegel-freres-kohn\/#primaryimage\"},\"image\":{\"@id\":\"https:\/\/www.proantic.com\/magazine\/gueridon-gustav-siegel-freres-kohn\/#primaryimage\"},\"thumbnailUrl\":\"https:\/\/i0.wp.com\/www.proantic.com\/magazine\/wp-content\/uploads\/2017\/12\/askkki.jpg?fit=3023%2C2139&ssl=1\",\"datePublished\":\"2017-12-10T08:57:19+00:00\",\"dateModified\":\"2024-03-19T15:24:53+00:00\",\"author\":{\"@id\":\"https:\/\/www.proantic.com\/magazine\/#\/schema\/person\/932db14f53d245f4acce86a3fe906582\"},\"description\":\"Chaque mois, un objet de Proantic nous livre ses secrets !\u00a0\u00a0Un\u00a0objet\u00a0ou un\u00a0meuble\u00a0qui pr\u00e9sente un int\u00e9r\u00eat par sa raret\u00e9, son usage, son mode de\",\"breadcrumb\":{\"@id\":\"https:\/\/www.proantic.com\/magazine\/gueridon-gustav-siegel-freres-kohn\/#breadcrumb\"},\"inLanguage\":\"fr-FR\",\"potentialAction\":[{\"@type\":\"ReadAction\",\"target\":[\"https:\/\/www.proantic.com\/magazine\/gueridon-gustav-siegel-freres-kohn\/\"]}]},{\"@type\":\"ImageObject\",\"inLanguage\":\"fr-FR\",\"@id\":\"https:\/\/www.proantic.com\/magazine\/gueridon-gustav-siegel-freres-kohn\/#primaryimage\",\"url\":\"https:\/\/i0.wp.com\/www.proantic.com\/magazine\/wp-content\/uploads\/2017\/12\/askkki.jpg?fit=3023%2C2139&ssl=1\",\"contentUrl\":\"https:\/\/i0.wp.com\/www.proantic.com\/magazine\/wp-content\/uploads\/2017\/12\/askkki.jpg?fit=3023%2C2139&ssl=1\",\"width\":3023,\"height\":2139},{\"@type\":\"BreadcrumbList\",\"@id\":\"https:\/\/www.proantic.com\/magazine\/gueridon-gustav-siegel-freres-kohn\/#breadcrumb\",\"itemListElement\":[{\"@type\":\"ListItem\",\"position\":1,\"name\":\"Accueil\",\"item\":\"https:\/\/www.proantic.com\/magazine\/\"},{\"@type\":\"ListItem\",\"position\":2,\"name\":\"Gueridon par Gustav Siegel pour les Fr\u00e8res Kohn\"}]},{\"@type\":\"WebSite\",\"@id\":\"https:\/\/www.proantic.com\/magazine\/#website\",\"url\":\"https:\/\/www.proantic.com\/magazine\/\",\"name\":\"Le Magazine de Proantic\",\"description\":\"Magazine d&#039;art et expositions\",\"potentialAction\":[{\"@type\":\"SearchAction\",\"target\":{\"@type\":\"EntryPoint\",\"urlTemplate\":\"https:\/\/www.proantic.com\/magazine\/?s={search_term_string}\"},\"query-input\":{\"@type\":\"PropertyValueSpecification\",\"valueRequired\":true,\"valueName\":\"search_term_string\"}}],\"inLanguage\":\"fr-FR\"},{\"@type\":\"Person\",\"@id\":\"https:\/\/www.proantic.com\/magazine\/#\/schema\/person\/932db14f53d245f4acce86a3fe906582\",\"name\":\"C\u00e9line Autant\"}]}<\/script>\n<!-- \/ Yoast SEO plugin. -->","yoast_head_json":{"title":"Gueridon par Gustav Siegel pour les Fr\u00e8res Kohn Le Magazine de Proantic","description":"Chaque mois, un objet de Proantic nous livre ses secrets !\u00a0\u00a0Un\u00a0objet\u00a0ou un\u00a0meuble\u00a0qui pr\u00e9sente un int\u00e9r\u00eat par sa raret\u00e9, son usage, son mode de","robots":{"index":"index","follow":"follow","max-snippet":"max-snippet:-1","max-image-preview":"max-image-preview:large","max-video-preview":"max-video-preview:-1"},"canonical":"https:\/\/www.proantic.com\/magazine\/gueridon-gustav-siegel-freres-kohn\/","og_locale":"fr_FR","og_type":"article","og_title":"Gueridon par Gustav Siegel pour les Fr\u00e8res Kohn Le Magazine de Proantic","og_description":"Chaque mois, un objet de Proantic nous livre ses secrets !\u00a0\u00a0Un\u00a0objet\u00a0ou un\u00a0meuble\u00a0qui pr\u00e9sente un int\u00e9r\u00eat par sa raret\u00e9, son usage, son mode de","og_url":"https:\/\/www.proantic.com\/magazine\/gueridon-gustav-siegel-freres-kohn\/","og_site_name":"Le Magazine de Proantic","article_publisher":"https:\/\/www.facebook.com\/pages\/Proantic\/\/259180871793","article_published_time":"2017-12-10T08:57:19+00:00","article_modified_time":"2024-03-19T15:24:53+00:00","og_image":[{"width":3023,"height":2139,"url":"https:\/\/www.proantic.com\/magazine\/wp-content\/uploads\/2017\/12\/askkki.jpg","type":"image\/jpeg"}],"author":"C\u00e9line Autant","twitter_misc":{"\u00c9crit par":"C\u00e9line Autant","Dur\u00e9e de lecture estim\u00e9e":"3 minutes"},"schema":{"@context":"https:\/\/schema.org","@graph":[{"@type":"Article","@id":"https:\/\/www.proantic.com\/magazine\/gueridon-gustav-siegel-freres-kohn\/#article","isPartOf":{"@id":"https:\/\/www.proantic.com\/magazine\/gueridon-gustav-siegel-freres-kohn\/"},"author":{"name":"C\u00e9line Autant","@id":"https:\/\/www.proantic.com\/magazine\/#\/schema\/person\/932db14f53d245f4acce86a3fe906582"},"headline":"Gueridon par Gustav Siegel pour les Fr\u00e8res Kohn","datePublished":"2017-12-10T08:57:19+00:00","dateModified":"2024-03-19T15:24:53+00:00","mainEntityOfPage":{"@id":"https:\/\/www.proantic.com\/magazine\/gueridon-gustav-siegel-freres-kohn\/"},"wordCount":722,"image":{"@id":"https:\/\/www.proantic.com\/magazine\/gueridon-gustav-siegel-freres-kohn\/#primaryimage"},"thumbnailUrl":"https:\/\/i0.wp.com\/www.proantic.com\/magazine\/wp-content\/uploads\/2017\/12\/askkki.jpg?fit=3023%2C2139&ssl=1","articleSection":["Arts d\u00e9coratifs sur Proantic"],"inLanguage":"fr-FR"},{"@type":"WebPage","@id":"https:\/\/www.proantic.com\/magazine\/gueridon-gustav-siegel-freres-kohn\/","url":"https:\/\/www.proantic.com\/magazine\/gueridon-gustav-siegel-freres-kohn\/","name":"Gueridon par Gustav Siegel pour les Fr\u00e8res Kohn Le Magazine de Proantic","isPartOf":{"@id":"https:\/\/www.proantic.com\/magazine\/#website"},"primaryImageOfPage":{"@id":"https:\/\/www.proantic.com\/magazine\/gueridon-gustav-siegel-freres-kohn\/#primaryimage"},"image":{"@id":"https:\/\/www.proantic.com\/magazine\/gueridon-gustav-siegel-freres-kohn\/#primaryimage"},"thumbnailUrl":"https:\/\/i0.wp.com\/www.proantic.com\/magazine\/wp-content\/uploads\/2017\/12\/askkki.jpg?fit=3023%2C2139&ssl=1","datePublished":"2017-12-10T08:57:19+00:00","dateModified":"2024-03-19T15:24:53+00:00","author":{"@id":"https:\/\/www.proantic.com\/magazine\/#\/schema\/person\/932db14f53d245f4acce86a3fe906582"},"description":"Chaque mois, un objet de Proantic nous livre ses secrets !\u00a0\u00a0Un\u00a0objet\u00a0ou un\u00a0meuble\u00a0qui pr\u00e9sente un int\u00e9r\u00eat par sa raret\u00e9, son usage, son mode de","breadcrumb":{"@id":"https:\/\/www.proantic.com\/magazine\/gueridon-gustav-siegel-freres-kohn\/#breadcrumb"},"inLanguage":"fr-FR","potentialAction":[{"@type":"ReadAction","target":["https:\/\/www.proantic.com\/magazine\/gueridon-gustav-siegel-freres-kohn\/"]}]},{"@type":"ImageObject","inLanguage":"fr-FR","@id":"https:\/\/www.proantic.com\/magazine\/gueridon-gustav-siegel-freres-kohn\/#primaryimage","url":"https:\/\/i0.wp.com\/www.proantic.com\/magazine\/wp-content\/uploads\/2017\/12\/askkki.jpg?fit=3023%2C2139&ssl=1","contentUrl":"https:\/\/i0.wp.com\/www.proantic.com\/magazine\/wp-content\/uploads\/2017\/12\/askkki.jpg?fit=3023%2C2139&ssl=1","width":3023,"height":2139},{"@type":"BreadcrumbList","@id":"https:\/\/www.proantic.com\/magazine\/gueridon-gustav-siegel-freres-kohn\/#breadcrumb","itemListElement":[{"@type":"ListItem","position":1,"name":"Accueil","item":"https:\/\/www.proantic.com\/magazine\/"},{"@type":"ListItem","position":2,"name":"Gueridon par Gustav Siegel pour les Fr\u00e8res Kohn"}]},{"@type":"WebSite","@id":"https:\/\/www.proantic.com\/magazine\/#website","url":"https:\/\/www.proantic.com\/magazine\/","name":"Le Magazine de Proantic","description":"Magazine d&#039;art et expositions","potentialAction":[{"@type":"SearchAction","target":{"@type":"EntryPoint","urlTemplate":"https:\/\/www.proantic.com\/magazine\/?s={search_term_string}"},"query-input":{"@type":"PropertyValueSpecification","valueRequired":true,"valueName":"search_term_string"}}],"inLanguage":"fr-FR"},{"@type":"Person","@id":"https:\/\/www.proantic.com\/magazine\/#\/schema\/person\/932db14f53d245f4acce86a3fe906582","name":"C\u00e9line Autant"}]}},"jetpack_publicize_connections":[],"jetpack_featured_media_url":"https:\/\/i0.wp.com\/www.proantic.com\/magazine\/wp-content\/uploads\/2017\/12\/askkki.jpg?fit=3023%2C2139&ssl=1","jetpack_shortlink":"https:\/\/wp.me\/p7EkP3-247","jetpack_sharing_enabled":true,"_links":{"self":[{"href":"https:\/\/www.proantic.com\/magazine\/wp-json\/wp\/v2\/posts\/7943","targetHints":{"allow":["GET"]}}],"collection":[{"href":"https:\/\/www.proantic.com\/magazine\/wp-json\/wp\/v2\/posts"}],"about":[{"href":"https:\/\/www.proantic.com\/magazine\/wp-json\/wp\/v2\/types\/post"}],"author":[{"embeddable":true,"href":"https:\/\/www.proantic.com\/magazine\/wp-json\/wp\/v2\/users\/6"}],"replies":[{"embeddable":true,"href":"https:\/\/www.proantic.com\/magazine\/wp-json\/wp\/v2\/comments?post=7943"}],"version-history":[{"count":1,"href":"https:\/\/www.proantic.com\/magazine\/wp-json\/wp\/v2\/posts\/7943\/revisions"}],"predecessor-version":[{"id":16555,"href":"https:\/\/www.proantic.com\/magazine\/wp-json\/wp\/v2\/posts\/7943\/revisions\/16555"}],"wp:featuredmedia":[{"embeddable":true,"href":"https:\/\/www.proantic.com\/magazine\/wp-json\/wp\/v2\/media\/7959"}],"wp:attachment":[{"href":"https:\/\/www.proantic.com\/magazine\/wp-json\/wp\/v2\/media?parent=7943"}],"wp:term":[{"taxonomy":"category","embeddable":true,"href":"https:\/\/www.proantic.com\/magazine\/wp-json\/wp\/v2\/categories?post=7943"},{"taxonomy":"post_tag","embeddable":true,"href":"https:\/\/www.proantic.com\/magazine\/wp-json\/wp\/v2\/tags?post=7943"}],"curies":[{"name":"wp","href":"https:\/\/api.w.org\/{rel}","templated":true}]}}