{"id":7739,"date":"2017-10-29T10:45:18","date_gmt":"2017-10-29T09:45:18","guid":{"rendered":"http:\/\/www.proantic.com\/magazine\/?p=7739"},"modified":"2017-10-29T11:14:30","modified_gmt":"2017-10-29T10:14:30","slug":"visiteurs-de-versailles-1682-1789","status":"publish","type":"post","link":"https:\/\/www.proantic.com\/magazine\/visiteurs-de-versailles-1682-1789\/","title":{"rendered":"Visiteurs de Versailles 1682-1789"},"content":{"rendered":"<p>Avec pr\u00e8s de 7\u00a0millions de visiteurs par an, le ch\u00e2teau de Versailles figure parmi les sites historiques les plus fr\u00e9quent\u00e9s du monde. Le palais et les jardins de Versailles ont attir\u00e9 le public depuis que le petit relais de chasse cr\u00e9\u00e9 par Louis XIII a \u00e9t\u00e9 transform\u00e9 par la volont\u00e9 de Louis XIV en l\u2019une des r\u00e9sidences les plus brillantes d\u2019Europe, ouverte \u00e0 tous, suivant le souhait du Roi.<\/p>\n<p><a href=\"https:\/\/i0.wp.com\/www.proantic.com\/magazine\/wp-content\/uploads\/2017\/10\/hjnhy.png\" data-lightbox=\"gal[7739]\"><img data-recalc-dims=\"1\" loading=\"lazy\" decoding=\"async\" data-attachment-id=\"7764\" data-permalink=\"https:\/\/www.proantic.com\/magazine\/visiteurs-de-versailles-1682-1789\/hjnhy-6\/\" data-orig-file=\"https:\/\/i0.wp.com\/www.proantic.com\/magazine\/wp-content\/uploads\/2017\/10\/hjnhy.png?fit=520%2C666&amp;ssl=1\" data-orig-size=\"520,666\" data-comments-opened=\"1\" data-image-meta=\"{&quot;aperture&quot;:&quot;0&quot;,&quot;credit&quot;:&quot;&quot;,&quot;camera&quot;:&quot;&quot;,&quot;caption&quot;:&quot;&quot;,&quot;created_timestamp&quot;:&quot;0&quot;,&quot;copyright&quot;:&quot;&quot;,&quot;focal_length&quot;:&quot;0&quot;,&quot;iso&quot;:&quot;0&quot;,&quot;shutter_speed&quot;:&quot;0&quot;,&quot;title&quot;:&quot;&quot;,&quot;orientation&quot;:&quot;0&quot;}\" data-image-title=\"Visiteurs de Versailles 1682-1789\" data-image-description=\"\" data-image-caption=\"\" data-medium-file=\"https:\/\/i0.wp.com\/www.proantic.com\/magazine\/wp-content\/uploads\/2017\/10\/hjnhy.png?fit=234%2C300&amp;ssl=1\" data-large-file=\"https:\/\/i0.wp.com\/www.proantic.com\/magazine\/wp-content\/uploads\/2017\/10\/hjnhy.png?fit=520%2C666&amp;ssl=1\" class=\"aligncenter size-full wp-image-7764\" src=\"https:\/\/i0.wp.com\/www.proantic.com\/magazine\/wp-content\/uploads\/2017\/10\/hjnhy.png?resize=520%2C666\" alt=\"\" width=\"520\" height=\"666\" srcset=\"https:\/\/i0.wp.com\/www.proantic.com\/magazine\/wp-content\/uploads\/2017\/10\/hjnhy.png?w=520&amp;ssl=1 520w, https:\/\/i0.wp.com\/www.proantic.com\/magazine\/wp-content\/uploads\/2017\/10\/hjnhy.png?resize=234%2C300&amp;ssl=1 234w, https:\/\/i0.wp.com\/www.proantic.com\/magazine\/wp-content\/uploads\/2017\/10\/hjnhy.png?resize=141%2C180&amp;ssl=1 141w\" sizes=\"auto, (max-width: 520px) 100vw, 520px\" \/><\/a><\/p>\n<p>Voyageurs fran\u00e7ais et \u00e9trangers, princes et ambassadeurs, artistes, \u00e9crivains et philosophes, architectes et savants, touristes du \u00ab Grand Tour \u00bb , tous sont venus \u00e0 Versailles, lieu cosmopolite par excellence. Quand certains s\u2019y rendaient \u00e0 Versailles pour apercevoir le Roi ou solliciter ses faveurs, d\u2019autres y \u00e9taient officiellement re\u00e7us par le souverain, au coeur du Ch\u00e2teau, cadre d\u2019une intense activit\u00e9 diplomatique. De l\u2019ambassade du Siam en 1686 \u00e0 l\u2019ambassade du royaume indien de Mysore en 1788, des repr\u00e9sentants de tous les continents sont venus \u00e0 Versailles.<\/p>\n<p>Chaque visite \u00e9tait l\u2019occasion de d\u00e9couvrir le pittoresque des costumes nationaux fi\u00e8rement port\u00e9s et l\u2019originalit\u00e9 des pr\u00e9sents apport\u00e9s. Les m\u00e9moires, les gazettes et les journaux litt\u00e9raires ont gard\u00e9 la trace des plus importants de ces visiteurs et des f\u00eates qui leur ont \u00e9t\u00e9 offertes.<\/p>\n<span class=\"embed-youtube\" style=\"text-align:center; display: block;\"><iframe loading=\"lazy\" class=\"youtube-player\" width=\"665\" height=\"375\" src=\"https:\/\/www.youtube.com\/embed\/WL9MdHCs05E?version=3&#038;rel=1&#038;showsearch=0&#038;showinfo=1&#038;iv_load_policy=1&#038;fs=1&#038;hl=fr-FR&#038;autohide=2&#038;wmode=transparent\" allowfullscreen=\"true\" style=\"border:0;\" sandbox=\"allow-scripts allow-same-origin allow-popups allow-presentation allow-popups-to-escape-sandbox\"><\/iframe><\/span>\n<p>\u00c0 travers plus de trois cents oeuvres, l\u2019exposition, la premi\u00e8re sur ce sujet, mettra en lumi\u00e8re ces visiteurs de la seconde moiti\u00e9 du XVIIe si\u00e8cle jusqu\u2019\u00e0 la R\u00e9volution. M\u00ealant portraits peints et sculpt\u00e9s, costumes de cour, guides de voyages, tapisseries, porcelaine de S\u00e8vres et de Meissen, armes de parade ou tabati\u00e8res, elle illustrera ce que les voyageurs d\u00e9couvraient en arrivant \u00e0 Versailles. Quel accueil leur \u00e9tait r\u00e9serv\u00e9 ? Quelles \u00e9taients leurs impressions ? Quels cadeaux ou souvenirs rapportaient-ils ? Ainsi, les visiteurs d\u2019aujourd\u2019hui d\u00e9couvriront le\u00a0Ch\u00e2teau par le regard de ceux qui les ont pr\u00e9c\u00e9d\u00e9s au cours de l\u2019histoire.<\/p>\n<figure id=\"attachment_7759\" aria-describedby=\"caption-attachment-7759\" style=\"width: 391px\" class=\"wp-caption aligncenter\"><a href=\"https:\/\/i0.wp.com\/www.proantic.com\/magazine\/wp-content\/uploads\/2017\/10\/hnszer.png\"><img data-recalc-dims=\"1\" loading=\"lazy\" decoding=\"async\" data-attachment-id=\"7759\" data-permalink=\"https:\/\/www.proantic.com\/magazine\/visiteurs-de-versailles-1682-1789\/hnszer\/\" data-orig-file=\"https:\/\/i0.wp.com\/www.proantic.com\/magazine\/wp-content\/uploads\/2017\/10\/hnszer.png?fit=391%2C559&amp;ssl=1\" data-orig-size=\"391,559\" data-comments-opened=\"1\" data-image-meta=\"{&quot;aperture&quot;:&quot;0&quot;,&quot;credit&quot;:&quot;&quot;,&quot;camera&quot;:&quot;&quot;,&quot;caption&quot;:&quot;&quot;,&quot;created_timestamp&quot;:&quot;0&quot;,&quot;copyright&quot;:&quot;&quot;,&quot;focal_length&quot;:&quot;0&quot;,&quot;iso&quot;:&quot;0&quot;,&quot;shutter_speed&quot;:&quot;0&quot;,&quot;title&quot;:&quot;&quot;,&quot;orientation&quot;:&quot;0&quot;}\" data-image-title=\"Visiteurs de Versailles 1682-1789\" data-image-description=\"\" data-image-caption=\"&lt;p&gt; Vue de la Grande Galerie. S\u00e9bastien Leclerc le Vieux (1637-1714)&lt;\/p&gt;\n\" data-medium-file=\"https:\/\/i0.wp.com\/www.proantic.com\/magazine\/wp-content\/uploads\/2017\/10\/hnszer.png?fit=210%2C300&amp;ssl=1\" data-large-file=\"https:\/\/i0.wp.com\/www.proantic.com\/magazine\/wp-content\/uploads\/2017\/10\/hnszer.png?fit=391%2C559&amp;ssl=1\" class=\"size-full wp-image-7759\" src=\"https:\/\/i0.wp.com\/www.proantic.com\/magazine\/wp-content\/uploads\/2017\/10\/hnszer.png?resize=391%2C559\" alt=\"\" width=\"391\" height=\"559\" srcset=\"https:\/\/i0.wp.com\/www.proantic.com\/magazine\/wp-content\/uploads\/2017\/10\/hnszer.png?w=391&amp;ssl=1 391w, https:\/\/i0.wp.com\/www.proantic.com\/magazine\/wp-content\/uploads\/2017\/10\/hnszer.png?resize=210%2C300&amp;ssl=1 210w, https:\/\/i0.wp.com\/www.proantic.com\/magazine\/wp-content\/uploads\/2017\/10\/hnszer.png?resize=126%2C180&amp;ssl=1 126w\" sizes=\"auto, (max-width: 391px) 100vw, 391px\" \/><\/a><figcaption id=\"caption-attachment-7759\" class=\"wp-caption-text\">Vue de la Grande Galerie. S\u00e9bastien Leclerc le Vieux (1637-1714)<\/figcaption><\/figure>\n<h3>Un partenariat entre le ch\u00e2teau de Versailles et le Metropolitan Museum of Art<\/h3>\n<p>L\u2019exposition\u00a0constitue la premi\u00e8re collaboration d\u2019envergure entre ces deux institutions culturelles au rayonnement mondial. Depuis la r\u00e9ception de Benjamin Franklin \u00e0 la cour de Louis XVI en 1778, en passant par l\u2019extraordinaire m\u00e9c\u00e9nat de John D. Rockefeller Jr. dans les ann\u00e9es 1920, Versailles a toujours \u00e9t\u00e9 un th\u00e9\u00e2tre majeur de l\u2019amiti\u00e9 franco-am\u00e9ricaine. Aujourd\u2019hui, ce sont plus de 800 000 visiteurs am\u00e9ricains qui viennent chaque ann\u00e9e admirer la beaut\u00e9 du domaine de Versailles, faisant ainsi des \u00c9tats-Unis le premier pays repr\u00e9sent\u00e9 parmi les visiteurs \u00e9trangers.<\/p>\n<figure id=\"attachment_7760\" aria-describedby=\"caption-attachment-7760\" style=\"width: 700px\" class=\"wp-caption aligncenter\"><a href=\"https:\/\/i0.wp.com\/www.proantic.com\/magazine\/wp-content\/uploads\/2017\/10\/event_les-visiteurs-de-versailles-1682-1789_73671.jpg\"><img data-recalc-dims=\"1\" loading=\"lazy\" decoding=\"async\" data-attachment-id=\"7760\" data-permalink=\"https:\/\/www.proantic.com\/magazine\/visiteurs-de-versailles-1682-1789\/event_les-visiteurs-de-versailles-1682-1789_73671\/\" data-orig-file=\"https:\/\/i0.wp.com\/www.proantic.com\/magazine\/wp-content\/uploads\/2017\/10\/event_les-visiteurs-de-versailles-1682-1789_73671.jpg?fit=700%2C457&amp;ssl=1\" data-orig-size=\"700,457\" data-comments-opened=\"1\" data-image-meta=\"{&quot;aperture&quot;:&quot;0&quot;,&quot;credit&quot;:&quot;&quot;,&quot;camera&quot;:&quot;&quot;,&quot;caption&quot;:&quot;&quot;,&quot;created_timestamp&quot;:&quot;0&quot;,&quot;copyright&quot;:&quot;\\u00a9 Photo RMN - G\\u008erard Blot \/ Herv\\u008e Lewandowski&quot;,&quot;focal_length&quot;:&quot;0&quot;,&quot;iso&quot;:&quot;0&quot;,&quot;shutter_speed&quot;:&quot;0&quot;,&quot;title&quot;:&quot;&quot;,&quot;orientation&quot;:&quot;1&quot;}\" data-image-title=\"Visiteurs de Versailles 1682-1789\" data-image-description=\"\" data-image-caption=\"&lt;p&gt; Visiteurs de Versailles 1682-1789 &lt;\/p&gt;\n\" data-medium-file=\"https:\/\/i0.wp.com\/www.proantic.com\/magazine\/wp-content\/uploads\/2017\/10\/event_les-visiteurs-de-versailles-1682-1789_73671.jpg?fit=300%2C196&amp;ssl=1\" data-large-file=\"https:\/\/i0.wp.com\/www.proantic.com\/magazine\/wp-content\/uploads\/2017\/10\/event_les-visiteurs-de-versailles-1682-1789_73671.jpg?fit=665%2C434&amp;ssl=1\" class=\"size-full wp-image-7760\" src=\"https:\/\/i0.wp.com\/www.proantic.com\/magazine\/wp-content\/uploads\/2017\/10\/event_les-visiteurs-de-versailles-1682-1789_73671.jpg?resize=665%2C434\" alt=\"\" width=\"665\" height=\"434\" srcset=\"https:\/\/i0.wp.com\/www.proantic.com\/magazine\/wp-content\/uploads\/2017\/10\/event_les-visiteurs-de-versailles-1682-1789_73671.jpg?w=700&amp;ssl=1 700w, https:\/\/i0.wp.com\/www.proantic.com\/magazine\/wp-content\/uploads\/2017\/10\/event_les-visiteurs-de-versailles-1682-1789_73671.jpg?resize=300%2C196&amp;ssl=1 300w, https:\/\/i0.wp.com\/www.proantic.com\/magazine\/wp-content\/uploads\/2017\/10\/event_les-visiteurs-de-versailles-1682-1789_73671.jpg?resize=665%2C435&amp;ssl=1 665w, https:\/\/i0.wp.com\/www.proantic.com\/magazine\/wp-content\/uploads\/2017\/10\/event_les-visiteurs-de-versailles-1682-1789_73671.jpg?resize=180%2C118&amp;ssl=1 180w\" sizes=\"auto, (max-width: 665px) 100vw, 665px\" \/><\/a><figcaption id=\"caption-attachment-7760\" class=\"wp-caption-text\">Visiteurs de Versailles 1682-1789<\/figcaption><\/figure>\n<ul>\n<li>EXPOSITION<\/li>\n<\/ul>\n<p><strong>\u00a0Un ch\u00e2teau ouvert sur le monde<\/strong><\/p>\n<p>Le choix de Louis XIV de transf\u00e9rer le si\u00e8ge du gouvernement et la Cour \u00e0 Versailles, officialis\u00e9 en 1682, marque l\u2019aboutissement d\u2019un projet royal : cr\u00e9er un centre du pouvoir monarchique d\u2019une nouvelle nature, autour de la personne m\u00eame du roi. La r\u00e9sidence est donc con\u00e7ue, d\u00e8s l\u2019origine, comme un espace public o\u00f9 le souverain se donne en spectacle, non seulement \u00e0 la Cour mais aussi \u00e0 l\u2019ensemble de ses sujets et aux visiteurs venus du monde entier.<br \/>\nL\u2019accessibilit\u00e9 de la personne royale ne se con\u00e7oit que par l\u2019ouverture des espaces du ch\u00e2teau \u00e0 tous ceux qui le souhaitent, dans le respect de certaines r\u00e8gles.<br \/>\nDes m\u00e9dailles marquent ce caract\u00e8re ouvert et public de la r\u00e9sidence, et en diffusent l\u2019image dans le monde entier. Les premiers guides de visite, command\u00e9s par le roi, sont \u00e9dit\u00e9s. Ils d\u00e9crivent les merveilles du ch\u00e2teau et de ses jardins et sugg\u00e8rent des parcours de visite. \u00c0 ceux-ci, s\u2019ajoutent des guides pratiques diffus\u00e9s par les \u00e9diteurs parisiens, constamment mis \u00e0 jour jusqu\u2019\u00e0 la fin du XVIIIe si\u00e8cle.<\/p>\n<figure id=\"attachment_7761\" aria-describedby=\"caption-attachment-7761\" style=\"width: 758px\" class=\"wp-caption aligncenter\"><a href=\"https:\/\/i0.wp.com\/www.proantic.com\/magazine\/wp-content\/uploads\/2017\/10\/88-004127-02.jpg\"><img data-recalc-dims=\"1\" loading=\"lazy\" decoding=\"async\" data-attachment-id=\"7761\" data-permalink=\"https:\/\/www.proantic.com\/magazine\/visiteurs-de-versailles-1682-1789\/88-004127-02\/\" data-orig-file=\"https:\/\/i0.wp.com\/www.proantic.com\/magazine\/wp-content\/uploads\/2017\/10\/88-004127-02.jpg?fit=758%2C576&amp;ssl=1\" data-orig-size=\"758,576\" data-comments-opened=\"1\" data-image-meta=\"{&quot;aperture&quot;:&quot;0&quot;,&quot;credit&quot;:&quot;&quot;,&quot;camera&quot;:&quot;&quot;,&quot;caption&quot;:&quot;&quot;,&quot;created_timestamp&quot;:&quot;0&quot;,&quot;copyright&quot;:&quot;&quot;,&quot;focal_length&quot;:&quot;0&quot;,&quot;iso&quot;:&quot;0&quot;,&quot;shutter_speed&quot;:&quot;0&quot;,&quot;title&quot;:&quot;&quot;,&quot;orientation&quot;:&quot;0&quot;}\" data-image-title=\"iteurs de Versailles 1682-1789\" data-image-description=\"\" data-image-caption=\"&lt;p&gt;Charles Arquinet, Maquette de l\u2019escalier des Ambassadeurs, co\u0302te\u0301 Sud, 1958.&lt;br \/&gt;\n\u00a9 Cha\u0302teau de Versailles, dist. RMN-Grand Palais \/ Christophe Fouin&lt;\/p&gt;\n\" data-medium-file=\"https:\/\/i0.wp.com\/www.proantic.com\/magazine\/wp-content\/uploads\/2017\/10\/88-004127-02.jpg?fit=300%2C228&amp;ssl=1\" data-large-file=\"https:\/\/i0.wp.com\/www.proantic.com\/magazine\/wp-content\/uploads\/2017\/10\/88-004127-02.jpg?fit=665%2C505&amp;ssl=1\" class=\"size-full wp-image-7761\" src=\"https:\/\/i0.wp.com\/www.proantic.com\/magazine\/wp-content\/uploads\/2017\/10\/88-004127-02.jpg?resize=665%2C505\" alt=\"\" width=\"665\" height=\"505\" srcset=\"https:\/\/i0.wp.com\/www.proantic.com\/magazine\/wp-content\/uploads\/2017\/10\/88-004127-02.jpg?w=758&amp;ssl=1 758w, https:\/\/i0.wp.com\/www.proantic.com\/magazine\/wp-content\/uploads\/2017\/10\/88-004127-02.jpg?resize=300%2C228&amp;ssl=1 300w, https:\/\/i0.wp.com\/www.proantic.com\/magazine\/wp-content\/uploads\/2017\/10\/88-004127-02.jpg?resize=180%2C137&amp;ssl=1 180w\" sizes=\"auto, (max-width: 665px) 100vw, 665px\" \/><\/a><figcaption id=\"caption-attachment-7761\" class=\"wp-caption-text\">Charles Arquinet, Maquette de l\u2019escalier des Ambassadeurs, co\u0302te\u0301 Sud, 1958.<br \/>\u00a9 Cha\u0302teau de Versailles, dist. RMN-Grand Palais \/ Christophe Fouin<\/figcaption><\/figure>\n<p>A) RENCONTRER LE ROI<\/p>\n<p><strong>\u00a0&#8211; Le voyage \u00e0 Versailles<\/strong><\/p>\n<p>\u00c0 la fin des ann\u00e9es 1660, en raison des s\u00e9jours plus fr\u00e9quents du roi et de la Cour \u00e0 Versailles, un syst\u00e8me de transport public et priv\u00e9 se d\u00e9veloppe.<br \/>\nVersailles est \u00e0 quatre lieues \u00e0 l\u2019ouest de Paris. Il faut au minimum deux heures aux v\u00e9hicules les plus rapides pour rejoindre le Ch\u00e2teau depuis la capitale. Un service sp\u00e9cial de messageries est notamment cr\u00e9\u00e9 entre Paris, Saint-Germain-en-Laye et Versailles. Les prix varient en fonction du confort du service : le coche de seize places co\u00fbte 25 sols par personne, le carrosse \u00e0 huit places, 30 sols par personne, et le carrosse de louage \u00e0 quatre places, deux fois plus cher. Un tarif sp\u00e9cifique est appliqu\u00e9 au transport des marchandises par charrette.<\/p>\n<figure id=\"attachment_7762\" aria-describedby=\"caption-attachment-7762\" style=\"width: 403px\" class=\"wp-caption aligncenter\"><a href=\"https:\/\/i0.wp.com\/www.proantic.com\/magazine\/wp-content\/uploads\/2017\/10\/927488-403x500.jpg\"><img data-recalc-dims=\"1\" loading=\"lazy\" decoding=\"async\" data-attachment-id=\"7762\" data-permalink=\"https:\/\/www.proantic.com\/magazine\/visiteurs-de-versailles-1682-1789\/mv-5778\/\" data-orig-file=\"https:\/\/i0.wp.com\/www.proantic.com\/magazine\/wp-content\/uploads\/2017\/10\/927488-403x500.jpg?fit=403%2C500&amp;ssl=1\" data-orig-size=\"403,500\" data-comments-opened=\"1\" data-image-meta=\"{&quot;aperture&quot;:&quot;11&quot;,&quot;credit&quot;:&quot;&quot;,&quot;camera&quot;:&quot;NIKON D3X&quot;,&quot;caption&quot;:&quot;&quot;,&quot;created_timestamp&quot;:&quot;1344211200&quot;,&quot;copyright&quot;:&quot;JM Mana\\u00ef&quot;,&quot;focal_length&quot;:&quot;170&quot;,&quot;iso&quot;:&quot;0&quot;,&quot;shutter_speed&quot;:&quot;4&quot;,&quot;title&quot;:&quot;MV 5778&quot;,&quot;orientation&quot;:&quot;1&quot;}\" data-image-title=\"Visiteurs de Versailles 1682-1789\" data-image-description=\"\" data-image-caption=\"&lt;p&gt;Les diff\u00e9rentes nations de l\u2019Europe.&lt;br \/&gt;\nd\u2019apr\u00e8s Charles Le Brun, XVIIe si\u00e8cle&lt;br \/&gt;\nhuile sur toile&lt;br \/&gt;\nVersailles, mus\u00e9e national des ch\u00e2teaux de Versailles et de Trianon&lt;br \/&gt;\n\u00a9 Ch\u00e2teau de Versailles, dist. RMN-Grand Palais \/ Jean-Marc Mana\u00ef&lt;\/p&gt;\n\" data-medium-file=\"https:\/\/i0.wp.com\/www.proantic.com\/magazine\/wp-content\/uploads\/2017\/10\/927488-403x500.jpg?fit=242%2C300&amp;ssl=1\" data-large-file=\"https:\/\/i0.wp.com\/www.proantic.com\/magazine\/wp-content\/uploads\/2017\/10\/927488-403x500.jpg?fit=403%2C500&amp;ssl=1\" class=\"size-full wp-image-7762\" src=\"https:\/\/i0.wp.com\/www.proantic.com\/magazine\/wp-content\/uploads\/2017\/10\/927488-403x500.jpg?resize=403%2C500\" alt=\"\" width=\"403\" height=\"500\" srcset=\"https:\/\/i0.wp.com\/www.proantic.com\/magazine\/wp-content\/uploads\/2017\/10\/927488-403x500.jpg?resize=403%2C500&amp;ssl=1 403w, https:\/\/i0.wp.com\/www.proantic.com\/magazine\/wp-content\/uploads\/2017\/10\/927488-403x500.jpg?resize=242%2C300&amp;ssl=1 242w, https:\/\/i0.wp.com\/www.proantic.com\/magazine\/wp-content\/uploads\/2017\/10\/927488-403x500.jpg?resize=145%2C180&amp;ssl=1 145w\" sizes=\"auto, (max-width: 403px) 100vw, 403px\" \/><\/a><figcaption id=\"caption-attachment-7762\" class=\"wp-caption-text\">Les diff\u00e9rentes nations de l\u2019Europe.<br \/>d\u2019apr\u00e8s Charles Le Brun, XVIIe si\u00e8cle<br \/>huile sur toile<br \/>Versailles, mus\u00e9e national des ch\u00e2teaux de Versailles et de Trianon<br \/>\u00a9 Ch\u00e2teau de Versailles, dist. RMN-Grand Palais \/ Jean-Marc Mana\u00ef<\/figcaption><\/figure>\n<p>Appr\u00e9ci\u00e9 par de nombreux visiteurs \u00e9trangers, un bateau qui relie Paris \u00e0 S\u00e8vres ou Saint-Cloud, part chaque matin vers 8 heures au niveau du Pont Royal, pour un co\u00fbt tr\u00e8s modique de six sols. Les voyageurs continuent ensuite en coche, par les hauteurs de Viroflay, jusqu\u2019\u00e0 l\u2019avenue de Paris conduisant au Ch\u00e2teau.<br \/>\nUne fois \u00e0 Versailles, les plus fortun\u00e9s ont recours \u00e0 un service de chaises \u00e0 porteurs ou de vinaigrettes (chaises \u00e0 deux roues), stationn\u00e9es sur la place d\u2019Armes, mais dont l\u2019activit\u00e9 principale se d\u00e9roule dans l\u2019enceinte m\u00eame du ch\u00e2teau.<\/p>\n<figure id=\"attachment_7763\" aria-describedby=\"caption-attachment-7763\" style=\"width: 373px\" class=\"wp-caption aligncenter\"><a href=\"https:\/\/i0.wp.com\/www.proantic.com\/magazine\/wp-content\/uploads\/2017\/10\/166783-373x500.jpg\"><img data-recalc-dims=\"1\" loading=\"lazy\" decoding=\"async\" data-attachment-id=\"7763\" data-permalink=\"https:\/\/www.proantic.com\/magazine\/visiteurs-de-versailles-1682-1789\/166783-373x500\/\" data-orig-file=\"https:\/\/i0.wp.com\/www.proantic.com\/magazine\/wp-content\/uploads\/2017\/10\/166783-373x500.jpg?fit=373%2C500&amp;ssl=1\" data-orig-size=\"373,500\" data-comments-opened=\"1\" data-image-meta=\"{&quot;aperture&quot;:&quot;0&quot;,&quot;credit&quot;:&quot;&quot;,&quot;camera&quot;:&quot;&quot;,&quot;caption&quot;:&quot;&quot;,&quot;created_timestamp&quot;:&quot;0&quot;,&quot;copyright&quot;:&quot;\\u00a9 Photo RMN \\u00d0 G\\u017drard Blot&quot;,&quot;focal_length&quot;:&quot;0&quot;,&quot;iso&quot;:&quot;0&quot;,&quot;shutter_speed&quot;:&quot;0&quot;,&quot;title&quot;:&quot;&quot;,&quot;orientation&quot;:&quot;1&quot;}\" data-image-title=\"Visiteurs de Versailles 1682-1789\" data-image-description=\"\" data-image-caption=\"&lt;p&gt;Promenade de Louis XIV dans le bosquet des Bains d\u2019Apollon&lt;br \/&gt;\nPierre Denis Martin. 1713&lt;br \/&gt;\nCh\u00e2teau de Versailles&lt;br \/&gt;\n\u00a9 RMN &amp;#8211; Grand Palais (Ch\u00e2teau de Versailles) \/ G\u00e9rard Blot&lt;\/p&gt;\n\" data-medium-file=\"https:\/\/i0.wp.com\/www.proantic.com\/magazine\/wp-content\/uploads\/2017\/10\/166783-373x500.jpg?fit=224%2C300&amp;ssl=1\" data-large-file=\"https:\/\/i0.wp.com\/www.proantic.com\/magazine\/wp-content\/uploads\/2017\/10\/166783-373x500.jpg?fit=373%2C500&amp;ssl=1\" class=\"size-full wp-image-7763\" src=\"https:\/\/i0.wp.com\/www.proantic.com\/magazine\/wp-content\/uploads\/2017\/10\/166783-373x500.jpg?resize=373%2C500\" alt=\"\" width=\"373\" height=\"500\" srcset=\"https:\/\/i0.wp.com\/www.proantic.com\/magazine\/wp-content\/uploads\/2017\/10\/166783-373x500.jpg?resize=373%2C500&amp;ssl=1 373w, https:\/\/i0.wp.com\/www.proantic.com\/magazine\/wp-content\/uploads\/2017\/10\/166783-373x500.jpg?resize=224%2C300&amp;ssl=1 224w, https:\/\/i0.wp.com\/www.proantic.com\/magazine\/wp-content\/uploads\/2017\/10\/166783-373x500.jpg?resize=134%2C180&amp;ssl=1 134w\" sizes=\"auto, (max-width: 373px) 100vw, 373px\" \/><\/a><figcaption id=\"caption-attachment-7763\" class=\"wp-caption-text\">Promenade de Louis XIV dans le bosquet des Bains d\u2019Apollon<br \/>Pierre Denis Martin. 1713<br \/>Ch\u00e2teau de Versailles<br \/>\u00a9 RMN &#8211; Grand Palais (Ch\u00e2teau de Versailles) \/ G\u00e9rard Blot<\/figcaption><\/figure>\n<p>La question de l\u2019herbergement se pose aussi puisque seuls les grands personnages \u00e9taient accueillis \u00e0 la Cour. Les autres visiteurs devaient trouver \u00e0 se loger par leurs propres moyens. Pour r\u00e9pondre \u00e0 ce besoin il existait, \u00e0 Versailles, des auberges ou des cabarets de plus ou moins<br \/>\ngrande qualit\u00e9.<br \/>\nLors de la construction du ch\u00e2teau par Louis XIII, on ne comptait qu\u2019un seul h\u00f4tel dans la ville. Avec les travaux de Louis XIV et l\u2019installation de la Cour \u00e0 Versailles en 1682, les structures d\u2019h\u00e9bergement se multipli\u00e8rent.<br \/>\nCes \u00e9tablissements \u00e9taient le lieu de rixes r\u00e9guli\u00e8res, le plus souvent entre ouvriers et serviteurs travaillant au Ch\u00e2teau mais \u00e9galement entre voyageurs. \u00c0 cette \u00e9poque, Versailles \u00e9tait alors probablement la premi\u00e8re auberge d\u2019Europe.<\/p>\n<figure id=\"attachment_7771\" aria-describedby=\"caption-attachment-7771\" style=\"width: 453px\" class=\"wp-caption aligncenter\"><a href=\"https:\/\/i0.wp.com\/www.proantic.com\/magazine\/wp-content\/uploads\/2017\/10\/aqklop.png\"><img data-recalc-dims=\"1\" loading=\"lazy\" decoding=\"async\" data-attachment-id=\"7771\" data-permalink=\"https:\/\/www.proantic.com\/magazine\/visiteurs-de-versailles-1682-1789\/aqklop\/\" data-orig-file=\"https:\/\/i0.wp.com\/www.proantic.com\/magazine\/wp-content\/uploads\/2017\/10\/aqklop.png?fit=453%2C513&amp;ssl=1\" data-orig-size=\"453,513\" data-comments-opened=\"1\" data-image-meta=\"{&quot;aperture&quot;:&quot;0&quot;,&quot;credit&quot;:&quot;&quot;,&quot;camera&quot;:&quot;&quot;,&quot;caption&quot;:&quot;&quot;,&quot;created_timestamp&quot;:&quot;0&quot;,&quot;copyright&quot;:&quot;&quot;,&quot;focal_length&quot;:&quot;0&quot;,&quot;iso&quot;:&quot;0&quot;,&quot;shutter_speed&quot;:&quot;0&quot;,&quot;title&quot;:&quot;&quot;,&quot;orientation&quot;:&quot;0&quot;}\" data-image-title=\"isiteurs de Versailles 1682-1789\" data-image-description=\"\" data-image-caption=\"&lt;p&gt;Les diff\u00e9rentes nations de l\u2019Asie&lt;br \/&gt;\nD\u2019apr\u00e8s Charles Le Brun (1619-1690)&lt;br \/&gt;\nVers 1675&lt;br \/&gt;\nHuile sur toile&lt;br \/&gt;\nCh\u00e2teau de Versailles&lt;br \/&gt;\n\u00a9 Ch\u00e2teau de Versailles, Dist RMN &amp;#8211; Grand Palais \/ Jean-Marc Mana\u00ef&lt;\/p&gt;\n\" data-medium-file=\"https:\/\/i0.wp.com\/www.proantic.com\/magazine\/wp-content\/uploads\/2017\/10\/aqklop.png?fit=265%2C300&amp;ssl=1\" data-large-file=\"https:\/\/i0.wp.com\/www.proantic.com\/magazine\/wp-content\/uploads\/2017\/10\/aqklop.png?fit=453%2C513&amp;ssl=1\" class=\"size-full wp-image-7771\" src=\"https:\/\/i0.wp.com\/www.proantic.com\/magazine\/wp-content\/uploads\/2017\/10\/aqklop.png?resize=453%2C513\" alt=\"\" width=\"453\" height=\"513\" srcset=\"https:\/\/i0.wp.com\/www.proantic.com\/magazine\/wp-content\/uploads\/2017\/10\/aqklop.png?w=453&amp;ssl=1 453w, https:\/\/i0.wp.com\/www.proantic.com\/magazine\/wp-content\/uploads\/2017\/10\/aqklop.png?resize=265%2C300&amp;ssl=1 265w, https:\/\/i0.wp.com\/www.proantic.com\/magazine\/wp-content\/uploads\/2017\/10\/aqklop.png?resize=159%2C180&amp;ssl=1 159w\" sizes=\"auto, (max-width: 453px) 100vw, 453px\" \/><\/a><figcaption id=\"caption-attachment-7771\" class=\"wp-caption-text\">Les diff\u00e9rentes nations de l\u2019Asie<br \/>D\u2019apr\u00e8s Charles Le Brun (1619-1690)<br \/>Vers 1675<br \/>Huile sur toile<br \/>Ch\u00e2teau de Versailles<br \/>\u00a9 Ch\u00e2teau de Versailles, Dist RMN &#8211; Grand Palais \/ Jean-Marc Mana\u00ef<\/figcaption><\/figure>\n<p>&nbsp;<\/p>\n<p><strong>&#8211; Accueillis par la maison du roi<\/strong><\/p>\n<p>En arrivant \u00e0 Versailles, les visiteurs sont accueillis par un imposant dispositif de s\u00e9curit\u00e9. Les soldats des gardes fran\u00e7aises circulent sur la place d\u2019Armes tandis que des gardes suisses stationnent dans l\u2019avant cour. C\u2019est l\u00e0 qu\u2019ils rendent les honneurs aux visiteurs officiels.<br \/>\n\u00c0 c\u00f4t\u00e9 de ces gardes \u00ab du dehors \u00bb, deux compagnies aux effectifs plus modestes assurent plus directement la s\u00e9curit\u00e9 du ch\u00e2teau : les gardes de la porte et les gardes de la pr\u00e9v\u00f4t\u00e9 de l\u2019h\u00f4tel.<br \/>\nEnfin, la protection du souverain est assur\u00e9e par les quatre compagnies des gardes du corps et par la compagnie des Cent-Suisses. Le capitaine des gardes du corps suit le roi qu\u2019il ne quitte pas des yeux depuis la premi\u00e8re c\u00e9r\u00e9monie du lever jusqu\u2019\u00e0 celle du coucher. Le capitaine des Cent-Suisses pr\u00e9c\u00e8de le monarque. Enfin, deux gardes de la manche, issus des gardes du corps, marchent de part et d\u2019autre de lui. Au besoin, les Cent-Suisses<br \/>\n\u00e9cartent les visiteurs trop insistants.<\/p>\n<figure id=\"attachment_7765\" aria-describedby=\"caption-attachment-7765\" style=\"width: 532px\" class=\"wp-caption aligncenter\"><a href=\"https:\/\/i0.wp.com\/www.proantic.com\/magazine\/wp-content\/uploads\/2017\/10\/hjui.png\"><img data-recalc-dims=\"1\" loading=\"lazy\" decoding=\"async\" data-attachment-id=\"7765\" data-permalink=\"https:\/\/www.proantic.com\/magazine\/visiteurs-de-versailles-1682-1789\/hjui-9\/\" data-orig-file=\"https:\/\/i0.wp.com\/www.proantic.com\/magazine\/wp-content\/uploads\/2017\/10\/hjui.png?fit=532%2C512&amp;ssl=1\" data-orig-size=\"532,512\" data-comments-opened=\"1\" data-image-meta=\"{&quot;aperture&quot;:&quot;0&quot;,&quot;credit&quot;:&quot;&quot;,&quot;camera&quot;:&quot;&quot;,&quot;caption&quot;:&quot;&quot;,&quot;created_timestamp&quot;:&quot;0&quot;,&quot;copyright&quot;:&quot;&quot;,&quot;focal_length&quot;:&quot;0&quot;,&quot;iso&quot;:&quot;0&quot;,&quot;shutter_speed&quot;:&quot;0&quot;,&quot;title&quot;:&quot;&quot;,&quot;orientation&quot;:&quot;0&quot;}\" data-image-title=\"isiteurs de Versailles 1682-1789\" data-image-description=\"\" data-image-caption=\"&lt;p&gt;D\u00e9tail d\u2019un paravent : Vue du ch\u00e2teau de Versailles depuis l\u2019avenue de Paris. Charles&lt;br \/&gt;\nCozette (1713-1797)&lt;br \/&gt;\nVers 1769-1770, montage en paravent post\u00e9rieur \u00e0 1782. Huile sur toile, cuir peint,&lt;br \/&gt;\nbois&lt;br \/&gt;\nCollection de Monsieur et Madame Dominique M\u00e9gret&lt;br \/&gt;\n\u00a9 Christophe Fouin&lt;\/p&gt;\n\" data-medium-file=\"https:\/\/i0.wp.com\/www.proantic.com\/magazine\/wp-content\/uploads\/2017\/10\/hjui.png?fit=300%2C289&amp;ssl=1\" data-large-file=\"https:\/\/i0.wp.com\/www.proantic.com\/magazine\/wp-content\/uploads\/2017\/10\/hjui.png?fit=532%2C512&amp;ssl=1\" class=\"size-full wp-image-7765\" src=\"https:\/\/i0.wp.com\/www.proantic.com\/magazine\/wp-content\/uploads\/2017\/10\/hjui.png?resize=532%2C512\" alt=\"\" width=\"532\" height=\"512\" srcset=\"https:\/\/i0.wp.com\/www.proantic.com\/magazine\/wp-content\/uploads\/2017\/10\/hjui.png?w=532&amp;ssl=1 532w, https:\/\/i0.wp.com\/www.proantic.com\/magazine\/wp-content\/uploads\/2017\/10\/hjui.png?resize=300%2C289&amp;ssl=1 300w, https:\/\/i0.wp.com\/www.proantic.com\/magazine\/wp-content\/uploads\/2017\/10\/hjui.png?resize=180%2C173&amp;ssl=1 180w\" sizes=\"auto, (max-width: 532px) 100vw, 532px\" \/><\/a><figcaption id=\"caption-attachment-7765\" class=\"wp-caption-text\">D\u00e9tail d\u2019un paravent : Vue du ch\u00e2teau de Versailles depuis l\u2019avenue de Paris. Charles<br \/>Cozette (1713-1797)<br \/>Vers 1769-1770, montage en paravent post\u00e9rieur \u00e0 1782. Huile sur toile, cuir peint,<br \/>bois<br \/>Collection de Monsieur et Madame Dominique M\u00e9gret<br \/>\u00a9 Christophe Fouin<\/figcaption><\/figure>\n<p>Les uniformes que portent toutes ces compagnies donnent leur couleur particuli\u00e8re \u00e0 la foule de la Maison du roi, associant exclusivement le rouge et le bleu. Les d\u00e9tails de l\u2019habillement (boutonnage, broderie, galonnage) ainsi que certains accessoires permettent de diff\u00e9rencier les corps de garde les uns par rapport aux autres.<\/p>\n<p><strong>&#8211; Para\u00eetre \u00e0 la cour<\/strong><\/p>\n<p>Dans leur vari\u00e9t\u00e9, les visiteurs de Versailles sont \u00e0 la fois acteurs et t\u00e9moins des usages vestimentaires de la Cour. Les courtisans doivent \u00eatre magnifiquement v\u00eatus, non seulement \u00e0 l\u2019occasion des visites diplomatiques et des grandes c\u00e9r\u00e9monies, mais \u00e9galement lors de celles qui marquent quotidiennement la vie de la famille royale. Le luxe impos\u00e9 t\u00e9moigne de la grandeur de la monarchie absolue.<br \/>\nSi le visiteur ne participe pas \u00e0 la vie de la Cour, il doit toutefois se fondre dans celle-ci en se conformant \u00e0 la mode du moment. Chacun sait qu\u2019il peut \u00eatre admis au ch\u00e2teau \u00ab pourvu qu\u2019on soit correctement v\u00eatu \u00bb. Il est ainsi conseill\u00e9 aux hommes de porter une \u00e9p\u00e9e, sous peine d\u2019\u00eatre pris pour un valet, et d\u2019avoir un chapeau pour pouvoir assister aux principaux moments de la vie de Cour, auxquels les dames sont convi\u00e9es lorsqu\u2019elles sont \u00ab magnifiquement par\u00e9es \u00bb.<br \/>\nLorsque la Cour est en deuil, ce qui est souvent le cas, une tenue appropri\u00e9e est \u00e9galement n\u00e9cessaire. Toutefois, en l\u2019absence du roi, les r\u00e8gles se rel\u00e2chent.<\/p>\n<figure id=\"attachment_7766\" aria-describedby=\"caption-attachment-7766\" style=\"width: 530px\" class=\"wp-caption aligncenter\"><a href=\"https:\/\/i0.wp.com\/www.proantic.com\/magazine\/wp-content\/uploads\/2017\/10\/nhjui.png\"><img data-recalc-dims=\"1\" loading=\"lazy\" decoding=\"async\" data-attachment-id=\"7766\" data-permalink=\"https:\/\/www.proantic.com\/magazine\/visiteurs-de-versailles-1682-1789\/nhjui-2\/\" data-orig-file=\"https:\/\/i0.wp.com\/www.proantic.com\/magazine\/wp-content\/uploads\/2017\/10\/nhjui.png?fit=530%2C651&amp;ssl=1\" data-orig-size=\"530,651\" data-comments-opened=\"1\" data-image-meta=\"{&quot;aperture&quot;:&quot;0&quot;,&quot;credit&quot;:&quot;&quot;,&quot;camera&quot;:&quot;&quot;,&quot;caption&quot;:&quot;&quot;,&quot;created_timestamp&quot;:&quot;0&quot;,&quot;copyright&quot;:&quot;&quot;,&quot;focal_length&quot;:&quot;0&quot;,&quot;iso&quot;:&quot;0&quot;,&quot;shutter_speed&quot;:&quot;0&quot;,&quot;title&quot;:&quot;&quot;,&quot;orientation&quot;:&quot;0&quot;}\" data-image-title=\"Visiteurs de Versailles 1682-1789\" data-image-description=\"\" data-image-caption=\"&lt;p&gt;Vue des avant-cours du ch\u00e2teau de Versailles et des \u00e9curies&lt;br \/&gt;\nJean-Baptiste Martin, l\u2019a\u00een\u00e9 (1659-1735)&lt;br \/&gt;\n1688&lt;br \/&gt;\nHuile sur toile&lt;br \/&gt;\nCh\u00e2teau de Versailles&lt;br \/&gt;\n\u00a9 Ch\u00e2teau de Versailles, droits r\u00e9serv\u00e9s&lt;\/p&gt;\n\" data-medium-file=\"https:\/\/i0.wp.com\/www.proantic.com\/magazine\/wp-content\/uploads\/2017\/10\/nhjui.png?fit=244%2C300&amp;ssl=1\" data-large-file=\"https:\/\/i0.wp.com\/www.proantic.com\/magazine\/wp-content\/uploads\/2017\/10\/nhjui.png?fit=530%2C651&amp;ssl=1\" class=\"size-full wp-image-7766\" src=\"https:\/\/i0.wp.com\/www.proantic.com\/magazine\/wp-content\/uploads\/2017\/10\/nhjui.png?resize=530%2C651\" alt=\"\" width=\"530\" height=\"651\" srcset=\"https:\/\/i0.wp.com\/www.proantic.com\/magazine\/wp-content\/uploads\/2017\/10\/nhjui.png?w=530&amp;ssl=1 530w, https:\/\/i0.wp.com\/www.proantic.com\/magazine\/wp-content\/uploads\/2017\/10\/nhjui.png?resize=244%2C300&amp;ssl=1 244w, https:\/\/i0.wp.com\/www.proantic.com\/magazine\/wp-content\/uploads\/2017\/10\/nhjui.png?resize=147%2C180&amp;ssl=1 147w\" sizes=\"auto, (max-width: 530px) 100vw, 530px\" \/><\/a><figcaption id=\"caption-attachment-7766\" class=\"wp-caption-text\">Vue des avant-cours du ch\u00e2teau de Versailles et des \u00e9curies<br \/>Jean-Baptiste Martin, l\u2019a\u00een\u00e9 (1659-1735)<br \/>1688<br \/>Huile sur toile<br \/>Ch\u00e2teau de Versailles<br \/>\u00a9 Ch\u00e2teau de Versailles, droits r\u00e9serv\u00e9s<\/figcaption><\/figure>\n<p><strong>&#8211; Apercevoir le roi<\/strong><\/p>\n<p>\u00ab D\u2019aussi loin que nos histoires nous en peuvent instruire, s\u2019il y a quelque caract\u00e8re singulier dans cette monarchie, c\u2019est l\u2019acc\u00e8s libre et facile des sujets au prince. \u00bb<br \/>\n(Louis XIV, M\u00e9moires, 1662)<\/p>\n<p>Versailles, plus que toute autre r\u00e9sidence royale, est le lieu o\u00f9 est mise en \u0153uvre cette r\u00e8gle. Non seulement le roi est quotidiennement visible de tous lorsqu\u2019il sort dans les cours et les jardins, mais de nombreuses occasions de l\u2019apercevoir sont cr\u00e9\u00e9es au fil de la vie de Cour.<\/p>\n<figure id=\"attachment_7767\" aria-describedby=\"caption-attachment-7767\" style=\"width: 605px\" class=\"wp-caption aligncenter\"><a href=\"https:\/\/i0.wp.com\/www.proantic.com\/magazine\/wp-content\/uploads\/2017\/10\/vbfgr.png\"><img data-recalc-dims=\"1\" loading=\"lazy\" decoding=\"async\" data-attachment-id=\"7767\" data-permalink=\"https:\/\/www.proantic.com\/magazine\/visiteurs-de-versailles-1682-1789\/vbfgr\/\" data-orig-file=\"https:\/\/i0.wp.com\/www.proantic.com\/magazine\/wp-content\/uploads\/2017\/10\/vbfgr.png?fit=605%2C328&amp;ssl=1\" data-orig-size=\"605,328\" data-comments-opened=\"1\" data-image-meta=\"{&quot;aperture&quot;:&quot;0&quot;,&quot;credit&quot;:&quot;&quot;,&quot;camera&quot;:&quot;&quot;,&quot;caption&quot;:&quot;&quot;,&quot;created_timestamp&quot;:&quot;0&quot;,&quot;copyright&quot;:&quot;&quot;,&quot;focal_length&quot;:&quot;0&quot;,&quot;iso&quot;:&quot;0&quot;,&quot;shutter_speed&quot;:&quot;0&quot;,&quot;title&quot;:&quot;&quot;,&quot;orientation&quot;:&quot;0&quot;}\" data-image-title=\"isiteurs de Versailles 1682-1789\" data-image-description=\"\" data-image-caption=\"&lt;p&gt;\u00c9ventail : D\u00e9jeuner de la famille royale&lt;br \/&gt;\nVers 1760-1775&lt;br \/&gt;\nMonture en ivoire argent\u00e9 et dor\u00e9, perles de nacre, gouache sur papier&lt;br \/&gt;\nLondres, The Fan Museum&lt;br \/&gt;\n\u00a9 The Fan Museum, London&lt;\/p&gt;\n\" data-medium-file=\"https:\/\/i0.wp.com\/www.proantic.com\/magazine\/wp-content\/uploads\/2017\/10\/vbfgr.png?fit=300%2C163&amp;ssl=1\" data-large-file=\"https:\/\/i0.wp.com\/www.proantic.com\/magazine\/wp-content\/uploads\/2017\/10\/vbfgr.png?fit=605%2C328&amp;ssl=1\" class=\"size-full wp-image-7767\" src=\"https:\/\/i0.wp.com\/www.proantic.com\/magazine\/wp-content\/uploads\/2017\/10\/vbfgr.png?resize=605%2C328\" alt=\"\" width=\"605\" height=\"328\" srcset=\"https:\/\/i0.wp.com\/www.proantic.com\/magazine\/wp-content\/uploads\/2017\/10\/vbfgr.png?w=605&amp;ssl=1 605w, https:\/\/i0.wp.com\/www.proantic.com\/magazine\/wp-content\/uploads\/2017\/10\/vbfgr.png?resize=300%2C163&amp;ssl=1 300w, https:\/\/i0.wp.com\/www.proantic.com\/magazine\/wp-content\/uploads\/2017\/10\/vbfgr.png?resize=180%2C98&amp;ssl=1 180w\" sizes=\"auto, (max-width: 605px) 100vw, 605px\" \/><\/a><figcaption id=\"caption-attachment-7767\" class=\"wp-caption-text\">\u00c9ventail : D\u00e9jeuner de la famille royale<br \/>Vers 1760-1775<br \/>Monture en ivoire argent\u00e9 et dor\u00e9, perles de nacre, gouache sur papier<br \/>Londres, The Fan Museum<br \/>\u00a9 The Fan Museum, London<\/figcaption><\/figure>\n<p><em>Le Grand Couvert<\/em><\/p>\n<p>Le repas public du roi, seul ou en famille, est un \u00e9v\u00e9nement qui se d\u00e9roule trois fois par semaine et suscite une grande affluence. La c\u00e9r\u00e9monie se d\u00e9roule dans l\u2019antichambre de l\u2019Appartement de la Reine, ou, apr\u00e8s le veuvage de Louis XIV en 1683, dans celle de l\u2019Appartement du Roi. La table et les fauteuils des souverains sont plac\u00e9s devant la chemin\u00e9e. Des tabourets permettent \u00e0 un public choisi de s\u2019asseoir tandis que les courtisans et les visiteurs se tiennent debout.<br \/>\nLe repas du roi est certes public mais des r\u00e8glements pr\u00e9cisent les modalit\u00e9s d\u2019entr\u00e9e. En plus des courtisans, sont admises les personnes connues ou recommand\u00e9es, mais il est ais\u00e9 \u00e0 quiconque d\u2019entrer, \u00e0 condition d\u2019\u00eatre correctement v\u00eatu. Seule la taille de la salle conduit les gardes \u00e0 refuser l\u2019entr\u00e9e.<\/p>\n<figure id=\"attachment_7768\" aria-describedby=\"caption-attachment-7768\" style=\"width: 528px\" class=\"wp-caption aligncenter\"><a href=\"https:\/\/i0.wp.com\/www.proantic.com\/magazine\/wp-content\/uploads\/2017\/10\/cvfrt.png\"><img data-recalc-dims=\"1\" loading=\"lazy\" decoding=\"async\" data-attachment-id=\"7768\" data-permalink=\"https:\/\/www.proantic.com\/magazine\/visiteurs-de-versailles-1682-1789\/cvfrt\/\" data-orig-file=\"https:\/\/i0.wp.com\/www.proantic.com\/magazine\/wp-content\/uploads\/2017\/10\/cvfrt.png?fit=528%2C556&amp;ssl=1\" data-orig-size=\"528,556\" data-comments-opened=\"1\" data-image-meta=\"{&quot;aperture&quot;:&quot;0&quot;,&quot;credit&quot;:&quot;&quot;,&quot;camera&quot;:&quot;&quot;,&quot;caption&quot;:&quot;&quot;,&quot;created_timestamp&quot;:&quot;0&quot;,&quot;copyright&quot;:&quot;&quot;,&quot;focal_length&quot;:&quot;0&quot;,&quot;iso&quot;:&quot;0&quot;,&quot;shutter_speed&quot;:&quot;0&quot;,&quot;title&quot;:&quot;&quot;,&quot;orientation&quot;:&quot;0&quot;}\" data-image-title=\"Visiteurs de Versailles 1682-1789\" data-image-description=\"\" data-image-caption=\"&lt;p&gt;Les ambassadeurs de Siam accompagn\u00e9s de leur interpr\u00e8te, l\u2019abb\u00e9 Artus de Lionne&lt;br \/&gt;\nJacques Vigoureux Duplessis (av 1680-1732)&lt;br \/&gt;\nVers 1721&lt;br \/&gt;\nHuile sur toile&lt;br \/&gt;\nInstitut de France, Abbaye Royale de Chaalis, Fontaine-Chaalis&lt;br \/&gt;\n\u00a9 Bruno Cohen Senlis&lt;\/p&gt;\n\" data-medium-file=\"https:\/\/i0.wp.com\/www.proantic.com\/magazine\/wp-content\/uploads\/2017\/10\/cvfrt.png?fit=285%2C300&amp;ssl=1\" data-large-file=\"https:\/\/i0.wp.com\/www.proantic.com\/magazine\/wp-content\/uploads\/2017\/10\/cvfrt.png?fit=528%2C556&amp;ssl=1\" class=\"size-full wp-image-7768\" src=\"https:\/\/i0.wp.com\/www.proantic.com\/magazine\/wp-content\/uploads\/2017\/10\/cvfrt.png?resize=528%2C556\" alt=\"\" width=\"528\" height=\"556\" srcset=\"https:\/\/i0.wp.com\/www.proantic.com\/magazine\/wp-content\/uploads\/2017\/10\/cvfrt.png?w=528&amp;ssl=1 528w, https:\/\/i0.wp.com\/www.proantic.com\/magazine\/wp-content\/uploads\/2017\/10\/cvfrt.png?resize=285%2C300&amp;ssl=1 285w, https:\/\/i0.wp.com\/www.proantic.com\/magazine\/wp-content\/uploads\/2017\/10\/cvfrt.png?resize=171%2C180&amp;ssl=1 171w\" sizes=\"auto, (max-width: 528px) 100vw, 528px\" \/><\/a><figcaption id=\"caption-attachment-7768\" class=\"wp-caption-text\">Les ambassadeurs de Siam accompagn\u00e9s de leur interpr\u00e8te, l\u2019abb\u00e9 Artus de Lionne<br \/>Jacques Vigoureux Duplessis (av 1680-1732)<br \/>Vers 1721<br \/>Huile sur toile<br \/>Institut de France, Abbaye Royale de Chaalis, Fontaine-Chaalis<br \/>\u00a9 Bruno Cohen Senlis<\/figcaption><\/figure>\n<p><em>La procession quotidienne vers la Chapelle<\/em><\/p>\n<p>Chaque jour, en fin de matin\u00e9e, le souverain se rend \u00e0 la Chapelle royale pour assister \u00e0 la messe. Entour\u00e9 des officiers de sa maison, il traverse, au milieu du public, l\u2019enfilade du Grand Appartement \u00e0 partir de la Grande Galerie. Les autres membres de la famille royale peuvent parfois l\u2019accompagner. La procession se reforme apr\u00e8s la messe pour le retour du roi dans son appartement. Cette messe est publique, et les parisiens se pressent en masse pour y assister.<\/p>\n<figure id=\"attachment_7758\" aria-describedby=\"caption-attachment-7758\" style=\"width: 665px\" class=\"wp-caption aligncenter\"><a href=\"https:\/\/i0.wp.com\/www.proantic.com\/magazine\/wp-content\/uploads\/2017\/10\/louis_xiv_recevant_lambassadeur_du_shah_de_perse_par_nicolas_de_largilliere.jpg\"><img data-recalc-dims=\"1\" loading=\"lazy\" decoding=\"async\" data-attachment-id=\"7758\" data-permalink=\"https:\/\/www.proantic.com\/magazine\/visiteurs-de-versailles-1682-1789\/louis_xiv_recevant_lambassadeur_du_shah_de_perse_par_nicolas_de_largilliere\/\" data-orig-file=\"https:\/\/i0.wp.com\/www.proantic.com\/magazine\/wp-content\/uploads\/2017\/10\/louis_xiv_recevant_lambassadeur_du_shah_de_perse_par_nicolas_de_largilliere.jpg?fit=1200%2C741&amp;ssl=1\" data-orig-size=\"1200,741\" data-comments-opened=\"1\" data-image-meta=\"{&quot;aperture&quot;:&quot;0&quot;,&quot;credit&quot;:&quot;&quot;,&quot;camera&quot;:&quot;&quot;,&quot;caption&quot;:&quot;&quot;,&quot;created_timestamp&quot;:&quot;0&quot;,&quot;copyright&quot;:&quot;&quot;,&quot;focal_length&quot;:&quot;0&quot;,&quot;iso&quot;:&quot;0&quot;,&quot;shutter_speed&quot;:&quot;0&quot;,&quot;title&quot;:&quot;&quot;,&quot;orientation&quot;:&quot;0&quot;}\" data-image-title=\"Visiteurs de Versailles 1682-1789\" data-image-description=\"\" data-image-caption=\"&lt;p&gt;Attribu\u00e9 \u00e0 Nicolas de Largilli\u00e8re, Louis XIV recevant l&amp;rsquo;ambassadeur du shah de Perse Mehemet Reza-Bey dans la Galerie des Glaces, 19 f\u00e9vrier 1715, Ch\u00e2teau de Versailles&lt;br \/&gt;\n\u00a9 Ch\u00e2teau de Versailles, Dist. RMN \/ G\u00e9rard Blot, Christian Jean&lt;\/p&gt;\n\" data-medium-file=\"https:\/\/i0.wp.com\/www.proantic.com\/magazine\/wp-content\/uploads\/2017\/10\/louis_xiv_recevant_lambassadeur_du_shah_de_perse_par_nicolas_de_largilliere.jpg?fit=300%2C185&amp;ssl=1\" data-large-file=\"https:\/\/i0.wp.com\/www.proantic.com\/magazine\/wp-content\/uploads\/2017\/10\/louis_xiv_recevant_lambassadeur_du_shah_de_perse_par_nicolas_de_largilliere.jpg?fit=665%2C410&amp;ssl=1\" class=\"size-large wp-image-7758\" src=\"https:\/\/i0.wp.com\/www.proantic.com\/magazine\/wp-content\/uploads\/2017\/10\/louis_xiv_recevant_lambassadeur_du_shah_de_perse_par_nicolas_de_largilliere-1024x632.jpg?resize=665%2C410\" alt=\"\" width=\"665\" height=\"410\" srcset=\"https:\/\/i0.wp.com\/www.proantic.com\/magazine\/wp-content\/uploads\/2017\/10\/louis_xiv_recevant_lambassadeur_du_shah_de_perse_par_nicolas_de_largilliere.jpg?resize=1024%2C632&amp;ssl=1 1024w, https:\/\/i0.wp.com\/www.proantic.com\/magazine\/wp-content\/uploads\/2017\/10\/louis_xiv_recevant_lambassadeur_du_shah_de_perse_par_nicolas_de_largilliere.jpg?resize=300%2C185&amp;ssl=1 300w, https:\/\/i0.wp.com\/www.proantic.com\/magazine\/wp-content\/uploads\/2017\/10\/louis_xiv_recevant_lambassadeur_du_shah_de_perse_par_nicolas_de_largilliere.jpg?resize=768%2C474&amp;ssl=1 768w, https:\/\/i0.wp.com\/www.proantic.com\/magazine\/wp-content\/uploads\/2017\/10\/louis_xiv_recevant_lambassadeur_du_shah_de_perse_par_nicolas_de_largilliere.jpg?resize=180%2C111&amp;ssl=1 180w, https:\/\/i0.wp.com\/www.proantic.com\/magazine\/wp-content\/uploads\/2017\/10\/louis_xiv_recevant_lambassadeur_du_shah_de_perse_par_nicolas_de_largilliere.jpg?w=1200&amp;ssl=1 1200w\" sizes=\"auto, (max-width: 665px) 100vw, 665px\" \/><\/a><figcaption id=\"caption-attachment-7758\" class=\"wp-caption-text\">Attribu\u00e9 \u00e0 Nicolas de Largilli\u00e8re, Louis XIV recevant l&rsquo;ambassadeur du shah de Perse Mehemet Reza-Bey dans la Galerie des Glaces, 19 f\u00e9vrier 1715, Ch\u00e2teau de Versailles<br \/>\u00a9 Ch\u00e2teau de Versailles, Dist. RMN \/ G\u00e9rard Blot, Christian Jean<\/figcaption><\/figure>\n<p><em>La remise des placets<\/em><\/p>\n<p>Ces demandes \u00e9crites sont l\u2019un des modes de relation entre le souverain et ses sujets. Sous le r\u00e8gne de Louis XIV, une table est dress\u00e9e pour cela tous les lundis, dans la salle des Gardes de l\u2019Appartement du Roi. Les placets, soumis par l\u2019ensemble de la soci\u00e9t\u00e9, sont souvent les t\u00e9moignages d\u2019humbles sujets, venus des provinces du royaume pour obtenir du souverain un appui, un arbitrage ou un secours financier.<\/p>\n<p><em>La c\u00e9r\u00e9monie du toucher des \u00e9crouelles<\/em><\/p>\n<p>Les rois de France \u00e9taient r\u00e9put\u00e9s gu\u00e9rir les \u00e9crouelles, maladie d\u2019origine tuberculeuse, par imposition des mains. \u00c0 chaque \u00ab bon jour du roi \u00bb, Versailles devenait un lieu de p\u00e8lerinage, et les malades souffrant de ce mal affluaient non seulement des provinces du royaume, mais aussi de l\u2019\u00e9tranger.<br \/>\nCette c\u00e9r\u00e9monie particuli\u00e8rement populaire permettait au roi d\u2019\u00eatre approch\u00e9 par les moindres de ses sujets autant que d\u2019\u00eatre vu par tous les visiteurs pr\u00e9sents. Pendant son r\u00e8gne, Louis XIV tra\u00e7a un signe de croix sur le front d\u2019environ 200 000 scrofuleux.<\/p>\n<p><em>Les c\u00e9r\u00e9monies de l\u2019ordre du Saint-Esprit<\/em><\/p>\n<p>Quatre fois par an, les 1er et 2 janvier, le 2 f\u00e9vrier et \u00e0 la Pentec\u00f4te, les c\u00e9r\u00e9monies de l\u2019ordre du Saint-Esprit sont l\u2019occasion, pour la Cour et les visiteurs, d\u2019observer le roi et les membres de l\u2019ordre en tenue du XVIe si\u00e8cle. La procession chemine \u00e0 travers la cour royale jusqu\u2019\u00e0 la chapelle, o\u00f9 un tr\u00f4ne a \u00e9t\u00e9 install\u00e9 pour la prestation du serment.<\/p>\n<p>B) LES VISITES POLITIQUES<\/p>\n<p><strong> &#8211; Les audiences des ambassadeurs europ\u00e9ens<\/strong><\/p>\n<p>Au XVIIe si\u00e8cle, les plus grandes nations europ\u00e9ennes se dotent d\u2019ambassades permanentes, avec des diplomates en r\u00e9sidence dans les principales Cours.<br \/>\nAvant toute c\u00e9r\u00e9monie, l\u2019ambassadeur est re\u00e7u par le souverain lors d\u2019une premi\u00e8re audience particuli\u00e8re. Aucun honneur ne lui est alors rendu puisqu\u2019il n\u2019a pas encore officiellement commenc\u00e9 ses fonctions. L\u2019ambassadeur effectue ensuite son entr\u00e9e publique dans Paris, puis se rend \u00e0 Versailles, deux jours plus tard, pour son audience de c\u00e9r\u00e9monie. Il est accueilli par l\u2019introducteur des ambassadeurs, dans le salon de descente ou salle des Ambassadeurs, puis gravit l\u2019escalier de la Reine et est re\u00e7u par le roi dans sa chambre. Cet entretien public se d\u00e9roule selon un protocole minutieux, qui varie suivant le rang du diplomate, l\u2019importance du pays repr\u00e9sent\u00e9, qu\u2019il s\u2019agisse d\u2019un royaume, d\u2019une principaut\u00e9 ou d\u2019une r\u00e9publique, la religion de son prince, catholique ou protestante, et les liens familiaux qui unissent les deux pays.<\/p>\n<p><strong>&#8211; Les ambassadeurs extraordinaires<\/strong><\/p>\n<p>Aux XVIIe et XVIIIe si\u00e8cles, les ambassadeurs non europ\u00e9ens attisent la curiosit\u00e9 de la Cour comme celle des visiteurs. Les ambassades en provenance<br \/>\nd\u2019Asie, d\u2019Afrique et d\u2019autres contr\u00e9es lointaines sont relativement rares et entretiennent un go\u00fbt pour l\u2019exotisme. \u00c0 l\u2019intention de ceux qui n\u2019auraient pas l\u2019occasion de les voir, le Mercure galant publie des comptes rendus d\u00e9taill\u00e9s, et les \u00e9diteurs d\u2019estampes parisiens produisent des images riches d\u2019informations tr\u00e8s pris\u00e9es.<\/p>\n<p>Dans l\u2019organisation des r\u00e9ceptions diplomatiques, la Couronne entend exalter la gloire royale afin d\u2019\u00e9blouir les visiteurs \u00e9trangers comme le public fran\u00e7ais. Louis XIV, qui r\u00e8gle tous les d\u00e9tails et cr\u00e9e \u00e0 Versailles une nouvelle mani\u00e8re de recevoir, s\u2019assure que le protocole est respect\u00e9<br \/>\nmais sait l\u2019adapter aux exigences de ses h\u00f4tes.<\/p>\n<p>Les audiences de ces ambassadeurs extraordinaires font l\u2019objet d\u2019un c\u00e9r\u00e9monial particulier : elles se tiennent dans la salle du Tr\u00f4ne du Grand Appartement, le salon d\u2019Apollon ou plus exceptionnellement dans la Grande Galerie (pour les ambassades de Siam en 1686, de Perse en 1715 et de l\u2019Empire ottoman en 1742). Pour y acc\u00e9der, le cort\u00e8ge gravit l\u2019escalier des Ambassadeurs r\u00e9serv\u00e9 \u00e0 ces c\u00e9r\u00e9monies.<\/p>\n<p>Aux murs de l\u2019escalier, achev\u00e9 en 1679, les peintures de Charles Le Brun repr\u00e9sentent des envoy\u00e9s des diff\u00e9rentes nations de l\u2019Europe, de l\u2019Afrique, de l\u2019Asie et de l\u2019Am\u00e9rique. Un buste de Louis XIV est plac\u00e9 au centre de la composition, au-dessus d\u2019une fontaine. Apr\u00e8s la destruction de l\u2019escalier en 1752, les d\u00e9l\u00e9gations empruntent l\u2019escalier de la Reine, et passent dans l\u2019Appartement du Roi ou de la Reine, afin de gagner la galerie des Glaces et rejoindre le Grand Appartement.<\/p>\n<p>Lors des c\u00e9r\u00e9monies, r\u00e9partis sur les marches de l\u2019escalier, les Cent-Suisses, en tenue \u00ab \u00e0 l\u2019antique \u00bb du XVIe si\u00e8cle, forment une haie d\u2019honneur.<br \/>\nAfin d\u2019honorer l\u2019ambassade, l\u2019audience est toujours suivie d\u2019une visite des jardins, et les eaux sont mises en marche.<\/p>\n<p><strong>&#8211; Les r\u00e9volutionnaires am\u00e9ricains \u00e0 la cour<\/strong><\/p>\n<p>Enchantement et r\u00e9pulsion : telles sont les deux r\u00e9actions qu\u2019\u00e9prouvent au XVIIIe si\u00e8cle bien des Am\u00e9ricains en visitant Versailles, qu\u2019ils soient touristes effectuant un Grand Tour de l\u2019Europe ou diplomates en poste \u00e0 la Cour. Impressionn\u00e9s par la magnificence du ch\u00e2teau et des jardins, ils n\u2019en sont pas moins critiques envers le go\u00fbt des souverains fran\u00e7ais pour le luxe et le protocole, au d\u00e9triment du bien-\u00eatre de leurs sujets, vivant pour la<br \/>\ngrande majorit\u00e9 dans la pauvret\u00e9 et la mis\u00e8re.<\/p>\n<p>L\u2019un des ces visiteurs le plus illustre est Benjamin Franklin. Sa premi\u00e8re visite date de 1767. Il se rendra \u00e0 nouveau \u00e0 Versailles en 1776, six mois apr\u00e8s avoir sign\u00e9 la d\u00e9claration d\u2019ind\u00e9pendance des \u00c9tats-Unis. Lors de ce voyage effectu\u00e9 en tant que pl\u00e9nipotentiaire, il est accompagn\u00e9 de John Silas, rapidement remplac\u00e9 par John Adams, co-auteur de la D\u00e9claration d\u2019ind\u00e9pendance, et d\u2019Arthur Lee. L\u2019audience eut lieu le 20 mars 1778, apr\u00e8s la signature des trait\u00e9s scellant la coop\u00e9ration dans la lutte contre la Grande Bretagne. Lee fut d\u00e9\u00e7u par la simplicit\u00e9 du c\u00e9r\u00e9monial de ce moment.<\/p>\n<p>La Cour, quant \u00e0 elle, est frapp\u00e9e par la mise de Franklin. Elle est subjug\u00e9e par cet homme qui avait refus\u00e9 de porter l\u2019habit \u00e0 la fran\u00e7aise, pour se pr\u00e9senter \u00ab avec un costume de cultivateur am\u00e9ricain, ses cheveux plats sans poudre, son chapeau rond, son habit de drap brun \u00bb (M\u00e9moires de madame Campan). La simplicit\u00e9 de sa tenue rel\u00e8ve, en fait, du stratag\u00e8me politique : l\u2019image qu\u2019il donne de sa personne doit co\u00efncider avec les valeurs et les id\u00e9aux de la jeune r\u00e9publique qu\u2019il repr\u00e9sente.<\/p>\n<p>C) LES VISITES CULTURELLES ET ARTISTIQUES<\/p>\n<p><strong>&#8211; Artistes et espions<\/strong><\/p>\n<p>D\u00e8s son ouverture au public et l\u2019installation de la Cour, Versailles attire philosophes et naturalistes, jardiniers et agronomes, entrepreneurs et artistes. Parmi ceux-ci, le sculpteur de la manufacture de porcelaine de Meissen, Johann Joachim Kaendler, venu en 1750 mettre en place \u00e0 Versailles un \u00e9norme miroir de porcelaine offert par l\u2019\u00e9lecteur de Saxe \u00e0 sa fille la dauphine, ou encore en 1776 le c\u00e9ramiste Thomas Bentley, associ\u00e9 de Thomas<br \/>\nWedgwood dans la manufacture de gr\u00e8s fin anglaise.<\/p>\n<p>On peut \u00e9galement citer, en 1763, la famille Mozart. Lors de leur passage \u00e0 la cour, les enfants se produisent \u00e0 plusieurs reprises devant la famille royale, Wolfgang qui charme Marie Leszczynska, ex\u00e9cute \u00e9galement quelques improvisations sur l\u2019orgue de la Chapelle royale.<\/p>\n<p>Le palais suscite aussi l\u2019int\u00e9r\u00eat des architectes les plus c\u00e9l\u00e8bres, comme le Su\u00e9dois Nicod\u00e8me Tessin, l\u2019Allemand Balthasar Neumann, les Britanniques William Chambers, Robert Adam ou John Soane, qui souhaitent se familiariser avec le style fran\u00e7ais et les technologies mises en \u0153uvre.<\/p>\n<p>La plupart de ces artistes se rendent \u00e0 Versailles \u00e0 la demande de leur prince, et c\u2019est \u00e0 une sorte d\u2019espionnage industriel qu\u2019est soumis Versailles. Ils r\u00e9digent des rapports illustr\u00e9s de dessins techniques. Ils se lamentent souvent de l\u2019absence de plan et d\u2019\u00e9l\u00e9vation du b\u00e2timent \u00e0 l\u2019\u00e9chelle car, s\u2019il existe d\u2019excellentes gravures du palais, il est strictement interdit de r\u00e9aliser des croquis ou de prendre des mesures sur place, sauf autorisation expresse du roi, que certains obtiennent. Ils r\u00e9unissent aupr\u00e8s des libraires parisiens, la documentation qui existe, en particulier les recueils officiels publi\u00e9s par le Cabinet du Roi.<\/p>\n<p>Gr\u00e2ce \u00e0 eux, Versailles devient un mod\u00e8le qui se diffuse dans toute l\u2019Europe.<\/p>\n<p><strong>&#8211; Les touristes du grand Tour<\/strong><\/p>\n<p>Nombreux sont les jeunes nobles qui, pour parfaire leur \u00e9ducation, entreprennent un \u00ab tour des Cours de l\u2019Europe \u00bb. Il s\u2019agit du Grand Tour, dans lequel Versailles occupe une place de choix, comme mod\u00e8le in\u00e9gal\u00e9 de la sociabilit\u00e9 de Cour. Ces grands touristes sont en g\u00e9n\u00e9ral accompagn\u00e9s d\u2019un tuteur, qui organise les enseignements qu\u2019ils re\u00e7oivent dans diff\u00e9rentes \u00e9coles (notamment l\u2019acad\u00e9mie \u00e9questre d\u2019Angers) ainsi que les visites des monuments et institutions qu\u2019ils d\u00e9couvrent.<\/p>\n<p>\u00c0 la surprise des voyageurs, la visite du ch\u00e2teau et des jardins se fait \u00ab avec une pleine libert\u00e9 \u00bb. Le plaisir est accru par les grandes eaux, \u00ab dont quelques-unes jouent tous les jours r\u00e9guli\u00e8rement, mais les autres seulement en certains temps et au plaisir de personnes de qualit\u00e9 \u00bb<br \/>\n(Nemeitz, S\u00e9jour de Paris, 1727).<\/p>\n<p>Ces voyageurs peuvent se procurer de nombreux souvenirs \u2013 gravures, gouaches, petits bronzes, tabati\u00e8res, \u00e9ventails, boutons\u2026 &#8211; vendus \u00e0 Paris ou<br \/>\ndirectement sur des \u00e9tals dans les principaux escaliers du ch\u00e2teau ou m\u00eame dans certaines antichambres.<\/p>\n<p>D) PRINCES EN VISITE OFFICIELLE OU INCOGNITO<\/p>\n<p>\u00ab Les \u00e9tiquettes de la Cour de France sont si s\u00e9v\u00e8res et si hautaines \u00e0 l\u2019\u00e9gard des princes \u00e9trangers, qu\u2019ils s\u2019en \u00e9loignent lorsqu\u2019ils ne sont pas absolument forc\u00e9s de s\u2019y rendre. [\u2026] Aussi tous ceux qui ont visit\u00e9 Versailles ont-ils gard\u00e9 l\u2019incognito et pris un nom suppos\u00e9, pour ne pas \u00eatre<br \/>\nconfondus avec la foule des courtisans. Au moins avec l\u2019incognito, ils s\u2019en tenaient aux r\u00e9ceptions particuli\u00e8res, o\u00f9 on ne leur disputait pas leur rang. \u00bb (baronne d\u2019Oberkirch)<\/p>\n<p>L\u2019\u00c9tiquette tr\u00e8s rigide de Versailles incite de nombreux princes \u00e0 ne pas s\u2019y rendre en visite officielle. Le plus souvent, les souverains \u00e9trangers emploient un titre fictif de comte, suivi du nom d\u2019un lieu en leur possession qui renvoie avec esprit \u00e0 la v\u00e9ritable identit\u00e9 du voyageur.<br \/>\nL\u2019adoption de l\u2019incognito et le pseudonyme sont publiquement annonc\u00e9s avant le d\u00e9part. Le visiteur est ainsi re\u00e7u \u00e0 Versailles avec la simplicit\u00e9 due \u00e0 son statut fictif, mais les \u00e9gards dus \u00e0 son statut r\u00e9el. L\u2019incognito procure une plus grande libert\u00e9 et davantage d\u2019intimit\u00e9. Le besoin de c\u00e9r\u00e9monie et les frais du voyage s\u2019en trouvent tr\u00e8s r\u00e9duits<\/p>\n<p><strong>&#8211; Les h\u00f4tes du Trianon de marbre<\/strong><\/p>\n<p>Le Trianon de marbre, actuel Grand Trianon, \u00e9tait un ch\u00e2teau priv\u00e9 qui n\u2019avait pas vocation \u00e0 recevoir des h\u00f4tes de marque. C\u2019est cependant dans l\u2019aile de Trianon-sous Bois que Pierre Ier est log\u00e9 en mai-juin 1717, lors de son s\u00e9jour \u00e0 Versailles. Gros mangeur, joueur inv\u00e9t\u00e9r\u00e9, le tsar ponctua ce s\u00e9jour d\u2019exc\u00e8s de toutes sortes, au point qu\u2019il tomba malade.<br \/>\nDe nouveaux h\u00f4tes sont annonc\u00e9s en juin 1741. Les parents de la reine Marie Leszczynska, Stanislas Leszczynski, ancien roi de Pologne et duc de Lorraine, et Catherine Opalinska s\u2019installent dans les anciens appartements de Madame de Maintenon. Stanislas qui reviendra presque chaque ann\u00e9e, m\u00eame apr\u00e8s son veuvage, m\u00e8ne une vie simple et familiale, rendant chaque jour visite \u00e0 sa fille \u00e0 Versailles apr\u00e8s le d\u00e9jeuner et rentrant \u00e0 Trianon en fin d\u2019apr\u00e8s-midi. Louis XV n\u2019h\u00e9site pas \u00e0 lui rendre visite lorsqu\u2019il part chasser.<\/p>\n<p><strong>&#8211; Les r\u00e9ceptions de Marie-Antoinette \u00e0 Trianon<\/strong><\/p>\n<p>C\u2019est \u00e0 Trianon que Marie-Antoinette honore, par des f\u00eates somptueuses, certains voyageurs venus incognito \u00e0 Versailles, en particulier les membres de sa famille. Son fr\u00e8re Joseph II est le premier, en 1777, \u00e0 profiter de l\u2019hospitalit\u00e9 de la reine. Il revient en 1781 o\u00f9 sa s\u0153ur lui offre \u00ab une f\u00eate d\u2019un genre nouveau \u00bb : apr\u00e8s le souper et \u00e0 l\u2019issue d\u2019un op\u00e9ra de Gluck sur la sc\u00e8ne du petit th\u00e9\u00e2tre nouvellement achev\u00e9, un concert est donn\u00e9 dans les jardins illumin\u00e9s par des centaines de fagots allum\u00e9s. En 1782, la r\u00e9ception donn\u00e9e pour le comte et la comtesse du Nord est encore plus magnifique. La reine d\u00e9cide d\u2019offrir, apr\u00e8s un op\u00e9ra de Gr\u00e9try et un ballet, des illuminations dans les jardins, le nombre de fagots br\u00fbl\u00e9s augmentant sensiblement.<\/p>\n<p>Le ton est d\u00e9sormais donn\u00e9 et la visite du comte de Haga en 1784 suit le m\u00eame mod\u00e8le ; elle d\u00e9passe m\u00eame en magnificence toutes les pr\u00e9c\u00e9dentes : six mille quatre cents fagots furent consomm\u00e9s lors de l\u2019illumination.<\/p>\n<p><span style=\"color: #ff0000\">En savoir plus:<\/span><\/p>\n<p>Exposition: Visiteurs de Versailles 1682-1789<\/p>\n<p>Jusqu&rsquo;au 25 f\u00e9vrier 2018, ch\u00e2teau de Versailles<\/p>\n<p>www.chateauversailles.fr<\/p>\n","protected":false},"excerpt":{"rendered":"<p>Avec pr\u00e8s de 7\u00a0millions de visiteurs par an, le ch\u00e2teau de Versailles figure parmi les sites historiques les plus fr\u00e9quent\u00e9s du monde. Le palais et les jardins de Versailles ont attir\u00e9 le public depuis que le petit relais de chasse cr\u00e9\u00e9 par Louis XIII a \u00e9t\u00e9 transform\u00e9 par la volont\u00e9 de Louis XIV en l\u2019une [&hellip;]<\/p>\n","protected":false},"author":6,"featured_media":7770,"comment_status":"closed","ping_status":"open","sticky":false,"template":"","format":"standard","meta":{"jetpack_post_was_ever_published":false,"_jetpack_newsletter_access":"","_jetpack_dont_email_post_to_subs":false,"_jetpack_newsletter_tier_id":0,"_jetpack_memberships_contains_paywalled_content":false,"_jetpack_memberships_contains_paid_content":false,"footnotes":"","jetpack_publicize_message":"","jetpack_publicize_feature_enabled":true,"jetpack_social_post_already_shared":true,"jetpack_social_options":{"image_generator_settings":{"template":"highway","default_image_id":0,"font":"","enabled":false},"version":2}},"categories":[12],"tags":[],"class_list":["post-7739","post","type-post","status-publish","format-standard","has-post-thumbnail","hentry","category-expositions"],"yoast_head":"<!-- This site is optimized with the Yoast SEO plugin v26.9 - https:\/\/yoast.com\/product\/yoast-seo-wordpress\/ -->\n<title>Visiteurs de Versailles 1682-1789 Le Magazine de Proantic<\/title>\n<meta name=\"description\" content=\"Avec pr\u00e8s de 7\u00a0millions de visiteurs par an, le ch\u00e2teau de Versailles figure parmi les sites historiques les plus fr\u00e9quent\u00e9s du monde. Le palais et les\" \/>\n<meta name=\"robots\" content=\"index, follow, max-snippet:-1, max-image-preview:large, max-video-preview:-1\" \/>\n<link rel=\"canonical\" href=\"https:\/\/www.proantic.com\/magazine\/visiteurs-de-versailles-1682-1789\/\" \/>\n<meta property=\"og:locale\" content=\"fr_FR\" \/>\n<meta property=\"og:type\" content=\"article\" \/>\n<meta property=\"og:title\" content=\"Visiteurs de Versailles 1682-1789 Le Magazine de Proantic\" \/>\n<meta property=\"og:description\" content=\"Avec pr\u00e8s de 7\u00a0millions de visiteurs par an, le ch\u00e2teau de Versailles figure parmi les sites historiques les plus fr\u00e9quent\u00e9s du monde. Le palais et les\" \/>\n<meta property=\"og:url\" content=\"https:\/\/www.proantic.com\/magazine\/visiteurs-de-versailles-1682-1789\/\" \/>\n<meta property=\"og:site_name\" content=\"Le Magazine de Proantic\" \/>\n<meta property=\"article:publisher\" content=\"https:\/\/www.facebook.com\/pages\/Proantic\/\/259180871793\" \/>\n<meta property=\"article:published_time\" content=\"2017-10-29T09:45:18+00:00\" \/>\n<meta property=\"article:modified_time\" content=\"2017-10-29T10:14:30+00:00\" \/>\n<meta property=\"og:image\" content=\"https:\/\/i0.wp.com\/www.proantic.com\/magazine\/wp-content\/uploads\/2017\/10\/visite-guidee-de-l-exposition-les-visiteurs-de-versailles-1682-1789-avec-michel-lheritier.jpg?fit=1040%2C502&ssl=1\" \/>\n\t<meta property=\"og:image:width\" content=\"1040\" \/>\n\t<meta property=\"og:image:height\" content=\"502\" \/>\n\t<meta property=\"og:image:type\" content=\"image\/jpeg\" \/>\n<meta name=\"author\" content=\"C\u00e9line Autant\" \/>\n<meta name=\"twitter:label1\" content=\"\u00c9crit par\" \/>\n\t<meta name=\"twitter:data1\" content=\"C\u00e9line Autant\" \/>\n\t<meta name=\"twitter:label2\" content=\"Dur\u00e9e de lecture estim\u00e9e\" \/>\n\t<meta name=\"twitter:data2\" content=\"22 minutes\" \/>\n<script type=\"application\/ld+json\" class=\"yoast-schema-graph\">{\"@context\":\"https:\/\/schema.org\",\"@graph\":[{\"@type\":\"Article\",\"@id\":\"https:\/\/www.proantic.com\/magazine\/visiteurs-de-versailles-1682-1789\/#article\",\"isPartOf\":{\"@id\":\"https:\/\/www.proantic.com\/magazine\/visiteurs-de-versailles-1682-1789\/\"},\"author\":{\"name\":\"C\u00e9line Autant\",\"@id\":\"https:\/\/www.proantic.com\/magazine\/#\/schema\/person\/63707e8f4e7d0172de7ddde897688be0\"},\"headline\":\"Visiteurs de Versailles 1682-1789\",\"datePublished\":\"2017-10-29T09:45:18+00:00\",\"dateModified\":\"2017-10-29T10:14:30+00:00\",\"mainEntityOfPage\":{\"@id\":\"https:\/\/www.proantic.com\/magazine\/visiteurs-de-versailles-1682-1789\/\"},\"wordCount\":4354,\"image\":{\"@id\":\"https:\/\/www.proantic.com\/magazine\/visiteurs-de-versailles-1682-1789\/#primaryimage\"},\"thumbnailUrl\":\"https:\/\/i0.wp.com\/www.proantic.com\/magazine\/wp-content\/uploads\/2017\/10\/visite-guidee-de-l-exposition-les-visiteurs-de-versailles-1682-1789-avec-michel-lheritier.jpg?fit=1040%2C502&ssl=1\",\"articleSection\":[\"Expositions\"],\"inLanguage\":\"fr-FR\"},{\"@type\":\"WebPage\",\"@id\":\"https:\/\/www.proantic.com\/magazine\/visiteurs-de-versailles-1682-1789\/\",\"url\":\"https:\/\/www.proantic.com\/magazine\/visiteurs-de-versailles-1682-1789\/\",\"name\":\"Visiteurs de Versailles 1682-1789 Le Magazine de Proantic\",\"isPartOf\":{\"@id\":\"https:\/\/www.proantic.com\/magazine\/#website\"},\"primaryImageOfPage\":{\"@id\":\"https:\/\/www.proantic.com\/magazine\/visiteurs-de-versailles-1682-1789\/#primaryimage\"},\"image\":{\"@id\":\"https:\/\/www.proantic.com\/magazine\/visiteurs-de-versailles-1682-1789\/#primaryimage\"},\"thumbnailUrl\":\"https:\/\/i0.wp.com\/www.proantic.com\/magazine\/wp-content\/uploads\/2017\/10\/visite-guidee-de-l-exposition-les-visiteurs-de-versailles-1682-1789-avec-michel-lheritier.jpg?fit=1040%2C502&ssl=1\",\"datePublished\":\"2017-10-29T09:45:18+00:00\",\"dateModified\":\"2017-10-29T10:14:30+00:00\",\"author\":{\"@id\":\"https:\/\/www.proantic.com\/magazine\/#\/schema\/person\/63707e8f4e7d0172de7ddde897688be0\"},\"description\":\"Avec pr\u00e8s de 7\u00a0millions de visiteurs par an, le ch\u00e2teau de Versailles figure parmi les sites historiques les plus fr\u00e9quent\u00e9s du monde. Le palais et les\",\"breadcrumb\":{\"@id\":\"https:\/\/www.proantic.com\/magazine\/visiteurs-de-versailles-1682-1789\/#breadcrumb\"},\"inLanguage\":\"fr-FR\",\"potentialAction\":[{\"@type\":\"ReadAction\",\"target\":[\"https:\/\/www.proantic.com\/magazine\/visiteurs-de-versailles-1682-1789\/\"]}]},{\"@type\":\"ImageObject\",\"inLanguage\":\"fr-FR\",\"@id\":\"https:\/\/www.proantic.com\/magazine\/visiteurs-de-versailles-1682-1789\/#primaryimage\",\"url\":\"https:\/\/i0.wp.com\/www.proantic.com\/magazine\/wp-content\/uploads\/2017\/10\/visite-guidee-de-l-exposition-les-visiteurs-de-versailles-1682-1789-avec-michel-lheritier.jpg?fit=1040%2C502&ssl=1\",\"contentUrl\":\"https:\/\/i0.wp.com\/www.proantic.com\/magazine\/wp-content\/uploads\/2017\/10\/visite-guidee-de-l-exposition-les-visiteurs-de-versailles-1682-1789-avec-michel-lheritier.jpg?fit=1040%2C502&ssl=1\",\"width\":1040,\"height\":502},{\"@type\":\"BreadcrumbList\",\"@id\":\"https:\/\/www.proantic.com\/magazine\/visiteurs-de-versailles-1682-1789\/#breadcrumb\",\"itemListElement\":[{\"@type\":\"ListItem\",\"position\":1,\"name\":\"Accueil\",\"item\":\"https:\/\/www.proantic.com\/magazine\/\"},{\"@type\":\"ListItem\",\"position\":2,\"name\":\"Visiteurs de Versailles 1682-1789\"}]},{\"@type\":\"WebSite\",\"@id\":\"https:\/\/www.proantic.com\/magazine\/#website\",\"url\":\"https:\/\/www.proantic.com\/magazine\/\",\"name\":\"Le Magazine de Proantic\",\"description\":\"Magazine d&#039;art et expositions\",\"potentialAction\":[{\"@type\":\"SearchAction\",\"target\":{\"@type\":\"EntryPoint\",\"urlTemplate\":\"https:\/\/www.proantic.com\/magazine\/?s={search_term_string}\"},\"query-input\":{\"@type\":\"PropertyValueSpecification\",\"valueRequired\":true,\"valueName\":\"search_term_string\"}}],\"inLanguage\":\"fr-FR\"},{\"@type\":\"Person\",\"@id\":\"https:\/\/www.proantic.com\/magazine\/#\/schema\/person\/63707e8f4e7d0172de7ddde897688be0\",\"name\":\"C\u00e9line Autant\"}]}<\/script>\n<!-- \/ Yoast SEO plugin. -->","yoast_head_json":{"title":"Visiteurs de Versailles 1682-1789 Le Magazine de Proantic","description":"Avec pr\u00e8s de 7\u00a0millions de visiteurs par an, le ch\u00e2teau de Versailles figure parmi les sites historiques les plus fr\u00e9quent\u00e9s du monde. Le palais et les","robots":{"index":"index","follow":"follow","max-snippet":"max-snippet:-1","max-image-preview":"max-image-preview:large","max-video-preview":"max-video-preview:-1"},"canonical":"https:\/\/www.proantic.com\/magazine\/visiteurs-de-versailles-1682-1789\/","og_locale":"fr_FR","og_type":"article","og_title":"Visiteurs de Versailles 1682-1789 Le Magazine de Proantic","og_description":"Avec pr\u00e8s de 7\u00a0millions de visiteurs par an, le ch\u00e2teau de Versailles figure parmi les sites historiques les plus fr\u00e9quent\u00e9s du monde. Le palais et les","og_url":"https:\/\/www.proantic.com\/magazine\/visiteurs-de-versailles-1682-1789\/","og_site_name":"Le Magazine de Proantic","article_publisher":"https:\/\/www.facebook.com\/pages\/Proantic\/\/259180871793","article_published_time":"2017-10-29T09:45:18+00:00","article_modified_time":"2017-10-29T10:14:30+00:00","og_image":[{"width":1040,"height":502,"url":"https:\/\/i0.wp.com\/www.proantic.com\/magazine\/wp-content\/uploads\/2017\/10\/visite-guidee-de-l-exposition-les-visiteurs-de-versailles-1682-1789-avec-michel-lheritier.jpg?fit=1040%2C502&ssl=1","type":"image\/jpeg"}],"author":"C\u00e9line Autant","twitter_misc":{"\u00c9crit par":"C\u00e9line Autant","Dur\u00e9e de lecture estim\u00e9e":"22 minutes"},"schema":{"@context":"https:\/\/schema.org","@graph":[{"@type":"Article","@id":"https:\/\/www.proantic.com\/magazine\/visiteurs-de-versailles-1682-1789\/#article","isPartOf":{"@id":"https:\/\/www.proantic.com\/magazine\/visiteurs-de-versailles-1682-1789\/"},"author":{"name":"C\u00e9line Autant","@id":"https:\/\/www.proantic.com\/magazine\/#\/schema\/person\/63707e8f4e7d0172de7ddde897688be0"},"headline":"Visiteurs de Versailles 1682-1789","datePublished":"2017-10-29T09:45:18+00:00","dateModified":"2017-10-29T10:14:30+00:00","mainEntityOfPage":{"@id":"https:\/\/www.proantic.com\/magazine\/visiteurs-de-versailles-1682-1789\/"},"wordCount":4354,"image":{"@id":"https:\/\/www.proantic.com\/magazine\/visiteurs-de-versailles-1682-1789\/#primaryimage"},"thumbnailUrl":"https:\/\/i0.wp.com\/www.proantic.com\/magazine\/wp-content\/uploads\/2017\/10\/visite-guidee-de-l-exposition-les-visiteurs-de-versailles-1682-1789-avec-michel-lheritier.jpg?fit=1040%2C502&ssl=1","articleSection":["Expositions"],"inLanguage":"fr-FR"},{"@type":"WebPage","@id":"https:\/\/www.proantic.com\/magazine\/visiteurs-de-versailles-1682-1789\/","url":"https:\/\/www.proantic.com\/magazine\/visiteurs-de-versailles-1682-1789\/","name":"Visiteurs de Versailles 1682-1789 Le Magazine de Proantic","isPartOf":{"@id":"https:\/\/www.proantic.com\/magazine\/#website"},"primaryImageOfPage":{"@id":"https:\/\/www.proantic.com\/magazine\/visiteurs-de-versailles-1682-1789\/#primaryimage"},"image":{"@id":"https:\/\/www.proantic.com\/magazine\/visiteurs-de-versailles-1682-1789\/#primaryimage"},"thumbnailUrl":"https:\/\/i0.wp.com\/www.proantic.com\/magazine\/wp-content\/uploads\/2017\/10\/visite-guidee-de-l-exposition-les-visiteurs-de-versailles-1682-1789-avec-michel-lheritier.jpg?fit=1040%2C502&ssl=1","datePublished":"2017-10-29T09:45:18+00:00","dateModified":"2017-10-29T10:14:30+00:00","author":{"@id":"https:\/\/www.proantic.com\/magazine\/#\/schema\/person\/63707e8f4e7d0172de7ddde897688be0"},"description":"Avec pr\u00e8s de 7\u00a0millions de visiteurs par an, le ch\u00e2teau de Versailles figure parmi les sites historiques les plus fr\u00e9quent\u00e9s du monde. Le palais et les","breadcrumb":{"@id":"https:\/\/www.proantic.com\/magazine\/visiteurs-de-versailles-1682-1789\/#breadcrumb"},"inLanguage":"fr-FR","potentialAction":[{"@type":"ReadAction","target":["https:\/\/www.proantic.com\/magazine\/visiteurs-de-versailles-1682-1789\/"]}]},{"@type":"ImageObject","inLanguage":"fr-FR","@id":"https:\/\/www.proantic.com\/magazine\/visiteurs-de-versailles-1682-1789\/#primaryimage","url":"https:\/\/i0.wp.com\/www.proantic.com\/magazine\/wp-content\/uploads\/2017\/10\/visite-guidee-de-l-exposition-les-visiteurs-de-versailles-1682-1789-avec-michel-lheritier.jpg?fit=1040%2C502&ssl=1","contentUrl":"https:\/\/i0.wp.com\/www.proantic.com\/magazine\/wp-content\/uploads\/2017\/10\/visite-guidee-de-l-exposition-les-visiteurs-de-versailles-1682-1789-avec-michel-lheritier.jpg?fit=1040%2C502&ssl=1","width":1040,"height":502},{"@type":"BreadcrumbList","@id":"https:\/\/www.proantic.com\/magazine\/visiteurs-de-versailles-1682-1789\/#breadcrumb","itemListElement":[{"@type":"ListItem","position":1,"name":"Accueil","item":"https:\/\/www.proantic.com\/magazine\/"},{"@type":"ListItem","position":2,"name":"Visiteurs de Versailles 1682-1789"}]},{"@type":"WebSite","@id":"https:\/\/www.proantic.com\/magazine\/#website","url":"https:\/\/www.proantic.com\/magazine\/","name":"Le Magazine de Proantic","description":"Magazine d&#039;art et expositions","potentialAction":[{"@type":"SearchAction","target":{"@type":"EntryPoint","urlTemplate":"https:\/\/www.proantic.com\/magazine\/?s={search_term_string}"},"query-input":{"@type":"PropertyValueSpecification","valueRequired":true,"valueName":"search_term_string"}}],"inLanguage":"fr-FR"},{"@type":"Person","@id":"https:\/\/www.proantic.com\/magazine\/#\/schema\/person\/63707e8f4e7d0172de7ddde897688be0","name":"C\u00e9line Autant"}]}},"jetpack_publicize_connections":[],"jetpack_featured_media_url":"https:\/\/i0.wp.com\/www.proantic.com\/magazine\/wp-content\/uploads\/2017\/10\/visite-guidee-de-l-exposition-les-visiteurs-de-versailles-1682-1789-avec-michel-lheritier.jpg?fit=1040%2C502&ssl=1","jetpack_shortlink":"https:\/\/wp.me\/p7EkP3-20P","jetpack_sharing_enabled":true,"_links":{"self":[{"href":"https:\/\/www.proantic.com\/magazine\/wp-json\/wp\/v2\/posts\/7739","targetHints":{"allow":["GET"]}}],"collection":[{"href":"https:\/\/www.proantic.com\/magazine\/wp-json\/wp\/v2\/posts"}],"about":[{"href":"https:\/\/www.proantic.com\/magazine\/wp-json\/wp\/v2\/types\/post"}],"author":[{"embeddable":true,"href":"https:\/\/www.proantic.com\/magazine\/wp-json\/wp\/v2\/users\/6"}],"replies":[{"embeddable":true,"href":"https:\/\/www.proantic.com\/magazine\/wp-json\/wp\/v2\/comments?post=7739"}],"version-history":[{"count":0,"href":"https:\/\/www.proantic.com\/magazine\/wp-json\/wp\/v2\/posts\/7739\/revisions"}],"wp:featuredmedia":[{"embeddable":true,"href":"https:\/\/www.proantic.com\/magazine\/wp-json\/wp\/v2\/media\/7770"}],"wp:attachment":[{"href":"https:\/\/www.proantic.com\/magazine\/wp-json\/wp\/v2\/media?parent=7739"}],"wp:term":[{"taxonomy":"category","embeddable":true,"href":"https:\/\/www.proantic.com\/magazine\/wp-json\/wp\/v2\/categories?post=7739"},{"taxonomy":"post_tag","embeddable":true,"href":"https:\/\/www.proantic.com\/magazine\/wp-json\/wp\/v2\/tags?post=7739"}],"curies":[{"name":"wp","href":"https:\/\/api.w.org\/{rel}","templated":true}]}}