{"id":7121,"date":"2017-06-16T10:34:07","date_gmt":"2017-06-16T09:34:07","guid":{"rendered":"http:\/\/www.proantic.com\/magazine\/?p=7121"},"modified":"2017-06-18T14:08:19","modified_gmt":"2017-06-18T13:08:19","slug":"maison-gustave-keller-orfevre-a-paris","status":"publish","type":"post","link":"https:\/\/www.proantic.com\/magazine\/maison-gustave-keller-orfevre-a-paris\/","title":{"rendered":"Maison Gustave Keller, orf\u00e8vre \u00e0 Paris"},"content":{"rendered":"<p><strong>Fond\u00e9e en 1857 par Gustave Keller, la maison Keller se sp\u00e9cialise dans les n\u00e9cessaires et la maroquinerie de luxe<\/strong>; tr\u00e8s vite remarqu\u00e9 et appr\u00e9ci\u00e9 il conna\u00eet la cons\u00e9cration aux expositions universelles, en 1867 il re\u00e7oit une m\u00e9daille d&rsquo;argent et en 1878 une m\u00e9daille d&rsquo;or.<\/p>\n<p>&nbsp;<\/p>\n<figure id=\"attachment_7158\" aria-describedby=\"caption-attachment-7158\" style=\"width: 665px\" class=\"wp-caption aligncenter\"><a href=\"https:\/\/i0.wp.com\/www.proantic.com\/magazine\/wp-content\/uploads\/2017\/06\/250900-1.jpg\"><img data-recalc-dims=\"1\" loading=\"lazy\" decoding=\"async\" data-attachment-id=\"7158\" data-permalink=\"https:\/\/www.proantic.com\/magazine\/maison-gustave-keller-orfevre-a-paris\/250900-1\/\" data-orig-file=\"https:\/\/i0.wp.com\/www.proantic.com\/magazine\/wp-content\/uploads\/2017\/06\/250900-1.jpg?fit=1200%2C900&amp;ssl=1\" data-orig-size=\"1200,900\" data-comments-opened=\"1\" data-image-meta=\"{&quot;aperture&quot;:&quot;0&quot;,&quot;credit&quot;:&quot;&quot;,&quot;camera&quot;:&quot;&quot;,&quot;caption&quot;:&quot;&quot;,&quot;created_timestamp&quot;:&quot;0&quot;,&quot;copyright&quot;:&quot;&quot;,&quot;focal_length&quot;:&quot;0&quot;,&quot;iso&quot;:&quot;0&quot;,&quot;shutter_speed&quot;:&quot;0&quot;,&quot;title&quot;:&quot;&quot;,&quot;orientation&quot;:&quot;0&quot;}\" data-image-title=\"Service \u00e0 Caf\u00e9 en Argent Massif de Keller. (c) Argenterie Abadie, Proantic\" data-image-description=\"\" data-image-caption=\"&lt;p&gt;Service \u00e0 Caf\u00e9 en Argent Massif de Keller.&lt;br \/&gt;\n(c) Argenterie Abadie, Proantic&lt;\/p&gt;\n\" data-medium-file=\"https:\/\/i0.wp.com\/www.proantic.com\/magazine\/wp-content\/uploads\/2017\/06\/250900-1.jpg?fit=300%2C225&amp;ssl=1\" data-large-file=\"https:\/\/i0.wp.com\/www.proantic.com\/magazine\/wp-content\/uploads\/2017\/06\/250900-1.jpg?fit=665%2C499&amp;ssl=1\" class=\"size-large wp-image-7158\" src=\"https:\/\/i0.wp.com\/www.proantic.com\/magazine\/wp-content\/uploads\/2017\/06\/250900-1-1024x768.jpg?resize=665%2C499\" alt=\"\" width=\"665\" height=\"499\" srcset=\"https:\/\/i0.wp.com\/www.proantic.com\/magazine\/wp-content\/uploads\/2017\/06\/250900-1.jpg?resize=1024%2C768&amp;ssl=1 1024w, https:\/\/i0.wp.com\/www.proantic.com\/magazine\/wp-content\/uploads\/2017\/06\/250900-1.jpg?resize=300%2C225&amp;ssl=1 300w, https:\/\/i0.wp.com\/www.proantic.com\/magazine\/wp-content\/uploads\/2017\/06\/250900-1.jpg?resize=768%2C576&amp;ssl=1 768w, https:\/\/i0.wp.com\/www.proantic.com\/magazine\/wp-content\/uploads\/2017\/06\/250900-1.jpg?resize=180%2C135&amp;ssl=1 180w, https:\/\/i0.wp.com\/www.proantic.com\/magazine\/wp-content\/uploads\/2017\/06\/250900-1.jpg?w=1200&amp;ssl=1 1200w\" sizes=\"auto, (max-width: 665px) 100vw, 665px\" \/><\/a><figcaption id=\"caption-attachment-7158\" class=\"wp-caption-text\">Service \u00e0 Caf\u00e9 en Argent Massif de Keller.<br \/>(c) Argenterie Abadie, Proantic<\/figcaption><\/figure>\n<p>En 1878, ses deux fils reprennent la firme sous le nom \u00ab\u00a0Keller fils et gendre successeurs\u00a0\u00bb et ajoutent l&rsquo;orf\u00e8vrerie de table, divers objets \u00e0 leurs activit\u00e9s.\u00a0La production est r\u00e9compens\u00e9e au aux expositions universelles de 1889 et 1900 , respectivement par une m\u00e9daille d&rsquo;or et un Grand Prix.<\/p>\n<figure id=\"attachment_7155\" aria-describedby=\"caption-attachment-7155\" style=\"width: 665px\" class=\"wp-caption aligncenter\"><a href=\"https:\/\/i0.wp.com\/www.proantic.com\/magazine\/wp-content\/uploads\/2017\/06\/261663-1.jpg\"><img data-recalc-dims=\"1\" loading=\"lazy\" decoding=\"async\" data-attachment-id=\"7155\" data-permalink=\"https:\/\/www.proantic.com\/magazine\/maison-gustave-keller-orfevre-a-paris\/261663-1\/\" data-orig-file=\"https:\/\/i0.wp.com\/www.proantic.com\/magazine\/wp-content\/uploads\/2017\/06\/261663-1.jpg?fit=1056%2C1200&amp;ssl=1\" data-orig-size=\"1056,1200\" data-comments-opened=\"1\" data-image-meta=\"{&quot;aperture&quot;:&quot;0&quot;,&quot;credit&quot;:&quot;&quot;,&quot;camera&quot;:&quot;&quot;,&quot;caption&quot;:&quot;&quot;,&quot;created_timestamp&quot;:&quot;0&quot;,&quot;copyright&quot;:&quot;&quot;,&quot;focal_length&quot;:&quot;0&quot;,&quot;iso&quot;:&quot;0&quot;,&quot;shutter_speed&quot;:&quot;0&quot;,&quot;title&quot;:&quot;&quot;,&quot;orientation&quot;:&quot;0&quot;}\" data-image-title=\"Keller &amp;#8211; N\u00e9cessaire de voyage de Dame : valise Et 49 Accessoires en vermeil Et cristal. (c) GSLR Antiques\" data-image-description=\"\" data-image-caption=\"&lt;p&gt;Keller &amp;#8211; N\u00e9cessaire de voyage de Dame : valise Et 49 Accessoires en vermeil Et cristal.&lt;br \/&gt;\n(c) GSLR Antiques&lt;\/p&gt;\n\" data-medium-file=\"https:\/\/i0.wp.com\/www.proantic.com\/magazine\/wp-content\/uploads\/2017\/06\/261663-1.jpg?fit=264%2C300&amp;ssl=1\" data-large-file=\"https:\/\/i0.wp.com\/www.proantic.com\/magazine\/wp-content\/uploads\/2017\/06\/261663-1.jpg?fit=665%2C756&amp;ssl=1\" class=\"size-large wp-image-7155\" src=\"https:\/\/i0.wp.com\/www.proantic.com\/magazine\/wp-content\/uploads\/2017\/06\/261663-1-901x1024.jpg?resize=665%2C756\" alt=\"\" width=\"665\" height=\"756\" srcset=\"https:\/\/i0.wp.com\/www.proantic.com\/magazine\/wp-content\/uploads\/2017\/06\/261663-1.jpg?resize=901%2C1024&amp;ssl=1 901w, https:\/\/i0.wp.com\/www.proantic.com\/magazine\/wp-content\/uploads\/2017\/06\/261663-1.jpg?resize=264%2C300&amp;ssl=1 264w, https:\/\/i0.wp.com\/www.proantic.com\/magazine\/wp-content\/uploads\/2017\/06\/261663-1.jpg?resize=768%2C873&amp;ssl=1 768w, https:\/\/i0.wp.com\/www.proantic.com\/magazine\/wp-content\/uploads\/2017\/06\/261663-1.jpg?resize=158%2C180&amp;ssl=1 158w, https:\/\/i0.wp.com\/www.proantic.com\/magazine\/wp-content\/uploads\/2017\/06\/261663-1.jpg?w=1056&amp;ssl=1 1056w\" sizes=\"auto, (max-width: 665px) 100vw, 665px\" \/><\/a><figcaption id=\"caption-attachment-7155\" class=\"wp-caption-text\">Keller &#8211; N\u00e9cessaire de voyage de Dame : valise Et 49 Accessoires en vermeil Et cristal.<br \/>(c) GSLR Antiques, Proantic<\/figcaption><\/figure>\n<p>Leur notori\u00e9t\u00e9 est grande, \u00a0les commandes officielles affluent et les clients sont nombreux et prestigieux, il faut compter parmi ceux-ci les cours d&rsquo;Espagne, de Roumanie, de Gr\u00e8ce, de Russie, la Principaut\u00e9 de Monaco et le Tsar Nicolas II \u00a0s&rsquo;y est d&rsquo;ailleurs r\u00e9guli\u00e8rement approvisionn\u00e9 \u00e0 la fin du XIXe si\u00e8cle. Le niveau de qualit\u00e9 des pi\u00e8ces d&rsquo;orf\u00e8vrerie est \u00e0 la hauteur de ce que l&rsquo;on peut attendre d&rsquo;un des plus grands orf\u00e8vres Fran\u00e7ais du d\u00e9but du si\u00e8cle dernier.<br \/>\nDe nombreuses \u0153uvres sont pr\u00e9sentes dans diff\u00e9rents mus\u00e9es prestigieux dont Les Arts D\u00e9coratifs, Orsay et L&rsquo;Ermitage&#8230;<\/p>\n<figure id=\"attachment_7156\" aria-describedby=\"caption-attachment-7156\" style=\"width: 665px\" class=\"wp-caption aligncenter\"><a href=\"https:\/\/i0.wp.com\/www.proantic.com\/magazine\/wp-content\/uploads\/2017\/06\/251627-1.jpg\"><img data-recalc-dims=\"1\" loading=\"lazy\" decoding=\"async\" data-attachment-id=\"7156\" data-permalink=\"https:\/\/www.proantic.com\/magazine\/maison-gustave-keller-orfevre-a-paris\/251627-1\/\" data-orig-file=\"https:\/\/i0.wp.com\/www.proantic.com\/magazine\/wp-content\/uploads\/2017\/06\/251627-1.jpg?fit=1200%2C800&amp;ssl=1\" data-orig-size=\"1200,800\" data-comments-opened=\"1\" data-image-meta=\"{&quot;aperture&quot;:&quot;0&quot;,&quot;credit&quot;:&quot;&quot;,&quot;camera&quot;:&quot;&quot;,&quot;caption&quot;:&quot;&quot;,&quot;created_timestamp&quot;:&quot;0&quot;,&quot;copyright&quot;:&quot;&quot;,&quot;focal_length&quot;:&quot;0&quot;,&quot;iso&quot;:&quot;0&quot;,&quot;shutter_speed&quot;:&quot;0&quot;,&quot;title&quot;:&quot;&quot;,&quot;orientation&quot;:&quot;0&quot;}\" data-image-title=\"KELLER Gustave. Table \u00e0 Manucure. (c) Galerie Christophe Lachaux, Proantic\" data-image-description=\"\" data-image-caption=\"&lt;p&gt;KELLER Gustave. Table \u00e0 Manucure.&lt;br \/&gt;\n(c) Galerie Christophe Lachaux, Proantic&lt;\/p&gt;\n\" data-medium-file=\"https:\/\/i0.wp.com\/www.proantic.com\/magazine\/wp-content\/uploads\/2017\/06\/251627-1.jpg?fit=300%2C200&amp;ssl=1\" data-large-file=\"https:\/\/i0.wp.com\/www.proantic.com\/magazine\/wp-content\/uploads\/2017\/06\/251627-1.jpg?fit=665%2C444&amp;ssl=1\" class=\"size-large wp-image-7156\" src=\"https:\/\/i0.wp.com\/www.proantic.com\/magazine\/wp-content\/uploads\/2017\/06\/251627-1-1024x683.jpg?resize=665%2C444\" alt=\"\" width=\"665\" height=\"444\" srcset=\"https:\/\/i0.wp.com\/www.proantic.com\/magazine\/wp-content\/uploads\/2017\/06\/251627-1.jpg?resize=1024%2C683&amp;ssl=1 1024w, https:\/\/i0.wp.com\/www.proantic.com\/magazine\/wp-content\/uploads\/2017\/06\/251627-1.jpg?resize=300%2C200&amp;ssl=1 300w, https:\/\/i0.wp.com\/www.proantic.com\/magazine\/wp-content\/uploads\/2017\/06\/251627-1.jpg?resize=768%2C512&amp;ssl=1 768w, https:\/\/i0.wp.com\/www.proantic.com\/magazine\/wp-content\/uploads\/2017\/06\/251627-1.jpg?resize=180%2C120&amp;ssl=1 180w, https:\/\/i0.wp.com\/www.proantic.com\/magazine\/wp-content\/uploads\/2017\/06\/251627-1.jpg?w=1200&amp;ssl=1 1200w\" sizes=\"auto, (max-width: 665px) 100vw, 665px\" \/><\/a><figcaption id=\"caption-attachment-7156\" class=\"wp-caption-text\">KELLER Gustave. Table \u00e0 Manucure.<br \/>(c) Galerie Christophe Lachaux, Proantic<\/figcaption><\/figure>\n<p>\u00c9tablie \u00e0 Paris au 65, rue de Turbigo \u00e0 Paris, la maison Keller a d\u00e9plac\u00e9 son magasin et atelier au 22 rue Joubert en 1891. En 1929, le magasin a \u00e9t\u00e9 enregistr\u00e9 au 18 avenue Matignon. l&rsquo;entreprise cessera ses activit\u00e9s vers 1947.<\/p>\n","protected":false},"excerpt":{"rendered":"<p>Fond\u00e9e en 1857 par Gustave Keller, la maison Keller se sp\u00e9cialise dans les n\u00e9cessaires et la maroquinerie de luxe; tr\u00e8s vite remarqu\u00e9 et appr\u00e9ci\u00e9 il conna\u00eet la cons\u00e9cration aux expositions universelles, en 1867 il re\u00e7oit une m\u00e9daille d&rsquo;argent et en 1878 une m\u00e9daille d&rsquo;or. &nbsp; En 1878, ses deux fils reprennent la firme sous le [&hellip;]<\/p>\n","protected":false},"author":6,"featured_media":7157,"comment_status":"closed","ping_status":"open","sticky":false,"template":"","format":"standard","meta":{"jetpack_post_was_ever_published":false,"_jetpack_newsletter_access":"","_jetpack_dont_email_post_to_subs":false,"_jetpack_newsletter_tier_id":0,"_jetpack_memberships_contains_paywalled_content":false,"_jetpack_memberships_contains_paid_content":false,"footnotes":"","jetpack_publicize_message":"","jetpack_publicize_feature_enabled":true,"jetpack_social_post_already_shared":true,"jetpack_social_options":{"image_generator_settings":{"template":"highway","default_image_id":0,"font":"","enabled":false},"version":2}},"categories":[327],"tags":[],"class_list":["post-7121","post","type-post","status-publish","format-standard","has-post-thumbnail","hentry","category-entreprise-du-patrimoine"],"yoast_head":"<!-- This site is optimized with the Yoast SEO plugin v26.9 - https:\/\/yoast.com\/product\/yoast-seo-wordpress\/ -->\n<title>Maison Gustave Keller, orf\u00e8vre \u00e0 Paris Le Magazine de Proantic<\/title>\n<meta name=\"description\" content=\"Fond\u00e9e en 1857 par Gustave Keller, la maison Keller se sp\u00e9cialise dans les n\u00e9cessaires et la maroquinerie de luxe; tr\u00e8s vite remarqu\u00e9 et appr\u00e9ci\u00e9 il\" \/>\n<meta name=\"robots\" content=\"index, follow, max-snippet:-1, max-image-preview:large, max-video-preview:-1\" \/>\n<link rel=\"canonical\" href=\"https:\/\/www.proantic.com\/magazine\/maison-gustave-keller-orfevre-a-paris\/\" \/>\n<meta property=\"og:locale\" content=\"fr_FR\" \/>\n<meta property=\"og:type\" content=\"article\" \/>\n<meta property=\"og:title\" content=\"Maison Gustave Keller, orf\u00e8vre \u00e0 Paris Le Magazine de Proantic\" \/>\n<meta property=\"og:description\" content=\"Fond\u00e9e en 1857 par Gustave Keller, la maison Keller se sp\u00e9cialise dans les n\u00e9cessaires et la maroquinerie de luxe; tr\u00e8s vite remarqu\u00e9 et appr\u00e9ci\u00e9 il\" \/>\n<meta property=\"og:url\" content=\"https:\/\/www.proantic.com\/magazine\/maison-gustave-keller-orfevre-a-paris\/\" \/>\n<meta property=\"og:site_name\" content=\"Le Magazine de Proantic\" \/>\n<meta property=\"article:publisher\" content=\"https:\/\/www.facebook.com\/pages\/Proantic\/\/259180871793\" \/>\n<meta property=\"article:published_time\" content=\"2017-06-16T09:34:07+00:00\" \/>\n<meta property=\"article:modified_time\" content=\"2017-06-18T13:08:19+00:00\" \/>\n<meta property=\"og:image\" content=\"https:\/\/i0.wp.com\/www.proantic.com\/magazine\/wp-content\/uploads\/2017\/06\/251627-2.jpg?fit=1200%2C800&ssl=1\" \/>\n\t<meta property=\"og:image:width\" content=\"1200\" \/>\n\t<meta property=\"og:image:height\" content=\"800\" \/>\n\t<meta property=\"og:image:type\" content=\"image\/jpeg\" \/>\n<meta name=\"author\" content=\"C\u00e9line Autant\" \/>\n<meta name=\"twitter:label1\" content=\"\u00c9crit par\" \/>\n\t<meta name=\"twitter:data1\" content=\"C\u00e9line Autant\" \/>\n\t<meta name=\"twitter:label2\" content=\"Dur\u00e9e de lecture estim\u00e9e\" \/>\n\t<meta name=\"twitter:data2\" content=\"2 minutes\" \/>\n<script type=\"application\/ld+json\" class=\"yoast-schema-graph\">{\"@context\":\"https:\/\/schema.org\",\"@graph\":[{\"@type\":\"Article\",\"@id\":\"https:\/\/www.proantic.com\/magazine\/maison-gustave-keller-orfevre-a-paris\/#article\",\"isPartOf\":{\"@id\":\"https:\/\/www.proantic.com\/magazine\/maison-gustave-keller-orfevre-a-paris\/\"},\"author\":{\"name\":\"C\u00e9line Autant\",\"@id\":\"https:\/\/www.proantic.com\/magazine\/#\/schema\/person\/932db14f53d245f4acce86a3fe906582\"},\"headline\":\"Maison Gustave Keller, orf\u00e8vre \u00e0 Paris\",\"datePublished\":\"2017-06-16T09:34:07+00:00\",\"dateModified\":\"2017-06-18T13:08:19+00:00\",\"mainEntityOfPage\":{\"@id\":\"https:\/\/www.proantic.com\/magazine\/maison-gustave-keller-orfevre-a-paris\/\"},\"wordCount\":320,\"image\":{\"@id\":\"https:\/\/www.proantic.com\/magazine\/maison-gustave-keller-orfevre-a-paris\/#primaryimage\"},\"thumbnailUrl\":\"https:\/\/i0.wp.com\/www.proantic.com\/magazine\/wp-content\/uploads\/2017\/06\/251627-2.jpg?fit=1200%2C800&ssl=1\",\"articleSection\":[\"Entreprise du Patrimoine\"],\"inLanguage\":\"fr-FR\"},{\"@type\":\"WebPage\",\"@id\":\"https:\/\/www.proantic.com\/magazine\/maison-gustave-keller-orfevre-a-paris\/\",\"url\":\"https:\/\/www.proantic.com\/magazine\/maison-gustave-keller-orfevre-a-paris\/\",\"name\":\"Maison Gustave Keller, orf\u00e8vre \u00e0 Paris Le Magazine de Proantic\",\"isPartOf\":{\"@id\":\"https:\/\/www.proantic.com\/magazine\/#website\"},\"primaryImageOfPage\":{\"@id\":\"https:\/\/www.proantic.com\/magazine\/maison-gustave-keller-orfevre-a-paris\/#primaryimage\"},\"image\":{\"@id\":\"https:\/\/www.proantic.com\/magazine\/maison-gustave-keller-orfevre-a-paris\/#primaryimage\"},\"thumbnailUrl\":\"https:\/\/i0.wp.com\/www.proantic.com\/magazine\/wp-content\/uploads\/2017\/06\/251627-2.jpg?fit=1200%2C800&ssl=1\",\"datePublished\":\"2017-06-16T09:34:07+00:00\",\"dateModified\":\"2017-06-18T13:08:19+00:00\",\"author\":{\"@id\":\"https:\/\/www.proantic.com\/magazine\/#\/schema\/person\/932db14f53d245f4acce86a3fe906582\"},\"description\":\"Fond\u00e9e en 1857 par Gustave Keller, la maison Keller se sp\u00e9cialise dans les n\u00e9cessaires et la maroquinerie de luxe; tr\u00e8s vite remarqu\u00e9 et appr\u00e9ci\u00e9 il\",\"breadcrumb\":{\"@id\":\"https:\/\/www.proantic.com\/magazine\/maison-gustave-keller-orfevre-a-paris\/#breadcrumb\"},\"inLanguage\":\"fr-FR\",\"potentialAction\":[{\"@type\":\"ReadAction\",\"target\":[\"https:\/\/www.proantic.com\/magazine\/maison-gustave-keller-orfevre-a-paris\/\"]}]},{\"@type\":\"ImageObject\",\"inLanguage\":\"fr-FR\",\"@id\":\"https:\/\/www.proantic.com\/magazine\/maison-gustave-keller-orfevre-a-paris\/#primaryimage\",\"url\":\"https:\/\/i0.wp.com\/www.proantic.com\/magazine\/wp-content\/uploads\/2017\/06\/251627-2.jpg?fit=1200%2C800&ssl=1\",\"contentUrl\":\"https:\/\/i0.wp.com\/www.proantic.com\/magazine\/wp-content\/uploads\/2017\/06\/251627-2.jpg?fit=1200%2C800&ssl=1\",\"width\":1200,\"height\":800},{\"@type\":\"BreadcrumbList\",\"@id\":\"https:\/\/www.proantic.com\/magazine\/maison-gustave-keller-orfevre-a-paris\/#breadcrumb\",\"itemListElement\":[{\"@type\":\"ListItem\",\"position\":1,\"name\":\"Accueil\",\"item\":\"https:\/\/www.proantic.com\/magazine\/\"},{\"@type\":\"ListItem\",\"position\":2,\"name\":\"Maison Gustave Keller, orf\u00e8vre \u00e0 Paris\"}]},{\"@type\":\"WebSite\",\"@id\":\"https:\/\/www.proantic.com\/magazine\/#website\",\"url\":\"https:\/\/www.proantic.com\/magazine\/\",\"name\":\"Le Magazine de Proantic\",\"description\":\"Magazine d&#039;art et expositions\",\"potentialAction\":[{\"@type\":\"SearchAction\",\"target\":{\"@type\":\"EntryPoint\",\"urlTemplate\":\"https:\/\/www.proantic.com\/magazine\/?s={search_term_string}\"},\"query-input\":{\"@type\":\"PropertyValueSpecification\",\"valueRequired\":true,\"valueName\":\"search_term_string\"}}],\"inLanguage\":\"fr-FR\"},{\"@type\":\"Person\",\"@id\":\"https:\/\/www.proantic.com\/magazine\/#\/schema\/person\/932db14f53d245f4acce86a3fe906582\",\"name\":\"C\u00e9line Autant\"}]}<\/script>\n<!-- \/ Yoast SEO plugin. -->","yoast_head_json":{"title":"Maison Gustave Keller, orf\u00e8vre \u00e0 Paris Le Magazine de Proantic","description":"Fond\u00e9e en 1857 par Gustave Keller, la maison Keller se sp\u00e9cialise dans les n\u00e9cessaires et la maroquinerie de luxe; tr\u00e8s vite remarqu\u00e9 et appr\u00e9ci\u00e9 il","robots":{"index":"index","follow":"follow","max-snippet":"max-snippet:-1","max-image-preview":"max-image-preview:large","max-video-preview":"max-video-preview:-1"},"canonical":"https:\/\/www.proantic.com\/magazine\/maison-gustave-keller-orfevre-a-paris\/","og_locale":"fr_FR","og_type":"article","og_title":"Maison Gustave Keller, orf\u00e8vre \u00e0 Paris Le Magazine de Proantic","og_description":"Fond\u00e9e en 1857 par Gustave Keller, la maison Keller se sp\u00e9cialise dans les n\u00e9cessaires et la maroquinerie de luxe; tr\u00e8s vite remarqu\u00e9 et appr\u00e9ci\u00e9 il","og_url":"https:\/\/www.proantic.com\/magazine\/maison-gustave-keller-orfevre-a-paris\/","og_site_name":"Le Magazine de Proantic","article_publisher":"https:\/\/www.facebook.com\/pages\/Proantic\/\/259180871793","article_published_time":"2017-06-16T09:34:07+00:00","article_modified_time":"2017-06-18T13:08:19+00:00","og_image":[{"width":1200,"height":800,"url":"https:\/\/i0.wp.com\/www.proantic.com\/magazine\/wp-content\/uploads\/2017\/06\/251627-2.jpg?fit=1200%2C800&ssl=1","type":"image\/jpeg"}],"author":"C\u00e9line Autant","twitter_misc":{"\u00c9crit par":"C\u00e9line Autant","Dur\u00e9e de lecture estim\u00e9e":"2 minutes"},"schema":{"@context":"https:\/\/schema.org","@graph":[{"@type":"Article","@id":"https:\/\/www.proantic.com\/magazine\/maison-gustave-keller-orfevre-a-paris\/#article","isPartOf":{"@id":"https:\/\/www.proantic.com\/magazine\/maison-gustave-keller-orfevre-a-paris\/"},"author":{"name":"C\u00e9line Autant","@id":"https:\/\/www.proantic.com\/magazine\/#\/schema\/person\/932db14f53d245f4acce86a3fe906582"},"headline":"Maison Gustave Keller, orf\u00e8vre \u00e0 Paris","datePublished":"2017-06-16T09:34:07+00:00","dateModified":"2017-06-18T13:08:19+00:00","mainEntityOfPage":{"@id":"https:\/\/www.proantic.com\/magazine\/maison-gustave-keller-orfevre-a-paris\/"},"wordCount":320,"image":{"@id":"https:\/\/www.proantic.com\/magazine\/maison-gustave-keller-orfevre-a-paris\/#primaryimage"},"thumbnailUrl":"https:\/\/i0.wp.com\/www.proantic.com\/magazine\/wp-content\/uploads\/2017\/06\/251627-2.jpg?fit=1200%2C800&ssl=1","articleSection":["Entreprise du Patrimoine"],"inLanguage":"fr-FR"},{"@type":"WebPage","@id":"https:\/\/www.proantic.com\/magazine\/maison-gustave-keller-orfevre-a-paris\/","url":"https:\/\/www.proantic.com\/magazine\/maison-gustave-keller-orfevre-a-paris\/","name":"Maison Gustave Keller, orf\u00e8vre \u00e0 Paris Le Magazine de Proantic","isPartOf":{"@id":"https:\/\/www.proantic.com\/magazine\/#website"},"primaryImageOfPage":{"@id":"https:\/\/www.proantic.com\/magazine\/maison-gustave-keller-orfevre-a-paris\/#primaryimage"},"image":{"@id":"https:\/\/www.proantic.com\/magazine\/maison-gustave-keller-orfevre-a-paris\/#primaryimage"},"thumbnailUrl":"https:\/\/i0.wp.com\/www.proantic.com\/magazine\/wp-content\/uploads\/2017\/06\/251627-2.jpg?fit=1200%2C800&ssl=1","datePublished":"2017-06-16T09:34:07+00:00","dateModified":"2017-06-18T13:08:19+00:00","author":{"@id":"https:\/\/www.proantic.com\/magazine\/#\/schema\/person\/932db14f53d245f4acce86a3fe906582"},"description":"Fond\u00e9e en 1857 par Gustave Keller, la maison Keller se sp\u00e9cialise dans les n\u00e9cessaires et la maroquinerie de luxe; tr\u00e8s vite remarqu\u00e9 et appr\u00e9ci\u00e9 il","breadcrumb":{"@id":"https:\/\/www.proantic.com\/magazine\/maison-gustave-keller-orfevre-a-paris\/#breadcrumb"},"inLanguage":"fr-FR","potentialAction":[{"@type":"ReadAction","target":["https:\/\/www.proantic.com\/magazine\/maison-gustave-keller-orfevre-a-paris\/"]}]},{"@type":"ImageObject","inLanguage":"fr-FR","@id":"https:\/\/www.proantic.com\/magazine\/maison-gustave-keller-orfevre-a-paris\/#primaryimage","url":"https:\/\/i0.wp.com\/www.proantic.com\/magazine\/wp-content\/uploads\/2017\/06\/251627-2.jpg?fit=1200%2C800&ssl=1","contentUrl":"https:\/\/i0.wp.com\/www.proantic.com\/magazine\/wp-content\/uploads\/2017\/06\/251627-2.jpg?fit=1200%2C800&ssl=1","width":1200,"height":800},{"@type":"BreadcrumbList","@id":"https:\/\/www.proantic.com\/magazine\/maison-gustave-keller-orfevre-a-paris\/#breadcrumb","itemListElement":[{"@type":"ListItem","position":1,"name":"Accueil","item":"https:\/\/www.proantic.com\/magazine\/"},{"@type":"ListItem","position":2,"name":"Maison Gustave Keller, orf\u00e8vre \u00e0 Paris"}]},{"@type":"WebSite","@id":"https:\/\/www.proantic.com\/magazine\/#website","url":"https:\/\/www.proantic.com\/magazine\/","name":"Le Magazine de Proantic","description":"Magazine d&#039;art et expositions","potentialAction":[{"@type":"SearchAction","target":{"@type":"EntryPoint","urlTemplate":"https:\/\/www.proantic.com\/magazine\/?s={search_term_string}"},"query-input":{"@type":"PropertyValueSpecification","valueRequired":true,"valueName":"search_term_string"}}],"inLanguage":"fr-FR"},{"@type":"Person","@id":"https:\/\/www.proantic.com\/magazine\/#\/schema\/person\/932db14f53d245f4acce86a3fe906582","name":"C\u00e9line Autant"}]}},"jetpack_publicize_connections":[],"jetpack_featured_media_url":"https:\/\/i0.wp.com\/www.proantic.com\/magazine\/wp-content\/uploads\/2017\/06\/251627-2.jpg?fit=1200%2C800&ssl=1","jetpack_shortlink":"https:\/\/wp.me\/p7EkP3-1QR","jetpack_sharing_enabled":true,"_links":{"self":[{"href":"https:\/\/www.proantic.com\/magazine\/wp-json\/wp\/v2\/posts\/7121","targetHints":{"allow":["GET"]}}],"collection":[{"href":"https:\/\/www.proantic.com\/magazine\/wp-json\/wp\/v2\/posts"}],"about":[{"href":"https:\/\/www.proantic.com\/magazine\/wp-json\/wp\/v2\/types\/post"}],"author":[{"embeddable":true,"href":"https:\/\/www.proantic.com\/magazine\/wp-json\/wp\/v2\/users\/6"}],"replies":[{"embeddable":true,"href":"https:\/\/www.proantic.com\/magazine\/wp-json\/wp\/v2\/comments?post=7121"}],"version-history":[{"count":0,"href":"https:\/\/www.proantic.com\/magazine\/wp-json\/wp\/v2\/posts\/7121\/revisions"}],"wp:featuredmedia":[{"embeddable":true,"href":"https:\/\/www.proantic.com\/magazine\/wp-json\/wp\/v2\/media\/7157"}],"wp:attachment":[{"href":"https:\/\/www.proantic.com\/magazine\/wp-json\/wp\/v2\/media?parent=7121"}],"wp:term":[{"taxonomy":"category","embeddable":true,"href":"https:\/\/www.proantic.com\/magazine\/wp-json\/wp\/v2\/categories?post=7121"},{"taxonomy":"post_tag","embeddable":true,"href":"https:\/\/www.proantic.com\/magazine\/wp-json\/wp\/v2\/tags?post=7121"}],"curies":[{"name":"wp","href":"https:\/\/api.w.org\/{rel}","templated":true}]}}