{"id":7101,"date":"2017-06-10T17:12:48","date_gmt":"2017-06-10T16:12:48","guid":{"rendered":"http:\/\/www.proantic.com\/magazine\/?p=7101"},"modified":"2017-06-11T16:43:13","modified_gmt":"2017-06-11T15:43:13","slug":"lesprit-de-chateau-lude","status":"publish","type":"post","link":"https:\/\/www.proantic.com\/magazine\/lesprit-de-chateau-lude\/","title":{"rendered":"L&rsquo;esprit de ch\u00e2teau : Le Lude"},"content":{"rendered":"<p>Dans la vall\u00e9e du Loir se dresse le ch\u00e2teau du Lude, forteresse m\u00e9di\u00e9vale sertie entre ses tours cr\u00e9nel\u00e9es. Mais au Lude, l&rsquo;histoire ne s&rsquo;est pas arr\u00eat\u00e9e au Moyen Age: cinq si\u00e8cles ont fa\u00e7onn\u00e9 ce ch\u00e2teau pour lui donner l&rsquo;allure d&rsquo;un palais \u00e0 l&rsquo;image de la puissance de ses occupants et de la grandeur de la France. Transmise en h\u00e9ritage \u00e0 ses propri\u00e9taires successifs, tous anim\u00e9s par l&rsquo;amour de cette b\u00e2tisse, la splendide demeure ouvre ses portes aux visiteurs et leur r\u00e9v\u00e8le les nombreux tr\u00e9sors abrit\u00e9s entre ses murs s\u00e9culaires : des douves, vestiges de la forteresse m\u00e9di\u00e9vale, au studiolo, joyau de la Renaissance, en passant par la biblioth\u00e8que du duc de Bouillon et les portraits des grands ma\u00eetres du XIXe si\u00e8cle.<\/p>\n<p>Dans les somptueux jardins du Lude, le temps s&rsquo;\u00e9coule au rythme des r\u00e9coltes de fruits et l\u00e9gumes de saison, des floraisons successives des parterres, de la F\u00eate des jardiniers et du prix Pierre-Joseph Redout\u00e9 qui s&rsquo;y tiennent chaque ann\u00e9e. C&rsquo;est cette histoire de patrimoine et d&rsquo;art de vivre \u00e0 la fran\u00e7aise que nous raconte Barbara de Nicola\u00ff, dont la famille est propri\u00e9taire du ch\u00e2teau depuis plus de deux cent trente ans, dans un livre richement illustr\u00e9 par les photographies in\u00e9dites d&rsquo;Eric Sander.<\/p>\n<p>Auteurs:\u00a0<strong>Barbara de Nicola\u00ff et Eric Sander<\/strong><\/p>\n<p>Editeur:\u00a0<strong>Flammarion<\/strong><\/p>\n","protected":false},"excerpt":{"rendered":"<p>Dans la vall\u00e9e du Loir se dresse le ch\u00e2teau du Lude, forteresse m\u00e9di\u00e9vale sertie entre ses tours cr\u00e9nel\u00e9es. Mais au Lude, l&rsquo;histoire ne s&rsquo;est pas arr\u00eat\u00e9e au Moyen Age: cinq si\u00e8cles ont fa\u00e7onn\u00e9 ce ch\u00e2teau pour lui donner l&rsquo;allure d&rsquo;un palais \u00e0 l&rsquo;image de la puissance de ses occupants et de la grandeur de la [&hellip;]<\/p>\n","protected":false},"author":6,"featured_media":7102,"comment_status":"closed","ping_status":"open","sticky":false,"template":"","format":"standard","meta":{"jetpack_post_was_ever_published":false,"_jetpack_newsletter_access":"","_jetpack_dont_email_post_to_subs":false,"_jetpack_newsletter_tier_id":0,"_jetpack_memberships_contains_paywalled_content":false,"_jetpack_memberships_contains_paid_content":false,"footnotes":"","jetpack_publicize_message":"","jetpack_publicize_feature_enabled":true,"jetpack_social_post_already_shared":true,"jetpack_social_options":{"image_generator_settings":{"template":"highway","default_image_id":0,"font":"","enabled":false},"version":2}},"categories":[16],"tags":[],"class_list":["post-7101","post","type-post","status-publish","format-standard","has-post-thumbnail","hentry","category-livres-dart"],"yoast_head":"<!-- This site is optimized with the Yoast SEO plugin v26.9 - https:\/\/yoast.com\/product\/yoast-seo-wordpress\/ -->\n<title>L&#039;esprit de ch\u00e2teau : Le Lude Le Magazine de Proantic<\/title>\n<meta name=\"description\" content=\"Dans la vall\u00e9e du Loir se dresse le ch\u00e2teau du Lude, forteresse m\u00e9di\u00e9vale sertie entre ses tours cr\u00e9nel\u00e9es. Mais au Lude, l&#039;histoire ne s&#039;est pas arr\u00eat\u00e9e\" \/>\n<meta name=\"robots\" content=\"index, follow, max-snippet:-1, max-image-preview:large, max-video-preview:-1\" \/>\n<link rel=\"canonical\" href=\"https:\/\/www.proantic.com\/magazine\/lesprit-de-chateau-lude\/\" \/>\n<meta property=\"og:locale\" content=\"fr_FR\" \/>\n<meta property=\"og:type\" content=\"article\" \/>\n<meta property=\"og:title\" content=\"L&#039;esprit de ch\u00e2teau : Le Lude Le Magazine de Proantic\" \/>\n<meta property=\"og:description\" content=\"Dans la vall\u00e9e du Loir se dresse le ch\u00e2teau du Lude, forteresse m\u00e9di\u00e9vale sertie entre ses tours cr\u00e9nel\u00e9es. Mais au Lude, l&#039;histoire ne s&#039;est pas arr\u00eat\u00e9e\" \/>\n<meta property=\"og:url\" content=\"https:\/\/www.proantic.com\/magazine\/lesprit-de-chateau-lude\/\" \/>\n<meta property=\"og:site_name\" content=\"Le Magazine de Proantic\" \/>\n<meta property=\"article:publisher\" content=\"https:\/\/www.facebook.com\/pages\/Proantic\/\/259180871793\" \/>\n<meta property=\"article:published_time\" content=\"2017-06-10T16:12:48+00:00\" \/>\n<meta property=\"article:modified_time\" content=\"2017-06-11T15:43:13+00:00\" \/>\n<meta property=\"og:image\" content=\"https:\/\/i0.wp.com\/www.proantic.com\/magazine\/wp-content\/uploads\/2017\/06\/86ecb85770cbdc13e7e87d60855ba1d3_esprit-de-chateau-le-lude-barbara-de-nicolay-flammarion.jpg?fit=787%2C961&ssl=1\" \/>\n\t<meta property=\"og:image:width\" content=\"787\" \/>\n\t<meta property=\"og:image:height\" content=\"961\" \/>\n\t<meta property=\"og:image:type\" content=\"image\/jpeg\" \/>\n<meta name=\"author\" content=\"C\u00e9line Autant\" \/>\n<meta name=\"twitter:label1\" content=\"\u00c9crit par\" \/>\n\t<meta name=\"twitter:data1\" content=\"C\u00e9line Autant\" \/>\n\t<meta name=\"twitter:label2\" content=\"Dur\u00e9e de lecture estim\u00e9e\" \/>\n\t<meta name=\"twitter:data2\" content=\"1 minute\" \/>\n<script type=\"application\/ld+json\" class=\"yoast-schema-graph\">{\"@context\":\"https:\/\/schema.org\",\"@graph\":[{\"@type\":\"Article\",\"@id\":\"https:\/\/www.proantic.com\/magazine\/lesprit-de-chateau-lude\/#article\",\"isPartOf\":{\"@id\":\"https:\/\/www.proantic.com\/magazine\/lesprit-de-chateau-lude\/\"},\"author\":{\"name\":\"C\u00e9line Autant\",\"@id\":\"https:\/\/www.proantic.com\/magazine\/#\/schema\/person\/63707e8f4e7d0172de7ddde897688be0\"},\"headline\":\"L&rsquo;esprit de ch\u00e2teau : Le Lude\",\"datePublished\":\"2017-06-10T16:12:48+00:00\",\"dateModified\":\"2017-06-11T15:43:13+00:00\",\"mainEntityOfPage\":{\"@id\":\"https:\/\/www.proantic.com\/magazine\/lesprit-de-chateau-lude\/\"},\"wordCount\":259,\"image\":{\"@id\":\"https:\/\/www.proantic.com\/magazine\/lesprit-de-chateau-lude\/#primaryimage\"},\"thumbnailUrl\":\"https:\/\/i0.wp.com\/www.proantic.com\/magazine\/wp-content\/uploads\/2017\/06\/86ecb85770cbdc13e7e87d60855ba1d3_esprit-de-chateau-le-lude-barbara-de-nicolay-flammarion.jpg?fit=787%2C961&ssl=1\",\"articleSection\":[\"Livres d'art\"],\"inLanguage\":\"fr-FR\"},{\"@type\":\"WebPage\",\"@id\":\"https:\/\/www.proantic.com\/magazine\/lesprit-de-chateau-lude\/\",\"url\":\"https:\/\/www.proantic.com\/magazine\/lesprit-de-chateau-lude\/\",\"name\":\"L'esprit de ch\u00e2teau : Le Lude Le Magazine de Proantic\",\"isPartOf\":{\"@id\":\"https:\/\/www.proantic.com\/magazine\/#website\"},\"primaryImageOfPage\":{\"@id\":\"https:\/\/www.proantic.com\/magazine\/lesprit-de-chateau-lude\/#primaryimage\"},\"image\":{\"@id\":\"https:\/\/www.proantic.com\/magazine\/lesprit-de-chateau-lude\/#primaryimage\"},\"thumbnailUrl\":\"https:\/\/i0.wp.com\/www.proantic.com\/magazine\/wp-content\/uploads\/2017\/06\/86ecb85770cbdc13e7e87d60855ba1d3_esprit-de-chateau-le-lude-barbara-de-nicolay-flammarion.jpg?fit=787%2C961&ssl=1\",\"datePublished\":\"2017-06-10T16:12:48+00:00\",\"dateModified\":\"2017-06-11T15:43:13+00:00\",\"author\":{\"@id\":\"https:\/\/www.proantic.com\/magazine\/#\/schema\/person\/63707e8f4e7d0172de7ddde897688be0\"},\"description\":\"Dans la vall\u00e9e du Loir se dresse le ch\u00e2teau du Lude, forteresse m\u00e9di\u00e9vale sertie entre ses tours cr\u00e9nel\u00e9es. Mais au Lude, l'histoire ne s'est pas arr\u00eat\u00e9e\",\"breadcrumb\":{\"@id\":\"https:\/\/www.proantic.com\/magazine\/lesprit-de-chateau-lude\/#breadcrumb\"},\"inLanguage\":\"fr-FR\",\"potentialAction\":[{\"@type\":\"ReadAction\",\"target\":[\"https:\/\/www.proantic.com\/magazine\/lesprit-de-chateau-lude\/\"]}]},{\"@type\":\"ImageObject\",\"inLanguage\":\"fr-FR\",\"@id\":\"https:\/\/www.proantic.com\/magazine\/lesprit-de-chateau-lude\/#primaryimage\",\"url\":\"https:\/\/i0.wp.com\/www.proantic.com\/magazine\/wp-content\/uploads\/2017\/06\/86ecb85770cbdc13e7e87d60855ba1d3_esprit-de-chateau-le-lude-barbara-de-nicolay-flammarion.jpg?fit=787%2C961&ssl=1\",\"contentUrl\":\"https:\/\/i0.wp.com\/www.proantic.com\/magazine\/wp-content\/uploads\/2017\/06\/86ecb85770cbdc13e7e87d60855ba1d3_esprit-de-chateau-le-lude-barbara-de-nicolay-flammarion.jpg?fit=787%2C961&ssl=1\",\"width\":787,\"height\":961},{\"@type\":\"BreadcrumbList\",\"@id\":\"https:\/\/www.proantic.com\/magazine\/lesprit-de-chateau-lude\/#breadcrumb\",\"itemListElement\":[{\"@type\":\"ListItem\",\"position\":1,\"name\":\"Accueil\",\"item\":\"https:\/\/www.proantic.com\/magazine\/\"},{\"@type\":\"ListItem\",\"position\":2,\"name\":\"L&rsquo;esprit de ch\u00e2teau : Le Lude\"}]},{\"@type\":\"WebSite\",\"@id\":\"https:\/\/www.proantic.com\/magazine\/#website\",\"url\":\"https:\/\/www.proantic.com\/magazine\/\",\"name\":\"Le Magazine de Proantic\",\"description\":\"Magazine d&#039;art et expositions\",\"potentialAction\":[{\"@type\":\"SearchAction\",\"target\":{\"@type\":\"EntryPoint\",\"urlTemplate\":\"https:\/\/www.proantic.com\/magazine\/?s={search_term_string}\"},\"query-input\":{\"@type\":\"PropertyValueSpecification\",\"valueRequired\":true,\"valueName\":\"search_term_string\"}}],\"inLanguage\":\"fr-FR\"},{\"@type\":\"Person\",\"@id\":\"https:\/\/www.proantic.com\/magazine\/#\/schema\/person\/63707e8f4e7d0172de7ddde897688be0\",\"name\":\"C\u00e9line Autant\"}]}<\/script>\n<!-- \/ Yoast SEO plugin. -->","yoast_head_json":{"title":"L'esprit de ch\u00e2teau : Le Lude Le Magazine de Proantic","description":"Dans la vall\u00e9e du Loir se dresse le ch\u00e2teau du Lude, forteresse m\u00e9di\u00e9vale sertie entre ses tours cr\u00e9nel\u00e9es. Mais au Lude, l'histoire ne s'est pas arr\u00eat\u00e9e","robots":{"index":"index","follow":"follow","max-snippet":"max-snippet:-1","max-image-preview":"max-image-preview:large","max-video-preview":"max-video-preview:-1"},"canonical":"https:\/\/www.proantic.com\/magazine\/lesprit-de-chateau-lude\/","og_locale":"fr_FR","og_type":"article","og_title":"L'esprit de ch\u00e2teau : Le Lude Le Magazine de Proantic","og_description":"Dans la vall\u00e9e du Loir se dresse le ch\u00e2teau du Lude, forteresse m\u00e9di\u00e9vale sertie entre ses tours cr\u00e9nel\u00e9es. Mais au Lude, l'histoire ne s'est pas arr\u00eat\u00e9e","og_url":"https:\/\/www.proantic.com\/magazine\/lesprit-de-chateau-lude\/","og_site_name":"Le Magazine de Proantic","article_publisher":"https:\/\/www.facebook.com\/pages\/Proantic\/\/259180871793","article_published_time":"2017-06-10T16:12:48+00:00","article_modified_time":"2017-06-11T15:43:13+00:00","og_image":[{"width":787,"height":961,"url":"https:\/\/i0.wp.com\/www.proantic.com\/magazine\/wp-content\/uploads\/2017\/06\/86ecb85770cbdc13e7e87d60855ba1d3_esprit-de-chateau-le-lude-barbara-de-nicolay-flammarion.jpg?fit=787%2C961&ssl=1","type":"image\/jpeg"}],"author":"C\u00e9line Autant","twitter_misc":{"\u00c9crit par":"C\u00e9line Autant","Dur\u00e9e de lecture estim\u00e9e":"1 minute"},"schema":{"@context":"https:\/\/schema.org","@graph":[{"@type":"Article","@id":"https:\/\/www.proantic.com\/magazine\/lesprit-de-chateau-lude\/#article","isPartOf":{"@id":"https:\/\/www.proantic.com\/magazine\/lesprit-de-chateau-lude\/"},"author":{"name":"C\u00e9line Autant","@id":"https:\/\/www.proantic.com\/magazine\/#\/schema\/person\/63707e8f4e7d0172de7ddde897688be0"},"headline":"L&rsquo;esprit de ch\u00e2teau : Le Lude","datePublished":"2017-06-10T16:12:48+00:00","dateModified":"2017-06-11T15:43:13+00:00","mainEntityOfPage":{"@id":"https:\/\/www.proantic.com\/magazine\/lesprit-de-chateau-lude\/"},"wordCount":259,"image":{"@id":"https:\/\/www.proantic.com\/magazine\/lesprit-de-chateau-lude\/#primaryimage"},"thumbnailUrl":"https:\/\/i0.wp.com\/www.proantic.com\/magazine\/wp-content\/uploads\/2017\/06\/86ecb85770cbdc13e7e87d60855ba1d3_esprit-de-chateau-le-lude-barbara-de-nicolay-flammarion.jpg?fit=787%2C961&ssl=1","articleSection":["Livres d'art"],"inLanguage":"fr-FR"},{"@type":"WebPage","@id":"https:\/\/www.proantic.com\/magazine\/lesprit-de-chateau-lude\/","url":"https:\/\/www.proantic.com\/magazine\/lesprit-de-chateau-lude\/","name":"L'esprit de ch\u00e2teau : Le Lude Le Magazine de Proantic","isPartOf":{"@id":"https:\/\/www.proantic.com\/magazine\/#website"},"primaryImageOfPage":{"@id":"https:\/\/www.proantic.com\/magazine\/lesprit-de-chateau-lude\/#primaryimage"},"image":{"@id":"https:\/\/www.proantic.com\/magazine\/lesprit-de-chateau-lude\/#primaryimage"},"thumbnailUrl":"https:\/\/i0.wp.com\/www.proantic.com\/magazine\/wp-content\/uploads\/2017\/06\/86ecb85770cbdc13e7e87d60855ba1d3_esprit-de-chateau-le-lude-barbara-de-nicolay-flammarion.jpg?fit=787%2C961&ssl=1","datePublished":"2017-06-10T16:12:48+00:00","dateModified":"2017-06-11T15:43:13+00:00","author":{"@id":"https:\/\/www.proantic.com\/magazine\/#\/schema\/person\/63707e8f4e7d0172de7ddde897688be0"},"description":"Dans la vall\u00e9e du Loir se dresse le ch\u00e2teau du Lude, forteresse m\u00e9di\u00e9vale sertie entre ses tours cr\u00e9nel\u00e9es. Mais au Lude, l'histoire ne s'est pas arr\u00eat\u00e9e","breadcrumb":{"@id":"https:\/\/www.proantic.com\/magazine\/lesprit-de-chateau-lude\/#breadcrumb"},"inLanguage":"fr-FR","potentialAction":[{"@type":"ReadAction","target":["https:\/\/www.proantic.com\/magazine\/lesprit-de-chateau-lude\/"]}]},{"@type":"ImageObject","inLanguage":"fr-FR","@id":"https:\/\/www.proantic.com\/magazine\/lesprit-de-chateau-lude\/#primaryimage","url":"https:\/\/i0.wp.com\/www.proantic.com\/magazine\/wp-content\/uploads\/2017\/06\/86ecb85770cbdc13e7e87d60855ba1d3_esprit-de-chateau-le-lude-barbara-de-nicolay-flammarion.jpg?fit=787%2C961&ssl=1","contentUrl":"https:\/\/i0.wp.com\/www.proantic.com\/magazine\/wp-content\/uploads\/2017\/06\/86ecb85770cbdc13e7e87d60855ba1d3_esprit-de-chateau-le-lude-barbara-de-nicolay-flammarion.jpg?fit=787%2C961&ssl=1","width":787,"height":961},{"@type":"BreadcrumbList","@id":"https:\/\/www.proantic.com\/magazine\/lesprit-de-chateau-lude\/#breadcrumb","itemListElement":[{"@type":"ListItem","position":1,"name":"Accueil","item":"https:\/\/www.proantic.com\/magazine\/"},{"@type":"ListItem","position":2,"name":"L&rsquo;esprit de ch\u00e2teau : Le Lude"}]},{"@type":"WebSite","@id":"https:\/\/www.proantic.com\/magazine\/#website","url":"https:\/\/www.proantic.com\/magazine\/","name":"Le Magazine de Proantic","description":"Magazine d&#039;art et expositions","potentialAction":[{"@type":"SearchAction","target":{"@type":"EntryPoint","urlTemplate":"https:\/\/www.proantic.com\/magazine\/?s={search_term_string}"},"query-input":{"@type":"PropertyValueSpecification","valueRequired":true,"valueName":"search_term_string"}}],"inLanguage":"fr-FR"},{"@type":"Person","@id":"https:\/\/www.proantic.com\/magazine\/#\/schema\/person\/63707e8f4e7d0172de7ddde897688be0","name":"C\u00e9line Autant"}]}},"jetpack_publicize_connections":[],"jetpack_featured_media_url":"https:\/\/i0.wp.com\/www.proantic.com\/magazine\/wp-content\/uploads\/2017\/06\/86ecb85770cbdc13e7e87d60855ba1d3_esprit-de-chateau-le-lude-barbara-de-nicolay-flammarion.jpg?fit=787%2C961&ssl=1","jetpack_shortlink":"https:\/\/wp.me\/p7EkP3-1Qx","jetpack_sharing_enabled":true,"_links":{"self":[{"href":"https:\/\/www.proantic.com\/magazine\/wp-json\/wp\/v2\/posts\/7101","targetHints":{"allow":["GET"]}}],"collection":[{"href":"https:\/\/www.proantic.com\/magazine\/wp-json\/wp\/v2\/posts"}],"about":[{"href":"https:\/\/www.proantic.com\/magazine\/wp-json\/wp\/v2\/types\/post"}],"author":[{"embeddable":true,"href":"https:\/\/www.proantic.com\/magazine\/wp-json\/wp\/v2\/users\/6"}],"replies":[{"embeddable":true,"href":"https:\/\/www.proantic.com\/magazine\/wp-json\/wp\/v2\/comments?post=7101"}],"version-history":[{"count":0,"href":"https:\/\/www.proantic.com\/magazine\/wp-json\/wp\/v2\/posts\/7101\/revisions"}],"wp:featuredmedia":[{"embeddable":true,"href":"https:\/\/www.proantic.com\/magazine\/wp-json\/wp\/v2\/media\/7102"}],"wp:attachment":[{"href":"https:\/\/www.proantic.com\/magazine\/wp-json\/wp\/v2\/media?parent=7101"}],"wp:term":[{"taxonomy":"category","embeddable":true,"href":"https:\/\/www.proantic.com\/magazine\/wp-json\/wp\/v2\/categories?post=7101"},{"taxonomy":"post_tag","embeddable":true,"href":"https:\/\/www.proantic.com\/magazine\/wp-json\/wp\/v2\/tags?post=7101"}],"curies":[{"name":"wp","href":"https:\/\/api.w.org\/{rel}","templated":true}]}}