{"id":6508,"date":"2017-02-11T15:30:08","date_gmt":"2017-02-11T14:30:08","guid":{"rendered":"http:\/\/www.proantic.com\/magazine\/?p=6508"},"modified":"2017-02-12T16:22:37","modified_gmt":"2017-02-12T15:22:37","slug":"faience-de-langeais","status":"publish","type":"post","link":"https:\/\/www.proantic.com\/magazine\/faience-de-langeais\/","title":{"rendered":"La fa\u00efence de Langeais"},"content":{"rendered":"<p>En 1839, \u00e2g\u00e9 de 22 ans, Charles de Boissimon s\u2019\u00e9tablit \u00e0 Langeais (situ\u00e9e \u00e0 25 km de Tours) avec son cousin Julien Boilesve, ils fondent une soci\u00e9t\u00e9 de produits c\u00e9ramiques avec pour raison sociale \u00abCharles de Boissimon\u00bb (la production s\u2019\u00e9tendra de 1839 \u00e0 1909). D\u2019entr\u00e9e, il ajoute aux fabrications locales celle des briques r\u00e9fractaires, qui devait bient\u00f4t devancer les fabrications traditionnelles.<\/p>\n<p>Pr\u00e9sent\u00e9es, en 1841, \u00e0 l\u2019Exposition \u00ab des produits de l\u2019industrie et des arts de Tours \u00bb, elles re\u00e7oivent une m\u00e9daille d\u2019argent, mais c\u2019est avec la confection des poteries orn\u00e9es qu\u2019il va cr\u00e9er son style. Il participera \u00e0 de nombreuses expositions internationales et remportera de nombreuses m\u00e9dailles.<\/p>\n<figure id=\"attachment_6531\" aria-describedby=\"caption-attachment-6531\" style=\"width: 800px\" class=\"wp-caption aligncenter\"><a href=\"https:\/\/i0.wp.com\/www.proantic.com\/magazine\/wp-content\/uploads\/2017\/02\/131471-alb-1.jpg\"><img data-recalc-dims=\"1\" loading=\"lazy\" decoding=\"async\" data-attachment-id=\"6531\" data-permalink=\"https:\/\/www.proantic.com\/magazine\/faience-de-langeais\/131471-alb-1\/\" data-orig-file=\"https:\/\/i0.wp.com\/www.proantic.com\/magazine\/wp-content\/uploads\/2017\/02\/131471-alb-1.jpg?fit=800%2C600&amp;ssl=1\" data-orig-size=\"800,600\" data-comments-opened=\"1\" data-image-meta=\"{&quot;aperture&quot;:&quot;0&quot;,&quot;credit&quot;:&quot;&quot;,&quot;camera&quot;:&quot;&quot;,&quot;caption&quot;:&quot;&quot;,&quot;created_timestamp&quot;:&quot;0&quot;,&quot;copyright&quot;:&quot;&quot;,&quot;focal_length&quot;:&quot;0&quot;,&quot;iso&quot;:&quot;0&quot;,&quot;shutter_speed&quot;:&quot;0&quot;,&quot;title&quot;:&quot;&quot;,&quot;orientation&quot;:&quot;0&quot;}\" data-image-title=\"Suspension en fa\u00efence de Langeais  \u00e0 d\u00e9cor de pampres de vignes. XIX\u00e8me (c)  Antiquit\u00e9s Berthier, Proantic\" data-image-description=\"\" data-image-caption=\"&lt;p&gt;Suspension en fa\u00efence de Langeais  \u00e0 d\u00e9cor de pampres de vignes. XIX\u00e8me&lt;br \/&gt;\n(c)  Antiquit\u00e9s Berthier, Proantic&lt;\/p&gt;\n\" data-medium-file=\"https:\/\/i0.wp.com\/www.proantic.com\/magazine\/wp-content\/uploads\/2017\/02\/131471-alb-1.jpg?fit=300%2C225&amp;ssl=1\" data-large-file=\"https:\/\/i0.wp.com\/www.proantic.com\/magazine\/wp-content\/uploads\/2017\/02\/131471-alb-1.jpg?fit=665%2C499&amp;ssl=1\" class=\"size-full wp-image-6531\" src=\"https:\/\/i0.wp.com\/www.proantic.com\/magazine\/wp-content\/uploads\/2017\/02\/131471-alb-1.jpg?resize=665%2C499\" alt=\"\" width=\"665\" height=\"499\" srcset=\"https:\/\/i0.wp.com\/www.proantic.com\/magazine\/wp-content\/uploads\/2017\/02\/131471-alb-1.jpg?w=800&amp;ssl=1 800w, https:\/\/i0.wp.com\/www.proantic.com\/magazine\/wp-content\/uploads\/2017\/02\/131471-alb-1.jpg?resize=300%2C225&amp;ssl=1 300w, https:\/\/i0.wp.com\/www.proantic.com\/magazine\/wp-content\/uploads\/2017\/02\/131471-alb-1.jpg?resize=768%2C576&amp;ssl=1 768w, https:\/\/i0.wp.com\/www.proantic.com\/magazine\/wp-content\/uploads\/2017\/02\/131471-alb-1.jpg?resize=180%2C135&amp;ssl=1 180w\" sizes=\"auto, (max-width: 665px) 100vw, 665px\" \/><\/a><figcaption id=\"caption-attachment-6531\" class=\"wp-caption-text\">Suspension en fa\u00efence de Langeais \u00e0 d\u00e9cor de pampres de vignes. XIX\u00e8me<br \/>(c) Antiquit\u00e9s Berthier, Proantic<\/figcaption><\/figure>\n<p>Il commence la poterie d\u00e8s 1842 avec un seul ouvrier potier. En 1844, ses fabrications occupent 30 employ\u00e9s dans les ateliers et 12 ouvriers hors ateliers. En 1850, il devient seul propri\u00e9taire de la fabrique. En 1867, plus de 200 ouvriers (hommes, femmes, enfants) travaillent \u00e0 la fabrique. \u00a0Avec la fa\u00efence fine et le platine (qu\u2019il importe du P\u00e9rou et du Chili), Charles de Boissimon aura su \u00e0 la fois int\u00e9grer les techniques nouvelles de son \u00e9poque et cr\u00e9er des formes adapt\u00e9es au go\u00fbt de son temps.<\/p>\n<figure id=\"attachment_6524\" aria-describedby=\"caption-attachment-6524\" style=\"width: 881px\" class=\"wp-caption aligncenter\"><a href=\"https:\/\/i0.wp.com\/www.proantic.com\/magazine\/wp-content\/uploads\/2017\/02\/eslpmpo.png\"><img data-recalc-dims=\"1\" loading=\"lazy\" decoding=\"async\" data-attachment-id=\"6524\" data-permalink=\"https:\/\/www.proantic.com\/magazine\/faience-de-langeais\/eslpmpo\/\" data-orig-file=\"https:\/\/i0.wp.com\/www.proantic.com\/magazine\/wp-content\/uploads\/2017\/02\/eslpmpo.png?fit=881%2C459&amp;ssl=1\" data-orig-size=\"881,459\" data-comments-opened=\"1\" data-image-meta=\"{&quot;aperture&quot;:&quot;0&quot;,&quot;credit&quot;:&quot;&quot;,&quot;camera&quot;:&quot;&quot;,&quot;caption&quot;:&quot;&quot;,&quot;created_timestamp&quot;:&quot;0&quot;,&quot;copyright&quot;:&quot;&quot;,&quot;focal_length&quot;:&quot;0&quot;,&quot;iso&quot;:&quot;0&quot;,&quot;shutter_speed&quot;:&quot;0&quot;,&quot;title&quot;:&quot;&quot;,&quot;orientation&quot;:&quot;0&quot;}\" data-image-title=\"Quatre pots \u00e0 tabac couverts en fa\u00efence de Langeais, XIX\u00e8me si\u00e8cle. (c) SVV Oger &amp;#8211; Blanchet\" data-image-description=\"\" data-image-caption=\"&lt;p&gt;Quatre pots \u00e0 tabac couverts en fa\u00efence de Langeais, XIX\u00e8me si\u00e8cle.&lt;br \/&gt;\n(c) SVV Oger &amp;#8211; Blanchet&lt;\/p&gt;\n\" data-medium-file=\"https:\/\/i0.wp.com\/www.proantic.com\/magazine\/wp-content\/uploads\/2017\/02\/eslpmpo.png?fit=300%2C156&amp;ssl=1\" data-large-file=\"https:\/\/i0.wp.com\/www.proantic.com\/magazine\/wp-content\/uploads\/2017\/02\/eslpmpo.png?fit=665%2C346&amp;ssl=1\" class=\"size-full wp-image-6524\" src=\"https:\/\/i0.wp.com\/www.proantic.com\/magazine\/wp-content\/uploads\/2017\/02\/eslpmpo.png?resize=665%2C346\" alt=\"\" width=\"665\" height=\"346\" srcset=\"https:\/\/i0.wp.com\/www.proantic.com\/magazine\/wp-content\/uploads\/2017\/02\/eslpmpo.png?w=881&amp;ssl=1 881w, https:\/\/i0.wp.com\/www.proantic.com\/magazine\/wp-content\/uploads\/2017\/02\/eslpmpo.png?resize=300%2C156&amp;ssl=1 300w, https:\/\/i0.wp.com\/www.proantic.com\/magazine\/wp-content\/uploads\/2017\/02\/eslpmpo.png?resize=768%2C400&amp;ssl=1 768w, https:\/\/i0.wp.com\/www.proantic.com\/magazine\/wp-content\/uploads\/2017\/02\/eslpmpo.png?resize=180%2C94&amp;ssl=1 180w\" sizes=\"auto, (max-width: 665px) 100vw, 665px\" \/><\/a><figcaption id=\"caption-attachment-6524\" class=\"wp-caption-text\">Quatre pots \u00e0 tabac couverts en fa\u00efence de Langeais, XIX\u00e8me si\u00e8cle.<br \/>(c) SVV Oger &#8211; Blanchet<\/figcaption><\/figure>\n<p>Cette production, qui a exist\u00e9 de 1839 \u00e0 1909, poss\u00e8de des formes tr\u00e8s caract\u00e9ristiques qui se retrouvent dans toute la fabrication, seul le d\u00e9cor change.<\/p>\n<p>La p\u00e2te de la fa\u00efence fine est faite \u00e0 partir d\u2019argile tr\u00e8s fine et tr\u00e8s plastique. Sa grande particularit\u00e9 se trouve ainsi dans ces d\u00e9cors propres \u00e0 la manufacture, fait rare, \u00e0 une \u00e9poque o\u00f9 la majorit\u00e9 des d\u00e9cors \u00e9taient inspir\u00e9s d\u2019autres fa\u00efences ou porcelaines.<\/p>\n<figure id=\"attachment_6525\" aria-describedby=\"caption-attachment-6525\" style=\"width: 262px\" class=\"wp-caption aligncenter\"><a href=\"https:\/\/i0.wp.com\/www.proantic.com\/magazine\/wp-content\/uploads\/2017\/02\/tplop.png\"><img data-recalc-dims=\"1\" loading=\"lazy\" decoding=\"async\" data-attachment-id=\"6525\" data-permalink=\"https:\/\/www.proantic.com\/magazine\/faience-de-langeais\/tplop\/\" data-orig-file=\"https:\/\/i0.wp.com\/www.proantic.com\/magazine\/wp-content\/uploads\/2017\/02\/tplop.png?fit=262%2C398&amp;ssl=1\" data-orig-size=\"262,398\" data-comments-opened=\"1\" data-image-meta=\"{&quot;aperture&quot;:&quot;0&quot;,&quot;credit&quot;:&quot;&quot;,&quot;camera&quot;:&quot;&quot;,&quot;caption&quot;:&quot;&quot;,&quot;created_timestamp&quot;:&quot;0&quot;,&quot;copyright&quot;:&quot;&quot;,&quot;focal_length&quot;:&quot;0&quot;,&quot;iso&quot;:&quot;0&quot;,&quot;shutter_speed&quot;:&quot;0&quot;,&quot;title&quot;:&quot;&quot;,&quot;orientation&quot;:&quot;0&quot;}\" data-image-title=\"Vase \u00e0 collerette fa\u00efence de Langeais. (c) collection Paul-Jean Souriau.\" data-image-description=\"\" data-image-caption=\"&lt;p&gt;Vase \u00e0 collerette fa\u00efence de Langeais.&lt;br \/&gt;\n(c) collection Paul-Jean Souriau.&lt;\/p&gt;\n\" data-medium-file=\"https:\/\/i0.wp.com\/www.proantic.com\/magazine\/wp-content\/uploads\/2017\/02\/tplop.png?fit=197%2C300&amp;ssl=1\" data-large-file=\"https:\/\/i0.wp.com\/www.proantic.com\/magazine\/wp-content\/uploads\/2017\/02\/tplop.png?fit=262%2C398&amp;ssl=1\" class=\"size-full wp-image-6525\" src=\"https:\/\/i0.wp.com\/www.proantic.com\/magazine\/wp-content\/uploads\/2017\/02\/tplop.png?resize=262%2C398\" alt=\"\" width=\"262\" height=\"398\" srcset=\"https:\/\/i0.wp.com\/www.proantic.com\/magazine\/wp-content\/uploads\/2017\/02\/tplop.png?w=262&amp;ssl=1 262w, https:\/\/i0.wp.com\/www.proantic.com\/magazine\/wp-content\/uploads\/2017\/02\/tplop.png?resize=197%2C300&amp;ssl=1 197w, https:\/\/i0.wp.com\/www.proantic.com\/magazine\/wp-content\/uploads\/2017\/02\/tplop.png?resize=118%2C180&amp;ssl=1 118w\" sizes=\"auto, (max-width: 262px) 100vw, 262px\" \/><\/a><figcaption id=\"caption-attachment-6525\" class=\"wp-caption-text\">Vase \u00e0 collerette fa\u00efence de Langeais.<br \/>(c) collection Paul-Jean Souriau.<\/figcaption><\/figure>\n<p>La production fut d\u2019une tr\u00e8s grande diversit\u00e9, assiettes, coupes, pots, bonbonni\u00e8res, b\u00e9nitiers, chocolati\u00e8res, paniers, barils, aigui\u00e8res, pots \u00e0 cigares, soupi\u00e8res, tasses, cafeti\u00e8res, vases\u2026 et parmi les\u00a0fabrications les plus repr\u00e9sentatives de la marque, les corbeilles tress\u00e9es.\u00a0Parmi les pi\u00e8ces rares, on notera tout particuli\u00e8rement les fa\u00efences de jardin (si\u00e8ges, colonnes\u2026).<\/p>\n<figure id=\"attachment_6529\" aria-describedby=\"caption-attachment-6529\" style=\"width: 604px\" class=\"wp-caption aligncenter\"><a href=\"https:\/\/i0.wp.com\/www.proantic.com\/magazine\/wp-content\/uploads\/2017\/02\/almpo.png\"><img data-recalc-dims=\"1\" loading=\"lazy\" decoding=\"async\" data-attachment-id=\"6529\" data-permalink=\"https:\/\/www.proantic.com\/magazine\/faience-de-langeais\/almpo\/\" data-orig-file=\"https:\/\/i0.wp.com\/www.proantic.com\/magazine\/wp-content\/uploads\/2017\/02\/almpo.png?fit=604%2C362&amp;ssl=1\" data-orig-size=\"604,362\" data-comments-opened=\"1\" data-image-meta=\"{&quot;aperture&quot;:&quot;0&quot;,&quot;credit&quot;:&quot;&quot;,&quot;camera&quot;:&quot;&quot;,&quot;caption&quot;:&quot;&quot;,&quot;created_timestamp&quot;:&quot;0&quot;,&quot;copyright&quot;:&quot;&quot;,&quot;focal_length&quot;:&quot;0&quot;,&quot;iso&quot;:&quot;0&quot;,&quot;shutter_speed&quot;:&quot;0&quot;,&quot;title&quot;:&quot;&quot;,&quot;orientation&quot;:&quot;0&quot;}\" data-image-title=\"Corbeilles en fa\u00efence de Langeais, XIX\u00e8me. (c) collection Paul-Jean Souriau.\" data-image-description=\"\" data-image-caption=\"&lt;p&gt;Corbeilles en fa\u00efence de Langeais, XIX\u00e8me.&lt;br \/&gt;\n(c) collection Paul-Jean Souriau.&lt;\/p&gt;\n\" data-medium-file=\"https:\/\/i0.wp.com\/www.proantic.com\/magazine\/wp-content\/uploads\/2017\/02\/almpo.png?fit=300%2C180&amp;ssl=1\" data-large-file=\"https:\/\/i0.wp.com\/www.proantic.com\/magazine\/wp-content\/uploads\/2017\/02\/almpo.png?fit=604%2C362&amp;ssl=1\" class=\"size-full wp-image-6529\" src=\"https:\/\/i0.wp.com\/www.proantic.com\/magazine\/wp-content\/uploads\/2017\/02\/almpo.png?resize=604%2C362\" alt=\"\" width=\"604\" height=\"362\" srcset=\"https:\/\/i0.wp.com\/www.proantic.com\/magazine\/wp-content\/uploads\/2017\/02\/almpo.png?w=604&amp;ssl=1 604w, https:\/\/i0.wp.com\/www.proantic.com\/magazine\/wp-content\/uploads\/2017\/02\/almpo.png?resize=300%2C180&amp;ssl=1 300w, https:\/\/i0.wp.com\/www.proantic.com\/magazine\/wp-content\/uploads\/2017\/02\/almpo.png?resize=180%2C108&amp;ssl=1 180w\" sizes=\"auto, (max-width: 604px) 100vw, 604px\" \/><\/a><figcaption id=\"caption-attachment-6529\" class=\"wp-caption-text\">Corbeilles en fa\u00efence de Langeais, XIX\u00e8me.<br \/>(c) collection Paul-Jean Souriau.<\/figcaption><\/figure>\n<p>Les mat\u00e9riaux utilis\u00e9s \u00e0 cette \u00e9poque offrent d\u00e9j\u00e0 de grandes possibilit\u00e9s de couleurs obtenues \u00e0 partir des oxydes m\u00e9talliques comme le chrome, le cobalt, le cuivre, l\u2019\u00e9tain, le fer, le mangan\u00e8se, le plomb, l\u2019urane, le zinc\u2026 qui permettent d\u2019obtenir des verts, des bleus, des gris, des jaunes, des nuances de rouge, du rouge orang\u00e9 au violet tr\u00e8s fonc\u00e9, des bruns et de l\u2019ivoire .<\/p>\n<p>En savoir plus:<\/p>\n<p>http:\/\/www.faiencedelangeais.com<\/p>\n","protected":false},"excerpt":{"rendered":"<p>En 1839, \u00e2g\u00e9 de 22 ans, Charles de Boissimon s\u2019\u00e9tablit \u00e0 Langeais (situ\u00e9e \u00e0 25 km de Tours) avec son cousin Julien Boilesve, ils fondent une soci\u00e9t\u00e9 de produits c\u00e9ramiques avec pour raison sociale \u00abCharles de Boissimon\u00bb (la production s\u2019\u00e9tendra de 1839 \u00e0 1909). D\u2019entr\u00e9e, il ajoute aux fabrications locales celle des briques r\u00e9fractaires, qui [&hellip;]<\/p>\n","protected":false},"author":6,"featured_media":6528,"comment_status":"closed","ping_status":"open","sticky":false,"template":"","format":"standard","meta":{"jetpack_post_was_ever_published":false,"_jetpack_newsletter_access":"","_jetpack_dont_email_post_to_subs":false,"_jetpack_newsletter_tier_id":0,"_jetpack_memberships_contains_paywalled_content":false,"_jetpack_memberships_contains_paid_content":false,"footnotes":"","jetpack_publicize_message":"","jetpack_publicize_feature_enabled":true,"jetpack_social_post_already_shared":true,"jetpack_social_options":{"image_generator_settings":{"template":"highway","default_image_id":0,"font":"","enabled":false},"version":2}},"categories":[180],"tags":[],"class_list":["post-6508","post","type-post","status-publish","format-standard","has-post-thumbnail","hentry","category-arts-decoratifs-proantic"],"yoast_head":"<!-- This site is optimized with the Yoast SEO plugin v26.9 - https:\/\/yoast.com\/product\/yoast-seo-wordpress\/ -->\n<title>La fa\u00efence de Langeais Le Magazine de Proantic<\/title>\n<meta name=\"description\" content=\"En 1839, \u00e2g\u00e9 de 22 ans, Charles de Boissimon s\u2019\u00e9tablit \u00e0 Langeais (situ\u00e9e \u00e0 25 km de Tours) avec son cousin Julien Boilesve, ils fondent une soci\u00e9t\u00e9 de\" \/>\n<meta name=\"robots\" content=\"index, follow, max-snippet:-1, max-image-preview:large, max-video-preview:-1\" \/>\n<link rel=\"canonical\" href=\"https:\/\/www.proantic.com\/magazine\/faience-de-langeais\/\" \/>\n<meta property=\"og:locale\" content=\"fr_FR\" \/>\n<meta property=\"og:type\" content=\"article\" \/>\n<meta property=\"og:title\" content=\"La fa\u00efence de Langeais Le Magazine de Proantic\" \/>\n<meta property=\"og:description\" content=\"En 1839, \u00e2g\u00e9 de 22 ans, Charles de Boissimon s\u2019\u00e9tablit \u00e0 Langeais (situ\u00e9e \u00e0 25 km de Tours) avec son cousin Julien Boilesve, ils fondent une soci\u00e9t\u00e9 de\" \/>\n<meta property=\"og:url\" content=\"https:\/\/www.proantic.com\/magazine\/faience-de-langeais\/\" \/>\n<meta property=\"og:site_name\" content=\"Le Magazine de Proantic\" \/>\n<meta property=\"article:publisher\" content=\"https:\/\/www.facebook.com\/pages\/Proantic\/\/259180871793\" \/>\n<meta property=\"article:published_time\" content=\"2017-02-11T14:30:08+00:00\" \/>\n<meta property=\"article:modified_time\" content=\"2017-02-12T15:22:37+00:00\" \/>\n<meta property=\"og:image\" content=\"https:\/\/i0.wp.com\/www.proantic.com\/magazine\/wp-content\/uploads\/2017\/02\/02225a.jpg?fit=1440%2C960&ssl=1\" \/>\n\t<meta property=\"og:image:width\" content=\"1440\" \/>\n\t<meta property=\"og:image:height\" content=\"960\" \/>\n\t<meta property=\"og:image:type\" content=\"image\/jpeg\" \/>\n<meta name=\"author\" content=\"C\u00e9line Autant\" \/>\n<meta name=\"twitter:label1\" content=\"\u00c9crit par\" \/>\n\t<meta name=\"twitter:data1\" content=\"C\u00e9line Autant\" \/>\n\t<meta name=\"twitter:label2\" content=\"Dur\u00e9e de lecture estim\u00e9e\" \/>\n\t<meta name=\"twitter:data2\" content=\"3 minutes\" \/>\n<script type=\"application\/ld+json\" class=\"yoast-schema-graph\">{\"@context\":\"https:\/\/schema.org\",\"@graph\":[{\"@type\":\"Article\",\"@id\":\"https:\/\/www.proantic.com\/magazine\/faience-de-langeais\/#article\",\"isPartOf\":{\"@id\":\"https:\/\/www.proantic.com\/magazine\/faience-de-langeais\/\"},\"author\":{\"name\":\"C\u00e9line Autant\",\"@id\":\"https:\/\/www.proantic.com\/magazine\/#\/schema\/person\/932db14f53d245f4acce86a3fe906582\"},\"headline\":\"La fa\u00efence de Langeais\",\"datePublished\":\"2017-02-11T14:30:08+00:00\",\"dateModified\":\"2017-02-12T15:22:37+00:00\",\"mainEntityOfPage\":{\"@id\":\"https:\/\/www.proantic.com\/magazine\/faience-de-langeais\/\"},\"wordCount\":515,\"image\":{\"@id\":\"https:\/\/www.proantic.com\/magazine\/faience-de-langeais\/#primaryimage\"},\"thumbnailUrl\":\"https:\/\/i0.wp.com\/www.proantic.com\/magazine\/wp-content\/uploads\/2017\/02\/02225a.jpg?fit=1440%2C960&ssl=1\",\"articleSection\":[\"Arts d\u00e9coratifs sur Proantic\"],\"inLanguage\":\"fr-FR\"},{\"@type\":\"WebPage\",\"@id\":\"https:\/\/www.proantic.com\/magazine\/faience-de-langeais\/\",\"url\":\"https:\/\/www.proantic.com\/magazine\/faience-de-langeais\/\",\"name\":\"La fa\u00efence de Langeais Le Magazine de Proantic\",\"isPartOf\":{\"@id\":\"https:\/\/www.proantic.com\/magazine\/#website\"},\"primaryImageOfPage\":{\"@id\":\"https:\/\/www.proantic.com\/magazine\/faience-de-langeais\/#primaryimage\"},\"image\":{\"@id\":\"https:\/\/www.proantic.com\/magazine\/faience-de-langeais\/#primaryimage\"},\"thumbnailUrl\":\"https:\/\/i0.wp.com\/www.proantic.com\/magazine\/wp-content\/uploads\/2017\/02\/02225a.jpg?fit=1440%2C960&ssl=1\",\"datePublished\":\"2017-02-11T14:30:08+00:00\",\"dateModified\":\"2017-02-12T15:22:37+00:00\",\"author\":{\"@id\":\"https:\/\/www.proantic.com\/magazine\/#\/schema\/person\/932db14f53d245f4acce86a3fe906582\"},\"description\":\"En 1839, \u00e2g\u00e9 de 22 ans, Charles de Boissimon s\u2019\u00e9tablit \u00e0 Langeais (situ\u00e9e \u00e0 25 km de Tours) avec son cousin Julien Boilesve, ils fondent une soci\u00e9t\u00e9 de\",\"breadcrumb\":{\"@id\":\"https:\/\/www.proantic.com\/magazine\/faience-de-langeais\/#breadcrumb\"},\"inLanguage\":\"fr-FR\",\"potentialAction\":[{\"@type\":\"ReadAction\",\"target\":[\"https:\/\/www.proantic.com\/magazine\/faience-de-langeais\/\"]}]},{\"@type\":\"ImageObject\",\"inLanguage\":\"fr-FR\",\"@id\":\"https:\/\/www.proantic.com\/magazine\/faience-de-langeais\/#primaryimage\",\"url\":\"https:\/\/i0.wp.com\/www.proantic.com\/magazine\/wp-content\/uploads\/2017\/02\/02225a.jpg?fit=1440%2C960&ssl=1\",\"contentUrl\":\"https:\/\/i0.wp.com\/www.proantic.com\/magazine\/wp-content\/uploads\/2017\/02\/02225a.jpg?fit=1440%2C960&ssl=1\",\"width\":1440,\"height\":960},{\"@type\":\"BreadcrumbList\",\"@id\":\"https:\/\/www.proantic.com\/magazine\/faience-de-langeais\/#breadcrumb\",\"itemListElement\":[{\"@type\":\"ListItem\",\"position\":1,\"name\":\"Accueil\",\"item\":\"https:\/\/www.proantic.com\/magazine\/\"},{\"@type\":\"ListItem\",\"position\":2,\"name\":\"La fa\u00efence de Langeais\"}]},{\"@type\":\"WebSite\",\"@id\":\"https:\/\/www.proantic.com\/magazine\/#website\",\"url\":\"https:\/\/www.proantic.com\/magazine\/\",\"name\":\"Le Magazine de Proantic\",\"description\":\"Magazine d&#039;art et expositions\",\"potentialAction\":[{\"@type\":\"SearchAction\",\"target\":{\"@type\":\"EntryPoint\",\"urlTemplate\":\"https:\/\/www.proantic.com\/magazine\/?s={search_term_string}\"},\"query-input\":{\"@type\":\"PropertyValueSpecification\",\"valueRequired\":true,\"valueName\":\"search_term_string\"}}],\"inLanguage\":\"fr-FR\"},{\"@type\":\"Person\",\"@id\":\"https:\/\/www.proantic.com\/magazine\/#\/schema\/person\/932db14f53d245f4acce86a3fe906582\",\"name\":\"C\u00e9line Autant\"}]}<\/script>\n<!-- \/ Yoast SEO plugin. -->","yoast_head_json":{"title":"La fa\u00efence de Langeais Le Magazine de Proantic","description":"En 1839, \u00e2g\u00e9 de 22 ans, Charles de Boissimon s\u2019\u00e9tablit \u00e0 Langeais (situ\u00e9e \u00e0 25 km de Tours) avec son cousin Julien Boilesve, ils fondent une soci\u00e9t\u00e9 de","robots":{"index":"index","follow":"follow","max-snippet":"max-snippet:-1","max-image-preview":"max-image-preview:large","max-video-preview":"max-video-preview:-1"},"canonical":"https:\/\/www.proantic.com\/magazine\/faience-de-langeais\/","og_locale":"fr_FR","og_type":"article","og_title":"La fa\u00efence de Langeais Le Magazine de Proantic","og_description":"En 1839, \u00e2g\u00e9 de 22 ans, Charles de Boissimon s\u2019\u00e9tablit \u00e0 Langeais (situ\u00e9e \u00e0 25 km de Tours) avec son cousin Julien Boilesve, ils fondent une soci\u00e9t\u00e9 de","og_url":"https:\/\/www.proantic.com\/magazine\/faience-de-langeais\/","og_site_name":"Le Magazine de Proantic","article_publisher":"https:\/\/www.facebook.com\/pages\/Proantic\/\/259180871793","article_published_time":"2017-02-11T14:30:08+00:00","article_modified_time":"2017-02-12T15:22:37+00:00","og_image":[{"width":1440,"height":960,"url":"https:\/\/i0.wp.com\/www.proantic.com\/magazine\/wp-content\/uploads\/2017\/02\/02225a.jpg?fit=1440%2C960&ssl=1","type":"image\/jpeg"}],"author":"C\u00e9line Autant","twitter_misc":{"\u00c9crit par":"C\u00e9line Autant","Dur\u00e9e de lecture estim\u00e9e":"3 minutes"},"schema":{"@context":"https:\/\/schema.org","@graph":[{"@type":"Article","@id":"https:\/\/www.proantic.com\/magazine\/faience-de-langeais\/#article","isPartOf":{"@id":"https:\/\/www.proantic.com\/magazine\/faience-de-langeais\/"},"author":{"name":"C\u00e9line Autant","@id":"https:\/\/www.proantic.com\/magazine\/#\/schema\/person\/932db14f53d245f4acce86a3fe906582"},"headline":"La fa\u00efence de Langeais","datePublished":"2017-02-11T14:30:08+00:00","dateModified":"2017-02-12T15:22:37+00:00","mainEntityOfPage":{"@id":"https:\/\/www.proantic.com\/magazine\/faience-de-langeais\/"},"wordCount":515,"image":{"@id":"https:\/\/www.proantic.com\/magazine\/faience-de-langeais\/#primaryimage"},"thumbnailUrl":"https:\/\/i0.wp.com\/www.proantic.com\/magazine\/wp-content\/uploads\/2017\/02\/02225a.jpg?fit=1440%2C960&ssl=1","articleSection":["Arts d\u00e9coratifs sur Proantic"],"inLanguage":"fr-FR"},{"@type":"WebPage","@id":"https:\/\/www.proantic.com\/magazine\/faience-de-langeais\/","url":"https:\/\/www.proantic.com\/magazine\/faience-de-langeais\/","name":"La fa\u00efence de Langeais Le Magazine de Proantic","isPartOf":{"@id":"https:\/\/www.proantic.com\/magazine\/#website"},"primaryImageOfPage":{"@id":"https:\/\/www.proantic.com\/magazine\/faience-de-langeais\/#primaryimage"},"image":{"@id":"https:\/\/www.proantic.com\/magazine\/faience-de-langeais\/#primaryimage"},"thumbnailUrl":"https:\/\/i0.wp.com\/www.proantic.com\/magazine\/wp-content\/uploads\/2017\/02\/02225a.jpg?fit=1440%2C960&ssl=1","datePublished":"2017-02-11T14:30:08+00:00","dateModified":"2017-02-12T15:22:37+00:00","author":{"@id":"https:\/\/www.proantic.com\/magazine\/#\/schema\/person\/932db14f53d245f4acce86a3fe906582"},"description":"En 1839, \u00e2g\u00e9 de 22 ans, Charles de Boissimon s\u2019\u00e9tablit \u00e0 Langeais (situ\u00e9e \u00e0 25 km de Tours) avec son cousin Julien Boilesve, ils fondent une soci\u00e9t\u00e9 de","breadcrumb":{"@id":"https:\/\/www.proantic.com\/magazine\/faience-de-langeais\/#breadcrumb"},"inLanguage":"fr-FR","potentialAction":[{"@type":"ReadAction","target":["https:\/\/www.proantic.com\/magazine\/faience-de-langeais\/"]}]},{"@type":"ImageObject","inLanguage":"fr-FR","@id":"https:\/\/www.proantic.com\/magazine\/faience-de-langeais\/#primaryimage","url":"https:\/\/i0.wp.com\/www.proantic.com\/magazine\/wp-content\/uploads\/2017\/02\/02225a.jpg?fit=1440%2C960&ssl=1","contentUrl":"https:\/\/i0.wp.com\/www.proantic.com\/magazine\/wp-content\/uploads\/2017\/02\/02225a.jpg?fit=1440%2C960&ssl=1","width":1440,"height":960},{"@type":"BreadcrumbList","@id":"https:\/\/www.proantic.com\/magazine\/faience-de-langeais\/#breadcrumb","itemListElement":[{"@type":"ListItem","position":1,"name":"Accueil","item":"https:\/\/www.proantic.com\/magazine\/"},{"@type":"ListItem","position":2,"name":"La fa\u00efence de Langeais"}]},{"@type":"WebSite","@id":"https:\/\/www.proantic.com\/magazine\/#website","url":"https:\/\/www.proantic.com\/magazine\/","name":"Le Magazine de Proantic","description":"Magazine d&#039;art et expositions","potentialAction":[{"@type":"SearchAction","target":{"@type":"EntryPoint","urlTemplate":"https:\/\/www.proantic.com\/magazine\/?s={search_term_string}"},"query-input":{"@type":"PropertyValueSpecification","valueRequired":true,"valueName":"search_term_string"}}],"inLanguage":"fr-FR"},{"@type":"Person","@id":"https:\/\/www.proantic.com\/magazine\/#\/schema\/person\/932db14f53d245f4acce86a3fe906582","name":"C\u00e9line Autant"}]}},"jetpack_publicize_connections":[],"jetpack_featured_media_url":"https:\/\/i0.wp.com\/www.proantic.com\/magazine\/wp-content\/uploads\/2017\/02\/02225a.jpg?fit=1440%2C960&ssl=1","jetpack_shortlink":"https:\/\/wp.me\/p7EkP3-1GY","jetpack_sharing_enabled":true,"_links":{"self":[{"href":"https:\/\/www.proantic.com\/magazine\/wp-json\/wp\/v2\/posts\/6508","targetHints":{"allow":["GET"]}}],"collection":[{"href":"https:\/\/www.proantic.com\/magazine\/wp-json\/wp\/v2\/posts"}],"about":[{"href":"https:\/\/www.proantic.com\/magazine\/wp-json\/wp\/v2\/types\/post"}],"author":[{"embeddable":true,"href":"https:\/\/www.proantic.com\/magazine\/wp-json\/wp\/v2\/users\/6"}],"replies":[{"embeddable":true,"href":"https:\/\/www.proantic.com\/magazine\/wp-json\/wp\/v2\/comments?post=6508"}],"version-history":[{"count":0,"href":"https:\/\/www.proantic.com\/magazine\/wp-json\/wp\/v2\/posts\/6508\/revisions"}],"wp:featuredmedia":[{"embeddable":true,"href":"https:\/\/www.proantic.com\/magazine\/wp-json\/wp\/v2\/media\/6528"}],"wp:attachment":[{"href":"https:\/\/www.proantic.com\/magazine\/wp-json\/wp\/v2\/media?parent=6508"}],"wp:term":[{"taxonomy":"category","embeddable":true,"href":"https:\/\/www.proantic.com\/magazine\/wp-json\/wp\/v2\/categories?post=6508"},{"taxonomy":"post_tag","embeddable":true,"href":"https:\/\/www.proantic.com\/magazine\/wp-json\/wp\/v2\/tags?post=6508"}],"curies":[{"name":"wp","href":"https:\/\/api.w.org\/{rel}","templated":true}]}}