{"id":6225,"date":"2017-01-07T14:43:05","date_gmt":"2017-01-07T13:43:05","guid":{"rendered":"http:\/\/www.proantic.com\/magazine\/?p=6225"},"modified":"2017-01-08T09:31:01","modified_gmt":"2017-01-08T08:31:01","slug":"les-beurdeley","status":"publish","type":"post","link":"https:\/\/www.proantic.com\/magazine\/les-beurdeley\/","title":{"rendered":"Les Beurdeley"},"content":{"rendered":"<div><strong>\u00a0La famille Beurdeley constitue l\u2019une des plus importantes dynasties de fabricants de meubles au XIXe si\u00e8cle.<\/strong> Ils port\u00e8rent leur art \u00e0 un niveau d\u2019habilet\u00e9 rarement \u00e9gal\u00e9. Ils exerc\u00e8rent pendant trois g\u00e9n\u00e9rations de 1818 \u00e0 1895.<\/div>\n<div>Les Beurdeley sont particuli\u00e8rement renomm\u00e9s pour la qualit\u00e9 de leurs montures de bronze dor\u00e9 et le choix de mat\u00e9riaux pr\u00e9cieux pour l\u2019ornement de leurs meubles et de leurs objets d\u2019art. L\u2019emploi syst\u00e9matique de la dorure au mercure et la qualit\u00e9 de la ciselure leur permet de perp\u00e9tuer la tradition d\u2019excellence du XVIIIe si\u00e8cle.<\/div>\n<div><\/div>\n<div>\n<figure id=\"attachment_6384\" aria-describedby=\"caption-attachment-6384\" style=\"width: 665px\" class=\"wp-caption aligncenter\"><a href=\"https:\/\/i0.wp.com\/www.proantic.com\/magazine\/wp-content\/uploads\/2017\/01\/205577-1.jpg\"><img data-recalc-dims=\"1\" loading=\"lazy\" decoding=\"async\" data-attachment-id=\"6384\" data-permalink=\"https:\/\/www.proantic.com\/magazine\/les-beurdeley\/205577-1\/\" data-orig-file=\"https:\/\/i0.wp.com\/www.proantic.com\/magazine\/wp-content\/uploads\/2017\/01\/205577-1.jpg?fit=1200%2C799&amp;ssl=1\" data-orig-size=\"1200,799\" data-comments-opened=\"1\" data-image-meta=\"{&quot;aperture&quot;:&quot;0&quot;,&quot;credit&quot;:&quot;&quot;,&quot;camera&quot;:&quot;&quot;,&quot;caption&quot;:&quot;&quot;,&quot;created_timestamp&quot;:&quot;0&quot;,&quot;copyright&quot;:&quot;&quot;,&quot;focal_length&quot;:&quot;0&quot;,&quot;iso&quot;:&quot;0&quot;,&quot;shutter_speed&quot;:&quot;0&quot;,&quot;title&quot;:&quot;&quot;,&quot;orientation&quot;:&quot;0&quot;}\" data-image-title=\"Garniture de Chemin\u00e9e par Alfred Emmanuel Louis Beurdeley. (c) Antiquit\u00e9s Bouley, Proantic\" data-image-description=\"\" data-image-caption=\"&lt;p&gt;Garniture de Chemin\u00e9e par Alfred Emmanuel Louis Beurdeley.&lt;br \/&gt;\n(c) Antiquit\u00e9s Bouley,&lt;br \/&gt;\nProantic &lt;\/p&gt;\n\" data-medium-file=\"https:\/\/i0.wp.com\/www.proantic.com\/magazine\/wp-content\/uploads\/2017\/01\/205577-1.jpg?fit=300%2C200&amp;ssl=1\" data-large-file=\"https:\/\/i0.wp.com\/www.proantic.com\/magazine\/wp-content\/uploads\/2017\/01\/205577-1.jpg?fit=665%2C443&amp;ssl=1\" class=\"wp-image-6384 size-large\" src=\"https:\/\/i0.wp.com\/www.proantic.com\/magazine\/wp-content\/uploads\/2017\/01\/205577-1-1024x682.jpg?resize=665%2C443\" width=\"665\" height=\"443\" srcset=\"https:\/\/i0.wp.com\/www.proantic.com\/magazine\/wp-content\/uploads\/2017\/01\/205577-1.jpg?resize=1024%2C682&amp;ssl=1 1024w, https:\/\/i0.wp.com\/www.proantic.com\/magazine\/wp-content\/uploads\/2017\/01\/205577-1.jpg?resize=300%2C200&amp;ssl=1 300w, https:\/\/i0.wp.com\/www.proantic.com\/magazine\/wp-content\/uploads\/2017\/01\/205577-1.jpg?resize=768%2C511&amp;ssl=1 768w, https:\/\/i0.wp.com\/www.proantic.com\/magazine\/wp-content\/uploads\/2017\/01\/205577-1.jpg?resize=180%2C120&amp;ssl=1 180w, https:\/\/i0.wp.com\/www.proantic.com\/magazine\/wp-content\/uploads\/2017\/01\/205577-1.jpg?w=1200&amp;ssl=1 1200w\" sizes=\"auto, (max-width: 665px) 100vw, 665px\" \/><\/a><figcaption id=\"caption-attachment-6384\" class=\"wp-caption-text\">Garniture de Chemin\u00e9e par Alfred Emmanuel Louis Beurdeley.<br \/> (c) Antiquit\u00e9s Bouley,<br \/> Proantic<\/figcaption><\/figure>\n<\/div>\n<div><\/div>\n<div>Le fondateur de la dynastie, Jean Beurdeley, s\u2019\u00e9tablit \u00e0 Paris en 1804. Il y cr\u00e9e une modeste compagnie et b\u00e2tit lentement sa r\u00e9putation. Il est situ\u00e9 au 355, rue Saint Honor\u00e9 en 1818 et au 364, rue Saint Honor\u00e9 de 1820 \u00e0 1839. En 1839, il occupe le prestigieux Pavillon de Hanovre au coin de la rue Louis-le-Grand et du Boulevard des Italiens, ce qui t\u00e9moigne de sa r\u00e9ussite.<\/div>\n<div>\n<figure id=\"attachment_6386\" aria-describedby=\"caption-attachment-6386\" style=\"width: 665px\" class=\"wp-caption aligncenter\"><a href=\"https:\/\/i0.wp.com\/www.proantic.com\/magazine\/wp-content\/uploads\/2017\/01\/190918-1.jpg\"><img data-recalc-dims=\"1\" loading=\"lazy\" decoding=\"async\" data-attachment-id=\"6386\" data-permalink=\"https:\/\/www.proantic.com\/magazine\/les-beurdeley\/190918-1\/\" data-orig-file=\"https:\/\/i0.wp.com\/www.proantic.com\/magazine\/wp-content\/uploads\/2017\/01\/190918-1.jpg?fit=1200%2C1200&amp;ssl=1\" data-orig-size=\"1200,1200\" data-comments-opened=\"1\" data-image-meta=\"{&quot;aperture&quot;:&quot;0&quot;,&quot;credit&quot;:&quot;&quot;,&quot;camera&quot;:&quot;&quot;,&quot;caption&quot;:&quot;&quot;,&quot;created_timestamp&quot;:&quot;0&quot;,&quot;copyright&quot;:&quot;&quot;,&quot;focal_length&quot;:&quot;0&quot;,&quot;iso&quot;:&quot;0&quot;,&quot;shutter_speed&quot;:&quot;0&quot;,&quot;title&quot;:&quot;&quot;,&quot;orientation&quot;:&quot;0&quot;}\" data-image-title=\"Lustre d&amp;rsquo;apr\u00e8s Thomire, Attribu\u00e9 \u00e0 la maison Beurdeley. (c) Jakob F. Mueller Antiquitaeten, Proantic.\" data-image-description=\"\" data-image-caption=\"&lt;p&gt;Lustre d&amp;rsquo;apr\u00e8s Thomire, Attribu\u00e9 \u00e0 la maison Beurdeley.&lt;br \/&gt;\n(c) Jakob F. Mueller Antiquitaeten, Proantic.&lt;\/p&gt;\n\" data-medium-file=\"https:\/\/i0.wp.com\/www.proantic.com\/magazine\/wp-content\/uploads\/2017\/01\/190918-1.jpg?fit=300%2C300&amp;ssl=1\" data-large-file=\"https:\/\/i0.wp.com\/www.proantic.com\/magazine\/wp-content\/uploads\/2017\/01\/190918-1.jpg?fit=665%2C665&amp;ssl=1\" class=\"wp-image-6386 size-large\" src=\"https:\/\/i0.wp.com\/www.proantic.com\/magazine\/wp-content\/uploads\/2017\/01\/190918-1-1024x1024.jpg?resize=665%2C665\" width=\"665\" height=\"665\" srcset=\"https:\/\/i0.wp.com\/www.proantic.com\/magazine\/wp-content\/uploads\/2017\/01\/190918-1.jpg?resize=1024%2C1024&amp;ssl=1 1024w, https:\/\/i0.wp.com\/www.proantic.com\/magazine\/wp-content\/uploads\/2017\/01\/190918-1.jpg?resize=150%2C150&amp;ssl=1 150w, https:\/\/i0.wp.com\/www.proantic.com\/magazine\/wp-content\/uploads\/2017\/01\/190918-1.jpg?resize=300%2C300&amp;ssl=1 300w, https:\/\/i0.wp.com\/www.proantic.com\/magazine\/wp-content\/uploads\/2017\/01\/190918-1.jpg?resize=768%2C768&amp;ssl=1 768w, https:\/\/i0.wp.com\/www.proantic.com\/magazine\/wp-content\/uploads\/2017\/01\/190918-1.jpg?resize=100%2C100&amp;ssl=1 100w, https:\/\/i0.wp.com\/www.proantic.com\/magazine\/wp-content\/uploads\/2017\/01\/190918-1.jpg?resize=200%2C200&amp;ssl=1 200w, https:\/\/i0.wp.com\/www.proantic.com\/magazine\/wp-content\/uploads\/2017\/01\/190918-1.jpg?resize=180%2C180&amp;ssl=1 180w, https:\/\/i0.wp.com\/www.proantic.com\/magazine\/wp-content\/uploads\/2017\/01\/190918-1.jpg?w=1200&amp;ssl=1 1200w\" sizes=\"auto, (max-width: 665px) 100vw, 665px\" \/><\/a><figcaption id=\"caption-attachment-6386\" class=\"wp-caption-text\">Lustre d&rsquo;apr\u00e8s Thomire, Attribu\u00e9 \u00e0 la maison Beurdeley.<br \/> (c) Jakob F. Mueller Antiquitaeten, Proantic.<\/figcaption><\/figure>\n<\/div>\n<div><\/div>\n<div>Son fils, Louis-Auguste-Alfred Beurdeley, conna\u00eetra la c\u00e9l\u00e9brit\u00e9 et les honneurs.\u00a0Il reprend l&rsquo;entreprise paternelle en 1840 qu&rsquo;il transf\u00e8re rue Louis-Legrand, \u00e0 l&rsquo;angle du boulevard des italiens. Au commerce de meubles, objets d&rsquo;art et de tableaux, il y ajoute un atelier de restauration qui sera le point de d\u00e9part de l&rsquo;atelier de fabrication.<\/div>\n<div>Il poursuit l\u2019oeuvre de son p\u00e8re au Pavillon de Hanovre o\u00f9 il cr\u00e9e des meubles en s\u2019inspirant principalement du style Louis XVI. Il est l\u2019un des plus talentueux cr\u00e9ateurs de la deuxi\u00e8me moiti\u00e9 du XIXe si\u00e8cle, excellant aussi bien dans le travail du bronze que dans l\u2019\u00e9b\u00e9nisterie.<\/div>\n<div>Sous le Second Empire, il devient l\u2019un des principaux fournisseurs du Garde-meuble imp\u00e9rial, il re\u00e7oit des commandes de Napol\u00e9on III et de l\u2019Imp\u00e9ratrice Eug\u00e9nie, notamment \u00e0 l\u2019occasion de leur mariage, et fournit les maisons royales d\u2019Europe.Il participe aux Expositions Universelles \u00e0 Paris en 1855 et 1867 o\u00f9 il re\u00e7oit de nombreuses distinctions.<\/div>\n<div>\n<figure id=\"attachment_6387\" aria-describedby=\"caption-attachment-6387\" style=\"width: 579px\" class=\"wp-caption aligncenter\"><a href=\"https:\/\/i0.wp.com\/www.proantic.com\/magazine\/wp-content\/uploads\/2017\/01\/kloiu.png\"><img data-recalc-dims=\"1\" loading=\"lazy\" decoding=\"async\" data-attachment-id=\"6387\" data-permalink=\"https:\/\/www.proantic.com\/magazine\/les-beurdeley\/kloiu-2\/\" data-orig-file=\"https:\/\/i0.wp.com\/www.proantic.com\/magazine\/wp-content\/uploads\/2017\/01\/kloiu.png?fit=579%2C428&amp;ssl=1\" data-orig-size=\"579,428\" data-comments-opened=\"1\" data-image-meta=\"{&quot;aperture&quot;:&quot;0&quot;,&quot;credit&quot;:&quot;&quot;,&quot;camera&quot;:&quot;&quot;,&quot;caption&quot;:&quot;&quot;,&quot;created_timestamp&quot;:&quot;0&quot;,&quot;copyright&quot;:&quot;&quot;,&quot;focal_length&quot;:&quot;0&quot;,&quot;iso&quot;:&quot;0&quot;,&quot;shutter_speed&quot;:&quot;0&quot;,&quot;title&quot;:&quot;&quot;,&quot;orientation&quot;:&quot;0&quot;}\" data-image-title=\"Meuble d&amp;rsquo;Alfred-Emmanuel-Louis Beurdeley, XIX\u00e8me. (c) bonhams\" data-image-description=\"\" data-image-caption=\"&lt;p&gt;Meuble d&amp;rsquo;Alfred-Emmanuel-Louis Beurdeley, XIX\u00e8me.&lt;br \/&gt;\n(c) bonhams&lt;\/p&gt;\n\" data-medium-file=\"https:\/\/i0.wp.com\/www.proantic.com\/magazine\/wp-content\/uploads\/2017\/01\/kloiu.png?fit=300%2C222&amp;ssl=1\" data-large-file=\"https:\/\/i0.wp.com\/www.proantic.com\/magazine\/wp-content\/uploads\/2017\/01\/kloiu.png?fit=579%2C428&amp;ssl=1\" class=\"size-full wp-image-6387\" src=\"https:\/\/i0.wp.com\/www.proantic.com\/magazine\/wp-content\/uploads\/2017\/01\/kloiu.png?resize=579%2C428\" alt=\"\" width=\"579\" height=\"428\" srcset=\"https:\/\/i0.wp.com\/www.proantic.com\/magazine\/wp-content\/uploads\/2017\/01\/kloiu.png?w=579&amp;ssl=1 579w, https:\/\/i0.wp.com\/www.proantic.com\/magazine\/wp-content\/uploads\/2017\/01\/kloiu.png?resize=300%2C222&amp;ssl=1 300w, https:\/\/i0.wp.com\/www.proantic.com\/magazine\/wp-content\/uploads\/2017\/01\/kloiu.png?resize=180%2C133&amp;ssl=1 180w\" sizes=\"auto, (max-width: 579px) 100vw, 579px\" \/><\/a><figcaption id=\"caption-attachment-6387\" class=\"wp-caption-text\">Meuble d&rsquo;Alfred-Emmanuel-Louis Beurdeley, XIX\u00e8me.<br \/>(c) bonhams<\/figcaption><\/figure>\n<\/div>\n<div><\/div>\n<div>Alfred-Emmanuel-Louis Beurdeley, travaille avec son p\u00e8re, puis lui succ\u00e8de en 1875. \u00a0Sp\u00e9cialis\u00e9 uniquement dans la fabrication de meubles de luxe copi\u00e9s sur les beaux meubles anciens du Mobilier National, il excelle dans cette discipline. Il ne fabriqua que tr\u00e8s peu de meubles originaux.\u00a0Toujours install\u00e9 au Pavillon de Hanovre, il ouvre des ateliers aux 20 et 24, rue Dautancourt. L\u2019activit\u00e9 se poursuit dans le m\u00eame esprit jusqu\u2019en 1895.<\/div>\n<div>\n<figure id=\"attachment_6388\" aria-describedby=\"caption-attachment-6388\" style=\"width: 644px\" class=\"wp-caption aligncenter\"><a href=\"https:\/\/i0.wp.com\/www.proantic.com\/magazine\/wp-content\/uploads\/2017\/01\/deklo.png\"><img data-recalc-dims=\"1\" loading=\"lazy\" decoding=\"async\" data-attachment-id=\"6388\" data-permalink=\"https:\/\/www.proantic.com\/magazine\/les-beurdeley\/deklo-2\/\" data-orig-file=\"https:\/\/i0.wp.com\/www.proantic.com\/magazine\/wp-content\/uploads\/2017\/01\/deklo.png?fit=644%2C676&amp;ssl=1\" data-orig-size=\"644,676\" data-comments-opened=\"1\" data-image-meta=\"{&quot;aperture&quot;:&quot;0&quot;,&quot;credit&quot;:&quot;&quot;,&quot;camera&quot;:&quot;&quot;,&quot;caption&quot;:&quot;&quot;,&quot;created_timestamp&quot;:&quot;0&quot;,&quot;copyright&quot;:&quot;&quot;,&quot;focal_length&quot;:&quot;0&quot;,&quot;iso&quot;:&quot;0&quot;,&quot;shutter_speed&quot;:&quot;0&quot;,&quot;title&quot;:&quot;&quot;,&quot;orientation&quot;:&quot;0&quot;}\" data-image-title=\"Table d&amp;rsquo;Alfred-Emmanuel-Louis Beurdeley, XIX\u00e8me. (c)sotheby&amp;rsquo;s\" data-image-description=\"\" data-image-caption=\"&lt;p&gt;Table d&amp;rsquo;Alfred-Emmanuel-Louis Beurdeley, XIX\u00e8me.&lt;br \/&gt;\n(c) Sotheby&amp;rsquo;s&lt;\/p&gt;\n\" data-medium-file=\"https:\/\/i0.wp.com\/www.proantic.com\/magazine\/wp-content\/uploads\/2017\/01\/deklo.png?fit=286%2C300&amp;ssl=1\" data-large-file=\"https:\/\/i0.wp.com\/www.proantic.com\/magazine\/wp-content\/uploads\/2017\/01\/deklo.png?fit=644%2C676&amp;ssl=1\" class=\"size-full wp-image-6388\" src=\"https:\/\/i0.wp.com\/www.proantic.com\/magazine\/wp-content\/uploads\/2017\/01\/deklo.png?resize=644%2C676\" alt=\"\" width=\"644\" height=\"676\" srcset=\"https:\/\/i0.wp.com\/www.proantic.com\/magazine\/wp-content\/uploads\/2017\/01\/deklo.png?w=644&amp;ssl=1 644w, https:\/\/i0.wp.com\/www.proantic.com\/magazine\/wp-content\/uploads\/2017\/01\/deklo.png?resize=286%2C300&amp;ssl=1 286w, https:\/\/i0.wp.com\/www.proantic.com\/magazine\/wp-content\/uploads\/2017\/01\/deklo.png?resize=171%2C180&amp;ssl=1 171w\" sizes=\"auto, (max-width: 644px) 100vw, 644px\" \/><\/a><figcaption id=\"caption-attachment-6388\" class=\"wp-caption-text\">Table d&rsquo;Alfred-Emmanuel-Louis Beurdeley, XIX\u00e8me.<br \/>(c) Sotheby&rsquo;s<\/figcaption><\/figure>\n<\/div>\n<div><\/div>\n<div>Alfred, comme ses confr\u00e8res Dasson, Groh\u00e9 ou Fourdinois, participe \u00e0 la prestigieuse Exposition Universelle de 1878 o\u00f9 il re\u00e7oit la m\u00e9daille d\u2019or. Ce succ\u00e8s lui permet l\u2019ouverture d\u2019une galerie \u00e0 New York. Sa participation \u00e0 l\u2019Exposition Universelle de 1883 \u00e0 Amsterdam lui assure plus de r\u00e9ussite encore. Il est fait Chevalier de la L\u00e9gion d\u2019Honneur.<\/div>\n<div>La maison Beurdeley cesse ses activit\u00e9s en 1895 et le stock est dispers\u00e9 lors de nombreuses ventes aux ench\u00e8res.\u00a0 Le fond de l\u2019atelier \u00e9tait si riche qu\u2019il fallu cinq ventes pour liquider plus de deux mille pi\u00e8ces. Quand aux meubles et objets d\u2019art, elles comprirent trois mille neuf cent quarante-cinq num\u00e9ros, en quinze ventes.<\/div>\n<div>\n<p>&nbsp;<\/p>\n<p>&nbsp;<\/p>\n<\/div>\n","protected":false},"excerpt":{"rendered":"<p>\u00a0La famille Beurdeley constitue l\u2019une des plus importantes dynasties de fabricants de meubles au XIXe si\u00e8cle. Ils port\u00e8rent leur art \u00e0 un niveau d\u2019habilet\u00e9 rarement \u00e9gal\u00e9. Ils exerc\u00e8rent pendant trois g\u00e9n\u00e9rations de 1818 \u00e0 1895. Les Beurdeley sont particuli\u00e8rement renomm\u00e9s pour la qualit\u00e9 de leurs montures de bronze dor\u00e9 et le choix de mat\u00e9riaux pr\u00e9cieux [&hellip;]<\/p>\n","protected":false},"author":6,"featured_media":6385,"comment_status":"closed","ping_status":"open","sticky":false,"template":"","format":"standard","meta":{"jetpack_post_was_ever_published":false,"_jetpack_newsletter_access":"","_jetpack_dont_email_post_to_subs":false,"_jetpack_newsletter_tier_id":0,"_jetpack_memberships_contains_paywalled_content":false,"_jetpack_memberships_contains_paid_content":false,"footnotes":"","jetpack_publicize_message":"","jetpack_publicize_feature_enabled":true,"jetpack_social_post_already_shared":false,"jetpack_social_options":{"image_generator_settings":{"template":"highway","default_image_id":0,"font":"","enabled":false},"version":2}},"categories":[180],"tags":[],"class_list":["post-6225","post","type-post","status-publish","format-standard","has-post-thumbnail","hentry","category-arts-decoratifs-proantic"],"yoast_head":"<!-- This site is optimized with the Yoast SEO plugin v26.9 - https:\/\/yoast.com\/product\/yoast-seo-wordpress\/ -->\n<title>Les Beurdeley Le Magazine de Proantic<\/title>\n<meta name=\"description\" content=\"\u00a0La famille Beurdeley constitue l\u2019une des plus importantes dynasties de fabricants de meubles au XIXe si\u00e8cle. Ils port\u00e8rent leur art \u00e0 un niveau\" \/>\n<meta name=\"robots\" content=\"index, follow, max-snippet:-1, max-image-preview:large, max-video-preview:-1\" \/>\n<link rel=\"canonical\" href=\"https:\/\/www.proantic.com\/magazine\/les-beurdeley\/\" \/>\n<meta property=\"og:locale\" content=\"fr_FR\" \/>\n<meta property=\"og:type\" content=\"article\" \/>\n<meta property=\"og:title\" content=\"Les Beurdeley Le Magazine de Proantic\" \/>\n<meta property=\"og:description\" content=\"\u00a0La famille Beurdeley constitue l\u2019une des plus importantes dynasties de fabricants de meubles au XIXe si\u00e8cle. Ils port\u00e8rent leur art \u00e0 un niveau\" \/>\n<meta property=\"og:url\" content=\"https:\/\/www.proantic.com\/magazine\/les-beurdeley\/\" \/>\n<meta property=\"og:site_name\" content=\"Le Magazine de Proantic\" \/>\n<meta property=\"article:publisher\" content=\"https:\/\/www.facebook.com\/pages\/Proantic\/\/259180871793\" \/>\n<meta property=\"article:published_time\" content=\"2017-01-07T13:43:05+00:00\" \/>\n<meta property=\"article:modified_time\" content=\"2017-01-08T08:31:01+00:00\" \/>\n<meta property=\"og:image\" content=\"https:\/\/i0.wp.com\/www.proantic.com\/magazine\/wp-content\/uploads\/2017\/01\/205577-alb-3.jpg?fit=1200%2C800&ssl=1\" \/>\n\t<meta property=\"og:image:width\" content=\"1200\" \/>\n\t<meta property=\"og:image:height\" content=\"800\" \/>\n\t<meta property=\"og:image:type\" content=\"image\/jpeg\" \/>\n<meta name=\"author\" content=\"C\u00e9line Autant\" \/>\n<meta name=\"twitter:label1\" content=\"\u00c9crit par\" \/>\n\t<meta name=\"twitter:data1\" content=\"C\u00e9line Autant\" \/>\n\t<meta name=\"twitter:label2\" content=\"Dur\u00e9e de lecture estim\u00e9e\" \/>\n\t<meta name=\"twitter:data2\" content=\"3 minutes\" \/>\n<script type=\"application\/ld+json\" class=\"yoast-schema-graph\">{\"@context\":\"https:\/\/schema.org\",\"@graph\":[{\"@type\":\"Article\",\"@id\":\"https:\/\/www.proantic.com\/magazine\/les-beurdeley\/#article\",\"isPartOf\":{\"@id\":\"https:\/\/www.proantic.com\/magazine\/les-beurdeley\/\"},\"author\":{\"name\":\"C\u00e9line Autant\",\"@id\":\"https:\/\/www.proantic.com\/magazine\/#\/schema\/person\/932db14f53d245f4acce86a3fe906582\"},\"headline\":\"Les Beurdeley\",\"datePublished\":\"2017-01-07T13:43:05+00:00\",\"dateModified\":\"2017-01-08T08:31:01+00:00\",\"mainEntityOfPage\":{\"@id\":\"https:\/\/www.proantic.com\/magazine\/les-beurdeley\/\"},\"wordCount\":614,\"image\":{\"@id\":\"https:\/\/www.proantic.com\/magazine\/les-beurdeley\/#primaryimage\"},\"thumbnailUrl\":\"https:\/\/i0.wp.com\/www.proantic.com\/magazine\/wp-content\/uploads\/2017\/01\/205577-alb-3.jpg?fit=1200%2C800&ssl=1\",\"articleSection\":[\"Arts d\u00e9coratifs sur Proantic\"],\"inLanguage\":\"fr-FR\"},{\"@type\":\"WebPage\",\"@id\":\"https:\/\/www.proantic.com\/magazine\/les-beurdeley\/\",\"url\":\"https:\/\/www.proantic.com\/magazine\/les-beurdeley\/\",\"name\":\"Les Beurdeley Le Magazine de Proantic\",\"isPartOf\":{\"@id\":\"https:\/\/www.proantic.com\/magazine\/#website\"},\"primaryImageOfPage\":{\"@id\":\"https:\/\/www.proantic.com\/magazine\/les-beurdeley\/#primaryimage\"},\"image\":{\"@id\":\"https:\/\/www.proantic.com\/magazine\/les-beurdeley\/#primaryimage\"},\"thumbnailUrl\":\"https:\/\/i0.wp.com\/www.proantic.com\/magazine\/wp-content\/uploads\/2017\/01\/205577-alb-3.jpg?fit=1200%2C800&ssl=1\",\"datePublished\":\"2017-01-07T13:43:05+00:00\",\"dateModified\":\"2017-01-08T08:31:01+00:00\",\"author\":{\"@id\":\"https:\/\/www.proantic.com\/magazine\/#\/schema\/person\/932db14f53d245f4acce86a3fe906582\"},\"description\":\"\u00a0La famille Beurdeley constitue l\u2019une des plus importantes dynasties de fabricants de meubles au XIXe si\u00e8cle. Ils port\u00e8rent leur art \u00e0 un niveau\",\"breadcrumb\":{\"@id\":\"https:\/\/www.proantic.com\/magazine\/les-beurdeley\/#breadcrumb\"},\"inLanguage\":\"fr-FR\",\"potentialAction\":[{\"@type\":\"ReadAction\",\"target\":[\"https:\/\/www.proantic.com\/magazine\/les-beurdeley\/\"]}]},{\"@type\":\"ImageObject\",\"inLanguage\":\"fr-FR\",\"@id\":\"https:\/\/www.proantic.com\/magazine\/les-beurdeley\/#primaryimage\",\"url\":\"https:\/\/i0.wp.com\/www.proantic.com\/magazine\/wp-content\/uploads\/2017\/01\/205577-alb-3.jpg?fit=1200%2C800&ssl=1\",\"contentUrl\":\"https:\/\/i0.wp.com\/www.proantic.com\/magazine\/wp-content\/uploads\/2017\/01\/205577-alb-3.jpg?fit=1200%2C800&ssl=1\",\"width\":1200,\"height\":800,\"caption\":\"Garniture de Chemin\u00e9e par Alfred Emmanuel Louis Beurdeley. (c) Antiquit\u00e9s Bouley, Proantic\"},{\"@type\":\"BreadcrumbList\",\"@id\":\"https:\/\/www.proantic.com\/magazine\/les-beurdeley\/#breadcrumb\",\"itemListElement\":[{\"@type\":\"ListItem\",\"position\":1,\"name\":\"Accueil\",\"item\":\"https:\/\/www.proantic.com\/magazine\/\"},{\"@type\":\"ListItem\",\"position\":2,\"name\":\"Les Beurdeley\"}]},{\"@type\":\"WebSite\",\"@id\":\"https:\/\/www.proantic.com\/magazine\/#website\",\"url\":\"https:\/\/www.proantic.com\/magazine\/\",\"name\":\"Le Magazine de Proantic\",\"description\":\"Magazine d&#039;art et expositions\",\"potentialAction\":[{\"@type\":\"SearchAction\",\"target\":{\"@type\":\"EntryPoint\",\"urlTemplate\":\"https:\/\/www.proantic.com\/magazine\/?s={search_term_string}\"},\"query-input\":{\"@type\":\"PropertyValueSpecification\",\"valueRequired\":true,\"valueName\":\"search_term_string\"}}],\"inLanguage\":\"fr-FR\"},{\"@type\":\"Person\",\"@id\":\"https:\/\/www.proantic.com\/magazine\/#\/schema\/person\/932db14f53d245f4acce86a3fe906582\",\"name\":\"C\u00e9line Autant\"}]}<\/script>\n<!-- \/ Yoast SEO plugin. -->","yoast_head_json":{"title":"Les Beurdeley Le Magazine de Proantic","description":"\u00a0La famille Beurdeley constitue l\u2019une des plus importantes dynasties de fabricants de meubles au XIXe si\u00e8cle. Ils port\u00e8rent leur art \u00e0 un niveau","robots":{"index":"index","follow":"follow","max-snippet":"max-snippet:-1","max-image-preview":"max-image-preview:large","max-video-preview":"max-video-preview:-1"},"canonical":"https:\/\/www.proantic.com\/magazine\/les-beurdeley\/","og_locale":"fr_FR","og_type":"article","og_title":"Les Beurdeley Le Magazine de Proantic","og_description":"\u00a0La famille Beurdeley constitue l\u2019une des plus importantes dynasties de fabricants de meubles au XIXe si\u00e8cle. Ils port\u00e8rent leur art \u00e0 un niveau","og_url":"https:\/\/www.proantic.com\/magazine\/les-beurdeley\/","og_site_name":"Le Magazine de Proantic","article_publisher":"https:\/\/www.facebook.com\/pages\/Proantic\/\/259180871793","article_published_time":"2017-01-07T13:43:05+00:00","article_modified_time":"2017-01-08T08:31:01+00:00","og_image":[{"width":1200,"height":800,"url":"https:\/\/i0.wp.com\/www.proantic.com\/magazine\/wp-content\/uploads\/2017\/01\/205577-alb-3.jpg?fit=1200%2C800&ssl=1","type":"image\/jpeg"}],"author":"C\u00e9line Autant","twitter_misc":{"\u00c9crit par":"C\u00e9line Autant","Dur\u00e9e de lecture estim\u00e9e":"3 minutes"},"schema":{"@context":"https:\/\/schema.org","@graph":[{"@type":"Article","@id":"https:\/\/www.proantic.com\/magazine\/les-beurdeley\/#article","isPartOf":{"@id":"https:\/\/www.proantic.com\/magazine\/les-beurdeley\/"},"author":{"name":"C\u00e9line Autant","@id":"https:\/\/www.proantic.com\/magazine\/#\/schema\/person\/932db14f53d245f4acce86a3fe906582"},"headline":"Les Beurdeley","datePublished":"2017-01-07T13:43:05+00:00","dateModified":"2017-01-08T08:31:01+00:00","mainEntityOfPage":{"@id":"https:\/\/www.proantic.com\/magazine\/les-beurdeley\/"},"wordCount":614,"image":{"@id":"https:\/\/www.proantic.com\/magazine\/les-beurdeley\/#primaryimage"},"thumbnailUrl":"https:\/\/i0.wp.com\/www.proantic.com\/magazine\/wp-content\/uploads\/2017\/01\/205577-alb-3.jpg?fit=1200%2C800&ssl=1","articleSection":["Arts d\u00e9coratifs sur Proantic"],"inLanguage":"fr-FR"},{"@type":"WebPage","@id":"https:\/\/www.proantic.com\/magazine\/les-beurdeley\/","url":"https:\/\/www.proantic.com\/magazine\/les-beurdeley\/","name":"Les Beurdeley Le Magazine de Proantic","isPartOf":{"@id":"https:\/\/www.proantic.com\/magazine\/#website"},"primaryImageOfPage":{"@id":"https:\/\/www.proantic.com\/magazine\/les-beurdeley\/#primaryimage"},"image":{"@id":"https:\/\/www.proantic.com\/magazine\/les-beurdeley\/#primaryimage"},"thumbnailUrl":"https:\/\/i0.wp.com\/www.proantic.com\/magazine\/wp-content\/uploads\/2017\/01\/205577-alb-3.jpg?fit=1200%2C800&ssl=1","datePublished":"2017-01-07T13:43:05+00:00","dateModified":"2017-01-08T08:31:01+00:00","author":{"@id":"https:\/\/www.proantic.com\/magazine\/#\/schema\/person\/932db14f53d245f4acce86a3fe906582"},"description":"\u00a0La famille Beurdeley constitue l\u2019une des plus importantes dynasties de fabricants de meubles au XIXe si\u00e8cle. Ils port\u00e8rent leur art \u00e0 un niveau","breadcrumb":{"@id":"https:\/\/www.proantic.com\/magazine\/les-beurdeley\/#breadcrumb"},"inLanguage":"fr-FR","potentialAction":[{"@type":"ReadAction","target":["https:\/\/www.proantic.com\/magazine\/les-beurdeley\/"]}]},{"@type":"ImageObject","inLanguage":"fr-FR","@id":"https:\/\/www.proantic.com\/magazine\/les-beurdeley\/#primaryimage","url":"https:\/\/i0.wp.com\/www.proantic.com\/magazine\/wp-content\/uploads\/2017\/01\/205577-alb-3.jpg?fit=1200%2C800&ssl=1","contentUrl":"https:\/\/i0.wp.com\/www.proantic.com\/magazine\/wp-content\/uploads\/2017\/01\/205577-alb-3.jpg?fit=1200%2C800&ssl=1","width":1200,"height":800,"caption":"Garniture de Chemin\u00e9e par Alfred Emmanuel Louis Beurdeley. (c) Antiquit\u00e9s Bouley, Proantic"},{"@type":"BreadcrumbList","@id":"https:\/\/www.proantic.com\/magazine\/les-beurdeley\/#breadcrumb","itemListElement":[{"@type":"ListItem","position":1,"name":"Accueil","item":"https:\/\/www.proantic.com\/magazine\/"},{"@type":"ListItem","position":2,"name":"Les Beurdeley"}]},{"@type":"WebSite","@id":"https:\/\/www.proantic.com\/magazine\/#website","url":"https:\/\/www.proantic.com\/magazine\/","name":"Le Magazine de Proantic","description":"Magazine d&#039;art et expositions","potentialAction":[{"@type":"SearchAction","target":{"@type":"EntryPoint","urlTemplate":"https:\/\/www.proantic.com\/magazine\/?s={search_term_string}"},"query-input":{"@type":"PropertyValueSpecification","valueRequired":true,"valueName":"search_term_string"}}],"inLanguage":"fr-FR"},{"@type":"Person","@id":"https:\/\/www.proantic.com\/magazine\/#\/schema\/person\/932db14f53d245f4acce86a3fe906582","name":"C\u00e9line Autant"}]}},"jetpack_publicize_connections":[],"jetpack_featured_media_url":"https:\/\/i0.wp.com\/www.proantic.com\/magazine\/wp-content\/uploads\/2017\/01\/205577-alb-3.jpg?fit=1200%2C800&ssl=1","jetpack_shortlink":"https:\/\/wp.me\/p7EkP3-1Cp","jetpack_sharing_enabled":true,"_links":{"self":[{"href":"https:\/\/www.proantic.com\/magazine\/wp-json\/wp\/v2\/posts\/6225","targetHints":{"allow":["GET"]}}],"collection":[{"href":"https:\/\/www.proantic.com\/magazine\/wp-json\/wp\/v2\/posts"}],"about":[{"href":"https:\/\/www.proantic.com\/magazine\/wp-json\/wp\/v2\/types\/post"}],"author":[{"embeddable":true,"href":"https:\/\/www.proantic.com\/magazine\/wp-json\/wp\/v2\/users\/6"}],"replies":[{"embeddable":true,"href":"https:\/\/www.proantic.com\/magazine\/wp-json\/wp\/v2\/comments?post=6225"}],"version-history":[{"count":0,"href":"https:\/\/www.proantic.com\/magazine\/wp-json\/wp\/v2\/posts\/6225\/revisions"}],"wp:featuredmedia":[{"embeddable":true,"href":"https:\/\/www.proantic.com\/magazine\/wp-json\/wp\/v2\/media\/6385"}],"wp:attachment":[{"href":"https:\/\/www.proantic.com\/magazine\/wp-json\/wp\/v2\/media?parent=6225"}],"wp:term":[{"taxonomy":"category","embeddable":true,"href":"https:\/\/www.proantic.com\/magazine\/wp-json\/wp\/v2\/categories?post=6225"},{"taxonomy":"post_tag","embeddable":true,"href":"https:\/\/www.proantic.com\/magazine\/wp-json\/wp\/v2\/tags?post=6225"}],"curies":[{"name":"wp","href":"https:\/\/api.w.org\/{rel}","templated":true}]}}