{"id":5846,"date":"2016-11-12T15:40:52","date_gmt":"2016-11-12T14:40:52","guid":{"rendered":"http:\/\/www.proantic.com\/magazine\/?p=5846"},"modified":"2017-01-04T07:53:52","modified_gmt":"2017-01-04T06:53:52","slug":"jade-empereurs-a-lart-deco","status":"publish","type":"post","link":"https:\/\/www.proantic.com\/magazine\/jade-empereurs-a-lart-deco\/","title":{"rendered":"Jade, des empereurs \u00e0 l\u2019Art D\u00e9co"},"content":{"rendered":"<p><strong>le\u00a0Mus\u00e9e national des\u00a0arts asiatiques \u2013 Guimet \u00e0 Paris pr\u00e9sente l\u2019exposition <i>Jade, des\u00a0empereurs \u00e0 l\u2019Art d\u00e9co.<\/i> <\/strong>Depuis les empereurs de Chine &#8211; grands intercesseurs entre le Ciel et la Terre -, qui le consid\u00e9raient comme parure naturelle, jusqu\u2019\u00e0 Cartier et les plus grands joailliers de Londres et de New York qui le sublim\u00e8rent au 20e si\u00e8cle \u00e0 travers les cr\u00e9ations Arts d\u00e9co inspir\u00e9es par le go\u00fbt chinois, le jade demeure cette pierre \u00e9ternelle et mythique, objet de fascination et de pouvoir absolu pour le souverain.<\/p>\n<figure id=\"attachment_5853\" aria-describedby=\"caption-attachment-5853\" style=\"width: 620px\" class=\"wp-caption aligncenter\"><a href=\"https:\/\/i0.wp.com\/www.proantic.com\/magazine\/wp-content\/uploads\/2016\/11\/hjui.jpg\"><img data-recalc-dims=\"1\" loading=\"lazy\" decoding=\"async\" data-attachment-id=\"5853\" data-permalink=\"https:\/\/www.proantic.com\/magazine\/jade-empereurs-a-lart-deco\/pot-%e2%80%a1-fleur-en-forme-de-citron-digite\/\" data-orig-file=\"https:\/\/i0.wp.com\/www.proantic.com\/magazine\/wp-content\/uploads\/2016\/11\/hjui.jpg?fit=2000%2C1376&amp;ssl=1\" data-orig-size=\"2000,1376\" data-comments-opened=\"1\" data-image-meta=\"{&quot;aperture&quot;:&quot;0&quot;,&quot;credit&quot;:&quot;Thierry Ollivier \/ RMN-GP&quot;,&quot;camera&quot;:&quot;&quot;,&quot;caption&quot;:&quot;Paris, mus\\u00c8e Guimet - mus\\u00c8e national des Arts asiatiques. EO1576.&quot;,&quot;created_timestamp&quot;:&quot;0&quot;,&quot;copyright&quot;:&quot;Thierry Ollivier&quot;,&quot;focal_length&quot;:&quot;0&quot;,&quot;iso&quot;:&quot;0&quot;,&quot;shutter_speed&quot;:&quot;0&quot;,&quot;title&quot;:&quot;Pot \\u2021 fleur en forme de citron digit\\u00c8&quot;,&quot;orientation&quot;:&quot;1&quot;}\" data-image-title=\"Jade, des empereurs \u00e0 l\u2019Art d\u00e9co\" data-image-description=\"\" data-image-caption=\"&lt;p&gt;Vase en forme de citron digit\u00e9 dit \u00ab Main de Bouddha \u00bb &amp;#8211; Chine, dynastie Qing, XVIIIe si\u00e8cle &amp;#8211; Jade &amp;#8211; Legs Isaac de Camondo, 1912&lt;br \/&gt;\nMus\u00e9e national des arts asiatiques \u2013 Guimet, Paris \u00a9 RMN-GP (MNAAG, Paris) \/ Thierry Ollivier&lt;\/p&gt;\n\" data-medium-file=\"https:\/\/i0.wp.com\/www.proantic.com\/magazine\/wp-content\/uploads\/2016\/11\/hjui.jpg?fit=300%2C206&amp;ssl=1\" data-large-file=\"https:\/\/i0.wp.com\/www.proantic.com\/magazine\/wp-content\/uploads\/2016\/11\/hjui.jpg?fit=665%2C458&amp;ssl=1\" class=\"wp-image-5853 size-large\" src=\"https:\/\/i0.wp.com\/www.proantic.com\/magazine\/wp-content\/uploads\/2016\/11\/hjui-1024x705.jpg?resize=620%2C427\" alt=\"Vase en forme de citron digit\u00e9 dit \u00ab Main de Bouddha \u00bb - Chine, dynastie Qing, XVIIIe si\u00e8cle - Jade - Legs Isaac de Camondo, 1912 Mus\u00e9e national des arts asiatiques \u2013 Guimet, Paris \u00a9 RMN-GP (MNAAG, Paris) \/ Thierry Ollivier\" width=\"620\" height=\"427\" srcset=\"https:\/\/i0.wp.com\/www.proantic.com\/magazine\/wp-content\/uploads\/2016\/11\/hjui.jpg?resize=1024%2C705&amp;ssl=1 1024w, https:\/\/i0.wp.com\/www.proantic.com\/magazine\/wp-content\/uploads\/2016\/11\/hjui.jpg?resize=300%2C206&amp;ssl=1 300w, https:\/\/i0.wp.com\/www.proantic.com\/magazine\/wp-content\/uploads\/2016\/11\/hjui.jpg?resize=768%2C528&amp;ssl=1 768w, https:\/\/i0.wp.com\/www.proantic.com\/magazine\/wp-content\/uploads\/2016\/11\/hjui.jpg?resize=620%2C427&amp;ssl=1 620w, https:\/\/i0.wp.com\/www.proantic.com\/magazine\/wp-content\/uploads\/2016\/11\/hjui.jpg?resize=100%2C70&amp;ssl=1 100w, https:\/\/i0.wp.com\/www.proantic.com\/magazine\/wp-content\/uploads\/2016\/11\/hjui.jpg?resize=940%2C647&amp;ssl=1 940w, https:\/\/i0.wp.com\/www.proantic.com\/magazine\/wp-content\/uploads\/2016\/11\/hjui.jpg?w=2000&amp;ssl=1 2000w, https:\/\/i0.wp.com\/www.proantic.com\/magazine\/wp-content\/uploads\/2016\/11\/hjui.jpg?w=1330&amp;ssl=1 1330w\" sizes=\"auto, (max-width: 620px) 100vw, 620px\" \/><\/a><figcaption id=\"caption-attachment-5853\" class=\"wp-caption-text\">Vase en forme de citron digit\u00e9 dit \u00ab Main de Bouddha \u00bb &#8211; Chine, dynastie Qing, XVIIIe si\u00e8cle -Legs Isaac de Camondo, 1912<br \/> Mus\u00e9e national des arts asiatiques \u2013 Guimet, Paris \u00a9 RMN-GP (MNAAG, Paris) \/ Thierry Ollivier<\/figcaption><\/figure>\n<p>Quelque 330 pi\u00e8ces exceptionnelles sont r\u00e9unies pour la premi\u00e8re fois en France, pr\u00eat\u00e9es par 15 institutions prestigieuses nationales et internationales dont le Mus\u00e9e national du Palais de Taipei, pr\u00eateur pour environ un tiers des oeuvres expos\u00e9es. Une occasion unique pour le MNAAG de pr\u00e9senter cette \u00ab belle pierre \u00bb, \u00ab image de la bont\u00e9 \u00bb pour Confucius, et de d\u00e9rouler l\u2019histoire mill\u00e9naire qui, depuis le n\u00e9olithique jusqu\u2019aux ann\u00e9es 1920, ne cesse de questionner sa beaut\u00e9, sa vertu, son symbole et son prestige.<\/p>\n<p><iframe loading=\"lazy\" src=\"https:\/\/www.youtube.com\/embed\/kYfRw9NbVZM\" width=\"560\" height=\"315\" frameborder=\"0\" allowfullscreen=\"allowfullscreen\"><\/iframe><\/p>\n<p>Expression majeure de la civilisation chinoise et mat\u00e9riau aux multiples facettes, le jade s\u2019inscrit dans l\u2019histoire la plus ancienne de l\u2019art chinois. Une tablette de la culture n\u00e9olithique de Longshan (2300 &#8211; 1800 avant notre \u00e8re) \u00e9voque le pr\u00e9cieux mat\u00e9riau qui accompagna l\u2019empereur Qianlong toute sa vie. Celui-ci, fascin\u00e9 par cette pierre, fit graver po\u00e8mes et sceaux sur les plus beaux jades de sa collection.<\/p>\n<p><figure id=\"attachment_5855\" aria-describedby=\"caption-attachment-5855\" style=\"width: 620px\" class=\"wp-caption aligncenter\"><a href=\"https:\/\/i0.wp.com\/www.proantic.com\/magazine\/wp-content\/uploads\/2016\/11\/5.jpg\"><img data-recalc-dims=\"1\" loading=\"lazy\" decoding=\"async\" data-attachment-id=\"5855\" data-permalink=\"https:\/\/www.proantic.com\/magazine\/jade-empereurs-a-lart-deco\/5-2\/\" data-orig-file=\"https:\/\/i0.wp.com\/www.proantic.com\/magazine\/wp-content\/uploads\/2016\/11\/5.jpg?fit=800%2C1087&amp;ssl=1\" data-orig-size=\"800,1087\" data-comments-opened=\"1\" data-image-meta=\"{&quot;aperture&quot;:&quot;0&quot;,&quot;credit&quot;:&quot;&quot;,&quot;camera&quot;:&quot;&quot;,&quot;caption&quot;:&quot;&quot;,&quot;created_timestamp&quot;:&quot;0&quot;,&quot;copyright&quot;:&quot;&quot;,&quot;focal_length&quot;:&quot;0&quot;,&quot;iso&quot;:&quot;0&quot;,&quot;shutter_speed&quot;:&quot;0&quot;,&quot;title&quot;:&quot;&quot;,&quot;orientation&quot;:&quot;0&quot;}\" data-image-title=\"Jade, des empereurs \u00e0 l\u2019Art d\u00e9co.\" data-image-description=\"\" data-image-caption=\"&lt;p&gt;Pendule dos, Louis Cartier .1875\u20131942 [bijoutier]\u2013 Maurice Co\u00fcet 1885\u20131963 [horloger] Paris\u2013 1927 \u2013 Jade\u2013 diamant\u2013 corail\u2013 or\u2013 \u00e9meraude\u2013 nacre\u2013 onyx\u2013 diamant\u2013 \u00e9mail. Don Georges Blumenthal\u2013 1931 \u2013 Mus\u00e9e des Arts d\u00e9coratifs\u2013 Paris \u00a9 Photo Les Arts D\u00e9coratifs\u2013 Paris\/Jean Tholance&lt;\/p&gt;\n\" data-medium-file=\"https:\/\/i0.wp.com\/www.proantic.com\/magazine\/wp-content\/uploads\/2016\/11\/5.jpg?fit=221%2C300&amp;ssl=1\" data-large-file=\"https:\/\/i0.wp.com\/www.proantic.com\/magazine\/wp-content\/uploads\/2016\/11\/5.jpg?fit=665%2C903&amp;ssl=1\" class=\"wp-image-5855 size-large\" src=\"https:\/\/i0.wp.com\/www.proantic.com\/magazine\/wp-content\/uploads\/2016\/11\/5-754x1024.jpg?resize=620%2C842\" alt=\"Pendule dos, Louis Cartier .1875\u20131942 [bijoutier]\u2013 Maurice Co\u00fcet 1885\u20131963 [horloger] Paris\u2013 1927 \u2013 Jade\u2013 diamant\u2013 corail\u2013 or\u2013 \u00e9meraude\u2013 nacre\u2013 onyx\u2013 diamant\u2013 \u00e9mail. Don Georges Blumenthal\u2013 1931 \u2013 Mus\u00e9e des Arts d\u00e9coratifs\u2013 Paris \u00a9 Photo Les Arts D\u00e9coratifs\u2013 Paris\/Jean Tholance \" width=\"620\" height=\"842\" srcset=\"https:\/\/i0.wp.com\/www.proantic.com\/magazine\/wp-content\/uploads\/2016\/11\/5.jpg?resize=754%2C1024&amp;ssl=1 754w, https:\/\/i0.wp.com\/www.proantic.com\/magazine\/wp-content\/uploads\/2016\/11\/5.jpg?resize=221%2C300&amp;ssl=1 221w, https:\/\/i0.wp.com\/www.proantic.com\/magazine\/wp-content\/uploads\/2016\/11\/5.jpg?resize=768%2C1044&amp;ssl=1 768w, https:\/\/i0.wp.com\/www.proantic.com\/magazine\/wp-content\/uploads\/2016\/11\/5.jpg?resize=620%2C842&amp;ssl=1 620w, https:\/\/i0.wp.com\/www.proantic.com\/magazine\/wp-content\/uploads\/2016\/11\/5.jpg?w=800&amp;ssl=1 800w\" sizes=\"auto, (max-width: 620px) 100vw, 620px\" \/><\/a><figcaption id=\"caption-attachment-5855\" class=\"wp-caption-text\">Pendule dos, Louis Cartier .1875\u20131942. Don Georges Blumenthal\u2013 1931 \u2013 Mus\u00e9e des Arts d\u00e9coratifs\u2013 Paris \u00a9 Photo Les Arts D\u00e9coratifs\u2013 Paris\/Jean Tholance<\/figcaption><\/figure><br \/>\nL\u2019exposition s\u2019attache \u00e0 restituer le jade depuis son origine et aborde ses dimensions symbolique, esth\u00e9tique et scientifique. Elle r\u00e9unit de mani\u00e8re in\u00e9dite, au c\u00f4t\u00e9 d\u2019un floril\u00e8ge d\u2019oeuvres en jade du MNAAG, deux prestigieuses collections imp\u00e9riales chinoises jamais r\u00e9unies jusqu\u2019alors : celles du Mus\u00e9e national du Palais de Taipei et celles du Ch\u00e2teau de Fontainebleau, formant un rare ensemble auquel s\u2019ajoutent de nombreux pr\u00eats issus du Louvre, du Mus\u00e9e des Arts d\u00e9coratifs, du Mus\u00e9e Jacquemart-Andr\u00e9, du Mus\u00e9um d\u2019Histoire naturelle\u2026<\/p>\n<figure id=\"attachment_5854\" aria-describedby=\"caption-attachment-5854\" style=\"width: 620px\" class=\"wp-caption aligncenter\"><a href=\"https:\/\/i0.wp.com\/www.proantic.com\/magazine\/wp-content\/uploads\/2016\/11\/7.jpg\"><img data-recalc-dims=\"1\" loading=\"lazy\" decoding=\"async\" data-attachment-id=\"5854\" data-permalink=\"https:\/\/www.proantic.com\/magazine\/jade-empereurs-a-lart-deco\/attachment\/7\/\" data-orig-file=\"https:\/\/i0.wp.com\/www.proantic.com\/magazine\/wp-content\/uploads\/2016\/11\/7.jpg?fit=2000%2C1500&amp;ssl=1\" data-orig-size=\"2000,1500\" data-comments-opened=\"1\" data-image-meta=\"{&quot;aperture&quot;:&quot;0&quot;,&quot;credit&quot;:&quot;\\u2122L\\u00b4\\u00d4\\u00dfD&quot;,&quot;camera&quot;:&quot;H 25&quot;,&quot;caption&quot;:&quot;Capturefile: F:Capture20060925_092820060926KIC001572N000000000PDC.tif\\rCaptureSN: CC001184.038707\\rSoftware: Capture One PRO for Windows&quot;,&quot;created_timestamp&quot;:&quot;0&quot;,&quot;copyright&quot;:&quot;\\u221e\\u00cd\\u2022\\ufb02\\u00a8G\\u00c6c\\u2265\\u2019\\u2122\\u00b4\\u221e|&quot;,&quot;focal_length&quot;:&quot;0&quot;,&quot;iso&quot;:&quot;0&quot;,&quot;shutter_speed&quot;:&quot;0&quot;,&quot;title&quot;:&quot;&quot;,&quot;orientation&quot;:&quot;1&quot;}\" data-image-title=\"Jade, des empereurs \u00e0 l\u2019Art d\u00e9co\" data-image-description=\"\" data-image-caption=\"&lt;p&gt;Paire d\u2019\u00e9crans de table \u00e0 d\u00e9cor d\u2019\u00e9l\u00e9phant et de prunier &amp;#8211; Chine, dynastie Qing, p\u00e9riode Qianlong (1736-1795) &amp;#8211; Jade&lt;br \/&gt;\nMus\u00e9e national du Palais, Taipei \u00a9 National Palace Museum, Taipei&lt;\/p&gt;\n\" data-medium-file=\"https:\/\/i0.wp.com\/www.proantic.com\/magazine\/wp-content\/uploads\/2016\/11\/7.jpg?fit=300%2C225&amp;ssl=1\" data-large-file=\"https:\/\/i0.wp.com\/www.proantic.com\/magazine\/wp-content\/uploads\/2016\/11\/7.jpg?fit=665%2C499&amp;ssl=1\" class=\"wp-image-5854 size-large\" src=\"https:\/\/i0.wp.com\/www.proantic.com\/magazine\/wp-content\/uploads\/2016\/11\/7-1024x768.jpg?resize=620%2C465\" alt=\"Paire d\u2019\u00e9crans de table \u00e0 d\u00e9cor d\u2019\u00e9l\u00e9phant et de prunier - Chine, dynastie Qing, p\u00e9riode Qianlong (1736-1795) - Jade Mus\u00e9e national du Palais, Taipei \u00a9 National Palace Museum, Taipei\" width=\"620\" height=\"465\" srcset=\"https:\/\/i0.wp.com\/www.proantic.com\/magazine\/wp-content\/uploads\/2016\/11\/7.jpg?resize=1024%2C768&amp;ssl=1 1024w, https:\/\/i0.wp.com\/www.proantic.com\/magazine\/wp-content\/uploads\/2016\/11\/7.jpg?resize=300%2C225&amp;ssl=1 300w, https:\/\/i0.wp.com\/www.proantic.com\/magazine\/wp-content\/uploads\/2016\/11\/7.jpg?resize=768%2C576&amp;ssl=1 768w, https:\/\/i0.wp.com\/www.proantic.com\/magazine\/wp-content\/uploads\/2016\/11\/7.jpg?resize=620%2C465&amp;ssl=1 620w, https:\/\/i0.wp.com\/www.proantic.com\/magazine\/wp-content\/uploads\/2016\/11\/7.jpg?resize=940%2C705&amp;ssl=1 940w, https:\/\/i0.wp.com\/www.proantic.com\/magazine\/wp-content\/uploads\/2016\/11\/7.jpg?w=2000&amp;ssl=1 2000w, https:\/\/i0.wp.com\/www.proantic.com\/magazine\/wp-content\/uploads\/2016\/11\/7.jpg?w=1330&amp;ssl=1 1330w\" sizes=\"auto, (max-width: 620px) 100vw, 620px\" \/><\/a><figcaption id=\"caption-attachment-5854\" class=\"wp-caption-text\">Paire d\u2019\u00e9crans de table \u00e0 d\u00e9cor d\u2019\u00e9l\u00e9phant et de prunier &#8211; Chine, dynastie Qing, p\u00e9riode Qianlong (1736-1795) &#8211; Jade<br \/> Mus\u00e9e national du Palais, Taipei \u00a9 National Palace Museum, Taipei<\/figcaption><\/figure>\n<p>Qu\u2019il se contemple sous la forme de simples tablettes polies, offertes comme cadeaux princiers, de motifs animaliers \u00e9manant d\u2019un bestiaire imp\u00e9rial, de coupes, pots \u00e0 pinceaux sur le th\u00e8me des lettr\u00e9s ou de fa\u00e7on plus guerri\u00e8re de lames au tranchant redoutable, le jade n\u2019est pas seulement pris\u00e9 des empereurs de Chine, des sultans de Samarkand, des souverains moghols et des shahs safavides d\u2019Iran. Il est aux yeux des Chinois plus pr\u00e9cieux que l\u2019or et jouit d\u2019une attractivit\u00e9 sans pareil en Europe, lorsque les jades orientaux font leur entr\u00e9e d\u00e8s le 17e si\u00e8cle dans les collections royales fran\u00e7aises, comme en t\u00e9moigne l\u2019exceptionnelle coupe du cardinal Mazarin.<\/p>\n<figure id=\"attachment_5857\" aria-describedby=\"caption-attachment-5857\" style=\"width: 800px\" class=\"wp-caption aligncenter\"><a href=\"https:\/\/i0.wp.com\/www.proantic.com\/magazine\/wp-content\/uploads\/2016\/11\/20161025160914_443.jpg\" data-lightbox=\"gal[5846]\"><img data-recalc-dims=\"1\" loading=\"lazy\" decoding=\"async\" data-attachment-id=\"5857\" data-permalink=\"https:\/\/www.proantic.com\/magazine\/jade-empereurs-a-lart-deco\/20161025160914_443\/\" data-orig-file=\"https:\/\/i0.wp.com\/www.proantic.com\/magazine\/wp-content\/uploads\/2016\/11\/20161025160914_443.jpg?fit=800%2C548&amp;ssl=1\" data-orig-size=\"800,548\" data-comments-opened=\"1\" data-image-meta=\"{&quot;aperture&quot;:&quot;2.2&quot;,&quot;credit&quot;:&quot;&quot;,&quot;camera&quot;:&quot;iPhone 6s&quot;,&quot;caption&quot;:&quot;&quot;,&quot;created_timestamp&quot;:&quot;1476798354&quot;,&quot;copyright&quot;:&quot;&quot;,&quot;focal_length&quot;:&quot;4.15&quot;,&quot;iso&quot;:&quot;250&quot;,&quot;shutter_speed&quot;:&quot;0.04&quot;,&quot;title&quot;:&quot;&quot;,&quot;orientation&quot;:&quot;0&quot;}\" data-image-title=\"Jade, des empereurs \u00e0 l\u2019Art D\u00e9co\" data-image-description=\"\" data-image-caption=\"\" data-medium-file=\"https:\/\/i0.wp.com\/www.proantic.com\/magazine\/wp-content\/uploads\/2016\/11\/20161025160914_443.jpg?fit=300%2C206&amp;ssl=1\" data-large-file=\"https:\/\/i0.wp.com\/www.proantic.com\/magazine\/wp-content\/uploads\/2016\/11\/20161025160914_443.jpg?fit=665%2C456&amp;ssl=1\" class=\"wp-image-5857 size-full\" src=\"https:\/\/i0.wp.com\/www.proantic.com\/magazine\/wp-content\/uploads\/2016\/11\/20161025160914_443.jpg?resize=665%2C456\" alt=\"Jade, des empereurs \u00e0 l\u2019Art D\u00e9co\" width=\"665\" height=\"456\" srcset=\"https:\/\/i0.wp.com\/www.proantic.com\/magazine\/wp-content\/uploads\/2016\/11\/20161025160914_443.jpg?w=800&amp;ssl=1 800w, https:\/\/i0.wp.com\/www.proantic.com\/magazine\/wp-content\/uploads\/2016\/11\/20161025160914_443.jpg?resize=300%2C206&amp;ssl=1 300w, https:\/\/i0.wp.com\/www.proantic.com\/magazine\/wp-content\/uploads\/2016\/11\/20161025160914_443.jpg?resize=768%2C526&amp;ssl=1 768w, https:\/\/i0.wp.com\/www.proantic.com\/magazine\/wp-content\/uploads\/2016\/11\/20161025160914_443.jpg?resize=620%2C425&amp;ssl=1 620w, https:\/\/i0.wp.com\/www.proantic.com\/magazine\/wp-content\/uploads\/2016\/11\/20161025160914_443.jpg?resize=100%2C70&amp;ssl=1 100w\" sizes=\"auto, (max-width: 665px) 100vw, 665px\" \/><\/a><figcaption id=\"caption-attachment-5857\" class=\"wp-caption-text\">Jade, des empereurs \u00e0 l\u2019Art D\u00e9co<\/figcaption><\/figure>\n<p>Le \u00ab mus\u00e9e chinois \u00bb de Fontainebleau constitu\u00e9 par l\u2019Imp\u00e9ratrice Eug\u00e9nie conserve les derniers jades, principalement de l\u2019\u00e9poque Qing (1644 \u2013 1911), entr\u00e9s dans les collections des souverains fran\u00e7ais et provenant du sac du Palais d\u2019\u00e9t\u00e9 de P\u00e9kin.<\/p>\n<p>Plus tard l\u2019Art d\u00e9co investit tous les th\u00e8mes et toutes les p\u00e9riodes de l\u2019art chinois, respectant pour chaque \u00ab appr\u00eat \u00bb, l\u2019\u00e9clat naturel du jade, du cristal de roche ou du laque.<\/p>\n<figure id=\"attachment_5856\" aria-describedby=\"caption-attachment-5856\" style=\"width: 620px\" class=\"wp-caption aligncenter\"><a href=\"https:\/\/i0.wp.com\/www.proantic.com\/magazine\/wp-content\/uploads\/2016\/11\/Exposition-Jade-des-Empereurs-%C3%A0-lArt-Deco-Cartier-mus%C3%A9e-Grimet-more-on-exclusivebijoux.com-3.jpg\"><img data-recalc-dims=\"1\" loading=\"lazy\" decoding=\"async\" data-attachment-id=\"5856\" data-permalink=\"https:\/\/www.proantic.com\/magazine\/jade-empereurs-a-lart-deco\/exposition-jade-des-empereurs-a-lart-deco-cartier-musee-grimet-more-on-exclusivebijoux-com-3\/\" data-orig-file=\"https:\/\/i0.wp.com\/www.proantic.com\/magazine\/wp-content\/uploads\/2016\/11\/Exposition-Jade-des-Empereurs-%C3%A0-lArt-Deco-Cartier-mus%C3%A9e-Grimet-more-on-exclusivebijoux.com-3.jpg?fit=827%2C1170&amp;ssl=1\" data-orig-size=\"827,1170\" data-comments-opened=\"1\" data-image-meta=\"{&quot;aperture&quot;:&quot;0&quot;,&quot;credit&quot;:&quot;&quot;,&quot;camera&quot;:&quot;&quot;,&quot;caption&quot;:&quot;&quot;,&quot;created_timestamp&quot;:&quot;0&quot;,&quot;copyright&quot;:&quot;&quot;,&quot;focal_length&quot;:&quot;0&quot;,&quot;iso&quot;:&quot;0&quot;,&quot;shutter_speed&quot;:&quot;0&quot;,&quot;title&quot;:&quot;&quot;,&quot;orientation&quot;:&quot;0&quot;}\" data-image-title=\"jade des empereurs \u00e0 l&amp;rsquo;art d\u00e9co\" data-image-description=\"\" data-image-caption=\"&lt;p&gt;Flacon \u00e0 extrait Cartier Paris, 1925, Collection Cartier, Photo : Nick Welsh, Cartier Collection \u00a9 Cartier&lt;\/p&gt;\n\" data-medium-file=\"https:\/\/i0.wp.com\/www.proantic.com\/magazine\/wp-content\/uploads\/2016\/11\/Exposition-Jade-des-Empereurs-%C3%A0-lArt-Deco-Cartier-mus%C3%A9e-Grimet-more-on-exclusivebijoux.com-3.jpg?fit=212%2C300&amp;ssl=1\" data-large-file=\"https:\/\/i0.wp.com\/www.proantic.com\/magazine\/wp-content\/uploads\/2016\/11\/Exposition-Jade-des-Empereurs-%C3%A0-lArt-Deco-Cartier-mus%C3%A9e-Grimet-more-on-exclusivebijoux.com-3.jpg?fit=665%2C941&amp;ssl=1\" class=\"wp-image-5856 size-large\" src=\"https:\/\/i0.wp.com\/www.proantic.com\/magazine\/wp-content\/uploads\/2016\/11\/Exposition-Jade-des-Empereurs-%C3%A0-lArt-Deco-Cartier-mus%C3%A9e-Grimet-more-on-exclusivebijoux.com-3-724x1024.jpg?resize=620%2C877\" alt=\"Flacon \u00e0 extrait Cartier Paris, 1925, Collection Cartier, Photo : Nick Welsh, Cartier Collection \u00a9 Cartier\" width=\"620\" height=\"877\" srcset=\"https:\/\/i0.wp.com\/www.proantic.com\/magazine\/wp-content\/uploads\/2016\/11\/Exposition-Jade-des-Empereurs-%C3%A0-lArt-Deco-Cartier-mus%C3%A9e-Grimet-more-on-exclusivebijoux.com-3.jpg?resize=724%2C1024&amp;ssl=1 724w, https:\/\/i0.wp.com\/www.proantic.com\/magazine\/wp-content\/uploads\/2016\/11\/Exposition-Jade-des-Empereurs-%C3%A0-lArt-Deco-Cartier-mus%C3%A9e-Grimet-more-on-exclusivebijoux.com-3.jpg?resize=212%2C300&amp;ssl=1 212w, https:\/\/i0.wp.com\/www.proantic.com\/magazine\/wp-content\/uploads\/2016\/11\/Exposition-Jade-des-Empereurs-%C3%A0-lArt-Deco-Cartier-mus%C3%A9e-Grimet-more-on-exclusivebijoux.com-3.jpg?resize=768%2C1087&amp;ssl=1 768w, https:\/\/i0.wp.com\/www.proantic.com\/magazine\/wp-content\/uploads\/2016\/11\/Exposition-Jade-des-Empereurs-%C3%A0-lArt-Deco-Cartier-mus%C3%A9e-Grimet-more-on-exclusivebijoux.com-3.jpg?resize=620%2C877&amp;ssl=1 620w, https:\/\/i0.wp.com\/www.proantic.com\/magazine\/wp-content\/uploads\/2016\/11\/Exposition-Jade-des-Empereurs-%C3%A0-lArt-Deco-Cartier-mus%C3%A9e-Grimet-more-on-exclusivebijoux.com-3.jpg?w=827&amp;ssl=1 827w\" sizes=\"auto, (max-width: 620px) 100vw, 620px\" \/><\/a><figcaption id=\"caption-attachment-5856\" class=\"wp-caption-text\">Flacon \u00e0 extrait Cartier Paris, 1925, Collection Cartier, Photo : Nick Welsh, Cartier Collection \u00a9 Cartier<\/figcaption><\/figure>\n<p>Pour le plus grand bonheur des \u00e9l\u00e9gantes, la maison Cartier \u00e9crit au d\u00e9but du 20e si\u00e8cle un nouvel \u00e9pisode du go\u00fbt de la Chine \u00e0 Paris, hissant la haute joaillerie \u00e0 son meilleur niveau de raffinement. En t\u00e9moignent les bijoux d\u2019exception que certaines c\u00e9l\u00e9brit\u00e9s arborent en ce d\u00e9but de si\u00e8cle : la comtesse et m\u00e9c\u00e8ne Mona Bismarck, l\u2019Am\u00e9ricaine Barbara Hutton dont le collier constitu\u00e9 de 27 boules de jad\u00e9ite, serti de platine, d\u2019or, de diamant et de rubis, sera pr\u00e9sent\u00e9 dans l\u2019exposition.<\/p>\n<p>L\u2019exposition s\u2019ach\u00e8ve sur un grand paravent de laque de Coromandel produit sous le r\u00e8gne de l\u2019empereur Kangxi (1662 \u2013 1722 ), mobilier tr\u00e8s recherch\u00e9 par l\u2019aristocratie europ\u00e9enne au 18e si\u00e8cle.<\/p>\n<p>Au sein d\u2019une sc\u00e9nographie d\u2019inspiration chinoise ponctu\u00e9e de paravents cimaises en bois ajour\u00e9, le jade se pr\u00eate, d\u00e8s la galerie d\u2019accueil de l\u2019exposition, au \u00ab toucher \u00bb des visiteurs, gr\u00e2ce \u00e0 la mise \u00e0 disposition de deux blocs lapidaires, l\u2019un brut et l\u2019autre poli, pour que chacun puisse mesurer toute la richesse de la mati\u00e8re, \u00e0 la fois ferme, douce, onctueuse, vein\u00e9e.<\/p>\n<p><strong>L\u2019exposition est r\u00e9alis\u00e9e avec le pr\u00eat exceptionnel du mus\u00e9e national du Palais, Taipei.<\/strong><\/p>\n<p><span style=\"color: #ff0000;\">En savoir plus:<\/span><\/p>\n<p>Mus\u00e9e Guimet jusqu&rsquo;au 16 janvier 2016<\/p>\n<p>http:\/\/www.guimet.fr\/<\/p>\n<p>&nbsp;<\/p>\n","protected":false},"excerpt":{"rendered":"<p>le\u00a0Mus\u00e9e national des\u00a0arts asiatiques \u2013 Guimet \u00e0 Paris pr\u00e9sente l\u2019exposition Jade, des\u00a0empereurs \u00e0 l\u2019Art d\u00e9co. Depuis les empereurs de Chine &#8211; grands intercesseurs entre le Ciel et la Terre -, qui le consid\u00e9raient comme parure naturelle, jusqu\u2019\u00e0 Cartier et les plus grands joailliers de Londres et de New York qui le sublim\u00e8rent au 20e si\u00e8cle [&hellip;]<\/p>\n","protected":false},"author":6,"featured_media":5858,"comment_status":"open","ping_status":"open","sticky":false,"template":"","format":"standard","meta":{"jetpack_post_was_ever_published":false,"_jetpack_newsletter_access":"","_jetpack_dont_email_post_to_subs":true,"_jetpack_newsletter_tier_id":0,"_jetpack_memberships_contains_paywalled_content":false,"_jetpack_memberships_contains_paid_content":false,"footnotes":"","jetpack_publicize_message":"","jetpack_publicize_feature_enabled":true,"jetpack_social_post_already_shared":true,"jetpack_social_options":{"image_generator_settings":{"template":"highway","default_image_id":0,"font":"","enabled":false},"version":2}},"categories":[12],"tags":[],"class_list":["post-5846","post","type-post","status-publish","format-standard","has-post-thumbnail","hentry","category-expositions"],"yoast_head":"<!-- This site is optimized with the Yoast SEO plugin v26.9 - https:\/\/yoast.com\/product\/yoast-seo-wordpress\/ -->\n<title>Jade, des empereurs \u00e0 l\u2019Art D\u00e9co Le Magazine de Proantic<\/title>\n<meta name=\"description\" content=\"le\u00a0Mus\u00e9e national des\u00a0arts asiatiques \u2013 Guimet \u00e0 Paris pr\u00e9sente l\u2019exposition Jade, des\u00a0empereurs \u00e0 l\u2019Art d\u00e9co. Depuis les empereurs de Chine - grands\" \/>\n<meta name=\"robots\" content=\"index, follow, max-snippet:-1, max-image-preview:large, max-video-preview:-1\" \/>\n<link rel=\"canonical\" href=\"https:\/\/www.proantic.com\/magazine\/jade-empereurs-a-lart-deco\/\" \/>\n<meta property=\"og:locale\" content=\"fr_FR\" \/>\n<meta property=\"og:type\" content=\"article\" \/>\n<meta property=\"og:title\" content=\"Jade, des empereurs \u00e0 l\u2019Art D\u00e9co Le Magazine de Proantic\" \/>\n<meta property=\"og:description\" content=\"le\u00a0Mus\u00e9e national des\u00a0arts asiatiques \u2013 Guimet \u00e0 Paris pr\u00e9sente l\u2019exposition Jade, des\u00a0empereurs \u00e0 l\u2019Art d\u00e9co. Depuis les empereurs de Chine - grands\" \/>\n<meta property=\"og:url\" content=\"https:\/\/www.proantic.com\/magazine\/jade-empereurs-a-lart-deco\/\" \/>\n<meta property=\"og:site_name\" content=\"Le Magazine de Proantic\" \/>\n<meta property=\"article:publisher\" content=\"https:\/\/www.facebook.com\/pages\/Proantic\/\/259180871793\" \/>\n<meta property=\"article:published_time\" content=\"2016-11-12T14:40:52+00:00\" \/>\n<meta property=\"article:modified_time\" content=\"2017-01-04T06:53:52+00:00\" \/>\n<meta property=\"og:image\" content=\"https:\/\/i0.wp.com\/www.proantic.com\/magazine\/wp-content\/uploads\/2016\/11\/ghbght.png?fit=609%2C338&ssl=1\" \/>\n\t<meta property=\"og:image:width\" content=\"609\" \/>\n\t<meta property=\"og:image:height\" content=\"338\" \/>\n\t<meta property=\"og:image:type\" content=\"image\/png\" \/>\n<meta name=\"author\" content=\"C\u00e9line Autant\" \/>\n<meta name=\"twitter:label1\" content=\"\u00c9crit par\" \/>\n\t<meta name=\"twitter:data1\" content=\"C\u00e9line Autant\" \/>\n\t<meta name=\"twitter:label2\" content=\"Dur\u00e9e de lecture estim\u00e9e\" \/>\n\t<meta name=\"twitter:data2\" content=\"5 minutes\" \/>\n<script type=\"application\/ld+json\" class=\"yoast-schema-graph\">{\"@context\":\"https:\/\/schema.org\",\"@graph\":[{\"@type\":\"Article\",\"@id\":\"https:\/\/www.proantic.com\/magazine\/jade-empereurs-a-lart-deco\/#article\",\"isPartOf\":{\"@id\":\"https:\/\/www.proantic.com\/magazine\/jade-empereurs-a-lart-deco\/\"},\"author\":{\"name\":\"C\u00e9line Autant\",\"@id\":\"https:\/\/www.proantic.com\/magazine\/#\/schema\/person\/932db14f53d245f4acce86a3fe906582\"},\"headline\":\"Jade, des empereurs \u00e0 l\u2019Art D\u00e9co\",\"datePublished\":\"2016-11-12T14:40:52+00:00\",\"dateModified\":\"2017-01-04T06:53:52+00:00\",\"mainEntityOfPage\":{\"@id\":\"https:\/\/www.proantic.com\/magazine\/jade-empereurs-a-lart-deco\/\"},\"wordCount\":940,\"commentCount\":0,\"image\":{\"@id\":\"https:\/\/www.proantic.com\/magazine\/jade-empereurs-a-lart-deco\/#primaryimage\"},\"thumbnailUrl\":\"https:\/\/i0.wp.com\/www.proantic.com\/magazine\/wp-content\/uploads\/2016\/11\/ghbght.png?fit=609%2C338&ssl=1\",\"articleSection\":[\"Expositions\"],\"inLanguage\":\"fr-FR\",\"potentialAction\":[{\"@type\":\"CommentAction\",\"name\":\"Comment\",\"target\":[\"https:\/\/www.proantic.com\/magazine\/jade-empereurs-a-lart-deco\/#respond\"]}]},{\"@type\":\"WebPage\",\"@id\":\"https:\/\/www.proantic.com\/magazine\/jade-empereurs-a-lart-deco\/\",\"url\":\"https:\/\/www.proantic.com\/magazine\/jade-empereurs-a-lart-deco\/\",\"name\":\"Jade, des empereurs \u00e0 l\u2019Art D\u00e9co Le Magazine de Proantic\",\"isPartOf\":{\"@id\":\"https:\/\/www.proantic.com\/magazine\/#website\"},\"primaryImageOfPage\":{\"@id\":\"https:\/\/www.proantic.com\/magazine\/jade-empereurs-a-lart-deco\/#primaryimage\"},\"image\":{\"@id\":\"https:\/\/www.proantic.com\/magazine\/jade-empereurs-a-lart-deco\/#primaryimage\"},\"thumbnailUrl\":\"https:\/\/i0.wp.com\/www.proantic.com\/magazine\/wp-content\/uploads\/2016\/11\/ghbght.png?fit=609%2C338&ssl=1\",\"datePublished\":\"2016-11-12T14:40:52+00:00\",\"dateModified\":\"2017-01-04T06:53:52+00:00\",\"author\":{\"@id\":\"https:\/\/www.proantic.com\/magazine\/#\/schema\/person\/932db14f53d245f4acce86a3fe906582\"},\"description\":\"le\u00a0Mus\u00e9e national des\u00a0arts asiatiques \u2013 Guimet \u00e0 Paris pr\u00e9sente l\u2019exposition Jade, des\u00a0empereurs \u00e0 l\u2019Art d\u00e9co. Depuis les empereurs de Chine - grands\",\"breadcrumb\":{\"@id\":\"https:\/\/www.proantic.com\/magazine\/jade-empereurs-a-lart-deco\/#breadcrumb\"},\"inLanguage\":\"fr-FR\",\"potentialAction\":[{\"@type\":\"ReadAction\",\"target\":[\"https:\/\/www.proantic.com\/magazine\/jade-empereurs-a-lart-deco\/\"]}]},{\"@type\":\"ImageObject\",\"inLanguage\":\"fr-FR\",\"@id\":\"https:\/\/www.proantic.com\/magazine\/jade-empereurs-a-lart-deco\/#primaryimage\",\"url\":\"https:\/\/i0.wp.com\/www.proantic.com\/magazine\/wp-content\/uploads\/2016\/11\/ghbght.png?fit=609%2C338&ssl=1\",\"contentUrl\":\"https:\/\/i0.wp.com\/www.proantic.com\/magazine\/wp-content\/uploads\/2016\/11\/ghbght.png?fit=609%2C338&ssl=1\",\"width\":609,\"height\":338},{\"@type\":\"BreadcrumbList\",\"@id\":\"https:\/\/www.proantic.com\/magazine\/jade-empereurs-a-lart-deco\/#breadcrumb\",\"itemListElement\":[{\"@type\":\"ListItem\",\"position\":1,\"name\":\"Accueil\",\"item\":\"https:\/\/www.proantic.com\/magazine\/\"},{\"@type\":\"ListItem\",\"position\":2,\"name\":\"Jade, des empereurs \u00e0 l\u2019Art D\u00e9co\"}]},{\"@type\":\"WebSite\",\"@id\":\"https:\/\/www.proantic.com\/magazine\/#website\",\"url\":\"https:\/\/www.proantic.com\/magazine\/\",\"name\":\"Le Magazine de Proantic\",\"description\":\"Magazine d&#039;art et expositions\",\"potentialAction\":[{\"@type\":\"SearchAction\",\"target\":{\"@type\":\"EntryPoint\",\"urlTemplate\":\"https:\/\/www.proantic.com\/magazine\/?s={search_term_string}\"},\"query-input\":{\"@type\":\"PropertyValueSpecification\",\"valueRequired\":true,\"valueName\":\"search_term_string\"}}],\"inLanguage\":\"fr-FR\"},{\"@type\":\"Person\",\"@id\":\"https:\/\/www.proantic.com\/magazine\/#\/schema\/person\/932db14f53d245f4acce86a3fe906582\",\"name\":\"C\u00e9line Autant\"}]}<\/script>\n<!-- \/ Yoast SEO plugin. -->","yoast_head_json":{"title":"Jade, des empereurs \u00e0 l\u2019Art D\u00e9co Le Magazine de Proantic","description":"le\u00a0Mus\u00e9e national des\u00a0arts asiatiques \u2013 Guimet \u00e0 Paris pr\u00e9sente l\u2019exposition Jade, des\u00a0empereurs \u00e0 l\u2019Art d\u00e9co. Depuis les empereurs de Chine - grands","robots":{"index":"index","follow":"follow","max-snippet":"max-snippet:-1","max-image-preview":"max-image-preview:large","max-video-preview":"max-video-preview:-1"},"canonical":"https:\/\/www.proantic.com\/magazine\/jade-empereurs-a-lart-deco\/","og_locale":"fr_FR","og_type":"article","og_title":"Jade, des empereurs \u00e0 l\u2019Art D\u00e9co Le Magazine de Proantic","og_description":"le\u00a0Mus\u00e9e national des\u00a0arts asiatiques \u2013 Guimet \u00e0 Paris pr\u00e9sente l\u2019exposition Jade, des\u00a0empereurs \u00e0 l\u2019Art d\u00e9co. Depuis les empereurs de Chine - grands","og_url":"https:\/\/www.proantic.com\/magazine\/jade-empereurs-a-lart-deco\/","og_site_name":"Le Magazine de Proantic","article_publisher":"https:\/\/www.facebook.com\/pages\/Proantic\/\/259180871793","article_published_time":"2016-11-12T14:40:52+00:00","article_modified_time":"2017-01-04T06:53:52+00:00","og_image":[{"width":609,"height":338,"url":"https:\/\/i0.wp.com\/www.proantic.com\/magazine\/wp-content\/uploads\/2016\/11\/ghbght.png?fit=609%2C338&ssl=1","type":"image\/png"}],"author":"C\u00e9line Autant","twitter_misc":{"\u00c9crit par":"C\u00e9line Autant","Dur\u00e9e de lecture estim\u00e9e":"5 minutes"},"schema":{"@context":"https:\/\/schema.org","@graph":[{"@type":"Article","@id":"https:\/\/www.proantic.com\/magazine\/jade-empereurs-a-lart-deco\/#article","isPartOf":{"@id":"https:\/\/www.proantic.com\/magazine\/jade-empereurs-a-lart-deco\/"},"author":{"name":"C\u00e9line Autant","@id":"https:\/\/www.proantic.com\/magazine\/#\/schema\/person\/932db14f53d245f4acce86a3fe906582"},"headline":"Jade, des empereurs \u00e0 l\u2019Art D\u00e9co","datePublished":"2016-11-12T14:40:52+00:00","dateModified":"2017-01-04T06:53:52+00:00","mainEntityOfPage":{"@id":"https:\/\/www.proantic.com\/magazine\/jade-empereurs-a-lart-deco\/"},"wordCount":940,"commentCount":0,"image":{"@id":"https:\/\/www.proantic.com\/magazine\/jade-empereurs-a-lart-deco\/#primaryimage"},"thumbnailUrl":"https:\/\/i0.wp.com\/www.proantic.com\/magazine\/wp-content\/uploads\/2016\/11\/ghbght.png?fit=609%2C338&ssl=1","articleSection":["Expositions"],"inLanguage":"fr-FR","potentialAction":[{"@type":"CommentAction","name":"Comment","target":["https:\/\/www.proantic.com\/magazine\/jade-empereurs-a-lart-deco\/#respond"]}]},{"@type":"WebPage","@id":"https:\/\/www.proantic.com\/magazine\/jade-empereurs-a-lart-deco\/","url":"https:\/\/www.proantic.com\/magazine\/jade-empereurs-a-lart-deco\/","name":"Jade, des empereurs \u00e0 l\u2019Art D\u00e9co Le Magazine de Proantic","isPartOf":{"@id":"https:\/\/www.proantic.com\/magazine\/#website"},"primaryImageOfPage":{"@id":"https:\/\/www.proantic.com\/magazine\/jade-empereurs-a-lart-deco\/#primaryimage"},"image":{"@id":"https:\/\/www.proantic.com\/magazine\/jade-empereurs-a-lart-deco\/#primaryimage"},"thumbnailUrl":"https:\/\/i0.wp.com\/www.proantic.com\/magazine\/wp-content\/uploads\/2016\/11\/ghbght.png?fit=609%2C338&ssl=1","datePublished":"2016-11-12T14:40:52+00:00","dateModified":"2017-01-04T06:53:52+00:00","author":{"@id":"https:\/\/www.proantic.com\/magazine\/#\/schema\/person\/932db14f53d245f4acce86a3fe906582"},"description":"le\u00a0Mus\u00e9e national des\u00a0arts asiatiques \u2013 Guimet \u00e0 Paris pr\u00e9sente l\u2019exposition Jade, des\u00a0empereurs \u00e0 l\u2019Art d\u00e9co. Depuis les empereurs de Chine - grands","breadcrumb":{"@id":"https:\/\/www.proantic.com\/magazine\/jade-empereurs-a-lart-deco\/#breadcrumb"},"inLanguage":"fr-FR","potentialAction":[{"@type":"ReadAction","target":["https:\/\/www.proantic.com\/magazine\/jade-empereurs-a-lart-deco\/"]}]},{"@type":"ImageObject","inLanguage":"fr-FR","@id":"https:\/\/www.proantic.com\/magazine\/jade-empereurs-a-lart-deco\/#primaryimage","url":"https:\/\/i0.wp.com\/www.proantic.com\/magazine\/wp-content\/uploads\/2016\/11\/ghbght.png?fit=609%2C338&ssl=1","contentUrl":"https:\/\/i0.wp.com\/www.proantic.com\/magazine\/wp-content\/uploads\/2016\/11\/ghbght.png?fit=609%2C338&ssl=1","width":609,"height":338},{"@type":"BreadcrumbList","@id":"https:\/\/www.proantic.com\/magazine\/jade-empereurs-a-lart-deco\/#breadcrumb","itemListElement":[{"@type":"ListItem","position":1,"name":"Accueil","item":"https:\/\/www.proantic.com\/magazine\/"},{"@type":"ListItem","position":2,"name":"Jade, des empereurs \u00e0 l\u2019Art D\u00e9co"}]},{"@type":"WebSite","@id":"https:\/\/www.proantic.com\/magazine\/#website","url":"https:\/\/www.proantic.com\/magazine\/","name":"Le Magazine de Proantic","description":"Magazine d&#039;art et expositions","potentialAction":[{"@type":"SearchAction","target":{"@type":"EntryPoint","urlTemplate":"https:\/\/www.proantic.com\/magazine\/?s={search_term_string}"},"query-input":{"@type":"PropertyValueSpecification","valueRequired":true,"valueName":"search_term_string"}}],"inLanguage":"fr-FR"},{"@type":"Person","@id":"https:\/\/www.proantic.com\/magazine\/#\/schema\/person\/932db14f53d245f4acce86a3fe906582","name":"C\u00e9line Autant"}]}},"jetpack_publicize_connections":[],"jetpack_featured_media_url":"https:\/\/i0.wp.com\/www.proantic.com\/magazine\/wp-content\/uploads\/2016\/11\/ghbght.png?fit=609%2C338&ssl=1","jetpack_shortlink":"https:\/\/wp.me\/p7EkP3-1wi","jetpack_sharing_enabled":true,"_links":{"self":[{"href":"https:\/\/www.proantic.com\/magazine\/wp-json\/wp\/v2\/posts\/5846","targetHints":{"allow":["GET"]}}],"collection":[{"href":"https:\/\/www.proantic.com\/magazine\/wp-json\/wp\/v2\/posts"}],"about":[{"href":"https:\/\/www.proantic.com\/magazine\/wp-json\/wp\/v2\/types\/post"}],"author":[{"embeddable":true,"href":"https:\/\/www.proantic.com\/magazine\/wp-json\/wp\/v2\/users\/6"}],"replies":[{"embeddable":true,"href":"https:\/\/www.proantic.com\/magazine\/wp-json\/wp\/v2\/comments?post=5846"}],"version-history":[{"count":0,"href":"https:\/\/www.proantic.com\/magazine\/wp-json\/wp\/v2\/posts\/5846\/revisions"}],"wp:featuredmedia":[{"embeddable":true,"href":"https:\/\/www.proantic.com\/magazine\/wp-json\/wp\/v2\/media\/5858"}],"wp:attachment":[{"href":"https:\/\/www.proantic.com\/magazine\/wp-json\/wp\/v2\/media?parent=5846"}],"wp:term":[{"taxonomy":"category","embeddable":true,"href":"https:\/\/www.proantic.com\/magazine\/wp-json\/wp\/v2\/categories?post=5846"},{"taxonomy":"post_tag","embeddable":true,"href":"https:\/\/www.proantic.com\/magazine\/wp-json\/wp\/v2\/tags?post=5846"}],"curies":[{"name":"wp","href":"https:\/\/api.w.org\/{rel}","templated":true}]}}