{"id":5457,"date":"2016-08-18T08:19:40","date_gmt":"2016-08-18T07:19:40","guid":{"rendered":"http:\/\/www.proantic.com\/magazine\/?p=5457"},"modified":"2016-08-21T18:40:05","modified_gmt":"2016-08-21T17:40:05","slug":"pierre-gonnord-indarra","status":"publish","type":"post","link":"https:\/\/www.proantic.com\/magazine\/pierre-gonnord-indarra\/","title":{"rendered":"Pierre Gonnord: \u00ab Indarra \u00bb"},"content":{"rendered":"<p><strong>Dans le cadre de sa grande exposition d\u2019\u00e9t\u00e9, la Ville de Biarritz propose de d\u00e9couvrir les photographies\u00a0de Pierre Gonnord.<\/strong><\/p>\n<p>A travers ses impressionnants portraits dans le sillage des grands ma\u00eetres du XVII\u00e8 si\u00e8cle, Pierre Gonnord cherche la profondeur de l\u2019\u00eatre au-del\u00e0 des apparences, et questionne la place de l\u2019individu dans nos soci\u00e9t\u00e9s contemporaines. Sa d\u00e9couverte du Pays basque l\u2019am\u00e8ne \u00e0 raconter une nouvelle histoire qui sera pr\u00e9sent\u00e9e \u00e0 travers dix clich\u00e9s autour du th\u00e8me de la force, en partenariat avec San Sebastian Capitale europ\u00e9enne de la Culture 2016. L\u2019exposition \u2013 qui comprend une cinquantaine d\u2019\u0153uvres \u2013 sera compl\u00e9t\u00e9e par des sculptures d\u2019artistes internationaux originaires du <strong>Pays basque, Chillida, Mendiburu, Oteiza, Zigor,<\/strong> qui \u00e0 leur mani\u00e8re font \u00e9cho \u00e0 cette fameuse force basque (\u00ab Indarra).<\/p>\n<figure id=\"attachment_5462\" aria-describedby=\"caption-attachment-5462\" style=\"width: 298px\" class=\"wp-caption aligncenter\"><a href=\"https:\/\/i0.wp.com\/www.proantic.com\/magazine\/wp-content\/uploads\/2016\/08\/A.png\"><img data-recalc-dims=\"1\" loading=\"lazy\" decoding=\"async\" data-attachment-id=\"5462\" data-permalink=\"https:\/\/www.proantic.com\/magazine\/pierre-gonnord-indarra\/a-4\/\" data-orig-file=\"https:\/\/i0.wp.com\/www.proantic.com\/magazine\/wp-content\/uploads\/2016\/08\/A.png?fit=298%2C400&amp;ssl=1\" data-orig-size=\"298,400\" data-comments-opened=\"1\" data-image-meta=\"{&quot;aperture&quot;:&quot;0&quot;,&quot;credit&quot;:&quot;&quot;,&quot;camera&quot;:&quot;&quot;,&quot;caption&quot;:&quot;&quot;,&quot;created_timestamp&quot;:&quot;0&quot;,&quot;copyright&quot;:&quot;&quot;,&quot;focal_length&quot;:&quot;0&quot;,&quot;iso&quot;:&quot;0&quot;,&quot;shutter_speed&quot;:&quot;0&quot;,&quot;title&quot;:&quot;&quot;,&quot;orientation&quot;:&quot;0&quot;}\" data-image-title=\"Arthur II \u00a9 Pierre Gonnord\" data-image-description=\"\" data-image-caption=\"&lt;p&gt;Arthur II&lt;br \/&gt;\n\u00a9 Pierre Gonnord&lt;\/p&gt;\n\" data-medium-file=\"https:\/\/i0.wp.com\/www.proantic.com\/magazine\/wp-content\/uploads\/2016\/08\/A.png?fit=224%2C300&amp;ssl=1\" data-large-file=\"https:\/\/i0.wp.com\/www.proantic.com\/magazine\/wp-content\/uploads\/2016\/08\/A.png?fit=298%2C400&amp;ssl=1\" class=\"size-full wp-image-5462\" src=\"https:\/\/i0.wp.com\/www.proantic.com\/magazine\/wp-content\/uploads\/2016\/08\/A.png?resize=298%2C400\" alt=\"Arthur II \u00a9 Pierre Gonnord\" width=\"298\" height=\"400\" srcset=\"https:\/\/i0.wp.com\/www.proantic.com\/magazine\/wp-content\/uploads\/2016\/08\/A.png?w=298&amp;ssl=1 298w, https:\/\/i0.wp.com\/www.proantic.com\/magazine\/wp-content\/uploads\/2016\/08\/A.png?resize=224%2C300&amp;ssl=1 224w\" sizes=\"auto, (max-width: 298px) 100vw, 298px\" \/><\/a><figcaption id=\"caption-attachment-5462\" class=\"wp-caption-text\">Arthur II<br \/>\u00a9 Pierre Gonnord<\/figcaption><\/figure>\n<p>Install\u00e9 \u00e0 Madrid depuis 1988, le photographe fran\u00e7ais Pierre Gonnord r\u00e9alise d\u2019impressionnants portraits aux conventions artistiques tr\u00e8s acad\u00e9miques. Avec ses fonds noirs, ses clairs-obscurs, son traitement des couleurs et ses poses de trois-quarts, le photographe ne peut nier sa filiation avec les ma\u00eetres du XVIIe si\u00e8cle, comme Zurbar\u00e1n ou Caravage.<\/p>\n<figure id=\"attachment_5459\" aria-describedby=\"caption-attachment-5459\" style=\"width: 600px\" class=\"wp-caption aligncenter\"><a href=\"https:\/\/i0.wp.com\/www.proantic.com\/magazine\/wp-content\/uploads\/2016\/08\/vnckdo.png\"><img data-recalc-dims=\"1\" loading=\"lazy\" decoding=\"async\" data-attachment-id=\"5459\" data-permalink=\"https:\/\/www.proantic.com\/magazine\/pierre-gonnord-indarra\/vnckdo\/\" data-orig-file=\"https:\/\/i0.wp.com\/www.proantic.com\/magazine\/wp-content\/uploads\/2016\/08\/vnckdo.png?fit=600%2C397&amp;ssl=1\" data-orig-size=\"600,397\" data-comments-opened=\"1\" data-image-meta=\"{&quot;aperture&quot;:&quot;0&quot;,&quot;credit&quot;:&quot;&quot;,&quot;camera&quot;:&quot;&quot;,&quot;caption&quot;:&quot;&quot;,&quot;created_timestamp&quot;:&quot;0&quot;,&quot;copyright&quot;:&quot;&quot;,&quot;focal_length&quot;:&quot;0&quot;,&quot;iso&quot;:&quot;0&quot;,&quot;shutter_speed&quot;:&quot;0&quot;,&quot;title&quot;:&quot;&quot;,&quot;orientation&quot;:&quot;0&quot;}\" data-image-title=\"vnckdo\" data-image-description=\"\" data-image-caption=\"&lt;p&gt;Pierre Gon, exposition Indarra.&lt;br \/&gt;\n\u00a9Agence Photomobile&lt;\/p&gt;\n\" data-medium-file=\"https:\/\/i0.wp.com\/www.proantic.com\/magazine\/wp-content\/uploads\/2016\/08\/vnckdo.png?fit=300%2C199&amp;ssl=1\" data-large-file=\"https:\/\/i0.wp.com\/www.proantic.com\/magazine\/wp-content\/uploads\/2016\/08\/vnckdo.png?fit=600%2C397&amp;ssl=1\" class=\"size-full wp-image-5459\" src=\"https:\/\/i0.wp.com\/www.proantic.com\/magazine\/wp-content\/uploads\/2016\/08\/vnckdo.png?resize=600%2C397\" alt=\"Pierre Gon, exposition Indarra. \u00a9Agence Photomobile\" width=\"600\" height=\"397\" srcset=\"https:\/\/i0.wp.com\/www.proantic.com\/magazine\/wp-content\/uploads\/2016\/08\/vnckdo.png?w=600&amp;ssl=1 600w, https:\/\/i0.wp.com\/www.proantic.com\/magazine\/wp-content\/uploads\/2016\/08\/vnckdo.png?resize=300%2C200&amp;ssl=1 300w, https:\/\/i0.wp.com\/www.proantic.com\/magazine\/wp-content\/uploads\/2016\/08\/vnckdo.png?resize=192%2C128&amp;ssl=1 192w\" sizes=\"auto, (max-width: 600px) 100vw, 600px\" \/><\/a><figcaption id=\"caption-attachment-5459\" class=\"wp-caption-text\">Pierre Gonnord, exposition Indarra.<br \/>\u00a9Agence Photomobile<\/figcaption><\/figure>\n<p>De tr\u00e8s grands formats, ces portraits r\u00e9alistes cherchent \u00e0 sublimer le mod\u00e8le et \u00e0 lui rendre sa dignit\u00e9. Dans une composition minimaliste, ces personnages au regard intense s\u2019imposent au spectateur par leur fascinante pr\u00e9sence. Leur visage, et surtout leurs yeux, apparaissent comme essentiels, incontournables. Ils permettent d\u2019\u00e9tablir un dialogue avec le spectateur, d\u2019entrer dans une dimension intime avec l\u2019autre.<\/p>\n<p>Entre portrait descriptif et introspectif, Pierre Gonnord cherche la profondeur de l\u2019\u00eatre au-del\u00e0 des apparences, et questionne la place de l\u2019individu dans nos soci\u00e9t\u00e9s contemporaines.<\/p>\n<p><iframe loading=\"lazy\" src=\"https:\/\/www.youtube.com\/embed\/JvY8KchXZS0\" width=\"560\" height=\"315\" frameborder=\"0\" allowfullscreen=\"allowfullscreen\"><\/iframe><\/p>\n<p>Une soixantaine de photos mettent en lumi\u00e8re des portraits saisissants de mineurs d\u2019Asturies, de gitans, de personnages crois\u00e9s au fil de ses errances\u2026<\/p>\n<figure id=\"attachment_5463\" aria-describedby=\"caption-attachment-5463\" style=\"width: 228px\" class=\"wp-caption aligncenter\"><a href=\"https:\/\/i0.wp.com\/www.proantic.com\/magazine\/wp-content\/uploads\/2016\/08\/B.png\"><img data-recalc-dims=\"1\" loading=\"lazy\" decoding=\"async\" data-attachment-id=\"5463\" data-permalink=\"https:\/\/www.proantic.com\/magazine\/pierre-gonnord-indarra\/b\/\" data-orig-file=\"https:\/\/i0.wp.com\/www.proantic.com\/magazine\/wp-content\/uploads\/2016\/08\/B.png?fit=228%2C301&amp;ssl=1\" data-orig-size=\"228,301\" data-comments-opened=\"1\" data-image-meta=\"{&quot;aperture&quot;:&quot;0&quot;,&quot;credit&quot;:&quot;&quot;,&quot;camera&quot;:&quot;&quot;,&quot;caption&quot;:&quot;&quot;,&quot;created_timestamp&quot;:&quot;0&quot;,&quot;copyright&quot;:&quot;&quot;,&quot;focal_length&quot;:&quot;0&quot;,&quot;iso&quot;:&quot;0&quot;,&quot;shutter_speed&quot;:&quot;0&quot;,&quot;title&quot;:&quot;&quot;,&quot;orientation&quot;:&quot;0&quot;}\" data-image-title=\"Exposition  \u00ab\u00a0Indarra\u00a0\u00bb\" data-image-description=\"\" data-image-caption=\"&lt;p&gt;Exposition  \u00ab\u00a0Indarra\u00a0\u00bb&lt;br \/&gt;\n\u00a9 Pierre Gonnord&lt;\/p&gt;\n\" data-medium-file=\"https:\/\/i0.wp.com\/www.proantic.com\/magazine\/wp-content\/uploads\/2016\/08\/B.png?fit=227%2C300&amp;ssl=1\" data-large-file=\"https:\/\/i0.wp.com\/www.proantic.com\/magazine\/wp-content\/uploads\/2016\/08\/B.png?fit=228%2C301&amp;ssl=1\" class=\"size-full wp-image-5463\" src=\"https:\/\/i0.wp.com\/www.proantic.com\/magazine\/wp-content\/uploads\/2016\/08\/B.png?resize=228%2C301\" alt=\"Exposition &quot;Indarra&quot; \u00a9 Pierre Gonnord\" width=\"228\" height=\"301\" srcset=\"https:\/\/i0.wp.com\/www.proantic.com\/magazine\/wp-content\/uploads\/2016\/08\/B.png?w=228&amp;ssl=1 228w, https:\/\/i0.wp.com\/www.proantic.com\/magazine\/wp-content\/uploads\/2016\/08\/B.png?resize=227%2C300&amp;ssl=1 227w\" sizes=\"auto, (max-width: 228px) 100vw, 228px\" \/><\/a><figcaption id=\"caption-attachment-5463\" class=\"wp-caption-text\">Exposition \u00ab\u00a0Indarra\u00a0\u00bb<br \/>\u00a9 Pierre Gonnord<\/figcaption><\/figure>\n<p>A ces portraits, dont certains pr\u00e9sent\u00e9s en tr\u00e8s grand format, l\u2019artiste y a joint des clich\u00e9s sur le th\u00e8me de la force, (paysages \u00e9poustouflants), force des personnages, \u00ab portraits-rencontres \u00bb pris en Galice, au Portugal et aussi au Pays basque, comme des leveurs de pierre ou autres sportifs de la force basque : <strong>ces huit derniers portraits, photographi\u00e9s d\u00e9but 2016, s\u2019int\u00e8grent dans une commande de la ville, dans le cadre du partenariat avec Donostia 2016.\u00a0<\/strong><\/p>\n<p><strong>INFOS PRATIQUES\u00a0<\/strong><\/p>\n<p><strong>\u00ab INDARRA \u00bb \u00a0de Pierre Gonnord \u2013jusqu&rsquo;au 2 octobre<\/strong><br \/>\nLe Bellevue \u2013 Place Bellevue \u2013 Ouvert tous les jours sauf le mardi de 11h \u00e0 20h.<\/p>\n","protected":false},"excerpt":{"rendered":"<p>Dans le cadre de sa grande exposition d\u2019\u00e9t\u00e9, la Ville de Biarritz propose de d\u00e9couvrir les photographies\u00a0de Pierre Gonnord. A travers ses impressionnants portraits dans le sillage des grands ma\u00eetres du XVII\u00e8 si\u00e8cle, Pierre Gonnord cherche la profondeur de l\u2019\u00eatre au-del\u00e0 des apparences, et questionne la place de l\u2019individu dans nos soci\u00e9t\u00e9s contemporaines. Sa d\u00e9couverte [&hellip;]<\/p>\n","protected":false},"author":6,"featured_media":5461,"comment_status":"closed","ping_status":"open","sticky":false,"template":"","format":"standard","meta":{"jetpack_post_was_ever_published":false,"_jetpack_newsletter_access":"","_jetpack_dont_email_post_to_subs":false,"_jetpack_newsletter_tier_id":0,"_jetpack_memberships_contains_paywalled_content":false,"_jetpack_memberships_contains_paid_content":false,"footnotes":"","jetpack_publicize_message":"","jetpack_publicize_feature_enabled":true,"jetpack_social_post_already_shared":true,"jetpack_social_options":{"image_generator_settings":{"template":"highway","default_image_id":0,"font":"","enabled":false},"version":2}},"categories":[12],"tags":[],"class_list":["post-5457","post","type-post","status-publish","format-standard","has-post-thumbnail","hentry","category-expositions"],"yoast_head":"<!-- This site is optimized with the Yoast SEO plugin v26.9 - https:\/\/yoast.com\/product\/yoast-seo-wordpress\/ -->\n<title>Pierre Gonnord: \u00ab Indarra \u00bb Le Magazine de Proantic<\/title>\n<meta name=\"description\" content=\"Dans le cadre de sa grande exposition d\u2019\u00e9t\u00e9, la Ville de Biarritz propose de d\u00e9couvrir les photographies\u00a0de Pierre Gonnord. A travers ses impressionnants\" \/>\n<meta name=\"robots\" content=\"index, follow, max-snippet:-1, max-image-preview:large, max-video-preview:-1\" \/>\n<link rel=\"canonical\" href=\"https:\/\/www.proantic.com\/magazine\/pierre-gonnord-indarra\/\" \/>\n<meta property=\"og:locale\" content=\"fr_FR\" \/>\n<meta property=\"og:type\" content=\"article\" \/>\n<meta property=\"og:title\" content=\"Pierre Gonnord: \u00ab Indarra \u00bb Le Magazine de Proantic\" \/>\n<meta property=\"og:description\" content=\"Dans le cadre de sa grande exposition d\u2019\u00e9t\u00e9, la Ville de Biarritz propose de d\u00e9couvrir les photographies\u00a0de Pierre Gonnord. A travers ses impressionnants\" \/>\n<meta property=\"og:url\" content=\"https:\/\/www.proantic.com\/magazine\/pierre-gonnord-indarra\/\" \/>\n<meta property=\"og:site_name\" content=\"Le Magazine de Proantic\" \/>\n<meta property=\"article:publisher\" content=\"https:\/\/www.facebook.com\/pages\/Proantic\/\/259180871793\" \/>\n<meta property=\"article:published_time\" content=\"2016-08-18T07:19:40+00:00\" \/>\n<meta property=\"article:modified_time\" content=\"2016-08-21T17:40:05+00:00\" \/>\n<meta property=\"og:image\" content=\"https:\/\/i0.wp.com\/www.proantic.com\/magazine\/wp-content\/uploads\/2016\/08\/fldpo.png?fit=373%2C561&ssl=1\" \/>\n\t<meta property=\"og:image:width\" content=\"373\" \/>\n\t<meta property=\"og:image:height\" content=\"561\" \/>\n\t<meta property=\"og:image:type\" content=\"image\/png\" \/>\n<meta name=\"author\" content=\"C\u00e9line Autant\" \/>\n<meta name=\"twitter:label1\" content=\"\u00c9crit par\" \/>\n\t<meta name=\"twitter:data1\" content=\"C\u00e9line Autant\" \/>\n\t<meta name=\"twitter:label2\" content=\"Dur\u00e9e de lecture estim\u00e9e\" \/>\n\t<meta name=\"twitter:data2\" content=\"2 minutes\" \/>\n<script type=\"application\/ld+json\" class=\"yoast-schema-graph\">{\"@context\":\"https:\/\/schema.org\",\"@graph\":[{\"@type\":\"Article\",\"@id\":\"https:\/\/www.proantic.com\/magazine\/pierre-gonnord-indarra\/#article\",\"isPartOf\":{\"@id\":\"https:\/\/www.proantic.com\/magazine\/pierre-gonnord-indarra\/\"},\"author\":{\"name\":\"C\u00e9line Autant\",\"@id\":\"https:\/\/www.proantic.com\/magazine\/#\/schema\/person\/63707e8f4e7d0172de7ddde897688be0\"},\"headline\":\"Pierre Gonnord: \u00ab Indarra \u00bb\",\"datePublished\":\"2016-08-18T07:19:40+00:00\",\"dateModified\":\"2016-08-21T17:40:05+00:00\",\"mainEntityOfPage\":{\"@id\":\"https:\/\/www.proantic.com\/magazine\/pierre-gonnord-indarra\/\"},\"wordCount\":456,\"image\":{\"@id\":\"https:\/\/www.proantic.com\/magazine\/pierre-gonnord-indarra\/#primaryimage\"},\"thumbnailUrl\":\"https:\/\/i0.wp.com\/www.proantic.com\/magazine\/wp-content\/uploads\/2016\/08\/fldpo.png?fit=373%2C561&ssl=1\",\"articleSection\":[\"Expositions\"],\"inLanguage\":\"fr-FR\"},{\"@type\":\"WebPage\",\"@id\":\"https:\/\/www.proantic.com\/magazine\/pierre-gonnord-indarra\/\",\"url\":\"https:\/\/www.proantic.com\/magazine\/pierre-gonnord-indarra\/\",\"name\":\"Pierre Gonnord: \u00ab Indarra \u00bb Le Magazine de Proantic\",\"isPartOf\":{\"@id\":\"https:\/\/www.proantic.com\/magazine\/#website\"},\"primaryImageOfPage\":{\"@id\":\"https:\/\/www.proantic.com\/magazine\/pierre-gonnord-indarra\/#primaryimage\"},\"image\":{\"@id\":\"https:\/\/www.proantic.com\/magazine\/pierre-gonnord-indarra\/#primaryimage\"},\"thumbnailUrl\":\"https:\/\/i0.wp.com\/www.proantic.com\/magazine\/wp-content\/uploads\/2016\/08\/fldpo.png?fit=373%2C561&ssl=1\",\"datePublished\":\"2016-08-18T07:19:40+00:00\",\"dateModified\":\"2016-08-21T17:40:05+00:00\",\"author\":{\"@id\":\"https:\/\/www.proantic.com\/magazine\/#\/schema\/person\/63707e8f4e7d0172de7ddde897688be0\"},\"description\":\"Dans le cadre de sa grande exposition d\u2019\u00e9t\u00e9, la Ville de Biarritz propose de d\u00e9couvrir les photographies\u00a0de Pierre Gonnord. A travers ses impressionnants\",\"breadcrumb\":{\"@id\":\"https:\/\/www.proantic.com\/magazine\/pierre-gonnord-indarra\/#breadcrumb\"},\"inLanguage\":\"fr-FR\",\"potentialAction\":[{\"@type\":\"ReadAction\",\"target\":[\"https:\/\/www.proantic.com\/magazine\/pierre-gonnord-indarra\/\"]}]},{\"@type\":\"ImageObject\",\"inLanguage\":\"fr-FR\",\"@id\":\"https:\/\/www.proantic.com\/magazine\/pierre-gonnord-indarra\/#primaryimage\",\"url\":\"https:\/\/i0.wp.com\/www.proantic.com\/magazine\/wp-content\/uploads\/2016\/08\/fldpo.png?fit=373%2C561&ssl=1\",\"contentUrl\":\"https:\/\/i0.wp.com\/www.proantic.com\/magazine\/wp-content\/uploads\/2016\/08\/fldpo.png?fit=373%2C561&ssl=1\",\"width\":373,\"height\":561},{\"@type\":\"BreadcrumbList\",\"@id\":\"https:\/\/www.proantic.com\/magazine\/pierre-gonnord-indarra\/#breadcrumb\",\"itemListElement\":[{\"@type\":\"ListItem\",\"position\":1,\"name\":\"Accueil\",\"item\":\"https:\/\/www.proantic.com\/magazine\/\"},{\"@type\":\"ListItem\",\"position\":2,\"name\":\"Pierre Gonnord: \u00ab Indarra \u00bb\"}]},{\"@type\":\"WebSite\",\"@id\":\"https:\/\/www.proantic.com\/magazine\/#website\",\"url\":\"https:\/\/www.proantic.com\/magazine\/\",\"name\":\"Le Magazine de Proantic\",\"description\":\"Magazine d&#039;art et expositions\",\"potentialAction\":[{\"@type\":\"SearchAction\",\"target\":{\"@type\":\"EntryPoint\",\"urlTemplate\":\"https:\/\/www.proantic.com\/magazine\/?s={search_term_string}\"},\"query-input\":{\"@type\":\"PropertyValueSpecification\",\"valueRequired\":true,\"valueName\":\"search_term_string\"}}],\"inLanguage\":\"fr-FR\"},{\"@type\":\"Person\",\"@id\":\"https:\/\/www.proantic.com\/magazine\/#\/schema\/person\/63707e8f4e7d0172de7ddde897688be0\",\"name\":\"C\u00e9line Autant\"}]}<\/script>\n<!-- \/ Yoast SEO plugin. -->","yoast_head_json":{"title":"Pierre Gonnord: \u00ab Indarra \u00bb Le Magazine de Proantic","description":"Dans le cadre de sa grande exposition d\u2019\u00e9t\u00e9, la Ville de Biarritz propose de d\u00e9couvrir les photographies\u00a0de Pierre Gonnord. A travers ses impressionnants","robots":{"index":"index","follow":"follow","max-snippet":"max-snippet:-1","max-image-preview":"max-image-preview:large","max-video-preview":"max-video-preview:-1"},"canonical":"https:\/\/www.proantic.com\/magazine\/pierre-gonnord-indarra\/","og_locale":"fr_FR","og_type":"article","og_title":"Pierre Gonnord: \u00ab Indarra \u00bb Le Magazine de Proantic","og_description":"Dans le cadre de sa grande exposition d\u2019\u00e9t\u00e9, la Ville de Biarritz propose de d\u00e9couvrir les photographies\u00a0de Pierre Gonnord. A travers ses impressionnants","og_url":"https:\/\/www.proantic.com\/magazine\/pierre-gonnord-indarra\/","og_site_name":"Le Magazine de Proantic","article_publisher":"https:\/\/www.facebook.com\/pages\/Proantic\/\/259180871793","article_published_time":"2016-08-18T07:19:40+00:00","article_modified_time":"2016-08-21T17:40:05+00:00","og_image":[{"width":373,"height":561,"url":"https:\/\/i0.wp.com\/www.proantic.com\/magazine\/wp-content\/uploads\/2016\/08\/fldpo.png?fit=373%2C561&ssl=1","type":"image\/png"}],"author":"C\u00e9line Autant","twitter_misc":{"\u00c9crit par":"C\u00e9line Autant","Dur\u00e9e de lecture estim\u00e9e":"2 minutes"},"schema":{"@context":"https:\/\/schema.org","@graph":[{"@type":"Article","@id":"https:\/\/www.proantic.com\/magazine\/pierre-gonnord-indarra\/#article","isPartOf":{"@id":"https:\/\/www.proantic.com\/magazine\/pierre-gonnord-indarra\/"},"author":{"name":"C\u00e9line Autant","@id":"https:\/\/www.proantic.com\/magazine\/#\/schema\/person\/63707e8f4e7d0172de7ddde897688be0"},"headline":"Pierre Gonnord: \u00ab Indarra \u00bb","datePublished":"2016-08-18T07:19:40+00:00","dateModified":"2016-08-21T17:40:05+00:00","mainEntityOfPage":{"@id":"https:\/\/www.proantic.com\/magazine\/pierre-gonnord-indarra\/"},"wordCount":456,"image":{"@id":"https:\/\/www.proantic.com\/magazine\/pierre-gonnord-indarra\/#primaryimage"},"thumbnailUrl":"https:\/\/i0.wp.com\/www.proantic.com\/magazine\/wp-content\/uploads\/2016\/08\/fldpo.png?fit=373%2C561&ssl=1","articleSection":["Expositions"],"inLanguage":"fr-FR"},{"@type":"WebPage","@id":"https:\/\/www.proantic.com\/magazine\/pierre-gonnord-indarra\/","url":"https:\/\/www.proantic.com\/magazine\/pierre-gonnord-indarra\/","name":"Pierre Gonnord: \u00ab Indarra \u00bb Le Magazine de Proantic","isPartOf":{"@id":"https:\/\/www.proantic.com\/magazine\/#website"},"primaryImageOfPage":{"@id":"https:\/\/www.proantic.com\/magazine\/pierre-gonnord-indarra\/#primaryimage"},"image":{"@id":"https:\/\/www.proantic.com\/magazine\/pierre-gonnord-indarra\/#primaryimage"},"thumbnailUrl":"https:\/\/i0.wp.com\/www.proantic.com\/magazine\/wp-content\/uploads\/2016\/08\/fldpo.png?fit=373%2C561&ssl=1","datePublished":"2016-08-18T07:19:40+00:00","dateModified":"2016-08-21T17:40:05+00:00","author":{"@id":"https:\/\/www.proantic.com\/magazine\/#\/schema\/person\/63707e8f4e7d0172de7ddde897688be0"},"description":"Dans le cadre de sa grande exposition d\u2019\u00e9t\u00e9, la Ville de Biarritz propose de d\u00e9couvrir les photographies\u00a0de Pierre Gonnord. A travers ses impressionnants","breadcrumb":{"@id":"https:\/\/www.proantic.com\/magazine\/pierre-gonnord-indarra\/#breadcrumb"},"inLanguage":"fr-FR","potentialAction":[{"@type":"ReadAction","target":["https:\/\/www.proantic.com\/magazine\/pierre-gonnord-indarra\/"]}]},{"@type":"ImageObject","inLanguage":"fr-FR","@id":"https:\/\/www.proantic.com\/magazine\/pierre-gonnord-indarra\/#primaryimage","url":"https:\/\/i0.wp.com\/www.proantic.com\/magazine\/wp-content\/uploads\/2016\/08\/fldpo.png?fit=373%2C561&ssl=1","contentUrl":"https:\/\/i0.wp.com\/www.proantic.com\/magazine\/wp-content\/uploads\/2016\/08\/fldpo.png?fit=373%2C561&ssl=1","width":373,"height":561},{"@type":"BreadcrumbList","@id":"https:\/\/www.proantic.com\/magazine\/pierre-gonnord-indarra\/#breadcrumb","itemListElement":[{"@type":"ListItem","position":1,"name":"Accueil","item":"https:\/\/www.proantic.com\/magazine\/"},{"@type":"ListItem","position":2,"name":"Pierre Gonnord: \u00ab Indarra \u00bb"}]},{"@type":"WebSite","@id":"https:\/\/www.proantic.com\/magazine\/#website","url":"https:\/\/www.proantic.com\/magazine\/","name":"Le Magazine de Proantic","description":"Magazine d&#039;art et expositions","potentialAction":[{"@type":"SearchAction","target":{"@type":"EntryPoint","urlTemplate":"https:\/\/www.proantic.com\/magazine\/?s={search_term_string}"},"query-input":{"@type":"PropertyValueSpecification","valueRequired":true,"valueName":"search_term_string"}}],"inLanguage":"fr-FR"},{"@type":"Person","@id":"https:\/\/www.proantic.com\/magazine\/#\/schema\/person\/63707e8f4e7d0172de7ddde897688be0","name":"C\u00e9line Autant"}]}},"jetpack_publicize_connections":[],"jetpack_featured_media_url":"https:\/\/i0.wp.com\/www.proantic.com\/magazine\/wp-content\/uploads\/2016\/08\/fldpo.png?fit=373%2C561&ssl=1","jetpack_shortlink":"https:\/\/wp.me\/p7EkP3-1q1","jetpack_sharing_enabled":true,"_links":{"self":[{"href":"https:\/\/www.proantic.com\/magazine\/wp-json\/wp\/v2\/posts\/5457","targetHints":{"allow":["GET"]}}],"collection":[{"href":"https:\/\/www.proantic.com\/magazine\/wp-json\/wp\/v2\/posts"}],"about":[{"href":"https:\/\/www.proantic.com\/magazine\/wp-json\/wp\/v2\/types\/post"}],"author":[{"embeddable":true,"href":"https:\/\/www.proantic.com\/magazine\/wp-json\/wp\/v2\/users\/6"}],"replies":[{"embeddable":true,"href":"https:\/\/www.proantic.com\/magazine\/wp-json\/wp\/v2\/comments?post=5457"}],"version-history":[{"count":0,"href":"https:\/\/www.proantic.com\/magazine\/wp-json\/wp\/v2\/posts\/5457\/revisions"}],"wp:featuredmedia":[{"embeddable":true,"href":"https:\/\/www.proantic.com\/magazine\/wp-json\/wp\/v2\/media\/5461"}],"wp:attachment":[{"href":"https:\/\/www.proantic.com\/magazine\/wp-json\/wp\/v2\/media?parent=5457"}],"wp:term":[{"taxonomy":"category","embeddable":true,"href":"https:\/\/www.proantic.com\/magazine\/wp-json\/wp\/v2\/categories?post=5457"},{"taxonomy":"post_tag","embeddable":true,"href":"https:\/\/www.proantic.com\/magazine\/wp-json\/wp\/v2\/tags?post=5457"}],"curies":[{"name":"wp","href":"https:\/\/api.w.org\/{rel}","templated":true}]}}