{"id":4899,"date":"2016-04-06T14:38:44","date_gmt":"2016-04-06T13:38:44","guid":{"rendered":"http:\/\/www.proantic.com\/magazine\/?p=4899"},"modified":"2016-04-10T17:22:20","modified_gmt":"2016-04-10T16:22:20","slug":"alexandre-evariste-fragonard-a-sevres","status":"publish","type":"post","link":"https:\/\/www.proantic.com\/magazine\/alexandre-evariste-fragonard-a-sevres\/","title":{"rendered":"Alexandre-\u00e9variste Fragonard \u00e0 S\u00e8vres"},"content":{"rendered":"<p><strong>S\u00e8vres poss\u00e8de un fonds d&rsquo;arts graphiques constitu\u00e9 de nombreux projets de formes et de d\u00e9cors de pr\u00e8s de 20000 feuilles.\u00a0<\/strong>Dans le cadre de la Semaine du Dessin organis\u00e9e \u00e0 Paris, \u00a0une s\u00e9lection d&rsquo;une vingtaine d&rsquo;\u0153uvres sur papier d&rsquo;Alexandre Evariste Fragonard (1780-1850) y sera pr\u00e9sent\u00e9e jusqu&rsquo;au 2 mai . Le fonds exceptionnel de l&rsquo;institution se compose de pr\u00e8s 400 dessins, repr\u00e9sentatifs de la production de pi\u00e8ces de porcelaine par la Manufacture de S\u00e8vres, sous la direction de son administrateur Alexandre Brongniart de 1800 \u00e0 1847, comme du go\u00fbt de cette p\u00e9riode pour le n\u00e9oclassicisme, puis le n\u00e9ogothique.<\/p>\n<figure id=\"attachment_4902\" aria-describedby=\"caption-attachment-4902\" style=\"width: 591px\" class=\"wp-caption aligncenter\"><a href=\"https:\/\/i0.wp.com\/www.proantic.com\/magazine\/wp-content\/uploads\/2016\/04\/12742573_1089989734373960_600517670466675750_n.jpg\" rel=\"attachment wp-att-4902\"><img data-recalc-dims=\"1\" loading=\"lazy\" decoding=\"async\" data-attachment-id=\"4902\" data-permalink=\"https:\/\/www.proantic.com\/magazine\/alexandre-evariste-fragonard-a-sevres\/12742573_1089989734373960_600517670466675750_n\/\" data-orig-file=\"https:\/\/i0.wp.com\/www.proantic.com\/magazine\/wp-content\/uploads\/2016\/04\/12742573_1089989734373960_600517670466675750_n.jpg?fit=591%2C960&amp;ssl=1\" data-orig-size=\"591,960\" data-comments-opened=\"1\" data-image-meta=\"{&quot;aperture&quot;:&quot;0&quot;,&quot;credit&quot;:&quot;&quot;,&quot;camera&quot;:&quot;&quot;,&quot;caption&quot;:&quot;&quot;,&quot;created_timestamp&quot;:&quot;0&quot;,&quot;copyright&quot;:&quot;&quot;,&quot;focal_length&quot;:&quot;0&quot;,&quot;iso&quot;:&quot;0&quot;,&quot;shutter_speed&quot;:&quot;0&quot;,&quot;title&quot;:&quot;&quot;,&quot;orientation&quot;:&quot;0&quot;}\" data-image-title=\"Tasse et porte-tasse du D\u00e9jeuner Fran\u00e7ois Ier Alexandre-Evariste Fragonard.\" data-image-description=\"\" data-image-caption=\"&lt;p&gt;Tasse et porte-tasse du D\u00e9jeuner Fran\u00e7ois Ier&lt;br \/&gt;\nAlexandre-Evariste Fragonard.&lt;br \/&gt;\n mine graphique, gouache et lavis&lt;br \/&gt;\n(C) S\u00e8vres \u2013 Cit\u00e9 de la c\u00e9ramique&lt;\/p&gt;\n\" data-medium-file=\"https:\/\/i0.wp.com\/www.proantic.com\/magazine\/wp-content\/uploads\/2016\/04\/12742573_1089989734373960_600517670466675750_n.jpg?fit=185%2C300&amp;ssl=1\" data-large-file=\"https:\/\/i0.wp.com\/www.proantic.com\/magazine\/wp-content\/uploads\/2016\/04\/12742573_1089989734373960_600517670466675750_n.jpg?fit=591%2C960&amp;ssl=1\" class=\"wp-image-4902 size-full\" src=\"https:\/\/i0.wp.com\/www.proantic.com\/magazine\/wp-content\/uploads\/2016\/04\/12742573_1089989734373960_600517670466675750_n.jpg?resize=591%2C960\" alt=\"Tasse et porte-tasse du D\u00e9jeuner Fran\u00e7ois Ier Alexandre-Evariste Fragonard. mine graphique, gouache et lavis (C) S\u00e8vres \u2013 Cit\u00e9 de la c\u00e9ramique \" width=\"591\" height=\"960\" srcset=\"https:\/\/i0.wp.com\/www.proantic.com\/magazine\/wp-content\/uploads\/2016\/04\/12742573_1089989734373960_600517670466675750_n.jpg?w=591&amp;ssl=1 591w, https:\/\/i0.wp.com\/www.proantic.com\/magazine\/wp-content\/uploads\/2016\/04\/12742573_1089989734373960_600517670466675750_n.jpg?resize=185%2C300&amp;ssl=1 185w\" sizes=\"auto, (max-width: 591px) 100vw, 591px\" \/><\/a><figcaption id=\"caption-attachment-4902\" class=\"wp-caption-text\">Tasse et porte-tasse du D\u00e9jeuner Fran\u00e7ois Ier<br \/> Alexandre-Evariste Fragonard.<br \/> mine graphique, gouache et lavis<br \/> (C) S\u00e8vres \u2013 Cit\u00e9 de la c\u00e9ramique<\/figcaption><\/figure>\n<p>Fils de Jean-Honor\u00e9 Fragonard, \u00e9l\u00e8ve de son p\u00e8re et de David, contemporain de Delacroix, Alexandre-Evariste Fragonard est l&rsquo;un des plus actifs collaborateurs de la Manufacture de S\u00e8vres entre 1806 et 1842. C&rsquo;est \u00e9galement un peintre d&rsquo;histoire et de genre, un dessinateur, un sculpteur et un lithographe. Ses projets de forme et de d\u00e9cor, conserv\u00e9s par le cabinet des arts graphiques de l&rsquo;\u00e9tablissement, illustrent la richesse de la carri\u00e8re de l&rsquo;artiste qui a su s&rsquo;adapter \u00e0 l&rsquo;\u00e9volution des styles et \u00e0 la commande. Ainsi, ses premiers dessins pr\u00e9sentent des ornements tir\u00e9s de l&rsquo;histoire de la Gr\u00e8ce et de Rome tandis qu&rsquo;\u00e0 partir de la Restauration, il s&rsquo;inspire de l&rsquo;histoire nationale qu&rsquo;il traite dans le style gothique troubadour.<\/p>\n<figure id=\"attachment_4903\" aria-describedby=\"caption-attachment-4903\" style=\"width: 487px\" class=\"wp-caption aligncenter\"><a href=\"https:\/\/i0.wp.com\/www.proantic.com\/magazine\/wp-content\/uploads\/2016\/04\/klkoip.png\" rel=\"attachment wp-att-4903\"><img data-recalc-dims=\"1\" loading=\"lazy\" decoding=\"async\" data-attachment-id=\"4903\" data-permalink=\"https:\/\/www.proantic.com\/magazine\/alexandre-evariste-fragonard-a-sevres\/klkoip\/\" data-orig-file=\"https:\/\/i0.wp.com\/www.proantic.com\/magazine\/wp-content\/uploads\/2016\/04\/klkoip.png?fit=487%2C488&amp;ssl=1\" data-orig-size=\"487,488\" data-comments-opened=\"1\" data-image-meta=\"{&quot;aperture&quot;:&quot;0&quot;,&quot;credit&quot;:&quot;&quot;,&quot;camera&quot;:&quot;&quot;,&quot;caption&quot;:&quot;&quot;,&quot;created_timestamp&quot;:&quot;0&quot;,&quot;copyright&quot;:&quot;&quot;,&quot;focal_length&quot;:&quot;0&quot;,&quot;iso&quot;:&quot;0&quot;,&quot;shutter_speed&quot;:&quot;0&quot;,&quot;title&quot;:&quot;&quot;,&quot;orientation&quot;:&quot;0&quot;}\" data-image-title=\"El\u00e9ment du plateau du D\u00e9jeuner Fran\u00e7ois Ier Alexandre-Evariste Fragonard .\" data-image-description=\"\" data-image-caption=\"&lt;p&gt;El\u00e9ment du plateau du D\u00e9jeuner Fran\u00e7ois Ier&lt;br \/&gt;\nAlexandre-Evariste Fragonard .&lt;br \/&gt;\nmine graphite, plume et encre (C) S\u00e8vres \u2013 Cit\u00e9 de la c\u00e9ramique&lt;\/p&gt;\n\" data-medium-file=\"https:\/\/i0.wp.com\/www.proantic.com\/magazine\/wp-content\/uploads\/2016\/04\/klkoip.png?fit=300%2C300&amp;ssl=1\" data-large-file=\"https:\/\/i0.wp.com\/www.proantic.com\/magazine\/wp-content\/uploads\/2016\/04\/klkoip.png?fit=487%2C488&amp;ssl=1\" class=\"size-full wp-image-4903\" src=\"https:\/\/i0.wp.com\/www.proantic.com\/magazine\/wp-content\/uploads\/2016\/04\/klkoip.png?resize=487%2C488\" alt=\"El\u00e9ment du plateau du D\u00e9jeuner Fran\u00e7ois Ier Alexandre-Evariste Fragonard . mine graphite, plume et encre (C) S\u00e8vres \u2013 Cit\u00e9 de la c\u00e9ramique\" width=\"487\" height=\"488\" srcset=\"https:\/\/i0.wp.com\/www.proantic.com\/magazine\/wp-content\/uploads\/2016\/04\/klkoip.png?w=487&amp;ssl=1 487w, https:\/\/i0.wp.com\/www.proantic.com\/magazine\/wp-content\/uploads\/2016\/04\/klkoip.png?resize=150%2C150&amp;ssl=1 150w, https:\/\/i0.wp.com\/www.proantic.com\/magazine\/wp-content\/uploads\/2016\/04\/klkoip.png?resize=300%2C300&amp;ssl=1 300w\" sizes=\"auto, (max-width: 487px) 100vw, 487px\" \/><\/a><figcaption id=\"caption-attachment-4903\" class=\"wp-caption-text\">El\u00e9ment du plateau du D\u00e9jeuner Fran\u00e7ois Ier<br \/>Alexandre-Evariste Fragonard .<br \/>mine graphite, plume et encre (C) S\u00e8vres \u2013 Cit\u00e9 de la c\u00e9ramique<\/figcaption><\/figure>\n<p>L&rsquo;accrochage est une mise en regard des projets de forme d&rsquo;Alexandre-Evariste Fragonard avec certaines \u0153uvres majeures, pr\u00e9sent\u00e9es dans les salles du Mus\u00e9e : le Vase de la Renaissance dit de Fran\u00e7ois Ier, la Th\u00e9i\u00e8re chinoise Fragonard, les D\u00e9jeuners de Fran\u00e7ois Ier et de Du Guesclin.<\/p>\n<p>La Cit\u00e9 de la c\u00e9ramique poss\u00e8de un patrimoine riche de pr\u00e8s de 300 000 c\u00e9ramiques, depuis la r\u00e9union des prestigieuses collections du Mus\u00e9e national de c\u00e9ramique de S\u00e8vres, du Mus\u00e9e national Adrien Dubouch\u00e9 de Limoges et de la Manufacture nationale de S\u00e8vres. Mais l&rsquo;\u00e9tablissement dispose aussi, ce que l&rsquo;on sait moins, d&rsquo;un remarquable ensemble d&rsquo;arts graphiques qui regroupe environ 30 000 feuilles, principalement des dessins et des estampes, tous li\u00e9s \u00e0 la production de la Manufacture, depuis sa cr\u00e9ation au XVIIIe si\u00e8cle.<\/p>\n<figure id=\"attachment_4904\" aria-describedby=\"caption-attachment-4904\" style=\"width: 524px\" class=\"wp-caption aligncenter\"><a href=\"https:\/\/i0.wp.com\/www.proantic.com\/magazine\/wp-content\/uploads\/2016\/04\/10400890_1109339422438991_158318509842148529_n.png\" rel=\"attachment wp-att-4904\"><img data-recalc-dims=\"1\" loading=\"lazy\" decoding=\"async\" data-attachment-id=\"4904\" data-permalink=\"https:\/\/www.proantic.com\/magazine\/alexandre-evariste-fragonard-a-sevres\/10400890_1109339422438991_158318509842148529_n\/\" data-orig-file=\"https:\/\/i0.wp.com\/www.proantic.com\/magazine\/wp-content\/uploads\/2016\/04\/10400890_1109339422438991_158318509842148529_n.png?fit=524%2C678&amp;ssl=1\" data-orig-size=\"524,678\" data-comments-opened=\"1\" data-image-meta=\"{&quot;aperture&quot;:&quot;0&quot;,&quot;credit&quot;:&quot;&quot;,&quot;camera&quot;:&quot;&quot;,&quot;caption&quot;:&quot;&quot;,&quot;created_timestamp&quot;:&quot;0&quot;,&quot;copyright&quot;:&quot;&quot;,&quot;focal_length&quot;:&quot;0&quot;,&quot;iso&quot;:&quot;0&quot;,&quot;shutter_speed&quot;:&quot;0&quot;,&quot;title&quot;:&quot;&quot;,&quot;orientation&quot;:&quot;0&quot;}\" data-image-title=\"Alexandre-Evariste Fragonard\" data-image-description=\"\" data-image-caption=\"&lt;p&gt;Alexandre-Evariste Fragonard&lt;br \/&gt;\n(C) S\u00e8vres \u2013 Cit\u00e9 de la c\u00e9ramique&lt;\/p&gt;\n\" data-medium-file=\"https:\/\/i0.wp.com\/www.proantic.com\/magazine\/wp-content\/uploads\/2016\/04\/10400890_1109339422438991_158318509842148529_n.png?fit=232%2C300&amp;ssl=1\" data-large-file=\"https:\/\/i0.wp.com\/www.proantic.com\/magazine\/wp-content\/uploads\/2016\/04\/10400890_1109339422438991_158318509842148529_n.png?fit=524%2C678&amp;ssl=1\" class=\"size-full wp-image-4904\" src=\"https:\/\/i0.wp.com\/www.proantic.com\/magazine\/wp-content\/uploads\/2016\/04\/10400890_1109339422438991_158318509842148529_n.png?resize=524%2C678\" alt=\"Alexandre-Evariste Fragonard (C) S\u00e8vres \u2013 Cit\u00e9 de la c\u00e9ramique\" width=\"524\" height=\"678\" srcset=\"https:\/\/i0.wp.com\/www.proantic.com\/magazine\/wp-content\/uploads\/2016\/04\/10400890_1109339422438991_158318509842148529_n.png?w=524&amp;ssl=1 524w, https:\/\/i0.wp.com\/www.proantic.com\/magazine\/wp-content\/uploads\/2016\/04\/10400890_1109339422438991_158318509842148529_n.png?resize=232%2C300&amp;ssl=1 232w\" sizes=\"auto, (max-width: 524px) 100vw, 524px\" \/><\/a><figcaption id=\"caption-attachment-4904\" class=\"wp-caption-text\">Alexandre-Evariste Fragonard<br \/>(C) S\u00e8vres \u2013 Cit\u00e9 de la c\u00e9ramique<\/figcaption><\/figure>\n<p>Ce cabinet n&rsquo;a fait l&rsquo;objet que de rares pr\u00e9sentations et de quelques publications ; l&rsquo;\u00e9tude de cet ensemble patrimonial a \u00e9t\u00e9 rendue possible \u00e0 l&rsquo;occasion de l&rsquo;ambitieux programme de num\u00e9risation, men\u00e9 de 2010 \u00e0 2015, gr\u00e2ce au m\u00e9c\u00e9nat exceptionnel de la Fondation Bettencourt Schueller. Il a consist\u00e9 en un chantier de pr\u00e9servation et de valorisation d\u2019un patrimoine unique, li\u00e9 \u00e0 l\u2019histoire de l\u2019institution.<\/p>\n<p>Ce fonds qui couvre plus de 250 ans de cr\u00e9ation, est un t\u00e9moin exceptionnel et unique en Europe de l&rsquo;histoire des arts d\u00e9coratifs dans le domaine de la porcelaine qui raconte une grande aventure artistique, sans cesse renouvel\u00e9e. 17 258 dessins num\u00e9ris\u00e9s sont d\u00e9sormais accessibles sur le site Joconde du Minist\u00e8re de la culture et de la communication.<\/p>\n<p>Un dispositif dans l&rsquo;exposition permettra de visionner l&rsquo;ensemble du fonds d&rsquo;Alexandre Evariste Fragonard, conserv\u00e9 in situ.<\/p>\n<p><span style=\"color: #ff0000;\">En savoir plus:<\/span><\/p>\n<p>http:\/\/www.sevresciteceramique.fr\/<\/p>\n","protected":false},"excerpt":{"rendered":"<p>S\u00e8vres poss\u00e8de un fonds d&rsquo;arts graphiques constitu\u00e9 de nombreux projets de formes et de d\u00e9cors de pr\u00e8s de 20000 feuilles.\u00a0Dans le cadre de la Semaine du Dessin organis\u00e9e \u00e0 Paris, \u00a0une s\u00e9lection d&rsquo;une vingtaine d&rsquo;\u0153uvres sur papier d&rsquo;Alexandre Evariste Fragonard (1780-1850) y sera pr\u00e9sent\u00e9e jusqu&rsquo;au 2 mai . Le fonds exceptionnel de l&rsquo;institution se compose [&hellip;]<\/p>\n","protected":false},"author":6,"featured_media":4906,"comment_status":"closed","ping_status":"open","sticky":false,"template":"","format":"standard","meta":{"jetpack_post_was_ever_published":false,"_jetpack_newsletter_access":"","_jetpack_dont_email_post_to_subs":false,"_jetpack_newsletter_tier_id":0,"_jetpack_memberships_contains_paywalled_content":false,"_jetpack_memberships_contains_paid_content":false,"footnotes":"","jetpack_publicize_message":"","jetpack_publicize_feature_enabled":true,"jetpack_social_post_already_shared":true,"jetpack_social_options":{"image_generator_settings":{"template":"highway","default_image_id":0,"font":"","enabled":false},"version":2}},"categories":[12],"tags":[],"class_list":["post-4899","post","type-post","status-publish","format-standard","has-post-thumbnail","hentry","category-expositions"],"yoast_head":"<!-- This site is optimized with the Yoast SEO plugin v26.9 - https:\/\/yoast.com\/product\/yoast-seo-wordpress\/ -->\n<title>Alexandre-\u00e9variste Fragonard \u00e0 S\u00e8vres Le Magazine de Proantic<\/title>\n<meta name=\"description\" content=\"S\u00e8vres poss\u00e8de un fonds d&#039;arts graphiques constitu\u00e9 de nombreux projets de formes et de d\u00e9cors de pr\u00e8s de 20000 feuilles.\u00a0Dans le cadre de la Semaine du\" \/>\n<meta name=\"robots\" content=\"index, follow, max-snippet:-1, max-image-preview:large, max-video-preview:-1\" \/>\n<link rel=\"canonical\" href=\"https:\/\/www.proantic.com\/magazine\/alexandre-evariste-fragonard-a-sevres\/\" \/>\n<meta property=\"og:locale\" content=\"fr_FR\" \/>\n<meta property=\"og:type\" content=\"article\" \/>\n<meta property=\"og:title\" content=\"Alexandre-\u00e9variste Fragonard \u00e0 S\u00e8vres Le Magazine de Proantic\" \/>\n<meta property=\"og:description\" content=\"S\u00e8vres poss\u00e8de un fonds d&#039;arts graphiques constitu\u00e9 de nombreux projets de formes et de d\u00e9cors de pr\u00e8s de 20000 feuilles.\u00a0Dans le cadre de la Semaine du\" \/>\n<meta property=\"og:url\" content=\"https:\/\/www.proantic.com\/magazine\/alexandre-evariste-fragonard-a-sevres\/\" \/>\n<meta property=\"og:site_name\" content=\"Le Magazine de Proantic\" \/>\n<meta property=\"article:publisher\" content=\"https:\/\/www.facebook.com\/pages\/Proantic\/\/259180871793\" \/>\n<meta property=\"article:published_time\" content=\"2016-04-06T13:38:44+00:00\" \/>\n<meta property=\"article:modified_time\" content=\"2016-04-10T16:22:20+00:00\" \/>\n<meta property=\"og:image\" content=\"https:\/\/i0.wp.com\/www.proantic.com\/magazine\/wp-content\/uploads\/2016\/04\/12140685_1089989741040626_8427507571725716841_n.jpg?fit=960%2C904&ssl=1\" \/>\n\t<meta property=\"og:image:width\" content=\"960\" \/>\n\t<meta property=\"og:image:height\" content=\"904\" \/>\n\t<meta property=\"og:image:type\" content=\"image\/jpeg\" \/>\n<meta name=\"author\" content=\"C\u00e9line Autant\" \/>\n<meta name=\"twitter:label1\" content=\"\u00c9crit par\" \/>\n\t<meta name=\"twitter:data1\" content=\"C\u00e9line Autant\" \/>\n\t<meta name=\"twitter:label2\" content=\"Dur\u00e9e de lecture estim\u00e9e\" \/>\n\t<meta name=\"twitter:data2\" content=\"3 minutes\" \/>\n<script type=\"application\/ld+json\" class=\"yoast-schema-graph\">{\"@context\":\"https:\/\/schema.org\",\"@graph\":[{\"@type\":\"Article\",\"@id\":\"https:\/\/www.proantic.com\/magazine\/alexandre-evariste-fragonard-a-sevres\/#article\",\"isPartOf\":{\"@id\":\"https:\/\/www.proantic.com\/magazine\/alexandre-evariste-fragonard-a-sevres\/\"},\"author\":{\"name\":\"C\u00e9line Autant\",\"@id\":\"https:\/\/www.proantic.com\/magazine\/#\/schema\/person\/932db14f53d245f4acce86a3fe906582\"},\"headline\":\"Alexandre-\u00e9variste Fragonard \u00e0 S\u00e8vres\",\"datePublished\":\"2016-04-06T13:38:44+00:00\",\"dateModified\":\"2016-04-10T16:22:20+00:00\",\"mainEntityOfPage\":{\"@id\":\"https:\/\/www.proantic.com\/magazine\/alexandre-evariste-fragonard-a-sevres\/\"},\"wordCount\":636,\"image\":{\"@id\":\"https:\/\/www.proantic.com\/magazine\/alexandre-evariste-fragonard-a-sevres\/#primaryimage\"},\"thumbnailUrl\":\"https:\/\/i0.wp.com\/www.proantic.com\/magazine\/wp-content\/uploads\/2016\/04\/12140685_1089989741040626_8427507571725716841_n.jpg?fit=960%2C904&ssl=1\",\"articleSection\":[\"Expositions\"],\"inLanguage\":\"fr-FR\"},{\"@type\":\"WebPage\",\"@id\":\"https:\/\/www.proantic.com\/magazine\/alexandre-evariste-fragonard-a-sevres\/\",\"url\":\"https:\/\/www.proantic.com\/magazine\/alexandre-evariste-fragonard-a-sevres\/\",\"name\":\"Alexandre-\u00e9variste Fragonard \u00e0 S\u00e8vres Le Magazine de Proantic\",\"isPartOf\":{\"@id\":\"https:\/\/www.proantic.com\/magazine\/#website\"},\"primaryImageOfPage\":{\"@id\":\"https:\/\/www.proantic.com\/magazine\/alexandre-evariste-fragonard-a-sevres\/#primaryimage\"},\"image\":{\"@id\":\"https:\/\/www.proantic.com\/magazine\/alexandre-evariste-fragonard-a-sevres\/#primaryimage\"},\"thumbnailUrl\":\"https:\/\/i0.wp.com\/www.proantic.com\/magazine\/wp-content\/uploads\/2016\/04\/12140685_1089989741040626_8427507571725716841_n.jpg?fit=960%2C904&ssl=1\",\"datePublished\":\"2016-04-06T13:38:44+00:00\",\"dateModified\":\"2016-04-10T16:22:20+00:00\",\"author\":{\"@id\":\"https:\/\/www.proantic.com\/magazine\/#\/schema\/person\/932db14f53d245f4acce86a3fe906582\"},\"description\":\"S\u00e8vres poss\u00e8de un fonds d'arts graphiques constitu\u00e9 de nombreux projets de formes et de d\u00e9cors de pr\u00e8s de 20000 feuilles.\u00a0Dans le cadre de la Semaine du\",\"breadcrumb\":{\"@id\":\"https:\/\/www.proantic.com\/magazine\/alexandre-evariste-fragonard-a-sevres\/#breadcrumb\"},\"inLanguage\":\"fr-FR\",\"potentialAction\":[{\"@type\":\"ReadAction\",\"target\":[\"https:\/\/www.proantic.com\/magazine\/alexandre-evariste-fragonard-a-sevres\/\"]}]},{\"@type\":\"ImageObject\",\"inLanguage\":\"fr-FR\",\"@id\":\"https:\/\/www.proantic.com\/magazine\/alexandre-evariste-fragonard-a-sevres\/#primaryimage\",\"url\":\"https:\/\/i0.wp.com\/www.proantic.com\/magazine\/wp-content\/uploads\/2016\/04\/12140685_1089989741040626_8427507571725716841_n.jpg?fit=960%2C904&ssl=1\",\"contentUrl\":\"https:\/\/i0.wp.com\/www.proantic.com\/magazine\/wp-content\/uploads\/2016\/04\/12140685_1089989741040626_8427507571725716841_n.jpg?fit=960%2C904&ssl=1\",\"width\":960,\"height\":904},{\"@type\":\"BreadcrumbList\",\"@id\":\"https:\/\/www.proantic.com\/magazine\/alexandre-evariste-fragonard-a-sevres\/#breadcrumb\",\"itemListElement\":[{\"@type\":\"ListItem\",\"position\":1,\"name\":\"Accueil\",\"item\":\"https:\/\/www.proantic.com\/magazine\/\"},{\"@type\":\"ListItem\",\"position\":2,\"name\":\"Alexandre-\u00e9variste Fragonard \u00e0 S\u00e8vres\"}]},{\"@type\":\"WebSite\",\"@id\":\"https:\/\/www.proantic.com\/magazine\/#website\",\"url\":\"https:\/\/www.proantic.com\/magazine\/\",\"name\":\"Le Magazine de Proantic\",\"description\":\"Magazine d&#039;art et expositions\",\"potentialAction\":[{\"@type\":\"SearchAction\",\"target\":{\"@type\":\"EntryPoint\",\"urlTemplate\":\"https:\/\/www.proantic.com\/magazine\/?s={search_term_string}\"},\"query-input\":{\"@type\":\"PropertyValueSpecification\",\"valueRequired\":true,\"valueName\":\"search_term_string\"}}],\"inLanguage\":\"fr-FR\"},{\"@type\":\"Person\",\"@id\":\"https:\/\/www.proantic.com\/magazine\/#\/schema\/person\/932db14f53d245f4acce86a3fe906582\",\"name\":\"C\u00e9line Autant\"}]}<\/script>\n<!-- \/ Yoast SEO plugin. -->","yoast_head_json":{"title":"Alexandre-\u00e9variste Fragonard \u00e0 S\u00e8vres Le Magazine de Proantic","description":"S\u00e8vres poss\u00e8de un fonds d'arts graphiques constitu\u00e9 de nombreux projets de formes et de d\u00e9cors de pr\u00e8s de 20000 feuilles.\u00a0Dans le cadre de la Semaine du","robots":{"index":"index","follow":"follow","max-snippet":"max-snippet:-1","max-image-preview":"max-image-preview:large","max-video-preview":"max-video-preview:-1"},"canonical":"https:\/\/www.proantic.com\/magazine\/alexandre-evariste-fragonard-a-sevres\/","og_locale":"fr_FR","og_type":"article","og_title":"Alexandre-\u00e9variste Fragonard \u00e0 S\u00e8vres Le Magazine de Proantic","og_description":"S\u00e8vres poss\u00e8de un fonds d'arts graphiques constitu\u00e9 de nombreux projets de formes et de d\u00e9cors de pr\u00e8s de 20000 feuilles.\u00a0Dans le cadre de la Semaine du","og_url":"https:\/\/www.proantic.com\/magazine\/alexandre-evariste-fragonard-a-sevres\/","og_site_name":"Le Magazine de Proantic","article_publisher":"https:\/\/www.facebook.com\/pages\/Proantic\/\/259180871793","article_published_time":"2016-04-06T13:38:44+00:00","article_modified_time":"2016-04-10T16:22:20+00:00","og_image":[{"width":960,"height":904,"url":"https:\/\/i0.wp.com\/www.proantic.com\/magazine\/wp-content\/uploads\/2016\/04\/12140685_1089989741040626_8427507571725716841_n.jpg?fit=960%2C904&ssl=1","type":"image\/jpeg"}],"author":"C\u00e9line Autant","twitter_misc":{"\u00c9crit par":"C\u00e9line Autant","Dur\u00e9e de lecture estim\u00e9e":"3 minutes"},"schema":{"@context":"https:\/\/schema.org","@graph":[{"@type":"Article","@id":"https:\/\/www.proantic.com\/magazine\/alexandre-evariste-fragonard-a-sevres\/#article","isPartOf":{"@id":"https:\/\/www.proantic.com\/magazine\/alexandre-evariste-fragonard-a-sevres\/"},"author":{"name":"C\u00e9line Autant","@id":"https:\/\/www.proantic.com\/magazine\/#\/schema\/person\/932db14f53d245f4acce86a3fe906582"},"headline":"Alexandre-\u00e9variste Fragonard \u00e0 S\u00e8vres","datePublished":"2016-04-06T13:38:44+00:00","dateModified":"2016-04-10T16:22:20+00:00","mainEntityOfPage":{"@id":"https:\/\/www.proantic.com\/magazine\/alexandre-evariste-fragonard-a-sevres\/"},"wordCount":636,"image":{"@id":"https:\/\/www.proantic.com\/magazine\/alexandre-evariste-fragonard-a-sevres\/#primaryimage"},"thumbnailUrl":"https:\/\/i0.wp.com\/www.proantic.com\/magazine\/wp-content\/uploads\/2016\/04\/12140685_1089989741040626_8427507571725716841_n.jpg?fit=960%2C904&ssl=1","articleSection":["Expositions"],"inLanguage":"fr-FR"},{"@type":"WebPage","@id":"https:\/\/www.proantic.com\/magazine\/alexandre-evariste-fragonard-a-sevres\/","url":"https:\/\/www.proantic.com\/magazine\/alexandre-evariste-fragonard-a-sevres\/","name":"Alexandre-\u00e9variste Fragonard \u00e0 S\u00e8vres Le Magazine de Proantic","isPartOf":{"@id":"https:\/\/www.proantic.com\/magazine\/#website"},"primaryImageOfPage":{"@id":"https:\/\/www.proantic.com\/magazine\/alexandre-evariste-fragonard-a-sevres\/#primaryimage"},"image":{"@id":"https:\/\/www.proantic.com\/magazine\/alexandre-evariste-fragonard-a-sevres\/#primaryimage"},"thumbnailUrl":"https:\/\/i0.wp.com\/www.proantic.com\/magazine\/wp-content\/uploads\/2016\/04\/12140685_1089989741040626_8427507571725716841_n.jpg?fit=960%2C904&ssl=1","datePublished":"2016-04-06T13:38:44+00:00","dateModified":"2016-04-10T16:22:20+00:00","author":{"@id":"https:\/\/www.proantic.com\/magazine\/#\/schema\/person\/932db14f53d245f4acce86a3fe906582"},"description":"S\u00e8vres poss\u00e8de un fonds d'arts graphiques constitu\u00e9 de nombreux projets de formes et de d\u00e9cors de pr\u00e8s de 20000 feuilles.\u00a0Dans le cadre de la Semaine du","breadcrumb":{"@id":"https:\/\/www.proantic.com\/magazine\/alexandre-evariste-fragonard-a-sevres\/#breadcrumb"},"inLanguage":"fr-FR","potentialAction":[{"@type":"ReadAction","target":["https:\/\/www.proantic.com\/magazine\/alexandre-evariste-fragonard-a-sevres\/"]}]},{"@type":"ImageObject","inLanguage":"fr-FR","@id":"https:\/\/www.proantic.com\/magazine\/alexandre-evariste-fragonard-a-sevres\/#primaryimage","url":"https:\/\/i0.wp.com\/www.proantic.com\/magazine\/wp-content\/uploads\/2016\/04\/12140685_1089989741040626_8427507571725716841_n.jpg?fit=960%2C904&ssl=1","contentUrl":"https:\/\/i0.wp.com\/www.proantic.com\/magazine\/wp-content\/uploads\/2016\/04\/12140685_1089989741040626_8427507571725716841_n.jpg?fit=960%2C904&ssl=1","width":960,"height":904},{"@type":"BreadcrumbList","@id":"https:\/\/www.proantic.com\/magazine\/alexandre-evariste-fragonard-a-sevres\/#breadcrumb","itemListElement":[{"@type":"ListItem","position":1,"name":"Accueil","item":"https:\/\/www.proantic.com\/magazine\/"},{"@type":"ListItem","position":2,"name":"Alexandre-\u00e9variste Fragonard \u00e0 S\u00e8vres"}]},{"@type":"WebSite","@id":"https:\/\/www.proantic.com\/magazine\/#website","url":"https:\/\/www.proantic.com\/magazine\/","name":"Le Magazine de Proantic","description":"Magazine d&#039;art et expositions","potentialAction":[{"@type":"SearchAction","target":{"@type":"EntryPoint","urlTemplate":"https:\/\/www.proantic.com\/magazine\/?s={search_term_string}"},"query-input":{"@type":"PropertyValueSpecification","valueRequired":true,"valueName":"search_term_string"}}],"inLanguage":"fr-FR"},{"@type":"Person","@id":"https:\/\/www.proantic.com\/magazine\/#\/schema\/person\/932db14f53d245f4acce86a3fe906582","name":"C\u00e9line Autant"}]}},"jetpack_publicize_connections":[],"jetpack_featured_media_url":"https:\/\/i0.wp.com\/www.proantic.com\/magazine\/wp-content\/uploads\/2016\/04\/12140685_1089989741040626_8427507571725716841_n.jpg?fit=960%2C904&ssl=1","jetpack_shortlink":"https:\/\/wp.me\/p7EkP3-1h1","jetpack_sharing_enabled":true,"_links":{"self":[{"href":"https:\/\/www.proantic.com\/magazine\/wp-json\/wp\/v2\/posts\/4899","targetHints":{"allow":["GET"]}}],"collection":[{"href":"https:\/\/www.proantic.com\/magazine\/wp-json\/wp\/v2\/posts"}],"about":[{"href":"https:\/\/www.proantic.com\/magazine\/wp-json\/wp\/v2\/types\/post"}],"author":[{"embeddable":true,"href":"https:\/\/www.proantic.com\/magazine\/wp-json\/wp\/v2\/users\/6"}],"replies":[{"embeddable":true,"href":"https:\/\/www.proantic.com\/magazine\/wp-json\/wp\/v2\/comments?post=4899"}],"version-history":[{"count":0,"href":"https:\/\/www.proantic.com\/magazine\/wp-json\/wp\/v2\/posts\/4899\/revisions"}],"wp:featuredmedia":[{"embeddable":true,"href":"https:\/\/www.proantic.com\/magazine\/wp-json\/wp\/v2\/media\/4906"}],"wp:attachment":[{"href":"https:\/\/www.proantic.com\/magazine\/wp-json\/wp\/v2\/media?parent=4899"}],"wp:term":[{"taxonomy":"category","embeddable":true,"href":"https:\/\/www.proantic.com\/magazine\/wp-json\/wp\/v2\/categories?post=4899"},{"taxonomy":"post_tag","embeddable":true,"href":"https:\/\/www.proantic.com\/magazine\/wp-json\/wp\/v2\/tags?post=4899"}],"curies":[{"name":"wp","href":"https:\/\/api.w.org\/{rel}","templated":true}]}}