{"id":4855,"date":"2016-04-02T17:33:12","date_gmt":"2016-04-02T16:33:12","guid":{"rendered":"http:\/\/www.proantic.com\/magazine\/?p=4855"},"modified":"2016-04-03T14:16:22","modified_gmt":"2016-04-03T13:16:22","slug":"lart-du-corail-de-trapani","status":"publish","type":"post","link":"https:\/\/www.proantic.com\/magazine\/lart-du-corail-de-trapani\/","title":{"rendered":"L&rsquo;art du corail de Trapani"},"content":{"rendered":"<p><strong>Le corail fut r\u00e9colt\u00e9 depuis l&rsquo;Antiquit\u00e9, mais ne connut un r\u00e9el engouement qu&rsquo;\u00e0 partir du XVIe si\u00e8cle sous l&rsquo;impulsion des communaut\u00e9s chr\u00e9tiennes, musulmanes et surtout juives qui lui pr\u00eataient un pouvoir divin.<\/strong> A cette \u00e9poque, la cit\u00e9 portuaire de Trapani en Sicile abritait une importante population isra\u00e9lite et devint l&rsquo;un des principaux centres de production d&rsquo;objets en corail, le plus souvent religieux, plus rarement profanes.<\/p>\n<figure id=\"attachment_4880\" aria-describedby=\"caption-attachment-4880\" style=\"width: 620px\" class=\"wp-caption aligncenter\"><a href=\"https:\/\/i0.wp.com\/www.proantic.com\/magazine\/wp-content\/uploads\/2016\/04\/164243-1.jpg\" rel=\"attachment wp-att-4880\"><img data-recalc-dims=\"1\" loading=\"lazy\" decoding=\"async\" data-attachment-id=\"4880\" data-permalink=\"https:\/\/www.proantic.com\/magazine\/lart-du-corail-de-trapani\/164243-1\/\" data-orig-file=\"https:\/\/i0.wp.com\/www.proantic.com\/magazine\/wp-content\/uploads\/2016\/04\/164243-1.jpg?fit=1200%2C903&amp;ssl=1\" data-orig-size=\"1200,903\" data-comments-opened=\"1\" data-image-meta=\"{&quot;aperture&quot;:&quot;0&quot;,&quot;credit&quot;:&quot;&quot;,&quot;camera&quot;:&quot;&quot;,&quot;caption&quot;:&quot;&quot;,&quot;created_timestamp&quot;:&quot;0&quot;,&quot;copyright&quot;:&quot;&quot;,&quot;focal_length&quot;:&quot;0&quot;,&quot;iso&quot;:&quot;0&quot;,&quot;shutter_speed&quot;:&quot;0&quot;,&quot;title&quot;:&quot;&quot;,&quot;orientation&quot;:&quot;0&quot;}\" data-image-title=\"Encrier de Trapan\" data-image-description=\"\" data-image-caption=\"&lt;p&gt;Encrier de Trapan.&lt;br \/&gt;\n(c) Blue Antique, Proantic&lt;\/p&gt;\n\" data-medium-file=\"https:\/\/i0.wp.com\/www.proantic.com\/magazine\/wp-content\/uploads\/2016\/04\/164243-1.jpg?fit=300%2C226&amp;ssl=1\" data-large-file=\"https:\/\/i0.wp.com\/www.proantic.com\/magazine\/wp-content\/uploads\/2016\/04\/164243-1.jpg?fit=665%2C501&amp;ssl=1\" class=\"wp-image-4880 size-large\" src=\"https:\/\/i0.wp.com\/www.proantic.com\/magazine\/wp-content\/uploads\/2016\/04\/164243-1-1024x771.jpg?resize=620%2C467\" alt=\"Encrier de Trapan. (c) Blue Antique, Proantic\" width=\"620\" height=\"467\" srcset=\"https:\/\/i0.wp.com\/www.proantic.com\/magazine\/wp-content\/uploads\/2016\/04\/164243-1.jpg?resize=1024%2C771&amp;ssl=1 1024w, https:\/\/i0.wp.com\/www.proantic.com\/magazine\/wp-content\/uploads\/2016\/04\/164243-1.jpg?resize=300%2C226&amp;ssl=1 300w, https:\/\/i0.wp.com\/www.proantic.com\/magazine\/wp-content\/uploads\/2016\/04\/164243-1.jpg?resize=768%2C578&amp;ssl=1 768w, https:\/\/i0.wp.com\/www.proantic.com\/magazine\/wp-content\/uploads\/2016\/04\/164243-1.jpg?resize=620%2C467&amp;ssl=1 620w, https:\/\/i0.wp.com\/www.proantic.com\/magazine\/wp-content\/uploads\/2016\/04\/164243-1.jpg?resize=940%2C707&amp;ssl=1 940w, https:\/\/i0.wp.com\/www.proantic.com\/magazine\/wp-content\/uploads\/2016\/04\/164243-1.jpg?w=1200&amp;ssl=1 1200w\" sizes=\"auto, (max-width: 620px) 100vw, 620px\" \/><\/a><figcaption id=\"caption-attachment-4880\" class=\"wp-caption-text\">Encrier de Trapani.<br \/> (c) Blue Antique, Proantic<\/figcaption><\/figure>\n<p>Au XVI<sup>e<\/sup>\u00a0si\u00e8cle, le corail \u00e9tait consid\u00e9r\u00e9 comme extr\u00eamement rare et pr\u00e9cieux, en raison des difficult\u00e9s que sa r\u00e9colte cr\u00e9ait. Le corail \u00e9tait le symbole du sang du Christ et on lui attribuait \u00e0 l\u2019\u00e9poque des vertus magiques au point de repousser le mal, de favoriser la fertilit\u00e9 ou de d\u00e9tecter le poison dans la nourriture.<\/p>\n<p>Le go\u00fbt de l\u2019\u00e9poque pour les cabinets de curiosit\u00e9s et l\u2019int\u00e9r\u00eat port\u00e9 aux sciences naturelles par les collectionneurs n\u2019ont fait qu\u2019augmenter sa valeur. Les branches de corail \u00e9taient soit collectionn\u00e9es telles quelles, soit mont\u00e9es sur de riches socles. Dans la seconde partie du XVI<sup>e<\/sup>\u00a0si\u00e8cle, le corail devient un ornement d\u00e9coratif pris\u00e9, une sp\u00e9cialit\u00e9 notamment d\u00e9velopp\u00e9e dans la r\u00e9gion de Trapani.<\/p>\n<p><a href=\"https:\/\/i0.wp.com\/www.proantic.com\/magazine\/wp-content\/uploads\/2016\/04\/56700745.jpg\" data-lightbox=\"gal[4855]\" rel=\"attachment wp-att-4882\"><img data-recalc-dims=\"1\" loading=\"lazy\" decoding=\"async\" data-attachment-id=\"4882\" data-permalink=\"https:\/\/www.proantic.com\/magazine\/lart-du-corail-de-trapani\/attachment\/56700745\/\" data-orig-file=\"https:\/\/i0.wp.com\/www.proantic.com\/magazine\/wp-content\/uploads\/2016\/04\/56700745.jpg?fit=800%2C533&amp;ssl=1\" data-orig-size=\"800,533\" data-comments-opened=\"1\" data-image-meta=\"{&quot;aperture&quot;:&quot;0&quot;,&quot;credit&quot;:&quot;&quot;,&quot;camera&quot;:&quot;&quot;,&quot;caption&quot;:&quot;&quot;,&quot;created_timestamp&quot;:&quot;0&quot;,&quot;copyright&quot;:&quot;&quot;,&quot;focal_length&quot;:&quot;0&quot;,&quot;iso&quot;:&quot;0&quot;,&quot;shutter_speed&quot;:&quot;0&quot;,&quot;title&quot;:&quot;&quot;,&quot;orientation&quot;:&quot;0&quot;}\" data-image-title=\"56700745\" data-image-description=\"\" data-image-caption=\"\" data-medium-file=\"https:\/\/i0.wp.com\/www.proantic.com\/magazine\/wp-content\/uploads\/2016\/04\/56700745.jpg?fit=300%2C200&amp;ssl=1\" data-large-file=\"https:\/\/i0.wp.com\/www.proantic.com\/magazine\/wp-content\/uploads\/2016\/04\/56700745.jpg?fit=665%2C443&amp;ssl=1\" class=\"aligncenter size-full wp-image-4882\" src=\"https:\/\/i0.wp.com\/www.proantic.com\/magazine\/wp-content\/uploads\/2016\/04\/56700745.jpg?resize=665%2C443\" alt=\"56700745\" width=\"665\" height=\"443\" srcset=\"https:\/\/i0.wp.com\/www.proantic.com\/magazine\/wp-content\/uploads\/2016\/04\/56700745.jpg?w=800&amp;ssl=1 800w, https:\/\/i0.wp.com\/www.proantic.com\/magazine\/wp-content\/uploads\/2016\/04\/56700745.jpg?resize=300%2C200&amp;ssl=1 300w, https:\/\/i0.wp.com\/www.proantic.com\/magazine\/wp-content\/uploads\/2016\/04\/56700745.jpg?resize=768%2C512&amp;ssl=1 768w, https:\/\/i0.wp.com\/www.proantic.com\/magazine\/wp-content\/uploads\/2016\/04\/56700745.jpg?resize=620%2C413&amp;ssl=1 620w, https:\/\/i0.wp.com\/www.proantic.com\/magazine\/wp-content\/uploads\/2016\/04\/56700745.jpg?resize=192%2C128&amp;ssl=1 192w\" sizes=\"auto, (max-width: 665px) 100vw, 665px\" \/><\/a><\/p>\n<p>A Trapani, o\u00f9 les r\u00e9cifs coralliens ont donn\u00e9 une mati\u00e8re premi\u00e8re en abondance, l&rsquo;art de la transformation d&rsquo;artisanat de corail \u00e9tait devenu syst\u00e9matique. Au 16\u00e8me si\u00e8cle et jusqu&rsquo;\u00e0 la fin du 18e si\u00e8cle, Trapani avait dans ses ateliers une production hautement sp\u00e9cialis\u00e9e d&rsquo;\u0153uvres en bronze dor\u00e9 richement d\u00e9cor\u00e9es de corail, une technique exclusivement Sicilienne qu&rsquo;on ne retrouvait nulle part ailleurs.<\/p>\n<figure id=\"attachment_4881\" aria-describedby=\"caption-attachment-4881\" style=\"width: 620px\" class=\"wp-caption aligncenter\"><a href=\"https:\/\/i0.wp.com\/www.proantic.com\/magazine\/wp-content\/uploads\/2016\/04\/76126-1.jpg\" rel=\"attachment wp-att-4881\"><img data-recalc-dims=\"1\" loading=\"lazy\" decoding=\"async\" data-attachment-id=\"4881\" data-permalink=\"https:\/\/www.proantic.com\/magazine\/lart-du-corail-de-trapani\/76126-1\/\" data-orig-file=\"https:\/\/i0.wp.com\/www.proantic.com\/magazine\/wp-content\/uploads\/2016\/04\/76126-1.jpg?fit=1200%2C910&amp;ssl=1\" data-orig-size=\"1200,910\" data-comments-opened=\"1\" data-image-meta=\"{&quot;aperture&quot;:&quot;0&quot;,&quot;credit&quot;:&quot;&quot;,&quot;camera&quot;:&quot;&quot;,&quot;caption&quot;:&quot;&quot;,&quot;created_timestamp&quot;:&quot;0&quot;,&quot;copyright&quot;:&quot;&quot;,&quot;focal_length&quot;:&quot;0&quot;,&quot;iso&quot;:&quot;0&quot;,&quot;shutter_speed&quot;:&quot;0&quot;,&quot;title&quot;:&quot;&quot;,&quot;orientation&quot;:&quot;0&quot;}\" data-image-title=\"Encrier de Trapani\" data-image-description=\"\" data-image-caption=\"&lt;p&gt; Encrier de Trapani.&lt;br \/&gt;\n(c) Marseille Antiquites, Proantic&lt;\/p&gt;\n\" data-medium-file=\"https:\/\/i0.wp.com\/www.proantic.com\/magazine\/wp-content\/uploads\/2016\/04\/76126-1.jpg?fit=300%2C228&amp;ssl=1\" data-large-file=\"https:\/\/i0.wp.com\/www.proantic.com\/magazine\/wp-content\/uploads\/2016\/04\/76126-1.jpg?fit=665%2C505&amp;ssl=1\" class=\"wp-image-4881 size-large\" src=\"https:\/\/i0.wp.com\/www.proantic.com\/magazine\/wp-content\/uploads\/2016\/04\/76126-1-1024x777.jpg?resize=620%2C470\" alt=\" Encrier de Trapani. (c) Marseille Antiquites, Proantic\" width=\"620\" height=\"470\" srcset=\"https:\/\/i0.wp.com\/www.proantic.com\/magazine\/wp-content\/uploads\/2016\/04\/76126-1.jpg?resize=1024%2C777&amp;ssl=1 1024w, https:\/\/i0.wp.com\/www.proantic.com\/magazine\/wp-content\/uploads\/2016\/04\/76126-1.jpg?resize=300%2C228&amp;ssl=1 300w, https:\/\/i0.wp.com\/www.proantic.com\/magazine\/wp-content\/uploads\/2016\/04\/76126-1.jpg?resize=768%2C582&amp;ssl=1 768w, https:\/\/i0.wp.com\/www.proantic.com\/magazine\/wp-content\/uploads\/2016\/04\/76126-1.jpg?resize=620%2C470&amp;ssl=1 620w, https:\/\/i0.wp.com\/www.proantic.com\/magazine\/wp-content\/uploads\/2016\/04\/76126-1.jpg?resize=940%2C713&amp;ssl=1 940w, https:\/\/i0.wp.com\/www.proantic.com\/magazine\/wp-content\/uploads\/2016\/04\/76126-1.jpg?w=1200&amp;ssl=1 1200w\" sizes=\"auto, (max-width: 620px) 100vw, 620px\" \/><\/a><figcaption id=\"caption-attachment-4881\" class=\"wp-caption-text\">Encrier de Trapani.<br \/> (c) Marseille Antiquites, Proantic<\/figcaption><\/figure>\n<p>Le travail du corail a \u00e9t\u00e9 favoris\u00e9 par le fait que Trapani \u00e9tait l\u2019un des grands ports commerciaux de la M\u00e9diterran\u00e9e. Une riche classe de marchands et un clerg\u00e9 tout aussi puissant ont permis le d\u00e9veloppement des ateliers d\u2019orf\u00e8vrerie et de coraux.<\/p>\n<p>Les cr\u00e9ations de la ville de Trapani en cuivre dor\u00e9, corail et \u00e9maux attestent de cette virtuosit\u00e9 baroque les crucifix, monstrances et b\u00e9nitiers encombrant les tr\u00e9sors des \u00e9glises alors que les objets profanes (miroirs, tasses, vases, chandeliers\u2026) ou pieux ornaient abondamment galeries et pi\u00e8ces d\u2019apparat des familles aristocrates.<\/p>\n<p>&nbsp;<\/p>\n<figure id=\"attachment_4884\" aria-describedby=\"caption-attachment-4884\" style=\"width: 416px\" class=\"wp-caption aligncenter\"><a href=\"https:\/\/i0.wp.com\/www.proantic.com\/magazine\/wp-content\/uploads\/2016\/04\/bnbhu.png\" rel=\"attachment wp-att-4884\"><img data-recalc-dims=\"1\" loading=\"lazy\" decoding=\"async\" data-attachment-id=\"4884\" data-permalink=\"https:\/\/www.proantic.com\/magazine\/lart-du-corail-de-trapani\/bnbhu\/\" data-orig-file=\"https:\/\/i0.wp.com\/www.proantic.com\/magazine\/wp-content\/uploads\/2016\/04\/bnbhu.png?fit=416%2C433&amp;ssl=1\" data-orig-size=\"416,433\" data-comments-opened=\"1\" data-image-meta=\"{&quot;aperture&quot;:&quot;0&quot;,&quot;credit&quot;:&quot;&quot;,&quot;camera&quot;:&quot;&quot;,&quot;caption&quot;:&quot;&quot;,&quot;created_timestamp&quot;:&quot;0&quot;,&quot;copyright&quot;:&quot;&quot;,&quot;focal_length&quot;:&quot;0&quot;,&quot;iso&quot;:&quot;0&quot;,&quot;shutter_speed&quot;:&quot;0&quot;,&quot;title&quot;:&quot;&quot;,&quot;orientation&quot;:&quot;0&quot;}\" data-image-title=\"bnbhu\" data-image-description=\"\" data-image-caption=\"&lt;p&gt;(c) christie&amp;rsquo;s&lt;\/p&gt;\n\" data-medium-file=\"https:\/\/i0.wp.com\/www.proantic.com\/magazine\/wp-content\/uploads\/2016\/04\/bnbhu.png?fit=288%2C300&amp;ssl=1\" data-large-file=\"https:\/\/i0.wp.com\/www.proantic.com\/magazine\/wp-content\/uploads\/2016\/04\/bnbhu.png?fit=416%2C433&amp;ssl=1\" class=\"size-full wp-image-4884\" src=\"https:\/\/i0.wp.com\/www.proantic.com\/magazine\/wp-content\/uploads\/2016\/04\/bnbhu.png?resize=416%2C433\" alt=\"(c) christie's\" width=\"416\" height=\"433\" srcset=\"https:\/\/i0.wp.com\/www.proantic.com\/magazine\/wp-content\/uploads\/2016\/04\/bnbhu.png?w=416&amp;ssl=1 416w, https:\/\/i0.wp.com\/www.proantic.com\/magazine\/wp-content\/uploads\/2016\/04\/bnbhu.png?resize=288%2C300&amp;ssl=1 288w\" sizes=\"auto, (max-width: 416px) 100vw, 416px\" \/><\/a><figcaption id=\"caption-attachment-4884\" class=\"wp-caption-text\">(c) christie&rsquo;s<\/figcaption><\/figure>\n<p>Les plus belles pi\u00e8ces \u00e9taient destin\u00e9es aux cours europ\u00e9ens comme cadeaux diplomatiques mais la majorit\u00e9 de la production \u00e9tait destin\u00e9e au march\u00e9 local ou \u00e0 l&rsquo;exportation vers l&rsquo;Italie du Sud ou en Espagne.<\/p>\n<p>&nbsp;<\/p>\n<p>&nbsp;<\/p>\n<p>&nbsp;<\/p>\n","protected":false},"excerpt":{"rendered":"<p>Le corail fut r\u00e9colt\u00e9 depuis l&rsquo;Antiquit\u00e9, mais ne connut un r\u00e9el engouement qu&rsquo;\u00e0 partir du XVIe si\u00e8cle sous l&rsquo;impulsion des communaut\u00e9s chr\u00e9tiennes, musulmanes et surtout juives qui lui pr\u00eataient un pouvoir divin. A cette \u00e9poque, la cit\u00e9 portuaire de Trapani en Sicile abritait une importante population isra\u00e9lite et devint l&rsquo;un des principaux centres de production [&hellip;]<\/p>\n","protected":false},"author":6,"featured_media":4883,"comment_status":"closed","ping_status":"open","sticky":false,"template":"","format":"standard","meta":{"jetpack_post_was_ever_published":false,"_jetpack_newsletter_access":"","_jetpack_dont_email_post_to_subs":false,"_jetpack_newsletter_tier_id":0,"_jetpack_memberships_contains_paywalled_content":false,"_jetpack_memberships_contains_paid_content":false,"footnotes":"","jetpack_publicize_message":"","jetpack_publicize_feature_enabled":true,"jetpack_social_post_already_shared":true,"jetpack_social_options":{"image_generator_settings":{"template":"highway","default_image_id":0,"font":"","enabled":false},"version":2}},"categories":[180],"tags":[],"class_list":["post-4855","post","type-post","status-publish","format-standard","has-post-thumbnail","hentry","category-arts-decoratifs-proantic"],"yoast_head":"<!-- This site is optimized with the Yoast SEO plugin v26.9 - https:\/\/yoast.com\/product\/yoast-seo-wordpress\/ -->\n<title>L&#039;art du corail de Trapani Le Magazine de Proantic<\/title>\n<meta name=\"description\" content=\"Le corail fut r\u00e9colt\u00e9 depuis l&#039;Antiquit\u00e9, mais ne connut un r\u00e9el engouement qu&#039;\u00e0 partir du XVIe si\u00e8cle sous l&#039;impulsion des communaut\u00e9s chr\u00e9tiennes,\" \/>\n<meta name=\"robots\" content=\"index, follow, max-snippet:-1, max-image-preview:large, max-video-preview:-1\" \/>\n<link rel=\"canonical\" href=\"https:\/\/www.proantic.com\/magazine\/lart-du-corail-de-trapani\/\" \/>\n<meta property=\"og:locale\" content=\"fr_FR\" \/>\n<meta property=\"og:type\" content=\"article\" \/>\n<meta property=\"og:title\" content=\"L&#039;art du corail de Trapani Le Magazine de Proantic\" \/>\n<meta property=\"og:description\" content=\"Le corail fut r\u00e9colt\u00e9 depuis l&#039;Antiquit\u00e9, mais ne connut un r\u00e9el engouement qu&#039;\u00e0 partir du XVIe si\u00e8cle sous l&#039;impulsion des communaut\u00e9s chr\u00e9tiennes,\" \/>\n<meta property=\"og:url\" content=\"https:\/\/www.proantic.com\/magazine\/lart-du-corail-de-trapani\/\" \/>\n<meta property=\"og:site_name\" content=\"Le Magazine de Proantic\" \/>\n<meta property=\"article:publisher\" content=\"https:\/\/www.facebook.com\/pages\/Proantic\/\/259180871793\" \/>\n<meta property=\"article:published_time\" content=\"2016-04-02T16:33:12+00:00\" \/>\n<meta property=\"article:modified_time\" content=\"2016-04-03T13:16:22+00:00\" \/>\n<meta property=\"og:image\" content=\"https:\/\/i0.wp.com\/www.proantic.com\/magazine\/wp-content\/uploads\/2016\/04\/76126-4.jpg?fit=1200%2C805&ssl=1\" \/>\n\t<meta property=\"og:image:width\" content=\"1200\" \/>\n\t<meta property=\"og:image:height\" content=\"805\" \/>\n\t<meta property=\"og:image:type\" content=\"image\/jpeg\" \/>\n<meta name=\"author\" content=\"C\u00e9line Autant\" \/>\n<meta name=\"twitter:label1\" content=\"\u00c9crit par\" \/>\n\t<meta name=\"twitter:data1\" content=\"C\u00e9line Autant\" \/>\n\t<meta name=\"twitter:label2\" content=\"Dur\u00e9e de lecture estim\u00e9e\" \/>\n\t<meta name=\"twitter:data2\" content=\"2 minutes\" \/>\n<script type=\"application\/ld+json\" class=\"yoast-schema-graph\">{\"@context\":\"https:\/\/schema.org\",\"@graph\":[{\"@type\":\"Article\",\"@id\":\"https:\/\/www.proantic.com\/magazine\/lart-du-corail-de-trapani\/#article\",\"isPartOf\":{\"@id\":\"https:\/\/www.proantic.com\/magazine\/lart-du-corail-de-trapani\/\"},\"author\":{\"name\":\"C\u00e9line Autant\",\"@id\":\"https:\/\/www.proantic.com\/magazine\/#\/schema\/person\/63707e8f4e7d0172de7ddde897688be0\"},\"headline\":\"L&rsquo;art du corail de Trapani\",\"datePublished\":\"2016-04-02T16:33:12+00:00\",\"dateModified\":\"2016-04-03T13:16:22+00:00\",\"mainEntityOfPage\":{\"@id\":\"https:\/\/www.proantic.com\/magazine\/lart-du-corail-de-trapani\/\"},\"wordCount\":478,\"image\":{\"@id\":\"https:\/\/www.proantic.com\/magazine\/lart-du-corail-de-trapani\/#primaryimage\"},\"thumbnailUrl\":\"https:\/\/i0.wp.com\/www.proantic.com\/magazine\/wp-content\/uploads\/2016\/04\/76126-4.jpg?fit=1200%2C805&ssl=1\",\"articleSection\":[\"Arts d\u00e9coratifs sur Proantic\"],\"inLanguage\":\"fr-FR\"},{\"@type\":\"WebPage\",\"@id\":\"https:\/\/www.proantic.com\/magazine\/lart-du-corail-de-trapani\/\",\"url\":\"https:\/\/www.proantic.com\/magazine\/lart-du-corail-de-trapani\/\",\"name\":\"L'art du corail de Trapani Le Magazine de Proantic\",\"isPartOf\":{\"@id\":\"https:\/\/www.proantic.com\/magazine\/#website\"},\"primaryImageOfPage\":{\"@id\":\"https:\/\/www.proantic.com\/magazine\/lart-du-corail-de-trapani\/#primaryimage\"},\"image\":{\"@id\":\"https:\/\/www.proantic.com\/magazine\/lart-du-corail-de-trapani\/#primaryimage\"},\"thumbnailUrl\":\"https:\/\/i0.wp.com\/www.proantic.com\/magazine\/wp-content\/uploads\/2016\/04\/76126-4.jpg?fit=1200%2C805&ssl=1\",\"datePublished\":\"2016-04-02T16:33:12+00:00\",\"dateModified\":\"2016-04-03T13:16:22+00:00\",\"author\":{\"@id\":\"https:\/\/www.proantic.com\/magazine\/#\/schema\/person\/63707e8f4e7d0172de7ddde897688be0\"},\"description\":\"Le corail fut r\u00e9colt\u00e9 depuis l'Antiquit\u00e9, mais ne connut un r\u00e9el engouement qu'\u00e0 partir du XVIe si\u00e8cle sous l'impulsion des communaut\u00e9s chr\u00e9tiennes,\",\"breadcrumb\":{\"@id\":\"https:\/\/www.proantic.com\/magazine\/lart-du-corail-de-trapani\/#breadcrumb\"},\"inLanguage\":\"fr-FR\",\"potentialAction\":[{\"@type\":\"ReadAction\",\"target\":[\"https:\/\/www.proantic.com\/magazine\/lart-du-corail-de-trapani\/\"]}]},{\"@type\":\"ImageObject\",\"inLanguage\":\"fr-FR\",\"@id\":\"https:\/\/www.proantic.com\/magazine\/lart-du-corail-de-trapani\/#primaryimage\",\"url\":\"https:\/\/i0.wp.com\/www.proantic.com\/magazine\/wp-content\/uploads\/2016\/04\/76126-4.jpg?fit=1200%2C805&ssl=1\",\"contentUrl\":\"https:\/\/i0.wp.com\/www.proantic.com\/magazine\/wp-content\/uploads\/2016\/04\/76126-4.jpg?fit=1200%2C805&ssl=1\",\"width\":1200,\"height\":805},{\"@type\":\"BreadcrumbList\",\"@id\":\"https:\/\/www.proantic.com\/magazine\/lart-du-corail-de-trapani\/#breadcrumb\",\"itemListElement\":[{\"@type\":\"ListItem\",\"position\":1,\"name\":\"Accueil\",\"item\":\"https:\/\/www.proantic.com\/magazine\/\"},{\"@type\":\"ListItem\",\"position\":2,\"name\":\"L&rsquo;art du corail de Trapani\"}]},{\"@type\":\"WebSite\",\"@id\":\"https:\/\/www.proantic.com\/magazine\/#website\",\"url\":\"https:\/\/www.proantic.com\/magazine\/\",\"name\":\"Le Magazine de Proantic\",\"description\":\"Magazine d&#039;art et expositions\",\"potentialAction\":[{\"@type\":\"SearchAction\",\"target\":{\"@type\":\"EntryPoint\",\"urlTemplate\":\"https:\/\/www.proantic.com\/magazine\/?s={search_term_string}\"},\"query-input\":{\"@type\":\"PropertyValueSpecification\",\"valueRequired\":true,\"valueName\":\"search_term_string\"}}],\"inLanguage\":\"fr-FR\"},{\"@type\":\"Person\",\"@id\":\"https:\/\/www.proantic.com\/magazine\/#\/schema\/person\/63707e8f4e7d0172de7ddde897688be0\",\"name\":\"C\u00e9line Autant\"}]}<\/script>\n<!-- \/ Yoast SEO plugin. -->","yoast_head_json":{"title":"L'art du corail de Trapani Le Magazine de Proantic","description":"Le corail fut r\u00e9colt\u00e9 depuis l'Antiquit\u00e9, mais ne connut un r\u00e9el engouement qu'\u00e0 partir du XVIe si\u00e8cle sous l'impulsion des communaut\u00e9s chr\u00e9tiennes,","robots":{"index":"index","follow":"follow","max-snippet":"max-snippet:-1","max-image-preview":"max-image-preview:large","max-video-preview":"max-video-preview:-1"},"canonical":"https:\/\/www.proantic.com\/magazine\/lart-du-corail-de-trapani\/","og_locale":"fr_FR","og_type":"article","og_title":"L'art du corail de Trapani Le Magazine de Proantic","og_description":"Le corail fut r\u00e9colt\u00e9 depuis l'Antiquit\u00e9, mais ne connut un r\u00e9el engouement qu'\u00e0 partir du XVIe si\u00e8cle sous l'impulsion des communaut\u00e9s chr\u00e9tiennes,","og_url":"https:\/\/www.proantic.com\/magazine\/lart-du-corail-de-trapani\/","og_site_name":"Le Magazine de Proantic","article_publisher":"https:\/\/www.facebook.com\/pages\/Proantic\/\/259180871793","article_published_time":"2016-04-02T16:33:12+00:00","article_modified_time":"2016-04-03T13:16:22+00:00","og_image":[{"width":1200,"height":805,"url":"https:\/\/i0.wp.com\/www.proantic.com\/magazine\/wp-content\/uploads\/2016\/04\/76126-4.jpg?fit=1200%2C805&ssl=1","type":"image\/jpeg"}],"author":"C\u00e9line Autant","twitter_misc":{"\u00c9crit par":"C\u00e9line Autant","Dur\u00e9e de lecture estim\u00e9e":"2 minutes"},"schema":{"@context":"https:\/\/schema.org","@graph":[{"@type":"Article","@id":"https:\/\/www.proantic.com\/magazine\/lart-du-corail-de-trapani\/#article","isPartOf":{"@id":"https:\/\/www.proantic.com\/magazine\/lart-du-corail-de-trapani\/"},"author":{"name":"C\u00e9line Autant","@id":"https:\/\/www.proantic.com\/magazine\/#\/schema\/person\/63707e8f4e7d0172de7ddde897688be0"},"headline":"L&rsquo;art du corail de Trapani","datePublished":"2016-04-02T16:33:12+00:00","dateModified":"2016-04-03T13:16:22+00:00","mainEntityOfPage":{"@id":"https:\/\/www.proantic.com\/magazine\/lart-du-corail-de-trapani\/"},"wordCount":478,"image":{"@id":"https:\/\/www.proantic.com\/magazine\/lart-du-corail-de-trapani\/#primaryimage"},"thumbnailUrl":"https:\/\/i0.wp.com\/www.proantic.com\/magazine\/wp-content\/uploads\/2016\/04\/76126-4.jpg?fit=1200%2C805&ssl=1","articleSection":["Arts d\u00e9coratifs sur Proantic"],"inLanguage":"fr-FR"},{"@type":"WebPage","@id":"https:\/\/www.proantic.com\/magazine\/lart-du-corail-de-trapani\/","url":"https:\/\/www.proantic.com\/magazine\/lart-du-corail-de-trapani\/","name":"L'art du corail de Trapani Le Magazine de Proantic","isPartOf":{"@id":"https:\/\/www.proantic.com\/magazine\/#website"},"primaryImageOfPage":{"@id":"https:\/\/www.proantic.com\/magazine\/lart-du-corail-de-trapani\/#primaryimage"},"image":{"@id":"https:\/\/www.proantic.com\/magazine\/lart-du-corail-de-trapani\/#primaryimage"},"thumbnailUrl":"https:\/\/i0.wp.com\/www.proantic.com\/magazine\/wp-content\/uploads\/2016\/04\/76126-4.jpg?fit=1200%2C805&ssl=1","datePublished":"2016-04-02T16:33:12+00:00","dateModified":"2016-04-03T13:16:22+00:00","author":{"@id":"https:\/\/www.proantic.com\/magazine\/#\/schema\/person\/63707e8f4e7d0172de7ddde897688be0"},"description":"Le corail fut r\u00e9colt\u00e9 depuis l'Antiquit\u00e9, mais ne connut un r\u00e9el engouement qu'\u00e0 partir du XVIe si\u00e8cle sous l'impulsion des communaut\u00e9s chr\u00e9tiennes,","breadcrumb":{"@id":"https:\/\/www.proantic.com\/magazine\/lart-du-corail-de-trapani\/#breadcrumb"},"inLanguage":"fr-FR","potentialAction":[{"@type":"ReadAction","target":["https:\/\/www.proantic.com\/magazine\/lart-du-corail-de-trapani\/"]}]},{"@type":"ImageObject","inLanguage":"fr-FR","@id":"https:\/\/www.proantic.com\/magazine\/lart-du-corail-de-trapani\/#primaryimage","url":"https:\/\/i0.wp.com\/www.proantic.com\/magazine\/wp-content\/uploads\/2016\/04\/76126-4.jpg?fit=1200%2C805&ssl=1","contentUrl":"https:\/\/i0.wp.com\/www.proantic.com\/magazine\/wp-content\/uploads\/2016\/04\/76126-4.jpg?fit=1200%2C805&ssl=1","width":1200,"height":805},{"@type":"BreadcrumbList","@id":"https:\/\/www.proantic.com\/magazine\/lart-du-corail-de-trapani\/#breadcrumb","itemListElement":[{"@type":"ListItem","position":1,"name":"Accueil","item":"https:\/\/www.proantic.com\/magazine\/"},{"@type":"ListItem","position":2,"name":"L&rsquo;art du corail de Trapani"}]},{"@type":"WebSite","@id":"https:\/\/www.proantic.com\/magazine\/#website","url":"https:\/\/www.proantic.com\/magazine\/","name":"Le Magazine de Proantic","description":"Magazine d&#039;art et expositions","potentialAction":[{"@type":"SearchAction","target":{"@type":"EntryPoint","urlTemplate":"https:\/\/www.proantic.com\/magazine\/?s={search_term_string}"},"query-input":{"@type":"PropertyValueSpecification","valueRequired":true,"valueName":"search_term_string"}}],"inLanguage":"fr-FR"},{"@type":"Person","@id":"https:\/\/www.proantic.com\/magazine\/#\/schema\/person\/63707e8f4e7d0172de7ddde897688be0","name":"C\u00e9line Autant"}]}},"jetpack_publicize_connections":[],"jetpack_featured_media_url":"https:\/\/i0.wp.com\/www.proantic.com\/magazine\/wp-content\/uploads\/2016\/04\/76126-4.jpg?fit=1200%2C805&ssl=1","jetpack_shortlink":"https:\/\/wp.me\/p7EkP3-1gj","jetpack_sharing_enabled":true,"_links":{"self":[{"href":"https:\/\/www.proantic.com\/magazine\/wp-json\/wp\/v2\/posts\/4855","targetHints":{"allow":["GET"]}}],"collection":[{"href":"https:\/\/www.proantic.com\/magazine\/wp-json\/wp\/v2\/posts"}],"about":[{"href":"https:\/\/www.proantic.com\/magazine\/wp-json\/wp\/v2\/types\/post"}],"author":[{"embeddable":true,"href":"https:\/\/www.proantic.com\/magazine\/wp-json\/wp\/v2\/users\/6"}],"replies":[{"embeddable":true,"href":"https:\/\/www.proantic.com\/magazine\/wp-json\/wp\/v2\/comments?post=4855"}],"version-history":[{"count":0,"href":"https:\/\/www.proantic.com\/magazine\/wp-json\/wp\/v2\/posts\/4855\/revisions"}],"wp:featuredmedia":[{"embeddable":true,"href":"https:\/\/www.proantic.com\/magazine\/wp-json\/wp\/v2\/media\/4883"}],"wp:attachment":[{"href":"https:\/\/www.proantic.com\/magazine\/wp-json\/wp\/v2\/media?parent=4855"}],"wp:term":[{"taxonomy":"category","embeddable":true,"href":"https:\/\/www.proantic.com\/magazine\/wp-json\/wp\/v2\/categories?post=4855"},{"taxonomy":"post_tag","embeddable":true,"href":"https:\/\/www.proantic.com\/magazine\/wp-json\/wp\/v2\/tags?post=4855"}],"curies":[{"name":"wp","href":"https:\/\/api.w.org\/{rel}","templated":true}]}}