{"id":4489,"date":"2016-01-16T09:12:35","date_gmt":"2016-01-16T08:12:35","guid":{"rendered":"http:\/\/www.proantic.com\/magazine\/?p=4489"},"modified":"2016-01-17T14:05:40","modified_gmt":"2016-01-17T13:05:40","slug":"les-chambres-des-merveilles","status":"publish","type":"post","link":"https:\/\/www.proantic.com\/magazine\/les-chambres-des-merveilles\/","title":{"rendered":"Les Chambres des merveilles"},"content":{"rendered":"<p><strong>Jusqu&rsquo;au 3 avril 2016, le Ch\u00e2teau de Maisons vous invite \u00e0 un voyage dans le temps avec l\u2019exposition \u00ab\u00a0Les Chambres des merveilles\u00a0\u00bb !\u00a0<\/strong><\/p>\n<p>Planisph\u00e8res, globes c\u00e9lestes, bijoux, coquillages, pierres pr\u00e9cieuses, min\u00e9raux et statues&#8230;. Ces curiosit\u00e9s \u00a0se c\u00f4toient \u00e0 la Renaissance dans les chambres des merveilles (du nom allemand <i>Wunderkammern<\/i> d\u00e9signant les collections des princes).<\/p>\n<figure id=\"attachment_4505\" aria-describedby=\"caption-attachment-4505\" style=\"width: 603px\" class=\"wp-caption aligncenter\"><a href=\"https:\/\/i0.wp.com\/www.proantic.com\/magazine\/wp-content\/uploads\/2016\/01\/dklo.jpg\"><img data-recalc-dims=\"1\" loading=\"lazy\" decoding=\"async\" data-attachment-id=\"4505\" data-permalink=\"https:\/\/www.proantic.com\/magazine\/les-chambres-des-merveilles\/dklo-2\/\" data-orig-file=\"https:\/\/i0.wp.com\/www.proantic.com\/magazine\/wp-content\/uploads\/2016\/01\/dklo.jpg?fit=603%2C605&amp;ssl=1\" data-orig-size=\"603,605\" data-comments-opened=\"1\" data-image-meta=\"{&quot;aperture&quot;:&quot;0&quot;,&quot;credit&quot;:&quot;Celine&quot;,&quot;camera&quot;:&quot;&quot;,&quot;caption&quot;:&quot;&quot;,&quot;created_timestamp&quot;:&quot;1452935541&quot;,&quot;copyright&quot;:&quot;&quot;,&quot;focal_length&quot;:&quot;0&quot;,&quot;iso&quot;:&quot;0&quot;,&quot;shutter_speed&quot;:&quot;0&quot;,&quot;title&quot;:&quot;&quot;,&quot;orientation&quot;:&quot;0&quot;}\" data-image-title=\"dklo\" data-image-description=\"\" data-image-caption=\"&lt;p&gt;Ch\u00e2teau de Maisons, exposition \u00ab\u00a0Chambres des merveilles\u00a0\u00bb&lt;\/p&gt;\n\" data-medium-file=\"https:\/\/i0.wp.com\/www.proantic.com\/magazine\/wp-content\/uploads\/2016\/01\/dklo.jpg?fit=300%2C300&amp;ssl=1\" data-large-file=\"https:\/\/i0.wp.com\/www.proantic.com\/magazine\/wp-content\/uploads\/2016\/01\/dklo.jpg?fit=603%2C605&amp;ssl=1\" class=\"size-full wp-image-4505\" src=\"https:\/\/i0.wp.com\/www.proantic.com\/magazine\/wp-content\/uploads\/2016\/01\/dklo.jpg?resize=603%2C605\" alt=\"Ch\u00e2teau de Maisons, exposition &quot;Chambres des merveilles&quot;\" width=\"603\" height=\"605\" srcset=\"https:\/\/i0.wp.com\/www.proantic.com\/magazine\/wp-content\/uploads\/2016\/01\/dklo.jpg?w=603&amp;ssl=1 603w, https:\/\/i0.wp.com\/www.proantic.com\/magazine\/wp-content\/uploads\/2016\/01\/dklo.jpg?resize=150%2C150&amp;ssl=1 150w, https:\/\/i0.wp.com\/www.proantic.com\/magazine\/wp-content\/uploads\/2016\/01\/dklo.jpg?resize=300%2C300&amp;ssl=1 300w\" sizes=\"auto, (max-width: 603px) 100vw, 603px\" \/><\/a><figcaption id=\"caption-attachment-4505\" class=\"wp-caption-text\">Ch\u00e2teau de Maisons, exposition \u00ab\u00a0Chambres des merveilles\u00a0\u00bb<\/figcaption><\/figure>\n<p>\u00c0 partir du XVIIe si\u00e8cle, les cabinets de curiosit\u00e9s, aussi bien priv\u00e9s que publics, se multiplient dans toute l\u2019Europe. Ils rassemblent toutes sortes d\u2019objets \u00e9tranges, rares ou pr\u00e9cieux et participent \u00e0 approfondir la connaissance du monde.\u00a0\u00c0 c\u00f4t\u00e9 des pierres rares ou des coquillages raffin\u00e9s, il n&rsquo;\u00e9tait pas rare d&rsquo;apercevoir \u00e9galement des objets plus \u00e9tranges, fantastiques, voire inqui\u00e9tants : corne de licorne, sir\u00e8nes momifi\u00e9es ou encore squelettes de dragons !<\/p>\n<figure id=\"attachment_4502\" aria-describedby=\"caption-attachment-4502\" style=\"width: 600px\" class=\"wp-caption aligncenter\"><a href=\"https:\/\/i0.wp.com\/www.proantic.com\/magazine\/wp-content\/uploads\/2016\/01\/dlfldp.jpg\"><img data-recalc-dims=\"1\" loading=\"lazy\" decoding=\"async\" data-attachment-id=\"4502\" data-permalink=\"https:\/\/www.proantic.com\/magazine\/les-chambres-des-merveilles\/dlfldp\/\" data-orig-file=\"https:\/\/i0.wp.com\/www.proantic.com\/magazine\/wp-content\/uploads\/2016\/01\/dlfldp-e1452931646835.jpg?fit=600%2C395&amp;ssl=1\" data-orig-size=\"600,395\" data-comments-opened=\"1\" data-image-meta=\"{&quot;aperture&quot;:&quot;0&quot;,&quot;credit&quot;:&quot;Celine&quot;,&quot;camera&quot;:&quot;&quot;,&quot;caption&quot;:&quot;&quot;,&quot;created_timestamp&quot;:&quot;1452935221&quot;,&quot;copyright&quot;:&quot;&quot;,&quot;focal_length&quot;:&quot;0&quot;,&quot;iso&quot;:&quot;0&quot;,&quot;shutter_speed&quot;:&quot;0&quot;,&quot;title&quot;:&quot;&quot;,&quot;orientation&quot;:&quot;0&quot;}\" data-image-title=\"dlfldp\" data-image-description=\"\" data-image-caption=\"&lt;p&gt;Ch\u00e2teau de Maisons, exposition \u00ab\u00a0Chambres des merveilles\u00a0\u00bb&lt;br \/&gt;\n\u00a9 Didier Plowy \/ CMN&lt;\/p&gt;\n\" data-medium-file=\"https:\/\/i0.wp.com\/www.proantic.com\/magazine\/wp-content\/uploads\/2016\/01\/dlfldp-e1452931646835.jpg?fit=300%2C198&amp;ssl=1\" data-large-file=\"https:\/\/i0.wp.com\/www.proantic.com\/magazine\/wp-content\/uploads\/2016\/01\/dlfldp-e1452931646835.jpg?fit=600%2C395&amp;ssl=1\" class=\"wp-image-4502 size-full\" src=\"https:\/\/i0.wp.com\/www.proantic.com\/magazine\/wp-content\/uploads\/2016\/01\/dlfldp-e1452931646835.jpg?resize=600%2C395\" alt=\"Ch\u00e2teau de Maisons, exposition &quot;Chambres des merveilles&quot; \u00a9 Didier Plowy \/ CMN\" width=\"600\" height=\"395\" \/><\/a><figcaption id=\"caption-attachment-4502\" class=\"wp-caption-text\">Ch\u00e2teau de Maisons, exposition \u00ab\u00a0Chambres des merveilles\u00a0\u00bb<br \/> \u00a9 Didier Plowy \/ CMN<\/figcaption><\/figure>\n<p>Les collections sont ensuite progressivement dispers\u00e9es dans les mus\u00e9es et mus\u00e9ums jusqu\u2019au XIXe si\u00e8cle.<\/p>\n<p>De nos jours, la part de r\u00eave et de myst\u00e8re inh\u00e9rente aux chambres des merveilles s\u00e9duit \u00e0 nouveau les esprits. Baign\u00e9e d\u2019ambiances sonores et visuelles, cette exposition entra\u00eene le public \u00e0 la d\u00e9couverte de cr\u00e9atures chim\u00e9riques, d\u2019instruments scientifiques, d\u2019objets rapport\u00e9s de terres lointaines, de petits d\u00e9cors compos\u00e9s de min\u00e9raux et coquillages ou de palais miniatures anim\u00e9s.<\/p>\n<p><iframe loading=\"lazy\" src=\"https:\/\/www.youtube.com\/embed\/Riuf5qHNECg\" width=\"640\" height=\"360\" frameborder=\"0\" allowfullscreen=\"allowfullscreen\"><\/iframe><\/p>\n<p><em>Le parcours de l\u2019exposition<\/em><\/p>\n<p><strong>La chambre des muses <\/strong><\/p>\n<p>Un d\u00e9cor inspir\u00e9 des tableaux de Rubens et Brueghel \u00e9voque les cabinets de collectionneurs de la Renaissance \u00e0 travers une mise en sc\u00e8ne d\u2019objets pr\u00e9cieux.<\/p>\n<figure id=\"attachment_4500\" aria-describedby=\"caption-attachment-4500\" style=\"width: 731px\" class=\"wp-caption aligncenter\"><a href=\"https:\/\/i0.wp.com\/www.proantic.com\/magazine\/wp-content\/uploads\/2016\/01\/dkflo.jpg\"><img data-recalc-dims=\"1\" loading=\"lazy\" decoding=\"async\" data-attachment-id=\"4500\" data-permalink=\"https:\/\/www.proantic.com\/magazine\/les-chambres-des-merveilles\/dkflo-2\/\" data-orig-file=\"https:\/\/i0.wp.com\/www.proantic.com\/magazine\/wp-content\/uploads\/2016\/01\/dkflo.jpg?fit=731%2C573&amp;ssl=1\" data-orig-size=\"731,573\" data-comments-opened=\"1\" data-image-meta=\"{&quot;aperture&quot;:&quot;0&quot;,&quot;credit&quot;:&quot;Celine&quot;,&quot;camera&quot;:&quot;&quot;,&quot;caption&quot;:&quot;&quot;,&quot;created_timestamp&quot;:&quot;1452934912&quot;,&quot;copyright&quot;:&quot;&quot;,&quot;focal_length&quot;:&quot;0&quot;,&quot;iso&quot;:&quot;0&quot;,&quot;shutter_speed&quot;:&quot;0&quot;,&quot;title&quot;:&quot;&quot;,&quot;orientation&quot;:&quot;0&quot;}\" data-image-title=\"dkflo\" data-image-description=\"\" data-image-caption=\"&lt;p&gt;Le Cabinet des sciences &lt;\/p&gt;\n\" data-medium-file=\"https:\/\/i0.wp.com\/www.proantic.com\/magazine\/wp-content\/uploads\/2016\/01\/dkflo.jpg?fit=300%2C235&amp;ssl=1\" data-large-file=\"https:\/\/i0.wp.com\/www.proantic.com\/magazine\/wp-content\/uploads\/2016\/01\/dkflo.jpg?fit=665%2C521&amp;ssl=1\" class=\"size-full wp-image-4500\" src=\"https:\/\/i0.wp.com\/www.proantic.com\/magazine\/wp-content\/uploads\/2016\/01\/dkflo.jpg?resize=665%2C521\" alt=\"Le Cabinet des sciences \" width=\"665\" height=\"521\" srcset=\"https:\/\/i0.wp.com\/www.proantic.com\/magazine\/wp-content\/uploads\/2016\/01\/dkflo.jpg?w=731&amp;ssl=1 731w, https:\/\/i0.wp.com\/www.proantic.com\/magazine\/wp-content\/uploads\/2016\/01\/dkflo.jpg?resize=300%2C235&amp;ssl=1 300w, https:\/\/i0.wp.com\/www.proantic.com\/magazine\/wp-content\/uploads\/2016\/01\/dkflo.jpg?resize=620%2C486&amp;ssl=1 620w\" sizes=\"auto, (max-width: 665px) 100vw, 665px\" \/><\/a><figcaption id=\"caption-attachment-4500\" class=\"wp-caption-text\">Le Cabinet des sciences<\/figcaption><\/figure>\n<p><strong>Le cabinet des mondes cach\u00e9s <\/strong><\/p>\n<p>Deux boites \u00e0 merveilles offrent un d\u00e9cor de r\u00eave cr\u00e9\u00e9 \u00e0 partir de min\u00e9raux et de coquillages \u00e0 l\u2019image des mirabilia que les princes commandaient aux artistes. Un cabinet aux tiroirs d\u00e9ploy\u00e9s pr\u00e9sente des planches color\u00e9es de cr\u00e9atures sous-marines.<\/p>\n<p><strong> La chambre des monstres et prodiges<\/strong><\/p>\n<p>Dans un th\u00e9\u00e2tre miniature, une sir\u00e8ne et des cr\u00e9atures aquatiques apparaissent dans un d\u00e9cor sous-marin. Des vitrines pr\u00e9sentent des sculptures, objets, fossiles et bocaux de dragons, sir\u00e8nes et autres chim\u00e8res.<\/p>\n<figure id=\"attachment_4501\" aria-describedby=\"caption-attachment-4501\" style=\"width: 686px\" class=\"wp-caption aligncenter\"><a href=\"https:\/\/i0.wp.com\/www.proantic.com\/magazine\/wp-content\/uploads\/2016\/01\/jnhju.jpg\"><img data-recalc-dims=\"1\" loading=\"lazy\" decoding=\"async\" data-attachment-id=\"4501\" data-permalink=\"https:\/\/www.proantic.com\/magazine\/les-chambres-des-merveilles\/jnhju-2\/\" data-orig-file=\"https:\/\/i0.wp.com\/www.proantic.com\/magazine\/wp-content\/uploads\/2016\/01\/jnhju.jpg?fit=686%2C584&amp;ssl=1\" data-orig-size=\"686,584\" data-comments-opened=\"1\" data-image-meta=\"{&quot;aperture&quot;:&quot;0&quot;,&quot;credit&quot;:&quot;Celine&quot;,&quot;camera&quot;:&quot;&quot;,&quot;caption&quot;:&quot;&quot;,&quot;created_timestamp&quot;:&quot;1452934997&quot;,&quot;copyright&quot;:&quot;&quot;,&quot;focal_length&quot;:&quot;0&quot;,&quot;iso&quot;:&quot;0&quot;,&quot;shutter_speed&quot;:&quot;0&quot;,&quot;title&quot;:&quot;&quot;,&quot;orientation&quot;:&quot;0&quot;}\" data-image-title=\"jnhju\" data-image-description=\"\" data-image-caption=\"&lt;p&gt;La Chambre des lointains &lt;\/p&gt;\n\" data-medium-file=\"https:\/\/i0.wp.com\/www.proantic.com\/magazine\/wp-content\/uploads\/2016\/01\/jnhju.jpg?fit=300%2C255&amp;ssl=1\" data-large-file=\"https:\/\/i0.wp.com\/www.proantic.com\/magazine\/wp-content\/uploads\/2016\/01\/jnhju.jpg?fit=665%2C566&amp;ssl=1\" class=\"size-full wp-image-4501\" src=\"https:\/\/i0.wp.com\/www.proantic.com\/magazine\/wp-content\/uploads\/2016\/01\/jnhju.jpg?resize=665%2C566\" alt=\"La Chambre des lointains \" width=\"665\" height=\"566\" srcset=\"https:\/\/i0.wp.com\/www.proantic.com\/magazine\/wp-content\/uploads\/2016\/01\/jnhju.jpg?w=686&amp;ssl=1 686w, https:\/\/i0.wp.com\/www.proantic.com\/magazine\/wp-content\/uploads\/2016\/01\/jnhju.jpg?resize=300%2C255&amp;ssl=1 300w, https:\/\/i0.wp.com\/www.proantic.com\/magazine\/wp-content\/uploads\/2016\/01\/jnhju.jpg?resize=620%2C528&amp;ssl=1 620w\" sizes=\"auto, (max-width: 665px) 100vw, 665px\" \/><\/a><figcaption id=\"caption-attachment-4501\" class=\"wp-caption-text\">La Chambre des lointains<\/figcaption><\/figure>\n<p><strong> Le cabinet des sciences<\/strong><\/p>\n<p>Dans les niches d\u2019un cabinet des instruments scientifiques, des globes terrestres, des sph\u00e8res armillaires s\u2019animent \u00e9voquant les observations des savants sur l\u2019infiniment grand et l\u2019infiniment petit.<\/p>\n<p><strong>La chambre des lointains <\/strong><\/p>\n<p>Pr\u00e8s d\u2019une malle d\u2019o\u00f9 s\u2019\u00e9chappent des sons provenant de contr\u00e9es lointaines, des coffres en bois r\u00e9v\u00e8lent des objets rapport\u00e9s de pays exotiques. Le cabinet des curiosit\u00e9s Dans ce cabinet du bizarre et de l\u2019\u00e9trange, une momie azt\u00e8que tr\u00f4ne au milieu d\u2019objets myst\u00e9rieux : petit sarcophage \u00e9gyptien, boule de cristal, mandragore, \u0153ufs, etc., autant de curiosit\u00e9s \u00e9voquant diff\u00e9rentes croyances et superstitions.<\/p>\n<p><strong>La chambre des songes <\/strong><\/p>\n<p>Un meuble automate, v\u00e9ritable palais miniature, semble habit\u00e9 d\u2019\u00e9tranges personnages cach\u00e9s derri\u00e8re des trappes, miroirs sans tain et autres alc\u00f4ves communicantes.<\/p>\n<p><span style=\"color: #ff0000;\">En savoir plus:<\/span><\/p>\n<p>http:\/\/www.monuments-nationaux.fr\/<\/p>\n<p>&nbsp;<\/p>\n","protected":false},"excerpt":{"rendered":"<p>Jusqu&rsquo;au 3 avril 2016, le Ch\u00e2teau de Maisons vous invite \u00e0 un voyage dans le temps avec l\u2019exposition \u00ab\u00a0Les Chambres des merveilles\u00a0\u00bb !\u00a0 Planisph\u00e8res, globes c\u00e9lestes, bijoux, coquillages, pierres pr\u00e9cieuses, min\u00e9raux et statues&#8230;. Ces curiosit\u00e9s \u00a0se c\u00f4toient \u00e0 la Renaissance dans les chambres des merveilles (du nom allemand Wunderkammern d\u00e9signant les collections des princes). \u00c0 [&hellip;]<\/p>\n","protected":false},"author":6,"featured_media":4503,"comment_status":"closed","ping_status":"open","sticky":false,"template":"","format":"standard","meta":{"jetpack_post_was_ever_published":false,"_jetpack_newsletter_access":"","_jetpack_dont_email_post_to_subs":false,"_jetpack_newsletter_tier_id":0,"_jetpack_memberships_contains_paywalled_content":false,"_jetpack_memberships_contains_paid_content":false,"footnotes":"","jetpack_publicize_message":"","jetpack_publicize_feature_enabled":true,"jetpack_social_post_already_shared":true,"jetpack_social_options":{"image_generator_settings":{"template":"highway","default_image_id":0,"font":"","enabled":false},"version":2}},"categories":[12],"tags":[],"class_list":["post-4489","post","type-post","status-publish","format-standard","has-post-thumbnail","hentry","category-expositions"],"yoast_head":"<!-- This site is optimized with the Yoast SEO plugin v26.9 - https:\/\/yoast.com\/product\/yoast-seo-wordpress\/ -->\n<title>Les Chambres des merveilles Le Magazine de Proantic<\/title>\n<meta name=\"description\" content=\"Jusqu&#039;au 3 avril 2016, le Ch\u00e2teau de Maisons vous invite \u00e0 un voyage dans le temps avec l\u2019exposition &quot;Les Chambres des merveilles&quot; !\u00a0 Planisph\u00e8res, globes\" \/>\n<meta name=\"robots\" content=\"index, follow, max-snippet:-1, max-image-preview:large, max-video-preview:-1\" \/>\n<link rel=\"canonical\" href=\"https:\/\/www.proantic.com\/magazine\/les-chambres-des-merveilles\/\" \/>\n<meta property=\"og:locale\" content=\"fr_FR\" \/>\n<meta property=\"og:type\" content=\"article\" \/>\n<meta property=\"og:title\" content=\"Les Chambres des merveilles Le Magazine de Proantic\" \/>\n<meta property=\"og:description\" content=\"Jusqu&#039;au 3 avril 2016, le Ch\u00e2teau de Maisons vous invite \u00e0 un voyage dans le temps avec l\u2019exposition &quot;Les Chambres des merveilles&quot; !\u00a0 Planisph\u00e8res, globes\" \/>\n<meta property=\"og:url\" content=\"https:\/\/www.proantic.com\/magazine\/les-chambres-des-merveilles\/\" \/>\n<meta property=\"og:site_name\" content=\"Le Magazine de Proantic\" \/>\n<meta property=\"article:publisher\" content=\"https:\/\/www.facebook.com\/pages\/Proantic\/\/259180871793\" \/>\n<meta property=\"article:published_time\" content=\"2016-01-16T08:12:35+00:00\" \/>\n<meta property=\"article:modified_time\" content=\"2016-01-17T13:05:40+00:00\" \/>\n<meta property=\"og:image\" content=\"https:\/\/i0.wp.com\/www.proantic.com\/magazine\/wp-content\/uploads\/2016\/01\/qlmlpo.jpg?fit=797%2C526&ssl=1\" \/>\n\t<meta property=\"og:image:width\" content=\"797\" \/>\n\t<meta property=\"og:image:height\" content=\"526\" \/>\n\t<meta property=\"og:image:type\" content=\"image\/jpeg\" \/>\n<meta name=\"author\" content=\"C\u00e9line Autant\" \/>\n<meta name=\"twitter:label1\" content=\"\u00c9crit par\" \/>\n\t<meta name=\"twitter:data1\" content=\"C\u00e9line Autant\" \/>\n\t<meta name=\"twitter:label2\" content=\"Dur\u00e9e de lecture estim\u00e9e\" \/>\n\t<meta name=\"twitter:data2\" content=\"3 minutes\" \/>\n<script type=\"application\/ld+json\" class=\"yoast-schema-graph\">{\"@context\":\"https:\/\/schema.org\",\"@graph\":[{\"@type\":\"Article\",\"@id\":\"https:\/\/www.proantic.com\/magazine\/les-chambres-des-merveilles\/#article\",\"isPartOf\":{\"@id\":\"https:\/\/www.proantic.com\/magazine\/les-chambres-des-merveilles\/\"},\"author\":{\"name\":\"C\u00e9line Autant\",\"@id\":\"https:\/\/www.proantic.com\/magazine\/#\/schema\/person\/63707e8f4e7d0172de7ddde897688be0\"},\"headline\":\"Les Chambres des merveilles\",\"datePublished\":\"2016-01-16T08:12:35+00:00\",\"dateModified\":\"2016-01-17T13:05:40+00:00\",\"mainEntityOfPage\":{\"@id\":\"https:\/\/www.proantic.com\/magazine\/les-chambres-des-merveilles\/\"},\"wordCount\":569,\"image\":{\"@id\":\"https:\/\/www.proantic.com\/magazine\/les-chambres-des-merveilles\/#primaryimage\"},\"thumbnailUrl\":\"https:\/\/i0.wp.com\/www.proantic.com\/magazine\/wp-content\/uploads\/2016\/01\/qlmlpo.jpg?fit=797%2C526&ssl=1\",\"articleSection\":[\"Expositions\"],\"inLanguage\":\"fr-FR\"},{\"@type\":\"WebPage\",\"@id\":\"https:\/\/www.proantic.com\/magazine\/les-chambres-des-merveilles\/\",\"url\":\"https:\/\/www.proantic.com\/magazine\/les-chambres-des-merveilles\/\",\"name\":\"Les Chambres des merveilles Le Magazine de Proantic\",\"isPartOf\":{\"@id\":\"https:\/\/www.proantic.com\/magazine\/#website\"},\"primaryImageOfPage\":{\"@id\":\"https:\/\/www.proantic.com\/magazine\/les-chambres-des-merveilles\/#primaryimage\"},\"image\":{\"@id\":\"https:\/\/www.proantic.com\/magazine\/les-chambres-des-merveilles\/#primaryimage\"},\"thumbnailUrl\":\"https:\/\/i0.wp.com\/www.proantic.com\/magazine\/wp-content\/uploads\/2016\/01\/qlmlpo.jpg?fit=797%2C526&ssl=1\",\"datePublished\":\"2016-01-16T08:12:35+00:00\",\"dateModified\":\"2016-01-17T13:05:40+00:00\",\"author\":{\"@id\":\"https:\/\/www.proantic.com\/magazine\/#\/schema\/person\/63707e8f4e7d0172de7ddde897688be0\"},\"description\":\"Jusqu'au 3 avril 2016, le Ch\u00e2teau de Maisons vous invite \u00e0 un voyage dans le temps avec l\u2019exposition \\\"Les Chambres des merveilles\\\" !\u00a0 Planisph\u00e8res, globes\",\"breadcrumb\":{\"@id\":\"https:\/\/www.proantic.com\/magazine\/les-chambres-des-merveilles\/#breadcrumb\"},\"inLanguage\":\"fr-FR\",\"potentialAction\":[{\"@type\":\"ReadAction\",\"target\":[\"https:\/\/www.proantic.com\/magazine\/les-chambres-des-merveilles\/\"]}]},{\"@type\":\"ImageObject\",\"inLanguage\":\"fr-FR\",\"@id\":\"https:\/\/www.proantic.com\/magazine\/les-chambres-des-merveilles\/#primaryimage\",\"url\":\"https:\/\/i0.wp.com\/www.proantic.com\/magazine\/wp-content\/uploads\/2016\/01\/qlmlpo.jpg?fit=797%2C526&ssl=1\",\"contentUrl\":\"https:\/\/i0.wp.com\/www.proantic.com\/magazine\/wp-content\/uploads\/2016\/01\/qlmlpo.jpg?fit=797%2C526&ssl=1\",\"width\":797,\"height\":526,\"caption\":\"Ch\u00e2teau de Maisons, exposition \\\"Chambres des merveilles\\\" \u00a9 Didier Plowy \/ CMN\"},{\"@type\":\"BreadcrumbList\",\"@id\":\"https:\/\/www.proantic.com\/magazine\/les-chambres-des-merveilles\/#breadcrumb\",\"itemListElement\":[{\"@type\":\"ListItem\",\"position\":1,\"name\":\"Accueil\",\"item\":\"https:\/\/www.proantic.com\/magazine\/\"},{\"@type\":\"ListItem\",\"position\":2,\"name\":\"Les Chambres des merveilles\"}]},{\"@type\":\"WebSite\",\"@id\":\"https:\/\/www.proantic.com\/magazine\/#website\",\"url\":\"https:\/\/www.proantic.com\/magazine\/\",\"name\":\"Le Magazine de Proantic\",\"description\":\"Magazine d&#039;art et expositions\",\"potentialAction\":[{\"@type\":\"SearchAction\",\"target\":{\"@type\":\"EntryPoint\",\"urlTemplate\":\"https:\/\/www.proantic.com\/magazine\/?s={search_term_string}\"},\"query-input\":{\"@type\":\"PropertyValueSpecification\",\"valueRequired\":true,\"valueName\":\"search_term_string\"}}],\"inLanguage\":\"fr-FR\"},{\"@type\":\"Person\",\"@id\":\"https:\/\/www.proantic.com\/magazine\/#\/schema\/person\/63707e8f4e7d0172de7ddde897688be0\",\"name\":\"C\u00e9line Autant\"}]}<\/script>\n<!-- \/ Yoast SEO plugin. -->","yoast_head_json":{"title":"Les Chambres des merveilles Le Magazine de Proantic","description":"Jusqu'au 3 avril 2016, le Ch\u00e2teau de Maisons vous invite \u00e0 un voyage dans le temps avec l\u2019exposition \"Les Chambres des merveilles\" !\u00a0 Planisph\u00e8res, globes","robots":{"index":"index","follow":"follow","max-snippet":"max-snippet:-1","max-image-preview":"max-image-preview:large","max-video-preview":"max-video-preview:-1"},"canonical":"https:\/\/www.proantic.com\/magazine\/les-chambres-des-merveilles\/","og_locale":"fr_FR","og_type":"article","og_title":"Les Chambres des merveilles Le Magazine de Proantic","og_description":"Jusqu'au 3 avril 2016, le Ch\u00e2teau de Maisons vous invite \u00e0 un voyage dans le temps avec l\u2019exposition \"Les Chambres des merveilles\" !\u00a0 Planisph\u00e8res, globes","og_url":"https:\/\/www.proantic.com\/magazine\/les-chambres-des-merveilles\/","og_site_name":"Le Magazine de Proantic","article_publisher":"https:\/\/www.facebook.com\/pages\/Proantic\/\/259180871793","article_published_time":"2016-01-16T08:12:35+00:00","article_modified_time":"2016-01-17T13:05:40+00:00","og_image":[{"width":797,"height":526,"url":"https:\/\/i0.wp.com\/www.proantic.com\/magazine\/wp-content\/uploads\/2016\/01\/qlmlpo.jpg?fit=797%2C526&ssl=1","type":"image\/jpeg"}],"author":"C\u00e9line Autant","twitter_misc":{"\u00c9crit par":"C\u00e9line Autant","Dur\u00e9e de lecture estim\u00e9e":"3 minutes"},"schema":{"@context":"https:\/\/schema.org","@graph":[{"@type":"Article","@id":"https:\/\/www.proantic.com\/magazine\/les-chambres-des-merveilles\/#article","isPartOf":{"@id":"https:\/\/www.proantic.com\/magazine\/les-chambres-des-merveilles\/"},"author":{"name":"C\u00e9line Autant","@id":"https:\/\/www.proantic.com\/magazine\/#\/schema\/person\/63707e8f4e7d0172de7ddde897688be0"},"headline":"Les Chambres des merveilles","datePublished":"2016-01-16T08:12:35+00:00","dateModified":"2016-01-17T13:05:40+00:00","mainEntityOfPage":{"@id":"https:\/\/www.proantic.com\/magazine\/les-chambres-des-merveilles\/"},"wordCount":569,"image":{"@id":"https:\/\/www.proantic.com\/magazine\/les-chambres-des-merveilles\/#primaryimage"},"thumbnailUrl":"https:\/\/i0.wp.com\/www.proantic.com\/magazine\/wp-content\/uploads\/2016\/01\/qlmlpo.jpg?fit=797%2C526&ssl=1","articleSection":["Expositions"],"inLanguage":"fr-FR"},{"@type":"WebPage","@id":"https:\/\/www.proantic.com\/magazine\/les-chambres-des-merveilles\/","url":"https:\/\/www.proantic.com\/magazine\/les-chambres-des-merveilles\/","name":"Les Chambres des merveilles Le Magazine de Proantic","isPartOf":{"@id":"https:\/\/www.proantic.com\/magazine\/#website"},"primaryImageOfPage":{"@id":"https:\/\/www.proantic.com\/magazine\/les-chambres-des-merveilles\/#primaryimage"},"image":{"@id":"https:\/\/www.proantic.com\/magazine\/les-chambres-des-merveilles\/#primaryimage"},"thumbnailUrl":"https:\/\/i0.wp.com\/www.proantic.com\/magazine\/wp-content\/uploads\/2016\/01\/qlmlpo.jpg?fit=797%2C526&ssl=1","datePublished":"2016-01-16T08:12:35+00:00","dateModified":"2016-01-17T13:05:40+00:00","author":{"@id":"https:\/\/www.proantic.com\/magazine\/#\/schema\/person\/63707e8f4e7d0172de7ddde897688be0"},"description":"Jusqu'au 3 avril 2016, le Ch\u00e2teau de Maisons vous invite \u00e0 un voyage dans le temps avec l\u2019exposition \"Les Chambres des merveilles\" !\u00a0 Planisph\u00e8res, globes","breadcrumb":{"@id":"https:\/\/www.proantic.com\/magazine\/les-chambres-des-merveilles\/#breadcrumb"},"inLanguage":"fr-FR","potentialAction":[{"@type":"ReadAction","target":["https:\/\/www.proantic.com\/magazine\/les-chambres-des-merveilles\/"]}]},{"@type":"ImageObject","inLanguage":"fr-FR","@id":"https:\/\/www.proantic.com\/magazine\/les-chambres-des-merveilles\/#primaryimage","url":"https:\/\/i0.wp.com\/www.proantic.com\/magazine\/wp-content\/uploads\/2016\/01\/qlmlpo.jpg?fit=797%2C526&ssl=1","contentUrl":"https:\/\/i0.wp.com\/www.proantic.com\/magazine\/wp-content\/uploads\/2016\/01\/qlmlpo.jpg?fit=797%2C526&ssl=1","width":797,"height":526,"caption":"Ch\u00e2teau de Maisons, exposition \"Chambres des merveilles\" \u00a9 Didier Plowy \/ CMN"},{"@type":"BreadcrumbList","@id":"https:\/\/www.proantic.com\/magazine\/les-chambres-des-merveilles\/#breadcrumb","itemListElement":[{"@type":"ListItem","position":1,"name":"Accueil","item":"https:\/\/www.proantic.com\/magazine\/"},{"@type":"ListItem","position":2,"name":"Les Chambres des merveilles"}]},{"@type":"WebSite","@id":"https:\/\/www.proantic.com\/magazine\/#website","url":"https:\/\/www.proantic.com\/magazine\/","name":"Le Magazine de Proantic","description":"Magazine d&#039;art et expositions","potentialAction":[{"@type":"SearchAction","target":{"@type":"EntryPoint","urlTemplate":"https:\/\/www.proantic.com\/magazine\/?s={search_term_string}"},"query-input":{"@type":"PropertyValueSpecification","valueRequired":true,"valueName":"search_term_string"}}],"inLanguage":"fr-FR"},{"@type":"Person","@id":"https:\/\/www.proantic.com\/magazine\/#\/schema\/person\/63707e8f4e7d0172de7ddde897688be0","name":"C\u00e9line Autant"}]}},"jetpack_publicize_connections":[],"jetpack_featured_media_url":"https:\/\/i0.wp.com\/www.proantic.com\/magazine\/wp-content\/uploads\/2016\/01\/qlmlpo.jpg?fit=797%2C526&ssl=1","jetpack_shortlink":"https:\/\/wp.me\/p7EkP3-1ap","jetpack_sharing_enabled":true,"_links":{"self":[{"href":"https:\/\/www.proantic.com\/magazine\/wp-json\/wp\/v2\/posts\/4489","targetHints":{"allow":["GET"]}}],"collection":[{"href":"https:\/\/www.proantic.com\/magazine\/wp-json\/wp\/v2\/posts"}],"about":[{"href":"https:\/\/www.proantic.com\/magazine\/wp-json\/wp\/v2\/types\/post"}],"author":[{"embeddable":true,"href":"https:\/\/www.proantic.com\/magazine\/wp-json\/wp\/v2\/users\/6"}],"replies":[{"embeddable":true,"href":"https:\/\/www.proantic.com\/magazine\/wp-json\/wp\/v2\/comments?post=4489"}],"version-history":[{"count":0,"href":"https:\/\/www.proantic.com\/magazine\/wp-json\/wp\/v2\/posts\/4489\/revisions"}],"wp:featuredmedia":[{"embeddable":true,"href":"https:\/\/www.proantic.com\/magazine\/wp-json\/wp\/v2\/media\/4503"}],"wp:attachment":[{"href":"https:\/\/www.proantic.com\/magazine\/wp-json\/wp\/v2\/media?parent=4489"}],"wp:term":[{"taxonomy":"category","embeddable":true,"href":"https:\/\/www.proantic.com\/magazine\/wp-json\/wp\/v2\/categories?post=4489"},{"taxonomy":"post_tag","embeddable":true,"href":"https:\/\/www.proantic.com\/magazine\/wp-json\/wp\/v2\/tags?post=4489"}],"curies":[{"name":"wp","href":"https:\/\/api.w.org\/{rel}","templated":true}]}}