{"id":4155,"date":"2015-11-05T11:38:10","date_gmt":"2015-11-05T10:38:10","guid":{"rendered":"http:\/\/www.proantic.com\/magazine\/?p=4155"},"modified":"2017-01-04T10:02:42","modified_gmt":"2017-01-04T09:02:42","slug":"asselin-entreprise-du-patrimoine","status":"publish","type":"post","link":"https:\/\/www.proantic.com\/magazine\/asselin-entreprise-du-patrimoine\/","title":{"rendered":"Asselin: entreprise du Patrimoine"},"content":{"rendered":"<p><strong>Asselin est une entreprise\u00a0de charpente, menuiserie, \u00e9b\u00e9nisterie et ferronnerie\u00a0\u00a0traditionnelle sp\u00e9cialis\u00e9e dans la restauration des monuments historiques.<\/strong> Elle fut cr\u00e9\u00e9 en 1957\u00a0par G\u00e9rard Asselin, charpentier compagnon du tour de France.<\/p>\n<p>Elle a \u0153uvr\u00e9 de 1997 \u00e0 2014\u00a0\u00e0 la construction de la r\u00e9plique de l&rsquo;Hermione, la fr\u00e9gate qui conduit le marquis de La Fayette aux 2tats-Unis en 1780.<\/p>\n<p>Elle a notamment restaur\u00e9 les 288 fen\u00eatres de la fa\u00e7ade Ouest du ch\u00e2teau de Versailles, dont les menuiseries de la Galerie des glaces\u00a0et de la galerie des Batailles. Son si\u00e8ge est \u00e0 Thouars\u00a0dans les Deux-S\u00e8vres.<\/p>\n<p>L&rsquo;entreprise Asselin a pour valeurs principales la formation des jeunes apprentis et la transmission du savoir-faire fran\u00e7ais.<\/p>\n<figure id=\"attachment_4157\" aria-describedby=\"caption-attachment-4157\" style=\"width: 895px\" class=\"wp-caption aligncenter\"><a href=\"https:\/\/i0.wp.com\/www.proantic.com\/magazine\/wp-content\/uploads\/2015\/11\/fkdlo.jpg\"><img data-recalc-dims=\"1\" loading=\"lazy\" decoding=\"async\" data-attachment-id=\"4157\" data-permalink=\"https:\/\/www.proantic.com\/magazine\/asselin-entreprise-du-patrimoine\/fkdlo\/\" data-orig-file=\"https:\/\/i0.wp.com\/www.proantic.com\/magazine\/wp-content\/uploads\/2015\/11\/fkdlo.jpg?fit=895%2C378&amp;ssl=1\" data-orig-size=\"895,378\" data-comments-opened=\"1\" data-image-meta=\"{&quot;aperture&quot;:&quot;0&quot;,&quot;credit&quot;:&quot;Celine&quot;,&quot;camera&quot;:&quot;&quot;,&quot;caption&quot;:&quot;&quot;,&quot;created_timestamp&quot;:&quot;1446722176&quot;,&quot;copyright&quot;:&quot;&quot;,&quot;focal_length&quot;:&quot;0&quot;,&quot;iso&quot;:&quot;0&quot;,&quot;shutter_speed&quot;:&quot;0&quot;,&quot;title&quot;:&quot;&quot;,&quot;orientation&quot;:&quot;0&quot;}\" data-image-title=\"Entreprise Asselin\" data-image-description=\"\" data-image-caption=\"&lt;p&gt;Entreprise Asselin&lt;\/p&gt;\n\" data-medium-file=\"https:\/\/i0.wp.com\/www.proantic.com\/magazine\/wp-content\/uploads\/2015\/11\/fkdlo.jpg?fit=300%2C127&amp;ssl=1\" data-large-file=\"https:\/\/i0.wp.com\/www.proantic.com\/magazine\/wp-content\/uploads\/2015\/11\/fkdlo.jpg?fit=665%2C281&amp;ssl=1\" class=\"size-full wp-image-4157\" src=\"https:\/\/i0.wp.com\/www.proantic.com\/magazine\/wp-content\/uploads\/2015\/11\/fkdlo.jpg?resize=665%2C281\" alt=\"Entreprise Asselin\" width=\"665\" height=\"281\" srcset=\"https:\/\/i0.wp.com\/www.proantic.com\/magazine\/wp-content\/uploads\/2015\/11\/fkdlo.jpg?w=895&amp;ssl=1 895w, https:\/\/i0.wp.com\/www.proantic.com\/magazine\/wp-content\/uploads\/2015\/11\/fkdlo.jpg?resize=300%2C127&amp;ssl=1 300w, https:\/\/i0.wp.com\/www.proantic.com\/magazine\/wp-content\/uploads\/2015\/11\/fkdlo.jpg?resize=620%2C262&amp;ssl=1 620w\" sizes=\"auto, (max-width: 665px) 100vw, 665px\" \/><\/a><figcaption id=\"caption-attachment-4157\" class=\"wp-caption-text\">Entreprise Asselin<\/figcaption><\/figure>\n<p><strong>Eb\u00e9nisterie et Boiserie<\/strong><\/p>\n<p>LES APPLICATIONS<\/p>\n<p>Pi\u00e8ces d\u2019\u00e9b\u00e9nisterie &#8211; Meubles ou objets meublants &#8211; Lambris &#8211; Boiseries &#8211; Sculptures &#8211; Plafonds &#8211; Plafonds \u00e0 caisson &#8211; Boiseries avec motifs &#8211; Mobilier liturgique<\/p>\n<p><em>Travaux d&rsquo;artiste<\/em><\/p>\n<p>Asselin con\u00e7oit, r\u00e9alise, recr\u00e9e et\/ou restaure tous types de boiseries ou d\u2019habillages avec motifs dans le respect scrupuleux du style et des \u00e9poques. Notre expertise nous place souvent en conseil aupr\u00e8s de nos clients.<\/p>\n<figure id=\"attachment_4162\" aria-describedby=\"caption-attachment-4162\" style=\"width: 504px\" class=\"wp-caption aligncenter\"><a href=\"https:\/\/i0.wp.com\/www.proantic.com\/magazine\/wp-content\/uploads\/2015\/11\/ghfjkf.jpg\"><img data-recalc-dims=\"1\" loading=\"lazy\" decoding=\"async\" data-attachment-id=\"4162\" data-permalink=\"https:\/\/www.proantic.com\/magazine\/asselin-entreprise-du-patrimoine\/ghfjkf\/\" data-orig-file=\"https:\/\/i0.wp.com\/www.proantic.com\/magazine\/wp-content\/uploads\/2015\/11\/ghfjkf.jpg?fit=504%2C356&amp;ssl=1\" data-orig-size=\"504,356\" data-comments-opened=\"1\" data-image-meta=\"{&quot;aperture&quot;:&quot;0&quot;,&quot;credit&quot;:&quot;Celine&quot;,&quot;camera&quot;:&quot;&quot;,&quot;caption&quot;:&quot;&quot;,&quot;created_timestamp&quot;:&quot;1446723210&quot;,&quot;copyright&quot;:&quot;&quot;,&quot;focal_length&quot;:&quot;0&quot;,&quot;iso&quot;:&quot;0&quot;,&quot;shutter_speed&quot;:&quot;0&quot;,&quot;title&quot;:&quot;&quot;,&quot;orientation&quot;:&quot;0&quot;}\" data-image-title=\"Entreprise Asselin\" data-image-description=\"\" data-image-caption=\"&lt;p&gt;Entreprise Asselin&lt;\/p&gt;\n\" data-medium-file=\"https:\/\/i0.wp.com\/www.proantic.com\/magazine\/wp-content\/uploads\/2015\/11\/ghfjkf.jpg?fit=300%2C212&amp;ssl=1\" data-large-file=\"https:\/\/i0.wp.com\/www.proantic.com\/magazine\/wp-content\/uploads\/2015\/11\/ghfjkf.jpg?fit=504%2C356&amp;ssl=1\" class=\"size-full wp-image-4162\" src=\"https:\/\/i0.wp.com\/www.proantic.com\/magazine\/wp-content\/uploads\/2015\/11\/ghfjkf.jpg?resize=504%2C356\" alt=\"Entreprise Asselin\" width=\"504\" height=\"356\" srcset=\"https:\/\/i0.wp.com\/www.proantic.com\/magazine\/wp-content\/uploads\/2015\/11\/ghfjkf.jpg?w=504&amp;ssl=1 504w, https:\/\/i0.wp.com\/www.proantic.com\/magazine\/wp-content\/uploads\/2015\/11\/ghfjkf.jpg?resize=300%2C212&amp;ssl=1 300w, https:\/\/i0.wp.com\/www.proantic.com\/magazine\/wp-content\/uploads\/2015\/11\/ghfjkf.jpg?resize=100%2C70&amp;ssl=1 100w\" sizes=\"auto, (max-width: 504px) 100vw, 504px\" \/><\/a><figcaption id=\"caption-attachment-4162\" class=\"wp-caption-text\">Entreprise Asselin<\/figcaption><\/figure>\n<p><strong>La menuiserie<\/strong><\/p>\n<p>LES APPLICATIONS<\/p>\n<p>Escaliers &#8211; Parquets massifs, mosa\u00efques &#8211; Portes &#8211; Portes coch\u00e8res &#8211; Plafonds \u00e0 caisson &#8211; Ch\u00e2ssis \u00e0 vitraux &#8211; Crois\u00e9es &#8211; Fen\u00eatres&#8230;<br \/>\n<em>Notre gamme de fen\u00eatres patrimoine avec performances acoustiques, thermiques (RT), UV, anti-effractions, aux normes europ\u00e9ennes et am\u00e9ricaines les plus exigeant<\/em><\/p>\n<p><em>Expertise &amp; Moyens<\/em><\/p>\n<p>Asselin con\u00e7oit, r\u00e9alise, restaure et parfois recr\u00e9e tous ensembles et sous-ensembles de menuiseries bois int\u00e9rieures ou ext\u00e9rieures, fines ou massives, avec ou sans ornementations, quels que soient le style, l\u2019\u00e9poque ou la complexit\u00e9..<\/p>\n<figure id=\"attachment_4159\" aria-describedby=\"caption-attachment-4159\" style=\"width: 515px\" class=\"wp-caption aligncenter\"><a href=\"https:\/\/i0.wp.com\/www.proantic.com\/magazine\/wp-content\/uploads\/2015\/11\/fjdl.jpg\"><img data-recalc-dims=\"1\" loading=\"lazy\" decoding=\"async\" data-attachment-id=\"4159\" data-permalink=\"https:\/\/www.proantic.com\/magazine\/asselin-entreprise-du-patrimoine\/fjdl\/\" data-orig-file=\"https:\/\/i0.wp.com\/www.proantic.com\/magazine\/wp-content\/uploads\/2015\/11\/fjdl.jpg?fit=515%2C338&amp;ssl=1\" data-orig-size=\"515,338\" data-comments-opened=\"1\" data-image-meta=\"{&quot;aperture&quot;:&quot;0&quot;,&quot;credit&quot;:&quot;Celine&quot;,&quot;camera&quot;:&quot;&quot;,&quot;caption&quot;:&quot;&quot;,&quot;created_timestamp&quot;:&quot;1446722416&quot;,&quot;copyright&quot;:&quot;&quot;,&quot;focal_length&quot;:&quot;0&quot;,&quot;iso&quot;:&quot;0&quot;,&quot;shutter_speed&quot;:&quot;0&quot;,&quot;title&quot;:&quot;&quot;,&quot;orientation&quot;:&quot;0&quot;}\" data-image-title=\"Entreprise Asselin\" data-image-description=\"\" data-image-caption=\"&lt;p&gt;Entreprise Asselin&lt;\/p&gt;\n\" data-medium-file=\"https:\/\/i0.wp.com\/www.proantic.com\/magazine\/wp-content\/uploads\/2015\/11\/fjdl.jpg?fit=300%2C197&amp;ssl=1\" data-large-file=\"https:\/\/i0.wp.com\/www.proantic.com\/magazine\/wp-content\/uploads\/2015\/11\/fjdl.jpg?fit=515%2C338&amp;ssl=1\" class=\"size-full wp-image-4159\" src=\"https:\/\/i0.wp.com\/www.proantic.com\/magazine\/wp-content\/uploads\/2015\/11\/fjdl.jpg?resize=515%2C338\" alt=\"Entreprise Asselin\" width=\"515\" height=\"338\" srcset=\"https:\/\/i0.wp.com\/www.proantic.com\/magazine\/wp-content\/uploads\/2015\/11\/fjdl.jpg?w=515&amp;ssl=1 515w, https:\/\/i0.wp.com\/www.proantic.com\/magazine\/wp-content\/uploads\/2015\/11\/fjdl.jpg?resize=300%2C197&amp;ssl=1 300w, https:\/\/i0.wp.com\/www.proantic.com\/magazine\/wp-content\/uploads\/2015\/11\/fjdl.jpg?resize=230%2C150&amp;ssl=1 230w\" sizes=\"auto, (max-width: 515px) 100vw, 515px\" \/><\/a><figcaption id=\"caption-attachment-4159\" class=\"wp-caption-text\">Entreprise Asselin<\/figcaption><\/figure>\n<p><strong>La charpente<\/strong><\/p>\n<p>LES APPLICATIONS<\/p>\n<p>Charpentes &#8211; Moulins &#8211; Portes d&rsquo;\u00e9cluse &#8211; Maisons pan de bois &#8211; Passerelles &#8211; Beffrois &#8211; Fl\u00e8ches &#8211; Vo\u00fbtes &#8211; Poteaux-poutres &#8211; Ossature-bois &#8211; Pergolas &#8211; Sur\u00e9l\u00e9vations &#8211; Structures bois complexes<\/p>\n<p><em>Moyens &amp; M\u00e9thodes<\/em><\/p>\n<p>De la conception \u00e0 la r\u00e9alisation, nos ing\u00e9nieurs et charg\u00e9s d\u2019\u00e9tudes rel\u00e8vent, analysent et con\u00e7oivent tous types de charpente et structures complexes en harmonie avec le style ou les contraintes architecturales que nous imposent les ouvrages \u00e0 r\u00e9aliser.<\/p>\n<figure id=\"attachment_4160\" aria-describedby=\"caption-attachment-4160\" style=\"width: 593px\" class=\"wp-caption aligncenter\"><a href=\"https:\/\/i0.wp.com\/www.proantic.com\/magazine\/wp-content\/uploads\/2015\/11\/jkjiu.jpg\"><img data-recalc-dims=\"1\" loading=\"lazy\" decoding=\"async\" data-attachment-id=\"4160\" data-permalink=\"https:\/\/www.proantic.com\/magazine\/asselin-entreprise-du-patrimoine\/jkjiu-3\/\" data-orig-file=\"https:\/\/i0.wp.com\/www.proantic.com\/magazine\/wp-content\/uploads\/2015\/11\/jkjiu.jpg?fit=593%2C392&amp;ssl=1\" data-orig-size=\"593,392\" data-comments-opened=\"1\" data-image-meta=\"{&quot;aperture&quot;:&quot;0&quot;,&quot;credit&quot;:&quot;Celine&quot;,&quot;camera&quot;:&quot;&quot;,&quot;caption&quot;:&quot;&quot;,&quot;created_timestamp&quot;:&quot;1446642534&quot;,&quot;copyright&quot;:&quot;&quot;,&quot;focal_length&quot;:&quot;0&quot;,&quot;iso&quot;:&quot;0&quot;,&quot;shutter_speed&quot;:&quot;0&quot;,&quot;title&quot;:&quot;&quot;,&quot;orientation&quot;:&quot;0&quot;}\" data-image-title=\"Entreprise Asselin\" data-image-description=\"\" data-image-caption=\"&lt;p&gt;Entreprise Asselin&lt;\/p&gt;\n\" data-medium-file=\"https:\/\/i0.wp.com\/www.proantic.com\/magazine\/wp-content\/uploads\/2015\/11\/jkjiu.jpg?fit=300%2C198&amp;ssl=1\" data-large-file=\"https:\/\/i0.wp.com\/www.proantic.com\/magazine\/wp-content\/uploads\/2015\/11\/jkjiu.jpg?fit=593%2C392&amp;ssl=1\" class=\"size-full wp-image-4160\" src=\"https:\/\/i0.wp.com\/www.proantic.com\/magazine\/wp-content\/uploads\/2015\/11\/jkjiu.jpg?resize=593%2C392\" alt=\"Entreprise Asselin\" width=\"593\" height=\"392\" srcset=\"https:\/\/i0.wp.com\/www.proantic.com\/magazine\/wp-content\/uploads\/2015\/11\/jkjiu.jpg?w=593&amp;ssl=1 593w, https:\/\/i0.wp.com\/www.proantic.com\/magazine\/wp-content\/uploads\/2015\/11\/jkjiu.jpg?resize=300%2C198&amp;ssl=1 300w, https:\/\/i0.wp.com\/www.proantic.com\/magazine\/wp-content\/uploads\/2015\/11\/jkjiu.jpg?resize=192%2C128&amp;ssl=1 192w\" sizes=\"auto, (max-width: 593px) 100vw, 593px\" \/><\/a><figcaption id=\"caption-attachment-4160\" class=\"wp-caption-text\">Entreprise Asselin<\/figcaption><\/figure>\n<p><strong>La ferronnerie<\/strong><\/p>\n<p>LES APPLICATIONS<\/p>\n<p>Habillage et accessoires de fen\u00eatres, porte-fen\u00eatres, portes :<br \/>\nPentures &#8211; Clous &#8211; Targettes &#8211; Espagnolettes &#8211; Serrures &#8211; Heurtoirs<\/p>\n<p><em>\u00c9l\u00e9ments de d\u00e9coration et de s\u00e9curit\u00e9<\/em> :<\/p>\n<p>Grilles &#8211; Portes coch\u00e8res &#8211; Rampes d\u2019escaliers &#8211; Garde-corps &#8211; Balcons &#8211; \u00c9pis&#8230;<\/p>\n<p><em>Des m\u00e9thodes ancestrales<\/em><\/p>\n<p>Asselin s\u2019applique \u00e0 r\u00e9aliser toutes pi\u00e8ces, \u00e9l\u00e9ments ou accessoires selon les m\u00e9thodes les plus anciennes. Au sein m\u00eame de notre atelier de menuiserie, la forge travaille en \u00e9troite relation avec le bureau d\u2019\u00e9tude et les menuisiers.<br \/>\nL\u2019adaptation aux \u00e9l\u00e9ments menuis\u00e9s est ainsi parfaite et les essais sont valid\u00e9s et r\u00e9alis\u00e9s en atelier pour une mise en place sans soucis..<\/p>\n<figure id=\"attachment_4161\" aria-describedby=\"caption-attachment-4161\" style=\"width: 591px\" class=\"wp-caption aligncenter\"><a href=\"https:\/\/i0.wp.com\/www.proantic.com\/magazine\/wp-content\/uploads\/2015\/11\/dkslo.jpg\"><img data-recalc-dims=\"1\" loading=\"lazy\" decoding=\"async\" data-attachment-id=\"4161\" data-permalink=\"https:\/\/www.proantic.com\/magazine\/asselin-entreprise-du-patrimoine\/dkslo-3\/\" data-orig-file=\"https:\/\/i0.wp.com\/www.proantic.com\/magazine\/wp-content\/uploads\/2015\/11\/dkslo.jpg?fit=591%2C643&amp;ssl=1\" data-orig-size=\"591,643\" data-comments-opened=\"1\" data-image-meta=\"{&quot;aperture&quot;:&quot;0&quot;,&quot;credit&quot;:&quot;Celine&quot;,&quot;camera&quot;:&quot;&quot;,&quot;caption&quot;:&quot;&quot;,&quot;created_timestamp&quot;:&quot;1446642328&quot;,&quot;copyright&quot;:&quot;&quot;,&quot;focal_length&quot;:&quot;0&quot;,&quot;iso&quot;:&quot;0&quot;,&quot;shutter_speed&quot;:&quot;0&quot;,&quot;title&quot;:&quot;&quot;,&quot;orientation&quot;:&quot;0&quot;}\" data-image-title=\"Entreprise Asselin\" data-image-description=\"\" data-image-caption=\"&lt;p&gt;Entreprise Asselin&lt;\/p&gt;\n\" data-medium-file=\"https:\/\/i0.wp.com\/www.proantic.com\/magazine\/wp-content\/uploads\/2015\/11\/dkslo.jpg?fit=276%2C300&amp;ssl=1\" data-large-file=\"https:\/\/i0.wp.com\/www.proantic.com\/magazine\/wp-content\/uploads\/2015\/11\/dkslo.jpg?fit=591%2C643&amp;ssl=1\" class=\"size-full wp-image-4161\" src=\"https:\/\/i0.wp.com\/www.proantic.com\/magazine\/wp-content\/uploads\/2015\/11\/dkslo.jpg?resize=591%2C643\" alt=\"Entreprise Asselin\" width=\"591\" height=\"643\" srcset=\"https:\/\/i0.wp.com\/www.proantic.com\/magazine\/wp-content\/uploads\/2015\/11\/dkslo.jpg?w=591&amp;ssl=1 591w, https:\/\/i0.wp.com\/www.proantic.com\/magazine\/wp-content\/uploads\/2015\/11\/dkslo.jpg?resize=276%2C300&amp;ssl=1 276w\" sizes=\"auto, (max-width: 591px) 100vw, 591px\" \/><\/a><figcaption id=\"caption-attachment-4161\" class=\"wp-caption-text\">Entreprise Asselin<\/figcaption><\/figure>\n<p><span style=\"color: #ff0000;\">En savoir plus:<\/span><\/p>\n<blockquote class=\"wp-embedded-content\" data-secret=\"fddv4aqgKr\"><p><a href=\"https:\/\/www.asselin.fr\/\">Accueil<\/a><\/p><\/blockquote>\n<p><iframe loading=\"lazy\" class=\"wp-embedded-content\" sandbox=\"allow-scripts\" security=\"restricted\" style=\"position: absolute; visibility: hidden;\" title=\"\u00ab\u00a0Accueil\u00a0\u00bb &#8212; Asselin\" src=\"https:\/\/www.asselin.fr\/embed\/#?secret=87RX4izXEw#?secret=fddv4aqgKr\" data-secret=\"fddv4aqgKr\" width=\"600\" height=\"338\" frameborder=\"0\" marginwidth=\"0\" marginheight=\"0\" scrolling=\"no\"><\/iframe><\/p>\n","protected":false},"excerpt":{"rendered":"<p>Asselin est une entreprise\u00a0de charpente, menuiserie, \u00e9b\u00e9nisterie et ferronnerie\u00a0\u00a0traditionnelle sp\u00e9cialis\u00e9e dans la restauration des monuments historiques. Elle fut cr\u00e9\u00e9 en 1957\u00a0par G\u00e9rard Asselin, charpentier compagnon du tour de France. Elle a \u0153uvr\u00e9 de 1997 \u00e0 2014\u00a0\u00e0 la construction de la r\u00e9plique de l&rsquo;Hermione, la fr\u00e9gate qui conduit le marquis de La Fayette aux 2tats-Unis en [&hellip;]<\/p>\n","protected":false},"author":6,"featured_media":4158,"comment_status":"closed","ping_status":"open","sticky":false,"template":"","format":"standard","meta":{"jetpack_post_was_ever_published":false,"_jetpack_newsletter_access":"","_jetpack_dont_email_post_to_subs":true,"_jetpack_newsletter_tier_id":0,"_jetpack_memberships_contains_paywalled_content":false,"_jetpack_memberships_contains_paid_content":false,"footnotes":"","jetpack_publicize_message":"","jetpack_publicize_feature_enabled":true,"jetpack_social_post_already_shared":true,"jetpack_social_options":{"image_generator_settings":{"template":"highway","default_image_id":0,"font":"","enabled":false},"version":2}},"categories":[327],"tags":[],"class_list":["post-4155","post","type-post","status-publish","format-standard","has-post-thumbnail","hentry","category-entreprise-du-patrimoine"],"yoast_head":"<!-- This site is optimized with the Yoast SEO plugin v26.9 - https:\/\/yoast.com\/product\/yoast-seo-wordpress\/ -->\n<title>Asselin: entreprise du Patrimoine Le Magazine de Proantic<\/title>\n<meta name=\"description\" content=\"Asselin est une entreprise\u00a0de charpente, menuiserie, \u00e9b\u00e9nisterie et ferronnerie\u00a0\u00a0traditionnelle sp\u00e9cialis\u00e9e dans la restauration des monuments\" \/>\n<meta name=\"robots\" content=\"index, follow, max-snippet:-1, max-image-preview:large, max-video-preview:-1\" \/>\n<link rel=\"canonical\" href=\"https:\/\/www.proantic.com\/magazine\/asselin-entreprise-du-patrimoine\/\" \/>\n<meta property=\"og:locale\" content=\"fr_FR\" \/>\n<meta property=\"og:type\" content=\"article\" \/>\n<meta property=\"og:title\" content=\"Asselin: entreprise du Patrimoine Le Magazine de Proantic\" \/>\n<meta property=\"og:description\" content=\"Asselin est une entreprise\u00a0de charpente, menuiserie, \u00e9b\u00e9nisterie et ferronnerie\u00a0\u00a0traditionnelle sp\u00e9cialis\u00e9e dans la restauration des monuments\" \/>\n<meta property=\"og:url\" content=\"https:\/\/www.proantic.com\/magazine\/asselin-entreprise-du-patrimoine\/\" \/>\n<meta property=\"og:site_name\" content=\"Le Magazine de Proantic\" \/>\n<meta property=\"article:publisher\" content=\"https:\/\/www.facebook.com\/pages\/Proantic\/\/259180871793\" \/>\n<meta property=\"article:published_time\" content=\"2015-11-05T10:38:10+00:00\" \/>\n<meta property=\"article:modified_time\" content=\"2017-01-04T09:02:42+00:00\" \/>\n<meta property=\"og:image\" content=\"https:\/\/i0.wp.com\/www.proantic.com\/magazine\/wp-content\/uploads\/2015\/11\/jnhjhyu.jpg?fit=596%2C392&ssl=1\" \/>\n\t<meta property=\"og:image:width\" content=\"596\" \/>\n\t<meta property=\"og:image:height\" content=\"392\" \/>\n\t<meta property=\"og:image:type\" content=\"image\/jpeg\" \/>\n<meta name=\"author\" content=\"C\u00e9line Autant\" \/>\n<meta name=\"twitter:label1\" content=\"\u00c9crit par\" \/>\n\t<meta name=\"twitter:data1\" content=\"C\u00e9line Autant\" \/>\n\t<meta name=\"twitter:label2\" content=\"Dur\u00e9e de lecture estim\u00e9e\" \/>\n\t<meta name=\"twitter:data2\" content=\"3 minutes\" \/>\n<script type=\"application\/ld+json\" class=\"yoast-schema-graph\">{\"@context\":\"https:\/\/schema.org\",\"@graph\":[{\"@type\":\"Article\",\"@id\":\"https:\/\/www.proantic.com\/magazine\/asselin-entreprise-du-patrimoine\/#article\",\"isPartOf\":{\"@id\":\"https:\/\/www.proantic.com\/magazine\/asselin-entreprise-du-patrimoine\/\"},\"author\":{\"name\":\"C\u00e9line Autant\",\"@id\":\"https:\/\/www.proantic.com\/magazine\/#\/schema\/person\/63707e8f4e7d0172de7ddde897688be0\"},\"headline\":\"Asselin: entreprise du Patrimoine\",\"datePublished\":\"2015-11-05T10:38:10+00:00\",\"dateModified\":\"2017-01-04T09:02:42+00:00\",\"mainEntityOfPage\":{\"@id\":\"https:\/\/www.proantic.com\/magazine\/asselin-entreprise-du-patrimoine\/\"},\"wordCount\":557,\"image\":{\"@id\":\"https:\/\/www.proantic.com\/magazine\/asselin-entreprise-du-patrimoine\/#primaryimage\"},\"thumbnailUrl\":\"https:\/\/i0.wp.com\/www.proantic.com\/magazine\/wp-content\/uploads\/2015\/11\/jnhjhyu.jpg?fit=596%2C392&ssl=1\",\"articleSection\":[\"Entreprise du Patrimoine\"],\"inLanguage\":\"fr-FR\"},{\"@type\":\"WebPage\",\"@id\":\"https:\/\/www.proantic.com\/magazine\/asselin-entreprise-du-patrimoine\/\",\"url\":\"https:\/\/www.proantic.com\/magazine\/asselin-entreprise-du-patrimoine\/\",\"name\":\"Asselin: entreprise du Patrimoine Le Magazine de Proantic\",\"isPartOf\":{\"@id\":\"https:\/\/www.proantic.com\/magazine\/#website\"},\"primaryImageOfPage\":{\"@id\":\"https:\/\/www.proantic.com\/magazine\/asselin-entreprise-du-patrimoine\/#primaryimage\"},\"image\":{\"@id\":\"https:\/\/www.proantic.com\/magazine\/asselin-entreprise-du-patrimoine\/#primaryimage\"},\"thumbnailUrl\":\"https:\/\/i0.wp.com\/www.proantic.com\/magazine\/wp-content\/uploads\/2015\/11\/jnhjhyu.jpg?fit=596%2C392&ssl=1\",\"datePublished\":\"2015-11-05T10:38:10+00:00\",\"dateModified\":\"2017-01-04T09:02:42+00:00\",\"author\":{\"@id\":\"https:\/\/www.proantic.com\/magazine\/#\/schema\/person\/63707e8f4e7d0172de7ddde897688be0\"},\"description\":\"Asselin est une entreprise\u00a0de charpente, menuiserie, \u00e9b\u00e9nisterie et ferronnerie\u00a0\u00a0traditionnelle sp\u00e9cialis\u00e9e dans la restauration des monuments\",\"breadcrumb\":{\"@id\":\"https:\/\/www.proantic.com\/magazine\/asselin-entreprise-du-patrimoine\/#breadcrumb\"},\"inLanguage\":\"fr-FR\",\"potentialAction\":[{\"@type\":\"ReadAction\",\"target\":[\"https:\/\/www.proantic.com\/magazine\/asselin-entreprise-du-patrimoine\/\"]}]},{\"@type\":\"ImageObject\",\"inLanguage\":\"fr-FR\",\"@id\":\"https:\/\/www.proantic.com\/magazine\/asselin-entreprise-du-patrimoine\/#primaryimage\",\"url\":\"https:\/\/i0.wp.com\/www.proantic.com\/magazine\/wp-content\/uploads\/2015\/11\/jnhjhyu.jpg?fit=596%2C392&ssl=1\",\"contentUrl\":\"https:\/\/i0.wp.com\/www.proantic.com\/magazine\/wp-content\/uploads\/2015\/11\/jnhjhyu.jpg?fit=596%2C392&ssl=1\",\"width\":596,\"height\":392,\"caption\":\"Entreprise Asselin\"},{\"@type\":\"BreadcrumbList\",\"@id\":\"https:\/\/www.proantic.com\/magazine\/asselin-entreprise-du-patrimoine\/#breadcrumb\",\"itemListElement\":[{\"@type\":\"ListItem\",\"position\":1,\"name\":\"Accueil\",\"item\":\"https:\/\/www.proantic.com\/magazine\/\"},{\"@type\":\"ListItem\",\"position\":2,\"name\":\"Asselin: entreprise du Patrimoine\"}]},{\"@type\":\"WebSite\",\"@id\":\"https:\/\/www.proantic.com\/magazine\/#website\",\"url\":\"https:\/\/www.proantic.com\/magazine\/\",\"name\":\"Le Magazine de Proantic\",\"description\":\"Magazine d&#039;art et expositions\",\"potentialAction\":[{\"@type\":\"SearchAction\",\"target\":{\"@type\":\"EntryPoint\",\"urlTemplate\":\"https:\/\/www.proantic.com\/magazine\/?s={search_term_string}\"},\"query-input\":{\"@type\":\"PropertyValueSpecification\",\"valueRequired\":true,\"valueName\":\"search_term_string\"}}],\"inLanguage\":\"fr-FR\"},{\"@type\":\"Person\",\"@id\":\"https:\/\/www.proantic.com\/magazine\/#\/schema\/person\/63707e8f4e7d0172de7ddde897688be0\",\"name\":\"C\u00e9line Autant\"}]}<\/script>\n<!-- \/ Yoast SEO plugin. -->","yoast_head_json":{"title":"Asselin: entreprise du Patrimoine Le Magazine de Proantic","description":"Asselin est une entreprise\u00a0de charpente, menuiserie, \u00e9b\u00e9nisterie et ferronnerie\u00a0\u00a0traditionnelle sp\u00e9cialis\u00e9e dans la restauration des monuments","robots":{"index":"index","follow":"follow","max-snippet":"max-snippet:-1","max-image-preview":"max-image-preview:large","max-video-preview":"max-video-preview:-1"},"canonical":"https:\/\/www.proantic.com\/magazine\/asselin-entreprise-du-patrimoine\/","og_locale":"fr_FR","og_type":"article","og_title":"Asselin: entreprise du Patrimoine Le Magazine de Proantic","og_description":"Asselin est une entreprise\u00a0de charpente, menuiserie, \u00e9b\u00e9nisterie et ferronnerie\u00a0\u00a0traditionnelle sp\u00e9cialis\u00e9e dans la restauration des monuments","og_url":"https:\/\/www.proantic.com\/magazine\/asselin-entreprise-du-patrimoine\/","og_site_name":"Le Magazine de Proantic","article_publisher":"https:\/\/www.facebook.com\/pages\/Proantic\/\/259180871793","article_published_time":"2015-11-05T10:38:10+00:00","article_modified_time":"2017-01-04T09:02:42+00:00","og_image":[{"width":596,"height":392,"url":"https:\/\/i0.wp.com\/www.proantic.com\/magazine\/wp-content\/uploads\/2015\/11\/jnhjhyu.jpg?fit=596%2C392&ssl=1","type":"image\/jpeg"}],"author":"C\u00e9line Autant","twitter_misc":{"\u00c9crit par":"C\u00e9line Autant","Dur\u00e9e de lecture estim\u00e9e":"3 minutes"},"schema":{"@context":"https:\/\/schema.org","@graph":[{"@type":"Article","@id":"https:\/\/www.proantic.com\/magazine\/asselin-entreprise-du-patrimoine\/#article","isPartOf":{"@id":"https:\/\/www.proantic.com\/magazine\/asselin-entreprise-du-patrimoine\/"},"author":{"name":"C\u00e9line Autant","@id":"https:\/\/www.proantic.com\/magazine\/#\/schema\/person\/63707e8f4e7d0172de7ddde897688be0"},"headline":"Asselin: entreprise du Patrimoine","datePublished":"2015-11-05T10:38:10+00:00","dateModified":"2017-01-04T09:02:42+00:00","mainEntityOfPage":{"@id":"https:\/\/www.proantic.com\/magazine\/asselin-entreprise-du-patrimoine\/"},"wordCount":557,"image":{"@id":"https:\/\/www.proantic.com\/magazine\/asselin-entreprise-du-patrimoine\/#primaryimage"},"thumbnailUrl":"https:\/\/i0.wp.com\/www.proantic.com\/magazine\/wp-content\/uploads\/2015\/11\/jnhjhyu.jpg?fit=596%2C392&ssl=1","articleSection":["Entreprise du Patrimoine"],"inLanguage":"fr-FR"},{"@type":"WebPage","@id":"https:\/\/www.proantic.com\/magazine\/asselin-entreprise-du-patrimoine\/","url":"https:\/\/www.proantic.com\/magazine\/asselin-entreprise-du-patrimoine\/","name":"Asselin: entreprise du Patrimoine Le Magazine de Proantic","isPartOf":{"@id":"https:\/\/www.proantic.com\/magazine\/#website"},"primaryImageOfPage":{"@id":"https:\/\/www.proantic.com\/magazine\/asselin-entreprise-du-patrimoine\/#primaryimage"},"image":{"@id":"https:\/\/www.proantic.com\/magazine\/asselin-entreprise-du-patrimoine\/#primaryimage"},"thumbnailUrl":"https:\/\/i0.wp.com\/www.proantic.com\/magazine\/wp-content\/uploads\/2015\/11\/jnhjhyu.jpg?fit=596%2C392&ssl=1","datePublished":"2015-11-05T10:38:10+00:00","dateModified":"2017-01-04T09:02:42+00:00","author":{"@id":"https:\/\/www.proantic.com\/magazine\/#\/schema\/person\/63707e8f4e7d0172de7ddde897688be0"},"description":"Asselin est une entreprise\u00a0de charpente, menuiserie, \u00e9b\u00e9nisterie et ferronnerie\u00a0\u00a0traditionnelle sp\u00e9cialis\u00e9e dans la restauration des monuments","breadcrumb":{"@id":"https:\/\/www.proantic.com\/magazine\/asselin-entreprise-du-patrimoine\/#breadcrumb"},"inLanguage":"fr-FR","potentialAction":[{"@type":"ReadAction","target":["https:\/\/www.proantic.com\/magazine\/asselin-entreprise-du-patrimoine\/"]}]},{"@type":"ImageObject","inLanguage":"fr-FR","@id":"https:\/\/www.proantic.com\/magazine\/asselin-entreprise-du-patrimoine\/#primaryimage","url":"https:\/\/i0.wp.com\/www.proantic.com\/magazine\/wp-content\/uploads\/2015\/11\/jnhjhyu.jpg?fit=596%2C392&ssl=1","contentUrl":"https:\/\/i0.wp.com\/www.proantic.com\/magazine\/wp-content\/uploads\/2015\/11\/jnhjhyu.jpg?fit=596%2C392&ssl=1","width":596,"height":392,"caption":"Entreprise Asselin"},{"@type":"BreadcrumbList","@id":"https:\/\/www.proantic.com\/magazine\/asselin-entreprise-du-patrimoine\/#breadcrumb","itemListElement":[{"@type":"ListItem","position":1,"name":"Accueil","item":"https:\/\/www.proantic.com\/magazine\/"},{"@type":"ListItem","position":2,"name":"Asselin: entreprise du Patrimoine"}]},{"@type":"WebSite","@id":"https:\/\/www.proantic.com\/magazine\/#website","url":"https:\/\/www.proantic.com\/magazine\/","name":"Le Magazine de Proantic","description":"Magazine d&#039;art et expositions","potentialAction":[{"@type":"SearchAction","target":{"@type":"EntryPoint","urlTemplate":"https:\/\/www.proantic.com\/magazine\/?s={search_term_string}"},"query-input":{"@type":"PropertyValueSpecification","valueRequired":true,"valueName":"search_term_string"}}],"inLanguage":"fr-FR"},{"@type":"Person","@id":"https:\/\/www.proantic.com\/magazine\/#\/schema\/person\/63707e8f4e7d0172de7ddde897688be0","name":"C\u00e9line Autant"}]}},"jetpack_publicize_connections":[],"jetpack_featured_media_url":"https:\/\/i0.wp.com\/www.proantic.com\/magazine\/wp-content\/uploads\/2015\/11\/jnhjhyu.jpg?fit=596%2C392&ssl=1","jetpack_shortlink":"https:\/\/wp.me\/p7EkP3-151","jetpack_sharing_enabled":true,"_links":{"self":[{"href":"https:\/\/www.proantic.com\/magazine\/wp-json\/wp\/v2\/posts\/4155","targetHints":{"allow":["GET"]}}],"collection":[{"href":"https:\/\/www.proantic.com\/magazine\/wp-json\/wp\/v2\/posts"}],"about":[{"href":"https:\/\/www.proantic.com\/magazine\/wp-json\/wp\/v2\/types\/post"}],"author":[{"embeddable":true,"href":"https:\/\/www.proantic.com\/magazine\/wp-json\/wp\/v2\/users\/6"}],"replies":[{"embeddable":true,"href":"https:\/\/www.proantic.com\/magazine\/wp-json\/wp\/v2\/comments?post=4155"}],"version-history":[{"count":0,"href":"https:\/\/www.proantic.com\/magazine\/wp-json\/wp\/v2\/posts\/4155\/revisions"}],"wp:featuredmedia":[{"embeddable":true,"href":"https:\/\/www.proantic.com\/magazine\/wp-json\/wp\/v2\/media\/4158"}],"wp:attachment":[{"href":"https:\/\/www.proantic.com\/magazine\/wp-json\/wp\/v2\/media?parent=4155"}],"wp:term":[{"taxonomy":"category","embeddable":true,"href":"https:\/\/www.proantic.com\/magazine\/wp-json\/wp\/v2\/categories?post=4155"},{"taxonomy":"post_tag","embeddable":true,"href":"https:\/\/www.proantic.com\/magazine\/wp-json\/wp\/v2\/tags?post=4155"}],"curies":[{"name":"wp","href":"https:\/\/api.w.org\/{rel}","templated":true}]}}