{"id":4083,"date":"2015-10-20T17:04:19","date_gmt":"2015-10-20T16:04:19","guid":{"rendered":"http:\/\/www.proantic.com\/magazine\/?p=4083"},"modified":"2015-10-25T14:22:01","modified_gmt":"2015-10-25T13:22:01","slug":"le-bleu-deck","status":"publish","type":"post","link":"https:\/\/www.proantic.com\/magazine\/le-bleu-deck\/","title":{"rendered":"Le Bleu Deck"},"content":{"rendered":"<p><strong>Joseph-Th\u00e9odore Deck est n\u00e9 en 1823 \u00e0 Guebwiller, une commune du Haut-Rhin. Il r\u00eavait de devenir sculpteur mais ses origines modestes l&rsquo;orient\u00e8rent vers un m\u00e9tier plus prosa\u00efque : celui de potier c\u00e9ramiste.<\/strong> Il apprend la technique de la c\u00e9ramique en tant que fabricant de fours couverts de carreaux en c\u00e9ramique et voyage en Allemagne, Hongrie et en Autriche afin de se perfectionner.<\/p>\n<figure id=\"attachment_4102\" aria-describedby=\"caption-attachment-4102\" style=\"width: 800px\" class=\"wp-caption aligncenter\"><a href=\"https:\/\/i0.wp.com\/www.proantic.com\/magazine\/wp-content\/uploads\/2015\/10\/Joseph-Th%C3%A9odore_Deck_-_Large_Plate_-_Walters_481909.jpg\"><img data-recalc-dims=\"1\" loading=\"lazy\" decoding=\"async\" data-attachment-id=\"4102\" data-permalink=\"https:\/\/www.proantic.com\/magazine\/le-bleu-deck\/joseph-theodore_deck_-_large_plate_-_walters_481909\/\" data-orig-file=\"https:\/\/i0.wp.com\/www.proantic.com\/magazine\/wp-content\/uploads\/2015\/10\/Joseph-Th%C3%A9odore_Deck_-_Large_Plate_-_Walters_481909.jpg?fit=800%2C762&amp;ssl=1\" data-orig-size=\"800,762\" data-comments-opened=\"1\" data-image-meta=\"{&quot;aperture&quot;:&quot;0&quot;,&quot;credit&quot;:&quot;&quot;,&quot;camera&quot;:&quot;&quot;,&quot;caption&quot;:&quot;&quot;,&quot;created_timestamp&quot;:&quot;0&quot;,&quot;copyright&quot;:&quot;&quot;,&quot;focal_length&quot;:&quot;0&quot;,&quot;iso&quot;:&quot;0&quot;,&quot;shutter_speed&quot;:&quot;0&quot;,&quot;title&quot;:&quot;&quot;,&quot;orientation&quot;:&quot;0&quot;}\" data-image-title=\"Grand plat (vers 1875), Baltimore, Walters Art Museum.\" data-image-description=\"\" data-image-caption=\"&lt;p&gt;Grand plat (vers 1875), Baltimore, Walters Art Museum.&lt;\/p&gt;\n\" data-medium-file=\"https:\/\/i0.wp.com\/www.proantic.com\/magazine\/wp-content\/uploads\/2015\/10\/Joseph-Th%C3%A9odore_Deck_-_Large_Plate_-_Walters_481909.jpg?fit=300%2C286&amp;ssl=1\" data-large-file=\"https:\/\/i0.wp.com\/www.proantic.com\/magazine\/wp-content\/uploads\/2015\/10\/Joseph-Th%C3%A9odore_Deck_-_Large_Plate_-_Walters_481909.jpg?fit=665%2C633&amp;ssl=1\" class=\"size-full wp-image-4102\" src=\"https:\/\/i0.wp.com\/www.proantic.com\/magazine\/wp-content\/uploads\/2015\/10\/Joseph-Th%C3%A9odore_Deck_-_Large_Plate_-_Walters_481909.jpg?resize=665%2C633\" alt=\"Grand plat (vers 1875), Baltimore, Walters Art Museum.\" width=\"665\" height=\"633\" srcset=\"https:\/\/i0.wp.com\/www.proantic.com\/magazine\/wp-content\/uploads\/2015\/10\/Joseph-Th%C3%A9odore_Deck_-_Large_Plate_-_Walters_481909.jpg?w=800&amp;ssl=1 800w, https:\/\/i0.wp.com\/www.proantic.com\/magazine\/wp-content\/uploads\/2015\/10\/Joseph-Th%C3%A9odore_Deck_-_Large_Plate_-_Walters_481909.jpg?resize=300%2C286&amp;ssl=1 300w, https:\/\/i0.wp.com\/www.proantic.com\/magazine\/wp-content\/uploads\/2015\/10\/Joseph-Th%C3%A9odore_Deck_-_Large_Plate_-_Walters_481909.jpg?resize=620%2C591&amp;ssl=1 620w\" sizes=\"auto, (max-width: 665px) 100vw, 665px\" \/><\/a><figcaption id=\"caption-attachment-4102\" class=\"wp-caption-text\">Grand plat (vers 1875), Baltimore, Walters Art Museum.<\/figcaption><\/figure>\n<p>A l&rsquo;\u00e2ge de 24 ans, il s&rsquo;installe \u00e0 Paris afin d&rsquo;exercer son art et travaille dans une usine qui fabrique des fours en c\u00e9ramique. Il ouvre son propre atelier de fa\u00efence en 1856 avec son fr\u00e8re et son neveu et se sp\u00e9cialise dans le style oriental et plus particuli\u00e8rement dans le style d&rsquo;Iznik. Dans les ann\u00e9es 1880 il explore la tradition chinoise et collabore avec Rapha\u00ebl Collin, un peintre acad\u00e9mique professeur \u00e0 l&rsquo;acad\u00e9mie des Beaux Arts reconnu pour les liens qu&rsquo;il a tiss\u00e9s entre l&rsquo;art fran\u00e7ais et l&rsquo;art japonais \u00e0 la fois en peinture et en c\u00e9ramique. Il a publi\u00e9 un trait\u00e9 sur l&rsquo;art de la fa\u00efence en 1887.<\/p>\n<figure id=\"attachment_4103\" aria-describedby=\"caption-attachment-4103\" style=\"width: 408px\" class=\"wp-caption aligncenter\"><a href=\"https:\/\/i0.wp.com\/www.proantic.com\/magazine\/wp-content\/uploads\/2015\/10\/Chat_bleu_deck.jpg\"><img data-recalc-dims=\"1\" loading=\"lazy\" decoding=\"async\" data-attachment-id=\"4103\" data-permalink=\"https:\/\/www.proantic.com\/magazine\/le-bleu-deck\/chat_bleu_deck\/\" data-orig-file=\"https:\/\/i0.wp.com\/www.proantic.com\/magazine\/wp-content\/uploads\/2015\/10\/Chat_bleu_deck.jpg?fit=408%2C600&amp;ssl=1\" data-orig-size=\"408,600\" data-comments-opened=\"1\" data-image-meta=\"{&quot;aperture&quot;:&quot;0&quot;,&quot;credit&quot;:&quot;&quot;,&quot;camera&quot;:&quot;&quot;,&quot;caption&quot;:&quot;&quot;,&quot;created_timestamp&quot;:&quot;0&quot;,&quot;copyright&quot;:&quot;&quot;,&quot;focal_length&quot;:&quot;0&quot;,&quot;iso&quot;:&quot;0&quot;,&quot;shutter_speed&quot;:&quot;0&quot;,&quot;title&quot;:&quot;&quot;,&quot;orientation&quot;:&quot;0&quot;}\" data-image-title=\"Chat bleu, Guebwiller, mus\u00e9e Th\u00e9odore Deck.\" data-image-description=\"\" data-image-caption=\"&lt;p&gt;Chat bleu, Guebwiller, mus\u00e9e Th\u00e9odore Deck.&lt;\/p&gt;\n\" data-medium-file=\"https:\/\/i0.wp.com\/www.proantic.com\/magazine\/wp-content\/uploads\/2015\/10\/Chat_bleu_deck.jpg?fit=204%2C300&amp;ssl=1\" data-large-file=\"https:\/\/i0.wp.com\/www.proantic.com\/magazine\/wp-content\/uploads\/2015\/10\/Chat_bleu_deck.jpg?fit=408%2C600&amp;ssl=1\" class=\"size-full wp-image-4103\" src=\"https:\/\/i0.wp.com\/www.proantic.com\/magazine\/wp-content\/uploads\/2015\/10\/Chat_bleu_deck.jpg?resize=408%2C600\" alt=\"Chat bleu, Guebwiller, mus\u00e9e Th\u00e9odore Deck.\" width=\"408\" height=\"600\" srcset=\"https:\/\/i0.wp.com\/www.proantic.com\/magazine\/wp-content\/uploads\/2015\/10\/Chat_bleu_deck.jpg?w=408&amp;ssl=1 408w, https:\/\/i0.wp.com\/www.proantic.com\/magazine\/wp-content\/uploads\/2015\/10\/Chat_bleu_deck.jpg?resize=204%2C300&amp;ssl=1 204w\" sizes=\"auto, (max-width: 408px) 100vw, 408px\" \/><\/a><figcaption id=\"caption-attachment-4103\" class=\"wp-caption-text\">Chat bleu, Guebwiller, mus\u00e9e Th\u00e9odore Deck.<\/figcaption><\/figure>\n<p>Artiste, d\u00e9corateur et chimiste artisan, il privil\u00e9gie la surface picturale et la recherche chromatique. On lui doit une large gamme de techniques nouvelles comme la gla\u00e7ure sur feuille d\u2019or, appliqu\u00e9e sur les pi\u00e8ces d\u00e9coratives. Th\u00e9odore Deck r\u00e9alise aussi d\u2019importants travaux de c\u00e9ramique architecturale \u00e0 l\u2019exemple de l\u2019ornementation murale embellissant l\u2019h\u00f4tel de la comtesse de Pa\u00efva, sur les Champs-\u00c9lys\u00e9es.<\/p>\n<figure id=\"attachment_4104\" aria-describedby=\"caption-attachment-4104\" style=\"width: 800px\" class=\"wp-caption aligncenter\"><a href=\"https:\/\/i0.wp.com\/www.proantic.com\/magazine\/wp-content\/uploads\/2015\/10\/Deck-Bor%C3%A9ly-vase_balustre.jpg\"><img data-recalc-dims=\"1\" loading=\"lazy\" decoding=\"async\" data-attachment-id=\"4104\" data-permalink=\"https:\/\/www.proantic.com\/magazine\/le-bleu-deck\/deck-borely-vase_balustre\/\" data-orig-file=\"https:\/\/i0.wp.com\/www.proantic.com\/magazine\/wp-content\/uploads\/2015\/10\/Deck-Bor%C3%A9ly-vase_balustre.jpg?fit=800%2C1200&amp;ssl=1\" data-orig-size=\"800,1200\" data-comments-opened=\"1\" data-image-meta=\"{&quot;aperture&quot;:&quot;0&quot;,&quot;credit&quot;:&quot;&quot;,&quot;camera&quot;:&quot;&quot;,&quot;caption&quot;:&quot;&quot;,&quot;created_timestamp&quot;:&quot;0&quot;,&quot;copyright&quot;:&quot;&quot;,&quot;focal_length&quot;:&quot;0&quot;,&quot;iso&quot;:&quot;0&quot;,&quot;shutter_speed&quot;:&quot;0&quot;,&quot;title&quot;:&quot;&quot;,&quot;orientation&quot;:&quot;0&quot;}\" data-image-title=\"Deck-Bor\u00e9ly-vase_balustre\" data-image-description=\"\" data-image-caption=\"&lt;p&gt;Vase balustre, Marseille, mus\u00e9e des Arts d\u00e9coratifs, de la Fa\u00efence et de la Mode.&lt;\/p&gt;\n\" data-medium-file=\"https:\/\/i0.wp.com\/www.proantic.com\/magazine\/wp-content\/uploads\/2015\/10\/Deck-Bor%C3%A9ly-vase_balustre.jpg?fit=200%2C300&amp;ssl=1\" data-large-file=\"https:\/\/i0.wp.com\/www.proantic.com\/magazine\/wp-content\/uploads\/2015\/10\/Deck-Bor%C3%A9ly-vase_balustre.jpg?fit=665%2C997&amp;ssl=1\" class=\"size-full wp-image-4104\" src=\"https:\/\/i0.wp.com\/www.proantic.com\/magazine\/wp-content\/uploads\/2015\/10\/Deck-Bor%C3%A9ly-vase_balustre.jpg?resize=665%2C998\" alt=\"Vase balustre, Marseille, mus\u00e9e des Arts d\u00e9coratifs, de la Fa\u00efence et de la Mode.\" width=\"665\" height=\"998\" srcset=\"https:\/\/i0.wp.com\/www.proantic.com\/magazine\/wp-content\/uploads\/2015\/10\/Deck-Bor%C3%A9ly-vase_balustre.jpg?w=800&amp;ssl=1 800w, https:\/\/i0.wp.com\/www.proantic.com\/magazine\/wp-content\/uploads\/2015\/10\/Deck-Bor%C3%A9ly-vase_balustre.jpg?resize=200%2C300&amp;ssl=1 200w, https:\/\/i0.wp.com\/www.proantic.com\/magazine\/wp-content\/uploads\/2015\/10\/Deck-Bor%C3%A9ly-vase_balustre.jpg?resize=683%2C1024&amp;ssl=1 683w, https:\/\/i0.wp.com\/www.proantic.com\/magazine\/wp-content\/uploads\/2015\/10\/Deck-Bor%C3%A9ly-vase_balustre.jpg?resize=620%2C930&amp;ssl=1 620w\" sizes=\"auto, (max-width: 665px) 100vw, 665px\" \/><\/a><figcaption id=\"caption-attachment-4104\" class=\"wp-caption-text\">Vase balustre, Marseille, mus\u00e9e des Arts d\u00e9coratifs, de la Fa\u00efence et de la Mode.<\/figcaption><\/figure>\n<p>Alliant une solide technique \u00e0 une imagination stylistique d\u00e9bordante, \u00a0va \u00a0s\u2019int\u00e9resser de tr\u00e8s pr\u00e8s aux couleurs. il \u00a0cr\u00e9e une palette d\u2019\u00e9maux in\u00e9dits, inspir\u00e9s \u00e0 la fois de la Renaissance italienne, de la Gr\u00e8ce antique, du naturalisme japonais et de l\u2019Orient islamique.<\/p>\n<p>Th\u00e9odore Deck, c\u2019est d\u2019abord un bleu qui porte son nom. Un bleu superbe, opaque et moins vitrifi\u00e9, aux vibrations encore inconnues, dont la qualit\u00e9 principale est de modifier sa nuance en fonction de l\u2019\u00e9paisseur. Cette couleur turquoise vaut au c\u00e9ramiste d\u2019\u00eatre r\u00e9compens\u00e9 en 1861 \u00e0 l\u2019Exposition universelle des arts industriels de Paris.<\/p>\n<figure id=\"attachment_4105\" aria-describedby=\"caption-attachment-4105\" style=\"width: 500px\" class=\"wp-caption aligncenter\"><a href=\"https:\/\/i0.wp.com\/www.proantic.com\/magazine\/wp-content\/uploads\/2015\/10\/h2_1985.225.jpg\"><img data-recalc-dims=\"1\" loading=\"lazy\" decoding=\"async\" data-attachment-id=\"4105\" data-permalink=\"https:\/\/www.proantic.com\/magazine\/le-bleu-deck\/h2_1985-225\/\" data-orig-file=\"https:\/\/i0.wp.com\/www.proantic.com\/magazine\/wp-content\/uploads\/2015\/10\/h2_1985.225.jpg?fit=500%2C441&amp;ssl=1\" data-orig-size=\"500,441\" data-comments-opened=\"1\" data-image-meta=\"{&quot;aperture&quot;:&quot;0&quot;,&quot;credit&quot;:&quot;&quot;,&quot;camera&quot;:&quot;&quot;,&quot;caption&quot;:&quot;&quot;,&quot;created_timestamp&quot;:&quot;0&quot;,&quot;copyright&quot;:&quot;&quot;,&quot;focal_length&quot;:&quot;0&quot;,&quot;iso&quot;:&quot;0&quot;,&quot;shutter_speed&quot;:&quot;0&quot;,&quot;title&quot;:&quot;&quot;,&quot;orientation&quot;:&quot;0&quot;}\" data-image-title=\"Plat ca. 1870 Joseph-Th\u00e9odore Deck\" data-image-description=\"\" data-image-caption=\"&lt;p&gt;Plat ca. 1870&lt;br \/&gt;\nJoseph-Th\u00e9odore Deck&lt;\/p&gt;\n\" data-medium-file=\"https:\/\/i0.wp.com\/www.proantic.com\/magazine\/wp-content\/uploads\/2015\/10\/h2_1985.225.jpg?fit=300%2C265&amp;ssl=1\" data-large-file=\"https:\/\/i0.wp.com\/www.proantic.com\/magazine\/wp-content\/uploads\/2015\/10\/h2_1985.225.jpg?fit=500%2C441&amp;ssl=1\" class=\"size-full wp-image-4105\" src=\"https:\/\/i0.wp.com\/www.proantic.com\/magazine\/wp-content\/uploads\/2015\/10\/h2_1985.225.jpg?resize=500%2C441\" alt=\"Plat ca. 1870 Joseph-Th\u00e9odore Deck\" width=\"500\" height=\"441\" srcset=\"https:\/\/i0.wp.com\/www.proantic.com\/magazine\/wp-content\/uploads\/2015\/10\/h2_1985.225.jpg?w=500&amp;ssl=1 500w, https:\/\/i0.wp.com\/www.proantic.com\/magazine\/wp-content\/uploads\/2015\/10\/h2_1985.225.jpg?resize=300%2C265&amp;ssl=1 300w\" sizes=\"auto, (max-width: 500px) 100vw, 500px\" \/><\/a><figcaption id=\"caption-attachment-4105\" class=\"wp-caption-text\">Plat ca. 1870<br \/>Joseph-Th\u00e9odore Deck<\/figcaption><\/figure>\n<p>C\u2019est un tesson provenant de Perse qui le met sur la piste de ce bleu \u00e9vocateur. Il l\u2019analyse et d\u00e9couvre que sa composition est compl\u00e9tement diff\u00e9rente de ce que l\u2019on produit alors en Europe. Il retrouvera la formule permettant d\u2019obtenir cette couleur intense \u00e0 la jonction entre le bleu turc, le bleu persan, le bleu \u00e9gyptien et le bleu chinois, une teinte d\u2019un turquoise profond.<\/p>\n<figure id=\"attachment_4106\" aria-describedby=\"caption-attachment-4106\" style=\"width: 384px\" class=\"wp-caption aligncenter\"><a href=\"https:\/\/i0.wp.com\/www.proantic.com\/magazine\/wp-content\/uploads\/2015\/10\/PMADeck1.jpg\"><img data-recalc-dims=\"1\" loading=\"lazy\" decoding=\"async\" data-attachment-id=\"4106\" data-permalink=\"https:\/\/www.proantic.com\/magazine\/le-bleu-deck\/pmadeck1\/\" data-orig-file=\"https:\/\/i0.wp.com\/www.proantic.com\/magazine\/wp-content\/uploads\/2015\/10\/PMADeck1.jpg?fit=384%2C648&amp;ssl=1\" data-orig-size=\"384,648\" data-comments-opened=\"1\" data-image-meta=\"{&quot;aperture&quot;:&quot;0&quot;,&quot;credit&quot;:&quot;&quot;,&quot;camera&quot;:&quot;&quot;,&quot;caption&quot;:&quot;&quot;,&quot;created_timestamp&quot;:&quot;0&quot;,&quot;copyright&quot;:&quot;&quot;,&quot;focal_length&quot;:&quot;0&quot;,&quot;iso&quot;:&quot;0&quot;,&quot;shutter_speed&quot;:&quot;0&quot;,&quot;title&quot;:&quot;&quot;,&quot;orientation&quot;:&quot;1&quot;}\" data-image-title=\"Carreaux de fa\u00efence de Th\u00e9odore Deck\" data-image-description=\"\" data-image-caption=\"&lt;p&gt;Carreaux de fa\u00efence de Th\u00e9odore Deck&lt;\/p&gt;\n\" data-medium-file=\"https:\/\/i0.wp.com\/www.proantic.com\/magazine\/wp-content\/uploads\/2015\/10\/PMADeck1.jpg?fit=178%2C300&amp;ssl=1\" data-large-file=\"https:\/\/i0.wp.com\/www.proantic.com\/magazine\/wp-content\/uploads\/2015\/10\/PMADeck1.jpg?fit=384%2C648&amp;ssl=1\" class=\"size-full wp-image-4106\" src=\"https:\/\/i0.wp.com\/www.proantic.com\/magazine\/wp-content\/uploads\/2015\/10\/PMADeck1.jpg?resize=384%2C648\" alt=\"Carreaux de fa\u00efence de Th\u00e9odore Deck\" width=\"384\" height=\"648\" srcset=\"https:\/\/i0.wp.com\/www.proantic.com\/magazine\/wp-content\/uploads\/2015\/10\/PMADeck1.jpg?w=384&amp;ssl=1 384w, https:\/\/i0.wp.com\/www.proantic.com\/magazine\/wp-content\/uploads\/2015\/10\/PMADeck1.jpg?resize=178%2C300&amp;ssl=1 178w\" sizes=\"auto, (max-width: 384px) 100vw, 384px\" \/><\/a><figcaption id=\"caption-attachment-4106\" class=\"wp-caption-text\">Carreaux de fa\u00efence de Th\u00e9odore Deck<\/figcaption><\/figure>\n<p>Ce sont des peuplades venues d\u2019Anatolie qui v\u00e9hicul\u00e8rent cette technique ne contenant que 5\u00a0% de colorants. Le contr\u00f4le de la temp\u00e9rature de cuisson est essentiel pour l\u2019obtention de la couleur. Plut\u00f4t que d\u2019utiliser du cobalt, Th\u00e9odore Deck use de l\u2019oxyde de cuivre, qui, m\u00e9lang\u00e9 \u00e0 l\u2019oxyg\u00e8ne, provoque une transmutation chimique. Les recherches sur le bleu de cuivre avaient \u00e9t\u00e9 initi\u00e9es par Louis Alphonse Salv\u00e9tat (1820-1882) \u00e0 la manufacture de S\u00e8vres, Joseph-Th\u00e9odore Deck\u00a0les approfondissant pour en faire un succ\u00e8s aussi bien esth\u00e9tique que commercial.<\/p>\n<p>Auteur d\u2019un trait\u00e9 magistral sur la fa\u00efence, il est nomm\u00e9 en 1887 directeur de la manufacture nationale de S\u00e8vres et forme ainsi plusieurs c\u00e9ramistes talentueux de l\u2019art nouveau\u00a0: Edmond Lachenal, Adalbert de Beaumont, Ernest Carri\u00e8re.<\/p>\n","protected":false},"excerpt":{"rendered":"<p>Joseph-Th\u00e9odore Deck est n\u00e9 en 1823 \u00e0 Guebwiller, une commune du Haut-Rhin. Il r\u00eavait de devenir sculpteur mais ses origines modestes l&rsquo;orient\u00e8rent vers un m\u00e9tier plus prosa\u00efque : celui de potier c\u00e9ramiste. Il apprend la technique de la c\u00e9ramique en tant que fabricant de fours couverts de carreaux en c\u00e9ramique et voyage en Allemagne, Hongrie [&hellip;]<\/p>\n","protected":false},"author":6,"featured_media":4107,"comment_status":"closed","ping_status":"open","sticky":false,"template":"","format":"standard","meta":{"jetpack_post_was_ever_published":false,"_jetpack_newsletter_access":"","_jetpack_dont_email_post_to_subs":false,"_jetpack_newsletter_tier_id":0,"_jetpack_memberships_contains_paywalled_content":false,"_jetpack_memberships_contains_paid_content":false,"footnotes":"","jetpack_publicize_message":"","jetpack_publicize_feature_enabled":true,"jetpack_social_post_already_shared":true,"jetpack_social_options":{"image_generator_settings":{"template":"highway","default_image_id":0,"font":"","enabled":false},"version":2}},"categories":[372],"tags":[48,138,247],"class_list":["post-4083","post","type-post","status-publish","format-standard","has-post-thumbnail","hentry","category-abc-du-decor","tag-ceramique","tag-faience","tag-theodore-deck"],"yoast_head":"<!-- This site is optimized with the Yoast SEO plugin v26.9 - https:\/\/yoast.com\/product\/yoast-seo-wordpress\/ -->\n<title>Le Bleu Deck Le Magazine de Proantic<\/title>\n<meta name=\"description\" content=\"Joseph-Th\u00e9odore Deck est n\u00e9 en 1823 \u00e0 Guebwiller, une commune du Haut-Rhin. Il r\u00eavait de devenir sculpteur mais ses origines modestes l&#039;orient\u00e8rent vers\" \/>\n<meta name=\"robots\" content=\"index, follow, max-snippet:-1, max-image-preview:large, max-video-preview:-1\" \/>\n<link rel=\"canonical\" href=\"https:\/\/www.proantic.com\/magazine\/le-bleu-deck\/\" \/>\n<meta property=\"og:locale\" content=\"fr_FR\" \/>\n<meta property=\"og:type\" content=\"article\" \/>\n<meta property=\"og:title\" content=\"Le Bleu Deck Le Magazine de Proantic\" \/>\n<meta property=\"og:description\" content=\"Joseph-Th\u00e9odore Deck est n\u00e9 en 1823 \u00e0 Guebwiller, une commune du Haut-Rhin. Il r\u00eavait de devenir sculpteur mais ses origines modestes l&#039;orient\u00e8rent vers\" \/>\n<meta property=\"og:url\" content=\"https:\/\/www.proantic.com\/magazine\/le-bleu-deck\/\" \/>\n<meta property=\"og:site_name\" content=\"Le Magazine de Proantic\" \/>\n<meta property=\"article:publisher\" content=\"https:\/\/www.facebook.com\/pages\/Proantic\/\/259180871793\" \/>\n<meta property=\"article:published_time\" content=\"2015-10-20T16:04:19+00:00\" \/>\n<meta property=\"article:modified_time\" content=\"2015-10-25T13:22:01+00:00\" \/>\n<meta property=\"og:image\" content=\"https:\/\/i0.wp.com\/www.proantic.com\/magazine\/wp-content\/uploads\/2015\/10\/dsklo.jpg?fit=809%2C501&ssl=1\" \/>\n\t<meta property=\"og:image:width\" content=\"809\" \/>\n\t<meta property=\"og:image:height\" content=\"501\" \/>\n\t<meta property=\"og:image:type\" content=\"image\/jpeg\" \/>\n<meta name=\"author\" content=\"C\u00e9line Autant\" \/>\n<meta name=\"twitter:label1\" content=\"\u00c9crit par\" \/>\n\t<meta name=\"twitter:data1\" content=\"C\u00e9line Autant\" \/>\n\t<meta name=\"twitter:label2\" content=\"Dur\u00e9e de lecture estim\u00e9e\" \/>\n\t<meta name=\"twitter:data2\" content=\"3 minutes\" \/>\n<script type=\"application\/ld+json\" class=\"yoast-schema-graph\">{\"@context\":\"https:\/\/schema.org\",\"@graph\":[{\"@type\":\"Article\",\"@id\":\"https:\/\/www.proantic.com\/magazine\/le-bleu-deck\/#article\",\"isPartOf\":{\"@id\":\"https:\/\/www.proantic.com\/magazine\/le-bleu-deck\/\"},\"author\":{\"name\":\"C\u00e9line Autant\",\"@id\":\"https:\/\/www.proantic.com\/magazine\/#\/schema\/person\/932db14f53d245f4acce86a3fe906582\"},\"headline\":\"Le Bleu Deck\",\"datePublished\":\"2015-10-20T16:04:19+00:00\",\"dateModified\":\"2015-10-25T13:22:01+00:00\",\"mainEntityOfPage\":{\"@id\":\"https:\/\/www.proantic.com\/magazine\/le-bleu-deck\/\"},\"wordCount\":670,\"image\":{\"@id\":\"https:\/\/www.proantic.com\/magazine\/le-bleu-deck\/#primaryimage\"},\"thumbnailUrl\":\"https:\/\/i0.wp.com\/www.proantic.com\/magazine\/wp-content\/uploads\/2015\/10\/dsklo.jpg?fit=809%2C501&ssl=1\",\"keywords\":[\"c\u00e9ramique\",\"fa\u00efence\",\"Th\u00e9odore Deck\"],\"articleSection\":[\"ABC du d\u00e9cor\"],\"inLanguage\":\"fr-FR\"},{\"@type\":\"WebPage\",\"@id\":\"https:\/\/www.proantic.com\/magazine\/le-bleu-deck\/\",\"url\":\"https:\/\/www.proantic.com\/magazine\/le-bleu-deck\/\",\"name\":\"Le Bleu Deck Le Magazine de Proantic\",\"isPartOf\":{\"@id\":\"https:\/\/www.proantic.com\/magazine\/#website\"},\"primaryImageOfPage\":{\"@id\":\"https:\/\/www.proantic.com\/magazine\/le-bleu-deck\/#primaryimage\"},\"image\":{\"@id\":\"https:\/\/www.proantic.com\/magazine\/le-bleu-deck\/#primaryimage\"},\"thumbnailUrl\":\"https:\/\/i0.wp.com\/www.proantic.com\/magazine\/wp-content\/uploads\/2015\/10\/dsklo.jpg?fit=809%2C501&ssl=1\",\"datePublished\":\"2015-10-20T16:04:19+00:00\",\"dateModified\":\"2015-10-25T13:22:01+00:00\",\"author\":{\"@id\":\"https:\/\/www.proantic.com\/magazine\/#\/schema\/person\/932db14f53d245f4acce86a3fe906582\"},\"description\":\"Joseph-Th\u00e9odore Deck est n\u00e9 en 1823 \u00e0 Guebwiller, une commune du Haut-Rhin. Il r\u00eavait de devenir sculpteur mais ses origines modestes l'orient\u00e8rent vers\",\"breadcrumb\":{\"@id\":\"https:\/\/www.proantic.com\/magazine\/le-bleu-deck\/#breadcrumb\"},\"inLanguage\":\"fr-FR\",\"potentialAction\":[{\"@type\":\"ReadAction\",\"target\":[\"https:\/\/www.proantic.com\/magazine\/le-bleu-deck\/\"]}]},{\"@type\":\"ImageObject\",\"inLanguage\":\"fr-FR\",\"@id\":\"https:\/\/www.proantic.com\/magazine\/le-bleu-deck\/#primaryimage\",\"url\":\"https:\/\/i0.wp.com\/www.proantic.com\/magazine\/wp-content\/uploads\/2015\/10\/dsklo.jpg?fit=809%2C501&ssl=1\",\"contentUrl\":\"https:\/\/i0.wp.com\/www.proantic.com\/magazine\/wp-content\/uploads\/2015\/10\/dsklo.jpg?fit=809%2C501&ssl=1\",\"width\":809,\"height\":501},{\"@type\":\"BreadcrumbList\",\"@id\":\"https:\/\/www.proantic.com\/magazine\/le-bleu-deck\/#breadcrumb\",\"itemListElement\":[{\"@type\":\"ListItem\",\"position\":1,\"name\":\"Accueil\",\"item\":\"https:\/\/www.proantic.com\/magazine\/\"},{\"@type\":\"ListItem\",\"position\":2,\"name\":\"Le Bleu Deck\"}]},{\"@type\":\"WebSite\",\"@id\":\"https:\/\/www.proantic.com\/magazine\/#website\",\"url\":\"https:\/\/www.proantic.com\/magazine\/\",\"name\":\"Le Magazine de Proantic\",\"description\":\"Magazine d&#039;art et expositions\",\"potentialAction\":[{\"@type\":\"SearchAction\",\"target\":{\"@type\":\"EntryPoint\",\"urlTemplate\":\"https:\/\/www.proantic.com\/magazine\/?s={search_term_string}\"},\"query-input\":{\"@type\":\"PropertyValueSpecification\",\"valueRequired\":true,\"valueName\":\"search_term_string\"}}],\"inLanguage\":\"fr-FR\"},{\"@type\":\"Person\",\"@id\":\"https:\/\/www.proantic.com\/magazine\/#\/schema\/person\/932db14f53d245f4acce86a3fe906582\",\"name\":\"C\u00e9line Autant\"}]}<\/script>\n<!-- \/ Yoast SEO plugin. -->","yoast_head_json":{"title":"Le Bleu Deck Le Magazine de Proantic","description":"Joseph-Th\u00e9odore Deck est n\u00e9 en 1823 \u00e0 Guebwiller, une commune du Haut-Rhin. Il r\u00eavait de devenir sculpteur mais ses origines modestes l'orient\u00e8rent vers","robots":{"index":"index","follow":"follow","max-snippet":"max-snippet:-1","max-image-preview":"max-image-preview:large","max-video-preview":"max-video-preview:-1"},"canonical":"https:\/\/www.proantic.com\/magazine\/le-bleu-deck\/","og_locale":"fr_FR","og_type":"article","og_title":"Le Bleu Deck Le Magazine de Proantic","og_description":"Joseph-Th\u00e9odore Deck est n\u00e9 en 1823 \u00e0 Guebwiller, une commune du Haut-Rhin. Il r\u00eavait de devenir sculpteur mais ses origines modestes l'orient\u00e8rent vers","og_url":"https:\/\/www.proantic.com\/magazine\/le-bleu-deck\/","og_site_name":"Le Magazine de Proantic","article_publisher":"https:\/\/www.facebook.com\/pages\/Proantic\/\/259180871793","article_published_time":"2015-10-20T16:04:19+00:00","article_modified_time":"2015-10-25T13:22:01+00:00","og_image":[{"width":809,"height":501,"url":"https:\/\/i0.wp.com\/www.proantic.com\/magazine\/wp-content\/uploads\/2015\/10\/dsklo.jpg?fit=809%2C501&ssl=1","type":"image\/jpeg"}],"author":"C\u00e9line Autant","twitter_misc":{"\u00c9crit par":"C\u00e9line Autant","Dur\u00e9e de lecture estim\u00e9e":"3 minutes"},"schema":{"@context":"https:\/\/schema.org","@graph":[{"@type":"Article","@id":"https:\/\/www.proantic.com\/magazine\/le-bleu-deck\/#article","isPartOf":{"@id":"https:\/\/www.proantic.com\/magazine\/le-bleu-deck\/"},"author":{"name":"C\u00e9line Autant","@id":"https:\/\/www.proantic.com\/magazine\/#\/schema\/person\/932db14f53d245f4acce86a3fe906582"},"headline":"Le Bleu Deck","datePublished":"2015-10-20T16:04:19+00:00","dateModified":"2015-10-25T13:22:01+00:00","mainEntityOfPage":{"@id":"https:\/\/www.proantic.com\/magazine\/le-bleu-deck\/"},"wordCount":670,"image":{"@id":"https:\/\/www.proantic.com\/magazine\/le-bleu-deck\/#primaryimage"},"thumbnailUrl":"https:\/\/i0.wp.com\/www.proantic.com\/magazine\/wp-content\/uploads\/2015\/10\/dsklo.jpg?fit=809%2C501&ssl=1","keywords":["c\u00e9ramique","fa\u00efence","Th\u00e9odore Deck"],"articleSection":["ABC du d\u00e9cor"],"inLanguage":"fr-FR"},{"@type":"WebPage","@id":"https:\/\/www.proantic.com\/magazine\/le-bleu-deck\/","url":"https:\/\/www.proantic.com\/magazine\/le-bleu-deck\/","name":"Le Bleu Deck Le Magazine de Proantic","isPartOf":{"@id":"https:\/\/www.proantic.com\/magazine\/#website"},"primaryImageOfPage":{"@id":"https:\/\/www.proantic.com\/magazine\/le-bleu-deck\/#primaryimage"},"image":{"@id":"https:\/\/www.proantic.com\/magazine\/le-bleu-deck\/#primaryimage"},"thumbnailUrl":"https:\/\/i0.wp.com\/www.proantic.com\/magazine\/wp-content\/uploads\/2015\/10\/dsklo.jpg?fit=809%2C501&ssl=1","datePublished":"2015-10-20T16:04:19+00:00","dateModified":"2015-10-25T13:22:01+00:00","author":{"@id":"https:\/\/www.proantic.com\/magazine\/#\/schema\/person\/932db14f53d245f4acce86a3fe906582"},"description":"Joseph-Th\u00e9odore Deck est n\u00e9 en 1823 \u00e0 Guebwiller, une commune du Haut-Rhin. Il r\u00eavait de devenir sculpteur mais ses origines modestes l'orient\u00e8rent vers","breadcrumb":{"@id":"https:\/\/www.proantic.com\/magazine\/le-bleu-deck\/#breadcrumb"},"inLanguage":"fr-FR","potentialAction":[{"@type":"ReadAction","target":["https:\/\/www.proantic.com\/magazine\/le-bleu-deck\/"]}]},{"@type":"ImageObject","inLanguage":"fr-FR","@id":"https:\/\/www.proantic.com\/magazine\/le-bleu-deck\/#primaryimage","url":"https:\/\/i0.wp.com\/www.proantic.com\/magazine\/wp-content\/uploads\/2015\/10\/dsklo.jpg?fit=809%2C501&ssl=1","contentUrl":"https:\/\/i0.wp.com\/www.proantic.com\/magazine\/wp-content\/uploads\/2015\/10\/dsklo.jpg?fit=809%2C501&ssl=1","width":809,"height":501},{"@type":"BreadcrumbList","@id":"https:\/\/www.proantic.com\/magazine\/le-bleu-deck\/#breadcrumb","itemListElement":[{"@type":"ListItem","position":1,"name":"Accueil","item":"https:\/\/www.proantic.com\/magazine\/"},{"@type":"ListItem","position":2,"name":"Le Bleu Deck"}]},{"@type":"WebSite","@id":"https:\/\/www.proantic.com\/magazine\/#website","url":"https:\/\/www.proantic.com\/magazine\/","name":"Le Magazine de Proantic","description":"Magazine d&#039;art et expositions","potentialAction":[{"@type":"SearchAction","target":{"@type":"EntryPoint","urlTemplate":"https:\/\/www.proantic.com\/magazine\/?s={search_term_string}"},"query-input":{"@type":"PropertyValueSpecification","valueRequired":true,"valueName":"search_term_string"}}],"inLanguage":"fr-FR"},{"@type":"Person","@id":"https:\/\/www.proantic.com\/magazine\/#\/schema\/person\/932db14f53d245f4acce86a3fe906582","name":"C\u00e9line Autant"}]}},"jetpack_publicize_connections":[],"jetpack_featured_media_url":"https:\/\/i0.wp.com\/www.proantic.com\/magazine\/wp-content\/uploads\/2015\/10\/dsklo.jpg?fit=809%2C501&ssl=1","jetpack_shortlink":"https:\/\/wp.me\/p7EkP3-13R","jetpack_sharing_enabled":true,"_links":{"self":[{"href":"https:\/\/www.proantic.com\/magazine\/wp-json\/wp\/v2\/posts\/4083","targetHints":{"allow":["GET"]}}],"collection":[{"href":"https:\/\/www.proantic.com\/magazine\/wp-json\/wp\/v2\/posts"}],"about":[{"href":"https:\/\/www.proantic.com\/magazine\/wp-json\/wp\/v2\/types\/post"}],"author":[{"embeddable":true,"href":"https:\/\/www.proantic.com\/magazine\/wp-json\/wp\/v2\/users\/6"}],"replies":[{"embeddable":true,"href":"https:\/\/www.proantic.com\/magazine\/wp-json\/wp\/v2\/comments?post=4083"}],"version-history":[{"count":0,"href":"https:\/\/www.proantic.com\/magazine\/wp-json\/wp\/v2\/posts\/4083\/revisions"}],"wp:featuredmedia":[{"embeddable":true,"href":"https:\/\/www.proantic.com\/magazine\/wp-json\/wp\/v2\/media\/4107"}],"wp:attachment":[{"href":"https:\/\/www.proantic.com\/magazine\/wp-json\/wp\/v2\/media?parent=4083"}],"wp:term":[{"taxonomy":"category","embeddable":true,"href":"https:\/\/www.proantic.com\/magazine\/wp-json\/wp\/v2\/categories?post=4083"},{"taxonomy":"post_tag","embeddable":true,"href":"https:\/\/www.proantic.com\/magazine\/wp-json\/wp\/v2\/tags?post=4083"}],"curies":[{"name":"wp","href":"https:\/\/api.w.org\/{rel}","templated":true}]}}