{"id":3911,"date":"2015-09-02T12:07:38","date_gmt":"2015-09-02T11:07:38","guid":{"rendered":"http:\/\/www.proantic.com\/magazine\/?p=3911"},"modified":"2017-12-15T11:03:56","modified_gmt":"2017-12-15T10:03:56","slug":"regards-sur-le-mobilier-domestique","status":"publish","type":"post","link":"https:\/\/www.proantic.com\/magazine\/regards-sur-le-mobilier-domestique\/","title":{"rendered":"Regards sur le mobilier domestique"},"content":{"rendered":"<p><strong>Auteur:<\/strong>\u00a0Collectif<\/p>\n<p><strong>Editeur:<\/strong>\u00a0actes Sud, Beaux arts<\/p>\n<p>Du Moyen \u00c2ge \u00e0 nos jours, les meubles sont le reflet de la soci\u00e9t\u00e9, au m\u00eame titre que les arts majeurs. Objets indispensables des int\u00e9rieurs domestiques, ils participent \u00e0 l\u2019histoire du go\u00fbt, qu\u2019ils soient destin\u00e9s aux int\u00e9rieurs les plus luxueux et aux maisons plus modestes ou qu\u2019ils servent \u00e0 garnir les \u00e9difices religieux ou les \u00e9tablissements hospitaliers. Les meubles constituent des rep\u00e8res de l\u2019\u00e9volution de la soci\u00e9t\u00e9, de la biens\u00e9ance, du confort ou de la mode.<br \/>\nLes meubles sont r\u00e9alis\u00e9s dans un mat\u00e9riau noble par excellence : le bois et ses diff\u00e9rentes essences, indig\u00e8nes ou d\u2019importation. L\u2019utilisation d\u2019une essence de bois est un indicateur de datation. En effet, la dendrochronologie transforme les s\u00e9quences de largeur de cernes de croissance en courbe dat\u00e9e pouvant donner l\u2019ann\u00e9e d\u2019abattage de l\u2019arbre, voire la saison. L\u2019\u00e9tude des marques d\u2019outils laiss\u00e9es sur les surfaces montre aussi la coh\u00e9rence du meuble. Les traitements de finition, tels le vernis Martin, assurent l\u2019\u00e9l\u00e9gance du meuble et sa long\u00e9vit\u00e9.<br \/>\nQuelques \u00e9b\u00e9nistes \u2013 la dynastie des Hache, par exemple \u2013 ont marqu\u00e9 leur \u00e9poque et leur r\u00e9gion ; leur nom est parvenu jusqu\u2019\u00e0 nous, gr\u00e2ce \u00e0 la conservation de leurs oeuvres dans les collections, mais aussi gr\u00e2ce aux traces laiss\u00e9es dans les sources r\u00e9v\u00e9l\u00e9es par les chercheurs. Le renouveau de l\u2019\u00e9tude du mobilier lorrain apporte un \u00e9clairage diff\u00e9rent sur la vari\u00e9t\u00e9 d\u2019une production r\u00e9gionale bien localis\u00e9e. Les institutions, les mus\u00e9es sont des lieux de conservation des meubles. Ils assurent la p\u00e9rennit\u00e9 et la conservation d\u2019oeuvres authentiques, en dehors des n\u00e9cessit\u00e9s du march\u00e9 de l\u2019art. Cependant, il est important de renouveler l\u2019int\u00e9r\u00eat pour le mobilier domestique, car de nombreuses pi\u00e8ces sont aujourd\u2019hui menac\u00e9es par l\u2019indiff\u00e9rence de notre \u00e9poque pour les objets usuels, trop souvent n\u00e9glig\u00e9s, banalis\u00e9s par l\u2019usage, alors qu\u2019ils sont des marqueurs importants de l\u2019histoire des soci\u00e9t\u00e9s. La protection au titre des monuments historiques peut \u00eatre un autre maillon de la sauvegarde de ce patrimoine mobilier, une mani\u00e8re de le lier \u00e0 la demeure qui l\u2019abrite.<\/p>\n<p>&nbsp;<\/p>\n","protected":false},"excerpt":{"rendered":"<p>Auteur:\u00a0Collectif Editeur:\u00a0actes Sud, Beaux arts Du Moyen \u00c2ge \u00e0 nos jours, les meubles sont le reflet de la soci\u00e9t\u00e9, au m\u00eame titre que les arts majeurs. Objets indispensables des int\u00e9rieurs domestiques, ils participent \u00e0 l\u2019histoire du go\u00fbt, qu\u2019ils soient destin\u00e9s aux int\u00e9rieurs les plus luxueux et aux maisons plus modestes ou qu\u2019ils servent \u00e0 garnir [&hellip;]<\/p>\n","protected":false},"author":6,"featured_media":3913,"comment_status":"closed","ping_status":"open","sticky":false,"template":"","format":"standard","meta":{"jetpack_post_was_ever_published":false,"_jetpack_newsletter_access":"","_jetpack_dont_email_post_to_subs":false,"_jetpack_newsletter_tier_id":0,"_jetpack_memberships_contains_paywalled_content":false,"_jetpack_memberships_contains_paid_content":false,"footnotes":"","jetpack_publicize_message":"","jetpack_publicize_feature_enabled":true,"jetpack_social_post_already_shared":true,"jetpack_social_options":{"image_generator_settings":{"template":"highway","default_image_id":0,"font":"","enabled":false},"version":2}},"categories":[16],"tags":[],"class_list":["post-3911","post","type-post","status-publish","format-standard","has-post-thumbnail","hentry","category-livres-dart"],"yoast_head":"<!-- This site is optimized with the Yoast SEO plugin v26.9 - https:\/\/yoast.com\/product\/yoast-seo-wordpress\/ -->\n<title>Regards sur le mobilier domestique Le Magazine de Proantic<\/title>\n<meta name=\"description\" content=\"Auteur:\u00a0Collectif Editeur:\u00a0actes Sud, Beaux arts Du Moyen \u00c2ge \u00e0 nos jours, les meubles sont le reflet de la soci\u00e9t\u00e9, au m\u00eame titre que les arts majeurs.\" \/>\n<meta name=\"robots\" content=\"index, follow, max-snippet:-1, max-image-preview:large, max-video-preview:-1\" \/>\n<link rel=\"canonical\" href=\"https:\/\/www.proantic.com\/magazine\/regards-sur-le-mobilier-domestique\/\" \/>\n<meta property=\"og:locale\" content=\"fr_FR\" \/>\n<meta property=\"og:type\" content=\"article\" \/>\n<meta property=\"og:title\" content=\"Regards sur le mobilier domestique Le Magazine de Proantic\" \/>\n<meta property=\"og:description\" content=\"Auteur:\u00a0Collectif Editeur:\u00a0actes Sud, Beaux arts Du Moyen \u00c2ge \u00e0 nos jours, les meubles sont le reflet de la soci\u00e9t\u00e9, au m\u00eame titre que les arts majeurs.\" \/>\n<meta property=\"og:url\" content=\"https:\/\/www.proantic.com\/magazine\/regards-sur-le-mobilier-domestique\/\" \/>\n<meta property=\"og:site_name\" content=\"Le Magazine de Proantic\" \/>\n<meta property=\"article:publisher\" content=\"https:\/\/www.facebook.com\/pages\/Proantic\/\/259180871793\" \/>\n<meta property=\"article:published_time\" content=\"2015-09-02T11:07:38+00:00\" \/>\n<meta property=\"article:modified_time\" content=\"2017-12-15T10:03:56+00:00\" \/>\n<meta property=\"og:image\" content=\"https:\/\/i0.wp.com\/www.proantic.com\/magazine\/wp-content\/uploads\/2015\/09\/hnhj.jpg?fit=360%2C675&ssl=1\" \/>\n\t<meta property=\"og:image:width\" content=\"360\" \/>\n\t<meta property=\"og:image:height\" content=\"675\" \/>\n\t<meta property=\"og:image:type\" content=\"image\/jpeg\" \/>\n<meta name=\"author\" content=\"C\u00e9line Autant\" \/>\n<meta name=\"twitter:label1\" content=\"\u00c9crit par\" \/>\n\t<meta name=\"twitter:data1\" content=\"C\u00e9line Autant\" \/>\n\t<meta name=\"twitter:label2\" content=\"Dur\u00e9e de lecture estim\u00e9e\" \/>\n\t<meta name=\"twitter:data2\" content=\"2 minutes\" \/>\n<script type=\"application\/ld+json\" class=\"yoast-schema-graph\">{\"@context\":\"https:\/\/schema.org\",\"@graph\":[{\"@type\":\"Article\",\"@id\":\"https:\/\/www.proantic.com\/magazine\/regards-sur-le-mobilier-domestique\/#article\",\"isPartOf\":{\"@id\":\"https:\/\/www.proantic.com\/magazine\/regards-sur-le-mobilier-domestique\/\"},\"author\":{\"name\":\"C\u00e9line Autant\",\"@id\":\"https:\/\/www.proantic.com\/magazine\/#\/schema\/person\/63707e8f4e7d0172de7ddde897688be0\"},\"headline\":\"Regards sur le mobilier domestique\",\"datePublished\":\"2015-09-02T11:07:38+00:00\",\"dateModified\":\"2017-12-15T10:03:56+00:00\",\"mainEntityOfPage\":{\"@id\":\"https:\/\/www.proantic.com\/magazine\/regards-sur-le-mobilier-domestique\/\"},\"wordCount\":402,\"image\":{\"@id\":\"https:\/\/www.proantic.com\/magazine\/regards-sur-le-mobilier-domestique\/#primaryimage\"},\"thumbnailUrl\":\"https:\/\/i0.wp.com\/www.proantic.com\/magazine\/wp-content\/uploads\/2015\/09\/hnhj.jpg?fit=360%2C675&ssl=1\",\"articleSection\":[\"Livres d'art\"],\"inLanguage\":\"fr-FR\"},{\"@type\":\"WebPage\",\"@id\":\"https:\/\/www.proantic.com\/magazine\/regards-sur-le-mobilier-domestique\/\",\"url\":\"https:\/\/www.proantic.com\/magazine\/regards-sur-le-mobilier-domestique\/\",\"name\":\"Regards sur le mobilier domestique Le Magazine de Proantic\",\"isPartOf\":{\"@id\":\"https:\/\/www.proantic.com\/magazine\/#website\"},\"primaryImageOfPage\":{\"@id\":\"https:\/\/www.proantic.com\/magazine\/regards-sur-le-mobilier-domestique\/#primaryimage\"},\"image\":{\"@id\":\"https:\/\/www.proantic.com\/magazine\/regards-sur-le-mobilier-domestique\/#primaryimage\"},\"thumbnailUrl\":\"https:\/\/i0.wp.com\/www.proantic.com\/magazine\/wp-content\/uploads\/2015\/09\/hnhj.jpg?fit=360%2C675&ssl=1\",\"datePublished\":\"2015-09-02T11:07:38+00:00\",\"dateModified\":\"2017-12-15T10:03:56+00:00\",\"author\":{\"@id\":\"https:\/\/www.proantic.com\/magazine\/#\/schema\/person\/63707e8f4e7d0172de7ddde897688be0\"},\"description\":\"Auteur:\u00a0Collectif Editeur:\u00a0actes Sud, Beaux arts Du Moyen \u00c2ge \u00e0 nos jours, les meubles sont le reflet de la soci\u00e9t\u00e9, au m\u00eame titre que les arts majeurs.\",\"breadcrumb\":{\"@id\":\"https:\/\/www.proantic.com\/magazine\/regards-sur-le-mobilier-domestique\/#breadcrumb\"},\"inLanguage\":\"fr-FR\",\"potentialAction\":[{\"@type\":\"ReadAction\",\"target\":[\"https:\/\/www.proantic.com\/magazine\/regards-sur-le-mobilier-domestique\/\"]}]},{\"@type\":\"ImageObject\",\"inLanguage\":\"fr-FR\",\"@id\":\"https:\/\/www.proantic.com\/magazine\/regards-sur-le-mobilier-domestique\/#primaryimage\",\"url\":\"https:\/\/i0.wp.com\/www.proantic.com\/magazine\/wp-content\/uploads\/2015\/09\/hnhj.jpg?fit=360%2C675&ssl=1\",\"contentUrl\":\"https:\/\/i0.wp.com\/www.proantic.com\/magazine\/wp-content\/uploads\/2015\/09\/hnhj.jpg?fit=360%2C675&ssl=1\",\"width\":360,\"height\":675},{\"@type\":\"BreadcrumbList\",\"@id\":\"https:\/\/www.proantic.com\/magazine\/regards-sur-le-mobilier-domestique\/#breadcrumb\",\"itemListElement\":[{\"@type\":\"ListItem\",\"position\":1,\"name\":\"Accueil\",\"item\":\"https:\/\/www.proantic.com\/magazine\/\"},{\"@type\":\"ListItem\",\"position\":2,\"name\":\"Regards sur le mobilier domestique\"}]},{\"@type\":\"WebSite\",\"@id\":\"https:\/\/www.proantic.com\/magazine\/#website\",\"url\":\"https:\/\/www.proantic.com\/magazine\/\",\"name\":\"Le Magazine de Proantic\",\"description\":\"Magazine d&#039;art et expositions\",\"potentialAction\":[{\"@type\":\"SearchAction\",\"target\":{\"@type\":\"EntryPoint\",\"urlTemplate\":\"https:\/\/www.proantic.com\/magazine\/?s={search_term_string}\"},\"query-input\":{\"@type\":\"PropertyValueSpecification\",\"valueRequired\":true,\"valueName\":\"search_term_string\"}}],\"inLanguage\":\"fr-FR\"},{\"@type\":\"Person\",\"@id\":\"https:\/\/www.proantic.com\/magazine\/#\/schema\/person\/63707e8f4e7d0172de7ddde897688be0\",\"name\":\"C\u00e9line Autant\"}]}<\/script>\n<!-- \/ Yoast SEO plugin. -->","yoast_head_json":{"title":"Regards sur le mobilier domestique Le Magazine de Proantic","description":"Auteur:\u00a0Collectif Editeur:\u00a0actes Sud, Beaux arts Du Moyen \u00c2ge \u00e0 nos jours, les meubles sont le reflet de la soci\u00e9t\u00e9, au m\u00eame titre que les arts majeurs.","robots":{"index":"index","follow":"follow","max-snippet":"max-snippet:-1","max-image-preview":"max-image-preview:large","max-video-preview":"max-video-preview:-1"},"canonical":"https:\/\/www.proantic.com\/magazine\/regards-sur-le-mobilier-domestique\/","og_locale":"fr_FR","og_type":"article","og_title":"Regards sur le mobilier domestique Le Magazine de Proantic","og_description":"Auteur:\u00a0Collectif Editeur:\u00a0actes Sud, Beaux arts Du Moyen \u00c2ge \u00e0 nos jours, les meubles sont le reflet de la soci\u00e9t\u00e9, au m\u00eame titre que les arts majeurs.","og_url":"https:\/\/www.proantic.com\/magazine\/regards-sur-le-mobilier-domestique\/","og_site_name":"Le Magazine de Proantic","article_publisher":"https:\/\/www.facebook.com\/pages\/Proantic\/\/259180871793","article_published_time":"2015-09-02T11:07:38+00:00","article_modified_time":"2017-12-15T10:03:56+00:00","og_image":[{"width":360,"height":675,"url":"https:\/\/i0.wp.com\/www.proantic.com\/magazine\/wp-content\/uploads\/2015\/09\/hnhj.jpg?fit=360%2C675&ssl=1","type":"image\/jpeg"}],"author":"C\u00e9line Autant","twitter_misc":{"\u00c9crit par":"C\u00e9line Autant","Dur\u00e9e de lecture estim\u00e9e":"2 minutes"},"schema":{"@context":"https:\/\/schema.org","@graph":[{"@type":"Article","@id":"https:\/\/www.proantic.com\/magazine\/regards-sur-le-mobilier-domestique\/#article","isPartOf":{"@id":"https:\/\/www.proantic.com\/magazine\/regards-sur-le-mobilier-domestique\/"},"author":{"name":"C\u00e9line Autant","@id":"https:\/\/www.proantic.com\/magazine\/#\/schema\/person\/63707e8f4e7d0172de7ddde897688be0"},"headline":"Regards sur le mobilier domestique","datePublished":"2015-09-02T11:07:38+00:00","dateModified":"2017-12-15T10:03:56+00:00","mainEntityOfPage":{"@id":"https:\/\/www.proantic.com\/magazine\/regards-sur-le-mobilier-domestique\/"},"wordCount":402,"image":{"@id":"https:\/\/www.proantic.com\/magazine\/regards-sur-le-mobilier-domestique\/#primaryimage"},"thumbnailUrl":"https:\/\/i0.wp.com\/www.proantic.com\/magazine\/wp-content\/uploads\/2015\/09\/hnhj.jpg?fit=360%2C675&ssl=1","articleSection":["Livres d'art"],"inLanguage":"fr-FR"},{"@type":"WebPage","@id":"https:\/\/www.proantic.com\/magazine\/regards-sur-le-mobilier-domestique\/","url":"https:\/\/www.proantic.com\/magazine\/regards-sur-le-mobilier-domestique\/","name":"Regards sur le mobilier domestique Le Magazine de Proantic","isPartOf":{"@id":"https:\/\/www.proantic.com\/magazine\/#website"},"primaryImageOfPage":{"@id":"https:\/\/www.proantic.com\/magazine\/regards-sur-le-mobilier-domestique\/#primaryimage"},"image":{"@id":"https:\/\/www.proantic.com\/magazine\/regards-sur-le-mobilier-domestique\/#primaryimage"},"thumbnailUrl":"https:\/\/i0.wp.com\/www.proantic.com\/magazine\/wp-content\/uploads\/2015\/09\/hnhj.jpg?fit=360%2C675&ssl=1","datePublished":"2015-09-02T11:07:38+00:00","dateModified":"2017-12-15T10:03:56+00:00","author":{"@id":"https:\/\/www.proantic.com\/magazine\/#\/schema\/person\/63707e8f4e7d0172de7ddde897688be0"},"description":"Auteur:\u00a0Collectif Editeur:\u00a0actes Sud, Beaux arts Du Moyen \u00c2ge \u00e0 nos jours, les meubles sont le reflet de la soci\u00e9t\u00e9, au m\u00eame titre que les arts majeurs.","breadcrumb":{"@id":"https:\/\/www.proantic.com\/magazine\/regards-sur-le-mobilier-domestique\/#breadcrumb"},"inLanguage":"fr-FR","potentialAction":[{"@type":"ReadAction","target":["https:\/\/www.proantic.com\/magazine\/regards-sur-le-mobilier-domestique\/"]}]},{"@type":"ImageObject","inLanguage":"fr-FR","@id":"https:\/\/www.proantic.com\/magazine\/regards-sur-le-mobilier-domestique\/#primaryimage","url":"https:\/\/i0.wp.com\/www.proantic.com\/magazine\/wp-content\/uploads\/2015\/09\/hnhj.jpg?fit=360%2C675&ssl=1","contentUrl":"https:\/\/i0.wp.com\/www.proantic.com\/magazine\/wp-content\/uploads\/2015\/09\/hnhj.jpg?fit=360%2C675&ssl=1","width":360,"height":675},{"@type":"BreadcrumbList","@id":"https:\/\/www.proantic.com\/magazine\/regards-sur-le-mobilier-domestique\/#breadcrumb","itemListElement":[{"@type":"ListItem","position":1,"name":"Accueil","item":"https:\/\/www.proantic.com\/magazine\/"},{"@type":"ListItem","position":2,"name":"Regards sur le mobilier domestique"}]},{"@type":"WebSite","@id":"https:\/\/www.proantic.com\/magazine\/#website","url":"https:\/\/www.proantic.com\/magazine\/","name":"Le Magazine de Proantic","description":"Magazine d&#039;art et expositions","potentialAction":[{"@type":"SearchAction","target":{"@type":"EntryPoint","urlTemplate":"https:\/\/www.proantic.com\/magazine\/?s={search_term_string}"},"query-input":{"@type":"PropertyValueSpecification","valueRequired":true,"valueName":"search_term_string"}}],"inLanguage":"fr-FR"},{"@type":"Person","@id":"https:\/\/www.proantic.com\/magazine\/#\/schema\/person\/63707e8f4e7d0172de7ddde897688be0","name":"C\u00e9line Autant"}]}},"jetpack_publicize_connections":[],"jetpack_featured_media_url":"https:\/\/i0.wp.com\/www.proantic.com\/magazine\/wp-content\/uploads\/2015\/09\/hnhj.jpg?fit=360%2C675&ssl=1","jetpack_shortlink":"https:\/\/wp.me\/p7EkP3-115","jetpack_sharing_enabled":true,"_links":{"self":[{"href":"https:\/\/www.proantic.com\/magazine\/wp-json\/wp\/v2\/posts\/3911","targetHints":{"allow":["GET"]}}],"collection":[{"href":"https:\/\/www.proantic.com\/magazine\/wp-json\/wp\/v2\/posts"}],"about":[{"href":"https:\/\/www.proantic.com\/magazine\/wp-json\/wp\/v2\/types\/post"}],"author":[{"embeddable":true,"href":"https:\/\/www.proantic.com\/magazine\/wp-json\/wp\/v2\/users\/6"}],"replies":[{"embeddable":true,"href":"https:\/\/www.proantic.com\/magazine\/wp-json\/wp\/v2\/comments?post=3911"}],"version-history":[{"count":0,"href":"https:\/\/www.proantic.com\/magazine\/wp-json\/wp\/v2\/posts\/3911\/revisions"}],"wp:featuredmedia":[{"embeddable":true,"href":"https:\/\/www.proantic.com\/magazine\/wp-json\/wp\/v2\/media\/3913"}],"wp:attachment":[{"href":"https:\/\/www.proantic.com\/magazine\/wp-json\/wp\/v2\/media?parent=3911"}],"wp:term":[{"taxonomy":"category","embeddable":true,"href":"https:\/\/www.proantic.com\/magazine\/wp-json\/wp\/v2\/categories?post=3911"},{"taxonomy":"post_tag","embeddable":true,"href":"https:\/\/www.proantic.com\/magazine\/wp-json\/wp\/v2\/tags?post=3911"}],"curies":[{"name":"wp","href":"https:\/\/api.w.org\/{rel}","templated":true}]}}