{"id":3828,"date":"2015-08-16T12:04:38","date_gmt":"2015-08-16T11:04:38","guid":{"rendered":"http:\/\/www.proantic.com\/magazine\/?p=3828"},"modified":"2015-08-17T07:46:52","modified_gmt":"2015-08-17T06:46:52","slug":"les-terres-cuites-goldscheider","status":"publish","type":"post","link":"https:\/\/www.proantic.com\/magazine\/les-terres-cuites-goldscheider\/","title":{"rendered":"Les terres cuites Goldscheider"},"content":{"rendered":"<p style=\"text-align: justify;\"><strong>Incontestablement, la grande figure de la c\u00e9ramique <i><a href=\"http:\/\/www.proantic.com\/catalogue-antiquites.php?obj_style=15\">Art Nouveau<\/a> (\u00a0Jugendstil ) en Autriche est Friedrich Goldscheider.<\/i><\/strong> N\u00e9 \u00e0 Pilsen (aujourd&rsquo;hui Plsen) en Boh\u00e8me en 1845, il fonde la manufacture de porcelaine\u00a0et \u00a0de majolique Goldscheider\u00a0\u00e0 Vienne en 1885 et ouvre des succursales \u00e0 Paris, Florence et Leipzig&#8230;<\/p>\n<figure id=\"attachment_3842\" aria-describedby=\"caption-attachment-3842\" style=\"width: 428px\" class=\"wp-caption aligncenter\"><a href=\"https:\/\/i0.wp.com\/www.proantic.com\/magazine\/wp-content\/uploads\/2015\/08\/124939-1.jpg\"><img data-recalc-dims=\"1\" loading=\"lazy\" decoding=\"async\" data-attachment-id=\"3842\" data-permalink=\"https:\/\/www.proantic.com\/magazine\/les-terres-cuites-goldscheider\/124939-1\/\" data-orig-file=\"https:\/\/i0.wp.com\/www.proantic.com\/magazine\/wp-content\/uploads\/2015\/08\/124939-1.jpg?fit=428%2C640&amp;ssl=1\" data-orig-size=\"428,640\" data-comments-opened=\"1\" data-image-meta=\"{&quot;aperture&quot;:&quot;0&quot;,&quot;credit&quot;:&quot;&quot;,&quot;camera&quot;:&quot;&quot;,&quot;caption&quot;:&quot;&quot;,&quot;created_timestamp&quot;:&quot;0&quot;,&quot;copyright&quot;:&quot;&quot;,&quot;focal_length&quot;:&quot;0&quot;,&quot;iso&quot;:&quot;0&quot;,&quot;shutter_speed&quot;:&quot;0&quot;,&quot;title&quot;:&quot;&quot;,&quot;orientation&quot;:&quot;0&quot;}\" data-image-title=\"124939-1\" data-image-description=\"\" data-image-caption=\"&lt;p&gt; Terre Cuite De Goldscheider, Buste De Jason.&lt;br \/&gt;\n(c)Martynoff Antiquit\u00e9s, Proantic&lt;\/p&gt;\n\" data-medium-file=\"https:\/\/i0.wp.com\/www.proantic.com\/magazine\/wp-content\/uploads\/2015\/08\/124939-1.jpg?fit=201%2C300&amp;ssl=1\" data-large-file=\"https:\/\/i0.wp.com\/www.proantic.com\/magazine\/wp-content\/uploads\/2015\/08\/124939-1.jpg?fit=428%2C640&amp;ssl=1\" class=\"size-full wp-image-3842\" src=\"https:\/\/i0.wp.com\/www.proantic.com\/magazine\/wp-content\/uploads\/2015\/08\/124939-1.jpg?resize=428%2C640\" alt=\" Terre Cuite De Goldscheider, Buste De Jason. (c)Martynoff Antiquit\u00e9s, Proantic\" width=\"428\" height=\"640\" srcset=\"https:\/\/i0.wp.com\/www.proantic.com\/magazine\/wp-content\/uploads\/2015\/08\/124939-1.jpg?w=428&amp;ssl=1 428w, https:\/\/i0.wp.com\/www.proantic.com\/magazine\/wp-content\/uploads\/2015\/08\/124939-1.jpg?resize=201%2C300&amp;ssl=1 201w\" sizes=\"auto, (max-width: 428px) 100vw, 428px\" \/><\/a><figcaption id=\"caption-attachment-3842\" class=\"wp-caption-text\"><strong>Terre Cuite De Goldscheider, Buste De Jason.<\/strong><br \/>(c)Martynoff Antiquit\u00e9s, Proantic<\/figcaption><\/figure>\n<p style=\"text-align: justify;\">La manufacture viennoise de c\u00e9ramique Goldscheider se hissa rapidement \u00e0 la t\u00eate de la c\u00e9ramique europ\u00e9enne et produisit selon diff\u00e9rents styles : r\u00e9aliste, art nouveau, et art d\u00e9co.<\/p>\n<p style=\"text-align: justify;\">Elle produisait une gamme d\u2019objets en c\u00e9ramique tr\u00e8s vari\u00e9e, de la vaisselle ordinaire en fa\u00efence aux objets de luxe en porcelaine. \u00a0La production se r\u00e9v\u00e8le \u00eatre d\u2019un excellent niveau technique et artistique. De grands artistes et c\u00e9ramistes \u00a0travaill\u00e8rent en collaboration avec \u00a0la manufacture tels que Chiparus, Bosse ou Lorenzi.<\/p>\n<figure id=\"attachment_3844\" aria-describedby=\"caption-attachment-3844\" style=\"width: 800px\" class=\"wp-caption aligncenter\"><a href=\"https:\/\/i0.wp.com\/www.proantic.com\/magazine\/wp-content\/uploads\/2015\/08\/118955-1.jpg\"><img data-recalc-dims=\"1\" loading=\"lazy\" decoding=\"async\" data-attachment-id=\"3844\" data-permalink=\"https:\/\/www.proantic.com\/magazine\/les-terres-cuites-goldscheider\/118955-1\/\" data-orig-file=\"https:\/\/i0.wp.com\/www.proantic.com\/magazine\/wp-content\/uploads\/2015\/08\/118955-1.jpg?fit=800%2C600&amp;ssl=1\" data-orig-size=\"800,600\" data-comments-opened=\"1\" data-image-meta=\"{&quot;aperture&quot;:&quot;2.8&quot;,&quot;credit&quot;:&quot;&quot;,&quot;camera&quot;:&quot;PENTAX X90&quot;,&quot;caption&quot;:&quot;&quot;,&quot;created_timestamp&quot;:&quot;1376478800&quot;,&quot;copyright&quot;:&quot;&quot;,&quot;focal_length&quot;:&quot;4.6&quot;,&quot;iso&quot;:&quot;200&quot;,&quot;shutter_speed&quot;:&quot;0.02&quot;,&quot;title&quot;:&quot;&quot;,&quot;orientation&quot;:&quot;1&quot;}\" data-image-title=\"Grande terre cuite de Friedrich GOLDSCHEIDER\" data-image-description=\"\" data-image-caption=\"&lt;p&gt;Grande terre cuite de Friedrich GOLDSCHEIDER , art nouveau&lt;br \/&gt;\n(c) Antiquit\u00e9s Berthier, Proantic&lt;\/p&gt;\n\" data-medium-file=\"https:\/\/i0.wp.com\/www.proantic.com\/magazine\/wp-content\/uploads\/2015\/08\/118955-1.jpg?fit=300%2C225&amp;ssl=1\" data-large-file=\"https:\/\/i0.wp.com\/www.proantic.com\/magazine\/wp-content\/uploads\/2015\/08\/118955-1.jpg?fit=665%2C499&amp;ssl=1\" class=\"size-full wp-image-3844\" src=\"https:\/\/i0.wp.com\/www.proantic.com\/magazine\/wp-content\/uploads\/2015\/08\/118955-1.jpg?resize=665%2C499\" alt=\"Grande terre cuite de Friedrich GOLDSCHEIDER , art nouveau  (c) Antiquit\u00e9s Berthier, Proantic \" width=\"665\" height=\"499\" srcset=\"https:\/\/i0.wp.com\/www.proantic.com\/magazine\/wp-content\/uploads\/2015\/08\/118955-1.jpg?w=800&amp;ssl=1 800w, https:\/\/i0.wp.com\/www.proantic.com\/magazine\/wp-content\/uploads\/2015\/08\/118955-1.jpg?resize=300%2C225&amp;ssl=1 300w, https:\/\/i0.wp.com\/www.proantic.com\/magazine\/wp-content\/uploads\/2015\/08\/118955-1.jpg?resize=620%2C465&amp;ssl=1 620w\" sizes=\"auto, (max-width: 665px) 100vw, 665px\" \/><\/a><figcaption id=\"caption-attachment-3844\" class=\"wp-caption-text\"><strong>Grande terre cuite de Friedrich GOLDSCHEIDER , art nouveau<\/strong><br \/>(c) Antiquit\u00e9s Berthier, Proantic<\/figcaption><\/figure>\n<p style=\"text-align: justify;\">Mais ce sont surtout ses sculptures en terre cuite polychrome et notamment, les terres cuites orientalistes qui firent sa r\u00e9putation. La Soci\u00e9t\u00e9 Goldscheider fut ainsi \u00e0 l&rsquo;origine d&rsquo;innovations techniques en mati\u00e8re de polychromie et de patine. Tr\u00e8s vite Friedrich expose ses terres cuites dans toute l\u2019Europe.<\/p>\n<figure id=\"attachment_3843\" aria-describedby=\"caption-attachment-3843\" style=\"width: 620px\" class=\"wp-caption aligncenter\"><a href=\"https:\/\/i0.wp.com\/www.proantic.com\/magazine\/wp-content\/uploads\/2015\/08\/112130-1.jpg\"><img data-recalc-dims=\"1\" loading=\"lazy\" decoding=\"async\" data-attachment-id=\"3843\" data-permalink=\"https:\/\/www.proantic.com\/magazine\/les-terres-cuites-goldscheider\/112130-1\/\" data-orig-file=\"https:\/\/i0.wp.com\/www.proantic.com\/magazine\/wp-content\/uploads\/2015\/08\/112130-1.jpg?fit=1200%2C902&amp;ssl=1\" data-orig-size=\"1200,902\" data-comments-opened=\"1\" data-image-meta=\"{&quot;aperture&quot;:&quot;0&quot;,&quot;credit&quot;:&quot;&quot;,&quot;camera&quot;:&quot;&quot;,&quot;caption&quot;:&quot;&quot;,&quot;created_timestamp&quot;:&quot;0&quot;,&quot;copyright&quot;:&quot;&quot;,&quot;focal_length&quot;:&quot;0&quot;,&quot;iso&quot;:&quot;0&quot;,&quot;shutter_speed&quot;:&quot;0&quot;,&quot;title&quot;:&quot;&quot;,&quot;orientation&quot;:&quot;0&quot;}\" data-image-title=\"Couple De Nubiens De Goldscheider\" data-image-description=\"\" data-image-caption=\"&lt;p&gt;Couple De Nubiens De Goldscheider ,\u00e9cole De Vienne 1880-1890&lt;br \/&gt;\n(c) Bakara Antiquit\u00e9, Proantic&lt;\/p&gt;\n\" data-medium-file=\"https:\/\/i0.wp.com\/www.proantic.com\/magazine\/wp-content\/uploads\/2015\/08\/112130-1.jpg?fit=300%2C226&amp;ssl=1\" data-large-file=\"https:\/\/i0.wp.com\/www.proantic.com\/magazine\/wp-content\/uploads\/2015\/08\/112130-1.jpg?fit=665%2C500&amp;ssl=1\" class=\"wp-image-3843 size-large\" src=\"https:\/\/i0.wp.com\/www.proantic.com\/magazine\/wp-content\/uploads\/2015\/08\/112130-1-1024x770.jpg?resize=620%2C466\" alt=\"Couple De Nubiens De Goldscheider ,\u00e9cole De Vienne 1880-1890 (c) Bakara Antiquit\u00e9, Proantic\" width=\"620\" height=\"466\" srcset=\"https:\/\/i0.wp.com\/www.proantic.com\/magazine\/wp-content\/uploads\/2015\/08\/112130-1.jpg?resize=1024%2C770&amp;ssl=1 1024w, https:\/\/i0.wp.com\/www.proantic.com\/magazine\/wp-content\/uploads\/2015\/08\/112130-1.jpg?resize=300%2C226&amp;ssl=1 300w, https:\/\/i0.wp.com\/www.proantic.com\/magazine\/wp-content\/uploads\/2015\/08\/112130-1.jpg?resize=620%2C466&amp;ssl=1 620w, https:\/\/i0.wp.com\/www.proantic.com\/magazine\/wp-content\/uploads\/2015\/08\/112130-1.jpg?resize=940%2C707&amp;ssl=1 940w, https:\/\/i0.wp.com\/www.proantic.com\/magazine\/wp-content\/uploads\/2015\/08\/112130-1.jpg?w=1200&amp;ssl=1 1200w\" sizes=\"auto, (max-width: 620px) 100vw, 620px\" \/><\/a><figcaption id=\"caption-attachment-3843\" class=\"wp-caption-text\"><strong>Couple De Nubiens De Goldscheider ,\u00e9cole De Vienne 1880-1890<\/strong><br \/> (c) Bakara Antiquit\u00e9, Proantic<\/figcaption><\/figure>\n<p style=\"text-align: justify;\">Le succ\u00e8s se brisa cependant en 1938, la famille Golscheider devant \u00e9migrer. L\u2019entreprise Goldscheider fut vendue \u00e0 un nouveau propri\u00e9taire qui ne put pas maintenir les pr\u00e9tentions artistiques ant\u00e9rieures. Les fr\u00e8res Goldscheider \u00e9migr\u00e9s aux Etats-Unis et en Angleterre fond\u00e8rent de nouvelles manufactures. Apr\u00e8s la guerre, Walter Goldscheider revint \u00e0 Vienne reprendre la direction de son ancienne entreprise de c\u00e9ramique.<\/p>\n<p>Apr\u00e8s la mort de Friedrich Goldscheider en 1897, sa veuve R\u00e9gina et son fr\u00e8re Alo\u00efs en prirent la direction jusqu\u2019en 1953 quand, suite aux difficult\u00e9s financi\u00e8res, la soci\u00e9t\u00e9 ferme ses portes.<\/p>\n","protected":false},"excerpt":{"rendered":"<p>Incontestablement, la grande figure de la c\u00e9ramique Art Nouveau (\u00a0Jugendstil ) en Autriche est Friedrich Goldscheider. N\u00e9 \u00e0 Pilsen (aujourd&rsquo;hui Plsen) en Boh\u00e8me en 1845, il fonde la manufacture de porcelaine\u00a0et \u00a0de majolique Goldscheider\u00a0\u00e0 Vienne en 1885 et ouvre des succursales \u00e0 Paris, Florence et Leipzig&#8230; La manufacture viennoise de c\u00e9ramique Goldscheider se hissa rapidement [&hellip;]<\/p>\n","protected":false},"author":6,"featured_media":3843,"comment_status":"closed","ping_status":"open","sticky":false,"template":"","format":"standard","meta":{"jetpack_post_was_ever_published":false,"_jetpack_newsletter_access":"","_jetpack_dont_email_post_to_subs":false,"_jetpack_newsletter_tier_id":0,"_jetpack_memberships_contains_paywalled_content":false,"_jetpack_memberships_contains_paid_content":false,"footnotes":"","jetpack_publicize_message":"","jetpack_publicize_feature_enabled":true,"jetpack_social_post_already_shared":true,"jetpack_social_options":{"image_generator_settings":{"template":"highway","default_image_id":0,"font":"","enabled":false},"version":2}},"categories":[180],"tags":[518,69,472],"class_list":["post-3828","post","type-post","status-publish","format-standard","has-post-thumbnail","hentry","category-arts-decoratifs-proantic","tag-goldscheider","tag-manufacture","tag-terre-cuite"],"yoast_head":"<!-- This site is optimized with the Yoast SEO plugin v26.9 - https:\/\/yoast.com\/product\/yoast-seo-wordpress\/ -->\n<title>Les terres cuites Goldscheider Le Magazine de Proantic<\/title>\n<meta name=\"description\" content=\"Incontestablement, la grande figure de la c\u00e9ramique Art Nouveau (\u00a0Jugendstil ) en Autriche est Friedrich Goldscheider. N\u00e9 \u00e0 Pilsen (aujourd&#039;hui Plsen) en\" \/>\n<meta name=\"robots\" content=\"index, follow, max-snippet:-1, max-image-preview:large, max-video-preview:-1\" \/>\n<link rel=\"canonical\" href=\"https:\/\/www.proantic.com\/magazine\/les-terres-cuites-goldscheider\/\" \/>\n<meta property=\"og:locale\" content=\"fr_FR\" \/>\n<meta property=\"og:type\" content=\"article\" \/>\n<meta property=\"og:title\" content=\"Les terres cuites Goldscheider Le Magazine de Proantic\" \/>\n<meta property=\"og:description\" content=\"Incontestablement, la grande figure de la c\u00e9ramique Art Nouveau (\u00a0Jugendstil ) en Autriche est Friedrich Goldscheider. N\u00e9 \u00e0 Pilsen (aujourd&#039;hui Plsen) en\" \/>\n<meta property=\"og:url\" content=\"https:\/\/www.proantic.com\/magazine\/les-terres-cuites-goldscheider\/\" \/>\n<meta property=\"og:site_name\" content=\"Le Magazine de Proantic\" \/>\n<meta property=\"article:publisher\" content=\"https:\/\/www.facebook.com\/pages\/Proantic\/\/259180871793\" \/>\n<meta property=\"article:published_time\" content=\"2015-08-16T11:04:38+00:00\" \/>\n<meta property=\"article:modified_time\" content=\"2015-08-17T06:46:52+00:00\" \/>\n<meta property=\"og:image\" content=\"https:\/\/i0.wp.com\/www.proantic.com\/magazine\/wp-content\/uploads\/2015\/08\/124939-1.jpg?fit=428%2C640&ssl=1\" \/>\n\t<meta property=\"og:image:width\" content=\"428\" \/>\n\t<meta property=\"og:image:height\" content=\"640\" \/>\n\t<meta property=\"og:image:type\" content=\"image\/jpeg\" \/>\n<meta name=\"author\" content=\"C\u00e9line Autant\" \/>\n<meta name=\"twitter:label1\" content=\"\u00c9crit par\" \/>\n\t<meta name=\"twitter:data1\" content=\"C\u00e9line Autant\" \/>\n\t<meta name=\"twitter:label2\" content=\"Dur\u00e9e de lecture estim\u00e9e\" \/>\n\t<meta name=\"twitter:data2\" content=\"2 minutes\" \/>\n<script type=\"application\/ld+json\" class=\"yoast-schema-graph\">{\"@context\":\"https:\/\/schema.org\",\"@graph\":[{\"@type\":\"Article\",\"@id\":\"https:\/\/www.proantic.com\/magazine\/les-terres-cuites-goldscheider\/#article\",\"isPartOf\":{\"@id\":\"https:\/\/www.proantic.com\/magazine\/les-terres-cuites-goldscheider\/\"},\"author\":{\"name\":\"C\u00e9line Autant\",\"@id\":\"https:\/\/www.proantic.com\/magazine\/#\/schema\/person\/63707e8f4e7d0172de7ddde897688be0\"},\"headline\":\"Les terres cuites Goldscheider\",\"datePublished\":\"2015-08-16T11:04:38+00:00\",\"dateModified\":\"2015-08-17T06:46:52+00:00\",\"mainEntityOfPage\":{\"@id\":\"https:\/\/www.proantic.com\/magazine\/les-terres-cuites-goldscheider\/\"},\"wordCount\":355,\"image\":{\"@id\":\"https:\/\/www.proantic.com\/magazine\/les-terres-cuites-goldscheider\/#primaryimage\"},\"thumbnailUrl\":\"https:\/\/i0.wp.com\/www.proantic.com\/magazine\/wp-content\/uploads\/2015\/08\/112130-1.jpg?fit=1200%2C902&ssl=1\",\"keywords\":[\"Goldscheider\",\"manufacture\",\"terre cuite\"],\"articleSection\":[\"Arts d\u00e9coratifs sur Proantic\"],\"inLanguage\":\"fr-FR\"},{\"@type\":\"WebPage\",\"@id\":\"https:\/\/www.proantic.com\/magazine\/les-terres-cuites-goldscheider\/\",\"url\":\"https:\/\/www.proantic.com\/magazine\/les-terres-cuites-goldscheider\/\",\"name\":\"Les terres cuites Goldscheider Le Magazine de Proantic\",\"isPartOf\":{\"@id\":\"https:\/\/www.proantic.com\/magazine\/#website\"},\"primaryImageOfPage\":{\"@id\":\"https:\/\/www.proantic.com\/magazine\/les-terres-cuites-goldscheider\/#primaryimage\"},\"image\":{\"@id\":\"https:\/\/www.proantic.com\/magazine\/les-terres-cuites-goldscheider\/#primaryimage\"},\"thumbnailUrl\":\"https:\/\/i0.wp.com\/www.proantic.com\/magazine\/wp-content\/uploads\/2015\/08\/112130-1.jpg?fit=1200%2C902&ssl=1\",\"datePublished\":\"2015-08-16T11:04:38+00:00\",\"dateModified\":\"2015-08-17T06:46:52+00:00\",\"author\":{\"@id\":\"https:\/\/www.proantic.com\/magazine\/#\/schema\/person\/63707e8f4e7d0172de7ddde897688be0\"},\"description\":\"Incontestablement, la grande figure de la c\u00e9ramique Art Nouveau (\u00a0Jugendstil ) en Autriche est Friedrich Goldscheider. N\u00e9 \u00e0 Pilsen (aujourd'hui Plsen) en\",\"breadcrumb\":{\"@id\":\"https:\/\/www.proantic.com\/magazine\/les-terres-cuites-goldscheider\/#breadcrumb\"},\"inLanguage\":\"fr-FR\",\"potentialAction\":[{\"@type\":\"ReadAction\",\"target\":[\"https:\/\/www.proantic.com\/magazine\/les-terres-cuites-goldscheider\/\"]}]},{\"@type\":\"ImageObject\",\"inLanguage\":\"fr-FR\",\"@id\":\"https:\/\/www.proantic.com\/magazine\/les-terres-cuites-goldscheider\/#primaryimage\",\"url\":\"https:\/\/i0.wp.com\/www.proantic.com\/magazine\/wp-content\/uploads\/2015\/08\/112130-1.jpg?fit=1200%2C902&ssl=1\",\"contentUrl\":\"https:\/\/i0.wp.com\/www.proantic.com\/magazine\/wp-content\/uploads\/2015\/08\/112130-1.jpg?fit=1200%2C902&ssl=1\",\"width\":1200,\"height\":902,\"caption\":\"Couple De Nubiens De Goldscheider ,\u00e9cole De Vienne 1880-1890 (c) Bakara Antiquit\u00e9, Proantic\"},{\"@type\":\"BreadcrumbList\",\"@id\":\"https:\/\/www.proantic.com\/magazine\/les-terres-cuites-goldscheider\/#breadcrumb\",\"itemListElement\":[{\"@type\":\"ListItem\",\"position\":1,\"name\":\"Accueil\",\"item\":\"https:\/\/www.proantic.com\/magazine\/\"},{\"@type\":\"ListItem\",\"position\":2,\"name\":\"Les terres cuites Goldscheider\"}]},{\"@type\":\"WebSite\",\"@id\":\"https:\/\/www.proantic.com\/magazine\/#website\",\"url\":\"https:\/\/www.proantic.com\/magazine\/\",\"name\":\"Le Magazine de Proantic\",\"description\":\"Magazine d&#039;art et expositions\",\"potentialAction\":[{\"@type\":\"SearchAction\",\"target\":{\"@type\":\"EntryPoint\",\"urlTemplate\":\"https:\/\/www.proantic.com\/magazine\/?s={search_term_string}\"},\"query-input\":{\"@type\":\"PropertyValueSpecification\",\"valueRequired\":true,\"valueName\":\"search_term_string\"}}],\"inLanguage\":\"fr-FR\"},{\"@type\":\"Person\",\"@id\":\"https:\/\/www.proantic.com\/magazine\/#\/schema\/person\/63707e8f4e7d0172de7ddde897688be0\",\"name\":\"C\u00e9line Autant\"}]}<\/script>\n<!-- \/ Yoast SEO plugin. -->","yoast_head_json":{"title":"Les terres cuites Goldscheider Le Magazine de Proantic","description":"Incontestablement, la grande figure de la c\u00e9ramique Art Nouveau (\u00a0Jugendstil ) en Autriche est Friedrich Goldscheider. N\u00e9 \u00e0 Pilsen (aujourd'hui Plsen) en","robots":{"index":"index","follow":"follow","max-snippet":"max-snippet:-1","max-image-preview":"max-image-preview:large","max-video-preview":"max-video-preview:-1"},"canonical":"https:\/\/www.proantic.com\/magazine\/les-terres-cuites-goldscheider\/","og_locale":"fr_FR","og_type":"article","og_title":"Les terres cuites Goldscheider Le Magazine de Proantic","og_description":"Incontestablement, la grande figure de la c\u00e9ramique Art Nouveau (\u00a0Jugendstil ) en Autriche est Friedrich Goldscheider. N\u00e9 \u00e0 Pilsen (aujourd'hui Plsen) en","og_url":"https:\/\/www.proantic.com\/magazine\/les-terres-cuites-goldscheider\/","og_site_name":"Le Magazine de Proantic","article_publisher":"https:\/\/www.facebook.com\/pages\/Proantic\/\/259180871793","article_published_time":"2015-08-16T11:04:38+00:00","article_modified_time":"2015-08-17T06:46:52+00:00","og_image":[{"width":428,"height":640,"url":"https:\/\/i0.wp.com\/www.proantic.com\/magazine\/wp-content\/uploads\/2015\/08\/124939-1.jpg?fit=428%2C640&ssl=1","type":"image\/jpeg"}],"author":"C\u00e9line Autant","twitter_misc":{"\u00c9crit par":"C\u00e9line Autant","Dur\u00e9e de lecture estim\u00e9e":"2 minutes"},"schema":{"@context":"https:\/\/schema.org","@graph":[{"@type":"Article","@id":"https:\/\/www.proantic.com\/magazine\/les-terres-cuites-goldscheider\/#article","isPartOf":{"@id":"https:\/\/www.proantic.com\/magazine\/les-terres-cuites-goldscheider\/"},"author":{"name":"C\u00e9line Autant","@id":"https:\/\/www.proantic.com\/magazine\/#\/schema\/person\/63707e8f4e7d0172de7ddde897688be0"},"headline":"Les terres cuites Goldscheider","datePublished":"2015-08-16T11:04:38+00:00","dateModified":"2015-08-17T06:46:52+00:00","mainEntityOfPage":{"@id":"https:\/\/www.proantic.com\/magazine\/les-terres-cuites-goldscheider\/"},"wordCount":355,"image":{"@id":"https:\/\/www.proantic.com\/magazine\/les-terres-cuites-goldscheider\/#primaryimage"},"thumbnailUrl":"https:\/\/i0.wp.com\/www.proantic.com\/magazine\/wp-content\/uploads\/2015\/08\/112130-1.jpg?fit=1200%2C902&ssl=1","keywords":["Goldscheider","manufacture","terre cuite"],"articleSection":["Arts d\u00e9coratifs sur Proantic"],"inLanguage":"fr-FR"},{"@type":"WebPage","@id":"https:\/\/www.proantic.com\/magazine\/les-terres-cuites-goldscheider\/","url":"https:\/\/www.proantic.com\/magazine\/les-terres-cuites-goldscheider\/","name":"Les terres cuites Goldscheider Le Magazine de Proantic","isPartOf":{"@id":"https:\/\/www.proantic.com\/magazine\/#website"},"primaryImageOfPage":{"@id":"https:\/\/www.proantic.com\/magazine\/les-terres-cuites-goldscheider\/#primaryimage"},"image":{"@id":"https:\/\/www.proantic.com\/magazine\/les-terres-cuites-goldscheider\/#primaryimage"},"thumbnailUrl":"https:\/\/i0.wp.com\/www.proantic.com\/magazine\/wp-content\/uploads\/2015\/08\/112130-1.jpg?fit=1200%2C902&ssl=1","datePublished":"2015-08-16T11:04:38+00:00","dateModified":"2015-08-17T06:46:52+00:00","author":{"@id":"https:\/\/www.proantic.com\/magazine\/#\/schema\/person\/63707e8f4e7d0172de7ddde897688be0"},"description":"Incontestablement, la grande figure de la c\u00e9ramique Art Nouveau (\u00a0Jugendstil ) en Autriche est Friedrich Goldscheider. N\u00e9 \u00e0 Pilsen (aujourd'hui Plsen) en","breadcrumb":{"@id":"https:\/\/www.proantic.com\/magazine\/les-terres-cuites-goldscheider\/#breadcrumb"},"inLanguage":"fr-FR","potentialAction":[{"@type":"ReadAction","target":["https:\/\/www.proantic.com\/magazine\/les-terres-cuites-goldscheider\/"]}]},{"@type":"ImageObject","inLanguage":"fr-FR","@id":"https:\/\/www.proantic.com\/magazine\/les-terres-cuites-goldscheider\/#primaryimage","url":"https:\/\/i0.wp.com\/www.proantic.com\/magazine\/wp-content\/uploads\/2015\/08\/112130-1.jpg?fit=1200%2C902&ssl=1","contentUrl":"https:\/\/i0.wp.com\/www.proantic.com\/magazine\/wp-content\/uploads\/2015\/08\/112130-1.jpg?fit=1200%2C902&ssl=1","width":1200,"height":902,"caption":"Couple De Nubiens De Goldscheider ,\u00e9cole De Vienne 1880-1890 (c) Bakara Antiquit\u00e9, Proantic"},{"@type":"BreadcrumbList","@id":"https:\/\/www.proantic.com\/magazine\/les-terres-cuites-goldscheider\/#breadcrumb","itemListElement":[{"@type":"ListItem","position":1,"name":"Accueil","item":"https:\/\/www.proantic.com\/magazine\/"},{"@type":"ListItem","position":2,"name":"Les terres cuites Goldscheider"}]},{"@type":"WebSite","@id":"https:\/\/www.proantic.com\/magazine\/#website","url":"https:\/\/www.proantic.com\/magazine\/","name":"Le Magazine de Proantic","description":"Magazine d&#039;art et expositions","potentialAction":[{"@type":"SearchAction","target":{"@type":"EntryPoint","urlTemplate":"https:\/\/www.proantic.com\/magazine\/?s={search_term_string}"},"query-input":{"@type":"PropertyValueSpecification","valueRequired":true,"valueName":"search_term_string"}}],"inLanguage":"fr-FR"},{"@type":"Person","@id":"https:\/\/www.proantic.com\/magazine\/#\/schema\/person\/63707e8f4e7d0172de7ddde897688be0","name":"C\u00e9line Autant"}]}},"jetpack_publicize_connections":[],"jetpack_featured_media_url":"https:\/\/i0.wp.com\/www.proantic.com\/magazine\/wp-content\/uploads\/2015\/08\/112130-1.jpg?fit=1200%2C902&ssl=1","jetpack_shortlink":"https:\/\/wp.me\/p7EkP3-ZK","jetpack_sharing_enabled":true,"_links":{"self":[{"href":"https:\/\/www.proantic.com\/magazine\/wp-json\/wp\/v2\/posts\/3828","targetHints":{"allow":["GET"]}}],"collection":[{"href":"https:\/\/www.proantic.com\/magazine\/wp-json\/wp\/v2\/posts"}],"about":[{"href":"https:\/\/www.proantic.com\/magazine\/wp-json\/wp\/v2\/types\/post"}],"author":[{"embeddable":true,"href":"https:\/\/www.proantic.com\/magazine\/wp-json\/wp\/v2\/users\/6"}],"replies":[{"embeddable":true,"href":"https:\/\/www.proantic.com\/magazine\/wp-json\/wp\/v2\/comments?post=3828"}],"version-history":[{"count":0,"href":"https:\/\/www.proantic.com\/magazine\/wp-json\/wp\/v2\/posts\/3828\/revisions"}],"wp:featuredmedia":[{"embeddable":true,"href":"https:\/\/www.proantic.com\/magazine\/wp-json\/wp\/v2\/media\/3843"}],"wp:attachment":[{"href":"https:\/\/www.proantic.com\/magazine\/wp-json\/wp\/v2\/media?parent=3828"}],"wp:term":[{"taxonomy":"category","embeddable":true,"href":"https:\/\/www.proantic.com\/magazine\/wp-json\/wp\/v2\/categories?post=3828"},{"taxonomy":"post_tag","embeddable":true,"href":"https:\/\/www.proantic.com\/magazine\/wp-json\/wp\/v2\/tags?post=3828"}],"curies":[{"name":"wp","href":"https:\/\/api.w.org\/{rel}","templated":true}]}}