{"id":3826,"date":"2015-08-14T10:57:27","date_gmt":"2015-08-14T09:57:27","guid":{"rendered":"http:\/\/www.proantic.com\/magazine\/?p=3826"},"modified":"2015-08-16T12:06:20","modified_gmt":"2015-08-16T11:06:20","slug":"le-mobilier-du-musee-jacquemart-andre","status":"publish","type":"post","link":"https:\/\/www.proantic.com\/magazine\/le-mobilier-du-musee-jacquemart-andre\/","title":{"rendered":"Le mobilier du mus\u00e9e Jacquemart-Andr\u00e9"},"content":{"rendered":"<p>Auteur:\u00a0<strong>Nicolas Sainte Fare Garnot<\/strong><\/p>\n<p>Editions: <strong>Faton<\/strong><\/p>\n<p>Le 7 mai 1876, \u00c9douard Andr\u00e9 inaugurait brillamment son h\u00f4tel particulier, v\u00e9ritable palais construit et d\u00e9cor\u00e9 dans le go\u00fbt du XVIIIe si\u00e8cle par l&rsquo;architecte Henri Parent. \u00c0 partir de 1880, il entreprit de faire de l&rsquo;ameublement de son h\u00f4tel une vitrine de la cr\u00e9ation fran\u00e7aise des origines au XVIIIe si\u00e8cle, rivalisant dans ses achats aupr\u00e8s des antiquaires parisiens avec Richard Wallace qui constituait alors la c\u00e9l\u00e8bre collection londonienne.<\/p>\n<p>Apr\u00e8s sa mort survenue en 1894, sa femme N\u00e9lie Andr\u00e9, dont il avait fait sa l\u00e9gataire universelle, continua \u00e0 enrichir les collections de son h\u00f4tel parisien et de sa r\u00e9sidence des champs \u00e0 Chaalis. Elle mourut en 1912, ayant l\u00e9gu\u00e9 ses demeures et ses collections \u00e0 l&rsquo;Institut de France qui, l&rsquo;ann\u00e9e suivante, ouvrit au public le mus\u00e9e Jacquemart-Andr\u00e9.<br \/>\nApr\u00e8s la r\u00e9ouverture du mus\u00e9e en 1996, au terme de travaux de r\u00e9novation, un comit\u00e9 compos\u00e9 de m\u00e9c\u00e8nes et d&rsquo;historiens d&rsquo;art a entrepris et men\u00e9 \u00e0 bien la restauration de quelques-uns des chefs-d&rsquo;\u0153uvre du mobilier de Jacquemart-Andr\u00e9.<\/p>\n","protected":false},"excerpt":{"rendered":"<p>Auteur:\u00a0Nicolas Sainte Fare Garnot Editions: Faton Le 7 mai 1876, \u00c9douard Andr\u00e9 inaugurait brillamment son h\u00f4tel particulier, v\u00e9ritable palais construit et d\u00e9cor\u00e9 dans le go\u00fbt du XVIIIe si\u00e8cle par l&rsquo;architecte Henri Parent. \u00c0 partir de 1880, il entreprit de faire de l&rsquo;ameublement de son h\u00f4tel une vitrine de la cr\u00e9ation fran\u00e7aise des origines au XVIIIe [&hellip;]<\/p>\n","protected":false},"author":6,"featured_media":3839,"comment_status":"closed","ping_status":"open","sticky":false,"template":"","format":"standard","meta":{"jetpack_post_was_ever_published":false,"_jetpack_newsletter_access":"","_jetpack_dont_email_post_to_subs":false,"_jetpack_newsletter_tier_id":0,"_jetpack_memberships_contains_paywalled_content":false,"_jetpack_memberships_contains_paid_content":false,"footnotes":"","jetpack_publicize_message":"","jetpack_publicize_feature_enabled":true,"jetpack_social_post_already_shared":true,"jetpack_social_options":{"image_generator_settings":{"template":"highway","default_image_id":0,"font":"","enabled":false},"version":2}},"categories":[16],"tags":[],"class_list":["post-3826","post","type-post","status-publish","format-standard","has-post-thumbnail","hentry","category-livres-dart"],"yoast_head":"<!-- This site is optimized with the Yoast SEO plugin v26.9 - https:\/\/yoast.com\/product\/yoast-seo-wordpress\/ -->\n<title>Le mobilier du mus\u00e9e Jacquemart-Andr\u00e9 Le Magazine de Proantic<\/title>\n<meta name=\"description\" content=\"Auteur:\u00a0Nicolas Sainte Fare Garnot Editions: Faton Le 7 mai 1876, \u00c9douard Andr\u00e9 inaugurait brillamment son h\u00f4tel particulier, v\u00e9ritable palais construit\" \/>\n<meta name=\"robots\" content=\"index, follow, max-snippet:-1, max-image-preview:large, max-video-preview:-1\" \/>\n<link rel=\"canonical\" href=\"https:\/\/www.proantic.com\/magazine\/le-mobilier-du-musee-jacquemart-andre\/\" \/>\n<meta property=\"og:locale\" content=\"fr_FR\" \/>\n<meta property=\"og:type\" content=\"article\" \/>\n<meta property=\"og:title\" content=\"Le mobilier du mus\u00e9e Jacquemart-Andr\u00e9 Le Magazine de Proantic\" \/>\n<meta property=\"og:description\" content=\"Auteur:\u00a0Nicolas Sainte Fare Garnot Editions: Faton Le 7 mai 1876, \u00c9douard Andr\u00e9 inaugurait brillamment son h\u00f4tel particulier, v\u00e9ritable palais construit\" \/>\n<meta property=\"og:url\" content=\"https:\/\/www.proantic.com\/magazine\/le-mobilier-du-musee-jacquemart-andre\/\" \/>\n<meta property=\"og:site_name\" content=\"Le Magazine de Proantic\" \/>\n<meta property=\"article:publisher\" content=\"https:\/\/www.facebook.com\/pages\/Proantic\/\/259180871793\" \/>\n<meta property=\"article:published_time\" content=\"2015-08-14T09:57:27+00:00\" \/>\n<meta property=\"article:modified_time\" content=\"2015-08-16T11:06:20+00:00\" \/>\n<meta property=\"og:image\" content=\"https:\/\/i0.wp.com\/www.proantic.com\/magazine\/wp-content\/uploads\/2015\/08\/gkki.jpg?fit=547%2C707&ssl=1\" \/>\n\t<meta property=\"og:image:width\" content=\"547\" \/>\n\t<meta property=\"og:image:height\" content=\"707\" \/>\n\t<meta property=\"og:image:type\" content=\"image\/jpeg\" \/>\n<meta name=\"author\" content=\"C\u00e9line Autant\" \/>\n<meta name=\"twitter:label1\" content=\"\u00c9crit par\" \/>\n\t<meta name=\"twitter:data1\" content=\"C\u00e9line Autant\" \/>\n\t<meta name=\"twitter:label2\" content=\"Dur\u00e9e de lecture estim\u00e9e\" \/>\n\t<meta name=\"twitter:data2\" content=\"1 minute\" \/>\n<script type=\"application\/ld+json\" class=\"yoast-schema-graph\">{\"@context\":\"https:\/\/schema.org\",\"@graph\":[{\"@type\":\"Article\",\"@id\":\"https:\/\/www.proantic.com\/magazine\/le-mobilier-du-musee-jacquemart-andre\/#article\",\"isPartOf\":{\"@id\":\"https:\/\/www.proantic.com\/magazine\/le-mobilier-du-musee-jacquemart-andre\/\"},\"author\":{\"name\":\"C\u00e9line Autant\",\"@id\":\"https:\/\/www.proantic.com\/magazine\/#\/schema\/person\/63707e8f4e7d0172de7ddde897688be0\"},\"headline\":\"Le mobilier du mus\u00e9e Jacquemart-Andr\u00e9\",\"datePublished\":\"2015-08-14T09:57:27+00:00\",\"dateModified\":\"2015-08-16T11:06:20+00:00\",\"mainEntityOfPage\":{\"@id\":\"https:\/\/www.proantic.com\/magazine\/le-mobilier-du-musee-jacquemart-andre\/\"},\"wordCount\":198,\"image\":{\"@id\":\"https:\/\/www.proantic.com\/magazine\/le-mobilier-du-musee-jacquemart-andre\/#primaryimage\"},\"thumbnailUrl\":\"https:\/\/i0.wp.com\/www.proantic.com\/magazine\/wp-content\/uploads\/2015\/08\/gkki.jpg?fit=547%2C707&ssl=1\",\"articleSection\":[\"Livres d'art\"],\"inLanguage\":\"fr-FR\"},{\"@type\":\"WebPage\",\"@id\":\"https:\/\/www.proantic.com\/magazine\/le-mobilier-du-musee-jacquemart-andre\/\",\"url\":\"https:\/\/www.proantic.com\/magazine\/le-mobilier-du-musee-jacquemart-andre\/\",\"name\":\"Le mobilier du mus\u00e9e Jacquemart-Andr\u00e9 Le Magazine de Proantic\",\"isPartOf\":{\"@id\":\"https:\/\/www.proantic.com\/magazine\/#website\"},\"primaryImageOfPage\":{\"@id\":\"https:\/\/www.proantic.com\/magazine\/le-mobilier-du-musee-jacquemart-andre\/#primaryimage\"},\"image\":{\"@id\":\"https:\/\/www.proantic.com\/magazine\/le-mobilier-du-musee-jacquemart-andre\/#primaryimage\"},\"thumbnailUrl\":\"https:\/\/i0.wp.com\/www.proantic.com\/magazine\/wp-content\/uploads\/2015\/08\/gkki.jpg?fit=547%2C707&ssl=1\",\"datePublished\":\"2015-08-14T09:57:27+00:00\",\"dateModified\":\"2015-08-16T11:06:20+00:00\",\"author\":{\"@id\":\"https:\/\/www.proantic.com\/magazine\/#\/schema\/person\/63707e8f4e7d0172de7ddde897688be0\"},\"description\":\"Auteur:\u00a0Nicolas Sainte Fare Garnot Editions: Faton Le 7 mai 1876, \u00c9douard Andr\u00e9 inaugurait brillamment son h\u00f4tel particulier, v\u00e9ritable palais construit\",\"breadcrumb\":{\"@id\":\"https:\/\/www.proantic.com\/magazine\/le-mobilier-du-musee-jacquemart-andre\/#breadcrumb\"},\"inLanguage\":\"fr-FR\",\"potentialAction\":[{\"@type\":\"ReadAction\",\"target\":[\"https:\/\/www.proantic.com\/magazine\/le-mobilier-du-musee-jacquemart-andre\/\"]}]},{\"@type\":\"ImageObject\",\"inLanguage\":\"fr-FR\",\"@id\":\"https:\/\/www.proantic.com\/magazine\/le-mobilier-du-musee-jacquemart-andre\/#primaryimage\",\"url\":\"https:\/\/i0.wp.com\/www.proantic.com\/magazine\/wp-content\/uploads\/2015\/08\/gkki.jpg?fit=547%2C707&ssl=1\",\"contentUrl\":\"https:\/\/i0.wp.com\/www.proantic.com\/magazine\/wp-content\/uploads\/2015\/08\/gkki.jpg?fit=547%2C707&ssl=1\",\"width\":547,\"height\":707},{\"@type\":\"BreadcrumbList\",\"@id\":\"https:\/\/www.proantic.com\/magazine\/le-mobilier-du-musee-jacquemart-andre\/#breadcrumb\",\"itemListElement\":[{\"@type\":\"ListItem\",\"position\":1,\"name\":\"Accueil\",\"item\":\"https:\/\/www.proantic.com\/magazine\/\"},{\"@type\":\"ListItem\",\"position\":2,\"name\":\"Le mobilier du mus\u00e9e Jacquemart-Andr\u00e9\"}]},{\"@type\":\"WebSite\",\"@id\":\"https:\/\/www.proantic.com\/magazine\/#website\",\"url\":\"https:\/\/www.proantic.com\/magazine\/\",\"name\":\"Le Magazine de Proantic\",\"description\":\"Magazine d&#039;art et expositions\",\"potentialAction\":[{\"@type\":\"SearchAction\",\"target\":{\"@type\":\"EntryPoint\",\"urlTemplate\":\"https:\/\/www.proantic.com\/magazine\/?s={search_term_string}\"},\"query-input\":{\"@type\":\"PropertyValueSpecification\",\"valueRequired\":true,\"valueName\":\"search_term_string\"}}],\"inLanguage\":\"fr-FR\"},{\"@type\":\"Person\",\"@id\":\"https:\/\/www.proantic.com\/magazine\/#\/schema\/person\/63707e8f4e7d0172de7ddde897688be0\",\"name\":\"C\u00e9line Autant\"}]}<\/script>\n<!-- \/ Yoast SEO plugin. -->","yoast_head_json":{"title":"Le mobilier du mus\u00e9e Jacquemart-Andr\u00e9 Le Magazine de Proantic","description":"Auteur:\u00a0Nicolas Sainte Fare Garnot Editions: Faton Le 7 mai 1876, \u00c9douard Andr\u00e9 inaugurait brillamment son h\u00f4tel particulier, v\u00e9ritable palais construit","robots":{"index":"index","follow":"follow","max-snippet":"max-snippet:-1","max-image-preview":"max-image-preview:large","max-video-preview":"max-video-preview:-1"},"canonical":"https:\/\/www.proantic.com\/magazine\/le-mobilier-du-musee-jacquemart-andre\/","og_locale":"fr_FR","og_type":"article","og_title":"Le mobilier du mus\u00e9e Jacquemart-Andr\u00e9 Le Magazine de Proantic","og_description":"Auteur:\u00a0Nicolas Sainte Fare Garnot Editions: Faton Le 7 mai 1876, \u00c9douard Andr\u00e9 inaugurait brillamment son h\u00f4tel particulier, v\u00e9ritable palais construit","og_url":"https:\/\/www.proantic.com\/magazine\/le-mobilier-du-musee-jacquemart-andre\/","og_site_name":"Le Magazine de Proantic","article_publisher":"https:\/\/www.facebook.com\/pages\/Proantic\/\/259180871793","article_published_time":"2015-08-14T09:57:27+00:00","article_modified_time":"2015-08-16T11:06:20+00:00","og_image":[{"width":547,"height":707,"url":"https:\/\/i0.wp.com\/www.proantic.com\/magazine\/wp-content\/uploads\/2015\/08\/gkki.jpg?fit=547%2C707&ssl=1","type":"image\/jpeg"}],"author":"C\u00e9line Autant","twitter_misc":{"\u00c9crit par":"C\u00e9line Autant","Dur\u00e9e de lecture estim\u00e9e":"1 minute"},"schema":{"@context":"https:\/\/schema.org","@graph":[{"@type":"Article","@id":"https:\/\/www.proantic.com\/magazine\/le-mobilier-du-musee-jacquemart-andre\/#article","isPartOf":{"@id":"https:\/\/www.proantic.com\/magazine\/le-mobilier-du-musee-jacquemart-andre\/"},"author":{"name":"C\u00e9line Autant","@id":"https:\/\/www.proantic.com\/magazine\/#\/schema\/person\/63707e8f4e7d0172de7ddde897688be0"},"headline":"Le mobilier du mus\u00e9e Jacquemart-Andr\u00e9","datePublished":"2015-08-14T09:57:27+00:00","dateModified":"2015-08-16T11:06:20+00:00","mainEntityOfPage":{"@id":"https:\/\/www.proantic.com\/magazine\/le-mobilier-du-musee-jacquemart-andre\/"},"wordCount":198,"image":{"@id":"https:\/\/www.proantic.com\/magazine\/le-mobilier-du-musee-jacquemart-andre\/#primaryimage"},"thumbnailUrl":"https:\/\/i0.wp.com\/www.proantic.com\/magazine\/wp-content\/uploads\/2015\/08\/gkki.jpg?fit=547%2C707&ssl=1","articleSection":["Livres d'art"],"inLanguage":"fr-FR"},{"@type":"WebPage","@id":"https:\/\/www.proantic.com\/magazine\/le-mobilier-du-musee-jacquemart-andre\/","url":"https:\/\/www.proantic.com\/magazine\/le-mobilier-du-musee-jacquemart-andre\/","name":"Le mobilier du mus\u00e9e Jacquemart-Andr\u00e9 Le Magazine de Proantic","isPartOf":{"@id":"https:\/\/www.proantic.com\/magazine\/#website"},"primaryImageOfPage":{"@id":"https:\/\/www.proantic.com\/magazine\/le-mobilier-du-musee-jacquemart-andre\/#primaryimage"},"image":{"@id":"https:\/\/www.proantic.com\/magazine\/le-mobilier-du-musee-jacquemart-andre\/#primaryimage"},"thumbnailUrl":"https:\/\/i0.wp.com\/www.proantic.com\/magazine\/wp-content\/uploads\/2015\/08\/gkki.jpg?fit=547%2C707&ssl=1","datePublished":"2015-08-14T09:57:27+00:00","dateModified":"2015-08-16T11:06:20+00:00","author":{"@id":"https:\/\/www.proantic.com\/magazine\/#\/schema\/person\/63707e8f4e7d0172de7ddde897688be0"},"description":"Auteur:\u00a0Nicolas Sainte Fare Garnot Editions: Faton Le 7 mai 1876, \u00c9douard Andr\u00e9 inaugurait brillamment son h\u00f4tel particulier, v\u00e9ritable palais construit","breadcrumb":{"@id":"https:\/\/www.proantic.com\/magazine\/le-mobilier-du-musee-jacquemart-andre\/#breadcrumb"},"inLanguage":"fr-FR","potentialAction":[{"@type":"ReadAction","target":["https:\/\/www.proantic.com\/magazine\/le-mobilier-du-musee-jacquemart-andre\/"]}]},{"@type":"ImageObject","inLanguage":"fr-FR","@id":"https:\/\/www.proantic.com\/magazine\/le-mobilier-du-musee-jacquemart-andre\/#primaryimage","url":"https:\/\/i0.wp.com\/www.proantic.com\/magazine\/wp-content\/uploads\/2015\/08\/gkki.jpg?fit=547%2C707&ssl=1","contentUrl":"https:\/\/i0.wp.com\/www.proantic.com\/magazine\/wp-content\/uploads\/2015\/08\/gkki.jpg?fit=547%2C707&ssl=1","width":547,"height":707},{"@type":"BreadcrumbList","@id":"https:\/\/www.proantic.com\/magazine\/le-mobilier-du-musee-jacquemart-andre\/#breadcrumb","itemListElement":[{"@type":"ListItem","position":1,"name":"Accueil","item":"https:\/\/www.proantic.com\/magazine\/"},{"@type":"ListItem","position":2,"name":"Le mobilier du mus\u00e9e Jacquemart-Andr\u00e9"}]},{"@type":"WebSite","@id":"https:\/\/www.proantic.com\/magazine\/#website","url":"https:\/\/www.proantic.com\/magazine\/","name":"Le Magazine de Proantic","description":"Magazine d&#039;art et expositions","potentialAction":[{"@type":"SearchAction","target":{"@type":"EntryPoint","urlTemplate":"https:\/\/www.proantic.com\/magazine\/?s={search_term_string}"},"query-input":{"@type":"PropertyValueSpecification","valueRequired":true,"valueName":"search_term_string"}}],"inLanguage":"fr-FR"},{"@type":"Person","@id":"https:\/\/www.proantic.com\/magazine\/#\/schema\/person\/63707e8f4e7d0172de7ddde897688be0","name":"C\u00e9line Autant"}]}},"jetpack_publicize_connections":[],"jetpack_featured_media_url":"https:\/\/i0.wp.com\/www.proantic.com\/magazine\/wp-content\/uploads\/2015\/08\/gkki.jpg?fit=547%2C707&ssl=1","jetpack_shortlink":"https:\/\/wp.me\/p7EkP3-ZI","jetpack_sharing_enabled":true,"_links":{"self":[{"href":"https:\/\/www.proantic.com\/magazine\/wp-json\/wp\/v2\/posts\/3826","targetHints":{"allow":["GET"]}}],"collection":[{"href":"https:\/\/www.proantic.com\/magazine\/wp-json\/wp\/v2\/posts"}],"about":[{"href":"https:\/\/www.proantic.com\/magazine\/wp-json\/wp\/v2\/types\/post"}],"author":[{"embeddable":true,"href":"https:\/\/www.proantic.com\/magazine\/wp-json\/wp\/v2\/users\/6"}],"replies":[{"embeddable":true,"href":"https:\/\/www.proantic.com\/magazine\/wp-json\/wp\/v2\/comments?post=3826"}],"version-history":[{"count":0,"href":"https:\/\/www.proantic.com\/magazine\/wp-json\/wp\/v2\/posts\/3826\/revisions"}],"wp:featuredmedia":[{"embeddable":true,"href":"https:\/\/www.proantic.com\/magazine\/wp-json\/wp\/v2\/media\/3839"}],"wp:attachment":[{"href":"https:\/\/www.proantic.com\/magazine\/wp-json\/wp\/v2\/media?parent=3826"}],"wp:term":[{"taxonomy":"category","embeddable":true,"href":"https:\/\/www.proantic.com\/magazine\/wp-json\/wp\/v2\/categories?post=3826"},{"taxonomy":"post_tag","embeddable":true,"href":"https:\/\/www.proantic.com\/magazine\/wp-json\/wp\/v2\/tags?post=3826"}],"curies":[{"name":"wp","href":"https:\/\/api.w.org\/{rel}","templated":true}]}}