{"id":3512,"date":"2015-05-31T17:43:36","date_gmt":"2015-05-31T16:43:36","guid":{"rendered":"http:\/\/www.proantic.com\/magazine\/?p=3512"},"modified":"2017-12-15T11:10:11","modified_gmt":"2017-12-15T10:10:11","slug":"le-salon-chinois-du-chateau-de-haroue","status":"publish","type":"post","link":"https:\/\/www.proantic.com\/magazine\/le-salon-chinois-du-chateau-de-haroue\/","title":{"rendered":"Le salon chinois du ch\u00e2teau de Harou\u00e9"},"content":{"rendered":"<p><strong>Le Ch\u00e2teau de Harou\u00e9 est l\u2019\u0153uvre de l\u2019architecte Germain Boffrand (1667-1754) pour le prince Marc de Beauvau-Craon, ami d\u2019enfance du duc L\u00e9opold (1690-1729)<\/strong>. Marc \u00e9tait \u00e9galement vice-roi de Toscane, prince du Saint-Empire, Grand d\u2019Espagne et reconnu cousin du roi par Louis XV.<\/p>\n<p>En 1704, il se maria avec Anne-Marguerite de Ligniville, descendante d\u2019une ancienne famille de la chevalerie lorraine, avec qui il eut 20 enfants, dont Charles-Just (1720-1793), qui fut membre de l\u2019Acad\u00e9mie fran\u00e7aise et mar\u00e9chal de France sous Louis XVI.<\/p>\n<figure id=\"attachment_3515\" aria-describedby=\"caption-attachment-3515\" style=\"width: 620px\" class=\"wp-caption aligncenter\"><a href=\"https:\/\/i0.wp.com\/www.proantic.com\/magazine\/wp-content\/uploads\/2015\/05\/HARO.jpg\"><img data-recalc-dims=\"1\" loading=\"lazy\" decoding=\"async\" data-attachment-id=\"3515\" data-permalink=\"https:\/\/www.proantic.com\/magazine\/le-salon-chinois-du-chateau-de-haroue\/haro\/\" data-orig-file=\"https:\/\/i0.wp.com\/www.proantic.com\/magazine\/wp-content\/uploads\/2015\/05\/HARO.jpg?fit=1024%2C768&amp;ssl=1\" data-orig-size=\"1024,768\" data-comments-opened=\"1\" data-image-meta=\"{&quot;aperture&quot;:&quot;4&quot;,&quot;credit&quot;:&quot;&quot;,&quot;camera&quot;:&quot;DSC-P72&quot;,&quot;caption&quot;:&quot;&quot;,&quot;created_timestamp&quot;:&quot;1067186977&quot;,&quot;copyright&quot;:&quot;&quot;,&quot;focal_length&quot;:&quot;11.6&quot;,&quot;iso&quot;:&quot;100&quot;,&quot;shutter_speed&quot;:&quot;0.004&quot;,&quot;title&quot;:&quot;&quot;,&quot;orientation&quot;:&quot;1&quot;}\" data-image-title=\"ch\u00e2teau de Harou\u00e9\" data-image-description=\"\" data-image-caption=\"&lt;p&gt; Ch\u00e2teau de Harou\u00e9&lt;\/p&gt;\n\" data-medium-file=\"https:\/\/i0.wp.com\/www.proantic.com\/magazine\/wp-content\/uploads\/2015\/05\/HARO.jpg?fit=300%2C225&amp;ssl=1\" data-large-file=\"https:\/\/i0.wp.com\/www.proantic.com\/magazine\/wp-content\/uploads\/2015\/05\/HARO.jpg?fit=665%2C499&amp;ssl=1\" class=\"wp-image-3515 size-large\" src=\"https:\/\/i0.wp.com\/www.proantic.com\/magazine\/wp-content\/uploads\/2015\/05\/HARO-1024x768.jpg?resize=620%2C465\" alt=\" Ch\u00e2teau de Harou\u00e9\" width=\"620\" height=\"465\" srcset=\"https:\/\/i0.wp.com\/www.proantic.com\/magazine\/wp-content\/uploads\/2015\/05\/HARO.jpg?w=1024&amp;ssl=1 1024w, https:\/\/i0.wp.com\/www.proantic.com\/magazine\/wp-content\/uploads\/2015\/05\/HARO.jpg?resize=300%2C225&amp;ssl=1 300w, https:\/\/i0.wp.com\/www.proantic.com\/magazine\/wp-content\/uploads\/2015\/05\/HARO.jpg?resize=620%2C465&amp;ssl=1 620w, https:\/\/i0.wp.com\/www.proantic.com\/magazine\/wp-content\/uploads\/2015\/05\/HARO.jpg?resize=940%2C705&amp;ssl=1 940w\" sizes=\"auto, (max-width: 620px) 100vw, 620px\" \/><\/a><figcaption id=\"caption-attachment-3515\" class=\"wp-caption-text\"><strong>Ch\u00e2teau de Harou\u00e9<\/strong><\/figcaption><\/figure>\n<p>Le Ch\u00e2teau de Harou\u00e9 fut \u00e9rig\u00e9 entre 1720 et 1732 sur les fondations du ch\u00e2teau de Bassompierre. De l\u2019\u00e9poque Bassompierre (seconde moiti\u00e9 du XVIe si\u00e8cle et premi\u00e8re moiti\u00e9 du XVIIe si\u00e8cle) subsiste notamment les b\u00e2timents de ferme parmi lesquels vous pourrez visiter les \u00e9curies et un pigeonnier.<\/p>\n<p>Boffrand marque le ch\u00e2teau de son originalit\u00e9 car ce dernier est le symbole du temps qui s\u2019\u00e9coule car on y trouve 365 fen\u00eatres, 52 chemin\u00e9es, 12 tours et tourelles et 4 ponts.<\/p>\n<p>D\u2019autres artistes lorrains ont particip\u00e9 \u00e0 son embellissement, comme Jean Lamour qui a forg\u00e9 la grille d\u2019honneur, celles des balcons, ou encore l\u2019escalier d\u2019honneur; Barth\u00e9l\u00e9my Guibal a, quant \u00e0 lui, d\u00e9ploy\u00e9 son art dans les 6 groupes d\u2019enfants sculpt\u00e9s situ\u00e9s dans la cour d\u2019honneur et la terrasse c\u00f4t\u00e9 jardin.<\/p>\n<figure id=\"attachment_3516\" aria-describedby=\"caption-attachment-3516\" style=\"width: 620px\" class=\"wp-caption aligncenter\"><a href=\"https:\/\/i0.wp.com\/www.proantic.com\/magazine\/wp-content\/uploads\/2015\/05\/7de31b6f7d66caecd4d4c2714f749185.jpg\"><img data-recalc-dims=\"1\" loading=\"lazy\" decoding=\"async\" data-attachment-id=\"3516\" data-permalink=\"https:\/\/www.proantic.com\/magazine\/le-salon-chinois-du-chateau-de-haroue\/7de31b6f7d66caecd4d4c2714f749185\/\" data-orig-file=\"https:\/\/i0.wp.com\/www.proantic.com\/magazine\/wp-content\/uploads\/2015\/05\/7de31b6f7d66caecd4d4c2714f749185.jpg?fit=736%2C1172&amp;ssl=1\" data-orig-size=\"736,1172\" data-comments-opened=\"1\" data-image-meta=\"{&quot;aperture&quot;:&quot;0&quot;,&quot;credit&quot;:&quot;&quot;,&quot;camera&quot;:&quot;&quot;,&quot;caption&quot;:&quot;&quot;,&quot;created_timestamp&quot;:&quot;0&quot;,&quot;copyright&quot;:&quot;&quot;,&quot;focal_length&quot;:&quot;0&quot;,&quot;iso&quot;:&quot;0&quot;,&quot;shutter_speed&quot;:&quot;0&quot;,&quot;title&quot;:&quot;&quot;,&quot;orientation&quot;:&quot;0&quot;}\" data-image-title=\"Le salon chinois du ch\u00e2teau de Harou\u00e9\" data-image-description=\"\" data-image-caption=\"&lt;p&gt;Le salon chinois du ch\u00e2teau de Harou\u00e9&lt;\/p&gt;\n\" data-medium-file=\"https:\/\/i0.wp.com\/www.proantic.com\/magazine\/wp-content\/uploads\/2015\/05\/7de31b6f7d66caecd4d4c2714f749185.jpg?fit=188%2C300&amp;ssl=1\" data-large-file=\"https:\/\/i0.wp.com\/www.proantic.com\/magazine\/wp-content\/uploads\/2015\/05\/7de31b6f7d66caecd4d4c2714f749185.jpg?fit=643%2C1024&amp;ssl=1\" class=\"wp-image-3516 size-large\" src=\"https:\/\/i0.wp.com\/www.proantic.com\/magazine\/wp-content\/uploads\/2015\/05\/7de31b6f7d66caecd4d4c2714f749185-643x1024.jpg?resize=620%2C987\" alt=\"Le salon chinois du ch\u00e2teau de Harou\u00e9\" width=\"620\" height=\"987\" srcset=\"https:\/\/i0.wp.com\/www.proantic.com\/magazine\/wp-content\/uploads\/2015\/05\/7de31b6f7d66caecd4d4c2714f749185.jpg?resize=643%2C1024&amp;ssl=1 643w, https:\/\/i0.wp.com\/www.proantic.com\/magazine\/wp-content\/uploads\/2015\/05\/7de31b6f7d66caecd4d4c2714f749185.jpg?resize=188%2C300&amp;ssl=1 188w, https:\/\/i0.wp.com\/www.proantic.com\/magazine\/wp-content\/uploads\/2015\/05\/7de31b6f7d66caecd4d4c2714f749185.jpg?resize=620%2C987&amp;ssl=1 620w, https:\/\/i0.wp.com\/www.proantic.com\/magazine\/wp-content\/uploads\/2015\/05\/7de31b6f7d66caecd4d4c2714f749185.jpg?w=736&amp;ssl=1 736w\" sizes=\"auto, (max-width: 620px) 100vw, 620px\" \/><\/a><figcaption id=\"caption-attachment-3516\" class=\"wp-caption-text\"><strong>Le salon chinois du ch\u00e2teau de Harou\u00e9<\/strong><\/figcaption><\/figure>\n<p>Durant la visite vous pourrez notamment admirer le magnifique salon chinois d\u00e9cor\u00e9 par Jean Pillement, unique en Lorraine; mais \u00e9galement les tapisseries des Gobelins racontant l\u2019\u00e9pop\u00e9e d\u2019Alexandre le Grand, ou encore le mobilier command\u00e9 par Louis XVIII (roi de France de 1814 \u00e0 1824) pour le ch\u00e2teau de Saint-Ouen.<\/p>\n<p>A la fin de la visite, vous pourrez vous promener dans le parc \u00e0 la fran\u00e7aise cr\u00e9e par Marc de Beauvau-Craon, septi\u00e8me et dernier prince d\u00e9c\u00e9d\u00e9 en 1982, avec la collaboration du paysagiste Emilio Terry. Puis vous appr\u00e9cierez l\u2019\u00e9l\u00e9gante floraison du jardin anglais dessin\u00e9 par Cyndie Simon.<\/p>\n<p>On parle souvent du Ch\u00e2teau de Harou\u00e9 comme un \u00abPalais \u00e0 la campagne\u00bb mais c\u2019est avant tout une maison \u00abhabit\u00e9e\u00bb par les descendants du Prince Marc de Beauvau-Craon et de sa femme Anne-Marguerite.<\/p>\n<figure id=\"attachment_3517\" aria-describedby=\"caption-attachment-3517\" style=\"width: 400px\" class=\"wp-caption aligncenter\"><a href=\"https:\/\/i0.wp.com\/www.proantic.com\/magazine\/wp-content\/uploads\/2015\/05\/DIA00090008.png\"><img data-recalc-dims=\"1\" loading=\"lazy\" decoding=\"async\" data-attachment-id=\"3517\" data-permalink=\"https:\/\/www.proantic.com\/magazine\/le-salon-chinois-du-chateau-de-haroue\/dia00090008\/\" data-orig-file=\"https:\/\/i0.wp.com\/www.proantic.com\/magazine\/wp-content\/uploads\/2015\/05\/DIA00090008.png?fit=400%2C600&amp;ssl=1\" data-orig-size=\"400,600\" data-comments-opened=\"1\" data-image-meta=\"{&quot;aperture&quot;:&quot;0&quot;,&quot;credit&quot;:&quot;&quot;,&quot;camera&quot;:&quot;&quot;,&quot;caption&quot;:&quot;&quot;,&quot;created_timestamp&quot;:&quot;0&quot;,&quot;copyright&quot;:&quot;&quot;,&quot;focal_length&quot;:&quot;0&quot;,&quot;iso&quot;:&quot;0&quot;,&quot;shutter_speed&quot;:&quot;0&quot;,&quot;title&quot;:&quot;&quot;,&quot;orientation&quot;:&quot;0&quot;}\" data-image-title=\"salon chinois d\u00e9cor\u00e9 par Jean Pillement\" data-image-description=\"\" data-image-caption=\"&lt;p&gt;Le salon chinois du ch\u00e2teau de Harou\u00e9, salon chinois d\u00e9cor\u00e9 par Jean Pillement&lt;\/p&gt;\n\" data-medium-file=\"https:\/\/i0.wp.com\/www.proantic.com\/magazine\/wp-content\/uploads\/2015\/05\/DIA00090008.png?fit=200%2C300&amp;ssl=1\" data-large-file=\"https:\/\/i0.wp.com\/www.proantic.com\/magazine\/wp-content\/uploads\/2015\/05\/DIA00090008.png?fit=400%2C600&amp;ssl=1\" class=\"size-full wp-image-3517\" src=\"https:\/\/i0.wp.com\/www.proantic.com\/magazine\/wp-content\/uploads\/2015\/05\/DIA00090008.png?resize=400%2C600\" alt=\"Le salon chinois du ch\u00e2teau de Harou\u00e9, salon chinois d\u00e9cor\u00e9 par Jean Pillement\" width=\"400\" height=\"600\" srcset=\"https:\/\/i0.wp.com\/www.proantic.com\/magazine\/wp-content\/uploads\/2015\/05\/DIA00090008.png?w=400&amp;ssl=1 400w, https:\/\/i0.wp.com\/www.proantic.com\/magazine\/wp-content\/uploads\/2015\/05\/DIA00090008.png?resize=200%2C300&amp;ssl=1 200w\" sizes=\"auto, (max-width: 400px) 100vw, 400px\" \/><\/a><figcaption id=\"caption-attachment-3517\" class=\"wp-caption-text\"><strong>Le salon chinois du ch\u00e2teau de Harou\u00e9, salon chinois d\u00e9cor\u00e9 par Jean Pillement<\/strong><\/figcaption><\/figure>\n<p><strong>L\u2019ornemaniste jean baptiste pillement<\/strong><\/p>\n<p>On connait Jean-Baptiste Pillement, artiste lyonnais (1728-1808) pour ses peintures magnifiques et d\u00e9licates de paysages accident\u00e9s pr\u00e9romantiques, pris\u00e9es en Angleterre au XVIII\u00e8me, et surtout pour ses gravures et ses dessins d\u2019ornementation \u00ab\u00a0dans le go\u00fbt des chinoiseries\u00a0\u00bb<\/p>\n<p>, ce peintre fut l\u2019un des plus prolifiques et des plus brillants ornemanistes du XVIII\u00e8me si\u00e8cle en propageant le style Rococo. Ses dessins ont \u00e9t\u00e9 repris et imit\u00e9s partout en Europe et sont encore parfois utilis\u00e9s aujourd\u2019hui.<\/p>\n<p><span style=\"color: #ff0000\">En savoir plus:<\/span><\/p>\n<p>http:\/\/www.chateaudeharoue.fr\/<\/p>\n","protected":false},"excerpt":{"rendered":"<p>Le Ch\u00e2teau de Harou\u00e9 est l\u2019\u0153uvre de l\u2019architecte Germain Boffrand (1667-1754) pour le prince Marc de Beauvau-Craon, ami d\u2019enfance du duc L\u00e9opold (1690-1729). Marc \u00e9tait \u00e9galement vice-roi de Toscane, prince du Saint-Empire, Grand d\u2019Espagne et reconnu cousin du roi par Louis XV. En 1704, il se maria avec Anne-Marguerite de Ligniville, descendante d\u2019une ancienne famille [&hellip;]<\/p>\n","protected":false},"author":6,"featured_media":3518,"comment_status":"closed","ping_status":"open","sticky":false,"template":"","format":"standard","meta":{"jetpack_post_was_ever_published":false,"_jetpack_newsletter_access":"","_jetpack_dont_email_post_to_subs":false,"_jetpack_newsletter_tier_id":0,"_jetpack_memberships_contains_paywalled_content":false,"_jetpack_memberships_contains_paid_content":false,"footnotes":"","jetpack_publicize_message":"","jetpack_publicize_feature_enabled":true,"jetpack_social_post_already_shared":true,"jetpack_social_options":{"image_generator_settings":{"template":"highway","default_image_id":0,"font":"","enabled":false},"version":2}},"categories":[18],"tags":[493,415,305],"class_list":["post-3512","post","type-post","status-publish","format-standard","has-post-thumbnail","hentry","category-patrimoine-musee","tag-chateau-de-haroue","tag-jean-baptiste-pillement","tag-ornemaniste"],"yoast_head":"<!-- This site is optimized with the Yoast SEO plugin v26.9 - https:\/\/yoast.com\/product\/yoast-seo-wordpress\/ -->\n<title>Le salon chinois du ch\u00e2teau de Harou\u00e9 Le Magazine de Proantic<\/title>\n<meta name=\"description\" content=\"Le Ch\u00e2teau de Harou\u00e9 est l\u2019\u0153uvre de l\u2019architecte Germain Boffrand (1667-1754) pour le prince Marc de Beauvau-Craon, ami d\u2019enfance du duc L\u00e9opold\" \/>\n<meta name=\"robots\" content=\"index, follow, max-snippet:-1, max-image-preview:large, max-video-preview:-1\" \/>\n<link rel=\"canonical\" href=\"https:\/\/www.proantic.com\/magazine\/le-salon-chinois-du-chateau-de-haroue\/\" \/>\n<meta property=\"og:locale\" content=\"fr_FR\" \/>\n<meta property=\"og:type\" content=\"article\" \/>\n<meta property=\"og:title\" content=\"Le salon chinois du ch\u00e2teau de Harou\u00e9 Le Magazine de Proantic\" \/>\n<meta property=\"og:description\" content=\"Le Ch\u00e2teau de Harou\u00e9 est l\u2019\u0153uvre de l\u2019architecte Germain Boffrand (1667-1754) pour le prince Marc de Beauvau-Craon, ami d\u2019enfance du duc L\u00e9opold\" \/>\n<meta property=\"og:url\" content=\"https:\/\/www.proantic.com\/magazine\/le-salon-chinois-du-chateau-de-haroue\/\" \/>\n<meta property=\"og:site_name\" content=\"Le Magazine de Proantic\" \/>\n<meta property=\"article:publisher\" content=\"https:\/\/www.facebook.com\/pages\/Proantic\/\/259180871793\" \/>\n<meta property=\"article:published_time\" content=\"2015-05-31T16:43:36+00:00\" \/>\n<meta property=\"article:modified_time\" content=\"2017-12-15T10:10:11+00:00\" \/>\n<meta property=\"og:image\" content=\"https:\/\/i0.wp.com\/www.proantic.com\/magazine\/wp-content\/uploads\/2015\/05\/eebfe85c777b6169cf26edb7039d66b3.jpg?fit=736%2C490&ssl=1\" \/>\n\t<meta property=\"og:image:width\" content=\"736\" \/>\n\t<meta property=\"og:image:height\" content=\"490\" \/>\n\t<meta property=\"og:image:type\" content=\"image\/jpeg\" \/>\n<meta name=\"author\" content=\"C\u00e9line Autant\" \/>\n<meta name=\"twitter:label1\" content=\"\u00c9crit par\" \/>\n\t<meta name=\"twitter:data1\" content=\"C\u00e9line Autant\" \/>\n\t<meta name=\"twitter:label2\" content=\"Dur\u00e9e de lecture estim\u00e9e\" \/>\n\t<meta name=\"twitter:data2\" content=\"3 minutes\" \/>\n<script type=\"application\/ld+json\" class=\"yoast-schema-graph\">{\"@context\":\"https:\/\/schema.org\",\"@graph\":[{\"@type\":\"Article\",\"@id\":\"https:\/\/www.proantic.com\/magazine\/le-salon-chinois-du-chateau-de-haroue\/#article\",\"isPartOf\":{\"@id\":\"https:\/\/www.proantic.com\/magazine\/le-salon-chinois-du-chateau-de-haroue\/\"},\"author\":{\"name\":\"C\u00e9line Autant\",\"@id\":\"https:\/\/www.proantic.com\/magazine\/#\/schema\/person\/63707e8f4e7d0172de7ddde897688be0\"},\"headline\":\"Le salon chinois du ch\u00e2teau de Harou\u00e9\",\"datePublished\":\"2015-05-31T16:43:36+00:00\",\"dateModified\":\"2017-12-15T10:10:11+00:00\",\"mainEntityOfPage\":{\"@id\":\"https:\/\/www.proantic.com\/magazine\/le-salon-chinois-du-chateau-de-haroue\/\"},\"wordCount\":524,\"image\":{\"@id\":\"https:\/\/www.proantic.com\/magazine\/le-salon-chinois-du-chateau-de-haroue\/#primaryimage\"},\"thumbnailUrl\":\"https:\/\/i0.wp.com\/www.proantic.com\/magazine\/wp-content\/uploads\/2015\/05\/eebfe85c777b6169cf26edb7039d66b3.jpg?fit=736%2C490&ssl=1\",\"keywords\":[\"ch\u00e2teau de Harou\u00e9\",\"Jean-Baptiste Pillement\",\"ornemaniste\"],\"articleSection\":[\"Patrimoine, Mus\u00e9es\"],\"inLanguage\":\"fr-FR\"},{\"@type\":\"WebPage\",\"@id\":\"https:\/\/www.proantic.com\/magazine\/le-salon-chinois-du-chateau-de-haroue\/\",\"url\":\"https:\/\/www.proantic.com\/magazine\/le-salon-chinois-du-chateau-de-haroue\/\",\"name\":\"Le salon chinois du ch\u00e2teau de Harou\u00e9 Le Magazine de Proantic\",\"isPartOf\":{\"@id\":\"https:\/\/www.proantic.com\/magazine\/#website\"},\"primaryImageOfPage\":{\"@id\":\"https:\/\/www.proantic.com\/magazine\/le-salon-chinois-du-chateau-de-haroue\/#primaryimage\"},\"image\":{\"@id\":\"https:\/\/www.proantic.com\/magazine\/le-salon-chinois-du-chateau-de-haroue\/#primaryimage\"},\"thumbnailUrl\":\"https:\/\/i0.wp.com\/www.proantic.com\/magazine\/wp-content\/uploads\/2015\/05\/eebfe85c777b6169cf26edb7039d66b3.jpg?fit=736%2C490&ssl=1\",\"datePublished\":\"2015-05-31T16:43:36+00:00\",\"dateModified\":\"2017-12-15T10:10:11+00:00\",\"author\":{\"@id\":\"https:\/\/www.proantic.com\/magazine\/#\/schema\/person\/63707e8f4e7d0172de7ddde897688be0\"},\"description\":\"Le Ch\u00e2teau de Harou\u00e9 est l\u2019\u0153uvre de l\u2019architecte Germain Boffrand (1667-1754) pour le prince Marc de Beauvau-Craon, ami d\u2019enfance du duc L\u00e9opold\",\"breadcrumb\":{\"@id\":\"https:\/\/www.proantic.com\/magazine\/le-salon-chinois-du-chateau-de-haroue\/#breadcrumb\"},\"inLanguage\":\"fr-FR\",\"potentialAction\":[{\"@type\":\"ReadAction\",\"target\":[\"https:\/\/www.proantic.com\/magazine\/le-salon-chinois-du-chateau-de-haroue\/\"]}]},{\"@type\":\"ImageObject\",\"inLanguage\":\"fr-FR\",\"@id\":\"https:\/\/www.proantic.com\/magazine\/le-salon-chinois-du-chateau-de-haroue\/#primaryimage\",\"url\":\"https:\/\/i0.wp.com\/www.proantic.com\/magazine\/wp-content\/uploads\/2015\/05\/eebfe85c777b6169cf26edb7039d66b3.jpg?fit=736%2C490&ssl=1\",\"contentUrl\":\"https:\/\/i0.wp.com\/www.proantic.com\/magazine\/wp-content\/uploads\/2015\/05\/eebfe85c777b6169cf26edb7039d66b3.jpg?fit=736%2C490&ssl=1\",\"width\":736,\"height\":490},{\"@type\":\"BreadcrumbList\",\"@id\":\"https:\/\/www.proantic.com\/magazine\/le-salon-chinois-du-chateau-de-haroue\/#breadcrumb\",\"itemListElement\":[{\"@type\":\"ListItem\",\"position\":1,\"name\":\"Accueil\",\"item\":\"https:\/\/www.proantic.com\/magazine\/\"},{\"@type\":\"ListItem\",\"position\":2,\"name\":\"Le salon chinois du ch\u00e2teau de Harou\u00e9\"}]},{\"@type\":\"WebSite\",\"@id\":\"https:\/\/www.proantic.com\/magazine\/#website\",\"url\":\"https:\/\/www.proantic.com\/magazine\/\",\"name\":\"Le Magazine de Proantic\",\"description\":\"Magazine d&#039;art et expositions\",\"potentialAction\":[{\"@type\":\"SearchAction\",\"target\":{\"@type\":\"EntryPoint\",\"urlTemplate\":\"https:\/\/www.proantic.com\/magazine\/?s={search_term_string}\"},\"query-input\":{\"@type\":\"PropertyValueSpecification\",\"valueRequired\":true,\"valueName\":\"search_term_string\"}}],\"inLanguage\":\"fr-FR\"},{\"@type\":\"Person\",\"@id\":\"https:\/\/www.proantic.com\/magazine\/#\/schema\/person\/63707e8f4e7d0172de7ddde897688be0\",\"name\":\"C\u00e9line Autant\"}]}<\/script>\n<!-- \/ Yoast SEO plugin. -->","yoast_head_json":{"title":"Le salon chinois du ch\u00e2teau de Harou\u00e9 Le Magazine de Proantic","description":"Le Ch\u00e2teau de Harou\u00e9 est l\u2019\u0153uvre de l\u2019architecte Germain Boffrand (1667-1754) pour le prince Marc de Beauvau-Craon, ami d\u2019enfance du duc L\u00e9opold","robots":{"index":"index","follow":"follow","max-snippet":"max-snippet:-1","max-image-preview":"max-image-preview:large","max-video-preview":"max-video-preview:-1"},"canonical":"https:\/\/www.proantic.com\/magazine\/le-salon-chinois-du-chateau-de-haroue\/","og_locale":"fr_FR","og_type":"article","og_title":"Le salon chinois du ch\u00e2teau de Harou\u00e9 Le Magazine de Proantic","og_description":"Le Ch\u00e2teau de Harou\u00e9 est l\u2019\u0153uvre de l\u2019architecte Germain Boffrand (1667-1754) pour le prince Marc de Beauvau-Craon, ami d\u2019enfance du duc L\u00e9opold","og_url":"https:\/\/www.proantic.com\/magazine\/le-salon-chinois-du-chateau-de-haroue\/","og_site_name":"Le Magazine de Proantic","article_publisher":"https:\/\/www.facebook.com\/pages\/Proantic\/\/259180871793","article_published_time":"2015-05-31T16:43:36+00:00","article_modified_time":"2017-12-15T10:10:11+00:00","og_image":[{"width":736,"height":490,"url":"https:\/\/i0.wp.com\/www.proantic.com\/magazine\/wp-content\/uploads\/2015\/05\/eebfe85c777b6169cf26edb7039d66b3.jpg?fit=736%2C490&ssl=1","type":"image\/jpeg"}],"author":"C\u00e9line Autant","twitter_misc":{"\u00c9crit par":"C\u00e9line Autant","Dur\u00e9e de lecture estim\u00e9e":"3 minutes"},"schema":{"@context":"https:\/\/schema.org","@graph":[{"@type":"Article","@id":"https:\/\/www.proantic.com\/magazine\/le-salon-chinois-du-chateau-de-haroue\/#article","isPartOf":{"@id":"https:\/\/www.proantic.com\/magazine\/le-salon-chinois-du-chateau-de-haroue\/"},"author":{"name":"C\u00e9line Autant","@id":"https:\/\/www.proantic.com\/magazine\/#\/schema\/person\/63707e8f4e7d0172de7ddde897688be0"},"headline":"Le salon chinois du ch\u00e2teau de Harou\u00e9","datePublished":"2015-05-31T16:43:36+00:00","dateModified":"2017-12-15T10:10:11+00:00","mainEntityOfPage":{"@id":"https:\/\/www.proantic.com\/magazine\/le-salon-chinois-du-chateau-de-haroue\/"},"wordCount":524,"image":{"@id":"https:\/\/www.proantic.com\/magazine\/le-salon-chinois-du-chateau-de-haroue\/#primaryimage"},"thumbnailUrl":"https:\/\/i0.wp.com\/www.proantic.com\/magazine\/wp-content\/uploads\/2015\/05\/eebfe85c777b6169cf26edb7039d66b3.jpg?fit=736%2C490&ssl=1","keywords":["ch\u00e2teau de Harou\u00e9","Jean-Baptiste Pillement","ornemaniste"],"articleSection":["Patrimoine, Mus\u00e9es"],"inLanguage":"fr-FR"},{"@type":"WebPage","@id":"https:\/\/www.proantic.com\/magazine\/le-salon-chinois-du-chateau-de-haroue\/","url":"https:\/\/www.proantic.com\/magazine\/le-salon-chinois-du-chateau-de-haroue\/","name":"Le salon chinois du ch\u00e2teau de Harou\u00e9 Le Magazine de Proantic","isPartOf":{"@id":"https:\/\/www.proantic.com\/magazine\/#website"},"primaryImageOfPage":{"@id":"https:\/\/www.proantic.com\/magazine\/le-salon-chinois-du-chateau-de-haroue\/#primaryimage"},"image":{"@id":"https:\/\/www.proantic.com\/magazine\/le-salon-chinois-du-chateau-de-haroue\/#primaryimage"},"thumbnailUrl":"https:\/\/i0.wp.com\/www.proantic.com\/magazine\/wp-content\/uploads\/2015\/05\/eebfe85c777b6169cf26edb7039d66b3.jpg?fit=736%2C490&ssl=1","datePublished":"2015-05-31T16:43:36+00:00","dateModified":"2017-12-15T10:10:11+00:00","author":{"@id":"https:\/\/www.proantic.com\/magazine\/#\/schema\/person\/63707e8f4e7d0172de7ddde897688be0"},"description":"Le Ch\u00e2teau de Harou\u00e9 est l\u2019\u0153uvre de l\u2019architecte Germain Boffrand (1667-1754) pour le prince Marc de Beauvau-Craon, ami d\u2019enfance du duc L\u00e9opold","breadcrumb":{"@id":"https:\/\/www.proantic.com\/magazine\/le-salon-chinois-du-chateau-de-haroue\/#breadcrumb"},"inLanguage":"fr-FR","potentialAction":[{"@type":"ReadAction","target":["https:\/\/www.proantic.com\/magazine\/le-salon-chinois-du-chateau-de-haroue\/"]}]},{"@type":"ImageObject","inLanguage":"fr-FR","@id":"https:\/\/www.proantic.com\/magazine\/le-salon-chinois-du-chateau-de-haroue\/#primaryimage","url":"https:\/\/i0.wp.com\/www.proantic.com\/magazine\/wp-content\/uploads\/2015\/05\/eebfe85c777b6169cf26edb7039d66b3.jpg?fit=736%2C490&ssl=1","contentUrl":"https:\/\/i0.wp.com\/www.proantic.com\/magazine\/wp-content\/uploads\/2015\/05\/eebfe85c777b6169cf26edb7039d66b3.jpg?fit=736%2C490&ssl=1","width":736,"height":490},{"@type":"BreadcrumbList","@id":"https:\/\/www.proantic.com\/magazine\/le-salon-chinois-du-chateau-de-haroue\/#breadcrumb","itemListElement":[{"@type":"ListItem","position":1,"name":"Accueil","item":"https:\/\/www.proantic.com\/magazine\/"},{"@type":"ListItem","position":2,"name":"Le salon chinois du ch\u00e2teau de Harou\u00e9"}]},{"@type":"WebSite","@id":"https:\/\/www.proantic.com\/magazine\/#website","url":"https:\/\/www.proantic.com\/magazine\/","name":"Le Magazine de Proantic","description":"Magazine d&#039;art et expositions","potentialAction":[{"@type":"SearchAction","target":{"@type":"EntryPoint","urlTemplate":"https:\/\/www.proantic.com\/magazine\/?s={search_term_string}"},"query-input":{"@type":"PropertyValueSpecification","valueRequired":true,"valueName":"search_term_string"}}],"inLanguage":"fr-FR"},{"@type":"Person","@id":"https:\/\/www.proantic.com\/magazine\/#\/schema\/person\/63707e8f4e7d0172de7ddde897688be0","name":"C\u00e9line Autant"}]}},"jetpack_publicize_connections":[],"jetpack_featured_media_url":"https:\/\/i0.wp.com\/www.proantic.com\/magazine\/wp-content\/uploads\/2015\/05\/eebfe85c777b6169cf26edb7039d66b3.jpg?fit=736%2C490&ssl=1","jetpack_shortlink":"https:\/\/wp.me\/p7EkP3-UE","jetpack_sharing_enabled":true,"_links":{"self":[{"href":"https:\/\/www.proantic.com\/magazine\/wp-json\/wp\/v2\/posts\/3512","targetHints":{"allow":["GET"]}}],"collection":[{"href":"https:\/\/www.proantic.com\/magazine\/wp-json\/wp\/v2\/posts"}],"about":[{"href":"https:\/\/www.proantic.com\/magazine\/wp-json\/wp\/v2\/types\/post"}],"author":[{"embeddable":true,"href":"https:\/\/www.proantic.com\/magazine\/wp-json\/wp\/v2\/users\/6"}],"replies":[{"embeddable":true,"href":"https:\/\/www.proantic.com\/magazine\/wp-json\/wp\/v2\/comments?post=3512"}],"version-history":[{"count":0,"href":"https:\/\/www.proantic.com\/magazine\/wp-json\/wp\/v2\/posts\/3512\/revisions"}],"wp:featuredmedia":[{"embeddable":true,"href":"https:\/\/www.proantic.com\/magazine\/wp-json\/wp\/v2\/media\/3518"}],"wp:attachment":[{"href":"https:\/\/www.proantic.com\/magazine\/wp-json\/wp\/v2\/media?parent=3512"}],"wp:term":[{"taxonomy":"category","embeddable":true,"href":"https:\/\/www.proantic.com\/magazine\/wp-json\/wp\/v2\/categories?post=3512"},{"taxonomy":"post_tag","embeddable":true,"href":"https:\/\/www.proantic.com\/magazine\/wp-json\/wp\/v2\/tags?post=3512"}],"curies":[{"name":"wp","href":"https:\/\/api.w.org\/{rel}","templated":true}]}}