{"id":3197,"date":"2015-03-28T09:37:58","date_gmt":"2015-03-28T08:37:58","guid":{"rendered":"http:\/\/www.proantic.com\/magazine\/?p=3197"},"modified":"2017-12-15T11:13:55","modified_gmt":"2017-12-15T10:13:55","slug":"la-micro-mosaique","status":"publish","type":"post","link":"https:\/\/www.proantic.com\/magazine\/la-micro-mosaique\/","title":{"rendered":"La micro-mosa\u00efque"},"content":{"rendered":"<p style=\"text-align: justify\"><strong>On d\u00e9signe par le terme \u00ab micro-mosa\u00efque \u00bb une mosa\u00efque dont les\u00a0minuscules \u00e9l\u00e9ments de verre fil\u00e9, de fragments d\u2019\u00e9mail color\u00e9 (<em>smalti filati<\/em>) ou de pierres dures, constituant son d\u00e9cor, sont \u00a0tr\u00e8s finement assembl\u00e9s de mani\u00e8re \u00e0 rendre les joints presque imperceptibles.<\/strong><\/p>\n<figure id=\"attachment_3232\" aria-describedby=\"caption-attachment-3232\" style=\"width: 600px\" class=\"wp-caption aligncenter\"><a href=\"https:\/\/i0.wp.com\/www.proantic.com\/magazine\/wp-content\/uploads\/2015\/03\/104877-1.jpg\"><img data-recalc-dims=\"1\" loading=\"lazy\" decoding=\"async\" data-attachment-id=\"3232\" data-permalink=\"https:\/\/www.proantic.com\/magazine\/la-micro-mosaique\/104877-1\/\" data-orig-file=\"https:\/\/i0.wp.com\/www.proantic.com\/magazine\/wp-content\/uploads\/2015\/03\/104877-1-e1427530425247.jpg?fit=600%2C544&amp;ssl=1\" data-orig-size=\"600,544\" data-comments-opened=\"1\" data-image-meta=\"{&quot;aperture&quot;:&quot;0&quot;,&quot;credit&quot;:&quot;&quot;,&quot;camera&quot;:&quot;&quot;,&quot;caption&quot;:&quot;&quot;,&quot;created_timestamp&quot;:&quot;0&quot;,&quot;copyright&quot;:&quot;&quot;,&quot;focal_length&quot;:&quot;0&quot;,&quot;iso&quot;:&quot;0&quot;,&quot;shutter_speed&quot;:&quot;0&quot;,&quot;title&quot;:&quot;&quot;,&quot;orientation&quot;:&quot;0&quot;}\" data-image-title=\"Coffret Micromosaiques XIX eme siecle mosaici filati\" data-image-description=\"\" data-image-caption=\"&lt;p&gt;Coffret Micromosaiques XIX eme siecle mosaici filati,mosaico in piccolo.&lt;br \/&gt;\n(c) Antiquit\u00e9s 1889, Proantic&lt;\/p&gt;\n\" data-medium-file=\"https:\/\/i0.wp.com\/www.proantic.com\/magazine\/wp-content\/uploads\/2015\/03\/104877-1-e1427530425247.jpg?fit=300%2C272&amp;ssl=1\" data-large-file=\"https:\/\/i0.wp.com\/www.proantic.com\/magazine\/wp-content\/uploads\/2015\/03\/104877-1-e1427530425247.jpg?fit=600%2C544&amp;ssl=1\" class=\"wp-image-3232\" src=\"https:\/\/i0.wp.com\/www.proantic.com\/magazine\/wp-content\/uploads\/2015\/03\/104877-1.jpg?resize=600%2C544\" alt=\"Coffret Micromosaiques XIX eme siecle mosaici filati,mosaico in piccolo. (c) Antiquit\u00e9s 1889, Proantic\" width=\"600\" height=\"544\" \/><\/a><figcaption id=\"caption-attachment-3232\" class=\"wp-caption-text\">Coffret Micromosaiques XIX eme siecle mosaici filati,mosaico in piccolo.<br \/> (c) Antiquit\u00e9s 1889, Proantic<\/figcaption><\/figure>\n<p style=\"text-align: justify\">Il existe deux types de pi\u00e8ces : les micro mosa\u00efques classiques mont\u00e9es par assemblage de minuscules plaquettes taill\u00e9es dans des baguettes de verre,\u00a0<em>smalti filati<\/em>, et les P<em>ietra dura <\/em>qui sont des marqueteries de pierres dures et qui sont florentines. Un assemblage compos\u00e9 de formes r\u00e9guli\u00e8res est typique de Rome, alors qu\u2019\u00e0 Venise on utilise une grande vari\u00e9t\u00e9 de forme pour la cr\u00e9ation des mosa\u00efques.\u00a0La technique romaine veut que les pi\u00e8ces apr\u00e8s l\u2019assemblage et le collage soient cir\u00e9es et polies contrairement aux pi\u00e8ces v\u00e9nitiennes.<\/p>\n<figure id=\"attachment_3233\" aria-describedby=\"caption-attachment-3233\" style=\"width: 620px\" class=\"wp-caption aligncenter\"><a href=\"https:\/\/i0.wp.com\/www.proantic.com\/magazine\/wp-content\/uploads\/2015\/03\/104968-1.jpg\"><img data-recalc-dims=\"1\" loading=\"lazy\" decoding=\"async\" data-attachment-id=\"3233\" data-permalink=\"https:\/\/www.proantic.com\/magazine\/la-micro-mosaique\/104968-1\/\" data-orig-file=\"https:\/\/i0.wp.com\/www.proantic.com\/magazine\/wp-content\/uploads\/2015\/03\/104968-1.jpg?fit=1200%2C1020&amp;ssl=1\" data-orig-size=\"1200,1020\" data-comments-opened=\"1\" data-image-meta=\"{&quot;aperture&quot;:&quot;0&quot;,&quot;credit&quot;:&quot;&quot;,&quot;camera&quot;:&quot;&quot;,&quot;caption&quot;:&quot;&quot;,&quot;created_timestamp&quot;:&quot;0&quot;,&quot;copyright&quot;:&quot;&quot;,&quot;focal_length&quot;:&quot;0&quot;,&quot;iso&quot;:&quot;0&quot;,&quot;shutter_speed&quot;:&quot;0&quot;,&quot;title&quot;:&quot;&quot;,&quot;orientation&quot;:&quot;0&quot;}\" data-image-title=\"104968-1\" data-image-description=\"\" data-image-caption=\"&lt;p&gt;Boite \u00e0 Mouches, Agate Et Micro-mosa\u00efque. XIX\u00e8me.&lt;br \/&gt;\n(c) Anne Besnard, Proantic.&lt;\/p&gt;\n\" data-medium-file=\"https:\/\/i0.wp.com\/www.proantic.com\/magazine\/wp-content\/uploads\/2015\/03\/104968-1.jpg?fit=300%2C255&amp;ssl=1\" data-large-file=\"https:\/\/i0.wp.com\/www.proantic.com\/magazine\/wp-content\/uploads\/2015\/03\/104968-1.jpg?fit=665%2C565&amp;ssl=1\" class=\"wp-image-3233 size-large\" src=\"https:\/\/i0.wp.com\/www.proantic.com\/magazine\/wp-content\/uploads\/2015\/03\/104968-1-1024x870.jpg?resize=620%2C527\" alt=\"Boite \u00e0 Mouches, Agate Et Micro-mosa\u00efque. XIX\u00e8me. (c) Anne Besnard, Proantic.\" width=\"620\" height=\"527\" srcset=\"https:\/\/i0.wp.com\/www.proantic.com\/magazine\/wp-content\/uploads\/2015\/03\/104968-1.jpg?resize=1024%2C870&amp;ssl=1 1024w, https:\/\/i0.wp.com\/www.proantic.com\/magazine\/wp-content\/uploads\/2015\/03\/104968-1.jpg?resize=300%2C255&amp;ssl=1 300w, https:\/\/i0.wp.com\/www.proantic.com\/magazine\/wp-content\/uploads\/2015\/03\/104968-1.jpg?resize=620%2C527&amp;ssl=1 620w, https:\/\/i0.wp.com\/www.proantic.com\/magazine\/wp-content\/uploads\/2015\/03\/104968-1.jpg?resize=940%2C799&amp;ssl=1 940w, https:\/\/i0.wp.com\/www.proantic.com\/magazine\/wp-content\/uploads\/2015\/03\/104968-1.jpg?w=1200&amp;ssl=1 1200w\" sizes=\"auto, (max-width: 620px) 100vw, 620px\" \/><\/a><figcaption id=\"caption-attachment-3233\" class=\"wp-caption-text\">Boite \u00e0 Mouches, Agate Et Micro-mosa\u00efque. XIX\u00e8me.<br \/> (c) Anne Besnard, Proantic.<\/figcaption><\/figure>\n<p style=\"text-align: justify\">Les tesselles miniatures \u00a0sont obtenues au terme d\u2019un processus complexe : fusion du verre, amalgamation de la p\u00e2te et transformation de l\u2019amalgame en fils et en \u00ab\u00a0baguettes\u00a0\u00bb. Les baguettes sont ensuite d\u00e9coup\u00e9es pour obtenir les tesselles.<\/p>\n<p style=\"text-align: justify\">Pour les fixer sur le support encoll\u00e9, le mosa\u00efste doit utiliser des pincettes. Beaucoup de ces \u00e9l\u00e9ments d\u00e9coup\u00e9s dans des baguettes de verre fil\u00e9 ont une section inf\u00e9rieure \u00e0 0,1 cm (0,3 cm dans les filets de bordure)&#8230; \u00c0 peine plus \u00e9pais qu\u2019un cheveu, ces <em>smalti filati\u00a0<\/em>peuvent \u00eatre plus de 800 au cm2 ! Plus leur nombre sera important, plus l\u2019objet sera de qualit\u00e9. \u00a0C\u2019est un v\u00e9ritable travail d\u2019orf\u00e8vre, o\u00f9 s\u2019illustrent de grands ma\u00eetres tels Giacomo Raffaelli d\u00e8s la fin du XVIIIe si\u00e8cle.<\/p>\n<figure id=\"attachment_3234\" aria-describedby=\"caption-attachment-3234\" style=\"width: 900px\" class=\"wp-caption aligncenter\"><a href=\"https:\/\/i0.wp.com\/www.proantic.com\/magazine\/wp-content\/uploads\/2015\/03\/60662-1.jpg\"><img data-recalc-dims=\"1\" loading=\"lazy\" decoding=\"async\" data-attachment-id=\"3234\" data-permalink=\"https:\/\/www.proantic.com\/magazine\/la-micro-mosaique\/60662-1\/\" data-orig-file=\"https:\/\/i0.wp.com\/www.proantic.com\/magazine\/wp-content\/uploads\/2015\/03\/60662-1.jpg?fit=900%2C1200&amp;ssl=1\" data-orig-size=\"900,1200\" data-comments-opened=\"1\" data-image-meta=\"{&quot;aperture&quot;:&quot;0&quot;,&quot;credit&quot;:&quot;&quot;,&quot;camera&quot;:&quot;&quot;,&quot;caption&quot;:&quot;&quot;,&quot;created_timestamp&quot;:&quot;0&quot;,&quot;copyright&quot;:&quot;&quot;,&quot;focal_length&quot;:&quot;0&quot;,&quot;iso&quot;:&quot;0&quot;,&quot;shutter_speed&quot;:&quot;0&quot;,&quot;title&quot;:&quot;&quot;,&quot;orientation&quot;:&quot;0&quot;}\" data-image-title=\"M\u00e9daillon En Argent Et Micromosaique\" data-image-description=\"\" data-image-caption=\"&lt;p&gt;M\u00e9daillon En Argent Et Micromosaique, D\u00e9cor De Perroquet, 19\u00e8me Si\u00e8cle.&lt;br \/&gt;\n(c) DESARNAUD, Proantic&lt;\/p&gt;\n\" data-medium-file=\"https:\/\/i0.wp.com\/www.proantic.com\/magazine\/wp-content\/uploads\/2015\/03\/60662-1.jpg?fit=225%2C300&amp;ssl=1\" data-large-file=\"https:\/\/i0.wp.com\/www.proantic.com\/magazine\/wp-content\/uploads\/2015\/03\/60662-1.jpg?fit=665%2C887&amp;ssl=1\" class=\"size-full wp-image-3234\" src=\"https:\/\/i0.wp.com\/www.proantic.com\/magazine\/wp-content\/uploads\/2015\/03\/60662-1.jpg?resize=665%2C887\" alt=\"M\u00e9daillon En Argent Et Micromosaique, D\u00e9cor De Perroquet, 19\u00e8me Si\u00e8cle. (c) DESARNAUD, Proantic\" width=\"665\" height=\"887\" srcset=\"https:\/\/i0.wp.com\/www.proantic.com\/magazine\/wp-content\/uploads\/2015\/03\/60662-1.jpg?w=900&amp;ssl=1 900w, https:\/\/i0.wp.com\/www.proantic.com\/magazine\/wp-content\/uploads\/2015\/03\/60662-1.jpg?resize=225%2C300&amp;ssl=1 225w, https:\/\/i0.wp.com\/www.proantic.com\/magazine\/wp-content\/uploads\/2015\/03\/60662-1.jpg?resize=768%2C1024&amp;ssl=1 768w, https:\/\/i0.wp.com\/www.proantic.com\/magazine\/wp-content\/uploads\/2015\/03\/60662-1.jpg?resize=620%2C827&amp;ssl=1 620w\" sizes=\"auto, (max-width: 665px) 100vw, 665px\" \/><\/a><figcaption id=\"caption-attachment-3234\" class=\"wp-caption-text\">M\u00e9daillon En Argent Et Micromosaique, D\u00e9cor De Perroquet, 19\u00e8me Si\u00e8cle.<br \/>(c) DESARNAUD, Proantic<\/figcaption><\/figure>\n<p style=\"text-align: justify\">La micro mosa\u00efque n\u2019est pas utilis\u00e9e uniquement sur la bijouterie\u00a0(broches, boutons, boucles d\u2019oreilles, colliers). Les objets sur lesquels se trouvent ces chefs-d\u2019\u0153uvre de miniaturisation sont tr\u00e8s vari\u00e9s. Elle orne aussi les couvercles et les parois des bonbonni\u00e8res, des tabati\u00e8res et des coffrets,\u00a0des bo\u00eetiers de montre, des vases, des pendules mais aussi sur le plateau sup\u00e9rieur de tables.<\/p>\n<figure id=\"attachment_3231\" aria-describedby=\"caption-attachment-3231\" style=\"width: 620px\" class=\"wp-caption aligncenter\"><a href=\"https:\/\/i0.wp.com\/www.proantic.com\/magazine\/wp-content\/uploads\/2015\/03\/98598-1.jpg\"><img data-recalc-dims=\"1\" loading=\"lazy\" decoding=\"async\" data-attachment-id=\"3231\" data-permalink=\"https:\/\/www.proantic.com\/magazine\/la-micro-mosaique\/98598-1\/\" data-orig-file=\"https:\/\/i0.wp.com\/www.proantic.com\/magazine\/wp-content\/uploads\/2015\/03\/98598-1.jpg?fit=1180%2C1155&amp;ssl=1\" data-orig-size=\"1180,1155\" data-comments-opened=\"1\" data-image-meta=\"{&quot;aperture&quot;:&quot;3.4&quot;,&quot;credit&quot;:&quot;&quot;,&quot;camera&quot;:&quot;DMC-LZ3&quot;,&quot;caption&quot;:&quot;&quot;,&quot;created_timestamp&quot;:&quot;1407939351&quot;,&quot;copyright&quot;:&quot;&quot;,&quot;focal_length&quot;:&quot;14.5&quot;,&quot;iso&quot;:&quot;100&quot;,&quot;shutter_speed&quot;:&quot;0.0333333333333&quot;,&quot;title&quot;:&quot;&quot;,&quot;orientation&quot;:&quot;1&quot;}\" data-image-title=\"Epingle \u00e0 Chapeaux , Forme \u00e9p\u00e9e. Modele En Micro Mosaique\" data-image-description=\"\" data-image-caption=\"&lt;p&gt;Epingle \u00e0 Chapeaux , Forme \u00e9p\u00e9e. Modele En Micro Mosaique. 1910 France Mode Art Nouveau.&lt;br \/&gt;\n(c) Le B\u00fbcher des Vanit\u00e9s, Proantic&lt;\/p&gt;\n\" data-medium-file=\"https:\/\/i0.wp.com\/www.proantic.com\/magazine\/wp-content\/uploads\/2015\/03\/98598-1.jpg?fit=300%2C294&amp;ssl=1\" data-large-file=\"https:\/\/i0.wp.com\/www.proantic.com\/magazine\/wp-content\/uploads\/2015\/03\/98598-1.jpg?fit=665%2C651&amp;ssl=1\" class=\"wp-image-3231 size-large\" src=\"https:\/\/i0.wp.com\/www.proantic.com\/magazine\/wp-content\/uploads\/2015\/03\/98598-1-1024x1002.jpg?resize=620%2C607\" alt=\"Epingle \u00e0 Chapeaux , Forme \u00e9p\u00e9e. Modele En Micro Mosaique. 1910 France Mode Art Nouveau. (c) Le B\u00fbcher des Vanit\u00e9s, Proantic \" width=\"620\" height=\"607\" srcset=\"https:\/\/i0.wp.com\/www.proantic.com\/magazine\/wp-content\/uploads\/2015\/03\/98598-1.jpg?resize=1024%2C1002&amp;ssl=1 1024w, https:\/\/i0.wp.com\/www.proantic.com\/magazine\/wp-content\/uploads\/2015\/03\/98598-1.jpg?resize=300%2C294&amp;ssl=1 300w, https:\/\/i0.wp.com\/www.proantic.com\/magazine\/wp-content\/uploads\/2015\/03\/98598-1.jpg?resize=620%2C607&amp;ssl=1 620w, https:\/\/i0.wp.com\/www.proantic.com\/magazine\/wp-content\/uploads\/2015\/03\/98598-1.jpg?resize=940%2C920&amp;ssl=1 940w, https:\/\/i0.wp.com\/www.proantic.com\/magazine\/wp-content\/uploads\/2015\/03\/98598-1.jpg?w=1180&amp;ssl=1 1180w\" sizes=\"auto, (max-width: 620px) 100vw, 620px\" \/><\/a><figcaption id=\"caption-attachment-3231\" class=\"wp-caption-text\">Epingle \u00e0 Chapeaux , Forme \u00e9p\u00e9e. Modele En Micro Mosaique. 1910 France Mode Art Nouveau.<br \/> (c) Le B\u00fbcher des Vanit\u00e9s, Proantic<\/figcaption><\/figure>\n<p style=\"text-align: justify\">Leurs th\u00e8mes de pr\u00e9dilection sont \u00a0:\u00a0les animaux, les bouquets de fleurs, les sayn\u00e8tes populaires, les paysages de Toscane et d\u2019Italie en g\u00e9n\u00e9ral, les ruines antiques, les grands monuments de Rome et du Vatican, les portraits de personnalit\u00e9s c\u00e9l\u00e8bres, les \u0153uvres des grands peintres italiens et \u00e9trangers&#8230;<\/p>\n<p style=\"text-align: justify\">L\u2019utilisation de cette technique d\u2019une extraordinaire virtuosit\u00e9 \u00e0 une vaste \u00e9chelle est \u00e0 l\u2019origine de la fondation en 1727 du Studio Vaticano del Mosaico qui est encore en activit\u00e9 aujourd\u2019hui.<\/p>\n<figure id=\"attachment_3235\" aria-describedby=\"caption-attachment-3235\" style=\"width: 620px\" class=\"wp-caption aligncenter\"><a href=\"https:\/\/i0.wp.com\/www.proantic.com\/magazine\/wp-content\/uploads\/2015\/03\/75055-1.jpg\"><img data-recalc-dims=\"1\" loading=\"lazy\" decoding=\"async\" data-attachment-id=\"3235\" data-permalink=\"https:\/\/www.proantic.com\/magazine\/la-micro-mosaique\/75055-1\/\" data-orig-file=\"https:\/\/i0.wp.com\/www.proantic.com\/magazine\/wp-content\/uploads\/2015\/03\/75055-1.jpg?fit=867%2C1200&amp;ssl=1\" data-orig-size=\"867,1200\" data-comments-opened=\"1\" data-image-meta=\"{&quot;aperture&quot;:&quot;0&quot;,&quot;credit&quot;:&quot;&quot;,&quot;camera&quot;:&quot;&quot;,&quot;caption&quot;:&quot;&quot;,&quot;created_timestamp&quot;:&quot;0&quot;,&quot;copyright&quot;:&quot;&quot;,&quot;focal_length&quot;:&quot;0&quot;,&quot;iso&quot;:&quot;0&quot;,&quot;shutter_speed&quot;:&quot;0&quot;,&quot;title&quot;:&quot;&quot;,&quot;orientation&quot;:&quot;0&quot;}\" data-image-title=\"Miroir venitien avec micromosaique en pierres dures\" data-image-description=\"\" data-image-caption=\"&lt;p&gt;Miroir venitien avec micromosaique en pierres dures decor de fleurs. 1900.&lt;br \/&gt;\n(c) A.ABC Pascal&lt;\/p&gt;\n\" data-medium-file=\"https:\/\/i0.wp.com\/www.proantic.com\/magazine\/wp-content\/uploads\/2015\/03\/75055-1.jpg?fit=217%2C300&amp;ssl=1\" data-large-file=\"https:\/\/i0.wp.com\/www.proantic.com\/magazine\/wp-content\/uploads\/2015\/03\/75055-1.jpg?fit=665%2C920&amp;ssl=1\" class=\"wp-image-3235 size-large\" src=\"https:\/\/i0.wp.com\/www.proantic.com\/magazine\/wp-content\/uploads\/2015\/03\/75055-1-740x1024.jpg?resize=620%2C858\" alt=\"Miroir venitien avec micromosaique en pierres dures decor de fleurs. 1900. (c) A.ABC Pascal\" width=\"620\" height=\"858\" srcset=\"https:\/\/i0.wp.com\/www.proantic.com\/magazine\/wp-content\/uploads\/2015\/03\/75055-1.jpg?resize=740%2C1024&amp;ssl=1 740w, https:\/\/i0.wp.com\/www.proantic.com\/magazine\/wp-content\/uploads\/2015\/03\/75055-1.jpg?resize=217%2C300&amp;ssl=1 217w, https:\/\/i0.wp.com\/www.proantic.com\/magazine\/wp-content\/uploads\/2015\/03\/75055-1.jpg?resize=620%2C858&amp;ssl=1 620w, https:\/\/i0.wp.com\/www.proantic.com\/magazine\/wp-content\/uploads\/2015\/03\/75055-1.jpg?w=867&amp;ssl=1 867w\" sizes=\"auto, (max-width: 620px) 100vw, 620px\" \/><\/a><figcaption id=\"caption-attachment-3235\" class=\"wp-caption-text\">Miroir venitien avec micromosaique en pierres dures decor de fleurs. 1900.<br \/> (c) A.ABC Pascal<\/figcaption><\/figure>\n<p style=\"text-align: justify\">La micro-mosa\u00efque connait son \u00e2ge d\u2019or de la fin du XVIIIe et au d\u00e9but du XIXe. si\u00e8cle. La premi\u00e8re exposition de cet art en r\u00e9duction, a \u00e9t\u00e9 organis\u00e9e dans les ateliers de Giacomo Raffaelli (1753-1836) \u00e0 Rome en 1775. \u00a0\u00c0 cette \u00e9poque du Grand Tour, l&rsquo;aristocratie europ\u00e9enne visitait\u00a0les villes italiennes et particuli\u00e8rement\u00a0\u00a0Rome.\u00a0\u00a0elle contribua \u00e0 la naissance de ces ateliers \u00a0o\u00f9 ces souvenirs de voyage en micro-mosa\u00efque \u00e9taient r\u00e9alis\u00e9s.\u00a0En 1820, on comptera \u00e0 Rome plus de 20 ateliers.<\/p>\n<figure id=\"attachment_3230\" aria-describedby=\"caption-attachment-3230\" style=\"width: 620px\" class=\"wp-caption aligncenter\"><a href=\"https:\/\/i0.wp.com\/www.proantic.com\/magazine\/wp-content\/uploads\/2015\/03\/uioop.jpg\"><img data-recalc-dims=\"1\" loading=\"lazy\" decoding=\"async\" data-attachment-id=\"3230\" data-permalink=\"https:\/\/www.proantic.com\/magazine\/la-micro-mosaique\/uioop\/\" data-orig-file=\"https:\/\/i0.wp.com\/www.proantic.com\/magazine\/wp-content\/uploads\/2015\/03\/uioop.jpg?fit=1194%2C349&amp;ssl=1\" data-orig-size=\"1194,349\" data-comments-opened=\"1\" data-image-meta=\"{&quot;aperture&quot;:&quot;0&quot;,&quot;credit&quot;:&quot;Celine&quot;,&quot;camera&quot;:&quot;&quot;,&quot;caption&quot;:&quot;&quot;,&quot;created_timestamp&quot;:&quot;1427533516&quot;,&quot;copyright&quot;:&quot;&quot;,&quot;focal_length&quot;:&quot;0&quot;,&quot;iso&quot;:&quot;0&quot;,&quot;shutter_speed&quot;:&quot;0&quot;,&quot;title&quot;:&quot;&quot;,&quot;orientation&quot;:&quot;0&quot;}\" data-image-title=\"Porte Plume en Micro Mosa\u00efque de Venise 1870.\" data-image-description=\"\" data-image-caption=\"&lt;p&gt;Porte Plume en Micro Mosa\u00efque de Venise 1870.&lt;br \/&gt;\n(c) Boulevard des Ecritures&lt;\/p&gt;\n\" data-medium-file=\"https:\/\/i0.wp.com\/www.proantic.com\/magazine\/wp-content\/uploads\/2015\/03\/uioop.jpg?fit=300%2C88&amp;ssl=1\" data-large-file=\"https:\/\/i0.wp.com\/www.proantic.com\/magazine\/wp-content\/uploads\/2015\/03\/uioop.jpg?fit=665%2C194&amp;ssl=1\" class=\"wp-image-3230 size-large\" src=\"https:\/\/i0.wp.com\/www.proantic.com\/magazine\/wp-content\/uploads\/2015\/03\/uioop-1024x299.jpg?resize=620%2C181\" alt=\"Porte Plume en Micro Mosa\u00efque de Venise 1870. (c) Boulevard des Ecritures\" width=\"620\" height=\"181\" srcset=\"https:\/\/i0.wp.com\/www.proantic.com\/magazine\/wp-content\/uploads\/2015\/03\/uioop.jpg?resize=1024%2C299&amp;ssl=1 1024w, https:\/\/i0.wp.com\/www.proantic.com\/magazine\/wp-content\/uploads\/2015\/03\/uioop.jpg?resize=300%2C88&amp;ssl=1 300w, https:\/\/i0.wp.com\/www.proantic.com\/magazine\/wp-content\/uploads\/2015\/03\/uioop.jpg?resize=620%2C181&amp;ssl=1 620w, https:\/\/i0.wp.com\/www.proantic.com\/magazine\/wp-content\/uploads\/2015\/03\/uioop.jpg?resize=940%2C275&amp;ssl=1 940w, https:\/\/i0.wp.com\/www.proantic.com\/magazine\/wp-content\/uploads\/2015\/03\/uioop.jpg?w=1194&amp;ssl=1 1194w\" sizes=\"auto, (max-width: 620px) 100vw, 620px\" \/><\/a><figcaption id=\"caption-attachment-3230\" class=\"wp-caption-text\">Porte Plume en Micro Mosa\u00efque de Venise 1870.<br \/> (c) Boulevard des Ecritures<\/figcaption><\/figure>\n<p style=\"text-align: justify\">Sous le premier Empire ,\u00a0\u00a0La diffusion de la \u00ab\u00a0mosaici filati\u00a0\u00bb \u00a0fut grande, en Italie d&rsquo;abord, puis dans toute l&rsquo;Europe occidentale comme \u00e0 Saint-P\u00e9tersbourg\u00a0 (Raffaelli devint conseiller du Tsar de Russie) ou m\u00eame \u00e0 Istanbul, dans le Palais Dolmabahce, vers 1853-56&Prime;.\u00a0L\u2019aristocratie civile et religieuse, les monarques, les visiteurs, sont \u00e9blouis par la micro-mosa\u00efque. Ils en font la r\u00e9putation dans toute l\u2019Europe. Son succ\u00e8s est consid\u00e9rable.\u00a0A cette \u00e9poque, la photographie n\u2019existe pas encore et ces objets permettent de v\u00e9hiculer en Europe les paysages italiens.<\/p>\n","protected":false},"excerpt":{"rendered":"<p>On d\u00e9signe par le terme \u00ab micro-mosa\u00efque \u00bb une mosa\u00efque dont les\u00a0minuscules \u00e9l\u00e9ments de verre fil\u00e9, de fragments d\u2019\u00e9mail color\u00e9 (smalti filati) ou de pierres dures, constituant son d\u00e9cor, sont \u00a0tr\u00e8s finement assembl\u00e9s de mani\u00e8re \u00e0 rendre les joints presque imperceptibles. Il existe deux types de pi\u00e8ces : les micro mosa\u00efques classiques mont\u00e9es par assemblage [&hellip;]<\/p>\n","protected":false},"author":6,"featured_media":3236,"comment_status":"closed","ping_status":"open","sticky":false,"template":"","format":"standard","meta":{"jetpack_post_was_ever_published":false,"_jetpack_newsletter_access":"","_jetpack_dont_email_post_to_subs":false,"_jetpack_newsletter_tier_id":0,"_jetpack_memberships_contains_paywalled_content":false,"_jetpack_memberships_contains_paid_content":false,"footnotes":"","jetpack_publicize_message":"","jetpack_publicize_feature_enabled":true,"jetpack_social_post_already_shared":true,"jetpack_social_options":{"image_generator_settings":{"template":"highway","default_image_id":0,"font":"","enabled":false},"version":2}},"categories":[180],"tags":[],"class_list":["post-3197","post","type-post","status-publish","format-standard","has-post-thumbnail","hentry","category-arts-decoratifs-proantic"],"yoast_head":"<!-- This site is optimized with the Yoast SEO plugin v26.9 - https:\/\/yoast.com\/product\/yoast-seo-wordpress\/ -->\n<title>La micro-mosa\u00efque Le Magazine de Proantic<\/title>\n<meta name=\"description\" content=\"On d\u00e9signe par le terme \u00ab micro-mosa\u00efque \u00bb une mosa\u00efque dont les\u00a0minuscules \u00e9l\u00e9ments de verre fil\u00e9, de fragments d\u2019\u00e9mail color\u00e9 (smalti filati) ou de\" \/>\n<meta name=\"robots\" content=\"index, follow, max-snippet:-1, max-image-preview:large, max-video-preview:-1\" \/>\n<link rel=\"canonical\" href=\"https:\/\/www.proantic.com\/magazine\/la-micro-mosaique\/\" \/>\n<meta property=\"og:locale\" content=\"fr_FR\" \/>\n<meta property=\"og:type\" content=\"article\" \/>\n<meta property=\"og:title\" content=\"La micro-mosa\u00efque Le Magazine de Proantic\" \/>\n<meta property=\"og:description\" content=\"On d\u00e9signe par le terme \u00ab micro-mosa\u00efque \u00bb une mosa\u00efque dont les\u00a0minuscules \u00e9l\u00e9ments de verre fil\u00e9, de fragments d\u2019\u00e9mail color\u00e9 (smalti filati) ou de\" \/>\n<meta property=\"og:url\" content=\"https:\/\/www.proantic.com\/magazine\/la-micro-mosaique\/\" \/>\n<meta property=\"og:site_name\" content=\"Le Magazine de Proantic\" \/>\n<meta property=\"article:publisher\" content=\"https:\/\/www.facebook.com\/pages\/Proantic\/\/259180871793\" \/>\n<meta property=\"article:published_time\" content=\"2015-03-28T08:37:58+00:00\" \/>\n<meta property=\"article:modified_time\" content=\"2017-12-15T10:13:55+00:00\" \/>\n<meta property=\"og:image\" content=\"https:\/\/i0.wp.com\/www.proantic.com\/magazine\/wp-content\/uploads\/2015\/03\/55411-2.jpg?fit=1200%2C900&ssl=1\" \/>\n\t<meta property=\"og:image:width\" content=\"1200\" \/>\n\t<meta property=\"og:image:height\" content=\"900\" \/>\n\t<meta property=\"og:image:type\" content=\"image\/jpeg\" \/>\n<meta name=\"author\" content=\"C\u00e9line Autant\" \/>\n<meta name=\"twitter:label1\" content=\"\u00c9crit par\" \/>\n\t<meta name=\"twitter:data1\" content=\"C\u00e9line Autant\" \/>\n\t<meta name=\"twitter:label2\" content=\"Dur\u00e9e de lecture estim\u00e9e\" \/>\n\t<meta name=\"twitter:data2\" content=\"4 minutes\" \/>\n<script type=\"application\/ld+json\" class=\"yoast-schema-graph\">{\"@context\":\"https:\/\/schema.org\",\"@graph\":[{\"@type\":\"Article\",\"@id\":\"https:\/\/www.proantic.com\/magazine\/la-micro-mosaique\/#article\",\"isPartOf\":{\"@id\":\"https:\/\/www.proantic.com\/magazine\/la-micro-mosaique\/\"},\"author\":{\"name\":\"C\u00e9line Autant\",\"@id\":\"https:\/\/www.proantic.com\/magazine\/#\/schema\/person\/932db14f53d245f4acce86a3fe906582\"},\"headline\":\"La micro-mosa\u00efque\",\"datePublished\":\"2015-03-28T08:37:58+00:00\",\"dateModified\":\"2017-12-15T10:13:55+00:00\",\"mainEntityOfPage\":{\"@id\":\"https:\/\/www.proantic.com\/magazine\/la-micro-mosaique\/\"},\"wordCount\":751,\"image\":{\"@id\":\"https:\/\/www.proantic.com\/magazine\/la-micro-mosaique\/#primaryimage\"},\"thumbnailUrl\":\"https:\/\/i0.wp.com\/www.proantic.com\/magazine\/wp-content\/uploads\/2015\/03\/55411-2.jpg?fit=1200%2C900&ssl=1\",\"articleSection\":[\"Arts d\u00e9coratifs sur Proantic\"],\"inLanguage\":\"fr-FR\"},{\"@type\":\"WebPage\",\"@id\":\"https:\/\/www.proantic.com\/magazine\/la-micro-mosaique\/\",\"url\":\"https:\/\/www.proantic.com\/magazine\/la-micro-mosaique\/\",\"name\":\"La micro-mosa\u00efque Le Magazine de Proantic\",\"isPartOf\":{\"@id\":\"https:\/\/www.proantic.com\/magazine\/#website\"},\"primaryImageOfPage\":{\"@id\":\"https:\/\/www.proantic.com\/magazine\/la-micro-mosaique\/#primaryimage\"},\"image\":{\"@id\":\"https:\/\/www.proantic.com\/magazine\/la-micro-mosaique\/#primaryimage\"},\"thumbnailUrl\":\"https:\/\/i0.wp.com\/www.proantic.com\/magazine\/wp-content\/uploads\/2015\/03\/55411-2.jpg?fit=1200%2C900&ssl=1\",\"datePublished\":\"2015-03-28T08:37:58+00:00\",\"dateModified\":\"2017-12-15T10:13:55+00:00\",\"author\":{\"@id\":\"https:\/\/www.proantic.com\/magazine\/#\/schema\/person\/932db14f53d245f4acce86a3fe906582\"},\"description\":\"On d\u00e9signe par le terme \u00ab micro-mosa\u00efque \u00bb une mosa\u00efque dont les\u00a0minuscules \u00e9l\u00e9ments de verre fil\u00e9, de fragments d\u2019\u00e9mail color\u00e9 (smalti filati) ou de\",\"breadcrumb\":{\"@id\":\"https:\/\/www.proantic.com\/magazine\/la-micro-mosaique\/#breadcrumb\"},\"inLanguage\":\"fr-FR\",\"potentialAction\":[{\"@type\":\"ReadAction\",\"target\":[\"https:\/\/www.proantic.com\/magazine\/la-micro-mosaique\/\"]}]},{\"@type\":\"ImageObject\",\"inLanguage\":\"fr-FR\",\"@id\":\"https:\/\/www.proantic.com\/magazine\/la-micro-mosaique\/#primaryimage\",\"url\":\"https:\/\/i0.wp.com\/www.proantic.com\/magazine\/wp-content\/uploads\/2015\/03\/55411-2.jpg?fit=1200%2C900&ssl=1\",\"contentUrl\":\"https:\/\/i0.wp.com\/www.proantic.com\/magazine\/wp-content\/uploads\/2015\/03\/55411-2.jpg?fit=1200%2C900&ssl=1\",\"width\":1200,\"height\":900},{\"@type\":\"BreadcrumbList\",\"@id\":\"https:\/\/www.proantic.com\/magazine\/la-micro-mosaique\/#breadcrumb\",\"itemListElement\":[{\"@type\":\"ListItem\",\"position\":1,\"name\":\"Accueil\",\"item\":\"https:\/\/www.proantic.com\/magazine\/\"},{\"@type\":\"ListItem\",\"position\":2,\"name\":\"La micro-mosa\u00efque\"}]},{\"@type\":\"WebSite\",\"@id\":\"https:\/\/www.proantic.com\/magazine\/#website\",\"url\":\"https:\/\/www.proantic.com\/magazine\/\",\"name\":\"Le Magazine de Proantic\",\"description\":\"Magazine d&#039;art et expositions\",\"potentialAction\":[{\"@type\":\"SearchAction\",\"target\":{\"@type\":\"EntryPoint\",\"urlTemplate\":\"https:\/\/www.proantic.com\/magazine\/?s={search_term_string}\"},\"query-input\":{\"@type\":\"PropertyValueSpecification\",\"valueRequired\":true,\"valueName\":\"search_term_string\"}}],\"inLanguage\":\"fr-FR\"},{\"@type\":\"Person\",\"@id\":\"https:\/\/www.proantic.com\/magazine\/#\/schema\/person\/932db14f53d245f4acce86a3fe906582\",\"name\":\"C\u00e9line Autant\"}]}<\/script>\n<!-- \/ Yoast SEO plugin. -->","yoast_head_json":{"title":"La micro-mosa\u00efque Le Magazine de Proantic","description":"On d\u00e9signe par le terme \u00ab micro-mosa\u00efque \u00bb une mosa\u00efque dont les\u00a0minuscules \u00e9l\u00e9ments de verre fil\u00e9, de fragments d\u2019\u00e9mail color\u00e9 (smalti filati) ou de","robots":{"index":"index","follow":"follow","max-snippet":"max-snippet:-1","max-image-preview":"max-image-preview:large","max-video-preview":"max-video-preview:-1"},"canonical":"https:\/\/www.proantic.com\/magazine\/la-micro-mosaique\/","og_locale":"fr_FR","og_type":"article","og_title":"La micro-mosa\u00efque Le Magazine de Proantic","og_description":"On d\u00e9signe par le terme \u00ab micro-mosa\u00efque \u00bb une mosa\u00efque dont les\u00a0minuscules \u00e9l\u00e9ments de verre fil\u00e9, de fragments d\u2019\u00e9mail color\u00e9 (smalti filati) ou de","og_url":"https:\/\/www.proantic.com\/magazine\/la-micro-mosaique\/","og_site_name":"Le Magazine de Proantic","article_publisher":"https:\/\/www.facebook.com\/pages\/Proantic\/\/259180871793","article_published_time":"2015-03-28T08:37:58+00:00","article_modified_time":"2017-12-15T10:13:55+00:00","og_image":[{"width":1200,"height":900,"url":"https:\/\/i0.wp.com\/www.proantic.com\/magazine\/wp-content\/uploads\/2015\/03\/55411-2.jpg?fit=1200%2C900&ssl=1","type":"image\/jpeg"}],"author":"C\u00e9line Autant","twitter_misc":{"\u00c9crit par":"C\u00e9line Autant","Dur\u00e9e de lecture estim\u00e9e":"4 minutes"},"schema":{"@context":"https:\/\/schema.org","@graph":[{"@type":"Article","@id":"https:\/\/www.proantic.com\/magazine\/la-micro-mosaique\/#article","isPartOf":{"@id":"https:\/\/www.proantic.com\/magazine\/la-micro-mosaique\/"},"author":{"name":"C\u00e9line Autant","@id":"https:\/\/www.proantic.com\/magazine\/#\/schema\/person\/932db14f53d245f4acce86a3fe906582"},"headline":"La micro-mosa\u00efque","datePublished":"2015-03-28T08:37:58+00:00","dateModified":"2017-12-15T10:13:55+00:00","mainEntityOfPage":{"@id":"https:\/\/www.proantic.com\/magazine\/la-micro-mosaique\/"},"wordCount":751,"image":{"@id":"https:\/\/www.proantic.com\/magazine\/la-micro-mosaique\/#primaryimage"},"thumbnailUrl":"https:\/\/i0.wp.com\/www.proantic.com\/magazine\/wp-content\/uploads\/2015\/03\/55411-2.jpg?fit=1200%2C900&ssl=1","articleSection":["Arts d\u00e9coratifs sur Proantic"],"inLanguage":"fr-FR"},{"@type":"WebPage","@id":"https:\/\/www.proantic.com\/magazine\/la-micro-mosaique\/","url":"https:\/\/www.proantic.com\/magazine\/la-micro-mosaique\/","name":"La micro-mosa\u00efque Le Magazine de Proantic","isPartOf":{"@id":"https:\/\/www.proantic.com\/magazine\/#website"},"primaryImageOfPage":{"@id":"https:\/\/www.proantic.com\/magazine\/la-micro-mosaique\/#primaryimage"},"image":{"@id":"https:\/\/www.proantic.com\/magazine\/la-micro-mosaique\/#primaryimage"},"thumbnailUrl":"https:\/\/i0.wp.com\/www.proantic.com\/magazine\/wp-content\/uploads\/2015\/03\/55411-2.jpg?fit=1200%2C900&ssl=1","datePublished":"2015-03-28T08:37:58+00:00","dateModified":"2017-12-15T10:13:55+00:00","author":{"@id":"https:\/\/www.proantic.com\/magazine\/#\/schema\/person\/932db14f53d245f4acce86a3fe906582"},"description":"On d\u00e9signe par le terme \u00ab micro-mosa\u00efque \u00bb une mosa\u00efque dont les\u00a0minuscules \u00e9l\u00e9ments de verre fil\u00e9, de fragments d\u2019\u00e9mail color\u00e9 (smalti filati) ou de","breadcrumb":{"@id":"https:\/\/www.proantic.com\/magazine\/la-micro-mosaique\/#breadcrumb"},"inLanguage":"fr-FR","potentialAction":[{"@type":"ReadAction","target":["https:\/\/www.proantic.com\/magazine\/la-micro-mosaique\/"]}]},{"@type":"ImageObject","inLanguage":"fr-FR","@id":"https:\/\/www.proantic.com\/magazine\/la-micro-mosaique\/#primaryimage","url":"https:\/\/i0.wp.com\/www.proantic.com\/magazine\/wp-content\/uploads\/2015\/03\/55411-2.jpg?fit=1200%2C900&ssl=1","contentUrl":"https:\/\/i0.wp.com\/www.proantic.com\/magazine\/wp-content\/uploads\/2015\/03\/55411-2.jpg?fit=1200%2C900&ssl=1","width":1200,"height":900},{"@type":"BreadcrumbList","@id":"https:\/\/www.proantic.com\/magazine\/la-micro-mosaique\/#breadcrumb","itemListElement":[{"@type":"ListItem","position":1,"name":"Accueil","item":"https:\/\/www.proantic.com\/magazine\/"},{"@type":"ListItem","position":2,"name":"La micro-mosa\u00efque"}]},{"@type":"WebSite","@id":"https:\/\/www.proantic.com\/magazine\/#website","url":"https:\/\/www.proantic.com\/magazine\/","name":"Le Magazine de Proantic","description":"Magazine d&#039;art et expositions","potentialAction":[{"@type":"SearchAction","target":{"@type":"EntryPoint","urlTemplate":"https:\/\/www.proantic.com\/magazine\/?s={search_term_string}"},"query-input":{"@type":"PropertyValueSpecification","valueRequired":true,"valueName":"search_term_string"}}],"inLanguage":"fr-FR"},{"@type":"Person","@id":"https:\/\/www.proantic.com\/magazine\/#\/schema\/person\/932db14f53d245f4acce86a3fe906582","name":"C\u00e9line Autant"}]}},"jetpack_publicize_connections":[],"jetpack_featured_media_url":"https:\/\/i0.wp.com\/www.proantic.com\/magazine\/wp-content\/uploads\/2015\/03\/55411-2.jpg?fit=1200%2C900&ssl=1","jetpack_shortlink":"https:\/\/wp.me\/p7EkP3-Pz","jetpack_sharing_enabled":true,"_links":{"self":[{"href":"https:\/\/www.proantic.com\/magazine\/wp-json\/wp\/v2\/posts\/3197","targetHints":{"allow":["GET"]}}],"collection":[{"href":"https:\/\/www.proantic.com\/magazine\/wp-json\/wp\/v2\/posts"}],"about":[{"href":"https:\/\/www.proantic.com\/magazine\/wp-json\/wp\/v2\/types\/post"}],"author":[{"embeddable":true,"href":"https:\/\/www.proantic.com\/magazine\/wp-json\/wp\/v2\/users\/6"}],"replies":[{"embeddable":true,"href":"https:\/\/www.proantic.com\/magazine\/wp-json\/wp\/v2\/comments?post=3197"}],"version-history":[{"count":0,"href":"https:\/\/www.proantic.com\/magazine\/wp-json\/wp\/v2\/posts\/3197\/revisions"}],"wp:featuredmedia":[{"embeddable":true,"href":"https:\/\/www.proantic.com\/magazine\/wp-json\/wp\/v2\/media\/3236"}],"wp:attachment":[{"href":"https:\/\/www.proantic.com\/magazine\/wp-json\/wp\/v2\/media?parent=3197"}],"wp:term":[{"taxonomy":"category","embeddable":true,"href":"https:\/\/www.proantic.com\/magazine\/wp-json\/wp\/v2\/categories?post=3197"},{"taxonomy":"post_tag","embeddable":true,"href":"https:\/\/www.proantic.com\/magazine\/wp-json\/wp\/v2\/tags?post=3197"}],"curies":[{"name":"wp","href":"https:\/\/api.w.org\/{rel}","templated":true}]}}