{"id":212,"date":"2014-02-01T09:49:58","date_gmt":"2014-02-01T08:49:58","guid":{"rendered":"http:\/\/www.proantic.com\/magazine\/?p=212"},"modified":"2017-12-18T09:10:38","modified_gmt":"2017-12-18T08:10:38","slug":"antinoe-vie-mode","status":"publish","type":"post","link":"https:\/\/www.proantic.com\/magazine\/antinoe-vie-mode\/","title":{"rendered":"Antino\u00e9, \u00e0 la vie, \u00e0 la mode"},"content":{"rendered":"<p>Exposition au\u00a0 Mus\u00e9e des Tissus\u00a0 de Lyon jusqu&rsquo;au 28 f\u00e9vrier 2014<\/p>\n<p><strong>Antino\u00e9, une histoire, un mythe<\/strong><br \/>\nAntino\u00e9 est une m\u00e9tropole situ\u00e9e sur la rive orientale du Nil, en Moyenne-\u00c9gypte, \u00e0 trois cents kilom\u00e8tres du Caire. Elle doit son nom et son prestige aux circonstances de sa fondation par l\u2019empereur Hadrien le 30 octobre de l\u2019an 130. La ville est \u00e9tablie \u00e0 l\u2019endroit-m\u00eame o\u00f9 le favori de l\u2019empereur, le jeune Antino\u00fcs est mort. L\u2019empereur fonde la ville qui porte son nom, divinise le jeune homme et lui fait rendre un culte, sous le nom d\u2019Osiris-Antino\u00fcs.<\/p>\n<figure id=\"attachment_213\" aria-describedby=\"caption-attachment-213\" style=\"width: 327px\" class=\"wp-caption aligncenter\"><a href=\"https:\/\/i0.wp.com\/www.proantic.com\/magazine\/wp-content\/uploads\/2014\/04\/93124731.jpg\"><img data-recalc-dims=\"1\" loading=\"lazy\" decoding=\"async\" data-attachment-id=\"213\" data-permalink=\"https:\/\/www.proantic.com\/magazine\/antinoe-vie-mode\/attachment\/93124731\/\" data-orig-file=\"https:\/\/i0.wp.com\/www.proantic.com\/magazine\/wp-content\/uploads\/2014\/04\/93124731.jpg?fit=327%2C445&amp;ssl=1\" data-orig-size=\"327,445\" data-comments-opened=\"1\" data-image-meta=\"{&quot;aperture&quot;:&quot;0&quot;,&quot;credit&quot;:&quot;&quot;,&quot;camera&quot;:&quot;&quot;,&quot;caption&quot;:&quot;&quot;,&quot;created_timestamp&quot;:&quot;0&quot;,&quot;copyright&quot;:&quot;&quot;,&quot;focal_length&quot;:&quot;0&quot;,&quot;iso&quot;:&quot;0&quot;,&quot;shutter_speed&quot;:&quot;0&quot;,&quot;title&quot;:&quot;&quot;}\" data-image-title=\"\" data-image-description=\"\" data-image-caption=\"&lt;p&gt;\u00a9 Lyon, mus\u00e9e des tissus&lt;\/p&gt;\n\" data-medium-file=\"https:\/\/i0.wp.com\/www.proantic.com\/magazine\/wp-content\/uploads\/2014\/04\/93124731.jpg?fit=220%2C300&amp;ssl=1\" data-large-file=\"https:\/\/i0.wp.com\/www.proantic.com\/magazine\/wp-content\/uploads\/2014\/04\/93124731.jpg?fit=327%2C445&amp;ssl=1\" class=\"size-full wp-image-213\" alt=\"Antino\u00e9, \u00e0 la vie, \u00e0 la mode\" src=\"https:\/\/i0.wp.com\/www.proantic.com\/magazine\/wp-content\/uploads\/2014\/04\/93124731.jpg?resize=327%2C445\" width=\"327\" height=\"445\" srcset=\"https:\/\/i0.wp.com\/www.proantic.com\/magazine\/wp-content\/uploads\/2014\/04\/93124731.jpg?w=327&amp;ssl=1 327w, https:\/\/i0.wp.com\/www.proantic.com\/magazine\/wp-content\/uploads\/2014\/04\/93124731.jpg?resize=220%2C300&amp;ssl=1 220w\" sizes=\"auto, (max-width: 327px) 100vw, 327px\" \/><\/a><figcaption id=\"caption-attachment-213\" class=\"wp-caption-text\">\u00a9 Lyon, mus\u00e9e des tissus<\/figcaption><\/figure>\n<p><strong>Les textiles d&rsquo;Antino\u00e9 du mus\u00e9e des Tissus : un fonds exceptionnel et in\u00e9dit.<\/strong><\/p>\n<p style=\"text-align: justify\">\u00a0Cette exposition pr\u00e9sente un ensemble exceptionnel de v\u00eatements et fragments issus des fouilles arch\u00e9ologiques effectu\u00e9es au XIXe si\u00e8cle dans la ville d&rsquo;Antino\u00e9, en Moyenne \u00c9gypte. La Chambre de Commerce et d&rsquo;Industrie de Lyon a financ\u00e9 r\u00e9guli\u00e8rement ces campagnes de fouilles jusqu&rsquo;en 1908. Le mus\u00e9e des Tissus a ainsi b\u00e9n\u00e9fici\u00e9 de l&rsquo;envoi d&rsquo;un mat\u00e9riel arch\u00e9ologique consid\u00e9rable.<\/p>\n<figure id=\"attachment_215\" aria-describedby=\"caption-attachment-215\" style=\"width: 615px\" class=\"wp-caption aligncenter\"><a href=\"https:\/\/i0.wp.com\/www.proantic.com\/magazine\/wp-content\/uploads\/2014\/04\/93124656.jpg\"><img data-recalc-dims=\"1\" loading=\"lazy\" decoding=\"async\" data-attachment-id=\"215\" data-permalink=\"https:\/\/www.proantic.com\/magazine\/antinoe-vie-mode\/attachment\/93124656\/\" data-orig-file=\"https:\/\/i0.wp.com\/www.proantic.com\/magazine\/wp-content\/uploads\/2014\/04\/93124656.jpg?fit=615%2C325&amp;ssl=1\" data-orig-size=\"615,325\" data-comments-opened=\"1\" data-image-meta=\"{&quot;aperture&quot;:&quot;0&quot;,&quot;credit&quot;:&quot;&quot;,&quot;camera&quot;:&quot;&quot;,&quot;caption&quot;:&quot;&quot;,&quot;created_timestamp&quot;:&quot;0&quot;,&quot;copyright&quot;:&quot;&quot;,&quot;focal_length&quot;:&quot;0&quot;,&quot;iso&quot;:&quot;0&quot;,&quot;shutter_speed&quot;:&quot;0&quot;,&quot;title&quot;:&quot;&quot;}\" data-image-title=\"\" data-image-description=\"\" data-image-caption=\"&lt;p&gt;\u00a9 Lyon, mus\u00e9e des tissu&lt;\/p&gt;\n\" data-medium-file=\"https:\/\/i0.wp.com\/www.proantic.com\/magazine\/wp-content\/uploads\/2014\/04\/93124656.jpg?fit=300%2C158&amp;ssl=1\" data-large-file=\"https:\/\/i0.wp.com\/www.proantic.com\/magazine\/wp-content\/uploads\/2014\/04\/93124656.jpg?fit=615%2C325&amp;ssl=1\" class=\"size-full wp-image-215\" alt=\"Antino\u00e9, \u00e0 la vie, \u00e0 la mode\" src=\"https:\/\/i0.wp.com\/www.proantic.com\/magazine\/wp-content\/uploads\/2014\/04\/93124656.jpg?resize=615%2C325\" width=\"615\" height=\"325\" srcset=\"https:\/\/i0.wp.com\/www.proantic.com\/magazine\/wp-content\/uploads\/2014\/04\/93124656.jpg?w=615&amp;ssl=1 615w, https:\/\/i0.wp.com\/www.proantic.com\/magazine\/wp-content\/uploads\/2014\/04\/93124656.jpg?resize=300%2C158&amp;ssl=1 300w\" sizes=\"auto, (max-width: 615px) 100vw, 615px\" \/><\/a><figcaption id=\"caption-attachment-215\" class=\"wp-caption-text\">\u00a9 Lyon, mus\u00e9e des tissu<\/figcaption><\/figure>\n<p style=\"text-align: justify\">Missionn\u00e9 par Emile Guimet, l&rsquo;arch\u00e9ologue Albert Gayet m\u00e8ne une premi\u00e8re campagne prometteuse. N\u00e9anmoins, c&rsquo;est au cours de la deuxi\u00e8me campagne prometteuse. N\u00e9anmoins, c&rsquo;est au cours de la deuxi\u00e8me campagne qu&rsquo;il met \u00e0 jour les n\u00e9cropoles de la ville. Les v\u00eatements exhum\u00e9s dans les s\u00e9pulcres r\u00e9v\u00e8lent au monde l&rsquo;\u00e9l\u00e9gance de ses habitants.<\/p>\n<figure id=\"attachment_214\" aria-describedby=\"caption-attachment-214\" style=\"width: 651px\" class=\"wp-caption aligncenter\"><a href=\"https:\/\/i0.wp.com\/www.proantic.com\/magazine\/wp-content\/uploads\/2014\/04\/93124592.jpg\"><img data-recalc-dims=\"1\" loading=\"lazy\" decoding=\"async\" data-attachment-id=\"214\" data-permalink=\"https:\/\/www.proantic.com\/magazine\/antinoe-vie-mode\/attachment\/93124592\/\" data-orig-file=\"https:\/\/i0.wp.com\/www.proantic.com\/magazine\/wp-content\/uploads\/2014\/04\/93124592.jpg?fit=651%2C651&amp;ssl=1\" data-orig-size=\"651,651\" data-comments-opened=\"1\" data-image-meta=\"{&quot;aperture&quot;:&quot;0&quot;,&quot;credit&quot;:&quot;&quot;,&quot;camera&quot;:&quot;&quot;,&quot;caption&quot;:&quot;&quot;,&quot;created_timestamp&quot;:&quot;0&quot;,&quot;copyright&quot;:&quot;&quot;,&quot;focal_length&quot;:&quot;0&quot;,&quot;iso&quot;:&quot;0&quot;,&quot;shutter_speed&quot;:&quot;0&quot;,&quot;title&quot;:&quot;&quot;}\" data-image-title=\"exposition mus\u00e9e du tissus \u00e0 Lyon\" data-image-description=\"\" data-image-caption=\"&lt;p&gt;Carr\u00e9 de tapisserie en laine et lin appliqu\u00e9 sur une tunique de lin,&lt;\/p&gt;\n&lt;p&gt;Ve-VIIe si\u00e8cles, Antino\u00e9, campagne de 1897&lt;\/p&gt;\n&lt;p&gt;(Lyon, mus\u00e9e des Tissus).&lt;\/p&gt;\n\" data-medium-file=\"https:\/\/i0.wp.com\/www.proantic.com\/magazine\/wp-content\/uploads\/2014\/04\/93124592.jpg?fit=300%2C300&amp;ssl=1\" data-large-file=\"https:\/\/i0.wp.com\/www.proantic.com\/magazine\/wp-content\/uploads\/2014\/04\/93124592.jpg?fit=651%2C651&amp;ssl=1\" class=\"size-full wp-image-214\" alt=\" Pr\u00e9c\u00e9dent Suivant Antino\u00e9, \u00e0 la vie, \u00e0 la mode\" src=\"https:\/\/i0.wp.com\/www.proantic.com\/magazine\/wp-content\/uploads\/2014\/04\/93124592.jpg?resize=651%2C651\" width=\"651\" height=\"651\" srcset=\"https:\/\/i0.wp.com\/www.proantic.com\/magazine\/wp-content\/uploads\/2014\/04\/93124592.jpg?w=651&amp;ssl=1 651w, https:\/\/i0.wp.com\/www.proantic.com\/magazine\/wp-content\/uploads\/2014\/04\/93124592.jpg?resize=150%2C150&amp;ssl=1 150w, https:\/\/i0.wp.com\/www.proantic.com\/magazine\/wp-content\/uploads\/2014\/04\/93124592.jpg?resize=300%2C300&amp;ssl=1 300w, https:\/\/i0.wp.com\/www.proantic.com\/magazine\/wp-content\/uploads\/2014\/04\/93124592.jpg?resize=620%2C620&amp;ssl=1 620w\" sizes=\"auto, (max-width: 651px) 100vw, 651px\" \/><\/a><figcaption id=\"caption-attachment-214\" class=\"wp-caption-text\">Carr\u00e9 de tapisserie en laine et lin appliqu\u00e9 sur une tunique de lin,<br \/>Ve-VIIe si\u00e8cles, Antino\u00e9, campagne de 1897<br \/>(Lyon, mus\u00e9e des Tissus).<\/figcaption><\/figure>\n<p><strong>Antino\u00e9, un dressing antique.<\/strong><\/p>\n<p style=\"text-align: justify\">L&rsquo;exposition d\u00e9voile la totalit\u00e9 de la campagne de fouilles de 1898, , ainsi que les \u00e9l\u00e9ments les plus prestigieux des autres campagnes qui comporte les v\u00eatements de la fameuse \u00ab\u00a0Tha\u00efs\u00a0\u00bb, le \u00ab\u00a0Ch\u00e2le de Sabine\u00a0\u00bb, \u00ab\u00a0La s\u00e9pulture de Leuky\u00f4n\u00e9\u00a0\u00bb des v\u00eatements complets et plus de 200 autres objets (tuniques, manteaux, chemises, voiles, accessoires, ceintures,\u00a0 tentures, coussins fun\u00e9raires,,) ainsi que des fragments de v\u00eatements.<\/p>\n<p style=\"text-align: justify\">\u00a0Ces pi\u00e8ces r\u00e9v\u00e8lent les modes vestimentaires de la fin de l&rsquo;Antiquit\u00e9, datant majoritairement des IV-VIIIe si\u00e8cles et du go\u00fbt des \u00e9l\u00e9gants pour les \u00e9toffes de luxe, soieries ou lainages, des influences, aussi, d&rsquo;un Orient mythique, la Perse, dont on adopte alors les typologies de v\u00eatements ou le r\u00e9pertoire ornemental.<\/p>\n<figure id=\"attachment_216\" aria-describedby=\"caption-attachment-216\" style=\"width: 360px\" class=\"wp-caption aligncenter\"><a href=\"https:\/\/i0.wp.com\/www.proantic.com\/magazine\/wp-content\/uploads\/2014\/04\/93124818.jpg\"><img data-recalc-dims=\"1\" loading=\"lazy\" decoding=\"async\" data-attachment-id=\"216\" data-permalink=\"https:\/\/www.proantic.com\/magazine\/antinoe-vie-mode\/attachment\/93124818\/\" data-orig-file=\"https:\/\/i0.wp.com\/www.proantic.com\/magazine\/wp-content\/uploads\/2014\/04\/93124818.jpg?fit=360%2C263&amp;ssl=1\" data-orig-size=\"360,263\" data-comments-opened=\"1\" data-image-meta=\"{&quot;aperture&quot;:&quot;0&quot;,&quot;credit&quot;:&quot;&quot;,&quot;camera&quot;:&quot;&quot;,&quot;caption&quot;:&quot;&quot;,&quot;created_timestamp&quot;:&quot;0&quot;,&quot;copyright&quot;:&quot;&quot;,&quot;focal_length&quot;:&quot;0&quot;,&quot;iso&quot;:&quot;0&quot;,&quot;shutter_speed&quot;:&quot;0&quot;,&quot;title&quot;:&quot;&quot;}\" data-image-title=\"\" data-image-description=\"\" data-image-caption=\"&lt;p&gt;\u00a9 Lyon, mus\u00e9e des tissus, Pierre Verrier&lt;\/p&gt;\n\" data-medium-file=\"https:\/\/i0.wp.com\/www.proantic.com\/magazine\/wp-content\/uploads\/2014\/04\/93124818.jpg?fit=300%2C219&amp;ssl=1\" data-large-file=\"https:\/\/i0.wp.com\/www.proantic.com\/magazine\/wp-content\/uploads\/2014\/04\/93124818.jpg?fit=360%2C263&amp;ssl=1\" class=\"size-full wp-image-216\" alt=\"Antino\u00e9, \u00e0 la vie, \u00e0 la mode\" src=\"https:\/\/i0.wp.com\/www.proantic.com\/magazine\/wp-content\/uploads\/2014\/04\/93124818.jpg?resize=360%2C263\" width=\"360\" height=\"263\" srcset=\"https:\/\/i0.wp.com\/www.proantic.com\/magazine\/wp-content\/uploads\/2014\/04\/93124818.jpg?w=360&amp;ssl=1 360w, https:\/\/i0.wp.com\/www.proantic.com\/magazine\/wp-content\/uploads\/2014\/04\/93124818.jpg?resize=300%2C219&amp;ssl=1 300w\" sizes=\"auto, (max-width: 360px) 100vw, 360px\" \/><\/a><figcaption id=\"caption-attachment-216\" class=\"wp-caption-text\">\u00a9 Lyon, mus\u00e9e des tissus, Pierre Verrier<\/figcaption><\/figure>\n<p><strong>Antino\u00e9, l&rsquo;excellence d&rsquo;un savoir faire.<\/strong><\/p>\n<p style=\"text-align: justify\">L&rsquo;exposition aborde, en \u00e9voquant la population de d\u00e9funts qu&rsquo;Albert Gayet a mise au jour \u00e0 Antino\u00e9, la foule des vivants qui habitait la cit\u00e9, ses go\u00fbts, ses aspirations et ses coutumes, \u00e0 travers les v\u00eatements qu&rsquo;elle arborait. Ces \u00e9toffes montrent \u00e9galement qu&rsquo;Antino\u00e9 \u00e9tait un centre de production textile de premi\u00e8re importance.<\/p>\n<p>Cette exposition en partenariat avec le mus\u00e9e du Louvre a re\u00e7ue le \u00a0\u00bb Label d&rsquo;Exposition d&rsquo;int\u00e9r\u00eat national 2013 \u00a0\u00bb par le minist\u00e8re de la culture et de la communication.<\/p>\n","protected":false},"excerpt":{"rendered":"<p>Exposition au\u00a0 Mus\u00e9e des Tissus\u00a0 de Lyon jusqu&rsquo;au 28 f\u00e9vrier 2014 Antino\u00e9, une histoire, un mythe Antino\u00e9 est une m\u00e9tropole situ\u00e9e sur la rive orientale du Nil, en Moyenne-\u00c9gypte, \u00e0 trois cents kilom\u00e8tres du Caire. Elle doit son nom et son prestige aux circonstances de sa fondation par l\u2019empereur Hadrien le 30 octobre de l\u2019an [&hellip;]<\/p>\n","protected":false},"author":6,"featured_media":215,"comment_status":"closed","ping_status":"open","sticky":false,"template":"","format":"standard","meta":{"jetpack_post_was_ever_published":false,"_jetpack_newsletter_access":"","_jetpack_dont_email_post_to_subs":false,"_jetpack_newsletter_tier_id":0,"_jetpack_memberships_contains_paywalled_content":false,"_jetpack_memberships_contains_paid_content":false,"footnotes":"","jetpack_publicize_message":"","jetpack_publicize_feature_enabled":true,"jetpack_social_post_already_shared":true,"jetpack_social_options":{"image_generator_settings":{"template":"highway","default_image_id":0,"font":"","enabled":false},"version":2}},"categories":[12],"tags":[],"class_list":["post-212","post","type-post","status-publish","format-standard","has-post-thumbnail","hentry","category-expositions"],"yoast_head":"<!-- This site is optimized with the Yoast SEO plugin v26.9 - https:\/\/yoast.com\/product\/yoast-seo-wordpress\/ -->\n<title>Antino\u00e9, \u00e0 la vie, \u00e0 la mode Le Magazine de Proantic<\/title>\n<meta name=\"description\" content=\"Cette exposition pr\u00e9sente un ensemble exceptionnel de v\u00eatements et fragments issus des fouilles arch\u00e9ologiques effectu\u00e9es au XIXe si\u00e8cle dans la ville d&#039;Antino\u00e9, en Moyenne \u00c9gypte.\" \/>\n<meta name=\"robots\" content=\"index, follow, max-snippet:-1, max-image-preview:large, max-video-preview:-1\" \/>\n<link rel=\"canonical\" href=\"https:\/\/www.proantic.com\/magazine\/antinoe-vie-mode\/\" \/>\n<meta property=\"og:locale\" content=\"fr_FR\" \/>\n<meta property=\"og:type\" content=\"article\" \/>\n<meta property=\"og:title\" content=\"Antino\u00e9, \u00e0 la vie, \u00e0 la mode Le Magazine de Proantic\" \/>\n<meta property=\"og:description\" content=\"Cette exposition pr\u00e9sente un ensemble exceptionnel de v\u00eatements et fragments issus des fouilles arch\u00e9ologiques effectu\u00e9es au XIXe si\u00e8cle dans la ville d&#039;Antino\u00e9, en Moyenne \u00c9gypte.\" \/>\n<meta property=\"og:url\" content=\"https:\/\/www.proantic.com\/magazine\/antinoe-vie-mode\/\" \/>\n<meta property=\"og:site_name\" content=\"Le Magazine de Proantic\" \/>\n<meta property=\"article:publisher\" content=\"https:\/\/www.facebook.com\/pages\/Proantic\/\/259180871793\" \/>\n<meta property=\"article:published_time\" content=\"2014-02-01T08:49:58+00:00\" \/>\n<meta property=\"article:modified_time\" content=\"2017-12-18T08:10:38+00:00\" \/>\n<meta property=\"og:image\" content=\"https:\/\/i0.wp.com\/www.proantic.com\/magazine\/wp-content\/uploads\/2014\/04\/93124656.jpg?fit=615%2C325&ssl=1\" \/>\n\t<meta property=\"og:image:width\" content=\"615\" \/>\n\t<meta property=\"og:image:height\" content=\"325\" \/>\n\t<meta property=\"og:image:type\" content=\"image\/jpeg\" \/>\n<meta name=\"author\" content=\"C\u00e9line Autant\" \/>\n<meta name=\"twitter:label1\" content=\"\u00c9crit par\" \/>\n\t<meta name=\"twitter:data1\" content=\"C\u00e9line Autant\" \/>\n\t<meta name=\"twitter:label2\" content=\"Dur\u00e9e de lecture estim\u00e9e\" \/>\n\t<meta name=\"twitter:data2\" content=\"3 minutes\" \/>\n<script type=\"application\/ld+json\" class=\"yoast-schema-graph\">{\"@context\":\"https:\/\/schema.org\",\"@graph\":[{\"@type\":\"Article\",\"@id\":\"https:\/\/www.proantic.com\/magazine\/antinoe-vie-mode\/#article\",\"isPartOf\":{\"@id\":\"https:\/\/www.proantic.com\/magazine\/antinoe-vie-mode\/\"},\"author\":{\"name\":\"C\u00e9line Autant\",\"@id\":\"https:\/\/www.proantic.com\/magazine\/#\/schema\/person\/932db14f53d245f4acce86a3fe906582\"},\"headline\":\"Antino\u00e9, \u00e0 la vie, \u00e0 la mode\",\"datePublished\":\"2014-02-01T08:49:58+00:00\",\"dateModified\":\"2017-12-18T08:10:38+00:00\",\"mainEntityOfPage\":{\"@id\":\"https:\/\/www.proantic.com\/magazine\/antinoe-vie-mode\/\"},\"wordCount\":564,\"image\":{\"@id\":\"https:\/\/www.proantic.com\/magazine\/antinoe-vie-mode\/#primaryimage\"},\"thumbnailUrl\":\"https:\/\/i0.wp.com\/www.proantic.com\/magazine\/wp-content\/uploads\/2014\/04\/93124656.jpg?fit=615%2C325&ssl=1\",\"articleSection\":[\"Expositions\"],\"inLanguage\":\"fr-FR\"},{\"@type\":\"WebPage\",\"@id\":\"https:\/\/www.proantic.com\/magazine\/antinoe-vie-mode\/\",\"url\":\"https:\/\/www.proantic.com\/magazine\/antinoe-vie-mode\/\",\"name\":\"Antino\u00e9, \u00e0 la vie, \u00e0 la mode Le Magazine de Proantic\",\"isPartOf\":{\"@id\":\"https:\/\/www.proantic.com\/magazine\/#website\"},\"primaryImageOfPage\":{\"@id\":\"https:\/\/www.proantic.com\/magazine\/antinoe-vie-mode\/#primaryimage\"},\"image\":{\"@id\":\"https:\/\/www.proantic.com\/magazine\/antinoe-vie-mode\/#primaryimage\"},\"thumbnailUrl\":\"https:\/\/i0.wp.com\/www.proantic.com\/magazine\/wp-content\/uploads\/2014\/04\/93124656.jpg?fit=615%2C325&ssl=1\",\"datePublished\":\"2014-02-01T08:49:58+00:00\",\"dateModified\":\"2017-12-18T08:10:38+00:00\",\"author\":{\"@id\":\"https:\/\/www.proantic.com\/magazine\/#\/schema\/person\/932db14f53d245f4acce86a3fe906582\"},\"description\":\"Cette exposition pr\u00e9sente un ensemble exceptionnel de v\u00eatements et fragments issus des fouilles arch\u00e9ologiques effectu\u00e9es au XIXe si\u00e8cle dans la ville d'Antino\u00e9, en Moyenne \u00c9gypte.\",\"breadcrumb\":{\"@id\":\"https:\/\/www.proantic.com\/magazine\/antinoe-vie-mode\/#breadcrumb\"},\"inLanguage\":\"fr-FR\",\"potentialAction\":[{\"@type\":\"ReadAction\",\"target\":[\"https:\/\/www.proantic.com\/magazine\/antinoe-vie-mode\/\"]}]},{\"@type\":\"ImageObject\",\"inLanguage\":\"fr-FR\",\"@id\":\"https:\/\/www.proantic.com\/magazine\/antinoe-vie-mode\/#primaryimage\",\"url\":\"https:\/\/i0.wp.com\/www.proantic.com\/magazine\/wp-content\/uploads\/2014\/04\/93124656.jpg?fit=615%2C325&ssl=1\",\"contentUrl\":\"https:\/\/i0.wp.com\/www.proantic.com\/magazine\/wp-content\/uploads\/2014\/04\/93124656.jpg?fit=615%2C325&ssl=1\",\"width\":615,\"height\":325,\"caption\":\"\u00a9 Lyon, mus\u00e9e des tissu\"},{\"@type\":\"BreadcrumbList\",\"@id\":\"https:\/\/www.proantic.com\/magazine\/antinoe-vie-mode\/#breadcrumb\",\"itemListElement\":[{\"@type\":\"ListItem\",\"position\":1,\"name\":\"Accueil\",\"item\":\"https:\/\/www.proantic.com\/magazine\/\"},{\"@type\":\"ListItem\",\"position\":2,\"name\":\"Antino\u00e9, \u00e0 la vie, \u00e0 la mode\"}]},{\"@type\":\"WebSite\",\"@id\":\"https:\/\/www.proantic.com\/magazine\/#website\",\"url\":\"https:\/\/www.proantic.com\/magazine\/\",\"name\":\"Le Magazine de Proantic\",\"description\":\"Magazine d&#039;art et expositions\",\"potentialAction\":[{\"@type\":\"SearchAction\",\"target\":{\"@type\":\"EntryPoint\",\"urlTemplate\":\"https:\/\/www.proantic.com\/magazine\/?s={search_term_string}\"},\"query-input\":{\"@type\":\"PropertyValueSpecification\",\"valueRequired\":true,\"valueName\":\"search_term_string\"}}],\"inLanguage\":\"fr-FR\"},{\"@type\":\"Person\",\"@id\":\"https:\/\/www.proantic.com\/magazine\/#\/schema\/person\/932db14f53d245f4acce86a3fe906582\",\"name\":\"C\u00e9line Autant\"}]}<\/script>\n<!-- \/ Yoast SEO plugin. -->","yoast_head_json":{"title":"Antino\u00e9, \u00e0 la vie, \u00e0 la mode Le Magazine de Proantic","description":"Cette exposition pr\u00e9sente un ensemble exceptionnel de v\u00eatements et fragments issus des fouilles arch\u00e9ologiques effectu\u00e9es au XIXe si\u00e8cle dans la ville d'Antino\u00e9, en Moyenne \u00c9gypte.","robots":{"index":"index","follow":"follow","max-snippet":"max-snippet:-1","max-image-preview":"max-image-preview:large","max-video-preview":"max-video-preview:-1"},"canonical":"https:\/\/www.proantic.com\/magazine\/antinoe-vie-mode\/","og_locale":"fr_FR","og_type":"article","og_title":"Antino\u00e9, \u00e0 la vie, \u00e0 la mode Le Magazine de Proantic","og_description":"Cette exposition pr\u00e9sente un ensemble exceptionnel de v\u00eatements et fragments issus des fouilles arch\u00e9ologiques effectu\u00e9es au XIXe si\u00e8cle dans la ville d'Antino\u00e9, en Moyenne \u00c9gypte.","og_url":"https:\/\/www.proantic.com\/magazine\/antinoe-vie-mode\/","og_site_name":"Le Magazine de Proantic","article_publisher":"https:\/\/www.facebook.com\/pages\/Proantic\/\/259180871793","article_published_time":"2014-02-01T08:49:58+00:00","article_modified_time":"2017-12-18T08:10:38+00:00","og_image":[{"width":615,"height":325,"url":"https:\/\/i0.wp.com\/www.proantic.com\/magazine\/wp-content\/uploads\/2014\/04\/93124656.jpg?fit=615%2C325&ssl=1","type":"image\/jpeg"}],"author":"C\u00e9line Autant","twitter_misc":{"\u00c9crit par":"C\u00e9line Autant","Dur\u00e9e de lecture estim\u00e9e":"3 minutes"},"schema":{"@context":"https:\/\/schema.org","@graph":[{"@type":"Article","@id":"https:\/\/www.proantic.com\/magazine\/antinoe-vie-mode\/#article","isPartOf":{"@id":"https:\/\/www.proantic.com\/magazine\/antinoe-vie-mode\/"},"author":{"name":"C\u00e9line Autant","@id":"https:\/\/www.proantic.com\/magazine\/#\/schema\/person\/932db14f53d245f4acce86a3fe906582"},"headline":"Antino\u00e9, \u00e0 la vie, \u00e0 la mode","datePublished":"2014-02-01T08:49:58+00:00","dateModified":"2017-12-18T08:10:38+00:00","mainEntityOfPage":{"@id":"https:\/\/www.proantic.com\/magazine\/antinoe-vie-mode\/"},"wordCount":564,"image":{"@id":"https:\/\/www.proantic.com\/magazine\/antinoe-vie-mode\/#primaryimage"},"thumbnailUrl":"https:\/\/i0.wp.com\/www.proantic.com\/magazine\/wp-content\/uploads\/2014\/04\/93124656.jpg?fit=615%2C325&ssl=1","articleSection":["Expositions"],"inLanguage":"fr-FR"},{"@type":"WebPage","@id":"https:\/\/www.proantic.com\/magazine\/antinoe-vie-mode\/","url":"https:\/\/www.proantic.com\/magazine\/antinoe-vie-mode\/","name":"Antino\u00e9, \u00e0 la vie, \u00e0 la mode Le Magazine de Proantic","isPartOf":{"@id":"https:\/\/www.proantic.com\/magazine\/#website"},"primaryImageOfPage":{"@id":"https:\/\/www.proantic.com\/magazine\/antinoe-vie-mode\/#primaryimage"},"image":{"@id":"https:\/\/www.proantic.com\/magazine\/antinoe-vie-mode\/#primaryimage"},"thumbnailUrl":"https:\/\/i0.wp.com\/www.proantic.com\/magazine\/wp-content\/uploads\/2014\/04\/93124656.jpg?fit=615%2C325&ssl=1","datePublished":"2014-02-01T08:49:58+00:00","dateModified":"2017-12-18T08:10:38+00:00","author":{"@id":"https:\/\/www.proantic.com\/magazine\/#\/schema\/person\/932db14f53d245f4acce86a3fe906582"},"description":"Cette exposition pr\u00e9sente un ensemble exceptionnel de v\u00eatements et fragments issus des fouilles arch\u00e9ologiques effectu\u00e9es au XIXe si\u00e8cle dans la ville d'Antino\u00e9, en Moyenne \u00c9gypte.","breadcrumb":{"@id":"https:\/\/www.proantic.com\/magazine\/antinoe-vie-mode\/#breadcrumb"},"inLanguage":"fr-FR","potentialAction":[{"@type":"ReadAction","target":["https:\/\/www.proantic.com\/magazine\/antinoe-vie-mode\/"]}]},{"@type":"ImageObject","inLanguage":"fr-FR","@id":"https:\/\/www.proantic.com\/magazine\/antinoe-vie-mode\/#primaryimage","url":"https:\/\/i0.wp.com\/www.proantic.com\/magazine\/wp-content\/uploads\/2014\/04\/93124656.jpg?fit=615%2C325&ssl=1","contentUrl":"https:\/\/i0.wp.com\/www.proantic.com\/magazine\/wp-content\/uploads\/2014\/04\/93124656.jpg?fit=615%2C325&ssl=1","width":615,"height":325,"caption":"\u00a9 Lyon, mus\u00e9e des tissu"},{"@type":"BreadcrumbList","@id":"https:\/\/www.proantic.com\/magazine\/antinoe-vie-mode\/#breadcrumb","itemListElement":[{"@type":"ListItem","position":1,"name":"Accueil","item":"https:\/\/www.proantic.com\/magazine\/"},{"@type":"ListItem","position":2,"name":"Antino\u00e9, \u00e0 la vie, \u00e0 la mode"}]},{"@type":"WebSite","@id":"https:\/\/www.proantic.com\/magazine\/#website","url":"https:\/\/www.proantic.com\/magazine\/","name":"Le Magazine de Proantic","description":"Magazine d&#039;art et expositions","potentialAction":[{"@type":"SearchAction","target":{"@type":"EntryPoint","urlTemplate":"https:\/\/www.proantic.com\/magazine\/?s={search_term_string}"},"query-input":{"@type":"PropertyValueSpecification","valueRequired":true,"valueName":"search_term_string"}}],"inLanguage":"fr-FR"},{"@type":"Person","@id":"https:\/\/www.proantic.com\/magazine\/#\/schema\/person\/932db14f53d245f4acce86a3fe906582","name":"C\u00e9line Autant"}]}},"jetpack_publicize_connections":[],"jetpack_featured_media_url":"https:\/\/i0.wp.com\/www.proantic.com\/magazine\/wp-content\/uploads\/2014\/04\/93124656.jpg?fit=615%2C325&ssl=1","jetpack_shortlink":"https:\/\/wp.me\/p7EkP3-3q","jetpack_sharing_enabled":true,"_links":{"self":[{"href":"https:\/\/www.proantic.com\/magazine\/wp-json\/wp\/v2\/posts\/212","targetHints":{"allow":["GET"]}}],"collection":[{"href":"https:\/\/www.proantic.com\/magazine\/wp-json\/wp\/v2\/posts"}],"about":[{"href":"https:\/\/www.proantic.com\/magazine\/wp-json\/wp\/v2\/types\/post"}],"author":[{"embeddable":true,"href":"https:\/\/www.proantic.com\/magazine\/wp-json\/wp\/v2\/users\/6"}],"replies":[{"embeddable":true,"href":"https:\/\/www.proantic.com\/magazine\/wp-json\/wp\/v2\/comments?post=212"}],"version-history":[{"count":0,"href":"https:\/\/www.proantic.com\/magazine\/wp-json\/wp\/v2\/posts\/212\/revisions"}],"wp:featuredmedia":[{"embeddable":true,"href":"https:\/\/www.proantic.com\/magazine\/wp-json\/wp\/v2\/media\/215"}],"wp:attachment":[{"href":"https:\/\/www.proantic.com\/magazine\/wp-json\/wp\/v2\/media?parent=212"}],"wp:term":[{"taxonomy":"category","embeddable":true,"href":"https:\/\/www.proantic.com\/magazine\/wp-json\/wp\/v2\/categories?post=212"},{"taxonomy":"post_tag","embeddable":true,"href":"https:\/\/www.proantic.com\/magazine\/wp-json\/wp\/v2\/tags?post=212"}],"curies":[{"name":"wp","href":"https:\/\/api.w.org\/{rel}","templated":true}]}}