{"id":2054,"date":"2014-08-23T10:27:55","date_gmt":"2014-08-23T09:27:55","guid":{"rendered":"http:\/\/www.proantic.com\/magazine\/?p=2054"},"modified":"2017-12-18T09:00:41","modified_gmt":"2017-12-18T08:00:41","slug":"marqueterie-bois","status":"publish","type":"post","link":"https:\/\/www.proantic.com\/magazine\/marqueterie-bois\/","title":{"rendered":"Les proc\u00e9d\u00e9s de la marqueterie"},"content":{"rendered":"<p style=\"text-align: justify\"><strong>Travail d\u00e9coratif sur des meubles et le collage de minces feuilles de bois d&rsquo;essences et de couleurs vari\u00e9es. La marqueterie, dont le proc\u00e9d\u00e9 d\u00e9rive de l&rsquo;intarsia italienne, elle-m\u00eame h\u00e9rit\u00e9e des incrustations syriennes d\u00e9couvertes par les crois\u00e9s au XI\u00e8me si\u00e8cles, devient avec le d\u00e9veloppement du placage une technique de d\u00e9coration de meuble tr\u00e8s importante.<\/strong><\/p>\n<p style=\"text-align: justify\">La marqueterie atteint son apog\u00e9e aux XVII\u00e8me et XVIII\u00e8me\u00a0\u00a0si\u00e8cles sous les styles Louis XIV et louis XV\u00a0\u00a0notamment, certains \u00e9b\u00e9nistes virtuoses cr\u00e9ent avec ce proc\u00e9d\u00e9 \u00a0d&rsquo;admirables \u00a0tableaux sur leurs meubles. Eb\u00e9nistes et ornementalistes travaillant en \u00e9troite collaboration \u00e0 des m\u00e9langes d&rsquo;essences pr\u00e9cieuses toujours plus vari\u00e9es.<\/p>\n<figure id=\"attachment_2083\" aria-describedby=\"caption-attachment-2083\" style=\"width: 620px\" class=\"wp-caption aligncenter\"><a href=\"https:\/\/i0.wp.com\/www.proantic.com\/magazine\/wp-content\/uploads\/2014\/08\/78365-2.jpg\"><img data-recalc-dims=\"1\" loading=\"lazy\" decoding=\"async\" data-attachment-id=\"2083\" data-permalink=\"https:\/\/www.proantic.com\/magazine\/marqueterie-bois\/78365-2\/\" data-orig-file=\"https:\/\/i0.wp.com\/www.proantic.com\/magazine\/wp-content\/uploads\/2014\/08\/78365-2.jpg?fit=1152%2C581&amp;ssl=1\" data-orig-size=\"1152,581\" data-comments-opened=\"1\" data-image-meta=\"{&quot;aperture&quot;:&quot;0&quot;,&quot;credit&quot;:&quot;&quot;,&quot;camera&quot;:&quot;&quot;,&quot;caption&quot;:&quot;&quot;,&quot;created_timestamp&quot;:&quot;0&quot;,&quot;copyright&quot;:&quot;&quot;,&quot;focal_length&quot;:&quot;0&quot;,&quot;iso&quot;:&quot;0&quot;,&quot;shutter_speed&quot;:&quot;0&quot;,&quot;title&quot;:&quot;&quot;}\" data-image-title=\"Commode XVIII\u00e8me en marqueterie \u00e0 croix de malte\" data-image-description=\"\" data-image-caption=\"&lt;p&gt;Plateau de Commode XVIII\u00e8me en marqueterie \u00e0 croix de malte,  R\u00e9gion de Grenoble&lt;br \/&gt;\nGalerie P.Clostermann&lt;br \/&gt;\n(c)Proantic&lt;\/p&gt;\n\" data-medium-file=\"https:\/\/i0.wp.com\/www.proantic.com\/magazine\/wp-content\/uploads\/2014\/08\/78365-2.jpg?fit=300%2C151&amp;ssl=1\" data-large-file=\"https:\/\/i0.wp.com\/www.proantic.com\/magazine\/wp-content\/uploads\/2014\/08\/78365-2.jpg?fit=665%2C335&amp;ssl=1\" class=\"wp-image-2083 size-large\" src=\"https:\/\/i0.wp.com\/www.proantic.com\/magazine\/wp-content\/uploads\/2014\/08\/78365-2-1024x516.jpg?resize=620%2C312\" alt=\"Commode XVIII\u00e8me en marqueterie \u00e0 croix de malte\" width=\"620\" height=\"312\" srcset=\"https:\/\/i0.wp.com\/www.proantic.com\/magazine\/wp-content\/uploads\/2014\/08\/78365-2.jpg?resize=1024%2C516&amp;ssl=1 1024w, https:\/\/i0.wp.com\/www.proantic.com\/magazine\/wp-content\/uploads\/2014\/08\/78365-2.jpg?resize=300%2C151&amp;ssl=1 300w, https:\/\/i0.wp.com\/www.proantic.com\/magazine\/wp-content\/uploads\/2014\/08\/78365-2.jpg?resize=620%2C312&amp;ssl=1 620w, https:\/\/i0.wp.com\/www.proantic.com\/magazine\/wp-content\/uploads\/2014\/08\/78365-2.jpg?resize=940%2C474&amp;ssl=1 940w, https:\/\/i0.wp.com\/www.proantic.com\/magazine\/wp-content\/uploads\/2014\/08\/78365-2.jpg?w=1152&amp;ssl=1 1152w\" sizes=\"auto, (max-width: 620px) 100vw, 620px\" \/><\/a><figcaption id=\"caption-attachment-2083\" class=\"wp-caption-text\">Plateau de Commode XVIII\u00e8me en marqueterie \u00e0 croix de malte, R\u00e9gion de Grenoble<br \/> Galerie P.Clostermann<br \/> (c)Proantic<\/figcaption><\/figure>\n<h3>les principaux proc\u00e9d\u00e9s de la marqueterie sont :<\/h3>\n<p>&#8211;<strong> L&rsquo;incrustation (intarsia)<\/strong><\/p>\n<p style=\"text-align: justify\">\u00c0 l&rsquo;origine de la marqueterie, il y a l&rsquo;incrustation . Pratiqu\u00e9e dans la d\u00e9coration d&rsquo;objets en bois\u00a0\u00a0depuis le d\u00e9but de l antiquit\u00e9 Egyptienne, cette technique consiste \u00e0 creuser le bois pour y placer des morceaux d&rsquo;une autre mati\u00e8re (os,corne, ivoire, p\u00e2te de verre, pierre, galuchat&#8230;.) ou d&rsquo;une essence diff\u00e9rente. Cette technique d\u00e9corative fut tr\u00e8s utilis\u00e9e. Quoiqu&rsquo;utilis\u00e9e ponctuellement, l&rsquo;incrustation ne survivra pas \u00e0 l&rsquo; empire romain.<\/p>\n<figure id=\"attachment_2089\" aria-describedby=\"caption-attachment-2089\" style=\"width: 620px\" class=\"wp-caption aligncenter\"><a href=\"https:\/\/i0.wp.com\/www.proantic.com\/magazine\/wp-content\/uploads\/2014\/08\/53399-1.jpg\"><img data-recalc-dims=\"1\" loading=\"lazy\" decoding=\"async\" data-attachment-id=\"2089\" data-permalink=\"https:\/\/www.proantic.com\/magazine\/marqueterie-bois\/53399-1\/\" data-orig-file=\"https:\/\/i0.wp.com\/www.proantic.com\/magazine\/wp-content\/uploads\/2014\/08\/53399-1.jpg?fit=1200%2C900&amp;ssl=1\" data-orig-size=\"1200,900\" data-comments-opened=\"1\" data-image-meta=\"{&quot;aperture&quot;:&quot;0&quot;,&quot;credit&quot;:&quot;&quot;,&quot;camera&quot;:&quot;&quot;,&quot;caption&quot;:&quot;&quot;,&quot;created_timestamp&quot;:&quot;0&quot;,&quot;copyright&quot;:&quot;&quot;,&quot;focal_length&quot;:&quot;0&quot;,&quot;iso&quot;:&quot;0&quot;,&quot;shutter_speed&quot;:&quot;0&quot;,&quot;title&quot;:&quot;&quot;}\" data-image-title=\"53399-1\" data-image-description=\"\" data-image-caption=\"&lt;p&gt;Beau coffret de forme bomb\u00e9e, \u00e0 d\u00e9cor d&amp;rsquo;une vase de fleurs en incrustations.&lt;\/p&gt;\n\" data-medium-file=\"https:\/\/i0.wp.com\/www.proantic.com\/magazine\/wp-content\/uploads\/2014\/08\/53399-1.jpg?fit=300%2C225&amp;ssl=1\" data-large-file=\"https:\/\/i0.wp.com\/www.proantic.com\/magazine\/wp-content\/uploads\/2014\/08\/53399-1.jpg?fit=665%2C499&amp;ssl=1\" class=\"wp-image-2089 size-large\" src=\"https:\/\/i0.wp.com\/www.proantic.com\/magazine\/wp-content\/uploads\/2014\/08\/53399-1-1024x768.jpg?resize=620%2C465\" alt=\"Beau coffret de forme bomb\u00e9e, \u00e0 d\u00e9cor d'une vase de fleurs en incrustations.\" width=\"620\" height=\"465\" srcset=\"https:\/\/i0.wp.com\/www.proantic.com\/magazine\/wp-content\/uploads\/2014\/08\/53399-1.jpg?resize=1024%2C768&amp;ssl=1 1024w, https:\/\/i0.wp.com\/www.proantic.com\/magazine\/wp-content\/uploads\/2014\/08\/53399-1.jpg?resize=300%2C225&amp;ssl=1 300w, https:\/\/i0.wp.com\/www.proantic.com\/magazine\/wp-content\/uploads\/2014\/08\/53399-1.jpg?resize=620%2C465&amp;ssl=1 620w, https:\/\/i0.wp.com\/www.proantic.com\/magazine\/wp-content\/uploads\/2014\/08\/53399-1.jpg?resize=940%2C705&amp;ssl=1 940w, https:\/\/i0.wp.com\/www.proantic.com\/magazine\/wp-content\/uploads\/2014\/08\/53399-1.jpg?w=1200&amp;ssl=1 1200w\" sizes=\"auto, (max-width: 620px) 100vw, 620px\" \/><\/a><figcaption id=\"caption-attachment-2089\" class=\"wp-caption-text\">Beau coffret de forme bomb\u00e9e, \u00e0 d\u00e9cor d&rsquo;une vase de fleurs en incrustations. Antiquit\u00e9s Guillemette Vernay Chantrel (c) Proantic<\/figcaption><\/figure>\n<p style=\"text-align: justify\">C&rsquo;est au XIV\u00e8me si\u00e8cle\u00a0que les Italiens r\u00e9utilisent \u00a0cette technique l&rsquo;intarsia ( marqueterie par incrustation) pour orner les meubles plaqu\u00e9s de bois \u00a0de nacre ou encore d&rsquo;os.\u00a0Ces combinaisons d&rsquo;essences de bois et de mat\u00e9riaux forment des frises ou des tableaux. Ainsi on retrouve l&rsquo;appellation de \u00ab\u00a0peinture en bois\u00a0\u00bb pour d\u00e9signer ces marqueteries.\u00a0La marqueterie connut aux 15 \u00e8me\u00a0et 16\u00e8me\u00a0si\u00e8cles un essor gr\u00e2ce aux essences rares que rapportaient les navigateurs de leurs voyages lointains.<\/p>\n<figure id=\"attachment_2087\" aria-describedby=\"caption-attachment-2087\" style=\"width: 620px\" class=\"wp-caption aligncenter\"><a href=\"https:\/\/i0.wp.com\/www.proantic.com\/magazine\/wp-content\/uploads\/2014\/08\/76670-2.jpg\"><img data-recalc-dims=\"1\" loading=\"lazy\" decoding=\"async\" data-attachment-id=\"2087\" data-permalink=\"https:\/\/www.proantic.com\/magazine\/marqueterie-bois\/76670-2\/\" data-orig-file=\"https:\/\/i0.wp.com\/www.proantic.com\/magazine\/wp-content\/uploads\/2014\/08\/76670-2.jpg?fit=1200%2C800&amp;ssl=1\" data-orig-size=\"1200,800\" data-comments-opened=\"1\" data-image-meta=\"{&quot;aperture&quot;:&quot;0&quot;,&quot;credit&quot;:&quot;&quot;,&quot;camera&quot;:&quot;&quot;,&quot;caption&quot;:&quot;&quot;,&quot;created_timestamp&quot;:&quot;0&quot;,&quot;copyright&quot;:&quot;&quot;,&quot;focal_length&quot;:&quot;0&quot;,&quot;iso&quot;:&quot;0&quot;,&quot;shutter_speed&quot;:&quot;0&quot;,&quot;title&quot;:&quot;&quot;}\" data-image-title=\"Coffret \u00e9poque Directoire, En Marqueterie Intarsia Sur Acajou\" data-image-description=\"\" data-image-caption=\"&lt;p&gt;Coffret \u00e9poque Directoire, En Marqueterie Intarsia Sur Acajou&lt;\/p&gt;\n\" data-medium-file=\"https:\/\/i0.wp.com\/www.proantic.com\/magazine\/wp-content\/uploads\/2014\/08\/76670-2.jpg?fit=300%2C200&amp;ssl=1\" data-large-file=\"https:\/\/i0.wp.com\/www.proantic.com\/magazine\/wp-content\/uploads\/2014\/08\/76670-2.jpg?fit=665%2C443&amp;ssl=1\" class=\"wp-image-2087 size-large\" src=\"https:\/\/i0.wp.com\/www.proantic.com\/magazine\/wp-content\/uploads\/2014\/08\/76670-2-1024x682.jpg?resize=620%2C412\" alt=\"Coffret \u00e9poque Directoire, En Marqueterie Intarsia Sur Acajou\" width=\"620\" height=\"412\" srcset=\"https:\/\/i0.wp.com\/www.proantic.com\/magazine\/wp-content\/uploads\/2014\/08\/76670-2.jpg?resize=1024%2C682&amp;ssl=1 1024w, https:\/\/i0.wp.com\/www.proantic.com\/magazine\/wp-content\/uploads\/2014\/08\/76670-2.jpg?resize=300%2C200&amp;ssl=1 300w, https:\/\/i0.wp.com\/www.proantic.com\/magazine\/wp-content\/uploads\/2014\/08\/76670-2.jpg?resize=620%2C413&amp;ssl=1 620w, https:\/\/i0.wp.com\/www.proantic.com\/magazine\/wp-content\/uploads\/2014\/08\/76670-2.jpg?resize=192%2C128&amp;ssl=1 192w, https:\/\/i0.wp.com\/www.proantic.com\/magazine\/wp-content\/uploads\/2014\/08\/76670-2.jpg?resize=940%2C626&amp;ssl=1 940w, https:\/\/i0.wp.com\/www.proantic.com\/magazine\/wp-content\/uploads\/2014\/08\/76670-2.jpg?w=1200&amp;ssl=1 1200w\" sizes=\"auto, (max-width: 620px) 100vw, 620px\" \/><\/a><figcaption id=\"caption-attachment-2087\" class=\"wp-caption-text\">Coffret \u00e9poque Directoire, En Marqueterie Intarsia Sur Acajou. Atelier Thuret (c) Proantic<\/figcaption><\/figure>\n<p style=\"text-align: justify\"><strong>&#8211; le frisage<\/strong><\/p>\n<p style=\"text-align: justify\">Le proc\u00e9d\u00e9 du frisage\u00a0date du XVII\u00e8me si\u00e8cle et reste pr\u00e9sent encore aujourd\u2019hui dans les travaux d\u2019\u00e9b\u00e9nisterie et de menuiserie fine. Les d\u00e9cors fris\u00e9s sont compos\u00e9s de motifs g\u00e9n\u00e9ralement rectilignes d\u00e9coup\u00e9s \u00e0 la tranche, \u00e0 la scie circulaire ou \u00e0 l\u2019aide de couteaux simples. Les compositions pr\u00e9sentent des effets g\u00e9om\u00e9triques en forme de carr\u00e9, losange, soleil, \u00ab V \u00bb, cube, damier, entrelacs ou chevron. La direction du veinage du bois souligne l\u2019effet d\u00e9coratif recherch\u00e9.<\/p>\n<figure id=\"attachment_2084\" aria-describedby=\"caption-attachment-2084\" style=\"width: 487px\" class=\"wp-caption aligncenter\"><a href=\"https:\/\/i0.wp.com\/www.proantic.com\/magazine\/wp-content\/uploads\/2014\/08\/dkslmpop.jpg\"><img data-recalc-dims=\"1\" loading=\"lazy\" decoding=\"async\" data-attachment-id=\"2084\" data-permalink=\"https:\/\/www.proantic.com\/magazine\/marqueterie-bois\/dkslmpop\/\" data-orig-file=\"https:\/\/i0.wp.com\/www.proantic.com\/magazine\/wp-content\/uploads\/2014\/08\/dkslmpop.jpg?fit=487%2C672&amp;ssl=1\" data-orig-size=\"487,672\" data-comments-opened=\"1\" data-image-meta=\"{&quot;aperture&quot;:&quot;0&quot;,&quot;credit&quot;:&quot;Celine&quot;,&quot;camera&quot;:&quot;&quot;,&quot;caption&quot;:&quot;&quot;,&quot;created_timestamp&quot;:&quot;1408790107&quot;,&quot;copyright&quot;:&quot;&quot;,&quot;focal_length&quot;:&quot;0&quot;,&quot;iso&quot;:&quot;0&quot;,&quot;shutter_speed&quot;:&quot;0&quot;,&quot;title&quot;:&quot;&quot;}\" data-image-title=\"Secr\u00e9taire d&amp;rsquo;\u00e9poque Transition \u00e0 marqueterie de cubes sans fonds\" data-image-description=\"\" data-image-caption=\"&lt;p&gt;Secr\u00e9taire d&amp;rsquo;\u00e9poque Transition \u00e0 marqueterie de cubes sans fonds.&lt;br \/&gt;\nGalerie Franck Gonnetan(c) Proantic&lt;\/p&gt;\n\" data-medium-file=\"https:\/\/i0.wp.com\/www.proantic.com\/magazine\/wp-content\/uploads\/2014\/08\/dkslmpop.jpg?fit=217%2C300&amp;ssl=1\" data-large-file=\"https:\/\/i0.wp.com\/www.proantic.com\/magazine\/wp-content\/uploads\/2014\/08\/dkslmpop.jpg?fit=487%2C672&amp;ssl=1\" class=\"size-full wp-image-2084\" src=\"https:\/\/i0.wp.com\/www.proantic.com\/magazine\/wp-content\/uploads\/2014\/08\/dkslmpop.jpg?resize=487%2C672\" alt=\"Secr\u00e9taire d'\u00e9poque Transition \u00e0 marqueterie de cubes sans fonds\" width=\"487\" height=\"672\" srcset=\"https:\/\/i0.wp.com\/www.proantic.com\/magazine\/wp-content\/uploads\/2014\/08\/dkslmpop.jpg?w=487&amp;ssl=1 487w, https:\/\/i0.wp.com\/www.proantic.com\/magazine\/wp-content\/uploads\/2014\/08\/dkslmpop.jpg?resize=217%2C300&amp;ssl=1 217w\" sizes=\"auto, (max-width: 487px) 100vw, 487px\" \/><\/a><figcaption id=\"caption-attachment-2084\" class=\"wp-caption-text\">Secr\u00e9taire d&rsquo;\u00e9poque Transition \u00e0 marqueterie de cubes sans fonds.<br \/>Galerie Franck Gonnetan(c) Proantic<\/figcaption><\/figure>\n<p><strong>&#8211; la technique Boulle (par superposition)<\/strong><\/p>\n<p style=\"text-align: justify\">Au XVII\u00e8me si\u00e8cle la marqueterie s&rsquo;est r\u00e9pandue dans toute l&rsquo;Europe. La marqueterie se perfectionne en Allemagne\u00a0notamment. En France\u00a0, c&rsquo;est <strong>Andr\u00e9e charles Boulle<\/strong>, \u00a0ma\u00eetre \u00e9b\u00e9niste\u00a0\u00a0qui d\u00e9veloppa une technique existante la\u00a0<i>Tarsia a incastro<\/i>\u00a0qui r\u00e9volutionna la pratique de la marqueterie.<\/p>\n<figure id=\"attachment_2088\" aria-describedby=\"caption-attachment-2088\" style=\"width: 620px\" class=\"wp-caption aligncenter\"><a href=\"https:\/\/i0.wp.com\/www.proantic.com\/magazine\/wp-content\/uploads\/2014\/08\/67244-1.jpg\"><img data-recalc-dims=\"1\" loading=\"lazy\" decoding=\"async\" data-attachment-id=\"2088\" data-permalink=\"https:\/\/www.proantic.com\/magazine\/marqueterie-bois\/67244-1\/\" data-orig-file=\"https:\/\/i0.wp.com\/www.proantic.com\/magazine\/wp-content\/uploads\/2014\/08\/67244-1.jpg?fit=1200%2C900&amp;ssl=1\" data-orig-size=\"1200,900\" data-comments-opened=\"1\" data-image-meta=\"{&quot;aperture&quot;:&quot;0&quot;,&quot;credit&quot;:&quot;&quot;,&quot;camera&quot;:&quot;&quot;,&quot;caption&quot;:&quot;&quot;,&quot;created_timestamp&quot;:&quot;0&quot;,&quot;copyright&quot;:&quot;&quot;,&quot;focal_length&quot;:&quot;0&quot;,&quot;iso&quot;:&quot;0&quot;,&quot;shutter_speed&quot;:&quot;0&quot;,&quot;title&quot;:&quot;&quot;}\" data-image-title=\"Grand Coffre Napoleon III En Marqueterie Boulle\" data-image-description=\"\" data-image-caption=\"&lt;p&gt;Grand Coffre Napoleon III En Marqueterie Boulle.&lt;br \/&gt;\nGalerie Loft Antiq (c) Proantic&lt;\/p&gt;\n\" data-medium-file=\"https:\/\/i0.wp.com\/www.proantic.com\/magazine\/wp-content\/uploads\/2014\/08\/67244-1.jpg?fit=300%2C225&amp;ssl=1\" data-large-file=\"https:\/\/i0.wp.com\/www.proantic.com\/magazine\/wp-content\/uploads\/2014\/08\/67244-1.jpg?fit=665%2C499&amp;ssl=1\" class=\"wp-image-2088 size-large\" src=\"https:\/\/i0.wp.com\/www.proantic.com\/magazine\/wp-content\/uploads\/2014\/08\/67244-1-1024x768.jpg?resize=620%2C465\" alt=\"Grand Coffre Napoleon III En Marqueterie Boulle\" width=\"620\" height=\"465\" srcset=\"https:\/\/i0.wp.com\/www.proantic.com\/magazine\/wp-content\/uploads\/2014\/08\/67244-1.jpg?resize=1024%2C768&amp;ssl=1 1024w, https:\/\/i0.wp.com\/www.proantic.com\/magazine\/wp-content\/uploads\/2014\/08\/67244-1.jpg?resize=300%2C225&amp;ssl=1 300w, https:\/\/i0.wp.com\/www.proantic.com\/magazine\/wp-content\/uploads\/2014\/08\/67244-1.jpg?resize=620%2C465&amp;ssl=1 620w, https:\/\/i0.wp.com\/www.proantic.com\/magazine\/wp-content\/uploads\/2014\/08\/67244-1.jpg?resize=940%2C705&amp;ssl=1 940w, https:\/\/i0.wp.com\/www.proantic.com\/magazine\/wp-content\/uploads\/2014\/08\/67244-1.jpg?w=1200&amp;ssl=1 1200w\" sizes=\"auto, (max-width: 620px) 100vw, 620px\" \/><\/a><figcaption id=\"caption-attachment-2088\" class=\"wp-caption-text\">Grand Coffre Napoleon III En Marqueterie Boulle.<br \/> Galerie Loft Antiq (c) Proantic<\/figcaption><\/figure>\n<p style=\"text-align: justify\">Dans cette m\u00e9thode, tous les placages sont superpos\u00e9s dans un paquet. Ensuite, vient le d\u00e9coupage de chaque forme \u00e0 la scie \u00e0 chantourner\u00a0dite\u00a0<i>bocfil<\/i>\u00a0ou au \u00ab\u00a0chevalet de marqueteur\u00a0\u00bb qui poss\u00e8de une lame tr\u00e8s fine\u00a0; on d\u00e9coupe l&rsquo;ensemble \u00e0 la scie \u00e0 d\u00e9couper. On obtient, lors du montage, le plaquage clair qui s&rsquo;incruste dans le bois fonc\u00e9 et vice-versa(appel\u00e9 partie et contre-partie). La \u00ab\u00a0marqueterie Boulle\u00a0\u00bb introduit aussi une nouvelle sp\u00e9cialit\u00e9\u00a0: l&rsquo;incrustation d &lsquo;\u00e9caille de tortue.<\/p>\n<figure id=\"attachment_2086\" aria-describedby=\"caption-attachment-2086\" style=\"width: 620px\" class=\"wp-caption aligncenter\"><a href=\"https:\/\/i0.wp.com\/www.proantic.com\/magazine\/wp-content\/uploads\/2014\/08\/76431-1.jpg\"><img data-recalc-dims=\"1\" loading=\"lazy\" decoding=\"async\" data-attachment-id=\"2086\" data-permalink=\"https:\/\/www.proantic.com\/magazine\/marqueterie-bois\/76431-1\/\" data-orig-file=\"https:\/\/i0.wp.com\/www.proantic.com\/magazine\/wp-content\/uploads\/2014\/08\/76431-1.jpg?fit=1200%2C900&amp;ssl=1\" data-orig-size=\"1200,900\" data-comments-opened=\"1\" data-image-meta=\"{&quot;aperture&quot;:&quot;0&quot;,&quot;credit&quot;:&quot;&quot;,&quot;camera&quot;:&quot;&quot;,&quot;caption&quot;:&quot;&quot;,&quot;created_timestamp&quot;:&quot;0&quot;,&quot;copyright&quot;:&quot;&quot;,&quot;focal_length&quot;:&quot;0&quot;,&quot;iso&quot;:&quot;0&quot;,&quot;shutter_speed&quot;:&quot;0&quot;,&quot;title&quot;:&quot;&quot;}\" data-image-title=\"Table \u00e0 jeux  Napol\u00e9on III en \u00e9caille de tortue rouge et laiton cisel\u00e9.\" data-image-description=\"\" data-image-caption=\"&lt;p&gt;Table \u00e0 jeux  Napol\u00e9on III en \u00e9caille de tortue rouge et laiton cisel\u00e9.&lt;br \/&gt;\nGalerie L&amp;rsquo;art du temps (c) Proantic&lt;\/p&gt;\n\" data-medium-file=\"https:\/\/i0.wp.com\/www.proantic.com\/magazine\/wp-content\/uploads\/2014\/08\/76431-1.jpg?fit=300%2C225&amp;ssl=1\" data-large-file=\"https:\/\/i0.wp.com\/www.proantic.com\/magazine\/wp-content\/uploads\/2014\/08\/76431-1.jpg?fit=665%2C499&amp;ssl=1\" class=\"wp-image-2086 size-large\" src=\"https:\/\/i0.wp.com\/www.proantic.com\/magazine\/wp-content\/uploads\/2014\/08\/76431-1-1024x768.jpg?resize=620%2C465\" alt=\"Table \u00e0 jeux  Napol\u00e9on III en \u00e9caille de tortue rouge et laiton cisel\u00e9.\" width=\"620\" height=\"465\" srcset=\"https:\/\/i0.wp.com\/www.proantic.com\/magazine\/wp-content\/uploads\/2014\/08\/76431-1.jpg?resize=1024%2C768&amp;ssl=1 1024w, https:\/\/i0.wp.com\/www.proantic.com\/magazine\/wp-content\/uploads\/2014\/08\/76431-1.jpg?resize=300%2C225&amp;ssl=1 300w, https:\/\/i0.wp.com\/www.proantic.com\/magazine\/wp-content\/uploads\/2014\/08\/76431-1.jpg?resize=620%2C465&amp;ssl=1 620w, https:\/\/i0.wp.com\/www.proantic.com\/magazine\/wp-content\/uploads\/2014\/08\/76431-1.jpg?resize=940%2C705&amp;ssl=1 940w, https:\/\/i0.wp.com\/www.proantic.com\/magazine\/wp-content\/uploads\/2014\/08\/76431-1.jpg?w=1200&amp;ssl=1 1200w\" sizes=\"auto, (max-width: 620px) 100vw, 620px\" \/><\/a><figcaption id=\"caption-attachment-2086\" class=\"wp-caption-text\">Table \u00e0 jeux Napol\u00e9on III en \u00e9caille de tortue rouge et laiton cisel\u00e9.<br \/> Galerie L&rsquo;art du temps (c) Proantic<\/figcaption><\/figure>\n<p><strong>&#8211; La technique \u00ab \u00e9l\u00e9ment par \u00e9l\u00e9ment \u00bb<\/strong><\/p>\n<p style=\"text-align: justify\">Le proc\u00e9d\u00e9 \u00ab \u00e9l\u00e9ment par \u00e9l\u00e9ment \u00bb est la plus utilis\u00e9e par les \u00e9b\u00e9nistes et les marqueteurs. Elle est complexe et demande plusieurs \u00e9tapes pour la r\u00e9alisation des marqueteries. Contrairement \u00e0 la m\u00e9thode Boulle, cette derni\u00e8re offre la possibilit\u00e9 de produire plusieurs marqueteries d\u2019un m\u00eame motif. Elle exige une grande pr\u00e9cision lors du d\u00e9coupage d\u00fb au fait que la partie \u00ab m\u00e2le \u00bb et la partie \u00ab femelle \u00bb (\u00e9l\u00e9ments et fond) sont d\u00e9coup\u00e9s en 2 temps bien distincts.<\/p>\n<figure id=\"attachment_2082\" aria-describedby=\"caption-attachment-2082\" style=\"width: 620px\" class=\"wp-caption aligncenter\"><a href=\"https:\/\/i0.wp.com\/www.proantic.com\/magazine\/wp-content\/uploads\/2014\/08\/72764-2-1.jpg\"><img data-recalc-dims=\"1\" loading=\"lazy\" decoding=\"async\" data-attachment-id=\"2082\" data-permalink=\"https:\/\/www.proantic.com\/magazine\/marqueterie-bois\/72764-2-1\/\" data-orig-file=\"https:\/\/i0.wp.com\/www.proantic.com\/magazine\/wp-content\/uploads\/2014\/08\/72764-2-1.jpg?fit=1200%2C675&amp;ssl=1\" data-orig-size=\"1200,675\" data-comments-opened=\"1\" data-image-meta=\"{&quot;aperture&quot;:&quot;0&quot;,&quot;credit&quot;:&quot;&quot;,&quot;camera&quot;:&quot;&quot;,&quot;caption&quot;:&quot;&quot;,&quot;created_timestamp&quot;:&quot;0&quot;,&quot;copyright&quot;:&quot;&quot;,&quot;focal_length&quot;:&quot;0&quot;,&quot;iso&quot;:&quot;0&quot;,&quot;shutter_speed&quot;:&quot;0&quot;,&quot;title&quot;:&quot;&quot;}\" data-image-title=\"Commode Louis XVI d\u00e9cors marquet\u00e9s aux instruments de musiques \" data-image-description=\"\" data-image-caption=\"&lt;p&gt;Commode Louis XVI d\u00e9cors marquet\u00e9s aux instruments de musiques et bouquets fleuris.&lt;br \/&gt;\nGalerie Rubis (c) Proantic&lt;\/p&gt;\n\" data-medium-file=\"https:\/\/i0.wp.com\/www.proantic.com\/magazine\/wp-content\/uploads\/2014\/08\/72764-2-1.jpg?fit=300%2C168&amp;ssl=1\" data-large-file=\"https:\/\/i0.wp.com\/www.proantic.com\/magazine\/wp-content\/uploads\/2014\/08\/72764-2-1.jpg?fit=665%2C374&amp;ssl=1\" class=\"wp-image-2082 size-large\" src=\"https:\/\/i0.wp.com\/www.proantic.com\/magazine\/wp-content\/uploads\/2014\/08\/72764-2-1-1024x576.jpg?resize=620%2C348\" alt=\"Commode Louis XVI d\u00e9cors marquet\u00e9s aux instruments de musiques \" width=\"620\" height=\"348\" srcset=\"https:\/\/i0.wp.com\/www.proantic.com\/magazine\/wp-content\/uploads\/2014\/08\/72764-2-1.jpg?resize=1024%2C576&amp;ssl=1 1024w, https:\/\/i0.wp.com\/www.proantic.com\/magazine\/wp-content\/uploads\/2014\/08\/72764-2-1.jpg?resize=300%2C168&amp;ssl=1 300w, https:\/\/i0.wp.com\/www.proantic.com\/magazine\/wp-content\/uploads\/2014\/08\/72764-2-1.jpg?resize=620%2C348&amp;ssl=1 620w, https:\/\/i0.wp.com\/www.proantic.com\/magazine\/wp-content\/uploads\/2014\/08\/72764-2-1.jpg?resize=940%2C528&amp;ssl=1 940w, https:\/\/i0.wp.com\/www.proantic.com\/magazine\/wp-content\/uploads\/2014\/08\/72764-2-1.jpg?w=1200&amp;ssl=1 1200w\" sizes=\"auto, (max-width: 620px) 100vw, 620px\" \/><\/a><figcaption id=\"caption-attachment-2082\" class=\"wp-caption-text\">Commode Louis XVI d\u00e9cors marquet\u00e9s aux instruments de musiques et bouquets fleuris.<br \/> Galerie Rubis (c) Proantic<\/figcaption><\/figure>\n<p style=\"text-align: justify\">La technique \u00ab\u00a0\u00e9l\u00e9ment par \u00e9l\u00e9ment\u00a0\u00bb permet de d\u00e9couper plusieurs \u00e9paisseurs en m\u00eame temps, de 2 \u00e0 6 avec du placage sci\u00e9, jusqu&rsquo;\u00e0 12 avec du placage tranch\u00e9.<br \/>\nUn paquet est constitu\u00e9 de placages de m\u00eame essences, superpos\u00e9s et maintenus par rivetage, puis on vient coller le dessin de chaque pi\u00e8ce \u00e0 d\u00e9couper sur le paquet.\u00a0Les placages formant le fond sont pr\u00e9par\u00e9s de la m\u00eame fa\u00e7on.<\/p>\n<p style=\"text-align: justify\">La d\u00e9coupe en plusieurs \u00e9paisseurs est faite, soit au chevalet, soit \u00e0 la scie m\u00e9canique. Toutes les pi\u00e8ces de placage une fois d\u00e9coup\u00e9es sont plac\u00e9es dans une tablette dans la position du motif.\u00a0Si plusieurs pi\u00e8ces se ressemblent, elles seront num\u00e9rot\u00e9es au pr\u00e9alable sur le dessin.<\/p>\n<figure id=\"attachment_2085\" aria-describedby=\"caption-attachment-2085\" style=\"width: 620px\" class=\"wp-caption aligncenter\"><a href=\"https:\/\/i0.wp.com\/www.proantic.com\/magazine\/wp-content\/uploads\/2014\/08\/61864-1.jpg\"><img data-recalc-dims=\"1\" loading=\"lazy\" decoding=\"async\" data-attachment-id=\"2085\" data-permalink=\"https:\/\/www.proantic.com\/magazine\/marqueterie-bois\/61864-1\/\" data-orig-file=\"https:\/\/i0.wp.com\/www.proantic.com\/magazine\/wp-content\/uploads\/2014\/08\/61864-1.jpg?fit=1200%2C1200&amp;ssl=1\" data-orig-size=\"1200,1200\" data-comments-opened=\"1\" data-image-meta=\"{&quot;aperture&quot;:&quot;4.5&quot;,&quot;credit&quot;:&quot;&quot;,&quot;camera&quot;:&quot;Canon PowerShot S110&quot;,&quot;caption&quot;:&quot;&quot;,&quot;created_timestamp&quot;:&quot;1394537534&quot;,&quot;copyright&quot;:&quot;&quot;,&quot;focal_length&quot;:&quot;14.579&quot;,&quot;iso&quot;:&quot;1600&quot;,&quot;shutter_speed&quot;:&quot;0.1&quot;,&quot;title&quot;:&quot;&quot;}\" data-image-title=\"Bureau de pente dit \u00ab\u00a0dos d&amp;rsquo;\u00e2ne\u00a0\u00bb  en marqueterie \u00e0 d\u00e9cor de fleurs et d&amp;rsquo;oiseau.\" data-image-description=\"\" data-image-caption=\"&lt;p&gt;Bureau de pente dit \u00ab\u00a0dos d&amp;rsquo;\u00e2ne\u00a0\u00bb  en marqueterie \u00e0 d\u00e9cor de fleurs et d&amp;rsquo;oiseau.&lt;br \/&gt;\nGalerie Laurent Chalvignac (c) Proantic&lt;\/p&gt;\n\" data-medium-file=\"https:\/\/i0.wp.com\/www.proantic.com\/magazine\/wp-content\/uploads\/2014\/08\/61864-1.jpg?fit=300%2C300&amp;ssl=1\" data-large-file=\"https:\/\/i0.wp.com\/www.proantic.com\/magazine\/wp-content\/uploads\/2014\/08\/61864-1.jpg?fit=665%2C665&amp;ssl=1\" class=\"wp-image-2085 size-large\" src=\"https:\/\/i0.wp.com\/www.proantic.com\/magazine\/wp-content\/uploads\/2014\/08\/61864-1-1024x1024.jpg?resize=620%2C620\" alt=\"Bureau de pente dit &quot;dos d'\u00e2ne&quot;  en marqueterie \u00e0 d\u00e9cor de fleurs et d'oiseau.\" width=\"620\" height=\"620\" srcset=\"https:\/\/i0.wp.com\/www.proantic.com\/magazine\/wp-content\/uploads\/2014\/08\/61864-1.jpg?resize=1024%2C1024&amp;ssl=1 1024w, https:\/\/i0.wp.com\/www.proantic.com\/magazine\/wp-content\/uploads\/2014\/08\/61864-1.jpg?resize=150%2C150&amp;ssl=1 150w, https:\/\/i0.wp.com\/www.proantic.com\/magazine\/wp-content\/uploads\/2014\/08\/61864-1.jpg?resize=300%2C300&amp;ssl=1 300w, https:\/\/i0.wp.com\/www.proantic.com\/magazine\/wp-content\/uploads\/2014\/08\/61864-1.jpg?resize=620%2C620&amp;ssl=1 620w, https:\/\/i0.wp.com\/www.proantic.com\/magazine\/wp-content\/uploads\/2014\/08\/61864-1.jpg?resize=940%2C940&amp;ssl=1 940w, https:\/\/i0.wp.com\/www.proantic.com\/magazine\/wp-content\/uploads\/2014\/08\/61864-1.jpg?w=1200&amp;ssl=1 1200w\" sizes=\"auto, (max-width: 620px) 100vw, 620px\" \/><\/a><figcaption id=\"caption-attachment-2085\" class=\"wp-caption-text\">Bureau de pente dit \u00ab\u00a0dos d&rsquo;\u00e2ne\u00a0\u00bb en marqueterie \u00e0 d\u00e9cor de fleurs et d&rsquo;oiseau.<br \/> Galerie Laurent Chalvignac (c) Proantic<\/figcaption><\/figure>\n<p style=\"text-align: justify\">Pour donner du relief au motif, le marqueteur ombre certaines pi\u00e8ces avec du sable chaud et il peut utiliser\u00a0 la gravure au burin pour donner du model\u00e9.\u00a0L&rsquo;assemblage des diff\u00e9rentes pi\u00e8ces de la marqueterie \u00a0s&rsquo;apparente au montage d&rsquo;un puzzle, \u00a0les marqueteries ainsi reconstitu\u00e9es sont coll\u00e9es sur le meuble qu&rsquo;elles d\u00e9corent.<\/p>\n","protected":false},"excerpt":{"rendered":"<p>Travail d\u00e9coratif sur des meubles et le collage de minces feuilles de bois d&rsquo;essences et de couleurs vari\u00e9es. La marqueterie, dont le proc\u00e9d\u00e9 d\u00e9rive de l&rsquo;intarsia italienne, elle- m\u00eame h\u00e9rit\u00e9e des incrustations syriennes d\u00e9couvertes par les crois\u00e9s au XI\u00e8me si\u00e8cles, devient avec le d\u00e9veloppement du placage une technique de d\u00e9coration de meuble tr\u00e8s importante. <\/p>\n","protected":false},"author":6,"featured_media":2090,"comment_status":"closed","ping_status":"open","sticky":false,"template":"","format":"standard","meta":{"jetpack_post_was_ever_published":false,"_jetpack_newsletter_access":"","_jetpack_dont_email_post_to_subs":false,"_jetpack_newsletter_tier_id":0,"_jetpack_memberships_contains_paywalled_content":false,"_jetpack_memberships_contains_paid_content":false,"footnotes":"","jetpack_publicize_message":"","jetpack_publicize_feature_enabled":true,"jetpack_social_post_already_shared":true,"jetpack_social_options":{"image_generator_settings":{"template":"highway","default_image_id":0,"font":"","enabled":false},"version":2}},"categories":[180],"tags":[162,354,355,111],"class_list":["post-2054","post","type-post","status-publish","format-standard","has-post-thumbnail","hentry","category-arts-decoratifs-proantic","tag-andre-charles-boulle","tag-frisage","tag-incrustation","tag-marqueterie"],"yoast_head":"<!-- This site is optimized with the Yoast SEO plugin v26.9 - https:\/\/yoast.com\/product\/yoast-seo-wordpress\/ -->\n<title>Les proc\u00e9d\u00e9s de la marqueterie Le Magazine de Proantic<\/title>\n<meta name=\"description\" content=\"Travail d\u00e9coratif sur des meubles et le collage de minces feuilles de bois d&#039;essences et de couleurs vari\u00e9es. La marqueterie, dont le proc\u00e9d\u00e9 d\u00e9rive de l&#039;intarsia italienne, elle- m\u00eame h\u00e9rit\u00e9e des incrustations syriennes d\u00e9couvertes par les crois\u00e9s au XI\u00e8me si\u00e8cles, devient avec le d\u00e9veloppement du placage une technique de d\u00e9coration de meuble tr\u00e8s importante.\" \/>\n<meta name=\"robots\" content=\"index, follow, max-snippet:-1, max-image-preview:large, max-video-preview:-1\" \/>\n<link rel=\"canonical\" href=\"https:\/\/www.proantic.com\/magazine\/marqueterie-bois\/\" \/>\n<meta property=\"og:locale\" content=\"fr_FR\" \/>\n<meta property=\"og:type\" content=\"article\" \/>\n<meta property=\"og:title\" content=\"Les proc\u00e9d\u00e9s de la marqueterie Le Magazine de Proantic\" \/>\n<meta property=\"og:description\" content=\"Travail d\u00e9coratif sur des meubles et le collage de minces feuilles de bois d&#039;essences et de couleurs vari\u00e9es. La marqueterie, dont le proc\u00e9d\u00e9 d\u00e9rive de l&#039;intarsia italienne, elle- m\u00eame h\u00e9rit\u00e9e des incrustations syriennes d\u00e9couvertes par les crois\u00e9s au XI\u00e8me si\u00e8cles, devient avec le d\u00e9veloppement du placage une technique de d\u00e9coration de meuble tr\u00e8s importante.\" \/>\n<meta property=\"og:url\" content=\"https:\/\/www.proantic.com\/magazine\/marqueterie-bois\/\" \/>\n<meta property=\"og:site_name\" content=\"Le Magazine de Proantic\" \/>\n<meta property=\"article:publisher\" content=\"https:\/\/www.facebook.com\/pages\/Proantic\/\/259180871793\" \/>\n<meta property=\"article:published_time\" content=\"2014-08-23T09:27:55+00:00\" \/>\n<meta property=\"article:modified_time\" content=\"2017-12-18T08:00:41+00:00\" \/>\n<meta property=\"og:image\" content=\"https:\/\/i0.wp.com\/www.proantic.com\/magazine\/wp-content\/uploads\/2014\/08\/oplmp.jpg?fit=689%2C458&ssl=1\" \/>\n\t<meta property=\"og:image:width\" content=\"689\" \/>\n\t<meta property=\"og:image:height\" content=\"458\" \/>\n\t<meta property=\"og:image:type\" content=\"image\/jpeg\" \/>\n<meta name=\"author\" content=\"C\u00e9line Autant\" \/>\n<meta name=\"twitter:label1\" content=\"\u00c9crit par\" \/>\n\t<meta name=\"twitter:data1\" content=\"C\u00e9line Autant\" \/>\n\t<meta name=\"twitter:label2\" content=\"Dur\u00e9e de lecture estim\u00e9e\" \/>\n\t<meta name=\"twitter:data2\" content=\"5 minutes\" \/>\n<script type=\"application\/ld+json\" class=\"yoast-schema-graph\">{\"@context\":\"https:\/\/schema.org\",\"@graph\":[{\"@type\":\"Article\",\"@id\":\"https:\/\/www.proantic.com\/magazine\/marqueterie-bois\/#article\",\"isPartOf\":{\"@id\":\"https:\/\/www.proantic.com\/magazine\/marqueterie-bois\/\"},\"author\":{\"name\":\"C\u00e9line Autant\",\"@id\":\"https:\/\/www.proantic.com\/magazine\/#\/schema\/person\/63707e8f4e7d0172de7ddde897688be0\"},\"headline\":\"Les proc\u00e9d\u00e9s de la marqueterie\",\"datePublished\":\"2014-08-23T09:27:55+00:00\",\"dateModified\":\"2017-12-18T08:00:41+00:00\",\"mainEntityOfPage\":{\"@id\":\"https:\/\/www.proantic.com\/magazine\/marqueterie-bois\/\"},\"wordCount\":1026,\"image\":{\"@id\":\"https:\/\/www.proantic.com\/magazine\/marqueterie-bois\/#primaryimage\"},\"thumbnailUrl\":\"https:\/\/i0.wp.com\/www.proantic.com\/magazine\/wp-content\/uploads\/2014\/08\/oplmp.jpg?fit=689%2C458&ssl=1\",\"keywords\":[\"andr\u00e9 charles boulle\",\"frisage\",\"incrustation\",\"marqueterie\"],\"articleSection\":[\"Arts d\u00e9coratifs sur Proantic\"],\"inLanguage\":\"fr-FR\"},{\"@type\":\"WebPage\",\"@id\":\"https:\/\/www.proantic.com\/magazine\/marqueterie-bois\/\",\"url\":\"https:\/\/www.proantic.com\/magazine\/marqueterie-bois\/\",\"name\":\"Les proc\u00e9d\u00e9s de la marqueterie Le Magazine de Proantic\",\"isPartOf\":{\"@id\":\"https:\/\/www.proantic.com\/magazine\/#website\"},\"primaryImageOfPage\":{\"@id\":\"https:\/\/www.proantic.com\/magazine\/marqueterie-bois\/#primaryimage\"},\"image\":{\"@id\":\"https:\/\/www.proantic.com\/magazine\/marqueterie-bois\/#primaryimage\"},\"thumbnailUrl\":\"https:\/\/i0.wp.com\/www.proantic.com\/magazine\/wp-content\/uploads\/2014\/08\/oplmp.jpg?fit=689%2C458&ssl=1\",\"datePublished\":\"2014-08-23T09:27:55+00:00\",\"dateModified\":\"2017-12-18T08:00:41+00:00\",\"author\":{\"@id\":\"https:\/\/www.proantic.com\/magazine\/#\/schema\/person\/63707e8f4e7d0172de7ddde897688be0\"},\"description\":\"Travail d\u00e9coratif sur des meubles et le collage de minces feuilles de bois d'essences et de couleurs vari\u00e9es. La marqueterie, dont le proc\u00e9d\u00e9 d\u00e9rive de l'intarsia italienne, elle- m\u00eame h\u00e9rit\u00e9e des incrustations syriennes d\u00e9couvertes par les crois\u00e9s au XI\u00e8me si\u00e8cles, devient avec le d\u00e9veloppement du placage une technique de d\u00e9coration de meuble tr\u00e8s importante.\",\"breadcrumb\":{\"@id\":\"https:\/\/www.proantic.com\/magazine\/marqueterie-bois\/#breadcrumb\"},\"inLanguage\":\"fr-FR\",\"potentialAction\":[{\"@type\":\"ReadAction\",\"target\":[\"https:\/\/www.proantic.com\/magazine\/marqueterie-bois\/\"]}]},{\"@type\":\"ImageObject\",\"inLanguage\":\"fr-FR\",\"@id\":\"https:\/\/www.proantic.com\/magazine\/marqueterie-bois\/#primaryimage\",\"url\":\"https:\/\/i0.wp.com\/www.proantic.com\/magazine\/wp-content\/uploads\/2014\/08\/oplmp.jpg?fit=689%2C458&ssl=1\",\"contentUrl\":\"https:\/\/i0.wp.com\/www.proantic.com\/magazine\/wp-content\/uploads\/2014\/08\/oplmp.jpg?fit=689%2C458&ssl=1\",\"width\":689,\"height\":458,\"caption\":\"Bo\u00eete \u00e0 \u00e9pingles En Marqueterie \\\"boulle\\\" Galerie Pellat de Villedon, proantic\"},{\"@type\":\"BreadcrumbList\",\"@id\":\"https:\/\/www.proantic.com\/magazine\/marqueterie-bois\/#breadcrumb\",\"itemListElement\":[{\"@type\":\"ListItem\",\"position\":1,\"name\":\"Accueil\",\"item\":\"https:\/\/www.proantic.com\/magazine\/\"},{\"@type\":\"ListItem\",\"position\":2,\"name\":\"Les proc\u00e9d\u00e9s de la marqueterie\"}]},{\"@type\":\"WebSite\",\"@id\":\"https:\/\/www.proantic.com\/magazine\/#website\",\"url\":\"https:\/\/www.proantic.com\/magazine\/\",\"name\":\"Le Magazine de Proantic\",\"description\":\"Magazine d&#039;art et expositions\",\"potentialAction\":[{\"@type\":\"SearchAction\",\"target\":{\"@type\":\"EntryPoint\",\"urlTemplate\":\"https:\/\/www.proantic.com\/magazine\/?s={search_term_string}\"},\"query-input\":{\"@type\":\"PropertyValueSpecification\",\"valueRequired\":true,\"valueName\":\"search_term_string\"}}],\"inLanguage\":\"fr-FR\"},{\"@type\":\"Person\",\"@id\":\"https:\/\/www.proantic.com\/magazine\/#\/schema\/person\/63707e8f4e7d0172de7ddde897688be0\",\"name\":\"C\u00e9line Autant\"}]}<\/script>\n<!-- \/ Yoast SEO plugin. -->","yoast_head_json":{"title":"Les proc\u00e9d\u00e9s de la marqueterie Le Magazine de Proantic","description":"Travail d\u00e9coratif sur des meubles et le collage de minces feuilles de bois d'essences et de couleurs vari\u00e9es. La marqueterie, dont le proc\u00e9d\u00e9 d\u00e9rive de l'intarsia italienne, elle- m\u00eame h\u00e9rit\u00e9e des incrustations syriennes d\u00e9couvertes par les crois\u00e9s au XI\u00e8me si\u00e8cles, devient avec le d\u00e9veloppement du placage une technique de d\u00e9coration de meuble tr\u00e8s importante.","robots":{"index":"index","follow":"follow","max-snippet":"max-snippet:-1","max-image-preview":"max-image-preview:large","max-video-preview":"max-video-preview:-1"},"canonical":"https:\/\/www.proantic.com\/magazine\/marqueterie-bois\/","og_locale":"fr_FR","og_type":"article","og_title":"Les proc\u00e9d\u00e9s de la marqueterie Le Magazine de Proantic","og_description":"Travail d\u00e9coratif sur des meubles et le collage de minces feuilles de bois d'essences et de couleurs vari\u00e9es. La marqueterie, dont le proc\u00e9d\u00e9 d\u00e9rive de l'intarsia italienne, elle- m\u00eame h\u00e9rit\u00e9e des incrustations syriennes d\u00e9couvertes par les crois\u00e9s au XI\u00e8me si\u00e8cles, devient avec le d\u00e9veloppement du placage une technique de d\u00e9coration de meuble tr\u00e8s importante.","og_url":"https:\/\/www.proantic.com\/magazine\/marqueterie-bois\/","og_site_name":"Le Magazine de Proantic","article_publisher":"https:\/\/www.facebook.com\/pages\/Proantic\/\/259180871793","article_published_time":"2014-08-23T09:27:55+00:00","article_modified_time":"2017-12-18T08:00:41+00:00","og_image":[{"width":689,"height":458,"url":"https:\/\/i0.wp.com\/www.proantic.com\/magazine\/wp-content\/uploads\/2014\/08\/oplmp.jpg?fit=689%2C458&ssl=1","type":"image\/jpeg"}],"author":"C\u00e9line Autant","twitter_misc":{"\u00c9crit par":"C\u00e9line Autant","Dur\u00e9e de lecture estim\u00e9e":"5 minutes"},"schema":{"@context":"https:\/\/schema.org","@graph":[{"@type":"Article","@id":"https:\/\/www.proantic.com\/magazine\/marqueterie-bois\/#article","isPartOf":{"@id":"https:\/\/www.proantic.com\/magazine\/marqueterie-bois\/"},"author":{"name":"C\u00e9line Autant","@id":"https:\/\/www.proantic.com\/magazine\/#\/schema\/person\/63707e8f4e7d0172de7ddde897688be0"},"headline":"Les proc\u00e9d\u00e9s de la marqueterie","datePublished":"2014-08-23T09:27:55+00:00","dateModified":"2017-12-18T08:00:41+00:00","mainEntityOfPage":{"@id":"https:\/\/www.proantic.com\/magazine\/marqueterie-bois\/"},"wordCount":1026,"image":{"@id":"https:\/\/www.proantic.com\/magazine\/marqueterie-bois\/#primaryimage"},"thumbnailUrl":"https:\/\/i0.wp.com\/www.proantic.com\/magazine\/wp-content\/uploads\/2014\/08\/oplmp.jpg?fit=689%2C458&ssl=1","keywords":["andr\u00e9 charles boulle","frisage","incrustation","marqueterie"],"articleSection":["Arts d\u00e9coratifs sur Proantic"],"inLanguage":"fr-FR"},{"@type":"WebPage","@id":"https:\/\/www.proantic.com\/magazine\/marqueterie-bois\/","url":"https:\/\/www.proantic.com\/magazine\/marqueterie-bois\/","name":"Les proc\u00e9d\u00e9s de la marqueterie Le Magazine de Proantic","isPartOf":{"@id":"https:\/\/www.proantic.com\/magazine\/#website"},"primaryImageOfPage":{"@id":"https:\/\/www.proantic.com\/magazine\/marqueterie-bois\/#primaryimage"},"image":{"@id":"https:\/\/www.proantic.com\/magazine\/marqueterie-bois\/#primaryimage"},"thumbnailUrl":"https:\/\/i0.wp.com\/www.proantic.com\/magazine\/wp-content\/uploads\/2014\/08\/oplmp.jpg?fit=689%2C458&ssl=1","datePublished":"2014-08-23T09:27:55+00:00","dateModified":"2017-12-18T08:00:41+00:00","author":{"@id":"https:\/\/www.proantic.com\/magazine\/#\/schema\/person\/63707e8f4e7d0172de7ddde897688be0"},"description":"Travail d\u00e9coratif sur des meubles et le collage de minces feuilles de bois d'essences et de couleurs vari\u00e9es. La marqueterie, dont le proc\u00e9d\u00e9 d\u00e9rive de l'intarsia italienne, elle- m\u00eame h\u00e9rit\u00e9e des incrustations syriennes d\u00e9couvertes par les crois\u00e9s au XI\u00e8me si\u00e8cles, devient avec le d\u00e9veloppement du placage une technique de d\u00e9coration de meuble tr\u00e8s importante.","breadcrumb":{"@id":"https:\/\/www.proantic.com\/magazine\/marqueterie-bois\/#breadcrumb"},"inLanguage":"fr-FR","potentialAction":[{"@type":"ReadAction","target":["https:\/\/www.proantic.com\/magazine\/marqueterie-bois\/"]}]},{"@type":"ImageObject","inLanguage":"fr-FR","@id":"https:\/\/www.proantic.com\/magazine\/marqueterie-bois\/#primaryimage","url":"https:\/\/i0.wp.com\/www.proantic.com\/magazine\/wp-content\/uploads\/2014\/08\/oplmp.jpg?fit=689%2C458&ssl=1","contentUrl":"https:\/\/i0.wp.com\/www.proantic.com\/magazine\/wp-content\/uploads\/2014\/08\/oplmp.jpg?fit=689%2C458&ssl=1","width":689,"height":458,"caption":"Bo\u00eete \u00e0 \u00e9pingles En Marqueterie \"boulle\" Galerie Pellat de Villedon, proantic"},{"@type":"BreadcrumbList","@id":"https:\/\/www.proantic.com\/magazine\/marqueterie-bois\/#breadcrumb","itemListElement":[{"@type":"ListItem","position":1,"name":"Accueil","item":"https:\/\/www.proantic.com\/magazine\/"},{"@type":"ListItem","position":2,"name":"Les proc\u00e9d\u00e9s de la marqueterie"}]},{"@type":"WebSite","@id":"https:\/\/www.proantic.com\/magazine\/#website","url":"https:\/\/www.proantic.com\/magazine\/","name":"Le Magazine de Proantic","description":"Magazine d&#039;art et expositions","potentialAction":[{"@type":"SearchAction","target":{"@type":"EntryPoint","urlTemplate":"https:\/\/www.proantic.com\/magazine\/?s={search_term_string}"},"query-input":{"@type":"PropertyValueSpecification","valueRequired":true,"valueName":"search_term_string"}}],"inLanguage":"fr-FR"},{"@type":"Person","@id":"https:\/\/www.proantic.com\/magazine\/#\/schema\/person\/63707e8f4e7d0172de7ddde897688be0","name":"C\u00e9line Autant"}]}},"jetpack_publicize_connections":[],"jetpack_featured_media_url":"https:\/\/i0.wp.com\/www.proantic.com\/magazine\/wp-content\/uploads\/2014\/08\/oplmp.jpg?fit=689%2C458&ssl=1","jetpack_shortlink":"https:\/\/wp.me\/p7EkP3-x8","jetpack_sharing_enabled":true,"_links":{"self":[{"href":"https:\/\/www.proantic.com\/magazine\/wp-json\/wp\/v2\/posts\/2054","targetHints":{"allow":["GET"]}}],"collection":[{"href":"https:\/\/www.proantic.com\/magazine\/wp-json\/wp\/v2\/posts"}],"about":[{"href":"https:\/\/www.proantic.com\/magazine\/wp-json\/wp\/v2\/types\/post"}],"author":[{"embeddable":true,"href":"https:\/\/www.proantic.com\/magazine\/wp-json\/wp\/v2\/users\/6"}],"replies":[{"embeddable":true,"href":"https:\/\/www.proantic.com\/magazine\/wp-json\/wp\/v2\/comments?post=2054"}],"version-history":[{"count":0,"href":"https:\/\/www.proantic.com\/magazine\/wp-json\/wp\/v2\/posts\/2054\/revisions"}],"wp:featuredmedia":[{"embeddable":true,"href":"https:\/\/www.proantic.com\/magazine\/wp-json\/wp\/v2\/media\/2090"}],"wp:attachment":[{"href":"https:\/\/www.proantic.com\/magazine\/wp-json\/wp\/v2\/media?parent=2054"}],"wp:term":[{"taxonomy":"category","embeddable":true,"href":"https:\/\/www.proantic.com\/magazine\/wp-json\/wp\/v2\/categories?post=2054"},{"taxonomy":"post_tag","embeddable":true,"href":"https:\/\/www.proantic.com\/magazine\/wp-json\/wp\/v2\/tags?post=2054"}],"curies":[{"name":"wp","href":"https:\/\/api.w.org\/{rel}","templated":true}]}}