{"id":1877,"date":"2014-07-17T10:38:40","date_gmt":"2014-07-17T09:38:40","guid":{"rendered":"http:\/\/www.proantic.com\/magazine\/?p=1877"},"modified":"2017-12-18T09:02:55","modified_gmt":"2017-12-18T08:02:55","slug":"nouvel-ecrin-objets-dart-xviiie-du-louvre","status":"publish","type":"post","link":"https:\/\/www.proantic.com\/magazine\/nouvel-ecrin-objets-dart-xviiie-du-louvre\/","title":{"rendered":"Le nouvel \u00e9crin des objets d&rsquo;art XVIIIe du Louvre"},"content":{"rendered":"<p style=\"text-align: justify\"><strong>Au premier \u00e9tage de l\u2019aile nord et dans une partie de l\u2019aile ouest de la cour Carr\u00e9e, un chantier \u00a0l\u2019exception vient de s\u2019achever : celui de la r\u00e9novation compl\u00e8te des salles consacr\u00e9es aux objets d\u2019art.\u00a0<\/strong>La r\u00e9novation des salles XVIII\u00e8me qui a dur\u00e9 9 ann\u00e9es et a mobilis\u00e9 les ateliers du Louvre et les meilleurs artisans d&rsquo;art.<\/p>\n<p style=\"text-align: justify\">Les tr\u00e9sors \u00e0 d\u00e9couvrir au fil des 33 salles sont nombreux. Ils illustrent l&rsquo;excellence du savoir-faire fran\u00e7ais au XVIIIe si\u00e8cle, ils t\u00e9moignent \u00a0de la production des grandes manufactures, de l\u2019artisanat et du commerce d\u2019art, principalement fran\u00e7ais, du r\u00e8gne de Louis XIV \u00e0 la R\u00e9volution.\u00a0C&rsquo;est un voyage \u00e0 travers l&rsquo;\u00e9volution du go\u00fbt, depuis le d\u00e9but du r\u00e8gne \u00a0de Louis XIV en 1660 jusqu&rsquo;\u00e0 la R\u00e9volution fran\u00e7aise de 1789.<\/p>\n<figure id=\"attachment_1890\" aria-describedby=\"caption-attachment-1890\" style=\"width: 630px\" class=\"wp-caption aligncenter\"><a href=\"https:\/\/i0.wp.com\/www.proantic.com\/magazine\/wp-content\/uploads\/2014\/07\/kjkiol.jpg\"><img data-recalc-dims=\"1\" loading=\"lazy\" decoding=\"async\" data-attachment-id=\"1890\" data-permalink=\"https:\/\/www.proantic.com\/magazine\/nouvel-ecrin-objets-dart-xviiie-du-louvre\/kjkiol\/\" data-orig-file=\"https:\/\/i0.wp.com\/www.proantic.com\/magazine\/wp-content\/uploads\/2014\/07\/kjkiol.jpg?fit=630%2C348&amp;ssl=1\" data-orig-size=\"630,348\" data-comments-opened=\"1\" data-image-meta=\"{&quot;aperture&quot;:&quot;0&quot;,&quot;credit&quot;:&quot;Celine&quot;,&quot;camera&quot;:&quot;&quot;,&quot;caption&quot;:&quot;&quot;,&quot;created_timestamp&quot;:&quot;1405504854&quot;,&quot;copyright&quot;:&quot;&quot;,&quot;focal_length&quot;:&quot;0&quot;,&quot;iso&quot;:&quot;0&quot;,&quot;shutter_speed&quot;:&quot;0&quot;,&quot;title&quot;:&quot;&quot;}\" data-image-title=\"kjkiol\" data-image-description=\"\" data-image-caption=\"&lt;p&gt;Salle dite de l&amp;rsquo;h\u00f4tel Le Bas de Montargis \u00a9 2014 Mus\u00e9e du Louvre, dist.RMN &amp;#8211; GP \/ Olivier Ouadah&lt;\/p&gt;\n\" data-medium-file=\"https:\/\/i0.wp.com\/www.proantic.com\/magazine\/wp-content\/uploads\/2014\/07\/kjkiol.jpg?fit=300%2C165&amp;ssl=1\" data-large-file=\"https:\/\/i0.wp.com\/www.proantic.com\/magazine\/wp-content\/uploads\/2014\/07\/kjkiol.jpg?fit=630%2C348&amp;ssl=1\" class=\"size-full wp-image-1890\" src=\"https:\/\/i0.wp.com\/www.proantic.com\/magazine\/wp-content\/uploads\/2014\/07\/kjkiol.jpg?resize=630%2C348\" alt=\"Salle dite de l'h\u00f4tel Le Bas de Montargis \u00a9 2014 Mus\u00e9e du Louvre, dist.RMN - GP \/ Olivier Ouadah\" width=\"630\" height=\"348\" srcset=\"https:\/\/i0.wp.com\/www.proantic.com\/magazine\/wp-content\/uploads\/2014\/07\/kjkiol.jpg?w=630&amp;ssl=1 630w, https:\/\/i0.wp.com\/www.proantic.com\/magazine\/wp-content\/uploads\/2014\/07\/kjkiol.jpg?resize=300%2C165&amp;ssl=1 300w, https:\/\/i0.wp.com\/www.proantic.com\/magazine\/wp-content\/uploads\/2014\/07\/kjkiol.jpg?resize=620%2C342&amp;ssl=1 620w\" sizes=\"auto, (max-width: 630px) 100vw, 630px\" \/><\/a><figcaption id=\"caption-attachment-1890\" class=\"wp-caption-text\"><strong>Salle dite de l&rsquo;h\u00f4tel Le Bas de Montargis<\/strong> \u00a9 2014 Mus\u00e9e du Louvre, dist.RMN &#8211; GP \/ Olivier Ouadah<\/figcaption><\/figure>\n<p style=\"text-align: justify\">La collection des Objets d\u2019art du XVIIIe si\u00e8cle du Louvre \u2013 meubles et bronzes d\u2019ameublement, de marbres,\u00a0tapis et tapisseries, chefs-d\u2019\u0153uvre de l\u2019orf\u00e8vrerie et de la porcelaine europ\u00e9ennes\u2013 constitue l\u2019un des ensembles les plus riches et les plus complets jamais r\u00e9unis dans une collection publique. Ces collections\u00a0 principalement d\u2019origine royale et princi\u00e8re poss\u00e8dent un caract\u00e8re remarquable.<\/p>\n<p style=\"text-align: justify\">Le nouveau parcours, pr\u00e9sentant plus de deux mille objets, a vocation \u00e0 \u00e9clairer aussi\u00a0 bien l\u2019histoire des techniques que celle des styles, \u00e0 pr\u00e9senter les grandes r\u00e9sidences et les principales personnalit\u00e9s du temps : artisans, artistes ou commanditaires.<\/p>\n<figure id=\"attachment_1889\" aria-describedby=\"caption-attachment-1889\" style=\"width: 593px\" class=\"wp-caption aligncenter\"><a href=\"https:\/\/i0.wp.com\/www.proantic.com\/magazine\/wp-content\/uploads\/2014\/07\/deklop1.jpg\"><img data-recalc-dims=\"1\" loading=\"lazy\" decoding=\"async\" data-attachment-id=\"1889\" data-permalink=\"https:\/\/www.proantic.com\/magazine\/nouvel-ecrin-objets-dart-xviiie-du-louvre\/deklop-2\/\" data-orig-file=\"https:\/\/i0.wp.com\/www.proantic.com\/magazine\/wp-content\/uploads\/2014\/07\/deklop1.jpg?fit=593%2C401&amp;ssl=1\" data-orig-size=\"593,401\" data-comments-opened=\"1\" data-image-meta=\"{&quot;aperture&quot;:&quot;0&quot;,&quot;credit&quot;:&quot;Celine&quot;,&quot;camera&quot;:&quot;&quot;,&quot;caption&quot;:&quot;&quot;,&quot;created_timestamp&quot;:&quot;1405505322&quot;,&quot;copyright&quot;:&quot;&quot;,&quot;focal_length&quot;:&quot;0&quot;,&quot;iso&quot;:&quot;0&quot;,&quot;shutter_speed&quot;:&quot;0&quot;,&quot;title&quot;:&quot;&quot;}\" data-image-title=\"deklop\" data-image-description=\"\" data-image-caption=\"&lt;p&gt;Biblioth\u00e8que de l\u2019h\u00f4tel de Villemar\u00e9-Dang\u00e9 \u00e0 Paris, vers 1750, avec la pendule astronomique de Germain dite de la \u00ab?Cr\u00e9ation du monde?\u00bb d\u00e9pos\u00e9e par Versailles.&lt;\/p&gt;\n&lt;p&gt;2014 Mus\u00e9e du Louvre, dist. RMN-GP \/ Olivier Ouadah&lt;\/p&gt;\n\" data-medium-file=\"https:\/\/i0.wp.com\/www.proantic.com\/magazine\/wp-content\/uploads\/2014\/07\/deklop1.jpg?fit=300%2C202&amp;ssl=1\" data-large-file=\"https:\/\/i0.wp.com\/www.proantic.com\/magazine\/wp-content\/uploads\/2014\/07\/deklop1.jpg?fit=593%2C401&amp;ssl=1\" class=\"size-full wp-image-1889\" src=\"https:\/\/i0.wp.com\/www.proantic.com\/magazine\/wp-content\/uploads\/2014\/07\/deklop1.jpg?resize=593%2C401\" alt=\"Biblioth\u00e8que de l\u2019h\u00f4tel de Villemar\u00e9-Dang\u00e9 \u00e0 Paris, vers 1750, avec la pendule astronomique de Germain dite de la \u00ab?Cr\u00e9ation du monde?\u00bb d\u00e9pos\u00e9e par Versailles. 2014 Mus\u00e9e du Louvre, dist. RMN-GP \/ Olivier Ouadah\" width=\"593\" height=\"401\" srcset=\"https:\/\/i0.wp.com\/www.proantic.com\/magazine\/wp-content\/uploads\/2014\/07\/deklop1.jpg?w=593&amp;ssl=1 593w, https:\/\/i0.wp.com\/www.proantic.com\/magazine\/wp-content\/uploads\/2014\/07\/deklop1.jpg?resize=300%2C202&amp;ssl=1 300w\" sizes=\"auto, (max-width: 593px) 100vw, 593px\" \/><\/a><figcaption id=\"caption-attachment-1889\" class=\"wp-caption-text\"><strong>Biblioth\u00e8que de l\u2019h\u00f4tel de Villemar\u00e9-Dang\u00e9 \u00e0 Paris, vers 1750, avec la pendule astronomique de Germain dite de la \u00ab?Cr\u00e9ation du monde?\u00bb d\u00e9pos\u00e9e par Versailles.<\/strong><br \/>2014 Mus\u00e9e du Louvre, dist. RMN-GP \/ Olivier Ouadah<\/figcaption><\/figure>\n<p><strong>Le circuit est divis\u00e9 en trois grandes s\u00e9quences chronologiques et\u00a0stylistiques :<\/strong><\/p>\n<ul>\n<li><strong>1660-1725 :<\/strong> r\u00e8gne personnel de Louis XIV et la R\u00e9gence<\/li>\n<li><strong>1725-1755<\/strong> : \u00e9panouissement du style rocaille<\/li>\n<li><strong>1755-1790:<\/strong> retour au classicisme et r\u00e8gne de Louis XVI.<\/li>\n<\/ul>\n<p style=\"text-align: justify\">Une attention particuli\u00e8re a \u00e9t\u00e9 port\u00e9e \u00e0 l\u2019am\u00e9nagement de\u00a0<strong><em>period rooms<\/em><\/strong>\u00a0ou dans des vitrines. Ce principe mus\u00e9ographique, adopt\u00e9 d\u00e8s le XIXe si\u00e8cle par certains mus\u00e9es historiques, permet de restituer\u00a0un d\u00e9cor dans son ensemble pour illustrer une p\u00e9riode des arts d\u00e9coratifs. Pour cela de nombreux \u00e9l\u00e9ments de boiseries ont \u00e9t\u00e9 sortis des r\u00e9serves afin de reconstituer des d\u00e9cors les plus proches possibles de leur configuration d\u2019origine, comme ceux de l\u2019<strong>H\u00f4tel Le Bas de Montargis<\/strong> ou de l\u2019<strong>h\u00f4tel Villemar\u00e9-Dang\u00e9<\/strong> place Vend\u00f4me.<\/p>\n<figure id=\"attachment_1891\" aria-describedby=\"caption-attachment-1891\" style=\"width: 634px\" class=\"wp-caption aligncenter\"><a href=\"https:\/\/i0.wp.com\/www.proantic.com\/magazine\/wp-content\/uploads\/2014\/07\/olklopp.jpg\"><img data-recalc-dims=\"1\" loading=\"lazy\" decoding=\"async\" data-attachment-id=\"1891\" data-permalink=\"https:\/\/www.proantic.com\/magazine\/nouvel-ecrin-objets-dart-xviiie-du-louvre\/olklopp\/\" data-orig-file=\"https:\/\/i0.wp.com\/www.proantic.com\/magazine\/wp-content\/uploads\/2014\/07\/olklopp.jpg?fit=634%2C349&amp;ssl=1\" data-orig-size=\"634,349\" data-comments-opened=\"1\" data-image-meta=\"{&quot;aperture&quot;:&quot;0&quot;,&quot;credit&quot;:&quot;Celine&quot;,&quot;camera&quot;:&quot;&quot;,&quot;caption&quot;:&quot;&quot;,&quot;created_timestamp&quot;:&quot;1405504795&quot;,&quot;copyright&quot;:&quot;&quot;,&quot;focal_length&quot;:&quot;0&quot;,&quot;iso&quot;:&quot;0&quot;,&quot;shutter_speed&quot;:&quot;0&quot;,&quot;title&quot;:&quot;&quot;}\" data-image-title=\"olklopp\" data-image-description=\"\" data-image-caption=\"&lt;p&gt;Commode de la chambre bleue de Madame de Mailly \u00a9 mus\u00e9e du Louvre, dist RMN-GP \/ Thierry Ollivier&lt;\/p&gt;\n\" data-medium-file=\"https:\/\/i0.wp.com\/www.proantic.com\/magazine\/wp-content\/uploads\/2014\/07\/olklopp.jpg?fit=300%2C165&amp;ssl=1\" data-large-file=\"https:\/\/i0.wp.com\/www.proantic.com\/magazine\/wp-content\/uploads\/2014\/07\/olklopp.jpg?fit=634%2C349&amp;ssl=1\" class=\"size-full wp-image-1891\" src=\"https:\/\/i0.wp.com\/www.proantic.com\/magazine\/wp-content\/uploads\/2014\/07\/olklopp.jpg?resize=634%2C349\" alt=\"Commode de la chambre bleue de Madame de Mailly \u00a9 mus\u00e9e du Louvre, dist RMN-GP \/ Thierry Ollivier\" width=\"634\" height=\"349\" srcset=\"https:\/\/i0.wp.com\/www.proantic.com\/magazine\/wp-content\/uploads\/2014\/07\/olklopp.jpg?w=634&amp;ssl=1 634w, https:\/\/i0.wp.com\/www.proantic.com\/magazine\/wp-content\/uploads\/2014\/07\/olklopp.jpg?resize=300%2C165&amp;ssl=1 300w, https:\/\/i0.wp.com\/www.proantic.com\/magazine\/wp-content\/uploads\/2014\/07\/olklopp.jpg?resize=620%2C341&amp;ssl=1 620w\" sizes=\"auto, (max-width: 634px) 100vw, 634px\" \/><\/a><figcaption id=\"caption-attachment-1891\" class=\"wp-caption-text\"><strong>Commode de la chambre bleue de Madame de Mailly<\/strong> \u00a9 mus\u00e9e du Louvre, dist RMN-GP \/ Thierry Ollivier<\/figcaption><\/figure>\n<p style=\"text-align: justify\">Les lambris du cabinet de l&rsquo;appartement de l<strong>&lsquo;h\u00f4tel Dang\u00e9<\/strong> (vers 1750), dans une harmonie bleu, blanc et or, sont du plus bel effet. Ceux de l<strong>&lsquo;h\u00f4tel de Chevreuse<\/strong> (vers 1766) t\u00e9moignent du go\u00fbt pour l&rsquo;Antique de l&rsquo;\u00e9poque. Les <strong>panneaux de porte du cabinet turc du comte d&rsquo;Artois<\/strong> \u00e0 Versailles (1781) ont \u00e9t\u00e9 r\u00e9unis, gr\u00e2ce notamment au Metropolitan Museum of Art (Met) de New York qui a pr\u00eat\u00e9 deux \u00e9l\u00e9ments en sa possession.<\/p>\n<p style=\"text-align: justify\">Le d\u00e9cor (1774) de<strong> la coupole des \u00ab\u00a0petits appartements\u00a0\u00bb du Palais Bourbon<\/strong> (d\u00e9truits pour faire place au b\u00e2timent du minist\u00e8re des Affaires \u00e9trang\u00e8res) a \u00e9t\u00e9 replac\u00e9 .\u00a0Une rotonde a \u00e9t\u00e9 sp\u00e9cialement cr\u00e9\u00e9e pour installer cette coupole.<\/p>\n<figure id=\"attachment_1887\" aria-describedby=\"caption-attachment-1887\" style=\"width: 596px\" class=\"wp-caption aligncenter\"><a href=\"https:\/\/i0.wp.com\/www.proantic.com\/magazine\/wp-content\/uploads\/2014\/07\/aqslmp.jpg\"><img data-recalc-dims=\"1\" loading=\"lazy\" decoding=\"async\" data-attachment-id=\"1887\" data-permalink=\"https:\/\/www.proantic.com\/magazine\/nouvel-ecrin-objets-dart-xviiie-du-louvre\/aqslmp\/\" data-orig-file=\"https:\/\/i0.wp.com\/www.proantic.com\/magazine\/wp-content\/uploads\/2014\/07\/aqslmp.jpg?fit=596%2C402&amp;ssl=1\" data-orig-size=\"596,402\" data-comments-opened=\"1\" data-image-meta=\"{&quot;aperture&quot;:&quot;0&quot;,&quot;credit&quot;:&quot;Celine&quot;,&quot;camera&quot;:&quot;&quot;,&quot;caption&quot;:&quot;&quot;,&quot;created_timestamp&quot;:&quot;1405505421&quot;,&quot;copyright&quot;:&quot;&quot;,&quot;focal_length&quot;:&quot;0&quot;,&quot;iso&quot;:&quot;0&quot;,&quot;shutter_speed&quot;:&quot;0&quot;,&quot;title&quot;:&quot;&quot;}\" data-image-title=\"aqslmp\" data-image-description=\"\" data-image-caption=\"&lt;p&gt;Grand salon du ch\u00e2teau d\u2019Abondant dans l\u2019Eur-et-Loir, vers 1750,  2014 Mus\u00e9e du Louvre, dist. RMN-GP \/ Olivier Ouadah&lt;\/p&gt;\n\" data-medium-file=\"https:\/\/i0.wp.com\/www.proantic.com\/magazine\/wp-content\/uploads\/2014\/07\/aqslmp.jpg?fit=300%2C202&amp;ssl=1\" data-large-file=\"https:\/\/i0.wp.com\/www.proantic.com\/magazine\/wp-content\/uploads\/2014\/07\/aqslmp.jpg?fit=596%2C402&amp;ssl=1\" class=\"size-full wp-image-1887\" src=\"https:\/\/i0.wp.com\/www.proantic.com\/magazine\/wp-content\/uploads\/2014\/07\/aqslmp.jpg?resize=596%2C402\" alt=\"Grand salon du ch\u00e2teau d\u2019Abondant dans l\u2019Eur-et-Loir, vers 1750,  2014 Mus\u00e9e du Louvre, dist. RMN-GP \/ Olivier Ouadah\" width=\"596\" height=\"402\" srcset=\"https:\/\/i0.wp.com\/www.proantic.com\/magazine\/wp-content\/uploads\/2014\/07\/aqslmp.jpg?w=596&amp;ssl=1 596w, https:\/\/i0.wp.com\/www.proantic.com\/magazine\/wp-content\/uploads\/2014\/07\/aqslmp.jpg?resize=300%2C202&amp;ssl=1 300w\" sizes=\"auto, (max-width: 596px) 100vw, 596px\" \/><\/a><figcaption id=\"caption-attachment-1887\" class=\"wp-caption-text\"><strong>Grand salon du ch\u00e2teau d\u2019Abondant dans l\u2019Eur-et-Loir, vers 1750<\/strong>, 2014 Mus\u00e9e du Louvre, dist. RMN-GP \/ Olivier Ouadah<\/figcaption><\/figure>\n<p>Pour mettre en sc\u00e8ne les meubles extraordinaires de Boulle, Carlin ou Riesener, les fa\u00efences de Meissen ou de S\u00e8vres, les tapisseries tiss\u00e9es par les Gobelins d\u2019apr\u00e8s Coypel ou Boucher, le mus\u00e9e du Louvre a fait appel au d\u00e9corateur Jacques Garcia.<\/p>\n<p style=\"text-align: justify\">Le d\u00e9corateur a \u00a0ressuscit\u00e9 les couleurs d&rsquo;\u00e9poque: tons tr\u00e8s soutenus sous Louis XIV, tons color\u00e9s et vari\u00e9s sous Louis XV, avant que n&rsquo;apparaissent blancheur et tons frais sous Louis XVI. Avec son go\u00fbt du d\u00e9tail, il a fait cravater \u00a0les lustres et poser des falbalas sur chaque fen\u00eatre,\u00a0<i>\u00ab fid\u00e8les aux mod\u00e8les d\u2019\u00e9poque \u00bb<\/i>. Pour orner certains ensembles comme <strong>les boiseries et le mobilier du ch\u00e2teau d\u2019Abondant, en Eure-et-Loir<\/strong>, il a fait retisser des rideaux par un m\u00e9c\u00e9nat de la <strong>maison Frey<\/strong>, assortis aux fauteuils.<\/p>\n<figure id=\"attachment_1888\" aria-describedby=\"caption-attachment-1888\" style=\"width: 460px\" class=\"wp-caption aligncenter\"><a href=\"https:\/\/i0.wp.com\/www.proantic.com\/magazine\/wp-content\/uploads\/2014\/07\/dejkldp.jpg\"><img data-recalc-dims=\"1\" loading=\"lazy\" decoding=\"async\" data-attachment-id=\"1888\" data-permalink=\"https:\/\/www.proantic.com\/magazine\/nouvel-ecrin-objets-dart-xviiie-du-louvre\/dejkldp\/\" data-orig-file=\"https:\/\/i0.wp.com\/www.proantic.com\/magazine\/wp-content\/uploads\/2014\/07\/dejkldp.jpg?fit=460%2C686&amp;ssl=1\" data-orig-size=\"460,686\" data-comments-opened=\"1\" data-image-meta=\"{&quot;aperture&quot;:&quot;0&quot;,&quot;credit&quot;:&quot;Celine&quot;,&quot;camera&quot;:&quot;&quot;,&quot;caption&quot;:&quot;&quot;,&quot;created_timestamp&quot;:&quot;1405505602&quot;,&quot;copyright&quot;:&quot;&quot;,&quot;focal_length&quot;:&quot;0&quot;,&quot;iso&quot;:&quot;0&quot;,&quot;shutter_speed&quot;:&quot;0&quot;,&quot;title&quot;:&quot;&quot;}\" data-image-title=\"dejkldp\" data-image-description=\"\" data-image-caption=\"&lt;p&gt;Grand salon du ch\u00e2teau d\u2019Abondant dans l\u2019Eur-et-Loir, vers 1750, 2014 Mus\u00e9e du Louvre, dist. RMN-GP \/ Olivier Ouadah&lt;\/p&gt;\n\" data-medium-file=\"https:\/\/i0.wp.com\/www.proantic.com\/magazine\/wp-content\/uploads\/2014\/07\/dejkldp.jpg?fit=201%2C300&amp;ssl=1\" data-large-file=\"https:\/\/i0.wp.com\/www.proantic.com\/magazine\/wp-content\/uploads\/2014\/07\/dejkldp.jpg?fit=460%2C686&amp;ssl=1\" class=\"size-full wp-image-1888\" src=\"https:\/\/i0.wp.com\/www.proantic.com\/magazine\/wp-content\/uploads\/2014\/07\/dejkldp.jpg?resize=460%2C686\" alt=\"Grand salon du ch\u00e2teau d\u2019Abondant dans l\u2019Eur-et-Loir, vers 1750, 2014 Mus\u00e9e du Louvre, dist. RMN-GP \/ Olivier Ouadah\" width=\"460\" height=\"686\" srcset=\"https:\/\/i0.wp.com\/www.proantic.com\/magazine\/wp-content\/uploads\/2014\/07\/dejkldp.jpg?w=460&amp;ssl=1 460w, https:\/\/i0.wp.com\/www.proantic.com\/magazine\/wp-content\/uploads\/2014\/07\/dejkldp.jpg?resize=201%2C300&amp;ssl=1 201w\" sizes=\"auto, (max-width: 460px) 100vw, 460px\" \/><\/a><figcaption id=\"caption-attachment-1888\" class=\"wp-caption-text\"><strong>Grand salon du ch\u00e2teau d\u2019Abondant vers 1750, tissus Pierre Frey<\/strong> 2014 Mus\u00e9e du Louvre, dist. RMN-GP \/ Olivier Ouadah<\/figcaption><\/figure>\n<p>Les meubles du grand cabinet de Marie-Antoinette \u00e0 Saint-Cloud sont accompagn\u00e9s, eux, de panneaux d\u2019\u00e9toffes r\u00e9cr\u00e9\u00e9s par des soyeux lyonnais d\u2019apr\u00e8s des \u00e9chantillons des collections royales, mettant \u00e0 l\u2019honneur la continuit\u00e9 du grand artisanat fran\u00e7ais.<\/p>\n<p style=\"text-align: justify\">Ailleurs, des corniches et des dorures ont \u00e9t\u00e9 restitu\u00e9es d\u2019apr\u00e8s des documents d\u2019archives. Pour le cabinet turc du comte d\u2019Artois, d\u00e9pos\u00e9 par Versailles, le d\u00e9corateur a m\u00eame reconstitu\u00e9 un plafond en forme de tente, inspir\u00e9 de la chambre du comte \u00e0 Bagatelle.<\/p>\n<p style=\"text-align: justify\">En savoir plus:<\/p>\n<p style=\"text-align: justify\">Consulter le \u00a0site du Mus\u00e9e du Louvre:\u00a0http:\/\/www.louvre.fr\/<\/p>\n<p style=\"text-align: justify\"><span class=\"contenttext\" style=\"color: #5b5b5b\">99, rue de Rivoli 75001<\/span><\/p>\n<p>M\u00e9tro : Palais Royal &#8211; Mus\u00e9e du Louvre<\/p>\n","protected":false},"excerpt":{"rendered":"<p>Au premier \u00e9tage de l\u2019aile nord et dans une partie de l\u2019aile ouest de la cour Carr\u00e9e, un chantier  l\u2019exception vient de s\u2019achever : celui de la r\u00e9novation compl\u00e8te des salles consacr\u00e9es aux objets d\u2019art. La r\u00e9novation des salles XVIII\u00e8me qui a dur\u00e9 9 ann\u00e9es et a mobilis\u00e9 les ateliers du Louvre et les meilleurs artisans d&rsquo;art.<\/p>\n","protected":false},"author":6,"featured_media":1892,"comment_status":"closed","ping_status":"open","sticky":false,"template":"","format":"standard","meta":{"jetpack_post_was_ever_published":false,"_jetpack_newsletter_access":"","_jetpack_dont_email_post_to_subs":false,"_jetpack_newsletter_tier_id":0,"_jetpack_memberships_contains_paywalled_content":false,"_jetpack_memberships_contains_paid_content":false,"footnotes":"","jetpack_publicize_message":"","jetpack_publicize_feature_enabled":true,"jetpack_social_post_already_shared":true,"jetpack_social_options":{"image_generator_settings":{"template":"highway","default_image_id":0,"font":"","enabled":false},"version":2}},"categories":[18],"tags":[142,334,15],"class_list":["post-1877","post","type-post","status-publish","format-standard","has-post-thumbnail","hentry","category-patrimoine-musee","tag-art-decoratif","tag-musee-du-louvre","tag-xviiieme"],"yoast_head":"<!-- This site is optimized with the Yoast SEO plugin v26.9 - https:\/\/yoast.com\/product\/yoast-seo-wordpress\/ -->\n<title>Le nouvel \u00e9crin des objets d&#039;art XVIIIe du Louvre Le Magazine de Proantic<\/title>\n<meta name=\"description\" content=\"Au premier \u00e9tage de l\u2019aile nord et dans une partie de l\u2019aile ouest de la cour Carr\u00e9e, un chantier l\u2019exception vient de s\u2019achever : celui de la r\u00e9novation compl\u00e8te des salles consacr\u00e9es aux objets d\u2019art. La r\u00e9novation des salles XVIII\u00e8me qui a dur\u00e9 9 ann\u00e9es et a mobilis\u00e9 les ateliers du Louvre et les meilleurs artisans d&#039;art.\" \/>\n<meta name=\"robots\" content=\"index, follow, max-snippet:-1, max-image-preview:large, max-video-preview:-1\" \/>\n<link rel=\"canonical\" href=\"https:\/\/www.proantic.com\/magazine\/nouvel-ecrin-objets-dart-xviiie-du-louvre\/\" \/>\n<meta property=\"og:locale\" content=\"fr_FR\" \/>\n<meta property=\"og:type\" content=\"article\" \/>\n<meta property=\"og:title\" content=\"Le nouvel \u00e9crin des objets d&#039;art XVIIIe du Louvre Le Magazine de Proantic\" \/>\n<meta property=\"og:description\" content=\"Au premier \u00e9tage de l\u2019aile nord et dans une partie de l\u2019aile ouest de la cour Carr\u00e9e, un chantier l\u2019exception vient de s\u2019achever : celui de la r\u00e9novation compl\u00e8te des salles consacr\u00e9es aux objets d\u2019art. La r\u00e9novation des salles XVIII\u00e8me qui a dur\u00e9 9 ann\u00e9es et a mobilis\u00e9 les ateliers du Louvre et les meilleurs artisans d&#039;art.\" \/>\n<meta property=\"og:url\" content=\"https:\/\/www.proantic.com\/magazine\/nouvel-ecrin-objets-dart-xviiie-du-louvre\/\" \/>\n<meta property=\"og:site_name\" content=\"Le Magazine de Proantic\" \/>\n<meta property=\"article:publisher\" content=\"https:\/\/www.facebook.com\/pages\/Proantic\/\/259180871793\" \/>\n<meta property=\"article:published_time\" content=\"2014-07-17T09:38:40+00:00\" \/>\n<meta property=\"article:modified_time\" content=\"2017-12-18T08:02:55+00:00\" \/>\n<meta property=\"og:image\" content=\"https:\/\/i0.wp.com\/www.proantic.com\/magazine\/wp-content\/uploads\/2014\/07\/A.jpg?fit=460%2C336&ssl=1\" \/>\n\t<meta property=\"og:image:width\" content=\"460\" \/>\n\t<meta property=\"og:image:height\" content=\"336\" \/>\n\t<meta property=\"og:image:type\" content=\"image\/jpeg\" \/>\n<meta name=\"author\" content=\"C\u00e9line Autant\" \/>\n<meta name=\"twitter:label1\" content=\"\u00c9crit par\" \/>\n\t<meta name=\"twitter:data1\" content=\"C\u00e9line Autant\" \/>\n\t<meta name=\"twitter:label2\" content=\"Dur\u00e9e de lecture estim\u00e9e\" \/>\n\t<meta name=\"twitter:data2\" content=\"5 minutes\" \/>\n<script type=\"application\/ld+json\" class=\"yoast-schema-graph\">{\"@context\":\"https:\/\/schema.org\",\"@graph\":[{\"@type\":\"Article\",\"@id\":\"https:\/\/www.proantic.com\/magazine\/nouvel-ecrin-objets-dart-xviiie-du-louvre\/#article\",\"isPartOf\":{\"@id\":\"https:\/\/www.proantic.com\/magazine\/nouvel-ecrin-objets-dart-xviiie-du-louvre\/\"},\"author\":{\"name\":\"C\u00e9line Autant\",\"@id\":\"https:\/\/www.proantic.com\/magazine\/#\/schema\/person\/63707e8f4e7d0172de7ddde897688be0\"},\"headline\":\"Le nouvel \u00e9crin des objets d&rsquo;art XVIIIe du Louvre\",\"datePublished\":\"2014-07-17T09:38:40+00:00\",\"dateModified\":\"2017-12-18T08:02:55+00:00\",\"mainEntityOfPage\":{\"@id\":\"https:\/\/www.proantic.com\/magazine\/nouvel-ecrin-objets-dart-xviiie-du-louvre\/\"},\"wordCount\":940,\"image\":{\"@id\":\"https:\/\/www.proantic.com\/magazine\/nouvel-ecrin-objets-dart-xviiie-du-louvre\/#primaryimage\"},\"thumbnailUrl\":\"https:\/\/i0.wp.com\/www.proantic.com\/magazine\/wp-content\/uploads\/2014\/07\/A.jpg?fit=460%2C336&ssl=1\",\"keywords\":[\"art d\u00e9coratif\",\"mus\u00e9e du louvre\",\"XVIIIeme\"],\"articleSection\":[\"Patrimoine, Mus\u00e9es\"],\"inLanguage\":\"fr-FR\"},{\"@type\":\"WebPage\",\"@id\":\"https:\/\/www.proantic.com\/magazine\/nouvel-ecrin-objets-dart-xviiie-du-louvre\/\",\"url\":\"https:\/\/www.proantic.com\/magazine\/nouvel-ecrin-objets-dart-xviiie-du-louvre\/\",\"name\":\"Le nouvel \u00e9crin des objets d'art XVIIIe du Louvre Le Magazine de Proantic\",\"isPartOf\":{\"@id\":\"https:\/\/www.proantic.com\/magazine\/#website\"},\"primaryImageOfPage\":{\"@id\":\"https:\/\/www.proantic.com\/magazine\/nouvel-ecrin-objets-dart-xviiie-du-louvre\/#primaryimage\"},\"image\":{\"@id\":\"https:\/\/www.proantic.com\/magazine\/nouvel-ecrin-objets-dart-xviiie-du-louvre\/#primaryimage\"},\"thumbnailUrl\":\"https:\/\/i0.wp.com\/www.proantic.com\/magazine\/wp-content\/uploads\/2014\/07\/A.jpg?fit=460%2C336&ssl=1\",\"datePublished\":\"2014-07-17T09:38:40+00:00\",\"dateModified\":\"2017-12-18T08:02:55+00:00\",\"author\":{\"@id\":\"https:\/\/www.proantic.com\/magazine\/#\/schema\/person\/63707e8f4e7d0172de7ddde897688be0\"},\"description\":\"Au premier \u00e9tage de l\u2019aile nord et dans une partie de l\u2019aile ouest de la cour Carr\u00e9e, un chantier l\u2019exception vient de s\u2019achever : celui de la r\u00e9novation compl\u00e8te des salles consacr\u00e9es aux objets d\u2019art. La r\u00e9novation des salles XVIII\u00e8me qui a dur\u00e9 9 ann\u00e9es et a mobilis\u00e9 les ateliers du Louvre et les meilleurs artisans d'art.\",\"breadcrumb\":{\"@id\":\"https:\/\/www.proantic.com\/magazine\/nouvel-ecrin-objets-dart-xviiie-du-louvre\/#breadcrumb\"},\"inLanguage\":\"fr-FR\",\"potentialAction\":[{\"@type\":\"ReadAction\",\"target\":[\"https:\/\/www.proantic.com\/magazine\/nouvel-ecrin-objets-dart-xviiie-du-louvre\/\"]}]},{\"@type\":\"ImageObject\",\"inLanguage\":\"fr-FR\",\"@id\":\"https:\/\/www.proantic.com\/magazine\/nouvel-ecrin-objets-dart-xviiie-du-louvre\/#primaryimage\",\"url\":\"https:\/\/i0.wp.com\/www.proantic.com\/magazine\/wp-content\/uploads\/2014\/07\/A.jpg?fit=460%2C336&ssl=1\",\"contentUrl\":\"https:\/\/i0.wp.com\/www.proantic.com\/magazine\/wp-content\/uploads\/2014\/07\/A.jpg?fit=460%2C336&ssl=1\",\"width\":460,\"height\":336},{\"@type\":\"BreadcrumbList\",\"@id\":\"https:\/\/www.proantic.com\/magazine\/nouvel-ecrin-objets-dart-xviiie-du-louvre\/#breadcrumb\",\"itemListElement\":[{\"@type\":\"ListItem\",\"position\":1,\"name\":\"Accueil\",\"item\":\"https:\/\/www.proantic.com\/magazine\/\"},{\"@type\":\"ListItem\",\"position\":2,\"name\":\"Le nouvel \u00e9crin des objets d&rsquo;art XVIIIe du Louvre\"}]},{\"@type\":\"WebSite\",\"@id\":\"https:\/\/www.proantic.com\/magazine\/#website\",\"url\":\"https:\/\/www.proantic.com\/magazine\/\",\"name\":\"Le Magazine de Proantic\",\"description\":\"Magazine d&#039;art et expositions\",\"potentialAction\":[{\"@type\":\"SearchAction\",\"target\":{\"@type\":\"EntryPoint\",\"urlTemplate\":\"https:\/\/www.proantic.com\/magazine\/?s={search_term_string}\"},\"query-input\":{\"@type\":\"PropertyValueSpecification\",\"valueRequired\":true,\"valueName\":\"search_term_string\"}}],\"inLanguage\":\"fr-FR\"},{\"@type\":\"Person\",\"@id\":\"https:\/\/www.proantic.com\/magazine\/#\/schema\/person\/63707e8f4e7d0172de7ddde897688be0\",\"name\":\"C\u00e9line Autant\"}]}<\/script>\n<!-- \/ Yoast SEO plugin. -->","yoast_head_json":{"title":"Le nouvel \u00e9crin des objets d'art XVIIIe du Louvre Le Magazine de Proantic","description":"Au premier \u00e9tage de l\u2019aile nord et dans une partie de l\u2019aile ouest de la cour Carr\u00e9e, un chantier l\u2019exception vient de s\u2019achever : celui de la r\u00e9novation compl\u00e8te des salles consacr\u00e9es aux objets d\u2019art. La r\u00e9novation des salles XVIII\u00e8me qui a dur\u00e9 9 ann\u00e9es et a mobilis\u00e9 les ateliers du Louvre et les meilleurs artisans d'art.","robots":{"index":"index","follow":"follow","max-snippet":"max-snippet:-1","max-image-preview":"max-image-preview:large","max-video-preview":"max-video-preview:-1"},"canonical":"https:\/\/www.proantic.com\/magazine\/nouvel-ecrin-objets-dart-xviiie-du-louvre\/","og_locale":"fr_FR","og_type":"article","og_title":"Le nouvel \u00e9crin des objets d'art XVIIIe du Louvre Le Magazine de Proantic","og_description":"Au premier \u00e9tage de l\u2019aile nord et dans une partie de l\u2019aile ouest de la cour Carr\u00e9e, un chantier l\u2019exception vient de s\u2019achever : celui de la r\u00e9novation compl\u00e8te des salles consacr\u00e9es aux objets d\u2019art. La r\u00e9novation des salles XVIII\u00e8me qui a dur\u00e9 9 ann\u00e9es et a mobilis\u00e9 les ateliers du Louvre et les meilleurs artisans d'art.","og_url":"https:\/\/www.proantic.com\/magazine\/nouvel-ecrin-objets-dart-xviiie-du-louvre\/","og_site_name":"Le Magazine de Proantic","article_publisher":"https:\/\/www.facebook.com\/pages\/Proantic\/\/259180871793","article_published_time":"2014-07-17T09:38:40+00:00","article_modified_time":"2017-12-18T08:02:55+00:00","og_image":[{"width":460,"height":336,"url":"https:\/\/i0.wp.com\/www.proantic.com\/magazine\/wp-content\/uploads\/2014\/07\/A.jpg?fit=460%2C336&ssl=1","type":"image\/jpeg"}],"author":"C\u00e9line Autant","twitter_misc":{"\u00c9crit par":"C\u00e9line Autant","Dur\u00e9e de lecture estim\u00e9e":"5 minutes"},"schema":{"@context":"https:\/\/schema.org","@graph":[{"@type":"Article","@id":"https:\/\/www.proantic.com\/magazine\/nouvel-ecrin-objets-dart-xviiie-du-louvre\/#article","isPartOf":{"@id":"https:\/\/www.proantic.com\/magazine\/nouvel-ecrin-objets-dart-xviiie-du-louvre\/"},"author":{"name":"C\u00e9line Autant","@id":"https:\/\/www.proantic.com\/magazine\/#\/schema\/person\/63707e8f4e7d0172de7ddde897688be0"},"headline":"Le nouvel \u00e9crin des objets d&rsquo;art XVIIIe du Louvre","datePublished":"2014-07-17T09:38:40+00:00","dateModified":"2017-12-18T08:02:55+00:00","mainEntityOfPage":{"@id":"https:\/\/www.proantic.com\/magazine\/nouvel-ecrin-objets-dart-xviiie-du-louvre\/"},"wordCount":940,"image":{"@id":"https:\/\/www.proantic.com\/magazine\/nouvel-ecrin-objets-dart-xviiie-du-louvre\/#primaryimage"},"thumbnailUrl":"https:\/\/i0.wp.com\/www.proantic.com\/magazine\/wp-content\/uploads\/2014\/07\/A.jpg?fit=460%2C336&ssl=1","keywords":["art d\u00e9coratif","mus\u00e9e du louvre","XVIIIeme"],"articleSection":["Patrimoine, Mus\u00e9es"],"inLanguage":"fr-FR"},{"@type":"WebPage","@id":"https:\/\/www.proantic.com\/magazine\/nouvel-ecrin-objets-dart-xviiie-du-louvre\/","url":"https:\/\/www.proantic.com\/magazine\/nouvel-ecrin-objets-dart-xviiie-du-louvre\/","name":"Le nouvel \u00e9crin des objets d'art XVIIIe du Louvre Le Magazine de Proantic","isPartOf":{"@id":"https:\/\/www.proantic.com\/magazine\/#website"},"primaryImageOfPage":{"@id":"https:\/\/www.proantic.com\/magazine\/nouvel-ecrin-objets-dart-xviiie-du-louvre\/#primaryimage"},"image":{"@id":"https:\/\/www.proantic.com\/magazine\/nouvel-ecrin-objets-dart-xviiie-du-louvre\/#primaryimage"},"thumbnailUrl":"https:\/\/i0.wp.com\/www.proantic.com\/magazine\/wp-content\/uploads\/2014\/07\/A.jpg?fit=460%2C336&ssl=1","datePublished":"2014-07-17T09:38:40+00:00","dateModified":"2017-12-18T08:02:55+00:00","author":{"@id":"https:\/\/www.proantic.com\/magazine\/#\/schema\/person\/63707e8f4e7d0172de7ddde897688be0"},"description":"Au premier \u00e9tage de l\u2019aile nord et dans une partie de l\u2019aile ouest de la cour Carr\u00e9e, un chantier l\u2019exception vient de s\u2019achever : celui de la r\u00e9novation compl\u00e8te des salles consacr\u00e9es aux objets d\u2019art. La r\u00e9novation des salles XVIII\u00e8me qui a dur\u00e9 9 ann\u00e9es et a mobilis\u00e9 les ateliers du Louvre et les meilleurs artisans d'art.","breadcrumb":{"@id":"https:\/\/www.proantic.com\/magazine\/nouvel-ecrin-objets-dart-xviiie-du-louvre\/#breadcrumb"},"inLanguage":"fr-FR","potentialAction":[{"@type":"ReadAction","target":["https:\/\/www.proantic.com\/magazine\/nouvel-ecrin-objets-dart-xviiie-du-louvre\/"]}]},{"@type":"ImageObject","inLanguage":"fr-FR","@id":"https:\/\/www.proantic.com\/magazine\/nouvel-ecrin-objets-dart-xviiie-du-louvre\/#primaryimage","url":"https:\/\/i0.wp.com\/www.proantic.com\/magazine\/wp-content\/uploads\/2014\/07\/A.jpg?fit=460%2C336&ssl=1","contentUrl":"https:\/\/i0.wp.com\/www.proantic.com\/magazine\/wp-content\/uploads\/2014\/07\/A.jpg?fit=460%2C336&ssl=1","width":460,"height":336},{"@type":"BreadcrumbList","@id":"https:\/\/www.proantic.com\/magazine\/nouvel-ecrin-objets-dart-xviiie-du-louvre\/#breadcrumb","itemListElement":[{"@type":"ListItem","position":1,"name":"Accueil","item":"https:\/\/www.proantic.com\/magazine\/"},{"@type":"ListItem","position":2,"name":"Le nouvel \u00e9crin des objets d&rsquo;art XVIIIe du Louvre"}]},{"@type":"WebSite","@id":"https:\/\/www.proantic.com\/magazine\/#website","url":"https:\/\/www.proantic.com\/magazine\/","name":"Le Magazine de Proantic","description":"Magazine d&#039;art et expositions","potentialAction":[{"@type":"SearchAction","target":{"@type":"EntryPoint","urlTemplate":"https:\/\/www.proantic.com\/magazine\/?s={search_term_string}"},"query-input":{"@type":"PropertyValueSpecification","valueRequired":true,"valueName":"search_term_string"}}],"inLanguage":"fr-FR"},{"@type":"Person","@id":"https:\/\/www.proantic.com\/magazine\/#\/schema\/person\/63707e8f4e7d0172de7ddde897688be0","name":"C\u00e9line Autant"}]}},"jetpack_publicize_connections":[],"jetpack_featured_media_url":"https:\/\/i0.wp.com\/www.proantic.com\/magazine\/wp-content\/uploads\/2014\/07\/A.jpg?fit=460%2C336&ssl=1","jetpack_shortlink":"https:\/\/wp.me\/p7EkP3-uh","jetpack_sharing_enabled":true,"_links":{"self":[{"href":"https:\/\/www.proantic.com\/magazine\/wp-json\/wp\/v2\/posts\/1877","targetHints":{"allow":["GET"]}}],"collection":[{"href":"https:\/\/www.proantic.com\/magazine\/wp-json\/wp\/v2\/posts"}],"about":[{"href":"https:\/\/www.proantic.com\/magazine\/wp-json\/wp\/v2\/types\/post"}],"author":[{"embeddable":true,"href":"https:\/\/www.proantic.com\/magazine\/wp-json\/wp\/v2\/users\/6"}],"replies":[{"embeddable":true,"href":"https:\/\/www.proantic.com\/magazine\/wp-json\/wp\/v2\/comments?post=1877"}],"version-history":[{"count":0,"href":"https:\/\/www.proantic.com\/magazine\/wp-json\/wp\/v2\/posts\/1877\/revisions"}],"wp:featuredmedia":[{"embeddable":true,"href":"https:\/\/www.proantic.com\/magazine\/wp-json\/wp\/v2\/media\/1892"}],"wp:attachment":[{"href":"https:\/\/www.proantic.com\/magazine\/wp-json\/wp\/v2\/media?parent=1877"}],"wp:term":[{"taxonomy":"category","embeddable":true,"href":"https:\/\/www.proantic.com\/magazine\/wp-json\/wp\/v2\/categories?post=1877"},{"taxonomy":"post_tag","embeddable":true,"href":"https:\/\/www.proantic.com\/magazine\/wp-json\/wp\/v2\/tags?post=1877"}],"curies":[{"name":"wp","href":"https:\/\/api.w.org\/{rel}","templated":true}]}}