{"id":18610,"date":"2026-09-04T10:39:10","date_gmt":"2026-09-04T09:39:10","guid":{"rendered":"https:\/\/www.proantic.com\/magazine\/?p=18610"},"modified":"2026-09-04T10:39:10","modified_gmt":"2026-09-04T09:39:10","slug":"la-faience-de-la-rochelle-un-nouveau-regard","status":"publish","type":"post","link":"https:\/\/www.proantic.com\/magazine\/la-faience-de-la-rochelle-un-nouveau-regard\/","title":{"rendered":"La Fa\u00efence de La Rochelle, un nouveau regard"},"content":{"rendered":"\n<p>Si Francis Morin a bien retrac\u00e9 l\u2019histoire des fa\u00efenceries de La Rochelle en 1990, Jean Rosen a mis fin, dans plusieurs articles parus de 2007 jusqu\u2019\u00e0 2022 dans la revue&nbsp;<em>S\u00e8vres<\/em>, \u00e0 l\u2019attribution massive, abusive et erron\u00e9e \u00e0 La Rochelle d\u2019un certain nombre de fa\u00efences d\u2019origine nivernaise datables de la deuxi\u00e8me moiti\u00e9 du XVIIIe si\u00e8cle.&nbsp;<\/p>\n\n\n\n<p>Apr\u00e8s cette d\u00e9construction, il \u00e9tait indispensable de r\u00e9habiliter les fa\u00efences de La Rochelle par des moyens plus scientifiques, comme les analyses de laboratoire. Car, si elles sont beaucoup plus rares, on sera surpris de d\u00e9couvrir que les productions rochelaises ont un fort caract\u00e8re r\u00e9gional, des qualit\u00e9s bien particuli\u00e8res, et un charme ind\u00e9niable.<\/p>\n\n\n\n<p><strong>Auteur:<\/strong> Jean Rosen<\/p>\n\n\n\n<p><strong>Editeur :<\/strong> mare et martin<\/p>\n\n\n\n<p><\/p>\n","protected":false},"excerpt":{"rendered":"<p>Si Francis Morin a bien retrac\u00e9 l\u2019histoire des fa\u00efenceries de La Rochelle en 1990, Jean Rosen a mis fin, dans plusieurs articles parus de 2007 jusqu\u2019\u00e0 2022 dans la revue&nbsp;S\u00e8vres, \u00e0 l\u2019attribution massive, abusive et erron\u00e9e \u00e0 La Rochelle d\u2019un certain nombre de fa\u00efences d\u2019origine nivernaise datables de la deuxi\u00e8me moiti\u00e9 du XVIIIe si\u00e8cle.&nbsp; Apr\u00e8s [&hellip;]<\/p>\n","protected":false},"author":6,"featured_media":18611,"comment_status":"closed","ping_status":"closed","sticky":false,"template":"","format":"standard","meta":{"jetpack_post_was_ever_published":false,"_jetpack_newsletter_access":"","_jetpack_dont_email_post_to_subs":false,"_jetpack_newsletter_tier_id":0,"_jetpack_memberships_contains_paywalled_content":false,"_jetpack_memberships_contains_paid_content":false,"footnotes":"","jetpack_publicize_message":"","jetpack_publicize_feature_enabled":true,"jetpack_social_post_already_shared":false,"jetpack_social_options":{"image_generator_settings":{"template":"highway","default_image_id":0,"font":"","enabled":false},"version":2}},"categories":[574],"tags":[],"class_list":["post-18610","post","type-post","status-publish","format-standard","has-post-thumbnail","hentry","category-lobjet-du-mois"],"yoast_head":"<!-- This site is optimized with the Yoast SEO plugin v26.9 - https:\/\/yoast.com\/product\/yoast-seo-wordpress\/ -->\n<title>La Fa\u00efence de La Rochelle, un nouveau regard Le Magazine de Proantic<\/title>\n<meta name=\"description\" content=\"Si Francis Morin a bien retrac\u00e9 l\u2019histoire des fa\u00efenceries de La Rochelle en 1990, Jean Rosen a mis fin, dans plusieurs articles parus de 2007 jusqu\u2019\u00e0\" \/>\n<meta name=\"robots\" content=\"index, follow, max-snippet:-1, max-image-preview:large, max-video-preview:-1\" \/>\n<link rel=\"canonical\" href=\"https:\/\/www.proantic.com\/magazine\/la-faience-de-la-rochelle-un-nouveau-regard\/\" \/>\n<meta property=\"og:locale\" content=\"fr_FR\" \/>\n<meta property=\"og:type\" content=\"article\" \/>\n<meta property=\"og:title\" content=\"La Fa\u00efence de La Rochelle, un nouveau regard Le Magazine de Proantic\" \/>\n<meta property=\"og:description\" content=\"Si Francis Morin a bien retrac\u00e9 l\u2019histoire des fa\u00efenceries de La Rochelle en 1990, Jean Rosen a mis fin, dans plusieurs articles parus de 2007 jusqu\u2019\u00e0\" \/>\n<meta property=\"og:url\" content=\"https:\/\/www.proantic.com\/magazine\/la-faience-de-la-rochelle-un-nouveau-regard\/\" \/>\n<meta property=\"og:site_name\" content=\"Le Magazine de Proantic\" \/>\n<meta property=\"article:publisher\" content=\"https:\/\/www.facebook.com\/pages\/Proantic\/\/259180871793\" \/>\n<meta property=\"article:published_time\" content=\"2026-09-04T09:39:10+00:00\" \/>\n<meta property=\"og:image\" content=\"https:\/\/www.proantic.com\/magazine\/wp-content\/uploads\/2026\/09\/Capture-decran-2026-09-04-113643.png\" \/>\n\t<meta property=\"og:image:width\" content=\"938\" \/>\n\t<meta property=\"og:image:height\" content=\"721\" \/>\n\t<meta property=\"og:image:type\" content=\"image\/png\" \/>\n<meta name=\"author\" content=\"C\u00e9line Autant\" \/>\n<meta name=\"twitter:label1\" content=\"\u00c9crit par\" \/>\n\t<meta name=\"twitter:data1\" content=\"C\u00e9line Autant\" \/>\n\t<meta name=\"twitter:label2\" content=\"Dur\u00e9e de lecture estim\u00e9e\" \/>\n\t<meta name=\"twitter:data2\" content=\"1 minute\" \/>\n<script type=\"application\/ld+json\" class=\"yoast-schema-graph\">{\"@context\":\"https:\/\/schema.org\",\"@graph\":[{\"@type\":\"Article\",\"@id\":\"https:\/\/www.proantic.com\/magazine\/la-faience-de-la-rochelle-un-nouveau-regard\/#article\",\"isPartOf\":{\"@id\":\"https:\/\/www.proantic.com\/magazine\/la-faience-de-la-rochelle-un-nouveau-regard\/\"},\"author\":{\"name\":\"C\u00e9line Autant\",\"@id\":\"https:\/\/www.proantic.com\/magazine\/#\/schema\/person\/870544872d3e2c41c7f1af01215d0931\"},\"headline\":\"La Fa\u00efence de La Rochelle, un nouveau regard\",\"datePublished\":\"2026-09-04T09:39:10+00:00\",\"mainEntityOfPage\":{\"@id\":\"https:\/\/www.proantic.com\/magazine\/la-faience-de-la-rochelle-un-nouveau-regard\/\"},\"wordCount\":140,\"image\":{\"@id\":\"https:\/\/www.proantic.com\/magazine\/la-faience-de-la-rochelle-un-nouveau-regard\/#primaryimage\"},\"thumbnailUrl\":\"https:\/\/i0.wp.com\/www.proantic.com\/magazine\/wp-content\/uploads\/2026\/09\/Capture-decran-2026-09-04-113643.png?fit=938%2C721&ssl=1\",\"articleSection\":[\"L'objet du mois\"],\"inLanguage\":\"fr-FR\"},{\"@type\":\"WebPage\",\"@id\":\"https:\/\/www.proantic.com\/magazine\/la-faience-de-la-rochelle-un-nouveau-regard\/\",\"url\":\"https:\/\/www.proantic.com\/magazine\/la-faience-de-la-rochelle-un-nouveau-regard\/\",\"name\":\"La Fa\u00efence de La Rochelle, un nouveau regard Le Magazine de Proantic\",\"isPartOf\":{\"@id\":\"https:\/\/www.proantic.com\/magazine\/#website\"},\"primaryImageOfPage\":{\"@id\":\"https:\/\/www.proantic.com\/magazine\/la-faience-de-la-rochelle-un-nouveau-regard\/#primaryimage\"},\"image\":{\"@id\":\"https:\/\/www.proantic.com\/magazine\/la-faience-de-la-rochelle-un-nouveau-regard\/#primaryimage\"},\"thumbnailUrl\":\"https:\/\/i0.wp.com\/www.proantic.com\/magazine\/wp-content\/uploads\/2026\/09\/Capture-decran-2026-09-04-113643.png?fit=938%2C721&ssl=1\",\"datePublished\":\"2026-09-04T09:39:10+00:00\",\"author\":{\"@id\":\"https:\/\/www.proantic.com\/magazine\/#\/schema\/person\/870544872d3e2c41c7f1af01215d0931\"},\"description\":\"Si Francis Morin a bien retrac\u00e9 l\u2019histoire des fa\u00efenceries de La Rochelle en 1990, Jean Rosen a mis fin, dans plusieurs articles parus de 2007 jusqu\u2019\u00e0\",\"breadcrumb\":{\"@id\":\"https:\/\/www.proantic.com\/magazine\/la-faience-de-la-rochelle-un-nouveau-regard\/#breadcrumb\"},\"inLanguage\":\"fr-FR\",\"potentialAction\":[{\"@type\":\"ReadAction\",\"target\":[\"https:\/\/www.proantic.com\/magazine\/la-faience-de-la-rochelle-un-nouveau-regard\/\"]}]},{\"@type\":\"ImageObject\",\"inLanguage\":\"fr-FR\",\"@id\":\"https:\/\/www.proantic.com\/magazine\/la-faience-de-la-rochelle-un-nouveau-regard\/#primaryimage\",\"url\":\"https:\/\/i0.wp.com\/www.proantic.com\/magazine\/wp-content\/uploads\/2026\/09\/Capture-decran-2026-09-04-113643.png?fit=938%2C721&ssl=1\",\"contentUrl\":\"https:\/\/i0.wp.com\/www.proantic.com\/magazine\/wp-content\/uploads\/2026\/09\/Capture-decran-2026-09-04-113643.png?fit=938%2C721&ssl=1\",\"width\":938,\"height\":721},{\"@type\":\"BreadcrumbList\",\"@id\":\"https:\/\/www.proantic.com\/magazine\/la-faience-de-la-rochelle-un-nouveau-regard\/#breadcrumb\",\"itemListElement\":[{\"@type\":\"ListItem\",\"position\":1,\"name\":\"Accueil\",\"item\":\"https:\/\/www.proantic.com\/magazine\/\"},{\"@type\":\"ListItem\",\"position\":2,\"name\":\"La Fa\u00efence de La Rochelle, un nouveau regard\"}]},{\"@type\":\"WebSite\",\"@id\":\"https:\/\/www.proantic.com\/magazine\/#website\",\"url\":\"https:\/\/www.proantic.com\/magazine\/\",\"name\":\"Le Magazine de Proantic\",\"description\":\"Magazine d&#039;art et expositions\",\"potentialAction\":[{\"@type\":\"SearchAction\",\"target\":{\"@type\":\"EntryPoint\",\"urlTemplate\":\"https:\/\/www.proantic.com\/magazine\/?s={search_term_string}\"},\"query-input\":{\"@type\":\"PropertyValueSpecification\",\"valueRequired\":true,\"valueName\":\"search_term_string\"}}],\"inLanguage\":\"fr-FR\"},{\"@type\":\"Person\",\"@id\":\"https:\/\/www.proantic.com\/magazine\/#\/schema\/person\/870544872d3e2c41c7f1af01215d0931\",\"name\":\"C\u00e9line Autant\"}]}<\/script>\n<!-- \/ Yoast SEO plugin. -->","yoast_head_json":{"title":"La Fa\u00efence de La Rochelle, un nouveau regard Le Magazine de Proantic","description":"Si Francis Morin a bien retrac\u00e9 l\u2019histoire des fa\u00efenceries de La Rochelle en 1990, Jean Rosen a mis fin, dans plusieurs articles parus de 2007 jusqu\u2019\u00e0","robots":{"index":"index","follow":"follow","max-snippet":"max-snippet:-1","max-image-preview":"max-image-preview:large","max-video-preview":"max-video-preview:-1"},"canonical":"https:\/\/www.proantic.com\/magazine\/la-faience-de-la-rochelle-un-nouveau-regard\/","og_locale":"fr_FR","og_type":"article","og_title":"La Fa\u00efence de La Rochelle, un nouveau regard Le Magazine de Proantic","og_description":"Si Francis Morin a bien retrac\u00e9 l\u2019histoire des fa\u00efenceries de La Rochelle en 1990, Jean Rosen a mis fin, dans plusieurs articles parus de 2007 jusqu\u2019\u00e0","og_url":"https:\/\/www.proantic.com\/magazine\/la-faience-de-la-rochelle-un-nouveau-regard\/","og_site_name":"Le Magazine de Proantic","article_publisher":"https:\/\/www.facebook.com\/pages\/Proantic\/\/259180871793","article_published_time":"2026-09-04T09:39:10+00:00","og_image":[{"width":938,"height":721,"url":"https:\/\/www.proantic.com\/magazine\/wp-content\/uploads\/2026\/09\/Capture-decran-2026-09-04-113643.png","type":"image\/png"}],"author":"C\u00e9line Autant","twitter_misc":{"\u00c9crit par":"C\u00e9line Autant","Dur\u00e9e de lecture estim\u00e9e":"1 minute"},"schema":{"@context":"https:\/\/schema.org","@graph":[{"@type":"Article","@id":"https:\/\/www.proantic.com\/magazine\/la-faience-de-la-rochelle-un-nouveau-regard\/#article","isPartOf":{"@id":"https:\/\/www.proantic.com\/magazine\/la-faience-de-la-rochelle-un-nouveau-regard\/"},"author":{"name":"C\u00e9line Autant","@id":"https:\/\/www.proantic.com\/magazine\/#\/schema\/person\/870544872d3e2c41c7f1af01215d0931"},"headline":"La Fa\u00efence de La Rochelle, un nouveau regard","datePublished":"2026-09-04T09:39:10+00:00","mainEntityOfPage":{"@id":"https:\/\/www.proantic.com\/magazine\/la-faience-de-la-rochelle-un-nouveau-regard\/"},"wordCount":140,"image":{"@id":"https:\/\/www.proantic.com\/magazine\/la-faience-de-la-rochelle-un-nouveau-regard\/#primaryimage"},"thumbnailUrl":"https:\/\/i0.wp.com\/www.proantic.com\/magazine\/wp-content\/uploads\/2026\/09\/Capture-decran-2026-09-04-113643.png?fit=938%2C721&ssl=1","articleSection":["L'objet du mois"],"inLanguage":"fr-FR"},{"@type":"WebPage","@id":"https:\/\/www.proantic.com\/magazine\/la-faience-de-la-rochelle-un-nouveau-regard\/","url":"https:\/\/www.proantic.com\/magazine\/la-faience-de-la-rochelle-un-nouveau-regard\/","name":"La Fa\u00efence de La Rochelle, un nouveau regard Le Magazine de Proantic","isPartOf":{"@id":"https:\/\/www.proantic.com\/magazine\/#website"},"primaryImageOfPage":{"@id":"https:\/\/www.proantic.com\/magazine\/la-faience-de-la-rochelle-un-nouveau-regard\/#primaryimage"},"image":{"@id":"https:\/\/www.proantic.com\/magazine\/la-faience-de-la-rochelle-un-nouveau-regard\/#primaryimage"},"thumbnailUrl":"https:\/\/i0.wp.com\/www.proantic.com\/magazine\/wp-content\/uploads\/2026\/09\/Capture-decran-2026-09-04-113643.png?fit=938%2C721&ssl=1","datePublished":"2026-09-04T09:39:10+00:00","author":{"@id":"https:\/\/www.proantic.com\/magazine\/#\/schema\/person\/870544872d3e2c41c7f1af01215d0931"},"description":"Si Francis Morin a bien retrac\u00e9 l\u2019histoire des fa\u00efenceries de La Rochelle en 1990, Jean Rosen a mis fin, dans plusieurs articles parus de 2007 jusqu\u2019\u00e0","breadcrumb":{"@id":"https:\/\/www.proantic.com\/magazine\/la-faience-de-la-rochelle-un-nouveau-regard\/#breadcrumb"},"inLanguage":"fr-FR","potentialAction":[{"@type":"ReadAction","target":["https:\/\/www.proantic.com\/magazine\/la-faience-de-la-rochelle-un-nouveau-regard\/"]}]},{"@type":"ImageObject","inLanguage":"fr-FR","@id":"https:\/\/www.proantic.com\/magazine\/la-faience-de-la-rochelle-un-nouveau-regard\/#primaryimage","url":"https:\/\/i0.wp.com\/www.proantic.com\/magazine\/wp-content\/uploads\/2026\/09\/Capture-decran-2026-09-04-113643.png?fit=938%2C721&ssl=1","contentUrl":"https:\/\/i0.wp.com\/www.proantic.com\/magazine\/wp-content\/uploads\/2026\/09\/Capture-decran-2026-09-04-113643.png?fit=938%2C721&ssl=1","width":938,"height":721},{"@type":"BreadcrumbList","@id":"https:\/\/www.proantic.com\/magazine\/la-faience-de-la-rochelle-un-nouveau-regard\/#breadcrumb","itemListElement":[{"@type":"ListItem","position":1,"name":"Accueil","item":"https:\/\/www.proantic.com\/magazine\/"},{"@type":"ListItem","position":2,"name":"La Fa\u00efence de La Rochelle, un nouveau regard"}]},{"@type":"WebSite","@id":"https:\/\/www.proantic.com\/magazine\/#website","url":"https:\/\/www.proantic.com\/magazine\/","name":"Le Magazine de Proantic","description":"Magazine d&#039;art et expositions","potentialAction":[{"@type":"SearchAction","target":{"@type":"EntryPoint","urlTemplate":"https:\/\/www.proantic.com\/magazine\/?s={search_term_string}"},"query-input":{"@type":"PropertyValueSpecification","valueRequired":true,"valueName":"search_term_string"}}],"inLanguage":"fr-FR"},{"@type":"Person","@id":"https:\/\/www.proantic.com\/magazine\/#\/schema\/person\/870544872d3e2c41c7f1af01215d0931","name":"C\u00e9line Autant"}]}},"jetpack_publicize_connections":[],"jetpack_featured_media_url":"https:\/\/i0.wp.com\/www.proantic.com\/magazine\/wp-content\/uploads\/2026\/09\/Capture-decran-2026-09-04-113643.png?fit=938%2C721&ssl=1","jetpack_shortlink":"https:\/\/wp.me\/p7EkP3-4Qa","jetpack_sharing_enabled":true,"_links":{"self":[{"href":"https:\/\/www.proantic.com\/magazine\/wp-json\/wp\/v2\/posts\/18610","targetHints":{"allow":["GET"]}}],"collection":[{"href":"https:\/\/www.proantic.com\/magazine\/wp-json\/wp\/v2\/posts"}],"about":[{"href":"https:\/\/www.proantic.com\/magazine\/wp-json\/wp\/v2\/types\/post"}],"author":[{"embeddable":true,"href":"https:\/\/www.proantic.com\/magazine\/wp-json\/wp\/v2\/users\/6"}],"replies":[{"embeddable":true,"href":"https:\/\/www.proantic.com\/magazine\/wp-json\/wp\/v2\/comments?post=18610"}],"version-history":[{"count":1,"href":"https:\/\/www.proantic.com\/magazine\/wp-json\/wp\/v2\/posts\/18610\/revisions"}],"predecessor-version":[{"id":18612,"href":"https:\/\/www.proantic.com\/magazine\/wp-json\/wp\/v2\/posts\/18610\/revisions\/18612"}],"wp:featuredmedia":[{"embeddable":true,"href":"https:\/\/www.proantic.com\/magazine\/wp-json\/wp\/v2\/media\/18611"}],"wp:attachment":[{"href":"https:\/\/www.proantic.com\/magazine\/wp-json\/wp\/v2\/media?parent=18610"}],"wp:term":[{"taxonomy":"category","embeddable":true,"href":"https:\/\/www.proantic.com\/magazine\/wp-json\/wp\/v2\/categories?post=18610"},{"taxonomy":"post_tag","embeddable":true,"href":"https:\/\/www.proantic.com\/magazine\/wp-json\/wp\/v2\/tags?post=18610"}],"curies":[{"name":"wp","href":"https:\/\/api.w.org\/{rel}","templated":true}]}}