{"id":18595,"date":"2026-09-04T10:38:56","date_gmt":"2026-09-04T09:38:56","guid":{"rendered":"https:\/\/www.proantic.com\/magazine\/?p=18595"},"modified":"2026-09-04T10:38:56","modified_gmt":"2026-09-04T09:38:56","slug":"boite-ronde-parlante-en-bois-de-sainte-lucie","status":"publish","type":"post","link":"https:\/\/www.proantic.com\/magazine\/boite-ronde-parlante-en-bois-de-sainte-lucie\/","title":{"rendered":"Bo\u00eete ronde parlante en bois de Sainte Lucie"},"content":{"rendered":"\n<p>Bo\u00eete ronde parlante, au couvercle bomb\u00e9 sculpt\u00e9 et grav\u00e9, en bois de Sainte Lucie,\u00a0 \u00e9poque Louis XIV, r\u00e9gion de Nancy,\u00a0<br>Texte entourant beau d\u00e9cor d\u2019oiseau en relief sur un fond amati, volutes de feuillages cisel\u00e9s\u00a0 et\u00a0: Je Meurs d\u2019Amour pour vous.<br>Bon \u00e9tat de conservation, un b\u00e2illement du couvercle , mais en y allant doucement en tournant, la bo\u00eete ferme bien.<br>Belle couleur et patine.<br><\/p>\n\n\n\n<figure class=\"wp-block-image size-large\"><a href=\"https:\/\/i0.wp.com\/www.proantic.com\/magazine\/wp-content\/uploads\/2026\/09\/1816019-main-6a99569632c2a-1.jpg?ssl=1\"><img data-recalc-dims=\"1\" loading=\"lazy\" decoding=\"async\" width=\"665\" height=\"678\" data-attachment-id=\"18600\" data-permalink=\"https:\/\/www.proantic.com\/magazine\/boite-ronde-parlante-en-bois-de-sainte-lucie\/1816019-main-6a99569632c2a-2\/\" data-orig-file=\"https:\/\/i0.wp.com\/www.proantic.com\/magazine\/wp-content\/uploads\/2026\/09\/1816019-main-6a99569632c2a-1.jpg?fit=1176%2C1200&amp;ssl=1\" data-orig-size=\"1176,1200\" data-comments-opened=\"1\" data-image-meta=\"{&quot;aperture&quot;:&quot;1.65&quot;,&quot;credit&quot;:&quot;&quot;,&quot;camera&quot;:&quot;2312DRA50G&quot;,&quot;caption&quot;:&quot;&quot;,&quot;created_timestamp&quot;:&quot;1788439393&quot;,&quot;copyright&quot;:&quot;&quot;,&quot;focal_length&quot;:&quot;6.14&quot;,&quot;iso&quot;:&quot;100&quot;,&quot;shutter_speed&quot;:&quot;0.02&quot;,&quot;title&quot;:&quot;&quot;,&quot;orientation&quot;:&quot;1&quot;}\" data-image-title=\"Bo\u00eete ronde parlante en bois de Sainte Lucie. (c) Eclecticnimes, Proantic\" data-image-description=\"\" data-image-caption=\"&lt;p&gt;Bo\u00eete ronde parlante en bois de Sainte Lucie.&lt;br \/&gt;\n(c) Eclecticnimes, Proantic&lt;\/p&gt;\n\" data-medium-file=\"https:\/\/i0.wp.com\/www.proantic.com\/magazine\/wp-content\/uploads\/2026\/09\/1816019-main-6a99569632c2a-1.jpg?fit=294%2C300&amp;ssl=1\" data-large-file=\"https:\/\/i0.wp.com\/www.proantic.com\/magazine\/wp-content\/uploads\/2026\/09\/1816019-main-6a99569632c2a-1.jpg?fit=665%2C678&amp;ssl=1\" src=\"https:\/\/i0.wp.com\/www.proantic.com\/magazine\/wp-content\/uploads\/2026\/09\/1816019-main-6a99569632c2a-1.jpg?resize=665%2C678&#038;ssl=1\" alt=\"\" class=\"wp-image-18600\" srcset=\"https:\/\/i0.wp.com\/www.proantic.com\/magazine\/wp-content\/uploads\/2026\/09\/1816019-main-6a99569632c2a-1.jpg?resize=1004%2C1024&amp;ssl=1 1004w, https:\/\/i0.wp.com\/www.proantic.com\/magazine\/wp-content\/uploads\/2026\/09\/1816019-main-6a99569632c2a-1.jpg?resize=294%2C300&amp;ssl=1 294w, https:\/\/i0.wp.com\/www.proantic.com\/magazine\/wp-content\/uploads\/2026\/09\/1816019-main-6a99569632c2a-1.jpg?resize=768%2C784&amp;ssl=1 768w, https:\/\/i0.wp.com\/www.proantic.com\/magazine\/wp-content\/uploads\/2026\/09\/1816019-main-6a99569632c2a-1.jpg?w=1176&amp;ssl=1 1176w\" sizes=\"auto, (max-width: 665px) 100vw, 665px\" \/><\/a><figcaption class=\"wp-element-caption\">Bo\u00eete ronde parlante en bois de Sainte Lucie.<br>(c) <a href=\"https:\/\/www.proantic.com\/galerie\/eclecticnimes\/\">Eclecticnimes<\/a>, Proantic<\/figcaption><\/figure>\n\n\n\n<p>Le nom de \u00ab Bois de Sainte-Lucie \u00bb Prunus mahaleb trouve son origine d&rsquo;un couvent de Minimes, Sainte-Lucie-du-Mont, situ\u00e9 sur les hauteurs de Sampigny (Meuse) o\u00f9 s&rsquo;est d\u00e9velopp\u00e9 au 17e si\u00e8cle, un artisanat d&rsquo;objets religieux fabriqu\u00e9s dans le bois de cette essence que l&rsquo;on trouvait abondamment aux alentours du couvent. <\/p>\n\n\n\n<p>Ce bois fut utilis\u00e9 par les artisans lorrains d\u00e8s la seconde moiti\u00e9 du XVIIe si\u00e8cle pour confectionner de petits objets imitant l&rsquo;orf\u00e8vrerie de luxe comme les petits coffrets, les bo\u00eetes \u00e0 poudre, les bo\u00eetes de toilette, les cadres, les statuettes, etc.<br>Il servit notamment d&rsquo;objet de luxe en remplacement de ceux en argent, fondus suite aux \u00e9dits somptuaires<\/p>\n\n\n\n<figure class=\"wp-block-image size-large\"><a href=\"https:\/\/i0.wp.com\/www.proantic.com\/magazine\/wp-content\/uploads\/2026\/09\/1816019-6a9956965f8b5.jpg?ssl=1\"><img data-recalc-dims=\"1\" loading=\"lazy\" decoding=\"async\" width=\"665\" height=\"403\" data-attachment-id=\"18597\" data-permalink=\"https:\/\/www.proantic.com\/magazine\/boite-ronde-parlante-en-bois-de-sainte-lucie\/1816019-6a9956965f8b5\/\" data-orig-file=\"https:\/\/i0.wp.com\/www.proantic.com\/magazine\/wp-content\/uploads\/2026\/09\/1816019-6a9956965f8b5.jpg?fit=1200%2C728&amp;ssl=1\" data-orig-size=\"1200,728\" data-comments-opened=\"1\" data-image-meta=\"{&quot;aperture&quot;:&quot;1.65&quot;,&quot;credit&quot;:&quot;&quot;,&quot;camera&quot;:&quot;2312DRA50G&quot;,&quot;caption&quot;:&quot;&quot;,&quot;created_timestamp&quot;:&quot;1788439500&quot;,&quot;copyright&quot;:&quot;&quot;,&quot;focal_length&quot;:&quot;6.14&quot;,&quot;iso&quot;:&quot;100&quot;,&quot;shutter_speed&quot;:&quot;0.02&quot;,&quot;title&quot;:&quot;&quot;,&quot;orientation&quot;:&quot;1&quot;}\" data-image-title=\"Bo\u00eete ronde parlante en bois de Sainte Lucie. (c) Eclecticnimes, Proantic\" data-image-description=\"\" data-image-caption=\"&lt;p&gt;Bo\u00eete ronde parlante en bois de Sainte Lucie.&lt;br \/&gt;\n(c) Eclecticnimes, Proantic&lt;\/p&gt;\n\" data-medium-file=\"https:\/\/i0.wp.com\/www.proantic.com\/magazine\/wp-content\/uploads\/2026\/09\/1816019-6a9956965f8b5.jpg?fit=300%2C182&amp;ssl=1\" data-large-file=\"https:\/\/i0.wp.com\/www.proantic.com\/magazine\/wp-content\/uploads\/2026\/09\/1816019-6a9956965f8b5.jpg?fit=665%2C403&amp;ssl=1\" src=\"https:\/\/i0.wp.com\/www.proantic.com\/magazine\/wp-content\/uploads\/2026\/09\/1816019-6a9956965f8b5.jpg?resize=665%2C403&#038;ssl=1\" alt=\"\" class=\"wp-image-18597\" srcset=\"https:\/\/i0.wp.com\/www.proantic.com\/magazine\/wp-content\/uploads\/2026\/09\/1816019-6a9956965f8b5.jpg?resize=1024%2C621&amp;ssl=1 1024w, https:\/\/i0.wp.com\/www.proantic.com\/magazine\/wp-content\/uploads\/2026\/09\/1816019-6a9956965f8b5.jpg?resize=300%2C182&amp;ssl=1 300w, https:\/\/i0.wp.com\/www.proantic.com\/magazine\/wp-content\/uploads\/2026\/09\/1816019-6a9956965f8b5.jpg?resize=768%2C466&amp;ssl=1 768w, https:\/\/i0.wp.com\/www.proantic.com\/magazine\/wp-content\/uploads\/2026\/09\/1816019-6a9956965f8b5.jpg?w=1200&amp;ssl=1 1200w\" sizes=\"auto, (max-width: 665px) 100vw, 665px\" \/><\/a><figcaption class=\"wp-element-caption\">Bo\u00eete ronde parlante en bois de Sainte Lucie.<br>(c) <a href=\"https:\/\/www.proantic.com\/galerie\/eclecticnimes\/\">Eclecticnimes,<\/a> Proantic<\/figcaption><\/figure>\n\n\n\n<p>Il prend aussi le nom de \u00ab\u00a0bois de Bagard\u00a0\u00bb, du nom du sculpteur nanc\u00e9en C\u00e9sar Bagard (1620-1709) qui en fit de tr\u00e8s beaux objets durant la seconde moiti\u00e9 du XVIIe si\u00e8cle. Les panneaux et couvercles s&rsquo;ornent de beaux rinceaux et volutes feuillag\u00e9es dans les styles baroques Louis XIV et R\u00e9gence.<\/p>\n\n\n\n<p>Le bois de Sainte-Lucie se reconna\u00eet \u00e0 son grain extr\u00eamement fin, sa structure bien dense et sa belle couleur gris-rouge\u00e2tre donnant un tr\u00e8s beau poli. Il r\u00e9pand \u00e9galement une agr\u00e9able odeur. Cet arbre proche du cerisier pousse pr\u00e8s de Nancy.<\/p>\n","protected":false},"excerpt":{"rendered":"<p>Bo\u00eete ronde parlante, au couvercle bomb\u00e9 sculpt\u00e9 et grav\u00e9, en bois de Sainte Lucie,\u00a0 \u00e9poque Louis XIV, r\u00e9gion de Nancy,\u00a0Texte entourant beau d\u00e9cor d\u2019oiseau en relief sur un fond amati, volutes de feuillages cisel\u00e9s\u00a0 et\u00a0: Je Meurs d\u2019Amour pour vous.Bon \u00e9tat de conservation, un b\u00e2illement du couvercle , mais en y allant doucement en tournant, [&hellip;]<\/p>\n","protected":false},"author":6,"featured_media":18598,"comment_status":"closed","ping_status":"closed","sticky":false,"template":"","format":"standard","meta":{"jetpack_post_was_ever_published":false,"_jetpack_newsletter_access":"","_jetpack_dont_email_post_to_subs":false,"_jetpack_newsletter_tier_id":0,"_jetpack_memberships_contains_paywalled_content":false,"_jetpack_memberships_contains_paid_content":false,"footnotes":"","jetpack_publicize_message":"","jetpack_publicize_feature_enabled":true,"jetpack_social_post_already_shared":false,"jetpack_social_options":{"image_generator_settings":{"template":"highway","default_image_id":0,"font":"","enabled":false},"version":2}},"categories":[574],"tags":[],"class_list":["post-18595","post","type-post","status-publish","format-standard","has-post-thumbnail","hentry","category-lobjet-du-mois"],"yoast_head":"<!-- This site is optimized with the Yoast SEO plugin v26.9 - https:\/\/yoast.com\/product\/yoast-seo-wordpress\/ -->\n<title>Bo\u00eete ronde parlante en bois de Sainte Lucie Le Magazine de Proantic<\/title>\n<meta name=\"description\" content=\"Bo\u00eete ronde parlante, au couvercle bomb\u00e9 sculpt\u00e9 et grav\u00e9, en bois de Sainte Lucie,\u00a0 \u00e9poque Louis XIV, r\u00e9gion de Nancy,\u00a0Texte entourant beau d\u00e9cor\" \/>\n<meta name=\"robots\" content=\"index, follow, max-snippet:-1, max-image-preview:large, max-video-preview:-1\" \/>\n<link rel=\"canonical\" href=\"https:\/\/www.proantic.com\/magazine\/boite-ronde-parlante-en-bois-de-sainte-lucie\/\" \/>\n<meta property=\"og:locale\" content=\"fr_FR\" \/>\n<meta property=\"og:type\" content=\"article\" \/>\n<meta property=\"og:title\" content=\"Bo\u00eete ronde parlante en bois de Sainte Lucie Le Magazine de Proantic\" \/>\n<meta property=\"og:description\" content=\"Bo\u00eete ronde parlante, au couvercle bomb\u00e9 sculpt\u00e9 et grav\u00e9, en bois de Sainte Lucie,\u00a0 \u00e9poque Louis XIV, r\u00e9gion de Nancy,\u00a0Texte entourant beau d\u00e9cor\" \/>\n<meta property=\"og:url\" content=\"https:\/\/www.proantic.com\/magazine\/boite-ronde-parlante-en-bois-de-sainte-lucie\/\" \/>\n<meta property=\"og:site_name\" content=\"Le Magazine de Proantic\" \/>\n<meta property=\"article:publisher\" content=\"https:\/\/www.facebook.com\/pages\/Proantic\/\/259180871793\" \/>\n<meta property=\"article:published_time\" content=\"2026-09-04T09:38:56+00:00\" \/>\n<meta property=\"og:image\" content=\"https:\/\/www.proantic.com\/magazine\/wp-content\/uploads\/2026\/09\/Capture-decran-2026-09-04-111359.png\" \/>\n\t<meta property=\"og:image:width\" content=\"738\" \/>\n\t<meta property=\"og:image:height\" content=\"352\" \/>\n\t<meta property=\"og:image:type\" content=\"image\/png\" \/>\n<meta name=\"author\" content=\"C\u00e9line Autant\" \/>\n<meta name=\"twitter:label1\" content=\"\u00c9crit par\" \/>\n\t<meta name=\"twitter:data1\" content=\"C\u00e9line Autant\" \/>\n\t<meta name=\"twitter:label2\" content=\"Dur\u00e9e de lecture estim\u00e9e\" \/>\n\t<meta name=\"twitter:data2\" content=\"3 minutes\" \/>\n<script type=\"application\/ld+json\" class=\"yoast-schema-graph\">{\"@context\":\"https:\/\/schema.org\",\"@graph\":[{\"@type\":\"Article\",\"@id\":\"https:\/\/www.proantic.com\/magazine\/boite-ronde-parlante-en-bois-de-sainte-lucie\/#article\",\"isPartOf\":{\"@id\":\"https:\/\/www.proantic.com\/magazine\/boite-ronde-parlante-en-bois-de-sainte-lucie\/\"},\"author\":{\"name\":\"C\u00e9line Autant\",\"@id\":\"https:\/\/www.proantic.com\/magazine\/#\/schema\/person\/870544872d3e2c41c7f1af01215d0931\"},\"headline\":\"Bo\u00eete ronde parlante en bois de Sainte Lucie\",\"datePublished\":\"2026-09-04T09:38:56+00:00\",\"mainEntityOfPage\":{\"@id\":\"https:\/\/www.proantic.com\/magazine\/boite-ronde-parlante-en-bois-de-sainte-lucie\/\"},\"wordCount\":327,\"image\":{\"@id\":\"https:\/\/www.proantic.com\/magazine\/boite-ronde-parlante-en-bois-de-sainte-lucie\/#primaryimage\"},\"thumbnailUrl\":\"https:\/\/i0.wp.com\/www.proantic.com\/magazine\/wp-content\/uploads\/2026\/09\/Capture-decran-2026-09-04-111359.png?fit=738%2C352&ssl=1\",\"articleSection\":[\"L'objet du mois\"],\"inLanguage\":\"fr-FR\"},{\"@type\":\"WebPage\",\"@id\":\"https:\/\/www.proantic.com\/magazine\/boite-ronde-parlante-en-bois-de-sainte-lucie\/\",\"url\":\"https:\/\/www.proantic.com\/magazine\/boite-ronde-parlante-en-bois-de-sainte-lucie\/\",\"name\":\"Bo\u00eete ronde parlante en bois de Sainte Lucie Le Magazine de Proantic\",\"isPartOf\":{\"@id\":\"https:\/\/www.proantic.com\/magazine\/#website\"},\"primaryImageOfPage\":{\"@id\":\"https:\/\/www.proantic.com\/magazine\/boite-ronde-parlante-en-bois-de-sainte-lucie\/#primaryimage\"},\"image\":{\"@id\":\"https:\/\/www.proantic.com\/magazine\/boite-ronde-parlante-en-bois-de-sainte-lucie\/#primaryimage\"},\"thumbnailUrl\":\"https:\/\/i0.wp.com\/www.proantic.com\/magazine\/wp-content\/uploads\/2026\/09\/Capture-decran-2026-09-04-111359.png?fit=738%2C352&ssl=1\",\"datePublished\":\"2026-09-04T09:38:56+00:00\",\"author\":{\"@id\":\"https:\/\/www.proantic.com\/magazine\/#\/schema\/person\/870544872d3e2c41c7f1af01215d0931\"},\"description\":\"Bo\u00eete ronde parlante, au couvercle bomb\u00e9 sculpt\u00e9 et grav\u00e9, en bois de Sainte Lucie,\u00a0 \u00e9poque Louis XIV, r\u00e9gion de Nancy,\u00a0Texte entourant beau d\u00e9cor\",\"breadcrumb\":{\"@id\":\"https:\/\/www.proantic.com\/magazine\/boite-ronde-parlante-en-bois-de-sainte-lucie\/#breadcrumb\"},\"inLanguage\":\"fr-FR\",\"potentialAction\":[{\"@type\":\"ReadAction\",\"target\":[\"https:\/\/www.proantic.com\/magazine\/boite-ronde-parlante-en-bois-de-sainte-lucie\/\"]}]},{\"@type\":\"ImageObject\",\"inLanguage\":\"fr-FR\",\"@id\":\"https:\/\/www.proantic.com\/magazine\/boite-ronde-parlante-en-bois-de-sainte-lucie\/#primaryimage\",\"url\":\"https:\/\/i0.wp.com\/www.proantic.com\/magazine\/wp-content\/uploads\/2026\/09\/Capture-decran-2026-09-04-111359.png?fit=738%2C352&ssl=1\",\"contentUrl\":\"https:\/\/i0.wp.com\/www.proantic.com\/magazine\/wp-content\/uploads\/2026\/09\/Capture-decran-2026-09-04-111359.png?fit=738%2C352&ssl=1\",\"width\":738,\"height\":352},{\"@type\":\"BreadcrumbList\",\"@id\":\"https:\/\/www.proantic.com\/magazine\/boite-ronde-parlante-en-bois-de-sainte-lucie\/#breadcrumb\",\"itemListElement\":[{\"@type\":\"ListItem\",\"position\":1,\"name\":\"Accueil\",\"item\":\"https:\/\/www.proantic.com\/magazine\/\"},{\"@type\":\"ListItem\",\"position\":2,\"name\":\"Bo\u00eete ronde parlante en bois de Sainte Lucie\"}]},{\"@type\":\"WebSite\",\"@id\":\"https:\/\/www.proantic.com\/magazine\/#website\",\"url\":\"https:\/\/www.proantic.com\/magazine\/\",\"name\":\"Le Magazine de Proantic\",\"description\":\"Magazine d&#039;art et expositions\",\"potentialAction\":[{\"@type\":\"SearchAction\",\"target\":{\"@type\":\"EntryPoint\",\"urlTemplate\":\"https:\/\/www.proantic.com\/magazine\/?s={search_term_string}\"},\"query-input\":{\"@type\":\"PropertyValueSpecification\",\"valueRequired\":true,\"valueName\":\"search_term_string\"}}],\"inLanguage\":\"fr-FR\"},{\"@type\":\"Person\",\"@id\":\"https:\/\/www.proantic.com\/magazine\/#\/schema\/person\/870544872d3e2c41c7f1af01215d0931\",\"name\":\"C\u00e9line Autant\"}]}<\/script>\n<!-- \/ Yoast SEO plugin. -->","yoast_head_json":{"title":"Bo\u00eete ronde parlante en bois de Sainte Lucie Le Magazine de Proantic","description":"Bo\u00eete ronde parlante, au couvercle bomb\u00e9 sculpt\u00e9 et grav\u00e9, en bois de Sainte Lucie,\u00a0 \u00e9poque Louis XIV, r\u00e9gion de Nancy,\u00a0Texte entourant beau d\u00e9cor","robots":{"index":"index","follow":"follow","max-snippet":"max-snippet:-1","max-image-preview":"max-image-preview:large","max-video-preview":"max-video-preview:-1"},"canonical":"https:\/\/www.proantic.com\/magazine\/boite-ronde-parlante-en-bois-de-sainte-lucie\/","og_locale":"fr_FR","og_type":"article","og_title":"Bo\u00eete ronde parlante en bois de Sainte Lucie Le Magazine de Proantic","og_description":"Bo\u00eete ronde parlante, au couvercle bomb\u00e9 sculpt\u00e9 et grav\u00e9, en bois de Sainte Lucie,\u00a0 \u00e9poque Louis XIV, r\u00e9gion de Nancy,\u00a0Texte entourant beau d\u00e9cor","og_url":"https:\/\/www.proantic.com\/magazine\/boite-ronde-parlante-en-bois-de-sainte-lucie\/","og_site_name":"Le Magazine de Proantic","article_publisher":"https:\/\/www.facebook.com\/pages\/Proantic\/\/259180871793","article_published_time":"2026-09-04T09:38:56+00:00","og_image":[{"width":738,"height":352,"url":"https:\/\/www.proantic.com\/magazine\/wp-content\/uploads\/2026\/09\/Capture-decran-2026-09-04-111359.png","type":"image\/png"}],"author":"C\u00e9line Autant","twitter_misc":{"\u00c9crit par":"C\u00e9line Autant","Dur\u00e9e de lecture estim\u00e9e":"3 minutes"},"schema":{"@context":"https:\/\/schema.org","@graph":[{"@type":"Article","@id":"https:\/\/www.proantic.com\/magazine\/boite-ronde-parlante-en-bois-de-sainte-lucie\/#article","isPartOf":{"@id":"https:\/\/www.proantic.com\/magazine\/boite-ronde-parlante-en-bois-de-sainte-lucie\/"},"author":{"name":"C\u00e9line Autant","@id":"https:\/\/www.proantic.com\/magazine\/#\/schema\/person\/870544872d3e2c41c7f1af01215d0931"},"headline":"Bo\u00eete ronde parlante en bois de Sainte Lucie","datePublished":"2026-09-04T09:38:56+00:00","mainEntityOfPage":{"@id":"https:\/\/www.proantic.com\/magazine\/boite-ronde-parlante-en-bois-de-sainte-lucie\/"},"wordCount":327,"image":{"@id":"https:\/\/www.proantic.com\/magazine\/boite-ronde-parlante-en-bois-de-sainte-lucie\/#primaryimage"},"thumbnailUrl":"https:\/\/i0.wp.com\/www.proantic.com\/magazine\/wp-content\/uploads\/2026\/09\/Capture-decran-2026-09-04-111359.png?fit=738%2C352&ssl=1","articleSection":["L'objet du mois"],"inLanguage":"fr-FR"},{"@type":"WebPage","@id":"https:\/\/www.proantic.com\/magazine\/boite-ronde-parlante-en-bois-de-sainte-lucie\/","url":"https:\/\/www.proantic.com\/magazine\/boite-ronde-parlante-en-bois-de-sainte-lucie\/","name":"Bo\u00eete ronde parlante en bois de Sainte Lucie Le Magazine de Proantic","isPartOf":{"@id":"https:\/\/www.proantic.com\/magazine\/#website"},"primaryImageOfPage":{"@id":"https:\/\/www.proantic.com\/magazine\/boite-ronde-parlante-en-bois-de-sainte-lucie\/#primaryimage"},"image":{"@id":"https:\/\/www.proantic.com\/magazine\/boite-ronde-parlante-en-bois-de-sainte-lucie\/#primaryimage"},"thumbnailUrl":"https:\/\/i0.wp.com\/www.proantic.com\/magazine\/wp-content\/uploads\/2026\/09\/Capture-decran-2026-09-04-111359.png?fit=738%2C352&ssl=1","datePublished":"2026-09-04T09:38:56+00:00","author":{"@id":"https:\/\/www.proantic.com\/magazine\/#\/schema\/person\/870544872d3e2c41c7f1af01215d0931"},"description":"Bo\u00eete ronde parlante, au couvercle bomb\u00e9 sculpt\u00e9 et grav\u00e9, en bois de Sainte Lucie,\u00a0 \u00e9poque Louis XIV, r\u00e9gion de Nancy,\u00a0Texte entourant beau d\u00e9cor","breadcrumb":{"@id":"https:\/\/www.proantic.com\/magazine\/boite-ronde-parlante-en-bois-de-sainte-lucie\/#breadcrumb"},"inLanguage":"fr-FR","potentialAction":[{"@type":"ReadAction","target":["https:\/\/www.proantic.com\/magazine\/boite-ronde-parlante-en-bois-de-sainte-lucie\/"]}]},{"@type":"ImageObject","inLanguage":"fr-FR","@id":"https:\/\/www.proantic.com\/magazine\/boite-ronde-parlante-en-bois-de-sainte-lucie\/#primaryimage","url":"https:\/\/i0.wp.com\/www.proantic.com\/magazine\/wp-content\/uploads\/2026\/09\/Capture-decran-2026-09-04-111359.png?fit=738%2C352&ssl=1","contentUrl":"https:\/\/i0.wp.com\/www.proantic.com\/magazine\/wp-content\/uploads\/2026\/09\/Capture-decran-2026-09-04-111359.png?fit=738%2C352&ssl=1","width":738,"height":352},{"@type":"BreadcrumbList","@id":"https:\/\/www.proantic.com\/magazine\/boite-ronde-parlante-en-bois-de-sainte-lucie\/#breadcrumb","itemListElement":[{"@type":"ListItem","position":1,"name":"Accueil","item":"https:\/\/www.proantic.com\/magazine\/"},{"@type":"ListItem","position":2,"name":"Bo\u00eete ronde parlante en bois de Sainte Lucie"}]},{"@type":"WebSite","@id":"https:\/\/www.proantic.com\/magazine\/#website","url":"https:\/\/www.proantic.com\/magazine\/","name":"Le Magazine de Proantic","description":"Magazine d&#039;art et expositions","potentialAction":[{"@type":"SearchAction","target":{"@type":"EntryPoint","urlTemplate":"https:\/\/www.proantic.com\/magazine\/?s={search_term_string}"},"query-input":{"@type":"PropertyValueSpecification","valueRequired":true,"valueName":"search_term_string"}}],"inLanguage":"fr-FR"},{"@type":"Person","@id":"https:\/\/www.proantic.com\/magazine\/#\/schema\/person\/870544872d3e2c41c7f1af01215d0931","name":"C\u00e9line Autant"}]}},"jetpack_publicize_connections":[],"jetpack_featured_media_url":"https:\/\/i0.wp.com\/www.proantic.com\/magazine\/wp-content\/uploads\/2026\/09\/Capture-decran-2026-09-04-111359.png?fit=738%2C352&ssl=1","jetpack_shortlink":"https:\/\/wp.me\/p7EkP3-4PV","jetpack_sharing_enabled":true,"_links":{"self":[{"href":"https:\/\/www.proantic.com\/magazine\/wp-json\/wp\/v2\/posts\/18595","targetHints":{"allow":["GET"]}}],"collection":[{"href":"https:\/\/www.proantic.com\/magazine\/wp-json\/wp\/v2\/posts"}],"about":[{"href":"https:\/\/www.proantic.com\/magazine\/wp-json\/wp\/v2\/types\/post"}],"author":[{"embeddable":true,"href":"https:\/\/www.proantic.com\/magazine\/wp-json\/wp\/v2\/users\/6"}],"replies":[{"embeddable":true,"href":"https:\/\/www.proantic.com\/magazine\/wp-json\/wp\/v2\/comments?post=18595"}],"version-history":[{"count":2,"href":"https:\/\/www.proantic.com\/magazine\/wp-json\/wp\/v2\/posts\/18595\/revisions"}],"predecessor-version":[{"id":18601,"href":"https:\/\/www.proantic.com\/magazine\/wp-json\/wp\/v2\/posts\/18595\/revisions\/18601"}],"wp:featuredmedia":[{"embeddable":true,"href":"https:\/\/www.proantic.com\/magazine\/wp-json\/wp\/v2\/media\/18598"}],"wp:attachment":[{"href":"https:\/\/www.proantic.com\/magazine\/wp-json\/wp\/v2\/media?parent=18595"}],"wp:term":[{"taxonomy":"category","embeddable":true,"href":"https:\/\/www.proantic.com\/magazine\/wp-json\/wp\/v2\/categories?post=18595"},{"taxonomy":"post_tag","embeddable":true,"href":"https:\/\/www.proantic.com\/magazine\/wp-json\/wp\/v2\/tags?post=18595"}],"curies":[{"name":"wp","href":"https:\/\/api.w.org\/{rel}","templated":true}]}}