{"id":18543,"date":"2026-08-08T10:30:50","date_gmt":"2026-08-08T09:30:50","guid":{"rendered":"https:\/\/www.proantic.com\/magazine\/?p=18543"},"modified":"2026-08-08T10:30:50","modified_gmt":"2026-08-08T09:30:50","slug":"navette-en-or-emaille-paris-1775","status":"publish","type":"post","link":"https:\/\/www.proantic.com\/magazine\/navette-en-or-emaille-paris-1775\/","title":{"rendered":"Navette en or \u00e9maill\u00e9 &#8211; Paris, 1775"},"content":{"rendered":"\n<p>Ma\u00eetre orf\u00e8vre : Jean-Joseph Barri\u00e8re (re\u00e7u ma\u00eetre en 1773)<\/p>\n\n\n\n<p>Navette en or, finement cisel\u00e9e, reperc\u00e9e et richement orn\u00e9e d\u2019un remarquable d\u00e9cor d\u2019\u00e9maux peints en polychromie. D\u2019une qualit\u00e9 d\u2019ex\u00e9cution exceptionnelle, cette \u0153uvre illustre le raffinement atteint par l\u2019orf\u00e8vrerie parisienne dans les premi\u00e8res ann\u00e9es du r\u00e8gne de Louis XVI.<\/p>\n\n\n\n<p>Le corps de la navette est anim\u00e9, sur chacune de ses faces, par trois m\u00e9daillons \u00e9maill\u00e9s aux d\u00e9licates tonalit\u00e9s pastel repr\u00e9sentant des sc\u00e8nes pastorales inspir\u00e9es du go\u00fbt galant du XVIII\u1d49 si\u00e8cle. L\u2019un des m\u00e9daillons figure une jeune femme recevant une couronne de fleurs, th\u00e8me embl\u00e9matique de l\u2019esth\u00e9tique bucolique alors en vogue \u00e0 la cour de France.<\/p>\n\n\n<div class=\"wp-block-image\">\n<figure class=\"aligncenter size-large\"><a href=\"https:\/\/i0.wp.com\/www.proantic.com\/magazine\/wp-content\/uploads\/2026\/08\/1786863-main-6a4483ab86fd4.jpg?ssl=1\"><img data-recalc-dims=\"1\" loading=\"lazy\" decoding=\"async\" width=\"665\" height=\"887\" data-attachment-id=\"18544\" data-permalink=\"https:\/\/www.proantic.com\/magazine\/navette-en-or-emaille-paris-1775\/1786863-main-6a4483ab86fd4\/\" data-orig-file=\"https:\/\/i0.wp.com\/www.proantic.com\/magazine\/wp-content\/uploads\/2026\/08\/1786863-main-6a4483ab86fd4.jpg?fit=900%2C1200&amp;ssl=1\" data-orig-size=\"900,1200\" data-comments-opened=\"1\" data-image-meta=\"{&quot;aperture&quot;:&quot;0&quot;,&quot;credit&quot;:&quot;&quot;,&quot;camera&quot;:&quot;&quot;,&quot;caption&quot;:&quot;&quot;,&quot;created_timestamp&quot;:&quot;0&quot;,&quot;copyright&quot;:&quot;&quot;,&quot;focal_length&quot;:&quot;0&quot;,&quot;iso&quot;:&quot;0&quot;,&quot;shutter_speed&quot;:&quot;0&quot;,&quot;title&quot;:&quot;&quot;,&quot;orientation&quot;:&quot;0&quot;}\" data-image-title=\"Navette en or \u00e9maill\u00e9; (c) Collection, Proantic\" data-image-description=\"\" data-image-caption=\"&lt;p&gt;Navette en or \u00e9maill\u00e9;&lt;br \/&gt;\n(c) Collection, Proantic&lt;\/p&gt;\n\" data-medium-file=\"https:\/\/i0.wp.com\/www.proantic.com\/magazine\/wp-content\/uploads\/2026\/08\/1786863-main-6a4483ab86fd4.jpg?fit=225%2C300&amp;ssl=1\" data-large-file=\"https:\/\/i0.wp.com\/www.proantic.com\/magazine\/wp-content\/uploads\/2026\/08\/1786863-main-6a4483ab86fd4.jpg?fit=665%2C887&amp;ssl=1\" src=\"https:\/\/i0.wp.com\/www.proantic.com\/magazine\/wp-content\/uploads\/2026\/08\/1786863-main-6a4483ab86fd4.jpg?resize=665%2C887&#038;ssl=1\" alt=\"\" class=\"wp-image-18544\" srcset=\"https:\/\/i0.wp.com\/www.proantic.com\/magazine\/wp-content\/uploads\/2026\/08\/1786863-main-6a4483ab86fd4.jpg?resize=768%2C1024&amp;ssl=1 768w, https:\/\/i0.wp.com\/www.proantic.com\/magazine\/wp-content\/uploads\/2026\/08\/1786863-main-6a4483ab86fd4.jpg?resize=225%2C300&amp;ssl=1 225w, https:\/\/i0.wp.com\/www.proantic.com\/magazine\/wp-content\/uploads\/2026\/08\/1786863-main-6a4483ab86fd4.jpg?w=900&amp;ssl=1 900w\" sizes=\"auto, (max-width: 665px) 100vw, 665px\" \/><\/a><figcaption class=\"wp-element-caption\">Navette en or \u00e9maill\u00e9;<br>(c) <a href=\"https:\/\/www.proantic.com\/1786863-navette-en-or-emaille-paris-1775.html\">Collection<\/a>, Proantic<\/figcaption><\/figure>\n<\/div>\n\n\n<p>Les m\u00e9daillons centraux sont encadr\u00e9s d\u2019une \u00e9l\u00e9gante guirlande de laurier retenue par un ruban nou\u00e9. Ils sont reli\u00e9s par des r\u00e9serves d\u2019\u00e9mail imitant l\u2019agate, dont les nuances subtiles apportent profondeur et harmonie \u00e0 la composition. Les contours reperc\u00e9s sont enrichis de roses stylis\u00e9es, de feuillages et d\u2019\u00e9maux bleu turquoise, tandis que le corps est d\u00e9licatement ajour\u00e9 d\u2019un d\u00e9cor d\u2019\u00e9toiles et de rinceaux finement cisel\u00e9s, r\u00e9v\u00e9lant une remarquable virtuosit\u00e9 technique.<\/p>\n\n\n\n<figure class=\"wp-block-image size-large\"><a href=\"https:\/\/i0.wp.com\/www.proantic.com\/magazine\/wp-content\/uploads\/2026\/08\/1786863-6a4483abb4591.jpg?ssl=1\"><img data-recalc-dims=\"1\" loading=\"lazy\" decoding=\"async\" width=\"665\" height=\"282\" data-attachment-id=\"18545\" data-permalink=\"https:\/\/www.proantic.com\/magazine\/navette-en-or-emaille-paris-1775\/1786863-6a4483abb4591\/\" data-orig-file=\"https:\/\/i0.wp.com\/www.proantic.com\/magazine\/wp-content\/uploads\/2026\/08\/1786863-6a4483abb4591.jpg?fit=1200%2C509&amp;ssl=1\" data-orig-size=\"1200,509\" data-comments-opened=\"1\" data-image-meta=\"{&quot;aperture&quot;:&quot;0&quot;,&quot;credit&quot;:&quot;&quot;,&quot;camera&quot;:&quot;&quot;,&quot;caption&quot;:&quot;&quot;,&quot;created_timestamp&quot;:&quot;0&quot;,&quot;copyright&quot;:&quot;&quot;,&quot;focal_length&quot;:&quot;0&quot;,&quot;iso&quot;:&quot;0&quot;,&quot;shutter_speed&quot;:&quot;0&quot;,&quot;title&quot;:&quot;&quot;,&quot;orientation&quot;:&quot;0&quot;}\" data-image-title=\"Navette en or \u00e9maill\u00e9; (c) Collection, Proantic\" data-image-description=\"\" data-image-caption=\"&lt;p&gt;Navette en or \u00e9maill\u00e9;&lt;br \/&gt;\n(c) Collection, Proantic&lt;\/p&gt;\n\" data-medium-file=\"https:\/\/i0.wp.com\/www.proantic.com\/magazine\/wp-content\/uploads\/2026\/08\/1786863-6a4483abb4591.jpg?fit=300%2C127&amp;ssl=1\" data-large-file=\"https:\/\/i0.wp.com\/www.proantic.com\/magazine\/wp-content\/uploads\/2026\/08\/1786863-6a4483abb4591.jpg?fit=665%2C282&amp;ssl=1\" src=\"https:\/\/i0.wp.com\/www.proantic.com\/magazine\/wp-content\/uploads\/2026\/08\/1786863-6a4483abb4591.jpg?resize=665%2C282&#038;ssl=1\" alt=\"\" class=\"wp-image-18545\" srcset=\"https:\/\/i0.wp.com\/www.proantic.com\/magazine\/wp-content\/uploads\/2026\/08\/1786863-6a4483abb4591.jpg?resize=1024%2C434&amp;ssl=1 1024w, https:\/\/i0.wp.com\/www.proantic.com\/magazine\/wp-content\/uploads\/2026\/08\/1786863-6a4483abb4591.jpg?resize=300%2C127&amp;ssl=1 300w, https:\/\/i0.wp.com\/www.proantic.com\/magazine\/wp-content\/uploads\/2026\/08\/1786863-6a4483abb4591.jpg?resize=768%2C326&amp;ssl=1 768w, https:\/\/i0.wp.com\/www.proantic.com\/magazine\/wp-content\/uploads\/2026\/08\/1786863-6a4483abb4591.jpg?w=1200&amp;ssl=1 1200w\" sizes=\"auto, (max-width: 665px) 100vw, 665px\" \/><\/a><figcaption class=\"wp-element-caption\">Navette en or \u00e9maill\u00e9;<br>(c)<a href=\"https:\/\/www.proantic.com\/1786863-navette-en-or-emaille-paris-1775.html\"> Collection<\/a>, Proantic<\/figcaption><\/figure>\n\n\n\n<p>Les poin\u00e7ons permettent une datation particuli\u00e8rement pr\u00e9cise :<\/p>\n\n\n\n<ul class=\"wp-block-list\">\n<li>Ma\u00eetre orf\u00e8vre :\u00a0Jean-Joseph Barri\u00e8re, re\u00e7u ma\u00eetre en 1773 ;<\/li>\n\n\n\n<li>Charge :\u00a0Fleur de bassinet\u00a0(1768\u20131775) ;<\/li>\n\n\n\n<li>Jurande :\u00a0Lettre-date M\u00a0(1775\u20131776) ;<\/li>\n\n\n\n<li>D\u00e9charge :\u00a0T\u00eate casqu\u00e9e\u00a0(1768\u20131775).<\/li>\n<\/ul>\n\n\n\n<p>Ils situent la fabrication de cette navette en&nbsp;1775, au d\u00e9but du r\u00e8gne de Louis XVI et peu apr\u00e8s l\u2019av\u00e8nement de Marie-Antoinette comme reine de France.<\/p>\n\n\n\n<p>Le d\u00e9cor peint s\u2019inscrit pleinement dans le courant pastoral qui conna\u00eet alors un immense succ\u00e8s aupr\u00e8s de l\u2019aristocratie fran\u00e7aise. La sc\u00e8ne de la jeune femme couronn\u00e9e de fleurs \u00e9voque les repr\u00e9sentations id\u00e9alis\u00e9es diffus\u00e9es \u00e0 cette \u00e9poque et rappelle, par son esprit, certaines iconographies contemporaines associ\u00e9es \u00e0 Marie-Antoinette, sans qu\u2019il soit possible d\u2019identifier avec certitude le personnage repr\u00e9sent\u00e9.<\/p>\n\n\n\n<figure class=\"wp-block-image size-large\"><a href=\"https:\/\/i0.wp.com\/www.proantic.com\/magazine\/wp-content\/uploads\/2026\/08\/1786863-alb-6a4483acc33ea.jpg?ssl=1\"><img data-recalc-dims=\"1\" loading=\"lazy\" decoding=\"async\" width=\"665\" height=\"887\" data-attachment-id=\"18546\" data-permalink=\"https:\/\/www.proantic.com\/magazine\/navette-en-or-emaille-paris-1775\/1786863-alb-6a4483acc33ea\/\" data-orig-file=\"https:\/\/i0.wp.com\/www.proantic.com\/magazine\/wp-content\/uploads\/2026\/08\/1786863-alb-6a4483acc33ea.jpg?fit=900%2C1200&amp;ssl=1\" data-orig-size=\"900,1200\" data-comments-opened=\"1\" data-image-meta=\"{&quot;aperture&quot;:&quot;0&quot;,&quot;credit&quot;:&quot;&quot;,&quot;camera&quot;:&quot;&quot;,&quot;caption&quot;:&quot;&quot;,&quot;created_timestamp&quot;:&quot;0&quot;,&quot;copyright&quot;:&quot;&quot;,&quot;focal_length&quot;:&quot;0&quot;,&quot;iso&quot;:&quot;0&quot;,&quot;shutter_speed&quot;:&quot;0&quot;,&quot;title&quot;:&quot;&quot;,&quot;orientation&quot;:&quot;0&quot;}\" data-image-title=\"Navette en or \u00e9maill\u00e9; (c) Collection, Proantic\" data-image-description=\"\" data-image-caption=\"&lt;p&gt;Navette en or \u00e9maill\u00e9;&lt;br \/&gt;\n(c) Collection, Proantic&lt;\/p&gt;\n\" data-medium-file=\"https:\/\/i0.wp.com\/www.proantic.com\/magazine\/wp-content\/uploads\/2026\/08\/1786863-alb-6a4483acc33ea.jpg?fit=225%2C300&amp;ssl=1\" data-large-file=\"https:\/\/i0.wp.com\/www.proantic.com\/magazine\/wp-content\/uploads\/2026\/08\/1786863-alb-6a4483acc33ea.jpg?fit=665%2C887&amp;ssl=1\" src=\"https:\/\/i0.wp.com\/www.proantic.com\/magazine\/wp-content\/uploads\/2026\/08\/1786863-alb-6a4483acc33ea.jpg?resize=665%2C887&#038;ssl=1\" alt=\"\" class=\"wp-image-18546\" srcset=\"https:\/\/i0.wp.com\/www.proantic.com\/magazine\/wp-content\/uploads\/2026\/08\/1786863-alb-6a4483acc33ea.jpg?resize=768%2C1024&amp;ssl=1 768w, https:\/\/i0.wp.com\/www.proantic.com\/magazine\/wp-content\/uploads\/2026\/08\/1786863-alb-6a4483acc33ea.jpg?resize=225%2C300&amp;ssl=1 225w, https:\/\/i0.wp.com\/www.proantic.com\/magazine\/wp-content\/uploads\/2026\/08\/1786863-alb-6a4483acc33ea.jpg?w=900&amp;ssl=1 900w\" sizes=\"auto, (max-width: 665px) 100vw, 665px\" \/><\/a><figcaption class=\"wp-element-caption\">Navette en or \u00e9maill\u00e9;<br>(c) <a href=\"https:\/\/www.proantic.com\/1786863-navette-en-or-emaille-paris-1775.html\">Collection<\/a>, Proantic<\/figcaption><\/figure>\n\n\n\n<p><strong>Jean-Joseph Barri\u00e8re<\/strong> \u00e9tait un ma\u00eetre orf\u00e8vre parisien du XVIIIe si\u00e8cle, actif de 1763 \u00e0 1793 et re\u00e7u ma\u00eetre en 1773. Il est surtout c\u00e9l\u00e8bre pour ses luxueux objets de petite orf\u00e8vrerie et de vitrine, notamment des tabati\u00e8res en or finement cisel\u00e9, \u00e9maill\u00e9 et guilloch\u00e9, souvent de style Louis XV et Louis XV<\/p>\n\n\n\n<p>Les \u0153uvres de Jean-Joseph Barri\u00e8re sont aujourd\u2019hui conserv\u00e9es dans plusieurs grandes collections publiques, notamment au Louvre et au Metropolitan Museum of Art, o\u00f9 ses tabati\u00e8res et objets de luxe t\u00e9moignent de l\u2019excellence de son atelier. Les navettes en or \u00e9maill\u00e9 de cette qualit\u00e9 demeurent d\u2019une extr\u00eame raret\u00e9 et comptent parmi les cr\u00e9ations les plus prestigieuses de l\u2019orf\u00e8vrerie parisienne du XVIII\u1d49 si\u00e8cle.<\/p>\n\n\n\n<p><\/p>\n\n\n\n<p><\/p>\n","protected":false},"excerpt":{"rendered":"<p>Ma\u00eetre orf\u00e8vre : Jean-Joseph Barri\u00e8re (re\u00e7u ma\u00eetre en 1773) Navette en or, finement cisel\u00e9e, reperc\u00e9e et richement orn\u00e9e d\u2019un remarquable d\u00e9cor d\u2019\u00e9maux peints en polychromie. D\u2019une qualit\u00e9 d\u2019ex\u00e9cution exceptionnelle, cette \u0153uvre illustre le raffinement atteint par l\u2019orf\u00e8vrerie parisienne dans les premi\u00e8res ann\u00e9es du r\u00e8gne de Louis XVI. Le corps de la navette est anim\u00e9, sur [&hellip;]<\/p>\n","protected":false},"author":6,"featured_media":18547,"comment_status":"closed","ping_status":"closed","sticky":false,"template":"","format":"standard","meta":{"jetpack_post_was_ever_published":false,"_jetpack_newsletter_access":"","_jetpack_dont_email_post_to_subs":false,"_jetpack_newsletter_tier_id":0,"_jetpack_memberships_contains_paywalled_content":false,"_jetpack_memberships_contains_paid_content":false,"footnotes":"","jetpack_publicize_message":"","jetpack_publicize_feature_enabled":true,"jetpack_social_post_already_shared":false,"jetpack_social_options":{"image_generator_settings":{"template":"highway","default_image_id":0,"font":"","enabled":false},"version":2}},"categories":[180],"tags":[],"class_list":["post-18543","post","type-post","status-publish","format-standard","has-post-thumbnail","hentry","category-arts-decoratifs-proantic"],"yoast_head":"<!-- This site is optimized with the Yoast SEO plugin v26.9 - https:\/\/yoast.com\/product\/yoast-seo-wordpress\/ -->\n<title>Navette en or \u00e9maill\u00e9 - Paris, 1775 Le Magazine de Proantic<\/title>\n<meta name=\"description\" content=\"Ma\u00eetre orf\u00e8vre : Jean-Joseph Barri\u00e8re (re\u00e7u ma\u00eetre en 1773) Navette en or, finement cisel\u00e9e, reperc\u00e9e et richement orn\u00e9e d\u2019un remarquable d\u00e9cor d\u2019\u00e9maux\" \/>\n<meta name=\"robots\" content=\"index, follow, max-snippet:-1, max-image-preview:large, max-video-preview:-1\" \/>\n<link rel=\"canonical\" href=\"https:\/\/www.proantic.com\/magazine\/navette-en-or-emaille-paris-1775\/\" \/>\n<meta property=\"og:locale\" content=\"fr_FR\" \/>\n<meta property=\"og:type\" content=\"article\" \/>\n<meta property=\"og:title\" content=\"Navette en or \u00e9maill\u00e9 - Paris, 1775 Le Magazine de Proantic\" \/>\n<meta property=\"og:description\" content=\"Ma\u00eetre orf\u00e8vre : Jean-Joseph Barri\u00e8re (re\u00e7u ma\u00eetre en 1773) Navette en or, finement cisel\u00e9e, reperc\u00e9e et richement orn\u00e9e d\u2019un remarquable d\u00e9cor d\u2019\u00e9maux\" \/>\n<meta property=\"og:url\" content=\"https:\/\/www.proantic.com\/magazine\/navette-en-or-emaille-paris-1775\/\" \/>\n<meta property=\"og:site_name\" content=\"Le Magazine de Proantic\" \/>\n<meta property=\"article:publisher\" content=\"https:\/\/www.facebook.com\/pages\/Proantic\/\/259180871793\" \/>\n<meta property=\"article:published_time\" content=\"2026-08-08T09:30:50+00:00\" \/>\n<meta property=\"og:image\" content=\"https:\/\/www.proantic.com\/magazine\/wp-content\/uploads\/2026\/08\/1786863-6a4483abb8e51.jpg\" \/>\n\t<meta property=\"og:image:width\" content=\"1200\" \/>\n\t<meta property=\"og:image:height\" content=\"839\" \/>\n\t<meta property=\"og:image:type\" content=\"image\/jpeg\" \/>\n<meta name=\"author\" content=\"C\u00e9line Autant\" \/>\n<meta name=\"twitter:label1\" content=\"\u00c9crit par\" \/>\n\t<meta name=\"twitter:data1\" content=\"C\u00e9line Autant\" \/>\n\t<meta name=\"twitter:label2\" content=\"Dur\u00e9e de lecture estim\u00e9e\" \/>\n\t<meta name=\"twitter:data2\" content=\"3 minutes\" \/>\n<script type=\"application\/ld+json\" class=\"yoast-schema-graph\">{\"@context\":\"https:\/\/schema.org\",\"@graph\":[{\"@type\":\"Article\",\"@id\":\"https:\/\/www.proantic.com\/magazine\/navette-en-or-emaille-paris-1775\/#article\",\"isPartOf\":{\"@id\":\"https:\/\/www.proantic.com\/magazine\/navette-en-or-emaille-paris-1775\/\"},\"author\":{\"name\":\"C\u00e9line Autant\",\"@id\":\"https:\/\/www.proantic.com\/magazine\/#\/schema\/person\/870544872d3e2c41c7f1af01215d0931\"},\"headline\":\"Navette en or \u00e9maill\u00e9 &#8211; Paris, 1775\",\"datePublished\":\"2026-08-08T09:30:50+00:00\",\"mainEntityOfPage\":{\"@id\":\"https:\/\/www.proantic.com\/magazine\/navette-en-or-emaille-paris-1775\/\"},\"wordCount\":516,\"image\":{\"@id\":\"https:\/\/www.proantic.com\/magazine\/navette-en-or-emaille-paris-1775\/#primaryimage\"},\"thumbnailUrl\":\"https:\/\/i0.wp.com\/www.proantic.com\/magazine\/wp-content\/uploads\/2026\/08\/1786863-6a4483abb8e51.jpg?fit=1200%2C839&ssl=1\",\"articleSection\":[\"Arts d\u00e9coratifs sur Proantic\"],\"inLanguage\":\"fr-FR\"},{\"@type\":\"WebPage\",\"@id\":\"https:\/\/www.proantic.com\/magazine\/navette-en-or-emaille-paris-1775\/\",\"url\":\"https:\/\/www.proantic.com\/magazine\/navette-en-or-emaille-paris-1775\/\",\"name\":\"Navette en or \u00e9maill\u00e9 - Paris, 1775 Le Magazine de Proantic\",\"isPartOf\":{\"@id\":\"https:\/\/www.proantic.com\/magazine\/#website\"},\"primaryImageOfPage\":{\"@id\":\"https:\/\/www.proantic.com\/magazine\/navette-en-or-emaille-paris-1775\/#primaryimage\"},\"image\":{\"@id\":\"https:\/\/www.proantic.com\/magazine\/navette-en-or-emaille-paris-1775\/#primaryimage\"},\"thumbnailUrl\":\"https:\/\/i0.wp.com\/www.proantic.com\/magazine\/wp-content\/uploads\/2026\/08\/1786863-6a4483abb8e51.jpg?fit=1200%2C839&ssl=1\",\"datePublished\":\"2026-08-08T09:30:50+00:00\",\"author\":{\"@id\":\"https:\/\/www.proantic.com\/magazine\/#\/schema\/person\/870544872d3e2c41c7f1af01215d0931\"},\"description\":\"Ma\u00eetre orf\u00e8vre : Jean-Joseph Barri\u00e8re (re\u00e7u ma\u00eetre en 1773) Navette en or, finement cisel\u00e9e, reperc\u00e9e et richement orn\u00e9e d\u2019un remarquable d\u00e9cor d\u2019\u00e9maux\",\"breadcrumb\":{\"@id\":\"https:\/\/www.proantic.com\/magazine\/navette-en-or-emaille-paris-1775\/#breadcrumb\"},\"inLanguage\":\"fr-FR\",\"potentialAction\":[{\"@type\":\"ReadAction\",\"target\":[\"https:\/\/www.proantic.com\/magazine\/navette-en-or-emaille-paris-1775\/\"]}]},{\"@type\":\"ImageObject\",\"inLanguage\":\"fr-FR\",\"@id\":\"https:\/\/www.proantic.com\/magazine\/navette-en-or-emaille-paris-1775\/#primaryimage\",\"url\":\"https:\/\/i0.wp.com\/www.proantic.com\/magazine\/wp-content\/uploads\/2026\/08\/1786863-6a4483abb8e51.jpg?fit=1200%2C839&ssl=1\",\"contentUrl\":\"https:\/\/i0.wp.com\/www.proantic.com\/magazine\/wp-content\/uploads\/2026\/08\/1786863-6a4483abb8e51.jpg?fit=1200%2C839&ssl=1\",\"width\":1200,\"height\":839},{\"@type\":\"BreadcrumbList\",\"@id\":\"https:\/\/www.proantic.com\/magazine\/navette-en-or-emaille-paris-1775\/#breadcrumb\",\"itemListElement\":[{\"@type\":\"ListItem\",\"position\":1,\"name\":\"Accueil\",\"item\":\"https:\/\/www.proantic.com\/magazine\/\"},{\"@type\":\"ListItem\",\"position\":2,\"name\":\"Navette en or \u00e9maill\u00e9 &#8211; Paris, 1775\"}]},{\"@type\":\"WebSite\",\"@id\":\"https:\/\/www.proantic.com\/magazine\/#website\",\"url\":\"https:\/\/www.proantic.com\/magazine\/\",\"name\":\"Le Magazine de Proantic\",\"description\":\"Magazine d&#039;art et expositions\",\"potentialAction\":[{\"@type\":\"SearchAction\",\"target\":{\"@type\":\"EntryPoint\",\"urlTemplate\":\"https:\/\/www.proantic.com\/magazine\/?s={search_term_string}\"},\"query-input\":{\"@type\":\"PropertyValueSpecification\",\"valueRequired\":true,\"valueName\":\"search_term_string\"}}],\"inLanguage\":\"fr-FR\"},{\"@type\":\"Person\",\"@id\":\"https:\/\/www.proantic.com\/magazine\/#\/schema\/person\/870544872d3e2c41c7f1af01215d0931\",\"name\":\"C\u00e9line Autant\"}]}<\/script>\n<!-- \/ Yoast SEO plugin. -->","yoast_head_json":{"title":"Navette en or \u00e9maill\u00e9 - Paris, 1775 Le Magazine de Proantic","description":"Ma\u00eetre orf\u00e8vre : Jean-Joseph Barri\u00e8re (re\u00e7u ma\u00eetre en 1773) Navette en or, finement cisel\u00e9e, reperc\u00e9e et richement orn\u00e9e d\u2019un remarquable d\u00e9cor d\u2019\u00e9maux","robots":{"index":"index","follow":"follow","max-snippet":"max-snippet:-1","max-image-preview":"max-image-preview:large","max-video-preview":"max-video-preview:-1"},"canonical":"https:\/\/www.proantic.com\/magazine\/navette-en-or-emaille-paris-1775\/","og_locale":"fr_FR","og_type":"article","og_title":"Navette en or \u00e9maill\u00e9 - Paris, 1775 Le Magazine de Proantic","og_description":"Ma\u00eetre orf\u00e8vre : Jean-Joseph Barri\u00e8re (re\u00e7u ma\u00eetre en 1773) Navette en or, finement cisel\u00e9e, reperc\u00e9e et richement orn\u00e9e d\u2019un remarquable d\u00e9cor d\u2019\u00e9maux","og_url":"https:\/\/www.proantic.com\/magazine\/navette-en-or-emaille-paris-1775\/","og_site_name":"Le Magazine de Proantic","article_publisher":"https:\/\/www.facebook.com\/pages\/Proantic\/\/259180871793","article_published_time":"2026-08-08T09:30:50+00:00","og_image":[{"width":1200,"height":839,"url":"https:\/\/www.proantic.com\/magazine\/wp-content\/uploads\/2026\/08\/1786863-6a4483abb8e51.jpg","type":"image\/jpeg"}],"author":"C\u00e9line Autant","twitter_misc":{"\u00c9crit par":"C\u00e9line Autant","Dur\u00e9e de lecture estim\u00e9e":"3 minutes"},"schema":{"@context":"https:\/\/schema.org","@graph":[{"@type":"Article","@id":"https:\/\/www.proantic.com\/magazine\/navette-en-or-emaille-paris-1775\/#article","isPartOf":{"@id":"https:\/\/www.proantic.com\/magazine\/navette-en-or-emaille-paris-1775\/"},"author":{"name":"C\u00e9line Autant","@id":"https:\/\/www.proantic.com\/magazine\/#\/schema\/person\/870544872d3e2c41c7f1af01215d0931"},"headline":"Navette en or \u00e9maill\u00e9 &#8211; Paris, 1775","datePublished":"2026-08-08T09:30:50+00:00","mainEntityOfPage":{"@id":"https:\/\/www.proantic.com\/magazine\/navette-en-or-emaille-paris-1775\/"},"wordCount":516,"image":{"@id":"https:\/\/www.proantic.com\/magazine\/navette-en-or-emaille-paris-1775\/#primaryimage"},"thumbnailUrl":"https:\/\/i0.wp.com\/www.proantic.com\/magazine\/wp-content\/uploads\/2026\/08\/1786863-6a4483abb8e51.jpg?fit=1200%2C839&ssl=1","articleSection":["Arts d\u00e9coratifs sur Proantic"],"inLanguage":"fr-FR"},{"@type":"WebPage","@id":"https:\/\/www.proantic.com\/magazine\/navette-en-or-emaille-paris-1775\/","url":"https:\/\/www.proantic.com\/magazine\/navette-en-or-emaille-paris-1775\/","name":"Navette en or \u00e9maill\u00e9 - Paris, 1775 Le Magazine de Proantic","isPartOf":{"@id":"https:\/\/www.proantic.com\/magazine\/#website"},"primaryImageOfPage":{"@id":"https:\/\/www.proantic.com\/magazine\/navette-en-or-emaille-paris-1775\/#primaryimage"},"image":{"@id":"https:\/\/www.proantic.com\/magazine\/navette-en-or-emaille-paris-1775\/#primaryimage"},"thumbnailUrl":"https:\/\/i0.wp.com\/www.proantic.com\/magazine\/wp-content\/uploads\/2026\/08\/1786863-6a4483abb8e51.jpg?fit=1200%2C839&ssl=1","datePublished":"2026-08-08T09:30:50+00:00","author":{"@id":"https:\/\/www.proantic.com\/magazine\/#\/schema\/person\/870544872d3e2c41c7f1af01215d0931"},"description":"Ma\u00eetre orf\u00e8vre : Jean-Joseph Barri\u00e8re (re\u00e7u ma\u00eetre en 1773) Navette en or, finement cisel\u00e9e, reperc\u00e9e et richement orn\u00e9e d\u2019un remarquable d\u00e9cor d\u2019\u00e9maux","breadcrumb":{"@id":"https:\/\/www.proantic.com\/magazine\/navette-en-or-emaille-paris-1775\/#breadcrumb"},"inLanguage":"fr-FR","potentialAction":[{"@type":"ReadAction","target":["https:\/\/www.proantic.com\/magazine\/navette-en-or-emaille-paris-1775\/"]}]},{"@type":"ImageObject","inLanguage":"fr-FR","@id":"https:\/\/www.proantic.com\/magazine\/navette-en-or-emaille-paris-1775\/#primaryimage","url":"https:\/\/i0.wp.com\/www.proantic.com\/magazine\/wp-content\/uploads\/2026\/08\/1786863-6a4483abb8e51.jpg?fit=1200%2C839&ssl=1","contentUrl":"https:\/\/i0.wp.com\/www.proantic.com\/magazine\/wp-content\/uploads\/2026\/08\/1786863-6a4483abb8e51.jpg?fit=1200%2C839&ssl=1","width":1200,"height":839},{"@type":"BreadcrumbList","@id":"https:\/\/www.proantic.com\/magazine\/navette-en-or-emaille-paris-1775\/#breadcrumb","itemListElement":[{"@type":"ListItem","position":1,"name":"Accueil","item":"https:\/\/www.proantic.com\/magazine\/"},{"@type":"ListItem","position":2,"name":"Navette en or \u00e9maill\u00e9 &#8211; Paris, 1775"}]},{"@type":"WebSite","@id":"https:\/\/www.proantic.com\/magazine\/#website","url":"https:\/\/www.proantic.com\/magazine\/","name":"Le Magazine de Proantic","description":"Magazine d&#039;art et expositions","potentialAction":[{"@type":"SearchAction","target":{"@type":"EntryPoint","urlTemplate":"https:\/\/www.proantic.com\/magazine\/?s={search_term_string}"},"query-input":{"@type":"PropertyValueSpecification","valueRequired":true,"valueName":"search_term_string"}}],"inLanguage":"fr-FR"},{"@type":"Person","@id":"https:\/\/www.proantic.com\/magazine\/#\/schema\/person\/870544872d3e2c41c7f1af01215d0931","name":"C\u00e9line Autant"}]}},"jetpack_publicize_connections":[],"jetpack_featured_media_url":"https:\/\/i0.wp.com\/www.proantic.com\/magazine\/wp-content\/uploads\/2026\/08\/1786863-6a4483abb8e51.jpg?fit=1200%2C839&ssl=1","jetpack_shortlink":"https:\/\/wp.me\/p7EkP3-4P5","jetpack_sharing_enabled":true,"_links":{"self":[{"href":"https:\/\/www.proantic.com\/magazine\/wp-json\/wp\/v2\/posts\/18543","targetHints":{"allow":["GET"]}}],"collection":[{"href":"https:\/\/www.proantic.com\/magazine\/wp-json\/wp\/v2\/posts"}],"about":[{"href":"https:\/\/www.proantic.com\/magazine\/wp-json\/wp\/v2\/types\/post"}],"author":[{"embeddable":true,"href":"https:\/\/www.proantic.com\/magazine\/wp-json\/wp\/v2\/users\/6"}],"replies":[{"embeddable":true,"href":"https:\/\/www.proantic.com\/magazine\/wp-json\/wp\/v2\/comments?post=18543"}],"version-history":[{"count":2,"href":"https:\/\/www.proantic.com\/magazine\/wp-json\/wp\/v2\/posts\/18543\/revisions"}],"predecessor-version":[{"id":18549,"href":"https:\/\/www.proantic.com\/magazine\/wp-json\/wp\/v2\/posts\/18543\/revisions\/18549"}],"wp:featuredmedia":[{"embeddable":true,"href":"https:\/\/www.proantic.com\/magazine\/wp-json\/wp\/v2\/media\/18547"}],"wp:attachment":[{"href":"https:\/\/www.proantic.com\/magazine\/wp-json\/wp\/v2\/media?parent=18543"}],"wp:term":[{"taxonomy":"category","embeddable":true,"href":"https:\/\/www.proantic.com\/magazine\/wp-json\/wp\/v2\/categories?post=18543"},{"taxonomy":"post_tag","embeddable":true,"href":"https:\/\/www.proantic.com\/magazine\/wp-json\/wp\/v2\/tags?post=18543"}],"curies":[{"name":"wp","href":"https:\/\/api.w.org\/{rel}","templated":true}]}}