{"id":18038,"date":"2025-11-21T12:17:31","date_gmt":"2025-11-21T11:17:31","guid":{"rendered":"https:\/\/www.proantic.com\/magazine\/?p=18038"},"modified":"2025-11-21T12:17:31","modified_gmt":"2025-11-21T11:17:31","slug":"art-deco-le-grand-livre","status":"publish","type":"post","link":"https:\/\/www.proantic.com\/magazine\/art-deco-le-grand-livre\/","title":{"rendered":"Art d\u00e9co: Le grand livre"},"content":{"rendered":"\n<p>\u00a0\u00c0 partir d&rsquo;avril 1925, Paris accueille l&rsquo;Exposition internationale des Arts d\u00e9coratifs et industriels modernes. Elle occupe l&rsquo;esplanade des Invalides et les abords du Grand et du Petit Palais et attire environ 16 millions de visiteurs. Une nouvelle esth\u00e9tique s&rsquo;impose. Lib\u00e9r\u00e9e des conventions bourgeoises d&rsquo;avant-guerre et des convulsions de l&rsquo;Art Nouveau, elle refl\u00e8te les ambitions et les espoirs de l&rsquo;\u00e9poque. On c\u00e9l\u00e8bre en vrac la vitesse, la lib\u00e9ration de la femme, le luxe \u00e0 la fran\u00e7aise, le confort cosmopolite dont les paquebots sont les embl\u00e8mes, les formes inspir\u00e9es du cubisme, le culte du soleil, un engouement sans pr\u00e9c\u00e9dent pour la danse, le tango et le jazz, l&rsquo;alcool sous forme de cocktails emprunt\u00e9s \u00e0 l&rsquo;Am\u00e9rique, Montparnasse et ses artistes. Le cin\u00e9ma, bient\u00f4t parlant, met \u00e0 port\u00e9e de chacun dans ses temples obscurs la g\u00e9ographie universelle. Le tourisme automobile, et bient\u00f4t a\u00e9rien, s&rsquo;associe \u00e0 la mode dans les d\u00e9fil\u00e9s, la vill\u00e9giature baln\u00e9aire et les sports d&rsquo;hiver.<\/p>\n\n\n\n<p>L&rsquo;architecture devient lumineuse, a\u00e9rienne, tandis que les grands magasins participent d&rsquo;une mani\u00e8re d\u00e9cisive \u00e0 la diffusion du nouveau style aupr\u00e8s du public. Les arts appliqu\u00e9s s&#8217;emparent des jets d&rsquo;eau, expression de la jeunesse, des lignes en zigzag, symboles de l&rsquo;\u00e9clair \u00e9lectrique et des rayons du soleil. La lib\u00e9ration des moeurs et des corps amorc\u00e9e par les Ballets russes conna\u00eet son apoth\u00e9ose dans la haute couture et la litt\u00e9rature.<\/p>\n\n\n\n<p>Des pavillons de l&rsquo;Exposition de 1925 sont embl\u00e9matiques de l&rsquo;\u00e9poque, tel celui du Collectionneur d\u00e9cor\u00e9 par Ruhlmann ou celui d&rsquo;une ambassade fran\u00e7aise, un sommet de raffinement. De son c\u00f4t\u00e9, le pont Alexandre&nbsp;III accueille deux galeries de boutiques, autant de vitrines des industries fran\u00e7aises du luxe.<\/p>\n\n\n\n<p>Ce livre est le reflet de cette aventure plastique sans pr\u00e9c\u00e9dent qui fit de Paris la capitale artistique du monde et qui vit l&rsquo;Art D\u00e9co s&rsquo;imposer partout en s&rsquo;adaptant aux diff\u00e9rents climats et cultures.<\/p>\n\n\n\n<p>Publi\u00e9 \u00e0 l\u2019occasion du centenaire de l\u2019Exposition internationale de Paris 1925, ce livre richement illustr\u00e9 pr\u00e9sente des grands moments et des artistes li\u00e9s \u00e0 cet \u00e9v\u00e9nement qui influen\u00e7a les arts dans le monde entier. Neuf th\u00e8mes sont explor\u00e9s : l\u2019architecture (Hoffmann, Saarinen, Sauvage, Garnier, Wright\u2026), la sculpture (Bourdelle, Pompon, Zadkine, Janniot, Landowski\u2026), la peinture (Marval, Pascin, Laurencin, Van Dongen, Delorme, Zarraga, Depero, Kahlo\u2026), le m\u00e9tal (Linossier, Rateau, Gargallo, Brandt, Kiss, Subes\u2026), l\u2019\u00e9b\u00e9nisterie (Ruhlmann, Printz, Chareau, Dufet, Adnet\u2026), la c\u00e9ramique (Mayodon, Buthaud, Heiligenstein, Dufy, Cliff\u2026), la laque (Suisse, Dunand\u2026), le verre (Barillet, Buthaud, Champigneulle, Lalique, Marinot, Sabino\u2026), l\u2019illustration (Ert\u00e9, Marty, Lepape, Dupas, Colin, Cassandre, Pico \u2026), et la mode (les S\u0153urs Callot, Lanvin, Paquin, Poiret, Vionnet, Patou, Chanel\u2026).<\/p>\n\n\n\n<p><strong> Auteur<\/strong>: Jacques Seray<\/p>\n\n\n\n<p><strong>Editeur:<\/strong> Archives d&rsquo;architecture moderne<\/p>\n\n\n\n<p><\/p>\n","protected":false},"excerpt":{"rendered":"<p>\u00a0\u00c0 partir d&rsquo;avril 1925, Paris accueille l&rsquo;Exposition internationale des Arts d\u00e9coratifs et industriels modernes. Elle occupe l&rsquo;esplanade des Invalides et les abords du Grand et du Petit Palais et attire environ 16 millions de visiteurs. Une nouvelle esth\u00e9tique s&rsquo;impose. Lib\u00e9r\u00e9e des conventions bourgeoises d&rsquo;avant-guerre et des convulsions de l&rsquo;Art Nouveau, elle refl\u00e8te les ambitions et [&hellip;]<\/p>\n","protected":false},"author":6,"featured_media":18039,"comment_status":"closed","ping_status":"closed","sticky":false,"template":"","format":"standard","meta":{"jetpack_post_was_ever_published":false,"_jetpack_newsletter_access":"","_jetpack_dont_email_post_to_subs":false,"_jetpack_newsletter_tier_id":0,"_jetpack_memberships_contains_paywalled_content":false,"_jetpack_memberships_contains_paid_content":false,"footnotes":"","jetpack_publicize_message":"","jetpack_publicize_feature_enabled":true,"jetpack_social_post_already_shared":false,"jetpack_social_options":{"image_generator_settings":{"template":"highway","default_image_id":0,"font":"","enabled":false},"version":2}},"categories":[16],"tags":[],"class_list":["post-18038","post","type-post","status-publish","format-standard","has-post-thumbnail","hentry","category-livres-dart"],"yoast_head":"<!-- This site is optimized with the Yoast SEO plugin v26.9 - https:\/\/yoast.com\/product\/yoast-seo-wordpress\/ -->\n<title>Art d\u00e9co: Le grand livre Le Magazine de Proantic<\/title>\n<meta name=\"description\" content=\"\u00a0\u00c0 partir d&#039;avril 1925, Paris accueille l&#039;Exposition internationale des Arts d\u00e9coratifs et industriels modernes. Elle occupe l&#039;esplanade des Invalides et\" \/>\n<meta name=\"robots\" content=\"index, follow, max-snippet:-1, max-image-preview:large, max-video-preview:-1\" \/>\n<link rel=\"canonical\" href=\"https:\/\/www.proantic.com\/magazine\/art-deco-le-grand-livre\/\" \/>\n<meta property=\"og:locale\" content=\"fr_FR\" \/>\n<meta property=\"og:type\" content=\"article\" \/>\n<meta property=\"og:title\" content=\"Art d\u00e9co: Le grand livre Le Magazine de Proantic\" \/>\n<meta property=\"og:description\" content=\"\u00a0\u00c0 partir d&#039;avril 1925, Paris accueille l&#039;Exposition internationale des Arts d\u00e9coratifs et industriels modernes. Elle occupe l&#039;esplanade des Invalides et\" \/>\n<meta property=\"og:url\" content=\"https:\/\/www.proantic.com\/magazine\/art-deco-le-grand-livre\/\" \/>\n<meta property=\"og:site_name\" content=\"Le Magazine de Proantic\" \/>\n<meta property=\"article:publisher\" content=\"https:\/\/www.facebook.com\/pages\/Proantic\/\/259180871793\" \/>\n<meta property=\"article:published_time\" content=\"2025-11-21T11:17:31+00:00\" \/>\n<meta property=\"og:image\" content=\"https:\/\/www.proantic.com\/magazine\/wp-content\/uploads\/2025\/11\/Capture-decran-2025-11-21-105812.png\" \/>\n\t<meta property=\"og:image:width\" content=\"627\" \/>\n\t<meta property=\"og:image:height\" content=\"386\" \/>\n\t<meta property=\"og:image:type\" content=\"image\/png\" \/>\n<meta name=\"author\" content=\"C\u00e9line Autant\" \/>\n<meta name=\"twitter:label1\" content=\"\u00c9crit par\" \/>\n\t<meta name=\"twitter:data1\" content=\"C\u00e9line Autant\" \/>\n\t<meta name=\"twitter:label2\" content=\"Dur\u00e9e de lecture estim\u00e9e\" \/>\n\t<meta name=\"twitter:data2\" content=\"3 minutes\" \/>\n<script type=\"application\/ld+json\" class=\"yoast-schema-graph\">{\"@context\":\"https:\/\/schema.org\",\"@graph\":[{\"@type\":\"Article\",\"@id\":\"https:\/\/www.proantic.com\/magazine\/art-deco-le-grand-livre\/#article\",\"isPartOf\":{\"@id\":\"https:\/\/www.proantic.com\/magazine\/art-deco-le-grand-livre\/\"},\"author\":{\"name\":\"C\u00e9line Autant\",\"@id\":\"https:\/\/www.proantic.com\/magazine\/#\/schema\/person\/63707e8f4e7d0172de7ddde897688be0\"},\"headline\":\"Art d\u00e9co: Le grand livre\",\"datePublished\":\"2025-11-21T11:17:31+00:00\",\"mainEntityOfPage\":{\"@id\":\"https:\/\/www.proantic.com\/magazine\/art-deco-le-grand-livre\/\"},\"wordCount\":500,\"image\":{\"@id\":\"https:\/\/www.proantic.com\/magazine\/art-deco-le-grand-livre\/#primaryimage\"},\"thumbnailUrl\":\"https:\/\/i0.wp.com\/www.proantic.com\/magazine\/wp-content\/uploads\/2025\/11\/Capture-decran-2025-11-21-105812.png?fit=627%2C386&ssl=1\",\"articleSection\":[\"Livres d'art\"],\"inLanguage\":\"fr-FR\"},{\"@type\":\"WebPage\",\"@id\":\"https:\/\/www.proantic.com\/magazine\/art-deco-le-grand-livre\/\",\"url\":\"https:\/\/www.proantic.com\/magazine\/art-deco-le-grand-livre\/\",\"name\":\"Art d\u00e9co: Le grand livre Le Magazine de Proantic\",\"isPartOf\":{\"@id\":\"https:\/\/www.proantic.com\/magazine\/#website\"},\"primaryImageOfPage\":{\"@id\":\"https:\/\/www.proantic.com\/magazine\/art-deco-le-grand-livre\/#primaryimage\"},\"image\":{\"@id\":\"https:\/\/www.proantic.com\/magazine\/art-deco-le-grand-livre\/#primaryimage\"},\"thumbnailUrl\":\"https:\/\/i0.wp.com\/www.proantic.com\/magazine\/wp-content\/uploads\/2025\/11\/Capture-decran-2025-11-21-105812.png?fit=627%2C386&ssl=1\",\"datePublished\":\"2025-11-21T11:17:31+00:00\",\"author\":{\"@id\":\"https:\/\/www.proantic.com\/magazine\/#\/schema\/person\/63707e8f4e7d0172de7ddde897688be0\"},\"description\":\"\u00a0\u00c0 partir d'avril 1925, Paris accueille l'Exposition internationale des Arts d\u00e9coratifs et industriels modernes. Elle occupe l'esplanade des Invalides et\",\"breadcrumb\":{\"@id\":\"https:\/\/www.proantic.com\/magazine\/art-deco-le-grand-livre\/#breadcrumb\"},\"inLanguage\":\"fr-FR\",\"potentialAction\":[{\"@type\":\"ReadAction\",\"target\":[\"https:\/\/www.proantic.com\/magazine\/art-deco-le-grand-livre\/\"]}]},{\"@type\":\"ImageObject\",\"inLanguage\":\"fr-FR\",\"@id\":\"https:\/\/www.proantic.com\/magazine\/art-deco-le-grand-livre\/#primaryimage\",\"url\":\"https:\/\/i0.wp.com\/www.proantic.com\/magazine\/wp-content\/uploads\/2025\/11\/Capture-decran-2025-11-21-105812.png?fit=627%2C386&ssl=1\",\"contentUrl\":\"https:\/\/i0.wp.com\/www.proantic.com\/magazine\/wp-content\/uploads\/2025\/11\/Capture-decran-2025-11-21-105812.png?fit=627%2C386&ssl=1\",\"width\":627,\"height\":386},{\"@type\":\"BreadcrumbList\",\"@id\":\"https:\/\/www.proantic.com\/magazine\/art-deco-le-grand-livre\/#breadcrumb\",\"itemListElement\":[{\"@type\":\"ListItem\",\"position\":1,\"name\":\"Accueil\",\"item\":\"https:\/\/www.proantic.com\/magazine\/\"},{\"@type\":\"ListItem\",\"position\":2,\"name\":\"Art d\u00e9co: Le grand livre\"}]},{\"@type\":\"WebSite\",\"@id\":\"https:\/\/www.proantic.com\/magazine\/#website\",\"url\":\"https:\/\/www.proantic.com\/magazine\/\",\"name\":\"Le Magazine de Proantic\",\"description\":\"Magazine d&#039;art et expositions\",\"potentialAction\":[{\"@type\":\"SearchAction\",\"target\":{\"@type\":\"EntryPoint\",\"urlTemplate\":\"https:\/\/www.proantic.com\/magazine\/?s={search_term_string}\"},\"query-input\":{\"@type\":\"PropertyValueSpecification\",\"valueRequired\":true,\"valueName\":\"search_term_string\"}}],\"inLanguage\":\"fr-FR\"},{\"@type\":\"Person\",\"@id\":\"https:\/\/www.proantic.com\/magazine\/#\/schema\/person\/63707e8f4e7d0172de7ddde897688be0\",\"name\":\"C\u00e9line Autant\"}]}<\/script>\n<!-- \/ Yoast SEO plugin. -->","yoast_head_json":{"title":"Art d\u00e9co: Le grand livre Le Magazine de Proantic","description":"\u00a0\u00c0 partir d'avril 1925, Paris accueille l'Exposition internationale des Arts d\u00e9coratifs et industriels modernes. Elle occupe l'esplanade des Invalides et","robots":{"index":"index","follow":"follow","max-snippet":"max-snippet:-1","max-image-preview":"max-image-preview:large","max-video-preview":"max-video-preview:-1"},"canonical":"https:\/\/www.proantic.com\/magazine\/art-deco-le-grand-livre\/","og_locale":"fr_FR","og_type":"article","og_title":"Art d\u00e9co: Le grand livre Le Magazine de Proantic","og_description":"\u00a0\u00c0 partir d'avril 1925, Paris accueille l'Exposition internationale des Arts d\u00e9coratifs et industriels modernes. Elle occupe l'esplanade des Invalides et","og_url":"https:\/\/www.proantic.com\/magazine\/art-deco-le-grand-livre\/","og_site_name":"Le Magazine de Proantic","article_publisher":"https:\/\/www.facebook.com\/pages\/Proantic\/\/259180871793","article_published_time":"2025-11-21T11:17:31+00:00","og_image":[{"width":627,"height":386,"url":"https:\/\/www.proantic.com\/magazine\/wp-content\/uploads\/2025\/11\/Capture-decran-2025-11-21-105812.png","type":"image\/png"}],"author":"C\u00e9line Autant","twitter_misc":{"\u00c9crit par":"C\u00e9line Autant","Dur\u00e9e de lecture estim\u00e9e":"3 minutes"},"schema":{"@context":"https:\/\/schema.org","@graph":[{"@type":"Article","@id":"https:\/\/www.proantic.com\/magazine\/art-deco-le-grand-livre\/#article","isPartOf":{"@id":"https:\/\/www.proantic.com\/magazine\/art-deco-le-grand-livre\/"},"author":{"name":"C\u00e9line Autant","@id":"https:\/\/www.proantic.com\/magazine\/#\/schema\/person\/63707e8f4e7d0172de7ddde897688be0"},"headline":"Art d\u00e9co: Le grand livre","datePublished":"2025-11-21T11:17:31+00:00","mainEntityOfPage":{"@id":"https:\/\/www.proantic.com\/magazine\/art-deco-le-grand-livre\/"},"wordCount":500,"image":{"@id":"https:\/\/www.proantic.com\/magazine\/art-deco-le-grand-livre\/#primaryimage"},"thumbnailUrl":"https:\/\/i0.wp.com\/www.proantic.com\/magazine\/wp-content\/uploads\/2025\/11\/Capture-decran-2025-11-21-105812.png?fit=627%2C386&ssl=1","articleSection":["Livres d'art"],"inLanguage":"fr-FR"},{"@type":"WebPage","@id":"https:\/\/www.proantic.com\/magazine\/art-deco-le-grand-livre\/","url":"https:\/\/www.proantic.com\/magazine\/art-deco-le-grand-livre\/","name":"Art d\u00e9co: Le grand livre Le Magazine de Proantic","isPartOf":{"@id":"https:\/\/www.proantic.com\/magazine\/#website"},"primaryImageOfPage":{"@id":"https:\/\/www.proantic.com\/magazine\/art-deco-le-grand-livre\/#primaryimage"},"image":{"@id":"https:\/\/www.proantic.com\/magazine\/art-deco-le-grand-livre\/#primaryimage"},"thumbnailUrl":"https:\/\/i0.wp.com\/www.proantic.com\/magazine\/wp-content\/uploads\/2025\/11\/Capture-decran-2025-11-21-105812.png?fit=627%2C386&ssl=1","datePublished":"2025-11-21T11:17:31+00:00","author":{"@id":"https:\/\/www.proantic.com\/magazine\/#\/schema\/person\/63707e8f4e7d0172de7ddde897688be0"},"description":"\u00a0\u00c0 partir d'avril 1925, Paris accueille l'Exposition internationale des Arts d\u00e9coratifs et industriels modernes. Elle occupe l'esplanade des Invalides et","breadcrumb":{"@id":"https:\/\/www.proantic.com\/magazine\/art-deco-le-grand-livre\/#breadcrumb"},"inLanguage":"fr-FR","potentialAction":[{"@type":"ReadAction","target":["https:\/\/www.proantic.com\/magazine\/art-deco-le-grand-livre\/"]}]},{"@type":"ImageObject","inLanguage":"fr-FR","@id":"https:\/\/www.proantic.com\/magazine\/art-deco-le-grand-livre\/#primaryimage","url":"https:\/\/i0.wp.com\/www.proantic.com\/magazine\/wp-content\/uploads\/2025\/11\/Capture-decran-2025-11-21-105812.png?fit=627%2C386&ssl=1","contentUrl":"https:\/\/i0.wp.com\/www.proantic.com\/magazine\/wp-content\/uploads\/2025\/11\/Capture-decran-2025-11-21-105812.png?fit=627%2C386&ssl=1","width":627,"height":386},{"@type":"BreadcrumbList","@id":"https:\/\/www.proantic.com\/magazine\/art-deco-le-grand-livre\/#breadcrumb","itemListElement":[{"@type":"ListItem","position":1,"name":"Accueil","item":"https:\/\/www.proantic.com\/magazine\/"},{"@type":"ListItem","position":2,"name":"Art d\u00e9co: Le grand livre"}]},{"@type":"WebSite","@id":"https:\/\/www.proantic.com\/magazine\/#website","url":"https:\/\/www.proantic.com\/magazine\/","name":"Le Magazine de Proantic","description":"Magazine d&#039;art et expositions","potentialAction":[{"@type":"SearchAction","target":{"@type":"EntryPoint","urlTemplate":"https:\/\/www.proantic.com\/magazine\/?s={search_term_string}"},"query-input":{"@type":"PropertyValueSpecification","valueRequired":true,"valueName":"search_term_string"}}],"inLanguage":"fr-FR"},{"@type":"Person","@id":"https:\/\/www.proantic.com\/magazine\/#\/schema\/person\/63707e8f4e7d0172de7ddde897688be0","name":"C\u00e9line Autant"}]}},"jetpack_publicize_connections":[],"jetpack_featured_media_url":"https:\/\/i0.wp.com\/www.proantic.com\/magazine\/wp-content\/uploads\/2025\/11\/Capture-decran-2025-11-21-105812.png?fit=627%2C386&ssl=1","jetpack_shortlink":"https:\/\/wp.me\/p7EkP3-4GW","jetpack_sharing_enabled":true,"_links":{"self":[{"href":"https:\/\/www.proantic.com\/magazine\/wp-json\/wp\/v2\/posts\/18038","targetHints":{"allow":["GET"]}}],"collection":[{"href":"https:\/\/www.proantic.com\/magazine\/wp-json\/wp\/v2\/posts"}],"about":[{"href":"https:\/\/www.proantic.com\/magazine\/wp-json\/wp\/v2\/types\/post"}],"author":[{"embeddable":true,"href":"https:\/\/www.proantic.com\/magazine\/wp-json\/wp\/v2\/users\/6"}],"replies":[{"embeddable":true,"href":"https:\/\/www.proantic.com\/magazine\/wp-json\/wp\/v2\/comments?post=18038"}],"version-history":[{"count":1,"href":"https:\/\/www.proantic.com\/magazine\/wp-json\/wp\/v2\/posts\/18038\/revisions"}],"predecessor-version":[{"id":18040,"href":"https:\/\/www.proantic.com\/magazine\/wp-json\/wp\/v2\/posts\/18038\/revisions\/18040"}],"wp:featuredmedia":[{"embeddable":true,"href":"https:\/\/www.proantic.com\/magazine\/wp-json\/wp\/v2\/media\/18039"}],"wp:attachment":[{"href":"https:\/\/www.proantic.com\/magazine\/wp-json\/wp\/v2\/media?parent=18038"}],"wp:term":[{"taxonomy":"category","embeddable":true,"href":"https:\/\/www.proantic.com\/magazine\/wp-json\/wp\/v2\/categories?post=18038"},{"taxonomy":"post_tag","embeddable":true,"href":"https:\/\/www.proantic.com\/magazine\/wp-json\/wp\/v2\/tags?post=18038"}],"curies":[{"name":"wp","href":"https:\/\/api.w.org\/{rel}","templated":true}]}}