{"id":18003,"date":"2025-10-31T15:07:47","date_gmt":"2025-10-31T14:07:47","guid":{"rendered":"https:\/\/www.proantic.com\/magazine\/?p=18003"},"modified":"2025-10-31T15:07:47","modified_gmt":"2025-10-31T14:07:47","slug":"giovanni-maria-genta-les-quatre-saisons","status":"publish","type":"post","link":"https:\/\/www.proantic.com\/magazine\/giovanni-maria-genta-les-quatre-saisons\/","title":{"rendered":"Giovanni Maria Genta, \u00ab Les quatre saisons \u00bb"},"content":{"rendered":"\n<p><strong>S\u00e9rie compos\u00e9e de quatre temperas repr\u00e9sentant les Quatre Saisons, sign\u00e9es et dat\u00e9es de 1790, r\u00e9alis\u00e9es par le peintre pi\u00e9montais Giovanni Maria Genta.<\/strong><\/p>\n\n\n\n<p>Les \u0153uvres illustrent des \u00e9pisodes de la vie paysanne et des sc\u00e8nes de genre se d\u00e9roulant dans la campagne pi\u00e9montaise, dans un langage pictural vivant et narratif, h\u00e9ritier direct de la tradition des bambocciate mais d\u00e9j\u00e0 orient\u00e9 vers une sensibilit\u00e9 plus moderne et descriptive.<\/p>\n\n\n<div class=\"wp-block-image\">\n<figure class=\"aligncenter size-full\"><a href=\"https:\/\/i0.wp.com\/www.proantic.com\/magazine\/wp-content\/uploads\/2025\/10\/Capture-decran-2025-10-31-144500.png?ssl=1\"><img data-recalc-dims=\"1\" loading=\"lazy\" decoding=\"async\" width=\"665\" height=\"546\" data-attachment-id=\"18005\" data-permalink=\"https:\/\/www.proantic.com\/magazine\/giovanni-maria-genta-les-quatre-saisons\/capture-decran-2025-10-31-144500\/\" data-orig-file=\"https:\/\/i0.wp.com\/www.proantic.com\/magazine\/wp-content\/uploads\/2025\/10\/Capture-decran-2025-10-31-144500.png?fit=725%2C595&amp;ssl=1\" data-orig-size=\"725,595\" data-comments-opened=\"1\" data-image-meta=\"{&quot;aperture&quot;:&quot;0&quot;,&quot;credit&quot;:&quot;&quot;,&quot;camera&quot;:&quot;&quot;,&quot;caption&quot;:&quot;&quot;,&quot;created_timestamp&quot;:&quot;0&quot;,&quot;copyright&quot;:&quot;&quot;,&quot;focal_length&quot;:&quot;0&quot;,&quot;iso&quot;:&quot;0&quot;,&quot;shutter_speed&quot;:&quot;0&quot;,&quot;title&quot;:&quot;&quot;,&quot;orientation&quot;:&quot;0&quot;}\" data-image-title=\"Giovanni Maria Genta, \u00ab Les quatre saisons \u00bb (c) Beggi Antichit\u00e0, Proantic\" data-image-description=\"\" data-image-caption=\"&lt;p&gt;Giovanni Maria Genta, \u00ab Les quatre saisons \u00bb&lt;br \/&gt;\n(c) Beggi Antichit\u00e0, Proantic&lt;\/p&gt;\n\" data-medium-file=\"https:\/\/i0.wp.com\/www.proantic.com\/magazine\/wp-content\/uploads\/2025\/10\/Capture-decran-2025-10-31-144500.png?fit=300%2C246&amp;ssl=1\" data-large-file=\"https:\/\/i0.wp.com\/www.proantic.com\/magazine\/wp-content\/uploads\/2025\/10\/Capture-decran-2025-10-31-144500.png?fit=665%2C546&amp;ssl=1\" src=\"https:\/\/i0.wp.com\/www.proantic.com\/magazine\/wp-content\/uploads\/2025\/10\/Capture-decran-2025-10-31-144500.png?resize=665%2C546&#038;ssl=1\" alt=\"\" class=\"wp-image-18005\" srcset=\"https:\/\/i0.wp.com\/www.proantic.com\/magazine\/wp-content\/uploads\/2025\/10\/Capture-decran-2025-10-31-144500.png?w=725&amp;ssl=1 725w, https:\/\/i0.wp.com\/www.proantic.com\/magazine\/wp-content\/uploads\/2025\/10\/Capture-decran-2025-10-31-144500.png?resize=300%2C246&amp;ssl=1 300w\" sizes=\"auto, (max-width: 665px) 100vw, 665px\" \/><\/a><figcaption class=\"wp-element-caption\">Giovanni Maria Genta, \u00ab Les quatre saisons \u00bb<br>(c) <a href=\"https:\/\/www.proantic.com\/galerie\/beggi-antichita\/\">Beggi Antichit\u00e0<\/a>, Proantic<\/figcaption><\/figure>\n<\/div>\n\n\n<p>Chaque tableau repr\u00e9sente un moment de l&rsquo;ann\u00e9e, soulignant les activit\u00e9s agricoles et sociales typiques de chaque saison : les semailles et la moisson, les vendanges, les f\u00eates de village et les travaux domestiques hivernaux. L&rsquo;artiste saisit avec une grande attention les d\u00e9tails de l&rsquo;environnement et les expressions des protagonistes, animant les compositions avec des couleurs claires, lumineuses et harmonieusement r\u00e9parties.<\/p>\n\n\n\n<p>Giovanni Maria Genta se distingue comme l&rsquo;un des derniers interpr\u00e8tes de la bambocciata pi\u00e9montaise, un courant qui, entre le XVIIe et le XVIIIe si\u00e8cle, repr\u00e9sentait avec ironie et r\u00e9alisme la vie quotidienne populaire.<\/p>\n\n\n\n<p>Les personnages, caract\u00e9ris\u00e9s par des v\u00eatements typiques de la fin du XVIIIe si\u00e8cle, \u00e9voluent dans des espaces construits en perspective, avec une attention presque documentaire \u00e0 la vie paysanne et \u00e0 l&rsquo;architecture rurale.<\/p>\n\n\n\n<figure class=\"wp-block-image size-large\"><a href=\"https:\/\/i0.wp.com\/www.proantic.com\/magazine\/wp-content\/uploads\/2025\/10\/1639495-alb-68fba85ba1bb7.jpg?ssl=1\"><img data-recalc-dims=\"1\" loading=\"lazy\" decoding=\"async\" width=\"665\" height=\"665\" data-attachment-id=\"18006\" data-permalink=\"https:\/\/www.proantic.com\/magazine\/giovanni-maria-genta-les-quatre-saisons\/1639495-alb-68fba85ba1bb7\/\" data-orig-file=\"https:\/\/i0.wp.com\/www.proantic.com\/magazine\/wp-content\/uploads\/2025\/10\/1639495-alb-68fba85ba1bb7.jpg?fit=1200%2C1200&amp;ssl=1\" data-orig-size=\"1200,1200\" data-comments-opened=\"1\" data-image-meta=\"{&quot;aperture&quot;:&quot;0&quot;,&quot;credit&quot;:&quot;&quot;,&quot;camera&quot;:&quot;&quot;,&quot;caption&quot;:&quot;&quot;,&quot;created_timestamp&quot;:&quot;1761215117&quot;,&quot;copyright&quot;:&quot;&quot;,&quot;focal_length&quot;:&quot;0&quot;,&quot;iso&quot;:&quot;0&quot;,&quot;shutter_speed&quot;:&quot;0&quot;,&quot;title&quot;:&quot;&quot;,&quot;orientation&quot;:&quot;0&quot;}\" data-image-title=\"Giovanni Maria Genta, \u00ab Les quatre saisons \u00bb (c) Beggi Antichit\u00e0, Proantic\" data-image-description=\"\" data-image-caption=\"&lt;p&gt;Giovanni Maria Genta, \u00ab Les quatre saisons \u00bb&lt;br \/&gt;\n(c) Beggi Antichit\u00e0, Proantic&lt;\/p&gt;\n\" data-medium-file=\"https:\/\/i0.wp.com\/www.proantic.com\/magazine\/wp-content\/uploads\/2025\/10\/1639495-alb-68fba85ba1bb7.jpg?fit=300%2C300&amp;ssl=1\" data-large-file=\"https:\/\/i0.wp.com\/www.proantic.com\/magazine\/wp-content\/uploads\/2025\/10\/1639495-alb-68fba85ba1bb7.jpg?fit=665%2C665&amp;ssl=1\" src=\"https:\/\/i0.wp.com\/www.proantic.com\/magazine\/wp-content\/uploads\/2025\/10\/1639495-alb-68fba85ba1bb7.jpg?resize=665%2C665&#038;ssl=1\" alt=\"\" class=\"wp-image-18006\" srcset=\"https:\/\/i0.wp.com\/www.proantic.com\/magazine\/wp-content\/uploads\/2025\/10\/1639495-alb-68fba85ba1bb7.jpg?resize=1024%2C1024&amp;ssl=1 1024w, https:\/\/i0.wp.com\/www.proantic.com\/magazine\/wp-content\/uploads\/2025\/10\/1639495-alb-68fba85ba1bb7.jpg?resize=300%2C300&amp;ssl=1 300w, https:\/\/i0.wp.com\/www.proantic.com\/magazine\/wp-content\/uploads\/2025\/10\/1639495-alb-68fba85ba1bb7.jpg?resize=150%2C150&amp;ssl=1 150w, https:\/\/i0.wp.com\/www.proantic.com\/magazine\/wp-content\/uploads\/2025\/10\/1639495-alb-68fba85ba1bb7.jpg?resize=768%2C768&amp;ssl=1 768w, https:\/\/i0.wp.com\/www.proantic.com\/magazine\/wp-content\/uploads\/2025\/10\/1639495-alb-68fba85ba1bb7.jpg?resize=200%2C200&amp;ssl=1 200w, https:\/\/i0.wp.com\/www.proantic.com\/magazine\/wp-content\/uploads\/2025\/10\/1639495-alb-68fba85ba1bb7.jpg?resize=100%2C100&amp;ssl=1 100w, https:\/\/i0.wp.com\/www.proantic.com\/magazine\/wp-content\/uploads\/2025\/10\/1639495-alb-68fba85ba1bb7.jpg?w=1200&amp;ssl=1 1200w\" sizes=\"auto, (max-width: 665px) 100vw, 665px\" \/><\/a><figcaption class=\"wp-element-caption\">Giovanni Maria Genta, \u00ab Les quatre saisons \u00bb<br>(c) <a href=\"https:\/\/www.proantic.com\/galerie\/beggi-antichita\/\">Beggi Antichit\u00e0<\/a>, Proantic<\/figcaption><\/figure>\n\n\n\n<p>Ces peintures font partie de la peinture pi\u00e9montaise de sc\u00e8nes populaires d\u00e9riv\u00e9es des <strong>Bamboccianti romains<\/strong>, qui a vu le jour dans le sillage de Pieter van Laer \u00e0 partir d\u2019environ 1625 jusqu\u2019\u00e0 la fin du\u00a0XVII<sup>e<\/sup>\u00a0si\u00e8cle.\u00a0 \u00ab\u00a0<em>Il Bambocchio<\/em>\u00a0\u00bb\u00a0\u2013 \u00ab\u00a0le Bamboche\u00a0\u00bb\u00a0\u2013, qui est \u00e9galement \u00e0 l&rsquo;origine du mot fran\u00e7ais\u00a0bambochade, servant \u00e0 d\u00e9signer le type d&rsquo;\u0153uvres dont ces artistes se firent une sp\u00e9cialit\u00e9\u00a0: des\u00a0sc\u00e8nes de genre\u00a0repr\u00e9sentant cr\u00fbment la vie quotidienne des gens les plus modestes.<\/p>\n\n\n\n<figure class=\"wp-block-image size-large\"><a href=\"https:\/\/i0.wp.com\/www.proantic.com\/magazine\/wp-content\/uploads\/2025\/10\/1639495-alb-68fba85bbbd7d.jpg?ssl=1\"><img data-recalc-dims=\"1\" loading=\"lazy\" decoding=\"async\" width=\"665\" height=\"665\" data-attachment-id=\"18007\" data-permalink=\"https:\/\/www.proantic.com\/magazine\/giovanni-maria-genta-les-quatre-saisons\/1639495-alb-68fba85bbbd7d\/\" data-orig-file=\"https:\/\/i0.wp.com\/www.proantic.com\/magazine\/wp-content\/uploads\/2025\/10\/1639495-alb-68fba85bbbd7d.jpg?fit=1200%2C1200&amp;ssl=1\" data-orig-size=\"1200,1200\" data-comments-opened=\"1\" data-image-meta=\"{&quot;aperture&quot;:&quot;0&quot;,&quot;credit&quot;:&quot;&quot;,&quot;camera&quot;:&quot;&quot;,&quot;caption&quot;:&quot;&quot;,&quot;created_timestamp&quot;:&quot;1761216035&quot;,&quot;copyright&quot;:&quot;&quot;,&quot;focal_length&quot;:&quot;0&quot;,&quot;iso&quot;:&quot;0&quot;,&quot;shutter_speed&quot;:&quot;0&quot;,&quot;title&quot;:&quot;&quot;,&quot;orientation&quot;:&quot;0&quot;}\" data-image-title=\"Giovanni Maria Genta, \u00ab Les quatre saisons \u00bb (c) Beggi Antichit\u00e0, Proantic\" data-image-description=\"\" data-image-caption=\"&lt;p&gt;Giovanni Maria Genta, \u00ab Les quatre saisons \u00bb&lt;br \/&gt;\n(c) Beggi Antichit\u00e0, Proantic&lt;\/p&gt;\n\" data-medium-file=\"https:\/\/i0.wp.com\/www.proantic.com\/magazine\/wp-content\/uploads\/2025\/10\/1639495-alb-68fba85bbbd7d.jpg?fit=300%2C300&amp;ssl=1\" data-large-file=\"https:\/\/i0.wp.com\/www.proantic.com\/magazine\/wp-content\/uploads\/2025\/10\/1639495-alb-68fba85bbbd7d.jpg?fit=665%2C665&amp;ssl=1\" src=\"https:\/\/i0.wp.com\/www.proantic.com\/magazine\/wp-content\/uploads\/2025\/10\/1639495-alb-68fba85bbbd7d.jpg?resize=665%2C665&#038;ssl=1\" alt=\"\" class=\"wp-image-18007\" srcset=\"https:\/\/i0.wp.com\/www.proantic.com\/magazine\/wp-content\/uploads\/2025\/10\/1639495-alb-68fba85bbbd7d.jpg?resize=1024%2C1024&amp;ssl=1 1024w, https:\/\/i0.wp.com\/www.proantic.com\/magazine\/wp-content\/uploads\/2025\/10\/1639495-alb-68fba85bbbd7d.jpg?resize=300%2C300&amp;ssl=1 300w, https:\/\/i0.wp.com\/www.proantic.com\/magazine\/wp-content\/uploads\/2025\/10\/1639495-alb-68fba85bbbd7d.jpg?resize=150%2C150&amp;ssl=1 150w, https:\/\/i0.wp.com\/www.proantic.com\/magazine\/wp-content\/uploads\/2025\/10\/1639495-alb-68fba85bbbd7d.jpg?resize=768%2C768&amp;ssl=1 768w, https:\/\/i0.wp.com\/www.proantic.com\/magazine\/wp-content\/uploads\/2025\/10\/1639495-alb-68fba85bbbd7d.jpg?resize=200%2C200&amp;ssl=1 200w, https:\/\/i0.wp.com\/www.proantic.com\/magazine\/wp-content\/uploads\/2025\/10\/1639495-alb-68fba85bbbd7d.jpg?resize=100%2C100&amp;ssl=1 100w, https:\/\/i0.wp.com\/www.proantic.com\/magazine\/wp-content\/uploads\/2025\/10\/1639495-alb-68fba85bbbd7d.jpg?w=1200&amp;ssl=1 1200w\" sizes=\"auto, (max-width: 665px) 100vw, 665px\" \/><\/a><figcaption class=\"wp-element-caption\">Giovanni Maria Genta, \u00ab Les quatre saisons \u00bb<br>(c) <a href=\"https:\/\/www.proantic.com\/galerie\/beggi-antichita\/\">Beggi Antichit\u00e0<\/a>, Proantic<\/figcaption><\/figure>\n\n\n\n<p><strong>Les Bamboccianti<\/strong>, pour la plupart, \u00e9taient des artistes originaires des\u00a0Pays-Bas du nord\u00a0et\u00a0du Sud, de France aussi tels que Jean Tassel qui emport\u00e8rent avec eux en Italie des traditions paysannes qui \u00e9taient pr\u00e9sentes dans la\u00a0peinture de la Renaissance\u00a0hollandaise et flamande du\u00a0XVI<sup>e<\/sup>\u00a0si\u00e8cle\u00a0et se mirent \u00e0 r\u00e9aliser des\u00a0peintures de cabinet\u00a0ou des gravures, g\u00e9n\u00e9ralement de petit format, d\u00e9peignant la vie quotidienne des classes sociales modestes de Rome et de la campagne environnante. Ces peintures ont habituellement \u00e9t\u00e9 interpr\u00e9t\u00e9es comme un \u00ab\u00a0portrait vrai de Rome et de sa vie populaire, sans changement ni alt\u00e9ration\u00a0\u00bb\u00a0par rapport \u00e0 ce dont l\u2019artiste \u00e9tait spectateur.<\/p>\n\n\n\n<p> Parmi les sujets typiques repr\u00e9sent\u00e9s figurent les marchands d\u2019aliments et de boissons, les fermiers et les filles de ferme au travail, des soldats au repos ou occup\u00e9s \u00e0 jouer, et des mendiants ou encore, en citant\u00a0Salvator Rosa, qui au milieu du\u00a0XVII<sup>e<\/sup>\u00a0si\u00e8cle s\u2019en plaignait, \u00ab\u00a0des coquins, escrocs, voleurs \u00e0 la tire, des bandes d\u2019ivrognes et de gloutons, des marchands de tabac et des barbiers d\u00e9penaill\u00e9s et autres sujets \u00ab\u00a0sordides\u00a0\u00bb.<\/p>\n\n\n\n<p><\/p>\n\n\n\n<p><\/p>\n","protected":false},"excerpt":{"rendered":"<p>S\u00e9rie compos\u00e9e de quatre temperas repr\u00e9sentant les Quatre Saisons, sign\u00e9es et dat\u00e9es de 1790, r\u00e9alis\u00e9es par le peintre pi\u00e9montais Giovanni Maria Genta. Les \u0153uvres illustrent des \u00e9pisodes de la vie paysanne et des sc\u00e8nes de genre se d\u00e9roulant dans la campagne pi\u00e9montaise, dans un langage pictural vivant et narratif, h\u00e9ritier direct de la tradition des [&hellip;]<\/p>\n","protected":false},"author":6,"featured_media":18008,"comment_status":"closed","ping_status":"closed","sticky":false,"template":"","format":"standard","meta":{"jetpack_post_was_ever_published":false,"_jetpack_newsletter_access":"","_jetpack_dont_email_post_to_subs":false,"_jetpack_newsletter_tier_id":0,"_jetpack_memberships_contains_paywalled_content":false,"_jetpack_memberships_contains_paid_content":false,"footnotes":"","jetpack_publicize_message":"","jetpack_publicize_feature_enabled":true,"jetpack_social_post_already_shared":false,"jetpack_social_options":{"image_generator_settings":{"template":"highway","default_image_id":0,"font":"","enabled":false},"version":2}},"categories":[574],"tags":[],"class_list":["post-18003","post","type-post","status-publish","format-standard","has-post-thumbnail","hentry","category-lobjet-du-mois"],"yoast_head":"<!-- This site is optimized with the Yoast SEO plugin v26.9 - https:\/\/yoast.com\/product\/yoast-seo-wordpress\/ -->\n<title>Giovanni Maria Genta, \u00ab Les quatre saisons \u00bb Le Magazine de Proantic<\/title>\n<meta name=\"description\" content=\"S\u00e9rie compos\u00e9e de quatre temperas repr\u00e9sentant les Quatre Saisons, sign\u00e9es et dat\u00e9es de 1790, r\u00e9alis\u00e9es par le peintre pi\u00e9montais Giovanni Maria Genta.\" \/>\n<meta name=\"robots\" content=\"index, follow, max-snippet:-1, max-image-preview:large, max-video-preview:-1\" \/>\n<link rel=\"canonical\" href=\"https:\/\/www.proantic.com\/magazine\/giovanni-maria-genta-les-quatre-saisons\/\" \/>\n<meta property=\"og:locale\" content=\"fr_FR\" \/>\n<meta property=\"og:type\" content=\"article\" \/>\n<meta property=\"og:title\" content=\"Giovanni Maria Genta, \u00ab Les quatre saisons \u00bb Le Magazine de Proantic\" \/>\n<meta property=\"og:description\" content=\"S\u00e9rie compos\u00e9e de quatre temperas repr\u00e9sentant les Quatre Saisons, sign\u00e9es et dat\u00e9es de 1790, r\u00e9alis\u00e9es par le peintre pi\u00e9montais Giovanni Maria Genta.\" \/>\n<meta property=\"og:url\" content=\"https:\/\/www.proantic.com\/magazine\/giovanni-maria-genta-les-quatre-saisons\/\" \/>\n<meta property=\"og:site_name\" content=\"Le Magazine de Proantic\" \/>\n<meta property=\"article:publisher\" content=\"https:\/\/www.facebook.com\/pages\/Proantic\/\/259180871793\" \/>\n<meta property=\"article:published_time\" content=\"2025-10-31T14:07:47+00:00\" \/>\n<meta property=\"og:image\" content=\"https:\/\/www.proantic.com\/magazine\/wp-content\/uploads\/2025\/10\/1639495-alb-68fba85b6be05.jpg\" \/>\n\t<meta property=\"og:image:width\" content=\"1200\" \/>\n\t<meta property=\"og:image:height\" content=\"876\" \/>\n\t<meta property=\"og:image:type\" content=\"image\/jpeg\" \/>\n<meta name=\"author\" content=\"C\u00e9line Autant\" \/>\n<meta name=\"twitter:label1\" content=\"\u00c9crit par\" \/>\n\t<meta name=\"twitter:data1\" content=\"C\u00e9line Autant\" \/>\n\t<meta name=\"twitter:label2\" content=\"Dur\u00e9e de lecture estim\u00e9e\" \/>\n\t<meta name=\"twitter:data2\" content=\"4 minutes\" \/>\n<script type=\"application\/ld+json\" class=\"yoast-schema-graph\">{\"@context\":\"https:\/\/schema.org\",\"@graph\":[{\"@type\":\"Article\",\"@id\":\"https:\/\/www.proantic.com\/magazine\/giovanni-maria-genta-les-quatre-saisons\/#article\",\"isPartOf\":{\"@id\":\"https:\/\/www.proantic.com\/magazine\/giovanni-maria-genta-les-quatre-saisons\/\"},\"author\":{\"name\":\"C\u00e9line Autant\",\"@id\":\"https:\/\/www.proantic.com\/magazine\/#\/schema\/person\/63707e8f4e7d0172de7ddde897688be0\"},\"headline\":\"Giovanni Maria Genta, \u00ab Les quatre saisons \u00bb\",\"datePublished\":\"2025-10-31T14:07:47+00:00\",\"mainEntityOfPage\":{\"@id\":\"https:\/\/www.proantic.com\/magazine\/giovanni-maria-genta-les-quatre-saisons\/\"},\"wordCount\":538,\"image\":{\"@id\":\"https:\/\/www.proantic.com\/magazine\/giovanni-maria-genta-les-quatre-saisons\/#primaryimage\"},\"thumbnailUrl\":\"https:\/\/i0.wp.com\/www.proantic.com\/magazine\/wp-content\/uploads\/2025\/10\/1639495-alb-68fba85b6be05.jpg?fit=1200%2C876&ssl=1\",\"articleSection\":[\"L'objet du mois\"],\"inLanguage\":\"fr-FR\"},{\"@type\":\"WebPage\",\"@id\":\"https:\/\/www.proantic.com\/magazine\/giovanni-maria-genta-les-quatre-saisons\/\",\"url\":\"https:\/\/www.proantic.com\/magazine\/giovanni-maria-genta-les-quatre-saisons\/\",\"name\":\"Giovanni Maria Genta, \u00ab Les quatre saisons \u00bb Le Magazine de Proantic\",\"isPartOf\":{\"@id\":\"https:\/\/www.proantic.com\/magazine\/#website\"},\"primaryImageOfPage\":{\"@id\":\"https:\/\/www.proantic.com\/magazine\/giovanni-maria-genta-les-quatre-saisons\/#primaryimage\"},\"image\":{\"@id\":\"https:\/\/www.proantic.com\/magazine\/giovanni-maria-genta-les-quatre-saisons\/#primaryimage\"},\"thumbnailUrl\":\"https:\/\/i0.wp.com\/www.proantic.com\/magazine\/wp-content\/uploads\/2025\/10\/1639495-alb-68fba85b6be05.jpg?fit=1200%2C876&ssl=1\",\"datePublished\":\"2025-10-31T14:07:47+00:00\",\"author\":{\"@id\":\"https:\/\/www.proantic.com\/magazine\/#\/schema\/person\/63707e8f4e7d0172de7ddde897688be0\"},\"description\":\"S\u00e9rie compos\u00e9e de quatre temperas repr\u00e9sentant les Quatre Saisons, sign\u00e9es et dat\u00e9es de 1790, r\u00e9alis\u00e9es par le peintre pi\u00e9montais Giovanni Maria Genta.\",\"breadcrumb\":{\"@id\":\"https:\/\/www.proantic.com\/magazine\/giovanni-maria-genta-les-quatre-saisons\/#breadcrumb\"},\"inLanguage\":\"fr-FR\",\"potentialAction\":[{\"@type\":\"ReadAction\",\"target\":[\"https:\/\/www.proantic.com\/magazine\/giovanni-maria-genta-les-quatre-saisons\/\"]}]},{\"@type\":\"ImageObject\",\"inLanguage\":\"fr-FR\",\"@id\":\"https:\/\/www.proantic.com\/magazine\/giovanni-maria-genta-les-quatre-saisons\/#primaryimage\",\"url\":\"https:\/\/i0.wp.com\/www.proantic.com\/magazine\/wp-content\/uploads\/2025\/10\/1639495-alb-68fba85b6be05.jpg?fit=1200%2C876&ssl=1\",\"contentUrl\":\"https:\/\/i0.wp.com\/www.proantic.com\/magazine\/wp-content\/uploads\/2025\/10\/1639495-alb-68fba85b6be05.jpg?fit=1200%2C876&ssl=1\",\"width\":1200,\"height\":876},{\"@type\":\"BreadcrumbList\",\"@id\":\"https:\/\/www.proantic.com\/magazine\/giovanni-maria-genta-les-quatre-saisons\/#breadcrumb\",\"itemListElement\":[{\"@type\":\"ListItem\",\"position\":1,\"name\":\"Accueil\",\"item\":\"https:\/\/www.proantic.com\/magazine\/\"},{\"@type\":\"ListItem\",\"position\":2,\"name\":\"Giovanni Maria Genta, \u00ab Les quatre saisons \u00bb\"}]},{\"@type\":\"WebSite\",\"@id\":\"https:\/\/www.proantic.com\/magazine\/#website\",\"url\":\"https:\/\/www.proantic.com\/magazine\/\",\"name\":\"Le Magazine de Proantic\",\"description\":\"Magazine d&#039;art et expositions\",\"potentialAction\":[{\"@type\":\"SearchAction\",\"target\":{\"@type\":\"EntryPoint\",\"urlTemplate\":\"https:\/\/www.proantic.com\/magazine\/?s={search_term_string}\"},\"query-input\":{\"@type\":\"PropertyValueSpecification\",\"valueRequired\":true,\"valueName\":\"search_term_string\"}}],\"inLanguage\":\"fr-FR\"},{\"@type\":\"Person\",\"@id\":\"https:\/\/www.proantic.com\/magazine\/#\/schema\/person\/63707e8f4e7d0172de7ddde897688be0\",\"name\":\"C\u00e9line Autant\"}]}<\/script>\n<!-- \/ Yoast SEO plugin. -->","yoast_head_json":{"title":"Giovanni Maria Genta, \u00ab Les quatre saisons \u00bb Le Magazine de Proantic","description":"S\u00e9rie compos\u00e9e de quatre temperas repr\u00e9sentant les Quatre Saisons, sign\u00e9es et dat\u00e9es de 1790, r\u00e9alis\u00e9es par le peintre pi\u00e9montais Giovanni Maria Genta.","robots":{"index":"index","follow":"follow","max-snippet":"max-snippet:-1","max-image-preview":"max-image-preview:large","max-video-preview":"max-video-preview:-1"},"canonical":"https:\/\/www.proantic.com\/magazine\/giovanni-maria-genta-les-quatre-saisons\/","og_locale":"fr_FR","og_type":"article","og_title":"Giovanni Maria Genta, \u00ab Les quatre saisons \u00bb Le Magazine de Proantic","og_description":"S\u00e9rie compos\u00e9e de quatre temperas repr\u00e9sentant les Quatre Saisons, sign\u00e9es et dat\u00e9es de 1790, r\u00e9alis\u00e9es par le peintre pi\u00e9montais Giovanni Maria Genta.","og_url":"https:\/\/www.proantic.com\/magazine\/giovanni-maria-genta-les-quatre-saisons\/","og_site_name":"Le Magazine de Proantic","article_publisher":"https:\/\/www.facebook.com\/pages\/Proantic\/\/259180871793","article_published_time":"2025-10-31T14:07:47+00:00","og_image":[{"width":1200,"height":876,"url":"https:\/\/www.proantic.com\/magazine\/wp-content\/uploads\/2025\/10\/1639495-alb-68fba85b6be05.jpg","type":"image\/jpeg"}],"author":"C\u00e9line Autant","twitter_misc":{"\u00c9crit par":"C\u00e9line Autant","Dur\u00e9e de lecture estim\u00e9e":"4 minutes"},"schema":{"@context":"https:\/\/schema.org","@graph":[{"@type":"Article","@id":"https:\/\/www.proantic.com\/magazine\/giovanni-maria-genta-les-quatre-saisons\/#article","isPartOf":{"@id":"https:\/\/www.proantic.com\/magazine\/giovanni-maria-genta-les-quatre-saisons\/"},"author":{"name":"C\u00e9line Autant","@id":"https:\/\/www.proantic.com\/magazine\/#\/schema\/person\/63707e8f4e7d0172de7ddde897688be0"},"headline":"Giovanni Maria Genta, \u00ab Les quatre saisons \u00bb","datePublished":"2025-10-31T14:07:47+00:00","mainEntityOfPage":{"@id":"https:\/\/www.proantic.com\/magazine\/giovanni-maria-genta-les-quatre-saisons\/"},"wordCount":538,"image":{"@id":"https:\/\/www.proantic.com\/magazine\/giovanni-maria-genta-les-quatre-saisons\/#primaryimage"},"thumbnailUrl":"https:\/\/i0.wp.com\/www.proantic.com\/magazine\/wp-content\/uploads\/2025\/10\/1639495-alb-68fba85b6be05.jpg?fit=1200%2C876&ssl=1","articleSection":["L'objet du mois"],"inLanguage":"fr-FR"},{"@type":"WebPage","@id":"https:\/\/www.proantic.com\/magazine\/giovanni-maria-genta-les-quatre-saisons\/","url":"https:\/\/www.proantic.com\/magazine\/giovanni-maria-genta-les-quatre-saisons\/","name":"Giovanni Maria Genta, \u00ab Les quatre saisons \u00bb Le Magazine de Proantic","isPartOf":{"@id":"https:\/\/www.proantic.com\/magazine\/#website"},"primaryImageOfPage":{"@id":"https:\/\/www.proantic.com\/magazine\/giovanni-maria-genta-les-quatre-saisons\/#primaryimage"},"image":{"@id":"https:\/\/www.proantic.com\/magazine\/giovanni-maria-genta-les-quatre-saisons\/#primaryimage"},"thumbnailUrl":"https:\/\/i0.wp.com\/www.proantic.com\/magazine\/wp-content\/uploads\/2025\/10\/1639495-alb-68fba85b6be05.jpg?fit=1200%2C876&ssl=1","datePublished":"2025-10-31T14:07:47+00:00","author":{"@id":"https:\/\/www.proantic.com\/magazine\/#\/schema\/person\/63707e8f4e7d0172de7ddde897688be0"},"description":"S\u00e9rie compos\u00e9e de quatre temperas repr\u00e9sentant les Quatre Saisons, sign\u00e9es et dat\u00e9es de 1790, r\u00e9alis\u00e9es par le peintre pi\u00e9montais Giovanni Maria Genta.","breadcrumb":{"@id":"https:\/\/www.proantic.com\/magazine\/giovanni-maria-genta-les-quatre-saisons\/#breadcrumb"},"inLanguage":"fr-FR","potentialAction":[{"@type":"ReadAction","target":["https:\/\/www.proantic.com\/magazine\/giovanni-maria-genta-les-quatre-saisons\/"]}]},{"@type":"ImageObject","inLanguage":"fr-FR","@id":"https:\/\/www.proantic.com\/magazine\/giovanni-maria-genta-les-quatre-saisons\/#primaryimage","url":"https:\/\/i0.wp.com\/www.proantic.com\/magazine\/wp-content\/uploads\/2025\/10\/1639495-alb-68fba85b6be05.jpg?fit=1200%2C876&ssl=1","contentUrl":"https:\/\/i0.wp.com\/www.proantic.com\/magazine\/wp-content\/uploads\/2025\/10\/1639495-alb-68fba85b6be05.jpg?fit=1200%2C876&ssl=1","width":1200,"height":876},{"@type":"BreadcrumbList","@id":"https:\/\/www.proantic.com\/magazine\/giovanni-maria-genta-les-quatre-saisons\/#breadcrumb","itemListElement":[{"@type":"ListItem","position":1,"name":"Accueil","item":"https:\/\/www.proantic.com\/magazine\/"},{"@type":"ListItem","position":2,"name":"Giovanni Maria Genta, \u00ab Les quatre saisons \u00bb"}]},{"@type":"WebSite","@id":"https:\/\/www.proantic.com\/magazine\/#website","url":"https:\/\/www.proantic.com\/magazine\/","name":"Le Magazine de Proantic","description":"Magazine d&#039;art et expositions","potentialAction":[{"@type":"SearchAction","target":{"@type":"EntryPoint","urlTemplate":"https:\/\/www.proantic.com\/magazine\/?s={search_term_string}"},"query-input":{"@type":"PropertyValueSpecification","valueRequired":true,"valueName":"search_term_string"}}],"inLanguage":"fr-FR"},{"@type":"Person","@id":"https:\/\/www.proantic.com\/magazine\/#\/schema\/person\/63707e8f4e7d0172de7ddde897688be0","name":"C\u00e9line Autant"}]}},"jetpack_publicize_connections":[],"jetpack_featured_media_url":"https:\/\/i0.wp.com\/www.proantic.com\/magazine\/wp-content\/uploads\/2025\/10\/1639495-alb-68fba85b6be05.jpg?fit=1200%2C876&ssl=1","jetpack_shortlink":"https:\/\/wp.me\/p7EkP3-4Gn","jetpack_sharing_enabled":true,"_links":{"self":[{"href":"https:\/\/www.proantic.com\/magazine\/wp-json\/wp\/v2\/posts\/18003","targetHints":{"allow":["GET"]}}],"collection":[{"href":"https:\/\/www.proantic.com\/magazine\/wp-json\/wp\/v2\/posts"}],"about":[{"href":"https:\/\/www.proantic.com\/magazine\/wp-json\/wp\/v2\/types\/post"}],"author":[{"embeddable":true,"href":"https:\/\/www.proantic.com\/magazine\/wp-json\/wp\/v2\/users\/6"}],"replies":[{"embeddable":true,"href":"https:\/\/www.proantic.com\/magazine\/wp-json\/wp\/v2\/comments?post=18003"}],"version-history":[{"count":1,"href":"https:\/\/www.proantic.com\/magazine\/wp-json\/wp\/v2\/posts\/18003\/revisions"}],"predecessor-version":[{"id":18009,"href":"https:\/\/www.proantic.com\/magazine\/wp-json\/wp\/v2\/posts\/18003\/revisions\/18009"}],"wp:featuredmedia":[{"embeddable":true,"href":"https:\/\/www.proantic.com\/magazine\/wp-json\/wp\/v2\/media\/18008"}],"wp:attachment":[{"href":"https:\/\/www.proantic.com\/magazine\/wp-json\/wp\/v2\/media?parent=18003"}],"wp:term":[{"taxonomy":"category","embeddable":true,"href":"https:\/\/www.proantic.com\/magazine\/wp-json\/wp\/v2\/categories?post=18003"},{"taxonomy":"post_tag","embeddable":true,"href":"https:\/\/www.proantic.com\/magazine\/wp-json\/wp\/v2\/tags?post=18003"}],"curies":[{"name":"wp","href":"https:\/\/api.w.org\/{rel}","templated":true}]}}