{"id":1764,"date":"2014-06-26T15:37:07","date_gmt":"2014-06-26T14:37:07","guid":{"rendered":"http:\/\/www.proantic.com\/magazine\/?p=1764"},"modified":"2017-12-18T09:04:18","modified_gmt":"2017-12-18T08:04:18","slug":"paris-1900-ville-spectacle","status":"publish","type":"post","link":"https:\/\/www.proantic.com\/magazine\/paris-1900-ville-spectacle\/","title":{"rendered":"Paris 1900, la Ville spectacle"},"content":{"rendered":"<p style=\"text-align: justify\"><b>L\u2019exposition est pr\u00e9sent\u00e9e jusqu&rsquo;au 17 ao\u00fbt 2014 au Petit Palais, mus\u00e9e des Beaux-Arts de la Ville de Paris ,\u00a0<\/b>\u00a0invite le public \u00e0 revivre les heures fastes de la capitale fran\u00e7aise au moment o\u00f9 elle accueille l\u2019Exposition universelle qui inaugure en fanfare le 20e si\u00e8cle. Plus que jamais la ville rayonne aux yeux du monde entier comme la cit\u00e9 du luxe et de l\u2019art de vivre.<\/p>\n<figure id=\"attachment_1775\" aria-describedby=\"caption-attachment-1775\" style=\"width: 800px\" class=\"wp-caption aligncenter\"><a href=\"https:\/\/i0.wp.com\/www.proantic.com\/magazine\/wp-content\/uploads\/2014\/06\/9982-e1403787638455.png\"><img data-recalc-dims=\"1\" loading=\"lazy\" decoding=\"async\" data-attachment-id=\"1775\" data-permalink=\"https:\/\/www.proantic.com\/magazine\/paris-1900-ville-spectacle\/attachment\/9982\/\" data-orig-file=\"https:\/\/i0.wp.com\/www.proantic.com\/magazine\/wp-content\/uploads\/2014\/06\/9982-e1403787638455.png?fit=800%2C328&amp;ssl=1\" data-orig-size=\"800,328\" data-comments-opened=\"1\" data-image-meta=\"{&quot;aperture&quot;:&quot;0&quot;,&quot;credit&quot;:&quot;&quot;,&quot;camera&quot;:&quot;&quot;,&quot;caption&quot;:&quot;&quot;,&quot;created_timestamp&quot;:&quot;0&quot;,&quot;copyright&quot;:&quot;&quot;,&quot;focal_length&quot;:&quot;0&quot;,&quot;iso&quot;:&quot;0&quot;,&quot;shutter_speed&quot;:&quot;0&quot;,&quot;title&quot;:&quot;&quot;}\" data-image-title=\"Henri Gervex \u00ab\u00a0Une soir\u00e9e au Pr\u00e9-Catelan\u00a0\u00bb\" data-image-description=\"\" data-image-caption=\"&lt;p&gt;Henri Gervex \u00ab\u00a0Une soir\u00e9e au Pr\u00e9-Catelan\u00a0\u00bb, 1909. Huile sur toile, 217 x 318 cm \u00a9 Paris, Mus\u00e9e Carnavalet\/ Roger-Viollet&lt;\/p&gt;\n\" data-medium-file=\"https:\/\/i0.wp.com\/www.proantic.com\/magazine\/wp-content\/uploads\/2014\/06\/9982-e1403787638455.png?fit=300%2C123&amp;ssl=1\" data-large-file=\"https:\/\/i0.wp.com\/www.proantic.com\/magazine\/wp-content\/uploads\/2014\/06\/9982-e1403787638455.png?fit=665%2C273&amp;ssl=1\" class=\"wp-image-1775 size-full\" src=\"https:\/\/i0.wp.com\/www.proantic.com\/magazine\/wp-content\/uploads\/2014\/06\/9982-e1403787638455.png?resize=665%2C273\" alt=\"\" width=\"665\" height=\"273\" \/><\/a><figcaption id=\"caption-attachment-1775\" class=\"wp-caption-text\"><strong>Henri Gervex \u00ab\u00a0Une soir\u00e9e au Pr\u00e9-Catelan\u00a0\u00bb, 1909<\/strong>. Huile sur toile \u00a9 Paris, Mus\u00e9e Carnavalet\/ Roger-Viollet<\/figcaption><\/figure>\n<p style=\"text-align: justify\"><span style=\"color: #ff0000\">P<\/span>lus de 600 \u0153uvres \u2013 peintures, objets d\u2019art, costumes, affiches, photographies, films, meubles, bijoux, sculptures\u2026 &#8211; plongeront les visiteurs du Petit Palais dans le Paris de la Belle Epoque. Les innovations techniques, l\u2019effervescence culturelle, l\u2019\u00e9l\u00e9gance de la Parisienne seront mises en sc\u00e8ne comme autant de mythologies de ce Paris dont la litt\u00e9rature et le cin\u00e9ma n\u2019ont cess\u00e9 depuis de v\u00e9hiculer l\u2019image dans le monde entier.<\/p>\n<p style=\"text-align: justify\"><span style=\"color: #ff0000\">D<\/span>ans une sc\u00e9nographie inventive int\u00e9grant le tout nouveau cin\u00e9matographe au fil du parcours, le visiteur est convi\u00e9 \u00e0 un voyage semblable \u00e0 celui des 51 millions de touristes qui afflu\u00e8rent \u00e0 Paris en 1900<\/p>\n<div class=\"olsen-light-responsive-embed\"><iframe loading=\"lazy\" title=\"Exposition Paris 1900 | Petit Palais\" frameborder=\"0\" width=\"665\" height=\"374\" src=\"https:\/\/geo.dailymotion.com\/player.html?video=x1nakal&#038;\" allowfullscreen allow=\"autoplay; fullscreen; picture-in-picture; web-share\"><\/iframe><\/div>\n<p style=\"text-align: justify\"><span style=\"color: #ff0000\">L<\/span>e parcours organis\u00e9 autour de six pavillons d\u00e9bute par une section intitul\u00e9e \u00ab\u00a0Paris, vitrine du monde\u00a0\u00bb \u00e9voquant l&rsquo;exposition universelle. A cette occasion, les nouvelles gares de Lyon, d&rsquo;Orsay et des invalides sont construites tout comme la premi\u00e8re ligne du \u00ab\u00a0m\u00e9tropolitain\u00a0\u00bb. Des projets architecturaux, des peintures, des films mais aussi de pittoresques objets souvenirs et des \u00e9l\u00e9ments de d\u00e9cors sauvegard\u00e9s, rappelleront cette manifestation inou\u00efe.<\/p>\n<figure id=\"attachment_1771\" aria-describedby=\"caption-attachment-1771\" style=\"width: 529px\" class=\"wp-caption aligncenter\"><a href=\"https:\/\/i0.wp.com\/www.proantic.com\/magazine\/wp-content\/uploads\/2014\/06\/selopm.jpg\"><img data-recalc-dims=\"1\" loading=\"lazy\" decoding=\"async\" data-attachment-id=\"1771\" data-permalink=\"https:\/\/www.proantic.com\/magazine\/paris-1900-ville-spectacle\/selopm\/\" data-orig-file=\"https:\/\/i0.wp.com\/www.proantic.com\/magazine\/wp-content\/uploads\/2014\/06\/selopm.jpg?fit=529%2C688&amp;ssl=1\" data-orig-size=\"529,688\" data-comments-opened=\"1\" data-image-meta=\"{&quot;aperture&quot;:&quot;0&quot;,&quot;credit&quot;:&quot;Celine&quot;,&quot;camera&quot;:&quot;&quot;,&quot;caption&quot;:&quot;&quot;,&quot;created_timestamp&quot;:&quot;1403793222&quot;,&quot;copyright&quot;:&quot;&quot;,&quot;focal_length&quot;:&quot;0&quot;,&quot;iso&quot;:&quot;0&quot;,&quot;shutter_speed&quot;:&quot;0&quot;,&quot;title&quot;:&quot;&quot;}\" data-image-title=\"Exposition universelle de Paris 1900, entr\u00e9e monumentale de la concorde\" data-image-description=\"\" data-image-caption=\"&lt;p&gt;Exposition universelle de Paris 1900, entr\u00e9e monumentale de la concorde&lt;\/p&gt;\n\" data-medium-file=\"https:\/\/i0.wp.com\/www.proantic.com\/magazine\/wp-content\/uploads\/2014\/06\/selopm.jpg?fit=230%2C300&amp;ssl=1\" data-large-file=\"https:\/\/i0.wp.com\/www.proantic.com\/magazine\/wp-content\/uploads\/2014\/06\/selopm.jpg?fit=529%2C688&amp;ssl=1\" class=\"size-full wp-image-1771\" src=\"https:\/\/i0.wp.com\/www.proantic.com\/magazine\/wp-content\/uploads\/2014\/06\/selopm.jpg?resize=529%2C688\" alt=\"Paris 1900\" width=\"529\" height=\"688\" srcset=\"https:\/\/i0.wp.com\/www.proantic.com\/magazine\/wp-content\/uploads\/2014\/06\/selopm.jpg?w=529&amp;ssl=1 529w, https:\/\/i0.wp.com\/www.proantic.com\/magazine\/wp-content\/uploads\/2014\/06\/selopm.jpg?resize=230%2C300&amp;ssl=1 230w\" sizes=\"auto, (max-width: 529px) 100vw, 529px\" \/><\/a><figcaption id=\"caption-attachment-1771\" class=\"wp-caption-text\"><strong>Exposition universelle de Paris 1900, entr\u00e9e monumentale de la concorde<\/strong><\/figcaption><\/figure>\n<p style=\"text-align: justify\"><strong><span style=\"color: #ff0000\">M<\/span><\/strong>ais Paris 1900 ne saurait se r\u00e9sumer \u00e0 l&rsquo;Expostion universelle. la ville lumi\u00e8re proposait bien d&rsquo;autres occasions d&rsquo;\u00e9merveillement et de d\u00e9penses. Dans les magasins de luxe et les galeries d&rsquo;art, les amateurs pouvaient d\u00e9couvrir les cr\u00e9ations des inventeurs de l&rsquo;Art Nouveau, pr\u00e9sent\u00e9es ici au sein d&rsquo;un second pavillon d\u00e9di\u00e9 aux chefs-d&rsquo;oeuvre de<strong> Gall\u00e9, Guimard, Majorelle, Mucha, Lalique&#8230;.<\/strong><\/p>\n<figure id=\"attachment_1776\" aria-describedby=\"caption-attachment-1776\" style=\"width: 442px\" class=\"wp-caption aligncenter\"><a href=\"https:\/\/i0.wp.com\/www.proantic.com\/magazine\/wp-content\/uploads\/2014\/06\/Alfons_Mucha-599x814-e1403793137193.jpg\"><img data-recalc-dims=\"1\" loading=\"lazy\" decoding=\"async\" data-attachment-id=\"1776\" data-permalink=\"https:\/\/www.proantic.com\/magazine\/paris-1900-ville-spectacle\/alfons_mucha-599x814\/\" data-orig-file=\"https:\/\/i0.wp.com\/www.proantic.com\/magazine\/wp-content\/uploads\/2014\/06\/Alfons_Mucha-599x814-e1403793137193.jpg?fit=442%2C600&amp;ssl=1\" data-orig-size=\"442,600\" data-comments-opened=\"1\" data-image-meta=\"{&quot;aperture&quot;:&quot;0&quot;,&quot;credit&quot;:&quot;&quot;,&quot;camera&quot;:&quot;&quot;,&quot;caption&quot;:&quot;&quot;,&quot;created_timestamp&quot;:&quot;0&quot;,&quot;copyright&quot;:&quot;&quot;,&quot;focal_length&quot;:&quot;0&quot;,&quot;iso&quot;:&quot;0&quot;,&quot;shutter_speed&quot;:&quot;0&quot;,&quot;title&quot;:&quot;&quot;}\" data-image-title=\"Alphonse Mucha \" data-image-description=\"\" data-image-caption=\"&lt;p&gt;Alphonse Mucha &lt;\/p&gt;\n\" data-medium-file=\"https:\/\/i0.wp.com\/www.proantic.com\/magazine\/wp-content\/uploads\/2014\/06\/Alfons_Mucha-599x814-e1403793137193.jpg?fit=220%2C300&amp;ssl=1\" data-large-file=\"https:\/\/i0.wp.com\/www.proantic.com\/magazine\/wp-content\/uploads\/2014\/06\/Alfons_Mucha-599x814-e1403793137193.jpg?fit=442%2C600&amp;ssl=1\" class=\"size-full wp-image-1776\" src=\"https:\/\/i0.wp.com\/www.proantic.com\/magazine\/wp-content\/uploads\/2014\/06\/Alfons_Mucha-599x814-e1403793137193.jpg?resize=442%2C600\" alt=\"Alphonse Mucha \" width=\"442\" height=\"600\" \/><\/a><figcaption id=\"caption-attachment-1776\" class=\"wp-caption-text\"><strong>Alphonse Mucha<\/strong><\/figcaption><\/figure>\n<p style=\"text-align: justify\">La troisi\u00e8me section aux Beaux-Arts d\u00e9montre la place centrale de Paris sur la sc\u00e8ne artistique. A cette \u00e9poque, tous les talents convergent vers la capitale pour se former dans les ateliers, exposer dans les salons et vendre gr\u00e2ce aux r\u00e9seaux montants des galeries d&rsquo;art. Des toiles du finlandais <strong>Edelfelt<\/strong>, de l&rsquo;espagnol <strong>Zuloaga<\/strong> ou de l&rsquo;am\u00e9ricain <strong>Stewart<\/strong>, \u00e9voqueront ce climat international.<\/p>\n<p style=\"text-align: justify\">Mais l&rsquo;accrochage confronte aussi les oeuvres de <strong>C\u00e9zanne<\/strong>, <strong>Monet<\/strong>,<strong> Renoir<\/strong>, <strong>Pissarro<\/strong>, <strong>Vuillard<\/strong>, avec celles de <strong>G\u00e9r\u00f4me<\/strong>, de <strong>Bouguereau<\/strong> ou <strong>Gervex<\/strong>, gloires acclam\u00e9es tant de l&rsquo;acad\u00e9misme que de l&rsquo;impressionnisme enfin reconnu, du Symbolisme tardif ou de figures plus nouvelles, comme <strong>Maillol<\/strong> ou <strong>Maurice Denis<\/strong>, tandis que triomphe l&rsquo;art d&rsquo;un<strong> Rodin<\/strong>.<\/p>\n<figure id=\"attachment_1777\" aria-describedby=\"caption-attachment-1777\" style=\"width: 437px\" class=\"wp-caption aligncenter\"><a href=\"https:\/\/i0.wp.com\/www.proantic.com\/magazine\/wp-content\/uploads\/2014\/06\/jkji.jpg\"><img data-recalc-dims=\"1\" loading=\"lazy\" decoding=\"async\" data-attachment-id=\"1777\" data-permalink=\"https:\/\/www.proantic.com\/magazine\/paris-1900-ville-spectacle\/jkji\/\" data-orig-file=\"https:\/\/i0.wp.com\/www.proantic.com\/magazine\/wp-content\/uploads\/2014\/06\/jkji.jpg?fit=437%2C643&amp;ssl=1\" data-orig-size=\"437,643\" data-comments-opened=\"1\" data-image-meta=\"{&quot;aperture&quot;:&quot;0&quot;,&quot;credit&quot;:&quot;Celine&quot;,&quot;camera&quot;:&quot;&quot;,&quot;caption&quot;:&quot;&quot;,&quot;created_timestamp&quot;:&quot;1403795259&quot;,&quot;copyright&quot;:&quot;&quot;,&quot;focal_length&quot;:&quot;0&quot;,&quot;iso&quot;:&quot;0&quot;,&quot;shutter_speed&quot;:&quot;0&quot;,&quot;title&quot;:&quot;&quot;}\" data-image-title=\"Mucha La Nature, 1899-1900.\" data-image-description=\"\" data-image-caption=\"&lt;p&gt;Mucha La Nature, 1899-1900. Bronze dor\u00e9 et argent\u00e9&lt;br \/&gt;\n \u00a9 Karlsruhe, Badisches Landsmuseum&lt;\/p&gt;\n\" data-medium-file=\"https:\/\/i0.wp.com\/www.proantic.com\/magazine\/wp-content\/uploads\/2014\/06\/jkji.jpg?fit=203%2C300&amp;ssl=1\" data-large-file=\"https:\/\/i0.wp.com\/www.proantic.com\/magazine\/wp-content\/uploads\/2014\/06\/jkji.jpg?fit=437%2C643&amp;ssl=1\" class=\"size-full wp-image-1777\" src=\"https:\/\/i0.wp.com\/www.proantic.com\/magazine\/wp-content\/uploads\/2014\/06\/jkji.jpg?resize=437%2C643\" alt=\"Mucha La Nature, 1899-1900. Bronze dor\u00e9 et argent\u00e9  \u00a9 Karlsruhe, Badisches Landsmuseum\" width=\"437\" height=\"643\" srcset=\"https:\/\/i0.wp.com\/www.proantic.com\/magazine\/wp-content\/uploads\/2014\/06\/jkji.jpg?w=437&amp;ssl=1 437w, https:\/\/i0.wp.com\/www.proantic.com\/magazine\/wp-content\/uploads\/2014\/06\/jkji.jpg?resize=203%2C300&amp;ssl=1 203w\" sizes=\"auto, (max-width: 437px) 100vw, 437px\" \/><\/a><figcaption id=\"caption-attachment-1777\" class=\"wp-caption-text\"><strong>Mucha La Nature, 1899-1900. Bronze dor\u00e9 et argent\u00e9<\/strong><br \/>\u00a9 Karlsruhe, Badisches Landsmuseum<\/figcaption><\/figure>\n<p style=\"text-align: justify\"><span style=\"color: #ff0000\">L<\/span>e visiteur d\u00e9couvre ensuite les cr\u00e9ations d&rsquo;une mode parisienne triomphante qui affichait son succ\u00e8s d\u00e8s l&rsquo;entr\u00e9e de l&rsquo;Exposition universelle dont la porte monumentale \u00e9tait surmont\u00e9e d&rsquo;une figure de Parisienne habill\u00e9e par <strong>Jeanne Paquin<\/strong>. Les maisons de couture de la rue de la Paix attirent un monde cosmopolite et richissime, qu&rsquo;imitent les midinettes.<\/p>\n<p style=\"text-align: justify\"><span style=\"color: #ff0000\">L<\/span>es plus beaux tr\u00e9sors du Palais Galliera, telle la c\u00e9l\u00e8bre cape de soir\u00e9e sign\u00e9e du couturier <strong>Worth<\/strong>, seront accompagn\u00e9s de grands portrait mondains par la <strong>Gandara<\/strong> ou <strong>Besnard<\/strong>, et d&rsquo;\u00e9vocation du monde des modistes et des trottins sous le pinceau aussi bien de <strong>Jean B\u00e9raud<\/strong> que d&rsquo;<strong>Edgard Degas<\/strong>.<\/p>\n<figure id=\"attachment_1770\" aria-describedby=\"caption-attachment-1770\" style=\"width: 468px\" class=\"wp-caption aligncenter\"><a href=\"https:\/\/i0.wp.com\/www.proantic.com\/magazine\/wp-content\/uploads\/2014\/06\/djskdlo.jpg\"><img data-recalc-dims=\"1\" loading=\"lazy\" decoding=\"async\" data-attachment-id=\"1770\" data-permalink=\"https:\/\/www.proantic.com\/magazine\/paris-1900-ville-spectacle\/djskdlo\/\" data-orig-file=\"https:\/\/i0.wp.com\/www.proantic.com\/magazine\/wp-content\/uploads\/2014\/06\/djskdlo.jpg?fit=468%2C639&amp;ssl=1\" data-orig-size=\"468,639\" data-comments-opened=\"1\" data-image-meta=\"{&quot;aperture&quot;:&quot;0&quot;,&quot;credit&quot;:&quot;Celine&quot;,&quot;camera&quot;:&quot;&quot;,&quot;caption&quot;:&quot;&quot;,&quot;created_timestamp&quot;:&quot;1403793252&quot;,&quot;copyright&quot;:&quot;&quot;,&quot;focal_length&quot;:&quot;0&quot;,&quot;iso&quot;:&quot;0&quot;,&quot;shutter_speed&quot;:&quot;0&quot;,&quot;title&quot;:&quot;&quot;}\" data-image-title=\"Jean B\u00e9raud\" data-image-description=\"\" data-image-caption=\"&lt;p&gt;Jean B\u00e9raud, parisienne sur la place de la concorde vers 1890&lt;br \/&gt;\n(c) Mus\u00e9e carnavalet&lt;\/p&gt;\n\" data-medium-file=\"https:\/\/i0.wp.com\/www.proantic.com\/magazine\/wp-content\/uploads\/2014\/06\/djskdlo.jpg?fit=219%2C300&amp;ssl=1\" data-large-file=\"https:\/\/i0.wp.com\/www.proantic.com\/magazine\/wp-content\/uploads\/2014\/06\/djskdlo.jpg?fit=468%2C639&amp;ssl=1\" class=\"size-full wp-image-1770\" src=\"https:\/\/i0.wp.com\/www.proantic.com\/magazine\/wp-content\/uploads\/2014\/06\/djskdlo.jpg?resize=468%2C639\" alt=\"Paris 1900\" width=\"468\" height=\"639\" srcset=\"https:\/\/i0.wp.com\/www.proantic.com\/magazine\/wp-content\/uploads\/2014\/06\/djskdlo.jpg?w=468&amp;ssl=1 468w, https:\/\/i0.wp.com\/www.proantic.com\/magazine\/wp-content\/uploads\/2014\/06\/djskdlo.jpg?resize=219%2C300&amp;ssl=1 219w\" sizes=\"auto, (max-width: 468px) 100vw, 468px\" \/><\/a><figcaption id=\"caption-attachment-1770\" class=\"wp-caption-text\"><strong>Jean B\u00e9raud, parisienne sur la place de la concorde vers 1890<\/strong><br \/>(c) Mus\u00e9e carnavalet<\/figcaption><\/figure>\n<p style=\"text-align: justify\"><span style=\"color: #ff0000\">L<\/span>es deux derniers pavillons offriront une plong\u00e9e dans le Paris des divertissements: des triomphes de <strong>sarah Bernard<\/strong> \u00e0 ceux d&rsquo;<strong>Yvette Guilbert<\/strong>, de pell\u00e9as et M\u00e9lisande de Debussy \u00e0 l&rsquo;Aiglon de Rostand, de l&rsquo;op\u00e9ra au caf\u00e9-concert, du cirque \u00e0 la maison close. Autant d&rsquo;illustrations des c\u00f4t\u00e9s brillants et obscurs d&rsquo;une cit\u00e9 qui se livrait sans compter afin de conforter l&rsquo;id\u00e9e qu&rsquo;elle demeurait la capitale du monde et la reine des plaisirs.<\/p>\n<figure id=\"attachment_1778\" aria-describedby=\"caption-attachment-1778\" style=\"width: 650px\" class=\"wp-caption aligncenter\"><a href=\"https:\/\/i0.wp.com\/www.proantic.com\/magazine\/wp-content\/uploads\/2014\/06\/jkju.jpg\"><img data-recalc-dims=\"1\" loading=\"lazy\" decoding=\"async\" data-attachment-id=\"1778\" data-permalink=\"https:\/\/www.proantic.com\/magazine\/paris-1900-ville-spectacle\/jkju\/\" data-orig-file=\"https:\/\/i0.wp.com\/www.proantic.com\/magazine\/wp-content\/uploads\/2014\/06\/jkju.jpg?fit=650%2C642&amp;ssl=1\" data-orig-size=\"650,642\" data-comments-opened=\"1\" data-image-meta=\"{&quot;aperture&quot;:&quot;0&quot;,&quot;credit&quot;:&quot;Celine&quot;,&quot;camera&quot;:&quot;&quot;,&quot;caption&quot;:&quot;&quot;,&quot;created_timestamp&quot;:&quot;1403795614&quot;,&quot;copyright&quot;:&quot;&quot;,&quot;focal_length&quot;:&quot;0&quot;,&quot;iso&quot;:&quot;0&quot;,&quot;shutter_speed&quot;:&quot;0&quot;,&quot;title&quot;:&quot;&quot;}\" data-image-title=\"Enseigne du cabaret le Chat Noir\" data-image-description=\"\" data-image-caption=\"&lt;p&gt;Enseigne du cabaret le Chat Noir, 1881. T\u00f4le peinte, d\u00e9coup\u00e9e \u00a9 Paris, Mus\u00e9e Carnavalet\/ Roger-Viollet&lt;\/p&gt;\n\" data-medium-file=\"https:\/\/i0.wp.com\/www.proantic.com\/magazine\/wp-content\/uploads\/2014\/06\/jkju.jpg?fit=300%2C296&amp;ssl=1\" data-large-file=\"https:\/\/i0.wp.com\/www.proantic.com\/magazine\/wp-content\/uploads\/2014\/06\/jkju.jpg?fit=650%2C642&amp;ssl=1\" class=\"size-full wp-image-1778\" src=\"https:\/\/i0.wp.com\/www.proantic.com\/magazine\/wp-content\/uploads\/2014\/06\/jkju.jpg?resize=650%2C642\" alt=\"Enseigne du cabaret le Chat Noir, 1881. T\u00f4le peinte, d\u00e9coup\u00e9e \u00a9 Paris, Mus\u00e9e Carnavalet\/ Roger-Viollet\" width=\"650\" height=\"642\" srcset=\"https:\/\/i0.wp.com\/www.proantic.com\/magazine\/wp-content\/uploads\/2014\/06\/jkju.jpg?w=650&amp;ssl=1 650w, https:\/\/i0.wp.com\/www.proantic.com\/magazine\/wp-content\/uploads\/2014\/06\/jkju.jpg?resize=300%2C296&amp;ssl=1 300w, https:\/\/i0.wp.com\/www.proantic.com\/magazine\/wp-content\/uploads\/2014\/06\/jkju.jpg?resize=620%2C612&amp;ssl=1 620w\" sizes=\"auto, (max-width: 650px) 100vw, 650px\" \/><\/a><figcaption id=\"caption-attachment-1778\" class=\"wp-caption-text\"><strong>Enseigne du cabaret le Chat Noir, 1881. T\u00f4le peinte, d\u00e9coup\u00e9e<\/strong> \u00a9 Paris, Mus\u00e9e Carnavalet\/ Roger-Viollet<\/figcaption><\/figure>\n<p style=\"text-align: justify\"><span style=\"color: #ff0000\">L<\/span>es lieux mythiques comme <strong>le moulin Rouge<\/strong> ou<strong> le chat Noir<\/strong>, deviennent les sujets favoris d&rsquo;artistes comme <strong>Toulouse Lautrec<\/strong>. Des grandes demi-mondaines, liane de Pougy ou la belle Otero, \u00e0 l&rsquo;enfer de la prostitution et de la drogue, l&rsquo;exposition montre l&rsquo;envers du d\u00e9cor, th\u00e8mes qui se r\u00e9v\u00e9leront \u00eatre des sujets porteurs de r\u00e9volutions esth\u00e9tiques.<\/p>\n<figure id=\"attachment_1772\" aria-describedby=\"caption-attachment-1772\" style=\"width: 583px\" class=\"wp-caption aligncenter\"><a href=\"https:\/\/i0.wp.com\/www.proantic.com\/magazine\/wp-content\/uploads\/2014\/06\/dejklo.jpg\"><img data-recalc-dims=\"1\" loading=\"lazy\" decoding=\"async\" data-attachment-id=\"1772\" data-permalink=\"https:\/\/www.proantic.com\/magazine\/paris-1900-ville-spectacle\/dejklo\/\" data-orig-file=\"https:\/\/i0.wp.com\/www.proantic.com\/magazine\/wp-content\/uploads\/2014\/06\/dejklo.jpg?fit=583%2C424&amp;ssl=1\" data-orig-size=\"583,424\" data-comments-opened=\"1\" data-image-meta=\"{&quot;aperture&quot;:&quot;0&quot;,&quot;credit&quot;:&quot;Celine&quot;,&quot;camera&quot;:&quot;&quot;,&quot;caption&quot;:&quot;&quot;,&quot;created_timestamp&quot;:&quot;1403793987&quot;,&quot;copyright&quot;:&quot;&quot;,&quot;focal_length&quot;:&quot;0&quot;,&quot;iso&quot;:&quot;0&quot;,&quot;shutter_speed&quot;:&quot;0&quot;,&quot;title&quot;:&quot;&quot;}\" data-image-title=\"Les galeries Lafayette, Paris 1900\" data-image-description=\"\" data-image-caption=\"&lt;p&gt;Les galeries Lafayette, Paris 1900 &lt;\/p&gt;\n\" data-medium-file=\"https:\/\/i0.wp.com\/www.proantic.com\/magazine\/wp-content\/uploads\/2014\/06\/dejklo.jpg?fit=300%2C218&amp;ssl=1\" data-large-file=\"https:\/\/i0.wp.com\/www.proantic.com\/magazine\/wp-content\/uploads\/2014\/06\/dejklo.jpg?fit=583%2C424&amp;ssl=1\" class=\"size-full wp-image-1772\" src=\"https:\/\/i0.wp.com\/www.proantic.com\/magazine\/wp-content\/uploads\/2014\/06\/dejklo.jpg?resize=583%2C424\" alt=\"Les galeries Lafayette, Paris 1900 \" width=\"583\" height=\"424\" srcset=\"https:\/\/i0.wp.com\/www.proantic.com\/magazine\/wp-content\/uploads\/2014\/06\/dejklo.jpg?w=583&amp;ssl=1 583w, https:\/\/i0.wp.com\/www.proantic.com\/magazine\/wp-content\/uploads\/2014\/06\/dejklo.jpg?resize=300%2C218&amp;ssl=1 300w\" sizes=\"auto, (max-width: 583px) 100vw, 583px\" \/><\/a><figcaption id=\"caption-attachment-1772\" class=\"wp-caption-text\"><strong>Les galeries Lafayette, Paris 1900<\/strong><\/figcaption><\/figure>\n<p style=\"text-align: justify\"><span style=\"color: #ff0000\">S<\/span>i le mythe de la Belle Epoque a perdur\u00e9 jusqu&rsquo;\u00e0 aujourd&rsquo;hui, ce n&rsquo;est pas seulement par contraste avec l&rsquo;horreur de la Grande Guerre qui lui succ\u00e9da, c&rsquo;est bien parce qu&rsquo;il repose sur un foisonnement culturel r\u00e9el dont cette exposition veut rappeler la force in\u00e9gal\u00e9e.<\/p>\n<figure id=\"attachment_1773\" aria-describedby=\"caption-attachment-1773\" style=\"width: 610px\" class=\"wp-caption aligncenter\"><a href=\"https:\/\/i0.wp.com\/www.proantic.com\/magazine\/wp-content\/uploads\/2014\/06\/360385_paris-1900-la-ville-spectacle-paris-08.jpg\"><img data-recalc-dims=\"1\" loading=\"lazy\" decoding=\"async\" data-attachment-id=\"1773\" data-permalink=\"https:\/\/www.proantic.com\/magazine\/paris-1900-ville-spectacle\/360385_paris-1900-la-ville-spectacle-paris-08\/\" data-orig-file=\"https:\/\/i0.wp.com\/www.proantic.com\/magazine\/wp-content\/uploads\/2014\/06\/360385_paris-1900-la-ville-spectacle-paris-08.jpg?fit=610%2C610&amp;ssl=1\" data-orig-size=\"610,610\" data-comments-opened=\"1\" data-image-meta=\"{&quot;aperture&quot;:&quot;0&quot;,&quot;credit&quot;:&quot;&quot;,&quot;camera&quot;:&quot;&quot;,&quot;caption&quot;:&quot;&quot;,&quot;created_timestamp&quot;:&quot;0&quot;,&quot;copyright&quot;:&quot;&quot;,&quot;focal_length&quot;:&quot;0&quot;,&quot;iso&quot;:&quot;0&quot;,&quot;shutter_speed&quot;:&quot;0&quot;,&quot;title&quot;:&quot;&quot;}\" data-image-title=\"Henri de Toulouse-Lautrec\" data-image-description=\"\" data-image-caption=\"&lt;p&gt;Henri de Toulouse-Lautrec \u00ab\u00a0Marcelle Lender dansant le bol\u00e9ro dans Chilp\u00e9ric\u00a0\u00bb, 1895-1896.&lt;\/p&gt;\n\" data-medium-file=\"https:\/\/i0.wp.com\/www.proantic.com\/magazine\/wp-content\/uploads\/2014\/06\/360385_paris-1900-la-ville-spectacle-paris-08.jpg?fit=300%2C300&amp;ssl=1\" data-large-file=\"https:\/\/i0.wp.com\/www.proantic.com\/magazine\/wp-content\/uploads\/2014\/06\/360385_paris-1900-la-ville-spectacle-paris-08.jpg?fit=610%2C610&amp;ssl=1\" class=\"size-full wp-image-1773\" src=\"https:\/\/i0.wp.com\/www.proantic.com\/magazine\/wp-content\/uploads\/2014\/06\/360385_paris-1900-la-ville-spectacle-paris-08.jpg?resize=610%2C610\" alt=\"Paris 1900, la ville spectacle\" width=\"610\" height=\"610\" srcset=\"https:\/\/i0.wp.com\/www.proantic.com\/magazine\/wp-content\/uploads\/2014\/06\/360385_paris-1900-la-ville-spectacle-paris-08.jpg?w=610&amp;ssl=1 610w, https:\/\/i0.wp.com\/www.proantic.com\/magazine\/wp-content\/uploads\/2014\/06\/360385_paris-1900-la-ville-spectacle-paris-08.jpg?resize=150%2C150&amp;ssl=1 150w, https:\/\/i0.wp.com\/www.proantic.com\/magazine\/wp-content\/uploads\/2014\/06\/360385_paris-1900-la-ville-spectacle-paris-08.jpg?resize=300%2C300&amp;ssl=1 300w\" sizes=\"auto, (max-width: 610px) 100vw, 610px\" \/><\/a><figcaption id=\"caption-attachment-1773\" class=\"wp-caption-text\"><strong>Henri de Toulouse-Lautrec \u00ab\u00a0Marcelle Lender dansant le bol\u00e9ro dans Chilp\u00e9ric\u00a0\u00bb, 1895-1896<\/strong>.<\/figcaption><\/figure>\n<p style=\"text-align: justify\"><span style=\"color: #ff0000\">P<\/span>lus beau joyau architectural subsistant de l&rsquo;ann\u00e9e 1900 \u00e0 Paris, le Petit Palais consacre enfin \u00e0 cette \u00e9poque phare une grande exposition, accompagn\u00e9e d&rsquo;un programme \u00e9v\u00e9nementiel et d&rsquo;un parcours compl\u00e9mentaire dans les galerie permanentes enrichies de toiles in\u00e9dites des collections: un juste hommage comme jamais Paris ne l&rsquo;avait encore propos\u00e9.<\/p>\n<p style=\"text-align: justify\"><span style=\"color: #ff0000\">En savoir plus:<\/span><\/p>\n<p>Petit Palais: \u00a0Avenue Winston Churchill, 75008<\/p>\n<p>Site internet:\u00a0http:\/\/www.petitpalais.paris.fr\/<\/p>\n","protected":false},"excerpt":{"rendered":"<p>L\u2019exposition est pr\u00e9sent\u00e9e jusqu&rsquo;au 17 ao\u00fbt 2014 au Petit Palais, mus\u00e9e des Beaux-Arts de la Ville de Paris ,  invite le public \u00e0 revivre les heures fastes de la capitale fran\u00e7aise au moment o\u00f9 elle accueille l\u2019Exposition universelle qui inaugure en fanfare le 20e si\u00e8cle. Plus que jamais la ville rayonne aux yeux du monde entier comme la cit\u00e9 du luxe et de l\u2019art de vivre.<\/p>\n","protected":false},"author":6,"featured_media":1780,"comment_status":"closed","ping_status":"open","sticky":false,"template":"","format":"standard","meta":{"jetpack_post_was_ever_published":false,"_jetpack_newsletter_access":"","_jetpack_dont_email_post_to_subs":false,"_jetpack_newsletter_tier_id":0,"_jetpack_memberships_contains_paywalled_content":false,"_jetpack_memberships_contains_paid_content":false,"footnotes":"","jetpack_publicize_message":"","jetpack_publicize_feature_enabled":true,"jetpack_social_post_already_shared":true,"jetpack_social_options":{"image_generator_settings":{"template":"highway","default_image_id":0,"font":"","enabled":false},"version":2}},"categories":[12],"tags":[318,317,316],"class_list":["post-1764","post","type-post","status-publish","format-standard","has-post-thumbnail","hentry","category-expositions","tag-art-nouveau","tag-belle-epoque","tag-paris"],"yoast_head":"<!-- This site is optimized with the Yoast SEO plugin v26.9 - https:\/\/yoast.com\/product\/yoast-seo-wordpress\/ -->\n<title>Paris 1900, la Ville spectacle Le Magazine de Proantic<\/title>\n<meta name=\"description\" content=\"L\u2019exposition est pr\u00e9sent\u00e9e jusqu&#039;au 17 ao\u00fbt 2014 au Petit Palais, mus\u00e9e des Beaux-Arts de la Ville de Paris , invite le public \u00e0 revivre les heures fastes de la capitale fran\u00e7aise au moment o\u00f9 elle accueille l\u2019Exposition universelle qui inaugure en fanfare le 20e si\u00e8cle. Plus que jamais la ville rayonne aux yeux du monde entier comme la cit\u00e9 du luxe et de l\u2019art de vivre.\" \/>\n<meta name=\"robots\" content=\"index, follow, max-snippet:-1, max-image-preview:large, max-video-preview:-1\" \/>\n<link rel=\"canonical\" href=\"https:\/\/www.proantic.com\/magazine\/paris-1900-ville-spectacle\/\" \/>\n<meta property=\"og:locale\" content=\"fr_FR\" \/>\n<meta property=\"og:type\" content=\"article\" \/>\n<meta property=\"og:title\" content=\"Paris 1900, la Ville spectacle Le Magazine de Proantic\" \/>\n<meta property=\"og:description\" content=\"L\u2019exposition est pr\u00e9sent\u00e9e jusqu&#039;au 17 ao\u00fbt 2014 au Petit Palais, mus\u00e9e des Beaux-Arts de la Ville de Paris , invite le public \u00e0 revivre les heures fastes de la capitale fran\u00e7aise au moment o\u00f9 elle accueille l\u2019Exposition universelle qui inaugure en fanfare le 20e si\u00e8cle. Plus que jamais la ville rayonne aux yeux du monde entier comme la cit\u00e9 du luxe et de l\u2019art de vivre.\" \/>\n<meta property=\"og:url\" content=\"https:\/\/www.proantic.com\/magazine\/paris-1900-ville-spectacle\/\" \/>\n<meta property=\"og:site_name\" content=\"Le Magazine de Proantic\" \/>\n<meta property=\"article:publisher\" content=\"https:\/\/www.facebook.com\/pages\/Proantic\/\/259180871793\" \/>\n<meta property=\"article:published_time\" content=\"2014-06-26T14:37:07+00:00\" \/>\n<meta property=\"article:modified_time\" content=\"2017-12-18T08:04:18+00:00\" \/>\n<meta property=\"og:image\" content=\"https:\/\/i0.wp.com\/www.proantic.com\/magazine\/wp-content\/uploads\/2014\/06\/sejkio.jpg?fit=592%2C459&ssl=1\" \/>\n\t<meta property=\"og:image:width\" content=\"592\" \/>\n\t<meta property=\"og:image:height\" content=\"459\" \/>\n\t<meta property=\"og:image:type\" content=\"image\/jpeg\" \/>\n<meta name=\"author\" content=\"C\u00e9line Autant\" \/>\n<meta name=\"twitter:label1\" content=\"\u00c9crit par\" \/>\n\t<meta name=\"twitter:data1\" content=\"C\u00e9line Autant\" \/>\n\t<meta name=\"twitter:label2\" content=\"Dur\u00e9e de lecture estim\u00e9e\" \/>\n\t<meta name=\"twitter:data2\" content=\"5 minutes\" \/>\n<script type=\"application\/ld+json\" class=\"yoast-schema-graph\">{\"@context\":\"https:\/\/schema.org\",\"@graph\":[{\"@type\":\"Article\",\"@id\":\"https:\/\/www.proantic.com\/magazine\/paris-1900-ville-spectacle\/#article\",\"isPartOf\":{\"@id\":\"https:\/\/www.proantic.com\/magazine\/paris-1900-ville-spectacle\/\"},\"author\":{\"name\":\"C\u00e9line Autant\",\"@id\":\"https:\/\/www.proantic.com\/magazine\/#\/schema\/person\/932db14f53d245f4acce86a3fe906582\"},\"headline\":\"Paris 1900, la Ville spectacle\",\"datePublished\":\"2014-06-26T14:37:07+00:00\",\"dateModified\":\"2017-12-18T08:04:18+00:00\",\"mainEntityOfPage\":{\"@id\":\"https:\/\/www.proantic.com\/magazine\/paris-1900-ville-spectacle\/\"},\"wordCount\":994,\"image\":{\"@id\":\"https:\/\/www.proantic.com\/magazine\/paris-1900-ville-spectacle\/#primaryimage\"},\"thumbnailUrl\":\"https:\/\/i0.wp.com\/www.proantic.com\/magazine\/wp-content\/uploads\/2014\/06\/sejkio.jpg?fit=592%2C459&ssl=1\",\"keywords\":[\"art nouveau\",\"belle \u00e9poque\",\"paris\"],\"articleSection\":[\"Expositions\"],\"inLanguage\":\"fr-FR\"},{\"@type\":\"WebPage\",\"@id\":\"https:\/\/www.proantic.com\/magazine\/paris-1900-ville-spectacle\/\",\"url\":\"https:\/\/www.proantic.com\/magazine\/paris-1900-ville-spectacle\/\",\"name\":\"Paris 1900, la Ville spectacle Le Magazine de Proantic\",\"isPartOf\":{\"@id\":\"https:\/\/www.proantic.com\/magazine\/#website\"},\"primaryImageOfPage\":{\"@id\":\"https:\/\/www.proantic.com\/magazine\/paris-1900-ville-spectacle\/#primaryimage\"},\"image\":{\"@id\":\"https:\/\/www.proantic.com\/magazine\/paris-1900-ville-spectacle\/#primaryimage\"},\"thumbnailUrl\":\"https:\/\/i0.wp.com\/www.proantic.com\/magazine\/wp-content\/uploads\/2014\/06\/sejkio.jpg?fit=592%2C459&ssl=1\",\"datePublished\":\"2014-06-26T14:37:07+00:00\",\"dateModified\":\"2017-12-18T08:04:18+00:00\",\"author\":{\"@id\":\"https:\/\/www.proantic.com\/magazine\/#\/schema\/person\/932db14f53d245f4acce86a3fe906582\"},\"description\":\"L\u2019exposition est pr\u00e9sent\u00e9e jusqu'au 17 ao\u00fbt 2014 au Petit Palais, mus\u00e9e des Beaux-Arts de la Ville de Paris , invite le public \u00e0 revivre les heures fastes de la capitale fran\u00e7aise au moment o\u00f9 elle accueille l\u2019Exposition universelle qui inaugure en fanfare le 20e si\u00e8cle. Plus que jamais la ville rayonne aux yeux du monde entier comme la cit\u00e9 du luxe et de l\u2019art de vivre.\",\"breadcrumb\":{\"@id\":\"https:\/\/www.proantic.com\/magazine\/paris-1900-ville-spectacle\/#breadcrumb\"},\"inLanguage\":\"fr-FR\",\"potentialAction\":[{\"@type\":\"ReadAction\",\"target\":[\"https:\/\/www.proantic.com\/magazine\/paris-1900-ville-spectacle\/\"]}]},{\"@type\":\"ImageObject\",\"inLanguage\":\"fr-FR\",\"@id\":\"https:\/\/www.proantic.com\/magazine\/paris-1900-ville-spectacle\/#primaryimage\",\"url\":\"https:\/\/i0.wp.com\/www.proantic.com\/magazine\/wp-content\/uploads\/2014\/06\/sejkio.jpg?fit=592%2C459&ssl=1\",\"contentUrl\":\"https:\/\/i0.wp.com\/www.proantic.com\/magazine\/wp-content\/uploads\/2014\/06\/sejkio.jpg?fit=592%2C459&ssl=1\",\"width\":592,\"height\":459,\"caption\":\"L'affiche de l'exposition universelle 1900\"},{\"@type\":\"BreadcrumbList\",\"@id\":\"https:\/\/www.proantic.com\/magazine\/paris-1900-ville-spectacle\/#breadcrumb\",\"itemListElement\":[{\"@type\":\"ListItem\",\"position\":1,\"name\":\"Accueil\",\"item\":\"https:\/\/www.proantic.com\/magazine\/\"},{\"@type\":\"ListItem\",\"position\":2,\"name\":\"Paris 1900, la Ville spectacle\"}]},{\"@type\":\"WebSite\",\"@id\":\"https:\/\/www.proantic.com\/magazine\/#website\",\"url\":\"https:\/\/www.proantic.com\/magazine\/\",\"name\":\"Le Magazine de Proantic\",\"description\":\"Magazine d&#039;art et expositions\",\"potentialAction\":[{\"@type\":\"SearchAction\",\"target\":{\"@type\":\"EntryPoint\",\"urlTemplate\":\"https:\/\/www.proantic.com\/magazine\/?s={search_term_string}\"},\"query-input\":{\"@type\":\"PropertyValueSpecification\",\"valueRequired\":true,\"valueName\":\"search_term_string\"}}],\"inLanguage\":\"fr-FR\"},{\"@type\":\"Person\",\"@id\":\"https:\/\/www.proantic.com\/magazine\/#\/schema\/person\/932db14f53d245f4acce86a3fe906582\",\"name\":\"C\u00e9line Autant\"}]}<\/script>\n<!-- \/ Yoast SEO plugin. -->","yoast_head_json":{"title":"Paris 1900, la Ville spectacle Le Magazine de Proantic","description":"L\u2019exposition est pr\u00e9sent\u00e9e jusqu'au 17 ao\u00fbt 2014 au Petit Palais, mus\u00e9e des Beaux-Arts de la Ville de Paris , invite le public \u00e0 revivre les heures fastes de la capitale fran\u00e7aise au moment o\u00f9 elle accueille l\u2019Exposition universelle qui inaugure en fanfare le 20e si\u00e8cle. Plus que jamais la ville rayonne aux yeux du monde entier comme la cit\u00e9 du luxe et de l\u2019art de vivre.","robots":{"index":"index","follow":"follow","max-snippet":"max-snippet:-1","max-image-preview":"max-image-preview:large","max-video-preview":"max-video-preview:-1"},"canonical":"https:\/\/www.proantic.com\/magazine\/paris-1900-ville-spectacle\/","og_locale":"fr_FR","og_type":"article","og_title":"Paris 1900, la Ville spectacle Le Magazine de Proantic","og_description":"L\u2019exposition est pr\u00e9sent\u00e9e jusqu'au 17 ao\u00fbt 2014 au Petit Palais, mus\u00e9e des Beaux-Arts de la Ville de Paris , invite le public \u00e0 revivre les heures fastes de la capitale fran\u00e7aise au moment o\u00f9 elle accueille l\u2019Exposition universelle qui inaugure en fanfare le 20e si\u00e8cle. Plus que jamais la ville rayonne aux yeux du monde entier comme la cit\u00e9 du luxe et de l\u2019art de vivre.","og_url":"https:\/\/www.proantic.com\/magazine\/paris-1900-ville-spectacle\/","og_site_name":"Le Magazine de Proantic","article_publisher":"https:\/\/www.facebook.com\/pages\/Proantic\/\/259180871793","article_published_time":"2014-06-26T14:37:07+00:00","article_modified_time":"2017-12-18T08:04:18+00:00","og_image":[{"width":592,"height":459,"url":"https:\/\/i0.wp.com\/www.proantic.com\/magazine\/wp-content\/uploads\/2014\/06\/sejkio.jpg?fit=592%2C459&ssl=1","type":"image\/jpeg"}],"author":"C\u00e9line Autant","twitter_misc":{"\u00c9crit par":"C\u00e9line Autant","Dur\u00e9e de lecture estim\u00e9e":"5 minutes"},"schema":{"@context":"https:\/\/schema.org","@graph":[{"@type":"Article","@id":"https:\/\/www.proantic.com\/magazine\/paris-1900-ville-spectacle\/#article","isPartOf":{"@id":"https:\/\/www.proantic.com\/magazine\/paris-1900-ville-spectacle\/"},"author":{"name":"C\u00e9line Autant","@id":"https:\/\/www.proantic.com\/magazine\/#\/schema\/person\/932db14f53d245f4acce86a3fe906582"},"headline":"Paris 1900, la Ville spectacle","datePublished":"2014-06-26T14:37:07+00:00","dateModified":"2017-12-18T08:04:18+00:00","mainEntityOfPage":{"@id":"https:\/\/www.proantic.com\/magazine\/paris-1900-ville-spectacle\/"},"wordCount":994,"image":{"@id":"https:\/\/www.proantic.com\/magazine\/paris-1900-ville-spectacle\/#primaryimage"},"thumbnailUrl":"https:\/\/i0.wp.com\/www.proantic.com\/magazine\/wp-content\/uploads\/2014\/06\/sejkio.jpg?fit=592%2C459&ssl=1","keywords":["art nouveau","belle \u00e9poque","paris"],"articleSection":["Expositions"],"inLanguage":"fr-FR"},{"@type":"WebPage","@id":"https:\/\/www.proantic.com\/magazine\/paris-1900-ville-spectacle\/","url":"https:\/\/www.proantic.com\/magazine\/paris-1900-ville-spectacle\/","name":"Paris 1900, la Ville spectacle Le Magazine de Proantic","isPartOf":{"@id":"https:\/\/www.proantic.com\/magazine\/#website"},"primaryImageOfPage":{"@id":"https:\/\/www.proantic.com\/magazine\/paris-1900-ville-spectacle\/#primaryimage"},"image":{"@id":"https:\/\/www.proantic.com\/magazine\/paris-1900-ville-spectacle\/#primaryimage"},"thumbnailUrl":"https:\/\/i0.wp.com\/www.proantic.com\/magazine\/wp-content\/uploads\/2014\/06\/sejkio.jpg?fit=592%2C459&ssl=1","datePublished":"2014-06-26T14:37:07+00:00","dateModified":"2017-12-18T08:04:18+00:00","author":{"@id":"https:\/\/www.proantic.com\/magazine\/#\/schema\/person\/932db14f53d245f4acce86a3fe906582"},"description":"L\u2019exposition est pr\u00e9sent\u00e9e jusqu'au 17 ao\u00fbt 2014 au Petit Palais, mus\u00e9e des Beaux-Arts de la Ville de Paris , invite le public \u00e0 revivre les heures fastes de la capitale fran\u00e7aise au moment o\u00f9 elle accueille l\u2019Exposition universelle qui inaugure en fanfare le 20e si\u00e8cle. Plus que jamais la ville rayonne aux yeux du monde entier comme la cit\u00e9 du luxe et de l\u2019art de vivre.","breadcrumb":{"@id":"https:\/\/www.proantic.com\/magazine\/paris-1900-ville-spectacle\/#breadcrumb"},"inLanguage":"fr-FR","potentialAction":[{"@type":"ReadAction","target":["https:\/\/www.proantic.com\/magazine\/paris-1900-ville-spectacle\/"]}]},{"@type":"ImageObject","inLanguage":"fr-FR","@id":"https:\/\/www.proantic.com\/magazine\/paris-1900-ville-spectacle\/#primaryimage","url":"https:\/\/i0.wp.com\/www.proantic.com\/magazine\/wp-content\/uploads\/2014\/06\/sejkio.jpg?fit=592%2C459&ssl=1","contentUrl":"https:\/\/i0.wp.com\/www.proantic.com\/magazine\/wp-content\/uploads\/2014\/06\/sejkio.jpg?fit=592%2C459&ssl=1","width":592,"height":459,"caption":"L'affiche de l'exposition universelle 1900"},{"@type":"BreadcrumbList","@id":"https:\/\/www.proantic.com\/magazine\/paris-1900-ville-spectacle\/#breadcrumb","itemListElement":[{"@type":"ListItem","position":1,"name":"Accueil","item":"https:\/\/www.proantic.com\/magazine\/"},{"@type":"ListItem","position":2,"name":"Paris 1900, la Ville spectacle"}]},{"@type":"WebSite","@id":"https:\/\/www.proantic.com\/magazine\/#website","url":"https:\/\/www.proantic.com\/magazine\/","name":"Le Magazine de Proantic","description":"Magazine d&#039;art et expositions","potentialAction":[{"@type":"SearchAction","target":{"@type":"EntryPoint","urlTemplate":"https:\/\/www.proantic.com\/magazine\/?s={search_term_string}"},"query-input":{"@type":"PropertyValueSpecification","valueRequired":true,"valueName":"search_term_string"}}],"inLanguage":"fr-FR"},{"@type":"Person","@id":"https:\/\/www.proantic.com\/magazine\/#\/schema\/person\/932db14f53d245f4acce86a3fe906582","name":"C\u00e9line Autant"}]}},"jetpack_publicize_connections":[],"jetpack_featured_media_url":"https:\/\/i0.wp.com\/www.proantic.com\/magazine\/wp-content\/uploads\/2014\/06\/sejkio.jpg?fit=592%2C459&ssl=1","jetpack_shortlink":"https:\/\/wp.me\/p7EkP3-ss","jetpack_sharing_enabled":true,"_links":{"self":[{"href":"https:\/\/www.proantic.com\/magazine\/wp-json\/wp\/v2\/posts\/1764","targetHints":{"allow":["GET"]}}],"collection":[{"href":"https:\/\/www.proantic.com\/magazine\/wp-json\/wp\/v2\/posts"}],"about":[{"href":"https:\/\/www.proantic.com\/magazine\/wp-json\/wp\/v2\/types\/post"}],"author":[{"embeddable":true,"href":"https:\/\/www.proantic.com\/magazine\/wp-json\/wp\/v2\/users\/6"}],"replies":[{"embeddable":true,"href":"https:\/\/www.proantic.com\/magazine\/wp-json\/wp\/v2\/comments?post=1764"}],"version-history":[{"count":0,"href":"https:\/\/www.proantic.com\/magazine\/wp-json\/wp\/v2\/posts\/1764\/revisions"}],"wp:featuredmedia":[{"embeddable":true,"href":"https:\/\/www.proantic.com\/magazine\/wp-json\/wp\/v2\/media\/1780"}],"wp:attachment":[{"href":"https:\/\/www.proantic.com\/magazine\/wp-json\/wp\/v2\/media?parent=1764"}],"wp:term":[{"taxonomy":"category","embeddable":true,"href":"https:\/\/www.proantic.com\/magazine\/wp-json\/wp\/v2\/categories?post=1764"},{"taxonomy":"post_tag","embeddable":true,"href":"https:\/\/www.proantic.com\/magazine\/wp-json\/wp\/v2\/tags?post=1764"}],"curies":[{"name":"wp","href":"https:\/\/api.w.org\/{rel}","templated":true}]}}