{"id":17623,"date":"2025-05-09T11:07:29","date_gmt":"2025-05-09T10:07:29","guid":{"rendered":"https:\/\/www.proantic.com\/magazine\/?p=17623"},"modified":"2026-01-06T11:08:57","modified_gmt":"2026-01-06T10:08:57","slug":"pot-pourri-en-bronze-dore-et-porcelaine-de-saxe-xviiie-siecle","status":"publish","type":"post","link":"https:\/\/www.proantic.com\/magazine\/pot-pourri-en-bronze-dore-et-porcelaine-de-saxe-xviiie-siecle\/","title":{"rendered":"Pot-pourri en bronze dor\u00e9 et porcelaine de Saxe, XVIIIe si\u00e8cle"},"content":{"rendered":"\n<p><strong>Pot pourrit tr\u00e8s d\u00e9coratif en porcelaine de Saxe. Il repr\u00e9sente bien l&rsquo;art d\u00e9coratif du milieu du XVIIIe si\u00e8cle\u00a0; Deux figurines en porcelaine de Saxe, repr\u00e9sentant Pierrot et Colombine, c\u00e9l\u00e8bres personnages de la Commedia dell\u2019Arte.<\/strong><\/p>\n\n\n\n<p>Le jeune homme, v\u00eatu d\u2019un costume \u00e9clatant aux couleurs vives et aux motifs fleuris, joue de la cornemuse, tandis que la jeune femme, \u00e9l\u00e9gamment habill\u00e9e, manie une vielle \u00e0 roue. Les personnages sont inspir\u00e9s des mod\u00e8les de Johann Joachim K\u00e4ndler et Peter Reinicke, deux des plus grands modeleurs de la manufacture de Meissen, \u00e0 l\u2019origine de nombreuses figurines anim\u00e9es et expressives.<\/p>\n\n\n\n<figure class=\"wp-block-image size-large\"><a href=\"https:\/\/i0.wp.com\/www.proantic.com\/magazine\/wp-content\/uploads\/2025\/05\/1539051-main-6812558b480da.jpg?ssl=1\"><img data-recalc-dims=\"1\" loading=\"lazy\" decoding=\"async\" width=\"665\" height=\"665\" data-attachment-id=\"17624\" data-permalink=\"https:\/\/www.proantic.com\/magazine\/pot-pourri-en-bronze-dore-et-porcelaine-de-saxe-xviiie-siecle\/1539051-main-6812558b480da\/\" data-orig-file=\"https:\/\/i0.wp.com\/www.proantic.com\/magazine\/wp-content\/uploads\/2025\/05\/1539051-main-6812558b480da.jpg?fit=1200%2C1200&amp;ssl=1\" data-orig-size=\"1200,1200\" data-comments-opened=\"1\" data-image-meta=\"{&quot;aperture&quot;:&quot;0&quot;,&quot;credit&quot;:&quot;&quot;,&quot;camera&quot;:&quot;&quot;,&quot;caption&quot;:&quot;&quot;,&quot;created_timestamp&quot;:&quot;0&quot;,&quot;copyright&quot;:&quot;&quot;,&quot;focal_length&quot;:&quot;0&quot;,&quot;iso&quot;:&quot;0&quot;,&quot;shutter_speed&quot;:&quot;0&quot;,&quot;title&quot;:&quot;&quot;,&quot;orientation&quot;:&quot;0&quot;}\" data-image-title=\"Pot-pourri en bronze dor\u00e9 et porcelaine de Saxe. (c) Galerie Gilles Linossier, Proantic\" data-image-description=\"\" data-image-caption=\"&lt;p&gt;Pot-pourri en bronze dor\u00e9 et porcelaine de Saxe.&lt;br \/&gt;\n(c) Galerie Gilles Linossier, Proantic&lt;\/p&gt;\n\" data-medium-file=\"https:\/\/i0.wp.com\/www.proantic.com\/magazine\/wp-content\/uploads\/2025\/05\/1539051-main-6812558b480da.jpg?fit=300%2C300&amp;ssl=1\" data-large-file=\"https:\/\/i0.wp.com\/www.proantic.com\/magazine\/wp-content\/uploads\/2025\/05\/1539051-main-6812558b480da.jpg?fit=665%2C665&amp;ssl=1\" src=\"https:\/\/i0.wp.com\/www.proantic.com\/magazine\/wp-content\/uploads\/2025\/05\/1539051-main-6812558b480da.jpg?resize=665%2C665&#038;ssl=1\" alt=\"\" class=\"wp-image-17624\" srcset=\"https:\/\/i0.wp.com\/www.proantic.com\/magazine\/wp-content\/uploads\/2025\/05\/1539051-main-6812558b480da.jpg?resize=1024%2C1024&amp;ssl=1 1024w, https:\/\/i0.wp.com\/www.proantic.com\/magazine\/wp-content\/uploads\/2025\/05\/1539051-main-6812558b480da.jpg?resize=300%2C300&amp;ssl=1 300w, https:\/\/i0.wp.com\/www.proantic.com\/magazine\/wp-content\/uploads\/2025\/05\/1539051-main-6812558b480da.jpg?resize=150%2C150&amp;ssl=1 150w, https:\/\/i0.wp.com\/www.proantic.com\/magazine\/wp-content\/uploads\/2025\/05\/1539051-main-6812558b480da.jpg?resize=768%2C768&amp;ssl=1 768w, https:\/\/i0.wp.com\/www.proantic.com\/magazine\/wp-content\/uploads\/2025\/05\/1539051-main-6812558b480da.jpg?resize=200%2C200&amp;ssl=1 200w, https:\/\/i0.wp.com\/www.proantic.com\/magazine\/wp-content\/uploads\/2025\/05\/1539051-main-6812558b480da.jpg?resize=100%2C100&amp;ssl=1 100w, https:\/\/i0.wp.com\/www.proantic.com\/magazine\/wp-content\/uploads\/2025\/05\/1539051-main-6812558b480da.jpg?w=1200&amp;ssl=1 1200w\" sizes=\"auto, (max-width: 665px) 100vw, 665px\" \/><\/a><figcaption class=\"wp-element-caption\">Pot-pourri en bronze dor\u00e9 et porcelaine de Saxe.<br>(c) <a href=\"https:\/\/www.proantic.com\/galerie\/gilleslinossier\/\">Galerie Gilles Linossier<\/a>, Proantic<\/figcaption><\/figure>\n\n\n\n<p>L\u2019ensemble repose sur une base rocaille en bronze dor\u00e9, ajour\u00e9 et finement cisel\u00e9 typique de l&rsquo;\u00e9poque Louis XV<br>Les deux figures sont entour\u00e9es de branches et feuillage en bronze dor\u00e9, o\u00f9 s\u2019\u00e9panouissent des fleurs en porcelaine polychrome, aux teintes pastel.<br>Au sommet tr\u00f4ne un vase en porcelaine \u00e0 d\u00e9cor orientaliste, motif tr\u00e8s pris\u00e9 \u00e0 Meissen, d\u2019un oiseau bleu et d\u2019un ph\u00e9nix rouge sur fond jaune p\u00e2le, \u00e9voquant les porcelaines chinoises .<\/p>\n\n\n<div class=\"wp-block-image\">\n<figure class=\"aligncenter size-large\"><a href=\"https:\/\/i0.wp.com\/www.proantic.com\/magazine\/wp-content\/uploads\/2025\/05\/1539051-alb-681255cec28d0.jpg?ssl=1\"><img data-recalc-dims=\"1\" loading=\"lazy\" decoding=\"async\" width=\"665\" height=\"997\" data-attachment-id=\"17625\" data-permalink=\"https:\/\/www.proantic.com\/magazine\/pot-pourri-en-bronze-dore-et-porcelaine-de-saxe-xviiie-siecle\/1539051-alb-681255cec28d0\/\" data-orig-file=\"https:\/\/i0.wp.com\/www.proantic.com\/magazine\/wp-content\/uploads\/2025\/05\/1539051-alb-681255cec28d0.jpg?fit=800%2C1200&amp;ssl=1\" data-orig-size=\"800,1200\" data-comments-opened=\"1\" data-image-meta=\"{&quot;aperture&quot;:&quot;0&quot;,&quot;credit&quot;:&quot;&quot;,&quot;camera&quot;:&quot;&quot;,&quot;caption&quot;:&quot;&quot;,&quot;created_timestamp&quot;:&quot;0&quot;,&quot;copyright&quot;:&quot;&quot;,&quot;focal_length&quot;:&quot;0&quot;,&quot;iso&quot;:&quot;0&quot;,&quot;shutter_speed&quot;:&quot;0&quot;,&quot;title&quot;:&quot;&quot;,&quot;orientation&quot;:&quot;0&quot;}\" data-image-title=\"Pot-pourri en bronze dor\u00e9 et porcelaine de Saxe. (c) Galerie Gilles Linossier, Proantic\" data-image-description=\"\" data-image-caption=\"&lt;p&gt;Pot-pourri en bronze dor\u00e9 et porcelaine de Saxe.&lt;br \/&gt;\n(c) Galerie Gilles Linossier, Proantic&lt;\/p&gt;\n\" data-medium-file=\"https:\/\/i0.wp.com\/www.proantic.com\/magazine\/wp-content\/uploads\/2025\/05\/1539051-alb-681255cec28d0.jpg?fit=200%2C300&amp;ssl=1\" data-large-file=\"https:\/\/i0.wp.com\/www.proantic.com\/magazine\/wp-content\/uploads\/2025\/05\/1539051-alb-681255cec28d0.jpg?fit=665%2C997&amp;ssl=1\" src=\"https:\/\/i0.wp.com\/www.proantic.com\/magazine\/wp-content\/uploads\/2025\/05\/1539051-alb-681255cec28d0.jpg?resize=665%2C997&#038;ssl=1\" alt=\"\" class=\"wp-image-17625\" srcset=\"https:\/\/i0.wp.com\/www.proantic.com\/magazine\/wp-content\/uploads\/2025\/05\/1539051-alb-681255cec28d0.jpg?resize=683%2C1024&amp;ssl=1 683w, https:\/\/i0.wp.com\/www.proantic.com\/magazine\/wp-content\/uploads\/2025\/05\/1539051-alb-681255cec28d0.jpg?resize=200%2C300&amp;ssl=1 200w, https:\/\/i0.wp.com\/www.proantic.com\/magazine\/wp-content\/uploads\/2025\/05\/1539051-alb-681255cec28d0.jpg?resize=768%2C1152&amp;ssl=1 768w, https:\/\/i0.wp.com\/www.proantic.com\/magazine\/wp-content\/uploads\/2025\/05\/1539051-alb-681255cec28d0.jpg?w=800&amp;ssl=1 800w\" sizes=\"auto, (max-width: 665px) 100vw, 665px\" \/><\/a><figcaption class=\"wp-element-caption\">Pot-pourri en bronze dor\u00e9 et porcelaine de Saxe.<br>(c)<a href=\"https:\/\/www.proantic.com\/galerie\/gilleslinossier\/\"> Galerie Gilles Linossier<\/a>, Proantic<\/figcaption><\/figure>\n<\/div>\n\n\n<p>Le choix des personnages de Pierrot et Colombine t\u00e9moigne d\u2019un go\u00fbt pour le th\u00e9\u00e2tre, la musique et la pastorale, ce qui est alors tr\u00e8s en vogue dans les salons aristocratiques.<\/p>\n\n\n\n<p>L\u2019aspect anim\u00e9 et presque th\u00e9\u00e2tral de la sc\u00e8ne, t\u00e9moigne de l&rsquo;engouement festif aristocrate du XVIIIe si\u00e8cle, comme on peut le retrouver dans les peinture aux sc\u00e8nes galantes..<\/p>\n\n\n<div class=\"wp-block-image\">\n<figure class=\"aligncenter size-large\"><a href=\"https:\/\/i0.wp.com\/www.proantic.com\/magazine\/wp-content\/uploads\/2025\/05\/1539051-681255af17146.jpg?ssl=1\"><img data-recalc-dims=\"1\" loading=\"lazy\" decoding=\"async\" width=\"665\" height=\"997\" data-attachment-id=\"17628\" data-permalink=\"https:\/\/www.proantic.com\/magazine\/pot-pourri-en-bronze-dore-et-porcelaine-de-saxe-xviiie-siecle\/1539051-681255af17146\/\" data-orig-file=\"https:\/\/i0.wp.com\/www.proantic.com\/magazine\/wp-content\/uploads\/2025\/05\/1539051-681255af17146.jpg?fit=800%2C1200&amp;ssl=1\" data-orig-size=\"800,1200\" data-comments-opened=\"1\" data-image-meta=\"{&quot;aperture&quot;:&quot;0&quot;,&quot;credit&quot;:&quot;&quot;,&quot;camera&quot;:&quot;&quot;,&quot;caption&quot;:&quot;&quot;,&quot;created_timestamp&quot;:&quot;0&quot;,&quot;copyright&quot;:&quot;&quot;,&quot;focal_length&quot;:&quot;0&quot;,&quot;iso&quot;:&quot;0&quot;,&quot;shutter_speed&quot;:&quot;0&quot;,&quot;title&quot;:&quot;&quot;,&quot;orientation&quot;:&quot;0&quot;}\" data-image-title=\"Pot-pourri en bronze dor\u00e9 et porcelaine de Saxe. (c) Galerie Gilles Linossier, Proantic\" data-image-description=\"\" data-image-caption=\"&lt;p&gt;Pot-pourri en bronze dor\u00e9 et porcelaine de Saxe. (c) Galerie Gilles Linossier, Proantic&lt;\/p&gt;\n\" data-medium-file=\"https:\/\/i0.wp.com\/www.proantic.com\/magazine\/wp-content\/uploads\/2025\/05\/1539051-681255af17146.jpg?fit=200%2C300&amp;ssl=1\" data-large-file=\"https:\/\/i0.wp.com\/www.proantic.com\/magazine\/wp-content\/uploads\/2025\/05\/1539051-681255af17146.jpg?fit=665%2C997&amp;ssl=1\" src=\"https:\/\/i0.wp.com\/www.proantic.com\/magazine\/wp-content\/uploads\/2025\/05\/1539051-681255af17146.jpg?resize=665%2C997&#038;ssl=1\" alt=\"\" class=\"wp-image-17628\" srcset=\"https:\/\/i0.wp.com\/www.proantic.com\/magazine\/wp-content\/uploads\/2025\/05\/1539051-681255af17146.jpg?resize=683%2C1024&amp;ssl=1 683w, https:\/\/i0.wp.com\/www.proantic.com\/magazine\/wp-content\/uploads\/2025\/05\/1539051-681255af17146.jpg?resize=200%2C300&amp;ssl=1 200w, https:\/\/i0.wp.com\/www.proantic.com\/magazine\/wp-content\/uploads\/2025\/05\/1539051-681255af17146.jpg?resize=768%2C1152&amp;ssl=1 768w, https:\/\/i0.wp.com\/www.proantic.com\/magazine\/wp-content\/uploads\/2025\/05\/1539051-681255af17146.jpg?w=800&amp;ssl=1 800w\" sizes=\"auto, (max-width: 665px) 100vw, 665px\" \/><\/a><figcaption class=\"wp-element-caption\">Pot-pourri en bronze dor\u00e9 et porcelaine de Saxe. (c)<a href=\"https:\/\/www.proantic.com\/galerie\/gilleslinossier\/\"> Galerie Gilles Linossier<\/a>, Proantic<\/figcaption><\/figure>\n<\/div>\n\n\n<p>Ce ravissant pot-pourri illustre la qu\u00eate d\u2019harmonie entre nature, artifice et narration mais \u00e9galement le go\u00fbt au XVIIIe si\u00e8cle, entre festivit\u00e9, raffinement et exotisme.<br>L\u2019utilisation de la porcelaine de Saxe, alors une alternative aux porcelaines orientales tr\u00e8s pris\u00e9es, marque l\u2019autonomie technique acquise par les manufactures europ\u00e9ennes.<\/p>\n\n\n\n<p>Ce type de pi\u00e8ce \u00e9tait destin\u00e9 \u00e0 orner les int\u00e9rieurs des \u00e9lites, alliant alors le charme du d\u00e9cor \u00e0 la fonction pratique du pot-pourri, contenant des fleurs s\u00e9ch\u00e9es et parfum\u00e9es, il diffusait une senteur agr\u00e9able dans les salons.<\/p>\n","protected":false},"excerpt":{"rendered":"<p>Pot pourrit tr\u00e8s d\u00e9coratif en porcelaine de Saxe. Il repr\u00e9sente bien l&rsquo;art d\u00e9coratif du milieu du XVIIIe si\u00e8cle\u00a0; Deux figurines en porcelaine de Saxe, repr\u00e9sentant Pierrot et Colombine, c\u00e9l\u00e8bres personnages de la Commedia dell\u2019Arte. Le jeune homme, v\u00eatu d\u2019un costume \u00e9clatant aux couleurs vives et aux motifs fleuris, joue de la cornemuse, tandis que la [&hellip;]<\/p>\n","protected":false},"author":6,"featured_media":17626,"comment_status":"closed","ping_status":"closed","sticky":false,"template":"","format":"standard","meta":{"jetpack_post_was_ever_published":false,"_jetpack_newsletter_access":"","_jetpack_dont_email_post_to_subs":false,"_jetpack_newsletter_tier_id":0,"_jetpack_memberships_contains_paywalled_content":false,"_jetpack_memberships_contains_paid_content":false,"footnotes":"","jetpack_publicize_message":"","jetpack_publicize_feature_enabled":true,"jetpack_social_post_already_shared":false,"jetpack_social_options":{"image_generator_settings":{"template":"highway","default_image_id":0,"font":"","enabled":false},"version":2}},"categories":[180],"tags":[],"class_list":["post-17623","post","type-post","status-publish","format-standard","has-post-thumbnail","hentry","category-arts-decoratifs-proantic"],"yoast_head":"<!-- This site is optimized with the Yoast SEO plugin v26.9 - https:\/\/yoast.com\/product\/yoast-seo-wordpress\/ -->\n<title>Pot-pourri en bronze dor\u00e9 et porcelaine de Saxe, XVIIIe si\u00e8cle Le Magazine de Proantic<\/title>\n<meta name=\"description\" content=\"Pot pourrit tr\u00e8s d\u00e9coratif en porcelaine de Saxe. Il repr\u00e9sente bien l&#039;art d\u00e9coratif du milieu du XVIIIe si\u00e8cle\u00a0; Deux figurines en porcelaine de Saxe,\" \/>\n<meta name=\"robots\" content=\"index, follow, max-snippet:-1, max-image-preview:large, max-video-preview:-1\" \/>\n<link rel=\"canonical\" href=\"https:\/\/www.proantic.com\/magazine\/pot-pourri-en-bronze-dore-et-porcelaine-de-saxe-xviiie-siecle\/\" \/>\n<meta property=\"og:locale\" content=\"fr_FR\" \/>\n<meta property=\"og:type\" content=\"article\" \/>\n<meta property=\"og:title\" content=\"Pot-pourri en bronze dor\u00e9 et porcelaine de Saxe, XVIIIe si\u00e8cle Le Magazine de Proantic\" \/>\n<meta property=\"og:description\" content=\"Pot pourrit tr\u00e8s d\u00e9coratif en porcelaine de Saxe. Il repr\u00e9sente bien l&#039;art d\u00e9coratif du milieu du XVIIIe si\u00e8cle\u00a0; Deux figurines en porcelaine de Saxe,\" \/>\n<meta property=\"og:url\" content=\"https:\/\/www.proantic.com\/magazine\/pot-pourri-en-bronze-dore-et-porcelaine-de-saxe-xviiie-siecle\/\" \/>\n<meta property=\"og:site_name\" content=\"Le Magazine de Proantic\" \/>\n<meta property=\"article:publisher\" content=\"https:\/\/www.facebook.com\/pages\/Proantic\/\/259180871793\" \/>\n<meta property=\"article:published_time\" content=\"2025-05-09T10:07:29+00:00\" \/>\n<meta property=\"article:modified_time\" content=\"2026-01-06T10:08:57+00:00\" \/>\n<meta property=\"og:image\" content=\"https:\/\/www.proantic.com\/magazine\/wp-content\/uploads\/2025\/05\/Capture-decran-2025-05-09-111337.png\" \/>\n\t<meta property=\"og:image:width\" content=\"1109\" \/>\n\t<meta property=\"og:image:height\" content=\"540\" \/>\n\t<meta property=\"og:image:type\" content=\"image\/png\" \/>\n<meta name=\"author\" content=\"C\u00e9line Autant\" \/>\n<meta name=\"twitter:label1\" content=\"\u00c9crit par\" \/>\n\t<meta name=\"twitter:data1\" content=\"C\u00e9line Autant\" \/>\n\t<meta name=\"twitter:label2\" content=\"Dur\u00e9e de lecture estim\u00e9e\" \/>\n\t<meta name=\"twitter:data2\" content=\"3 minutes\" \/>\n<script type=\"application\/ld+json\" class=\"yoast-schema-graph\">{\"@context\":\"https:\/\/schema.org\",\"@graph\":[{\"@type\":\"Article\",\"@id\":\"https:\/\/www.proantic.com\/magazine\/pot-pourri-en-bronze-dore-et-porcelaine-de-saxe-xviiie-siecle\/#article\",\"isPartOf\":{\"@id\":\"https:\/\/www.proantic.com\/magazine\/pot-pourri-en-bronze-dore-et-porcelaine-de-saxe-xviiie-siecle\/\"},\"author\":{\"name\":\"C\u00e9line Autant\",\"@id\":\"https:\/\/www.proantic.com\/magazine\/#\/schema\/person\/63707e8f4e7d0172de7ddde897688be0\"},\"headline\":\"Pot-pourri en bronze dor\u00e9 et porcelaine de Saxe, XVIIIe si\u00e8cle\",\"datePublished\":\"2025-05-09T10:07:29+00:00\",\"dateModified\":\"2026-01-06T10:08:57+00:00\",\"mainEntityOfPage\":{\"@id\":\"https:\/\/www.proantic.com\/magazine\/pot-pourri-en-bronze-dore-et-porcelaine-de-saxe-xviiie-siecle\/\"},\"wordCount\":407,\"image\":{\"@id\":\"https:\/\/www.proantic.com\/magazine\/pot-pourri-en-bronze-dore-et-porcelaine-de-saxe-xviiie-siecle\/#primaryimage\"},\"thumbnailUrl\":\"https:\/\/i0.wp.com\/www.proantic.com\/magazine\/wp-content\/uploads\/2025\/05\/Capture-decran-2025-05-09-111337.png?fit=1109%2C540&ssl=1\",\"articleSection\":[\"Arts d\u00e9coratifs sur Proantic\"],\"inLanguage\":\"fr-FR\"},{\"@type\":\"WebPage\",\"@id\":\"https:\/\/www.proantic.com\/magazine\/pot-pourri-en-bronze-dore-et-porcelaine-de-saxe-xviiie-siecle\/\",\"url\":\"https:\/\/www.proantic.com\/magazine\/pot-pourri-en-bronze-dore-et-porcelaine-de-saxe-xviiie-siecle\/\",\"name\":\"Pot-pourri en bronze dor\u00e9 et porcelaine de Saxe, XVIIIe si\u00e8cle Le Magazine de Proantic\",\"isPartOf\":{\"@id\":\"https:\/\/www.proantic.com\/magazine\/#website\"},\"primaryImageOfPage\":{\"@id\":\"https:\/\/www.proantic.com\/magazine\/pot-pourri-en-bronze-dore-et-porcelaine-de-saxe-xviiie-siecle\/#primaryimage\"},\"image\":{\"@id\":\"https:\/\/www.proantic.com\/magazine\/pot-pourri-en-bronze-dore-et-porcelaine-de-saxe-xviiie-siecle\/#primaryimage\"},\"thumbnailUrl\":\"https:\/\/i0.wp.com\/www.proantic.com\/magazine\/wp-content\/uploads\/2025\/05\/Capture-decran-2025-05-09-111337.png?fit=1109%2C540&ssl=1\",\"datePublished\":\"2025-05-09T10:07:29+00:00\",\"dateModified\":\"2026-01-06T10:08:57+00:00\",\"author\":{\"@id\":\"https:\/\/www.proantic.com\/magazine\/#\/schema\/person\/63707e8f4e7d0172de7ddde897688be0\"},\"description\":\"Pot pourrit tr\u00e8s d\u00e9coratif en porcelaine de Saxe. Il repr\u00e9sente bien l'art d\u00e9coratif du milieu du XVIIIe si\u00e8cle\u00a0; Deux figurines en porcelaine de Saxe,\",\"breadcrumb\":{\"@id\":\"https:\/\/www.proantic.com\/magazine\/pot-pourri-en-bronze-dore-et-porcelaine-de-saxe-xviiie-siecle\/#breadcrumb\"},\"inLanguage\":\"fr-FR\",\"potentialAction\":[{\"@type\":\"ReadAction\",\"target\":[\"https:\/\/www.proantic.com\/magazine\/pot-pourri-en-bronze-dore-et-porcelaine-de-saxe-xviiie-siecle\/\"]}]},{\"@type\":\"ImageObject\",\"inLanguage\":\"fr-FR\",\"@id\":\"https:\/\/www.proantic.com\/magazine\/pot-pourri-en-bronze-dore-et-porcelaine-de-saxe-xviiie-siecle\/#primaryimage\",\"url\":\"https:\/\/i0.wp.com\/www.proantic.com\/magazine\/wp-content\/uploads\/2025\/05\/Capture-decran-2025-05-09-111337.png?fit=1109%2C540&ssl=1\",\"contentUrl\":\"https:\/\/i0.wp.com\/www.proantic.com\/magazine\/wp-content\/uploads\/2025\/05\/Capture-decran-2025-05-09-111337.png?fit=1109%2C540&ssl=1\",\"width\":1109,\"height\":540},{\"@type\":\"BreadcrumbList\",\"@id\":\"https:\/\/www.proantic.com\/magazine\/pot-pourri-en-bronze-dore-et-porcelaine-de-saxe-xviiie-siecle\/#breadcrumb\",\"itemListElement\":[{\"@type\":\"ListItem\",\"position\":1,\"name\":\"Accueil\",\"item\":\"https:\/\/www.proantic.com\/magazine\/\"},{\"@type\":\"ListItem\",\"position\":2,\"name\":\"Pot-pourri en bronze dor\u00e9 et porcelaine de Saxe, XVIIIe si\u00e8cle\"}]},{\"@type\":\"WebSite\",\"@id\":\"https:\/\/www.proantic.com\/magazine\/#website\",\"url\":\"https:\/\/www.proantic.com\/magazine\/\",\"name\":\"Le Magazine de Proantic\",\"description\":\"Magazine d&#039;art et expositions\",\"potentialAction\":[{\"@type\":\"SearchAction\",\"target\":{\"@type\":\"EntryPoint\",\"urlTemplate\":\"https:\/\/www.proantic.com\/magazine\/?s={search_term_string}\"},\"query-input\":{\"@type\":\"PropertyValueSpecification\",\"valueRequired\":true,\"valueName\":\"search_term_string\"}}],\"inLanguage\":\"fr-FR\"},{\"@type\":\"Person\",\"@id\":\"https:\/\/www.proantic.com\/magazine\/#\/schema\/person\/63707e8f4e7d0172de7ddde897688be0\",\"name\":\"C\u00e9line Autant\"}]}<\/script>\n<!-- \/ Yoast SEO plugin. -->","yoast_head_json":{"title":"Pot-pourri en bronze dor\u00e9 et porcelaine de Saxe, XVIIIe si\u00e8cle Le Magazine de Proantic","description":"Pot pourrit tr\u00e8s d\u00e9coratif en porcelaine de Saxe. Il repr\u00e9sente bien l'art d\u00e9coratif du milieu du XVIIIe si\u00e8cle\u00a0; Deux figurines en porcelaine de Saxe,","robots":{"index":"index","follow":"follow","max-snippet":"max-snippet:-1","max-image-preview":"max-image-preview:large","max-video-preview":"max-video-preview:-1"},"canonical":"https:\/\/www.proantic.com\/magazine\/pot-pourri-en-bronze-dore-et-porcelaine-de-saxe-xviiie-siecle\/","og_locale":"fr_FR","og_type":"article","og_title":"Pot-pourri en bronze dor\u00e9 et porcelaine de Saxe, XVIIIe si\u00e8cle Le Magazine de Proantic","og_description":"Pot pourrit tr\u00e8s d\u00e9coratif en porcelaine de Saxe. Il repr\u00e9sente bien l'art d\u00e9coratif du milieu du XVIIIe si\u00e8cle\u00a0; Deux figurines en porcelaine de Saxe,","og_url":"https:\/\/www.proantic.com\/magazine\/pot-pourri-en-bronze-dore-et-porcelaine-de-saxe-xviiie-siecle\/","og_site_name":"Le Magazine de Proantic","article_publisher":"https:\/\/www.facebook.com\/pages\/Proantic\/\/259180871793","article_published_time":"2025-05-09T10:07:29+00:00","article_modified_time":"2026-01-06T10:08:57+00:00","og_image":[{"width":1109,"height":540,"url":"https:\/\/www.proantic.com\/magazine\/wp-content\/uploads\/2025\/05\/Capture-decran-2025-05-09-111337.png","type":"image\/png"}],"author":"C\u00e9line Autant","twitter_misc":{"\u00c9crit par":"C\u00e9line Autant","Dur\u00e9e de lecture estim\u00e9e":"3 minutes"},"schema":{"@context":"https:\/\/schema.org","@graph":[{"@type":"Article","@id":"https:\/\/www.proantic.com\/magazine\/pot-pourri-en-bronze-dore-et-porcelaine-de-saxe-xviiie-siecle\/#article","isPartOf":{"@id":"https:\/\/www.proantic.com\/magazine\/pot-pourri-en-bronze-dore-et-porcelaine-de-saxe-xviiie-siecle\/"},"author":{"name":"C\u00e9line Autant","@id":"https:\/\/www.proantic.com\/magazine\/#\/schema\/person\/63707e8f4e7d0172de7ddde897688be0"},"headline":"Pot-pourri en bronze dor\u00e9 et porcelaine de Saxe, XVIIIe si\u00e8cle","datePublished":"2025-05-09T10:07:29+00:00","dateModified":"2026-01-06T10:08:57+00:00","mainEntityOfPage":{"@id":"https:\/\/www.proantic.com\/magazine\/pot-pourri-en-bronze-dore-et-porcelaine-de-saxe-xviiie-siecle\/"},"wordCount":407,"image":{"@id":"https:\/\/www.proantic.com\/magazine\/pot-pourri-en-bronze-dore-et-porcelaine-de-saxe-xviiie-siecle\/#primaryimage"},"thumbnailUrl":"https:\/\/i0.wp.com\/www.proantic.com\/magazine\/wp-content\/uploads\/2025\/05\/Capture-decran-2025-05-09-111337.png?fit=1109%2C540&ssl=1","articleSection":["Arts d\u00e9coratifs sur Proantic"],"inLanguage":"fr-FR"},{"@type":"WebPage","@id":"https:\/\/www.proantic.com\/magazine\/pot-pourri-en-bronze-dore-et-porcelaine-de-saxe-xviiie-siecle\/","url":"https:\/\/www.proantic.com\/magazine\/pot-pourri-en-bronze-dore-et-porcelaine-de-saxe-xviiie-siecle\/","name":"Pot-pourri en bronze dor\u00e9 et porcelaine de Saxe, XVIIIe si\u00e8cle Le Magazine de Proantic","isPartOf":{"@id":"https:\/\/www.proantic.com\/magazine\/#website"},"primaryImageOfPage":{"@id":"https:\/\/www.proantic.com\/magazine\/pot-pourri-en-bronze-dore-et-porcelaine-de-saxe-xviiie-siecle\/#primaryimage"},"image":{"@id":"https:\/\/www.proantic.com\/magazine\/pot-pourri-en-bronze-dore-et-porcelaine-de-saxe-xviiie-siecle\/#primaryimage"},"thumbnailUrl":"https:\/\/i0.wp.com\/www.proantic.com\/magazine\/wp-content\/uploads\/2025\/05\/Capture-decran-2025-05-09-111337.png?fit=1109%2C540&ssl=1","datePublished":"2025-05-09T10:07:29+00:00","dateModified":"2026-01-06T10:08:57+00:00","author":{"@id":"https:\/\/www.proantic.com\/magazine\/#\/schema\/person\/63707e8f4e7d0172de7ddde897688be0"},"description":"Pot pourrit tr\u00e8s d\u00e9coratif en porcelaine de Saxe. Il repr\u00e9sente bien l'art d\u00e9coratif du milieu du XVIIIe si\u00e8cle\u00a0; Deux figurines en porcelaine de Saxe,","breadcrumb":{"@id":"https:\/\/www.proantic.com\/magazine\/pot-pourri-en-bronze-dore-et-porcelaine-de-saxe-xviiie-siecle\/#breadcrumb"},"inLanguage":"fr-FR","potentialAction":[{"@type":"ReadAction","target":["https:\/\/www.proantic.com\/magazine\/pot-pourri-en-bronze-dore-et-porcelaine-de-saxe-xviiie-siecle\/"]}]},{"@type":"ImageObject","inLanguage":"fr-FR","@id":"https:\/\/www.proantic.com\/magazine\/pot-pourri-en-bronze-dore-et-porcelaine-de-saxe-xviiie-siecle\/#primaryimage","url":"https:\/\/i0.wp.com\/www.proantic.com\/magazine\/wp-content\/uploads\/2025\/05\/Capture-decran-2025-05-09-111337.png?fit=1109%2C540&ssl=1","contentUrl":"https:\/\/i0.wp.com\/www.proantic.com\/magazine\/wp-content\/uploads\/2025\/05\/Capture-decran-2025-05-09-111337.png?fit=1109%2C540&ssl=1","width":1109,"height":540},{"@type":"BreadcrumbList","@id":"https:\/\/www.proantic.com\/magazine\/pot-pourri-en-bronze-dore-et-porcelaine-de-saxe-xviiie-siecle\/#breadcrumb","itemListElement":[{"@type":"ListItem","position":1,"name":"Accueil","item":"https:\/\/www.proantic.com\/magazine\/"},{"@type":"ListItem","position":2,"name":"Pot-pourri en bronze dor\u00e9 et porcelaine de Saxe, XVIIIe si\u00e8cle"}]},{"@type":"WebSite","@id":"https:\/\/www.proantic.com\/magazine\/#website","url":"https:\/\/www.proantic.com\/magazine\/","name":"Le Magazine de Proantic","description":"Magazine d&#039;art et expositions","potentialAction":[{"@type":"SearchAction","target":{"@type":"EntryPoint","urlTemplate":"https:\/\/www.proantic.com\/magazine\/?s={search_term_string}"},"query-input":{"@type":"PropertyValueSpecification","valueRequired":true,"valueName":"search_term_string"}}],"inLanguage":"fr-FR"},{"@type":"Person","@id":"https:\/\/www.proantic.com\/magazine\/#\/schema\/person\/63707e8f4e7d0172de7ddde897688be0","name":"C\u00e9line Autant"}]}},"jetpack_publicize_connections":[],"jetpack_featured_media_url":"https:\/\/i0.wp.com\/www.proantic.com\/magazine\/wp-content\/uploads\/2025\/05\/Capture-decran-2025-05-09-111337.png?fit=1109%2C540&ssl=1","jetpack_shortlink":"https:\/\/wp.me\/p7EkP3-4Af","jetpack_sharing_enabled":true,"_links":{"self":[{"href":"https:\/\/www.proantic.com\/magazine\/wp-json\/wp\/v2\/posts\/17623","targetHints":{"allow":["GET"]}}],"collection":[{"href":"https:\/\/www.proantic.com\/magazine\/wp-json\/wp\/v2\/posts"}],"about":[{"href":"https:\/\/www.proantic.com\/magazine\/wp-json\/wp\/v2\/types\/post"}],"author":[{"embeddable":true,"href":"https:\/\/www.proantic.com\/magazine\/wp-json\/wp\/v2\/users\/6"}],"replies":[{"embeddable":true,"href":"https:\/\/www.proantic.com\/magazine\/wp-json\/wp\/v2\/comments?post=17623"}],"version-history":[{"count":2,"href":"https:\/\/www.proantic.com\/magazine\/wp-json\/wp\/v2\/posts\/17623\/revisions"}],"predecessor-version":[{"id":17629,"href":"https:\/\/www.proantic.com\/magazine\/wp-json\/wp\/v2\/posts\/17623\/revisions\/17629"}],"wp:featuredmedia":[{"embeddable":true,"href":"https:\/\/www.proantic.com\/magazine\/wp-json\/wp\/v2\/media\/17626"}],"wp:attachment":[{"href":"https:\/\/www.proantic.com\/magazine\/wp-json\/wp\/v2\/media?parent=17623"}],"wp:term":[{"taxonomy":"category","embeddable":true,"href":"https:\/\/www.proantic.com\/magazine\/wp-json\/wp\/v2\/categories?post=17623"},{"taxonomy":"post_tag","embeddable":true,"href":"https:\/\/www.proantic.com\/magazine\/wp-json\/wp\/v2\/tags?post=17623"}],"curies":[{"name":"wp","href":"https:\/\/api.w.org\/{rel}","templated":true}]}}