{"id":17614,"date":"2025-05-01T10:30:32","date_gmt":"2025-05-01T09:30:32","guid":{"rendered":"https:\/\/www.proantic.com\/magazine\/?p=17614"},"modified":"2026-01-06T11:09:07","modified_gmt":"2026-01-06T10:09:07","slug":"pendule-dite-au-buffle-louis-xv","status":"publish","type":"post","link":"https:\/\/www.proantic.com\/magazine\/pendule-dite-au-buffle-louis-xv\/","title":{"rendered":"Pendule dite \u00ab\u00a0au buffle\u00a0\u00bb Louis XV"},"content":{"rendered":"\n<p><strong>Pendule dite \u00ab\u00a0au buffle\u00a0\u00bb Louis XV, en bronze (patine brune et dor\u00e9e) et bois laqu\u00e9. Avec ses deux cand\u00e9labres \u00e0 3 feux. Style exotique, d&rsquo;\u00e9poque XVIII\u00e8me si\u00e8cle.<\/strong><\/p>\n\n\n\n<p><strong>Cette pendule est typique du go\u00fbt de l&rsquo;\u00e9poque Louis XV pour l&rsquo;exotisme et les contr\u00e9es asiatiques. Ici, le buffle d&rsquo;Asie en bronze patine brune est pos\u00e9 sur une base rocaille en bronze dor\u00e9 \u00e0 contours mouvement\u00e9s et bois laqu\u00e9 \u00e0 d\u00e9cor de feuillage. Sur son dos,&nbsp; le cadran en bronze dor\u00e9 finement cisel\u00e9 est lui m\u00eame surmont\u00e9 d&rsquo;une t\u00eate de chinois avec une guirlande de fleurs (en porcelaine polychrome). Avec ses deux cand\u00e9labres \u00e0 3 feux en forme de n\u00e9nuphars (bronze patine verte, brune et dor\u00e9e) en pot (orn\u00e9 de plaques de bois laqu\u00e9 \u00e0 motifs asiatiques).<\/strong><\/p>\n\n\n\n<figure class=\"wp-block-image size-full\"><a href=\"https:\/\/i0.wp.com\/www.proantic.com\/magazine\/wp-content\/uploads\/2025\/05\/1535734-680b58aebde50.jpg?ssl=1\"><img data-recalc-dims=\"1\" loading=\"lazy\" decoding=\"async\" width=\"665\" height=\"493\" data-attachment-id=\"17615\" data-permalink=\"https:\/\/www.proantic.com\/magazine\/pendule-dite-au-buffle-louis-xv\/1535734-680b58aebde50\/\" data-orig-file=\"https:\/\/i0.wp.com\/www.proantic.com\/magazine\/wp-content\/uploads\/2025\/05\/1535734-680b58aebde50.jpg?fit=1000%2C741&amp;ssl=1\" data-orig-size=\"1000,741\" data-comments-opened=\"1\" data-image-meta=\"{&quot;aperture&quot;:&quot;0&quot;,&quot;credit&quot;:&quot;&quot;,&quot;camera&quot;:&quot;&quot;,&quot;caption&quot;:&quot;&quot;,&quot;created_timestamp&quot;:&quot;0&quot;,&quot;copyright&quot;:&quot;&quot;,&quot;focal_length&quot;:&quot;0&quot;,&quot;iso&quot;:&quot;0&quot;,&quot;shutter_speed&quot;:&quot;0&quot;,&quot;title&quot;:&quot;&quot;,&quot;orientation&quot;:&quot;0&quot;}\" data-image-title=\"Pendule dite \u00ab\u00a0au buffle\u00a0\u00bb Louis XV. (c) Luc de Laval Antiquit\u00e9s, Proantic\" data-image-description=\"\" data-image-caption=\"&lt;p&gt;Pendule dite \u00ab\u00a0au buffle\u00a0\u00bb Louis XV.&lt;br \/&gt;\n(c) Luc de Laval Antiquit\u00e9s, Proantic&lt;\/p&gt;\n\" data-medium-file=\"https:\/\/i0.wp.com\/www.proantic.com\/magazine\/wp-content\/uploads\/2025\/05\/1535734-680b58aebde50.jpg?fit=300%2C222&amp;ssl=1\" data-large-file=\"https:\/\/i0.wp.com\/www.proantic.com\/magazine\/wp-content\/uploads\/2025\/05\/1535734-680b58aebde50.jpg?fit=665%2C493&amp;ssl=1\" src=\"https:\/\/i0.wp.com\/www.proantic.com\/magazine\/wp-content\/uploads\/2025\/05\/1535734-680b58aebde50.jpg?resize=665%2C493&#038;ssl=1\" alt=\"\" class=\"wp-image-17615\" srcset=\"https:\/\/i0.wp.com\/www.proantic.com\/magazine\/wp-content\/uploads\/2025\/05\/1535734-680b58aebde50.jpg?w=1000&amp;ssl=1 1000w, https:\/\/i0.wp.com\/www.proantic.com\/magazine\/wp-content\/uploads\/2025\/05\/1535734-680b58aebde50.jpg?resize=300%2C222&amp;ssl=1 300w, https:\/\/i0.wp.com\/www.proantic.com\/magazine\/wp-content\/uploads\/2025\/05\/1535734-680b58aebde50.jpg?resize=768%2C569&amp;ssl=1 768w\" sizes=\"auto, (max-width: 665px) 100vw, 665px\" \/><\/a><figcaption class=\"wp-element-caption\">Pendule dite \u00ab\u00a0au buffle\u00a0\u00bb Louis XV.<br>(c) <a href=\"https:\/\/www.proantic.com\/galerie\/antiquesdelaval\/\">Luc de Laval Antiquit\u00e9s<\/a>, Proantic<\/figcaption><\/figure>\n\n\n\n<p>Au XVIII\u00e8me si\u00e8cle, l&rsquo;Extr\u00eame-Orient fascine le monde occidental, en particulier en France sous le r\u00e8gne de Louis XV, au point de donner le jour \u00e0 de nombreux meubles et ensembles d\u00e9coratifs \u00ab\u00a0dans le go\u00fbt de la Chine\u00a0\u00bb. Sur les pendules Louis XV en bronze apparaissent des Chinois fort s\u00e9duisants, tant\u00f4t en flanquant le mouvement, tant\u00f4t tr\u00f4nent au sommet. De la m\u00eame mani\u00e8re, dans le m\u00eame domaine de l&rsquo;exotisme et de la curiosit\u00e9 pour le pays lointain et leur faune avec les pendules \u00e0 animaux. Leur vogue est consid\u00e9rable.<\/p>\n\n\n\n<figure class=\"wp-block-image size-full\"><a href=\"https:\/\/i0.wp.com\/www.proantic.com\/magazine\/wp-content\/uploads\/2025\/05\/1535734-alb-680b58d51123e.jpg?ssl=1\"><img data-recalc-dims=\"1\" loading=\"lazy\" decoding=\"async\" width=\"665\" height=\"518\" data-attachment-id=\"17616\" data-permalink=\"https:\/\/www.proantic.com\/magazine\/pendule-dite-au-buffle-louis-xv\/1535734-alb-680b58d51123e\/\" data-orig-file=\"https:\/\/i0.wp.com\/www.proantic.com\/magazine\/wp-content\/uploads\/2025\/05\/1535734-alb-680b58d51123e.jpg?fit=1000%2C779&amp;ssl=1\" data-orig-size=\"1000,779\" data-comments-opened=\"1\" data-image-meta=\"{&quot;aperture&quot;:&quot;0&quot;,&quot;credit&quot;:&quot;&quot;,&quot;camera&quot;:&quot;&quot;,&quot;caption&quot;:&quot;&quot;,&quot;created_timestamp&quot;:&quot;0&quot;,&quot;copyright&quot;:&quot;&quot;,&quot;focal_length&quot;:&quot;0&quot;,&quot;iso&quot;:&quot;0&quot;,&quot;shutter_speed&quot;:&quot;0&quot;,&quot;title&quot;:&quot;&quot;,&quot;orientation&quot;:&quot;0&quot;}\" data-image-title=\"Pendule dite \u00ab\u00a0au buffle\u00a0\u00bb Louis XV. (c) Luc de Laval Antiquit\u00e9s, Proantic\" data-image-description=\"\" data-image-caption=\"&lt;p&gt;Pendule dite \u00ab\u00a0au buffle\u00a0\u00bb Louis XV.&lt;br \/&gt;\n(c) Luc de Laval Antiquit\u00e9s, Proantic&lt;\/p&gt;\n\" data-medium-file=\"https:\/\/i0.wp.com\/www.proantic.com\/magazine\/wp-content\/uploads\/2025\/05\/1535734-alb-680b58d51123e.jpg?fit=300%2C234&amp;ssl=1\" data-large-file=\"https:\/\/i0.wp.com\/www.proantic.com\/magazine\/wp-content\/uploads\/2025\/05\/1535734-alb-680b58d51123e.jpg?fit=665%2C518&amp;ssl=1\" src=\"https:\/\/i0.wp.com\/www.proantic.com\/magazine\/wp-content\/uploads\/2025\/05\/1535734-alb-680b58d51123e.jpg?resize=665%2C518&#038;ssl=1\" alt=\"\" class=\"wp-image-17616\" srcset=\"https:\/\/i0.wp.com\/www.proantic.com\/magazine\/wp-content\/uploads\/2025\/05\/1535734-alb-680b58d51123e.jpg?w=1000&amp;ssl=1 1000w, https:\/\/i0.wp.com\/www.proantic.com\/magazine\/wp-content\/uploads\/2025\/05\/1535734-alb-680b58d51123e.jpg?resize=300%2C234&amp;ssl=1 300w, https:\/\/i0.wp.com\/www.proantic.com\/magazine\/wp-content\/uploads\/2025\/05\/1535734-alb-680b58d51123e.jpg?resize=768%2C598&amp;ssl=1 768w\" sizes=\"auto, (max-width: 665px) 100vw, 665px\" \/><\/a><figcaption class=\"wp-element-caption\">Pendule dite \u00ab\u00a0au buffle\u00a0\u00bb Louis XV.<br>(c<a href=\"https:\/\/www.proantic.com\/galerie\/antiquesdelaval\/\">) Luc de Laval Antiquit\u00e9s<\/a>, Proantic<\/figcaption><\/figure>\n\n\n\n<p> Elles comptent parmi les plus recherch\u00e9es de l&rsquo;\u00e9poque. Souvent en bronze en patine sombre,\u00a0 l&rsquo;animal repose sur une terrasse rocaille mouvement\u00e9e d\u2019entrelacs et de volutes en bronze cisel\u00e9 et dor\u00e9. L\u2019animal soutenant le cadran peut \u00eatre surmont\u00e9 d\u2019un personnage chinois \u00e0 l\u2019ombrelle, d\u2019un indien, d\u2019un singe habill\u00e9 \u00e0 la mode extr\u00eame orientale ou d\u2019un putto. Les plus c\u00e9l\u00e8bres sont la pendule \u00e0 l\u2019\u00e9l\u00e9phant et la pendule au rhinoc\u00e9ros mais on peut aussi trouver des f\u00e9lins, dromadaires ou buffles. L&rsquo;\u00e2ge d&rsquo;or des pendules \u00e0 animaux se limite au r\u00e8gne de Louis XV m\u00eame si la production va se prolonger dans un style Transition jusqu\u2019au d\u00e9but du r\u00e8gne de Louis XVI.<\/p>\n","protected":false},"excerpt":{"rendered":"<p>Pendule dite \u00ab\u00a0au buffle\u00a0\u00bb Louis XV, en bronze (patine brune et dor\u00e9e) et bois laqu\u00e9. Avec ses deux cand\u00e9labres \u00e0 3 feux. Style exotique, d&rsquo;\u00e9poque XVIII\u00e8me si\u00e8cle. Cette pendule est typique du go\u00fbt de l&rsquo;\u00e9poque Louis XV pour l&rsquo;exotisme et les contr\u00e9es asiatiques. Ici, le buffle d&rsquo;Asie en bronze patine brune est pos\u00e9 sur une [&hellip;]<\/p>\n","protected":false},"author":6,"featured_media":17617,"comment_status":"closed","ping_status":"closed","sticky":false,"template":"","format":"standard","meta":{"jetpack_post_was_ever_published":false,"_jetpack_newsletter_access":"","_jetpack_dont_email_post_to_subs":false,"_jetpack_newsletter_tier_id":0,"_jetpack_memberships_contains_paywalled_content":false,"_jetpack_memberships_contains_paid_content":false,"footnotes":"","jetpack_publicize_message":"","jetpack_publicize_feature_enabled":true,"jetpack_social_post_already_shared":false,"jetpack_social_options":{"image_generator_settings":{"template":"highway","default_image_id":0,"font":"","enabled":false},"version":2}},"categories":[180],"tags":[],"class_list":["post-17614","post","type-post","status-publish","format-standard","has-post-thumbnail","hentry","category-arts-decoratifs-proantic"],"yoast_head":"<!-- This site is optimized with the Yoast SEO plugin v26.9 - https:\/\/yoast.com\/product\/yoast-seo-wordpress\/ -->\n<title>Pendule dite &quot;au buffle&quot; Louis XV Le Magazine de Proantic<\/title>\n<meta name=\"description\" content=\"Pendule dite &quot;au buffle&quot; Louis XV, en bronze (patine brune et dor\u00e9e) et bois laqu\u00e9. Avec ses deux cand\u00e9labres \u00e0 3 feux. Style exotique, d&#039;\u00e9poque XVIII\u00e8me\" \/>\n<meta name=\"robots\" content=\"index, follow, max-snippet:-1, max-image-preview:large, max-video-preview:-1\" \/>\n<link rel=\"canonical\" href=\"https:\/\/www.proantic.com\/magazine\/pendule-dite-au-buffle-louis-xv\/\" \/>\n<meta property=\"og:locale\" content=\"fr_FR\" \/>\n<meta property=\"og:type\" content=\"article\" \/>\n<meta property=\"og:title\" content=\"Pendule dite &quot;au buffle&quot; Louis XV Le Magazine de Proantic\" \/>\n<meta property=\"og:description\" content=\"Pendule dite &quot;au buffle&quot; Louis XV, en bronze (patine brune et dor\u00e9e) et bois laqu\u00e9. Avec ses deux cand\u00e9labres \u00e0 3 feux. Style exotique, d&#039;\u00e9poque XVIII\u00e8me\" \/>\n<meta property=\"og:url\" content=\"https:\/\/www.proantic.com\/magazine\/pendule-dite-au-buffle-louis-xv\/\" \/>\n<meta property=\"og:site_name\" content=\"Le Magazine de Proantic\" \/>\n<meta property=\"article:publisher\" content=\"https:\/\/www.facebook.com\/pages\/Proantic\/\/259180871793\" \/>\n<meta property=\"article:published_time\" content=\"2025-05-01T09:30:32+00:00\" \/>\n<meta property=\"article:modified_time\" content=\"2026-01-06T10:09:07+00:00\" \/>\n<meta property=\"og:image\" content=\"https:\/\/www.proantic.com\/magazine\/wp-content\/uploads\/2025\/05\/1535734-main-680b5896012e6.jpg\" \/>\n\t<meta property=\"og:image:width\" content=\"1000\" \/>\n\t<meta property=\"og:image:height\" content=\"609\" \/>\n\t<meta property=\"og:image:type\" content=\"image\/jpeg\" \/>\n<meta name=\"author\" content=\"C\u00e9line Autant\" \/>\n<meta name=\"twitter:label1\" content=\"\u00c9crit par\" \/>\n\t<meta name=\"twitter:data1\" content=\"C\u00e9line Autant\" \/>\n\t<meta name=\"twitter:label2\" content=\"Dur\u00e9e de lecture estim\u00e9e\" \/>\n\t<meta name=\"twitter:data2\" content=\"3 minutes\" \/>\n<script type=\"application\/ld+json\" class=\"yoast-schema-graph\">{\"@context\":\"https:\/\/schema.org\",\"@graph\":[{\"@type\":\"Article\",\"@id\":\"https:\/\/www.proantic.com\/magazine\/pendule-dite-au-buffle-louis-xv\/#article\",\"isPartOf\":{\"@id\":\"https:\/\/www.proantic.com\/magazine\/pendule-dite-au-buffle-louis-xv\/\"},\"author\":{\"name\":\"C\u00e9line Autant\",\"@id\":\"https:\/\/www.proantic.com\/magazine\/#\/schema\/person\/63707e8f4e7d0172de7ddde897688be0\"},\"headline\":\"Pendule dite \u00ab\u00a0au buffle\u00a0\u00bb Louis XV\",\"datePublished\":\"2025-05-01T09:30:32+00:00\",\"dateModified\":\"2026-01-06T10:09:07+00:00\",\"mainEntityOfPage\":{\"@id\":\"https:\/\/www.proantic.com\/magazine\/pendule-dite-au-buffle-louis-xv\/\"},\"wordCount\":400,\"image\":{\"@id\":\"https:\/\/www.proantic.com\/magazine\/pendule-dite-au-buffle-louis-xv\/#primaryimage\"},\"thumbnailUrl\":\"https:\/\/i0.wp.com\/www.proantic.com\/magazine\/wp-content\/uploads\/2025\/05\/1535734-main-680b5896012e6.jpg?fit=1000%2C609&ssl=1\",\"articleSection\":[\"Arts d\u00e9coratifs sur Proantic\"],\"inLanguage\":\"fr-FR\"},{\"@type\":\"WebPage\",\"@id\":\"https:\/\/www.proantic.com\/magazine\/pendule-dite-au-buffle-louis-xv\/\",\"url\":\"https:\/\/www.proantic.com\/magazine\/pendule-dite-au-buffle-louis-xv\/\",\"name\":\"Pendule dite \\\"au buffle\\\" Louis XV Le Magazine de Proantic\",\"isPartOf\":{\"@id\":\"https:\/\/www.proantic.com\/magazine\/#website\"},\"primaryImageOfPage\":{\"@id\":\"https:\/\/www.proantic.com\/magazine\/pendule-dite-au-buffle-louis-xv\/#primaryimage\"},\"image\":{\"@id\":\"https:\/\/www.proantic.com\/magazine\/pendule-dite-au-buffle-louis-xv\/#primaryimage\"},\"thumbnailUrl\":\"https:\/\/i0.wp.com\/www.proantic.com\/magazine\/wp-content\/uploads\/2025\/05\/1535734-main-680b5896012e6.jpg?fit=1000%2C609&ssl=1\",\"datePublished\":\"2025-05-01T09:30:32+00:00\",\"dateModified\":\"2026-01-06T10:09:07+00:00\",\"author\":{\"@id\":\"https:\/\/www.proantic.com\/magazine\/#\/schema\/person\/63707e8f4e7d0172de7ddde897688be0\"},\"description\":\"Pendule dite \\\"au buffle\\\" Louis XV, en bronze (patine brune et dor\u00e9e) et bois laqu\u00e9. Avec ses deux cand\u00e9labres \u00e0 3 feux. Style exotique, d'\u00e9poque XVIII\u00e8me\",\"breadcrumb\":{\"@id\":\"https:\/\/www.proantic.com\/magazine\/pendule-dite-au-buffle-louis-xv\/#breadcrumb\"},\"inLanguage\":\"fr-FR\",\"potentialAction\":[{\"@type\":\"ReadAction\",\"target\":[\"https:\/\/www.proantic.com\/magazine\/pendule-dite-au-buffle-louis-xv\/\"]}]},{\"@type\":\"ImageObject\",\"inLanguage\":\"fr-FR\",\"@id\":\"https:\/\/www.proantic.com\/magazine\/pendule-dite-au-buffle-louis-xv\/#primaryimage\",\"url\":\"https:\/\/i0.wp.com\/www.proantic.com\/magazine\/wp-content\/uploads\/2025\/05\/1535734-main-680b5896012e6.jpg?fit=1000%2C609&ssl=1\",\"contentUrl\":\"https:\/\/i0.wp.com\/www.proantic.com\/magazine\/wp-content\/uploads\/2025\/05\/1535734-main-680b5896012e6.jpg?fit=1000%2C609&ssl=1\",\"width\":1000,\"height\":609},{\"@type\":\"BreadcrumbList\",\"@id\":\"https:\/\/www.proantic.com\/magazine\/pendule-dite-au-buffle-louis-xv\/#breadcrumb\",\"itemListElement\":[{\"@type\":\"ListItem\",\"position\":1,\"name\":\"Accueil\",\"item\":\"https:\/\/www.proantic.com\/magazine\/\"},{\"@type\":\"ListItem\",\"position\":2,\"name\":\"Pendule dite \u00ab\u00a0au buffle\u00a0\u00bb Louis XV\"}]},{\"@type\":\"WebSite\",\"@id\":\"https:\/\/www.proantic.com\/magazine\/#website\",\"url\":\"https:\/\/www.proantic.com\/magazine\/\",\"name\":\"Le Magazine de Proantic\",\"description\":\"Magazine d&#039;art et expositions\",\"potentialAction\":[{\"@type\":\"SearchAction\",\"target\":{\"@type\":\"EntryPoint\",\"urlTemplate\":\"https:\/\/www.proantic.com\/magazine\/?s={search_term_string}\"},\"query-input\":{\"@type\":\"PropertyValueSpecification\",\"valueRequired\":true,\"valueName\":\"search_term_string\"}}],\"inLanguage\":\"fr-FR\"},{\"@type\":\"Person\",\"@id\":\"https:\/\/www.proantic.com\/magazine\/#\/schema\/person\/63707e8f4e7d0172de7ddde897688be0\",\"name\":\"C\u00e9line Autant\"}]}<\/script>\n<!-- \/ Yoast SEO plugin. -->","yoast_head_json":{"title":"Pendule dite \"au buffle\" Louis XV Le Magazine de Proantic","description":"Pendule dite \"au buffle\" Louis XV, en bronze (patine brune et dor\u00e9e) et bois laqu\u00e9. Avec ses deux cand\u00e9labres \u00e0 3 feux. Style exotique, d'\u00e9poque XVIII\u00e8me","robots":{"index":"index","follow":"follow","max-snippet":"max-snippet:-1","max-image-preview":"max-image-preview:large","max-video-preview":"max-video-preview:-1"},"canonical":"https:\/\/www.proantic.com\/magazine\/pendule-dite-au-buffle-louis-xv\/","og_locale":"fr_FR","og_type":"article","og_title":"Pendule dite \"au buffle\" Louis XV Le Magazine de Proantic","og_description":"Pendule dite \"au buffle\" Louis XV, en bronze (patine brune et dor\u00e9e) et bois laqu\u00e9. Avec ses deux cand\u00e9labres \u00e0 3 feux. Style exotique, d'\u00e9poque XVIII\u00e8me","og_url":"https:\/\/www.proantic.com\/magazine\/pendule-dite-au-buffle-louis-xv\/","og_site_name":"Le Magazine de Proantic","article_publisher":"https:\/\/www.facebook.com\/pages\/Proantic\/\/259180871793","article_published_time":"2025-05-01T09:30:32+00:00","article_modified_time":"2026-01-06T10:09:07+00:00","og_image":[{"width":1000,"height":609,"url":"https:\/\/www.proantic.com\/magazine\/wp-content\/uploads\/2025\/05\/1535734-main-680b5896012e6.jpg","type":"image\/jpeg"}],"author":"C\u00e9line Autant","twitter_misc":{"\u00c9crit par":"C\u00e9line Autant","Dur\u00e9e de lecture estim\u00e9e":"3 minutes"},"schema":{"@context":"https:\/\/schema.org","@graph":[{"@type":"Article","@id":"https:\/\/www.proantic.com\/magazine\/pendule-dite-au-buffle-louis-xv\/#article","isPartOf":{"@id":"https:\/\/www.proantic.com\/magazine\/pendule-dite-au-buffle-louis-xv\/"},"author":{"name":"C\u00e9line Autant","@id":"https:\/\/www.proantic.com\/magazine\/#\/schema\/person\/63707e8f4e7d0172de7ddde897688be0"},"headline":"Pendule dite \u00ab\u00a0au buffle\u00a0\u00bb Louis XV","datePublished":"2025-05-01T09:30:32+00:00","dateModified":"2026-01-06T10:09:07+00:00","mainEntityOfPage":{"@id":"https:\/\/www.proantic.com\/magazine\/pendule-dite-au-buffle-louis-xv\/"},"wordCount":400,"image":{"@id":"https:\/\/www.proantic.com\/magazine\/pendule-dite-au-buffle-louis-xv\/#primaryimage"},"thumbnailUrl":"https:\/\/i0.wp.com\/www.proantic.com\/magazine\/wp-content\/uploads\/2025\/05\/1535734-main-680b5896012e6.jpg?fit=1000%2C609&ssl=1","articleSection":["Arts d\u00e9coratifs sur Proantic"],"inLanguage":"fr-FR"},{"@type":"WebPage","@id":"https:\/\/www.proantic.com\/magazine\/pendule-dite-au-buffle-louis-xv\/","url":"https:\/\/www.proantic.com\/magazine\/pendule-dite-au-buffle-louis-xv\/","name":"Pendule dite \"au buffle\" Louis XV Le Magazine de Proantic","isPartOf":{"@id":"https:\/\/www.proantic.com\/magazine\/#website"},"primaryImageOfPage":{"@id":"https:\/\/www.proantic.com\/magazine\/pendule-dite-au-buffle-louis-xv\/#primaryimage"},"image":{"@id":"https:\/\/www.proantic.com\/magazine\/pendule-dite-au-buffle-louis-xv\/#primaryimage"},"thumbnailUrl":"https:\/\/i0.wp.com\/www.proantic.com\/magazine\/wp-content\/uploads\/2025\/05\/1535734-main-680b5896012e6.jpg?fit=1000%2C609&ssl=1","datePublished":"2025-05-01T09:30:32+00:00","dateModified":"2026-01-06T10:09:07+00:00","author":{"@id":"https:\/\/www.proantic.com\/magazine\/#\/schema\/person\/63707e8f4e7d0172de7ddde897688be0"},"description":"Pendule dite \"au buffle\" Louis XV, en bronze (patine brune et dor\u00e9e) et bois laqu\u00e9. Avec ses deux cand\u00e9labres \u00e0 3 feux. Style exotique, d'\u00e9poque XVIII\u00e8me","breadcrumb":{"@id":"https:\/\/www.proantic.com\/magazine\/pendule-dite-au-buffle-louis-xv\/#breadcrumb"},"inLanguage":"fr-FR","potentialAction":[{"@type":"ReadAction","target":["https:\/\/www.proantic.com\/magazine\/pendule-dite-au-buffle-louis-xv\/"]}]},{"@type":"ImageObject","inLanguage":"fr-FR","@id":"https:\/\/www.proantic.com\/magazine\/pendule-dite-au-buffle-louis-xv\/#primaryimage","url":"https:\/\/i0.wp.com\/www.proantic.com\/magazine\/wp-content\/uploads\/2025\/05\/1535734-main-680b5896012e6.jpg?fit=1000%2C609&ssl=1","contentUrl":"https:\/\/i0.wp.com\/www.proantic.com\/magazine\/wp-content\/uploads\/2025\/05\/1535734-main-680b5896012e6.jpg?fit=1000%2C609&ssl=1","width":1000,"height":609},{"@type":"BreadcrumbList","@id":"https:\/\/www.proantic.com\/magazine\/pendule-dite-au-buffle-louis-xv\/#breadcrumb","itemListElement":[{"@type":"ListItem","position":1,"name":"Accueil","item":"https:\/\/www.proantic.com\/magazine\/"},{"@type":"ListItem","position":2,"name":"Pendule dite \u00ab\u00a0au buffle\u00a0\u00bb Louis XV"}]},{"@type":"WebSite","@id":"https:\/\/www.proantic.com\/magazine\/#website","url":"https:\/\/www.proantic.com\/magazine\/","name":"Le Magazine de Proantic","description":"Magazine d&#039;art et expositions","potentialAction":[{"@type":"SearchAction","target":{"@type":"EntryPoint","urlTemplate":"https:\/\/www.proantic.com\/magazine\/?s={search_term_string}"},"query-input":{"@type":"PropertyValueSpecification","valueRequired":true,"valueName":"search_term_string"}}],"inLanguage":"fr-FR"},{"@type":"Person","@id":"https:\/\/www.proantic.com\/magazine\/#\/schema\/person\/63707e8f4e7d0172de7ddde897688be0","name":"C\u00e9line Autant"}]}},"jetpack_publicize_connections":[],"jetpack_featured_media_url":"https:\/\/i0.wp.com\/www.proantic.com\/magazine\/wp-content\/uploads\/2025\/05\/1535734-main-680b5896012e6.jpg?fit=1000%2C609&ssl=1","jetpack_shortlink":"https:\/\/wp.me\/p7EkP3-4A6","jetpack_sharing_enabled":true,"_links":{"self":[{"href":"https:\/\/www.proantic.com\/magazine\/wp-json\/wp\/v2\/posts\/17614","targetHints":{"allow":["GET"]}}],"collection":[{"href":"https:\/\/www.proantic.com\/magazine\/wp-json\/wp\/v2\/posts"}],"about":[{"href":"https:\/\/www.proantic.com\/magazine\/wp-json\/wp\/v2\/types\/post"}],"author":[{"embeddable":true,"href":"https:\/\/www.proantic.com\/magazine\/wp-json\/wp\/v2\/users\/6"}],"replies":[{"embeddable":true,"href":"https:\/\/www.proantic.com\/magazine\/wp-json\/wp\/v2\/comments?post=17614"}],"version-history":[{"count":1,"href":"https:\/\/www.proantic.com\/magazine\/wp-json\/wp\/v2\/posts\/17614\/revisions"}],"predecessor-version":[{"id":17618,"href":"https:\/\/www.proantic.com\/magazine\/wp-json\/wp\/v2\/posts\/17614\/revisions\/17618"}],"wp:featuredmedia":[{"embeddable":true,"href":"https:\/\/www.proantic.com\/magazine\/wp-json\/wp\/v2\/media\/17617"}],"wp:attachment":[{"href":"https:\/\/www.proantic.com\/magazine\/wp-json\/wp\/v2\/media?parent=17614"}],"wp:term":[{"taxonomy":"category","embeddable":true,"href":"https:\/\/www.proantic.com\/magazine\/wp-json\/wp\/v2\/categories?post=17614"},{"taxonomy":"post_tag","embeddable":true,"href":"https:\/\/www.proantic.com\/magazine\/wp-json\/wp\/v2\/tags?post=17614"}],"curies":[{"name":"wp","href":"https:\/\/api.w.org\/{rel}","templated":true}]}}