{"id":17608,"date":"2025-05-01T10:29:59","date_gmt":"2025-05-01T09:29:59","guid":{"rendered":"https:\/\/www.proantic.com\/magazine\/?p=17608"},"modified":"2026-01-06T11:10:04","modified_gmt":"2026-01-06T10:10:04","slug":"commode-depoque-regence-par-etienne-doirat","status":"publish","type":"post","link":"https:\/\/www.proantic.com\/magazine\/commode-depoque-regence-par-etienne-doirat\/","title":{"rendered":"Commode d\u2019\u00e9poque R\u00e9gence par Etienne Doirat"},"content":{"rendered":"\n<p><strong>Commode en \u00ab tombeau \u00bb galb\u00e9e en fa\u00e7ade et sur les c\u00f4t\u00e9s, en placage d&rsquo;amarante dispos\u00e9 en feuilles dans les encadrements. Elle ouvre par quatre tiroirs sur trois rangs : deux grands et deux petits et asym\u00e9triques en ceinture<\/strong>. Riche ornementation de bronzes cisel\u00e9s et dor\u00e9s : le cartouche frontal rocaille, chutes d&rsquo;angles aux enroulements en feuilles de ch\u00eane, poign\u00e9es et sabots feuillag\u00e9s, des rosaces sur les c\u00f4t\u00e9s. Dessus de marbre rouge griotte des Flandres. <\/p>\n\n\n\n<p>\u00a0Bien que non estampill\u00e9e notre commode appartient par sa forme et ses ornementations de bronzes \u00e0 un corpus identifi\u00e9 de la production d&rsquo;Etienne Doirat, l&rsquo;un des plus talentueux \u00e9b\u00e9nistes sous la R\u00e9gence.<\/p>\n\n\n<div class=\"wp-block-image\">\n<figure class=\"aligncenter size-large\"><a href=\"https:\/\/i0.wp.com\/www.proantic.com\/magazine\/wp-content\/uploads\/2025\/05\/1535397-680a5c7f93d51.jpg?ssl=1\"><img data-recalc-dims=\"1\" loading=\"lazy\" decoding=\"async\" width=\"665\" height=\"532\" data-attachment-id=\"17610\" data-permalink=\"https:\/\/www.proantic.com\/magazine\/commode-depoque-regence-par-etienne-doirat\/1535397-680a5c7f93d51\/\" data-orig-file=\"https:\/\/i0.wp.com\/www.proantic.com\/magazine\/wp-content\/uploads\/2025\/05\/1535397-680a5c7f93d51.jpg?fit=1200%2C960&amp;ssl=1\" data-orig-size=\"1200,960\" data-comments-opened=\"1\" data-image-meta=\"{&quot;aperture&quot;:&quot;0&quot;,&quot;credit&quot;:&quot;&quot;,&quot;camera&quot;:&quot;&quot;,&quot;caption&quot;:&quot;&quot;,&quot;created_timestamp&quot;:&quot;0&quot;,&quot;copyright&quot;:&quot;&quot;,&quot;focal_length&quot;:&quot;0&quot;,&quot;iso&quot;:&quot;0&quot;,&quot;shutter_speed&quot;:&quot;0&quot;,&quot;title&quot;:&quot;&quot;,&quot;orientation&quot;:&quot;0&quot;}\" data-image-title=\"Commode d\u2019\u00e9poque R\u00e9gence par Etienne Doirat. (c) Galerie Nicolas Lent\u00e9 , Proantic\" data-image-description=\"\" data-image-caption=\"&lt;p&gt;Commode d\u2019\u00e9poque R\u00e9gence par Etienne Doirat.&lt;br \/&gt;\n(c) Galerie Nicolas Lent\u00e9 , Proantic&lt;\/p&gt;\n\" data-medium-file=\"https:\/\/i0.wp.com\/www.proantic.com\/magazine\/wp-content\/uploads\/2025\/05\/1535397-680a5c7f93d51.jpg?fit=300%2C240&amp;ssl=1\" data-large-file=\"https:\/\/i0.wp.com\/www.proantic.com\/magazine\/wp-content\/uploads\/2025\/05\/1535397-680a5c7f93d51.jpg?fit=665%2C532&amp;ssl=1\" src=\"https:\/\/i0.wp.com\/www.proantic.com\/magazine\/wp-content\/uploads\/2025\/05\/1535397-680a5c7f93d51.jpg?resize=665%2C532&#038;ssl=1\" alt=\"\" class=\"wp-image-17610\" srcset=\"https:\/\/i0.wp.com\/www.proantic.com\/magazine\/wp-content\/uploads\/2025\/05\/1535397-680a5c7f93d51.jpg?resize=1024%2C819&amp;ssl=1 1024w, https:\/\/i0.wp.com\/www.proantic.com\/magazine\/wp-content\/uploads\/2025\/05\/1535397-680a5c7f93d51.jpg?resize=300%2C240&amp;ssl=1 300w, https:\/\/i0.wp.com\/www.proantic.com\/magazine\/wp-content\/uploads\/2025\/05\/1535397-680a5c7f93d51.jpg?resize=768%2C614&amp;ssl=1 768w, https:\/\/i0.wp.com\/www.proantic.com\/magazine\/wp-content\/uploads\/2025\/05\/1535397-680a5c7f93d51.jpg?w=1200&amp;ssl=1 1200w\" sizes=\"auto, (max-width: 665px) 100vw, 665px\" \/><\/a><figcaption class=\"wp-element-caption\">Commode d\u2019\u00e9poque R\u00e9gence par Etienne Doirat.<br>(c) <a href=\"https:\/\/www.proantic.com\/galerie\/antiquitespromenade\/\">Galerie Nicolas Lent\u00e9<\/a> , Proantic<\/figcaption><\/figure>\n<\/div>\n\n\n<p>Etienne Doirat a \u00e9t\u00e9 un des rares \u00e9b\u00e9nistes de son \u00e9poque \u00e0 apposer son estampille, mais cela seulement a la fin de sa carri\u00e8re. En trente ans d&rsquo;activit\u00e9 il a produit un nombre significatif de pi\u00e8ces si l&rsquo;on juge le volume par son inventaire apr\u00e8s d\u00e9c\u00e8s, mais la plupart de ses \u0153uvres ne sont pas sign\u00e9es. Il s&rsquo;agit en tout premier lieu de commodes qui constituent l&rsquo;essentiel de sa production.<\/p>\n\n\n\n<figure class=\"wp-block-image size-large\"><a href=\"https:\/\/i0.wp.com\/www.proantic.com\/magazine\/wp-content\/uploads\/2025\/05\/1535397-680a5c7fabb96.jpg?ssl=1\"><img data-recalc-dims=\"1\" loading=\"lazy\" decoding=\"async\" width=\"665\" height=\"473\" data-attachment-id=\"17611\" data-permalink=\"https:\/\/www.proantic.com\/magazine\/commode-depoque-regence-par-etienne-doirat\/1535397-680a5c7fabb96\/\" data-orig-file=\"https:\/\/i0.wp.com\/www.proantic.com\/magazine\/wp-content\/uploads\/2025\/05\/1535397-680a5c7fabb96.jpg?fit=1200%2C854&amp;ssl=1\" data-orig-size=\"1200,854\" data-comments-opened=\"1\" data-image-meta=\"{&quot;aperture&quot;:&quot;0&quot;,&quot;credit&quot;:&quot;&quot;,&quot;camera&quot;:&quot;&quot;,&quot;caption&quot;:&quot;&quot;,&quot;created_timestamp&quot;:&quot;0&quot;,&quot;copyright&quot;:&quot;&quot;,&quot;focal_length&quot;:&quot;0&quot;,&quot;iso&quot;:&quot;0&quot;,&quot;shutter_speed&quot;:&quot;0&quot;,&quot;title&quot;:&quot;&quot;,&quot;orientation&quot;:&quot;0&quot;}\" data-image-title=\"Commode d\u2019\u00e9poque R\u00e9gence par Etienne Doirat. (c) Galerie Nicolas Lent\u00e9 , Proantic\" data-image-description=\"\" data-image-caption=\"&lt;p&gt;Commode d\u2019\u00e9poque R\u00e9gence par Etienne Doirat. (c) Galerie Nicolas Lent\u00e9 , Proantic&lt;\/p&gt;\n\" data-medium-file=\"https:\/\/i0.wp.com\/www.proantic.com\/magazine\/wp-content\/uploads\/2025\/05\/1535397-680a5c7fabb96.jpg?fit=300%2C214&amp;ssl=1\" data-large-file=\"https:\/\/i0.wp.com\/www.proantic.com\/magazine\/wp-content\/uploads\/2025\/05\/1535397-680a5c7fabb96.jpg?fit=665%2C473&amp;ssl=1\" src=\"https:\/\/i0.wp.com\/www.proantic.com\/magazine\/wp-content\/uploads\/2025\/05\/1535397-680a5c7fabb96.jpg?resize=665%2C473&#038;ssl=1\" alt=\"\" class=\"wp-image-17611\" srcset=\"https:\/\/i0.wp.com\/www.proantic.com\/magazine\/wp-content\/uploads\/2025\/05\/1535397-680a5c7fabb96.jpg?resize=1024%2C729&amp;ssl=1 1024w, https:\/\/i0.wp.com\/www.proantic.com\/magazine\/wp-content\/uploads\/2025\/05\/1535397-680a5c7fabb96.jpg?resize=300%2C214&amp;ssl=1 300w, https:\/\/i0.wp.com\/www.proantic.com\/magazine\/wp-content\/uploads\/2025\/05\/1535397-680a5c7fabb96.jpg?resize=768%2C547&amp;ssl=1 768w, https:\/\/i0.wp.com\/www.proantic.com\/magazine\/wp-content\/uploads\/2025\/05\/1535397-680a5c7fabb96.jpg?w=1200&amp;ssl=1 1200w\" sizes=\"auto, (max-width: 665px) 100vw, 665px\" \/><\/a><figcaption class=\"wp-element-caption\">Commode d\u2019\u00e9poque R\u00e9gence par Etienne Doirat. (c) <a href=\"https:\/\/www.proantic.com\/galerie\/antiquitespromenade\/\">Galerie Nicolas Lent\u00e9<\/a> , Proantic<\/figcaption><\/figure>\n\n\n\n<p>L &lsquo;inventaire dress\u00e9 le 14 juillet 1732, peu de jours apr\u00e8s son d\u00e9c\u00e8s, en mentionne un grand nombre, \u00ab\u00a0en tombeau\u00a0\u00bb, \u00ab\u00a0\u00e0 la R\u00e9gence\u00a0\u00bb, en \u00ab Esse \u00bb, mais fait aussi \u00e9tat de grands biblioth\u00e8ques, d&rsquo;armoires, de buffets, de secr\u00e9taires, de r\u00e9gulateurs et de divers mod\u00e8les de tables de jeu, de salon, de chevet. Ces meubles sont fr\u00e9quemment habill\u00e9s d&rsquo;amarante ou de bois de violette, plaqu\u00e9s en feuilles ou marquet\u00e9s de quadrillages. Il \u00e9tait, contrairement a ses confr\u00e8res, propri\u00e9taire de son stock de mod\u00e8les de bronze destin\u00e9s \u00e0 son usage exclusif, mentionn\u00e9 dans son inventaire comme \u00ab modeles de plomb imparfaits servant de garniture de commodes et autres \u00bb. <\/p>\n\n\n<div class=\"wp-block-image\">\n<figure class=\"aligncenter size-large\"><a href=\"https:\/\/i0.wp.com\/www.proantic.com\/magazine\/wp-content\/uploads\/2025\/05\/1535397-alb-680a5cbf18466.jpg?ssl=1\"><img data-recalc-dims=\"1\" loading=\"lazy\" decoding=\"async\" width=\"665\" height=\"997\" data-attachment-id=\"17612\" data-permalink=\"https:\/\/www.proantic.com\/magazine\/commode-depoque-regence-par-etienne-doirat\/1535397-alb-680a5cbf18466\/\" data-orig-file=\"https:\/\/i0.wp.com\/www.proantic.com\/magazine\/wp-content\/uploads\/2025\/05\/1535397-alb-680a5cbf18466.jpg?fit=800%2C1200&amp;ssl=1\" data-orig-size=\"800,1200\" data-comments-opened=\"1\" data-image-meta=\"{&quot;aperture&quot;:&quot;0&quot;,&quot;credit&quot;:&quot;&quot;,&quot;camera&quot;:&quot;&quot;,&quot;caption&quot;:&quot;&quot;,&quot;created_timestamp&quot;:&quot;0&quot;,&quot;copyright&quot;:&quot;&quot;,&quot;focal_length&quot;:&quot;0&quot;,&quot;iso&quot;:&quot;0&quot;,&quot;shutter_speed&quot;:&quot;0&quot;,&quot;title&quot;:&quot;&quot;,&quot;orientation&quot;:&quot;0&quot;}\" data-image-title=\"Commode d\u2019\u00e9poque R\u00e9gence par Etienne Doirat. (c) Galerie Nicolas Lent\u00e9 , Proantic\" data-image-description=\"\" data-image-caption=\"&lt;p&gt;Commode d\u2019\u00e9poque R\u00e9gence par Etienne Doirat. (c) Galerie Nicolas Lent\u00e9 , Proantic&lt;\/p&gt;\n\" data-medium-file=\"https:\/\/i0.wp.com\/www.proantic.com\/magazine\/wp-content\/uploads\/2025\/05\/1535397-alb-680a5cbf18466.jpg?fit=200%2C300&amp;ssl=1\" data-large-file=\"https:\/\/i0.wp.com\/www.proantic.com\/magazine\/wp-content\/uploads\/2025\/05\/1535397-alb-680a5cbf18466.jpg?fit=665%2C997&amp;ssl=1\" src=\"https:\/\/i0.wp.com\/www.proantic.com\/magazine\/wp-content\/uploads\/2025\/05\/1535397-alb-680a5cbf18466.jpg?resize=665%2C997&#038;ssl=1\" alt=\"\" class=\"wp-image-17612\" srcset=\"https:\/\/i0.wp.com\/www.proantic.com\/magazine\/wp-content\/uploads\/2025\/05\/1535397-alb-680a5cbf18466.jpg?resize=683%2C1024&amp;ssl=1 683w, https:\/\/i0.wp.com\/www.proantic.com\/magazine\/wp-content\/uploads\/2025\/05\/1535397-alb-680a5cbf18466.jpg?resize=200%2C300&amp;ssl=1 200w, https:\/\/i0.wp.com\/www.proantic.com\/magazine\/wp-content\/uploads\/2025\/05\/1535397-alb-680a5cbf18466.jpg?resize=768%2C1152&amp;ssl=1 768w, https:\/\/i0.wp.com\/www.proantic.com\/magazine\/wp-content\/uploads\/2025\/05\/1535397-alb-680a5cbf18466.jpg?w=800&amp;ssl=1 800w\" sizes=\"auto, (max-width: 665px) 100vw, 665px\" \/><\/a><figcaption class=\"wp-element-caption\">Commode d\u2019\u00e9poque R\u00e9gence par Etienne Doirat. (c) <a href=\"https:\/\/www.proantic.com\/galerie\/antiquitespromenade\/\">Galerie Nicolas Lent\u00e9<\/a> , Proantic<\/figcaption><\/figure>\n<\/div>\n\n\n<p><strong>Doirat Etienne (1675-25 juin 1732) \u00a0<\/strong><br>Descendant d&rsquo;une famille d&rsquo;artisans qui travaillaient depuis au moins un si\u00e8cle dans le faubourg Saint-Antoine, il na\u00eet d&rsquo;un p\u00e8re ma\u00e7on, vers 1670, et obtient ses lettres de ma\u00eetrise dans les premi\u00e8res ann\u00e9es du XVIII\u00e8me si\u00e8cle. Il travaillera toute sa vie rue du Faubourg Saint-Antoine, ou dans ses alentours imm\u00e9diats, pour une riche client\u00e8le fran\u00e7aise et \u00e9trang\u00e8re. Ses meubles, d&rsquo;un caract\u00e8re souvent somptueux, appartiennent pour la plupart au style en honneur sous la R\u00e9gence.<\/p>\n","protected":false},"excerpt":{"rendered":"<p>Commode en \u00ab tombeau \u00bb galb\u00e9e en fa\u00e7ade et sur les c\u00f4t\u00e9s, en placage d&rsquo;amarante dispos\u00e9 en feuilles dans les encadrements. Elle ouvre par quatre tiroirs sur trois rangs : deux grands et deux petits et asym\u00e9triques en ceinture. Riche ornementation de bronzes cisel\u00e9s et dor\u00e9s : le cartouche frontal rocaille, chutes d&rsquo;angles aux enroulements [&hellip;]<\/p>\n","protected":false},"author":6,"featured_media":17609,"comment_status":"closed","ping_status":"closed","sticky":false,"template":"","format":"standard","meta":{"jetpack_post_was_ever_published":false,"_jetpack_newsletter_access":"","_jetpack_dont_email_post_to_subs":false,"_jetpack_newsletter_tier_id":0,"_jetpack_memberships_contains_paywalled_content":false,"_jetpack_memberships_contains_paid_content":false,"footnotes":"","jetpack_publicize_message":"","jetpack_publicize_feature_enabled":true,"jetpack_social_post_already_shared":false,"jetpack_social_options":{"image_generator_settings":{"template":"highway","default_image_id":0,"font":"","enabled":false},"version":2}},"categories":[180],"tags":[],"class_list":["post-17608","post","type-post","status-publish","format-standard","has-post-thumbnail","hentry","category-arts-decoratifs-proantic"],"yoast_head":"<!-- This site is optimized with the Yoast SEO plugin v26.9 - https:\/\/yoast.com\/product\/yoast-seo-wordpress\/ -->\n<title>Commode d\u2019\u00e9poque R\u00e9gence par Etienne Doirat Le Magazine de Proantic<\/title>\n<meta name=\"description\" content=\"Commode en \u00ab tombeau \u00bb galb\u00e9e en fa\u00e7ade et sur les c\u00f4t\u00e9s, en placage d&#039;amarante dispos\u00e9 en feuilles dans les encadrements. Elle ouvre par quatre tiroirs\" \/>\n<meta name=\"robots\" content=\"index, follow, max-snippet:-1, max-image-preview:large, max-video-preview:-1\" \/>\n<link rel=\"canonical\" href=\"https:\/\/www.proantic.com\/magazine\/commode-depoque-regence-par-etienne-doirat\/\" \/>\n<meta property=\"og:locale\" content=\"fr_FR\" \/>\n<meta property=\"og:type\" content=\"article\" \/>\n<meta property=\"og:title\" content=\"Commode d\u2019\u00e9poque R\u00e9gence par Etienne Doirat Le Magazine de Proantic\" \/>\n<meta property=\"og:description\" content=\"Commode en \u00ab tombeau \u00bb galb\u00e9e en fa\u00e7ade et sur les c\u00f4t\u00e9s, en placage d&#039;amarante dispos\u00e9 en feuilles dans les encadrements. Elle ouvre par quatre tiroirs\" \/>\n<meta property=\"og:url\" content=\"https:\/\/www.proantic.com\/magazine\/commode-depoque-regence-par-etienne-doirat\/\" \/>\n<meta property=\"og:site_name\" content=\"Le Magazine de Proantic\" \/>\n<meta property=\"article:publisher\" content=\"https:\/\/www.facebook.com\/pages\/Proantic\/\/259180871793\" \/>\n<meta property=\"article:published_time\" content=\"2025-05-01T09:29:59+00:00\" \/>\n<meta property=\"article:modified_time\" content=\"2026-01-06T10:10:04+00:00\" \/>\n<meta property=\"og:image\" content=\"https:\/\/www.proantic.com\/magazine\/wp-content\/uploads\/2025\/05\/1535397-main-680a5c5e8b59e.jpg\" \/>\n\t<meta property=\"og:image:width\" content=\"1200\" \/>\n\t<meta property=\"og:image:height\" content=\"800\" \/>\n\t<meta property=\"og:image:type\" content=\"image\/jpeg\" \/>\n<meta name=\"author\" content=\"C\u00e9line Autant\" \/>\n<meta name=\"twitter:label1\" content=\"\u00c9crit par\" \/>\n\t<meta name=\"twitter:data1\" content=\"C\u00e9line Autant\" \/>\n\t<meta name=\"twitter:label2\" content=\"Dur\u00e9e de lecture estim\u00e9e\" \/>\n\t<meta name=\"twitter:data2\" content=\"3 minutes\" \/>\n<script type=\"application\/ld+json\" class=\"yoast-schema-graph\">{\"@context\":\"https:\/\/schema.org\",\"@graph\":[{\"@type\":\"Article\",\"@id\":\"https:\/\/www.proantic.com\/magazine\/commode-depoque-regence-par-etienne-doirat\/#article\",\"isPartOf\":{\"@id\":\"https:\/\/www.proantic.com\/magazine\/commode-depoque-regence-par-etienne-doirat\/\"},\"author\":{\"name\":\"C\u00e9line Autant\",\"@id\":\"https:\/\/www.proantic.com\/magazine\/#\/schema\/person\/932db14f53d245f4acce86a3fe906582\"},\"headline\":\"Commode d\u2019\u00e9poque R\u00e9gence par Etienne Doirat\",\"datePublished\":\"2025-05-01T09:29:59+00:00\",\"dateModified\":\"2026-01-06T10:10:04+00:00\",\"mainEntityOfPage\":{\"@id\":\"https:\/\/www.proantic.com\/magazine\/commode-depoque-regence-par-etienne-doirat\/\"},\"wordCount\":461,\"image\":{\"@id\":\"https:\/\/www.proantic.com\/magazine\/commode-depoque-regence-par-etienne-doirat\/#primaryimage\"},\"thumbnailUrl\":\"https:\/\/i0.wp.com\/www.proantic.com\/magazine\/wp-content\/uploads\/2025\/05\/1535397-main-680a5c5e8b59e.jpg?fit=1200%2C800&ssl=1\",\"articleSection\":[\"Arts d\u00e9coratifs sur Proantic\"],\"inLanguage\":\"fr-FR\"},{\"@type\":\"WebPage\",\"@id\":\"https:\/\/www.proantic.com\/magazine\/commode-depoque-regence-par-etienne-doirat\/\",\"url\":\"https:\/\/www.proantic.com\/magazine\/commode-depoque-regence-par-etienne-doirat\/\",\"name\":\"Commode d\u2019\u00e9poque R\u00e9gence par Etienne Doirat Le Magazine de Proantic\",\"isPartOf\":{\"@id\":\"https:\/\/www.proantic.com\/magazine\/#website\"},\"primaryImageOfPage\":{\"@id\":\"https:\/\/www.proantic.com\/magazine\/commode-depoque-regence-par-etienne-doirat\/#primaryimage\"},\"image\":{\"@id\":\"https:\/\/www.proantic.com\/magazine\/commode-depoque-regence-par-etienne-doirat\/#primaryimage\"},\"thumbnailUrl\":\"https:\/\/i0.wp.com\/www.proantic.com\/magazine\/wp-content\/uploads\/2025\/05\/1535397-main-680a5c5e8b59e.jpg?fit=1200%2C800&ssl=1\",\"datePublished\":\"2025-05-01T09:29:59+00:00\",\"dateModified\":\"2026-01-06T10:10:04+00:00\",\"author\":{\"@id\":\"https:\/\/www.proantic.com\/magazine\/#\/schema\/person\/932db14f53d245f4acce86a3fe906582\"},\"description\":\"Commode en \u00ab tombeau \u00bb galb\u00e9e en fa\u00e7ade et sur les c\u00f4t\u00e9s, en placage d'amarante dispos\u00e9 en feuilles dans les encadrements. Elle ouvre par quatre tiroirs\",\"breadcrumb\":{\"@id\":\"https:\/\/www.proantic.com\/magazine\/commode-depoque-regence-par-etienne-doirat\/#breadcrumb\"},\"inLanguage\":\"fr-FR\",\"potentialAction\":[{\"@type\":\"ReadAction\",\"target\":[\"https:\/\/www.proantic.com\/magazine\/commode-depoque-regence-par-etienne-doirat\/\"]}]},{\"@type\":\"ImageObject\",\"inLanguage\":\"fr-FR\",\"@id\":\"https:\/\/www.proantic.com\/magazine\/commode-depoque-regence-par-etienne-doirat\/#primaryimage\",\"url\":\"https:\/\/i0.wp.com\/www.proantic.com\/magazine\/wp-content\/uploads\/2025\/05\/1535397-main-680a5c5e8b59e.jpg?fit=1200%2C800&ssl=1\",\"contentUrl\":\"https:\/\/i0.wp.com\/www.proantic.com\/magazine\/wp-content\/uploads\/2025\/05\/1535397-main-680a5c5e8b59e.jpg?fit=1200%2C800&ssl=1\",\"width\":1200,\"height\":800},{\"@type\":\"BreadcrumbList\",\"@id\":\"https:\/\/www.proantic.com\/magazine\/commode-depoque-regence-par-etienne-doirat\/#breadcrumb\",\"itemListElement\":[{\"@type\":\"ListItem\",\"position\":1,\"name\":\"Accueil\",\"item\":\"https:\/\/www.proantic.com\/magazine\/\"},{\"@type\":\"ListItem\",\"position\":2,\"name\":\"Commode d\u2019\u00e9poque R\u00e9gence par Etienne Doirat\"}]},{\"@type\":\"WebSite\",\"@id\":\"https:\/\/www.proantic.com\/magazine\/#website\",\"url\":\"https:\/\/www.proantic.com\/magazine\/\",\"name\":\"Le Magazine de Proantic\",\"description\":\"Magazine d&#039;art et expositions\",\"potentialAction\":[{\"@type\":\"SearchAction\",\"target\":{\"@type\":\"EntryPoint\",\"urlTemplate\":\"https:\/\/www.proantic.com\/magazine\/?s={search_term_string}\"},\"query-input\":{\"@type\":\"PropertyValueSpecification\",\"valueRequired\":true,\"valueName\":\"search_term_string\"}}],\"inLanguage\":\"fr-FR\"},{\"@type\":\"Person\",\"@id\":\"https:\/\/www.proantic.com\/magazine\/#\/schema\/person\/932db14f53d245f4acce86a3fe906582\",\"name\":\"C\u00e9line Autant\"}]}<\/script>\n<!-- \/ Yoast SEO plugin. -->","yoast_head_json":{"title":"Commode d\u2019\u00e9poque R\u00e9gence par Etienne Doirat Le Magazine de Proantic","description":"Commode en \u00ab tombeau \u00bb galb\u00e9e en fa\u00e7ade et sur les c\u00f4t\u00e9s, en placage d'amarante dispos\u00e9 en feuilles dans les encadrements. Elle ouvre par quatre tiroirs","robots":{"index":"index","follow":"follow","max-snippet":"max-snippet:-1","max-image-preview":"max-image-preview:large","max-video-preview":"max-video-preview:-1"},"canonical":"https:\/\/www.proantic.com\/magazine\/commode-depoque-regence-par-etienne-doirat\/","og_locale":"fr_FR","og_type":"article","og_title":"Commode d\u2019\u00e9poque R\u00e9gence par Etienne Doirat Le Magazine de Proantic","og_description":"Commode en \u00ab tombeau \u00bb galb\u00e9e en fa\u00e7ade et sur les c\u00f4t\u00e9s, en placage d'amarante dispos\u00e9 en feuilles dans les encadrements. Elle ouvre par quatre tiroirs","og_url":"https:\/\/www.proantic.com\/magazine\/commode-depoque-regence-par-etienne-doirat\/","og_site_name":"Le Magazine de Proantic","article_publisher":"https:\/\/www.facebook.com\/pages\/Proantic\/\/259180871793","article_published_time":"2025-05-01T09:29:59+00:00","article_modified_time":"2026-01-06T10:10:04+00:00","og_image":[{"width":1200,"height":800,"url":"https:\/\/www.proantic.com\/magazine\/wp-content\/uploads\/2025\/05\/1535397-main-680a5c5e8b59e.jpg","type":"image\/jpeg"}],"author":"C\u00e9line Autant","twitter_misc":{"\u00c9crit par":"C\u00e9line Autant","Dur\u00e9e de lecture estim\u00e9e":"3 minutes"},"schema":{"@context":"https:\/\/schema.org","@graph":[{"@type":"Article","@id":"https:\/\/www.proantic.com\/magazine\/commode-depoque-regence-par-etienne-doirat\/#article","isPartOf":{"@id":"https:\/\/www.proantic.com\/magazine\/commode-depoque-regence-par-etienne-doirat\/"},"author":{"name":"C\u00e9line Autant","@id":"https:\/\/www.proantic.com\/magazine\/#\/schema\/person\/932db14f53d245f4acce86a3fe906582"},"headline":"Commode d\u2019\u00e9poque R\u00e9gence par Etienne Doirat","datePublished":"2025-05-01T09:29:59+00:00","dateModified":"2026-01-06T10:10:04+00:00","mainEntityOfPage":{"@id":"https:\/\/www.proantic.com\/magazine\/commode-depoque-regence-par-etienne-doirat\/"},"wordCount":461,"image":{"@id":"https:\/\/www.proantic.com\/magazine\/commode-depoque-regence-par-etienne-doirat\/#primaryimage"},"thumbnailUrl":"https:\/\/i0.wp.com\/www.proantic.com\/magazine\/wp-content\/uploads\/2025\/05\/1535397-main-680a5c5e8b59e.jpg?fit=1200%2C800&ssl=1","articleSection":["Arts d\u00e9coratifs sur Proantic"],"inLanguage":"fr-FR"},{"@type":"WebPage","@id":"https:\/\/www.proantic.com\/magazine\/commode-depoque-regence-par-etienne-doirat\/","url":"https:\/\/www.proantic.com\/magazine\/commode-depoque-regence-par-etienne-doirat\/","name":"Commode d\u2019\u00e9poque R\u00e9gence par Etienne Doirat Le Magazine de Proantic","isPartOf":{"@id":"https:\/\/www.proantic.com\/magazine\/#website"},"primaryImageOfPage":{"@id":"https:\/\/www.proantic.com\/magazine\/commode-depoque-regence-par-etienne-doirat\/#primaryimage"},"image":{"@id":"https:\/\/www.proantic.com\/magazine\/commode-depoque-regence-par-etienne-doirat\/#primaryimage"},"thumbnailUrl":"https:\/\/i0.wp.com\/www.proantic.com\/magazine\/wp-content\/uploads\/2025\/05\/1535397-main-680a5c5e8b59e.jpg?fit=1200%2C800&ssl=1","datePublished":"2025-05-01T09:29:59+00:00","dateModified":"2026-01-06T10:10:04+00:00","author":{"@id":"https:\/\/www.proantic.com\/magazine\/#\/schema\/person\/932db14f53d245f4acce86a3fe906582"},"description":"Commode en \u00ab tombeau \u00bb galb\u00e9e en fa\u00e7ade et sur les c\u00f4t\u00e9s, en placage d'amarante dispos\u00e9 en feuilles dans les encadrements. Elle ouvre par quatre tiroirs","breadcrumb":{"@id":"https:\/\/www.proantic.com\/magazine\/commode-depoque-regence-par-etienne-doirat\/#breadcrumb"},"inLanguage":"fr-FR","potentialAction":[{"@type":"ReadAction","target":["https:\/\/www.proantic.com\/magazine\/commode-depoque-regence-par-etienne-doirat\/"]}]},{"@type":"ImageObject","inLanguage":"fr-FR","@id":"https:\/\/www.proantic.com\/magazine\/commode-depoque-regence-par-etienne-doirat\/#primaryimage","url":"https:\/\/i0.wp.com\/www.proantic.com\/magazine\/wp-content\/uploads\/2025\/05\/1535397-main-680a5c5e8b59e.jpg?fit=1200%2C800&ssl=1","contentUrl":"https:\/\/i0.wp.com\/www.proantic.com\/magazine\/wp-content\/uploads\/2025\/05\/1535397-main-680a5c5e8b59e.jpg?fit=1200%2C800&ssl=1","width":1200,"height":800},{"@type":"BreadcrumbList","@id":"https:\/\/www.proantic.com\/magazine\/commode-depoque-regence-par-etienne-doirat\/#breadcrumb","itemListElement":[{"@type":"ListItem","position":1,"name":"Accueil","item":"https:\/\/www.proantic.com\/magazine\/"},{"@type":"ListItem","position":2,"name":"Commode d\u2019\u00e9poque R\u00e9gence par Etienne Doirat"}]},{"@type":"WebSite","@id":"https:\/\/www.proantic.com\/magazine\/#website","url":"https:\/\/www.proantic.com\/magazine\/","name":"Le Magazine de Proantic","description":"Magazine d&#039;art et expositions","potentialAction":[{"@type":"SearchAction","target":{"@type":"EntryPoint","urlTemplate":"https:\/\/www.proantic.com\/magazine\/?s={search_term_string}"},"query-input":{"@type":"PropertyValueSpecification","valueRequired":true,"valueName":"search_term_string"}}],"inLanguage":"fr-FR"},{"@type":"Person","@id":"https:\/\/www.proantic.com\/magazine\/#\/schema\/person\/932db14f53d245f4acce86a3fe906582","name":"C\u00e9line Autant"}]}},"jetpack_publicize_connections":[],"jetpack_featured_media_url":"https:\/\/i0.wp.com\/www.proantic.com\/magazine\/wp-content\/uploads\/2025\/05\/1535397-main-680a5c5e8b59e.jpg?fit=1200%2C800&ssl=1","jetpack_shortlink":"https:\/\/wp.me\/p7EkP3-4A0","jetpack_sharing_enabled":true,"_links":{"self":[{"href":"https:\/\/www.proantic.com\/magazine\/wp-json\/wp\/v2\/posts\/17608","targetHints":{"allow":["GET"]}}],"collection":[{"href":"https:\/\/www.proantic.com\/magazine\/wp-json\/wp\/v2\/posts"}],"about":[{"href":"https:\/\/www.proantic.com\/magazine\/wp-json\/wp\/v2\/types\/post"}],"author":[{"embeddable":true,"href":"https:\/\/www.proantic.com\/magazine\/wp-json\/wp\/v2\/users\/6"}],"replies":[{"embeddable":true,"href":"https:\/\/www.proantic.com\/magazine\/wp-json\/wp\/v2\/comments?post=17608"}],"version-history":[{"count":1,"href":"https:\/\/www.proantic.com\/magazine\/wp-json\/wp\/v2\/posts\/17608\/revisions"}],"predecessor-version":[{"id":17613,"href":"https:\/\/www.proantic.com\/magazine\/wp-json\/wp\/v2\/posts\/17608\/revisions\/17613"}],"wp:featuredmedia":[{"embeddable":true,"href":"https:\/\/www.proantic.com\/magazine\/wp-json\/wp\/v2\/media\/17609"}],"wp:attachment":[{"href":"https:\/\/www.proantic.com\/magazine\/wp-json\/wp\/v2\/media?parent=17608"}],"wp:term":[{"taxonomy":"category","embeddable":true,"href":"https:\/\/www.proantic.com\/magazine\/wp-json\/wp\/v2\/categories?post=17608"},{"taxonomy":"post_tag","embeddable":true,"href":"https:\/\/www.proantic.com\/magazine\/wp-json\/wp\/v2\/tags?post=17608"}],"curies":[{"name":"wp","href":"https:\/\/api.w.org\/{rel}","templated":true}]}}