{"id":1756,"date":"2014-06-27T09:03:22","date_gmt":"2014-06-27T08:03:22","guid":{"rendered":"http:\/\/www.proantic.com\/magazine\/?p=1756"},"modified":"2017-01-04T10:02:06","modified_gmt":"2017-01-04T09:02:06","slug":"prix-lilianne-bettencourt-2014","status":"publish","type":"post","link":"https:\/\/www.proantic.com\/magazine\/prix-lilianne-bettencourt-2014\/","title":{"rendered":"Prix Lilianne Bettencourt 2014"},"content":{"rendered":"<p style=\"text-align: justify;\"><strong>\u00c0 l\u2019occasion de la 15\u00e8me \u00e9dition du Prix Liliane Bettencourt pour l\u2019intelligence de la main, la Fondation Bettencourt Schueller amplifie son engagement en faveur des m\u00e9tiers d\u2019art.<\/strong> Ayant \u00e0 c\u0153ur de permettre \u00e0 ses laur\u00e9ats d\u2019aller plus loin, elle ajoute d\u00e9sormais \u00e0 la dotation du prix un accompagnement pour la mise en \u0153uvre de leurs projets.<\/p>\n<p style=\"text-align: justify;\">Elle cr\u00e9\u00e9e \u00e9galement une nouvelle r\u00e9compense : au-del\u00e0 de Talents d\u2019exception qui r\u00e9compense l\u2019excellence de l\u2019\u0153uvre d\u2019un professionnel des m\u00e9tiers d\u2019art, et de Dialogues qui consacre la coop\u00e9ration d\u2019un professionnel des m\u00e9tiers d\u2019art et d\u2019un cr\u00e9ateur, la troisi\u00e8me r\u00e9compense, Parcours, met en lumi\u00e8re et encourage une personnalit\u00e9 exemplaire pour son engagement et ses projets pour le secteur des m\u00e9tiers d\u2019art.<\/p>\n<figure id=\"attachment_1757\" aria-describedby=\"caption-attachment-1757\" style=\"width: 665px\" class=\"wp-caption aligncenter\"><a href=\"https:\/\/i0.wp.com\/www.proantic.com\/magazine\/wp-content\/uploads\/2014\/06\/jfkdl.jpg\"><img data-recalc-dims=\"1\" loading=\"lazy\" decoding=\"async\" data-attachment-id=\"1757\" data-permalink=\"https:\/\/www.proantic.com\/magazine\/prix-lilianne-bettencourt-2014\/jfkdl\/\" data-orig-file=\"https:\/\/i0.wp.com\/www.proantic.com\/magazine\/wp-content\/uploads\/2014\/06\/jfkdl.jpg?fit=665%2C435&amp;ssl=1\" data-orig-size=\"665,435\" data-comments-opened=\"1\" data-image-meta=\"{&quot;aperture&quot;:&quot;0&quot;,&quot;credit&quot;:&quot;Celine&quot;,&quot;camera&quot;:&quot;&quot;,&quot;caption&quot;:&quot;&quot;,&quot;created_timestamp&quot;:&quot;1403783237&quot;,&quot;copyright&quot;:&quot;&quot;,&quot;focal_length&quot;:&quot;0&quot;,&quot;iso&quot;:&quot;0&quot;,&quot;shutter_speed&quot;:&quot;0&quot;,&quot;title&quot;:&quot;&quot;}\" data-image-title=\"Nathana\u00ebl Le Berre \u00ab\u00a0L&amp;rsquo;infini\u00a0\u00bb,\" data-image-description=\"\" data-image-caption=\"&lt;p&gt;Nathana\u00ebl Le Berre&lt;br \/&gt;\n\u00ab\u00a0L&amp;rsquo;infini\u00a0\u00bb,&lt;br \/&gt;\nLaiton, nitrate de cuivre, noir de fum\u00e9e, brasure d&amp;rsquo;argent, cire \/ L.51 x l.40 x H.23 cm&lt;\/p&gt;\n\" data-medium-file=\"https:\/\/i0.wp.com\/www.proantic.com\/magazine\/wp-content\/uploads\/2014\/06\/jfkdl.jpg?fit=300%2C196&amp;ssl=1\" data-large-file=\"https:\/\/i0.wp.com\/www.proantic.com\/magazine\/wp-content\/uploads\/2014\/06\/jfkdl.jpg?fit=665%2C435&amp;ssl=1\" class=\"size-full wp-image-1757\" src=\"https:\/\/i0.wp.com\/www.proantic.com\/magazine\/wp-content\/uploads\/2014\/06\/jfkdl.jpg?resize=665%2C435\" alt=\"Nathana\u00ebl Le Berre &quot;L'infini&quot;,\" width=\"665\" height=\"435\" srcset=\"https:\/\/i0.wp.com\/www.proantic.com\/magazine\/wp-content\/uploads\/2014\/06\/jfkdl.jpg?w=665&amp;ssl=1 665w, https:\/\/i0.wp.com\/www.proantic.com\/magazine\/wp-content\/uploads\/2014\/06\/jfkdl.jpg?resize=300%2C196&amp;ssl=1 300w, https:\/\/i0.wp.com\/www.proantic.com\/magazine\/wp-content\/uploads\/2014\/06\/jfkdl.jpg?resize=620%2C405&amp;ssl=1 620w, https:\/\/i0.wp.com\/www.proantic.com\/magazine\/wp-content\/uploads\/2014\/06\/jfkdl.jpg?resize=230%2C150&amp;ssl=1 230w\" sizes=\"auto, (max-width: 665px) 100vw, 665px\" \/><\/a><figcaption id=\"caption-attachment-1757\" class=\"wp-caption-text\">Nathana\u00ebl Le Berre<br \/>\u00ab\u00a0L&rsquo;infini\u00a0\u00bb,<br \/>Laiton, nitrate de cuivre, noir de fum\u00e9e, brasure d&rsquo;argent, cire \/ L.51 x l.40 x H.23 cm<\/figcaption><\/figure>\n<p style=\"text-align: justify;\">La Fondation est heureuse d\u2019annoncer les laur\u00e9ats 2014 choisis par le jury r\u00e9uni le mardi 17 juin.<\/p>\n<p>Le Prix <strong>Liliane Bettencourt<\/strong> pour l\u2019intelligence de la main &#8211; Talents d\u2019exception 2014 est attribu\u00e9 \u00e0 <strong>Nathana\u00ebl Le Berre<\/strong>, dinandier, pour son \u0153uvre \u00ab<strong> L\u2019infini<\/strong> \u00bb (2013).<\/p>\n<p style=\"text-align: justify;\"><span style=\"color: #000000;\">N<\/span>athana\u00ebl Le Berre, doublement dipl\u00f4m\u00e9 des m\u00e9tiers d\u2019art en vitrail et sculpture sur m\u00e9tal, a con\u00e7u sa pi\u00e8ce \u00ab L\u2019infini \u00bb, d&rsquo;une seule feuille de m\u00e9tal d\u00e9ploy\u00e9e dans les trois dimensions.<\/p>\n<p><span style=\"color: #000000;\">L<\/span>a composition de l&rsquo;\u0153uvre est le r\u00e9sultat du balayage \u00e0 360 degr\u00e9s d&rsquo;un profil en forme de C sur un axe vertical imaginaire. Son d\u00e9cor est rythm\u00e9 par deux traitements de surface : l&rsquo;un noir et brillant \u00e0 l&rsquo;ext\u00e9rieur, l&rsquo;autre couleur or et poli \u00e0 l&rsquo;int\u00e9rieur.<\/p>\n<figure id=\"attachment_1758\" aria-describedby=\"caption-attachment-1758\" style=\"width: 682px\" class=\"wp-caption aligncenter\"><a href=\"https:\/\/i0.wp.com\/www.proantic.com\/magazine\/wp-content\/uploads\/2014\/06\/aqlmlp.jpg\"><img data-recalc-dims=\"1\" loading=\"lazy\" decoding=\"async\" data-attachment-id=\"1758\" data-permalink=\"https:\/\/www.proantic.com\/magazine\/prix-lilianne-bettencourt-2014\/aqlmlp\/\" data-orig-file=\"https:\/\/i0.wp.com\/www.proantic.com\/magazine\/wp-content\/uploads\/2014\/06\/aqlmlp.jpg?fit=682%2C460&amp;ssl=1\" data-orig-size=\"682,460\" data-comments-opened=\"1\" data-image-meta=\"{&quot;aperture&quot;:&quot;0&quot;,&quot;credit&quot;:&quot;Celine&quot;,&quot;camera&quot;:&quot;&quot;,&quot;caption&quot;:&quot;&quot;,&quot;created_timestamp&quot;:&quot;1403783847&quot;,&quot;copyright&quot;:&quot;&quot;,&quot;focal_length&quot;:&quot;0&quot;,&quot;iso&quot;:&quot;0&quot;,&quot;shutter_speed&quot;:&quot;0&quot;,&quot;title&quot;:&quot;&quot;}\" data-image-title=\"Nathana\u00ebl Le Berre \u00ab\u00a0L&amp;rsquo;infini\u00a0\u00bb\" data-image-description=\"\" data-image-caption=\"&lt;p&gt;Nathana\u00ebl Le Berre&lt;br \/&gt;\n\u00ab\u00a0L&amp;rsquo;infini\u00a0\u00bb,&lt;br \/&gt;\nLaiton, nitrate de cuivre, noir de fum\u00e9e, brasure d&amp;rsquo;argent, cire \/ L.51 x l.40 x H.23 cm&lt;\/p&gt;\n\" data-medium-file=\"https:\/\/i0.wp.com\/www.proantic.com\/magazine\/wp-content\/uploads\/2014\/06\/aqlmlp.jpg?fit=300%2C202&amp;ssl=1\" data-large-file=\"https:\/\/i0.wp.com\/www.proantic.com\/magazine\/wp-content\/uploads\/2014\/06\/aqlmlp.jpg?fit=665%2C449&amp;ssl=1\" class=\"size-full wp-image-1758\" src=\"https:\/\/i0.wp.com\/www.proantic.com\/magazine\/wp-content\/uploads\/2014\/06\/aqlmlp.jpg?resize=665%2C449\" alt=\"Nathana\u00ebl Le Berre &quot;L'infini&quot;\" width=\"665\" height=\"449\" srcset=\"https:\/\/i0.wp.com\/www.proantic.com\/magazine\/wp-content\/uploads\/2014\/06\/aqlmlp.jpg?w=682&amp;ssl=1 682w, https:\/\/i0.wp.com\/www.proantic.com\/magazine\/wp-content\/uploads\/2014\/06\/aqlmlp.jpg?resize=300%2C202&amp;ssl=1 300w, https:\/\/i0.wp.com\/www.proantic.com\/magazine\/wp-content\/uploads\/2014\/06\/aqlmlp.jpg?resize=620%2C418&amp;ssl=1 620w\" sizes=\"auto, (max-width: 665px) 100vw, 665px\" \/><\/a><figcaption id=\"caption-attachment-1758\" class=\"wp-caption-text\">Nathana\u00ebl Le Berre<br \/>\u00ab\u00a0L&rsquo;infini\u00a0\u00bb,<br \/>Laiton, nitrate de cuivre, noir de fum\u00e9e, brasure d&rsquo;argent, cire \/ L.51 x l.40 x H.23 cm<\/figcaption><\/figure>\n<p style=\"text-align: justify;\"><span style=\"color: #ff0000;\">S<\/span>a d\u00e9marche artistique a pour fondement le questionnement d&rsquo;une technique au service des arts d\u00e9coratifs. Ses sculptures sont l&rsquo;expression de sa r\u00e9flexion sur la forme, sur les passages de courbes, avec des tensions, des surfaces, des pleins et des vides. Il souhaite explorer une grammaire de model\u00e9s issue de l\u2019observation du corps humain et des formes pr\u00e9sentes dans la nature et les assemble pour composer ses \u0153uvres.<\/p>\n<p>&nbsp;<\/p>\n","protected":false},"excerpt":{"rendered":"<p>Le Prix Liliane Bettencourt pour l\u2019intelligence de la main &#8211; Talents d\u2019exception 2014 est attribu\u00e9 \u00e0 Nathana\u00ebl Le Berre, dinandier, pour son \u0153uvre \u00ab L\u2019infini \u00bb <\/p>\n","protected":false},"author":6,"featured_media":1759,"comment_status":"closed","ping_status":"open","sticky":false,"template":"","format":"standard","meta":{"jetpack_post_was_ever_published":false,"_jetpack_newsletter_access":"","_jetpack_dont_email_post_to_subs":true,"_jetpack_newsletter_tier_id":0,"_jetpack_memberships_contains_paywalled_content":false,"_jetpack_memberships_contains_paid_content":false,"footnotes":"","jetpack_publicize_message":"","jetpack_publicize_feature_enabled":true,"jetpack_social_post_already_shared":true,"jetpack_social_options":{"image_generator_settings":{"template":"highway","default_image_id":0,"font":"","enabled":false},"version":2}},"categories":[297],"tags":[],"class_list":["post-1756","post","type-post","status-publish","format-standard","has-post-thumbnail","hentry","category-instantanes"],"yoast_head":"<!-- This site is optimized with the Yoast SEO plugin v26.9 - https:\/\/yoast.com\/product\/yoast-seo-wordpress\/ -->\n<title>Prix Lilianne Bettencourt 2014 Le Magazine de Proantic<\/title>\n<meta name=\"description\" content=\"Le Prix Liliane Bettencourt pour l\u2019intelligence de la main - Talents d\u2019exception 2014 est attribu\u00e9 \u00e0 Nathana\u00ebl Le Berre, dinandier, pour son \u0153uvre \u00ab L\u2019infini \u00bb\" \/>\n<meta name=\"robots\" content=\"index, follow, max-snippet:-1, max-image-preview:large, max-video-preview:-1\" \/>\n<link rel=\"canonical\" href=\"https:\/\/www.proantic.com\/magazine\/prix-lilianne-bettencourt-2014\/\" \/>\n<meta property=\"og:locale\" content=\"fr_FR\" \/>\n<meta property=\"og:type\" content=\"article\" \/>\n<meta property=\"og:title\" content=\"Prix Lilianne Bettencourt 2014 Le Magazine de Proantic\" \/>\n<meta property=\"og:description\" content=\"Le Prix Liliane Bettencourt pour l\u2019intelligence de la main - Talents d\u2019exception 2014 est attribu\u00e9 \u00e0 Nathana\u00ebl Le Berre, dinandier, pour son \u0153uvre \u00ab L\u2019infini \u00bb\" \/>\n<meta property=\"og:url\" content=\"https:\/\/www.proantic.com\/magazine\/prix-lilianne-bettencourt-2014\/\" \/>\n<meta property=\"og:site_name\" content=\"Le Magazine de Proantic\" \/>\n<meta property=\"article:publisher\" content=\"https:\/\/www.facebook.com\/pages\/Proantic\/\/259180871793\" \/>\n<meta property=\"article:published_time\" content=\"2014-06-27T08:03:22+00:00\" \/>\n<meta property=\"article:modified_time\" content=\"2017-01-04T09:02:06+00:00\" \/>\n<meta property=\"og:image\" content=\"https:\/\/i0.wp.com\/www.proantic.com\/magazine\/wp-content\/uploads\/2014\/06\/djsklo.jpg?fit=664%2C457&ssl=1\" \/>\n\t<meta property=\"og:image:width\" content=\"664\" \/>\n\t<meta property=\"og:image:height\" content=\"457\" \/>\n\t<meta property=\"og:image:type\" content=\"image\/jpeg\" \/>\n<meta name=\"author\" content=\"C\u00e9line Autant\" \/>\n<meta name=\"twitter:label1\" content=\"\u00c9crit par\" \/>\n\t<meta name=\"twitter:data1\" content=\"C\u00e9line Autant\" \/>\n\t<meta name=\"twitter:label2\" content=\"Dur\u00e9e de lecture estim\u00e9e\" \/>\n\t<meta name=\"twitter:data2\" content=\"2 minutes\" \/>\n<script type=\"application\/ld+json\" class=\"yoast-schema-graph\">{\"@context\":\"https:\/\/schema.org\",\"@graph\":[{\"@type\":\"Article\",\"@id\":\"https:\/\/www.proantic.com\/magazine\/prix-lilianne-bettencourt-2014\/#article\",\"isPartOf\":{\"@id\":\"https:\/\/www.proantic.com\/magazine\/prix-lilianne-bettencourt-2014\/\"},\"author\":{\"name\":\"C\u00e9line Autant\",\"@id\":\"https:\/\/www.proantic.com\/magazine\/#\/schema\/person\/63707e8f4e7d0172de7ddde897688be0\"},\"headline\":\"Prix Lilianne Bettencourt 2014\",\"datePublished\":\"2014-06-27T08:03:22+00:00\",\"dateModified\":\"2017-01-04T09:02:06+00:00\",\"mainEntityOfPage\":{\"@id\":\"https:\/\/www.proantic.com\/magazine\/prix-lilianne-bettencourt-2014\/\"},\"wordCount\":417,\"image\":{\"@id\":\"https:\/\/www.proantic.com\/magazine\/prix-lilianne-bettencourt-2014\/#primaryimage\"},\"thumbnailUrl\":\"https:\/\/i0.wp.com\/www.proantic.com\/magazine\/wp-content\/uploads\/2014\/06\/djsklo.jpg?fit=664%2C457&ssl=1\",\"articleSection\":[\"Actualit\u00e9s du march\u00e9 de l'art\"],\"inLanguage\":\"fr-FR\"},{\"@type\":\"WebPage\",\"@id\":\"https:\/\/www.proantic.com\/magazine\/prix-lilianne-bettencourt-2014\/\",\"url\":\"https:\/\/www.proantic.com\/magazine\/prix-lilianne-bettencourt-2014\/\",\"name\":\"Prix Lilianne Bettencourt 2014 Le Magazine de Proantic\",\"isPartOf\":{\"@id\":\"https:\/\/www.proantic.com\/magazine\/#website\"},\"primaryImageOfPage\":{\"@id\":\"https:\/\/www.proantic.com\/magazine\/prix-lilianne-bettencourt-2014\/#primaryimage\"},\"image\":{\"@id\":\"https:\/\/www.proantic.com\/magazine\/prix-lilianne-bettencourt-2014\/#primaryimage\"},\"thumbnailUrl\":\"https:\/\/i0.wp.com\/www.proantic.com\/magazine\/wp-content\/uploads\/2014\/06\/djsklo.jpg?fit=664%2C457&ssl=1\",\"datePublished\":\"2014-06-27T08:03:22+00:00\",\"dateModified\":\"2017-01-04T09:02:06+00:00\",\"author\":{\"@id\":\"https:\/\/www.proantic.com\/magazine\/#\/schema\/person\/63707e8f4e7d0172de7ddde897688be0\"},\"description\":\"Le Prix Liliane Bettencourt pour l\u2019intelligence de la main - Talents d\u2019exception 2014 est attribu\u00e9 \u00e0 Nathana\u00ebl Le Berre, dinandier, pour son \u0153uvre \u00ab L\u2019infini \u00bb\",\"breadcrumb\":{\"@id\":\"https:\/\/www.proantic.com\/magazine\/prix-lilianne-bettencourt-2014\/#breadcrumb\"},\"inLanguage\":\"fr-FR\",\"potentialAction\":[{\"@type\":\"ReadAction\",\"target\":[\"https:\/\/www.proantic.com\/magazine\/prix-lilianne-bettencourt-2014\/\"]}]},{\"@type\":\"ImageObject\",\"inLanguage\":\"fr-FR\",\"@id\":\"https:\/\/www.proantic.com\/magazine\/prix-lilianne-bettencourt-2014\/#primaryimage\",\"url\":\"https:\/\/i0.wp.com\/www.proantic.com\/magazine\/wp-content\/uploads\/2014\/06\/djsklo.jpg?fit=664%2C457&ssl=1\",\"contentUrl\":\"https:\/\/i0.wp.com\/www.proantic.com\/magazine\/wp-content\/uploads\/2014\/06\/djsklo.jpg?fit=664%2C457&ssl=1\",\"width\":664,\"height\":457},{\"@type\":\"BreadcrumbList\",\"@id\":\"https:\/\/www.proantic.com\/magazine\/prix-lilianne-bettencourt-2014\/#breadcrumb\",\"itemListElement\":[{\"@type\":\"ListItem\",\"position\":1,\"name\":\"Accueil\",\"item\":\"https:\/\/www.proantic.com\/magazine\/\"},{\"@type\":\"ListItem\",\"position\":2,\"name\":\"Prix Lilianne Bettencourt 2014\"}]},{\"@type\":\"WebSite\",\"@id\":\"https:\/\/www.proantic.com\/magazine\/#website\",\"url\":\"https:\/\/www.proantic.com\/magazine\/\",\"name\":\"Le Magazine de Proantic\",\"description\":\"Magazine d&#039;art et expositions\",\"potentialAction\":[{\"@type\":\"SearchAction\",\"target\":{\"@type\":\"EntryPoint\",\"urlTemplate\":\"https:\/\/www.proantic.com\/magazine\/?s={search_term_string}\"},\"query-input\":{\"@type\":\"PropertyValueSpecification\",\"valueRequired\":true,\"valueName\":\"search_term_string\"}}],\"inLanguage\":\"fr-FR\"},{\"@type\":\"Person\",\"@id\":\"https:\/\/www.proantic.com\/magazine\/#\/schema\/person\/63707e8f4e7d0172de7ddde897688be0\",\"name\":\"C\u00e9line Autant\"}]}<\/script>\n<!-- \/ Yoast SEO plugin. -->","yoast_head_json":{"title":"Prix Lilianne Bettencourt 2014 Le Magazine de Proantic","description":"Le Prix Liliane Bettencourt pour l\u2019intelligence de la main - Talents d\u2019exception 2014 est attribu\u00e9 \u00e0 Nathana\u00ebl Le Berre, dinandier, pour son \u0153uvre \u00ab L\u2019infini \u00bb","robots":{"index":"index","follow":"follow","max-snippet":"max-snippet:-1","max-image-preview":"max-image-preview:large","max-video-preview":"max-video-preview:-1"},"canonical":"https:\/\/www.proantic.com\/magazine\/prix-lilianne-bettencourt-2014\/","og_locale":"fr_FR","og_type":"article","og_title":"Prix Lilianne Bettencourt 2014 Le Magazine de Proantic","og_description":"Le Prix Liliane Bettencourt pour l\u2019intelligence de la main - Talents d\u2019exception 2014 est attribu\u00e9 \u00e0 Nathana\u00ebl Le Berre, dinandier, pour son \u0153uvre \u00ab L\u2019infini \u00bb","og_url":"https:\/\/www.proantic.com\/magazine\/prix-lilianne-bettencourt-2014\/","og_site_name":"Le Magazine de Proantic","article_publisher":"https:\/\/www.facebook.com\/pages\/Proantic\/\/259180871793","article_published_time":"2014-06-27T08:03:22+00:00","article_modified_time":"2017-01-04T09:02:06+00:00","og_image":[{"width":664,"height":457,"url":"https:\/\/i0.wp.com\/www.proantic.com\/magazine\/wp-content\/uploads\/2014\/06\/djsklo.jpg?fit=664%2C457&ssl=1","type":"image\/jpeg"}],"author":"C\u00e9line Autant","twitter_misc":{"\u00c9crit par":"C\u00e9line Autant","Dur\u00e9e de lecture estim\u00e9e":"2 minutes"},"schema":{"@context":"https:\/\/schema.org","@graph":[{"@type":"Article","@id":"https:\/\/www.proantic.com\/magazine\/prix-lilianne-bettencourt-2014\/#article","isPartOf":{"@id":"https:\/\/www.proantic.com\/magazine\/prix-lilianne-bettencourt-2014\/"},"author":{"name":"C\u00e9line Autant","@id":"https:\/\/www.proantic.com\/magazine\/#\/schema\/person\/63707e8f4e7d0172de7ddde897688be0"},"headline":"Prix Lilianne Bettencourt 2014","datePublished":"2014-06-27T08:03:22+00:00","dateModified":"2017-01-04T09:02:06+00:00","mainEntityOfPage":{"@id":"https:\/\/www.proantic.com\/magazine\/prix-lilianne-bettencourt-2014\/"},"wordCount":417,"image":{"@id":"https:\/\/www.proantic.com\/magazine\/prix-lilianne-bettencourt-2014\/#primaryimage"},"thumbnailUrl":"https:\/\/i0.wp.com\/www.proantic.com\/magazine\/wp-content\/uploads\/2014\/06\/djsklo.jpg?fit=664%2C457&ssl=1","articleSection":["Actualit\u00e9s du march\u00e9 de l'art"],"inLanguage":"fr-FR"},{"@type":"WebPage","@id":"https:\/\/www.proantic.com\/magazine\/prix-lilianne-bettencourt-2014\/","url":"https:\/\/www.proantic.com\/magazine\/prix-lilianne-bettencourt-2014\/","name":"Prix Lilianne Bettencourt 2014 Le Magazine de Proantic","isPartOf":{"@id":"https:\/\/www.proantic.com\/magazine\/#website"},"primaryImageOfPage":{"@id":"https:\/\/www.proantic.com\/magazine\/prix-lilianne-bettencourt-2014\/#primaryimage"},"image":{"@id":"https:\/\/www.proantic.com\/magazine\/prix-lilianne-bettencourt-2014\/#primaryimage"},"thumbnailUrl":"https:\/\/i0.wp.com\/www.proantic.com\/magazine\/wp-content\/uploads\/2014\/06\/djsklo.jpg?fit=664%2C457&ssl=1","datePublished":"2014-06-27T08:03:22+00:00","dateModified":"2017-01-04T09:02:06+00:00","author":{"@id":"https:\/\/www.proantic.com\/magazine\/#\/schema\/person\/63707e8f4e7d0172de7ddde897688be0"},"description":"Le Prix Liliane Bettencourt pour l\u2019intelligence de la main - Talents d\u2019exception 2014 est attribu\u00e9 \u00e0 Nathana\u00ebl Le Berre, dinandier, pour son \u0153uvre \u00ab L\u2019infini \u00bb","breadcrumb":{"@id":"https:\/\/www.proantic.com\/magazine\/prix-lilianne-bettencourt-2014\/#breadcrumb"},"inLanguage":"fr-FR","potentialAction":[{"@type":"ReadAction","target":["https:\/\/www.proantic.com\/magazine\/prix-lilianne-bettencourt-2014\/"]}]},{"@type":"ImageObject","inLanguage":"fr-FR","@id":"https:\/\/www.proantic.com\/magazine\/prix-lilianne-bettencourt-2014\/#primaryimage","url":"https:\/\/i0.wp.com\/www.proantic.com\/magazine\/wp-content\/uploads\/2014\/06\/djsklo.jpg?fit=664%2C457&ssl=1","contentUrl":"https:\/\/i0.wp.com\/www.proantic.com\/magazine\/wp-content\/uploads\/2014\/06\/djsklo.jpg?fit=664%2C457&ssl=1","width":664,"height":457},{"@type":"BreadcrumbList","@id":"https:\/\/www.proantic.com\/magazine\/prix-lilianne-bettencourt-2014\/#breadcrumb","itemListElement":[{"@type":"ListItem","position":1,"name":"Accueil","item":"https:\/\/www.proantic.com\/magazine\/"},{"@type":"ListItem","position":2,"name":"Prix Lilianne Bettencourt 2014"}]},{"@type":"WebSite","@id":"https:\/\/www.proantic.com\/magazine\/#website","url":"https:\/\/www.proantic.com\/magazine\/","name":"Le Magazine de Proantic","description":"Magazine d&#039;art et expositions","potentialAction":[{"@type":"SearchAction","target":{"@type":"EntryPoint","urlTemplate":"https:\/\/www.proantic.com\/magazine\/?s={search_term_string}"},"query-input":{"@type":"PropertyValueSpecification","valueRequired":true,"valueName":"search_term_string"}}],"inLanguage":"fr-FR"},{"@type":"Person","@id":"https:\/\/www.proantic.com\/magazine\/#\/schema\/person\/63707e8f4e7d0172de7ddde897688be0","name":"C\u00e9line Autant"}]}},"jetpack_publicize_connections":[],"jetpack_featured_media_url":"https:\/\/i0.wp.com\/www.proantic.com\/magazine\/wp-content\/uploads\/2014\/06\/djsklo.jpg?fit=664%2C457&ssl=1","jetpack_shortlink":"https:\/\/wp.me\/p7EkP3-sk","jetpack_sharing_enabled":true,"_links":{"self":[{"href":"https:\/\/www.proantic.com\/magazine\/wp-json\/wp\/v2\/posts\/1756","targetHints":{"allow":["GET"]}}],"collection":[{"href":"https:\/\/www.proantic.com\/magazine\/wp-json\/wp\/v2\/posts"}],"about":[{"href":"https:\/\/www.proantic.com\/magazine\/wp-json\/wp\/v2\/types\/post"}],"author":[{"embeddable":true,"href":"https:\/\/www.proantic.com\/magazine\/wp-json\/wp\/v2\/users\/6"}],"replies":[{"embeddable":true,"href":"https:\/\/www.proantic.com\/magazine\/wp-json\/wp\/v2\/comments?post=1756"}],"version-history":[{"count":0,"href":"https:\/\/www.proantic.com\/magazine\/wp-json\/wp\/v2\/posts\/1756\/revisions"}],"wp:featuredmedia":[{"embeddable":true,"href":"https:\/\/www.proantic.com\/magazine\/wp-json\/wp\/v2\/media\/1759"}],"wp:attachment":[{"href":"https:\/\/www.proantic.com\/magazine\/wp-json\/wp\/v2\/media?parent=1756"}],"wp:term":[{"taxonomy":"category","embeddable":true,"href":"https:\/\/www.proantic.com\/magazine\/wp-json\/wp\/v2\/categories?post=1756"},{"taxonomy":"post_tag","embeddable":true,"href":"https:\/\/www.proantic.com\/magazine\/wp-json\/wp\/v2\/tags?post=1756"}],"curies":[{"name":"wp","href":"https:\/\/api.w.org\/{rel}","templated":true}]}}