{"id":17336,"date":"2025-01-08T13:46:26","date_gmt":"2025-01-08T12:46:26","guid":{"rendered":"https:\/\/www.proantic.com\/magazine\/?p=17336"},"modified":"2025-01-08T13:46:26","modified_gmt":"2025-01-08T12:46:26","slug":"la-tabatiere-choiseul-un-monument-du-xviiie-siecle","status":"publish","type":"post","link":"https:\/\/www.proantic.com\/magazine\/la-tabatiere-choiseul-un-monument-du-xviiie-siecle\/","title":{"rendered":"La tabati\u00e8re Choiseul: Un monument du XVIIIe si\u00e8cle"},"content":{"rendered":"\n<p><strong>Le 1er mars 2023, la tabati\u00e8re entre dans les collections du Louvre gr\u00e2ce \u00e0 la mobilisation populaire et au soutien de grands donateurs. <\/strong>Cette acquisition exceptionnelle a \u00e9t\u00e9 rendue possible gr\u00e2ce \u00e0 la mobilisation des 5 000 donateurs de la campagne \u00ab Tous M\u00e9c\u00e8nes ! \u00bb et au g\u00e9n\u00e9reux soutien de grands donateurs ainsi que des entreprises qui ont permis de rassembler la somme totale de 3,9 millions d\u2019euros n\u00e9cessaire \u00e0 cette acquisition.<\/p>\n\n\n\n<p>La tabati\u00e8re, dont la monture d\u2019or date de 1770-1771, est le fruit d\u2019une collaboration entre deux artistes,<strong>\u00a0<\/strong>Louis-Nicolas Van Blarenberghe, c\u00e9l\u00e8bre miniaturiste, et Louis Roucel, \u00ab orf\u00e8vre privil\u00e9gi\u00e9 du roi \u00bb. Elle est l\u2019un des objets du XVIIIe si\u00e8cle fran\u00e7ais les plus c\u00e9l\u00e8bres au monde. Elle doit sa r\u00e9putation \u00e0\u00a0<strong>ses <\/strong>miniatures qui repr\u00e9sentent le duc de Choiseul mis en sc\u00e8ne avec une extr\u00eame pr\u00e9cision dans ses activit\u00e9s quotidiennes de ministre.<\/p>\n\n\n\n<p>D\u2019abord ambassadeur de France aupr\u00e8s du Saint-Si\u00e8ge puis \u00e0 Vienne, le duc de Choiseul (1719-1785) assume \u00e0 partir de 1758 les plus hautes responsabilit\u00e9s gouvernementales. Il est ministre et secr\u00e9taire d\u2019\u00c9tat des Affaires \u00e9trang\u00e8res, de la Guerre et de la Marine, jusqu\u2019\u00e0 sa disgr\u00e2ce brutale en d\u00e9cembre 1770. Exil\u00e9 dans son ch\u00e2teau de Chanteloup, en Touraine, il ne fut autoris\u00e9 \u00e0 le quitter qu\u2019apr\u00e8s la mort de Louis XV, en 1774. La tabati\u00e8re date donc d\u2019une p\u00e9riode cruciale de la vie de Choiseul.<\/p>\n\n\n\n<p>Cette tabati\u00e8re, en ors de couleur, doubl\u00e9e de plaques de cristal, mesure 8 cm de longueur, sur 6 cm de largeur et 2,4 cm de hauteur. Sur ses six faces sont ins\u00e9r\u00e9es des miniatures \u00e0 la gouache d\u2019une finesse inou\u00efe. Quatre des vues principales repr\u00e9sentent diff\u00e9rentes pi\u00e8ces de l\u2019h\u00f4tel Choiseul, rue de Richelieu : la chambre bleue, la galerie des peintures, la chambre blanche et le cabinet octogone. Les deux autres vues \u00e9voquent, l\u2019une, le cabinet de travail du ministre \u00e0 Versailles, l\u2019autre la Grande Galerie du Louvre dans laquelle \u00e9tait rassembl\u00e9e la collection des plans-reliefs des places fortes fran\u00e7aises.<\/p>\n\n\n\n<p><strong>Editeur: <\/strong>Faton<\/p>\n\n\n\n<p><strong>Auteur:<\/strong> Bimbenet-Privat Mich\u00e8le<\/p>\n","protected":false},"excerpt":{"rendered":"<p>Le 1er mars 2023, la tabati\u00e8re entre dans les collections du Louvre gr\u00e2ce \u00e0 la mobilisation populaire et au soutien de grands donateurs. Cette acquisition exceptionnelle a \u00e9t\u00e9 rendue possible gr\u00e2ce \u00e0 la mobilisation des 5 000 donateurs de la campagne \u00ab Tous M\u00e9c\u00e8nes ! \u00bb et au g\u00e9n\u00e9reux soutien de grands donateurs ainsi que [&hellip;]<\/p>\n","protected":false},"author":6,"featured_media":17338,"comment_status":"closed","ping_status":"closed","sticky":false,"template":"","format":"standard","meta":{"jetpack_post_was_ever_published":false,"_jetpack_newsletter_access":"","_jetpack_dont_email_post_to_subs":false,"_jetpack_newsletter_tier_id":0,"_jetpack_memberships_contains_paywalled_content":false,"_jetpack_memberships_contains_paid_content":false,"footnotes":"","jetpack_publicize_message":"","jetpack_publicize_feature_enabled":true,"jetpack_social_post_already_shared":false,"jetpack_social_options":{"image_generator_settings":{"template":"highway","default_image_id":0,"font":"","enabled":false},"version":2}},"categories":[16],"tags":[],"class_list":["post-17336","post","type-post","status-publish","format-standard","has-post-thumbnail","hentry","category-livres-dart"],"yoast_head":"<!-- This site is optimized with the Yoast SEO plugin v26.9 - https:\/\/yoast.com\/product\/yoast-seo-wordpress\/ -->\n<title>La tabati\u00e8re Choiseul: Un monument du XVIIIe si\u00e8cle Le Magazine de Proantic<\/title>\n<meta name=\"description\" content=\"Le 1er mars 2023, la tabati\u00e8re entre dans les collections du Louvre gr\u00e2ce \u00e0 la mobilisation populaire et au soutien de grands donateurs. Cette acquisition\" \/>\n<meta name=\"robots\" content=\"index, follow, max-snippet:-1, max-image-preview:large, max-video-preview:-1\" \/>\n<link rel=\"canonical\" href=\"https:\/\/www.proantic.com\/magazine\/la-tabatiere-choiseul-un-monument-du-xviiie-siecle\/\" \/>\n<meta property=\"og:locale\" content=\"fr_FR\" \/>\n<meta property=\"og:type\" content=\"article\" \/>\n<meta property=\"og:title\" content=\"La tabati\u00e8re Choiseul: Un monument du XVIIIe si\u00e8cle Le Magazine de Proantic\" \/>\n<meta property=\"og:description\" content=\"Le 1er mars 2023, la tabati\u00e8re entre dans les collections du Louvre gr\u00e2ce \u00e0 la mobilisation populaire et au soutien de grands donateurs. Cette acquisition\" \/>\n<meta property=\"og:url\" content=\"https:\/\/www.proantic.com\/magazine\/la-tabatiere-choiseul-un-monument-du-xviiie-siecle\/\" \/>\n<meta property=\"og:site_name\" content=\"Le Magazine de Proantic\" \/>\n<meta property=\"article:publisher\" content=\"https:\/\/www.facebook.com\/pages\/Proantic\/\/259180871793\" \/>\n<meta property=\"article:published_time\" content=\"2025-01-08T12:46:26+00:00\" \/>\n<meta property=\"og:image\" content=\"https:\/\/www.proantic.com\/magazine\/wp-content\/uploads\/2025\/01\/61S5h06LOVL._SL1000_.jpg\" \/>\n\t<meta property=\"og:image:width\" content=\"1000\" \/>\n\t<meta property=\"og:image:height\" content=\"724\" \/>\n\t<meta property=\"og:image:type\" content=\"image\/jpeg\" \/>\n<meta name=\"author\" content=\"C\u00e9line Autant\" \/>\n<meta name=\"twitter:label1\" content=\"\u00c9crit par\" \/>\n\t<meta name=\"twitter:data1\" content=\"C\u00e9line Autant\" \/>\n\t<meta name=\"twitter:label2\" content=\"Dur\u00e9e de lecture estim\u00e9e\" \/>\n\t<meta name=\"twitter:data2\" content=\"2 minutes\" \/>\n<script type=\"application\/ld+json\" class=\"yoast-schema-graph\">{\"@context\":\"https:\/\/schema.org\",\"@graph\":[{\"@type\":\"Article\",\"@id\":\"https:\/\/www.proantic.com\/magazine\/la-tabatiere-choiseul-un-monument-du-xviiie-siecle\/#article\",\"isPartOf\":{\"@id\":\"https:\/\/www.proantic.com\/magazine\/la-tabatiere-choiseul-un-monument-du-xviiie-siecle\/\"},\"author\":{\"name\":\"C\u00e9line Autant\",\"@id\":\"https:\/\/www.proantic.com\/magazine\/#\/schema\/person\/63707e8f4e7d0172de7ddde897688be0\"},\"headline\":\"La tabati\u00e8re Choiseul: Un monument du XVIIIe si\u00e8cle\",\"datePublished\":\"2025-01-08T12:46:26+00:00\",\"mainEntityOfPage\":{\"@id\":\"https:\/\/www.proantic.com\/magazine\/la-tabatiere-choiseul-un-monument-du-xviiie-siecle\/\"},\"wordCount\":375,\"image\":{\"@id\":\"https:\/\/www.proantic.com\/magazine\/la-tabatiere-choiseul-un-monument-du-xviiie-siecle\/#primaryimage\"},\"thumbnailUrl\":\"https:\/\/i0.wp.com\/www.proantic.com\/magazine\/wp-content\/uploads\/2025\/01\/61S5h06LOVL._SL1000_.jpg?fit=1000%2C724&ssl=1\",\"articleSection\":[\"Livres d'art\"],\"inLanguage\":\"fr-FR\"},{\"@type\":\"WebPage\",\"@id\":\"https:\/\/www.proantic.com\/magazine\/la-tabatiere-choiseul-un-monument-du-xviiie-siecle\/\",\"url\":\"https:\/\/www.proantic.com\/magazine\/la-tabatiere-choiseul-un-monument-du-xviiie-siecle\/\",\"name\":\"La tabati\u00e8re Choiseul: Un monument du XVIIIe si\u00e8cle Le Magazine de Proantic\",\"isPartOf\":{\"@id\":\"https:\/\/www.proantic.com\/magazine\/#website\"},\"primaryImageOfPage\":{\"@id\":\"https:\/\/www.proantic.com\/magazine\/la-tabatiere-choiseul-un-monument-du-xviiie-siecle\/#primaryimage\"},\"image\":{\"@id\":\"https:\/\/www.proantic.com\/magazine\/la-tabatiere-choiseul-un-monument-du-xviiie-siecle\/#primaryimage\"},\"thumbnailUrl\":\"https:\/\/i0.wp.com\/www.proantic.com\/magazine\/wp-content\/uploads\/2025\/01\/61S5h06LOVL._SL1000_.jpg?fit=1000%2C724&ssl=1\",\"datePublished\":\"2025-01-08T12:46:26+00:00\",\"author\":{\"@id\":\"https:\/\/www.proantic.com\/magazine\/#\/schema\/person\/63707e8f4e7d0172de7ddde897688be0\"},\"description\":\"Le 1er mars 2023, la tabati\u00e8re entre dans les collections du Louvre gr\u00e2ce \u00e0 la mobilisation populaire et au soutien de grands donateurs. Cette acquisition\",\"breadcrumb\":{\"@id\":\"https:\/\/www.proantic.com\/magazine\/la-tabatiere-choiseul-un-monument-du-xviiie-siecle\/#breadcrumb\"},\"inLanguage\":\"fr-FR\",\"potentialAction\":[{\"@type\":\"ReadAction\",\"target\":[\"https:\/\/www.proantic.com\/magazine\/la-tabatiere-choiseul-un-monument-du-xviiie-siecle\/\"]}]},{\"@type\":\"ImageObject\",\"inLanguage\":\"fr-FR\",\"@id\":\"https:\/\/www.proantic.com\/magazine\/la-tabatiere-choiseul-un-monument-du-xviiie-siecle\/#primaryimage\",\"url\":\"https:\/\/i0.wp.com\/www.proantic.com\/magazine\/wp-content\/uploads\/2025\/01\/61S5h06LOVL._SL1000_.jpg?fit=1000%2C724&ssl=1\",\"contentUrl\":\"https:\/\/i0.wp.com\/www.proantic.com\/magazine\/wp-content\/uploads\/2025\/01\/61S5h06LOVL._SL1000_.jpg?fit=1000%2C724&ssl=1\",\"width\":1000,\"height\":724},{\"@type\":\"BreadcrumbList\",\"@id\":\"https:\/\/www.proantic.com\/magazine\/la-tabatiere-choiseul-un-monument-du-xviiie-siecle\/#breadcrumb\",\"itemListElement\":[{\"@type\":\"ListItem\",\"position\":1,\"name\":\"Accueil\",\"item\":\"https:\/\/www.proantic.com\/magazine\/\"},{\"@type\":\"ListItem\",\"position\":2,\"name\":\"La tabati\u00e8re Choiseul: Un monument du XVIIIe si\u00e8cle\"}]},{\"@type\":\"WebSite\",\"@id\":\"https:\/\/www.proantic.com\/magazine\/#website\",\"url\":\"https:\/\/www.proantic.com\/magazine\/\",\"name\":\"Le Magazine de Proantic\",\"description\":\"Magazine d&#039;art et expositions\",\"potentialAction\":[{\"@type\":\"SearchAction\",\"target\":{\"@type\":\"EntryPoint\",\"urlTemplate\":\"https:\/\/www.proantic.com\/magazine\/?s={search_term_string}\"},\"query-input\":{\"@type\":\"PropertyValueSpecification\",\"valueRequired\":true,\"valueName\":\"search_term_string\"}}],\"inLanguage\":\"fr-FR\"},{\"@type\":\"Person\",\"@id\":\"https:\/\/www.proantic.com\/magazine\/#\/schema\/person\/63707e8f4e7d0172de7ddde897688be0\",\"name\":\"C\u00e9line Autant\"}]}<\/script>\n<!-- \/ Yoast SEO plugin. -->","yoast_head_json":{"title":"La tabati\u00e8re Choiseul: Un monument du XVIIIe si\u00e8cle Le Magazine de Proantic","description":"Le 1er mars 2023, la tabati\u00e8re entre dans les collections du Louvre gr\u00e2ce \u00e0 la mobilisation populaire et au soutien de grands donateurs. Cette acquisition","robots":{"index":"index","follow":"follow","max-snippet":"max-snippet:-1","max-image-preview":"max-image-preview:large","max-video-preview":"max-video-preview:-1"},"canonical":"https:\/\/www.proantic.com\/magazine\/la-tabatiere-choiseul-un-monument-du-xviiie-siecle\/","og_locale":"fr_FR","og_type":"article","og_title":"La tabati\u00e8re Choiseul: Un monument du XVIIIe si\u00e8cle Le Magazine de Proantic","og_description":"Le 1er mars 2023, la tabati\u00e8re entre dans les collections du Louvre gr\u00e2ce \u00e0 la mobilisation populaire et au soutien de grands donateurs. Cette acquisition","og_url":"https:\/\/www.proantic.com\/magazine\/la-tabatiere-choiseul-un-monument-du-xviiie-siecle\/","og_site_name":"Le Magazine de Proantic","article_publisher":"https:\/\/www.facebook.com\/pages\/Proantic\/\/259180871793","article_published_time":"2025-01-08T12:46:26+00:00","og_image":[{"width":1000,"height":724,"url":"https:\/\/www.proantic.com\/magazine\/wp-content\/uploads\/2025\/01\/61S5h06LOVL._SL1000_.jpg","type":"image\/jpeg"}],"author":"C\u00e9line Autant","twitter_misc":{"\u00c9crit par":"C\u00e9line Autant","Dur\u00e9e de lecture estim\u00e9e":"2 minutes"},"schema":{"@context":"https:\/\/schema.org","@graph":[{"@type":"Article","@id":"https:\/\/www.proantic.com\/magazine\/la-tabatiere-choiseul-un-monument-du-xviiie-siecle\/#article","isPartOf":{"@id":"https:\/\/www.proantic.com\/magazine\/la-tabatiere-choiseul-un-monument-du-xviiie-siecle\/"},"author":{"name":"C\u00e9line Autant","@id":"https:\/\/www.proantic.com\/magazine\/#\/schema\/person\/63707e8f4e7d0172de7ddde897688be0"},"headline":"La tabati\u00e8re Choiseul: Un monument du XVIIIe si\u00e8cle","datePublished":"2025-01-08T12:46:26+00:00","mainEntityOfPage":{"@id":"https:\/\/www.proantic.com\/magazine\/la-tabatiere-choiseul-un-monument-du-xviiie-siecle\/"},"wordCount":375,"image":{"@id":"https:\/\/www.proantic.com\/magazine\/la-tabatiere-choiseul-un-monument-du-xviiie-siecle\/#primaryimage"},"thumbnailUrl":"https:\/\/i0.wp.com\/www.proantic.com\/magazine\/wp-content\/uploads\/2025\/01\/61S5h06LOVL._SL1000_.jpg?fit=1000%2C724&ssl=1","articleSection":["Livres d'art"],"inLanguage":"fr-FR"},{"@type":"WebPage","@id":"https:\/\/www.proantic.com\/magazine\/la-tabatiere-choiseul-un-monument-du-xviiie-siecle\/","url":"https:\/\/www.proantic.com\/magazine\/la-tabatiere-choiseul-un-monument-du-xviiie-siecle\/","name":"La tabati\u00e8re Choiseul: Un monument du XVIIIe si\u00e8cle Le Magazine de Proantic","isPartOf":{"@id":"https:\/\/www.proantic.com\/magazine\/#website"},"primaryImageOfPage":{"@id":"https:\/\/www.proantic.com\/magazine\/la-tabatiere-choiseul-un-monument-du-xviiie-siecle\/#primaryimage"},"image":{"@id":"https:\/\/www.proantic.com\/magazine\/la-tabatiere-choiseul-un-monument-du-xviiie-siecle\/#primaryimage"},"thumbnailUrl":"https:\/\/i0.wp.com\/www.proantic.com\/magazine\/wp-content\/uploads\/2025\/01\/61S5h06LOVL._SL1000_.jpg?fit=1000%2C724&ssl=1","datePublished":"2025-01-08T12:46:26+00:00","author":{"@id":"https:\/\/www.proantic.com\/magazine\/#\/schema\/person\/63707e8f4e7d0172de7ddde897688be0"},"description":"Le 1er mars 2023, la tabati\u00e8re entre dans les collections du Louvre gr\u00e2ce \u00e0 la mobilisation populaire et au soutien de grands donateurs. Cette acquisition","breadcrumb":{"@id":"https:\/\/www.proantic.com\/magazine\/la-tabatiere-choiseul-un-monument-du-xviiie-siecle\/#breadcrumb"},"inLanguage":"fr-FR","potentialAction":[{"@type":"ReadAction","target":["https:\/\/www.proantic.com\/magazine\/la-tabatiere-choiseul-un-monument-du-xviiie-siecle\/"]}]},{"@type":"ImageObject","inLanguage":"fr-FR","@id":"https:\/\/www.proantic.com\/magazine\/la-tabatiere-choiseul-un-monument-du-xviiie-siecle\/#primaryimage","url":"https:\/\/i0.wp.com\/www.proantic.com\/magazine\/wp-content\/uploads\/2025\/01\/61S5h06LOVL._SL1000_.jpg?fit=1000%2C724&ssl=1","contentUrl":"https:\/\/i0.wp.com\/www.proantic.com\/magazine\/wp-content\/uploads\/2025\/01\/61S5h06LOVL._SL1000_.jpg?fit=1000%2C724&ssl=1","width":1000,"height":724},{"@type":"BreadcrumbList","@id":"https:\/\/www.proantic.com\/magazine\/la-tabatiere-choiseul-un-monument-du-xviiie-siecle\/#breadcrumb","itemListElement":[{"@type":"ListItem","position":1,"name":"Accueil","item":"https:\/\/www.proantic.com\/magazine\/"},{"@type":"ListItem","position":2,"name":"La tabati\u00e8re Choiseul: Un monument du XVIIIe si\u00e8cle"}]},{"@type":"WebSite","@id":"https:\/\/www.proantic.com\/magazine\/#website","url":"https:\/\/www.proantic.com\/magazine\/","name":"Le Magazine de Proantic","description":"Magazine d&#039;art et expositions","potentialAction":[{"@type":"SearchAction","target":{"@type":"EntryPoint","urlTemplate":"https:\/\/www.proantic.com\/magazine\/?s={search_term_string}"},"query-input":{"@type":"PropertyValueSpecification","valueRequired":true,"valueName":"search_term_string"}}],"inLanguage":"fr-FR"},{"@type":"Person","@id":"https:\/\/www.proantic.com\/magazine\/#\/schema\/person\/63707e8f4e7d0172de7ddde897688be0","name":"C\u00e9line Autant"}]}},"jetpack_publicize_connections":[],"jetpack_featured_media_url":"https:\/\/i0.wp.com\/www.proantic.com\/magazine\/wp-content\/uploads\/2025\/01\/61S5h06LOVL._SL1000_.jpg?fit=1000%2C724&ssl=1","jetpack_shortlink":"https:\/\/wp.me\/p7EkP3-4vC","jetpack_sharing_enabled":true,"_links":{"self":[{"href":"https:\/\/www.proantic.com\/magazine\/wp-json\/wp\/v2\/posts\/17336","targetHints":{"allow":["GET"]}}],"collection":[{"href":"https:\/\/www.proantic.com\/magazine\/wp-json\/wp\/v2\/posts"}],"about":[{"href":"https:\/\/www.proantic.com\/magazine\/wp-json\/wp\/v2\/types\/post"}],"author":[{"embeddable":true,"href":"https:\/\/www.proantic.com\/magazine\/wp-json\/wp\/v2\/users\/6"}],"replies":[{"embeddable":true,"href":"https:\/\/www.proantic.com\/magazine\/wp-json\/wp\/v2\/comments?post=17336"}],"version-history":[{"count":1,"href":"https:\/\/www.proantic.com\/magazine\/wp-json\/wp\/v2\/posts\/17336\/revisions"}],"predecessor-version":[{"id":17337,"href":"https:\/\/www.proantic.com\/magazine\/wp-json\/wp\/v2\/posts\/17336\/revisions\/17337"}],"wp:featuredmedia":[{"embeddable":true,"href":"https:\/\/www.proantic.com\/magazine\/wp-json\/wp\/v2\/media\/17338"}],"wp:attachment":[{"href":"https:\/\/www.proantic.com\/magazine\/wp-json\/wp\/v2\/media?parent=17336"}],"wp:term":[{"taxonomy":"category","embeddable":true,"href":"https:\/\/www.proantic.com\/magazine\/wp-json\/wp\/v2\/categories?post=17336"},{"taxonomy":"post_tag","embeddable":true,"href":"https:\/\/www.proantic.com\/magazine\/wp-json\/wp\/v2\/tags?post=17336"}],"curies":[{"name":"wp","href":"https:\/\/api.w.org\/{rel}","templated":true}]}}