{"id":17319,"date":"2024-12-30T15:14:50","date_gmt":"2024-12-30T14:14:50","guid":{"rendered":"https:\/\/www.proantic.com\/magazine\/?p=17319"},"modified":"2026-01-06T11:11:15","modified_gmt":"2026-01-06T10:11:15","slug":"serre-bijoux-de-la-maison-klein","status":"publish","type":"post","link":"https:\/\/www.proantic.com\/magazine\/serre-bijoux-de-la-maison-klein\/","title":{"rendered":"Serre bijoux de la maison Klein"},"content":{"rendered":"\n<p><strong>Cabinet \u00e0 poser, formant serre bijoux de la maison Klein \u00e0 Paris. Seconde moiti\u00e9 du XIX si\u00e8cle. <\/strong>Il ouvre par deux tiroirs et une porte en fa\u00e7ade (une prise tr\u00e8s l\u00e9g\u00e8rement diff\u00e9rente) ; ainsi que par le plateau sup\u00e9rieur d\u00e9couvrant un compartiment garni en feutrine verte. Le couvercle marqu\u00e9 \u00ab\u00a0Klein, boulevard des Italiens \u00e0 Paris\u00a0\u00bb.\u00a0<br>Le serre bijoux est enti\u00e8rement gain\u00e9 de cuir brun sur une \u00e2me en acajou. Decors peints de deux sc\u00e8nes galantes. Nombreuses ornementations de bronzes dor\u00e9s (colonnes, figures d&rsquo;anges).\u00a0<\/p>\n\n\n\n<figure class=\"wp-block-image size-large\"><a href=\"https:\/\/i0.wp.com\/www.proantic.com\/magazine\/wp-content\/uploads\/2024\/12\/1463705-6770fe16f0cf9.jpg?ssl=1\"><img data-recalc-dims=\"1\" loading=\"lazy\" decoding=\"async\" width=\"665\" height=\"444\" data-attachment-id=\"17320\" data-permalink=\"https:\/\/www.proantic.com\/magazine\/serre-bijoux-de-la-maison-klein\/1463705-6770fe16f0cf9\/\" data-orig-file=\"https:\/\/i0.wp.com\/www.proantic.com\/magazine\/wp-content\/uploads\/2024\/12\/1463705-6770fe16f0cf9.jpg?fit=1200%2C800&amp;ssl=1\" data-orig-size=\"1200,800\" data-comments-opened=\"1\" data-image-meta=\"{&quot;aperture&quot;:&quot;0&quot;,&quot;credit&quot;:&quot;&quot;,&quot;camera&quot;:&quot;&quot;,&quot;caption&quot;:&quot;&quot;,&quot;created_timestamp&quot;:&quot;0&quot;,&quot;copyright&quot;:&quot;&quot;,&quot;focal_length&quot;:&quot;0&quot;,&quot;iso&quot;:&quot;0&quot;,&quot;shutter_speed&quot;:&quot;0&quot;,&quot;title&quot;:&quot;&quot;,&quot;orientation&quot;:&quot;0&quot;}\" data-image-title=\"Serre bijoux de la maison Klein \u00e0 Paris. (c) Galerie Anticomania, Proantic\" data-image-description=\"\" data-image-caption=\"&lt;p&gt;Serre bijoux de la maison Klein \u00e0 Paris.&lt;br \/&gt;\n(c) Galerie Anticomania, Proantic&lt;\/p&gt;\n\" data-medium-file=\"https:\/\/i0.wp.com\/www.proantic.com\/magazine\/wp-content\/uploads\/2024\/12\/1463705-6770fe16f0cf9.jpg?fit=300%2C200&amp;ssl=1\" data-large-file=\"https:\/\/i0.wp.com\/www.proantic.com\/magazine\/wp-content\/uploads\/2024\/12\/1463705-6770fe16f0cf9.jpg?fit=665%2C444&amp;ssl=1\" src=\"https:\/\/i0.wp.com\/www.proantic.com\/magazine\/wp-content\/uploads\/2024\/12\/1463705-6770fe16f0cf9.jpg?resize=665%2C444&#038;ssl=1\" alt=\"\" class=\"wp-image-17320\" srcset=\"https:\/\/i0.wp.com\/www.proantic.com\/magazine\/wp-content\/uploads\/2024\/12\/1463705-6770fe16f0cf9.jpg?resize=1024%2C683&amp;ssl=1 1024w, https:\/\/i0.wp.com\/www.proantic.com\/magazine\/wp-content\/uploads\/2024\/12\/1463705-6770fe16f0cf9.jpg?resize=300%2C200&amp;ssl=1 300w, https:\/\/i0.wp.com\/www.proantic.com\/magazine\/wp-content\/uploads\/2024\/12\/1463705-6770fe16f0cf9.jpg?resize=768%2C512&amp;ssl=1 768w, https:\/\/i0.wp.com\/www.proantic.com\/magazine\/wp-content\/uploads\/2024\/12\/1463705-6770fe16f0cf9.jpg?w=1200&amp;ssl=1 1200w\" sizes=\"auto, (max-width: 665px) 100vw, 665px\" \/><\/a><figcaption class=\"wp-element-caption\">Serre bijoux de la maison Klein \u00e0 Paris.<br>(c) <a href=\"https:\/\/www.proantic.com\/galerie\/galerie-anticomania\/\">Galerie Anticomania<\/a>, Proantic<\/figcaption><\/figure>\n\n\n\n<p>August Klein \u00e9tait \u00e0 l&rsquo;origine un relieur et maroquinier qui fonda un magasin de petits objets \u00e0 Vienne en 1847. Son entreprise prosp\u00e9ra, il exposa \u00e0 l&rsquo;exposition universelle de Vienne, Paris Londres mais aussi Melbourne . Il importa de nombreux objets et cuir et \u00e9mail dans diff\u00e9rents pays dont la France o\u00f9 il ouvrit un magasin boulevard de Italiens \u00e0 Paris.<\/p>\n\n\n\n<figure class=\"wp-block-image size-large\"><a href=\"https:\/\/i0.wp.com\/www.proantic.com\/magazine\/wp-content\/uploads\/2024\/12\/1463705-6770fe171a9c2.jpg?ssl=1\"><img data-recalc-dims=\"1\" loading=\"lazy\" decoding=\"async\" width=\"665\" height=\"444\" data-attachment-id=\"17321\" data-permalink=\"https:\/\/www.proantic.com\/magazine\/serre-bijoux-de-la-maison-klein\/1463705-6770fe171a9c2\/\" data-orig-file=\"https:\/\/i0.wp.com\/www.proantic.com\/magazine\/wp-content\/uploads\/2024\/12\/1463705-6770fe171a9c2.jpg?fit=1200%2C800&amp;ssl=1\" data-orig-size=\"1200,800\" data-comments-opened=\"1\" data-image-meta=\"{&quot;aperture&quot;:&quot;0&quot;,&quot;credit&quot;:&quot;&quot;,&quot;camera&quot;:&quot;&quot;,&quot;caption&quot;:&quot;&quot;,&quot;created_timestamp&quot;:&quot;0&quot;,&quot;copyright&quot;:&quot;&quot;,&quot;focal_length&quot;:&quot;0&quot;,&quot;iso&quot;:&quot;0&quot;,&quot;shutter_speed&quot;:&quot;0&quot;,&quot;title&quot;:&quot;&quot;,&quot;orientation&quot;:&quot;0&quot;}\" data-image-title=\"Serre bijoux de la maison Klein \u00e0 Paris. (c) Galerie Anticomania, Proantic\" data-image-description=\"\" data-image-caption=\"&lt;p&gt;Serre bijoux de la maison Klein \u00e0 Paris.&lt;br \/&gt;\n(c) Galerie Anticomania, Proantic&lt;\/p&gt;\n\" data-medium-file=\"https:\/\/i0.wp.com\/www.proantic.com\/magazine\/wp-content\/uploads\/2024\/12\/1463705-6770fe171a9c2.jpg?fit=300%2C200&amp;ssl=1\" data-large-file=\"https:\/\/i0.wp.com\/www.proantic.com\/magazine\/wp-content\/uploads\/2024\/12\/1463705-6770fe171a9c2.jpg?fit=665%2C444&amp;ssl=1\" src=\"https:\/\/i0.wp.com\/www.proantic.com\/magazine\/wp-content\/uploads\/2024\/12\/1463705-6770fe171a9c2.jpg?resize=665%2C444&#038;ssl=1\" alt=\"\" class=\"wp-image-17321\" srcset=\"https:\/\/i0.wp.com\/www.proantic.com\/magazine\/wp-content\/uploads\/2024\/12\/1463705-6770fe171a9c2.jpg?resize=1024%2C683&amp;ssl=1 1024w, https:\/\/i0.wp.com\/www.proantic.com\/magazine\/wp-content\/uploads\/2024\/12\/1463705-6770fe171a9c2.jpg?resize=300%2C200&amp;ssl=1 300w, https:\/\/i0.wp.com\/www.proantic.com\/magazine\/wp-content\/uploads\/2024\/12\/1463705-6770fe171a9c2.jpg?resize=768%2C512&amp;ssl=1 768w, https:\/\/i0.wp.com\/www.proantic.com\/magazine\/wp-content\/uploads\/2024\/12\/1463705-6770fe171a9c2.jpg?w=1200&amp;ssl=1 1200w\" sizes=\"auto, (max-width: 665px) 100vw, 665px\" \/><\/a><figcaption class=\"wp-element-caption\">Serre bijoux de la maison Klein \u00e0 Paris.<br>(c) <a href=\"https:\/\/www.proantic.com\/galerie\/galerie-anticomania\/\">Galerie Anticomania<\/a>, Proantic<\/figcaption><\/figure>\n\n\n\n<p>Cette pi\u00e8ce est repr\u00e9sentative du go\u00fbt de l&rsquo;Historicisme qui se d\u00e9veloppe \u00e0 Vienne dans la seconde partie du XIX\u00e8me si\u00e8cle. Ainsi, le go\u00fbt des objets du XVI\u00e8me et XVII\u00e8me si\u00e8cles se d\u00e9veloppe. De nombreuses pi\u00e8ces de forme \u00e9maill\u00e9es font leur apparition. Ces pi\u00e8ces sont fortement influenc\u00e9es par la Renaissance et le go\u00fbt des cabinets de curiosit\u00e9s ou chambres des merveilles en vogue au XVI\u00e8me et XVII\u00e8me si\u00e8cles.<\/p>\n","protected":false},"excerpt":{"rendered":"<p>Cabinet \u00e0 poser, formant serre bijoux de la maison Klein \u00e0 Paris. Seconde moiti\u00e9 du XIX si\u00e8cle. Il ouvre par deux tiroirs et une porte en fa\u00e7ade (une prise tr\u00e8s l\u00e9g\u00e8rement diff\u00e9rente) ; ainsi que par le plateau sup\u00e9rieur d\u00e9couvrant un compartiment garni en feutrine verte. Le couvercle marqu\u00e9 \u00ab\u00a0Klein, boulevard des Italiens \u00e0 Paris\u00a0\u00bb.\u00a0Le [&hellip;]<\/p>\n","protected":false},"author":6,"featured_media":17322,"comment_status":"closed","ping_status":"closed","sticky":false,"template":"","format":"standard","meta":{"jetpack_post_was_ever_published":false,"_jetpack_newsletter_access":"","_jetpack_dont_email_post_to_subs":false,"_jetpack_newsletter_tier_id":0,"_jetpack_memberships_contains_paywalled_content":false,"_jetpack_memberships_contains_paid_content":false,"footnotes":"","jetpack_publicize_message":"","jetpack_publicize_feature_enabled":true,"jetpack_social_post_already_shared":false,"jetpack_social_options":{"image_generator_settings":{"template":"highway","default_image_id":0,"font":"","enabled":false},"version":2}},"categories":[180],"tags":[],"class_list":["post-17319","post","type-post","status-publish","format-standard","has-post-thumbnail","hentry","category-arts-decoratifs-proantic"],"yoast_head":"<!-- This site is optimized with the Yoast SEO plugin v26.9 - https:\/\/yoast.com\/product\/yoast-seo-wordpress\/ -->\n<title>Serre bijoux de la maison Klein Le Magazine de Proantic<\/title>\n<meta name=\"description\" content=\"Cabinet \u00e0 poser, formant serre bijoux de la maison Klein \u00e0 Paris. Seconde moiti\u00e9 du XIX si\u00e8cle. Il ouvre par deux tiroirs et une porte en fa\u00e7ade (une\" \/>\n<meta name=\"robots\" content=\"index, follow, max-snippet:-1, max-image-preview:large, max-video-preview:-1\" \/>\n<link rel=\"canonical\" href=\"https:\/\/www.proantic.com\/magazine\/serre-bijoux-de-la-maison-klein\/\" \/>\n<meta property=\"og:locale\" content=\"fr_FR\" \/>\n<meta property=\"og:type\" content=\"article\" \/>\n<meta property=\"og:title\" content=\"Serre bijoux de la maison Klein Le Magazine de Proantic\" \/>\n<meta property=\"og:description\" content=\"Cabinet \u00e0 poser, formant serre bijoux de la maison Klein \u00e0 Paris. Seconde moiti\u00e9 du XIX si\u00e8cle. Il ouvre par deux tiroirs et une porte en fa\u00e7ade (une\" \/>\n<meta property=\"og:url\" content=\"https:\/\/www.proantic.com\/magazine\/serre-bijoux-de-la-maison-klein\/\" \/>\n<meta property=\"og:site_name\" content=\"Le Magazine de Proantic\" \/>\n<meta property=\"article:publisher\" content=\"https:\/\/www.facebook.com\/pages\/Proantic\/\/259180871793\" \/>\n<meta property=\"article:published_time\" content=\"2024-12-30T14:14:50+00:00\" \/>\n<meta property=\"article:modified_time\" content=\"2026-01-06T10:11:15+00:00\" \/>\n<meta property=\"og:image\" content=\"https:\/\/www.proantic.com\/magazine\/wp-content\/uploads\/2024\/12\/1463705-main-6770fdfbbce66.jpg\" \/>\n\t<meta property=\"og:image:width\" content=\"1200\" \/>\n\t<meta property=\"og:image:height\" content=\"800\" \/>\n\t<meta property=\"og:image:type\" content=\"image\/jpeg\" \/>\n<meta name=\"author\" content=\"C\u00e9line Autant\" \/>\n<meta name=\"twitter:label1\" content=\"\u00c9crit par\" \/>\n\t<meta name=\"twitter:data1\" content=\"C\u00e9line Autant\" \/>\n\t<meta name=\"twitter:label2\" content=\"Dur\u00e9e de lecture estim\u00e9e\" \/>\n\t<meta name=\"twitter:data2\" content=\"2 minutes\" \/>\n<script type=\"application\/ld+json\" class=\"yoast-schema-graph\">{\"@context\":\"https:\/\/schema.org\",\"@graph\":[{\"@type\":\"Article\",\"@id\":\"https:\/\/www.proantic.com\/magazine\/serre-bijoux-de-la-maison-klein\/#article\",\"isPartOf\":{\"@id\":\"https:\/\/www.proantic.com\/magazine\/serre-bijoux-de-la-maison-klein\/\"},\"author\":{\"name\":\"C\u00e9line Autant\",\"@id\":\"https:\/\/www.proantic.com\/magazine\/#\/schema\/person\/63707e8f4e7d0172de7ddde897688be0\"},\"headline\":\"Serre bijoux de la maison Klein\",\"datePublished\":\"2024-12-30T14:14:50+00:00\",\"dateModified\":\"2026-01-06T10:11:15+00:00\",\"mainEntityOfPage\":{\"@id\":\"https:\/\/www.proantic.com\/magazine\/serre-bijoux-de-la-maison-klein\/\"},\"wordCount\":265,\"image\":{\"@id\":\"https:\/\/www.proantic.com\/magazine\/serre-bijoux-de-la-maison-klein\/#primaryimage\"},\"thumbnailUrl\":\"https:\/\/i0.wp.com\/www.proantic.com\/magazine\/wp-content\/uploads\/2024\/12\/1463705-main-6770fdfbbce66.jpg?fit=1200%2C800&ssl=1\",\"articleSection\":[\"Arts d\u00e9coratifs sur Proantic\"],\"inLanguage\":\"fr-FR\"},{\"@type\":\"WebPage\",\"@id\":\"https:\/\/www.proantic.com\/magazine\/serre-bijoux-de-la-maison-klein\/\",\"url\":\"https:\/\/www.proantic.com\/magazine\/serre-bijoux-de-la-maison-klein\/\",\"name\":\"Serre bijoux de la maison Klein Le Magazine de Proantic\",\"isPartOf\":{\"@id\":\"https:\/\/www.proantic.com\/magazine\/#website\"},\"primaryImageOfPage\":{\"@id\":\"https:\/\/www.proantic.com\/magazine\/serre-bijoux-de-la-maison-klein\/#primaryimage\"},\"image\":{\"@id\":\"https:\/\/www.proantic.com\/magazine\/serre-bijoux-de-la-maison-klein\/#primaryimage\"},\"thumbnailUrl\":\"https:\/\/i0.wp.com\/www.proantic.com\/magazine\/wp-content\/uploads\/2024\/12\/1463705-main-6770fdfbbce66.jpg?fit=1200%2C800&ssl=1\",\"datePublished\":\"2024-12-30T14:14:50+00:00\",\"dateModified\":\"2026-01-06T10:11:15+00:00\",\"author\":{\"@id\":\"https:\/\/www.proantic.com\/magazine\/#\/schema\/person\/63707e8f4e7d0172de7ddde897688be0\"},\"description\":\"Cabinet \u00e0 poser, formant serre bijoux de la maison Klein \u00e0 Paris. Seconde moiti\u00e9 du XIX si\u00e8cle. Il ouvre par deux tiroirs et une porte en fa\u00e7ade (une\",\"breadcrumb\":{\"@id\":\"https:\/\/www.proantic.com\/magazine\/serre-bijoux-de-la-maison-klein\/#breadcrumb\"},\"inLanguage\":\"fr-FR\",\"potentialAction\":[{\"@type\":\"ReadAction\",\"target\":[\"https:\/\/www.proantic.com\/magazine\/serre-bijoux-de-la-maison-klein\/\"]}]},{\"@type\":\"ImageObject\",\"inLanguage\":\"fr-FR\",\"@id\":\"https:\/\/www.proantic.com\/magazine\/serre-bijoux-de-la-maison-klein\/#primaryimage\",\"url\":\"https:\/\/i0.wp.com\/www.proantic.com\/magazine\/wp-content\/uploads\/2024\/12\/1463705-main-6770fdfbbce66.jpg?fit=1200%2C800&ssl=1\",\"contentUrl\":\"https:\/\/i0.wp.com\/www.proantic.com\/magazine\/wp-content\/uploads\/2024\/12\/1463705-main-6770fdfbbce66.jpg?fit=1200%2C800&ssl=1\",\"width\":1200,\"height\":800},{\"@type\":\"BreadcrumbList\",\"@id\":\"https:\/\/www.proantic.com\/magazine\/serre-bijoux-de-la-maison-klein\/#breadcrumb\",\"itemListElement\":[{\"@type\":\"ListItem\",\"position\":1,\"name\":\"Accueil\",\"item\":\"https:\/\/www.proantic.com\/magazine\/\"},{\"@type\":\"ListItem\",\"position\":2,\"name\":\"Serre bijoux de la maison Klein\"}]},{\"@type\":\"WebSite\",\"@id\":\"https:\/\/www.proantic.com\/magazine\/#website\",\"url\":\"https:\/\/www.proantic.com\/magazine\/\",\"name\":\"Le Magazine de Proantic\",\"description\":\"Magazine d&#039;art et expositions\",\"potentialAction\":[{\"@type\":\"SearchAction\",\"target\":{\"@type\":\"EntryPoint\",\"urlTemplate\":\"https:\/\/www.proantic.com\/magazine\/?s={search_term_string}\"},\"query-input\":{\"@type\":\"PropertyValueSpecification\",\"valueRequired\":true,\"valueName\":\"search_term_string\"}}],\"inLanguage\":\"fr-FR\"},{\"@type\":\"Person\",\"@id\":\"https:\/\/www.proantic.com\/magazine\/#\/schema\/person\/63707e8f4e7d0172de7ddde897688be0\",\"name\":\"C\u00e9line Autant\"}]}<\/script>\n<!-- \/ Yoast SEO plugin. -->","yoast_head_json":{"title":"Serre bijoux de la maison Klein Le Magazine de Proantic","description":"Cabinet \u00e0 poser, formant serre bijoux de la maison Klein \u00e0 Paris. Seconde moiti\u00e9 du XIX si\u00e8cle. Il ouvre par deux tiroirs et une porte en fa\u00e7ade (une","robots":{"index":"index","follow":"follow","max-snippet":"max-snippet:-1","max-image-preview":"max-image-preview:large","max-video-preview":"max-video-preview:-1"},"canonical":"https:\/\/www.proantic.com\/magazine\/serre-bijoux-de-la-maison-klein\/","og_locale":"fr_FR","og_type":"article","og_title":"Serre bijoux de la maison Klein Le Magazine de Proantic","og_description":"Cabinet \u00e0 poser, formant serre bijoux de la maison Klein \u00e0 Paris. Seconde moiti\u00e9 du XIX si\u00e8cle. Il ouvre par deux tiroirs et une porte en fa\u00e7ade (une","og_url":"https:\/\/www.proantic.com\/magazine\/serre-bijoux-de-la-maison-klein\/","og_site_name":"Le Magazine de Proantic","article_publisher":"https:\/\/www.facebook.com\/pages\/Proantic\/\/259180871793","article_published_time":"2024-12-30T14:14:50+00:00","article_modified_time":"2026-01-06T10:11:15+00:00","og_image":[{"width":1200,"height":800,"url":"https:\/\/www.proantic.com\/magazine\/wp-content\/uploads\/2024\/12\/1463705-main-6770fdfbbce66.jpg","type":"image\/jpeg"}],"author":"C\u00e9line Autant","twitter_misc":{"\u00c9crit par":"C\u00e9line Autant","Dur\u00e9e de lecture estim\u00e9e":"2 minutes"},"schema":{"@context":"https:\/\/schema.org","@graph":[{"@type":"Article","@id":"https:\/\/www.proantic.com\/magazine\/serre-bijoux-de-la-maison-klein\/#article","isPartOf":{"@id":"https:\/\/www.proantic.com\/magazine\/serre-bijoux-de-la-maison-klein\/"},"author":{"name":"C\u00e9line Autant","@id":"https:\/\/www.proantic.com\/magazine\/#\/schema\/person\/63707e8f4e7d0172de7ddde897688be0"},"headline":"Serre bijoux de la maison Klein","datePublished":"2024-12-30T14:14:50+00:00","dateModified":"2026-01-06T10:11:15+00:00","mainEntityOfPage":{"@id":"https:\/\/www.proantic.com\/magazine\/serre-bijoux-de-la-maison-klein\/"},"wordCount":265,"image":{"@id":"https:\/\/www.proantic.com\/magazine\/serre-bijoux-de-la-maison-klein\/#primaryimage"},"thumbnailUrl":"https:\/\/i0.wp.com\/www.proantic.com\/magazine\/wp-content\/uploads\/2024\/12\/1463705-main-6770fdfbbce66.jpg?fit=1200%2C800&ssl=1","articleSection":["Arts d\u00e9coratifs sur Proantic"],"inLanguage":"fr-FR"},{"@type":"WebPage","@id":"https:\/\/www.proantic.com\/magazine\/serre-bijoux-de-la-maison-klein\/","url":"https:\/\/www.proantic.com\/magazine\/serre-bijoux-de-la-maison-klein\/","name":"Serre bijoux de la maison Klein Le Magazine de Proantic","isPartOf":{"@id":"https:\/\/www.proantic.com\/magazine\/#website"},"primaryImageOfPage":{"@id":"https:\/\/www.proantic.com\/magazine\/serre-bijoux-de-la-maison-klein\/#primaryimage"},"image":{"@id":"https:\/\/www.proantic.com\/magazine\/serre-bijoux-de-la-maison-klein\/#primaryimage"},"thumbnailUrl":"https:\/\/i0.wp.com\/www.proantic.com\/magazine\/wp-content\/uploads\/2024\/12\/1463705-main-6770fdfbbce66.jpg?fit=1200%2C800&ssl=1","datePublished":"2024-12-30T14:14:50+00:00","dateModified":"2026-01-06T10:11:15+00:00","author":{"@id":"https:\/\/www.proantic.com\/magazine\/#\/schema\/person\/63707e8f4e7d0172de7ddde897688be0"},"description":"Cabinet \u00e0 poser, formant serre bijoux de la maison Klein \u00e0 Paris. Seconde moiti\u00e9 du XIX si\u00e8cle. Il ouvre par deux tiroirs et une porte en fa\u00e7ade (une","breadcrumb":{"@id":"https:\/\/www.proantic.com\/magazine\/serre-bijoux-de-la-maison-klein\/#breadcrumb"},"inLanguage":"fr-FR","potentialAction":[{"@type":"ReadAction","target":["https:\/\/www.proantic.com\/magazine\/serre-bijoux-de-la-maison-klein\/"]}]},{"@type":"ImageObject","inLanguage":"fr-FR","@id":"https:\/\/www.proantic.com\/magazine\/serre-bijoux-de-la-maison-klein\/#primaryimage","url":"https:\/\/i0.wp.com\/www.proantic.com\/magazine\/wp-content\/uploads\/2024\/12\/1463705-main-6770fdfbbce66.jpg?fit=1200%2C800&ssl=1","contentUrl":"https:\/\/i0.wp.com\/www.proantic.com\/magazine\/wp-content\/uploads\/2024\/12\/1463705-main-6770fdfbbce66.jpg?fit=1200%2C800&ssl=1","width":1200,"height":800},{"@type":"BreadcrumbList","@id":"https:\/\/www.proantic.com\/magazine\/serre-bijoux-de-la-maison-klein\/#breadcrumb","itemListElement":[{"@type":"ListItem","position":1,"name":"Accueil","item":"https:\/\/www.proantic.com\/magazine\/"},{"@type":"ListItem","position":2,"name":"Serre bijoux de la maison Klein"}]},{"@type":"WebSite","@id":"https:\/\/www.proantic.com\/magazine\/#website","url":"https:\/\/www.proantic.com\/magazine\/","name":"Le Magazine de Proantic","description":"Magazine d&#039;art et expositions","potentialAction":[{"@type":"SearchAction","target":{"@type":"EntryPoint","urlTemplate":"https:\/\/www.proantic.com\/magazine\/?s={search_term_string}"},"query-input":{"@type":"PropertyValueSpecification","valueRequired":true,"valueName":"search_term_string"}}],"inLanguage":"fr-FR"},{"@type":"Person","@id":"https:\/\/www.proantic.com\/magazine\/#\/schema\/person\/63707e8f4e7d0172de7ddde897688be0","name":"C\u00e9line Autant"}]}},"jetpack_publicize_connections":[],"jetpack_featured_media_url":"https:\/\/i0.wp.com\/www.proantic.com\/magazine\/wp-content\/uploads\/2024\/12\/1463705-main-6770fdfbbce66.jpg?fit=1200%2C800&ssl=1","jetpack_shortlink":"https:\/\/wp.me\/p7EkP3-4vl","jetpack_sharing_enabled":true,"_links":{"self":[{"href":"https:\/\/www.proantic.com\/magazine\/wp-json\/wp\/v2\/posts\/17319","targetHints":{"allow":["GET"]}}],"collection":[{"href":"https:\/\/www.proantic.com\/magazine\/wp-json\/wp\/v2\/posts"}],"about":[{"href":"https:\/\/www.proantic.com\/magazine\/wp-json\/wp\/v2\/types\/post"}],"author":[{"embeddable":true,"href":"https:\/\/www.proantic.com\/magazine\/wp-json\/wp\/v2\/users\/6"}],"replies":[{"embeddable":true,"href":"https:\/\/www.proantic.com\/magazine\/wp-json\/wp\/v2\/comments?post=17319"}],"version-history":[{"count":1,"href":"https:\/\/www.proantic.com\/magazine\/wp-json\/wp\/v2\/posts\/17319\/revisions"}],"predecessor-version":[{"id":17323,"href":"https:\/\/www.proantic.com\/magazine\/wp-json\/wp\/v2\/posts\/17319\/revisions\/17323"}],"wp:featuredmedia":[{"embeddable":true,"href":"https:\/\/www.proantic.com\/magazine\/wp-json\/wp\/v2\/media\/17322"}],"wp:attachment":[{"href":"https:\/\/www.proantic.com\/magazine\/wp-json\/wp\/v2\/media?parent=17319"}],"wp:term":[{"taxonomy":"category","embeddable":true,"href":"https:\/\/www.proantic.com\/magazine\/wp-json\/wp\/v2\/categories?post=17319"},{"taxonomy":"post_tag","embeddable":true,"href":"https:\/\/www.proantic.com\/magazine\/wp-json\/wp\/v2\/tags?post=17319"}],"curies":[{"name":"wp","href":"https:\/\/api.w.org\/{rel}","templated":true}]}}