{"id":17316,"date":"2024-12-30T15:14:18","date_gmt":"2024-12-30T14:14:18","guid":{"rendered":"https:\/\/www.proantic.com\/magazine\/?p=17316"},"modified":"2024-12-30T15:14:18","modified_gmt":"2024-12-30T14:14:18","slug":"utilisation-des-marbres","status":"publish","type":"post","link":"https:\/\/www.proantic.com\/magazine\/utilisation-des-marbres\/","title":{"rendered":"Utilisation des marbres"},"content":{"rendered":"\n<p><strong>Utilis\u00e9 d\u00e8s l&rsquo;Antiquit\u00e9 en architecture et en sculpture, le marbre est \u00e9galement employ\u00e9 depuis Louis XIV pour la d\u00e9coration et l&rsquo;ornementation de meubles d&rsquo;\u00e9b\u00e9nisterie.<\/strong> Apr\u00e8s le succ\u00e8s de Identification des marbres, cet ouvrage propose une \u00e9tude approfondie de l&rsquo;histoire du marbre et de son utilisation au fil des si\u00e8cles, \u00e0 des fins d&rsquo;expertise et de restauration.<\/p>\n\n\n\n<p> S&rsquo;appuyant sur un ensemble d\u2019\u0153uvres prestigieuses, il d\u00e9taille les caract\u00e9ristiques et les usages de pr\u00e8s de 150 types de marbres diff\u00e9rents, ainsi que des pierres d\u00e9coratives souvent confondues avec ces derniers. Pour chacun d&rsquo;eux, l&rsquo;auteur met \u00e0 profit son exp\u00e9rience de maitre \u00e9b\u00e9niste pour proposer des exemples de pi\u00e8ces remarquables, faisant la part belle \u00e0 ce mat\u00e9riau d&rsquo;exception.<\/p>\n\n\n\n<p><strong>Auteur:<\/strong> \u00a0Dubarry de Lassale J.<\/p>\n\n\n\n<p><strong>Editeur:<\/strong> Vial<\/p>\n","protected":false},"excerpt":{"rendered":"<p>Utilis\u00e9 d\u00e8s l&rsquo;Antiquit\u00e9 en architecture et en sculpture, le marbre est \u00e9galement employ\u00e9 depuis Louis XIV pour la d\u00e9coration et l&rsquo;ornementation de meubles d&rsquo;\u00e9b\u00e9nisterie. Apr\u00e8s le succ\u00e8s de Identification des marbres, cet ouvrage propose une \u00e9tude approfondie de l&rsquo;histoire du marbre et de son utilisation au fil des si\u00e8cles, \u00e0 des fins d&rsquo;expertise et de [&hellip;]<\/p>\n","protected":false},"author":6,"featured_media":17317,"comment_status":"closed","ping_status":"closed","sticky":false,"template":"","format":"standard","meta":{"jetpack_post_was_ever_published":false,"_jetpack_newsletter_access":"","_jetpack_dont_email_post_to_subs":false,"_jetpack_newsletter_tier_id":0,"_jetpack_memberships_contains_paywalled_content":false,"_jetpack_memberships_contains_paid_content":false,"footnotes":"","jetpack_publicize_message":"","jetpack_publicize_feature_enabled":true,"jetpack_social_post_already_shared":false,"jetpack_social_options":{"image_generator_settings":{"template":"highway","default_image_id":0,"font":"","enabled":false},"version":2}},"categories":[16],"tags":[],"class_list":["post-17316","post","type-post","status-publish","format-standard","has-post-thumbnail","hentry","category-livres-dart"],"yoast_head":"<!-- This site is optimized with the Yoast SEO plugin v26.9 - https:\/\/yoast.com\/product\/yoast-seo-wordpress\/ -->\n<title>Utilisation des marbres Le Magazine de Proantic<\/title>\n<meta name=\"description\" content=\"Utilis\u00e9 d\u00e8s l&#039;Antiquit\u00e9 en architecture et en sculpture, le marbre est \u00e9galement employ\u00e9 depuis Louis XIV pour la d\u00e9coration et l&#039;ornementation de meubles\" \/>\n<meta name=\"robots\" content=\"index, follow, max-snippet:-1, max-image-preview:large, max-video-preview:-1\" \/>\n<link rel=\"canonical\" href=\"https:\/\/www.proantic.com\/magazine\/utilisation-des-marbres\/\" \/>\n<meta property=\"og:locale\" content=\"fr_FR\" \/>\n<meta property=\"og:type\" content=\"article\" \/>\n<meta property=\"og:title\" content=\"Utilisation des marbres Le Magazine de Proantic\" \/>\n<meta property=\"og:description\" content=\"Utilis\u00e9 d\u00e8s l&#039;Antiquit\u00e9 en architecture et en sculpture, le marbre est \u00e9galement employ\u00e9 depuis Louis XIV pour la d\u00e9coration et l&#039;ornementation de meubles\" \/>\n<meta property=\"og:url\" content=\"https:\/\/www.proantic.com\/magazine\/utilisation-des-marbres\/\" \/>\n<meta property=\"og:site_name\" content=\"Le Magazine de Proantic\" \/>\n<meta property=\"article:publisher\" content=\"https:\/\/www.facebook.com\/pages\/Proantic\/\/259180871793\" \/>\n<meta property=\"article:published_time\" content=\"2024-12-30T14:14:18+00:00\" \/>\n<meta property=\"og:image\" content=\"https:\/\/www.proantic.com\/magazine\/wp-content\/uploads\/2024\/12\/Capture-decran-2024-12-30-144132.png\" \/>\n\t<meta property=\"og:image:width\" content=\"926\" \/>\n\t<meta property=\"og:image:height\" content=\"614\" \/>\n\t<meta property=\"og:image:type\" content=\"image\/png\" \/>\n<meta name=\"author\" content=\"C\u00e9line Autant\" \/>\n<meta name=\"twitter:label1\" content=\"\u00c9crit par\" \/>\n\t<meta name=\"twitter:data1\" content=\"C\u00e9line Autant\" \/>\n\t<meta name=\"twitter:label2\" content=\"Dur\u00e9e de lecture estim\u00e9e\" \/>\n\t<meta name=\"twitter:data2\" content=\"1 minute\" \/>\n<script type=\"application\/ld+json\" class=\"yoast-schema-graph\">{\"@context\":\"https:\/\/schema.org\",\"@graph\":[{\"@type\":\"Article\",\"@id\":\"https:\/\/www.proantic.com\/magazine\/utilisation-des-marbres\/#article\",\"isPartOf\":{\"@id\":\"https:\/\/www.proantic.com\/magazine\/utilisation-des-marbres\/\"},\"author\":{\"name\":\"C\u00e9line Autant\",\"@id\":\"https:\/\/www.proantic.com\/magazine\/#\/schema\/person\/63707e8f4e7d0172de7ddde897688be0\"},\"headline\":\"Utilisation des marbres\",\"datePublished\":\"2024-12-30T14:14:18+00:00\",\"mainEntityOfPage\":{\"@id\":\"https:\/\/www.proantic.com\/magazine\/utilisation-des-marbres\/\"},\"wordCount\":145,\"image\":{\"@id\":\"https:\/\/www.proantic.com\/magazine\/utilisation-des-marbres\/#primaryimage\"},\"thumbnailUrl\":\"https:\/\/i0.wp.com\/www.proantic.com\/magazine\/wp-content\/uploads\/2024\/12\/Capture-decran-2024-12-30-144132.png?fit=926%2C614&ssl=1\",\"articleSection\":[\"Livres d'art\"],\"inLanguage\":\"fr-FR\"},{\"@type\":\"WebPage\",\"@id\":\"https:\/\/www.proantic.com\/magazine\/utilisation-des-marbres\/\",\"url\":\"https:\/\/www.proantic.com\/magazine\/utilisation-des-marbres\/\",\"name\":\"Utilisation des marbres Le Magazine de Proantic\",\"isPartOf\":{\"@id\":\"https:\/\/www.proantic.com\/magazine\/#website\"},\"primaryImageOfPage\":{\"@id\":\"https:\/\/www.proantic.com\/magazine\/utilisation-des-marbres\/#primaryimage\"},\"image\":{\"@id\":\"https:\/\/www.proantic.com\/magazine\/utilisation-des-marbres\/#primaryimage\"},\"thumbnailUrl\":\"https:\/\/i0.wp.com\/www.proantic.com\/magazine\/wp-content\/uploads\/2024\/12\/Capture-decran-2024-12-30-144132.png?fit=926%2C614&ssl=1\",\"datePublished\":\"2024-12-30T14:14:18+00:00\",\"author\":{\"@id\":\"https:\/\/www.proantic.com\/magazine\/#\/schema\/person\/63707e8f4e7d0172de7ddde897688be0\"},\"description\":\"Utilis\u00e9 d\u00e8s l'Antiquit\u00e9 en architecture et en sculpture, le marbre est \u00e9galement employ\u00e9 depuis Louis XIV pour la d\u00e9coration et l'ornementation de meubles\",\"breadcrumb\":{\"@id\":\"https:\/\/www.proantic.com\/magazine\/utilisation-des-marbres\/#breadcrumb\"},\"inLanguage\":\"fr-FR\",\"potentialAction\":[{\"@type\":\"ReadAction\",\"target\":[\"https:\/\/www.proantic.com\/magazine\/utilisation-des-marbres\/\"]}]},{\"@type\":\"ImageObject\",\"inLanguage\":\"fr-FR\",\"@id\":\"https:\/\/www.proantic.com\/magazine\/utilisation-des-marbres\/#primaryimage\",\"url\":\"https:\/\/i0.wp.com\/www.proantic.com\/magazine\/wp-content\/uploads\/2024\/12\/Capture-decran-2024-12-30-144132.png?fit=926%2C614&ssl=1\",\"contentUrl\":\"https:\/\/i0.wp.com\/www.proantic.com\/magazine\/wp-content\/uploads\/2024\/12\/Capture-decran-2024-12-30-144132.png?fit=926%2C614&ssl=1\",\"width\":926,\"height\":614},{\"@type\":\"BreadcrumbList\",\"@id\":\"https:\/\/www.proantic.com\/magazine\/utilisation-des-marbres\/#breadcrumb\",\"itemListElement\":[{\"@type\":\"ListItem\",\"position\":1,\"name\":\"Accueil\",\"item\":\"https:\/\/www.proantic.com\/magazine\/\"},{\"@type\":\"ListItem\",\"position\":2,\"name\":\"Utilisation des marbres\"}]},{\"@type\":\"WebSite\",\"@id\":\"https:\/\/www.proantic.com\/magazine\/#website\",\"url\":\"https:\/\/www.proantic.com\/magazine\/\",\"name\":\"Le Magazine de Proantic\",\"description\":\"Magazine d&#039;art et expositions\",\"potentialAction\":[{\"@type\":\"SearchAction\",\"target\":{\"@type\":\"EntryPoint\",\"urlTemplate\":\"https:\/\/www.proantic.com\/magazine\/?s={search_term_string}\"},\"query-input\":{\"@type\":\"PropertyValueSpecification\",\"valueRequired\":true,\"valueName\":\"search_term_string\"}}],\"inLanguage\":\"fr-FR\"},{\"@type\":\"Person\",\"@id\":\"https:\/\/www.proantic.com\/magazine\/#\/schema\/person\/63707e8f4e7d0172de7ddde897688be0\",\"name\":\"C\u00e9line Autant\"}]}<\/script>\n<!-- \/ Yoast SEO plugin. -->","yoast_head_json":{"title":"Utilisation des marbres Le Magazine de Proantic","description":"Utilis\u00e9 d\u00e8s l'Antiquit\u00e9 en architecture et en sculpture, le marbre est \u00e9galement employ\u00e9 depuis Louis XIV pour la d\u00e9coration et l'ornementation de meubles","robots":{"index":"index","follow":"follow","max-snippet":"max-snippet:-1","max-image-preview":"max-image-preview:large","max-video-preview":"max-video-preview:-1"},"canonical":"https:\/\/www.proantic.com\/magazine\/utilisation-des-marbres\/","og_locale":"fr_FR","og_type":"article","og_title":"Utilisation des marbres Le Magazine de Proantic","og_description":"Utilis\u00e9 d\u00e8s l'Antiquit\u00e9 en architecture et en sculpture, le marbre est \u00e9galement employ\u00e9 depuis Louis XIV pour la d\u00e9coration et l'ornementation de meubles","og_url":"https:\/\/www.proantic.com\/magazine\/utilisation-des-marbres\/","og_site_name":"Le Magazine de Proantic","article_publisher":"https:\/\/www.facebook.com\/pages\/Proantic\/\/259180871793","article_published_time":"2024-12-30T14:14:18+00:00","og_image":[{"width":926,"height":614,"url":"https:\/\/www.proantic.com\/magazine\/wp-content\/uploads\/2024\/12\/Capture-decran-2024-12-30-144132.png","type":"image\/png"}],"author":"C\u00e9line Autant","twitter_misc":{"\u00c9crit par":"C\u00e9line Autant","Dur\u00e9e de lecture estim\u00e9e":"1 minute"},"schema":{"@context":"https:\/\/schema.org","@graph":[{"@type":"Article","@id":"https:\/\/www.proantic.com\/magazine\/utilisation-des-marbres\/#article","isPartOf":{"@id":"https:\/\/www.proantic.com\/magazine\/utilisation-des-marbres\/"},"author":{"name":"C\u00e9line Autant","@id":"https:\/\/www.proantic.com\/magazine\/#\/schema\/person\/63707e8f4e7d0172de7ddde897688be0"},"headline":"Utilisation des marbres","datePublished":"2024-12-30T14:14:18+00:00","mainEntityOfPage":{"@id":"https:\/\/www.proantic.com\/magazine\/utilisation-des-marbres\/"},"wordCount":145,"image":{"@id":"https:\/\/www.proantic.com\/magazine\/utilisation-des-marbres\/#primaryimage"},"thumbnailUrl":"https:\/\/i0.wp.com\/www.proantic.com\/magazine\/wp-content\/uploads\/2024\/12\/Capture-decran-2024-12-30-144132.png?fit=926%2C614&ssl=1","articleSection":["Livres d'art"],"inLanguage":"fr-FR"},{"@type":"WebPage","@id":"https:\/\/www.proantic.com\/magazine\/utilisation-des-marbres\/","url":"https:\/\/www.proantic.com\/magazine\/utilisation-des-marbres\/","name":"Utilisation des marbres Le Magazine de Proantic","isPartOf":{"@id":"https:\/\/www.proantic.com\/magazine\/#website"},"primaryImageOfPage":{"@id":"https:\/\/www.proantic.com\/magazine\/utilisation-des-marbres\/#primaryimage"},"image":{"@id":"https:\/\/www.proantic.com\/magazine\/utilisation-des-marbres\/#primaryimage"},"thumbnailUrl":"https:\/\/i0.wp.com\/www.proantic.com\/magazine\/wp-content\/uploads\/2024\/12\/Capture-decran-2024-12-30-144132.png?fit=926%2C614&ssl=1","datePublished":"2024-12-30T14:14:18+00:00","author":{"@id":"https:\/\/www.proantic.com\/magazine\/#\/schema\/person\/63707e8f4e7d0172de7ddde897688be0"},"description":"Utilis\u00e9 d\u00e8s l'Antiquit\u00e9 en architecture et en sculpture, le marbre est \u00e9galement employ\u00e9 depuis Louis XIV pour la d\u00e9coration et l'ornementation de meubles","breadcrumb":{"@id":"https:\/\/www.proantic.com\/magazine\/utilisation-des-marbres\/#breadcrumb"},"inLanguage":"fr-FR","potentialAction":[{"@type":"ReadAction","target":["https:\/\/www.proantic.com\/magazine\/utilisation-des-marbres\/"]}]},{"@type":"ImageObject","inLanguage":"fr-FR","@id":"https:\/\/www.proantic.com\/magazine\/utilisation-des-marbres\/#primaryimage","url":"https:\/\/i0.wp.com\/www.proantic.com\/magazine\/wp-content\/uploads\/2024\/12\/Capture-decran-2024-12-30-144132.png?fit=926%2C614&ssl=1","contentUrl":"https:\/\/i0.wp.com\/www.proantic.com\/magazine\/wp-content\/uploads\/2024\/12\/Capture-decran-2024-12-30-144132.png?fit=926%2C614&ssl=1","width":926,"height":614},{"@type":"BreadcrumbList","@id":"https:\/\/www.proantic.com\/magazine\/utilisation-des-marbres\/#breadcrumb","itemListElement":[{"@type":"ListItem","position":1,"name":"Accueil","item":"https:\/\/www.proantic.com\/magazine\/"},{"@type":"ListItem","position":2,"name":"Utilisation des marbres"}]},{"@type":"WebSite","@id":"https:\/\/www.proantic.com\/magazine\/#website","url":"https:\/\/www.proantic.com\/magazine\/","name":"Le Magazine de Proantic","description":"Magazine d&#039;art et expositions","potentialAction":[{"@type":"SearchAction","target":{"@type":"EntryPoint","urlTemplate":"https:\/\/www.proantic.com\/magazine\/?s={search_term_string}"},"query-input":{"@type":"PropertyValueSpecification","valueRequired":true,"valueName":"search_term_string"}}],"inLanguage":"fr-FR"},{"@type":"Person","@id":"https:\/\/www.proantic.com\/magazine\/#\/schema\/person\/63707e8f4e7d0172de7ddde897688be0","name":"C\u00e9line Autant"}]}},"jetpack_publicize_connections":[],"jetpack_featured_media_url":"https:\/\/i0.wp.com\/www.proantic.com\/magazine\/wp-content\/uploads\/2024\/12\/Capture-decran-2024-12-30-144132.png?fit=926%2C614&ssl=1","jetpack_shortlink":"https:\/\/wp.me\/p7EkP3-4vi","jetpack_sharing_enabled":true,"_links":{"self":[{"href":"https:\/\/www.proantic.com\/magazine\/wp-json\/wp\/v2\/posts\/17316","targetHints":{"allow":["GET"]}}],"collection":[{"href":"https:\/\/www.proantic.com\/magazine\/wp-json\/wp\/v2\/posts"}],"about":[{"href":"https:\/\/www.proantic.com\/magazine\/wp-json\/wp\/v2\/types\/post"}],"author":[{"embeddable":true,"href":"https:\/\/www.proantic.com\/magazine\/wp-json\/wp\/v2\/users\/6"}],"replies":[{"embeddable":true,"href":"https:\/\/www.proantic.com\/magazine\/wp-json\/wp\/v2\/comments?post=17316"}],"version-history":[{"count":1,"href":"https:\/\/www.proantic.com\/magazine\/wp-json\/wp\/v2\/posts\/17316\/revisions"}],"predecessor-version":[{"id":17318,"href":"https:\/\/www.proantic.com\/magazine\/wp-json\/wp\/v2\/posts\/17316\/revisions\/17318"}],"wp:featuredmedia":[{"embeddable":true,"href":"https:\/\/www.proantic.com\/magazine\/wp-json\/wp\/v2\/media\/17317"}],"wp:attachment":[{"href":"https:\/\/www.proantic.com\/magazine\/wp-json\/wp\/v2\/media?parent=17316"}],"wp:term":[{"taxonomy":"category","embeddable":true,"href":"https:\/\/www.proantic.com\/magazine\/wp-json\/wp\/v2\/categories?post=17316"},{"taxonomy":"post_tag","embeddable":true,"href":"https:\/\/www.proantic.com\/magazine\/wp-json\/wp\/v2\/tags?post=17316"}],"curies":[{"name":"wp","href":"https:\/\/api.w.org\/{rel}","templated":true}]}}