{"id":17307,"date":"2024-12-24T14:47:37","date_gmt":"2024-12-24T13:47:37","guid":{"rendered":"https:\/\/www.proantic.com\/magazine\/?p=17307"},"modified":"2026-01-06T11:11:36","modified_gmt":"2026-01-06T10:11:36","slug":"commode-a-pont-attribuee-a-etienne-doirat","status":"publish","type":"post","link":"https:\/\/www.proantic.com\/magazine\/commode-a-pont-attribuee-a-etienne-doirat\/","title":{"rendered":"Commode \u00e0 pont attribu\u00e9e \u00e0 Etienne Doirat"},"content":{"rendered":"\n<p><strong>Commode \u00e0 pont en bois de palissandre ouvrant par quatre tiroirs sur trois rangs et reposant sur quatre petits pieds. <\/strong>La commode est garnie de bronzes dor\u00e9s sur un fond de marqueterie en pointe de diamants en sabots de pied, en entr\u00e9e de serrure, en motif de masque de C\u00e9r\u00e8s, en mains de tirage feuillag\u00e9es, en chutes, en filet de bronze soulignant le pourtour du meuble, en poign\u00e9es de tirage sur les deux c\u00f4t\u00e9s. La ceinture de la commode est galb\u00e9e et forme un \u00ab\u00a0pont\u00a0\u00bb (le tiroir du milieu \u00e9tant absent).\u00a0<br>La commode est surmont\u00e9e par un dessus de marbre griotte de Campan rouge.<\/p>\n\n\n\n<p>Attribu\u00e9e \u00e0 Etienne Doirat.<\/p>\n\n\n\n<p>Epoque R\u00e9gence.<\/p>\n\n\n\n<figure class=\"wp-block-image size-large\"><a href=\"https:\/\/i0.wp.com\/www.proantic.com\/magazine\/wp-content\/uploads\/2024\/12\/1452366-alb-6756f6fa5dbaf.jpg?ssl=1\"><img data-recalc-dims=\"1\" loading=\"lazy\" decoding=\"async\" width=\"665\" height=\"444\" data-attachment-id=\"17308\" data-permalink=\"https:\/\/www.proantic.com\/magazine\/commode-a-pont-attribuee-a-etienne-doirat\/1452366-alb-6756f6fa5dbaf\/\" data-orig-file=\"https:\/\/i0.wp.com\/www.proantic.com\/magazine\/wp-content\/uploads\/2024\/12\/1452366-alb-6756f6fa5dbaf.jpg?fit=1086%2C724&amp;ssl=1\" data-orig-size=\"1086,724\" data-comments-opened=\"1\" data-image-meta=\"{&quot;aperture&quot;:&quot;0&quot;,&quot;credit&quot;:&quot;&quot;,&quot;camera&quot;:&quot;&quot;,&quot;caption&quot;:&quot;&quot;,&quot;created_timestamp&quot;:&quot;0&quot;,&quot;copyright&quot;:&quot;&quot;,&quot;focal_length&quot;:&quot;0&quot;,&quot;iso&quot;:&quot;0&quot;,&quot;shutter_speed&quot;:&quot;0&quot;,&quot;title&quot;:&quot;&quot;,&quot;orientation&quot;:&quot;0&quot;}\" data-image-title=\"Commode \u00e0 pont R\u00e9gence. (c) Galerie Pellat de Villedon, Proantic\" data-image-description=\"\" data-image-caption=\"&lt;p&gt;Commode \u00e0 pont R\u00e9gence. (c) Galerie Pellat de Villedon, Proantic&lt;\/p&gt;\n\" data-medium-file=\"https:\/\/i0.wp.com\/www.proantic.com\/magazine\/wp-content\/uploads\/2024\/12\/1452366-alb-6756f6fa5dbaf.jpg?fit=300%2C200&amp;ssl=1\" data-large-file=\"https:\/\/i0.wp.com\/www.proantic.com\/magazine\/wp-content\/uploads\/2024\/12\/1452366-alb-6756f6fa5dbaf.jpg?fit=665%2C444&amp;ssl=1\" src=\"https:\/\/i0.wp.com\/www.proantic.com\/magazine\/wp-content\/uploads\/2024\/12\/1452366-alb-6756f6fa5dbaf.jpg?resize=665%2C444&#038;ssl=1\" alt=\"\" class=\"wp-image-17308\" srcset=\"https:\/\/i0.wp.com\/www.proantic.com\/magazine\/wp-content\/uploads\/2024\/12\/1452366-alb-6756f6fa5dbaf.jpg?resize=1024%2C683&amp;ssl=1 1024w, https:\/\/i0.wp.com\/www.proantic.com\/magazine\/wp-content\/uploads\/2024\/12\/1452366-alb-6756f6fa5dbaf.jpg?resize=300%2C200&amp;ssl=1 300w, https:\/\/i0.wp.com\/www.proantic.com\/magazine\/wp-content\/uploads\/2024\/12\/1452366-alb-6756f6fa5dbaf.jpg?resize=768%2C512&amp;ssl=1 768w, https:\/\/i0.wp.com\/www.proantic.com\/magazine\/wp-content\/uploads\/2024\/12\/1452366-alb-6756f6fa5dbaf.jpg?w=1086&amp;ssl=1 1086w\" sizes=\"auto, (max-width: 665px) 100vw, 665px\" \/><\/a><figcaption class=\"wp-element-caption\">Commode \u00e0 pont R\u00e9gence. (c)<a href=\"https:\/\/www.proantic.com\/galerie\/pellatdevilledon\/\"> Galerie Pellat de Villedon<\/a>, Proantic<\/figcaption><\/figure>\n\n\n\n<p>Le meuble de notre \u00e9tude est une commode que nous pouvons dater de l\u2019\u00e9poque R\u00e9gence. Plusieurs \u00e9l\u00e9ments nous donnent des indices quant \u00e0 sa datation, mais \u00e9galement sur son auteur. Nous pouvons ais\u00e9ment attribuer cette commode \u00e0 l\u2019\u00e9b\u00e9niste Etienne Doirat (1675-1732).<\/p>\n\n\n\n<p>Il s\u2019agit d\u2019une commode dite \u00ab&nbsp;\u00e0 pont&nbsp;\u00bb (appel\u00e9e ainsi pour la forme de son b\u00e2ti formant un \u00ab&nbsp;pont&nbsp;\u00bb). Ce galbe en fa\u00e7ade, sur les c\u00f4t\u00e9s et les montants indiquent que le style louisquatorzien n\u2019est plus. Ces courbes affirm\u00e9es sont le r\u00e9sultat d\u2019une tr\u00e8s grande technicit\u00e9. Ce savoir-faire ne cesse de se developper et de se perfectionner dans ce premier tiers du XVIIIe si\u00e8cle.&nbsp;<\/p>\n\n\n<div class=\"wp-block-image\">\n<figure class=\"aligncenter size-large\"><a href=\"https:\/\/i0.wp.com\/www.proantic.com\/magazine\/wp-content\/uploads\/2024\/12\/1452366-6756f6e0911cb.jpg?ssl=1\"><img data-recalc-dims=\"1\" loading=\"lazy\" decoding=\"async\" width=\"665\" height=\"997\" data-attachment-id=\"17309\" data-permalink=\"https:\/\/www.proantic.com\/magazine\/commode-a-pont-attribuee-a-etienne-doirat\/1452366-6756f6e0911cb\/\" data-orig-file=\"https:\/\/i0.wp.com\/www.proantic.com\/magazine\/wp-content\/uploads\/2024\/12\/1452366-6756f6e0911cb.jpg?fit=724%2C1086&amp;ssl=1\" data-orig-size=\"724,1086\" data-comments-opened=\"1\" data-image-meta=\"{&quot;aperture&quot;:&quot;0&quot;,&quot;credit&quot;:&quot;&quot;,&quot;camera&quot;:&quot;&quot;,&quot;caption&quot;:&quot;&quot;,&quot;created_timestamp&quot;:&quot;0&quot;,&quot;copyright&quot;:&quot;&quot;,&quot;focal_length&quot;:&quot;0&quot;,&quot;iso&quot;:&quot;0&quot;,&quot;shutter_speed&quot;:&quot;0&quot;,&quot;title&quot;:&quot;&quot;,&quot;orientation&quot;:&quot;0&quot;}\" data-image-title=\"Commode \u00e0 pont R\u00e9gence. (c) Galerie Pellat de Villedon, Proantic\" data-image-description=\"\" data-image-caption=\"&lt;p&gt;Commode \u00e0 pont R\u00e9gence. (c) Galerie Pellat de Villedon, Proantic&lt;\/p&gt;\n\" data-medium-file=\"https:\/\/i0.wp.com\/www.proantic.com\/magazine\/wp-content\/uploads\/2024\/12\/1452366-6756f6e0911cb.jpg?fit=200%2C300&amp;ssl=1\" data-large-file=\"https:\/\/i0.wp.com\/www.proantic.com\/magazine\/wp-content\/uploads\/2024\/12\/1452366-6756f6e0911cb.jpg?fit=665%2C997&amp;ssl=1\" src=\"https:\/\/i0.wp.com\/www.proantic.com\/magazine\/wp-content\/uploads\/2024\/12\/1452366-6756f6e0911cb.jpg?resize=665%2C997&#038;ssl=1\" alt=\"\" class=\"wp-image-17309\" srcset=\"https:\/\/i0.wp.com\/www.proantic.com\/magazine\/wp-content\/uploads\/2024\/12\/1452366-6756f6e0911cb.jpg?resize=683%2C1024&amp;ssl=1 683w, https:\/\/i0.wp.com\/www.proantic.com\/magazine\/wp-content\/uploads\/2024\/12\/1452366-6756f6e0911cb.jpg?resize=200%2C300&amp;ssl=1 200w, https:\/\/i0.wp.com\/www.proantic.com\/magazine\/wp-content\/uploads\/2024\/12\/1452366-6756f6e0911cb.jpg?w=724&amp;ssl=1 724w\" sizes=\"auto, (max-width: 665px) 100vw, 665px\" \/><\/a><figcaption class=\"wp-element-caption\">Commode \u00e0 pont R\u00e9gence. (c)<a href=\"https:\/\/www.proantic.com\/galerie\/pellatdevilledon\/\"> Galerie Pellat de Villedon<\/a>, Proantic<\/figcaption><\/figure>\n<\/div>\n\n\n<p>La richesse des bronzes marque aussi la production de cette \u00e9poque. En effet, ils ne sont pas seulement l\u00e0 pour renforcer la solidit\u00e9 du meuble, mais ont aussi un r\u00f4le d\u00e9coratif. Les motifs \u00e0 la mode sont in\u00e9vitablement la coquille et les t\u00eates de personnages comme nous le prouve notre commode. De plus, c\u2019est notamment gr\u00e2ce \u00e0 ses bronzes que nous pouvons l\u2019attribuer au talentueux \u00e9b\u00e9niste Etienne Doirat. Sa production est compos\u00e9e notamment de nombreuses commodes. Selon Jean Dominique Augarde, seules ses oeuvres tardives sont estampill\u00e9es (rappelons que l\u2019estampille n\u2019est obligatoire qu\u2019\u00e0 partir de 1743). Ainsi, plusieurs commodes portant \u00ab&nbsp;sa signature&nbsp;\u00bb nous rappelle l\u2019oeuvre de notre \u00e9tude. C\u2019est le cas du lot 25 de la vente du 14 mars 2018 chez Christie\u2019s Londres, et de la commode sign\u00e9e reproduite dans l\u2019article de monsieur Jean Dominique Augarde dans \u00ab&nbsp;Etienne Doirat, Menuisier en \u00e9b\u00e8ne&nbsp;\u00bb dans le J. Paul Getty Museum Journal.<\/p>\n\n\n\n<figure class=\"wp-block-image size-large\"><a href=\"https:\/\/i0.wp.com\/www.proantic.com\/magazine\/wp-content\/uploads\/2024\/12\/1452366-alb-6756f6fa40133.jpg?ssl=1\"><img data-recalc-dims=\"1\" loading=\"lazy\" decoding=\"async\" width=\"665\" height=\"444\" data-attachment-id=\"17310\" data-permalink=\"https:\/\/www.proantic.com\/magazine\/commode-a-pont-attribuee-a-etienne-doirat\/1452366-alb-6756f6fa40133\/\" data-orig-file=\"https:\/\/i0.wp.com\/www.proantic.com\/magazine\/wp-content\/uploads\/2024\/12\/1452366-alb-6756f6fa40133.jpg?fit=1086%2C724&amp;ssl=1\" data-orig-size=\"1086,724\" data-comments-opened=\"1\" data-image-meta=\"{&quot;aperture&quot;:&quot;0&quot;,&quot;credit&quot;:&quot;&quot;,&quot;camera&quot;:&quot;&quot;,&quot;caption&quot;:&quot;&quot;,&quot;created_timestamp&quot;:&quot;0&quot;,&quot;copyright&quot;:&quot;&quot;,&quot;focal_length&quot;:&quot;0&quot;,&quot;iso&quot;:&quot;0&quot;,&quot;shutter_speed&quot;:&quot;0&quot;,&quot;title&quot;:&quot;&quot;,&quot;orientation&quot;:&quot;0&quot;}\" data-image-title=\"Commode \u00e0 pont R\u00e9gence. (c) Galerie Pellat de Villedon, Proantic\" data-image-description=\"\" data-image-caption=\"&lt;p&gt;Commode \u00e0 pont R\u00e9gence. (c) Galerie Pellat de Villedon, Proantic&lt;\/p&gt;\n\" data-medium-file=\"https:\/\/i0.wp.com\/www.proantic.com\/magazine\/wp-content\/uploads\/2024\/12\/1452366-alb-6756f6fa40133.jpg?fit=300%2C200&amp;ssl=1\" data-large-file=\"https:\/\/i0.wp.com\/www.proantic.com\/magazine\/wp-content\/uploads\/2024\/12\/1452366-alb-6756f6fa40133.jpg?fit=665%2C444&amp;ssl=1\" src=\"https:\/\/i0.wp.com\/www.proantic.com\/magazine\/wp-content\/uploads\/2024\/12\/1452366-alb-6756f6fa40133.jpg?resize=665%2C444&#038;ssl=1\" alt=\"\" class=\"wp-image-17310\" srcset=\"https:\/\/i0.wp.com\/www.proantic.com\/magazine\/wp-content\/uploads\/2024\/12\/1452366-alb-6756f6fa40133.jpg?resize=1024%2C683&amp;ssl=1 1024w, https:\/\/i0.wp.com\/www.proantic.com\/magazine\/wp-content\/uploads\/2024\/12\/1452366-alb-6756f6fa40133.jpg?resize=300%2C200&amp;ssl=1 300w, https:\/\/i0.wp.com\/www.proantic.com\/magazine\/wp-content\/uploads\/2024\/12\/1452366-alb-6756f6fa40133.jpg?resize=768%2C512&amp;ssl=1 768w, https:\/\/i0.wp.com\/www.proantic.com\/magazine\/wp-content\/uploads\/2024\/12\/1452366-alb-6756f6fa40133.jpg?w=1086&amp;ssl=1 1086w\" sizes=\"auto, (max-width: 665px) 100vw, 665px\" \/><\/a><figcaption class=\"wp-element-caption\">Commode \u00e0 pont R\u00e9gence. (c) <a href=\"https:\/\/www.proantic.com\/galerie\/pellatdevilledon\/\">Galerie Pellat de Villedon<\/a>, Proantic<\/figcaption><\/figure>\n\n\n\n<p>D\u2019autre part, l\u2019importance donn\u00e9e au frisage de la marqueterie ne peut que nous confirmer l\u2019attribution \u00e0 Etienne Doirat. Il appr\u00e9ciait particuli\u00e8rement mettre en valeur les bois de placages, qu\u2019il choisit avec soin parmi les essences les plus prestigieuses (telles que l\u2019amarante, le bois de violette, le bois de rose ou encore le palissandre). Les pointes de diamant sont des motifs qu\u2019il affectionne particuli\u00e8rement.&nbsp;<\/p>\n\n\n\n<p>Tant cette commode regorge de d\u00e9tails, que ce soit dans ses garnitures en bronze que dans ses jeux de fraisages, il nous est impossible de ne pas remarquer sa grande qualit\u00e9.&nbsp;<\/p>\n","protected":false},"excerpt":{"rendered":"<p>Commode \u00e0 pont en bois de palissandre ouvrant par quatre tiroirs sur trois rangs et reposant sur quatre petits pieds. La commode est garnie de bronzes dor\u00e9s sur un fond de marqueterie en pointe de diamants en sabots de pied, en entr\u00e9e de serrure, en motif de masque de C\u00e9r\u00e8s, en mains de tirage feuillag\u00e9es, [&hellip;]<\/p>\n","protected":false},"author":6,"featured_media":17311,"comment_status":"closed","ping_status":"closed","sticky":false,"template":"","format":"standard","meta":{"jetpack_post_was_ever_published":false,"_jetpack_newsletter_access":"","_jetpack_dont_email_post_to_subs":false,"_jetpack_newsletter_tier_id":0,"_jetpack_memberships_contains_paywalled_content":false,"_jetpack_memberships_contains_paid_content":false,"footnotes":"","jetpack_publicize_message":"","jetpack_publicize_feature_enabled":true,"jetpack_social_post_already_shared":false,"jetpack_social_options":{"image_generator_settings":{"template":"highway","default_image_id":0,"font":"","enabled":false},"version":2}},"categories":[180],"tags":[],"class_list":["post-17307","post","type-post","status-publish","format-standard","has-post-thumbnail","hentry","category-arts-decoratifs-proantic"],"yoast_head":"<!-- This site is optimized with the Yoast SEO plugin v26.9 - https:\/\/yoast.com\/product\/yoast-seo-wordpress\/ -->\n<title>Commode \u00e0 pont attribu\u00e9e \u00e0 Etienne Doirat Le Magazine de Proantic<\/title>\n<meta name=\"description\" content=\"Commode \u00e0 pont en bois de palissandre ouvrant par quatre tiroirs sur trois rangs et reposant sur quatre petits pieds. La commode est garnie de bronzes\" \/>\n<meta name=\"robots\" content=\"index, follow, max-snippet:-1, max-image-preview:large, max-video-preview:-1\" \/>\n<link rel=\"canonical\" href=\"https:\/\/www.proantic.com\/magazine\/commode-a-pont-attribuee-a-etienne-doirat\/\" \/>\n<meta property=\"og:locale\" content=\"fr_FR\" \/>\n<meta property=\"og:type\" content=\"article\" \/>\n<meta property=\"og:title\" content=\"Commode \u00e0 pont attribu\u00e9e \u00e0 Etienne Doirat Le Magazine de Proantic\" \/>\n<meta property=\"og:description\" content=\"Commode \u00e0 pont en bois de palissandre ouvrant par quatre tiroirs sur trois rangs et reposant sur quatre petits pieds. La commode est garnie de bronzes\" \/>\n<meta property=\"og:url\" content=\"https:\/\/www.proantic.com\/magazine\/commode-a-pont-attribuee-a-etienne-doirat\/\" \/>\n<meta property=\"og:site_name\" content=\"Le Magazine de Proantic\" \/>\n<meta property=\"article:publisher\" content=\"https:\/\/www.facebook.com\/pages\/Proantic\/\/259180871793\" \/>\n<meta property=\"article:published_time\" content=\"2024-12-24T13:47:37+00:00\" \/>\n<meta property=\"article:modified_time\" content=\"2026-01-06T10:11:36+00:00\" \/>\n<meta property=\"og:image\" content=\"https:\/\/www.proantic.com\/magazine\/wp-content\/uploads\/2024\/12\/1452366-main-6756f5f814172.jpg\" \/>\n\t<meta property=\"og:image:width\" content=\"1086\" \/>\n\t<meta property=\"og:image:height\" content=\"724\" \/>\n\t<meta property=\"og:image:type\" content=\"image\/jpeg\" \/>\n<meta name=\"author\" content=\"C\u00e9line Autant\" \/>\n<meta name=\"twitter:label1\" content=\"\u00c9crit par\" \/>\n\t<meta name=\"twitter:data1\" content=\"C\u00e9line Autant\" \/>\n\t<meta name=\"twitter:label2\" content=\"Dur\u00e9e de lecture estim\u00e9e\" \/>\n\t<meta name=\"twitter:data2\" content=\"4 minutes\" \/>\n<script type=\"application\/ld+json\" class=\"yoast-schema-graph\">{\"@context\":\"https:\/\/schema.org\",\"@graph\":[{\"@type\":\"Article\",\"@id\":\"https:\/\/www.proantic.com\/magazine\/commode-a-pont-attribuee-a-etienne-doirat\/#article\",\"isPartOf\":{\"@id\":\"https:\/\/www.proantic.com\/magazine\/commode-a-pont-attribuee-a-etienne-doirat\/\"},\"author\":{\"name\":\"C\u00e9line Autant\",\"@id\":\"https:\/\/www.proantic.com\/magazine\/#\/schema\/person\/932db14f53d245f4acce86a3fe906582\"},\"headline\":\"Commode \u00e0 pont attribu\u00e9e \u00e0 Etienne Doirat\",\"datePublished\":\"2024-12-24T13:47:37+00:00\",\"dateModified\":\"2026-01-06T10:11:36+00:00\",\"mainEntityOfPage\":{\"@id\":\"https:\/\/www.proantic.com\/magazine\/commode-a-pont-attribuee-a-etienne-doirat\/\"},\"wordCount\":552,\"image\":{\"@id\":\"https:\/\/www.proantic.com\/magazine\/commode-a-pont-attribuee-a-etienne-doirat\/#primaryimage\"},\"thumbnailUrl\":\"https:\/\/i0.wp.com\/www.proantic.com\/magazine\/wp-content\/uploads\/2024\/12\/1452366-main-6756f5f814172.jpg?fit=1086%2C724&ssl=1\",\"articleSection\":[\"Arts d\u00e9coratifs sur Proantic\"],\"inLanguage\":\"fr-FR\"},{\"@type\":\"WebPage\",\"@id\":\"https:\/\/www.proantic.com\/magazine\/commode-a-pont-attribuee-a-etienne-doirat\/\",\"url\":\"https:\/\/www.proantic.com\/magazine\/commode-a-pont-attribuee-a-etienne-doirat\/\",\"name\":\"Commode \u00e0 pont attribu\u00e9e \u00e0 Etienne Doirat Le Magazine de Proantic\",\"isPartOf\":{\"@id\":\"https:\/\/www.proantic.com\/magazine\/#website\"},\"primaryImageOfPage\":{\"@id\":\"https:\/\/www.proantic.com\/magazine\/commode-a-pont-attribuee-a-etienne-doirat\/#primaryimage\"},\"image\":{\"@id\":\"https:\/\/www.proantic.com\/magazine\/commode-a-pont-attribuee-a-etienne-doirat\/#primaryimage\"},\"thumbnailUrl\":\"https:\/\/i0.wp.com\/www.proantic.com\/magazine\/wp-content\/uploads\/2024\/12\/1452366-main-6756f5f814172.jpg?fit=1086%2C724&ssl=1\",\"datePublished\":\"2024-12-24T13:47:37+00:00\",\"dateModified\":\"2026-01-06T10:11:36+00:00\",\"author\":{\"@id\":\"https:\/\/www.proantic.com\/magazine\/#\/schema\/person\/932db14f53d245f4acce86a3fe906582\"},\"description\":\"Commode \u00e0 pont en bois de palissandre ouvrant par quatre tiroirs sur trois rangs et reposant sur quatre petits pieds. La commode est garnie de bronzes\",\"breadcrumb\":{\"@id\":\"https:\/\/www.proantic.com\/magazine\/commode-a-pont-attribuee-a-etienne-doirat\/#breadcrumb\"},\"inLanguage\":\"fr-FR\",\"potentialAction\":[{\"@type\":\"ReadAction\",\"target\":[\"https:\/\/www.proantic.com\/magazine\/commode-a-pont-attribuee-a-etienne-doirat\/\"]}]},{\"@type\":\"ImageObject\",\"inLanguage\":\"fr-FR\",\"@id\":\"https:\/\/www.proantic.com\/magazine\/commode-a-pont-attribuee-a-etienne-doirat\/#primaryimage\",\"url\":\"https:\/\/i0.wp.com\/www.proantic.com\/magazine\/wp-content\/uploads\/2024\/12\/1452366-main-6756f5f814172.jpg?fit=1086%2C724&ssl=1\",\"contentUrl\":\"https:\/\/i0.wp.com\/www.proantic.com\/magazine\/wp-content\/uploads\/2024\/12\/1452366-main-6756f5f814172.jpg?fit=1086%2C724&ssl=1\",\"width\":1086,\"height\":724},{\"@type\":\"BreadcrumbList\",\"@id\":\"https:\/\/www.proantic.com\/magazine\/commode-a-pont-attribuee-a-etienne-doirat\/#breadcrumb\",\"itemListElement\":[{\"@type\":\"ListItem\",\"position\":1,\"name\":\"Accueil\",\"item\":\"https:\/\/www.proantic.com\/magazine\/\"},{\"@type\":\"ListItem\",\"position\":2,\"name\":\"Commode \u00e0 pont attribu\u00e9e \u00e0 Etienne Doirat\"}]},{\"@type\":\"WebSite\",\"@id\":\"https:\/\/www.proantic.com\/magazine\/#website\",\"url\":\"https:\/\/www.proantic.com\/magazine\/\",\"name\":\"Le Magazine de Proantic\",\"description\":\"Magazine d&#039;art et expositions\",\"potentialAction\":[{\"@type\":\"SearchAction\",\"target\":{\"@type\":\"EntryPoint\",\"urlTemplate\":\"https:\/\/www.proantic.com\/magazine\/?s={search_term_string}\"},\"query-input\":{\"@type\":\"PropertyValueSpecification\",\"valueRequired\":true,\"valueName\":\"search_term_string\"}}],\"inLanguage\":\"fr-FR\"},{\"@type\":\"Person\",\"@id\":\"https:\/\/www.proantic.com\/magazine\/#\/schema\/person\/932db14f53d245f4acce86a3fe906582\",\"name\":\"C\u00e9line Autant\"}]}<\/script>\n<!-- \/ Yoast SEO plugin. -->","yoast_head_json":{"title":"Commode \u00e0 pont attribu\u00e9e \u00e0 Etienne Doirat Le Magazine de Proantic","description":"Commode \u00e0 pont en bois de palissandre ouvrant par quatre tiroirs sur trois rangs et reposant sur quatre petits pieds. La commode est garnie de bronzes","robots":{"index":"index","follow":"follow","max-snippet":"max-snippet:-1","max-image-preview":"max-image-preview:large","max-video-preview":"max-video-preview:-1"},"canonical":"https:\/\/www.proantic.com\/magazine\/commode-a-pont-attribuee-a-etienne-doirat\/","og_locale":"fr_FR","og_type":"article","og_title":"Commode \u00e0 pont attribu\u00e9e \u00e0 Etienne Doirat Le Magazine de Proantic","og_description":"Commode \u00e0 pont en bois de palissandre ouvrant par quatre tiroirs sur trois rangs et reposant sur quatre petits pieds. La commode est garnie de bronzes","og_url":"https:\/\/www.proantic.com\/magazine\/commode-a-pont-attribuee-a-etienne-doirat\/","og_site_name":"Le Magazine de Proantic","article_publisher":"https:\/\/www.facebook.com\/pages\/Proantic\/\/259180871793","article_published_time":"2024-12-24T13:47:37+00:00","article_modified_time":"2026-01-06T10:11:36+00:00","og_image":[{"width":1086,"height":724,"url":"https:\/\/www.proantic.com\/magazine\/wp-content\/uploads\/2024\/12\/1452366-main-6756f5f814172.jpg","type":"image\/jpeg"}],"author":"C\u00e9line Autant","twitter_misc":{"\u00c9crit par":"C\u00e9line Autant","Dur\u00e9e de lecture estim\u00e9e":"4 minutes"},"schema":{"@context":"https:\/\/schema.org","@graph":[{"@type":"Article","@id":"https:\/\/www.proantic.com\/magazine\/commode-a-pont-attribuee-a-etienne-doirat\/#article","isPartOf":{"@id":"https:\/\/www.proantic.com\/magazine\/commode-a-pont-attribuee-a-etienne-doirat\/"},"author":{"name":"C\u00e9line Autant","@id":"https:\/\/www.proantic.com\/magazine\/#\/schema\/person\/932db14f53d245f4acce86a3fe906582"},"headline":"Commode \u00e0 pont attribu\u00e9e \u00e0 Etienne Doirat","datePublished":"2024-12-24T13:47:37+00:00","dateModified":"2026-01-06T10:11:36+00:00","mainEntityOfPage":{"@id":"https:\/\/www.proantic.com\/magazine\/commode-a-pont-attribuee-a-etienne-doirat\/"},"wordCount":552,"image":{"@id":"https:\/\/www.proantic.com\/magazine\/commode-a-pont-attribuee-a-etienne-doirat\/#primaryimage"},"thumbnailUrl":"https:\/\/i0.wp.com\/www.proantic.com\/magazine\/wp-content\/uploads\/2024\/12\/1452366-main-6756f5f814172.jpg?fit=1086%2C724&ssl=1","articleSection":["Arts d\u00e9coratifs sur Proantic"],"inLanguage":"fr-FR"},{"@type":"WebPage","@id":"https:\/\/www.proantic.com\/magazine\/commode-a-pont-attribuee-a-etienne-doirat\/","url":"https:\/\/www.proantic.com\/magazine\/commode-a-pont-attribuee-a-etienne-doirat\/","name":"Commode \u00e0 pont attribu\u00e9e \u00e0 Etienne Doirat Le Magazine de Proantic","isPartOf":{"@id":"https:\/\/www.proantic.com\/magazine\/#website"},"primaryImageOfPage":{"@id":"https:\/\/www.proantic.com\/magazine\/commode-a-pont-attribuee-a-etienne-doirat\/#primaryimage"},"image":{"@id":"https:\/\/www.proantic.com\/magazine\/commode-a-pont-attribuee-a-etienne-doirat\/#primaryimage"},"thumbnailUrl":"https:\/\/i0.wp.com\/www.proantic.com\/magazine\/wp-content\/uploads\/2024\/12\/1452366-main-6756f5f814172.jpg?fit=1086%2C724&ssl=1","datePublished":"2024-12-24T13:47:37+00:00","dateModified":"2026-01-06T10:11:36+00:00","author":{"@id":"https:\/\/www.proantic.com\/magazine\/#\/schema\/person\/932db14f53d245f4acce86a3fe906582"},"description":"Commode \u00e0 pont en bois de palissandre ouvrant par quatre tiroirs sur trois rangs et reposant sur quatre petits pieds. La commode est garnie de bronzes","breadcrumb":{"@id":"https:\/\/www.proantic.com\/magazine\/commode-a-pont-attribuee-a-etienne-doirat\/#breadcrumb"},"inLanguage":"fr-FR","potentialAction":[{"@type":"ReadAction","target":["https:\/\/www.proantic.com\/magazine\/commode-a-pont-attribuee-a-etienne-doirat\/"]}]},{"@type":"ImageObject","inLanguage":"fr-FR","@id":"https:\/\/www.proantic.com\/magazine\/commode-a-pont-attribuee-a-etienne-doirat\/#primaryimage","url":"https:\/\/i0.wp.com\/www.proantic.com\/magazine\/wp-content\/uploads\/2024\/12\/1452366-main-6756f5f814172.jpg?fit=1086%2C724&ssl=1","contentUrl":"https:\/\/i0.wp.com\/www.proantic.com\/magazine\/wp-content\/uploads\/2024\/12\/1452366-main-6756f5f814172.jpg?fit=1086%2C724&ssl=1","width":1086,"height":724},{"@type":"BreadcrumbList","@id":"https:\/\/www.proantic.com\/magazine\/commode-a-pont-attribuee-a-etienne-doirat\/#breadcrumb","itemListElement":[{"@type":"ListItem","position":1,"name":"Accueil","item":"https:\/\/www.proantic.com\/magazine\/"},{"@type":"ListItem","position":2,"name":"Commode \u00e0 pont attribu\u00e9e \u00e0 Etienne Doirat"}]},{"@type":"WebSite","@id":"https:\/\/www.proantic.com\/magazine\/#website","url":"https:\/\/www.proantic.com\/magazine\/","name":"Le Magazine de Proantic","description":"Magazine d&#039;art et expositions","potentialAction":[{"@type":"SearchAction","target":{"@type":"EntryPoint","urlTemplate":"https:\/\/www.proantic.com\/magazine\/?s={search_term_string}"},"query-input":{"@type":"PropertyValueSpecification","valueRequired":true,"valueName":"search_term_string"}}],"inLanguage":"fr-FR"},{"@type":"Person","@id":"https:\/\/www.proantic.com\/magazine\/#\/schema\/person\/932db14f53d245f4acce86a3fe906582","name":"C\u00e9line Autant"}]}},"jetpack_publicize_connections":[],"jetpack_featured_media_url":"https:\/\/i0.wp.com\/www.proantic.com\/magazine\/wp-content\/uploads\/2024\/12\/1452366-main-6756f5f814172.jpg?fit=1086%2C724&ssl=1","jetpack_shortlink":"https:\/\/wp.me\/p7EkP3-4v9","jetpack_sharing_enabled":true,"_links":{"self":[{"href":"https:\/\/www.proantic.com\/magazine\/wp-json\/wp\/v2\/posts\/17307","targetHints":{"allow":["GET"]}}],"collection":[{"href":"https:\/\/www.proantic.com\/magazine\/wp-json\/wp\/v2\/posts"}],"about":[{"href":"https:\/\/www.proantic.com\/magazine\/wp-json\/wp\/v2\/types\/post"}],"author":[{"embeddable":true,"href":"https:\/\/www.proantic.com\/magazine\/wp-json\/wp\/v2\/users\/6"}],"replies":[{"embeddable":true,"href":"https:\/\/www.proantic.com\/magazine\/wp-json\/wp\/v2\/comments?post=17307"}],"version-history":[{"count":1,"href":"https:\/\/www.proantic.com\/magazine\/wp-json\/wp\/v2\/posts\/17307\/revisions"}],"predecessor-version":[{"id":17312,"href":"https:\/\/www.proantic.com\/magazine\/wp-json\/wp\/v2\/posts\/17307\/revisions\/17312"}],"wp:featuredmedia":[{"embeddable":true,"href":"https:\/\/www.proantic.com\/magazine\/wp-json\/wp\/v2\/media\/17311"}],"wp:attachment":[{"href":"https:\/\/www.proantic.com\/magazine\/wp-json\/wp\/v2\/media?parent=17307"}],"wp:term":[{"taxonomy":"category","embeddable":true,"href":"https:\/\/www.proantic.com\/magazine\/wp-json\/wp\/v2\/categories?post=17307"},{"taxonomy":"post_tag","embeddable":true,"href":"https:\/\/www.proantic.com\/magazine\/wp-json\/wp\/v2\/tags?post=17307"}],"curies":[{"name":"wp","href":"https:\/\/api.w.org\/{rel}","templated":true}]}}