{"id":17080,"date":"2024-09-22T13:15:21","date_gmt":"2024-09-22T12:15:21","guid":{"rendered":"https:\/\/www.proantic.com\/magazine\/?p=17080"},"modified":"2024-09-22T13:15:21","modified_gmt":"2024-09-22T12:15:21","slug":"oudrymania-fables-chasses-combats","status":"publish","type":"post","link":"https:\/\/www.proantic.com\/magazine\/oudrymania-fables-chasses-combats\/","title":{"rendered":"Oudrymania, Fables, Chasses, Combats"},"content":{"rendered":"\n<p><strong>S\u2019associant au ch\u00e2teau de Fontainebleau dans le cadre d\u2019un partenariat exceptionnel, le mus\u00e9e Cond\u00e9 pr\u00e9sentera du jusqu&rsquo;au 6 octobre 2024 une exposition consacr\u00e9e \u00e0 Jean-Baptiste Oudry. <\/strong>En plus de souligner combien ce peintre animalier s\u2019inscrit au c\u0153ur de l\u2019histoire du ch\u00e2teau de Chantilly, ce projet \u00e9clairera la ferveur qu\u2019Oudry n\u2019a jamais cess\u00e9 de conna\u00eetre aupr\u00e8s des amateurs ainsi que la p\u00e9n\u00e9tration de ses compositions dans les arts d\u00e9coratifs, le monde de l\u2019\u00e9dition ou les d\u00e9cors des r\u00e9sidences nobiliaires et princi\u00e8res. <\/p>\n\n\n\n<figure class=\"wp-block-image size-large\"><a href=\"https:\/\/i0.wp.com\/www.proantic.com\/magazine\/wp-content\/uploads\/2024\/09\/7._jean-baptiste_oudry_etude_de_chien_vers_1730-1740_pierre_noire_et_rehauts_de_craie_blanche_sur_papier_bleu_23_35_cm_paris_collection_particuliere_c_-_copie.jpg?ssl=1\" data-lightbox=\"gal[17080]\"><img data-recalc-dims=\"1\" loading=\"lazy\" decoding=\"async\" width=\"665\" height=\"462\" data-attachment-id=\"17082\" data-permalink=\"https:\/\/www.proantic.com\/magazine\/oudrymania-fables-chasses-combats\/7-_jean-baptiste_oudry_etude_de_chien_vers_1730-1740_pierre_noire_et_rehauts_de_craie_blanche_sur_papier_bleu_23_35_cm_paris_collection_particuliere_c_-_copie\/\" data-orig-file=\"https:\/\/i0.wp.com\/www.proantic.com\/magazine\/wp-content\/uploads\/2024\/09\/7._jean-baptiste_oudry_etude_de_chien_vers_1730-1740_pierre_noire_et_rehauts_de_craie_blanche_sur_papier_bleu_23_35_cm_paris_collection_particuliere_c_-_copie.jpg?fit=2000%2C1388&amp;ssl=1\" data-orig-size=\"2000,1388\" data-comments-opened=\"1\" data-image-meta=\"{&quot;aperture&quot;:&quot;16&quot;,&quot;credit&quot;:&quot;&quot;,&quot;camera&quot;:&quot;Canon EOS 5DS R&quot;,&quot;caption&quot;:&quot;&quot;,&quot;created_timestamp&quot;:&quot;1697637693&quot;,&quot;copyright&quot;:&quot;&quot;,&quot;focal_length&quot;:&quot;100&quot;,&quot;iso&quot;:&quot;100&quot;,&quot;shutter_speed&quot;:&quot;0.00625&quot;,&quot;title&quot;:&quot;&quot;,&quot;orientation&quot;:&quot;1&quot;}\" data-image-title=\"Oudrymania, Fables, Chasses, Combats\" data-image-description=\"\" data-image-caption=\"\" data-medium-file=\"https:\/\/i0.wp.com\/www.proantic.com\/magazine\/wp-content\/uploads\/2024\/09\/7._jean-baptiste_oudry_etude_de_chien_vers_1730-1740_pierre_noire_et_rehauts_de_craie_blanche_sur_papier_bleu_23_35_cm_paris_collection_particuliere_c_-_copie.jpg?fit=300%2C208&amp;ssl=1\" data-large-file=\"https:\/\/i0.wp.com\/www.proantic.com\/magazine\/wp-content\/uploads\/2024\/09\/7._jean-baptiste_oudry_etude_de_chien_vers_1730-1740_pierre_noire_et_rehauts_de_craie_blanche_sur_papier_bleu_23_35_cm_paris_collection_particuliere_c_-_copie.jpg?fit=665%2C462&amp;ssl=1\" src=\"https:\/\/i0.wp.com\/www.proantic.com\/magazine\/wp-content\/uploads\/2024\/09\/7._jean-baptiste_oudry_etude_de_chien_vers_1730-1740_pierre_noire_et_rehauts_de_craie_blanche_sur_papier_bleu_23_35_cm_paris_collection_particuliere_c_-_copie.jpg?resize=665%2C462&#038;ssl=1\" alt=\"\" class=\"wp-image-17082\" srcset=\"https:\/\/i0.wp.com\/www.proantic.com\/magazine\/wp-content\/uploads\/2024\/09\/7._jean-baptiste_oudry_etude_de_chien_vers_1730-1740_pierre_noire_et_rehauts_de_craie_blanche_sur_papier_bleu_23_35_cm_paris_collection_particuliere_c_-_copie.jpg?resize=1024%2C711&amp;ssl=1 1024w, https:\/\/i0.wp.com\/www.proantic.com\/magazine\/wp-content\/uploads\/2024\/09\/7._jean-baptiste_oudry_etude_de_chien_vers_1730-1740_pierre_noire_et_rehauts_de_craie_blanche_sur_papier_bleu_23_35_cm_paris_collection_particuliere_c_-_copie.jpg?resize=300%2C208&amp;ssl=1 300w, https:\/\/i0.wp.com\/www.proantic.com\/magazine\/wp-content\/uploads\/2024\/09\/7._jean-baptiste_oudry_etude_de_chien_vers_1730-1740_pierre_noire_et_rehauts_de_craie_blanche_sur_papier_bleu_23_35_cm_paris_collection_particuliere_c_-_copie.jpg?resize=768%2C533&amp;ssl=1 768w, https:\/\/i0.wp.com\/www.proantic.com\/magazine\/wp-content\/uploads\/2024\/09\/7._jean-baptiste_oudry_etude_de_chien_vers_1730-1740_pierre_noire_et_rehauts_de_craie_blanche_sur_papier_bleu_23_35_cm_paris_collection_particuliere_c_-_copie.jpg?resize=1536%2C1066&amp;ssl=1 1536w, https:\/\/i0.wp.com\/www.proantic.com\/magazine\/wp-content\/uploads\/2024\/09\/7._jean-baptiste_oudry_etude_de_chien_vers_1730-1740_pierre_noire_et_rehauts_de_craie_blanche_sur_papier_bleu_23_35_cm_paris_collection_particuliere_c_-_copie.jpg?w=2000&amp;ssl=1 2000w, https:\/\/i0.wp.com\/www.proantic.com\/magazine\/wp-content\/uploads\/2024\/09\/7._jean-baptiste_oudry_etude_de_chien_vers_1730-1740_pierre_noire_et_rehauts_de_craie_blanche_sur_papier_bleu_23_35_cm_paris_collection_particuliere_c_-_copie.jpg?w=1330&amp;ssl=1 1330w\" sizes=\"auto, (max-width: 665px) 100vw, 665px\" \/><\/a><\/figure>\n\n\n\n<p>Cette d\u00e9monstration est construite en \u00e9cho \u00e0 celle propos\u00e9e concomitamment par le ch\u00e2teau de Fontainebleau, qui placera les cartons des Chasses Royales r\u00e9alis\u00e9s par l\u2019artiste au centre de toutes les attentions. Si la gen\u00e8se, l\u2019ex\u00e9cution technique ou la place qu\u2019occupent ces \u0153uvres monumentales \u00e0 Fontainebleau seront pr\u00e9sent\u00e9es \u00e0 la lumi\u00e8re de leur r\u00e9cente restauration, le propos sera aussi \u00e9largi aux chasses d\u2019Oudry et \u00e0 leur extraordinaire succ\u00e8s au XVIIIe si\u00e8cle.<\/p>\n\n\n\n<figure class=\"wp-block-image size-full\"><a href=\"https:\/\/i0.wp.com\/www.proantic.com\/magazine\/wp-content\/uploads\/2024\/09\/oudry-combat-d_elephants.jpg?ssl=1\" data-lightbox=\"gal[17080]\"><img data-recalc-dims=\"1\" loading=\"lazy\" decoding=\"async\" width=\"665\" height=\"402\" data-attachment-id=\"17083\" data-permalink=\"https:\/\/www.proantic.com\/magazine\/oudrymania-fables-chasses-combats\/oudry-combat-d_elephants\/\" data-orig-file=\"https:\/\/i0.wp.com\/www.proantic.com\/magazine\/wp-content\/uploads\/2024\/09\/oudry-combat-d_elephants.jpg?fit=1000%2C605&amp;ssl=1\" data-orig-size=\"1000,605\" data-comments-opened=\"1\" data-image-meta=\"{&quot;aperture&quot;:&quot;0&quot;,&quot;credit&quot;:&quot;&quot;,&quot;camera&quot;:&quot;&quot;,&quot;caption&quot;:&quot;&quot;,&quot;created_timestamp&quot;:&quot;0&quot;,&quot;copyright&quot;:&quot;&quot;,&quot;focal_length&quot;:&quot;0&quot;,&quot;iso&quot;:&quot;0&quot;,&quot;shutter_speed&quot;:&quot;0&quot;,&quot;title&quot;:&quot;&quot;,&quot;orientation&quot;:&quot;0&quot;}\" data-image-title=\"Oudrymania, Fables, Chasses, Combats\" data-image-description=\"\" data-image-caption=\"\" data-medium-file=\"https:\/\/i0.wp.com\/www.proantic.com\/magazine\/wp-content\/uploads\/2024\/09\/oudry-combat-d_elephants.jpg?fit=300%2C182&amp;ssl=1\" data-large-file=\"https:\/\/i0.wp.com\/www.proantic.com\/magazine\/wp-content\/uploads\/2024\/09\/oudry-combat-d_elephants.jpg?fit=665%2C402&amp;ssl=1\" src=\"https:\/\/i0.wp.com\/www.proantic.com\/magazine\/wp-content\/uploads\/2024\/09\/oudry-combat-d_elephants.jpg?resize=665%2C402&#038;ssl=1\" alt=\"\" class=\"wp-image-17083\" srcset=\"https:\/\/i0.wp.com\/www.proantic.com\/magazine\/wp-content\/uploads\/2024\/09\/oudry-combat-d_elephants.jpg?w=1000&amp;ssl=1 1000w, https:\/\/i0.wp.com\/www.proantic.com\/magazine\/wp-content\/uploads\/2024\/09\/oudry-combat-d_elephants.jpg?resize=300%2C182&amp;ssl=1 300w, https:\/\/i0.wp.com\/www.proantic.com\/magazine\/wp-content\/uploads\/2024\/09\/oudry-combat-d_elephants.jpg?resize=768%2C465&amp;ssl=1 768w\" sizes=\"auto, (max-width: 665px) 100vw, 665px\" \/><\/a><\/figure>\n\n\n\n<p>LE D\u00c9TOUR PAR L\u2019ANIMAL<br>Repr\u00e9sent\u00e9s \u00e0 la chasse, en portrait ou au combat, les animaux d\u2019Oudry sont des r\u00e9f\u00e9rences incontournables du r\u00e8gne animal en images. Parmi ses \u0153uvres ayant le plus fortement p\u00e9n\u00e9tr\u00e9 notre imaginaire visuel, ses illustrations pour les fables de La Fontaine s\u2019imposent comme un mod\u00e8le d\u2019efficacit\u00e9 graphique.<\/p>\n\n\n\n<figure class=\"wp-block-image size-full\"><a href=\"https:\/\/i0.wp.com\/www.proantic.com\/magazine\/wp-content\/uploads\/2024\/09\/chasse_au_loup_-_oudry.jpg?ssl=1\" data-lightbox=\"gal[17080]\"><img data-recalc-dims=\"1\" loading=\"lazy\" decoding=\"async\" width=\"665\" height=\"593\" data-attachment-id=\"17084\" data-permalink=\"https:\/\/www.proantic.com\/magazine\/oudrymania-fables-chasses-combats\/chasse_au_loup_-_oudry\/\" data-orig-file=\"https:\/\/i0.wp.com\/www.proantic.com\/magazine\/wp-content\/uploads\/2024\/09\/chasse_au_loup_-_oudry.jpg?fit=1000%2C891&amp;ssl=1\" data-orig-size=\"1000,891\" data-comments-opened=\"1\" data-image-meta=\"{&quot;aperture&quot;:&quot;0&quot;,&quot;credit&quot;:&quot;&quot;,&quot;camera&quot;:&quot;&quot;,&quot;caption&quot;:&quot;&quot;,&quot;created_timestamp&quot;:&quot;0&quot;,&quot;copyright&quot;:&quot;&quot;,&quot;focal_length&quot;:&quot;0&quot;,&quot;iso&quot;:&quot;0&quot;,&quot;shutter_speed&quot;:&quot;0&quot;,&quot;title&quot;:&quot;&quot;,&quot;orientation&quot;:&quot;0&quot;}\" data-image-title=\"Oudrymania, Fables, Chasses, Combats\" data-image-description=\"\" data-image-caption=\"\" data-medium-file=\"https:\/\/i0.wp.com\/www.proantic.com\/magazine\/wp-content\/uploads\/2024\/09\/chasse_au_loup_-_oudry.jpg?fit=300%2C267&amp;ssl=1\" data-large-file=\"https:\/\/i0.wp.com\/www.proantic.com\/magazine\/wp-content\/uploads\/2024\/09\/chasse_au_loup_-_oudry.jpg?fit=665%2C593&amp;ssl=1\" src=\"https:\/\/i0.wp.com\/www.proantic.com\/magazine\/wp-content\/uploads\/2024\/09\/chasse_au_loup_-_oudry.jpg?resize=665%2C593&#038;ssl=1\" alt=\"\" class=\"wp-image-17084\" srcset=\"https:\/\/i0.wp.com\/www.proantic.com\/magazine\/wp-content\/uploads\/2024\/09\/chasse_au_loup_-_oudry.jpg?w=1000&amp;ssl=1 1000w, https:\/\/i0.wp.com\/www.proantic.com\/magazine\/wp-content\/uploads\/2024\/09\/chasse_au_loup_-_oudry.jpg?resize=300%2C267&amp;ssl=1 300w, https:\/\/i0.wp.com\/www.proantic.com\/magazine\/wp-content\/uploads\/2024\/09\/chasse_au_loup_-_oudry.jpg?resize=768%2C684&amp;ssl=1 768w\" sizes=\"auto, (max-width: 665px) 100vw, 665px\" \/><\/a><\/figure>\n\n\n\n<p> Ce temps de l\u2019exposition nouera un dialogue avec l\u2019ADN m\u00eame du ch\u00e2teau de Chantilly, puisque les fables animali\u00e8res rejoignent par leur fonction deux de ses ensembles d\u00e9coratifs les plus embl\u00e9matiques : la Grande et la Petite Singerie, attribu\u00e9es \u00e0 Christophe Huet. Que ce soit en convertissant la famille de Bourbon-Cond\u00e9 en singes ou en montrant ces animaux s\u2019adonner aux activit\u00e9s d\u2019un quotidien princier, ces singeries jouent des m\u00eames ressorts que les fables : le d\u00e9tour par l\u2019animal est un subterfuge pour mieux faire rire et cibler des traits propres \u00e0 la nature humaine. On mesure ainsi combien l\u2019attention pr\u00eat\u00e9e au monde animal par le XVIIIe si\u00e8cle est anthropocentr\u00e9e. D\u00e9guisant les travers de ses m\u0153urs ou de sa classe dirigeante en animaux pour ne s\u2019en moquer qu\u2019\u00e0 demi-mot, cette \u00e9poque porte pr\u00e9cis\u00e9ment Oudry ou Huet aux nues parce que le miroir tendu par leurs repr\u00e9sentations animales \u00e0 sa com\u00e9die humaine joue des charmes de l\u2019exotisme et de l\u2019alt\u00e9rit\u00e9 sans se d\u00e9partir ni de raffinement, ni d\u2019humour.<\/p>\n\n\n\n<figure class=\"wp-block-embed is-type-video is-provider-youtube wp-block-embed-youtube wp-embed-aspect-16-9 wp-has-aspect-ratio\"><div class=\"wp-block-embed__wrapper\">\n<span class=\"embed-youtube\" style=\"text-align:center; display: block;\"><iframe loading=\"lazy\" class=\"youtube-player\" width=\"665\" height=\"375\" src=\"https:\/\/www.youtube.com\/embed\/2OaUJjqB1PQ?version=3&#038;rel=1&#038;showsearch=0&#038;showinfo=1&#038;iv_load_policy=1&#038;fs=1&#038;hl=fr-FR&#038;autohide=2&#038;wmode=transparent\" allowfullscreen=\"true\" style=\"border:0;\" sandbox=\"allow-scripts allow-same-origin allow-popups allow-presentation allow-popups-to-escape-sandbox\"><\/iframe><\/span>\n<\/div><\/figure>\n\n\n\n<p class=\"has-text-align-left\">OUDRY \u00c0 CHANTILLY<br>Du triptyque cyn\u00e9g\u00e9tique command\u00e9 \u00e0 Oudry par le prince de Cond\u00e9 et repr\u00e9sentant des chasses au loup, au renard et au chevreuil, seules les deux premi\u00e8res compositions sont encore conserv\u00e9es au ch\u00e2teau de Chantilly. Toutes trois install\u00e9es dans la salle des Gardes du ch\u00e2teau, elles sont saisies \u00e0 la R\u00e9volution puis s\u00e9par\u00e9es sous la Restauration : tandis que les chasses au loup et au renard sont restitu\u00e9es \u00e0 la famille de Cond\u00e9, La chasse au chevreuil est transf\u00e9r\u00e9e au mus\u00e9e des Beaux-Arts de Rouen en 1820.<\/p>\n\n\n\n<p>Enrichies des nombreux apports r\u00e9sultant d\u2019une restauration in\u00e9dite, les deux Oudry de Chantilly seront pr\u00e9sent\u00e9s sous un jour nouveau, dans le cadre de cette exposition qui r\u00e9unira les trois toiles afin de reconstituer dans son int\u00e9gralit\u00e9 le d\u00e9cor con\u00e7u par Oudry pour le ch\u00e2teau : une premi\u00e8re depuis la R\u00e9volution fran\u00e7aise qui permettra au visiteur de plonger dans le processus d\u2019\u00e9laboration picturale d\u2019Oudry.<\/p>\n\n\n<div class=\"wp-block-image\">\n<figure class=\"aligncenter size-full\"><a href=\"https:\/\/i0.wp.com\/www.proantic.com\/magazine\/wp-content\/uploads\/2024\/09\/panneau-de-boiserie.jpg?ssl=1\" data-lightbox=\"gal[17080]\"><img data-recalc-dims=\"1\" loading=\"lazy\" decoding=\"async\" width=\"650\" height=\"855\" data-attachment-id=\"17085\" data-permalink=\"https:\/\/www.proantic.com\/magazine\/oudrymania-fables-chasses-combats\/panneau-de-boiserie\/\" data-orig-file=\"https:\/\/i0.wp.com\/www.proantic.com\/magazine\/wp-content\/uploads\/2024\/09\/panneau-de-boiserie.jpg?fit=650%2C855&amp;ssl=1\" data-orig-size=\"650,855\" data-comments-opened=\"1\" data-image-meta=\"{&quot;aperture&quot;:&quot;0&quot;,&quot;credit&quot;:&quot;&quot;,&quot;camera&quot;:&quot;&quot;,&quot;caption&quot;:&quot;&quot;,&quot;created_timestamp&quot;:&quot;0&quot;,&quot;copyright&quot;:&quot;&quot;,&quot;focal_length&quot;:&quot;0&quot;,&quot;iso&quot;:&quot;0&quot;,&quot;shutter_speed&quot;:&quot;0&quot;,&quot;title&quot;:&quot;&quot;,&quot;orientation&quot;:&quot;0&quot;}\" data-image-title=\"Oudrymania, Fables, Chasses, Combats\" data-image-description=\"\" data-image-caption=\"\" data-medium-file=\"https:\/\/i0.wp.com\/www.proantic.com\/magazine\/wp-content\/uploads\/2024\/09\/panneau-de-boiserie.jpg?fit=228%2C300&amp;ssl=1\" data-large-file=\"https:\/\/i0.wp.com\/www.proantic.com\/magazine\/wp-content\/uploads\/2024\/09\/panneau-de-boiserie.jpg?fit=650%2C855&amp;ssl=1\" src=\"https:\/\/i0.wp.com\/www.proantic.com\/magazine\/wp-content\/uploads\/2024\/09\/panneau-de-boiserie.jpg?resize=650%2C855&#038;ssl=1\" alt=\"\" class=\"wp-image-17085\" srcset=\"https:\/\/i0.wp.com\/www.proantic.com\/magazine\/wp-content\/uploads\/2024\/09\/panneau-de-boiserie.jpg?w=650&amp;ssl=1 650w, https:\/\/i0.wp.com\/www.proantic.com\/magazine\/wp-content\/uploads\/2024\/09\/panneau-de-boiserie.jpg?resize=228%2C300&amp;ssl=1 228w\" sizes=\"auto, (max-width: 650px) 100vw, 650px\" \/><\/a><\/figure>\n<\/div>\n\n\n<p>OUDRYMANIA<br>Oudry ne conna\u00eet pas de temps mort dans l\u2019histoire du go\u00fbt. L\u2019efficacit\u00e9 de ses compositions ressort indiscutablement de leur adaptation imm\u00e9diate dans les arts d\u00e9coratifs. Ses illustrations des fables de La Fontaine sont copi\u00e9es pour int\u00e9grer des panneaux de boiserie, des dessus-de-porte, voire des garnitures de fauteuil, et ainsi se diffusent largement dans le d\u00e9cor des grandes demeures. Les chasses qu\u2019il peint sont aussi reprises pour l\u2019ornementation de services et surtouts de table en porcelaine. R\u00e9guli\u00e8rement r\u00e9\u00e9dit\u00e9s au fil du temps, ces objets sont appr\u00e9ci\u00e9s du duc d\u2019Aumale.<\/p>\n\n\n<div class=\"wp-block-image\">\n<figure class=\"aligncenter size-full\"><a href=\"https:\/\/i0.wp.com\/www.proantic.com\/magazine\/wp-content\/uploads\/2024\/09\/d_apres-oudry-porcelaine-de-vincennes.jpg?ssl=1\" data-lightbox=\"gal[17080]\"><img data-recalc-dims=\"1\" loading=\"lazy\" decoding=\"async\" width=\"650\" height=\"569\" data-attachment-id=\"17086\" data-permalink=\"https:\/\/www.proantic.com\/magazine\/oudrymania-fables-chasses-combats\/d_apres-oudry-porcelaine-de-vincennes\/\" data-orig-file=\"https:\/\/i0.wp.com\/www.proantic.com\/magazine\/wp-content\/uploads\/2024\/09\/d_apres-oudry-porcelaine-de-vincennes.jpg?fit=650%2C569&amp;ssl=1\" data-orig-size=\"650,569\" data-comments-opened=\"1\" data-image-meta=\"{&quot;aperture&quot;:&quot;0&quot;,&quot;credit&quot;:&quot;&quot;,&quot;camera&quot;:&quot;&quot;,&quot;caption&quot;:&quot;&quot;,&quot;created_timestamp&quot;:&quot;0&quot;,&quot;copyright&quot;:&quot;&quot;,&quot;focal_length&quot;:&quot;0&quot;,&quot;iso&quot;:&quot;0&quot;,&quot;shutter_speed&quot;:&quot;0&quot;,&quot;title&quot;:&quot;&quot;,&quot;orientation&quot;:&quot;0&quot;}\" data-image-title=\"Oudrymania, Fables, Chasses, Combats\" data-image-description=\"\" data-image-caption=\"\" data-medium-file=\"https:\/\/i0.wp.com\/www.proantic.com\/magazine\/wp-content\/uploads\/2024\/09\/d_apres-oudry-porcelaine-de-vincennes.jpg?fit=300%2C263&amp;ssl=1\" data-large-file=\"https:\/\/i0.wp.com\/www.proantic.com\/magazine\/wp-content\/uploads\/2024\/09\/d_apres-oudry-porcelaine-de-vincennes.jpg?fit=650%2C569&amp;ssl=1\" src=\"https:\/\/i0.wp.com\/www.proantic.com\/magazine\/wp-content\/uploads\/2024\/09\/d_apres-oudry-porcelaine-de-vincennes.jpg?resize=650%2C569&#038;ssl=1\" alt=\"\" class=\"wp-image-17086\" srcset=\"https:\/\/i0.wp.com\/www.proantic.com\/magazine\/wp-content\/uploads\/2024\/09\/d_apres-oudry-porcelaine-de-vincennes.jpg?w=650&amp;ssl=1 650w, https:\/\/i0.wp.com\/www.proantic.com\/magazine\/wp-content\/uploads\/2024\/09\/d_apres-oudry-porcelaine-de-vincennes.jpg?resize=300%2C263&amp;ssl=1 300w\" sizes=\"auto, (max-width: 650px) 100vw, 650px\" \/><\/a><\/figure>\n<\/div>\n\n\n<p>En continuant \u00e0 imprimer les illustrations d\u2019Oudry dans les recueils de fables de La Fontaine, le monde de l\u2019\u00e9dition confirme le succ\u00e8s ininterrompu de ses compositions et fait lui aussi appara\u00eetre cette Oudrymania qui s\u2019introduit dans la vie quotidienne. Pour offrir un aper\u00e7u des multiples \u00ab produits d\u00e9riv\u00e9s \u00bb qu\u2019engendrent les trois chasses peintes pour le ch\u00e2teau de Chantilly ou les dessins de fables, l\u2019exposition r\u00e9unira diff\u00e9rents objets t\u00e9moignant de leurs reprises sous diverses formes. Qu\u2019elles soient grav\u00e9es, tiss\u00e9es, \u00e9dit\u00e9es, peintes, sculpt\u00e9es ou model\u00e9es, ces reprises permettront de mesurer l\u2019immense fortune que connaissent les compositions d\u2019Oudry, bien au-del\u00e0 de leur seule ex\u00e9cution par l\u2019artiste.<\/p>\n\n\n\n<p><\/p>\n","protected":false},"excerpt":{"rendered":"<p>S\u2019associant au ch\u00e2teau de Fontainebleau dans le cadre d\u2019un partenariat exceptionnel, le mus\u00e9e Cond\u00e9 pr\u00e9sentera du jusqu&rsquo;au 6 octobre 2024 une exposition consacr\u00e9e \u00e0 Jean-Baptiste Oudry. En plus de souligner combien ce peintre animalier s\u2019inscrit au c\u0153ur de l\u2019histoire du ch\u00e2teau de Chantilly, ce projet \u00e9clairera la ferveur qu\u2019Oudry n\u2019a jamais cess\u00e9 de conna\u00eetre aupr\u00e8s [&hellip;]<\/p>\n","protected":false},"author":6,"featured_media":17081,"comment_status":"closed","ping_status":"closed","sticky":false,"template":"","format":"standard","meta":{"jetpack_post_was_ever_published":false,"_jetpack_newsletter_access":"","_jetpack_dont_email_post_to_subs":false,"_jetpack_newsletter_tier_id":0,"_jetpack_memberships_contains_paywalled_content":false,"_jetpack_memberships_contains_paid_content":false,"footnotes":"","jetpack_publicize_message":"","jetpack_publicize_feature_enabled":true,"jetpack_social_post_already_shared":false,"jetpack_social_options":{"image_generator_settings":{"template":"highway","default_image_id":0,"font":"","enabled":false},"version":2}},"categories":[12],"tags":[],"class_list":["post-17080","post","type-post","status-publish","format-standard","has-post-thumbnail","hentry","category-expositions"],"yoast_head":"<!-- This site is optimized with the Yoast SEO plugin v26.9 - https:\/\/yoast.com\/product\/yoast-seo-wordpress\/ -->\n<title>Oudrymania, Fables, Chasses, Combats Le Magazine de Proantic<\/title>\n<meta name=\"description\" content=\"S\u2019associant au ch\u00e2teau de Fontainebleau dans le cadre d\u2019un partenariat exceptionnel, le mus\u00e9e Cond\u00e9 pr\u00e9sentera du jusqu&#039;au 6 octobre 2024 une exposition\" \/>\n<meta name=\"robots\" content=\"index, follow, max-snippet:-1, max-image-preview:large, max-video-preview:-1\" \/>\n<link rel=\"canonical\" href=\"https:\/\/www.proantic.com\/magazine\/oudrymania-fables-chasses-combats\/\" \/>\n<meta property=\"og:locale\" content=\"fr_FR\" \/>\n<meta property=\"og:type\" content=\"article\" \/>\n<meta property=\"og:title\" content=\"Oudrymania, Fables, Chasses, Combats Le Magazine de Proantic\" \/>\n<meta property=\"og:description\" content=\"S\u2019associant au ch\u00e2teau de Fontainebleau dans le cadre d\u2019un partenariat exceptionnel, le mus\u00e9e Cond\u00e9 pr\u00e9sentera du jusqu&#039;au 6 octobre 2024 une exposition\" \/>\n<meta property=\"og:url\" content=\"https:\/\/www.proantic.com\/magazine\/oudrymania-fables-chasses-combats\/\" \/>\n<meta property=\"og:site_name\" content=\"Le Magazine de Proantic\" \/>\n<meta property=\"article:publisher\" content=\"https:\/\/www.facebook.com\/pages\/Proantic\/\/259180871793\" \/>\n<meta property=\"article:published_time\" content=\"2024-09-22T12:15:21+00:00\" \/>\n<meta property=\"og:image\" content=\"https:\/\/www.proantic.com\/magazine\/wp-content\/uploads\/2024\/09\/oudrymania-fables-chasses-et-animalites.jpg\" \/>\n\t<meta property=\"og:image:width\" content=\"800\" \/>\n\t<meta property=\"og:image:height\" content=\"451\" \/>\n\t<meta property=\"og:image:type\" content=\"image\/jpeg\" \/>\n<meta name=\"author\" content=\"C\u00e9line Autant\" \/>\n<meta name=\"twitter:label1\" content=\"\u00c9crit par\" \/>\n\t<meta name=\"twitter:data1\" content=\"C\u00e9line Autant\" \/>\n\t<meta name=\"twitter:label2\" content=\"Dur\u00e9e de lecture estim\u00e9e\" \/>\n\t<meta name=\"twitter:data2\" content=\"5 minutes\" \/>\n<script type=\"application\/ld+json\" class=\"yoast-schema-graph\">{\"@context\":\"https:\/\/schema.org\",\"@graph\":[{\"@type\":\"Article\",\"@id\":\"https:\/\/www.proantic.com\/magazine\/oudrymania-fables-chasses-combats\/#article\",\"isPartOf\":{\"@id\":\"https:\/\/www.proantic.com\/magazine\/oudrymania-fables-chasses-combats\/\"},\"author\":{\"name\":\"C\u00e9line Autant\",\"@id\":\"https:\/\/www.proantic.com\/magazine\/#\/schema\/person\/63707e8f4e7d0172de7ddde897688be0\"},\"headline\":\"Oudrymania, Fables, Chasses, Combats\",\"datePublished\":\"2024-09-22T12:15:21+00:00\",\"mainEntityOfPage\":{\"@id\":\"https:\/\/www.proantic.com\/magazine\/oudrymania-fables-chasses-combats\/\"},\"wordCount\":851,\"image\":{\"@id\":\"https:\/\/www.proantic.com\/magazine\/oudrymania-fables-chasses-combats\/#primaryimage\"},\"thumbnailUrl\":\"https:\/\/i0.wp.com\/www.proantic.com\/magazine\/wp-content\/uploads\/2024\/09\/oudrymania-fables-chasses-et-animalites.jpg?fit=800%2C451&ssl=1\",\"articleSection\":[\"Expositions\"],\"inLanguage\":\"fr-FR\"},{\"@type\":\"WebPage\",\"@id\":\"https:\/\/www.proantic.com\/magazine\/oudrymania-fables-chasses-combats\/\",\"url\":\"https:\/\/www.proantic.com\/magazine\/oudrymania-fables-chasses-combats\/\",\"name\":\"Oudrymania, Fables, Chasses, Combats Le Magazine de Proantic\",\"isPartOf\":{\"@id\":\"https:\/\/www.proantic.com\/magazine\/#website\"},\"primaryImageOfPage\":{\"@id\":\"https:\/\/www.proantic.com\/magazine\/oudrymania-fables-chasses-combats\/#primaryimage\"},\"image\":{\"@id\":\"https:\/\/www.proantic.com\/magazine\/oudrymania-fables-chasses-combats\/#primaryimage\"},\"thumbnailUrl\":\"https:\/\/i0.wp.com\/www.proantic.com\/magazine\/wp-content\/uploads\/2024\/09\/oudrymania-fables-chasses-et-animalites.jpg?fit=800%2C451&ssl=1\",\"datePublished\":\"2024-09-22T12:15:21+00:00\",\"author\":{\"@id\":\"https:\/\/www.proantic.com\/magazine\/#\/schema\/person\/63707e8f4e7d0172de7ddde897688be0\"},\"description\":\"S\u2019associant au ch\u00e2teau de Fontainebleau dans le cadre d\u2019un partenariat exceptionnel, le mus\u00e9e Cond\u00e9 pr\u00e9sentera du jusqu'au 6 octobre 2024 une exposition\",\"breadcrumb\":{\"@id\":\"https:\/\/www.proantic.com\/magazine\/oudrymania-fables-chasses-combats\/#breadcrumb\"},\"inLanguage\":\"fr-FR\",\"potentialAction\":[{\"@type\":\"ReadAction\",\"target\":[\"https:\/\/www.proantic.com\/magazine\/oudrymania-fables-chasses-combats\/\"]}]},{\"@type\":\"ImageObject\",\"inLanguage\":\"fr-FR\",\"@id\":\"https:\/\/www.proantic.com\/magazine\/oudrymania-fables-chasses-combats\/#primaryimage\",\"url\":\"https:\/\/i0.wp.com\/www.proantic.com\/magazine\/wp-content\/uploads\/2024\/09\/oudrymania-fables-chasses-et-animalites.jpg?fit=800%2C451&ssl=1\",\"contentUrl\":\"https:\/\/i0.wp.com\/www.proantic.com\/magazine\/wp-content\/uploads\/2024\/09\/oudrymania-fables-chasses-et-animalites.jpg?fit=800%2C451&ssl=1\",\"width\":800,\"height\":451},{\"@type\":\"BreadcrumbList\",\"@id\":\"https:\/\/www.proantic.com\/magazine\/oudrymania-fables-chasses-combats\/#breadcrumb\",\"itemListElement\":[{\"@type\":\"ListItem\",\"position\":1,\"name\":\"Accueil\",\"item\":\"https:\/\/www.proantic.com\/magazine\/\"},{\"@type\":\"ListItem\",\"position\":2,\"name\":\"Oudrymania, Fables, Chasses, Combats\"}]},{\"@type\":\"WebSite\",\"@id\":\"https:\/\/www.proantic.com\/magazine\/#website\",\"url\":\"https:\/\/www.proantic.com\/magazine\/\",\"name\":\"Le Magazine de Proantic\",\"description\":\"Magazine d&#039;art et expositions\",\"potentialAction\":[{\"@type\":\"SearchAction\",\"target\":{\"@type\":\"EntryPoint\",\"urlTemplate\":\"https:\/\/www.proantic.com\/magazine\/?s={search_term_string}\"},\"query-input\":{\"@type\":\"PropertyValueSpecification\",\"valueRequired\":true,\"valueName\":\"search_term_string\"}}],\"inLanguage\":\"fr-FR\"},{\"@type\":\"Person\",\"@id\":\"https:\/\/www.proantic.com\/magazine\/#\/schema\/person\/63707e8f4e7d0172de7ddde897688be0\",\"name\":\"C\u00e9line Autant\"}]}<\/script>\n<!-- \/ Yoast SEO plugin. -->","yoast_head_json":{"title":"Oudrymania, Fables, Chasses, Combats Le Magazine de Proantic","description":"S\u2019associant au ch\u00e2teau de Fontainebleau dans le cadre d\u2019un partenariat exceptionnel, le mus\u00e9e Cond\u00e9 pr\u00e9sentera du jusqu'au 6 octobre 2024 une exposition","robots":{"index":"index","follow":"follow","max-snippet":"max-snippet:-1","max-image-preview":"max-image-preview:large","max-video-preview":"max-video-preview:-1"},"canonical":"https:\/\/www.proantic.com\/magazine\/oudrymania-fables-chasses-combats\/","og_locale":"fr_FR","og_type":"article","og_title":"Oudrymania, Fables, Chasses, Combats Le Magazine de Proantic","og_description":"S\u2019associant au ch\u00e2teau de Fontainebleau dans le cadre d\u2019un partenariat exceptionnel, le mus\u00e9e Cond\u00e9 pr\u00e9sentera du jusqu'au 6 octobre 2024 une exposition","og_url":"https:\/\/www.proantic.com\/magazine\/oudrymania-fables-chasses-combats\/","og_site_name":"Le Magazine de Proantic","article_publisher":"https:\/\/www.facebook.com\/pages\/Proantic\/\/259180871793","article_published_time":"2024-09-22T12:15:21+00:00","og_image":[{"width":800,"height":451,"url":"https:\/\/www.proantic.com\/magazine\/wp-content\/uploads\/2024\/09\/oudrymania-fables-chasses-et-animalites.jpg","type":"image\/jpeg"}],"author":"C\u00e9line Autant","twitter_misc":{"\u00c9crit par":"C\u00e9line Autant","Dur\u00e9e de lecture estim\u00e9e":"5 minutes"},"schema":{"@context":"https:\/\/schema.org","@graph":[{"@type":"Article","@id":"https:\/\/www.proantic.com\/magazine\/oudrymania-fables-chasses-combats\/#article","isPartOf":{"@id":"https:\/\/www.proantic.com\/magazine\/oudrymania-fables-chasses-combats\/"},"author":{"name":"C\u00e9line Autant","@id":"https:\/\/www.proantic.com\/magazine\/#\/schema\/person\/63707e8f4e7d0172de7ddde897688be0"},"headline":"Oudrymania, Fables, Chasses, Combats","datePublished":"2024-09-22T12:15:21+00:00","mainEntityOfPage":{"@id":"https:\/\/www.proantic.com\/magazine\/oudrymania-fables-chasses-combats\/"},"wordCount":851,"image":{"@id":"https:\/\/www.proantic.com\/magazine\/oudrymania-fables-chasses-combats\/#primaryimage"},"thumbnailUrl":"https:\/\/i0.wp.com\/www.proantic.com\/magazine\/wp-content\/uploads\/2024\/09\/oudrymania-fables-chasses-et-animalites.jpg?fit=800%2C451&ssl=1","articleSection":["Expositions"],"inLanguage":"fr-FR"},{"@type":"WebPage","@id":"https:\/\/www.proantic.com\/magazine\/oudrymania-fables-chasses-combats\/","url":"https:\/\/www.proantic.com\/magazine\/oudrymania-fables-chasses-combats\/","name":"Oudrymania, Fables, Chasses, Combats Le Magazine de Proantic","isPartOf":{"@id":"https:\/\/www.proantic.com\/magazine\/#website"},"primaryImageOfPage":{"@id":"https:\/\/www.proantic.com\/magazine\/oudrymania-fables-chasses-combats\/#primaryimage"},"image":{"@id":"https:\/\/www.proantic.com\/magazine\/oudrymania-fables-chasses-combats\/#primaryimage"},"thumbnailUrl":"https:\/\/i0.wp.com\/www.proantic.com\/magazine\/wp-content\/uploads\/2024\/09\/oudrymania-fables-chasses-et-animalites.jpg?fit=800%2C451&ssl=1","datePublished":"2024-09-22T12:15:21+00:00","author":{"@id":"https:\/\/www.proantic.com\/magazine\/#\/schema\/person\/63707e8f4e7d0172de7ddde897688be0"},"description":"S\u2019associant au ch\u00e2teau de Fontainebleau dans le cadre d\u2019un partenariat exceptionnel, le mus\u00e9e Cond\u00e9 pr\u00e9sentera du jusqu'au 6 octobre 2024 une exposition","breadcrumb":{"@id":"https:\/\/www.proantic.com\/magazine\/oudrymania-fables-chasses-combats\/#breadcrumb"},"inLanguage":"fr-FR","potentialAction":[{"@type":"ReadAction","target":["https:\/\/www.proantic.com\/magazine\/oudrymania-fables-chasses-combats\/"]}]},{"@type":"ImageObject","inLanguage":"fr-FR","@id":"https:\/\/www.proantic.com\/magazine\/oudrymania-fables-chasses-combats\/#primaryimage","url":"https:\/\/i0.wp.com\/www.proantic.com\/magazine\/wp-content\/uploads\/2024\/09\/oudrymania-fables-chasses-et-animalites.jpg?fit=800%2C451&ssl=1","contentUrl":"https:\/\/i0.wp.com\/www.proantic.com\/magazine\/wp-content\/uploads\/2024\/09\/oudrymania-fables-chasses-et-animalites.jpg?fit=800%2C451&ssl=1","width":800,"height":451},{"@type":"BreadcrumbList","@id":"https:\/\/www.proantic.com\/magazine\/oudrymania-fables-chasses-combats\/#breadcrumb","itemListElement":[{"@type":"ListItem","position":1,"name":"Accueil","item":"https:\/\/www.proantic.com\/magazine\/"},{"@type":"ListItem","position":2,"name":"Oudrymania, Fables, Chasses, Combats"}]},{"@type":"WebSite","@id":"https:\/\/www.proantic.com\/magazine\/#website","url":"https:\/\/www.proantic.com\/magazine\/","name":"Le Magazine de Proantic","description":"Magazine d&#039;art et expositions","potentialAction":[{"@type":"SearchAction","target":{"@type":"EntryPoint","urlTemplate":"https:\/\/www.proantic.com\/magazine\/?s={search_term_string}"},"query-input":{"@type":"PropertyValueSpecification","valueRequired":true,"valueName":"search_term_string"}}],"inLanguage":"fr-FR"},{"@type":"Person","@id":"https:\/\/www.proantic.com\/magazine\/#\/schema\/person\/63707e8f4e7d0172de7ddde897688be0","name":"C\u00e9line Autant"}]}},"jetpack_publicize_connections":[],"jetpack_featured_media_url":"https:\/\/i0.wp.com\/www.proantic.com\/magazine\/wp-content\/uploads\/2024\/09\/oudrymania-fables-chasses-et-animalites.jpg?fit=800%2C451&ssl=1","jetpack_shortlink":"https:\/\/wp.me\/p7EkP3-4ru","jetpack_sharing_enabled":true,"_links":{"self":[{"href":"https:\/\/www.proantic.com\/magazine\/wp-json\/wp\/v2\/posts\/17080","targetHints":{"allow":["GET"]}}],"collection":[{"href":"https:\/\/www.proantic.com\/magazine\/wp-json\/wp\/v2\/posts"}],"about":[{"href":"https:\/\/www.proantic.com\/magazine\/wp-json\/wp\/v2\/types\/post"}],"author":[{"embeddable":true,"href":"https:\/\/www.proantic.com\/magazine\/wp-json\/wp\/v2\/users\/6"}],"replies":[{"embeddable":true,"href":"https:\/\/www.proantic.com\/magazine\/wp-json\/wp\/v2\/comments?post=17080"}],"version-history":[{"count":1,"href":"https:\/\/www.proantic.com\/magazine\/wp-json\/wp\/v2\/posts\/17080\/revisions"}],"predecessor-version":[{"id":17087,"href":"https:\/\/www.proantic.com\/magazine\/wp-json\/wp\/v2\/posts\/17080\/revisions\/17087"}],"wp:featuredmedia":[{"embeddable":true,"href":"https:\/\/www.proantic.com\/magazine\/wp-json\/wp\/v2\/media\/17081"}],"wp:attachment":[{"href":"https:\/\/www.proantic.com\/magazine\/wp-json\/wp\/v2\/media?parent=17080"}],"wp:term":[{"taxonomy":"category","embeddable":true,"href":"https:\/\/www.proantic.com\/magazine\/wp-json\/wp\/v2\/categories?post=17080"},{"taxonomy":"post_tag","embeddable":true,"href":"https:\/\/www.proantic.com\/magazine\/wp-json\/wp\/v2\/tags?post=17080"}],"curies":[{"name":"wp","href":"https:\/\/api.w.org\/{rel}","templated":true}]}}