{"id":16454,"date":"2024-02-24T14:55:37","date_gmt":"2024-02-24T13:55:37","guid":{"rendered":"https:\/\/www.proantic.com\/magazine\/?p=16454"},"modified":"2024-02-24T14:55:37","modified_gmt":"2024-02-24T13:55:37","slug":"style-revolution-francaise-mobilier-objets-dart-et-papiers-peints","status":"publish","type":"post","link":"https:\/\/www.proantic.com\/magazine\/style-revolution-francaise-mobilier-objets-dart-et-papiers-peints\/","title":{"rendered":"Style R\u00e9volution fran\u00e7aise.\u00a0Mobilier,\u00a0objets d&rsquo;art\u00a0et\u00a0papiers peints\u00a0"},"content":{"rendered":"\n<p><strong>Pr\u00e9tendument qualifi\u00e9s de style Louis XVI ou de style Directoire, les arts d\u00e9coratifs de la derni\u00e8re d\u00e9cennie du XVIII<sup>e<\/sup>\u00a0si\u00e8cle ont \u00e9t\u00e9 d\u00e9pouill\u00e9s de leur sp\u00e9cificit\u00e9 historique par rejet de la R\u00e9volution fran\u00e7aise, au profit du dernier r\u00e8gne de l\u2019Ancien R\u00e9gime et de la p\u00e9riode post thermidorienne. <\/strong>Tout d\u00e9coupage de ce genre est arbitraire, mais justement pourquoi ne pas mettre en avant un \u00ab style R\u00e9volution fran\u00e7aise \u00bb qui couvrirait les ann\u00e9es de Libert\u00e9 apr\u00e8s la prise de la Bastille (1789 \u00e0 1792) et les premi\u00e8res ann\u00e9es de la R\u00e9publique (1792-1799) ?<\/p>\n\n\n\n<p>Pour la premi\u00e8re fois, le public d\u00e9couvre une partie du d\u00e9cor de papier peint en arabesque de la manufacture R\u00e9veillon \u00e0 Paris, produit en 1790 et donn\u00e9 par la famille Benoist en 2004.&nbsp;Ce papier peint est l\u2019\u00e9crin d\u2019un ensemble exceptionnel de si\u00e8ges de Georges Jacob (1739-1814), qui excelle dans la sculpture sur bois, ainsi qu\u2019un bureau d\u2019Adam Weisweiler (1746-1820) d\u00e9pos\u00e9s par le Mobilier national.<\/p>\n\n\n\n<p>Les tendances principales du style R\u00e9volution fran\u00e7aise s\u2019inscrivent parfaitement dans l\u2019irr\u00e9sistible mouvement initi\u00e9 par les Lumi\u00e8res, m\u00e9lange de rationalisation et d\u2019\u00e9mancipation, qui dynamise la fin du XVIII<sup>e<\/sup>\u00a0si\u00e8cle.<\/p>\n\n\n\n<figure class=\"wp-block-image size-full\"><a href=\"https:\/\/i0.wp.com\/www.proantic.com\/magazine\/wp-content\/uploads\/2024\/02\/dsc_0085.jpg.webp?ssl=1\"><img data-recalc-dims=\"1\" loading=\"lazy\" decoding=\"async\" width=\"665\" height=\"443\" data-attachment-id=\"16458\" data-permalink=\"https:\/\/www.proantic.com\/magazine\/style-revolution-francaise-mobilier-objets-dart-et-papiers-peints\/dsc_0085-jpg\/\" data-orig-file=\"https:\/\/i0.wp.com\/www.proantic.com\/magazine\/wp-content\/uploads\/2024\/02\/dsc_0085.jpg.webp?fit=792%2C528&amp;ssl=1\" data-orig-size=\"792,528\" data-comments-opened=\"1\" data-image-meta=\"{&quot;aperture&quot;:&quot;0&quot;,&quot;credit&quot;:&quot;&quot;,&quot;camera&quot;:&quot;&quot;,&quot;caption&quot;:&quot;&quot;,&quot;created_timestamp&quot;:&quot;0&quot;,&quot;copyright&quot;:&quot;&quot;,&quot;focal_length&quot;:&quot;0&quot;,&quot;iso&quot;:&quot;0&quot;,&quot;shutter_speed&quot;:&quot;0&quot;,&quot;title&quot;:&quot;&quot;,&quot;orientation&quot;:&quot;0&quot;}\" data-image-title=\"Style R\u00e9volution fran\u00e7aise.\u00a0Mobilier,\u00a0objets d&amp;rsquo;art\u00a0et\u00a0papiers peints\u00a0\" data-image-description=\"\" data-image-caption=\"\" data-medium-file=\"https:\/\/i0.wp.com\/www.proantic.com\/magazine\/wp-content\/uploads\/2024\/02\/dsc_0085.jpg.webp?fit=300%2C200&amp;ssl=1\" data-large-file=\"https:\/\/i0.wp.com\/www.proantic.com\/magazine\/wp-content\/uploads\/2024\/02\/dsc_0085.jpg.webp?fit=665%2C443&amp;ssl=1\" src=\"https:\/\/i0.wp.com\/www.proantic.com\/magazine\/wp-content\/uploads\/2024\/02\/dsc_0085.jpg.webp?resize=665%2C443&#038;ssl=1\" alt=\"\" class=\"wp-image-16458\" srcset=\"https:\/\/i0.wp.com\/www.proantic.com\/magazine\/wp-content\/uploads\/2024\/02\/dsc_0085.jpg.webp?w=792&amp;ssl=1 792w, https:\/\/i0.wp.com\/www.proantic.com\/magazine\/wp-content\/uploads\/2024\/02\/dsc_0085.jpg.webp?resize=300%2C200&amp;ssl=1 300w, https:\/\/i0.wp.com\/www.proantic.com\/magazine\/wp-content\/uploads\/2024\/02\/dsc_0085.jpg.webp?resize=768%2C512&amp;ssl=1 768w\" sizes=\"auto, (max-width: 665px) 100vw, 665px\" \/><\/a><\/figure>\n\n\n\n<p>En France, comme en Europe, \u00e0 partir des ann\u00e9es 1750-1760, en r\u00e9action aux formes rocailles ou rococo, le style contemporain s\u2019inspire d\u2019une mani\u00e8re de plus en plus appuy\u00e9e des objets, d\u00e9cors et architectures de l\u2019Antiquit\u00e9 grecque etromaine d\u00e9couverts en Italie. Qualifi\u00e9s de style Louis XVI ou de style Directoire, les arts d\u00e9coratifs de la derni\u00e8re d\u00e9cennie du XVIIIe si\u00e8cle ont \u00e9t\u00e9 d\u00e9pouill\u00e9s de leur sp\u00e9cificit\u00e9 historique par rejet de la R\u00e9volution fran\u00e7aise, au profit de la fin du dernier r\u00e8gne de l\u2019Ancien R\u00e9gime et de la p\u00e9riode post-thermidorienne, apr\u00e8s 1794. Tout d\u00e9coupage de ce genre \u00e9tant arbitraire, pourquoi ne pas mettre en avant un \u00ab style R\u00e9volution fran\u00e7aise \u00bb qui couvrirait les ann\u00e9es de Libert\u00e9 faisant suite \u00e0 la prise de la Bastille de 1789 \u00e0 1792 et celles des d\u00e9buts de la R\u00e9publique fran\u00e7aise de 1792 \u00e0 1799, jusqu\u2019au Consulat ?<\/p>\n\n\n\n<p> Il se d\u00e9gage en effet des meubles, objets d\u2019art et papiers peints de cette \u00e9poque, qui d\u00e9clinent les d\u00e9cors et les motifs de l\u2019Antiquit\u00e9, une sobri\u00e9t\u00e9 et une \u00e9l\u00e9gance mesur\u00e9e absentes des cr\u00e9ations de la monarchie ou de la p\u00e9riode napol\u00e9onienne (Consulat et Empire) dont les r\u00e9f\u00e9rences sont pourtant les m\u00eames. <\/p>\n\n\n\n<figure class=\"wp-block-image size-full\"><a href=\"https:\/\/i0.wp.com\/www.proantic.com\/magazine\/wp-content\/uploads\/2024\/02\/cleymes_ccharlotte_kasprzac_001.jpg.webp?ssl=1\"><img data-recalc-dims=\"1\" loading=\"lazy\" decoding=\"async\" width=\"665\" height=\"442\" data-attachment-id=\"16459\" data-permalink=\"https:\/\/www.proantic.com\/magazine\/style-revolution-francaise-mobilier-objets-dart-et-papiers-peints\/cleymes_ccharlotte_kasprzac_001-jpg\/\" data-orig-file=\"https:\/\/i0.wp.com\/www.proantic.com\/magazine\/wp-content\/uploads\/2024\/02\/cleymes_ccharlotte_kasprzac_001.jpg.webp?fit=794%2C528&amp;ssl=1\" data-orig-size=\"794,528\" data-comments-opened=\"1\" data-image-meta=\"{&quot;aperture&quot;:&quot;0&quot;,&quot;credit&quot;:&quot;&quot;,&quot;camera&quot;:&quot;&quot;,&quot;caption&quot;:&quot;&quot;,&quot;created_timestamp&quot;:&quot;0&quot;,&quot;copyright&quot;:&quot;&quot;,&quot;focal_length&quot;:&quot;0&quot;,&quot;iso&quot;:&quot;0&quot;,&quot;shutter_speed&quot;:&quot;0&quot;,&quot;title&quot;:&quot;&quot;,&quot;orientation&quot;:&quot;0&quot;}\" data-image-title=\"Style R\u00e9volution fran\u00e7aise.\u00a0Mobilier,\u00a0objets d&amp;rsquo;art\u00a0et\u00a0papiers peints\u00a0\" data-image-description=\"\" data-image-caption=\"&lt;p&gt; papier peint en arabesque de la manufacture R\u00e9veillon \u00e0 Paris&lt;\/p&gt;\n\" data-medium-file=\"https:\/\/i0.wp.com\/www.proantic.com\/magazine\/wp-content\/uploads\/2024\/02\/cleymes_ccharlotte_kasprzac_001.jpg.webp?fit=300%2C199&amp;ssl=1\" data-large-file=\"https:\/\/i0.wp.com\/www.proantic.com\/magazine\/wp-content\/uploads\/2024\/02\/cleymes_ccharlotte_kasprzac_001.jpg.webp?fit=665%2C442&amp;ssl=1\" src=\"https:\/\/i0.wp.com\/www.proantic.com\/magazine\/wp-content\/uploads\/2024\/02\/cleymes_ccharlotte_kasprzac_001.jpg.webp?resize=665%2C442&#038;ssl=1\" alt=\"\" class=\"wp-image-16459\" srcset=\"https:\/\/i0.wp.com\/www.proantic.com\/magazine\/wp-content\/uploads\/2024\/02\/cleymes_ccharlotte_kasprzac_001.jpg.webp?w=794&amp;ssl=1 794w, https:\/\/i0.wp.com\/www.proantic.com\/magazine\/wp-content\/uploads\/2024\/02\/cleymes_ccharlotte_kasprzac_001.jpg.webp?resize=300%2C199&amp;ssl=1 300w, https:\/\/i0.wp.com\/www.proantic.com\/magazine\/wp-content\/uploads\/2024\/02\/cleymes_ccharlotte_kasprzac_001.jpg.webp?resize=768%2C511&amp;ssl=1 768w\" sizes=\"auto, (max-width: 665px) 100vw, 665px\" \/><\/a><figcaption class=\"wp-element-caption\"> Papier peint en arabesque de la manufacture R\u00e9veillon \u00e0 Paris<\/figcaption><\/figure>\n\n\n\n<p>Cela vient en partie du profond renouv\u00e8lement des \u00e9lites et des tensions qui traversent la soci\u00e9t\u00e9 fran\u00e7aise. L\u2019irr\u00e9sistible mouvement initi\u00e9 par les Lumi\u00e8res, m\u00e9lange de rationalisation et d\u2019\u00e9mancipation qui dynamise la fin du XVIIIe si\u00e8cle et en m\u00eame temps la bouleverse, infl\u00e9chit les go\u00fbts tout en s\u2019appuyant sur un savoir-faire des ma\u00eetres et ouvriers du meuble ou des objets d\u2019art, qui ne faiblissent pas pendant cette d\u00e9cennie. Au contraire, malgr\u00e9 les contraintes et la d\u00e9r\u00e8glementation, les ateliers trouvent d\u2019autres client\u00e8les, modifient leur approvisionnement en mati\u00e8res premi\u00e8res, inventent, tout en conservant l\u2019excellence de leurs m\u00e9tiers que toute l\u2019Europe leur envie.<\/p>\n\n\n<div class=\"wp-block-image\">\n<figure class=\"aligncenter size-full\"><a href=\"https:\/\/i0.wp.com\/www.proantic.com\/magazine\/wp-content\/uploads\/2024\/02\/10_piedestal_avec_une_frise_allegorique_coll._mrf.jpg.webp?ssl=1\"><img data-recalc-dims=\"1\" loading=\"lazy\" decoding=\"async\" width=\"347\" height=\"528\" data-attachment-id=\"16455\" data-permalink=\"https:\/\/www.proantic.com\/magazine\/style-revolution-francaise-mobilier-objets-dart-et-papiers-peints\/10_piedestal_avec_une_frise_allegorique_coll-_mrf-jpg\/\" data-orig-file=\"https:\/\/i0.wp.com\/www.proantic.com\/magazine\/wp-content\/uploads\/2024\/02\/10_piedestal_avec_une_frise_allegorique_coll._mrf.jpg.webp?fit=347%2C528&amp;ssl=1\" data-orig-size=\"347,528\" data-comments-opened=\"1\" data-image-meta=\"{&quot;aperture&quot;:&quot;0&quot;,&quot;credit&quot;:&quot;&quot;,&quot;camera&quot;:&quot;&quot;,&quot;caption&quot;:&quot;&quot;,&quot;created_timestamp&quot;:&quot;0&quot;,&quot;copyright&quot;:&quot;&quot;,&quot;focal_length&quot;:&quot;0&quot;,&quot;iso&quot;:&quot;0&quot;,&quot;shutter_speed&quot;:&quot;0&quot;,&quot;title&quot;:&quot;&quot;,&quot;orientation&quot;:&quot;0&quot;}\" data-image-title=\"Style R\u00e9volution fran\u00e7aise.\u00a0Mobilier,\u00a0objets d&amp;rsquo;art\u00a0et\u00a0papiers peints\u00a0\" data-image-description=\"\" data-image-caption=\"\" data-medium-file=\"https:\/\/i0.wp.com\/www.proantic.com\/magazine\/wp-content\/uploads\/2024\/02\/10_piedestal_avec_une_frise_allegorique_coll._mrf.jpg.webp?fit=197%2C300&amp;ssl=1\" data-large-file=\"https:\/\/i0.wp.com\/www.proantic.com\/magazine\/wp-content\/uploads\/2024\/02\/10_piedestal_avec_une_frise_allegorique_coll._mrf.jpg.webp?fit=347%2C528&amp;ssl=1\" src=\"https:\/\/i0.wp.com\/www.proantic.com\/magazine\/wp-content\/uploads\/2024\/02\/10_piedestal_avec_une_frise_allegorique_coll._mrf.jpg.webp?resize=347%2C528&#038;ssl=1\" alt=\"\" class=\"wp-image-16455\" srcset=\"https:\/\/i0.wp.com\/www.proantic.com\/magazine\/wp-content\/uploads\/2024\/02\/10_piedestal_avec_une_frise_allegorique_coll._mrf.jpg.webp?w=347&amp;ssl=1 347w, https:\/\/i0.wp.com\/www.proantic.com\/magazine\/wp-content\/uploads\/2024\/02\/10_piedestal_avec_une_frise_allegorique_coll._mrf.jpg.webp?resize=197%2C300&amp;ssl=1 197w\" sizes=\"auto, (max-width: 347px) 100vw, 347px\" \/><\/a><\/figure>\n<\/div>\n\n\n<p>Les arts d\u00e9coratifs de la p\u00e9riode r\u00e9volutionnaire, comme les arts en g\u00e9n\u00e9ral sont aussi magnifiques que ceux des \u00e9poques pr\u00e9c\u00e9dentes et suivantes, avec une inflexion et un esprit diff\u00e9rent, bref un art parfois engag\u00e9 mais surtout r\u00e9fl\u00e9chi et mesur\u00e9. La pr\u00e9sentation de mobiliers de Pierre Achard, Georges Jacob, Jean-Baptiste Sen\u00e9 et Adam Weisweiler, d\u2019objets d\u2019art de Louis-Simon Boizot et Joseph Chinard, et de la Manufacture R\u00e9veillon, en sont ici la preuve \u00e9clatante.<\/p>\n\n\n<div class=\"wp-block-image\">\n<figure class=\"aligncenter size-full\"><a href=\"https:\/\/i0.wp.com\/www.proantic.com\/magazine\/wp-content\/uploads\/2024\/02\/12_chaise_a_dossier_rond_coll._mrf.jpg.webp?ssl=1\"><img data-recalc-dims=\"1\" loading=\"lazy\" decoding=\"async\" width=\"317\" height=\"528\" data-attachment-id=\"16460\" data-permalink=\"https:\/\/www.proantic.com\/magazine\/style-revolution-francaise-mobilier-objets-dart-et-papiers-peints\/12_chaise_a_dossier_rond_coll-_mrf-jpg\/\" data-orig-file=\"https:\/\/i0.wp.com\/www.proantic.com\/magazine\/wp-content\/uploads\/2024\/02\/12_chaise_a_dossier_rond_coll._mrf.jpg.webp?fit=317%2C528&amp;ssl=1\" data-orig-size=\"317,528\" data-comments-opened=\"1\" data-image-meta=\"{&quot;aperture&quot;:&quot;0&quot;,&quot;credit&quot;:&quot;&quot;,&quot;camera&quot;:&quot;&quot;,&quot;caption&quot;:&quot;&quot;,&quot;created_timestamp&quot;:&quot;0&quot;,&quot;copyright&quot;:&quot;&quot;,&quot;focal_length&quot;:&quot;0&quot;,&quot;iso&quot;:&quot;0&quot;,&quot;shutter_speed&quot;:&quot;0&quot;,&quot;title&quot;:&quot;&quot;,&quot;orientation&quot;:&quot;0&quot;}\" data-image-title=\"Style R\u00e9volution fran\u00e7aise.\u00a0Mobilier,\u00a0objets d&amp;rsquo;art\u00a0et\u00a0papiers peints\u00a0\" data-image-description=\"\" data-image-caption=\"\" data-medium-file=\"https:\/\/i0.wp.com\/www.proantic.com\/magazine\/wp-content\/uploads\/2024\/02\/12_chaise_a_dossier_rond_coll._mrf.jpg.webp?fit=180%2C300&amp;ssl=1\" data-large-file=\"https:\/\/i0.wp.com\/www.proantic.com\/magazine\/wp-content\/uploads\/2024\/02\/12_chaise_a_dossier_rond_coll._mrf.jpg.webp?fit=317%2C528&amp;ssl=1\" src=\"https:\/\/i0.wp.com\/www.proantic.com\/magazine\/wp-content\/uploads\/2024\/02\/12_chaise_a_dossier_rond_coll._mrf.jpg.webp?resize=317%2C528&#038;ssl=1\" alt=\"\" class=\"wp-image-16460\" srcset=\"https:\/\/i0.wp.com\/www.proantic.com\/magazine\/wp-content\/uploads\/2024\/02\/12_chaise_a_dossier_rond_coll._mrf.jpg.webp?w=317&amp;ssl=1 317w, https:\/\/i0.wp.com\/www.proantic.com\/magazine\/wp-content\/uploads\/2024\/02\/12_chaise_a_dossier_rond_coll._mrf.jpg.webp?resize=180%2C300&amp;ssl=1 180w\" sizes=\"auto, (max-width: 317px) 100vw, 317px\" \/><\/a><\/figure>\n<\/div>\n\n\n<p>En contrepoint, un ensemble de meubles de Pierre Paulin (1927-2009) des ann\u00e9es 1980, acquis ou command\u00e9 par l\u2019\u00c9tat pour la pr\u00e9sidence de la R\u00e9publique, est pr\u00e9sent\u00e9 dans la m\u00eame salle, accompagnant ainsi la c\u00e9l\u00e9bration des 40 ans du mus\u00e9e cr\u00e9\u00e9 dans ces m\u00eames ann\u00e9es (1983\/1984).<\/p>\n\n\n\n<p>Enfin, l\u2019exposition met particuli\u00e8rement en valeur trois organismes de l\u2019\u00c9tat, partenaires et soutiens du mus\u00e9e, dont la vocation est d\u2019\u00eatre \u00e0 la fois des instances de stimulation de la cr\u00e9ation et de mise en valeur des patrimoines artistiques que ce faisant elles g\u00e9n\u00e8rent depuis plusieurs si\u00e8cles : le Mobilier national, la Cit\u00e9 de la C\u00e9ramique S\u00e8vres et Limoges et le Centre national des arts plastiques, tous trois pr\u00eateurs ou d\u00e9posants des \u0153uvres pr\u00e9sent\u00e9es.<\/p>\n\n\n\n<p> Domaine de Vizille &#8211; Mus\u00e9e de la R\u00e9volution fran\u00e7aise<br>Place du Ch\u00e2teau<br>BP 1753<br>38220 Vizille<\/p>\n\n\n\n<p>Exposition jusqu&rsquo;au 11 mars 2024<\/p>\n","protected":false},"excerpt":{"rendered":"<p>Pr\u00e9tendument qualifi\u00e9s de style Louis XVI ou de style Directoire, les arts d\u00e9coratifs de la derni\u00e8re d\u00e9cennie du XVIIIe\u00a0si\u00e8cle ont \u00e9t\u00e9 d\u00e9pouill\u00e9s de leur sp\u00e9cificit\u00e9 historique par rejet de la R\u00e9volution fran\u00e7aise, au profit du dernier r\u00e8gne de l\u2019Ancien R\u00e9gime et de la p\u00e9riode post thermidorienne. Tout d\u00e9coupage de ce genre est arbitraire, mais justement [&hellip;]<\/p>\n","protected":false},"author":6,"featured_media":16456,"comment_status":"closed","ping_status":"closed","sticky":false,"template":"","format":"standard","meta":{"jetpack_post_was_ever_published":false,"_jetpack_newsletter_access":"","_jetpack_dont_email_post_to_subs":false,"_jetpack_newsletter_tier_id":0,"_jetpack_memberships_contains_paywalled_content":false,"_jetpack_memberships_contains_paid_content":false,"footnotes":"","jetpack_publicize_message":"","jetpack_publicize_feature_enabled":true,"jetpack_social_post_already_shared":false,"jetpack_social_options":{"image_generator_settings":{"template":"highway","default_image_id":0,"font":"","enabled":false},"version":2}},"categories":[12],"tags":[],"class_list":["post-16454","post","type-post","status-publish","format-standard","has-post-thumbnail","hentry","category-expositions"],"yoast_head":"<!-- This site is optimized with the Yoast SEO plugin v26.9 - https:\/\/yoast.com\/product\/yoast-seo-wordpress\/ -->\n<title>Style R\u00e9volution fran\u00e7aise.\u00a0Mobilier,\u00a0objets d&#039;art\u00a0et\u00a0papiers peints\u00a0 Le Magazine de Proantic<\/title>\n<meta name=\"description\" content=\"Pr\u00e9tendument qualifi\u00e9s de style Louis XVI ou de style Directoire, les arts d\u00e9coratifs de la derni\u00e8re d\u00e9cennie du XVIIIe\u00a0si\u00e8cle ont \u00e9t\u00e9 d\u00e9pouill\u00e9s de leur\" \/>\n<meta name=\"robots\" content=\"index, follow, max-snippet:-1, max-image-preview:large, max-video-preview:-1\" \/>\n<link rel=\"canonical\" href=\"https:\/\/www.proantic.com\/magazine\/style-revolution-francaise-mobilier-objets-dart-et-papiers-peints\/\" \/>\n<meta property=\"og:locale\" content=\"fr_FR\" \/>\n<meta property=\"og:type\" content=\"article\" \/>\n<meta property=\"og:title\" content=\"Style R\u00e9volution fran\u00e7aise.\u00a0Mobilier,\u00a0objets d&#039;art\u00a0et\u00a0papiers peints\u00a0 Le Magazine de Proantic\" \/>\n<meta property=\"og:description\" content=\"Pr\u00e9tendument qualifi\u00e9s de style Louis XVI ou de style Directoire, les arts d\u00e9coratifs de la derni\u00e8re d\u00e9cennie du XVIIIe\u00a0si\u00e8cle ont \u00e9t\u00e9 d\u00e9pouill\u00e9s de leur\" \/>\n<meta property=\"og:url\" content=\"https:\/\/www.proantic.com\/magazine\/style-revolution-francaise-mobilier-objets-dart-et-papiers-peints\/\" \/>\n<meta property=\"og:site_name\" content=\"Le Magazine de Proantic\" \/>\n<meta property=\"article:publisher\" content=\"https:\/\/www.facebook.com\/pages\/Proantic\/\/259180871793\" \/>\n<meta property=\"article:published_time\" content=\"2024-02-24T13:55:37+00:00\" \/>\n<meta property=\"og:image\" content=\"https:\/\/www.proantic.com\/magazine\/wp-content\/uploads\/2024\/02\/dsc_0087.jpg.webp\" \/>\n\t<meta property=\"og:image:width\" content=\"792\" \/>\n\t<meta property=\"og:image:height\" content=\"528\" \/>\n\t<meta property=\"og:image:type\" content=\"image\/webp\" \/>\n<meta name=\"author\" content=\"C\u00e9line Autant\" \/>\n<meta name=\"twitter:label1\" content=\"\u00c9crit par\" \/>\n\t<meta name=\"twitter:data1\" content=\"C\u00e9line Autant\" \/>\n\t<meta name=\"twitter:label2\" content=\"Dur\u00e9e de lecture estim\u00e9e\" \/>\n\t<meta name=\"twitter:data2\" content=\"5 minutes\" \/>\n<script type=\"application\/ld+json\" class=\"yoast-schema-graph\">{\"@context\":\"https:\/\/schema.org\",\"@graph\":[{\"@type\":\"Article\",\"@id\":\"https:\/\/www.proantic.com\/magazine\/style-revolution-francaise-mobilier-objets-dart-et-papiers-peints\/#article\",\"isPartOf\":{\"@id\":\"https:\/\/www.proantic.com\/magazine\/style-revolution-francaise-mobilier-objets-dart-et-papiers-peints\/\"},\"author\":{\"name\":\"C\u00e9line Autant\",\"@id\":\"https:\/\/www.proantic.com\/magazine\/#\/schema\/person\/63707e8f4e7d0172de7ddde897688be0\"},\"headline\":\"Style R\u00e9volution fran\u00e7aise.\u00a0Mobilier,\u00a0objets d&rsquo;art\u00a0et\u00a0papiers peints\u00a0\",\"datePublished\":\"2024-02-24T13:55:37+00:00\",\"mainEntityOfPage\":{\"@id\":\"https:\/\/www.proantic.com\/magazine\/style-revolution-francaise-mobilier-objets-dart-et-papiers-peints\/\"},\"wordCount\":838,\"image\":{\"@id\":\"https:\/\/www.proantic.com\/magazine\/style-revolution-francaise-mobilier-objets-dart-et-papiers-peints\/#primaryimage\"},\"thumbnailUrl\":\"https:\/\/i0.wp.com\/www.proantic.com\/magazine\/wp-content\/uploads\/2024\/02\/dsc_0087.jpg.webp?fit=792%2C528&ssl=1\",\"articleSection\":[\"Expositions\"],\"inLanguage\":\"fr-FR\"},{\"@type\":\"WebPage\",\"@id\":\"https:\/\/www.proantic.com\/magazine\/style-revolution-francaise-mobilier-objets-dart-et-papiers-peints\/\",\"url\":\"https:\/\/www.proantic.com\/magazine\/style-revolution-francaise-mobilier-objets-dart-et-papiers-peints\/\",\"name\":\"Style R\u00e9volution fran\u00e7aise.\u00a0Mobilier,\u00a0objets d'art\u00a0et\u00a0papiers peints\u00a0 Le Magazine de Proantic\",\"isPartOf\":{\"@id\":\"https:\/\/www.proantic.com\/magazine\/#website\"},\"primaryImageOfPage\":{\"@id\":\"https:\/\/www.proantic.com\/magazine\/style-revolution-francaise-mobilier-objets-dart-et-papiers-peints\/#primaryimage\"},\"image\":{\"@id\":\"https:\/\/www.proantic.com\/magazine\/style-revolution-francaise-mobilier-objets-dart-et-papiers-peints\/#primaryimage\"},\"thumbnailUrl\":\"https:\/\/i0.wp.com\/www.proantic.com\/magazine\/wp-content\/uploads\/2024\/02\/dsc_0087.jpg.webp?fit=792%2C528&ssl=1\",\"datePublished\":\"2024-02-24T13:55:37+00:00\",\"author\":{\"@id\":\"https:\/\/www.proantic.com\/magazine\/#\/schema\/person\/63707e8f4e7d0172de7ddde897688be0\"},\"description\":\"Pr\u00e9tendument qualifi\u00e9s de style Louis XVI ou de style Directoire, les arts d\u00e9coratifs de la derni\u00e8re d\u00e9cennie du XVIIIe\u00a0si\u00e8cle ont \u00e9t\u00e9 d\u00e9pouill\u00e9s de leur\",\"breadcrumb\":{\"@id\":\"https:\/\/www.proantic.com\/magazine\/style-revolution-francaise-mobilier-objets-dart-et-papiers-peints\/#breadcrumb\"},\"inLanguage\":\"fr-FR\",\"potentialAction\":[{\"@type\":\"ReadAction\",\"target\":[\"https:\/\/www.proantic.com\/magazine\/style-revolution-francaise-mobilier-objets-dart-et-papiers-peints\/\"]}]},{\"@type\":\"ImageObject\",\"inLanguage\":\"fr-FR\",\"@id\":\"https:\/\/www.proantic.com\/magazine\/style-revolution-francaise-mobilier-objets-dart-et-papiers-peints\/#primaryimage\",\"url\":\"https:\/\/i0.wp.com\/www.proantic.com\/magazine\/wp-content\/uploads\/2024\/02\/dsc_0087.jpg.webp?fit=792%2C528&ssl=1\",\"contentUrl\":\"https:\/\/i0.wp.com\/www.proantic.com\/magazine\/wp-content\/uploads\/2024\/02\/dsc_0087.jpg.webp?fit=792%2C528&ssl=1\",\"width\":792,\"height\":528},{\"@type\":\"BreadcrumbList\",\"@id\":\"https:\/\/www.proantic.com\/magazine\/style-revolution-francaise-mobilier-objets-dart-et-papiers-peints\/#breadcrumb\",\"itemListElement\":[{\"@type\":\"ListItem\",\"position\":1,\"name\":\"Accueil\",\"item\":\"https:\/\/www.proantic.com\/magazine\/\"},{\"@type\":\"ListItem\",\"position\":2,\"name\":\"Style R\u00e9volution fran\u00e7aise.\u00a0Mobilier,\u00a0objets d&rsquo;art\u00a0et\u00a0papiers peints\u00a0\"}]},{\"@type\":\"WebSite\",\"@id\":\"https:\/\/www.proantic.com\/magazine\/#website\",\"url\":\"https:\/\/www.proantic.com\/magazine\/\",\"name\":\"Le Magazine de Proantic\",\"description\":\"Magazine d&#039;art et expositions\",\"potentialAction\":[{\"@type\":\"SearchAction\",\"target\":{\"@type\":\"EntryPoint\",\"urlTemplate\":\"https:\/\/www.proantic.com\/magazine\/?s={search_term_string}\"},\"query-input\":{\"@type\":\"PropertyValueSpecification\",\"valueRequired\":true,\"valueName\":\"search_term_string\"}}],\"inLanguage\":\"fr-FR\"},{\"@type\":\"Person\",\"@id\":\"https:\/\/www.proantic.com\/magazine\/#\/schema\/person\/63707e8f4e7d0172de7ddde897688be0\",\"name\":\"C\u00e9line Autant\"}]}<\/script>\n<!-- \/ Yoast SEO plugin. -->","yoast_head_json":{"title":"Style R\u00e9volution fran\u00e7aise.\u00a0Mobilier,\u00a0objets d'art\u00a0et\u00a0papiers peints\u00a0 Le Magazine de Proantic","description":"Pr\u00e9tendument qualifi\u00e9s de style Louis XVI ou de style Directoire, les arts d\u00e9coratifs de la derni\u00e8re d\u00e9cennie du XVIIIe\u00a0si\u00e8cle ont \u00e9t\u00e9 d\u00e9pouill\u00e9s de leur","robots":{"index":"index","follow":"follow","max-snippet":"max-snippet:-1","max-image-preview":"max-image-preview:large","max-video-preview":"max-video-preview:-1"},"canonical":"https:\/\/www.proantic.com\/magazine\/style-revolution-francaise-mobilier-objets-dart-et-papiers-peints\/","og_locale":"fr_FR","og_type":"article","og_title":"Style R\u00e9volution fran\u00e7aise.\u00a0Mobilier,\u00a0objets d'art\u00a0et\u00a0papiers peints\u00a0 Le Magazine de Proantic","og_description":"Pr\u00e9tendument qualifi\u00e9s de style Louis XVI ou de style Directoire, les arts d\u00e9coratifs de la derni\u00e8re d\u00e9cennie du XVIIIe\u00a0si\u00e8cle ont \u00e9t\u00e9 d\u00e9pouill\u00e9s de leur","og_url":"https:\/\/www.proantic.com\/magazine\/style-revolution-francaise-mobilier-objets-dart-et-papiers-peints\/","og_site_name":"Le Magazine de Proantic","article_publisher":"https:\/\/www.facebook.com\/pages\/Proantic\/\/259180871793","article_published_time":"2024-02-24T13:55:37+00:00","og_image":[{"width":792,"height":528,"url":"https:\/\/www.proantic.com\/magazine\/wp-content\/uploads\/2024\/02\/dsc_0087.jpg.webp","type":"image\/webp"}],"author":"C\u00e9line Autant","twitter_misc":{"\u00c9crit par":"C\u00e9line Autant","Dur\u00e9e de lecture estim\u00e9e":"5 minutes"},"schema":{"@context":"https:\/\/schema.org","@graph":[{"@type":"Article","@id":"https:\/\/www.proantic.com\/magazine\/style-revolution-francaise-mobilier-objets-dart-et-papiers-peints\/#article","isPartOf":{"@id":"https:\/\/www.proantic.com\/magazine\/style-revolution-francaise-mobilier-objets-dart-et-papiers-peints\/"},"author":{"name":"C\u00e9line Autant","@id":"https:\/\/www.proantic.com\/magazine\/#\/schema\/person\/63707e8f4e7d0172de7ddde897688be0"},"headline":"Style R\u00e9volution fran\u00e7aise.\u00a0Mobilier,\u00a0objets d&rsquo;art\u00a0et\u00a0papiers peints\u00a0","datePublished":"2024-02-24T13:55:37+00:00","mainEntityOfPage":{"@id":"https:\/\/www.proantic.com\/magazine\/style-revolution-francaise-mobilier-objets-dart-et-papiers-peints\/"},"wordCount":838,"image":{"@id":"https:\/\/www.proantic.com\/magazine\/style-revolution-francaise-mobilier-objets-dart-et-papiers-peints\/#primaryimage"},"thumbnailUrl":"https:\/\/i0.wp.com\/www.proantic.com\/magazine\/wp-content\/uploads\/2024\/02\/dsc_0087.jpg.webp?fit=792%2C528&ssl=1","articleSection":["Expositions"],"inLanguage":"fr-FR"},{"@type":"WebPage","@id":"https:\/\/www.proantic.com\/magazine\/style-revolution-francaise-mobilier-objets-dart-et-papiers-peints\/","url":"https:\/\/www.proantic.com\/magazine\/style-revolution-francaise-mobilier-objets-dart-et-papiers-peints\/","name":"Style R\u00e9volution fran\u00e7aise.\u00a0Mobilier,\u00a0objets d'art\u00a0et\u00a0papiers peints\u00a0 Le Magazine de Proantic","isPartOf":{"@id":"https:\/\/www.proantic.com\/magazine\/#website"},"primaryImageOfPage":{"@id":"https:\/\/www.proantic.com\/magazine\/style-revolution-francaise-mobilier-objets-dart-et-papiers-peints\/#primaryimage"},"image":{"@id":"https:\/\/www.proantic.com\/magazine\/style-revolution-francaise-mobilier-objets-dart-et-papiers-peints\/#primaryimage"},"thumbnailUrl":"https:\/\/i0.wp.com\/www.proantic.com\/magazine\/wp-content\/uploads\/2024\/02\/dsc_0087.jpg.webp?fit=792%2C528&ssl=1","datePublished":"2024-02-24T13:55:37+00:00","author":{"@id":"https:\/\/www.proantic.com\/magazine\/#\/schema\/person\/63707e8f4e7d0172de7ddde897688be0"},"description":"Pr\u00e9tendument qualifi\u00e9s de style Louis XVI ou de style Directoire, les arts d\u00e9coratifs de la derni\u00e8re d\u00e9cennie du XVIIIe\u00a0si\u00e8cle ont \u00e9t\u00e9 d\u00e9pouill\u00e9s de leur","breadcrumb":{"@id":"https:\/\/www.proantic.com\/magazine\/style-revolution-francaise-mobilier-objets-dart-et-papiers-peints\/#breadcrumb"},"inLanguage":"fr-FR","potentialAction":[{"@type":"ReadAction","target":["https:\/\/www.proantic.com\/magazine\/style-revolution-francaise-mobilier-objets-dart-et-papiers-peints\/"]}]},{"@type":"ImageObject","inLanguage":"fr-FR","@id":"https:\/\/www.proantic.com\/magazine\/style-revolution-francaise-mobilier-objets-dart-et-papiers-peints\/#primaryimage","url":"https:\/\/i0.wp.com\/www.proantic.com\/magazine\/wp-content\/uploads\/2024\/02\/dsc_0087.jpg.webp?fit=792%2C528&ssl=1","contentUrl":"https:\/\/i0.wp.com\/www.proantic.com\/magazine\/wp-content\/uploads\/2024\/02\/dsc_0087.jpg.webp?fit=792%2C528&ssl=1","width":792,"height":528},{"@type":"BreadcrumbList","@id":"https:\/\/www.proantic.com\/magazine\/style-revolution-francaise-mobilier-objets-dart-et-papiers-peints\/#breadcrumb","itemListElement":[{"@type":"ListItem","position":1,"name":"Accueil","item":"https:\/\/www.proantic.com\/magazine\/"},{"@type":"ListItem","position":2,"name":"Style R\u00e9volution fran\u00e7aise.\u00a0Mobilier,\u00a0objets d&rsquo;art\u00a0et\u00a0papiers peints\u00a0"}]},{"@type":"WebSite","@id":"https:\/\/www.proantic.com\/magazine\/#website","url":"https:\/\/www.proantic.com\/magazine\/","name":"Le Magazine de Proantic","description":"Magazine d&#039;art et expositions","potentialAction":[{"@type":"SearchAction","target":{"@type":"EntryPoint","urlTemplate":"https:\/\/www.proantic.com\/magazine\/?s={search_term_string}"},"query-input":{"@type":"PropertyValueSpecification","valueRequired":true,"valueName":"search_term_string"}}],"inLanguage":"fr-FR"},{"@type":"Person","@id":"https:\/\/www.proantic.com\/magazine\/#\/schema\/person\/63707e8f4e7d0172de7ddde897688be0","name":"C\u00e9line Autant"}]}},"jetpack_publicize_connections":[],"jetpack_featured_media_url":"https:\/\/i0.wp.com\/www.proantic.com\/magazine\/wp-content\/uploads\/2024\/02\/dsc_0087.jpg.webp?fit=792%2C528&ssl=1","jetpack_shortlink":"https:\/\/wp.me\/p7EkP3-4ho","jetpack_sharing_enabled":true,"_links":{"self":[{"href":"https:\/\/www.proantic.com\/magazine\/wp-json\/wp\/v2\/posts\/16454","targetHints":{"allow":["GET"]}}],"collection":[{"href":"https:\/\/www.proantic.com\/magazine\/wp-json\/wp\/v2\/posts"}],"about":[{"href":"https:\/\/www.proantic.com\/magazine\/wp-json\/wp\/v2\/types\/post"}],"author":[{"embeddable":true,"href":"https:\/\/www.proantic.com\/magazine\/wp-json\/wp\/v2\/users\/6"}],"replies":[{"embeddable":true,"href":"https:\/\/www.proantic.com\/magazine\/wp-json\/wp\/v2\/comments?post=16454"}],"version-history":[{"count":2,"href":"https:\/\/www.proantic.com\/magazine\/wp-json\/wp\/v2\/posts\/16454\/revisions"}],"predecessor-version":[{"id":16461,"href":"https:\/\/www.proantic.com\/magazine\/wp-json\/wp\/v2\/posts\/16454\/revisions\/16461"}],"wp:featuredmedia":[{"embeddable":true,"href":"https:\/\/www.proantic.com\/magazine\/wp-json\/wp\/v2\/media\/16456"}],"wp:attachment":[{"href":"https:\/\/www.proantic.com\/magazine\/wp-json\/wp\/v2\/media?parent=16454"}],"wp:term":[{"taxonomy":"category","embeddable":true,"href":"https:\/\/www.proantic.com\/magazine\/wp-json\/wp\/v2\/categories?post=16454"},{"taxonomy":"post_tag","embeddable":true,"href":"https:\/\/www.proantic.com\/magazine\/wp-json\/wp\/v2\/tags?post=16454"}],"curies":[{"name":"wp","href":"https:\/\/api.w.org\/{rel}","templated":true}]}}