{"id":15993,"date":"2023-09-06T10:14:32","date_gmt":"2023-09-06T09:14:32","guid":{"rendered":"https:\/\/www.proantic.com\/magazine\/?p=15993"},"modified":"2023-09-06T10:41:44","modified_gmt":"2023-09-06T09:41:44","slug":"rene-buthaud-1886-1986-maitre-inconteste-des-arts-du-feux","status":"publish","type":"post","link":"https:\/\/www.proantic.com\/magazine\/rene-buthaud-1886-1986-maitre-inconteste-des-arts-du-feux\/","title":{"rendered":"Ren\u00e9 Buthaud (1886-1986) Ma\u00eetre incontest\u00e9 des arts du feux"},"content":{"rendered":"\n<p><strong>Apr\u00e8s avoir mis en lumi\u00e8re Alfred-Auguste Janniot dont il fut l\u2019ami, le mus\u00e9e des Beaux-Arts Antoine L\u00e9cuyer consacre une exposition \u00e0 l\u2019artiste hors pair Ren\u00e9 Buthaud, l\u2019un des plus grands c\u00e9ramistes de la p\u00e9riode Art d\u00e9co. <\/strong><\/p>\n\n\n\n<p>Dot\u00e9 d\u2019un savoir-faire hors pair, Ren\u00e9 Buthaud est l\u2019un des plus grands dessinateur, graveur, peintre, c\u00e9ramiste et sculpteur de sa g\u00e9n\u00e9ration. Ma\u00eetrisant avec perfection les caprices du feu, entre tradition et modernit\u00e9, il a su rendre au d\u00e9cor son r\u00f4le essentiel, notamment dans sa f\u00e9conde production Art d\u00e9co. <\/p>\n\n\n\n<figure class=\"wp-block-image size-large\"><a href=\"https:\/\/i0.wp.com\/www.proantic.com\/magazine\/wp-content\/uploads\/2023\/09\/347594966_648511997303718_4402434756693223819_n.jpg?ssl=1\"><img data-recalc-dims=\"1\" loading=\"lazy\" decoding=\"async\" width=\"665\" height=\"665\" data-attachment-id=\"15994\" data-permalink=\"https:\/\/www.proantic.com\/magazine\/rene-buthaud-1886-1986-maitre-inconteste-des-arts-du-feux\/347594966_648511997303718_4402434756693223819_n\/\" data-orig-file=\"https:\/\/i0.wp.com\/www.proantic.com\/magazine\/wp-content\/uploads\/2023\/09\/347594966_648511997303718_4402434756693223819_n.jpg?fit=1167%2C1167&amp;ssl=1\" data-orig-size=\"1167,1167\" data-comments-opened=\"1\" data-image-meta=\"{&quot;aperture&quot;:&quot;0&quot;,&quot;credit&quot;:&quot;&quot;,&quot;camera&quot;:&quot;&quot;,&quot;caption&quot;:&quot;&quot;,&quot;created_timestamp&quot;:&quot;0&quot;,&quot;copyright&quot;:&quot;&quot;,&quot;focal_length&quot;:&quot;0&quot;,&quot;iso&quot;:&quot;0&quot;,&quot;shutter_speed&quot;:&quot;0&quot;,&quot;title&quot;:&quot;&quot;,&quot;orientation&quot;:&quot;0&quot;}\" data-image-title=\"Ren\u00e9 Buthaud, maitre incontest\u00e9 des arts du feu\" data-image-description=\"\" data-image-caption=\"&lt;p&gt;Mus\u00e9e des Beaux-Arts &amp;#8211; Antoine L\u00e9cuyer, Saint-Quentin (Aisne) &amp;amp; madd-bordeaux&lt;\/p&gt;\n\" data-medium-file=\"https:\/\/i0.wp.com\/www.proantic.com\/magazine\/wp-content\/uploads\/2023\/09\/347594966_648511997303718_4402434756693223819_n.jpg?fit=300%2C300&amp;ssl=1\" data-large-file=\"https:\/\/i0.wp.com\/www.proantic.com\/magazine\/wp-content\/uploads\/2023\/09\/347594966_648511997303718_4402434756693223819_n.jpg?fit=665%2C665&amp;ssl=1\" src=\"https:\/\/i0.wp.com\/www.proantic.com\/magazine\/wp-content\/uploads\/2023\/09\/347594966_648511997303718_4402434756693223819_n.jpg?resize=665%2C665&#038;ssl=1\" alt=\"\" class=\"wp-image-15994\" srcset=\"https:\/\/i0.wp.com\/www.proantic.com\/magazine\/wp-content\/uploads\/2023\/09\/347594966_648511997303718_4402434756693223819_n.jpg?resize=1024%2C1024&amp;ssl=1 1024w, https:\/\/i0.wp.com\/www.proantic.com\/magazine\/wp-content\/uploads\/2023\/09\/347594966_648511997303718_4402434756693223819_n.jpg?resize=300%2C300&amp;ssl=1 300w, https:\/\/i0.wp.com\/www.proantic.com\/magazine\/wp-content\/uploads\/2023\/09\/347594966_648511997303718_4402434756693223819_n.jpg?resize=150%2C150&amp;ssl=1 150w, https:\/\/i0.wp.com\/www.proantic.com\/magazine\/wp-content\/uploads\/2023\/09\/347594966_648511997303718_4402434756693223819_n.jpg?resize=768%2C768&amp;ssl=1 768w, https:\/\/i0.wp.com\/www.proantic.com\/magazine\/wp-content\/uploads\/2023\/09\/347594966_648511997303718_4402434756693223819_n.jpg?resize=100%2C100&amp;ssl=1 100w, https:\/\/i0.wp.com\/www.proantic.com\/magazine\/wp-content\/uploads\/2023\/09\/347594966_648511997303718_4402434756693223819_n.jpg?resize=200%2C200&amp;ssl=1 200w, https:\/\/i0.wp.com\/www.proantic.com\/magazine\/wp-content\/uploads\/2023\/09\/347594966_648511997303718_4402434756693223819_n.jpg?w=1167&amp;ssl=1 1167w\" sizes=\"auto, (max-width: 665px) 100vw, 665px\" \/><\/a><figcaption class=\"wp-element-caption\">(c) Mus\u00e9e des Beaux-Arts &#8211; Antoine L\u00e9cuyer, Saint-Quentin (Aisne) &amp; madd-bordeaux<\/figcaption><\/figure>\n\n\n\n<p>N\u00e9 \u00e0 <a><\/a>Saintes et actif \u00e0 Bordeaux, Ren\u00e9 Buthaud (1886-1986) est l\u2019un des c\u00e9ramistes majeurs du XXe si\u00e8cle. Ses d\u00e9cors stylis\u00e9s d\u2019inspiration mythologique, ses femmes nues au regard pensif, ses vases aux formes simples et robustes rattachent l\u2019artiste \u00e0 l\u2019Art d\u00e9co tel qu\u2019il s\u2019affirme dans les ann\u00e9es 1920. Son talent est sensible dans la s\u00fbret\u00e9 du trait, dans sa capacit\u00e9 \u00e0 adapter un dessin d&rsquo;une composition riche et complexe \u00e0 l&rsquo;arrondi d&rsquo;un vase.<\/p>\n\n\n<div class=\"wp-block-image\">\n<figure class=\"aligncenter size-full\"><a href=\"https:\/\/i0.wp.com\/www.proantic.com\/magazine\/wp-content\/uploads\/2023\/09\/jkyu.jpg?ssl=1\"><img data-recalc-dims=\"1\" loading=\"lazy\" decoding=\"async\" width=\"352\" height=\"439\" data-attachment-id=\"15995\" data-permalink=\"https:\/\/www.proantic.com\/magazine\/rene-buthaud-1886-1986-maitre-inconteste-des-arts-du-feux\/jkyu\/\" data-orig-file=\"https:\/\/i0.wp.com\/www.proantic.com\/magazine\/wp-content\/uploads\/2023\/09\/jkyu.jpg?fit=352%2C439&amp;ssl=1\" data-orig-size=\"352,439\" data-comments-opened=\"1\" data-image-meta=\"{&quot;aperture&quot;:&quot;0&quot;,&quot;credit&quot;:&quot;celine&quot;,&quot;camera&quot;:&quot;&quot;,&quot;caption&quot;:&quot;&quot;,&quot;created_timestamp&quot;:&quot;1693996962&quot;,&quot;copyright&quot;:&quot;&quot;,&quot;focal_length&quot;:&quot;0&quot;,&quot;iso&quot;:&quot;0&quot;,&quot;shutter_speed&quot;:&quot;0&quot;,&quot;title&quot;:&quot;&quot;,&quot;orientation&quot;:&quot;0&quot;}\" data-image-title=\"Ren\u00e9 Buthaud, maitre incontest\u00e9 des arts du feu\" data-image-description=\"\" data-image-caption=\"&lt;p&gt;Mus\u00e9e des Beaux-Arts &amp;#8211; Antoine L\u00e9cuyer, Saint-Quentin (Aisne) &amp;amp; madd-bordeaux&lt;\/p&gt;\n\" data-medium-file=\"https:\/\/i0.wp.com\/www.proantic.com\/magazine\/wp-content\/uploads\/2023\/09\/jkyu.jpg?fit=241%2C300&amp;ssl=1\" data-large-file=\"https:\/\/i0.wp.com\/www.proantic.com\/magazine\/wp-content\/uploads\/2023\/09\/jkyu.jpg?fit=352%2C439&amp;ssl=1\" src=\"https:\/\/i0.wp.com\/www.proantic.com\/magazine\/wp-content\/uploads\/2023\/09\/jkyu.jpg?resize=352%2C439&#038;ssl=1\" alt=\"\" class=\"wp-image-15995\" srcset=\"https:\/\/i0.wp.com\/www.proantic.com\/magazine\/wp-content\/uploads\/2023\/09\/jkyu.jpg?w=352&amp;ssl=1 352w, https:\/\/i0.wp.com\/www.proantic.com\/magazine\/wp-content\/uploads\/2023\/09\/jkyu.jpg?resize=241%2C300&amp;ssl=1 241w\" sizes=\"auto, (max-width: 352px) 100vw, 352px\" \/><\/a><figcaption class=\"wp-element-caption\">(c) Mus\u00e9e des Beaux-Arts &#8211; Antoine L\u00e9cuyer, Saint-Quentin (Aisne) &amp; madd-bordeaux<\/figcaption><\/figure>\n<\/div>\n\n\n<p>Le madd-bordeaux pr\u00e9sente une s\u00e9lection des plus belles pi\u00e8ces de l\u2019artiste, aux c\u00f4t\u00e9s de la collection personnelle de Fran\u00e7oise Cru\u00e8ge de Forceville, l\u00e9gataire de l\u2019\u0153uvre.<\/p>\n\n\n\n<p>Commissaires d\u2019exposition : Emmanuel Br\u00e9on et Victorien Georges<\/p>\n\n\n\n<p><strong>Au mus\u00e9e des Beaux-Arts Antoine L\u00e9cuyer \u00e0 Saint-Quentin <\/strong><\/p>\n\n\n\n<p>Jusqu\u2019au 17 septembre 2023<\/p>\n","protected":false},"excerpt":{"rendered":"<p>Apr\u00e8s avoir mis en lumi\u00e8re Alfred-Auguste Janniot dont il fut l\u2019ami, le mus\u00e9e des Beaux-Arts Antoine L\u00e9cuyer consacre une exposition \u00e0 l\u2019artiste hors pair Ren\u00e9 Buthaud, l\u2019un des plus grands c\u00e9ramistes de la p\u00e9riode Art d\u00e9co. Dot\u00e9 d\u2019un savoir-faire hors pair, Ren\u00e9 Buthaud est l\u2019un des plus grands dessinateur, graveur, peintre, c\u00e9ramiste et sculpteur de [&hellip;]<\/p>\n","protected":false},"author":6,"featured_media":15996,"comment_status":"closed","ping_status":"closed","sticky":false,"template":"","format":"standard","meta":{"jetpack_post_was_ever_published":false,"_jetpack_newsletter_access":"","_jetpack_dont_email_post_to_subs":false,"_jetpack_newsletter_tier_id":0,"_jetpack_memberships_contains_paywalled_content":false,"_jetpack_memberships_contains_paid_content":false,"footnotes":"","jetpack_publicize_message":"","jetpack_publicize_feature_enabled":true,"jetpack_social_post_already_shared":false,"jetpack_social_options":{"image_generator_settings":{"template":"highway","default_image_id":0,"font":"","enabled":false},"version":2}},"categories":[12],"tags":[],"class_list":["post-15993","post","type-post","status-publish","format-standard","has-post-thumbnail","hentry","category-expositions"],"yoast_head":"<!-- This site is optimized with the Yoast SEO plugin v26.9 - https:\/\/yoast.com\/product\/yoast-seo-wordpress\/ -->\n<title>Ren\u00e9 Buthaud (1886-1986) Ma\u00eetre incontest\u00e9 des arts du feux Le Magazine de Proantic<\/title>\n<meta name=\"description\" content=\"Apr\u00e8s avoir mis en lumi\u00e8re Alfred-Auguste Janniot dont il fut l\u2019ami, le mus\u00e9e des Beaux-Arts Antoine L\u00e9cuyer consacre une exposition \u00e0 l\u2019artiste hors pair\" \/>\n<meta name=\"robots\" content=\"index, follow, max-snippet:-1, max-image-preview:large, max-video-preview:-1\" \/>\n<link rel=\"canonical\" href=\"https:\/\/www.proantic.com\/magazine\/rene-buthaud-1886-1986-maitre-inconteste-des-arts-du-feux\/\" \/>\n<meta property=\"og:locale\" content=\"fr_FR\" \/>\n<meta property=\"og:type\" content=\"article\" \/>\n<meta property=\"og:title\" content=\"Ren\u00e9 Buthaud (1886-1986) Ma\u00eetre incontest\u00e9 des arts du feux Le Magazine de Proantic\" \/>\n<meta property=\"og:description\" content=\"Apr\u00e8s avoir mis en lumi\u00e8re Alfred-Auguste Janniot dont il fut l\u2019ami, le mus\u00e9e des Beaux-Arts Antoine L\u00e9cuyer consacre une exposition \u00e0 l\u2019artiste hors pair\" \/>\n<meta property=\"og:url\" content=\"https:\/\/www.proantic.com\/magazine\/rene-buthaud-1886-1986-maitre-inconteste-des-arts-du-feux\/\" \/>\n<meta property=\"og:site_name\" content=\"Le Magazine de Proantic\" \/>\n<meta property=\"article:publisher\" content=\"https:\/\/www.facebook.com\/pages\/Proantic\/\/259180871793\" \/>\n<meta property=\"article:published_time\" content=\"2023-09-06T09:14:32+00:00\" \/>\n<meta property=\"article:modified_time\" content=\"2023-09-06T09:41:44+00:00\" \/>\n<meta property=\"og:image\" content=\"https:\/\/www.proantic.com\/magazine\/wp-content\/uploads\/2023\/09\/347398451_648511800637071_6927128901098334989_n.jpg\" \/>\n\t<meta property=\"og:image:width\" content=\"600\" \/>\n\t<meta property=\"og:image:height\" content=\"600\" \/>\n\t<meta property=\"og:image:type\" content=\"image\/jpeg\" \/>\n<meta name=\"author\" content=\"C\u00e9line Autant\" \/>\n<meta name=\"twitter:label1\" content=\"\u00c9crit par\" \/>\n\t<meta name=\"twitter:data1\" content=\"C\u00e9line Autant\" \/>\n\t<meta name=\"twitter:label2\" content=\"Dur\u00e9e de lecture estim\u00e9e\" \/>\n\t<meta name=\"twitter:data2\" content=\"2 minutes\" \/>\n<script type=\"application\/ld+json\" class=\"yoast-schema-graph\">{\"@context\":\"https:\/\/schema.org\",\"@graph\":[{\"@type\":\"Article\",\"@id\":\"https:\/\/www.proantic.com\/magazine\/rene-buthaud-1886-1986-maitre-inconteste-des-arts-du-feux\/#article\",\"isPartOf\":{\"@id\":\"https:\/\/www.proantic.com\/magazine\/rene-buthaud-1886-1986-maitre-inconteste-des-arts-du-feux\/\"},\"author\":{\"name\":\"C\u00e9line Autant\",\"@id\":\"https:\/\/www.proantic.com\/magazine\/#\/schema\/person\/63707e8f4e7d0172de7ddde897688be0\"},\"headline\":\"Ren\u00e9 Buthaud (1886-1986) Ma\u00eetre incontest\u00e9 des arts du feux\",\"datePublished\":\"2023-09-06T09:14:32+00:00\",\"dateModified\":\"2023-09-06T09:41:44+00:00\",\"mainEntityOfPage\":{\"@id\":\"https:\/\/www.proantic.com\/magazine\/rene-buthaud-1886-1986-maitre-inconteste-des-arts-du-feux\/\"},\"wordCount\":278,\"image\":{\"@id\":\"https:\/\/www.proantic.com\/magazine\/rene-buthaud-1886-1986-maitre-inconteste-des-arts-du-feux\/#primaryimage\"},\"thumbnailUrl\":\"https:\/\/i0.wp.com\/www.proantic.com\/magazine\/wp-content\/uploads\/2023\/09\/347398451_648511800637071_6927128901098334989_n.jpg?fit=600%2C600&ssl=1\",\"articleSection\":[\"Expositions\"],\"inLanguage\":\"fr-FR\"},{\"@type\":\"WebPage\",\"@id\":\"https:\/\/www.proantic.com\/magazine\/rene-buthaud-1886-1986-maitre-inconteste-des-arts-du-feux\/\",\"url\":\"https:\/\/www.proantic.com\/magazine\/rene-buthaud-1886-1986-maitre-inconteste-des-arts-du-feux\/\",\"name\":\"Ren\u00e9 Buthaud (1886-1986) Ma\u00eetre incontest\u00e9 des arts du feux Le Magazine de Proantic\",\"isPartOf\":{\"@id\":\"https:\/\/www.proantic.com\/magazine\/#website\"},\"primaryImageOfPage\":{\"@id\":\"https:\/\/www.proantic.com\/magazine\/rene-buthaud-1886-1986-maitre-inconteste-des-arts-du-feux\/#primaryimage\"},\"image\":{\"@id\":\"https:\/\/www.proantic.com\/magazine\/rene-buthaud-1886-1986-maitre-inconteste-des-arts-du-feux\/#primaryimage\"},\"thumbnailUrl\":\"https:\/\/i0.wp.com\/www.proantic.com\/magazine\/wp-content\/uploads\/2023\/09\/347398451_648511800637071_6927128901098334989_n.jpg?fit=600%2C600&ssl=1\",\"datePublished\":\"2023-09-06T09:14:32+00:00\",\"dateModified\":\"2023-09-06T09:41:44+00:00\",\"author\":{\"@id\":\"https:\/\/www.proantic.com\/magazine\/#\/schema\/person\/63707e8f4e7d0172de7ddde897688be0\"},\"description\":\"Apr\u00e8s avoir mis en lumi\u00e8re Alfred-Auguste Janniot dont il fut l\u2019ami, le mus\u00e9e des Beaux-Arts Antoine L\u00e9cuyer consacre une exposition \u00e0 l\u2019artiste hors pair\",\"breadcrumb\":{\"@id\":\"https:\/\/www.proantic.com\/magazine\/rene-buthaud-1886-1986-maitre-inconteste-des-arts-du-feux\/#breadcrumb\"},\"inLanguage\":\"fr-FR\",\"potentialAction\":[{\"@type\":\"ReadAction\",\"target\":[\"https:\/\/www.proantic.com\/magazine\/rene-buthaud-1886-1986-maitre-inconteste-des-arts-du-feux\/\"]}]},{\"@type\":\"ImageObject\",\"inLanguage\":\"fr-FR\",\"@id\":\"https:\/\/www.proantic.com\/magazine\/rene-buthaud-1886-1986-maitre-inconteste-des-arts-du-feux\/#primaryimage\",\"url\":\"https:\/\/i0.wp.com\/www.proantic.com\/magazine\/wp-content\/uploads\/2023\/09\/347398451_648511800637071_6927128901098334989_n.jpg?fit=600%2C600&ssl=1\",\"contentUrl\":\"https:\/\/i0.wp.com\/www.proantic.com\/magazine\/wp-content\/uploads\/2023\/09\/347398451_648511800637071_6927128901098334989_n.jpg?fit=600%2C600&ssl=1\",\"width\":600,\"height\":600},{\"@type\":\"BreadcrumbList\",\"@id\":\"https:\/\/www.proantic.com\/magazine\/rene-buthaud-1886-1986-maitre-inconteste-des-arts-du-feux\/#breadcrumb\",\"itemListElement\":[{\"@type\":\"ListItem\",\"position\":1,\"name\":\"Accueil\",\"item\":\"https:\/\/www.proantic.com\/magazine\/\"},{\"@type\":\"ListItem\",\"position\":2,\"name\":\"Ren\u00e9 Buthaud (1886-1986) Ma\u00eetre incontest\u00e9 des arts du feux\"}]},{\"@type\":\"WebSite\",\"@id\":\"https:\/\/www.proantic.com\/magazine\/#website\",\"url\":\"https:\/\/www.proantic.com\/magazine\/\",\"name\":\"Le Magazine de Proantic\",\"description\":\"Magazine d&#039;art et expositions\",\"potentialAction\":[{\"@type\":\"SearchAction\",\"target\":{\"@type\":\"EntryPoint\",\"urlTemplate\":\"https:\/\/www.proantic.com\/magazine\/?s={search_term_string}\"},\"query-input\":{\"@type\":\"PropertyValueSpecification\",\"valueRequired\":true,\"valueName\":\"search_term_string\"}}],\"inLanguage\":\"fr-FR\"},{\"@type\":\"Person\",\"@id\":\"https:\/\/www.proantic.com\/magazine\/#\/schema\/person\/63707e8f4e7d0172de7ddde897688be0\",\"name\":\"C\u00e9line Autant\"}]}<\/script>\n<!-- \/ Yoast SEO plugin. -->","yoast_head_json":{"title":"Ren\u00e9 Buthaud (1886-1986) Ma\u00eetre incontest\u00e9 des arts du feux Le Magazine de Proantic","description":"Apr\u00e8s avoir mis en lumi\u00e8re Alfred-Auguste Janniot dont il fut l\u2019ami, le mus\u00e9e des Beaux-Arts Antoine L\u00e9cuyer consacre une exposition \u00e0 l\u2019artiste hors pair","robots":{"index":"index","follow":"follow","max-snippet":"max-snippet:-1","max-image-preview":"max-image-preview:large","max-video-preview":"max-video-preview:-1"},"canonical":"https:\/\/www.proantic.com\/magazine\/rene-buthaud-1886-1986-maitre-inconteste-des-arts-du-feux\/","og_locale":"fr_FR","og_type":"article","og_title":"Ren\u00e9 Buthaud (1886-1986) Ma\u00eetre incontest\u00e9 des arts du feux Le Magazine de Proantic","og_description":"Apr\u00e8s avoir mis en lumi\u00e8re Alfred-Auguste Janniot dont il fut l\u2019ami, le mus\u00e9e des Beaux-Arts Antoine L\u00e9cuyer consacre une exposition \u00e0 l\u2019artiste hors pair","og_url":"https:\/\/www.proantic.com\/magazine\/rene-buthaud-1886-1986-maitre-inconteste-des-arts-du-feux\/","og_site_name":"Le Magazine de Proantic","article_publisher":"https:\/\/www.facebook.com\/pages\/Proantic\/\/259180871793","article_published_time":"2023-09-06T09:14:32+00:00","article_modified_time":"2023-09-06T09:41:44+00:00","og_image":[{"width":600,"height":600,"url":"https:\/\/www.proantic.com\/magazine\/wp-content\/uploads\/2023\/09\/347398451_648511800637071_6927128901098334989_n.jpg","type":"image\/jpeg"}],"author":"C\u00e9line Autant","twitter_misc":{"\u00c9crit par":"C\u00e9line Autant","Dur\u00e9e de lecture estim\u00e9e":"2 minutes"},"schema":{"@context":"https:\/\/schema.org","@graph":[{"@type":"Article","@id":"https:\/\/www.proantic.com\/magazine\/rene-buthaud-1886-1986-maitre-inconteste-des-arts-du-feux\/#article","isPartOf":{"@id":"https:\/\/www.proantic.com\/magazine\/rene-buthaud-1886-1986-maitre-inconteste-des-arts-du-feux\/"},"author":{"name":"C\u00e9line Autant","@id":"https:\/\/www.proantic.com\/magazine\/#\/schema\/person\/63707e8f4e7d0172de7ddde897688be0"},"headline":"Ren\u00e9 Buthaud (1886-1986) Ma\u00eetre incontest\u00e9 des arts du feux","datePublished":"2023-09-06T09:14:32+00:00","dateModified":"2023-09-06T09:41:44+00:00","mainEntityOfPage":{"@id":"https:\/\/www.proantic.com\/magazine\/rene-buthaud-1886-1986-maitre-inconteste-des-arts-du-feux\/"},"wordCount":278,"image":{"@id":"https:\/\/www.proantic.com\/magazine\/rene-buthaud-1886-1986-maitre-inconteste-des-arts-du-feux\/#primaryimage"},"thumbnailUrl":"https:\/\/i0.wp.com\/www.proantic.com\/magazine\/wp-content\/uploads\/2023\/09\/347398451_648511800637071_6927128901098334989_n.jpg?fit=600%2C600&ssl=1","articleSection":["Expositions"],"inLanguage":"fr-FR"},{"@type":"WebPage","@id":"https:\/\/www.proantic.com\/magazine\/rene-buthaud-1886-1986-maitre-inconteste-des-arts-du-feux\/","url":"https:\/\/www.proantic.com\/magazine\/rene-buthaud-1886-1986-maitre-inconteste-des-arts-du-feux\/","name":"Ren\u00e9 Buthaud (1886-1986) Ma\u00eetre incontest\u00e9 des arts du feux Le Magazine de Proantic","isPartOf":{"@id":"https:\/\/www.proantic.com\/magazine\/#website"},"primaryImageOfPage":{"@id":"https:\/\/www.proantic.com\/magazine\/rene-buthaud-1886-1986-maitre-inconteste-des-arts-du-feux\/#primaryimage"},"image":{"@id":"https:\/\/www.proantic.com\/magazine\/rene-buthaud-1886-1986-maitre-inconteste-des-arts-du-feux\/#primaryimage"},"thumbnailUrl":"https:\/\/i0.wp.com\/www.proantic.com\/magazine\/wp-content\/uploads\/2023\/09\/347398451_648511800637071_6927128901098334989_n.jpg?fit=600%2C600&ssl=1","datePublished":"2023-09-06T09:14:32+00:00","dateModified":"2023-09-06T09:41:44+00:00","author":{"@id":"https:\/\/www.proantic.com\/magazine\/#\/schema\/person\/63707e8f4e7d0172de7ddde897688be0"},"description":"Apr\u00e8s avoir mis en lumi\u00e8re Alfred-Auguste Janniot dont il fut l\u2019ami, le mus\u00e9e des Beaux-Arts Antoine L\u00e9cuyer consacre une exposition \u00e0 l\u2019artiste hors pair","breadcrumb":{"@id":"https:\/\/www.proantic.com\/magazine\/rene-buthaud-1886-1986-maitre-inconteste-des-arts-du-feux\/#breadcrumb"},"inLanguage":"fr-FR","potentialAction":[{"@type":"ReadAction","target":["https:\/\/www.proantic.com\/magazine\/rene-buthaud-1886-1986-maitre-inconteste-des-arts-du-feux\/"]}]},{"@type":"ImageObject","inLanguage":"fr-FR","@id":"https:\/\/www.proantic.com\/magazine\/rene-buthaud-1886-1986-maitre-inconteste-des-arts-du-feux\/#primaryimage","url":"https:\/\/i0.wp.com\/www.proantic.com\/magazine\/wp-content\/uploads\/2023\/09\/347398451_648511800637071_6927128901098334989_n.jpg?fit=600%2C600&ssl=1","contentUrl":"https:\/\/i0.wp.com\/www.proantic.com\/magazine\/wp-content\/uploads\/2023\/09\/347398451_648511800637071_6927128901098334989_n.jpg?fit=600%2C600&ssl=1","width":600,"height":600},{"@type":"BreadcrumbList","@id":"https:\/\/www.proantic.com\/magazine\/rene-buthaud-1886-1986-maitre-inconteste-des-arts-du-feux\/#breadcrumb","itemListElement":[{"@type":"ListItem","position":1,"name":"Accueil","item":"https:\/\/www.proantic.com\/magazine\/"},{"@type":"ListItem","position":2,"name":"Ren\u00e9 Buthaud (1886-1986) Ma\u00eetre incontest\u00e9 des arts du feux"}]},{"@type":"WebSite","@id":"https:\/\/www.proantic.com\/magazine\/#website","url":"https:\/\/www.proantic.com\/magazine\/","name":"Le Magazine de Proantic","description":"Magazine d&#039;art et expositions","potentialAction":[{"@type":"SearchAction","target":{"@type":"EntryPoint","urlTemplate":"https:\/\/www.proantic.com\/magazine\/?s={search_term_string}"},"query-input":{"@type":"PropertyValueSpecification","valueRequired":true,"valueName":"search_term_string"}}],"inLanguage":"fr-FR"},{"@type":"Person","@id":"https:\/\/www.proantic.com\/magazine\/#\/schema\/person\/63707e8f4e7d0172de7ddde897688be0","name":"C\u00e9line Autant"}]}},"jetpack_publicize_connections":[],"jetpack_featured_media_url":"https:\/\/i0.wp.com\/www.proantic.com\/magazine\/wp-content\/uploads\/2023\/09\/347398451_648511800637071_6927128901098334989_n.jpg?fit=600%2C600&ssl=1","jetpack_shortlink":"https:\/\/wp.me\/p7EkP3-49X","jetpack_sharing_enabled":true,"_links":{"self":[{"href":"https:\/\/www.proantic.com\/magazine\/wp-json\/wp\/v2\/posts\/15993","targetHints":{"allow":["GET"]}}],"collection":[{"href":"https:\/\/www.proantic.com\/magazine\/wp-json\/wp\/v2\/posts"}],"about":[{"href":"https:\/\/www.proantic.com\/magazine\/wp-json\/wp\/v2\/types\/post"}],"author":[{"embeddable":true,"href":"https:\/\/www.proantic.com\/magazine\/wp-json\/wp\/v2\/users\/6"}],"replies":[{"embeddable":true,"href":"https:\/\/www.proantic.com\/magazine\/wp-json\/wp\/v2\/comments?post=15993"}],"version-history":[{"count":1,"href":"https:\/\/www.proantic.com\/magazine\/wp-json\/wp\/v2\/posts\/15993\/revisions"}],"predecessor-version":[{"id":15997,"href":"https:\/\/www.proantic.com\/magazine\/wp-json\/wp\/v2\/posts\/15993\/revisions\/15997"}],"wp:featuredmedia":[{"embeddable":true,"href":"https:\/\/www.proantic.com\/magazine\/wp-json\/wp\/v2\/media\/15996"}],"wp:attachment":[{"href":"https:\/\/www.proantic.com\/magazine\/wp-json\/wp\/v2\/media?parent=15993"}],"wp:term":[{"taxonomy":"category","embeddable":true,"href":"https:\/\/www.proantic.com\/magazine\/wp-json\/wp\/v2\/categories?post=15993"},{"taxonomy":"post_tag","embeddable":true,"href":"https:\/\/www.proantic.com\/magazine\/wp-json\/wp\/v2\/tags?post=15993"}],"curies":[{"name":"wp","href":"https:\/\/api.w.org\/{rel}","templated":true}]}}