{"id":15790,"date":"2023-06-11T12:56:54","date_gmt":"2023-06-11T11:56:54","guid":{"rendered":"https:\/\/www.proantic.com\/magazine\/?p=15790"},"modified":"2023-06-11T12:57:48","modified_gmt":"2023-06-11T11:57:48","slug":"seduction-pouvoir-lart-de-sappreter-a-la-cour-aux-xviie-et-xviiie-siecles","status":"publish","type":"post","link":"https:\/\/www.proantic.com\/magazine\/seduction-pouvoir-lart-de-sappreter-a-la-cour-aux-xviie-et-xviiie-siecles\/","title":{"rendered":"S\u00e9duction &amp; Pouvoir. L&rsquo;art de s&rsquo;appr\u00eater \u00e0 la cour aux XVIIe et XVIIIe si\u00e8cles."},"content":{"rendered":"\n<p><strong>Se v\u00eatir et accessoiriser sa tenue r\u00e9v\u00e8le les usages sociaux et politiques des \u00e9lites.<br>Si l\u2019usage de la parure et l\u2019envie d\u2019embellir le corps sont pr\u00e9sents dans toutes les soci\u00e9t\u00e9s et \u00e0 toutes les \u00e9poques, il s\u2019accompagne sous Louis XIV d\u2019une v\u00e9ritable strat\u00e9gie d\u2019affirmation du pouvoir motiv\u00e9e par la centralisation politique.<\/strong> Le r\u00e8gne du Roi-Soleil se caract\u00e9rise par un souci de l\u2019apparence et de la repr\u00e9sentation. L\u2019accessoire, tout comme le v\u00eatement, contribue \u00e0 la n\u00e9cessit\u00e9 de para\u00eetre et de tenir son rang.<\/p>\n\n\n\n<p>Qu\u2019on les appelle ornements ou encore parures, les accessoires du v\u00eatement, de la coiffure et de la beaut\u00e9 deviennent les outils d\u2019une communication non verbale entre les individus et le lieu d\u2019un investissement symbolique.<br>Ces ornements et ces parures refl\u00e8tent les courants de la mode mais t\u00e9moignent \u00e9galement des valeurs et des pr\u00e9f\u00e9rences de la soci\u00e9t\u00e9 fran\u00e7aise de l\u2019\u00e9poque.<\/p>\n\n\n<div class=\"wp-block-image\">\n<figure class=\"aligncenter size-full\"><a href=\"https:\/\/i0.wp.com\/www.proantic.com\/magazine\/wp-content\/uploads\/2023\/06\/kjui.jpg?ssl=1\"><img data-recalc-dims=\"1\" loading=\"lazy\" decoding=\"async\" width=\"609\" height=\"478\" data-attachment-id=\"15805\" data-permalink=\"https:\/\/www.proantic.com\/magazine\/seduction-pouvoir-lart-de-sappreter-a-la-cour-aux-xviie-et-xviiie-siecles\/kjui-3\/\" data-orig-file=\"https:\/\/i0.wp.com\/www.proantic.com\/magazine\/wp-content\/uploads\/2023\/06\/kjui.jpg?fit=609%2C478&amp;ssl=1\" data-orig-size=\"609,478\" data-comments-opened=\"1\" data-image-meta=\"{&quot;aperture&quot;:&quot;0&quot;,&quot;credit&quot;:&quot;celine&quot;,&quot;camera&quot;:&quot;&quot;,&quot;caption&quot;:&quot;&quot;,&quot;created_timestamp&quot;:&quot;1686333679&quot;,&quot;copyright&quot;:&quot;&quot;,&quot;focal_length&quot;:&quot;0&quot;,&quot;iso&quot;:&quot;0&quot;,&quot;shutter_speed&quot;:&quot;0&quot;,&quot;title&quot;:&quot;&quot;,&quot;orientation&quot;:&quot;0&quot;}\" data-image-title=\"S\u00e9duction &amp;amp; Pouvoir. L&amp;rsquo;art de s&amp;rsquo;appr\u00eater \u00e0 la cour aux XVIIe et XVIIIe si\u00e8cles.\" data-image-description=\"\" data-image-caption=\"&lt;p&gt;L\u2019\u00c9tat glorieux et florissant de la famille royale par le nombre et le m\u00e9rite des&lt;br \/&gt;\nprinces et princesses qui la composent&lt;br \/&gt;\n1698&lt;br \/&gt;\nEau forte et burin sur papier&lt;br \/&gt;\nH. 46,5\u2009; L. 56 cm&lt;br \/&gt;\n\u00c0 Paris, chez J. Mariette, rue Saint-Jacques, aux Colonnes d\u2019Hercule, estampe pour&lt;br \/&gt;\nun almanach de 1699&lt;br \/&gt;\nMus\u00e9e du Domaine royal de Marly, inv. VM 101 \u00a9 Mus\u00e9e du Domaine royal de Marly \/ Louis Bourjac &lt;\/p&gt;\n\" data-medium-file=\"https:\/\/i0.wp.com\/www.proantic.com\/magazine\/wp-content\/uploads\/2023\/06\/kjui.jpg?fit=300%2C235&amp;ssl=1\" data-large-file=\"https:\/\/i0.wp.com\/www.proantic.com\/magazine\/wp-content\/uploads\/2023\/06\/kjui.jpg?fit=609%2C478&amp;ssl=1\" src=\"https:\/\/i0.wp.com\/www.proantic.com\/magazine\/wp-content\/uploads\/2023\/06\/kjui.jpg?resize=609%2C478&#038;ssl=1\" alt=\"\" class=\"wp-image-15805\" srcset=\"https:\/\/i0.wp.com\/www.proantic.com\/magazine\/wp-content\/uploads\/2023\/06\/kjui.jpg?w=609&amp;ssl=1 609w, https:\/\/i0.wp.com\/www.proantic.com\/magazine\/wp-content\/uploads\/2023\/06\/kjui.jpg?resize=300%2C235&amp;ssl=1 300w\" sizes=\"auto, (max-width: 609px) 100vw, 609px\" \/><\/a><figcaption class=\"wp-element-caption\">L\u2019\u00c9tat glorieux et florissant de la famille royale par le nombre et le m\u00e9rite des princes et princesses qui la composent 1698 Eau forte et burin sur papier H.  \u00c0 Paris, chez J. Mariette, rue Saint-Jacques, aux Colonnes d\u2019Hercule, estampe pour un almanach de 1699  \u00a9 Mus\u00e9e du Domaine royal de Marly \/ Louis Bourjac <\/figcaption><\/figure>\n<\/div>\n\n\n<p>Chaque accessoire, chaque geste, chaque attitude r\u00e9pond \u00e0 des normes, \u00e0 des codes qui ne cessent d\u2019\u00e9voluer attestant ainsi des changements de modes et de m\u0153urs. Cette construction de l\u2019apparence requiert de conna\u00eetre les usages et les r\u00e8gles et de s\u2019y conformer pour b\u00e9n\u00e9ficier de la faveur royale et attester de son identit\u00e9 sociale.<\/p>\n\n\n\n<p>Aussi, cette culture du para\u00eetre s\u2019accompagne d\u2019une parfaite ma\u00eetrise de soi et des expressions du visage : fards, poudres, mouches et parfums concourent \u00e0 une monotonie d\u2019apparence. L\u2019imp\u00e9ratif de s\u00e9duction s\u2019inscrit dans un double mouvement : un mim\u00e9tisme envers le roi et le pouvoir d\u2019une part, et la n\u00e9cessit\u00e9 de s\u2019en affranchir pour se faire remarquer et mieux r\u00e9v\u00e9ler son rang d\u2019autre part.<\/p>\n\n\n<div class=\"wp-block-image\">\n<figure class=\"aligncenter size-full\"><a href=\"https:\/\/i0.wp.com\/www.proantic.com\/magazine\/wp-content\/uploads\/2023\/06\/sdert.jpg?ssl=1\"><img data-recalc-dims=\"1\" loading=\"lazy\" decoding=\"async\" width=\"409\" height=\"513\" data-attachment-id=\"15806\" data-permalink=\"https:\/\/www.proantic.com\/magazine\/seduction-pouvoir-lart-de-sappreter-a-la-cour-aux-xviie-et-xviiie-siecles\/sdert-2\/\" data-orig-file=\"https:\/\/i0.wp.com\/www.proantic.com\/magazine\/wp-content\/uploads\/2023\/06\/sdert.jpg?fit=409%2C513&amp;ssl=1\" data-orig-size=\"409,513\" data-comments-opened=\"1\" data-image-meta=\"{&quot;aperture&quot;:&quot;0&quot;,&quot;credit&quot;:&quot;celine&quot;,&quot;camera&quot;:&quot;&quot;,&quot;caption&quot;:&quot;&quot;,&quot;created_timestamp&quot;:&quot;1686333705&quot;,&quot;copyright&quot;:&quot;&quot;,&quot;focal_length&quot;:&quot;0&quot;,&quot;iso&quot;:&quot;0&quot;,&quot;shutter_speed&quot;:&quot;0&quot;,&quot;title&quot;:&quot;&quot;,&quot;orientation&quot;:&quot;0&quot;}\" data-image-title=\"S\u00e9duction &amp;amp; Pouvoir. L&amp;rsquo;art de s&amp;rsquo;appr\u00eater \u00e0 la cour aux XVIIe et XVIIIe si\u00e8cles.\" data-image-description=\"\" data-image-caption=\"&lt;p&gt;Cave \u00e0 parfums ou coffret \u00e0 senteurs&lt;br \/&gt;\nOrl\u00e9ans ou Angers, milieu du XVIII\u00e8me si\u00e8cle&lt;br \/&gt;\nCoffret en bois et vernis Martin&lt;br \/&gt;\nFlacons en verre et argent&lt;br \/&gt;\nPot \u00e0 onguent, pot \u00e0 cr\u00e8me en biscuit \u00e9maill\u00e9 (porcelaine de Chantilly)&lt;br \/&gt;\nEntonnoir, gobelet et bo\u00eete circulaire en argent&lt;br \/&gt;\nH. 16,5\u2009; L. 29\u2009; P. 27 cm&lt;br \/&gt;\nGrasse, Mus\u00e9e du Parfum Fragonard, inv. K493&lt;br \/&gt;\n\u00a9 Eva Lorenzini \/ Mus\u00e9e du Parfum Fragonard \u2013 Fragonard Parfumeur&lt;\/p&gt;\n\" data-medium-file=\"https:\/\/i0.wp.com\/www.proantic.com\/magazine\/wp-content\/uploads\/2023\/06\/sdert.jpg?fit=239%2C300&amp;ssl=1\" data-large-file=\"https:\/\/i0.wp.com\/www.proantic.com\/magazine\/wp-content\/uploads\/2023\/06\/sdert.jpg?fit=409%2C513&amp;ssl=1\" src=\"https:\/\/i0.wp.com\/www.proantic.com\/magazine\/wp-content\/uploads\/2023\/06\/sdert.jpg?resize=409%2C513&#038;ssl=1\" alt=\"\" class=\"wp-image-15806\" srcset=\"https:\/\/i0.wp.com\/www.proantic.com\/magazine\/wp-content\/uploads\/2023\/06\/sdert.jpg?w=409&amp;ssl=1 409w, https:\/\/i0.wp.com\/www.proantic.com\/magazine\/wp-content\/uploads\/2023\/06\/sdert.jpg?resize=239%2C300&amp;ssl=1 239w\" sizes=\"auto, (max-width: 409px) 100vw, 409px\" \/><\/a><figcaption class=\"wp-element-caption\">Cave \u00e0 parfums ou coffret \u00e0 senteurs Orl\u00e9ans ou Angers, milieu du XVIII\u00e8me si\u00e8cle Coffret en bois et vernis Martin Flacons en verre et argent Pot \u00e0 onguent, pot \u00e0 cr\u00e8me en biscuit \u00e9maill\u00e9 (porcelaine de Chantilly) Entonnoir, gobelet et bo\u00eete circulaire en argent \u00a9 Eva Lorenzini \/ Mus\u00e9e du Parfum Fragonard <\/figcaption><\/figure>\n<\/div>\n\n\n<p>Le corps se pare alors de divers artifices : perruques, maquillage, bijoux, parfums, dentelles, et objets de poche et de galanterie. Les costumes sont compl\u00e9t\u00e9s par diff\u00e9rents atours : broderies, dentelles, rubans qui rivalisent de sophistication et de raffinement.&nbsp;<\/p>\n\n\n\n<p>Objets luxueux, r\u00e9alis\u00e9s par des m\u00e9tiers d\u2019art, ces accessoires subliment le v\u00eatement, deviennent des objets de distinction et s\u2019accompagnent pour certains d\u2019une gestuelle propre qui r\u00e9v\u00e8le un langage codifi\u00e9 et marquent le corps modifiant la posture, le d\u00e9placement, la prestance du courtisan.<\/p>\n\n\n\n<p>Qu\u2019elles soient rh\u00e9toriques ou esth\u00e9tiques, ces armes de s\u00e9duction servent l\u2019esprit d\u2019une soci\u00e9t\u00e9 \u00e9litiste o\u00f9 se m\u00ealent des enjeux amoureux, politiques et religieux.<\/p>\n\n\n<div class=\"wp-block-image\">\n<figure class=\"aligncenter size-full\"><a href=\"https:\/\/i0.wp.com\/www.proantic.com\/magazine\/wp-content\/uploads\/2023\/06\/bnghy.jpg?ssl=1\"><img data-recalc-dims=\"1\" loading=\"lazy\" decoding=\"async\" width=\"623\" height=\"476\" data-attachment-id=\"15807\" data-permalink=\"https:\/\/www.proantic.com\/magazine\/seduction-pouvoir-lart-de-sappreter-a-la-cour-aux-xviie-et-xviiie-siecles\/bnghy-2\/\" data-orig-file=\"https:\/\/i0.wp.com\/www.proantic.com\/magazine\/wp-content\/uploads\/2023\/06\/bnghy.jpg?fit=623%2C476&amp;ssl=1\" data-orig-size=\"623,476\" data-comments-opened=\"1\" data-image-meta=\"{&quot;aperture&quot;:&quot;0&quot;,&quot;credit&quot;:&quot;celine&quot;,&quot;camera&quot;:&quot;&quot;,&quot;caption&quot;:&quot;&quot;,&quot;created_timestamp&quot;:&quot;1686490773&quot;,&quot;copyright&quot;:&quot;&quot;,&quot;focal_length&quot;:&quot;0&quot;,&quot;iso&quot;:&quot;0&quot;,&quot;shutter_speed&quot;:&quot;0&quot;,&quot;title&quot;:&quot;&quot;,&quot;orientation&quot;:&quot;0&quot;}\" data-image-title=\"S\u00e9duction &amp;amp; Pouvoir. L&amp;rsquo;art de s&amp;rsquo;appr\u00eater \u00e0 la cour aux XVIIe et XVIIIe si\u00e8cles.\" data-image-description=\"\" data-image-caption=\"&lt;p&gt;Mod\u00e8le de broderie pour gilet&lt;br \/&gt;\nXVIII\u00e8me si\u00e8cle&lt;br \/&gt;\nGouache sur papier&lt;br \/&gt;\nLyon ?, 2e moiti\u00e9 du XVIIIe si\u00e8cle&lt;br \/&gt;\nGouache sur papier huil\u00e9 contrecoll\u00e9 sur papier verg\u00e9&lt;br \/&gt;\nH. 31,4 ; L. 26 cm&lt;br \/&gt;\nParis, mus\u00e9e des Arts D\u00e9coratifs, inv. RI 2020.16.5&lt;br \/&gt;\n\u00a9 Les Arts D\u00e9coratifs \/ Christophe Delli\u00e8re&lt;\/p&gt;\n\" data-medium-file=\"https:\/\/i0.wp.com\/www.proantic.com\/magazine\/wp-content\/uploads\/2023\/06\/bnghy.jpg?fit=300%2C229&amp;ssl=1\" data-large-file=\"https:\/\/i0.wp.com\/www.proantic.com\/magazine\/wp-content\/uploads\/2023\/06\/bnghy.jpg?fit=623%2C476&amp;ssl=1\" src=\"https:\/\/i0.wp.com\/www.proantic.com\/magazine\/wp-content\/uploads\/2023\/06\/bnghy.jpg?resize=623%2C476&#038;ssl=1\" alt=\"\" class=\"wp-image-15807\" srcset=\"https:\/\/i0.wp.com\/www.proantic.com\/magazine\/wp-content\/uploads\/2023\/06\/bnghy.jpg?w=623&amp;ssl=1 623w, https:\/\/i0.wp.com\/www.proantic.com\/magazine\/wp-content\/uploads\/2023\/06\/bnghy.jpg?resize=300%2C229&amp;ssl=1 300w\" sizes=\"auto, (max-width: 623px) 100vw, 623px\" \/><\/a><figcaption class=\"wp-element-caption\">Mod\u00e8le de broderie pour gilet XVIII\u00e8me si\u00e8cle Gouache sur papier Lyon ?, 2e moiti\u00e9 du XVIIIe si\u00e8cle Gouache sur papier huil\u00e9  \u00a9 Les Arts D\u00e9coratifs \/ Christophe Delli\u00e8re<\/figcaption><\/figure>\n<\/div>\n\n\n<p>L\u2019exposition vous emm\u00e8ne \u00e0 la d\u00e9couverte de ces objets qui participent \u00e0 ce jeu de la s\u00e9duction et du pouvoir \u00e0 la cour.<br>\u00c9l\u00e9ments de la mise en sc\u00e8ne du th\u00e9\u00e2tre de la cour, les accessoires de mode, les produits de beaut\u00e9 et l\u2019art du parfum r\u00e9v\u00e8lent les attentes des femmes et des hommes nobles tout au long des XVIIe et XVIIIe si\u00e8cles.<br>Le visiteur d\u00e9couvre les \u0153uvres dans un parcours qui \u00e9voque de la t\u00eate au pied les diff\u00e9rents objets auquel recourt le courtisan et refl\u00e8te les \u00e9volutions de ces accessoires au cours des r\u00e8gnes successifs de Louis XIV, Louis XV et Louis XVI, p\u00e9riode d\u2019activit\u00e9 du ch\u00e2teau de Marly, instrument de la politique royale.<\/p>\n\n\n<div class=\"wp-block-image\">\n<figure class=\"aligncenter size-full\"><a href=\"https:\/\/i0.wp.com\/www.proantic.com\/magazine\/wp-content\/uploads\/2023\/06\/nbhu.jpg?ssl=1\"><img data-recalc-dims=\"1\" loading=\"lazy\" decoding=\"async\" width=\"655\" height=\"499\" data-attachment-id=\"15808\" data-permalink=\"https:\/\/www.proantic.com\/magazine\/seduction-pouvoir-lart-de-sappreter-a-la-cour-aux-xviie-et-xviiie-siecles\/nbhu-2\/\" data-orig-file=\"https:\/\/i0.wp.com\/www.proantic.com\/magazine\/wp-content\/uploads\/2023\/06\/nbhu.jpg?fit=655%2C499&amp;ssl=1\" data-orig-size=\"655,499\" data-comments-opened=\"1\" data-image-meta=\"{&quot;aperture&quot;:&quot;0&quot;,&quot;credit&quot;:&quot;celine&quot;,&quot;camera&quot;:&quot;&quot;,&quot;caption&quot;:&quot;&quot;,&quot;created_timestamp&quot;:&quot;1686490906&quot;,&quot;copyright&quot;:&quot;&quot;,&quot;focal_length&quot;:&quot;0&quot;,&quot;iso&quot;:&quot;0&quot;,&quot;shutter_speed&quot;:&quot;0&quot;,&quot;title&quot;:&quot;&quot;,&quot;orientation&quot;:&quot;0&quot;}\" data-image-title=\"S\u00e9duction &amp;amp; Pouvoir. L&amp;rsquo;art de s&amp;rsquo;appr\u00eater \u00e0 la cour aux XVIIe et XVIIIe si\u00e8cles.\" data-image-description=\"\" data-image-caption=\"&lt;p&gt;Jean Florent Defraine (Paris, actif en 1754) et A.-B. Duhamel (1736\u2009? \u2013 apr\u00e8s 1800)&lt;br \/&gt;\nEtudes de coiffes et coiffures, d\u00e9tail&lt;br \/&gt;\nVers 1787&lt;br \/&gt;\nS\u00e9rie de cinq gravures \u00e0 l\u2019eau-forte, colori\u00e9es&lt;br \/&gt;\nMagasin des modes nouvelles, fran\u00e7aises et anglaises&lt;\/p&gt;\n\" data-medium-file=\"https:\/\/i0.wp.com\/www.proantic.com\/magazine\/wp-content\/uploads\/2023\/06\/nbhu.jpg?fit=300%2C229&amp;ssl=1\" data-large-file=\"https:\/\/i0.wp.com\/www.proantic.com\/magazine\/wp-content\/uploads\/2023\/06\/nbhu.jpg?fit=655%2C499&amp;ssl=1\" src=\"https:\/\/i0.wp.com\/www.proantic.com\/magazine\/wp-content\/uploads\/2023\/06\/nbhu.jpg?resize=655%2C499&#038;ssl=1\" alt=\"\" class=\"wp-image-15808\" srcset=\"https:\/\/i0.wp.com\/www.proantic.com\/magazine\/wp-content\/uploads\/2023\/06\/nbhu.jpg?w=655&amp;ssl=1 655w, https:\/\/i0.wp.com\/www.proantic.com\/magazine\/wp-content\/uploads\/2023\/06\/nbhu.jpg?resize=300%2C229&amp;ssl=1 300w\" sizes=\"auto, (max-width: 655px) 100vw, 655px\" \/><\/a><figcaption class=\"wp-element-caption\">Jean Florent Defraine (Paris, actif en 1754) et A.-B. Duhamel (1736\u2009? \u2013 apr\u00e8s 1800)\nEtudes de coiffes et coiffures, d\u00e9tail\nVers 1787\nS\u00e9rie de cinq gravures \u00e0 l\u2019eau-forte, colori\u00e9es\nMagasin des modes nouvelles, fran\u00e7aises et anglaises<\/figcaption><\/figure>\n<\/div>\n\n\n<p><strong>COIFFURES \u00c0 LA COUR<\/strong><\/p>\n\n\n\n<p>Le terme de coiffure fait autant r\u00e9f\u00e9rence aux cheveux et \u00e0 l\u2019art de la perruque qu\u2019\u00e0 la confection d\u2019\u00e9l\u00e9ments de dentelle, de bonnets et de chapeaux qui forment un tout indissociable. Coiffeurs, perruquiers et marchandes de mode partagent cet art de la parure capillaire. <\/p>\n\n\n\n<p>Les coiffures mont\u00e9es, v\u00e9ritables \u00e9difices surnomm\u00e9s poufs, sont invent\u00e9s sous la R\u00e9gence, la c\u00e9l\u00e8bre marchande de modes Rose Bertin s\u2019en \u00e9tant fait une sp\u00e9cialit\u00e9. Les m\u00e9langes de chapeaux et de coiffures en cheveux sont caract\u00e9ristiques de toute l\u2019\u00e9poque pr\u00e9r\u00e9volutionnaire et r\u00e9sultent des cr\u00e9ations conjugu\u00e9es de modistes et de coiffeurs \u00e0 l\u2019imagination sans limite.<\/p>\n\n\n<div class=\"wp-block-image\">\n<figure class=\"aligncenter size-full\"><a href=\"https:\/\/i0.wp.com\/www.proantic.com\/magazine\/wp-content\/uploads\/2023\/06\/aszer.jpg?ssl=1\"><img data-recalc-dims=\"1\" loading=\"lazy\" decoding=\"async\" width=\"389\" height=\"550\" data-attachment-id=\"15809\" data-permalink=\"https:\/\/www.proantic.com\/magazine\/seduction-pouvoir-lart-de-sappreter-a-la-cour-aux-xviie-et-xviiie-siecles\/aszer-16\/\" data-orig-file=\"https:\/\/i0.wp.com\/www.proantic.com\/magazine\/wp-content\/uploads\/2023\/06\/aszer.jpg?fit=389%2C550&amp;ssl=1\" data-orig-size=\"389,550\" data-comments-opened=\"1\" data-image-meta=\"{&quot;aperture&quot;:&quot;0&quot;,&quot;credit&quot;:&quot;celine&quot;,&quot;camera&quot;:&quot;&quot;,&quot;caption&quot;:&quot;&quot;,&quot;created_timestamp&quot;:&quot;1686332724&quot;,&quot;copyright&quot;:&quot;&quot;,&quot;focal_length&quot;:&quot;0&quot;,&quot;iso&quot;:&quot;0&quot;,&quot;shutter_speed&quot;:&quot;0&quot;,&quot;title&quot;:&quot;&quot;,&quot;orientation&quot;:&quot;0&quot;}\" data-image-title=\"S\u00e9duction &amp;amp; Pouvoir. L&amp;rsquo;art de s&amp;rsquo;appr\u00eater \u00e0 la cour aux XVIIe et XVIIIe si\u00e8cles.\" data-image-description=\"\" data-image-caption=\"&lt;p&gt;Pend-\u00e0-col avec un&lt;br \/&gt;\nportrait de jeune homme&lt;br \/&gt;\nvers 1630-1640&lt;br \/&gt;\n\u00a9RMN-Grand Palais&lt;br \/&gt;\n(mus\u00e9e de la Renaissance,&lt;br \/&gt;\nch\u00e2teau d\u2019Ecouen) \/ Ren\u00e9Gabriel Objeda&lt;\/p&gt;\n\" data-medium-file=\"https:\/\/i0.wp.com\/www.proantic.com\/magazine\/wp-content\/uploads\/2023\/06\/aszer.jpg?fit=212%2C300&amp;ssl=1\" data-large-file=\"https:\/\/i0.wp.com\/www.proantic.com\/magazine\/wp-content\/uploads\/2023\/06\/aszer.jpg?fit=389%2C550&amp;ssl=1\" src=\"https:\/\/i0.wp.com\/www.proantic.com\/magazine\/wp-content\/uploads\/2023\/06\/aszer.jpg?resize=389%2C550&#038;ssl=1\" alt=\"\" class=\"wp-image-15809\" srcset=\"https:\/\/i0.wp.com\/www.proantic.com\/magazine\/wp-content\/uploads\/2023\/06\/aszer.jpg?w=389&amp;ssl=1 389w, https:\/\/i0.wp.com\/www.proantic.com\/magazine\/wp-content\/uploads\/2023\/06\/aszer.jpg?resize=212%2C300&amp;ssl=1 212w\" sizes=\"auto, (max-width: 389px) 100vw, 389px\" \/><\/a><figcaption class=\"wp-element-caption\">Pend-\u00e0-col avec un portrait de jeune homme vers 1630-1640 \u00a9RMN-Grand Palais (mus\u00e9e de la Renaissance, ch\u00e2teau d\u2019Ecouen) \/ Ren\u00e9 Gabriel Objeda<\/figcaption><\/figure>\n<\/div>\n\n\n<p><strong>LES ATTRIBUTS DE LA BEAUT\u00c9<\/strong><\/p>\n\n\n\n<p>Le maquillage sous l\u2019Ancien R\u00e9gime vise \u00e0 \u00e9claircir le teint, la blancheur du visage \u00e9tant un symbole distinctif \u00e0 la cour. La c\u00e9ruse, de couleur blanche, est utilis\u00e9e pour recouvrir la peau, elle masque le teint mais aussi les expressions du visage. Les yeux et les sourcils sont fard\u00e9s de noir et la bouche maquill\u00e9e en rouge pour accentuer les contrastes, l\u2019ensemble est mis en valeur par la mouche, grain de beaut\u00e9 artificiel.<\/p>\n\n\n\n<p>La mouche est un petit morceau d\u2019\u00e9toffe de soie, de taffetas, de velours ou de satin noir, de forme ronde, en cercle ou en diverses formes, que les dames et les hommes placent sur leur visage pour camoufler un d\u00e9faut de leur peau ou pour mettre en valeur la blancheur de leur teint. La bo\u00eete \u00e0 mouche est un v\u00e9ritable \u00e9l\u00e9ment de la parure, elle trouve une place de choix sur la table de toilette parmi les bo\u00eetes \u00e0 fard et \u00e0 poudre, les rouges et les blancs, les peignes, les brosses et les miroirs, indissociables de la mode et de la beaut\u00e9.<\/p>\n\n\n<div class=\"wp-block-image\">\n<figure class=\"aligncenter size-full\"><a href=\"https:\/\/i0.wp.com\/www.proantic.com\/magazine\/wp-content\/uploads\/2023\/06\/image-6.png?ssl=1\"><img data-recalc-dims=\"1\" loading=\"lazy\" decoding=\"async\" width=\"665\" height=\"831\" data-attachment-id=\"15810\" data-permalink=\"https:\/\/www.proantic.com\/magazine\/seduction-pouvoir-lart-de-sappreter-a-la-cour-aux-xviie-et-xviiie-siecles\/image-6\/\" data-orig-file=\"https:\/\/i0.wp.com\/www.proantic.com\/magazine\/wp-content\/uploads\/2023\/06\/image-6.png?fit=751%2C938&amp;ssl=1\" data-orig-size=\"751,938\" data-comments-opened=\"1\" data-image-meta=\"{&quot;aperture&quot;:&quot;0&quot;,&quot;credit&quot;:&quot;&quot;,&quot;camera&quot;:&quot;&quot;,&quot;caption&quot;:&quot;&quot;,&quot;created_timestamp&quot;:&quot;0&quot;,&quot;copyright&quot;:&quot;&quot;,&quot;focal_length&quot;:&quot;0&quot;,&quot;iso&quot;:&quot;0&quot;,&quot;shutter_speed&quot;:&quot;0&quot;,&quot;title&quot;:&quot;&quot;,&quot;orientation&quot;:&quot;0&quot;}\" data-image-title=\"S\u00e9duction &amp;amp; Pouvoir. L&amp;rsquo;art de s&amp;rsquo;appr\u00eater \u00e0 la cour aux XVIIe et XVIIIe si\u00e8cles.\" data-image-description=\"\" data-image-caption=\"&lt;p&gt;N\u00e9cessaire \u00e0 parfum&lt;br \/&gt;\n4e&lt;br \/&gt;\n quart du XVIIIe si\u00e8cle,&lt;br \/&gt;\ncoque de noix, cristal,&lt;br \/&gt;\nvermeil, laiton&lt;br \/&gt;\nVersailles, collection&lt;br \/&gt;\nparticuli\u00e8re \u00a9 Thierry&lt;br \/&gt;\nMalty &amp;#8211; Anne Camilli &amp;amp; Cie&lt;\/p&gt;\n\" data-medium-file=\"https:\/\/i0.wp.com\/www.proantic.com\/magazine\/wp-content\/uploads\/2023\/06\/image-6.png?fit=240%2C300&amp;ssl=1\" data-large-file=\"https:\/\/i0.wp.com\/www.proantic.com\/magazine\/wp-content\/uploads\/2023\/06\/image-6.png?fit=665%2C831&amp;ssl=1\" src=\"https:\/\/i0.wp.com\/www.proantic.com\/magazine\/wp-content\/uploads\/2023\/06\/image-6.png?resize=665%2C831&#038;ssl=1\" alt=\"\" class=\"wp-image-15810\" srcset=\"https:\/\/i0.wp.com\/www.proantic.com\/magazine\/wp-content\/uploads\/2023\/06\/image-6.png?w=751&amp;ssl=1 751w, https:\/\/i0.wp.com\/www.proantic.com\/magazine\/wp-content\/uploads\/2023\/06\/image-6.png?resize=240%2C300&amp;ssl=1 240w\" sizes=\"auto, (max-width: 665px) 100vw, 665px\" \/><\/a><figcaption class=\"wp-element-caption\">\nN\u00e9cessaire \u00e0 parfum\n4e\n quart du XVIIIe si\u00e8cle,\ncoque de noix, cristal,\nvermeil, laiton\nVersailles, collection\nparticuli\u00e8re \u00a9 Thierry\nMalty &#8211; Anne Camilli &amp; Cie<\/figcaption><\/figure>\n<\/div>\n\n\n<p> Ces accessoires de maquillage sont soigneusement rang\u00e9s dans des bo\u00eetes ou des flacons, devenus de v\u00e9ritables objets d\u2019art gr\u00e2ce \u00e0 l\u2019excellence des artisans joailliers. Ces objets sont vendus par les orf\u00e8vres, les bijoutiers et les marchands merciers, qui sont \u00e0 la fois n\u00e9gociants, importateurs et cr\u00e9ateurs, se chargeant d\u2019assembler ou de transformer diff\u00e9rentes pi\u00e8ces de luxe pour cr\u00e9er des objets nouveaux. Ces \u00e9crins pr\u00e9cieux et de grande valeur sont souvent offerts comme cadeaux de mariage.<\/p>\n\n\n\n<p><strong>L\u2019APPARAT OLFACTIF ET SES ACCESSOIRES<\/strong><\/p>\n\n\n\n<p>Si les courtisans raffolent des produits parfum\u00e9s, ce n\u2019est pas seulement par plaisir mais aussi par devoir de se conformer \u00e0 un apparat olfactif norm\u00e9, \u00e0 une odeur commune \u00e0 tous, car le contr\u00f4le de l\u2019apparence est \u00e9troitement associ\u00e9 \u00e0 celui de l\u2019odeur. Pour r\u00e9pondre \u00e0 ces besoins, les gantiers-parfumeurs proposent une panoplie tr\u00e8s diversifi\u00e9e de parfums et de cosm\u00e9tiques parfum\u00e9s.<\/p>\n\n\n\n<figure class=\"wp-block-image size-full\"><a href=\"https:\/\/i0.wp.com\/www.proantic.com\/magazine\/wp-content\/uploads\/2023\/06\/Image-1.png?ssl=1\" data-lightbox=\"gal[15790]\"><img data-recalc-dims=\"1\" loading=\"lazy\" decoding=\"async\" width=\"665\" height=\"481\" data-attachment-id=\"15811\" data-permalink=\"https:\/\/www.proantic.com\/magazine\/seduction-pouvoir-lart-de-sappreter-a-la-cour-aux-xviie-et-xviiie-siecles\/image-1-2\/\" data-orig-file=\"https:\/\/i0.wp.com\/www.proantic.com\/magazine\/wp-content\/uploads\/2023\/06\/Image-1.png?fit=995%2C720&amp;ssl=1\" data-orig-size=\"995,720\" data-comments-opened=\"1\" data-image-meta=\"{&quot;aperture&quot;:&quot;0&quot;,&quot;credit&quot;:&quot;&quot;,&quot;camera&quot;:&quot;&quot;,&quot;caption&quot;:&quot;&quot;,&quot;created_timestamp&quot;:&quot;0&quot;,&quot;copyright&quot;:&quot;&quot;,&quot;focal_length&quot;:&quot;0&quot;,&quot;iso&quot;:&quot;0&quot;,&quot;shutter_speed&quot;:&quot;0&quot;,&quot;title&quot;:&quot;&quot;,&quot;orientation&quot;:&quot;0&quot;}\" data-image-title=\"S\u00e9duction &amp;amp; Pouvoir. L&amp;rsquo;art de s&amp;rsquo;appr\u00eater \u00e0 la cour aux XVIIe et XVIIIe si\u00e8cles.\" data-image-description=\"\" data-image-caption=\"\" data-medium-file=\"https:\/\/i0.wp.com\/www.proantic.com\/magazine\/wp-content\/uploads\/2023\/06\/Image-1.png?fit=300%2C217&amp;ssl=1\" data-large-file=\"https:\/\/i0.wp.com\/www.proantic.com\/magazine\/wp-content\/uploads\/2023\/06\/Image-1.png?fit=665%2C481&amp;ssl=1\" src=\"https:\/\/i0.wp.com\/www.proantic.com\/magazine\/wp-content\/uploads\/2023\/06\/Image-1.png?resize=665%2C481&#038;ssl=1\" alt=\"\" class=\"wp-image-15811\" srcset=\"https:\/\/i0.wp.com\/www.proantic.com\/magazine\/wp-content\/uploads\/2023\/06\/Image-1.png?w=995&amp;ssl=1 995w, https:\/\/i0.wp.com\/www.proantic.com\/magazine\/wp-content\/uploads\/2023\/06\/Image-1.png?resize=300%2C217&amp;ssl=1 300w, https:\/\/i0.wp.com\/www.proantic.com\/magazine\/wp-content\/uploads\/2023\/06\/Image-1.png?resize=768%2C556&amp;ssl=1 768w\" sizes=\"auto, (max-width: 665px) 100vw, 665px\" \/><\/a><\/figure>\n\n\n\n<p> Les eaux de senteur viennent parachever la toilette de ces femmes et de ces hommes. Certaines eaux m\u00e9langent plusieurs odeurs, comme l\u2019eau de la reine de Hongrie, mais la grande majorit\u00e9 des eaux fabriqu\u00e9es et vendues sont des eaux simples, compos\u00e9es d\u2019une seule mati\u00e8re odorante (citron, jasmin, fleur d\u2019oranger, lavande, tub\u00e9reuse, bergamote, c\u00e9drat, limette, thym, ambre, rose, iris\u2026). L\u2019eau de la reine de Hongrie et l\u2019eau de rose ont un statut ambivalent, elles sont utilis\u00e9es pour l\u2019agr\u00e9ment mais aussi \u00e0 des fins th\u00e9rapeutiques. Au XVII\u00e8me si\u00e8cle, l\u2019eau de fleur d\u2019oranger a la pr\u00e9f\u00e9rence de Louis XIV, tandis qu\u2019au XVIII\u00e8me si\u00e8cle, les eaux florales les plus consomm\u00e9es sont l\u2019eau de rose et l\u2019eau de lavande. Leur consommation n\u2019est pas genr\u00e9e, hommes et femmes utilisent les m\u00eames parfums.<\/p>\n\n\n<div class=\"wp-block-image\">\n<figure class=\"aligncenter size-full\"><a href=\"https:\/\/i0.wp.com\/www.proantic.com\/magazine\/wp-content\/uploads\/2023\/06\/aqsze.jpg?ssl=1\"><img data-recalc-dims=\"1\" loading=\"lazy\" decoding=\"async\" width=\"589\" height=\"472\" data-attachment-id=\"15812\" data-permalink=\"https:\/\/www.proantic.com\/magazine\/seduction-pouvoir-lart-de-sappreter-a-la-cour-aux-xviie-et-xviiie-siecles\/aqsze-9\/\" data-orig-file=\"https:\/\/i0.wp.com\/www.proantic.com\/magazine\/wp-content\/uploads\/2023\/06\/aqsze.jpg?fit=589%2C472&amp;ssl=1\" data-orig-size=\"589,472\" data-comments-opened=\"1\" data-image-meta=\"{&quot;aperture&quot;:&quot;0&quot;,&quot;credit&quot;:&quot;celine&quot;,&quot;camera&quot;:&quot;&quot;,&quot;caption&quot;:&quot;&quot;,&quot;created_timestamp&quot;:&quot;1686333740&quot;,&quot;copyright&quot;:&quot;&quot;,&quot;focal_length&quot;:&quot;0&quot;,&quot;iso&quot;:&quot;0&quot;,&quot;shutter_speed&quot;:&quot;0&quot;,&quot;title&quot;:&quot;&quot;,&quot;orientation&quot;:&quot;0&quot;}\" data-image-title=\"S\u00e9duction &amp;amp; Pouvoir. L&amp;rsquo;art de s&amp;rsquo;appr\u00eater \u00e0 la cour aux XVIIe et XVIIIe si\u00e8cles.\" data-image-description=\"\" data-image-caption=\"&lt;p&gt;Mortier \u00e0 fard et son&lt;br \/&gt;\ncoffret&lt;br \/&gt;\nXVIIIe&lt;br \/&gt;\n si\u00e8cle&lt;br \/&gt;\nBiscuit \u00e9maill\u00e9, fard sec,&lt;br \/&gt;\ncarton&lt;br \/&gt;\nVersailles, collection&lt;br \/&gt;\nparticuli\u00e8re \u00a9 Thierry&lt;br \/&gt;\nMalty &amp;#8211; Anne Camilli &amp;amp; Cie &lt;\/p&gt;\n\" data-medium-file=\"https:\/\/i0.wp.com\/www.proantic.com\/magazine\/wp-content\/uploads\/2023\/06\/aqsze.jpg?fit=300%2C240&amp;ssl=1\" data-large-file=\"https:\/\/i0.wp.com\/www.proantic.com\/magazine\/wp-content\/uploads\/2023\/06\/aqsze.jpg?fit=589%2C472&amp;ssl=1\" src=\"https:\/\/i0.wp.com\/www.proantic.com\/magazine\/wp-content\/uploads\/2023\/06\/aqsze.jpg?resize=589%2C472&#038;ssl=1\" alt=\"\" class=\"wp-image-15812\" srcset=\"https:\/\/i0.wp.com\/www.proantic.com\/magazine\/wp-content\/uploads\/2023\/06\/aqsze.jpg?w=589&amp;ssl=1 589w, https:\/\/i0.wp.com\/www.proantic.com\/magazine\/wp-content\/uploads\/2023\/06\/aqsze.jpg?resize=300%2C240&amp;ssl=1 300w\" sizes=\"auto, (max-width: 589px) 100vw, 589px\" \/><\/a><figcaption class=\"wp-element-caption\">Mortier \u00e0 fard et son\ncoffret\nXVIIIe\n si\u00e8cle\nBiscuit \u00e9maill\u00e9, fard sec,\ncarton\nVersailles, collection\nparticuli\u00e8re \u00a9 Thierry\nMalty &#8211; Anne Camilli &amp; Cie <\/figcaption><\/figure>\n<\/div>\n\n\n<p> Dans la boutique du parfumeur, les clients ach\u00e8tent leur eau dans un simple flacon de verre ou de porcelaine. Les plus fortun\u00e9s acqui\u00e8rent de magnifiques flacons pour y transvaser l\u2019eau. Au XVIII\u00e8me si\u00e8cle les mat\u00e9riaux, les formes et les d\u00e9cors des contenants se diversifient. Les pomanders utilis\u00e9s \u00e0 la Renaissance sont toujours en vogue aux XVII\u00e8me et XVIII\u00e8me si\u00e8cles. Ces pommes de senteur richement orn\u00e9es contiennent un ou plusieurs parfums solides, on les porte sur soi afin de se prot\u00e9ger des maladies. Les vinaigrettes apparaissent \u00e0 la fin du XVII\u00e8me si\u00e8cle. Elles comportent une grille articul\u00e9e qui maintient un morceau de coton ou d\u2019\u00e9ponge imbib\u00e9 de vinaigre aromatique.<\/p>\n\n\n\n<figure class=\"wp-block-image size-large\"><a href=\"https:\/\/i0.wp.com\/www.proantic.com\/magazine\/wp-content\/uploads\/2023\/06\/123111.jpg?ssl=1\"><img data-recalc-dims=\"1\" loading=\"lazy\" decoding=\"async\" width=\"665\" height=\"523\" data-attachment-id=\"15814\" data-permalink=\"https:\/\/www.proantic.com\/magazine\/seduction-pouvoir-lart-de-sappreter-a-la-cour-aux-xviie-et-xviiie-siecles\/attachment\/123111\/\" data-orig-file=\"https:\/\/i0.wp.com\/www.proantic.com\/magazine\/wp-content\/uploads\/2023\/06\/123111.jpg?fit=1600%2C1258&amp;ssl=1\" data-orig-size=\"1600,1258\" data-comments-opened=\"1\" data-image-meta=\"{&quot;aperture&quot;:&quot;0&quot;,&quot;credit&quot;:&quot;&quot;,&quot;camera&quot;:&quot;&quot;,&quot;caption&quot;:&quot;&quot;,&quot;created_timestamp&quot;:&quot;0&quot;,&quot;copyright&quot;:&quot;&quot;,&quot;focal_length&quot;:&quot;0&quot;,&quot;iso&quot;:&quot;0&quot;,&quot;shutter_speed&quot;:&quot;0&quot;,&quot;title&quot;:&quot;&quot;,&quot;orientation&quot;:&quot;0&quot;}\" data-image-title=\"S\u00e9duction &amp;amp; Pouvoir. L&amp;rsquo;art de s&amp;rsquo;appr\u00eater \u00e0 la cour aux XVIIe et XVIIIe si\u00e8cles.\" data-image-description=\"\" data-image-caption=\"&lt;p&gt;B\u00e9sicles et \u00e9tui&lt;br \/&gt;\nXVIIIe&lt;br \/&gt;\n si\u00e8cle, argent,&lt;br \/&gt;\nnacre, \u00e9caille, verre&lt;br \/&gt;\nEcouen, mus\u00e9e national&lt;br \/&gt;\nde la Renaissance&lt;br \/&gt;\n\u00a9 RMN-Grand Palais&lt;br \/&gt;\n(mus\u00e9e de la Renaissance,&lt;br \/&gt;\nch\u00e2teau d&amp;rsquo;Ecouen) \/&lt;br \/&gt;\nMathieu Rabeau&lt;\/p&gt;\n\" data-medium-file=\"https:\/\/i0.wp.com\/www.proantic.com\/magazine\/wp-content\/uploads\/2023\/06\/123111.jpg?fit=300%2C236&amp;ssl=1\" data-large-file=\"https:\/\/i0.wp.com\/www.proantic.com\/magazine\/wp-content\/uploads\/2023\/06\/123111.jpg?fit=665%2C523&amp;ssl=1\" src=\"https:\/\/i0.wp.com\/www.proantic.com\/magazine\/wp-content\/uploads\/2023\/06\/123111.jpg?resize=665%2C523&#038;ssl=1\" alt=\"\" class=\"wp-image-15814\" srcset=\"https:\/\/i0.wp.com\/www.proantic.com\/magazine\/wp-content\/uploads\/2023\/06\/123111.jpg?resize=1024%2C805&amp;ssl=1 1024w, https:\/\/i0.wp.com\/www.proantic.com\/magazine\/wp-content\/uploads\/2023\/06\/123111.jpg?resize=300%2C236&amp;ssl=1 300w, https:\/\/i0.wp.com\/www.proantic.com\/magazine\/wp-content\/uploads\/2023\/06\/123111.jpg?resize=768%2C604&amp;ssl=1 768w, https:\/\/i0.wp.com\/www.proantic.com\/magazine\/wp-content\/uploads\/2023\/06\/123111.jpg?resize=1536%2C1208&amp;ssl=1 1536w, https:\/\/i0.wp.com\/www.proantic.com\/magazine\/wp-content\/uploads\/2023\/06\/123111.jpg?w=1600&amp;ssl=1 1600w, https:\/\/i0.wp.com\/www.proantic.com\/magazine\/wp-content\/uploads\/2023\/06\/123111.jpg?w=1330&amp;ssl=1 1330w\" sizes=\"auto, (max-width: 665px) 100vw, 665px\" \/><\/a><figcaption class=\"wp-element-caption\">B\u00e9sicles et \u00e9tui\nXVIIIe\n si\u00e8cle, argent,\nnacre, \u00e9caille, verre\nEcouen, mus\u00e9e national\nde la Renaissance\n\u00a9 RMN-Grand Palais\n(mus\u00e9e de la Renaissance,\nch\u00e2teau d&rsquo;Ecouen) \/\nMathieu Rabeau<\/figcaption><\/figure>\n\n\n\n<p><strong>LES ORNEMENTS DU V\u00caTEMENT<\/strong><\/p>\n\n\n\n<p>Les ornements du v\u00eatement, boutons, dentelles, broderies\u2026 sont d\u00e9terminants dans l\u2019art du para\u00eetre \u00e0 la cour, et la mode fran\u00e7aise des XVII\u00e8me et XVIII\u00e8me si\u00e8cles est marqu\u00e9e par la virtuosit\u00e9 des manufactures de dentelle. Marie-Antoinette porte un voile en point d\u2019Alen\u00e7on le jour de son couronnement en juin 1774. La mode est diffus\u00e9e et comment\u00e9e \u00e0 la cour \u00e0 partir du milieu du XVII\u00e8me si\u00e8cle gr\u00e2ce aux revues publi\u00e9es \u00e0 Paris tels que le Mercure galant et la Galerie des modes et costumes fran\u00e7ais mais aussi par l\u2019entremise des marchandes de modes d\u00e8s la seconde moiti\u00e9 du XVIII\u00e8me si\u00e8cle. <\/p>\n\n\n<div class=\"wp-block-image\">\n<figure class=\"aligncenter size-full\"><a href=\"https:\/\/i0.wp.com\/www.proantic.com\/magazine\/wp-content\/uploads\/2023\/06\/gbgt.jpg?ssl=1\"><img data-recalc-dims=\"1\" loading=\"lazy\" decoding=\"async\" width=\"484\" height=\"616\" data-attachment-id=\"15815\" data-permalink=\"https:\/\/www.proantic.com\/magazine\/seduction-pouvoir-lart-de-sappreter-a-la-cour-aux-xviie-et-xviiie-siecles\/gbgt-8\/\" data-orig-file=\"https:\/\/i0.wp.com\/www.proantic.com\/magazine\/wp-content\/uploads\/2023\/06\/gbgt.jpg?fit=484%2C616&amp;ssl=1\" data-orig-size=\"484,616\" data-comments-opened=\"1\" data-image-meta=\"{&quot;aperture&quot;:&quot;0&quot;,&quot;credit&quot;:&quot;celine&quot;,&quot;camera&quot;:&quot;&quot;,&quot;caption&quot;:&quot;&quot;,&quot;created_timestamp&quot;:&quot;1686332695&quot;,&quot;copyright&quot;:&quot;&quot;,&quot;focal_length&quot;:&quot;0&quot;,&quot;iso&quot;:&quot;0&quot;,&quot;shutter_speed&quot;:&quot;0&quot;,&quot;title&quot;:&quot;&quot;,&quot;orientation&quot;:&quot;0&quot;}\" data-image-title=\"S\u00e9duction &amp;amp; Pouvoir. L&amp;rsquo;art de s&amp;rsquo;appr\u00eater \u00e0 la cour aux XVIIe et XVIIIe si\u00e8cles.\" data-image-description=\"\" data-image-caption=\"&lt;p&gt;Paire de souliers de&lt;br \/&gt;\ndame&lt;br \/&gt;\nVers 1730, taffetas, strass,&lt;br \/&gt;\nbois, maroquin, peau&lt;br \/&gt;\nLyon, collection&lt;br \/&gt;\nparticuli\u00e8re&lt;br \/&gt;\n\u00a9 Thierry Malty &amp;#8211; Anne&lt;br \/&gt;\nCamilli &amp;amp; Cie&lt;\/p&gt;\n\" data-medium-file=\"https:\/\/i0.wp.com\/www.proantic.com\/magazine\/wp-content\/uploads\/2023\/06\/gbgt.jpg?fit=236%2C300&amp;ssl=1\" data-large-file=\"https:\/\/i0.wp.com\/www.proantic.com\/magazine\/wp-content\/uploads\/2023\/06\/gbgt.jpg?fit=484%2C616&amp;ssl=1\" src=\"https:\/\/i0.wp.com\/www.proantic.com\/magazine\/wp-content\/uploads\/2023\/06\/gbgt.jpg?resize=484%2C616&#038;ssl=1\" alt=\"\" class=\"wp-image-15815\" srcset=\"https:\/\/i0.wp.com\/www.proantic.com\/magazine\/wp-content\/uploads\/2023\/06\/gbgt.jpg?w=484&amp;ssl=1 484w, https:\/\/i0.wp.com\/www.proantic.com\/magazine\/wp-content\/uploads\/2023\/06\/gbgt.jpg?resize=236%2C300&amp;ssl=1 236w\" sizes=\"auto, (max-width: 484px) 100vw, 484px\" \/><\/a><figcaption class=\"wp-element-caption\">Paire de souliers de\ndame\nVers 1730, taffetas, strass,\nbois, maroquin, peau\nLyon, collection\nparticuli\u00e8re\n\u00a9 Thierry Malty &#8211; Anne\nCamilli &amp; Cie<\/figcaption><\/figure>\n<\/div>\n\n\n<p> Outre la dentelle, les applications de passementerie ou de broderie ajoutent \u00e9galement du cachet aux pi\u00e8ces vestimentaires et aux tissus d\u2019ameublement. Au XVIII\u00e8me si\u00e8cle, des carnets ou recueils d\u2019\u00e9chantillons d\u2019\u00e9toffe (soie, coton, laine, fils m\u00e9tallis\u00e9s) servent souvent de base aux broderies. Le r\u00f4le de la broderie devient essentiel, tout sp\u00e9cialement dans les costumes masculins et dans le costume de cour. Le dessin joue en outre un r\u00f4le cardinal dans la qualit\u00e9 de la broderie et certains peintres et illustrateurs, \u00e0 l\u2019instar de Saint-Aubin ou d\u2019Antoine Berjon (1754-1843), r\u00e9alisent des compositions de natures mortes ou de semis de fleurs utilis\u00e9es par les dessinateurs des fabriques de soieries et tissus. Sur les habits masculins, la broderie la plus riche se situe sur les parements, les cols, les revers des manches, l\u2019ouverture du dos, les poches et leur entourage.<\/p>\n\n\n\n<p> La broderie de fils d\u2019or et d\u2019argent est utilis\u00e9e en particulier dans l\u2019ornement du grand habit de cour, et orne les petits accessoires \u00e9l\u00e9gants comme les pochettes ou les portefeuilles.<\/p>\n\n\n\n<figure class=\"wp-block-image size-full\"><a href=\"https:\/\/i0.wp.com\/www.proantic.com\/magazine\/wp-content\/uploads\/2023\/06\/Eventail-pliE7LVX82z5kh.jpg?ssl=1\"><img data-recalc-dims=\"1\" loading=\"lazy\" decoding=\"async\" width=\"665\" height=\"443\" data-attachment-id=\"15816\" data-permalink=\"https:\/\/www.proantic.com\/magazine\/seduction-pouvoir-lart-de-sappreter-a-la-cour-aux-xviie-et-xviiie-siecles\/eventail-plie-jpg-beaute-3900-chateau-marly\/\" data-orig-file=\"https:\/\/i0.wp.com\/www.proantic.com\/magazine\/wp-content\/uploads\/2023\/06\/Eventail-pliE7LVX82z5kh.jpg?fit=810%2C540&amp;ssl=1\" data-orig-size=\"810,540\" data-comments-opened=\"1\" data-image-meta=\"{&quot;aperture&quot;:&quot;0&quot;,&quot;credit&quot;:&quot;&quot;,&quot;camera&quot;:&quot;&quot;,&quot;caption&quot;:&quot;E\\u0301ventail plie\\u0301.jpg \\nBeaute 3900 - Chateau Marly&quot;,&quot;created_timestamp&quot;:&quot;0&quot;,&quot;copyright&quot;:&quot;&quot;,&quot;focal_length&quot;:&quot;0&quot;,&quot;iso&quot;:&quot;0&quot;,&quot;shutter_speed&quot;:&quot;0&quot;,&quot;title&quot;:&quot;E\\u0301ventail plie\\u0301.jpg \\nBeaute 3900 - Chateau Marly&quot;,&quot;orientation&quot;:&quot;0&quot;}\" data-image-title=\"S\u00e9duction &amp;amp; Pouvoir. L&amp;rsquo;art de s&amp;rsquo;appr\u00eater \u00e0 la cour aux XVIIe et XVIIIe si\u00e8cles.\" data-image-description=\"\" data-image-caption=\"&lt;p&gt;E\u0301ventail plie\u0301.jpg&lt;br \/&gt;\nBeaute 3900 &amp;#8211; Chateau Marly&lt;\/p&gt;\n\" data-medium-file=\"https:\/\/i0.wp.com\/www.proantic.com\/magazine\/wp-content\/uploads\/2023\/06\/Eventail-pliE7LVX82z5kh.jpg?fit=300%2C200&amp;ssl=1\" data-large-file=\"https:\/\/i0.wp.com\/www.proantic.com\/magazine\/wp-content\/uploads\/2023\/06\/Eventail-pliE7LVX82z5kh.jpg?fit=665%2C443&amp;ssl=1\" src=\"https:\/\/i0.wp.com\/www.proantic.com\/magazine\/wp-content\/uploads\/2023\/06\/Eventail-pliE7LVX82z5kh.jpg?resize=665%2C443&#038;ssl=1\" alt=\"\" class=\"wp-image-15816\" srcset=\"https:\/\/i0.wp.com\/www.proantic.com\/magazine\/wp-content\/uploads\/2023\/06\/Eventail-pliE7LVX82z5kh.jpg?w=810&amp;ssl=1 810w, https:\/\/i0.wp.com\/www.proantic.com\/magazine\/wp-content\/uploads\/2023\/06\/Eventail-pliE7LVX82z5kh.jpg?resize=300%2C200&amp;ssl=1 300w, https:\/\/i0.wp.com\/www.proantic.com\/magazine\/wp-content\/uploads\/2023\/06\/Eventail-pliE7LVX82z5kh.jpg?resize=768%2C512&amp;ssl=1 768w\" sizes=\"auto, (max-width: 665px) 100vw, 665px\" \/><\/a><figcaption class=\"wp-element-caption\">\u00c9ventail pli\u00e9\nVers 1770-1780\nFeuille double en peau\npeinte \u00e0 la gouache\nrehauss\u00e9e de paillettes,\nmonture en nacre\nreperc\u00e9e, sculpt\u00e9e,\ngrav\u00e9e, burgaut\u00e9e et\ndor\u00e9e\nParis, collection\nparticuli\u00e8re \u00a9 Thierry\nMalty &#8211; Anne Camilli &amp; Cie \n<\/figcaption><\/figure>\n\n\n\n<p><strong>BIJOUX ET OBJETS DE GALANTERIE<\/strong><\/p>\n\n\n\n<p>Les bijoux arbor\u00e9s \u00e0 la cour aux XVII\u00e8me et XVIII\u00e8me si\u00e8cles se portent sur les v\u00eatements. Colliers, boucles d\u2019oreilles, broches, m\u00e9daillons, bagues et bracelets sont associ\u00e9s \u00e0 de luxueuses parures de pierres pr\u00e9cieuses cousues sur les \u00e9toffes. Le bijou est l\u2019accessoire indispensable qui embellit la robe ou l\u2019habit des grands du royaume. Le m\u00e9lange de m\u00e9taux, de pierres pr\u00e9cieuses, de verre et de strass comme l\u2019utilisation de semences de perles fines et d\u2019\u00e9mail caract\u00e9risent une partie de ces bijoux de cour. Les m\u00e9daillons \u00e0 l\u2019effigie de l\u2019\u00eatre cher sont offerts en gage d\u2019amour ou d\u2019amiti\u00e9. Sertis de pierres ou de perles, ils sont dot\u00e9s d\u2019une charge affective particuli\u00e8re. Parmi les m\u00e9daillons, les \u00ab pend-\u00e0-col \u00bb peuvent se porter au cou, \u00eatre cousus ou utilis\u00e9s en broche.<\/p>\n\n\n\n<p>Le bijou et la montre de cour sont eux aussi les t\u00e9moins des relations intimes ou des amiti\u00e9s sinc\u00e8res. Les montres de poche ou de col, v\u00e9ritables ambassadrices du savoir-faire horloger fran\u00e7ais, constituent de somptueux cadeaux offerts aux h\u00f4tes de marque, dignitaires ou souverains \u00e9trangers visitant la cour de France. Le raffinement des objets de poche et de galanterie ne cesse de cro\u00eetre avec l\u2019\u00e9panouissement de l\u2019art et de l\u2019artisanat aux XVII\u00e8me et XVIII\u00e8me si\u00e8cles. Combinant mat\u00e9riaux et savoir-faire rares et pr\u00e9cieux, ils sont tout \u00e0 la fois d\u00e9coratifs et fonctionnels. Ils peuvent \u00eatre de toutes sortes :n\u00e9cessaire \u00e0 parfum, tabati\u00e8re, bo\u00eete \u00e0 message, miroir de poche, \u00e9ventail, ou tout accessoire raffin\u00e9 que l\u2019on garde avec soi, dans sa poche ou \u00e0 port\u00e9e de main. <\/p>\n\n\n\n<p>Ces objets suscitent les convoitises d\u2019une client\u00e8le fortun\u00e9e qui se presse chez les marchands merciers parisiens, qui contribuent \u00e0 faire de Paris la capitale europ\u00e9enne de la mode et du luxe \u00e0 la fran\u00e7aise. Tenus en main, ils mettent en valeur une gestuelle codifi\u00e9e ; l\u2019\u00e9l\u00e9gance des mouvements du corps et des mains r\u00e9v\u00e9lant ainsi le rang des personnes qui les poss\u00e8dent. Ces accessoires sont autant port\u00e9s par les hommes que par les femmes, mais leurs d\u00e9cors et formes les distinguent parfois d\u2019un usage commun aux deux genres.<\/p>\n\n\n\n<p><strong>LE SOULIER ET SES PARURES<\/strong><\/p>\n\n\n\n<p>Le soulier est l\u2019apanage des puissants et des plus fortun\u00e9s. Les mules sont destin\u00e9es \u00e0 l\u2019int\u00e9rieur de la maison tandis que les souliers \u00e0 talons hauts sont r\u00e9serv\u00e9s pour la repr\u00e9sentation. Le go\u00fbt pour les textiles pr\u00e9cieux et les bijoux s\u2019\u00e9tend \u00e0 tous les accessoires, souliers compris.<\/p>\n\n\n\n<p>Les chaussures \u00e0 talon apparaissent durant la premi\u00e8re moiti\u00e9 du XVII\u00e8me si\u00e8cle, le soulier dit \u00e0 pont-levis est rapidement adopt\u00e9 dans toutes les cours europ\u00e9ennes. Marqueur de l\u2019allure, le talon imprime un rythme \u00e0 la marche, donne de la hauteur et de la prestance.<\/p>\n\n\n\n<p>Dans la seconde moiti\u00e9 du XVII\u00e8me si\u00e8cle, les formes carr\u00e9es s\u00e9duisent une client\u00e8le autant masculine que f\u00e9minine. Le dessus du soulier se pare de tissus pr\u00e9cieux : velours de soie brod\u00e9 de fil\u00e9s m\u00e9talliques dor\u00e9s ou argent\u00e9s, soie broch\u00e9e (pr\u00e9sentant des dessins en relief), ou cuir brod\u00e9 de soie. Au d\u00e9but<br>du XVIII\u00e8me si\u00e8cle, les souliers \u00e0 bout rond ou pointu d\u00e9tr\u00f4nent de nouveau les formes carr\u00e9es.<br>Pris\u00e9s par les courtisans, les talons atteignent une hauteur vertigineuse et une surench\u00e8re d\u2019ornements sous le r\u00e8gne de Louis XV et au d\u00e9but de celui de Louis XVI. Ils sont cependant moins hauts sur les mules pour femme qui sont r\u00e9serv\u00e9es \u00e0 l\u2019intimit\u00e9, et se raccourcissent sur la derni\u00e8re partie du XVIII\u00e8me si\u00e8cle.<br>Les attaches (rubans, lacets, dentelles et boucles) demeurent essentielles pour parer les souliers au gr\u00e9 des saisons. Les boucles de souliers, tr\u00e8s pris\u00e9es par les hommes \u00e0 la cour de 1650 \u00e0 1670, connaissent une \u00e9clipse avant de se retrouver en pleine lumi\u00e8re \u00e0 la fin du XVII\u00e8me si\u00e8cle et au XVIII\u00e8me si\u00e8cle. Si, au<br>quotidien, les boucles en argent, laiton, acier ou argent dor\u00e9 cisel\u00e9es sont privil\u00e9gi\u00e9es, les boucles<br>brillantes serties de diamants ou de strass parent les souliers dans les occasions solennelles.<\/p>\n\n\n\n<p>Ces attaches forment g\u00e9n\u00e9ralement une parure avec les boucles de jarreti\u00e8res, plus petites, qui ferment la culotte aux genoux. Quant aux femmes de la cour, elles adoptent les boucles de forme ronde ou ovale.<\/p>\n\n\n\n<p>exposition jusqu&rsquo; au 27 ao\u00fbt 2023<br><a href=\"https:\/\/musee-domaine-marly.fr\/\">Mus\u00e9e du Domaine royal de Marly<\/a><\/p>\n","protected":false},"excerpt":{"rendered":"<p>Se v\u00eatir et accessoiriser sa tenue r\u00e9v\u00e8le les usages sociaux et politiques des \u00e9lites.Si l\u2019usage de la parure et l\u2019envie d\u2019embellir le corps sont pr\u00e9sents dans toutes les soci\u00e9t\u00e9s et \u00e0 toutes les \u00e9poques, il s\u2019accompagne sous Louis XIV d\u2019une v\u00e9ritable strat\u00e9gie d\u2019affirmation du pouvoir motiv\u00e9e par la centralisation politique. Le r\u00e8gne du Roi-Soleil se [&hellip;]<\/p>\n","protected":false},"author":6,"featured_media":15793,"comment_status":"closed","ping_status":"closed","sticky":false,"template":"","format":"standard","meta":{"jetpack_post_was_ever_published":false,"_jetpack_newsletter_access":"","_jetpack_dont_email_post_to_subs":false,"_jetpack_newsletter_tier_id":0,"_jetpack_memberships_contains_paywalled_content":false,"_jetpack_memberships_contains_paid_content":false,"footnotes":"","jetpack_publicize_message":"","jetpack_publicize_feature_enabled":true,"jetpack_social_post_already_shared":false,"jetpack_social_options":{"image_generator_settings":{"template":"highway","default_image_id":0,"font":"","enabled":false},"version":2}},"categories":[12],"tags":[],"class_list":["post-15790","post","type-post","status-publish","format-standard","has-post-thumbnail","hentry","category-expositions"],"yoast_head":"<!-- This site is optimized with the Yoast SEO plugin v26.9 - https:\/\/yoast.com\/product\/yoast-seo-wordpress\/ -->\n<title>S\u00e9duction &amp; Pouvoir. L&#039;art de s&#039;appr\u00eater \u00e0 la cour aux XVIIe et XVIIIe si\u00e8cles. Le Magazine de Proantic<\/title>\n<meta name=\"description\" content=\"Se v\u00eatir et accessoiriser sa tenue r\u00e9v\u00e8le les usages sociaux et politiques des \u00e9lites.Si l\u2019usage de la parure et l\u2019envie d\u2019embellir le corps sont pr\u00e9sents\" \/>\n<meta name=\"robots\" content=\"index, follow, max-snippet:-1, max-image-preview:large, max-video-preview:-1\" \/>\n<link rel=\"canonical\" href=\"https:\/\/www.proantic.com\/magazine\/seduction-pouvoir-lart-de-sappreter-a-la-cour-aux-xviie-et-xviiie-siecles\/\" \/>\n<meta property=\"og:locale\" content=\"fr_FR\" \/>\n<meta property=\"og:type\" content=\"article\" \/>\n<meta property=\"og:title\" content=\"S\u00e9duction &amp; Pouvoir. L&#039;art de s&#039;appr\u00eater \u00e0 la cour aux XVIIe et XVIIIe si\u00e8cles. Le Magazine de Proantic\" \/>\n<meta property=\"og:description\" content=\"Se v\u00eatir et accessoiriser sa tenue r\u00e9v\u00e8le les usages sociaux et politiques des \u00e9lites.Si l\u2019usage de la parure et l\u2019envie d\u2019embellir le corps sont pr\u00e9sents\" \/>\n<meta property=\"og:url\" content=\"https:\/\/www.proantic.com\/magazine\/seduction-pouvoir-lart-de-sappreter-a-la-cour-aux-xviie-et-xviiie-siecles\/\" \/>\n<meta property=\"og:site_name\" content=\"Le Magazine de Proantic\" \/>\n<meta property=\"article:publisher\" content=\"https:\/\/www.facebook.com\/pages\/Proantic\/\/259180871793\" \/>\n<meta property=\"article:published_time\" content=\"2023-06-11T11:56:54+00:00\" \/>\n<meta property=\"article:modified_time\" content=\"2023-06-11T11:57:48+00:00\" \/>\n<meta property=\"og:image\" content=\"https:\/\/www.proantic.com\/magazine\/wp-content\/uploads\/2023\/06\/bnhu.jpg\" \/>\n\t<meta property=\"og:image:width\" content=\"628\" \/>\n\t<meta property=\"og:image:height\" content=\"445\" \/>\n\t<meta property=\"og:image:type\" content=\"image\/jpeg\" \/>\n<meta name=\"author\" content=\"C\u00e9line Autant\" \/>\n<meta name=\"twitter:label1\" content=\"\u00c9crit par\" \/>\n\t<meta name=\"twitter:data1\" content=\"C\u00e9line Autant\" \/>\n\t<meta name=\"twitter:label2\" content=\"Dur\u00e9e de lecture estim\u00e9e\" \/>\n\t<meta name=\"twitter:data2\" content=\"15 minutes\" \/>\n<script type=\"application\/ld+json\" class=\"yoast-schema-graph\">{\"@context\":\"https:\/\/schema.org\",\"@graph\":[{\"@type\":\"Article\",\"@id\":\"https:\/\/www.proantic.com\/magazine\/seduction-pouvoir-lart-de-sappreter-a-la-cour-aux-xviie-et-xviiie-siecles\/#article\",\"isPartOf\":{\"@id\":\"https:\/\/www.proantic.com\/magazine\/seduction-pouvoir-lart-de-sappreter-a-la-cour-aux-xviie-et-xviiie-siecles\/\"},\"author\":{\"name\":\"C\u00e9line Autant\",\"@id\":\"https:\/\/www.proantic.com\/magazine\/#\/schema\/person\/932db14f53d245f4acce86a3fe906582\"},\"headline\":\"S\u00e9duction &amp; Pouvoir. L&rsquo;art de s&rsquo;appr\u00eater \u00e0 la cour aux XVIIe et XVIIIe si\u00e8cles.\",\"datePublished\":\"2023-06-11T11:56:54+00:00\",\"dateModified\":\"2023-06-11T11:57:48+00:00\",\"mainEntityOfPage\":{\"@id\":\"https:\/\/www.proantic.com\/magazine\/seduction-pouvoir-lart-de-sappreter-a-la-cour-aux-xviie-et-xviiie-siecles\/\"},\"wordCount\":2763,\"image\":{\"@id\":\"https:\/\/www.proantic.com\/magazine\/seduction-pouvoir-lart-de-sappreter-a-la-cour-aux-xviie-et-xviiie-siecles\/#primaryimage\"},\"thumbnailUrl\":\"https:\/\/i0.wp.com\/www.proantic.com\/magazine\/wp-content\/uploads\/2023\/06\/bnhu.jpg?fit=628%2C445&ssl=1\",\"articleSection\":[\"Expositions\"],\"inLanguage\":\"fr-FR\"},{\"@type\":\"WebPage\",\"@id\":\"https:\/\/www.proantic.com\/magazine\/seduction-pouvoir-lart-de-sappreter-a-la-cour-aux-xviie-et-xviiie-siecles\/\",\"url\":\"https:\/\/www.proantic.com\/magazine\/seduction-pouvoir-lart-de-sappreter-a-la-cour-aux-xviie-et-xviiie-siecles\/\",\"name\":\"S\u00e9duction &amp; Pouvoir. L'art de s'appr\u00eater \u00e0 la cour aux XVIIe et XVIIIe si\u00e8cles. Le Magazine de Proantic\",\"isPartOf\":{\"@id\":\"https:\/\/www.proantic.com\/magazine\/#website\"},\"primaryImageOfPage\":{\"@id\":\"https:\/\/www.proantic.com\/magazine\/seduction-pouvoir-lart-de-sappreter-a-la-cour-aux-xviie-et-xviiie-siecles\/#primaryimage\"},\"image\":{\"@id\":\"https:\/\/www.proantic.com\/magazine\/seduction-pouvoir-lart-de-sappreter-a-la-cour-aux-xviie-et-xviiie-siecles\/#primaryimage\"},\"thumbnailUrl\":\"https:\/\/i0.wp.com\/www.proantic.com\/magazine\/wp-content\/uploads\/2023\/06\/bnhu.jpg?fit=628%2C445&ssl=1\",\"datePublished\":\"2023-06-11T11:56:54+00:00\",\"dateModified\":\"2023-06-11T11:57:48+00:00\",\"author\":{\"@id\":\"https:\/\/www.proantic.com\/magazine\/#\/schema\/person\/932db14f53d245f4acce86a3fe906582\"},\"description\":\"Se v\u00eatir et accessoiriser sa tenue r\u00e9v\u00e8le les usages sociaux et politiques des \u00e9lites.Si l\u2019usage de la parure et l\u2019envie d\u2019embellir le corps sont pr\u00e9sents\",\"breadcrumb\":{\"@id\":\"https:\/\/www.proantic.com\/magazine\/seduction-pouvoir-lart-de-sappreter-a-la-cour-aux-xviie-et-xviiie-siecles\/#breadcrumb\"},\"inLanguage\":\"fr-FR\",\"potentialAction\":[{\"@type\":\"ReadAction\",\"target\":[\"https:\/\/www.proantic.com\/magazine\/seduction-pouvoir-lart-de-sappreter-a-la-cour-aux-xviie-et-xviiie-siecles\/\"]}]},{\"@type\":\"ImageObject\",\"inLanguage\":\"fr-FR\",\"@id\":\"https:\/\/www.proantic.com\/magazine\/seduction-pouvoir-lart-de-sappreter-a-la-cour-aux-xviie-et-xviiie-siecles\/#primaryimage\",\"url\":\"https:\/\/i0.wp.com\/www.proantic.com\/magazine\/wp-content\/uploads\/2023\/06\/bnhu.jpg?fit=628%2C445&ssl=1\",\"contentUrl\":\"https:\/\/i0.wp.com\/www.proantic.com\/magazine\/wp-content\/uploads\/2023\/06\/bnhu.jpg?fit=628%2C445&ssl=1\",\"width\":628,\"height\":445},{\"@type\":\"BreadcrumbList\",\"@id\":\"https:\/\/www.proantic.com\/magazine\/seduction-pouvoir-lart-de-sappreter-a-la-cour-aux-xviie-et-xviiie-siecles\/#breadcrumb\",\"itemListElement\":[{\"@type\":\"ListItem\",\"position\":1,\"name\":\"Accueil\",\"item\":\"https:\/\/www.proantic.com\/magazine\/\"},{\"@type\":\"ListItem\",\"position\":2,\"name\":\"S\u00e9duction &amp; Pouvoir. L&rsquo;art de s&rsquo;appr\u00eater \u00e0 la cour aux XVIIe et XVIIIe si\u00e8cles.\"}]},{\"@type\":\"WebSite\",\"@id\":\"https:\/\/www.proantic.com\/magazine\/#website\",\"url\":\"https:\/\/www.proantic.com\/magazine\/\",\"name\":\"Le Magazine de Proantic\",\"description\":\"Magazine d&#039;art et expositions\",\"potentialAction\":[{\"@type\":\"SearchAction\",\"target\":{\"@type\":\"EntryPoint\",\"urlTemplate\":\"https:\/\/www.proantic.com\/magazine\/?s={search_term_string}\"},\"query-input\":{\"@type\":\"PropertyValueSpecification\",\"valueRequired\":true,\"valueName\":\"search_term_string\"}}],\"inLanguage\":\"fr-FR\"},{\"@type\":\"Person\",\"@id\":\"https:\/\/www.proantic.com\/magazine\/#\/schema\/person\/932db14f53d245f4acce86a3fe906582\",\"name\":\"C\u00e9line Autant\"}]}<\/script>\n<!-- \/ Yoast SEO plugin. -->","yoast_head_json":{"title":"S\u00e9duction &amp; Pouvoir. L'art de s'appr\u00eater \u00e0 la cour aux XVIIe et XVIIIe si\u00e8cles. Le Magazine de Proantic","description":"Se v\u00eatir et accessoiriser sa tenue r\u00e9v\u00e8le les usages sociaux et politiques des \u00e9lites.Si l\u2019usage de la parure et l\u2019envie d\u2019embellir le corps sont pr\u00e9sents","robots":{"index":"index","follow":"follow","max-snippet":"max-snippet:-1","max-image-preview":"max-image-preview:large","max-video-preview":"max-video-preview:-1"},"canonical":"https:\/\/www.proantic.com\/magazine\/seduction-pouvoir-lart-de-sappreter-a-la-cour-aux-xviie-et-xviiie-siecles\/","og_locale":"fr_FR","og_type":"article","og_title":"S\u00e9duction &amp; Pouvoir. L'art de s'appr\u00eater \u00e0 la cour aux XVIIe et XVIIIe si\u00e8cles. Le Magazine de Proantic","og_description":"Se v\u00eatir et accessoiriser sa tenue r\u00e9v\u00e8le les usages sociaux et politiques des \u00e9lites.Si l\u2019usage de la parure et l\u2019envie d\u2019embellir le corps sont pr\u00e9sents","og_url":"https:\/\/www.proantic.com\/magazine\/seduction-pouvoir-lart-de-sappreter-a-la-cour-aux-xviie-et-xviiie-siecles\/","og_site_name":"Le Magazine de Proantic","article_publisher":"https:\/\/www.facebook.com\/pages\/Proantic\/\/259180871793","article_published_time":"2023-06-11T11:56:54+00:00","article_modified_time":"2023-06-11T11:57:48+00:00","og_image":[{"width":628,"height":445,"url":"https:\/\/www.proantic.com\/magazine\/wp-content\/uploads\/2023\/06\/bnhu.jpg","type":"image\/jpeg"}],"author":"C\u00e9line Autant","twitter_misc":{"\u00c9crit par":"C\u00e9line Autant","Dur\u00e9e de lecture estim\u00e9e":"15 minutes"},"schema":{"@context":"https:\/\/schema.org","@graph":[{"@type":"Article","@id":"https:\/\/www.proantic.com\/magazine\/seduction-pouvoir-lart-de-sappreter-a-la-cour-aux-xviie-et-xviiie-siecles\/#article","isPartOf":{"@id":"https:\/\/www.proantic.com\/magazine\/seduction-pouvoir-lart-de-sappreter-a-la-cour-aux-xviie-et-xviiie-siecles\/"},"author":{"name":"C\u00e9line Autant","@id":"https:\/\/www.proantic.com\/magazine\/#\/schema\/person\/932db14f53d245f4acce86a3fe906582"},"headline":"S\u00e9duction &amp; Pouvoir. L&rsquo;art de s&rsquo;appr\u00eater \u00e0 la cour aux XVIIe et XVIIIe si\u00e8cles.","datePublished":"2023-06-11T11:56:54+00:00","dateModified":"2023-06-11T11:57:48+00:00","mainEntityOfPage":{"@id":"https:\/\/www.proantic.com\/magazine\/seduction-pouvoir-lart-de-sappreter-a-la-cour-aux-xviie-et-xviiie-siecles\/"},"wordCount":2763,"image":{"@id":"https:\/\/www.proantic.com\/magazine\/seduction-pouvoir-lart-de-sappreter-a-la-cour-aux-xviie-et-xviiie-siecles\/#primaryimage"},"thumbnailUrl":"https:\/\/i0.wp.com\/www.proantic.com\/magazine\/wp-content\/uploads\/2023\/06\/bnhu.jpg?fit=628%2C445&ssl=1","articleSection":["Expositions"],"inLanguage":"fr-FR"},{"@type":"WebPage","@id":"https:\/\/www.proantic.com\/magazine\/seduction-pouvoir-lart-de-sappreter-a-la-cour-aux-xviie-et-xviiie-siecles\/","url":"https:\/\/www.proantic.com\/magazine\/seduction-pouvoir-lart-de-sappreter-a-la-cour-aux-xviie-et-xviiie-siecles\/","name":"S\u00e9duction &amp; Pouvoir. L'art de s'appr\u00eater \u00e0 la cour aux XVIIe et XVIIIe si\u00e8cles. Le Magazine de Proantic","isPartOf":{"@id":"https:\/\/www.proantic.com\/magazine\/#website"},"primaryImageOfPage":{"@id":"https:\/\/www.proantic.com\/magazine\/seduction-pouvoir-lart-de-sappreter-a-la-cour-aux-xviie-et-xviiie-siecles\/#primaryimage"},"image":{"@id":"https:\/\/www.proantic.com\/magazine\/seduction-pouvoir-lart-de-sappreter-a-la-cour-aux-xviie-et-xviiie-siecles\/#primaryimage"},"thumbnailUrl":"https:\/\/i0.wp.com\/www.proantic.com\/magazine\/wp-content\/uploads\/2023\/06\/bnhu.jpg?fit=628%2C445&ssl=1","datePublished":"2023-06-11T11:56:54+00:00","dateModified":"2023-06-11T11:57:48+00:00","author":{"@id":"https:\/\/www.proantic.com\/magazine\/#\/schema\/person\/932db14f53d245f4acce86a3fe906582"},"description":"Se v\u00eatir et accessoiriser sa tenue r\u00e9v\u00e8le les usages sociaux et politiques des \u00e9lites.Si l\u2019usage de la parure et l\u2019envie d\u2019embellir le corps sont pr\u00e9sents","breadcrumb":{"@id":"https:\/\/www.proantic.com\/magazine\/seduction-pouvoir-lart-de-sappreter-a-la-cour-aux-xviie-et-xviiie-siecles\/#breadcrumb"},"inLanguage":"fr-FR","potentialAction":[{"@type":"ReadAction","target":["https:\/\/www.proantic.com\/magazine\/seduction-pouvoir-lart-de-sappreter-a-la-cour-aux-xviie-et-xviiie-siecles\/"]}]},{"@type":"ImageObject","inLanguage":"fr-FR","@id":"https:\/\/www.proantic.com\/magazine\/seduction-pouvoir-lart-de-sappreter-a-la-cour-aux-xviie-et-xviiie-siecles\/#primaryimage","url":"https:\/\/i0.wp.com\/www.proantic.com\/magazine\/wp-content\/uploads\/2023\/06\/bnhu.jpg?fit=628%2C445&ssl=1","contentUrl":"https:\/\/i0.wp.com\/www.proantic.com\/magazine\/wp-content\/uploads\/2023\/06\/bnhu.jpg?fit=628%2C445&ssl=1","width":628,"height":445},{"@type":"BreadcrumbList","@id":"https:\/\/www.proantic.com\/magazine\/seduction-pouvoir-lart-de-sappreter-a-la-cour-aux-xviie-et-xviiie-siecles\/#breadcrumb","itemListElement":[{"@type":"ListItem","position":1,"name":"Accueil","item":"https:\/\/www.proantic.com\/magazine\/"},{"@type":"ListItem","position":2,"name":"S\u00e9duction &amp; Pouvoir. L&rsquo;art de s&rsquo;appr\u00eater \u00e0 la cour aux XVIIe et XVIIIe si\u00e8cles."}]},{"@type":"WebSite","@id":"https:\/\/www.proantic.com\/magazine\/#website","url":"https:\/\/www.proantic.com\/magazine\/","name":"Le Magazine de Proantic","description":"Magazine d&#039;art et expositions","potentialAction":[{"@type":"SearchAction","target":{"@type":"EntryPoint","urlTemplate":"https:\/\/www.proantic.com\/magazine\/?s={search_term_string}"},"query-input":{"@type":"PropertyValueSpecification","valueRequired":true,"valueName":"search_term_string"}}],"inLanguage":"fr-FR"},{"@type":"Person","@id":"https:\/\/www.proantic.com\/magazine\/#\/schema\/person\/932db14f53d245f4acce86a3fe906582","name":"C\u00e9line Autant"}]}},"jetpack_publicize_connections":[],"jetpack_featured_media_url":"https:\/\/i0.wp.com\/www.proantic.com\/magazine\/wp-content\/uploads\/2023\/06\/bnhu.jpg?fit=628%2C445&ssl=1","jetpack_shortlink":"https:\/\/wp.me\/p7EkP3-46G","jetpack_sharing_enabled":true,"_links":{"self":[{"href":"https:\/\/www.proantic.com\/magazine\/wp-json\/wp\/v2\/posts\/15790","targetHints":{"allow":["GET"]}}],"collection":[{"href":"https:\/\/www.proantic.com\/magazine\/wp-json\/wp\/v2\/posts"}],"about":[{"href":"https:\/\/www.proantic.com\/magazine\/wp-json\/wp\/v2\/types\/post"}],"author":[{"embeddable":true,"href":"https:\/\/www.proantic.com\/magazine\/wp-json\/wp\/v2\/users\/6"}],"replies":[{"embeddable":true,"href":"https:\/\/www.proantic.com\/magazine\/wp-json\/wp\/v2\/comments?post=15790"}],"version-history":[{"count":4,"href":"https:\/\/www.proantic.com\/magazine\/wp-json\/wp\/v2\/posts\/15790\/revisions"}],"predecessor-version":[{"id":15818,"href":"https:\/\/www.proantic.com\/magazine\/wp-json\/wp\/v2\/posts\/15790\/revisions\/15818"}],"wp:featuredmedia":[{"embeddable":true,"href":"https:\/\/www.proantic.com\/magazine\/wp-json\/wp\/v2\/media\/15793"}],"wp:attachment":[{"href":"https:\/\/www.proantic.com\/magazine\/wp-json\/wp\/v2\/media?parent=15790"}],"wp:term":[{"taxonomy":"category","embeddable":true,"href":"https:\/\/www.proantic.com\/magazine\/wp-json\/wp\/v2\/categories?post=15790"},{"taxonomy":"post_tag","embeddable":true,"href":"https:\/\/www.proantic.com\/magazine\/wp-json\/wp\/v2\/tags?post=15790"}],"curies":[{"name":"wp","href":"https:\/\/api.w.org\/{rel}","templated":true}]}}