{"id":15723,"date":"2023-05-14T16:20:41","date_gmt":"2023-05-14T15:20:41","guid":{"rendered":"https:\/\/www.proantic.com\/magazine\/?p=15723"},"modified":"2023-05-14T16:22:30","modified_gmt":"2023-05-14T15:22:30","slug":"le-sens-de-la-mesure-la-collection-dunod","status":"publish","type":"post","link":"https:\/\/www.proantic.com\/magazine\/le-sens-de-la-mesure-la-collection-dunod\/","title":{"rendered":"Le sens de la mesure &#8211; La collection Dunod"},"content":{"rendered":"\n<p><strong>Le mus\u00e9e de la Ferronnerie, Le Secq des Tournelles a \u00e9t\u00e9 inaugur\u00e9 en 1921, \u00e0 la suite du don exceptionnel de Jean-Louis Henri Le Secq Destournelles (1818 &#8211; 1882) et son fils Henri-Jean Le Secq des Tournelles (1854 &#8211; 1925). <\/strong>Il pr\u00e9sente la plus importante collection publique de ferronnerie ancienne au monde.<\/p>\n\n\n\n<figure class=\"wp-block-image size-full\"><a href=\"https:\/\/i0.wp.com\/www.proantic.com\/magazine\/wp-content\/uploads\/2023\/05\/balance_0.png?ssl=1\"><img data-recalc-dims=\"1\" loading=\"lazy\" decoding=\"async\" width=\"665\" height=\"375\" data-attachment-id=\"15728\" data-permalink=\"https:\/\/www.proantic.com\/magazine\/le-sens-de-la-mesure-la-collection-dunod\/balance_0\/\" data-orig-file=\"https:\/\/i0.wp.com\/www.proantic.com\/magazine\/wp-content\/uploads\/2023\/05\/balance_0.png?fit=858%2C484&amp;ssl=1\" data-orig-size=\"858,484\" data-comments-opened=\"1\" data-image-meta=\"{&quot;aperture&quot;:&quot;0&quot;,&quot;credit&quot;:&quot;&quot;,&quot;camera&quot;:&quot;&quot;,&quot;caption&quot;:&quot;&quot;,&quot;created_timestamp&quot;:&quot;0&quot;,&quot;copyright&quot;:&quot;&quot;,&quot;focal_length&quot;:&quot;0&quot;,&quot;iso&quot;:&quot;0&quot;,&quot;shutter_speed&quot;:&quot;0&quot;,&quot;title&quot;:&quot;&quot;,&quot;orientation&quot;:&quot;0&quot;}\" data-image-title=\"Le sens de la mesure, la collection Dunod\" data-image-description=\"\" data-image-caption=\"&lt;p&gt;Peson \u00e0 ressort, France, XIX\u00e8me si\u00e8cle, don J\u00e9r\u00f4me et Marie-France Dunod \u00a9 R\u00e9union des Mus\u00e9es M\u00e9tropolitains Rouen Normandie, mus\u00e9e de la Ferronnerie, Le Secq des Tournelles&lt;\/p&gt;\n\" data-medium-file=\"https:\/\/i0.wp.com\/www.proantic.com\/magazine\/wp-content\/uploads\/2023\/05\/balance_0.png?fit=300%2C169&amp;ssl=1\" data-large-file=\"https:\/\/i0.wp.com\/www.proantic.com\/magazine\/wp-content\/uploads\/2023\/05\/balance_0.png?fit=665%2C375&amp;ssl=1\" src=\"https:\/\/i0.wp.com\/www.proantic.com\/magazine\/wp-content\/uploads\/2023\/05\/balance_0.png?resize=665%2C375&#038;ssl=1\" alt=\"\" class=\"wp-image-15728\" srcset=\"https:\/\/i0.wp.com\/www.proantic.com\/magazine\/wp-content\/uploads\/2023\/05\/balance_0.png?w=858&amp;ssl=1 858w, https:\/\/i0.wp.com\/www.proantic.com\/magazine\/wp-content\/uploads\/2023\/05\/balance_0.png?resize=300%2C169&amp;ssl=1 300w, https:\/\/i0.wp.com\/www.proantic.com\/magazine\/wp-content\/uploads\/2023\/05\/balance_0.png?resize=768%2C433&amp;ssl=1 768w\" sizes=\"auto, (max-width: 665px) 100vw, 665px\" \/><\/a><figcaption class=\"wp-element-caption\">Peson \u00e0 ressort, France, XIX\u00e8me si\u00e8cle, don J\u00e9r\u00f4me et Marie-France Dunod \u00a9 R\u00e9union des Mus\u00e9es M\u00e9tropolitains Rouen Normandie, mus\u00e9e de la Ferronnerie, Le Secq des Tournelles<\/figcaption><\/figure>\n\n\n\n<p><strong>Cette ann\u00e9e, c\u2019est les 101 ans du mus\u00e9e\u00a0! <\/strong>Et pour f\u00eater cela, la prestigieuse collection d\u2019objets li\u00e9s aux poids et aux mesures de J\u00e9r\u00f4me et de Marie-France Dunod va rejoindre de fa\u00e7on permanente les collections du mus\u00e9e.<\/p>\n\n\n<div class=\"wp-block-image\">\n<figure class=\"aligncenter size-full\"><a href=\"https:\/\/i0.wp.com\/www.proantic.com\/magazine\/wp-content\/uploads\/2023\/05\/annotation_2022-11-10_151415.png?ssl=1\"><img data-recalc-dims=\"1\" loading=\"lazy\" decoding=\"async\" width=\"595\" height=\"753\" data-attachment-id=\"15725\" data-permalink=\"https:\/\/www.proantic.com\/magazine\/le-sens-de-la-mesure-la-collection-dunod\/annotation_2022-11-10_151415\/\" data-orig-file=\"https:\/\/i0.wp.com\/www.proantic.com\/magazine\/wp-content\/uploads\/2023\/05\/annotation_2022-11-10_151415.png?fit=595%2C753&amp;ssl=1\" data-orig-size=\"595,753\" data-comments-opened=\"1\" data-image-meta=\"{&quot;aperture&quot;:&quot;0&quot;,&quot;credit&quot;:&quot;&quot;,&quot;camera&quot;:&quot;&quot;,&quot;caption&quot;:&quot;&quot;,&quot;created_timestamp&quot;:&quot;0&quot;,&quot;copyright&quot;:&quot;&quot;,&quot;focal_length&quot;:&quot;0&quot;,&quot;iso&quot;:&quot;0&quot;,&quot;shutter_speed&quot;:&quot;0&quot;,&quot;title&quot;:&quot;&quot;,&quot;orientation&quot;:&quot;0&quot;}\" data-image-title=\"Le sens de la mesure, la collection Dunod\" data-image-description=\"\" data-image-caption=\"&lt;p&gt;Namur, Tr\u00e9buchet sur socle, d\u00e9but XIX\u00e8me si\u00e8cle, don de J\u00e9r\u00f4me et Marie-France Dunod \u00a9 R\u00e9union des Mus\u00e9es M\u00e9tropolitains, mus\u00e9e de la Ferronnerie, Le Secq des Tournelles&lt;\/p&gt;\n\" data-medium-file=\"https:\/\/i0.wp.com\/www.proantic.com\/magazine\/wp-content\/uploads\/2023\/05\/annotation_2022-11-10_151415.png?fit=237%2C300&amp;ssl=1\" data-large-file=\"https:\/\/i0.wp.com\/www.proantic.com\/magazine\/wp-content\/uploads\/2023\/05\/annotation_2022-11-10_151415.png?fit=595%2C753&amp;ssl=1\" src=\"https:\/\/i0.wp.com\/www.proantic.com\/magazine\/wp-content\/uploads\/2023\/05\/annotation_2022-11-10_151415.png?resize=595%2C753&#038;ssl=1\" alt=\"\" class=\"wp-image-15725\" srcset=\"https:\/\/i0.wp.com\/www.proantic.com\/magazine\/wp-content\/uploads\/2023\/05\/annotation_2022-11-10_151415.png?w=595&amp;ssl=1 595w, https:\/\/i0.wp.com\/www.proantic.com\/magazine\/wp-content\/uploads\/2023\/05\/annotation_2022-11-10_151415.png?resize=237%2C300&amp;ssl=1 237w\" sizes=\"auto, (max-width: 595px) 100vw, 595px\" \/><\/a><figcaption class=\"wp-element-caption\">Namur, Tr\u00e9buchet sur socle, d\u00e9but XIX\u00e8me si\u00e8cle, don de J\u00e9r\u00f4me et Marie-France Dunod \u00a9 R\u00e9union des Mus\u00e9es M\u00e9tropolitains, mus\u00e9e de la Ferronnerie, Le Secq des Tournelles<\/figcaption><\/figure>\n<\/div>\n\n\n<p><strong>\u00c0 cette occasion, un nouveau parcours de visite est propos\u00e9 au public.<\/strong><\/p>\n\n\n\n<p>Les nombreux instruments et documents anciens vous proposent de voyager dans le temps pour imaginer le mode de vie de nos anc\u00eatres. En effet, les balances, tr\u00e9buchets, pesons, poids de villes, poids mon\u00e9taires et enseignes offrent un panorama exhaustif de l\u2019histoire des poids et des mesures de l\u2019Antiquit\u00e9 \u00e0 nos jours. Une publication qui l\u2019accompagne s\u2019attache \u00e0 retracer les grandes \u00e9tapes de l\u2019histoire de la m\u00e9trologie et ses traductions rouennaises.<\/p>\n\n\n\n<p>Gr\u00e2ce \u00e0 leurs dons au mus\u00e9e, les Dunod souhaitent partager la collection d\u2019une vie au plus grand nombre de visiteurs.<\/p>\n\n\n<div class=\"wp-block-image\">\n<figure class=\"aligncenter size-large\"><a href=\"https:\/\/i0.wp.com\/www.proantic.com\/magazine\/wp-content\/uploads\/2023\/05\/116800.jpg?ssl=1\"><img data-recalc-dims=\"1\" loading=\"lazy\" decoding=\"async\" width=\"665\" height=\"774\" data-attachment-id=\"15724\" data-permalink=\"https:\/\/www.proantic.com\/magazine\/le-sens-de-la-mesure-la-collection-dunod\/attachment\/116800\/\" data-orig-file=\"https:\/\/i0.wp.com\/www.proantic.com\/magazine\/wp-content\/uploads\/2023\/05\/116800.jpg?fit=1375%2C1600&amp;ssl=1\" data-orig-size=\"1375,1600\" data-comments-opened=\"1\" data-image-meta=\"{&quot;aperture&quot;:&quot;0&quot;,&quot;credit&quot;:&quot;&quot;,&quot;camera&quot;:&quot;&quot;,&quot;caption&quot;:&quot;&quot;,&quot;created_timestamp&quot;:&quot;0&quot;,&quot;copyright&quot;:&quot;&quot;,&quot;focal_length&quot;:&quot;0&quot;,&quot;iso&quot;:&quot;0&quot;,&quot;shutter_speed&quot;:&quot;0&quot;,&quot;title&quot;:&quot;&quot;,&quot;orientation&quot;:&quot;0&quot;}\" data-image-title=\"Le sens de la mesure, la collection Dunod\" data-image-description=\"\" data-image-caption=\"&lt;p&gt;Nuremberg, pile \u00e0 godets de 1 marc, XVIIIe si\u00e8cle, bronze, d\u00e9p\u00f4t de J\u00e9r\u00f4me et Marie-France Dunod.&lt;br \/&gt;\n\u00a9 R\u00e9union des Mus\u00e9es m\u00e9tropolitains Rouen Normandie, mus\u00e9e de la Ferronnerie, Le Secq des Tournelles \/ Agence la Belle Vie&lt;\/p&gt;\n\" data-medium-file=\"https:\/\/i0.wp.com\/www.proantic.com\/magazine\/wp-content\/uploads\/2023\/05\/116800.jpg?fit=258%2C300&amp;ssl=1\" data-large-file=\"https:\/\/i0.wp.com\/www.proantic.com\/magazine\/wp-content\/uploads\/2023\/05\/116800.jpg?fit=665%2C774&amp;ssl=1\" src=\"https:\/\/i0.wp.com\/www.proantic.com\/magazine\/wp-content\/uploads\/2023\/05\/116800.jpg?resize=665%2C774&#038;ssl=1\" alt=\"\" class=\"wp-image-15724\" srcset=\"https:\/\/i0.wp.com\/www.proantic.com\/magazine\/wp-content\/uploads\/2023\/05\/116800.jpg?resize=880%2C1024&amp;ssl=1 880w, https:\/\/i0.wp.com\/www.proantic.com\/magazine\/wp-content\/uploads\/2023\/05\/116800.jpg?resize=258%2C300&amp;ssl=1 258w, https:\/\/i0.wp.com\/www.proantic.com\/magazine\/wp-content\/uploads\/2023\/05\/116800.jpg?resize=768%2C894&amp;ssl=1 768w, https:\/\/i0.wp.com\/www.proantic.com\/magazine\/wp-content\/uploads\/2023\/05\/116800.jpg?resize=1320%2C1536&amp;ssl=1 1320w, https:\/\/i0.wp.com\/www.proantic.com\/magazine\/wp-content\/uploads\/2023\/05\/116800.jpg?w=1375&amp;ssl=1 1375w\" sizes=\"auto, (max-width: 665px) 100vw, 665px\" \/><\/a><figcaption class=\"wp-element-caption\">Nuremberg, pile \u00e0 godets de 1 marc, XVIIIe si\u00e8cle, bronze, d\u00e9p\u00f4t de J\u00e9r\u00f4me et Marie-France Dunod.\n\u00a9 R\u00e9union des Mus\u00e9es m\u00e9tropolitains Rouen Normandie, mus\u00e9e de la Ferronnerie, Le Secq des Tournelles \/ Agence la Belle Vie<\/figcaption><\/figure>\n<\/div>\n\n\n<p class=\"has-vivid-red-color has-text-color\"> En savoir plus:<\/p>\n\n\n\n<p><a href=\"https:\/\/museelesecqdestournelles.fr\/\">mus\u00e9e de la Ferronnerie, Le Secq des Tournelles<\/a><\/p>\n","protected":false},"excerpt":{"rendered":"<p>Le mus\u00e9e de la Ferronnerie, Le Secq des Tournelles a \u00e9t\u00e9 inaugur\u00e9 en 1921, \u00e0 la suite du don exceptionnel de Jean-Louis Henri Le Secq Destournelles (1818 &#8211; 1882) et son fils Henri-Jean Le Secq des Tournelles (1854 &#8211; 1925). Il pr\u00e9sente la plus importante collection publique de ferronnerie ancienne au monde. Cette ann\u00e9e, c\u2019est [&hellip;]<\/p>\n","protected":false},"author":6,"featured_media":15726,"comment_status":"closed","ping_status":"closed","sticky":false,"template":"","format":"standard","meta":{"jetpack_post_was_ever_published":false,"_jetpack_newsletter_access":"","_jetpack_dont_email_post_to_subs":false,"_jetpack_newsletter_tier_id":0,"_jetpack_memberships_contains_paywalled_content":false,"_jetpack_memberships_contains_paid_content":false,"footnotes":"","jetpack_publicize_message":"","jetpack_publicize_feature_enabled":true,"jetpack_social_post_already_shared":false,"jetpack_social_options":{"image_generator_settings":{"template":"highway","default_image_id":0,"font":"","enabled":false},"version":2}},"categories":[297],"tags":[],"class_list":["post-15723","post","type-post","status-publish","format-standard","has-post-thumbnail","hentry","category-instantanes"],"yoast_head":"<!-- This site is optimized with the Yoast SEO plugin v26.9 - https:\/\/yoast.com\/product\/yoast-seo-wordpress\/ -->\n<title>Le sens de la mesure - La collection Dunod Le Magazine de Proantic<\/title>\n<meta name=\"description\" content=\"Le mus\u00e9e de la Ferronnerie, Le Secq des Tournelles a \u00e9t\u00e9 inaugur\u00e9 en 1921, \u00e0 la suite du don exceptionnel de Jean-Louis Henri Le Secq Destournelles (1818\" \/>\n<meta name=\"robots\" content=\"index, follow, max-snippet:-1, max-image-preview:large, max-video-preview:-1\" \/>\n<link rel=\"canonical\" href=\"https:\/\/www.proantic.com\/magazine\/le-sens-de-la-mesure-la-collection-dunod\/\" \/>\n<meta property=\"og:locale\" content=\"fr_FR\" \/>\n<meta property=\"og:type\" content=\"article\" \/>\n<meta property=\"og:title\" content=\"Le sens de la mesure - La collection Dunod Le Magazine de Proantic\" \/>\n<meta property=\"og:description\" content=\"Le mus\u00e9e de la Ferronnerie, Le Secq des Tournelles a \u00e9t\u00e9 inaugur\u00e9 en 1921, \u00e0 la suite du don exceptionnel de Jean-Louis Henri Le Secq Destournelles (1818\" \/>\n<meta property=\"og:url\" content=\"https:\/\/www.proantic.com\/magazine\/le-sens-de-la-mesure-la-collection-dunod\/\" \/>\n<meta property=\"og:site_name\" content=\"Le Magazine de Proantic\" \/>\n<meta property=\"article:publisher\" content=\"https:\/\/www.facebook.com\/pages\/Proantic\/\/259180871793\" \/>\n<meta property=\"article:published_time\" content=\"2023-05-14T15:20:41+00:00\" \/>\n<meta property=\"article:modified_time\" content=\"2023-05-14T15:22:30+00:00\" \/>\n<meta property=\"og:image\" content=\"https:\/\/www.proantic.com\/magazine\/wp-content\/uploads\/2023\/05\/annotation_2022-11-10_143538.png\" \/>\n\t<meta property=\"og:image:width\" content=\"518\" \/>\n\t<meta property=\"og:image:height\" content=\"372\" \/>\n\t<meta property=\"og:image:type\" content=\"image\/png\" \/>\n<meta name=\"author\" content=\"C\u00e9line Autant\" \/>\n<meta name=\"twitter:label1\" content=\"\u00c9crit par\" \/>\n\t<meta name=\"twitter:data1\" content=\"C\u00e9line Autant\" \/>\n\t<meta name=\"twitter:label2\" content=\"Dur\u00e9e de lecture estim\u00e9e\" \/>\n\t<meta name=\"twitter:data2\" content=\"3 minutes\" \/>\n<script type=\"application\/ld+json\" class=\"yoast-schema-graph\">{\"@context\":\"https:\/\/schema.org\",\"@graph\":[{\"@type\":\"Article\",\"@id\":\"https:\/\/www.proantic.com\/magazine\/le-sens-de-la-mesure-la-collection-dunod\/#article\",\"isPartOf\":{\"@id\":\"https:\/\/www.proantic.com\/magazine\/le-sens-de-la-mesure-la-collection-dunod\/\"},\"author\":{\"name\":\"C\u00e9line Autant\",\"@id\":\"https:\/\/www.proantic.com\/magazine\/#\/schema\/person\/63707e8f4e7d0172de7ddde897688be0\"},\"headline\":\"Le sens de la mesure &#8211; La collection Dunod\",\"datePublished\":\"2023-05-14T15:20:41+00:00\",\"dateModified\":\"2023-05-14T15:22:30+00:00\",\"mainEntityOfPage\":{\"@id\":\"https:\/\/www.proantic.com\/magazine\/le-sens-de-la-mesure-la-collection-dunod\/\"},\"wordCount\":333,\"image\":{\"@id\":\"https:\/\/www.proantic.com\/magazine\/le-sens-de-la-mesure-la-collection-dunod\/#primaryimage\"},\"thumbnailUrl\":\"https:\/\/i0.wp.com\/www.proantic.com\/magazine\/wp-content\/uploads\/2023\/05\/annotation_2022-11-10_143538.png?fit=518%2C372&ssl=1\",\"articleSection\":[\"Actualit\u00e9s du march\u00e9 de l'art\"],\"inLanguage\":\"fr-FR\"},{\"@type\":\"WebPage\",\"@id\":\"https:\/\/www.proantic.com\/magazine\/le-sens-de-la-mesure-la-collection-dunod\/\",\"url\":\"https:\/\/www.proantic.com\/magazine\/le-sens-de-la-mesure-la-collection-dunod\/\",\"name\":\"Le sens de la mesure - La collection Dunod Le Magazine de Proantic\",\"isPartOf\":{\"@id\":\"https:\/\/www.proantic.com\/magazine\/#website\"},\"primaryImageOfPage\":{\"@id\":\"https:\/\/www.proantic.com\/magazine\/le-sens-de-la-mesure-la-collection-dunod\/#primaryimage\"},\"image\":{\"@id\":\"https:\/\/www.proantic.com\/magazine\/le-sens-de-la-mesure-la-collection-dunod\/#primaryimage\"},\"thumbnailUrl\":\"https:\/\/i0.wp.com\/www.proantic.com\/magazine\/wp-content\/uploads\/2023\/05\/annotation_2022-11-10_143538.png?fit=518%2C372&ssl=1\",\"datePublished\":\"2023-05-14T15:20:41+00:00\",\"dateModified\":\"2023-05-14T15:22:30+00:00\",\"author\":{\"@id\":\"https:\/\/www.proantic.com\/magazine\/#\/schema\/person\/63707e8f4e7d0172de7ddde897688be0\"},\"description\":\"Le mus\u00e9e de la Ferronnerie, Le Secq des Tournelles a \u00e9t\u00e9 inaugur\u00e9 en 1921, \u00e0 la suite du don exceptionnel de Jean-Louis Henri Le Secq Destournelles (1818\",\"breadcrumb\":{\"@id\":\"https:\/\/www.proantic.com\/magazine\/le-sens-de-la-mesure-la-collection-dunod\/#breadcrumb\"},\"inLanguage\":\"fr-FR\",\"potentialAction\":[{\"@type\":\"ReadAction\",\"target\":[\"https:\/\/www.proantic.com\/magazine\/le-sens-de-la-mesure-la-collection-dunod\/\"]}]},{\"@type\":\"ImageObject\",\"inLanguage\":\"fr-FR\",\"@id\":\"https:\/\/www.proantic.com\/magazine\/le-sens-de-la-mesure-la-collection-dunod\/#primaryimage\",\"url\":\"https:\/\/i0.wp.com\/www.proantic.com\/magazine\/wp-content\/uploads\/2023\/05\/annotation_2022-11-10_143538.png?fit=518%2C372&ssl=1\",\"contentUrl\":\"https:\/\/i0.wp.com\/www.proantic.com\/magazine\/wp-content\/uploads\/2023\/05\/annotation_2022-11-10_143538.png?fit=518%2C372&ssl=1\",\"width\":518,\"height\":372},{\"@type\":\"BreadcrumbList\",\"@id\":\"https:\/\/www.proantic.com\/magazine\/le-sens-de-la-mesure-la-collection-dunod\/#breadcrumb\",\"itemListElement\":[{\"@type\":\"ListItem\",\"position\":1,\"name\":\"Accueil\",\"item\":\"https:\/\/www.proantic.com\/magazine\/\"},{\"@type\":\"ListItem\",\"position\":2,\"name\":\"Le sens de la mesure &#8211; La collection Dunod\"}]},{\"@type\":\"WebSite\",\"@id\":\"https:\/\/www.proantic.com\/magazine\/#website\",\"url\":\"https:\/\/www.proantic.com\/magazine\/\",\"name\":\"Le Magazine de Proantic\",\"description\":\"Magazine d&#039;art et expositions\",\"potentialAction\":[{\"@type\":\"SearchAction\",\"target\":{\"@type\":\"EntryPoint\",\"urlTemplate\":\"https:\/\/www.proantic.com\/magazine\/?s={search_term_string}\"},\"query-input\":{\"@type\":\"PropertyValueSpecification\",\"valueRequired\":true,\"valueName\":\"search_term_string\"}}],\"inLanguage\":\"fr-FR\"},{\"@type\":\"Person\",\"@id\":\"https:\/\/www.proantic.com\/magazine\/#\/schema\/person\/63707e8f4e7d0172de7ddde897688be0\",\"name\":\"C\u00e9line Autant\"}]}<\/script>\n<!-- \/ Yoast SEO plugin. -->","yoast_head_json":{"title":"Le sens de la mesure - La collection Dunod Le Magazine de Proantic","description":"Le mus\u00e9e de la Ferronnerie, Le Secq des Tournelles a \u00e9t\u00e9 inaugur\u00e9 en 1921, \u00e0 la suite du don exceptionnel de Jean-Louis Henri Le Secq Destournelles (1818","robots":{"index":"index","follow":"follow","max-snippet":"max-snippet:-1","max-image-preview":"max-image-preview:large","max-video-preview":"max-video-preview:-1"},"canonical":"https:\/\/www.proantic.com\/magazine\/le-sens-de-la-mesure-la-collection-dunod\/","og_locale":"fr_FR","og_type":"article","og_title":"Le sens de la mesure - La collection Dunod Le Magazine de Proantic","og_description":"Le mus\u00e9e de la Ferronnerie, Le Secq des Tournelles a \u00e9t\u00e9 inaugur\u00e9 en 1921, \u00e0 la suite du don exceptionnel de Jean-Louis Henri Le Secq Destournelles (1818","og_url":"https:\/\/www.proantic.com\/magazine\/le-sens-de-la-mesure-la-collection-dunod\/","og_site_name":"Le Magazine de Proantic","article_publisher":"https:\/\/www.facebook.com\/pages\/Proantic\/\/259180871793","article_published_time":"2023-05-14T15:20:41+00:00","article_modified_time":"2023-05-14T15:22:30+00:00","og_image":[{"width":518,"height":372,"url":"https:\/\/www.proantic.com\/magazine\/wp-content\/uploads\/2023\/05\/annotation_2022-11-10_143538.png","type":"image\/png"}],"author":"C\u00e9line Autant","twitter_misc":{"\u00c9crit par":"C\u00e9line Autant","Dur\u00e9e de lecture estim\u00e9e":"3 minutes"},"schema":{"@context":"https:\/\/schema.org","@graph":[{"@type":"Article","@id":"https:\/\/www.proantic.com\/magazine\/le-sens-de-la-mesure-la-collection-dunod\/#article","isPartOf":{"@id":"https:\/\/www.proantic.com\/magazine\/le-sens-de-la-mesure-la-collection-dunod\/"},"author":{"name":"C\u00e9line Autant","@id":"https:\/\/www.proantic.com\/magazine\/#\/schema\/person\/63707e8f4e7d0172de7ddde897688be0"},"headline":"Le sens de la mesure &#8211; La collection Dunod","datePublished":"2023-05-14T15:20:41+00:00","dateModified":"2023-05-14T15:22:30+00:00","mainEntityOfPage":{"@id":"https:\/\/www.proantic.com\/magazine\/le-sens-de-la-mesure-la-collection-dunod\/"},"wordCount":333,"image":{"@id":"https:\/\/www.proantic.com\/magazine\/le-sens-de-la-mesure-la-collection-dunod\/#primaryimage"},"thumbnailUrl":"https:\/\/i0.wp.com\/www.proantic.com\/magazine\/wp-content\/uploads\/2023\/05\/annotation_2022-11-10_143538.png?fit=518%2C372&ssl=1","articleSection":["Actualit\u00e9s du march\u00e9 de l'art"],"inLanguage":"fr-FR"},{"@type":"WebPage","@id":"https:\/\/www.proantic.com\/magazine\/le-sens-de-la-mesure-la-collection-dunod\/","url":"https:\/\/www.proantic.com\/magazine\/le-sens-de-la-mesure-la-collection-dunod\/","name":"Le sens de la mesure - La collection Dunod Le Magazine de Proantic","isPartOf":{"@id":"https:\/\/www.proantic.com\/magazine\/#website"},"primaryImageOfPage":{"@id":"https:\/\/www.proantic.com\/magazine\/le-sens-de-la-mesure-la-collection-dunod\/#primaryimage"},"image":{"@id":"https:\/\/www.proantic.com\/magazine\/le-sens-de-la-mesure-la-collection-dunod\/#primaryimage"},"thumbnailUrl":"https:\/\/i0.wp.com\/www.proantic.com\/magazine\/wp-content\/uploads\/2023\/05\/annotation_2022-11-10_143538.png?fit=518%2C372&ssl=1","datePublished":"2023-05-14T15:20:41+00:00","dateModified":"2023-05-14T15:22:30+00:00","author":{"@id":"https:\/\/www.proantic.com\/magazine\/#\/schema\/person\/63707e8f4e7d0172de7ddde897688be0"},"description":"Le mus\u00e9e de la Ferronnerie, Le Secq des Tournelles a \u00e9t\u00e9 inaugur\u00e9 en 1921, \u00e0 la suite du don exceptionnel de Jean-Louis Henri Le Secq Destournelles (1818","breadcrumb":{"@id":"https:\/\/www.proantic.com\/magazine\/le-sens-de-la-mesure-la-collection-dunod\/#breadcrumb"},"inLanguage":"fr-FR","potentialAction":[{"@type":"ReadAction","target":["https:\/\/www.proantic.com\/magazine\/le-sens-de-la-mesure-la-collection-dunod\/"]}]},{"@type":"ImageObject","inLanguage":"fr-FR","@id":"https:\/\/www.proantic.com\/magazine\/le-sens-de-la-mesure-la-collection-dunod\/#primaryimage","url":"https:\/\/i0.wp.com\/www.proantic.com\/magazine\/wp-content\/uploads\/2023\/05\/annotation_2022-11-10_143538.png?fit=518%2C372&ssl=1","contentUrl":"https:\/\/i0.wp.com\/www.proantic.com\/magazine\/wp-content\/uploads\/2023\/05\/annotation_2022-11-10_143538.png?fit=518%2C372&ssl=1","width":518,"height":372},{"@type":"BreadcrumbList","@id":"https:\/\/www.proantic.com\/magazine\/le-sens-de-la-mesure-la-collection-dunod\/#breadcrumb","itemListElement":[{"@type":"ListItem","position":1,"name":"Accueil","item":"https:\/\/www.proantic.com\/magazine\/"},{"@type":"ListItem","position":2,"name":"Le sens de la mesure &#8211; La collection Dunod"}]},{"@type":"WebSite","@id":"https:\/\/www.proantic.com\/magazine\/#website","url":"https:\/\/www.proantic.com\/magazine\/","name":"Le Magazine de Proantic","description":"Magazine d&#039;art et expositions","potentialAction":[{"@type":"SearchAction","target":{"@type":"EntryPoint","urlTemplate":"https:\/\/www.proantic.com\/magazine\/?s={search_term_string}"},"query-input":{"@type":"PropertyValueSpecification","valueRequired":true,"valueName":"search_term_string"}}],"inLanguage":"fr-FR"},{"@type":"Person","@id":"https:\/\/www.proantic.com\/magazine\/#\/schema\/person\/63707e8f4e7d0172de7ddde897688be0","name":"C\u00e9line Autant"}]}},"jetpack_publicize_connections":[],"jetpack_featured_media_url":"https:\/\/i0.wp.com\/www.proantic.com\/magazine\/wp-content\/uploads\/2023\/05\/annotation_2022-11-10_143538.png?fit=518%2C372&ssl=1","jetpack_shortlink":"https:\/\/wp.me\/p7EkP3-45B","jetpack_sharing_enabled":true,"_links":{"self":[{"href":"https:\/\/www.proantic.com\/magazine\/wp-json\/wp\/v2\/posts\/15723","targetHints":{"allow":["GET"]}}],"collection":[{"href":"https:\/\/www.proantic.com\/magazine\/wp-json\/wp\/v2\/posts"}],"about":[{"href":"https:\/\/www.proantic.com\/magazine\/wp-json\/wp\/v2\/types\/post"}],"author":[{"embeddable":true,"href":"https:\/\/www.proantic.com\/magazine\/wp-json\/wp\/v2\/users\/6"}],"replies":[{"embeddable":true,"href":"https:\/\/www.proantic.com\/magazine\/wp-json\/wp\/v2\/comments?post=15723"}],"version-history":[{"count":3,"href":"https:\/\/www.proantic.com\/magazine\/wp-json\/wp\/v2\/posts\/15723\/revisions"}],"predecessor-version":[{"id":15730,"href":"https:\/\/www.proantic.com\/magazine\/wp-json\/wp\/v2\/posts\/15723\/revisions\/15730"}],"wp:featuredmedia":[{"embeddable":true,"href":"https:\/\/www.proantic.com\/magazine\/wp-json\/wp\/v2\/media\/15726"}],"wp:attachment":[{"href":"https:\/\/www.proantic.com\/magazine\/wp-json\/wp\/v2\/media?parent=15723"}],"wp:term":[{"taxonomy":"category","embeddable":true,"href":"https:\/\/www.proantic.com\/magazine\/wp-json\/wp\/v2\/categories?post=15723"},{"taxonomy":"post_tag","embeddable":true,"href":"https:\/\/www.proantic.com\/magazine\/wp-json\/wp\/v2\/tags?post=15723"}],"curies":[{"name":"wp","href":"https:\/\/api.w.org\/{rel}","templated":true}]}}