{"id":15553,"date":"2023-04-14T16:16:31","date_gmt":"2023-04-14T15:16:31","guid":{"rendered":"https:\/\/www.proantic.com\/magazine\/?p=15553"},"modified":"2024-04-22T10:39:32","modified_gmt":"2024-04-22T09:39:32","slug":"bibliotheque-en-marqueterie-boulle-louis-xiv","status":"publish","type":"post","link":"https:\/\/www.proantic.com\/magazine\/bibliotheque-en-marqueterie-boulle-louis-xiv\/","title":{"rendered":"Biblioth\u00e8que en marqueterie Boulle, Louis XIV"},"content":{"rendered":"\n<p><strong>Biblioth\u00e8que en marqueterie Boulle compos\u00e9e d\u2019\u00e9b\u00e8ne, d\u2019\u00e9caille, de laiton. La marqueterie est en premi\u00e8re partie, elle pr\u00e9sente un d\u00e9cor de rinceaux, d\u2019enroulements, de feuillages.<\/strong> <\/p>\n\n\n\n<p>La biblioth\u00e8que repose sur six pieds form\u00e9s par le socle orn\u00e9 d\u2019un filet g\u00e9om\u00e9trique faisant \u00e9cho \u00e0 la corniche moulur\u00e9e et aux panneaux sur les c\u00f4t\u00e9s. Les c\u00f4t\u00e9s sont donc orn\u00e9s de losanges et de rectangles gr\u00e2ce \u00e0 des filets de laiton sur le fond noir de l\u2019\u00e9b\u00e8ne. Ouvrant par deux vantaux couverts de grillages et fermant \u00e0 cl\u00e9, les portes laissent d\u00e9couvrir \u00e0 l\u2019int\u00e9rieur cinq \u00e9tag\u00e8res. Chacune des portes pr\u00e9sente une entr\u00e9e de serrure en bronze dor\u00e9.<br>Epoque Louis XIV<br><\/p>\n\n\n<div class=\"wp-block-image\">\n<figure class=\"aligncenter size-large\"><a href=\"https:\/\/i0.wp.com\/www.proantic.com\/magazine\/wp-content\/uploads\/2023\/04\/1113297-main-64302f0809a76.jpg?ssl=1\"><img data-recalc-dims=\"1\" loading=\"lazy\" decoding=\"async\" width=\"665\" height=\"997\" data-attachment-id=\"15554\" data-permalink=\"https:\/\/www.proantic.com\/magazine\/bibliotheque-en-marqueterie-boulle-louis-xiv\/1113297-main-64302f0809a76\/\" data-orig-file=\"https:\/\/i0.wp.com\/www.proantic.com\/magazine\/wp-content\/uploads\/2023\/04\/1113297-main-64302f0809a76.jpg?fit=800%2C1200&amp;ssl=1\" data-orig-size=\"800,1200\" data-comments-opened=\"1\" data-image-meta=\"{&quot;aperture&quot;:&quot;0&quot;,&quot;credit&quot;:&quot;&quot;,&quot;camera&quot;:&quot;&quot;,&quot;caption&quot;:&quot;&quot;,&quot;created_timestamp&quot;:&quot;0&quot;,&quot;copyright&quot;:&quot;&quot;,&quot;focal_length&quot;:&quot;0&quot;,&quot;iso&quot;:&quot;0&quot;,&quot;shutter_speed&quot;:&quot;0&quot;,&quot;title&quot;:&quot;&quot;,&quot;orientation&quot;:&quot;0&quot;}\" data-image-title=\"Biblioth\u00e8que en marqueterie Boulle. (c)   Galerie Pellat de Villedon, Proantic\" data-image-description=\"\" data-image-caption=\"&lt;p&gt;Biblioth\u00e8que en marqueterie Boulle.&lt;br \/&gt;\n(c)   Galerie Pellat de Villedon, Proantic&lt;\/p&gt;\n\" data-medium-file=\"https:\/\/i0.wp.com\/www.proantic.com\/magazine\/wp-content\/uploads\/2023\/04\/1113297-main-64302f0809a76.jpg?fit=200%2C300&amp;ssl=1\" data-large-file=\"https:\/\/i0.wp.com\/www.proantic.com\/magazine\/wp-content\/uploads\/2023\/04\/1113297-main-64302f0809a76.jpg?fit=665%2C997&amp;ssl=1\" src=\"https:\/\/i0.wp.com\/www.proantic.com\/magazine\/wp-content\/uploads\/2023\/04\/1113297-main-64302f0809a76.jpg?resize=665%2C997&#038;ssl=1\" alt=\"\" class=\"wp-image-15554\" srcset=\"https:\/\/i0.wp.com\/www.proantic.com\/magazine\/wp-content\/uploads\/2023\/04\/1113297-main-64302f0809a76.jpg?resize=683%2C1024&amp;ssl=1 683w, https:\/\/i0.wp.com\/www.proantic.com\/magazine\/wp-content\/uploads\/2023\/04\/1113297-main-64302f0809a76.jpg?resize=200%2C300&amp;ssl=1 200w, https:\/\/i0.wp.com\/www.proantic.com\/magazine\/wp-content\/uploads\/2023\/04\/1113297-main-64302f0809a76.jpg?resize=768%2C1152&amp;ssl=1 768w, https:\/\/i0.wp.com\/www.proantic.com\/magazine\/wp-content\/uploads\/2023\/04\/1113297-main-64302f0809a76.jpg?w=800&amp;ssl=1 800w\" sizes=\"auto, (max-width: 665px) 100vw, 665px\" \/><\/a><figcaption class=\"wp-element-caption\">Biblioth\u00e8que en marqueterie Boulle. (c)   <a href=\"https:\/\/www.proantic.com\/galerie\/pellatdevilledon\/\">Galerie Pellat de Villedon<\/a>, Proantic<\/figcaption><\/figure>\n<\/div>\n\n\n<p><strong>Les biblioth\u00e8ques <\/strong>sont directement h\u00e9rit\u00e9es des armoires dont elles reprennent la forme. Elles s\u2019en distinguent par la pr\u00e9sence d\u2019un treillage, appel\u00e9 au XVIIe si\u00e8cle \u00ab\u00a0fil de richard\u00a0\u00bb, qui laisse visible ce qui y est rang\u00e9. Jusqu\u2019au d\u00e9but du XVIIIe, les biblioth\u00e8ques demeurent rares, les inventaires ne les mentionnant qu\u2019en faible quantit\u00e9. Elles sont de bois sculpt\u00e9, ou encore en marqueterie de bois ou d\u2019\u00e9caille, comme c\u2019est le cas sur l\u2019objet de notre \u00e9tude.\u00a0<\/p>\n\n\n<div class=\"wp-block-image\">\n<figure class=\"aligncenter size-large\"><a href=\"https:\/\/i0.wp.com\/www.proantic.com\/magazine\/wp-content\/uploads\/2023\/04\/1113297-64302f59331bb.jpg?ssl=1\"><img data-recalc-dims=\"1\" loading=\"lazy\" decoding=\"async\" width=\"642\" height=\"1024\" data-attachment-id=\"15555\" data-permalink=\"https:\/\/www.proantic.com\/magazine\/bibliotheque-en-marqueterie-boulle-louis-xiv\/1113297-64302f59331bb\/\" data-orig-file=\"https:\/\/i0.wp.com\/www.proantic.com\/magazine\/wp-content\/uploads\/2023\/04\/1113297-64302f59331bb.jpg?fit=752%2C1200&amp;ssl=1\" data-orig-size=\"752,1200\" data-comments-opened=\"1\" data-image-meta=\"{&quot;aperture&quot;:&quot;0&quot;,&quot;credit&quot;:&quot;&quot;,&quot;camera&quot;:&quot;&quot;,&quot;caption&quot;:&quot;&quot;,&quot;created_timestamp&quot;:&quot;0&quot;,&quot;copyright&quot;:&quot;&quot;,&quot;focal_length&quot;:&quot;0&quot;,&quot;iso&quot;:&quot;0&quot;,&quot;shutter_speed&quot;:&quot;0&quot;,&quot;title&quot;:&quot;&quot;,&quot;orientation&quot;:&quot;0&quot;}\" data-image-title=\"Biblioth\u00e8que en marqueterie Boulle. (c)   Galerie Pellat de Villedon, Proantic\" data-image-description=\"\" data-image-caption=\"&lt;p&gt;Biblioth\u00e8que en marqueterie Boulle. (c)   Galerie Pellat de Villedon, Proantic&lt;\/p&gt;\n\" data-medium-file=\"https:\/\/i0.wp.com\/www.proantic.com\/magazine\/wp-content\/uploads\/2023\/04\/1113297-64302f59331bb.jpg?fit=188%2C300&amp;ssl=1\" data-large-file=\"https:\/\/i0.wp.com\/www.proantic.com\/magazine\/wp-content\/uploads\/2023\/04\/1113297-64302f59331bb.jpg?fit=642%2C1024&amp;ssl=1\" src=\"https:\/\/i0.wp.com\/www.proantic.com\/magazine\/wp-content\/uploads\/2023\/04\/1113297-64302f59331bb.jpg?resize=642%2C1024&#038;ssl=1\" alt=\"\" class=\"wp-image-15555\" srcset=\"https:\/\/i0.wp.com\/www.proantic.com\/magazine\/wp-content\/uploads\/2023\/04\/1113297-64302f59331bb.jpg?resize=642%2C1024&amp;ssl=1 642w, https:\/\/i0.wp.com\/www.proantic.com\/magazine\/wp-content\/uploads\/2023\/04\/1113297-64302f59331bb.jpg?resize=188%2C300&amp;ssl=1 188w, https:\/\/i0.wp.com\/www.proantic.com\/magazine\/wp-content\/uploads\/2023\/04\/1113297-64302f59331bb.jpg?w=752&amp;ssl=1 752w\" sizes=\"auto, (max-width: 642px) 100vw, 642px\" \/><\/a><figcaption class=\"wp-element-caption\">Biblioth\u00e8que en marqueterie Boulle. (c)  <a href=\"https:\/\/www.proantic.com\/galerie\/pellatdevilledon\/\"> Galerie Pellat de Villedon<\/a>, Proantic<\/figcaption><\/figure>\n<\/div>\n\n\n<p>En permettant de laisser visible ce qu\u2019on y range, la biblioth\u00e8que trouve rapidement une place de choix dans l\u2019int\u00e9rieur de ces hommes \u00e9rudits qui aimaient \u00e0 accro\u00eetre leur savoir tout en s\u2019instruisant au su de tous. L\u2019int\u00e9r\u00eat pour la biblioth\u00e8que ne s\u2019est, au fil du temps, pas d\u00e9mentie, puisque le d\u00e9corateur Jacques Garcia n\u2019a pas h\u00e9sit\u00e9, par exemple, \u00e0 en exposer dans son ch\u00e2teau de Champs de Bataille.\u00a0<\/p>\n\n\n\n<figure class=\"wp-block-image size-large\"><a href=\"https:\/\/i0.wp.com\/www.proantic.com\/magazine\/wp-content\/uploads\/2023\/04\/1113297-alb-64302f92768e2.jpg?ssl=1\"><img data-recalc-dims=\"1\" loading=\"lazy\" decoding=\"async\" width=\"665\" height=\"444\" data-attachment-id=\"15556\" data-permalink=\"https:\/\/www.proantic.com\/magazine\/bibliotheque-en-marqueterie-boulle-louis-xiv\/1113297-alb-64302f92768e2\/\" data-orig-file=\"https:\/\/i0.wp.com\/www.proantic.com\/magazine\/wp-content\/uploads\/2023\/04\/1113297-alb-64302f92768e2.jpg?fit=1200%2C800&amp;ssl=1\" data-orig-size=\"1200,800\" data-comments-opened=\"1\" data-image-meta=\"{&quot;aperture&quot;:&quot;0&quot;,&quot;credit&quot;:&quot;&quot;,&quot;camera&quot;:&quot;&quot;,&quot;caption&quot;:&quot;&quot;,&quot;created_timestamp&quot;:&quot;0&quot;,&quot;copyright&quot;:&quot;&quot;,&quot;focal_length&quot;:&quot;0&quot;,&quot;iso&quot;:&quot;0&quot;,&quot;shutter_speed&quot;:&quot;0&quot;,&quot;title&quot;:&quot;&quot;,&quot;orientation&quot;:&quot;0&quot;}\" data-image-title=\"Biblioth\u00e8que en marqueterie Boulle. (c)   Galerie Pellat de Villedon, Proantic\" data-image-description=\"\" data-image-caption=\"&lt;p&gt;Biblioth\u00e8que en marqueterie Boulle. (c)   Galerie Pellat de Villedon, Proantic&lt;\/p&gt;\n\" data-medium-file=\"https:\/\/i0.wp.com\/www.proantic.com\/magazine\/wp-content\/uploads\/2023\/04\/1113297-alb-64302f92768e2.jpg?fit=300%2C200&amp;ssl=1\" data-large-file=\"https:\/\/i0.wp.com\/www.proantic.com\/magazine\/wp-content\/uploads\/2023\/04\/1113297-alb-64302f92768e2.jpg?fit=665%2C444&amp;ssl=1\" src=\"https:\/\/i0.wp.com\/www.proantic.com\/magazine\/wp-content\/uploads\/2023\/04\/1113297-alb-64302f92768e2.jpg?resize=665%2C444&#038;ssl=1\" alt=\"\" class=\"wp-image-15556\" srcset=\"https:\/\/i0.wp.com\/www.proantic.com\/magazine\/wp-content\/uploads\/2023\/04\/1113297-alb-64302f92768e2.jpg?resize=1024%2C683&amp;ssl=1 1024w, https:\/\/i0.wp.com\/www.proantic.com\/magazine\/wp-content\/uploads\/2023\/04\/1113297-alb-64302f92768e2.jpg?resize=300%2C200&amp;ssl=1 300w, https:\/\/i0.wp.com\/www.proantic.com\/magazine\/wp-content\/uploads\/2023\/04\/1113297-alb-64302f92768e2.jpg?resize=768%2C512&amp;ssl=1 768w, https:\/\/i0.wp.com\/www.proantic.com\/magazine\/wp-content\/uploads\/2023\/04\/1113297-alb-64302f92768e2.jpg?w=1200&amp;ssl=1 1200w\" sizes=\"auto, (max-width: 665px) 100vw, 665px\" \/><\/a><figcaption class=\"wp-element-caption\">Biblioth\u00e8que en marqueterie Boulle. (c)   Galerie Pellat de Villedon, Proantic<\/figcaption><\/figure>\n","protected":false},"excerpt":{"rendered":"<p>Biblioth\u00e8que en marqueterie Boulle compos\u00e9e d\u2019\u00e9b\u00e8ne, d\u2019\u00e9caille, de laiton. La marqueterie est en premi\u00e8re partie, elle pr\u00e9sente un d\u00e9cor de rinceaux, d\u2019enroulements, de feuillages. La biblioth\u00e8que repose sur six pieds form\u00e9s par le socle orn\u00e9 d\u2019un filet g\u00e9om\u00e9trique faisant \u00e9cho \u00e0 la corniche moulur\u00e9e et aux panneaux sur les c\u00f4t\u00e9s. Les c\u00f4t\u00e9s sont donc orn\u00e9s [&hellip;]<\/p>\n","protected":false},"author":6,"featured_media":15557,"comment_status":"closed","ping_status":"closed","sticky":false,"template":"","format":"standard","meta":{"jetpack_post_was_ever_published":false,"_jetpack_newsletter_access":"","_jetpack_dont_email_post_to_subs":false,"_jetpack_newsletter_tier_id":0,"_jetpack_memberships_contains_paywalled_content":false,"_jetpack_memberships_contains_paid_content":false,"footnotes":"","jetpack_publicize_message":"","jetpack_publicize_feature_enabled":true,"jetpack_social_post_already_shared":false,"jetpack_social_options":{"image_generator_settings":{"template":"highway","default_image_id":0,"font":"","enabled":false},"version":2}},"categories":[180],"tags":[],"class_list":["post-15553","post","type-post","status-publish","format-standard","has-post-thumbnail","hentry","category-arts-decoratifs-proantic"],"yoast_head":"<!-- This site is optimized with the Yoast SEO plugin v26.9 - https:\/\/yoast.com\/product\/yoast-seo-wordpress\/ -->\n<title>Biblioth\u00e8que en marqueterie Boulle, Louis XIV Le Magazine de Proantic<\/title>\n<meta name=\"description\" content=\"Biblioth\u00e8que en marqueterie Boulle compos\u00e9e d\u2019\u00e9b\u00e8ne, d\u2019\u00e9caille, de laiton. La marqueterie est en premi\u00e8re partie, elle pr\u00e9sente un d\u00e9cor de rinceaux,\" \/>\n<meta name=\"robots\" content=\"index, follow, max-snippet:-1, max-image-preview:large, max-video-preview:-1\" \/>\n<link rel=\"canonical\" href=\"https:\/\/www.proantic.com\/magazine\/bibliotheque-en-marqueterie-boulle-louis-xiv\/\" \/>\n<meta property=\"og:locale\" content=\"fr_FR\" \/>\n<meta property=\"og:type\" content=\"article\" \/>\n<meta property=\"og:title\" content=\"Biblioth\u00e8que en marqueterie Boulle, Louis XIV Le Magazine de Proantic\" \/>\n<meta property=\"og:description\" content=\"Biblioth\u00e8que en marqueterie Boulle compos\u00e9e d\u2019\u00e9b\u00e8ne, d\u2019\u00e9caille, de laiton. La marqueterie est en premi\u00e8re partie, elle pr\u00e9sente un d\u00e9cor de rinceaux,\" \/>\n<meta property=\"og:url\" content=\"https:\/\/www.proantic.com\/magazine\/bibliotheque-en-marqueterie-boulle-louis-xiv\/\" \/>\n<meta property=\"og:site_name\" content=\"Le Magazine de Proantic\" \/>\n<meta property=\"article:publisher\" content=\"https:\/\/www.facebook.com\/pages\/Proantic\/\/259180871793\" \/>\n<meta property=\"article:published_time\" content=\"2023-04-14T15:16:31+00:00\" \/>\n<meta property=\"article:modified_time\" content=\"2024-04-22T09:39:32+00:00\" \/>\n<meta property=\"og:image\" content=\"https:\/\/www.proantic.com\/magazine\/wp-content\/uploads\/2023\/04\/1113297-64302f3c31f60.jpg\" \/>\n\t<meta property=\"og:image:width\" content=\"1200\" \/>\n\t<meta property=\"og:image:height\" content=\"800\" \/>\n\t<meta property=\"og:image:type\" content=\"image\/jpeg\" \/>\n<meta name=\"author\" content=\"C\u00e9line Autant\" \/>\n<meta name=\"twitter:label1\" content=\"\u00c9crit par\" \/>\n\t<meta name=\"twitter:data1\" content=\"C\u00e9line Autant\" \/>\n\t<meta name=\"twitter:label2\" content=\"Dur\u00e9e de lecture estim\u00e9e\" \/>\n\t<meta name=\"twitter:data2\" content=\"3 minutes\" \/>\n<script type=\"application\/ld+json\" class=\"yoast-schema-graph\">{\"@context\":\"https:\/\/schema.org\",\"@graph\":[{\"@type\":\"Article\",\"@id\":\"https:\/\/www.proantic.com\/magazine\/bibliotheque-en-marqueterie-boulle-louis-xiv\/#article\",\"isPartOf\":{\"@id\":\"https:\/\/www.proantic.com\/magazine\/bibliotheque-en-marqueterie-boulle-louis-xiv\/\"},\"author\":{\"name\":\"C\u00e9line Autant\",\"@id\":\"https:\/\/www.proantic.com\/magazine\/#\/schema\/person\/63707e8f4e7d0172de7ddde897688be0\"},\"headline\":\"Biblioth\u00e8que en marqueterie Boulle, Louis XIV\",\"datePublished\":\"2023-04-14T15:16:31+00:00\",\"dateModified\":\"2024-04-22T09:39:32+00:00\",\"mainEntityOfPage\":{\"@id\":\"https:\/\/www.proantic.com\/magazine\/bibliotheque-en-marqueterie-boulle-louis-xiv\/\"},\"wordCount\":339,\"image\":{\"@id\":\"https:\/\/www.proantic.com\/magazine\/bibliotheque-en-marqueterie-boulle-louis-xiv\/#primaryimage\"},\"thumbnailUrl\":\"https:\/\/i0.wp.com\/www.proantic.com\/magazine\/wp-content\/uploads\/2023\/04\/1113297-64302f3c31f60.jpg?fit=1200%2C800&ssl=1\",\"articleSection\":[\"Arts d\u00e9coratifs sur Proantic\"],\"inLanguage\":\"fr-FR\"},{\"@type\":\"WebPage\",\"@id\":\"https:\/\/www.proantic.com\/magazine\/bibliotheque-en-marqueterie-boulle-louis-xiv\/\",\"url\":\"https:\/\/www.proantic.com\/magazine\/bibliotheque-en-marqueterie-boulle-louis-xiv\/\",\"name\":\"Biblioth\u00e8que en marqueterie Boulle, Louis XIV Le Magazine de Proantic\",\"isPartOf\":{\"@id\":\"https:\/\/www.proantic.com\/magazine\/#website\"},\"primaryImageOfPage\":{\"@id\":\"https:\/\/www.proantic.com\/magazine\/bibliotheque-en-marqueterie-boulle-louis-xiv\/#primaryimage\"},\"image\":{\"@id\":\"https:\/\/www.proantic.com\/magazine\/bibliotheque-en-marqueterie-boulle-louis-xiv\/#primaryimage\"},\"thumbnailUrl\":\"https:\/\/i0.wp.com\/www.proantic.com\/magazine\/wp-content\/uploads\/2023\/04\/1113297-64302f3c31f60.jpg?fit=1200%2C800&ssl=1\",\"datePublished\":\"2023-04-14T15:16:31+00:00\",\"dateModified\":\"2024-04-22T09:39:32+00:00\",\"author\":{\"@id\":\"https:\/\/www.proantic.com\/magazine\/#\/schema\/person\/63707e8f4e7d0172de7ddde897688be0\"},\"description\":\"Biblioth\u00e8que en marqueterie Boulle compos\u00e9e d\u2019\u00e9b\u00e8ne, d\u2019\u00e9caille, de laiton. La marqueterie est en premi\u00e8re partie, elle pr\u00e9sente un d\u00e9cor de rinceaux,\",\"breadcrumb\":{\"@id\":\"https:\/\/www.proantic.com\/magazine\/bibliotheque-en-marqueterie-boulle-louis-xiv\/#breadcrumb\"},\"inLanguage\":\"fr-FR\",\"potentialAction\":[{\"@type\":\"ReadAction\",\"target\":[\"https:\/\/www.proantic.com\/magazine\/bibliotheque-en-marqueterie-boulle-louis-xiv\/\"]}]},{\"@type\":\"ImageObject\",\"inLanguage\":\"fr-FR\",\"@id\":\"https:\/\/www.proantic.com\/magazine\/bibliotheque-en-marqueterie-boulle-louis-xiv\/#primaryimage\",\"url\":\"https:\/\/i0.wp.com\/www.proantic.com\/magazine\/wp-content\/uploads\/2023\/04\/1113297-64302f3c31f60.jpg?fit=1200%2C800&ssl=1\",\"contentUrl\":\"https:\/\/i0.wp.com\/www.proantic.com\/magazine\/wp-content\/uploads\/2023\/04\/1113297-64302f3c31f60.jpg?fit=1200%2C800&ssl=1\",\"width\":1200,\"height\":800},{\"@type\":\"BreadcrumbList\",\"@id\":\"https:\/\/www.proantic.com\/magazine\/bibliotheque-en-marqueterie-boulle-louis-xiv\/#breadcrumb\",\"itemListElement\":[{\"@type\":\"ListItem\",\"position\":1,\"name\":\"Accueil\",\"item\":\"https:\/\/www.proantic.com\/magazine\/\"},{\"@type\":\"ListItem\",\"position\":2,\"name\":\"Biblioth\u00e8que en marqueterie Boulle, Louis XIV\"}]},{\"@type\":\"WebSite\",\"@id\":\"https:\/\/www.proantic.com\/magazine\/#website\",\"url\":\"https:\/\/www.proantic.com\/magazine\/\",\"name\":\"Le Magazine de Proantic\",\"description\":\"Magazine d&#039;art et expositions\",\"potentialAction\":[{\"@type\":\"SearchAction\",\"target\":{\"@type\":\"EntryPoint\",\"urlTemplate\":\"https:\/\/www.proantic.com\/magazine\/?s={search_term_string}\"},\"query-input\":{\"@type\":\"PropertyValueSpecification\",\"valueRequired\":true,\"valueName\":\"search_term_string\"}}],\"inLanguage\":\"fr-FR\"},{\"@type\":\"Person\",\"@id\":\"https:\/\/www.proantic.com\/magazine\/#\/schema\/person\/63707e8f4e7d0172de7ddde897688be0\",\"name\":\"C\u00e9line Autant\"}]}<\/script>\n<!-- \/ Yoast SEO plugin. -->","yoast_head_json":{"title":"Biblioth\u00e8que en marqueterie Boulle, Louis XIV Le Magazine de Proantic","description":"Biblioth\u00e8que en marqueterie Boulle compos\u00e9e d\u2019\u00e9b\u00e8ne, d\u2019\u00e9caille, de laiton. La marqueterie est en premi\u00e8re partie, elle pr\u00e9sente un d\u00e9cor de rinceaux,","robots":{"index":"index","follow":"follow","max-snippet":"max-snippet:-1","max-image-preview":"max-image-preview:large","max-video-preview":"max-video-preview:-1"},"canonical":"https:\/\/www.proantic.com\/magazine\/bibliotheque-en-marqueterie-boulle-louis-xiv\/","og_locale":"fr_FR","og_type":"article","og_title":"Biblioth\u00e8que en marqueterie Boulle, Louis XIV Le Magazine de Proantic","og_description":"Biblioth\u00e8que en marqueterie Boulle compos\u00e9e d\u2019\u00e9b\u00e8ne, d\u2019\u00e9caille, de laiton. La marqueterie est en premi\u00e8re partie, elle pr\u00e9sente un d\u00e9cor de rinceaux,","og_url":"https:\/\/www.proantic.com\/magazine\/bibliotheque-en-marqueterie-boulle-louis-xiv\/","og_site_name":"Le Magazine de Proantic","article_publisher":"https:\/\/www.facebook.com\/pages\/Proantic\/\/259180871793","article_published_time":"2023-04-14T15:16:31+00:00","article_modified_time":"2024-04-22T09:39:32+00:00","og_image":[{"width":1200,"height":800,"url":"https:\/\/www.proantic.com\/magazine\/wp-content\/uploads\/2023\/04\/1113297-64302f3c31f60.jpg","type":"image\/jpeg"}],"author":"C\u00e9line Autant","twitter_misc":{"\u00c9crit par":"C\u00e9line Autant","Dur\u00e9e de lecture estim\u00e9e":"3 minutes"},"schema":{"@context":"https:\/\/schema.org","@graph":[{"@type":"Article","@id":"https:\/\/www.proantic.com\/magazine\/bibliotheque-en-marqueterie-boulle-louis-xiv\/#article","isPartOf":{"@id":"https:\/\/www.proantic.com\/magazine\/bibliotheque-en-marqueterie-boulle-louis-xiv\/"},"author":{"name":"C\u00e9line Autant","@id":"https:\/\/www.proantic.com\/magazine\/#\/schema\/person\/63707e8f4e7d0172de7ddde897688be0"},"headline":"Biblioth\u00e8que en marqueterie Boulle, Louis XIV","datePublished":"2023-04-14T15:16:31+00:00","dateModified":"2024-04-22T09:39:32+00:00","mainEntityOfPage":{"@id":"https:\/\/www.proantic.com\/magazine\/bibliotheque-en-marqueterie-boulle-louis-xiv\/"},"wordCount":339,"image":{"@id":"https:\/\/www.proantic.com\/magazine\/bibliotheque-en-marqueterie-boulle-louis-xiv\/#primaryimage"},"thumbnailUrl":"https:\/\/i0.wp.com\/www.proantic.com\/magazine\/wp-content\/uploads\/2023\/04\/1113297-64302f3c31f60.jpg?fit=1200%2C800&ssl=1","articleSection":["Arts d\u00e9coratifs sur Proantic"],"inLanguage":"fr-FR"},{"@type":"WebPage","@id":"https:\/\/www.proantic.com\/magazine\/bibliotheque-en-marqueterie-boulle-louis-xiv\/","url":"https:\/\/www.proantic.com\/magazine\/bibliotheque-en-marqueterie-boulle-louis-xiv\/","name":"Biblioth\u00e8que en marqueterie Boulle, Louis XIV Le Magazine de Proantic","isPartOf":{"@id":"https:\/\/www.proantic.com\/magazine\/#website"},"primaryImageOfPage":{"@id":"https:\/\/www.proantic.com\/magazine\/bibliotheque-en-marqueterie-boulle-louis-xiv\/#primaryimage"},"image":{"@id":"https:\/\/www.proantic.com\/magazine\/bibliotheque-en-marqueterie-boulle-louis-xiv\/#primaryimage"},"thumbnailUrl":"https:\/\/i0.wp.com\/www.proantic.com\/magazine\/wp-content\/uploads\/2023\/04\/1113297-64302f3c31f60.jpg?fit=1200%2C800&ssl=1","datePublished":"2023-04-14T15:16:31+00:00","dateModified":"2024-04-22T09:39:32+00:00","author":{"@id":"https:\/\/www.proantic.com\/magazine\/#\/schema\/person\/63707e8f4e7d0172de7ddde897688be0"},"description":"Biblioth\u00e8que en marqueterie Boulle compos\u00e9e d\u2019\u00e9b\u00e8ne, d\u2019\u00e9caille, de laiton. La marqueterie est en premi\u00e8re partie, elle pr\u00e9sente un d\u00e9cor de rinceaux,","breadcrumb":{"@id":"https:\/\/www.proantic.com\/magazine\/bibliotheque-en-marqueterie-boulle-louis-xiv\/#breadcrumb"},"inLanguage":"fr-FR","potentialAction":[{"@type":"ReadAction","target":["https:\/\/www.proantic.com\/magazine\/bibliotheque-en-marqueterie-boulle-louis-xiv\/"]}]},{"@type":"ImageObject","inLanguage":"fr-FR","@id":"https:\/\/www.proantic.com\/magazine\/bibliotheque-en-marqueterie-boulle-louis-xiv\/#primaryimage","url":"https:\/\/i0.wp.com\/www.proantic.com\/magazine\/wp-content\/uploads\/2023\/04\/1113297-64302f3c31f60.jpg?fit=1200%2C800&ssl=1","contentUrl":"https:\/\/i0.wp.com\/www.proantic.com\/magazine\/wp-content\/uploads\/2023\/04\/1113297-64302f3c31f60.jpg?fit=1200%2C800&ssl=1","width":1200,"height":800},{"@type":"BreadcrumbList","@id":"https:\/\/www.proantic.com\/magazine\/bibliotheque-en-marqueterie-boulle-louis-xiv\/#breadcrumb","itemListElement":[{"@type":"ListItem","position":1,"name":"Accueil","item":"https:\/\/www.proantic.com\/magazine\/"},{"@type":"ListItem","position":2,"name":"Biblioth\u00e8que en marqueterie Boulle, Louis XIV"}]},{"@type":"WebSite","@id":"https:\/\/www.proantic.com\/magazine\/#website","url":"https:\/\/www.proantic.com\/magazine\/","name":"Le Magazine de Proantic","description":"Magazine d&#039;art et expositions","potentialAction":[{"@type":"SearchAction","target":{"@type":"EntryPoint","urlTemplate":"https:\/\/www.proantic.com\/magazine\/?s={search_term_string}"},"query-input":{"@type":"PropertyValueSpecification","valueRequired":true,"valueName":"search_term_string"}}],"inLanguage":"fr-FR"},{"@type":"Person","@id":"https:\/\/www.proantic.com\/magazine\/#\/schema\/person\/63707e8f4e7d0172de7ddde897688be0","name":"C\u00e9line Autant"}]}},"jetpack_publicize_connections":[],"jetpack_featured_media_url":"https:\/\/i0.wp.com\/www.proantic.com\/magazine\/wp-content\/uploads\/2023\/04\/1113297-64302f3c31f60.jpg?fit=1200%2C800&ssl=1","jetpack_shortlink":"https:\/\/wp.me\/p7EkP3-42R","jetpack_sharing_enabled":true,"_links":{"self":[{"href":"https:\/\/www.proantic.com\/magazine\/wp-json\/wp\/v2\/posts\/15553","targetHints":{"allow":["GET"]}}],"collection":[{"href":"https:\/\/www.proantic.com\/magazine\/wp-json\/wp\/v2\/posts"}],"about":[{"href":"https:\/\/www.proantic.com\/magazine\/wp-json\/wp\/v2\/types\/post"}],"author":[{"embeddable":true,"href":"https:\/\/www.proantic.com\/magazine\/wp-json\/wp\/v2\/users\/6"}],"replies":[{"embeddable":true,"href":"https:\/\/www.proantic.com\/magazine\/wp-json\/wp\/v2\/comments?post=15553"}],"version-history":[{"count":2,"href":"https:\/\/www.proantic.com\/magazine\/wp-json\/wp\/v2\/posts\/15553\/revisions"}],"predecessor-version":[{"id":15559,"href":"https:\/\/www.proantic.com\/magazine\/wp-json\/wp\/v2\/posts\/15553\/revisions\/15559"}],"wp:featuredmedia":[{"embeddable":true,"href":"https:\/\/www.proantic.com\/magazine\/wp-json\/wp\/v2\/media\/15557"}],"wp:attachment":[{"href":"https:\/\/www.proantic.com\/magazine\/wp-json\/wp\/v2\/media?parent=15553"}],"wp:term":[{"taxonomy":"category","embeddable":true,"href":"https:\/\/www.proantic.com\/magazine\/wp-json\/wp\/v2\/categories?post=15553"},{"taxonomy":"post_tag","embeddable":true,"href":"https:\/\/www.proantic.com\/magazine\/wp-json\/wp\/v2\/tags?post=15553"}],"curies":[{"name":"wp","href":"https:\/\/api.w.org\/{rel}","templated":true}]}}