{"id":14917,"date":"2022-09-10T15:56:17","date_gmt":"2022-09-10T14:56:17","guid":{"rendered":"https:\/\/www.proantic.com\/magazine\/?p=14917"},"modified":"2024-04-22T10:49:04","modified_gmt":"2024-04-22T09:49:04","slug":"broche-saint-esprit-daurillac","status":"publish","type":"post","link":"https:\/\/www.proantic.com\/magazine\/broche-saint-esprit-daurillac\/","title":{"rendered":"Broche Saint Esprit d\u2019Aurillac"},"content":{"rendered":"\n<p><strong>Cette broche reprend la forme de la colombe du Saint-Esprit de mani\u00e8re stylis\u00e9e. <\/strong>L\u2019oiseau est orn\u00e9 de sept citrines sur paillons, les ailes sont d\u00e9cor\u00e9es d&rsquo;\u00e9mail blanc avec des points verts. La colombe retient trois citrines suspendues en pampille. La queue de l&rsquo;oiseau est soulign\u00e9e par trois pierres de Rhin. Il s\u2019agit tr\u00e8s probablement d\u2019un pendentif ancien transform\u00e9 en broche. Bijou r\u00e9gional de la fin du 19\u00e8me si\u00e8cle, Aurillac, r\u00e9gion Auvergne.<\/p>\n\n\n\n<p>Poin\u00e7on hibou<\/p>\n\n\n\n<figure class=\"wp-block-image size-large\"><img data-recalc-dims=\"1\" loading=\"lazy\" decoding=\"async\" width=\"552\" height=\"487\" data-attachment-id=\"14918\" data-permalink=\"https:\/\/www.proantic.com\/magazine\/broche-saint-esprit-daurillac\/grui\/\" data-orig-file=\"https:\/\/i0.wp.com\/www.proantic.com\/magazine\/wp-content\/uploads\/2022\/09\/grui.jpg?fit=552%2C487&amp;ssl=1\" data-orig-size=\"552,487\" data-comments-opened=\"1\" data-image-meta=\"{&quot;aperture&quot;:&quot;0&quot;,&quot;credit&quot;:&quot;celine&quot;,&quot;camera&quot;:&quot;&quot;,&quot;caption&quot;:&quot;&quot;,&quot;created_timestamp&quot;:&quot;1662828541&quot;,&quot;copyright&quot;:&quot;&quot;,&quot;focal_length&quot;:&quot;0&quot;,&quot;iso&quot;:&quot;0&quot;,&quot;shutter_speed&quot;:&quot;0&quot;,&quot;title&quot;:&quot;&quot;,&quot;orientation&quot;:&quot;0&quot;}\" data-image-title=\"Broche Saint Esprit d\u2019Aurillac. (c) Maison Mohs,  Proantic\" data-image-description=\"\" data-image-caption=\"&lt;p&gt;Broche Saint Esprit d\u2019Aurillac. (c) Maison Mohs,  Proantic&lt;\/p&gt;\n\" data-medium-file=\"https:\/\/i0.wp.com\/www.proantic.com\/magazine\/wp-content\/uploads\/2022\/09\/grui.jpg?fit=300%2C265&amp;ssl=1\" data-large-file=\"https:\/\/i0.wp.com\/www.proantic.com\/magazine\/wp-content\/uploads\/2022\/09\/grui.jpg?fit=552%2C487&amp;ssl=1\" src=\"https:\/\/i0.wp.com\/www.proantic.com\/magazine\/wp-content\/uploads\/2022\/09\/grui.jpg?resize=552%2C487&#038;ssl=1\" alt=\"\" class=\"wp-image-14918\" srcset=\"https:\/\/i0.wp.com\/www.proantic.com\/magazine\/wp-content\/uploads\/2022\/09\/grui.jpg?w=552&amp;ssl=1 552w, https:\/\/i0.wp.com\/www.proantic.com\/magazine\/wp-content\/uploads\/2022\/09\/grui.jpg?resize=300%2C265&amp;ssl=1 300w, https:\/\/i0.wp.com\/www.proantic.com\/magazine\/wp-content\/uploads\/2022\/09\/grui.jpg?resize=180%2C159&amp;ssl=1 180w\" sizes=\"auto, (max-width: 552px) 100vw, 552px\" \/><figcaption>Broche Saint Esprit d\u2019Aurillac. (c) <a href=\"https:\/\/www.proantic.com\/galerie\/maison-mohs\/\">Maison Mohs<\/a>,  Proantic<\/figcaption><\/figure>\n\n\n\n<p>Note historique: il \u00e9tait courant que les bijoutiers de Perpignan r\u00e9alisent des commandes de bijoux pour l&rsquo;Auvergne, notamment la r\u00e9alisation de pendentifs Saint-Esprit. C&rsquo;est pourquoi la technique du paillon \u00e9tait fr\u00e9quente dans les bijoux auvergnats.<\/p>\n\n\n\n<p>Apparu au XVII<sup>e<\/sup>\u00a0si\u00e8cle, le bijou auvergnat appel\u00e9 saint-esprit conna\u00eet son \u00e2ge d\u2019or au XIX<sup>e<\/sup>\u00a0si\u00e8cle. C\u2019est un pendentif en or serti de pierres pr\u00e9cieuses\u00a0qui repr\u00e9sente une colombe aux ailes d\u00e9ploy\u00e9es descendant vers la terre et comporte \u00e0 son extr\u00e9mit\u00e9 trois pendeloques en forme de goutte.\u00a0<\/p>\n\n\n\n<p>Les orf\u00e8vres auvergnats se sont vraisemblablement inspir\u00e9s de l\u2019insigne de l\u2019Ordre du Saint-Esprit qui est une croix de Malte pourvue d\u2019une colombe aux ailes d\u00e9ploy\u00e9es. L\u2019oiseau est associ\u00e9 \u00e0 la puret\u00e9, par sa blancheur et \u00e0 la fid\u00e9lit\u00e9. Il \u00e9voque aussi l\u2019amour et la f\u00e9condit\u00e9. Les trois pendeloques du bijou symbolisent les larmes du Christ. <\/p>\n\n\n\n<p>Le saint-esprit est un bijou exprimant la foi que le futur \u00e9poux offre \u00e0 sa promise. Il va suivre la vie de la personne qui le porte et \u00e9voluer avec elle\u00a0: des \u00e9l\u00e9ments peuvent \u00eatre ajout\u00e9s \u00e0 chaque naissance d\u2019enfants.<\/p>\n","protected":false},"excerpt":{"rendered":"<p>Cette broche reprend la forme de la colombe du Saint-Esprit de mani\u00e8re stylis\u00e9e. L\u2019oiseau est orn\u00e9 de sept citrines sur paillons, les ailes sont d\u00e9cor\u00e9es d&rsquo;\u00e9mail blanc avec des points verts. La colombe retient trois citrines suspendues en pampille. La queue de l&rsquo;oiseau est soulign\u00e9e par trois pierres de Rhin. Il s\u2019agit tr\u00e8s probablement d\u2019un [&hellip;]<\/p>\n","protected":false},"author":6,"featured_media":14919,"comment_status":"closed","ping_status":"open","sticky":false,"template":"","format":"standard","meta":{"jetpack_post_was_ever_published":false,"_jetpack_newsletter_access":"","_jetpack_dont_email_post_to_subs":false,"_jetpack_newsletter_tier_id":0,"_jetpack_memberships_contains_paywalled_content":false,"_jetpack_memberships_contains_paid_content":false,"footnotes":"","jetpack_publicize_message":"","jetpack_publicize_feature_enabled":true,"jetpack_social_post_already_shared":true,"jetpack_social_options":{"image_generator_settings":{"template":"highway","default_image_id":0,"font":"","enabled":false},"version":2}},"categories":[180],"tags":[],"class_list":["post-14917","post","type-post","status-publish","format-standard","has-post-thumbnail","hentry","category-arts-decoratifs-proantic"],"yoast_head":"<!-- This site is optimized with the Yoast SEO plugin v26.9 - https:\/\/yoast.com\/product\/yoast-seo-wordpress\/ -->\n<title>Broche Saint Esprit d\u2019Aurillac Le Magazine de Proantic<\/title>\n<meta name=\"description\" content=\"Cette broche reprend la forme de la colombe du Saint-Esprit de mani\u00e8re stylis\u00e9e. L\u2019oiseau est orn\u00e9 de sept citrines sur paillons, les ailes sont d\u00e9cor\u00e9es\" \/>\n<meta name=\"robots\" content=\"index, follow, max-snippet:-1, max-image-preview:large, max-video-preview:-1\" \/>\n<link rel=\"canonical\" href=\"https:\/\/www.proantic.com\/magazine\/broche-saint-esprit-daurillac\/\" \/>\n<meta property=\"og:locale\" content=\"fr_FR\" \/>\n<meta property=\"og:type\" content=\"article\" \/>\n<meta property=\"og:title\" content=\"Broche Saint Esprit d\u2019Aurillac Le Magazine de Proantic\" \/>\n<meta property=\"og:description\" content=\"Cette broche reprend la forme de la colombe du Saint-Esprit de mani\u00e8re stylis\u00e9e. L\u2019oiseau est orn\u00e9 de sept citrines sur paillons, les ailes sont d\u00e9cor\u00e9es\" \/>\n<meta property=\"og:url\" content=\"https:\/\/www.proantic.com\/magazine\/broche-saint-esprit-daurillac\/\" \/>\n<meta property=\"og:site_name\" content=\"Le Magazine de Proantic\" \/>\n<meta property=\"article:publisher\" content=\"https:\/\/www.facebook.com\/pages\/Proantic\/\/259180871793\" \/>\n<meta property=\"article:published_time\" content=\"2022-09-10T14:56:17+00:00\" \/>\n<meta property=\"article:modified_time\" content=\"2024-04-22T09:49:04+00:00\" \/>\n<meta property=\"og:image\" content=\"https:\/\/www.proantic.com\/magazine\/wp-content\/uploads\/2022\/09\/992556-main-630f35f408e27.jpg\" \/>\n\t<meta property=\"og:image:width\" content=\"1200\" \/>\n\t<meta property=\"og:image:height\" content=\"811\" \/>\n\t<meta property=\"og:image:type\" content=\"image\/jpeg\" \/>\n<meta name=\"author\" content=\"C\u00e9line Autant\" \/>\n<meta name=\"twitter:label1\" content=\"\u00c9crit par\" \/>\n\t<meta name=\"twitter:data1\" content=\"C\u00e9line Autant\" \/>\n\t<meta name=\"twitter:label2\" content=\"Dur\u00e9e de lecture estim\u00e9e\" \/>\n\t<meta name=\"twitter:data2\" content=\"1 minute\" \/>\n<script type=\"application\/ld+json\" class=\"yoast-schema-graph\">{\"@context\":\"https:\/\/schema.org\",\"@graph\":[{\"@type\":\"Article\",\"@id\":\"https:\/\/www.proantic.com\/magazine\/broche-saint-esprit-daurillac\/#article\",\"isPartOf\":{\"@id\":\"https:\/\/www.proantic.com\/magazine\/broche-saint-esprit-daurillac\/\"},\"author\":{\"name\":\"C\u00e9line Autant\",\"@id\":\"https:\/\/www.proantic.com\/magazine\/#\/schema\/person\/63707e8f4e7d0172de7ddde897688be0\"},\"headline\":\"Broche Saint Esprit d\u2019Aurillac\",\"datePublished\":\"2022-09-10T14:56:17+00:00\",\"dateModified\":\"2024-04-22T09:49:04+00:00\",\"mainEntityOfPage\":{\"@id\":\"https:\/\/www.proantic.com\/magazine\/broche-saint-esprit-daurillac\/\"},\"wordCount\":303,\"image\":{\"@id\":\"https:\/\/www.proantic.com\/magazine\/broche-saint-esprit-daurillac\/#primaryimage\"},\"thumbnailUrl\":\"https:\/\/i0.wp.com\/www.proantic.com\/magazine\/wp-content\/uploads\/2022\/09\/992556-main-630f35f408e27.jpg?fit=1200%2C811&ssl=1\",\"articleSection\":[\"Arts d\u00e9coratifs sur Proantic\"],\"inLanguage\":\"fr-FR\"},{\"@type\":\"WebPage\",\"@id\":\"https:\/\/www.proantic.com\/magazine\/broche-saint-esprit-daurillac\/\",\"url\":\"https:\/\/www.proantic.com\/magazine\/broche-saint-esprit-daurillac\/\",\"name\":\"Broche Saint Esprit d\u2019Aurillac Le Magazine de Proantic\",\"isPartOf\":{\"@id\":\"https:\/\/www.proantic.com\/magazine\/#website\"},\"primaryImageOfPage\":{\"@id\":\"https:\/\/www.proantic.com\/magazine\/broche-saint-esprit-daurillac\/#primaryimage\"},\"image\":{\"@id\":\"https:\/\/www.proantic.com\/magazine\/broche-saint-esprit-daurillac\/#primaryimage\"},\"thumbnailUrl\":\"https:\/\/i0.wp.com\/www.proantic.com\/magazine\/wp-content\/uploads\/2022\/09\/992556-main-630f35f408e27.jpg?fit=1200%2C811&ssl=1\",\"datePublished\":\"2022-09-10T14:56:17+00:00\",\"dateModified\":\"2024-04-22T09:49:04+00:00\",\"author\":{\"@id\":\"https:\/\/www.proantic.com\/magazine\/#\/schema\/person\/63707e8f4e7d0172de7ddde897688be0\"},\"description\":\"Cette broche reprend la forme de la colombe du Saint-Esprit de mani\u00e8re stylis\u00e9e. L\u2019oiseau est orn\u00e9 de sept citrines sur paillons, les ailes sont d\u00e9cor\u00e9es\",\"breadcrumb\":{\"@id\":\"https:\/\/www.proantic.com\/magazine\/broche-saint-esprit-daurillac\/#breadcrumb\"},\"inLanguage\":\"fr-FR\",\"potentialAction\":[{\"@type\":\"ReadAction\",\"target\":[\"https:\/\/www.proantic.com\/magazine\/broche-saint-esprit-daurillac\/\"]}]},{\"@type\":\"ImageObject\",\"inLanguage\":\"fr-FR\",\"@id\":\"https:\/\/www.proantic.com\/magazine\/broche-saint-esprit-daurillac\/#primaryimage\",\"url\":\"https:\/\/i0.wp.com\/www.proantic.com\/magazine\/wp-content\/uploads\/2022\/09\/992556-main-630f35f408e27.jpg?fit=1200%2C811&ssl=1\",\"contentUrl\":\"https:\/\/i0.wp.com\/www.proantic.com\/magazine\/wp-content\/uploads\/2022\/09\/992556-main-630f35f408e27.jpg?fit=1200%2C811&ssl=1\",\"width\":1200,\"height\":811,\"caption\":\"Broche Saint Esprit d\u2019Aurillac. (c) Maison Mohs, Proantic\"},{\"@type\":\"BreadcrumbList\",\"@id\":\"https:\/\/www.proantic.com\/magazine\/broche-saint-esprit-daurillac\/#breadcrumb\",\"itemListElement\":[{\"@type\":\"ListItem\",\"position\":1,\"name\":\"Accueil\",\"item\":\"https:\/\/www.proantic.com\/magazine\/\"},{\"@type\":\"ListItem\",\"position\":2,\"name\":\"Broche Saint Esprit d\u2019Aurillac\"}]},{\"@type\":\"WebSite\",\"@id\":\"https:\/\/www.proantic.com\/magazine\/#website\",\"url\":\"https:\/\/www.proantic.com\/magazine\/\",\"name\":\"Le Magazine de Proantic\",\"description\":\"Magazine d&#039;art et expositions\",\"potentialAction\":[{\"@type\":\"SearchAction\",\"target\":{\"@type\":\"EntryPoint\",\"urlTemplate\":\"https:\/\/www.proantic.com\/magazine\/?s={search_term_string}\"},\"query-input\":{\"@type\":\"PropertyValueSpecification\",\"valueRequired\":true,\"valueName\":\"search_term_string\"}}],\"inLanguage\":\"fr-FR\"},{\"@type\":\"Person\",\"@id\":\"https:\/\/www.proantic.com\/magazine\/#\/schema\/person\/63707e8f4e7d0172de7ddde897688be0\",\"name\":\"C\u00e9line Autant\"}]}<\/script>\n<!-- \/ Yoast SEO plugin. -->","yoast_head_json":{"title":"Broche Saint Esprit d\u2019Aurillac Le Magazine de Proantic","description":"Cette broche reprend la forme de la colombe du Saint-Esprit de mani\u00e8re stylis\u00e9e. L\u2019oiseau est orn\u00e9 de sept citrines sur paillons, les ailes sont d\u00e9cor\u00e9es","robots":{"index":"index","follow":"follow","max-snippet":"max-snippet:-1","max-image-preview":"max-image-preview:large","max-video-preview":"max-video-preview:-1"},"canonical":"https:\/\/www.proantic.com\/magazine\/broche-saint-esprit-daurillac\/","og_locale":"fr_FR","og_type":"article","og_title":"Broche Saint Esprit d\u2019Aurillac Le Magazine de Proantic","og_description":"Cette broche reprend la forme de la colombe du Saint-Esprit de mani\u00e8re stylis\u00e9e. L\u2019oiseau est orn\u00e9 de sept citrines sur paillons, les ailes sont d\u00e9cor\u00e9es","og_url":"https:\/\/www.proantic.com\/magazine\/broche-saint-esprit-daurillac\/","og_site_name":"Le Magazine de Proantic","article_publisher":"https:\/\/www.facebook.com\/pages\/Proantic\/\/259180871793","article_published_time":"2022-09-10T14:56:17+00:00","article_modified_time":"2024-04-22T09:49:04+00:00","og_image":[{"width":1200,"height":811,"url":"https:\/\/www.proantic.com\/magazine\/wp-content\/uploads\/2022\/09\/992556-main-630f35f408e27.jpg","type":"image\/jpeg"}],"author":"C\u00e9line Autant","twitter_misc":{"\u00c9crit par":"C\u00e9line Autant","Dur\u00e9e de lecture estim\u00e9e":"1 minute"},"schema":{"@context":"https:\/\/schema.org","@graph":[{"@type":"Article","@id":"https:\/\/www.proantic.com\/magazine\/broche-saint-esprit-daurillac\/#article","isPartOf":{"@id":"https:\/\/www.proantic.com\/magazine\/broche-saint-esprit-daurillac\/"},"author":{"name":"C\u00e9line Autant","@id":"https:\/\/www.proantic.com\/magazine\/#\/schema\/person\/63707e8f4e7d0172de7ddde897688be0"},"headline":"Broche Saint Esprit d\u2019Aurillac","datePublished":"2022-09-10T14:56:17+00:00","dateModified":"2024-04-22T09:49:04+00:00","mainEntityOfPage":{"@id":"https:\/\/www.proantic.com\/magazine\/broche-saint-esprit-daurillac\/"},"wordCount":303,"image":{"@id":"https:\/\/www.proantic.com\/magazine\/broche-saint-esprit-daurillac\/#primaryimage"},"thumbnailUrl":"https:\/\/i0.wp.com\/www.proantic.com\/magazine\/wp-content\/uploads\/2022\/09\/992556-main-630f35f408e27.jpg?fit=1200%2C811&ssl=1","articleSection":["Arts d\u00e9coratifs sur Proantic"],"inLanguage":"fr-FR"},{"@type":"WebPage","@id":"https:\/\/www.proantic.com\/magazine\/broche-saint-esprit-daurillac\/","url":"https:\/\/www.proantic.com\/magazine\/broche-saint-esprit-daurillac\/","name":"Broche Saint Esprit d\u2019Aurillac Le Magazine de Proantic","isPartOf":{"@id":"https:\/\/www.proantic.com\/magazine\/#website"},"primaryImageOfPage":{"@id":"https:\/\/www.proantic.com\/magazine\/broche-saint-esprit-daurillac\/#primaryimage"},"image":{"@id":"https:\/\/www.proantic.com\/magazine\/broche-saint-esprit-daurillac\/#primaryimage"},"thumbnailUrl":"https:\/\/i0.wp.com\/www.proantic.com\/magazine\/wp-content\/uploads\/2022\/09\/992556-main-630f35f408e27.jpg?fit=1200%2C811&ssl=1","datePublished":"2022-09-10T14:56:17+00:00","dateModified":"2024-04-22T09:49:04+00:00","author":{"@id":"https:\/\/www.proantic.com\/magazine\/#\/schema\/person\/63707e8f4e7d0172de7ddde897688be0"},"description":"Cette broche reprend la forme de la colombe du Saint-Esprit de mani\u00e8re stylis\u00e9e. L\u2019oiseau est orn\u00e9 de sept citrines sur paillons, les ailes sont d\u00e9cor\u00e9es","breadcrumb":{"@id":"https:\/\/www.proantic.com\/magazine\/broche-saint-esprit-daurillac\/#breadcrumb"},"inLanguage":"fr-FR","potentialAction":[{"@type":"ReadAction","target":["https:\/\/www.proantic.com\/magazine\/broche-saint-esprit-daurillac\/"]}]},{"@type":"ImageObject","inLanguage":"fr-FR","@id":"https:\/\/www.proantic.com\/magazine\/broche-saint-esprit-daurillac\/#primaryimage","url":"https:\/\/i0.wp.com\/www.proantic.com\/magazine\/wp-content\/uploads\/2022\/09\/992556-main-630f35f408e27.jpg?fit=1200%2C811&ssl=1","contentUrl":"https:\/\/i0.wp.com\/www.proantic.com\/magazine\/wp-content\/uploads\/2022\/09\/992556-main-630f35f408e27.jpg?fit=1200%2C811&ssl=1","width":1200,"height":811,"caption":"Broche Saint Esprit d\u2019Aurillac. (c) Maison Mohs, Proantic"},{"@type":"BreadcrumbList","@id":"https:\/\/www.proantic.com\/magazine\/broche-saint-esprit-daurillac\/#breadcrumb","itemListElement":[{"@type":"ListItem","position":1,"name":"Accueil","item":"https:\/\/www.proantic.com\/magazine\/"},{"@type":"ListItem","position":2,"name":"Broche Saint Esprit d\u2019Aurillac"}]},{"@type":"WebSite","@id":"https:\/\/www.proantic.com\/magazine\/#website","url":"https:\/\/www.proantic.com\/magazine\/","name":"Le Magazine de Proantic","description":"Magazine d&#039;art et expositions","potentialAction":[{"@type":"SearchAction","target":{"@type":"EntryPoint","urlTemplate":"https:\/\/www.proantic.com\/magazine\/?s={search_term_string}"},"query-input":{"@type":"PropertyValueSpecification","valueRequired":true,"valueName":"search_term_string"}}],"inLanguage":"fr-FR"},{"@type":"Person","@id":"https:\/\/www.proantic.com\/magazine\/#\/schema\/person\/63707e8f4e7d0172de7ddde897688be0","name":"C\u00e9line Autant"}]}},"jetpack_publicize_connections":[],"jetpack_featured_media_url":"https:\/\/i0.wp.com\/www.proantic.com\/magazine\/wp-content\/uploads\/2022\/09\/992556-main-630f35f408e27.jpg?fit=1200%2C811&ssl=1","jetpack_shortlink":"https:\/\/wp.me\/p7EkP3-3SB","jetpack_sharing_enabled":true,"_links":{"self":[{"href":"https:\/\/www.proantic.com\/magazine\/wp-json\/wp\/v2\/posts\/14917","targetHints":{"allow":["GET"]}}],"collection":[{"href":"https:\/\/www.proantic.com\/magazine\/wp-json\/wp\/v2\/posts"}],"about":[{"href":"https:\/\/www.proantic.com\/magazine\/wp-json\/wp\/v2\/types\/post"}],"author":[{"embeddable":true,"href":"https:\/\/www.proantic.com\/magazine\/wp-json\/wp\/v2\/users\/6"}],"replies":[{"embeddable":true,"href":"https:\/\/www.proantic.com\/magazine\/wp-json\/wp\/v2\/comments?post=14917"}],"version-history":[{"count":2,"href":"https:\/\/www.proantic.com\/magazine\/wp-json\/wp\/v2\/posts\/14917\/revisions"}],"predecessor-version":[{"id":14921,"href":"https:\/\/www.proantic.com\/magazine\/wp-json\/wp\/v2\/posts\/14917\/revisions\/14921"}],"wp:featuredmedia":[{"embeddable":true,"href":"https:\/\/www.proantic.com\/magazine\/wp-json\/wp\/v2\/media\/14919"}],"wp:attachment":[{"href":"https:\/\/www.proantic.com\/magazine\/wp-json\/wp\/v2\/media?parent=14917"}],"wp:term":[{"taxonomy":"category","embeddable":true,"href":"https:\/\/www.proantic.com\/magazine\/wp-json\/wp\/v2\/categories?post=14917"},{"taxonomy":"post_tag","embeddable":true,"href":"https:\/\/www.proantic.com\/magazine\/wp-json\/wp\/v2\/tags?post=14917"}],"curies":[{"name":"wp","href":"https:\/\/api.w.org\/{rel}","templated":true}]}}